{"id":457190,"date":"2013-12-03T16:29:04","date_gmt":"2013-12-03T17:29:04","guid":{"rendered":"http:\/\/www.eldigitaldeasturias.com\/noticias\/?p=457190"},"modified":"2013-12-03T16:29:04","modified_gmt":"2013-12-03T17:29:04","slug":"estrella-morente-rocio-marquez-losa-y-valencia-en-la-gira-del-norte","status":"publish","type":"post","link":"https:\/\/www.eldigitaldeasturias.com\/noticias\/estrella-morente-rocio-marquez-losa-y-valencia-en-la-gira-del-norte\/","title":{"rendered":"Estrella Morente, Roc\u00edo M\u00e1rquez, Losa y Valencia en la Gira del Norte"},"content":{"rendered":"<p><img loading=\"lazy\" decoding=\"async\" class=\"alignleft size-medium wp-image-457191\" alt=\"5768604w\" src=\"https:\/\/www.eldigitaldeasturias.com\/noticias\/wp-content\/uploads\/2013\/12\/5768604w-360x239.jpg\" width=\"360\" height=\"239\" \/>Madrid, 3 dic (EFE).- El ciclo flamenco que desde 1997 persigue la difusi\u00f3n y consolidaci\u00f3n de ese g\u00e9nero en las ciudades fuera del circuito convencional estar\u00e1 dedicado en su XVIII edici\u00f3n a Enrique Morente, un homenaje en el que van a participar su hija Estrella y artistas como Roc\u00edo M\u00e1rquez, Jos\u00e9 Valencia y Alfonso Losa.<\/p>\n<p>En esta edici\u00f3n, que arranca el 23 de enero, se mantienen las ciudades con la que comenz\u00f3, Baracaldo y Logro\u00f1o, a las que luego se sumaron Vitoria y Burgos, seg\u00fan el adelanto de programaci\u00f3n facilitado a Efe por su coordinador, Antonio Benamargo.<\/p>\n<p>El ciclo est\u00e1 planteado para que los artistas \u00abgiren\u00bb entre esas ciudades \u00abnorte\u00f1as\u00bb durante un mes aunque algunos, como el bailaor Alfonso Losa o el cantaor Antonio Reyes, no actuar\u00e1n en todos los escenarios.<\/p>\n<p>La Gira la abrir\u00e1 Estrella Morente el 23 de enero en el Teatro Bret\u00f3n de Logro\u00f1o, acompa\u00f1ada por Montoyita a la guitarra, un espect\u00e1culo que repetir\u00e1 al d\u00eda siguiente en el Teatro Barakaldo, de Baracaldo (Vizcaya), el 25 en el Teatro Principal de Burgos y el 30 de enero en el Teatro Principal de Vitoria.<\/p>\n<p>El cantaor de Lebrija Jos\u00e9 Valencia, con Juan Requena a la guitarra, actuar\u00e1 en el Bret\u00f3n de Logro\u00f1o el 6 de febrero; el 7 en el Barakaldo; el 8 en el Centro C\u00edvico Hegoalde de Vitoria y el 15 de febrero en el convento de las Bernardas de Burgos.<\/p>\n<p>La ganadora de la L\u00e1mpara Minera de la Uni\u00f3n Roc\u00edo M\u00e1rquez cantar\u00e1, junto al guitarrista Manuel Herrera, el 20 de febrero en el Bret\u00f3n, el 21 en el Barakaldo, el 22 en el Hegoalde y el 1 de marzo en las Bernardas.<\/p>\n<p>El cantaor de Jerez Vicente Sordera, con Manuel Valencia a la guitarra, actuar\u00e1 el 7 de marzo en el Barakaldo, el 8 en el Hegoalde, el 13 en el Bret\u00f3n y el 15 en las Bernardas.<\/p>\n<p>Los tambi\u00e9n jerezanos La Macanita y Jes\u00fas M\u00e9ndez, a los que acompa\u00f1a de nuevo Manuel Valencia, empiezan su gira el 20 de marzo el Bret\u00f3n y siguen el 21 en el Barakaldo, el 22 en el Hegoalde y el 29 en el Teatro Principal de Burgos.<\/p>\n<p>Ya en abril, el cantaor gaditano, con Antonio Reyes a la guitarra, actuar\u00e1, el d\u00eda 3, en el Bret\u00f3n, el 4 en el Barakaldo y el 5 en las Bernardas.<\/p>\n<p>Cierra el ciclo Alfonso Losa, que, junto a los tambi\u00e9n bailaores Jes\u00fas Carmona y Nino de los Reyes, presentar\u00e1 su espect\u00e1culo \u00abTendencias. Flamenco a tres\u00bb en el Bret\u00f3n, el 24 de abril, y en el Principal de Burgos al d\u00eda siguiente.<\/p>\n","protected":false},"excerpt":{"rendered":"<p>Madrid, 3 dic (EFE).- El ciclo flamenco que desde 1997 persigue la difusi\u00f3n y consolidaci\u00f3n de ese g\u00e9nero en las ciudades fuera del circuito convencional estar\u00e1 dedicado en su XVIII edici\u00f3n a Enrique Morente, un homenaje en el que van a participar su hija Estrella y artistas como Roc\u00edo M\u00e1rquez, Jos\u00e9 Valencia y Alfonso Losa. [&hellip;]<\/p>\n","protected":false},"author":1,"featured_media":457191,"comment_status":"closed","ping_status":"open","sticky":false,"template":"","format":"standard","meta":{"footnotes":""},"categories":[50],"tags":[],"class_list":["post-457190","post","type-post","status-publish","format-standard","has-post-thumbnail","hentry","category-revista-de-ocio"],"aioseo_notices":[],"aioseo_head":"\n\t\t<!-- All in One SEO Pro 5.0.1 - aioseo.com -->\n\t<meta name=\"description\" content=\"Madrid, 3 dic (EFE).- El ciclo flamenco que desde 1997 persigue la difusi\u00f3n y consolidaci\u00f3n de ese g\u00e9nero en las ciudades fuera del circuito convencional estar\u00e1 dedicado en su XVIII edici\u00f3n a Enrique Morente, un homenaje en el que van a participar su hija Estrella y artistas como Roc\u00edo M\u00e1rquez, Jos\u00e9 Valencia y Alfonso Losa.\" \/>\n\t<meta name=\"robots\" content=\"max-image-preview:large\" \/>\n\t<meta name=\"author\" content=\"El Digital de Asturias\"\/>\n\t<meta name=\"google-site-verification\" content=\"UA-38556648-1\" \/>\n\t<meta name=\"msvalidate.01\" content=\"7dfe9f3f1b24437ab69f4f2559babe99\" \/>\n\t<meta name=\"keywords\" content=\"revista de ocio\" \/>\n\t<link rel=\"canonical\" href=\"https:\/\/www.eldigitaldeasturias.com\/noticias\/estrella-morente-rocio-marquez-losa-y-valencia-en-la-gira-del-norte\/\" \/>\n\t<meta name=\"generator\" content=\"All in One SEO Pro (AIOSEO) 5.0.1\" \/>\n\t\t<meta property=\"og:locale\" content=\"es_ES\" \/>\n\t\t<meta property=\"og:site_name\" content=\"El Digital de Asturias\" \/>\n\t\t<meta property=\"og:type\" content=\"article\" \/>\n\t\t<meta property=\"og:title\" content=\"Estrella Morente, Roc\u00edo M\u00e1rquez, Losa y Valencia en la Gira del Norte - El Digital de Asturias\" \/>\n\t\t<meta property=\"og:description\" content=\"Madrid, 3 dic (EFE).- El ciclo flamenco que desde 1997 persigue la difusi\u00f3n y consolidaci\u00f3n de ese g\u00e9nero en las ciudades fuera del circuito convencional estar\u00e1 dedicado en su XVIII edici\u00f3n a Enrique Morente, un homenaje en el que van a participar su hija Estrella y artistas como Roc\u00edo M\u00e1rquez, Jos\u00e9 Valencia y Alfonso Losa.\" \/>\n\t\t<meta property=\"og:url\" content=\"https:\/\/www.eldigitaldeasturias.com\/noticias\/estrella-morente-rocio-marquez-losa-y-valencia-en-la-gira-del-norte\/\" \/>\n\t\t<meta property=\"article:tag\" content=\"revista de ocio\" \/>\n\t\t<meta property=\"article:published_time\" content=\"2013-12-03T17:29:04+00:00\" \/>\n\t\t<meta property=\"article:modified_time\" content=\"2013-12-03T17:29:04+00:00\" \/>\n\t\t<meta property=\"article:publisher\" content=\"https:\/\/facebook.com\/eldigitaldeasturias\" \/>\n\t\t<meta name=\"twitter:card\" content=\"summary_large_image\" \/>\n\t\t<meta name=\"twitter:title\" content=\"Estrella Morente, Roc\u00edo M\u00e1rquez, Losa y Valencia en la Gira del Norte - El Digital de Asturias\" \/>\n\t\t<meta name=\"twitter:description\" content=\"Madrid, 3 dic (EFE).- El ciclo flamenco que desde 1997 persigue la difusi\u00f3n y consolidaci\u00f3n de ese g\u00e9nero en las ciudades fuera del circuito convencional estar\u00e1 dedicado en su XVIII edici\u00f3n a Enrique Morente, un homenaje en el que van a participar su hija Estrella y artistas como Roc\u00edo M\u00e1rquez, Jos\u00e9 Valencia y Alfonso Losa.\" \/>\n\t\t<meta name=\"twitter:label1\" content=\"Escrito por\" \/>\n\t\t<meta name=\"twitter:data1\" content=\"El Digital de Asturias\" \/>\n\t\t<meta name=\"twitter:label2\" content=\"Tiempo de lectura estimado\" \/>\n\t\t<meta name=\"twitter:data2\" content=\"2 minutos\" \/>\n\t\t<script type=\"application\/ld+json\" class=\"aioseo-schema\">\n\t\t\t{\"@context\":\"https:\\\/\\\/schema.org\",\"@graph\":[{\"@type\":\"BlogPosting\",\"@id\":\"https:\\\/\\\/www.eldigitaldeasturias.com\\\/noticias\\\/estrella-morente-rocio-marquez-losa-y-valencia-en-la-gira-del-norte\\\/#blogposting\",\"name\":\"Estrella Morente, Roc\\u00edo M\\u00e1rquez, Losa y Valencia en la Gira del Norte - El Digital de Asturias\",\"headline\":\"Estrella Morente, Roc\\u00edo M\\u00e1rquez, Losa y Valencia en la Gira del Norte\",\"author\":{\"@id\":\"https:\\\/\\\/www.eldigitaldeasturias.com\\\/noticias\\\/author\\\/admin\\\/#author\"},\"publisher\":{\"@id\":\"https:\\\/\\\/www.eldigitaldeasturias.com\\\/noticias\\\/#organization\"},\"image\":{\"@type\":\"ImageObject\",\"url\":457191},\"datePublished\":\"2013-12-03T16:29:04+01:00\",\"dateModified\":\"2013-12-03T16:29:04+01:00\",\"inLanguage\":\"es-ES\",\"mainEntityOfPage\":{\"@id\":\"https:\\\/\\\/www.eldigitaldeasturias.com\\\/noticias\\\/estrella-morente-rocio-marquez-losa-y-valencia-en-la-gira-del-norte\\\/#webpage\"},\"isPartOf\":{\"@id\":\"https:\\\/\\\/www.eldigitaldeasturias.com\\\/noticias\\\/estrella-morente-rocio-marquez-losa-y-valencia-en-la-gira-del-norte\\\/#webpage\"},\"articleSection\":\"Revista de Ocio\"},{\"@type\":\"BreadcrumbList\",\"@id\":\"https:\\\/\\\/www.eldigitaldeasturias.com\\\/noticias\\\/estrella-morente-rocio-marquez-losa-y-valencia-en-la-gira-del-norte\\\/#breadcrumblist\",\"itemListElement\":[{\"@type\":\"ListItem\",\"@id\":\"https:\\\/\\\/www.eldigitaldeasturias.com\\\/noticias#listItem\",\"position\":1,\"name\":\"Home\",\"item\":\"https:\\\/\\\/www.eldigitaldeasturias.com\\\/noticias\",\"nextItem\":{\"@type\":\"ListItem\",\"@id\":\"https:\\\/\\\/www.eldigitaldeasturias.com\\\/noticias\\\/category\\\/revista-de-ocio\\\/#listItem\",\"name\":\"Revista de Ocio\"}},{\"@type\":\"ListItem\",\"@id\":\"https:\\\/\\\/www.eldigitaldeasturias.com\\\/noticias\\\/category\\\/revista-de-ocio\\\/#listItem\",\"position\":2,\"name\":\"Revista de Ocio\",\"item\":\"https:\\\/\\\/www.eldigitaldeasturias.com\\\/noticias\\\/category\\\/revista-de-ocio\\\/\",\"nextItem\":{\"@type\":\"ListItem\",\"@id\":\"https:\\\/\\\/www.eldigitaldeasturias.com\\\/noticias\\\/estrella-morente-rocio-marquez-losa-y-valencia-en-la-gira-del-norte\\\/#listItem\",\"name\":\"Estrella Morente, Roc\\u00edo M\\u00e1rquez, Losa y Valencia en la Gira del Norte\"},\"previousItem\":{\"@type\":\"ListItem\",\"@id\":\"https:\\\/\\\/www.eldigitaldeasturias.com\\\/noticias#listItem\",\"name\":\"Home\"}},{\"@type\":\"ListItem\",\"@id\":\"https:\\\/\\\/www.eldigitaldeasturias.com\\\/noticias\\\/estrella-morente-rocio-marquez-losa-y-valencia-en-la-gira-del-norte\\\/#listItem\",\"position\":3,\"name\":\"Estrella Morente, Roc\\u00edo M\\u00e1rquez, Losa y Valencia en la Gira del Norte\",\"previousItem\":{\"@type\":\"ListItem\",\"@id\":\"https:\\\/\\\/www.eldigitaldeasturias.com\\\/noticias\\\/category\\\/revista-de-ocio\\\/#listItem\",\"name\":\"Revista de Ocio\"}}]},{\"@type\":\"Organization\",\"@id\":\"https:\\\/\\\/www.eldigitaldeasturias.com\\\/noticias\\\/#organization\",\"name\":\"El Digital de Asturias\",\"description\":\"Hemeroteca\",\"url\":\"https:\\\/\\\/www.eldigitaldeasturias.com\\\/noticias\\\/\",\"email\":\"info@eldigitaldeasturias.com\",\"telephone\":\"+34652131393\",\"logo\":{\"@type\":\"ImageObject\",\"url\":\"https:\\\/\\\/www.eldigitaldeasturias.com\\\/noticias\\\/wp-content\\\/uploads\\\/2020\\\/12\\\/EDA.jpg\",\"@id\":\"https:\\\/\\\/www.eldigitaldeasturias.com\\\/noticias\\\/estrella-morente-rocio-marquez-losa-y-valencia-en-la-gira-del-norte\\\/#organizationLogo\"},\"image\":{\"@id\":\"https:\\\/\\\/www.eldigitaldeasturias.com\\\/noticias\\\/estrella-morente-rocio-marquez-losa-y-valencia-en-la-gira-del-norte\\\/#organizationLogo\"},\"sameAs\":[\"https:\\\/\\\/facebook.com\\\/eldigitaldeasturias\",\"https:\\\/\\\/www.youtube.com\\\/channel\\\/UCZP-2wLEB9Rv6erhFmqVnvg\"],\"address\":{\"@id\":\"https:\\\/\\\/www.eldigitaldeasturias.com\\\/noticias\\\/#postaladdress\",\"@type\":\"PostalAddress\",\"streetAddress\":\"san antonio 4\",\"postalCode\":\"33430\",\"addressLocality\":\"Cand\\u00e1s\",\"addressRegion\":\"Asturias\",\"addressCountry\":\"ES\"}},{\"@type\":\"Person\",\"@id\":\"https:\\\/\\\/www.eldigitaldeasturias.com\\\/noticias\\\/author\\\/admin\\\/#author\",\"url\":\"https:\\\/\\\/www.eldigitaldeasturias.com\\\/noticias\\\/author\\\/admin\\\/\",\"name\":\"El Digital de Asturias\",\"image\":{\"@type\":\"ImageObject\",\"@id\":\"https:\\\/\\\/www.eldigitaldeasturias.com\\\/noticias\\\/estrella-morente-rocio-marquez-losa-y-valencia-en-la-gira-del-norte\\\/#authorImage\",\"url\":\"https:\\\/\\\/secure.gravatar.com\\\/avatar\\\/df2aeffc32bcd13f8d26072ef8a91b623d677766deac7f97ca815868cd41bf5e?s=96&d=mm&r=g\",\"width\":96,\"height\":96,\"caption\":\"El Digital de Asturias\"}},{\"@type\":\"WebPage\",\"@id\":\"https:\\\/\\\/www.eldigitaldeasturias.com\\\/noticias\\\/estrella-morente-rocio-marquez-losa-y-valencia-en-la-gira-del-norte\\\/#webpage\",\"url\":\"https:\\\/\\\/www.eldigitaldeasturias.com\\\/noticias\\\/estrella-morente-rocio-marquez-losa-y-valencia-en-la-gira-del-norte\\\/\",\"name\":\"Estrella Morente, Roc\\u00edo M\\u00e1rquez, Losa y Valencia en la Gira del Norte - El Digital de Asturias\",\"description\":\"Madrid, 3 dic (EFE).- El ciclo flamenco que desde 1997 persigue la difusi\\u00f3n y consolidaci\\u00f3n de ese g\\u00e9nero en las ciudades fuera del circuito convencional estar\\u00e1 dedicado en su XVIII edici\\u00f3n a Enrique Morente, un homenaje en el que van a participar su hija Estrella y artistas como Roc\\u00edo M\\u00e1rquez, Jos\\u00e9 Valencia y Alfonso Losa.\",\"inLanguage\":\"es-ES\",\"isPartOf\":{\"@id\":\"https:\\\/\\\/www.eldigitaldeasturias.com\\\/noticias\\\/#website\"},\"breadcrumb\":{\"@id\":\"https:\\\/\\\/www.eldigitaldeasturias.com\\\/noticias\\\/estrella-morente-rocio-marquez-losa-y-valencia-en-la-gira-del-norte\\\/#breadcrumblist\"},\"author\":{\"@id\":\"https:\\\/\\\/www.eldigitaldeasturias.com\\\/noticias\\\/author\\\/admin\\\/#author\"},\"creator\":{\"@id\":\"https:\\\/\\\/www.eldigitaldeasturias.com\\\/noticias\\\/author\\\/admin\\\/#author\"},\"image\":{\"@type\":\"ImageObject\",\"url\":457191,\"@id\":\"https:\\\/\\\/www.eldigitaldeasturias.com\\\/noticias\\\/estrella-morente-rocio-marquez-losa-y-valencia-en-la-gira-del-norte\\\/#mainImage\"},\"primaryImageOfPage\":{\"@id\":\"https:\\\/\\\/www.eldigitaldeasturias.com\\\/noticias\\\/estrella-morente-rocio-marquez-losa-y-valencia-en-la-gira-del-norte\\\/#mainImage\"},\"datePublished\":\"2013-12-03T16:29:04+01:00\",\"dateModified\":\"2013-12-03T16:29:04+01:00\"},{\"@type\":\"WebSite\",\"@id\":\"https:\\\/\\\/www.eldigitaldeasturias.com\\\/noticias\\\/#website\",\"url\":\"https:\\\/\\\/www.eldigitaldeasturias.com\\\/noticias\\\/\",\"name\":\"El Digital de Asturias - Diario de actualidad y noticias\",\"alternateName\":\"El Digital de Asturias - Diario de actualidad y noticias\",\"description\":\"Hemeroteca\",\"inLanguage\":\"es-ES\",\"publisher\":{\"@id\":\"https:\\\/\\\/www.eldigitaldeasturias.com\\\/noticias\\\/#organization\"}}]}\n\t\t<\/script>\n\t\t<!-- All in One SEO Pro -->\r\n\t\t<title>Estrella Morente, Roc\u00edo M\u00e1rquez, Losa y Valencia en la Gira del Norte - El Digital de Asturias<\/title>\n\n","aioseo_head_json":{"title":"Estrella Morente, Roc\u00edo M\u00e1rquez, Losa y Valencia en la Gira del Norte - El Digital de Asturias","description":"Madrid, 3 dic (EFE).- El ciclo flamenco que desde 1997 persigue la difusi\u00f3n y consolidaci\u00f3n de ese g\u00e9nero en las ciudades fuera del circuito convencional estar\u00e1 dedicado en su XVIII edici\u00f3n a Enrique Morente, un homenaje en el que van a participar su hija Estrella y artistas como Roc\u00edo M\u00e1rquez, Jos\u00e9 Valencia y Alfonso Losa.","canonical_url":"https:\/\/www.eldigitaldeasturias.com\/noticias\/estrella-morente-rocio-marquez-losa-y-valencia-en-la-gira-del-norte\/","robots":"max-image-preview:large","keywords":"revista de ocio","webmasterTools":{"google-site-verification":"UA-38556648-1","msvalidate.01":"7dfe9f3f1b24437ab69f4f2559babe99","miscellaneous":""},"schema":{"@context":"https:\/\/schema.org","@graph":[{"@type":"BlogPosting","@id":"https:\/\/www.eldigitaldeasturias.com\/noticias\/estrella-morente-rocio-marquez-losa-y-valencia-en-la-gira-del-norte\/#blogposting","name":"Estrella Morente, Roc\u00edo M\u00e1rquez, Losa y Valencia en la Gira del Norte - El Digital de Asturias","headline":"Estrella Morente, Roc\u00edo M\u00e1rquez, Losa y Valencia en la Gira del Norte","author":{"@id":"https:\/\/www.eldigitaldeasturias.com\/noticias\/author\/admin\/#author"},"publisher":{"@id":"https:\/\/www.eldigitaldeasturias.com\/noticias\/#organization"},"image":{"@type":"ImageObject","url":457191},"datePublished":"2013-12-03T16:29:04+01:00","dateModified":"2013-12-03T16:29:04+01:00","inLanguage":"es-ES","mainEntityOfPage":{"@id":"https:\/\/www.eldigitaldeasturias.com\/noticias\/estrella-morente-rocio-marquez-losa-y-valencia-en-la-gira-del-norte\/#webpage"},"isPartOf":{"@id":"https:\/\/www.eldigitaldeasturias.com\/noticias\/estrella-morente-rocio-marquez-losa-y-valencia-en-la-gira-del-norte\/#webpage"},"articleSection":"Revista de Ocio"},{"@type":"BreadcrumbList","@id":"https:\/\/www.eldigitaldeasturias.com\/noticias\/estrella-morente-rocio-marquez-losa-y-valencia-en-la-gira-del-norte\/#breadcrumblist","itemListElement":[{"@type":"ListItem","@id":"https:\/\/www.eldigitaldeasturias.com\/noticias#listItem","position":1,"name":"Home","item":"https:\/\/www.eldigitaldeasturias.com\/noticias","nextItem":{"@type":"ListItem","@id":"https:\/\/www.eldigitaldeasturias.com\/noticias\/category\/revista-de-ocio\/#listItem","name":"Revista de Ocio"}},{"@type":"ListItem","@id":"https:\/\/www.eldigitaldeasturias.com\/noticias\/category\/revista-de-ocio\/#listItem","position":2,"name":"Revista de Ocio","item":"https:\/\/www.eldigitaldeasturias.com\/noticias\/category\/revista-de-ocio\/","nextItem":{"@type":"ListItem","@id":"https:\/\/www.eldigitaldeasturias.com\/noticias\/estrella-morente-rocio-marquez-losa-y-valencia-en-la-gira-del-norte\/#listItem","name":"Estrella Morente, Roc\u00edo M\u00e1rquez, Losa y Valencia en la Gira del Norte"},"previousItem":{"@type":"ListItem","@id":"https:\/\/www.eldigitaldeasturias.com\/noticias#listItem","name":"Home"}},{"@type":"ListItem","@id":"https:\/\/www.eldigitaldeasturias.com\/noticias\/estrella-morente-rocio-marquez-losa-y-valencia-en-la-gira-del-norte\/#listItem","position":3,"name":"Estrella Morente, Roc\u00edo M\u00e1rquez, Losa y Valencia en la Gira del Norte","previousItem":{"@type":"ListItem","@id":"https:\/\/www.eldigitaldeasturias.com\/noticias\/category\/revista-de-ocio\/#listItem","name":"Revista de Ocio"}}]},{"@type":"Organization","@id":"https:\/\/www.eldigitaldeasturias.com\/noticias\/#organization","name":"El Digital de Asturias","description":"Hemeroteca","url":"https:\/\/www.eldigitaldeasturias.com\/noticias\/","email":"info@eldigitaldeasturias.com","telephone":"+34652131393","logo":{"@type":"ImageObject","url":"https:\/\/www.eldigitaldeasturias.com\/noticias\/wp-content\/uploads\/2020\/12\/EDA.jpg","@id":"https:\/\/www.eldigitaldeasturias.com\/noticias\/estrella-morente-rocio-marquez-losa-y-valencia-en-la-gira-del-norte\/#organizationLogo"},"image":{"@id":"https:\/\/www.eldigitaldeasturias.com\/noticias\/estrella-morente-rocio-marquez-losa-y-valencia-en-la-gira-del-norte\/#organizationLogo"},"sameAs":["https:\/\/facebook.com\/eldigitaldeasturias","https:\/\/www.youtube.com\/channel\/UCZP-2wLEB9Rv6erhFmqVnvg"],"address":{"@id":"https:\/\/www.eldigitaldeasturias.com\/noticias\/#postaladdress","@type":"PostalAddress","streetAddress":"san antonio 4","postalCode":"33430","addressLocality":"Cand\u00e1s","addressRegion":"Asturias","addressCountry":"ES"}},{"@type":"Person","@id":"https:\/\/www.eldigitaldeasturias.com\/noticias\/author\/admin\/#author","url":"https:\/\/www.eldigitaldeasturias.com\/noticias\/author\/admin\/","name":"El Digital de Asturias","image":{"@type":"ImageObject","@id":"https:\/\/www.eldigitaldeasturias.com\/noticias\/estrella-morente-rocio-marquez-losa-y-valencia-en-la-gira-del-norte\/#authorImage","url":"https:\/\/secure.gravatar.com\/avatar\/df2aeffc32bcd13f8d26072ef8a91b623d677766deac7f97ca815868cd41bf5e?s=96&d=mm&r=g","width":96,"height":96,"caption":"El Digital de Asturias"}},{"@type":"WebPage","@id":"https:\/\/www.eldigitaldeasturias.com\/noticias\/estrella-morente-rocio-marquez-losa-y-valencia-en-la-gira-del-norte\/#webpage","url":"https:\/\/www.eldigitaldeasturias.com\/noticias\/estrella-morente-rocio-marquez-losa-y-valencia-en-la-gira-del-norte\/","name":"Estrella Morente, Roc\u00edo M\u00e1rquez, Losa y Valencia en la Gira del Norte - El Digital de Asturias","description":"Madrid, 3 dic (EFE).- El ciclo flamenco que desde 1997 persigue la difusi\u00f3n y consolidaci\u00f3n de ese g\u00e9nero en las ciudades fuera del circuito convencional estar\u00e1 dedicado en su XVIII edici\u00f3n a Enrique Morente, un homenaje en el que van a participar su hija Estrella y artistas como Roc\u00edo M\u00e1rquez, Jos\u00e9 Valencia y Alfonso Losa.","inLanguage":"es-ES","isPartOf":{"@id":"https:\/\/www.eldigitaldeasturias.com\/noticias\/#website"},"breadcrumb":{"@id":"https:\/\/www.eldigitaldeasturias.com\/noticias\/estrella-morente-rocio-marquez-losa-y-valencia-en-la-gira-del-norte\/#breadcrumblist"},"author":{"@id":"https:\/\/www.eldigitaldeasturias.com\/noticias\/author\/admin\/#author"},"creator":{"@id":"https:\/\/www.eldigitaldeasturias.com\/noticias\/author\/admin\/#author"},"image":{"@type":"ImageObject","url":457191,"@id":"https:\/\/www.eldigitaldeasturias.com\/noticias\/estrella-morente-rocio-marquez-losa-y-valencia-en-la-gira-del-norte\/#mainImage"},"primaryImageOfPage":{"@id":"https:\/\/www.eldigitaldeasturias.com\/noticias\/estrella-morente-rocio-marquez-losa-y-valencia-en-la-gira-del-norte\/#mainImage"},"datePublished":"2013-12-03T16:29:04+01:00","dateModified":"2013-12-03T16:29:04+01:00"},{"@type":"WebSite","@id":"https:\/\/www.eldigitaldeasturias.com\/noticias\/#website","url":"https:\/\/www.eldigitaldeasturias.com\/noticias\/","name":"El Digital de Asturias - Diario de actualidad y noticias","alternateName":"El Digital de Asturias - Diario de actualidad y noticias","description":"Hemeroteca","inLanguage":"es-ES","publisher":{"@id":"https:\/\/www.eldigitaldeasturias.com\/noticias\/#organization"}}]},"og:locale":"es_ES","og:site_name":"El Digital de Asturias","og:type":"article","og:title":"Estrella Morente, Roc\u00edo M\u00e1rquez, Losa y Valencia en la Gira del Norte - El Digital de Asturias","og:description":"Madrid, 3 dic (EFE).- El ciclo flamenco que desde 1997 persigue la difusi\u00f3n y consolidaci\u00f3n de ese g\u00e9nero en las ciudades fuera del circuito convencional estar\u00e1 dedicado en su XVIII edici\u00f3n a Enrique Morente, un homenaje en el que van a participar su hija Estrella y artistas como Roc\u00edo M\u00e1rquez, Jos\u00e9 Valencia y Alfonso Losa.","og:url":"https:\/\/www.eldigitaldeasturias.com\/noticias\/estrella-morente-rocio-marquez-losa-y-valencia-en-la-gira-del-norte\/","article:tag":["revista de ocio"],"article:published_time":"2013-12-03T17:29:04+00:00","article:modified_time":"2013-12-03T17:29:04+00:00","article:publisher":"https:\/\/facebook.com\/eldigitaldeasturias","twitter:card":"summary_large_image","twitter:title":"Estrella Morente, Roc\u00edo M\u00e1rquez, Losa y Valencia en la Gira del Norte - El Digital de Asturias","twitter:description":"Madrid, 3 dic (EFE).- El ciclo flamenco que desde 1997 persigue la difusi\u00f3n y consolidaci\u00f3n de ese g\u00e9nero en las ciudades fuera del circuito convencional estar\u00e1 dedicado en su XVIII edici\u00f3n a Enrique Morente, un homenaje en el que van a participar su hija Estrella y artistas como Roc\u00edo M\u00e1rquez, Jos\u00e9 Valencia y Alfonso Losa.","twitter:label1":"Escrito por","twitter:data1":"El Digital de Asturias","twitter:label2":"Tiempo de lectura estimado","twitter:data2":"2 minutos"},"aioseo_meta_data":{"post_id":"457190","title":null,"description":null,"keywords":null,"keyphrases":null,"primary_term":null,"canonical_url":null,"og_title":null,"og_description":null,"og_object_type":"default","og_image_type":"default","og_image_url":null,"og_image_width":null,"og_image_height":null,"og_image_custom_url":null,"og_image_custom_fields":null,"og_video":null,"og_custom_url":null,"og_article_section":null,"og_article_tags":null,"twitter_use_og":true,"twitter_card":"default","twitter_image_type":"default","twitter_image_url":null,"twitter_image_custom_url":null,"twitter_image_custom_fields":null,"twitter_title":null,"twitter_description":null,"schema":{"blockGraphs":[],"customGraphs":[],"default":{"data":{"Article":[],"Course":[],"Dataset":[],"FAQPage":[],"Movie":[],"Person":[],"Product":[],"ProductReview":[],"Car":[],"Recipe":[],"Service":[],"SoftwareApplication":[],"WebPage":[]},"graphName":"","isEnabled":true},"graphs":[],"defaultGraph":"","defaultPostTypeGraph":""},"schema_type":null,"schema_type_options":null,"pillar_content":false,"robots_default":true,"robots_noindex":false,"robots_noarchive":false,"robots_nosnippet":false,"robots_nofollow":false,"robots_noimageindex":false,"robots_noodp":false,"robots_notranslate":false,"robots_max_snippet":null,"robots_max_videopreview":null,"robots_max_imagepreview":"none","priority":null,"frequency":null,"local_seo":null,"seo_analyzer_scan_date":"2026-05-30 00:40:34","breadcrumb_settings":null,"limit_modified_date":false,"open_ai":null,"ai":null,"created":"2020-11-14 22:46:06","updated":"2026-05-30 00:40:34","focus_keyword":null,"additional_keywords":null,"truseo_locale":null},"aioseo_breadcrumb":"<div class=\"aioseo-breadcrumbs\"><span class=\"aioseo-breadcrumb\">\n\t<a href=\"https:\/\/www.eldigitaldeasturias.com\/noticias\" title=\"Home\">Home<\/a>\n<\/span><span class=\"aioseo-breadcrumb-separator\">\u2013<\/span><span class=\"aioseo-breadcrumb\">\n\t<a href=\"https:\/\/www.eldigitaldeasturias.com\/noticias\/category\/revista-de-ocio\/\" title=\"Revista de Ocio\">Revista de Ocio<\/a>\n<\/span><span class=\"aioseo-breadcrumb-separator\">\u2013<\/span><span class=\"aioseo-breadcrumb\">\n\t<a href=\"https:\/\/www.eldigitaldeasturias.com\/noticias\/estrella-morente-rocio-marquez-losa-y-valencia-en-la-gira-del-norte\/\" title=\"Estrella Morente, Roc\u00edo M\u00e1rquez, Losa y Valencia en la Gira del Norte\">Estrella Morente, Roc\u00edo M\u00e1rquez, Losa y Valencia en la Gira del Norte<\/a>\n<\/span><\/div>","aioseo_breadcrumb_json":[{"label":"Home","link":"https:\/\/www.eldigitaldeasturias.com\/noticias"},{"label":"Revista de Ocio","link":"https:\/\/www.eldigitaldeasturias.com\/noticias\/category\/revista-de-ocio\/"},{"label":"Estrella Morente, Roc\u00edo M\u00e1rquez, Losa y Valencia en la Gira del Norte","link":"https:\/\/www.eldigitaldeasturias.com\/noticias\/estrella-morente-rocio-marquez-losa-y-valencia-en-la-gira-del-norte\/"}],"_links":{"self":[{"href":"https:\/\/www.eldigitaldeasturias.com\/noticias\/wp-json\/wp\/v2\/posts\/457190","targetHints":{"allow":["GET"]}}],"collection":[{"href":"https:\/\/www.eldigitaldeasturias.com\/noticias\/wp-json\/wp\/v2\/posts"}],"about":[{"href":"https:\/\/www.eldigitaldeasturias.com\/noticias\/wp-json\/wp\/v2\/types\/post"}],"author":[{"embeddable":true,"href":"https:\/\/www.eldigitaldeasturias.com\/noticias\/wp-json\/wp\/v2\/users\/1"}],"replies":[{"embeddable":true,"href":"https:\/\/www.eldigitaldeasturias.com\/noticias\/wp-json\/wp\/v2\/comments?post=457190"}],"version-history":[{"count":0,"href":"https:\/\/www.eldigitaldeasturias.com\/noticias\/wp-json\/wp\/v2\/posts\/457190\/revisions"}],"wp:attachment":[{"href":"https:\/\/www.eldigitaldeasturias.com\/noticias\/wp-json\/wp\/v2\/media?parent=457190"}],"wp:term":[{"taxonomy":"category","embeddable":true,"href":"https:\/\/www.eldigitaldeasturias.com\/noticias\/wp-json\/wp\/v2\/categories?post=457190"},{"taxonomy":"post_tag","embeddable":true,"href":"https:\/\/www.eldigitaldeasturias.com\/noticias\/wp-json\/wp\/v2\/tags?post=457190"}],"curies":[{"name":"wp","href":"https:\/\/api.w.org\/{rel}","templated":true}]}}