{"id":457147,"date":"2013-12-03T15:37:57","date_gmt":"2013-12-03T16:37:57","guid":{"rendered":"http:\/\/www.eldigitaldeasturias.com\/noticias\/?p=457147"},"modified":"2013-12-03T15:37:57","modified_gmt":"2013-12-03T16:37:57","slug":"aladin-llega-al-teatro-de-la-laboral%e2%80%8f","status":"publish","type":"post","link":"https:\/\/www.eldigitaldeasturias.com\/noticias\/aladin-llega-al-teatro-de-la-laboral%e2%80%8f\/","title":{"rendered":"Alad\u00edn, llega al Teatro de la Laboral\u200f"},"content":{"rendered":"<p><img loading=\"lazy\" decoding=\"async\" class=\"alignleft size-medium wp-image-457148\" alt=\"ALADIN UN MUSICAL GENIAL\" src=\"https:\/\/www.eldigitaldeasturias.com\/noticias\/wp-content\/uploads\/2013\/12\/ALADIN-UN-MUSICAL-GENIAL-360x240.jpg\" width=\"360\" height=\"240\" \/>\u201cAlad\u00edn un musical genial\u201d llega con tres funciones al Teatro de la Laboral, que se celebrar\u00e1n el viernes 6 a las 18:00 horas y el s\u00e1bado 7 a las 18:00 y 20:00 h. Se trata de un espect\u00e1culo para todos los p\u00fablicos con trucos de magia, acrobacias y n\u00fameros inesperados que sorprender\u00e1n a los espectadores.<\/p>\n<p>La obra busca preservar el encanto de las aventuras de \u201cLas mil y unas noches\u201d, pero contando la historia desde el lenguaje musical, con los efectos de magia que siempre acompa\u00f1an al personaje del Genio como su salida de la l\u00e1mpara, sus apariciones y desapariciones detr\u00e1s de una cortina de humo, su habilidad para teletransportarse a diferentes partes del escenario y su capacidad para hacer aparecer objetos de la nada.<\/p>\n<p>A lo largo del espect\u00e1culo se podr\u00e1n ver en escena m\u00e1s de 40 trajes con todo lujo de detalles como los de la princesa Jasm\u00edn, el Sult\u00e1n, el Visir, Alad\u00edn vestido de pr\u00edncipe o incluso el Genio que se vestir\u00e1 de Gala para algunos n\u00fameros. Entre los detalles de la escenograf\u00eda destaca el tama\u00f1o y espectacularidad del elefante, formado con tapices y alfombras, que se pasear\u00e1 por el escenario moviendo las patas, las orejas y la trompa como si fuera un animal de verdad.<\/p>\n<p>Na\u00edm Thomas como Alad\u00edn, Erika Bleda como Jasm\u00edn y Carles Montoliu como el Genio encabezan este musical, que tambi\u00e9n contar\u00e1 con los actores Aitor Caballer, Marino Mu\u00f1oz, F\u00e1tima Gregorio, V\u00edctor Lucas y \u00c1ngel Crespo.<\/p>\n<p>Jos\u00e9 Tom\u00e0s Ch\u00e0fer dirige la obra despu\u00e9s de \u201cPinocho, un cuento musical\u201d, finalista en la categor\u00eda de mejor espect\u00e1culo infantil en los Premios Max 2011, y \u201cCenicienta, el musical\u201d, espect\u00e1culo recomendado por la Red Espa\u00f1ola de Teatros de Titularidad P\u00fablica al igual que Alad\u00edn.<\/p>\n<p>\u201cAlad\u00edn un musical genial\u201d forma parte del programa Vamos! de Laboral Ciudad de la Cultura. Las localidades se pueden adquirir a un precio de 20 euros para foso; de 18 euros para filas de 1 a 10 y palcos centrales; de 16 euros para fila 11 a 20 y palcos laterales; y 14 euros para anfiteatro.<\/p>\n<p>Las entradas est\u00e1n disponibles en la Recepci\u00f3n de Laboral Ciudad de la Cultura, en la Recepci\u00f3n del Centro Niemeyer en Avil\u00e9s, en www.cajastur.es, en el tel\u00e9fono 902 106 601 y en la red de cajeros cajAstur Tiquexpress.<\/p>\n","protected":false},"excerpt":{"rendered":"<p>\u201cAlad\u00edn un musical genial\u201d llega con tres funciones al Teatro de la Laboral, que se celebrar\u00e1n el viernes 6 a las 18:00 horas y el s\u00e1bado 7 a las 18:00 y 20:00 h. Se trata de un espect\u00e1culo para todos los p\u00fablicos con trucos de magia, acrobacias y n\u00fameros inesperados que sorprender\u00e1n a los espectadores. [&hellip;]<\/p>\n","protected":false},"author":1,"featured_media":457148,"comment_status":"closed","ping_status":"open","sticky":false,"template":"","format":"standard","meta":{"footnotes":""},"categories":[2],"tags":[],"class_list":["post-457147","post","type-post","status-publish","format-standard","has-post-thumbnail","hentry","category-agenda"],"aioseo_notices":[],"aioseo_head":"\n\t\t<!-- All in One SEO Pro 5.0.1 - aioseo.com -->\n\t<meta name=\"description\" content=\"\u201cAlad\u00edn un musical genial\u201d llega con tres funciones al Teatro de la Laboral, que se celebrar\u00e1n el viernes 6 a las 18:00 horas y el s\u00e1bado 7 a las 18:00 y 20:00 h. Se trata de un espect\u00e1culo para todos los p\u00fablicos con trucos de magia, acrobacias y n\u00fameros inesperados que sorprender\u00e1n a los espectadores.\" \/>\n\t<meta name=\"robots\" content=\"max-image-preview:large\" \/>\n\t<meta name=\"author\" content=\"El Digital de Asturias\"\/>\n\t<meta name=\"google-site-verification\" content=\"UA-38556648-1\" \/>\n\t<meta name=\"msvalidate.01\" content=\"7dfe9f3f1b24437ab69f4f2559babe99\" \/>\n\t<meta name=\"keywords\" content=\"agenda\" \/>\n\t<link rel=\"canonical\" href=\"https:\/\/www.eldigitaldeasturias.com\/noticias\/aladin-llega-al-teatro-de-la-laboral%e2%80%8f\/\" \/>\n\t<meta name=\"generator\" content=\"All in One SEO Pro (AIOSEO) 5.0.1\" \/>\n\t\t<meta property=\"og:locale\" content=\"es_ES\" \/>\n\t\t<meta property=\"og:site_name\" content=\"El Digital de Asturias\" \/>\n\t\t<meta property=\"og:type\" content=\"article\" \/>\n\t\t<meta property=\"og:title\" content=\"Alad\u00edn, llega al Teatro de la Laboral\u200f - El Digital de Asturias\" \/>\n\t\t<meta property=\"og:description\" content=\"\u201cAlad\u00edn un musical genial\u201d llega con tres funciones al Teatro de la Laboral, que se celebrar\u00e1n el viernes 6 a las 18:00 horas y el s\u00e1bado 7 a las 18:00 y 20:00 h. Se trata de un espect\u00e1culo para todos los p\u00fablicos con trucos de magia, acrobacias y n\u00fameros inesperados que sorprender\u00e1n a los espectadores.\" \/>\n\t\t<meta property=\"og:url\" content=\"https:\/\/www.eldigitaldeasturias.com\/noticias\/aladin-llega-al-teatro-de-la-laboral%e2%80%8f\/\" \/>\n\t\t<meta property=\"article:tag\" content=\"agenda\" \/>\n\t\t<meta property=\"article:published_time\" content=\"2013-12-03T16:37:57+00:00\" \/>\n\t\t<meta property=\"article:modified_time\" content=\"2013-12-03T16:37:57+00:00\" \/>\n\t\t<meta property=\"article:publisher\" content=\"https:\/\/facebook.com\/eldigitaldeasturias\" \/>\n\t\t<meta name=\"twitter:card\" content=\"summary_large_image\" \/>\n\t\t<meta name=\"twitter:title\" content=\"Alad\u00edn, llega al Teatro de la Laboral\u200f - El Digital de Asturias\" \/>\n\t\t<meta name=\"twitter:description\" content=\"\u201cAlad\u00edn un musical genial\u201d llega con tres funciones al Teatro de la Laboral, que se celebrar\u00e1n el viernes 6 a las 18:00 horas y el s\u00e1bado 7 a las 18:00 y 20:00 h. Se trata de un espect\u00e1culo para todos los p\u00fablicos con trucos de magia, acrobacias y n\u00fameros inesperados que sorprender\u00e1n a los espectadores.\" \/>\n\t\t<meta name=\"twitter:label1\" content=\"Escrito por\" \/>\n\t\t<meta name=\"twitter:data1\" content=\"El Digital de Asturias\" \/>\n\t\t<meta name=\"twitter:label2\" content=\"Tiempo de lectura estimado\" \/>\n\t\t<meta name=\"twitter:data2\" content=\"2 minutos\" \/>\n\t\t<script type=\"application\/ld+json\" class=\"aioseo-schema\">\n\t\t\t{\"@context\":\"https:\\\/\\\/schema.org\",\"@graph\":[{\"@type\":\"BlogPosting\",\"@id\":\"https:\\\/\\\/www.eldigitaldeasturias.com\\\/noticias\\\/aladin-llega-al-teatro-de-la-laboral%e2%80%8f\\\/#blogposting\",\"name\":\"Alad\\u00edn, llega al Teatro de la Laboral\\u200f - El Digital de Asturias\",\"headline\":\"Alad\\u00edn, llega al Teatro de la Laboral\\u200f\",\"author\":{\"@id\":\"https:\\\/\\\/www.eldigitaldeasturias.com\\\/noticias\\\/author\\\/admin\\\/#author\"},\"publisher\":{\"@id\":\"https:\\\/\\\/www.eldigitaldeasturias.com\\\/noticias\\\/#organization\"},\"image\":{\"@type\":\"ImageObject\",\"url\":457148},\"datePublished\":\"2013-12-03T15:37:57+01:00\",\"dateModified\":\"2013-12-03T15:37:57+01:00\",\"inLanguage\":\"es-ES\",\"mainEntityOfPage\":{\"@id\":\"https:\\\/\\\/www.eldigitaldeasturias.com\\\/noticias\\\/aladin-llega-al-teatro-de-la-laboral%e2%80%8f\\\/#webpage\"},\"isPartOf\":{\"@id\":\"https:\\\/\\\/www.eldigitaldeasturias.com\\\/noticias\\\/aladin-llega-al-teatro-de-la-laboral%e2%80%8f\\\/#webpage\"},\"articleSection\":\"Agenda\"},{\"@type\":\"BreadcrumbList\",\"@id\":\"https:\\\/\\\/www.eldigitaldeasturias.com\\\/noticias\\\/aladin-llega-al-teatro-de-la-laboral%e2%80%8f\\\/#breadcrumblist\",\"itemListElement\":[{\"@type\":\"ListItem\",\"@id\":\"https:\\\/\\\/www.eldigitaldeasturias.com\\\/noticias#listItem\",\"position\":1,\"name\":\"Home\",\"item\":\"https:\\\/\\\/www.eldigitaldeasturias.com\\\/noticias\",\"nextItem\":{\"@type\":\"ListItem\",\"@id\":\"https:\\\/\\\/www.eldigitaldeasturias.com\\\/noticias\\\/category\\\/agenda\\\/#listItem\",\"name\":\"Agenda\"}},{\"@type\":\"ListItem\",\"@id\":\"https:\\\/\\\/www.eldigitaldeasturias.com\\\/noticias\\\/category\\\/agenda\\\/#listItem\",\"position\":2,\"name\":\"Agenda\",\"item\":\"https:\\\/\\\/www.eldigitaldeasturias.com\\\/noticias\\\/category\\\/agenda\\\/\",\"nextItem\":{\"@type\":\"ListItem\",\"@id\":\"https:\\\/\\\/www.eldigitaldeasturias.com\\\/noticias\\\/aladin-llega-al-teatro-de-la-laboral%e2%80%8f\\\/#listItem\",\"name\":\"Alad\\u00edn, llega al Teatro de la Laboral\\u200f\"},\"previousItem\":{\"@type\":\"ListItem\",\"@id\":\"https:\\\/\\\/www.eldigitaldeasturias.com\\\/noticias#listItem\",\"name\":\"Home\"}},{\"@type\":\"ListItem\",\"@id\":\"https:\\\/\\\/www.eldigitaldeasturias.com\\\/noticias\\\/aladin-llega-al-teatro-de-la-laboral%e2%80%8f\\\/#listItem\",\"position\":3,\"name\":\"Alad\\u00edn, llega al Teatro de la Laboral\\u200f\",\"previousItem\":{\"@type\":\"ListItem\",\"@id\":\"https:\\\/\\\/www.eldigitaldeasturias.com\\\/noticias\\\/category\\\/agenda\\\/#listItem\",\"name\":\"Agenda\"}}]},{\"@type\":\"Organization\",\"@id\":\"https:\\\/\\\/www.eldigitaldeasturias.com\\\/noticias\\\/#organization\",\"name\":\"El Digital de Asturias\",\"description\":\"Hemeroteca\",\"url\":\"https:\\\/\\\/www.eldigitaldeasturias.com\\\/noticias\\\/\",\"email\":\"info@eldigitaldeasturias.com\",\"telephone\":\"+34652131393\",\"logo\":{\"@type\":\"ImageObject\",\"url\":\"https:\\\/\\\/www.eldigitaldeasturias.com\\\/noticias\\\/wp-content\\\/uploads\\\/2020\\\/12\\\/EDA.jpg\",\"@id\":\"https:\\\/\\\/www.eldigitaldeasturias.com\\\/noticias\\\/aladin-llega-al-teatro-de-la-laboral%e2%80%8f\\\/#organizationLogo\"},\"image\":{\"@id\":\"https:\\\/\\\/www.eldigitaldeasturias.com\\\/noticias\\\/aladin-llega-al-teatro-de-la-laboral%e2%80%8f\\\/#organizationLogo\"},\"sameAs\":[\"https:\\\/\\\/facebook.com\\\/eldigitaldeasturias\",\"https:\\\/\\\/www.youtube.com\\\/channel\\\/UCZP-2wLEB9Rv6erhFmqVnvg\"],\"address\":{\"@id\":\"https:\\\/\\\/www.eldigitaldeasturias.com\\\/noticias\\\/#postaladdress\",\"@type\":\"PostalAddress\",\"streetAddress\":\"san antonio 4\",\"postalCode\":\"33430\",\"addressLocality\":\"Cand\\u00e1s\",\"addressRegion\":\"Asturias\",\"addressCountry\":\"ES\"}},{\"@type\":\"Person\",\"@id\":\"https:\\\/\\\/www.eldigitaldeasturias.com\\\/noticias\\\/author\\\/admin\\\/#author\",\"url\":\"https:\\\/\\\/www.eldigitaldeasturias.com\\\/noticias\\\/author\\\/admin\\\/\",\"name\":\"El Digital de Asturias\",\"image\":{\"@type\":\"ImageObject\",\"@id\":\"https:\\\/\\\/www.eldigitaldeasturias.com\\\/noticias\\\/aladin-llega-al-teatro-de-la-laboral%e2%80%8f\\\/#authorImage\",\"url\":\"https:\\\/\\\/secure.gravatar.com\\\/avatar\\\/df2aeffc32bcd13f8d26072ef8a91b623d677766deac7f97ca815868cd41bf5e?s=96&d=mm&r=g\",\"width\":96,\"height\":96,\"caption\":\"El Digital de Asturias\"}},{\"@type\":\"WebPage\",\"@id\":\"https:\\\/\\\/www.eldigitaldeasturias.com\\\/noticias\\\/aladin-llega-al-teatro-de-la-laboral%e2%80%8f\\\/#webpage\",\"url\":\"https:\\\/\\\/www.eldigitaldeasturias.com\\\/noticias\\\/aladin-llega-al-teatro-de-la-laboral%e2%80%8f\\\/\",\"name\":\"Alad\\u00edn, llega al Teatro de la Laboral\\u200f - El Digital de Asturias\",\"description\":\"\\u201cAlad\\u00edn un musical genial\\u201d llega con tres funciones al Teatro de la Laboral, que se celebrar\\u00e1n el viernes 6 a las 18:00 horas y el s\\u00e1bado 7 a las 18:00 y 20:00 h. Se trata de un espect\\u00e1culo para todos los p\\u00fablicos con trucos de magia, acrobacias y n\\u00fameros inesperados que sorprender\\u00e1n a los espectadores.\",\"inLanguage\":\"es-ES\",\"isPartOf\":{\"@id\":\"https:\\\/\\\/www.eldigitaldeasturias.com\\\/noticias\\\/#website\"},\"breadcrumb\":{\"@id\":\"https:\\\/\\\/www.eldigitaldeasturias.com\\\/noticias\\\/aladin-llega-al-teatro-de-la-laboral%e2%80%8f\\\/#breadcrumblist\"},\"author\":{\"@id\":\"https:\\\/\\\/www.eldigitaldeasturias.com\\\/noticias\\\/author\\\/admin\\\/#author\"},\"creator\":{\"@id\":\"https:\\\/\\\/www.eldigitaldeasturias.com\\\/noticias\\\/author\\\/admin\\\/#author\"},\"image\":{\"@type\":\"ImageObject\",\"url\":457148,\"@id\":\"https:\\\/\\\/www.eldigitaldeasturias.com\\\/noticias\\\/aladin-llega-al-teatro-de-la-laboral%e2%80%8f\\\/#mainImage\"},\"primaryImageOfPage\":{\"@id\":\"https:\\\/\\\/www.eldigitaldeasturias.com\\\/noticias\\\/aladin-llega-al-teatro-de-la-laboral%e2%80%8f\\\/#mainImage\"},\"datePublished\":\"2013-12-03T15:37:57+01:00\",\"dateModified\":\"2013-12-03T15:37:57+01:00\"},{\"@type\":\"WebSite\",\"@id\":\"https:\\\/\\\/www.eldigitaldeasturias.com\\\/noticias\\\/#website\",\"url\":\"https:\\\/\\\/www.eldigitaldeasturias.com\\\/noticias\\\/\",\"name\":\"El Digital de Asturias - Diario de actualidad y noticias\",\"alternateName\":\"El Digital de Asturias - Diario de actualidad y noticias\",\"description\":\"Hemeroteca\",\"inLanguage\":\"es-ES\",\"publisher\":{\"@id\":\"https:\\\/\\\/www.eldigitaldeasturias.com\\\/noticias\\\/#organization\"}}]}\n\t\t<\/script>\n\t\t<!-- All in One SEO Pro -->\r\n\t\t<title>Alad\u00edn, llega al Teatro de la Laboral\u200f - El Digital de Asturias<\/title>\n\n","aioseo_head_json":{"title":"Alad\u00edn, llega al Teatro de la Laboral\u200f - El Digital de Asturias","description":"\u201cAlad\u00edn un musical genial\u201d llega con tres funciones al Teatro de la Laboral, que se celebrar\u00e1n el viernes 6 a las 18:00 horas y el s\u00e1bado 7 a las 18:00 y 20:00 h. Se trata de un espect\u00e1culo para todos los p\u00fablicos con trucos de magia, acrobacias y n\u00fameros inesperados que sorprender\u00e1n a los espectadores.","canonical_url":"https:\/\/www.eldigitaldeasturias.com\/noticias\/aladin-llega-al-teatro-de-la-laboral%e2%80%8f\/","robots":"max-image-preview:large","keywords":"agenda","webmasterTools":{"google-site-verification":"UA-38556648-1","msvalidate.01":"7dfe9f3f1b24437ab69f4f2559babe99","miscellaneous":""},"schema":{"@context":"https:\/\/schema.org","@graph":[{"@type":"BlogPosting","@id":"https:\/\/www.eldigitaldeasturias.com\/noticias\/aladin-llega-al-teatro-de-la-laboral%e2%80%8f\/#blogposting","name":"Alad\u00edn, llega al Teatro de la Laboral\u200f - El Digital de Asturias","headline":"Alad\u00edn, llega al Teatro de la Laboral\u200f","author":{"@id":"https:\/\/www.eldigitaldeasturias.com\/noticias\/author\/admin\/#author"},"publisher":{"@id":"https:\/\/www.eldigitaldeasturias.com\/noticias\/#organization"},"image":{"@type":"ImageObject","url":457148},"datePublished":"2013-12-03T15:37:57+01:00","dateModified":"2013-12-03T15:37:57+01:00","inLanguage":"es-ES","mainEntityOfPage":{"@id":"https:\/\/www.eldigitaldeasturias.com\/noticias\/aladin-llega-al-teatro-de-la-laboral%e2%80%8f\/#webpage"},"isPartOf":{"@id":"https:\/\/www.eldigitaldeasturias.com\/noticias\/aladin-llega-al-teatro-de-la-laboral%e2%80%8f\/#webpage"},"articleSection":"Agenda"},{"@type":"BreadcrumbList","@id":"https:\/\/www.eldigitaldeasturias.com\/noticias\/aladin-llega-al-teatro-de-la-laboral%e2%80%8f\/#breadcrumblist","itemListElement":[{"@type":"ListItem","@id":"https:\/\/www.eldigitaldeasturias.com\/noticias#listItem","position":1,"name":"Home","item":"https:\/\/www.eldigitaldeasturias.com\/noticias","nextItem":{"@type":"ListItem","@id":"https:\/\/www.eldigitaldeasturias.com\/noticias\/category\/agenda\/#listItem","name":"Agenda"}},{"@type":"ListItem","@id":"https:\/\/www.eldigitaldeasturias.com\/noticias\/category\/agenda\/#listItem","position":2,"name":"Agenda","item":"https:\/\/www.eldigitaldeasturias.com\/noticias\/category\/agenda\/","nextItem":{"@type":"ListItem","@id":"https:\/\/www.eldigitaldeasturias.com\/noticias\/aladin-llega-al-teatro-de-la-laboral%e2%80%8f\/#listItem","name":"Alad\u00edn, llega al Teatro de la Laboral\u200f"},"previousItem":{"@type":"ListItem","@id":"https:\/\/www.eldigitaldeasturias.com\/noticias#listItem","name":"Home"}},{"@type":"ListItem","@id":"https:\/\/www.eldigitaldeasturias.com\/noticias\/aladin-llega-al-teatro-de-la-laboral%e2%80%8f\/#listItem","position":3,"name":"Alad\u00edn, llega al Teatro de la Laboral\u200f","previousItem":{"@type":"ListItem","@id":"https:\/\/www.eldigitaldeasturias.com\/noticias\/category\/agenda\/#listItem","name":"Agenda"}}]},{"@type":"Organization","@id":"https:\/\/www.eldigitaldeasturias.com\/noticias\/#organization","name":"El Digital de Asturias","description":"Hemeroteca","url":"https:\/\/www.eldigitaldeasturias.com\/noticias\/","email":"info@eldigitaldeasturias.com","telephone":"+34652131393","logo":{"@type":"ImageObject","url":"https:\/\/www.eldigitaldeasturias.com\/noticias\/wp-content\/uploads\/2020\/12\/EDA.jpg","@id":"https:\/\/www.eldigitaldeasturias.com\/noticias\/aladin-llega-al-teatro-de-la-laboral%e2%80%8f\/#organizationLogo"},"image":{"@id":"https:\/\/www.eldigitaldeasturias.com\/noticias\/aladin-llega-al-teatro-de-la-laboral%e2%80%8f\/#organizationLogo"},"sameAs":["https:\/\/facebook.com\/eldigitaldeasturias","https:\/\/www.youtube.com\/channel\/UCZP-2wLEB9Rv6erhFmqVnvg"],"address":{"@id":"https:\/\/www.eldigitaldeasturias.com\/noticias\/#postaladdress","@type":"PostalAddress","streetAddress":"san antonio 4","postalCode":"33430","addressLocality":"Cand\u00e1s","addressRegion":"Asturias","addressCountry":"ES"}},{"@type":"Person","@id":"https:\/\/www.eldigitaldeasturias.com\/noticias\/author\/admin\/#author","url":"https:\/\/www.eldigitaldeasturias.com\/noticias\/author\/admin\/","name":"El Digital de Asturias","image":{"@type":"ImageObject","@id":"https:\/\/www.eldigitaldeasturias.com\/noticias\/aladin-llega-al-teatro-de-la-laboral%e2%80%8f\/#authorImage","url":"https:\/\/secure.gravatar.com\/avatar\/df2aeffc32bcd13f8d26072ef8a91b623d677766deac7f97ca815868cd41bf5e?s=96&d=mm&r=g","width":96,"height":96,"caption":"El Digital de Asturias"}},{"@type":"WebPage","@id":"https:\/\/www.eldigitaldeasturias.com\/noticias\/aladin-llega-al-teatro-de-la-laboral%e2%80%8f\/#webpage","url":"https:\/\/www.eldigitaldeasturias.com\/noticias\/aladin-llega-al-teatro-de-la-laboral%e2%80%8f\/","name":"Alad\u00edn, llega al Teatro de la Laboral\u200f - El Digital de Asturias","description":"\u201cAlad\u00edn un musical genial\u201d llega con tres funciones al Teatro de la Laboral, que se celebrar\u00e1n el viernes 6 a las 18:00 horas y el s\u00e1bado 7 a las 18:00 y 20:00 h. Se trata de un espect\u00e1culo para todos los p\u00fablicos con trucos de magia, acrobacias y n\u00fameros inesperados que sorprender\u00e1n a los espectadores.","inLanguage":"es-ES","isPartOf":{"@id":"https:\/\/www.eldigitaldeasturias.com\/noticias\/#website"},"breadcrumb":{"@id":"https:\/\/www.eldigitaldeasturias.com\/noticias\/aladin-llega-al-teatro-de-la-laboral%e2%80%8f\/#breadcrumblist"},"author":{"@id":"https:\/\/www.eldigitaldeasturias.com\/noticias\/author\/admin\/#author"},"creator":{"@id":"https:\/\/www.eldigitaldeasturias.com\/noticias\/author\/admin\/#author"},"image":{"@type":"ImageObject","url":457148,"@id":"https:\/\/www.eldigitaldeasturias.com\/noticias\/aladin-llega-al-teatro-de-la-laboral%e2%80%8f\/#mainImage"},"primaryImageOfPage":{"@id":"https:\/\/www.eldigitaldeasturias.com\/noticias\/aladin-llega-al-teatro-de-la-laboral%e2%80%8f\/#mainImage"},"datePublished":"2013-12-03T15:37:57+01:00","dateModified":"2013-12-03T15:37:57+01:00"},{"@type":"WebSite","@id":"https:\/\/www.eldigitaldeasturias.com\/noticias\/#website","url":"https:\/\/www.eldigitaldeasturias.com\/noticias\/","name":"El Digital de Asturias - Diario de actualidad y noticias","alternateName":"El Digital de Asturias - Diario de actualidad y noticias","description":"Hemeroteca","inLanguage":"es-ES","publisher":{"@id":"https:\/\/www.eldigitaldeasturias.com\/noticias\/#organization"}}]},"og:locale":"es_ES","og:site_name":"El Digital de Asturias","og:type":"article","og:title":"Alad\u00edn, llega al Teatro de la Laboral\u200f - El Digital de Asturias","og:description":"\u201cAlad\u00edn un musical genial\u201d llega con tres funciones al Teatro de la Laboral, que se celebrar\u00e1n el viernes 6 a las 18:00 horas y el s\u00e1bado 7 a las 18:00 y 20:00 h. Se trata de un espect\u00e1culo para todos los p\u00fablicos con trucos de magia, acrobacias y n\u00fameros inesperados que sorprender\u00e1n a los espectadores.","og:url":"https:\/\/www.eldigitaldeasturias.com\/noticias\/aladin-llega-al-teatro-de-la-laboral%e2%80%8f\/","article:tag":["agenda"],"article:published_time":"2013-12-03T16:37:57+00:00","article:modified_time":"2013-12-03T16:37:57+00:00","article:publisher":"https:\/\/facebook.com\/eldigitaldeasturias","twitter:card":"summary_large_image","twitter:title":"Alad\u00edn, llega al Teatro de la Laboral\u200f - El Digital de Asturias","twitter:description":"\u201cAlad\u00edn un musical genial\u201d llega con tres funciones al Teatro de la Laboral, que se celebrar\u00e1n el viernes 6 a las 18:00 horas y el s\u00e1bado 7 a las 18:00 y 20:00 h. Se trata de un espect\u00e1culo para todos los p\u00fablicos con trucos de magia, acrobacias y n\u00fameros inesperados que sorprender\u00e1n a los espectadores.","twitter:label1":"Escrito por","twitter:data1":"El Digital de Asturias","twitter:label2":"Tiempo de lectura estimado","twitter:data2":"2 minutos"},"aioseo_meta_data":{"post_id":"457147","title":null,"description":null,"keywords":null,"keyphrases":null,"primary_term":null,"canonical_url":null,"og_title":null,"og_description":null,"og_object_type":"default","og_image_type":"default","og_image_url":null,"og_image_width":null,"og_image_height":null,"og_image_custom_url":null,"og_image_custom_fields":null,"og_video":null,"og_custom_url":null,"og_article_section":null,"og_article_tags":null,"twitter_use_og":true,"twitter_card":"default","twitter_image_type":"default","twitter_image_url":null,"twitter_image_custom_url":null,"twitter_image_custom_fields":null,"twitter_title":null,"twitter_description":null,"schema":{"blockGraphs":[],"customGraphs":[],"default":{"data":{"Article":[],"Course":[],"Dataset":[],"FAQPage":[],"Movie":[],"Person":[],"Product":[],"ProductReview":[],"Car":[],"Recipe":[],"Service":[],"SoftwareApplication":[],"WebPage":[]},"graphName":"","isEnabled":true},"graphs":[],"defaultGraph":"","defaultPostTypeGraph":""},"schema_type":null,"schema_type_options":null,"pillar_content":false,"robots_default":true,"robots_noindex":false,"robots_noarchive":false,"robots_nosnippet":false,"robots_nofollow":false,"robots_noimageindex":false,"robots_noodp":false,"robots_notranslate":false,"robots_max_snippet":null,"robots_max_videopreview":null,"robots_max_imagepreview":"none","priority":null,"frequency":null,"local_seo":null,"seo_analyzer_scan_date":"2026-05-30 00:28:52","breadcrumb_settings":null,"limit_modified_date":false,"open_ai":null,"ai":null,"created":"2020-11-14 22:46:05","updated":"2026-05-30 00:28:52","focus_keyword":null,"additional_keywords":null,"truseo_locale":null},"aioseo_breadcrumb":"<div class=\"aioseo-breadcrumbs\"><span class=\"aioseo-breadcrumb\">\n\t<a href=\"https:\/\/www.eldigitaldeasturias.com\/noticias\" title=\"Home\">Home<\/a>\n<\/span><span class=\"aioseo-breadcrumb-separator\">\u2013<\/span><span class=\"aioseo-breadcrumb\">\n\t<a href=\"https:\/\/www.eldigitaldeasturias.com\/noticias\/category\/agenda\/\" title=\"Agenda\">Agenda<\/a>\n<\/span><span class=\"aioseo-breadcrumb-separator\">\u2013<\/span><span class=\"aioseo-breadcrumb\">\n\t<a href=\"https:\/\/www.eldigitaldeasturias.com\/noticias\/aladin-llega-al-teatro-de-la-laboral%e2%80%8f\/\" title=\"Alad\u00edn, llega al Teatro de la Laboral\u200f\">Alad\u00edn, llega al Teatro de la Laboral\u200f<\/a>\n<\/span><\/div>","aioseo_breadcrumb_json":[{"label":"Home","link":"https:\/\/www.eldigitaldeasturias.com\/noticias"},{"label":"Agenda","link":"https:\/\/www.eldigitaldeasturias.com\/noticias\/category\/agenda\/"},{"label":"Alad\u00edn, llega al Teatro de la Laboral\u200f","link":"https:\/\/www.eldigitaldeasturias.com\/noticias\/aladin-llega-al-teatro-de-la-laboral%e2%80%8f\/"}],"_links":{"self":[{"href":"https:\/\/www.eldigitaldeasturias.com\/noticias\/wp-json\/wp\/v2\/posts\/457147","targetHints":{"allow":["GET"]}}],"collection":[{"href":"https:\/\/www.eldigitaldeasturias.com\/noticias\/wp-json\/wp\/v2\/posts"}],"about":[{"href":"https:\/\/www.eldigitaldeasturias.com\/noticias\/wp-json\/wp\/v2\/types\/post"}],"author":[{"embeddable":true,"href":"https:\/\/www.eldigitaldeasturias.com\/noticias\/wp-json\/wp\/v2\/users\/1"}],"replies":[{"embeddable":true,"href":"https:\/\/www.eldigitaldeasturias.com\/noticias\/wp-json\/wp\/v2\/comments?post=457147"}],"version-history":[{"count":0,"href":"https:\/\/www.eldigitaldeasturias.com\/noticias\/wp-json\/wp\/v2\/posts\/457147\/revisions"}],"wp:attachment":[{"href":"https:\/\/www.eldigitaldeasturias.com\/noticias\/wp-json\/wp\/v2\/media?parent=457147"}],"wp:term":[{"taxonomy":"category","embeddable":true,"href":"https:\/\/www.eldigitaldeasturias.com\/noticias\/wp-json\/wp\/v2\/categories?post=457147"},{"taxonomy":"post_tag","embeddable":true,"href":"https:\/\/www.eldigitaldeasturias.com\/noticias\/wp-json\/wp\/v2\/tags?post=457147"}],"curies":[{"name":"wp","href":"https:\/\/api.w.org\/{rel}","templated":true}]}}