{"id":457108,"date":"2013-12-03T14:20:49","date_gmt":"2013-12-03T15:20:49","guid":{"rendered":"http:\/\/www.eldigitaldeasturias.com\/noticias\/?p=457108"},"modified":"2013-12-03T14:20:49","modified_gmt":"2013-12-03T15:20:49","slug":"la-reserva-hidraulica-del-cantabrico-al-703-por-ciento-de-su-capacidad","status":"publish","type":"post","link":"https:\/\/www.eldigitaldeasturias.com\/noticias\/la-reserva-hidraulica-del-cantabrico-al-703-por-ciento-de-su-capacidad\/","title":{"rendered":"La reserva hidr\u00e1ulica del Cant\u00e1brico, al 70,3% por ciento de su capacidad"},"content":{"rendered":"<p><img loading=\"lazy\" decoding=\"async\" class=\"alignleft size-medium wp-image-1066\" alt=\"reserva5184206w-450x300\" src=\"https:\/\/www.eldigitaldeasturias.com\/noticias\/wp-content\/uploads\/2013\/09\/reserva5184206w-450x300-360x240.jpg\" width=\"360\" height=\"240\" \/>Madrid\/Oviedo, 3 dic (EFE).- Los embalses de Asturias y Cantabria tienen almacenados 445 hect\u00f3metros c\u00fabicos de agua, lo que los sit\u00faa al 70,3 por ciento de su capacidad, 1,4 puntos menos -nueve hect\u00f3metros c\u00fabicos- que hace una semana.<\/p>\n<p>De este modo, la reserva hidr\u00e1ulica del Cant\u00e1brico se sit\u00faa por encima de los 416 hect\u00f3metros c\u00fabicos de hace un a\u00f1o por estas mismas fechas, que coincide con el promedio de la \u00faltima d\u00e9cada, seg\u00fan datos difundidos por el Ministerio de Agricultura, Alimentaci\u00f3n y Medio Ambiente.<\/p>\n<p>La reserva hidr\u00e1ulica espa\u00f1ola est\u00e1 al 65,7 % de su capacidad, lo que representa una disminuci\u00f3n del 0,7 por ciento con respecto a la semana anterior.<\/p>\n<p>En la actualidad hay 36.377 hect\u00f3metros c\u00fabicos de agua embalsada, lo que significa un descenso de 38 hect\u00f3metros c\u00fabicos con respecto a la semana anterior, con variaciones de entre el descenso de 118 hect\u00f3metros c\u00fabicos en la cuenca del Duero y el aumento de 39 hect\u00f3metros c\u00fabicos en la del Ebro, ha informado hoy el Ministerio de Medio Ambiente.<\/p>\n<p>Las precipitaciones han sido escasas en toda la pen\u00ednsula. La m\u00e1xima se ha producido en San Javier con 73,0 mm (73,0 l\/m2 ).<\/p>\n","protected":false},"excerpt":{"rendered":"<p>Madrid\/Oviedo, 3 dic (EFE).- Los embalses de Asturias y Cantabria tienen almacenados 445 hect\u00f3metros c\u00fabicos de agua, lo que los sit\u00faa al 70,3 por ciento de su capacidad, 1,4 puntos menos -nueve hect\u00f3metros c\u00fabicos- que hace una semana. De este modo, la reserva hidr\u00e1ulica del Cant\u00e1brico se sit\u00faa por encima de los 416 hect\u00f3metros c\u00fabicos [&hellip;]<\/p>\n","protected":false},"author":1,"featured_media":1132184,"comment_status":"closed","ping_status":"open","sticky":false,"template":"","format":"standard","meta":{"footnotes":""},"categories":[12],"tags":[],"class_list":["post-457108","post","type-post","status-publish","format-standard","has-post-thumbnail","hentry","category-actualidad-asturias"],"aioseo_notices":[],"aioseo_head":"\n\t\t<!-- All in One SEO Pro 5.0.1 - aioseo.com -->\n\t<meta name=\"description\" content=\"Madrid\/Oviedo, 3 dic (EFE).- Los embalses de Asturias y Cantabria tienen almacenados 445 hect\u00f3metros c\u00fabicos de agua, lo que los sit\u00faa al 70,3 por ciento de su capacidad, 1,4 puntos menos -nueve hect\u00f3metros c\u00fabicos- que hace una semana. De este modo, la reserva hidr\u00e1ulica del Cant\u00e1brico se sit\u00faa por encima de los 416 hect\u00f3metros c\u00fabicos\" \/>\n\t<meta name=\"robots\" content=\"max-image-preview:large\" \/>\n\t<meta name=\"author\" content=\"El Digital de Asturias\"\/>\n\t<meta name=\"google-site-verification\" content=\"UA-38556648-1\" \/>\n\t<meta name=\"msvalidate.01\" content=\"7dfe9f3f1b24437ab69f4f2559babe99\" \/>\n\t<meta name=\"keywords\" content=\"actualidad asturias\" \/>\n\t<link rel=\"canonical\" href=\"https:\/\/www.eldigitaldeasturias.com\/noticias\/la-reserva-hidraulica-del-cantabrico-al-703-por-ciento-de-su-capacidad\/\" \/>\n\t<meta name=\"generator\" content=\"All in One SEO Pro (AIOSEO) 5.0.1\" \/>\n\t\t<meta property=\"og:locale\" content=\"es_ES\" \/>\n\t\t<meta property=\"og:site_name\" content=\"El Digital de Asturias\" \/>\n\t\t<meta property=\"og:type\" content=\"article\" \/>\n\t\t<meta property=\"og:title\" content=\"La reserva hidr\u00e1ulica del Cant\u00e1brico, al 70,3% por ciento de su capacidad - El Digital de Asturias\" \/>\n\t\t<meta property=\"og:description\" content=\"Madrid\/Oviedo, 3 dic (EFE).- Los embalses de Asturias y Cantabria tienen almacenados 445 hect\u00f3metros c\u00fabicos de agua, lo que los sit\u00faa al 70,3 por ciento de su capacidad, 1,4 puntos menos -nueve hect\u00f3metros c\u00fabicos- que hace una semana. De este modo, la reserva hidr\u00e1ulica del Cant\u00e1brico se sit\u00faa por encima de los 416 hect\u00f3metros c\u00fabicos\" \/>\n\t\t<meta property=\"og:url\" content=\"https:\/\/www.eldigitaldeasturias.com\/noticias\/la-reserva-hidraulica-del-cantabrico-al-703-por-ciento-de-su-capacidad\/\" \/>\n\t\t<meta property=\"og:image\" content=\"https:\/\/www.eldigitaldeasturias.com\/noticias\/wp-content\/uploads\/2026\/06\/Contenidos.jpg\" \/>\n\t\t<meta property=\"og:image:secure_url\" content=\"https:\/\/www.eldigitaldeasturias.com\/noticias\/wp-content\/uploads\/2026\/06\/Contenidos.jpg\" \/>\n\t\t<meta property=\"og:image:width\" content=\"1265\" \/>\n\t\t<meta property=\"og:image:height\" content=\"697\" \/>\n\t\t<meta property=\"article:tag\" content=\"actualidad asturias\" \/>\n\t\t<meta property=\"article:published_time\" content=\"2013-12-03T15:20:49+00:00\" \/>\n\t\t<meta property=\"article:modified_time\" content=\"2013-12-03T15:20:49+00:00\" \/>\n\t\t<meta property=\"article:publisher\" content=\"https:\/\/facebook.com\/eldigitaldeasturias\" \/>\n\t\t<meta name=\"twitter:card\" content=\"summary_large_image\" \/>\n\t\t<meta name=\"twitter:title\" content=\"La reserva hidr\u00e1ulica del Cant\u00e1brico, al 70,3% por ciento de su capacidad - El Digital de Asturias\" \/>\n\t\t<meta name=\"twitter:description\" content=\"Madrid\/Oviedo, 3 dic (EFE).- Los embalses de Asturias y Cantabria tienen almacenados 445 hect\u00f3metros c\u00fabicos de agua, lo que los sit\u00faa al 70,3 por ciento de su capacidad, 1,4 puntos menos -nueve hect\u00f3metros c\u00fabicos- que hace una semana. De este modo, la reserva hidr\u00e1ulica del Cant\u00e1brico se sit\u00faa por encima de los 416 hect\u00f3metros c\u00fabicos\" \/>\n\t\t<meta name=\"twitter:image\" content=\"https:\/\/www.eldigitaldeasturias.com\/noticias\/wp-content\/uploads\/2026\/06\/Contenidos.jpg\" \/>\n\t\t<meta name=\"twitter:label1\" content=\"Escrito por\" \/>\n\t\t<meta name=\"twitter:data1\" content=\"El Digital de Asturias\" \/>\n\t\t<meta name=\"twitter:label2\" content=\"Tiempo de lectura estimado\" \/>\n\t\t<meta name=\"twitter:data2\" content=\"1 minuto\" \/>\n\t\t<script type=\"application\/ld+json\" class=\"aioseo-schema\">\n\t\t\t{\"@context\":\"https:\\\/\\\/schema.org\",\"@graph\":[{\"@type\":\"BlogPosting\",\"@id\":\"https:\\\/\\\/www.eldigitaldeasturias.com\\\/noticias\\\/la-reserva-hidraulica-del-cantabrico-al-703-por-ciento-de-su-capacidad\\\/#blogposting\",\"name\":\"La reserva hidr\\u00e1ulica del Cant\\u00e1brico, al 70,3% por ciento de su capacidad - El Digital de Asturias\",\"headline\":\"La reserva hidr\\u00e1ulica del Cant\\u00e1brico, al 70,3% por ciento de su capacidad\",\"author\":{\"@id\":\"https:\\\/\\\/www.eldigitaldeasturias.com\\\/noticias\\\/author\\\/admin\\\/#author\"},\"publisher\":{\"@id\":\"https:\\\/\\\/www.eldigitaldeasturias.com\\\/noticias\\\/#organization\"},\"image\":{\"@type\":\"ImageObject\",\"url\":\"https:\\\/\\\/www.eldigitaldeasturias.com\\\/noticias\\\/wp-content\\\/uploads\\\/2026\\\/06\\\/Contenidos.jpg\",\"width\":1265,\"height\":697,\"caption\":\"Contenidos\"},\"datePublished\":\"2013-12-03T14:20:49+01:00\",\"dateModified\":\"2013-12-03T14:20:49+01:00\",\"inLanguage\":\"es-ES\",\"mainEntityOfPage\":{\"@id\":\"https:\\\/\\\/www.eldigitaldeasturias.com\\\/noticias\\\/la-reserva-hidraulica-del-cantabrico-al-703-por-ciento-de-su-capacidad\\\/#webpage\"},\"isPartOf\":{\"@id\":\"https:\\\/\\\/www.eldigitaldeasturias.com\\\/noticias\\\/la-reserva-hidraulica-del-cantabrico-al-703-por-ciento-de-su-capacidad\\\/#webpage\"},\"articleSection\":\"Actualidad Asturias\"},{\"@type\":\"BreadcrumbList\",\"@id\":\"https:\\\/\\\/www.eldigitaldeasturias.com\\\/noticias\\\/la-reserva-hidraulica-del-cantabrico-al-703-por-ciento-de-su-capacidad\\\/#breadcrumblist\",\"itemListElement\":[{\"@type\":\"ListItem\",\"@id\":\"https:\\\/\\\/www.eldigitaldeasturias.com\\\/noticias#listItem\",\"position\":1,\"name\":\"Home\",\"item\":\"https:\\\/\\\/www.eldigitaldeasturias.com\\\/noticias\",\"nextItem\":{\"@type\":\"ListItem\",\"@id\":\"https:\\\/\\\/www.eldigitaldeasturias.com\\\/noticias\\\/category\\\/actualidad-asturias\\\/#listItem\",\"name\":\"Actualidad Asturias\"}},{\"@type\":\"ListItem\",\"@id\":\"https:\\\/\\\/www.eldigitaldeasturias.com\\\/noticias\\\/category\\\/actualidad-asturias\\\/#listItem\",\"position\":2,\"name\":\"Actualidad Asturias\",\"item\":\"https:\\\/\\\/www.eldigitaldeasturias.com\\\/noticias\\\/category\\\/actualidad-asturias\\\/\",\"nextItem\":{\"@type\":\"ListItem\",\"@id\":\"https:\\\/\\\/www.eldigitaldeasturias.com\\\/noticias\\\/la-reserva-hidraulica-del-cantabrico-al-703-por-ciento-de-su-capacidad\\\/#listItem\",\"name\":\"La reserva hidr\\u00e1ulica del Cant\\u00e1brico, al 70,3% por ciento de su capacidad\"},\"previousItem\":{\"@type\":\"ListItem\",\"@id\":\"https:\\\/\\\/www.eldigitaldeasturias.com\\\/noticias#listItem\",\"name\":\"Home\"}},{\"@type\":\"ListItem\",\"@id\":\"https:\\\/\\\/www.eldigitaldeasturias.com\\\/noticias\\\/la-reserva-hidraulica-del-cantabrico-al-703-por-ciento-de-su-capacidad\\\/#listItem\",\"position\":3,\"name\":\"La reserva hidr\\u00e1ulica del Cant\\u00e1brico, al 70,3% por ciento de su capacidad\",\"previousItem\":{\"@type\":\"ListItem\",\"@id\":\"https:\\\/\\\/www.eldigitaldeasturias.com\\\/noticias\\\/category\\\/actualidad-asturias\\\/#listItem\",\"name\":\"Actualidad Asturias\"}}]},{\"@type\":\"Organization\",\"@id\":\"https:\\\/\\\/www.eldigitaldeasturias.com\\\/noticias\\\/#organization\",\"name\":\"El Digital de Asturias\",\"description\":\"Hemeroteca\",\"url\":\"https:\\\/\\\/www.eldigitaldeasturias.com\\\/noticias\\\/\",\"email\":\"info@eldigitaldeasturias.com\",\"telephone\":\"+34652131393\",\"logo\":{\"@type\":\"ImageObject\",\"url\":\"https:\\\/\\\/www.eldigitaldeasturias.com\\\/noticias\\\/wp-content\\\/uploads\\\/2020\\\/12\\\/EDA.jpg\",\"@id\":\"https:\\\/\\\/www.eldigitaldeasturias.com\\\/noticias\\\/la-reserva-hidraulica-del-cantabrico-al-703-por-ciento-de-su-capacidad\\\/#organizationLogo\"},\"image\":{\"@id\":\"https:\\\/\\\/www.eldigitaldeasturias.com\\\/noticias\\\/la-reserva-hidraulica-del-cantabrico-al-703-por-ciento-de-su-capacidad\\\/#organizationLogo\"},\"sameAs\":[\"https:\\\/\\\/facebook.com\\\/eldigitaldeasturias\",\"https:\\\/\\\/www.youtube.com\\\/channel\\\/UCZP-2wLEB9Rv6erhFmqVnvg\"],\"address\":{\"@id\":\"https:\\\/\\\/www.eldigitaldeasturias.com\\\/noticias\\\/#postaladdress\",\"@type\":\"PostalAddress\",\"streetAddress\":\"san antonio 4\",\"postalCode\":\"33430\",\"addressLocality\":\"Cand\\u00e1s\",\"addressRegion\":\"Asturias\",\"addressCountry\":\"ES\"}},{\"@type\":\"Person\",\"@id\":\"https:\\\/\\\/www.eldigitaldeasturias.com\\\/noticias\\\/author\\\/admin\\\/#author\",\"url\":\"https:\\\/\\\/www.eldigitaldeasturias.com\\\/noticias\\\/author\\\/admin\\\/\",\"name\":\"El Digital de Asturias\",\"image\":{\"@type\":\"ImageObject\",\"@id\":\"https:\\\/\\\/www.eldigitaldeasturias.com\\\/noticias\\\/la-reserva-hidraulica-del-cantabrico-al-703-por-ciento-de-su-capacidad\\\/#authorImage\",\"url\":\"https:\\\/\\\/secure.gravatar.com\\\/avatar\\\/df2aeffc32bcd13f8d26072ef8a91b623d677766deac7f97ca815868cd41bf5e?s=96&d=mm&r=g\",\"width\":96,\"height\":96,\"caption\":\"El Digital de Asturias\"}},{\"@type\":\"WebPage\",\"@id\":\"https:\\\/\\\/www.eldigitaldeasturias.com\\\/noticias\\\/la-reserva-hidraulica-del-cantabrico-al-703-por-ciento-de-su-capacidad\\\/#webpage\",\"url\":\"https:\\\/\\\/www.eldigitaldeasturias.com\\\/noticias\\\/la-reserva-hidraulica-del-cantabrico-al-703-por-ciento-de-su-capacidad\\\/\",\"name\":\"La reserva hidr\\u00e1ulica del Cant\\u00e1brico, al 70,3% por ciento de su capacidad - El Digital de Asturias\",\"description\":\"Madrid\\\/Oviedo, 3 dic (EFE).- Los embalses de Asturias y Cantabria tienen almacenados 445 hect\\u00f3metros c\\u00fabicos de agua, lo que los sit\\u00faa al 70,3 por ciento de su capacidad, 1,4 puntos menos -nueve hect\\u00f3metros c\\u00fabicos- que hace una semana. De este modo, la reserva hidr\\u00e1ulica del Cant\\u00e1brico se sit\\u00faa por encima de los 416 hect\\u00f3metros c\\u00fabicos\",\"inLanguage\":\"es-ES\",\"isPartOf\":{\"@id\":\"https:\\\/\\\/www.eldigitaldeasturias.com\\\/noticias\\\/#website\"},\"breadcrumb\":{\"@id\":\"https:\\\/\\\/www.eldigitaldeasturias.com\\\/noticias\\\/la-reserva-hidraulica-del-cantabrico-al-703-por-ciento-de-su-capacidad\\\/#breadcrumblist\"},\"author\":{\"@id\":\"https:\\\/\\\/www.eldigitaldeasturias.com\\\/noticias\\\/author\\\/admin\\\/#author\"},\"creator\":{\"@id\":\"https:\\\/\\\/www.eldigitaldeasturias.com\\\/noticias\\\/author\\\/admin\\\/#author\"},\"image\":{\"@type\":\"ImageObject\",\"url\":\"https:\\\/\\\/www.eldigitaldeasturias.com\\\/noticias\\\/wp-content\\\/uploads\\\/2026\\\/06\\\/Contenidos.jpg\",\"@id\":\"https:\\\/\\\/www.eldigitaldeasturias.com\\\/noticias\\\/la-reserva-hidraulica-del-cantabrico-al-703-por-ciento-de-su-capacidad\\\/#mainImage\",\"width\":1265,\"height\":697,\"caption\":\"Contenidos\"},\"primaryImageOfPage\":{\"@id\":\"https:\\\/\\\/www.eldigitaldeasturias.com\\\/noticias\\\/la-reserva-hidraulica-del-cantabrico-al-703-por-ciento-de-su-capacidad\\\/#mainImage\"},\"datePublished\":\"2013-12-03T14:20:49+01:00\",\"dateModified\":\"2013-12-03T14:20:49+01:00\"},{\"@type\":\"WebSite\",\"@id\":\"https:\\\/\\\/www.eldigitaldeasturias.com\\\/noticias\\\/#website\",\"url\":\"https:\\\/\\\/www.eldigitaldeasturias.com\\\/noticias\\\/\",\"name\":\"El Digital de Asturias - Diario de actualidad y noticias\",\"alternateName\":\"El Digital de Asturias - Diario de actualidad y noticias\",\"description\":\"Hemeroteca\",\"inLanguage\":\"es-ES\",\"publisher\":{\"@id\":\"https:\\\/\\\/www.eldigitaldeasturias.com\\\/noticias\\\/#organization\"}}]}\n\t\t<\/script>\n\t\t<!-- All in One SEO Pro -->\r\n\t\t<title>La reserva hidr\u00e1ulica del Cant\u00e1brico, al 70,3% por ciento de su capacidad - El Digital de Asturias<\/title>\n\n","aioseo_head_json":{"title":"La reserva hidr\u00e1ulica del Cant\u00e1brico, al 70,3% por ciento de su capacidad - El Digital de Asturias","description":"Madrid\/Oviedo, 3 dic (EFE).- Los embalses de Asturias y Cantabria tienen almacenados 445 hect\u00f3metros c\u00fabicos de agua, lo que los sit\u00faa al 70,3 por ciento de su capacidad, 1,4 puntos menos -nueve hect\u00f3metros c\u00fabicos- que hace una semana. De este modo, la reserva hidr\u00e1ulica del Cant\u00e1brico se sit\u00faa por encima de los 416 hect\u00f3metros c\u00fabicos","canonical_url":"https:\/\/www.eldigitaldeasturias.com\/noticias\/la-reserva-hidraulica-del-cantabrico-al-703-por-ciento-de-su-capacidad\/","robots":"max-image-preview:large","keywords":"actualidad asturias","webmasterTools":{"google-site-verification":"UA-38556648-1","msvalidate.01":"7dfe9f3f1b24437ab69f4f2559babe99","miscellaneous":""},"schema":{"@context":"https:\/\/schema.org","@graph":[{"@type":"BlogPosting","@id":"https:\/\/www.eldigitaldeasturias.com\/noticias\/la-reserva-hidraulica-del-cantabrico-al-703-por-ciento-de-su-capacidad\/#blogposting","name":"La reserva hidr\u00e1ulica del Cant\u00e1brico, al 70,3% por ciento de su capacidad - El Digital de Asturias","headline":"La reserva hidr\u00e1ulica del Cant\u00e1brico, al 70,3% por ciento de su capacidad","author":{"@id":"https:\/\/www.eldigitaldeasturias.com\/noticias\/author\/admin\/#author"},"publisher":{"@id":"https:\/\/www.eldigitaldeasturias.com\/noticias\/#organization"},"image":{"@type":"ImageObject","url":"https:\/\/www.eldigitaldeasturias.com\/noticias\/wp-content\/uploads\/2026\/06\/Contenidos.jpg","width":1265,"height":697,"caption":"Contenidos"},"datePublished":"2013-12-03T14:20:49+01:00","dateModified":"2013-12-03T14:20:49+01:00","inLanguage":"es-ES","mainEntityOfPage":{"@id":"https:\/\/www.eldigitaldeasturias.com\/noticias\/la-reserva-hidraulica-del-cantabrico-al-703-por-ciento-de-su-capacidad\/#webpage"},"isPartOf":{"@id":"https:\/\/www.eldigitaldeasturias.com\/noticias\/la-reserva-hidraulica-del-cantabrico-al-703-por-ciento-de-su-capacidad\/#webpage"},"articleSection":"Actualidad Asturias"},{"@type":"BreadcrumbList","@id":"https:\/\/www.eldigitaldeasturias.com\/noticias\/la-reserva-hidraulica-del-cantabrico-al-703-por-ciento-de-su-capacidad\/#breadcrumblist","itemListElement":[{"@type":"ListItem","@id":"https:\/\/www.eldigitaldeasturias.com\/noticias#listItem","position":1,"name":"Home","item":"https:\/\/www.eldigitaldeasturias.com\/noticias","nextItem":{"@type":"ListItem","@id":"https:\/\/www.eldigitaldeasturias.com\/noticias\/category\/actualidad-asturias\/#listItem","name":"Actualidad Asturias"}},{"@type":"ListItem","@id":"https:\/\/www.eldigitaldeasturias.com\/noticias\/category\/actualidad-asturias\/#listItem","position":2,"name":"Actualidad Asturias","item":"https:\/\/www.eldigitaldeasturias.com\/noticias\/category\/actualidad-asturias\/","nextItem":{"@type":"ListItem","@id":"https:\/\/www.eldigitaldeasturias.com\/noticias\/la-reserva-hidraulica-del-cantabrico-al-703-por-ciento-de-su-capacidad\/#listItem","name":"La reserva hidr\u00e1ulica del Cant\u00e1brico, al 70,3% por ciento de su capacidad"},"previousItem":{"@type":"ListItem","@id":"https:\/\/www.eldigitaldeasturias.com\/noticias#listItem","name":"Home"}},{"@type":"ListItem","@id":"https:\/\/www.eldigitaldeasturias.com\/noticias\/la-reserva-hidraulica-del-cantabrico-al-703-por-ciento-de-su-capacidad\/#listItem","position":3,"name":"La reserva hidr\u00e1ulica del Cant\u00e1brico, al 70,3% por ciento de su capacidad","previousItem":{"@type":"ListItem","@id":"https:\/\/www.eldigitaldeasturias.com\/noticias\/category\/actualidad-asturias\/#listItem","name":"Actualidad Asturias"}}]},{"@type":"Organization","@id":"https:\/\/www.eldigitaldeasturias.com\/noticias\/#organization","name":"El Digital de Asturias","description":"Hemeroteca","url":"https:\/\/www.eldigitaldeasturias.com\/noticias\/","email":"info@eldigitaldeasturias.com","telephone":"+34652131393","logo":{"@type":"ImageObject","url":"https:\/\/www.eldigitaldeasturias.com\/noticias\/wp-content\/uploads\/2020\/12\/EDA.jpg","@id":"https:\/\/www.eldigitaldeasturias.com\/noticias\/la-reserva-hidraulica-del-cantabrico-al-703-por-ciento-de-su-capacidad\/#organizationLogo"},"image":{"@id":"https:\/\/www.eldigitaldeasturias.com\/noticias\/la-reserva-hidraulica-del-cantabrico-al-703-por-ciento-de-su-capacidad\/#organizationLogo"},"sameAs":["https:\/\/facebook.com\/eldigitaldeasturias","https:\/\/www.youtube.com\/channel\/UCZP-2wLEB9Rv6erhFmqVnvg"],"address":{"@id":"https:\/\/www.eldigitaldeasturias.com\/noticias\/#postaladdress","@type":"PostalAddress","streetAddress":"san antonio 4","postalCode":"33430","addressLocality":"Cand\u00e1s","addressRegion":"Asturias","addressCountry":"ES"}},{"@type":"Person","@id":"https:\/\/www.eldigitaldeasturias.com\/noticias\/author\/admin\/#author","url":"https:\/\/www.eldigitaldeasturias.com\/noticias\/author\/admin\/","name":"El Digital de Asturias","image":{"@type":"ImageObject","@id":"https:\/\/www.eldigitaldeasturias.com\/noticias\/la-reserva-hidraulica-del-cantabrico-al-703-por-ciento-de-su-capacidad\/#authorImage","url":"https:\/\/secure.gravatar.com\/avatar\/df2aeffc32bcd13f8d26072ef8a91b623d677766deac7f97ca815868cd41bf5e?s=96&d=mm&r=g","width":96,"height":96,"caption":"El Digital de Asturias"}},{"@type":"WebPage","@id":"https:\/\/www.eldigitaldeasturias.com\/noticias\/la-reserva-hidraulica-del-cantabrico-al-703-por-ciento-de-su-capacidad\/#webpage","url":"https:\/\/www.eldigitaldeasturias.com\/noticias\/la-reserva-hidraulica-del-cantabrico-al-703-por-ciento-de-su-capacidad\/","name":"La reserva hidr\u00e1ulica del Cant\u00e1brico, al 70,3% por ciento de su capacidad - El Digital de Asturias","description":"Madrid\/Oviedo, 3 dic (EFE).- Los embalses de Asturias y Cantabria tienen almacenados 445 hect\u00f3metros c\u00fabicos de agua, lo que los sit\u00faa al 70,3 por ciento de su capacidad, 1,4 puntos menos -nueve hect\u00f3metros c\u00fabicos- que hace una semana. De este modo, la reserva hidr\u00e1ulica del Cant\u00e1brico se sit\u00faa por encima de los 416 hect\u00f3metros c\u00fabicos","inLanguage":"es-ES","isPartOf":{"@id":"https:\/\/www.eldigitaldeasturias.com\/noticias\/#website"},"breadcrumb":{"@id":"https:\/\/www.eldigitaldeasturias.com\/noticias\/la-reserva-hidraulica-del-cantabrico-al-703-por-ciento-de-su-capacidad\/#breadcrumblist"},"author":{"@id":"https:\/\/www.eldigitaldeasturias.com\/noticias\/author\/admin\/#author"},"creator":{"@id":"https:\/\/www.eldigitaldeasturias.com\/noticias\/author\/admin\/#author"},"image":{"@type":"ImageObject","url":"https:\/\/www.eldigitaldeasturias.com\/noticias\/wp-content\/uploads\/2026\/06\/Contenidos.jpg","@id":"https:\/\/www.eldigitaldeasturias.com\/noticias\/la-reserva-hidraulica-del-cantabrico-al-703-por-ciento-de-su-capacidad\/#mainImage","width":1265,"height":697,"caption":"Contenidos"},"primaryImageOfPage":{"@id":"https:\/\/www.eldigitaldeasturias.com\/noticias\/la-reserva-hidraulica-del-cantabrico-al-703-por-ciento-de-su-capacidad\/#mainImage"},"datePublished":"2013-12-03T14:20:49+01:00","dateModified":"2013-12-03T14:20:49+01:00"},{"@type":"WebSite","@id":"https:\/\/www.eldigitaldeasturias.com\/noticias\/#website","url":"https:\/\/www.eldigitaldeasturias.com\/noticias\/","name":"El Digital de Asturias - Diario de actualidad y noticias","alternateName":"El Digital de Asturias - Diario de actualidad y noticias","description":"Hemeroteca","inLanguage":"es-ES","publisher":{"@id":"https:\/\/www.eldigitaldeasturias.com\/noticias\/#organization"}}]},"og:locale":"es_ES","og:site_name":"El Digital de Asturias","og:type":"article","og:title":"La reserva hidr\u00e1ulica del Cant\u00e1brico, al 70,3% por ciento de su capacidad - El Digital de Asturias","og:description":"Madrid\/Oviedo, 3 dic (EFE).- Los embalses de Asturias y Cantabria tienen almacenados 445 hect\u00f3metros c\u00fabicos de agua, lo que los sit\u00faa al 70,3 por ciento de su capacidad, 1,4 puntos menos -nueve hect\u00f3metros c\u00fabicos- que hace una semana. De este modo, la reserva hidr\u00e1ulica del Cant\u00e1brico se sit\u00faa por encima de los 416 hect\u00f3metros c\u00fabicos","og:url":"https:\/\/www.eldigitaldeasturias.com\/noticias\/la-reserva-hidraulica-del-cantabrico-al-703-por-ciento-de-su-capacidad\/","og:image":"https:\/\/www.eldigitaldeasturias.com\/noticias\/wp-content\/uploads\/2026\/06\/Contenidos.jpg","og:image:secure_url":"https:\/\/www.eldigitaldeasturias.com\/noticias\/wp-content\/uploads\/2026\/06\/Contenidos.jpg","og:image:width":1265,"og:image:height":697,"article:tag":["actualidad asturias"],"article:published_time":"2013-12-03T15:20:49+00:00","article:modified_time":"2013-12-03T15:20:49+00:00","article:publisher":"https:\/\/facebook.com\/eldigitaldeasturias","twitter:card":"summary_large_image","twitter:title":"La reserva hidr\u00e1ulica del Cant\u00e1brico, al 70,3% por ciento de su capacidad - El Digital de Asturias","twitter:description":"Madrid\/Oviedo, 3 dic (EFE).- Los embalses de Asturias y Cantabria tienen almacenados 445 hect\u00f3metros c\u00fabicos de agua, lo que los sit\u00faa al 70,3 por ciento de su capacidad, 1,4 puntos menos -nueve hect\u00f3metros c\u00fabicos- que hace una semana. De este modo, la reserva hidr\u00e1ulica del Cant\u00e1brico se sit\u00faa por encima de los 416 hect\u00f3metros c\u00fabicos","twitter:image":"https:\/\/www.eldigitaldeasturias.com\/noticias\/wp-content\/uploads\/2026\/06\/Contenidos.jpg","twitter:label1":"Escrito por","twitter:data1":"El Digital de Asturias","twitter:label2":"Tiempo de lectura estimado","twitter:data2":"1 minuto"},"aioseo_meta_data":{"post_id":"457108","title":null,"description":null,"keywords":null,"keyphrases":null,"primary_term":null,"canonical_url":null,"og_title":null,"og_description":null,"og_object_type":"default","og_image_type":"default","og_image_url":null,"og_image_width":null,"og_image_height":null,"og_image_custom_url":null,"og_image_custom_fields":null,"og_video":null,"og_custom_url":null,"og_article_section":null,"og_article_tags":null,"twitter_use_og":true,"twitter_card":"default","twitter_image_type":"default","twitter_image_url":null,"twitter_image_custom_url":null,"twitter_image_custom_fields":null,"twitter_title":null,"twitter_description":null,"schema":{"blockGraphs":[],"customGraphs":[],"default":{"data":{"Article":[],"Course":[],"Dataset":[],"FAQPage":[],"Movie":[],"Person":[],"Product":[],"ProductReview":[],"Car":[],"Recipe":[],"Service":[],"SoftwareApplication":[],"WebPage":[]},"graphName":"","isEnabled":true},"graphs":[],"defaultGraph":"","defaultPostTypeGraph":""},"schema_type":null,"schema_type_options":null,"pillar_content":false,"robots_default":true,"robots_noindex":false,"robots_noarchive":false,"robots_nosnippet":false,"robots_nofollow":false,"robots_noimageindex":false,"robots_noodp":false,"robots_notranslate":false,"robots_max_snippet":null,"robots_max_videopreview":null,"robots_max_imagepreview":"none","priority":null,"frequency":null,"local_seo":null,"seo_analyzer_scan_date":"2026-05-30 00:21:04","breadcrumb_settings":null,"limit_modified_date":false,"open_ai":null,"ai":null,"created":"2020-11-14 22:46:05","updated":"2026-05-30 00:21:04","focus_keyword":null,"additional_keywords":null,"truseo_locale":null},"aioseo_breadcrumb":"<div class=\"aioseo-breadcrumbs\"><span class=\"aioseo-breadcrumb\">\n\t<a href=\"https:\/\/www.eldigitaldeasturias.com\/noticias\" title=\"Home\">Home<\/a>\n<\/span><span class=\"aioseo-breadcrumb-separator\">\u2013<\/span><span class=\"aioseo-breadcrumb\">\n\t<a href=\"https:\/\/www.eldigitaldeasturias.com\/noticias\/category\/actualidad-asturias\/\" title=\"Actualidad Asturias\">Actualidad Asturias<\/a>\n<\/span><span class=\"aioseo-breadcrumb-separator\">\u2013<\/span><span class=\"aioseo-breadcrumb\">\n\t<a href=\"https:\/\/www.eldigitaldeasturias.com\/noticias\/la-reserva-hidraulica-del-cantabrico-al-703-por-ciento-de-su-capacidad\/\" title=\"La reserva hidr\u00e1ulica del Cant\u00e1brico, al 70,3% por ciento de su capacidad\">La reserva hidr\u00e1ulica del Cant\u00e1brico, al 70,3% por ciento de su capacidad<\/a>\n<\/span><\/div>","aioseo_breadcrumb_json":[{"label":"Home","link":"https:\/\/www.eldigitaldeasturias.com\/noticias"},{"label":"Actualidad Asturias","link":"https:\/\/www.eldigitaldeasturias.com\/noticias\/category\/actualidad-asturias\/"},{"label":"La reserva hidr\u00e1ulica del Cant\u00e1brico, al 70,3% por ciento de su capacidad","link":"https:\/\/www.eldigitaldeasturias.com\/noticias\/la-reserva-hidraulica-del-cantabrico-al-703-por-ciento-de-su-capacidad\/"}],"_links":{"self":[{"href":"https:\/\/www.eldigitaldeasturias.com\/noticias\/wp-json\/wp\/v2\/posts\/457108","targetHints":{"allow":["GET"]}}],"collection":[{"href":"https:\/\/www.eldigitaldeasturias.com\/noticias\/wp-json\/wp\/v2\/posts"}],"about":[{"href":"https:\/\/www.eldigitaldeasturias.com\/noticias\/wp-json\/wp\/v2\/types\/post"}],"author":[{"embeddable":true,"href":"https:\/\/www.eldigitaldeasturias.com\/noticias\/wp-json\/wp\/v2\/users\/1"}],"replies":[{"embeddable":true,"href":"https:\/\/www.eldigitaldeasturias.com\/noticias\/wp-json\/wp\/v2\/comments?post=457108"}],"version-history":[{"count":0,"href":"https:\/\/www.eldigitaldeasturias.com\/noticias\/wp-json\/wp\/v2\/posts\/457108\/revisions"}],"wp:featuredmedia":[{"embeddable":true,"href":"https:\/\/www.eldigitaldeasturias.com\/noticias\/wp-json\/wp\/v2\/media\/1132184"}],"wp:attachment":[{"href":"https:\/\/www.eldigitaldeasturias.com\/noticias\/wp-json\/wp\/v2\/media?parent=457108"}],"wp:term":[{"taxonomy":"category","embeddable":true,"href":"https:\/\/www.eldigitaldeasturias.com\/noticias\/wp-json\/wp\/v2\/categories?post=457108"},{"taxonomy":"post_tag","embeddable":true,"href":"https:\/\/www.eldigitaldeasturias.com\/noticias\/wp-json\/wp\/v2\/tags?post=457108"}],"curies":[{"name":"wp","href":"https:\/\/api.w.org\/{rel}","templated":true}]}}