{"id":457103,"date":"2013-12-03T14:16:13","date_gmt":"2013-12-03T15:16:13","guid":{"rendered":"http:\/\/www.eldigitaldeasturias.com\/noticias\/?p=457103"},"modified":"2013-12-03T14:16:13","modified_gmt":"2013-12-03T15:16:13","slug":"foro-pide-a-fernandez-que-asista-a-la-conmemoracion-del-dia-de-la-constitucion","status":"publish","type":"post","link":"https:\/\/www.eldigitaldeasturias.com\/noticias\/foro-pide-a-fernandez-que-asista-a-la-conmemoracion-del-dia-de-la-constitucion\/","title":{"rendered":"Foro pide a Fern\u00e1ndez que asista a la conmemoraci\u00f3n del D\u00eda de la Constituci\u00f3n"},"content":{"rendered":"<p><img loading=\"lazy\" decoding=\"async\" class=\"alignleft size-medium wp-image-681\" alt=\"palamento_20130913133437_8001\" src=\"https:\/\/www.eldigitaldeasturias.com\/noticias\/wp-content\/uploads\/2013\/09\/palamento_20130913133437_8001-360x240.jpg\" width=\"360\" height=\"240\" \/>Oviedo, 3 dic (EFE).- La portavoz de Foro en la Junta General, Cristina Coto, ha emplazado hoy al presidente del Principado, Javier Fern\u00e1ndez, a asistir a los actos conmemorativos del 35 aniversario de la aprobaci\u00f3n de la Constituci\u00f3n espa\u00f1ola que tendr\u00e1 lugar el pr\u00f3ximo viernes en Madrid.<\/p>\n<p>Los presidentes del Congreso, Jes\u00fas Posada, y del Senado, P\u00edo Garc\u00eda-Escudero, presidir\u00e1n ese d\u00eda el acto central del D\u00eda de la Constituci\u00f3n con una recepci\u00f3n oficial a la que asiste el Ejecutivo y representantes de las altas instituciones del Estado<\/p>\n<p>En un comunicado, la diputada forista requiere del jefe del Ejecutivo que incluya \u00aben su holgada agenda\u00bb la conmemoraci\u00f3n del D\u00eda de la Constituci\u00f3n, \u00aby que su proverbial absentismo no le invite a repetir la ausencia del D\u00eda de la Fiesta Nacional\u00bb.<\/p>\n<p>\u00abLa desidia cr\u00f3nica es un vicio incompatible con la Presidencia del Gobierno y m\u00e1s a\u00fan cuando se convierte en un desprecio institucional al Estado\u00bb, se\u00f1ala Coto, que critica adem\u00e1s la respuesta del Prinicpado la pregunta que Foro formul\u00f3 sobre qui\u00e9n hab\u00eda representado este a\u00f1o a Asturias en el d\u00eda de la Hispanidad.<\/p>\n<p>El Gobierno record\u00f3 a Foro que la representaci\u00f3n del Gobierno asturiano en el d\u00eda de la Hispanidad recae en el Presidente del Principado \u00abque estuvo presente el pasado a\u00f1o, no as\u00ed \u00e9ste\u00bb<\/p>\n<p>Para Coto, \u00abno se entiende la ausencia del presidente del Principado o, en caso de imposibilidad material, que no consta, de alguien delegado por \u00e9l en los actos del d\u00eda de la Hispanidad\u00bb y lo atribuye\u00a0 a \u00abun ejemplo de la frivolidad\u00bb ante su obligaci\u00f3n \u00abde representar a Asturias y a los asturianos\u00bb.<\/p>\n","protected":false},"excerpt":{"rendered":"<p>Oviedo, 3 dic (EFE).- La portavoz de Foro en la Junta General, Cristina Coto, ha emplazado hoy al presidente del Principado, Javier Fern\u00e1ndez, a asistir a los actos conmemorativos del 35 aniversario de la aprobaci\u00f3n de la Constituci\u00f3n espa\u00f1ola que tendr\u00e1 lugar el pr\u00f3ximo viernes en Madrid. Los presidentes del Congreso, Jes\u00fas Posada, y del [&hellip;]<\/p>\n","protected":false},"author":1,"featured_media":1132184,"comment_status":"closed","ping_status":"open","sticky":false,"template":"","format":"standard","meta":{"footnotes":""},"categories":[12],"tags":[],"class_list":["post-457103","post","type-post","status-publish","format-standard","has-post-thumbnail","hentry","category-actualidad-asturias"],"aioseo_notices":[],"aioseo_head":"\n\t\t<!-- All in One SEO Pro 5.0.1 - aioseo.com -->\n\t<meta name=\"description\" content=\"Oviedo, 3 dic (EFE).- La portavoz de Foro en la Junta General, Cristina Coto, ha emplazado hoy al presidente del Principado, Javier Fern\u00e1ndez, a asistir a los actos conmemorativos del 35 aniversario de la aprobaci\u00f3n de la Constituci\u00f3n espa\u00f1ola que tendr\u00e1 lugar el pr\u00f3ximo viernes en Madrid. Los presidentes del Congreso, Jes\u00fas Posada, y del\" \/>\n\t<meta name=\"robots\" content=\"max-image-preview:large\" \/>\n\t<meta name=\"author\" content=\"El Digital de Asturias\"\/>\n\t<meta name=\"google-site-verification\" content=\"UA-38556648-1\" \/>\n\t<meta name=\"msvalidate.01\" content=\"7dfe9f3f1b24437ab69f4f2559babe99\" \/>\n\t<meta name=\"keywords\" content=\"actualidad asturias\" \/>\n\t<link rel=\"canonical\" href=\"https:\/\/www.eldigitaldeasturias.com\/noticias\/foro-pide-a-fernandez-que-asista-a-la-conmemoracion-del-dia-de-la-constitucion\/\" \/>\n\t<meta name=\"generator\" content=\"All in One SEO Pro (AIOSEO) 5.0.1\" \/>\n\t\t<meta property=\"og:locale\" content=\"es_ES\" \/>\n\t\t<meta property=\"og:site_name\" content=\"El Digital de Asturias\" \/>\n\t\t<meta property=\"og:type\" content=\"article\" \/>\n\t\t<meta property=\"og:title\" content=\"Foro pide a Fern\u00e1ndez que asista a la conmemoraci\u00f3n del D\u00eda de la Constituci\u00f3n - El Digital de Asturias\" \/>\n\t\t<meta property=\"og:description\" content=\"Oviedo, 3 dic (EFE).- La portavoz de Foro en la Junta General, Cristina Coto, ha emplazado hoy al presidente del Principado, Javier Fern\u00e1ndez, a asistir a los actos conmemorativos del 35 aniversario de la aprobaci\u00f3n de la Constituci\u00f3n espa\u00f1ola que tendr\u00e1 lugar el pr\u00f3ximo viernes en Madrid. Los presidentes del Congreso, Jes\u00fas Posada, y del\" \/>\n\t\t<meta property=\"og:url\" content=\"https:\/\/www.eldigitaldeasturias.com\/noticias\/foro-pide-a-fernandez-que-asista-a-la-conmemoracion-del-dia-de-la-constitucion\/\" \/>\n\t\t<meta property=\"og:image\" content=\"https:\/\/www.eldigitaldeasturias.com\/noticias\/wp-content\/uploads\/2026\/06\/Contenidos.jpg\" \/>\n\t\t<meta property=\"og:image:secure_url\" content=\"https:\/\/www.eldigitaldeasturias.com\/noticias\/wp-content\/uploads\/2026\/06\/Contenidos.jpg\" \/>\n\t\t<meta property=\"og:image:width\" content=\"1265\" \/>\n\t\t<meta property=\"og:image:height\" content=\"697\" \/>\n\t\t<meta property=\"article:tag\" content=\"actualidad asturias\" \/>\n\t\t<meta property=\"article:published_time\" content=\"2013-12-03T15:16:13+00:00\" \/>\n\t\t<meta property=\"article:modified_time\" content=\"2013-12-03T15:16:13+00:00\" \/>\n\t\t<meta property=\"article:publisher\" content=\"https:\/\/facebook.com\/eldigitaldeasturias\" \/>\n\t\t<meta name=\"twitter:card\" content=\"summary_large_image\" \/>\n\t\t<meta name=\"twitter:title\" content=\"Foro pide a Fern\u00e1ndez que asista a la conmemoraci\u00f3n del D\u00eda de la Constituci\u00f3n - El Digital de Asturias\" \/>\n\t\t<meta name=\"twitter:description\" content=\"Oviedo, 3 dic (EFE).- La portavoz de Foro en la Junta General, Cristina Coto, ha emplazado hoy al presidente del Principado, Javier Fern\u00e1ndez, a asistir a los actos conmemorativos del 35 aniversario de la aprobaci\u00f3n de la Constituci\u00f3n espa\u00f1ola que tendr\u00e1 lugar el pr\u00f3ximo viernes en Madrid. Los presidentes del Congreso, Jes\u00fas Posada, y del\" \/>\n\t\t<meta name=\"twitter:image\" content=\"https:\/\/www.eldigitaldeasturias.com\/noticias\/wp-content\/uploads\/2026\/06\/Contenidos.jpg\" \/>\n\t\t<meta name=\"twitter:label1\" content=\"Escrito por\" \/>\n\t\t<meta name=\"twitter:data1\" content=\"El Digital de Asturias\" \/>\n\t\t<meta name=\"twitter:label2\" content=\"Tiempo de lectura estimado\" \/>\n\t\t<meta name=\"twitter:data2\" content=\"1 minuto\" \/>\n\t\t<script type=\"application\/ld+json\" class=\"aioseo-schema\">\n\t\t\t{\"@context\":\"https:\\\/\\\/schema.org\",\"@graph\":[{\"@type\":\"BlogPosting\",\"@id\":\"https:\\\/\\\/www.eldigitaldeasturias.com\\\/noticias\\\/foro-pide-a-fernandez-que-asista-a-la-conmemoracion-del-dia-de-la-constitucion\\\/#blogposting\",\"name\":\"Foro pide a Fern\\u00e1ndez que asista a la conmemoraci\\u00f3n del D\\u00eda de la Constituci\\u00f3n - El Digital de Asturias\",\"headline\":\"Foro pide a Fern\\u00e1ndez que asista a la conmemoraci\\u00f3n del D\\u00eda de la Constituci\\u00f3n\",\"author\":{\"@id\":\"https:\\\/\\\/www.eldigitaldeasturias.com\\\/noticias\\\/author\\\/admin\\\/#author\"},\"publisher\":{\"@id\":\"https:\\\/\\\/www.eldigitaldeasturias.com\\\/noticias\\\/#organization\"},\"image\":{\"@type\":\"ImageObject\",\"url\":\"https:\\\/\\\/www.eldigitaldeasturias.com\\\/noticias\\\/wp-content\\\/uploads\\\/2026\\\/06\\\/Contenidos.jpg\",\"width\":1265,\"height\":697,\"caption\":\"Contenidos\"},\"datePublished\":\"2013-12-03T14:16:13+01:00\",\"dateModified\":\"2013-12-03T14:16:13+01:00\",\"inLanguage\":\"es-ES\",\"mainEntityOfPage\":{\"@id\":\"https:\\\/\\\/www.eldigitaldeasturias.com\\\/noticias\\\/foro-pide-a-fernandez-que-asista-a-la-conmemoracion-del-dia-de-la-constitucion\\\/#webpage\"},\"isPartOf\":{\"@id\":\"https:\\\/\\\/www.eldigitaldeasturias.com\\\/noticias\\\/foro-pide-a-fernandez-que-asista-a-la-conmemoracion-del-dia-de-la-constitucion\\\/#webpage\"},\"articleSection\":\"Actualidad Asturias\"},{\"@type\":\"BreadcrumbList\",\"@id\":\"https:\\\/\\\/www.eldigitaldeasturias.com\\\/noticias\\\/foro-pide-a-fernandez-que-asista-a-la-conmemoracion-del-dia-de-la-constitucion\\\/#breadcrumblist\",\"itemListElement\":[{\"@type\":\"ListItem\",\"@id\":\"https:\\\/\\\/www.eldigitaldeasturias.com\\\/noticias#listItem\",\"position\":1,\"name\":\"Home\",\"item\":\"https:\\\/\\\/www.eldigitaldeasturias.com\\\/noticias\",\"nextItem\":{\"@type\":\"ListItem\",\"@id\":\"https:\\\/\\\/www.eldigitaldeasturias.com\\\/noticias\\\/category\\\/actualidad-asturias\\\/#listItem\",\"name\":\"Actualidad Asturias\"}},{\"@type\":\"ListItem\",\"@id\":\"https:\\\/\\\/www.eldigitaldeasturias.com\\\/noticias\\\/category\\\/actualidad-asturias\\\/#listItem\",\"position\":2,\"name\":\"Actualidad Asturias\",\"item\":\"https:\\\/\\\/www.eldigitaldeasturias.com\\\/noticias\\\/category\\\/actualidad-asturias\\\/\",\"nextItem\":{\"@type\":\"ListItem\",\"@id\":\"https:\\\/\\\/www.eldigitaldeasturias.com\\\/noticias\\\/foro-pide-a-fernandez-que-asista-a-la-conmemoracion-del-dia-de-la-constitucion\\\/#listItem\",\"name\":\"Foro pide a Fern\\u00e1ndez que asista a la conmemoraci\\u00f3n del D\\u00eda de la Constituci\\u00f3n\"},\"previousItem\":{\"@type\":\"ListItem\",\"@id\":\"https:\\\/\\\/www.eldigitaldeasturias.com\\\/noticias#listItem\",\"name\":\"Home\"}},{\"@type\":\"ListItem\",\"@id\":\"https:\\\/\\\/www.eldigitaldeasturias.com\\\/noticias\\\/foro-pide-a-fernandez-que-asista-a-la-conmemoracion-del-dia-de-la-constitucion\\\/#listItem\",\"position\":3,\"name\":\"Foro pide a Fern\\u00e1ndez que asista a la conmemoraci\\u00f3n del D\\u00eda de la Constituci\\u00f3n\",\"previousItem\":{\"@type\":\"ListItem\",\"@id\":\"https:\\\/\\\/www.eldigitaldeasturias.com\\\/noticias\\\/category\\\/actualidad-asturias\\\/#listItem\",\"name\":\"Actualidad Asturias\"}}]},{\"@type\":\"Organization\",\"@id\":\"https:\\\/\\\/www.eldigitaldeasturias.com\\\/noticias\\\/#organization\",\"name\":\"El Digital de Asturias\",\"description\":\"Hemeroteca\",\"url\":\"https:\\\/\\\/www.eldigitaldeasturias.com\\\/noticias\\\/\",\"email\":\"info@eldigitaldeasturias.com\",\"telephone\":\"+34652131393\",\"logo\":{\"@type\":\"ImageObject\",\"url\":\"https:\\\/\\\/www.eldigitaldeasturias.com\\\/noticias\\\/wp-content\\\/uploads\\\/2020\\\/12\\\/EDA.jpg\",\"@id\":\"https:\\\/\\\/www.eldigitaldeasturias.com\\\/noticias\\\/foro-pide-a-fernandez-que-asista-a-la-conmemoracion-del-dia-de-la-constitucion\\\/#organizationLogo\"},\"image\":{\"@id\":\"https:\\\/\\\/www.eldigitaldeasturias.com\\\/noticias\\\/foro-pide-a-fernandez-que-asista-a-la-conmemoracion-del-dia-de-la-constitucion\\\/#organizationLogo\"},\"sameAs\":[\"https:\\\/\\\/facebook.com\\\/eldigitaldeasturias\",\"https:\\\/\\\/www.youtube.com\\\/channel\\\/UCZP-2wLEB9Rv6erhFmqVnvg\"],\"address\":{\"@id\":\"https:\\\/\\\/www.eldigitaldeasturias.com\\\/noticias\\\/#postaladdress\",\"@type\":\"PostalAddress\",\"streetAddress\":\"san antonio 4\",\"postalCode\":\"33430\",\"addressLocality\":\"Cand\\u00e1s\",\"addressRegion\":\"Asturias\",\"addressCountry\":\"ES\"}},{\"@type\":\"Person\",\"@id\":\"https:\\\/\\\/www.eldigitaldeasturias.com\\\/noticias\\\/author\\\/admin\\\/#author\",\"url\":\"https:\\\/\\\/www.eldigitaldeasturias.com\\\/noticias\\\/author\\\/admin\\\/\",\"name\":\"El Digital de Asturias\",\"image\":{\"@type\":\"ImageObject\",\"@id\":\"https:\\\/\\\/www.eldigitaldeasturias.com\\\/noticias\\\/foro-pide-a-fernandez-que-asista-a-la-conmemoracion-del-dia-de-la-constitucion\\\/#authorImage\",\"url\":\"https:\\\/\\\/secure.gravatar.com\\\/avatar\\\/df2aeffc32bcd13f8d26072ef8a91b623d677766deac7f97ca815868cd41bf5e?s=96&d=mm&r=g\",\"width\":96,\"height\":96,\"caption\":\"El Digital de Asturias\"}},{\"@type\":\"WebPage\",\"@id\":\"https:\\\/\\\/www.eldigitaldeasturias.com\\\/noticias\\\/foro-pide-a-fernandez-que-asista-a-la-conmemoracion-del-dia-de-la-constitucion\\\/#webpage\",\"url\":\"https:\\\/\\\/www.eldigitaldeasturias.com\\\/noticias\\\/foro-pide-a-fernandez-que-asista-a-la-conmemoracion-del-dia-de-la-constitucion\\\/\",\"name\":\"Foro pide a Fern\\u00e1ndez que asista a la conmemoraci\\u00f3n del D\\u00eda de la Constituci\\u00f3n - El Digital de Asturias\",\"description\":\"Oviedo, 3 dic (EFE).- La portavoz de Foro en la Junta General, Cristina Coto, ha emplazado hoy al presidente del Principado, Javier Fern\\u00e1ndez, a asistir a los actos conmemorativos del 35 aniversario de la aprobaci\\u00f3n de la Constituci\\u00f3n espa\\u00f1ola que tendr\\u00e1 lugar el pr\\u00f3ximo viernes en Madrid. Los presidentes del Congreso, Jes\\u00fas Posada, y del\",\"inLanguage\":\"es-ES\",\"isPartOf\":{\"@id\":\"https:\\\/\\\/www.eldigitaldeasturias.com\\\/noticias\\\/#website\"},\"breadcrumb\":{\"@id\":\"https:\\\/\\\/www.eldigitaldeasturias.com\\\/noticias\\\/foro-pide-a-fernandez-que-asista-a-la-conmemoracion-del-dia-de-la-constitucion\\\/#breadcrumblist\"},\"author\":{\"@id\":\"https:\\\/\\\/www.eldigitaldeasturias.com\\\/noticias\\\/author\\\/admin\\\/#author\"},\"creator\":{\"@id\":\"https:\\\/\\\/www.eldigitaldeasturias.com\\\/noticias\\\/author\\\/admin\\\/#author\"},\"image\":{\"@type\":\"ImageObject\",\"url\":\"https:\\\/\\\/www.eldigitaldeasturias.com\\\/noticias\\\/wp-content\\\/uploads\\\/2026\\\/06\\\/Contenidos.jpg\",\"@id\":\"https:\\\/\\\/www.eldigitaldeasturias.com\\\/noticias\\\/foro-pide-a-fernandez-que-asista-a-la-conmemoracion-del-dia-de-la-constitucion\\\/#mainImage\",\"width\":1265,\"height\":697,\"caption\":\"Contenidos\"},\"primaryImageOfPage\":{\"@id\":\"https:\\\/\\\/www.eldigitaldeasturias.com\\\/noticias\\\/foro-pide-a-fernandez-que-asista-a-la-conmemoracion-del-dia-de-la-constitucion\\\/#mainImage\"},\"datePublished\":\"2013-12-03T14:16:13+01:00\",\"dateModified\":\"2013-12-03T14:16:13+01:00\"},{\"@type\":\"WebSite\",\"@id\":\"https:\\\/\\\/www.eldigitaldeasturias.com\\\/noticias\\\/#website\",\"url\":\"https:\\\/\\\/www.eldigitaldeasturias.com\\\/noticias\\\/\",\"name\":\"El Digital de Asturias - Diario de actualidad y noticias\",\"alternateName\":\"El Digital de Asturias - Diario de actualidad y noticias\",\"description\":\"Hemeroteca\",\"inLanguage\":\"es-ES\",\"publisher\":{\"@id\":\"https:\\\/\\\/www.eldigitaldeasturias.com\\\/noticias\\\/#organization\"}}]}\n\t\t<\/script>\n\t\t<!-- All in One SEO Pro -->\r\n\t\t<title>Foro pide a Fern\u00e1ndez que asista a la conmemoraci\u00f3n del D\u00eda de la Constituci\u00f3n - El Digital de Asturias<\/title>\n\n","aioseo_head_json":{"title":"Foro pide a Fern\u00e1ndez que asista a la conmemoraci\u00f3n del D\u00eda de la Constituci\u00f3n - El Digital de Asturias","description":"Oviedo, 3 dic (EFE).- La portavoz de Foro en la Junta General, Cristina Coto, ha emplazado hoy al presidente del Principado, Javier Fern\u00e1ndez, a asistir a los actos conmemorativos del 35 aniversario de la aprobaci\u00f3n de la Constituci\u00f3n espa\u00f1ola que tendr\u00e1 lugar el pr\u00f3ximo viernes en Madrid. Los presidentes del Congreso, Jes\u00fas Posada, y del","canonical_url":"https:\/\/www.eldigitaldeasturias.com\/noticias\/foro-pide-a-fernandez-que-asista-a-la-conmemoracion-del-dia-de-la-constitucion\/","robots":"max-image-preview:large","keywords":"actualidad asturias","webmasterTools":{"google-site-verification":"UA-38556648-1","msvalidate.01":"7dfe9f3f1b24437ab69f4f2559babe99","miscellaneous":""},"schema":{"@context":"https:\/\/schema.org","@graph":[{"@type":"BlogPosting","@id":"https:\/\/www.eldigitaldeasturias.com\/noticias\/foro-pide-a-fernandez-que-asista-a-la-conmemoracion-del-dia-de-la-constitucion\/#blogposting","name":"Foro pide a Fern\u00e1ndez que asista a la conmemoraci\u00f3n del D\u00eda de la Constituci\u00f3n - El Digital de Asturias","headline":"Foro pide a Fern\u00e1ndez que asista a la conmemoraci\u00f3n del D\u00eda de la Constituci\u00f3n","author":{"@id":"https:\/\/www.eldigitaldeasturias.com\/noticias\/author\/admin\/#author"},"publisher":{"@id":"https:\/\/www.eldigitaldeasturias.com\/noticias\/#organization"},"image":{"@type":"ImageObject","url":"https:\/\/www.eldigitaldeasturias.com\/noticias\/wp-content\/uploads\/2026\/06\/Contenidos.jpg","width":1265,"height":697,"caption":"Contenidos"},"datePublished":"2013-12-03T14:16:13+01:00","dateModified":"2013-12-03T14:16:13+01:00","inLanguage":"es-ES","mainEntityOfPage":{"@id":"https:\/\/www.eldigitaldeasturias.com\/noticias\/foro-pide-a-fernandez-que-asista-a-la-conmemoracion-del-dia-de-la-constitucion\/#webpage"},"isPartOf":{"@id":"https:\/\/www.eldigitaldeasturias.com\/noticias\/foro-pide-a-fernandez-que-asista-a-la-conmemoracion-del-dia-de-la-constitucion\/#webpage"},"articleSection":"Actualidad Asturias"},{"@type":"BreadcrumbList","@id":"https:\/\/www.eldigitaldeasturias.com\/noticias\/foro-pide-a-fernandez-que-asista-a-la-conmemoracion-del-dia-de-la-constitucion\/#breadcrumblist","itemListElement":[{"@type":"ListItem","@id":"https:\/\/www.eldigitaldeasturias.com\/noticias#listItem","position":1,"name":"Home","item":"https:\/\/www.eldigitaldeasturias.com\/noticias","nextItem":{"@type":"ListItem","@id":"https:\/\/www.eldigitaldeasturias.com\/noticias\/category\/actualidad-asturias\/#listItem","name":"Actualidad Asturias"}},{"@type":"ListItem","@id":"https:\/\/www.eldigitaldeasturias.com\/noticias\/category\/actualidad-asturias\/#listItem","position":2,"name":"Actualidad Asturias","item":"https:\/\/www.eldigitaldeasturias.com\/noticias\/category\/actualidad-asturias\/","nextItem":{"@type":"ListItem","@id":"https:\/\/www.eldigitaldeasturias.com\/noticias\/foro-pide-a-fernandez-que-asista-a-la-conmemoracion-del-dia-de-la-constitucion\/#listItem","name":"Foro pide a Fern\u00e1ndez que asista a la conmemoraci\u00f3n del D\u00eda de la Constituci\u00f3n"},"previousItem":{"@type":"ListItem","@id":"https:\/\/www.eldigitaldeasturias.com\/noticias#listItem","name":"Home"}},{"@type":"ListItem","@id":"https:\/\/www.eldigitaldeasturias.com\/noticias\/foro-pide-a-fernandez-que-asista-a-la-conmemoracion-del-dia-de-la-constitucion\/#listItem","position":3,"name":"Foro pide a Fern\u00e1ndez que asista a la conmemoraci\u00f3n del D\u00eda de la Constituci\u00f3n","previousItem":{"@type":"ListItem","@id":"https:\/\/www.eldigitaldeasturias.com\/noticias\/category\/actualidad-asturias\/#listItem","name":"Actualidad Asturias"}}]},{"@type":"Organization","@id":"https:\/\/www.eldigitaldeasturias.com\/noticias\/#organization","name":"El Digital de Asturias","description":"Hemeroteca","url":"https:\/\/www.eldigitaldeasturias.com\/noticias\/","email":"info@eldigitaldeasturias.com","telephone":"+34652131393","logo":{"@type":"ImageObject","url":"https:\/\/www.eldigitaldeasturias.com\/noticias\/wp-content\/uploads\/2020\/12\/EDA.jpg","@id":"https:\/\/www.eldigitaldeasturias.com\/noticias\/foro-pide-a-fernandez-que-asista-a-la-conmemoracion-del-dia-de-la-constitucion\/#organizationLogo"},"image":{"@id":"https:\/\/www.eldigitaldeasturias.com\/noticias\/foro-pide-a-fernandez-que-asista-a-la-conmemoracion-del-dia-de-la-constitucion\/#organizationLogo"},"sameAs":["https:\/\/facebook.com\/eldigitaldeasturias","https:\/\/www.youtube.com\/channel\/UCZP-2wLEB9Rv6erhFmqVnvg"],"address":{"@id":"https:\/\/www.eldigitaldeasturias.com\/noticias\/#postaladdress","@type":"PostalAddress","streetAddress":"san antonio 4","postalCode":"33430","addressLocality":"Cand\u00e1s","addressRegion":"Asturias","addressCountry":"ES"}},{"@type":"Person","@id":"https:\/\/www.eldigitaldeasturias.com\/noticias\/author\/admin\/#author","url":"https:\/\/www.eldigitaldeasturias.com\/noticias\/author\/admin\/","name":"El Digital de Asturias","image":{"@type":"ImageObject","@id":"https:\/\/www.eldigitaldeasturias.com\/noticias\/foro-pide-a-fernandez-que-asista-a-la-conmemoracion-del-dia-de-la-constitucion\/#authorImage","url":"https:\/\/secure.gravatar.com\/avatar\/df2aeffc32bcd13f8d26072ef8a91b623d677766deac7f97ca815868cd41bf5e?s=96&d=mm&r=g","width":96,"height":96,"caption":"El Digital de Asturias"}},{"@type":"WebPage","@id":"https:\/\/www.eldigitaldeasturias.com\/noticias\/foro-pide-a-fernandez-que-asista-a-la-conmemoracion-del-dia-de-la-constitucion\/#webpage","url":"https:\/\/www.eldigitaldeasturias.com\/noticias\/foro-pide-a-fernandez-que-asista-a-la-conmemoracion-del-dia-de-la-constitucion\/","name":"Foro pide a Fern\u00e1ndez que asista a la conmemoraci\u00f3n del D\u00eda de la Constituci\u00f3n - El Digital de Asturias","description":"Oviedo, 3 dic (EFE).- La portavoz de Foro en la Junta General, Cristina Coto, ha emplazado hoy al presidente del Principado, Javier Fern\u00e1ndez, a asistir a los actos conmemorativos del 35 aniversario de la aprobaci\u00f3n de la Constituci\u00f3n espa\u00f1ola que tendr\u00e1 lugar el pr\u00f3ximo viernes en Madrid. Los presidentes del Congreso, Jes\u00fas Posada, y del","inLanguage":"es-ES","isPartOf":{"@id":"https:\/\/www.eldigitaldeasturias.com\/noticias\/#website"},"breadcrumb":{"@id":"https:\/\/www.eldigitaldeasturias.com\/noticias\/foro-pide-a-fernandez-que-asista-a-la-conmemoracion-del-dia-de-la-constitucion\/#breadcrumblist"},"author":{"@id":"https:\/\/www.eldigitaldeasturias.com\/noticias\/author\/admin\/#author"},"creator":{"@id":"https:\/\/www.eldigitaldeasturias.com\/noticias\/author\/admin\/#author"},"image":{"@type":"ImageObject","url":"https:\/\/www.eldigitaldeasturias.com\/noticias\/wp-content\/uploads\/2026\/06\/Contenidos.jpg","@id":"https:\/\/www.eldigitaldeasturias.com\/noticias\/foro-pide-a-fernandez-que-asista-a-la-conmemoracion-del-dia-de-la-constitucion\/#mainImage","width":1265,"height":697,"caption":"Contenidos"},"primaryImageOfPage":{"@id":"https:\/\/www.eldigitaldeasturias.com\/noticias\/foro-pide-a-fernandez-que-asista-a-la-conmemoracion-del-dia-de-la-constitucion\/#mainImage"},"datePublished":"2013-12-03T14:16:13+01:00","dateModified":"2013-12-03T14:16:13+01:00"},{"@type":"WebSite","@id":"https:\/\/www.eldigitaldeasturias.com\/noticias\/#website","url":"https:\/\/www.eldigitaldeasturias.com\/noticias\/","name":"El Digital de Asturias - Diario de actualidad y noticias","alternateName":"El Digital de Asturias - Diario de actualidad y noticias","description":"Hemeroteca","inLanguage":"es-ES","publisher":{"@id":"https:\/\/www.eldigitaldeasturias.com\/noticias\/#organization"}}]},"og:locale":"es_ES","og:site_name":"El Digital de Asturias","og:type":"article","og:title":"Foro pide a Fern\u00e1ndez que asista a la conmemoraci\u00f3n del D\u00eda de la Constituci\u00f3n - El Digital de Asturias","og:description":"Oviedo, 3 dic (EFE).- La portavoz de Foro en la Junta General, Cristina Coto, ha emplazado hoy al presidente del Principado, Javier Fern\u00e1ndez, a asistir a los actos conmemorativos del 35 aniversario de la aprobaci\u00f3n de la Constituci\u00f3n espa\u00f1ola que tendr\u00e1 lugar el pr\u00f3ximo viernes en Madrid. Los presidentes del Congreso, Jes\u00fas Posada, y del","og:url":"https:\/\/www.eldigitaldeasturias.com\/noticias\/foro-pide-a-fernandez-que-asista-a-la-conmemoracion-del-dia-de-la-constitucion\/","og:image":"https:\/\/www.eldigitaldeasturias.com\/noticias\/wp-content\/uploads\/2026\/06\/Contenidos.jpg","og:image:secure_url":"https:\/\/www.eldigitaldeasturias.com\/noticias\/wp-content\/uploads\/2026\/06\/Contenidos.jpg","og:image:width":1265,"og:image:height":697,"article:tag":["actualidad asturias"],"article:published_time":"2013-12-03T15:16:13+00:00","article:modified_time":"2013-12-03T15:16:13+00:00","article:publisher":"https:\/\/facebook.com\/eldigitaldeasturias","twitter:card":"summary_large_image","twitter:title":"Foro pide a Fern\u00e1ndez que asista a la conmemoraci\u00f3n del D\u00eda de la Constituci\u00f3n - El Digital de Asturias","twitter:description":"Oviedo, 3 dic (EFE).- La portavoz de Foro en la Junta General, Cristina Coto, ha emplazado hoy al presidente del Principado, Javier Fern\u00e1ndez, a asistir a los actos conmemorativos del 35 aniversario de la aprobaci\u00f3n de la Constituci\u00f3n espa\u00f1ola que tendr\u00e1 lugar el pr\u00f3ximo viernes en Madrid. Los presidentes del Congreso, Jes\u00fas Posada, y del","twitter:image":"https:\/\/www.eldigitaldeasturias.com\/noticias\/wp-content\/uploads\/2026\/06\/Contenidos.jpg","twitter:label1":"Escrito por","twitter:data1":"El Digital de Asturias","twitter:label2":"Tiempo de lectura estimado","twitter:data2":"1 minuto"},"aioseo_meta_data":{"post_id":"457103","title":null,"description":null,"keywords":null,"keyphrases":null,"primary_term":null,"canonical_url":null,"og_title":null,"og_description":null,"og_object_type":"default","og_image_type":"default","og_image_url":null,"og_image_width":null,"og_image_height":null,"og_image_custom_url":null,"og_image_custom_fields":null,"og_video":null,"og_custom_url":null,"og_article_section":null,"og_article_tags":null,"twitter_use_og":true,"twitter_card":"default","twitter_image_type":"default","twitter_image_url":null,"twitter_image_custom_url":null,"twitter_image_custom_fields":null,"twitter_title":null,"twitter_description":null,"schema":{"blockGraphs":[],"customGraphs":[],"default":{"data":{"Article":[],"Course":[],"Dataset":[],"FAQPage":[],"Movie":[],"Person":[],"Product":[],"ProductReview":[],"Car":[],"Recipe":[],"Service":[],"SoftwareApplication":[],"WebPage":[]},"graphName":"","isEnabled":true},"graphs":[],"defaultGraph":"","defaultPostTypeGraph":""},"schema_type":null,"schema_type_options":null,"pillar_content":false,"robots_default":true,"robots_noindex":false,"robots_noarchive":false,"robots_nosnippet":false,"robots_nofollow":false,"robots_noimageindex":false,"robots_noodp":false,"robots_notranslate":false,"robots_max_snippet":null,"robots_max_videopreview":null,"robots_max_imagepreview":"none","priority":null,"frequency":null,"local_seo":null,"seo_analyzer_scan_date":"2026-05-30 00:16:55","breadcrumb_settings":null,"limit_modified_date":false,"open_ai":null,"ai":null,"created":"2020-11-14 22:46:05","updated":"2026-05-30 00:16:55","focus_keyword":null,"additional_keywords":null,"truseo_locale":null},"aioseo_breadcrumb":"<div class=\"aioseo-breadcrumbs\"><span class=\"aioseo-breadcrumb\">\n\t<a href=\"https:\/\/www.eldigitaldeasturias.com\/noticias\" title=\"Home\">Home<\/a>\n<\/span><span class=\"aioseo-breadcrumb-separator\">\u2013<\/span><span class=\"aioseo-breadcrumb\">\n\t<a href=\"https:\/\/www.eldigitaldeasturias.com\/noticias\/category\/actualidad-asturias\/\" title=\"Actualidad Asturias\">Actualidad Asturias<\/a>\n<\/span><span class=\"aioseo-breadcrumb-separator\">\u2013<\/span><span class=\"aioseo-breadcrumb\">\n\t<a href=\"https:\/\/www.eldigitaldeasturias.com\/noticias\/foro-pide-a-fernandez-que-asista-a-la-conmemoracion-del-dia-de-la-constitucion\/\" title=\"Foro pide a Fern\u00e1ndez que asista a la conmemoraci\u00f3n del D\u00eda de la Constituci\u00f3n\">Foro pide a Fern\u00e1ndez que asista a la conmemoraci\u00f3n del D\u00eda de la Constituci\u00f3n<\/a>\n<\/span><\/div>","aioseo_breadcrumb_json":[{"label":"Home","link":"https:\/\/www.eldigitaldeasturias.com\/noticias"},{"label":"Actualidad Asturias","link":"https:\/\/www.eldigitaldeasturias.com\/noticias\/category\/actualidad-asturias\/"},{"label":"Foro pide a Fern\u00e1ndez que asista a la conmemoraci\u00f3n del D\u00eda de la Constituci\u00f3n","link":"https:\/\/www.eldigitaldeasturias.com\/noticias\/foro-pide-a-fernandez-que-asista-a-la-conmemoracion-del-dia-de-la-constitucion\/"}],"_links":{"self":[{"href":"https:\/\/www.eldigitaldeasturias.com\/noticias\/wp-json\/wp\/v2\/posts\/457103","targetHints":{"allow":["GET"]}}],"collection":[{"href":"https:\/\/www.eldigitaldeasturias.com\/noticias\/wp-json\/wp\/v2\/posts"}],"about":[{"href":"https:\/\/www.eldigitaldeasturias.com\/noticias\/wp-json\/wp\/v2\/types\/post"}],"author":[{"embeddable":true,"href":"https:\/\/www.eldigitaldeasturias.com\/noticias\/wp-json\/wp\/v2\/users\/1"}],"replies":[{"embeddable":true,"href":"https:\/\/www.eldigitaldeasturias.com\/noticias\/wp-json\/wp\/v2\/comments?post=457103"}],"version-history":[{"count":0,"href":"https:\/\/www.eldigitaldeasturias.com\/noticias\/wp-json\/wp\/v2\/posts\/457103\/revisions"}],"wp:featuredmedia":[{"embeddable":true,"href":"https:\/\/www.eldigitaldeasturias.com\/noticias\/wp-json\/wp\/v2\/media\/1132184"}],"wp:attachment":[{"href":"https:\/\/www.eldigitaldeasturias.com\/noticias\/wp-json\/wp\/v2\/media?parent=457103"}],"wp:term":[{"taxonomy":"category","embeddable":true,"href":"https:\/\/www.eldigitaldeasturias.com\/noticias\/wp-json\/wp\/v2\/categories?post=457103"},{"taxonomy":"post_tag","embeddable":true,"href":"https:\/\/www.eldigitaldeasturias.com\/noticias\/wp-json\/wp\/v2\/tags?post=457103"}],"curies":[{"name":"wp","href":"https:\/\/api.w.org\/{rel}","templated":true}]}}