{"id":457092,"date":"2013-12-03T01:26:57","date_gmt":"2013-12-03T02:26:57","guid":{"rendered":"http:\/\/www.eldigitaldeasturias.com\/noticias\/?p=457092"},"modified":"2013-12-03T01:26:57","modified_gmt":"2013-12-03T02:26:57","slug":"deportistas-de-elite-visten-moda-espanola-al-recoger-sus-premios-nacionales","status":"publish","type":"post","link":"https:\/\/www.eldigitaldeasturias.com\/noticias\/deportistas-de-elite-visten-moda-espanola-al-recoger-sus-premios-nacionales\/","title":{"rendered":"Deportistas de elite visten moda espa\u00f1ola al recoger sus premios nacionales"},"content":{"rendered":"<p><img loading=\"lazy\" decoding=\"async\" class=\"alignleft size-large wp-image-457093\" alt=\"5767686w\" src=\"https:\/\/www.eldigitaldeasturias.com\/noticias\/wp-content\/uploads\/2013\/12\/5767686w-650x264.jpg\" width=\"650\" height=\"264\" \/>Madrid, 2 dic (EFE).- El campe\u00f3n ol\u00edmpico de taekwondo, Joel Gonz\u00e1lez, vestido de Roberto Verino; Ana Peleteiro, la mejor deportista joven del a\u00f1o, con un dise\u00f1o de Ion Fiz o la selecci\u00f3n femenina de waterpolo, de varios dise\u00f1adores de ACME, han sellado hoy deporte y moda de Espa\u00f1a al recoger sus premios nacionales.<\/p>\n<p>La Familia Real ha presidido en el Palacio de El Pardo la ceremonia en la que tambi\u00e9n se ha reconocido el m\u00e9rito de otros medallistas espa\u00f1oles y del futbolista colombiano Radamel Falcao, entre otros con la entrega de los Premios Nacionales del Deporte 2012.<\/p>\n<p>La ceremonia ha sido un hito desde el punto de vista de la Marca Espa\u00f1a y de la colaboraci\u00f3n entre las industrias de la moda y del deporte, gracias al acuerdo entre la Asociaci\u00f3n Creadores de Moda de Espa\u00f1a (ACME) y el Consejo Superior de Deportes (CSD).<\/p>\n<p>La Reina, los Pr\u00edncipes de Asturias y la Infanta Elena, acompa\u00f1ados por el ministro de Educaci\u00f3n, Cultura y Deporte, Jos\u00e9 Ignacio Wert, y el presidente del Consejo Superior de Deportes (CSD), Miguel Cardenal, han presidido este acto en el que se ha premiado a las personalidades m\u00e1s destacadas del mundo del deporte.<\/p>\n<p>Las chicas de la selecci\u00f3n femenina de waterpolo, que han recibido la copa Bar\u00f3n de G\u00fcel en reconocimiento al oro conseguido en el campeonato del Mundo de Barcelona y la medalla de plata lograda en los Juegos Ol\u00edmpicos de Londres, han vestido modelos de varios dise\u00f1adores de ACME.<\/p>\n<p>La capitana del equipo, Jennifer Pareja, ha elegido un \u00ablook\u00bb de Ailanto para recoger el galard\u00f3n. Ana Copado y Lorena Miranda han asistido vestidas por Roberto Verino; Marta Bach ha acudido a la cita en el Palacio de El Pardo con un modelo de Teresa Helbig; Andrea Blas, de Mench\u00e9n Tom\u00e1s; Anna Espar, de Purificaci\u00f3n Garc\u00eda, y Maica Garc\u00eda, de Kina Fern\u00e1ndez.<\/p>\n<p>Por su parte, Laura L\u00f3pez ha llevado un traje firmado por Roberto Torretta; Ona Meseguer, un vestido de Custo Barcelona; Mati Ortiz y Pilar Pe\u00f1a, vistieron dise\u00f1os de Juana Mart\u00edn, y Patricia Herrera, ha lucido una creaci\u00f3n de Jorge V\u00e1zquez.<\/p>\n<p>La gran cita del deporte nacional ha contado con la presencia de personalidades del mundo del deporte como Amaya Valdemoro. La campeona de baloncesto ha acudido al acto con una creaci\u00f3n de Alma Aguilar.<\/p>\n<p>El presidente de ACME, Modesto Lomba, y la directora ejecutiva de la Asociaci\u00f3n, Pepa Bueno, tambi\u00e9n han estado presentes en el acto en el que se han unido moda y deporte.<\/p>\n","protected":false},"excerpt":{"rendered":"<p>Madrid, 2 dic (EFE).- El campe\u00f3n ol\u00edmpico de taekwondo, Joel Gonz\u00e1lez, vestido de Roberto Verino; Ana Peleteiro, la mejor deportista joven del a\u00f1o, con un dise\u00f1o de Ion Fiz o la selecci\u00f3n femenina de waterpolo, de varios dise\u00f1adores de ACME, han sellado hoy deporte y moda de Espa\u00f1a al recoger sus premios nacionales. La Familia [&hellip;]<\/p>\n","protected":false},"author":1,"featured_media":457093,"comment_status":"closed","ping_status":"open","sticky":false,"template":"","format":"standard","meta":{"footnotes":""},"categories":[50],"tags":[],"class_list":["post-457092","post","type-post","status-publish","format-standard","has-post-thumbnail","hentry","category-revista-de-ocio"],"aioseo_notices":[],"aioseo_head":"\n\t\t<!-- All in One SEO Pro 5.0.1 - aioseo.com -->\n\t<meta name=\"description\" content=\"Madrid, 2 dic (EFE).- El campe\u00f3n ol\u00edmpico de taekwondo, Joel Gonz\u00e1lez, vestido de Roberto Verino; Ana Peleteiro, la mejor deportista joven del a\u00f1o, con un dise\u00f1o de Ion Fiz o la selecci\u00f3n femenina de waterpolo, de varios dise\u00f1adores de ACME, han sellado hoy deporte y moda de Espa\u00f1a al recoger sus premios nacionales. La Familia\" \/>\n\t<meta name=\"robots\" content=\"max-image-preview:large\" \/>\n\t<meta name=\"author\" content=\"El Digital de Asturias\"\/>\n\t<meta name=\"google-site-verification\" content=\"UA-38556648-1\" \/>\n\t<meta name=\"msvalidate.01\" content=\"7dfe9f3f1b24437ab69f4f2559babe99\" \/>\n\t<meta name=\"keywords\" content=\"revista de ocio\" \/>\n\t<link rel=\"canonical\" href=\"https:\/\/www.eldigitaldeasturias.com\/noticias\/deportistas-de-elite-visten-moda-espanola-al-recoger-sus-premios-nacionales\/\" \/>\n\t<meta name=\"generator\" content=\"All in One SEO Pro (AIOSEO) 5.0.1\" \/>\n\t\t<meta property=\"og:locale\" content=\"es_ES\" \/>\n\t\t<meta property=\"og:site_name\" content=\"El Digital de Asturias\" \/>\n\t\t<meta property=\"og:type\" content=\"article\" \/>\n\t\t<meta property=\"og:title\" content=\"Deportistas de elite visten moda espa\u00f1ola al recoger sus premios nacionales - El Digital de Asturias\" \/>\n\t\t<meta property=\"og:description\" content=\"Madrid, 2 dic (EFE).- El campe\u00f3n ol\u00edmpico de taekwondo, Joel Gonz\u00e1lez, vestido de Roberto Verino; Ana Peleteiro, la mejor deportista joven del a\u00f1o, con un dise\u00f1o de Ion Fiz o la selecci\u00f3n femenina de waterpolo, de varios dise\u00f1adores de ACME, han sellado hoy deporte y moda de Espa\u00f1a al recoger sus premios nacionales. La Familia\" \/>\n\t\t<meta property=\"og:url\" content=\"https:\/\/www.eldigitaldeasturias.com\/noticias\/deportistas-de-elite-visten-moda-espanola-al-recoger-sus-premios-nacionales\/\" \/>\n\t\t<meta property=\"article:tag\" content=\"revista de ocio\" \/>\n\t\t<meta property=\"article:published_time\" content=\"2013-12-03T02:26:57+00:00\" \/>\n\t\t<meta property=\"article:modified_time\" content=\"2013-12-03T02:26:57+00:00\" \/>\n\t\t<meta property=\"article:publisher\" content=\"https:\/\/facebook.com\/eldigitaldeasturias\" \/>\n\t\t<meta name=\"twitter:card\" content=\"summary_large_image\" \/>\n\t\t<meta name=\"twitter:title\" content=\"Deportistas de elite visten moda espa\u00f1ola al recoger sus premios nacionales - El Digital de Asturias\" \/>\n\t\t<meta name=\"twitter:description\" content=\"Madrid, 2 dic (EFE).- El campe\u00f3n ol\u00edmpico de taekwondo, Joel Gonz\u00e1lez, vestido de Roberto Verino; Ana Peleteiro, la mejor deportista joven del a\u00f1o, con un dise\u00f1o de Ion Fiz o la selecci\u00f3n femenina de waterpolo, de varios dise\u00f1adores de ACME, han sellado hoy deporte y moda de Espa\u00f1a al recoger sus premios nacionales. La Familia\" \/>\n\t\t<meta name=\"twitter:label1\" content=\"Escrito por\" \/>\n\t\t<meta name=\"twitter:data1\" content=\"El Digital de Asturias\" \/>\n\t\t<meta name=\"twitter:label2\" content=\"Tiempo de lectura estimado\" \/>\n\t\t<meta name=\"twitter:data2\" content=\"2 minutos\" \/>\n\t\t<script type=\"application\/ld+json\" class=\"aioseo-schema\">\n\t\t\t{\"@context\":\"https:\\\/\\\/schema.org\",\"@graph\":[{\"@type\":\"BlogPosting\",\"@id\":\"https:\\\/\\\/www.eldigitaldeasturias.com\\\/noticias\\\/deportistas-de-elite-visten-moda-espanola-al-recoger-sus-premios-nacionales\\\/#blogposting\",\"name\":\"Deportistas de elite visten moda espa\\u00f1ola al recoger sus premios nacionales - El Digital de Asturias\",\"headline\":\"Deportistas de elite visten moda espa\\u00f1ola al recoger sus premios nacionales\",\"author\":{\"@id\":\"https:\\\/\\\/www.eldigitaldeasturias.com\\\/noticias\\\/author\\\/admin\\\/#author\"},\"publisher\":{\"@id\":\"https:\\\/\\\/www.eldigitaldeasturias.com\\\/noticias\\\/#organization\"},\"image\":{\"@type\":\"ImageObject\",\"url\":457093},\"datePublished\":\"2013-12-03T01:26:57+01:00\",\"dateModified\":\"2013-12-03T01:26:57+01:00\",\"inLanguage\":\"es-ES\",\"mainEntityOfPage\":{\"@id\":\"https:\\\/\\\/www.eldigitaldeasturias.com\\\/noticias\\\/deportistas-de-elite-visten-moda-espanola-al-recoger-sus-premios-nacionales\\\/#webpage\"},\"isPartOf\":{\"@id\":\"https:\\\/\\\/www.eldigitaldeasturias.com\\\/noticias\\\/deportistas-de-elite-visten-moda-espanola-al-recoger-sus-premios-nacionales\\\/#webpage\"},\"articleSection\":\"Revista de Ocio\"},{\"@type\":\"BreadcrumbList\",\"@id\":\"https:\\\/\\\/www.eldigitaldeasturias.com\\\/noticias\\\/deportistas-de-elite-visten-moda-espanola-al-recoger-sus-premios-nacionales\\\/#breadcrumblist\",\"itemListElement\":[{\"@type\":\"ListItem\",\"@id\":\"https:\\\/\\\/www.eldigitaldeasturias.com\\\/noticias#listItem\",\"position\":1,\"name\":\"Home\",\"item\":\"https:\\\/\\\/www.eldigitaldeasturias.com\\\/noticias\",\"nextItem\":{\"@type\":\"ListItem\",\"@id\":\"https:\\\/\\\/www.eldigitaldeasturias.com\\\/noticias\\\/category\\\/revista-de-ocio\\\/#listItem\",\"name\":\"Revista de Ocio\"}},{\"@type\":\"ListItem\",\"@id\":\"https:\\\/\\\/www.eldigitaldeasturias.com\\\/noticias\\\/category\\\/revista-de-ocio\\\/#listItem\",\"position\":2,\"name\":\"Revista de Ocio\",\"item\":\"https:\\\/\\\/www.eldigitaldeasturias.com\\\/noticias\\\/category\\\/revista-de-ocio\\\/\",\"nextItem\":{\"@type\":\"ListItem\",\"@id\":\"https:\\\/\\\/www.eldigitaldeasturias.com\\\/noticias\\\/deportistas-de-elite-visten-moda-espanola-al-recoger-sus-premios-nacionales\\\/#listItem\",\"name\":\"Deportistas de elite visten moda espa\\u00f1ola al recoger sus premios nacionales\"},\"previousItem\":{\"@type\":\"ListItem\",\"@id\":\"https:\\\/\\\/www.eldigitaldeasturias.com\\\/noticias#listItem\",\"name\":\"Home\"}},{\"@type\":\"ListItem\",\"@id\":\"https:\\\/\\\/www.eldigitaldeasturias.com\\\/noticias\\\/deportistas-de-elite-visten-moda-espanola-al-recoger-sus-premios-nacionales\\\/#listItem\",\"position\":3,\"name\":\"Deportistas de elite visten moda espa\\u00f1ola al recoger sus premios nacionales\",\"previousItem\":{\"@type\":\"ListItem\",\"@id\":\"https:\\\/\\\/www.eldigitaldeasturias.com\\\/noticias\\\/category\\\/revista-de-ocio\\\/#listItem\",\"name\":\"Revista de Ocio\"}}]},{\"@type\":\"Organization\",\"@id\":\"https:\\\/\\\/www.eldigitaldeasturias.com\\\/noticias\\\/#organization\",\"name\":\"El Digital de Asturias\",\"description\":\"Hemeroteca\",\"url\":\"https:\\\/\\\/www.eldigitaldeasturias.com\\\/noticias\\\/\",\"email\":\"info@eldigitaldeasturias.com\",\"telephone\":\"+34652131393\",\"logo\":{\"@type\":\"ImageObject\",\"url\":\"https:\\\/\\\/www.eldigitaldeasturias.com\\\/noticias\\\/wp-content\\\/uploads\\\/2020\\\/12\\\/EDA.jpg\",\"@id\":\"https:\\\/\\\/www.eldigitaldeasturias.com\\\/noticias\\\/deportistas-de-elite-visten-moda-espanola-al-recoger-sus-premios-nacionales\\\/#organizationLogo\"},\"image\":{\"@id\":\"https:\\\/\\\/www.eldigitaldeasturias.com\\\/noticias\\\/deportistas-de-elite-visten-moda-espanola-al-recoger-sus-premios-nacionales\\\/#organizationLogo\"},\"sameAs\":[\"https:\\\/\\\/facebook.com\\\/eldigitaldeasturias\",\"https:\\\/\\\/www.youtube.com\\\/channel\\\/UCZP-2wLEB9Rv6erhFmqVnvg\"],\"address\":{\"@id\":\"https:\\\/\\\/www.eldigitaldeasturias.com\\\/noticias\\\/#postaladdress\",\"@type\":\"PostalAddress\",\"streetAddress\":\"san antonio 4\",\"postalCode\":\"33430\",\"addressLocality\":\"Cand\\u00e1s\",\"addressRegion\":\"Asturias\",\"addressCountry\":\"ES\"}},{\"@type\":\"Person\",\"@id\":\"https:\\\/\\\/www.eldigitaldeasturias.com\\\/noticias\\\/author\\\/admin\\\/#author\",\"url\":\"https:\\\/\\\/www.eldigitaldeasturias.com\\\/noticias\\\/author\\\/admin\\\/\",\"name\":\"El Digital de Asturias\",\"image\":{\"@type\":\"ImageObject\",\"@id\":\"https:\\\/\\\/www.eldigitaldeasturias.com\\\/noticias\\\/deportistas-de-elite-visten-moda-espanola-al-recoger-sus-premios-nacionales\\\/#authorImage\",\"url\":\"https:\\\/\\\/secure.gravatar.com\\\/avatar\\\/df2aeffc32bcd13f8d26072ef8a91b623d677766deac7f97ca815868cd41bf5e?s=96&d=mm&r=g\",\"width\":96,\"height\":96,\"caption\":\"El Digital de Asturias\"}},{\"@type\":\"WebPage\",\"@id\":\"https:\\\/\\\/www.eldigitaldeasturias.com\\\/noticias\\\/deportistas-de-elite-visten-moda-espanola-al-recoger-sus-premios-nacionales\\\/#webpage\",\"url\":\"https:\\\/\\\/www.eldigitaldeasturias.com\\\/noticias\\\/deportistas-de-elite-visten-moda-espanola-al-recoger-sus-premios-nacionales\\\/\",\"name\":\"Deportistas de elite visten moda espa\\u00f1ola al recoger sus premios nacionales - El Digital de Asturias\",\"description\":\"Madrid, 2 dic (EFE).- El campe\\u00f3n ol\\u00edmpico de taekwondo, Joel Gonz\\u00e1lez, vestido de Roberto Verino; Ana Peleteiro, la mejor deportista joven del a\\u00f1o, con un dise\\u00f1o de Ion Fiz o la selecci\\u00f3n femenina de waterpolo, de varios dise\\u00f1adores de ACME, han sellado hoy deporte y moda de Espa\\u00f1a al recoger sus premios nacionales. La Familia\",\"inLanguage\":\"es-ES\",\"isPartOf\":{\"@id\":\"https:\\\/\\\/www.eldigitaldeasturias.com\\\/noticias\\\/#website\"},\"breadcrumb\":{\"@id\":\"https:\\\/\\\/www.eldigitaldeasturias.com\\\/noticias\\\/deportistas-de-elite-visten-moda-espanola-al-recoger-sus-premios-nacionales\\\/#breadcrumblist\"},\"author\":{\"@id\":\"https:\\\/\\\/www.eldigitaldeasturias.com\\\/noticias\\\/author\\\/admin\\\/#author\"},\"creator\":{\"@id\":\"https:\\\/\\\/www.eldigitaldeasturias.com\\\/noticias\\\/author\\\/admin\\\/#author\"},\"image\":{\"@type\":\"ImageObject\",\"url\":457093,\"@id\":\"https:\\\/\\\/www.eldigitaldeasturias.com\\\/noticias\\\/deportistas-de-elite-visten-moda-espanola-al-recoger-sus-premios-nacionales\\\/#mainImage\"},\"primaryImageOfPage\":{\"@id\":\"https:\\\/\\\/www.eldigitaldeasturias.com\\\/noticias\\\/deportistas-de-elite-visten-moda-espanola-al-recoger-sus-premios-nacionales\\\/#mainImage\"},\"datePublished\":\"2013-12-03T01:26:57+01:00\",\"dateModified\":\"2013-12-03T01:26:57+01:00\"},{\"@type\":\"WebSite\",\"@id\":\"https:\\\/\\\/www.eldigitaldeasturias.com\\\/noticias\\\/#website\",\"url\":\"https:\\\/\\\/www.eldigitaldeasturias.com\\\/noticias\\\/\",\"name\":\"El Digital de Asturias - Diario de actualidad y noticias\",\"alternateName\":\"El Digital de Asturias - Diario de actualidad y noticias\",\"description\":\"Hemeroteca\",\"inLanguage\":\"es-ES\",\"publisher\":{\"@id\":\"https:\\\/\\\/www.eldigitaldeasturias.com\\\/noticias\\\/#organization\"}}]}\n\t\t<\/script>\n\t\t<!-- All in One SEO Pro -->\r\n\t\t<title>Deportistas de elite visten moda espa\u00f1ola al recoger sus premios nacionales - El Digital de Asturias<\/title>\n\n","aioseo_head_json":{"title":"Deportistas de elite visten moda espa\u00f1ola al recoger sus premios nacionales - El Digital de Asturias","description":"Madrid, 2 dic (EFE).- El campe\u00f3n ol\u00edmpico de taekwondo, Joel Gonz\u00e1lez, vestido de Roberto Verino; Ana Peleteiro, la mejor deportista joven del a\u00f1o, con un dise\u00f1o de Ion Fiz o la selecci\u00f3n femenina de waterpolo, de varios dise\u00f1adores de ACME, han sellado hoy deporte y moda de Espa\u00f1a al recoger sus premios nacionales. La Familia","canonical_url":"https:\/\/www.eldigitaldeasturias.com\/noticias\/deportistas-de-elite-visten-moda-espanola-al-recoger-sus-premios-nacionales\/","robots":"max-image-preview:large","keywords":"revista de ocio","webmasterTools":{"google-site-verification":"UA-38556648-1","msvalidate.01":"7dfe9f3f1b24437ab69f4f2559babe99","miscellaneous":""},"schema":{"@context":"https:\/\/schema.org","@graph":[{"@type":"BlogPosting","@id":"https:\/\/www.eldigitaldeasturias.com\/noticias\/deportistas-de-elite-visten-moda-espanola-al-recoger-sus-premios-nacionales\/#blogposting","name":"Deportistas de elite visten moda espa\u00f1ola al recoger sus premios nacionales - El Digital de Asturias","headline":"Deportistas de elite visten moda espa\u00f1ola al recoger sus premios nacionales","author":{"@id":"https:\/\/www.eldigitaldeasturias.com\/noticias\/author\/admin\/#author"},"publisher":{"@id":"https:\/\/www.eldigitaldeasturias.com\/noticias\/#organization"},"image":{"@type":"ImageObject","url":457093},"datePublished":"2013-12-03T01:26:57+01:00","dateModified":"2013-12-03T01:26:57+01:00","inLanguage":"es-ES","mainEntityOfPage":{"@id":"https:\/\/www.eldigitaldeasturias.com\/noticias\/deportistas-de-elite-visten-moda-espanola-al-recoger-sus-premios-nacionales\/#webpage"},"isPartOf":{"@id":"https:\/\/www.eldigitaldeasturias.com\/noticias\/deportistas-de-elite-visten-moda-espanola-al-recoger-sus-premios-nacionales\/#webpage"},"articleSection":"Revista de Ocio"},{"@type":"BreadcrumbList","@id":"https:\/\/www.eldigitaldeasturias.com\/noticias\/deportistas-de-elite-visten-moda-espanola-al-recoger-sus-premios-nacionales\/#breadcrumblist","itemListElement":[{"@type":"ListItem","@id":"https:\/\/www.eldigitaldeasturias.com\/noticias#listItem","position":1,"name":"Home","item":"https:\/\/www.eldigitaldeasturias.com\/noticias","nextItem":{"@type":"ListItem","@id":"https:\/\/www.eldigitaldeasturias.com\/noticias\/category\/revista-de-ocio\/#listItem","name":"Revista de Ocio"}},{"@type":"ListItem","@id":"https:\/\/www.eldigitaldeasturias.com\/noticias\/category\/revista-de-ocio\/#listItem","position":2,"name":"Revista de Ocio","item":"https:\/\/www.eldigitaldeasturias.com\/noticias\/category\/revista-de-ocio\/","nextItem":{"@type":"ListItem","@id":"https:\/\/www.eldigitaldeasturias.com\/noticias\/deportistas-de-elite-visten-moda-espanola-al-recoger-sus-premios-nacionales\/#listItem","name":"Deportistas de elite visten moda espa\u00f1ola al recoger sus premios nacionales"},"previousItem":{"@type":"ListItem","@id":"https:\/\/www.eldigitaldeasturias.com\/noticias#listItem","name":"Home"}},{"@type":"ListItem","@id":"https:\/\/www.eldigitaldeasturias.com\/noticias\/deportistas-de-elite-visten-moda-espanola-al-recoger-sus-premios-nacionales\/#listItem","position":3,"name":"Deportistas de elite visten moda espa\u00f1ola al recoger sus premios nacionales","previousItem":{"@type":"ListItem","@id":"https:\/\/www.eldigitaldeasturias.com\/noticias\/category\/revista-de-ocio\/#listItem","name":"Revista de Ocio"}}]},{"@type":"Organization","@id":"https:\/\/www.eldigitaldeasturias.com\/noticias\/#organization","name":"El Digital de Asturias","description":"Hemeroteca","url":"https:\/\/www.eldigitaldeasturias.com\/noticias\/","email":"info@eldigitaldeasturias.com","telephone":"+34652131393","logo":{"@type":"ImageObject","url":"https:\/\/www.eldigitaldeasturias.com\/noticias\/wp-content\/uploads\/2020\/12\/EDA.jpg","@id":"https:\/\/www.eldigitaldeasturias.com\/noticias\/deportistas-de-elite-visten-moda-espanola-al-recoger-sus-premios-nacionales\/#organizationLogo"},"image":{"@id":"https:\/\/www.eldigitaldeasturias.com\/noticias\/deportistas-de-elite-visten-moda-espanola-al-recoger-sus-premios-nacionales\/#organizationLogo"},"sameAs":["https:\/\/facebook.com\/eldigitaldeasturias","https:\/\/www.youtube.com\/channel\/UCZP-2wLEB9Rv6erhFmqVnvg"],"address":{"@id":"https:\/\/www.eldigitaldeasturias.com\/noticias\/#postaladdress","@type":"PostalAddress","streetAddress":"san antonio 4","postalCode":"33430","addressLocality":"Cand\u00e1s","addressRegion":"Asturias","addressCountry":"ES"}},{"@type":"Person","@id":"https:\/\/www.eldigitaldeasturias.com\/noticias\/author\/admin\/#author","url":"https:\/\/www.eldigitaldeasturias.com\/noticias\/author\/admin\/","name":"El Digital de Asturias","image":{"@type":"ImageObject","@id":"https:\/\/www.eldigitaldeasturias.com\/noticias\/deportistas-de-elite-visten-moda-espanola-al-recoger-sus-premios-nacionales\/#authorImage","url":"https:\/\/secure.gravatar.com\/avatar\/df2aeffc32bcd13f8d26072ef8a91b623d677766deac7f97ca815868cd41bf5e?s=96&d=mm&r=g","width":96,"height":96,"caption":"El Digital de Asturias"}},{"@type":"WebPage","@id":"https:\/\/www.eldigitaldeasturias.com\/noticias\/deportistas-de-elite-visten-moda-espanola-al-recoger-sus-premios-nacionales\/#webpage","url":"https:\/\/www.eldigitaldeasturias.com\/noticias\/deportistas-de-elite-visten-moda-espanola-al-recoger-sus-premios-nacionales\/","name":"Deportistas de elite visten moda espa\u00f1ola al recoger sus premios nacionales - El Digital de Asturias","description":"Madrid, 2 dic (EFE).- El campe\u00f3n ol\u00edmpico de taekwondo, Joel Gonz\u00e1lez, vestido de Roberto Verino; Ana Peleteiro, la mejor deportista joven del a\u00f1o, con un dise\u00f1o de Ion Fiz o la selecci\u00f3n femenina de waterpolo, de varios dise\u00f1adores de ACME, han sellado hoy deporte y moda de Espa\u00f1a al recoger sus premios nacionales. La Familia","inLanguage":"es-ES","isPartOf":{"@id":"https:\/\/www.eldigitaldeasturias.com\/noticias\/#website"},"breadcrumb":{"@id":"https:\/\/www.eldigitaldeasturias.com\/noticias\/deportistas-de-elite-visten-moda-espanola-al-recoger-sus-premios-nacionales\/#breadcrumblist"},"author":{"@id":"https:\/\/www.eldigitaldeasturias.com\/noticias\/author\/admin\/#author"},"creator":{"@id":"https:\/\/www.eldigitaldeasturias.com\/noticias\/author\/admin\/#author"},"image":{"@type":"ImageObject","url":457093,"@id":"https:\/\/www.eldigitaldeasturias.com\/noticias\/deportistas-de-elite-visten-moda-espanola-al-recoger-sus-premios-nacionales\/#mainImage"},"primaryImageOfPage":{"@id":"https:\/\/www.eldigitaldeasturias.com\/noticias\/deportistas-de-elite-visten-moda-espanola-al-recoger-sus-premios-nacionales\/#mainImage"},"datePublished":"2013-12-03T01:26:57+01:00","dateModified":"2013-12-03T01:26:57+01:00"},{"@type":"WebSite","@id":"https:\/\/www.eldigitaldeasturias.com\/noticias\/#website","url":"https:\/\/www.eldigitaldeasturias.com\/noticias\/","name":"El Digital de Asturias - Diario de actualidad y noticias","alternateName":"El Digital de Asturias - Diario de actualidad y noticias","description":"Hemeroteca","inLanguage":"es-ES","publisher":{"@id":"https:\/\/www.eldigitaldeasturias.com\/noticias\/#organization"}}]},"og:locale":"es_ES","og:site_name":"El Digital de Asturias","og:type":"article","og:title":"Deportistas de elite visten moda espa\u00f1ola al recoger sus premios nacionales - El Digital de Asturias","og:description":"Madrid, 2 dic (EFE).- El campe\u00f3n ol\u00edmpico de taekwondo, Joel Gonz\u00e1lez, vestido de Roberto Verino; Ana Peleteiro, la mejor deportista joven del a\u00f1o, con un dise\u00f1o de Ion Fiz o la selecci\u00f3n femenina de waterpolo, de varios dise\u00f1adores de ACME, han sellado hoy deporte y moda de Espa\u00f1a al recoger sus premios nacionales. La Familia","og:url":"https:\/\/www.eldigitaldeasturias.com\/noticias\/deportistas-de-elite-visten-moda-espanola-al-recoger-sus-premios-nacionales\/","article:tag":["revista de ocio"],"article:published_time":"2013-12-03T02:26:57+00:00","article:modified_time":"2013-12-03T02:26:57+00:00","article:publisher":"https:\/\/facebook.com\/eldigitaldeasturias","twitter:card":"summary_large_image","twitter:title":"Deportistas de elite visten moda espa\u00f1ola al recoger sus premios nacionales - El Digital de Asturias","twitter:description":"Madrid, 2 dic (EFE).- El campe\u00f3n ol\u00edmpico de taekwondo, Joel Gonz\u00e1lez, vestido de Roberto Verino; Ana Peleteiro, la mejor deportista joven del a\u00f1o, con un dise\u00f1o de Ion Fiz o la selecci\u00f3n femenina de waterpolo, de varios dise\u00f1adores de ACME, han sellado hoy deporte y moda de Espa\u00f1a al recoger sus premios nacionales. La Familia","twitter:label1":"Escrito por","twitter:data1":"El Digital de Asturias","twitter:label2":"Tiempo de lectura estimado","twitter:data2":"2 minutos"},"aioseo_meta_data":{"post_id":"457092","title":null,"description":null,"keywords":null,"keyphrases":null,"primary_term":null,"canonical_url":null,"og_title":null,"og_description":null,"og_object_type":"default","og_image_type":"default","og_image_url":null,"og_image_width":null,"og_image_height":null,"og_image_custom_url":null,"og_image_custom_fields":null,"og_video":null,"og_custom_url":null,"og_article_section":null,"og_article_tags":null,"twitter_use_og":true,"twitter_card":"default","twitter_image_type":"default","twitter_image_url":null,"twitter_image_custom_url":null,"twitter_image_custom_fields":null,"twitter_title":null,"twitter_description":null,"schema":{"blockGraphs":[],"customGraphs":[],"default":{"data":{"Article":[],"Course":[],"Dataset":[],"FAQPage":[],"Movie":[],"Person":[],"Product":[],"ProductReview":[],"Car":[],"Recipe":[],"Service":[],"SoftwareApplication":[],"WebPage":[]},"graphName":"","isEnabled":true},"graphs":[],"defaultGraph":"","defaultPostTypeGraph":""},"schema_type":null,"schema_type_options":null,"pillar_content":false,"robots_default":true,"robots_noindex":false,"robots_noarchive":false,"robots_nosnippet":false,"robots_nofollow":false,"robots_noimageindex":false,"robots_noodp":false,"robots_notranslate":false,"robots_max_snippet":null,"robots_max_videopreview":null,"robots_max_imagepreview":"none","priority":null,"frequency":null,"local_seo":null,"seo_analyzer_scan_date":"2026-05-30 00:15:08","breadcrumb_settings":null,"limit_modified_date":false,"open_ai":null,"ai":null,"created":"2020-11-14 22:46:05","updated":"2026-05-30 00:15:08","focus_keyword":null,"additional_keywords":null,"truseo_locale":null},"aioseo_breadcrumb":"<div class=\"aioseo-breadcrumbs\"><span class=\"aioseo-breadcrumb\">\n\t<a href=\"https:\/\/www.eldigitaldeasturias.com\/noticias\" title=\"Home\">Home<\/a>\n<\/span><span class=\"aioseo-breadcrumb-separator\">\u2013<\/span><span class=\"aioseo-breadcrumb\">\n\t<a href=\"https:\/\/www.eldigitaldeasturias.com\/noticias\/category\/revista-de-ocio\/\" title=\"Revista de Ocio\">Revista de Ocio<\/a>\n<\/span><span class=\"aioseo-breadcrumb-separator\">\u2013<\/span><span class=\"aioseo-breadcrumb\">\n\t<a href=\"https:\/\/www.eldigitaldeasturias.com\/noticias\/deportistas-de-elite-visten-moda-espanola-al-recoger-sus-premios-nacionales\/\" title=\"Deportistas de elite visten moda espa\u00f1ola al recoger sus premios nacionales\">Deportistas de elite visten moda espa\u00f1ola al recoger sus premios nacionales<\/a>\n<\/span><\/div>","aioseo_breadcrumb_json":[{"label":"Home","link":"https:\/\/www.eldigitaldeasturias.com\/noticias"},{"label":"Revista de Ocio","link":"https:\/\/www.eldigitaldeasturias.com\/noticias\/category\/revista-de-ocio\/"},{"label":"Deportistas de elite visten moda espa\u00f1ola al recoger sus premios nacionales","link":"https:\/\/www.eldigitaldeasturias.com\/noticias\/deportistas-de-elite-visten-moda-espanola-al-recoger-sus-premios-nacionales\/"}],"_links":{"self":[{"href":"https:\/\/www.eldigitaldeasturias.com\/noticias\/wp-json\/wp\/v2\/posts\/457092","targetHints":{"allow":["GET"]}}],"collection":[{"href":"https:\/\/www.eldigitaldeasturias.com\/noticias\/wp-json\/wp\/v2\/posts"}],"about":[{"href":"https:\/\/www.eldigitaldeasturias.com\/noticias\/wp-json\/wp\/v2\/types\/post"}],"author":[{"embeddable":true,"href":"https:\/\/www.eldigitaldeasturias.com\/noticias\/wp-json\/wp\/v2\/users\/1"}],"replies":[{"embeddable":true,"href":"https:\/\/www.eldigitaldeasturias.com\/noticias\/wp-json\/wp\/v2\/comments?post=457092"}],"version-history":[{"count":0,"href":"https:\/\/www.eldigitaldeasturias.com\/noticias\/wp-json\/wp\/v2\/posts\/457092\/revisions"}],"wp:attachment":[{"href":"https:\/\/www.eldigitaldeasturias.com\/noticias\/wp-json\/wp\/v2\/media?parent=457092"}],"wp:term":[{"taxonomy":"category","embeddable":true,"href":"https:\/\/www.eldigitaldeasturias.com\/noticias\/wp-json\/wp\/v2\/categories?post=457092"},{"taxonomy":"post_tag","embeddable":true,"href":"https:\/\/www.eldigitaldeasturias.com\/noticias\/wp-json\/wp\/v2\/tags?post=457092"}],"curies":[{"name":"wp","href":"https:\/\/api.w.org\/{rel}","templated":true}]}}