{"id":457074,"date":"2013-12-03T01:16:55","date_gmt":"2013-12-03T02:16:55","guid":{"rendered":"http:\/\/www.eldigitaldeasturias.com\/noticias\/?p=457074"},"modified":"2013-12-03T01:16:55","modified_gmt":"2013-12-03T02:16:55","slug":"mi-hijo-no-come-bajo-peso-en-los-ninos","status":"publish","type":"post","link":"https:\/\/www.eldigitaldeasturias.com\/noticias\/mi-hijo-no-come-bajo-peso-en-los-ninos\/","title":{"rendered":"\u00abMi hijo no come\u00bb: bajo peso en los ni\u00f1os"},"content":{"rendered":"<p><i><img loading=\"lazy\" decoding=\"async\" class=\"alignleft size-medium wp-image-457075\" alt=\"Hungerhaken statt Wonneproppen: Untergewicht bei Kindern\" src=\"https:\/\/www.eldigitaldeasturias.com\/noticias\/wp-content\/uploads\/2013\/12\/MI_HIJO_NO_COME_BAJO_36524684-225x320.jpg\" width=\"225\" height=\"320\" \/>Por Claudia Urban (dpa) &#8211; <\/i>Mientras que algunos ni\u00f1os sufren sobrepeso, en otros el problema es el contrario. Y cuando adem\u00e1s comen mal, entonces los padres se preocupan, pero lo m\u00e1s habitual es que todo marche bien.<\/p>\n<div lang=\"\">\n<p>Cuando los hijos empiezan a ir a la guarder\u00eda o a la escuela, aparecen las comparaciones: \u00bfEs mi hijo m\u00e1s delgado que los ni\u00f1os de su edad? \u00bfQuiz\u00e1s come menos que los dem\u00e1s?<\/p>\n<p>El problema del bajo peso llega a afectar en pa\u00edses como Alemania a \u00abentre un cuatro y un cinco por ciento de los ni\u00f1os de entre tres y seis a\u00f1os\u00bb, seg\u00fan el informe sobre alimentaci\u00f3n 2008. Y la cifra aumenta al 9,5 por ciento entre los de 13 a\u00f1os, explica la especialista en trofolog\u00eda ecol\u00f3gica (un tipo de nutricionista) Sylvia Becker-Pr\u00f6bstel.<\/p>\n<p>Pero no significa que en todos los casos se deba a causas graves o enfermedades, porque la estatura y el peso est\u00e1n determinados por nuestros genes y hormonas.<\/p>\n<p>\u00abHay familias que son delgadas y altas\u00bb, se\u00f1ala Becker-Pr\u00f6bstel. Otros factores que influyen son el car\u00e1cter del ni\u00f1o, el entorno, el nivel de actividad f\u00edsica o los comportamientos alimentarios.<\/p>\n<p>Que un ni\u00f1o coma menos que otros no quiere decir necesariamente que haya problemas con su desarrollo, porque la gen\u00e9tica tambi\u00e9n influye en la forma de comer. \u00abSolamente el metabolismo basal, es decir el m\u00ednimo de energ\u00eda que el cuerpo necesita diariamente para seguir funcionando, puede variar hasta en 300 kilocalor\u00edas entre dos ni\u00f1os sanos de tama\u00f1o y peso id\u00e9nticos\u00bb, afirma Sylvia Becker-Pr\u00f6bstel.<\/p>\n<p>En principio los padres no tienen por qu\u00e9 preocuparse mientras que sus hijos no se enfermen a menudo o tengan cambios de comportamiento. Ante la duda, lo mejor es consultar con el pediatra, sobre todo aquel que le haya hecho las revisiones y ya conozca al ni\u00f1o desde hace tiempo, recomienda Frank Jochum, director m\u00e9dico de una cl\u00ednica pedi\u00e1trica y juvenil de Berl\u00edn.<\/p>\n<p>\u00abEl tema de si hay o no falta de peso no se puede resolver solamente mirando al ni\u00f1o\u00bb, se\u00f1ala este m\u00e9dico especializado en nutrici\u00f3n. Hace falta conocer el \u00edndice de masa corporal y compararlo con los valores normales de los menores de esa edad.<\/p>\n<p>A veces los padres no juzgan bien la situaci\u00f3n. \u00abSobre todo con ni\u00f1os peque\u00f1os que en opini\u00f3n de los padres no comen o son muy delgados suele pasar que las pruebas muestran que es todo normal\u00bb, se\u00f1ala Thomas Kauth, tambi\u00e9n pediatra especializado en nutrici\u00f3n.<\/p>\n<p>Kauth cuenta por experiencia que muchas veces los padres presionan a los ni\u00f1os delgados para que coman, incluso cuando miran televisi\u00f3n o juegan. \u00abNormalmente la ingesta de alimentos se regula por hambre. Esta regulaci\u00f3n natural es as\u00ed anulada\u00bb.<\/p>\n<p>No hay que aumentar la cantidad de comida o el n\u00famero de veces que se ingiere algo. Por el contrario, los padres s\u00ed pueden sustituir algunos alimentos por otros m\u00e1s cal\u00f3ricos, por ejemplo yogur cremoso en vez de uno bajo en calor\u00edas, se\u00f1ala.<\/p>\n<\/div>\n","protected":false},"excerpt":{"rendered":"<p>Por Claudia Urban (dpa) &#8211; Mientras que algunos ni\u00f1os sufren sobrepeso, en otros el problema es el contrario. Y cuando adem\u00e1s comen mal, entonces los padres se preocupan, pero lo m\u00e1s habitual es que todo marche bien. Cuando los hijos empiezan a ir a la guarder\u00eda o a la escuela, aparecen las comparaciones: \u00bfEs mi [&hellip;]<\/p>\n","protected":false},"author":1,"featured_media":457075,"comment_status":"closed","ping_status":"open","sticky":false,"template":"","format":"standard","meta":{"footnotes":""},"categories":[28],"tags":[],"class_list":["post-457074","post","type-post","status-publish","format-standard","has-post-thumbnail","hentry","category-sociedad"],"aioseo_notices":[],"aioseo_head":"\n\t\t<!-- All in One SEO Pro 5.0.1 - aioseo.com -->\n\t<meta name=\"description\" content=\"Por Claudia Urban (dpa) - Mientras que algunos ni\u00f1os sufren sobrepeso, en otros el problema es el contrario. Y cuando adem\u00e1s comen mal, entonces los padres se preocupan, pero lo m\u00e1s habitual es que todo marche bien. Cuando los hijos empiezan a ir a la guarder\u00eda o a la escuela, aparecen las comparaciones: \u00bfEs mi\" \/>\n\t<meta name=\"robots\" content=\"max-image-preview:large\" \/>\n\t<meta name=\"author\" content=\"El Digital de Asturias\"\/>\n\t<meta name=\"google-site-verification\" content=\"UA-38556648-1\" \/>\n\t<meta name=\"msvalidate.01\" content=\"7dfe9f3f1b24437ab69f4f2559babe99\" \/>\n\t<meta name=\"keywords\" content=\"sociedad\" \/>\n\t<link rel=\"canonical\" href=\"https:\/\/www.eldigitaldeasturias.com\/noticias\/mi-hijo-no-come-bajo-peso-en-los-ninos\/\" \/>\n\t<meta name=\"generator\" content=\"All in One SEO Pro (AIOSEO) 5.0.1\" \/>\n\t\t<meta property=\"og:locale\" content=\"es_ES\" \/>\n\t\t<meta property=\"og:site_name\" content=\"El Digital de Asturias\" \/>\n\t\t<meta property=\"og:type\" content=\"article\" \/>\n\t\t<meta property=\"og:title\" content=\"\u00abMi hijo no come\u00bb: bajo peso en los ni\u00f1os - El Digital de Asturias\" \/>\n\t\t<meta property=\"og:description\" content=\"Por Claudia Urban (dpa) - Mientras que algunos ni\u00f1os sufren sobrepeso, en otros el problema es el contrario. Y cuando adem\u00e1s comen mal, entonces los padres se preocupan, pero lo m\u00e1s habitual es que todo marche bien. Cuando los hijos empiezan a ir a la guarder\u00eda o a la escuela, aparecen las comparaciones: \u00bfEs mi\" \/>\n\t\t<meta property=\"og:url\" content=\"https:\/\/www.eldigitaldeasturias.com\/noticias\/mi-hijo-no-come-bajo-peso-en-los-ninos\/\" \/>\n\t\t<meta property=\"article:tag\" content=\"sociedad\" \/>\n\t\t<meta property=\"article:published_time\" content=\"2013-12-03T02:16:55+00:00\" \/>\n\t\t<meta property=\"article:modified_time\" content=\"2013-12-03T02:16:55+00:00\" \/>\n\t\t<meta property=\"article:publisher\" content=\"https:\/\/facebook.com\/eldigitaldeasturias\" \/>\n\t\t<meta name=\"twitter:card\" content=\"summary_large_image\" \/>\n\t\t<meta name=\"twitter:title\" content=\"\u00abMi hijo no come\u00bb: bajo peso en los ni\u00f1os - El Digital de Asturias\" \/>\n\t\t<meta name=\"twitter:description\" content=\"Por Claudia Urban (dpa) - Mientras que algunos ni\u00f1os sufren sobrepeso, en otros el problema es el contrario. Y cuando adem\u00e1s comen mal, entonces los padres se preocupan, pero lo m\u00e1s habitual es que todo marche bien. Cuando los hijos empiezan a ir a la guarder\u00eda o a la escuela, aparecen las comparaciones: \u00bfEs mi\" \/>\n\t\t<meta name=\"twitter:label1\" content=\"Escrito por\" \/>\n\t\t<meta name=\"twitter:data1\" content=\"El Digital de Asturias\" \/>\n\t\t<meta name=\"twitter:label2\" content=\"Tiempo de lectura estimado\" \/>\n\t\t<meta name=\"twitter:data2\" content=\"3 minutos\" \/>\n\t\t<script type=\"application\/ld+json\" class=\"aioseo-schema\">\n\t\t\t{\"@context\":\"https:\\\/\\\/schema.org\",\"@graph\":[{\"@type\":\"BlogPosting\",\"@id\":\"https:\\\/\\\/www.eldigitaldeasturias.com\\\/noticias\\\/mi-hijo-no-come-bajo-peso-en-los-ninos\\\/#blogposting\",\"name\":\"\\u00abMi hijo no come\\u00bb: bajo peso en los ni\\u00f1os - El Digital de Asturias\",\"headline\":\"\\u00abMi hijo no come\\u00bb: bajo peso en los ni\\u00f1os\",\"author\":{\"@id\":\"https:\\\/\\\/www.eldigitaldeasturias.com\\\/noticias\\\/author\\\/admin\\\/#author\"},\"publisher\":{\"@id\":\"https:\\\/\\\/www.eldigitaldeasturias.com\\\/noticias\\\/#organization\"},\"image\":{\"@type\":\"ImageObject\",\"url\":457075},\"datePublished\":\"2013-12-03T01:16:55+01:00\",\"dateModified\":\"2013-12-03T01:16:55+01:00\",\"inLanguage\":\"es-ES\",\"mainEntityOfPage\":{\"@id\":\"https:\\\/\\\/www.eldigitaldeasturias.com\\\/noticias\\\/mi-hijo-no-come-bajo-peso-en-los-ninos\\\/#webpage\"},\"isPartOf\":{\"@id\":\"https:\\\/\\\/www.eldigitaldeasturias.com\\\/noticias\\\/mi-hijo-no-come-bajo-peso-en-los-ninos\\\/#webpage\"},\"articleSection\":\"Sociedad\"},{\"@type\":\"BreadcrumbList\",\"@id\":\"https:\\\/\\\/www.eldigitaldeasturias.com\\\/noticias\\\/mi-hijo-no-come-bajo-peso-en-los-ninos\\\/#breadcrumblist\",\"itemListElement\":[{\"@type\":\"ListItem\",\"@id\":\"https:\\\/\\\/www.eldigitaldeasturias.com\\\/noticias#listItem\",\"position\":1,\"name\":\"Home\",\"item\":\"https:\\\/\\\/www.eldigitaldeasturias.com\\\/noticias\",\"nextItem\":{\"@type\":\"ListItem\",\"@id\":\"https:\\\/\\\/www.eldigitaldeasturias.com\\\/noticias\\\/category\\\/sociedad\\\/#listItem\",\"name\":\"Sociedad\"}},{\"@type\":\"ListItem\",\"@id\":\"https:\\\/\\\/www.eldigitaldeasturias.com\\\/noticias\\\/category\\\/sociedad\\\/#listItem\",\"position\":2,\"name\":\"Sociedad\",\"item\":\"https:\\\/\\\/www.eldigitaldeasturias.com\\\/noticias\\\/category\\\/sociedad\\\/\",\"nextItem\":{\"@type\":\"ListItem\",\"@id\":\"https:\\\/\\\/www.eldigitaldeasturias.com\\\/noticias\\\/mi-hijo-no-come-bajo-peso-en-los-ninos\\\/#listItem\",\"name\":\"\\u00abMi hijo no come\\u00bb: bajo peso en los ni\\u00f1os\"},\"previousItem\":{\"@type\":\"ListItem\",\"@id\":\"https:\\\/\\\/www.eldigitaldeasturias.com\\\/noticias#listItem\",\"name\":\"Home\"}},{\"@type\":\"ListItem\",\"@id\":\"https:\\\/\\\/www.eldigitaldeasturias.com\\\/noticias\\\/mi-hijo-no-come-bajo-peso-en-los-ninos\\\/#listItem\",\"position\":3,\"name\":\"\\u00abMi hijo no come\\u00bb: bajo peso en los ni\\u00f1os\",\"previousItem\":{\"@type\":\"ListItem\",\"@id\":\"https:\\\/\\\/www.eldigitaldeasturias.com\\\/noticias\\\/category\\\/sociedad\\\/#listItem\",\"name\":\"Sociedad\"}}]},{\"@type\":\"Organization\",\"@id\":\"https:\\\/\\\/www.eldigitaldeasturias.com\\\/noticias\\\/#organization\",\"name\":\"El Digital de Asturias\",\"description\":\"Hemeroteca\",\"url\":\"https:\\\/\\\/www.eldigitaldeasturias.com\\\/noticias\\\/\",\"email\":\"info@eldigitaldeasturias.com\",\"telephone\":\"+34652131393\",\"logo\":{\"@type\":\"ImageObject\",\"url\":\"https:\\\/\\\/www.eldigitaldeasturias.com\\\/noticias\\\/wp-content\\\/uploads\\\/2020\\\/12\\\/EDA.jpg\",\"@id\":\"https:\\\/\\\/www.eldigitaldeasturias.com\\\/noticias\\\/mi-hijo-no-come-bajo-peso-en-los-ninos\\\/#organizationLogo\"},\"image\":{\"@id\":\"https:\\\/\\\/www.eldigitaldeasturias.com\\\/noticias\\\/mi-hijo-no-come-bajo-peso-en-los-ninos\\\/#organizationLogo\"},\"sameAs\":[\"https:\\\/\\\/facebook.com\\\/eldigitaldeasturias\",\"https:\\\/\\\/www.youtube.com\\\/channel\\\/UCZP-2wLEB9Rv6erhFmqVnvg\"],\"address\":{\"@id\":\"https:\\\/\\\/www.eldigitaldeasturias.com\\\/noticias\\\/#postaladdress\",\"@type\":\"PostalAddress\",\"streetAddress\":\"san antonio 4\",\"postalCode\":\"33430\",\"addressLocality\":\"Cand\\u00e1s\",\"addressRegion\":\"Asturias\",\"addressCountry\":\"ES\"}},{\"@type\":\"Person\",\"@id\":\"https:\\\/\\\/www.eldigitaldeasturias.com\\\/noticias\\\/author\\\/admin\\\/#author\",\"url\":\"https:\\\/\\\/www.eldigitaldeasturias.com\\\/noticias\\\/author\\\/admin\\\/\",\"name\":\"El Digital de Asturias\",\"image\":{\"@type\":\"ImageObject\",\"@id\":\"https:\\\/\\\/www.eldigitaldeasturias.com\\\/noticias\\\/mi-hijo-no-come-bajo-peso-en-los-ninos\\\/#authorImage\",\"url\":\"https:\\\/\\\/secure.gravatar.com\\\/avatar\\\/df2aeffc32bcd13f8d26072ef8a91b623d677766deac7f97ca815868cd41bf5e?s=96&d=mm&r=g\",\"width\":96,\"height\":96,\"caption\":\"El Digital de Asturias\"}},{\"@type\":\"WebPage\",\"@id\":\"https:\\\/\\\/www.eldigitaldeasturias.com\\\/noticias\\\/mi-hijo-no-come-bajo-peso-en-los-ninos\\\/#webpage\",\"url\":\"https:\\\/\\\/www.eldigitaldeasturias.com\\\/noticias\\\/mi-hijo-no-come-bajo-peso-en-los-ninos\\\/\",\"name\":\"\\u00abMi hijo no come\\u00bb: bajo peso en los ni\\u00f1os - El Digital de Asturias\",\"description\":\"Por Claudia Urban (dpa) - Mientras que algunos ni\\u00f1os sufren sobrepeso, en otros el problema es el contrario. Y cuando adem\\u00e1s comen mal, entonces los padres se preocupan, pero lo m\\u00e1s habitual es que todo marche bien. Cuando los hijos empiezan a ir a la guarder\\u00eda o a la escuela, aparecen las comparaciones: \\u00bfEs mi\",\"inLanguage\":\"es-ES\",\"isPartOf\":{\"@id\":\"https:\\\/\\\/www.eldigitaldeasturias.com\\\/noticias\\\/#website\"},\"breadcrumb\":{\"@id\":\"https:\\\/\\\/www.eldigitaldeasturias.com\\\/noticias\\\/mi-hijo-no-come-bajo-peso-en-los-ninos\\\/#breadcrumblist\"},\"author\":{\"@id\":\"https:\\\/\\\/www.eldigitaldeasturias.com\\\/noticias\\\/author\\\/admin\\\/#author\"},\"creator\":{\"@id\":\"https:\\\/\\\/www.eldigitaldeasturias.com\\\/noticias\\\/author\\\/admin\\\/#author\"},\"image\":{\"@type\":\"ImageObject\",\"url\":457075,\"@id\":\"https:\\\/\\\/www.eldigitaldeasturias.com\\\/noticias\\\/mi-hijo-no-come-bajo-peso-en-los-ninos\\\/#mainImage\"},\"primaryImageOfPage\":{\"@id\":\"https:\\\/\\\/www.eldigitaldeasturias.com\\\/noticias\\\/mi-hijo-no-come-bajo-peso-en-los-ninos\\\/#mainImage\"},\"datePublished\":\"2013-12-03T01:16:55+01:00\",\"dateModified\":\"2013-12-03T01:16:55+01:00\"},{\"@type\":\"WebSite\",\"@id\":\"https:\\\/\\\/www.eldigitaldeasturias.com\\\/noticias\\\/#website\",\"url\":\"https:\\\/\\\/www.eldigitaldeasturias.com\\\/noticias\\\/\",\"name\":\"El Digital de Asturias - Diario de actualidad y noticias\",\"alternateName\":\"El Digital de Asturias - Diario de actualidad y noticias\",\"description\":\"Hemeroteca\",\"inLanguage\":\"es-ES\",\"publisher\":{\"@id\":\"https:\\\/\\\/www.eldigitaldeasturias.com\\\/noticias\\\/#organization\"}}]}\n\t\t<\/script>\n\t\t<!-- All in One SEO Pro -->\r\n\t\t<title>\u00abMi hijo no come\u00bb: bajo peso en los ni\u00f1os - El Digital de Asturias<\/title>\n\n","aioseo_head_json":{"title":"\u00abMi hijo no come\u00bb: bajo peso en los ni\u00f1os - El Digital de Asturias","description":"Por Claudia Urban (dpa) - Mientras que algunos ni\u00f1os sufren sobrepeso, en otros el problema es el contrario. Y cuando adem\u00e1s comen mal, entonces los padres se preocupan, pero lo m\u00e1s habitual es que todo marche bien. Cuando los hijos empiezan a ir a la guarder\u00eda o a la escuela, aparecen las comparaciones: \u00bfEs mi","canonical_url":"https:\/\/www.eldigitaldeasturias.com\/noticias\/mi-hijo-no-come-bajo-peso-en-los-ninos\/","robots":"max-image-preview:large","keywords":"sociedad","webmasterTools":{"google-site-verification":"UA-38556648-1","msvalidate.01":"7dfe9f3f1b24437ab69f4f2559babe99","miscellaneous":""},"schema":{"@context":"https:\/\/schema.org","@graph":[{"@type":"BlogPosting","@id":"https:\/\/www.eldigitaldeasturias.com\/noticias\/mi-hijo-no-come-bajo-peso-en-los-ninos\/#blogposting","name":"\u00abMi hijo no come\u00bb: bajo peso en los ni\u00f1os - El Digital de Asturias","headline":"\u00abMi hijo no come\u00bb: bajo peso en los ni\u00f1os","author":{"@id":"https:\/\/www.eldigitaldeasturias.com\/noticias\/author\/admin\/#author"},"publisher":{"@id":"https:\/\/www.eldigitaldeasturias.com\/noticias\/#organization"},"image":{"@type":"ImageObject","url":457075},"datePublished":"2013-12-03T01:16:55+01:00","dateModified":"2013-12-03T01:16:55+01:00","inLanguage":"es-ES","mainEntityOfPage":{"@id":"https:\/\/www.eldigitaldeasturias.com\/noticias\/mi-hijo-no-come-bajo-peso-en-los-ninos\/#webpage"},"isPartOf":{"@id":"https:\/\/www.eldigitaldeasturias.com\/noticias\/mi-hijo-no-come-bajo-peso-en-los-ninos\/#webpage"},"articleSection":"Sociedad"},{"@type":"BreadcrumbList","@id":"https:\/\/www.eldigitaldeasturias.com\/noticias\/mi-hijo-no-come-bajo-peso-en-los-ninos\/#breadcrumblist","itemListElement":[{"@type":"ListItem","@id":"https:\/\/www.eldigitaldeasturias.com\/noticias#listItem","position":1,"name":"Home","item":"https:\/\/www.eldigitaldeasturias.com\/noticias","nextItem":{"@type":"ListItem","@id":"https:\/\/www.eldigitaldeasturias.com\/noticias\/category\/sociedad\/#listItem","name":"Sociedad"}},{"@type":"ListItem","@id":"https:\/\/www.eldigitaldeasturias.com\/noticias\/category\/sociedad\/#listItem","position":2,"name":"Sociedad","item":"https:\/\/www.eldigitaldeasturias.com\/noticias\/category\/sociedad\/","nextItem":{"@type":"ListItem","@id":"https:\/\/www.eldigitaldeasturias.com\/noticias\/mi-hijo-no-come-bajo-peso-en-los-ninos\/#listItem","name":"\u00abMi hijo no come\u00bb: bajo peso en los ni\u00f1os"},"previousItem":{"@type":"ListItem","@id":"https:\/\/www.eldigitaldeasturias.com\/noticias#listItem","name":"Home"}},{"@type":"ListItem","@id":"https:\/\/www.eldigitaldeasturias.com\/noticias\/mi-hijo-no-come-bajo-peso-en-los-ninos\/#listItem","position":3,"name":"\u00abMi hijo no come\u00bb: bajo peso en los ni\u00f1os","previousItem":{"@type":"ListItem","@id":"https:\/\/www.eldigitaldeasturias.com\/noticias\/category\/sociedad\/#listItem","name":"Sociedad"}}]},{"@type":"Organization","@id":"https:\/\/www.eldigitaldeasturias.com\/noticias\/#organization","name":"El Digital de Asturias","description":"Hemeroteca","url":"https:\/\/www.eldigitaldeasturias.com\/noticias\/","email":"info@eldigitaldeasturias.com","telephone":"+34652131393","logo":{"@type":"ImageObject","url":"https:\/\/www.eldigitaldeasturias.com\/noticias\/wp-content\/uploads\/2020\/12\/EDA.jpg","@id":"https:\/\/www.eldigitaldeasturias.com\/noticias\/mi-hijo-no-come-bajo-peso-en-los-ninos\/#organizationLogo"},"image":{"@id":"https:\/\/www.eldigitaldeasturias.com\/noticias\/mi-hijo-no-come-bajo-peso-en-los-ninos\/#organizationLogo"},"sameAs":["https:\/\/facebook.com\/eldigitaldeasturias","https:\/\/www.youtube.com\/channel\/UCZP-2wLEB9Rv6erhFmqVnvg"],"address":{"@id":"https:\/\/www.eldigitaldeasturias.com\/noticias\/#postaladdress","@type":"PostalAddress","streetAddress":"san antonio 4","postalCode":"33430","addressLocality":"Cand\u00e1s","addressRegion":"Asturias","addressCountry":"ES"}},{"@type":"Person","@id":"https:\/\/www.eldigitaldeasturias.com\/noticias\/author\/admin\/#author","url":"https:\/\/www.eldigitaldeasturias.com\/noticias\/author\/admin\/","name":"El Digital de Asturias","image":{"@type":"ImageObject","@id":"https:\/\/www.eldigitaldeasturias.com\/noticias\/mi-hijo-no-come-bajo-peso-en-los-ninos\/#authorImage","url":"https:\/\/secure.gravatar.com\/avatar\/df2aeffc32bcd13f8d26072ef8a91b623d677766deac7f97ca815868cd41bf5e?s=96&d=mm&r=g","width":96,"height":96,"caption":"El Digital de Asturias"}},{"@type":"WebPage","@id":"https:\/\/www.eldigitaldeasturias.com\/noticias\/mi-hijo-no-come-bajo-peso-en-los-ninos\/#webpage","url":"https:\/\/www.eldigitaldeasturias.com\/noticias\/mi-hijo-no-come-bajo-peso-en-los-ninos\/","name":"\u00abMi hijo no come\u00bb: bajo peso en los ni\u00f1os - El Digital de Asturias","description":"Por Claudia Urban (dpa) - Mientras que algunos ni\u00f1os sufren sobrepeso, en otros el problema es el contrario. Y cuando adem\u00e1s comen mal, entonces los padres se preocupan, pero lo m\u00e1s habitual es que todo marche bien. Cuando los hijos empiezan a ir a la guarder\u00eda o a la escuela, aparecen las comparaciones: \u00bfEs mi","inLanguage":"es-ES","isPartOf":{"@id":"https:\/\/www.eldigitaldeasturias.com\/noticias\/#website"},"breadcrumb":{"@id":"https:\/\/www.eldigitaldeasturias.com\/noticias\/mi-hijo-no-come-bajo-peso-en-los-ninos\/#breadcrumblist"},"author":{"@id":"https:\/\/www.eldigitaldeasturias.com\/noticias\/author\/admin\/#author"},"creator":{"@id":"https:\/\/www.eldigitaldeasturias.com\/noticias\/author\/admin\/#author"},"image":{"@type":"ImageObject","url":457075,"@id":"https:\/\/www.eldigitaldeasturias.com\/noticias\/mi-hijo-no-come-bajo-peso-en-los-ninos\/#mainImage"},"primaryImageOfPage":{"@id":"https:\/\/www.eldigitaldeasturias.com\/noticias\/mi-hijo-no-come-bajo-peso-en-los-ninos\/#mainImage"},"datePublished":"2013-12-03T01:16:55+01:00","dateModified":"2013-12-03T01:16:55+01:00"},{"@type":"WebSite","@id":"https:\/\/www.eldigitaldeasturias.com\/noticias\/#website","url":"https:\/\/www.eldigitaldeasturias.com\/noticias\/","name":"El Digital de Asturias - Diario de actualidad y noticias","alternateName":"El Digital de Asturias - Diario de actualidad y noticias","description":"Hemeroteca","inLanguage":"es-ES","publisher":{"@id":"https:\/\/www.eldigitaldeasturias.com\/noticias\/#organization"}}]},"og:locale":"es_ES","og:site_name":"El Digital de Asturias","og:type":"article","og:title":"\u00abMi hijo no come\u00bb: bajo peso en los ni\u00f1os - El Digital de Asturias","og:description":"Por Claudia Urban (dpa) - Mientras que algunos ni\u00f1os sufren sobrepeso, en otros el problema es el contrario. Y cuando adem\u00e1s comen mal, entonces los padres se preocupan, pero lo m\u00e1s habitual es que todo marche bien. Cuando los hijos empiezan a ir a la guarder\u00eda o a la escuela, aparecen las comparaciones: \u00bfEs mi","og:url":"https:\/\/www.eldigitaldeasturias.com\/noticias\/mi-hijo-no-come-bajo-peso-en-los-ninos\/","article:tag":["sociedad"],"article:published_time":"2013-12-03T02:16:55+00:00","article:modified_time":"2013-12-03T02:16:55+00:00","article:publisher":"https:\/\/facebook.com\/eldigitaldeasturias","twitter:card":"summary_large_image","twitter:title":"\u00abMi hijo no come\u00bb: bajo peso en los ni\u00f1os - El Digital de Asturias","twitter:description":"Por Claudia Urban (dpa) - Mientras que algunos ni\u00f1os sufren sobrepeso, en otros el problema es el contrario. Y cuando adem\u00e1s comen mal, entonces los padres se preocupan, pero lo m\u00e1s habitual es que todo marche bien. Cuando los hijos empiezan a ir a la guarder\u00eda o a la escuela, aparecen las comparaciones: \u00bfEs mi","twitter:label1":"Escrito por","twitter:data1":"El Digital de Asturias","twitter:label2":"Tiempo de lectura estimado","twitter:data2":"3 minutos"},"aioseo_meta_data":{"post_id":"457074","title":null,"description":null,"keywords":null,"keyphrases":null,"primary_term":null,"canonical_url":null,"og_title":null,"og_description":null,"og_object_type":"default","og_image_type":"default","og_image_url":null,"og_image_width":null,"og_image_height":null,"og_image_custom_url":null,"og_image_custom_fields":null,"og_video":null,"og_custom_url":null,"og_article_section":null,"og_article_tags":null,"twitter_use_og":true,"twitter_card":"default","twitter_image_type":"default","twitter_image_url":null,"twitter_image_custom_url":null,"twitter_image_custom_fields":null,"twitter_title":null,"twitter_description":null,"schema":{"blockGraphs":[],"customGraphs":[],"default":{"data":{"Article":[],"Course":[],"Dataset":[],"FAQPage":[],"Movie":[],"Person":[],"Product":[],"ProductReview":[],"Car":[],"Recipe":[],"Service":[],"SoftwareApplication":[],"WebPage":[]},"graphName":"","isEnabled":true},"graphs":[],"defaultGraph":"","defaultPostTypeGraph":""},"schema_type":null,"schema_type_options":null,"pillar_content":false,"robots_default":true,"robots_noindex":false,"robots_noarchive":false,"robots_nosnippet":false,"robots_nofollow":false,"robots_noimageindex":false,"robots_noodp":false,"robots_notranslate":false,"robots_max_snippet":null,"robots_max_videopreview":null,"robots_max_imagepreview":"none","priority":null,"frequency":null,"local_seo":null,"seo_analyzer_scan_date":"2026-05-30 00:11:59","breadcrumb_settings":null,"limit_modified_date":false,"open_ai":null,"ai":null,"created":"2020-11-14 22:46:05","updated":"2026-05-30 00:11:59","focus_keyword":null,"additional_keywords":null,"truseo_locale":null},"aioseo_breadcrumb":"<div class=\"aioseo-breadcrumbs\"><span class=\"aioseo-breadcrumb\">\n\t<a href=\"https:\/\/www.eldigitaldeasturias.com\/noticias\" title=\"Home\">Home<\/a>\n<\/span><span class=\"aioseo-breadcrumb-separator\">\u2013<\/span><span class=\"aioseo-breadcrumb\">\n\t<a href=\"https:\/\/www.eldigitaldeasturias.com\/noticias\/category\/sociedad\/\" title=\"Sociedad\">Sociedad<\/a>\n<\/span><span class=\"aioseo-breadcrumb-separator\">\u2013<\/span><span class=\"aioseo-breadcrumb\">\n\t<a href=\"https:\/\/www.eldigitaldeasturias.com\/noticias\/mi-hijo-no-come-bajo-peso-en-los-ninos\/\" title=\"\u00abMi hijo no come\u00bb: bajo peso en los ni\u00f1os\">\u00abMi hijo no come\u00bb: bajo peso en los ni\u00f1os<\/a>\n<\/span><\/div>","aioseo_breadcrumb_json":[{"label":"Home","link":"https:\/\/www.eldigitaldeasturias.com\/noticias"},{"label":"Sociedad","link":"https:\/\/www.eldigitaldeasturias.com\/noticias\/category\/sociedad\/"},{"label":"\u00abMi hijo no come\u00bb: bajo peso en los ni\u00f1os","link":"https:\/\/www.eldigitaldeasturias.com\/noticias\/mi-hijo-no-come-bajo-peso-en-los-ninos\/"}],"_links":{"self":[{"href":"https:\/\/www.eldigitaldeasturias.com\/noticias\/wp-json\/wp\/v2\/posts\/457074","targetHints":{"allow":["GET"]}}],"collection":[{"href":"https:\/\/www.eldigitaldeasturias.com\/noticias\/wp-json\/wp\/v2\/posts"}],"about":[{"href":"https:\/\/www.eldigitaldeasturias.com\/noticias\/wp-json\/wp\/v2\/types\/post"}],"author":[{"embeddable":true,"href":"https:\/\/www.eldigitaldeasturias.com\/noticias\/wp-json\/wp\/v2\/users\/1"}],"replies":[{"embeddable":true,"href":"https:\/\/www.eldigitaldeasturias.com\/noticias\/wp-json\/wp\/v2\/comments?post=457074"}],"version-history":[{"count":0,"href":"https:\/\/www.eldigitaldeasturias.com\/noticias\/wp-json\/wp\/v2\/posts\/457074\/revisions"}],"wp:attachment":[{"href":"https:\/\/www.eldigitaldeasturias.com\/noticias\/wp-json\/wp\/v2\/media?parent=457074"}],"wp:term":[{"taxonomy":"category","embeddable":true,"href":"https:\/\/www.eldigitaldeasturias.com\/noticias\/wp-json\/wp\/v2\/categories?post=457074"},{"taxonomy":"post_tag","embeddable":true,"href":"https:\/\/www.eldigitaldeasturias.com\/noticias\/wp-json\/wp\/v2\/tags?post=457074"}],"curies":[{"name":"wp","href":"https:\/\/api.w.org\/{rel}","templated":true}]}}