{"id":457070,"date":"2013-12-03T01:13:42","date_gmt":"2013-12-03T02:13:42","guid":{"rendered":"http:\/\/www.eldigitaldeasturias.com\/noticias\/?p=457070"},"modified":"2013-12-03T01:14:03","modified_gmt":"2013-12-03T02:14:03","slug":"las-claves-para-ocultar-los-signos-de-la-falta-de-sueno","status":"publish","type":"post","link":"https:\/\/www.eldigitaldeasturias.com\/noticias\/las-claves-para-ocultar-los-signos-de-la-falta-de-sueno\/","title":{"rendered":"Las claves para ocultar los signos de la falta de sue\u00f1o"},"content":{"rendered":"<p>&nbsp;<\/p>\n<p><i><img loading=\"lazy\" decoding=\"async\" class=\"alignleft size-medium wp-image-457071\" alt=\"Die Folgen einer kurzen Nacht - Augenringe und fahle Haut kaschie\" src=\"https:\/\/www.eldigitaldeasturias.com\/noticias\/wp-content\/uploads\/2013\/12\/CLAVES_PARA_OCULTAR_36524585-360x240.jpg\" width=\"360\" height=\"240\" \/>Por Andrea Abrell (dpa) &#8211;\u00a0 <\/i>Hay muchas razones por las cuales las horas de sue\u00f1o pueden ser escasas, y la factura se paga al d\u00eda siguiente con una piel p\u00e1lida y ojerosa. Pero todo tiene soluci\u00f3n.<\/p>\n<div lang=\"\">\n<p>Puede ser por una noche de juerga, por haber hecho horas extra en la oficina o por quedarse charlando con una amiga al tel\u00e9fono.<\/p>\n<p>Numerosos estudios han demostrado adem\u00e1s que las mujeres duermen una hora m\u00e1s en promedio que los hombres, pero tardan m\u00e1s en quedarse dormidas y se despiertan m\u00e1s a menudo durante la noche. Adem\u00e1s, los problemas de insomnio afectan en un 50 por ciento m\u00e1s a las mujeres.<\/p>\n<p>No se puede luchar contra la falta de sue\u00f1o, pero s\u00ed ocultar sus signos visibles. La experta en maquillaje alemana Michaela Ioannidou recomienda usar cremas de d\u00eda con \u00e1cido hialur\u00f3nico o extractos de hierbas espec\u00edficos que activan la irrigaci\u00f3n y dan un color m\u00e1s fresco al cutis.<\/p>\n<p>Alrededor de los ojos, las ojeras o las rojeces son el signo del cansancio. Ello se debe a que la piel de debajo de los ojos es muy delicada y que se ven muy claramente los problemas de irrigaci\u00f3n por falta de sue\u00f1o, con sombras violetas por la dilataci\u00f3n de los vasos sangu\u00edneos. Adem\u00e1s, la falta de sue\u00f1o hace que funcione peor el sistema linf\u00e1tico, lo que como consecuencia causa inflamaci\u00f3n en los ojos.<\/p>\n<p>\u00abLas sustancias descongestivas y humidificantes son lo que se lleva en estos casos\u00bb, afirma Elena Helfenbein, de la asociaci\u00f3n de cosm\u00e9ticos VKE. \u00abLa mejor ayuda r\u00e1pida de belleza se consigue con geles o sustancias fluidas que se activan de inmediato en la piel. En combinaci\u00f3n con aplicadores roll-on fr\u00edos, el efecto de alivio es inmediato\u00bb.<\/p>\n<p>Quien no tenga ning\u00fan cosm\u00e9tico a mano en ese momento puede recurrir a un remedio casero: \u00abPoner cinco minutos dos cucharadas soperas en el congelador y luego presionarlas suavemente contra los p\u00e1rpados\u00bb, se\u00f1ala la dermat\u00f3loga Uta Schlossberger. \u00abSi est\u00e1n demasiado fr\u00edas y molesta, retirarlas y esperar un poco antes de volver a intentarlo\u00bb.<\/p>\n<p>Otra opci\u00f3n son dos bolsitas de t\u00e9 negro, cocidas con el agua y enfriadas. \u00abLos taninos presentes en el t\u00e9 hacen que se contraigan las venas de debajo de los ojos\u00bb, se\u00f1ala la dermat\u00f3loga.<\/p>\n<p>Despu\u00e9s de una noche de fiesta, el especialista Peter Arnheim recomienda para la piel un serum hidratante. \u00abLos que llevan cafe\u00edna o taurina refrescan de inmediato una tez cansada\u00bb.<\/p>\n<p>Otro \u00abarma secreta\u00bb es el corrector. \u00abEl corrector para la zona de los ojos tiene que ser dos tonos m\u00e1s claro que el resto del maquillaje\u00bb, se\u00f1ala Arnheim.<\/p>\n<p>Para las sombras oscuras, lo mejor es un producto con un tono amarillento. \u00abLos vasos sangu\u00edneos de debajo de los ojos tienen un tono violeta\u00bb, se\u00f1ala Michaela Ioannidou. \u00abEl amarillo es el tono opuesto, por eso un &#8216;concealer&#8217; con ese tono es la mejor opci\u00f3n\u00bb, se\u00f1ala.<\/p>\n<p>Tambi\u00e9n el fondo de maquillaje consigue revivir una tez cansada, sobre todo los productos con micropart\u00edculas que reflejan la luz, as\u00ed como tambi\u00e9n maquillajes en tonos melocot\u00f3n.<\/p>\n<p>En lo que respecta al resto de maquillaje para los p\u00e1rpados y los labios, la regla de oro es: colores claros tras una larga noche. Tonos nude para los ojos, rosa en las mejillas y el mismo tono o coral para el l\u00e1piz de labios. Tambi\u00e9n puede ser rojo, pero solamente si es claro y brillante.<\/p>\n<\/div>\n","protected":false},"excerpt":{"rendered":"<p>&nbsp; Por Andrea Abrell (dpa) &#8211;\u00a0 Hay muchas razones por las cuales las horas de sue\u00f1o pueden ser escasas, y la factura se paga al d\u00eda siguiente con una piel p\u00e1lida y ojerosa. Pero todo tiene soluci\u00f3n. Puede ser por una noche de juerga, por haber hecho horas extra en la oficina o por quedarse [&hellip;]<\/p>\n","protected":false},"author":1,"featured_media":457071,"comment_status":"closed","ping_status":"open","sticky":false,"template":"","format":"standard","meta":{"footnotes":""},"categories":[50],"tags":[],"class_list":["post-457070","post","type-post","status-publish","format-standard","has-post-thumbnail","hentry","category-revista-de-ocio"],"aioseo_notices":[],"aioseo_head":"\n\t\t<!-- All in One SEO Pro 5.0.1 - aioseo.com -->\n\t<meta name=\"description\" content=\"Por Andrea Abrell (dpa) - Hay muchas razones por las cuales las horas de sue\u00f1o pueden ser escasas, y la factura se paga al d\u00eda siguiente con una piel p\u00e1lida y ojerosa. Pero todo tiene soluci\u00f3n. Puede ser por una noche de juerga, por haber hecho horas extra en la oficina o por quedarse\" \/>\n\t<meta name=\"robots\" content=\"max-image-preview:large\" \/>\n\t<meta name=\"author\" content=\"El Digital de Asturias\"\/>\n\t<meta name=\"google-site-verification\" content=\"UA-38556648-1\" \/>\n\t<meta name=\"msvalidate.01\" content=\"7dfe9f3f1b24437ab69f4f2559babe99\" \/>\n\t<meta name=\"keywords\" content=\"revista de ocio\" \/>\n\t<link rel=\"canonical\" href=\"https:\/\/www.eldigitaldeasturias.com\/noticias\/las-claves-para-ocultar-los-signos-de-la-falta-de-sueno\/\" \/>\n\t<meta name=\"generator\" content=\"All in One SEO Pro (AIOSEO) 5.0.1\" \/>\n\t\t<meta property=\"og:locale\" content=\"es_ES\" \/>\n\t\t<meta property=\"og:site_name\" content=\"El Digital de Asturias\" \/>\n\t\t<meta property=\"og:type\" content=\"article\" \/>\n\t\t<meta property=\"og:title\" content=\"Las claves para ocultar los signos de la falta de sue\u00f1o - El Digital de Asturias\" \/>\n\t\t<meta property=\"og:description\" content=\"Por Andrea Abrell (dpa) - Hay muchas razones por las cuales las horas de sue\u00f1o pueden ser escasas, y la factura se paga al d\u00eda siguiente con una piel p\u00e1lida y ojerosa. Pero todo tiene soluci\u00f3n. Puede ser por una noche de juerga, por haber hecho horas extra en la oficina o por quedarse\" \/>\n\t\t<meta property=\"og:url\" content=\"https:\/\/www.eldigitaldeasturias.com\/noticias\/las-claves-para-ocultar-los-signos-de-la-falta-de-sueno\/\" \/>\n\t\t<meta property=\"article:tag\" content=\"revista de ocio\" \/>\n\t\t<meta property=\"article:published_time\" content=\"2013-12-03T02:13:42+00:00\" \/>\n\t\t<meta property=\"article:modified_time\" content=\"2013-12-03T02:14:03+00:00\" \/>\n\t\t<meta property=\"article:publisher\" content=\"https:\/\/facebook.com\/eldigitaldeasturias\" \/>\n\t\t<meta name=\"twitter:card\" content=\"summary_large_image\" \/>\n\t\t<meta name=\"twitter:title\" content=\"Las claves para ocultar los signos de la falta de sue\u00f1o - El Digital de Asturias\" \/>\n\t\t<meta name=\"twitter:description\" content=\"Por Andrea Abrell (dpa) - Hay muchas razones por las cuales las horas de sue\u00f1o pueden ser escasas, y la factura se paga al d\u00eda siguiente con una piel p\u00e1lida y ojerosa. Pero todo tiene soluci\u00f3n. Puede ser por una noche de juerga, por haber hecho horas extra en la oficina o por quedarse\" \/>\n\t\t<meta name=\"twitter:label1\" content=\"Escrito por\" \/>\n\t\t<meta name=\"twitter:data1\" content=\"El Digital de Asturias\" \/>\n\t\t<meta name=\"twitter:label2\" content=\"Tiempo de lectura estimado\" \/>\n\t\t<meta name=\"twitter:data2\" content=\"3 minutos\" \/>\n\t\t<script type=\"application\/ld+json\" class=\"aioseo-schema\">\n\t\t\t{\"@context\":\"https:\\\/\\\/schema.org\",\"@graph\":[{\"@type\":\"BlogPosting\",\"@id\":\"https:\\\/\\\/www.eldigitaldeasturias.com\\\/noticias\\\/las-claves-para-ocultar-los-signos-de-la-falta-de-sueno\\\/#blogposting\",\"name\":\"Las claves para ocultar los signos de la falta de sue\\u00f1o - El Digital de Asturias\",\"headline\":\"Las claves para ocultar los signos de la falta de sue\\u00f1o\",\"author\":{\"@id\":\"https:\\\/\\\/www.eldigitaldeasturias.com\\\/noticias\\\/author\\\/admin\\\/#author\"},\"publisher\":{\"@id\":\"https:\\\/\\\/www.eldigitaldeasturias.com\\\/noticias\\\/#organization\"},\"image\":{\"@type\":\"ImageObject\",\"url\":457071},\"datePublished\":\"2013-12-03T01:13:42+01:00\",\"dateModified\":\"2013-12-03T01:14:03+01:00\",\"inLanguage\":\"es-ES\",\"mainEntityOfPage\":{\"@id\":\"https:\\\/\\\/www.eldigitaldeasturias.com\\\/noticias\\\/las-claves-para-ocultar-los-signos-de-la-falta-de-sueno\\\/#webpage\"},\"isPartOf\":{\"@id\":\"https:\\\/\\\/www.eldigitaldeasturias.com\\\/noticias\\\/las-claves-para-ocultar-los-signos-de-la-falta-de-sueno\\\/#webpage\"},\"articleSection\":\"Revista de Ocio\"},{\"@type\":\"BreadcrumbList\",\"@id\":\"https:\\\/\\\/www.eldigitaldeasturias.com\\\/noticias\\\/las-claves-para-ocultar-los-signos-de-la-falta-de-sueno\\\/#breadcrumblist\",\"itemListElement\":[{\"@type\":\"ListItem\",\"@id\":\"https:\\\/\\\/www.eldigitaldeasturias.com\\\/noticias#listItem\",\"position\":1,\"name\":\"Home\",\"item\":\"https:\\\/\\\/www.eldigitaldeasturias.com\\\/noticias\",\"nextItem\":{\"@type\":\"ListItem\",\"@id\":\"https:\\\/\\\/www.eldigitaldeasturias.com\\\/noticias\\\/category\\\/revista-de-ocio\\\/#listItem\",\"name\":\"Revista de Ocio\"}},{\"@type\":\"ListItem\",\"@id\":\"https:\\\/\\\/www.eldigitaldeasturias.com\\\/noticias\\\/category\\\/revista-de-ocio\\\/#listItem\",\"position\":2,\"name\":\"Revista de Ocio\",\"item\":\"https:\\\/\\\/www.eldigitaldeasturias.com\\\/noticias\\\/category\\\/revista-de-ocio\\\/\",\"nextItem\":{\"@type\":\"ListItem\",\"@id\":\"https:\\\/\\\/www.eldigitaldeasturias.com\\\/noticias\\\/las-claves-para-ocultar-los-signos-de-la-falta-de-sueno\\\/#listItem\",\"name\":\"Las claves para ocultar los signos de la falta de sue\\u00f1o\"},\"previousItem\":{\"@type\":\"ListItem\",\"@id\":\"https:\\\/\\\/www.eldigitaldeasturias.com\\\/noticias#listItem\",\"name\":\"Home\"}},{\"@type\":\"ListItem\",\"@id\":\"https:\\\/\\\/www.eldigitaldeasturias.com\\\/noticias\\\/las-claves-para-ocultar-los-signos-de-la-falta-de-sueno\\\/#listItem\",\"position\":3,\"name\":\"Las claves para ocultar los signos de la falta de sue\\u00f1o\",\"previousItem\":{\"@type\":\"ListItem\",\"@id\":\"https:\\\/\\\/www.eldigitaldeasturias.com\\\/noticias\\\/category\\\/revista-de-ocio\\\/#listItem\",\"name\":\"Revista de Ocio\"}}]},{\"@type\":\"Organization\",\"@id\":\"https:\\\/\\\/www.eldigitaldeasturias.com\\\/noticias\\\/#organization\",\"name\":\"El Digital de Asturias\",\"description\":\"Hemeroteca\",\"url\":\"https:\\\/\\\/www.eldigitaldeasturias.com\\\/noticias\\\/\",\"email\":\"info@eldigitaldeasturias.com\",\"telephone\":\"+34652131393\",\"logo\":{\"@type\":\"ImageObject\",\"url\":\"https:\\\/\\\/www.eldigitaldeasturias.com\\\/noticias\\\/wp-content\\\/uploads\\\/2020\\\/12\\\/EDA.jpg\",\"@id\":\"https:\\\/\\\/www.eldigitaldeasturias.com\\\/noticias\\\/las-claves-para-ocultar-los-signos-de-la-falta-de-sueno\\\/#organizationLogo\"},\"image\":{\"@id\":\"https:\\\/\\\/www.eldigitaldeasturias.com\\\/noticias\\\/las-claves-para-ocultar-los-signos-de-la-falta-de-sueno\\\/#organizationLogo\"},\"sameAs\":[\"https:\\\/\\\/facebook.com\\\/eldigitaldeasturias\",\"https:\\\/\\\/www.youtube.com\\\/channel\\\/UCZP-2wLEB9Rv6erhFmqVnvg\"],\"address\":{\"@id\":\"https:\\\/\\\/www.eldigitaldeasturias.com\\\/noticias\\\/#postaladdress\",\"@type\":\"PostalAddress\",\"streetAddress\":\"san antonio 4\",\"postalCode\":\"33430\",\"addressLocality\":\"Cand\\u00e1s\",\"addressRegion\":\"Asturias\",\"addressCountry\":\"ES\"}},{\"@type\":\"Person\",\"@id\":\"https:\\\/\\\/www.eldigitaldeasturias.com\\\/noticias\\\/author\\\/admin\\\/#author\",\"url\":\"https:\\\/\\\/www.eldigitaldeasturias.com\\\/noticias\\\/author\\\/admin\\\/\",\"name\":\"El Digital de Asturias\",\"image\":{\"@type\":\"ImageObject\",\"@id\":\"https:\\\/\\\/www.eldigitaldeasturias.com\\\/noticias\\\/las-claves-para-ocultar-los-signos-de-la-falta-de-sueno\\\/#authorImage\",\"url\":\"https:\\\/\\\/secure.gravatar.com\\\/avatar\\\/df2aeffc32bcd13f8d26072ef8a91b623d677766deac7f97ca815868cd41bf5e?s=96&d=mm&r=g\",\"width\":96,\"height\":96,\"caption\":\"El Digital de Asturias\"}},{\"@type\":\"WebPage\",\"@id\":\"https:\\\/\\\/www.eldigitaldeasturias.com\\\/noticias\\\/las-claves-para-ocultar-los-signos-de-la-falta-de-sueno\\\/#webpage\",\"url\":\"https:\\\/\\\/www.eldigitaldeasturias.com\\\/noticias\\\/las-claves-para-ocultar-los-signos-de-la-falta-de-sueno\\\/\",\"name\":\"Las claves para ocultar los signos de la falta de sue\\u00f1o - El Digital de Asturias\",\"description\":\"Por Andrea Abrell (dpa) - Hay muchas razones por las cuales las horas de sue\\u00f1o pueden ser escasas, y la factura se paga al d\\u00eda siguiente con una piel p\\u00e1lida y ojerosa. Pero todo tiene soluci\\u00f3n. Puede ser por una noche de juerga, por haber hecho horas extra en la oficina o por quedarse\",\"inLanguage\":\"es-ES\",\"isPartOf\":{\"@id\":\"https:\\\/\\\/www.eldigitaldeasturias.com\\\/noticias\\\/#website\"},\"breadcrumb\":{\"@id\":\"https:\\\/\\\/www.eldigitaldeasturias.com\\\/noticias\\\/las-claves-para-ocultar-los-signos-de-la-falta-de-sueno\\\/#breadcrumblist\"},\"author\":{\"@id\":\"https:\\\/\\\/www.eldigitaldeasturias.com\\\/noticias\\\/author\\\/admin\\\/#author\"},\"creator\":{\"@id\":\"https:\\\/\\\/www.eldigitaldeasturias.com\\\/noticias\\\/author\\\/admin\\\/#author\"},\"image\":{\"@type\":\"ImageObject\",\"url\":457071,\"@id\":\"https:\\\/\\\/www.eldigitaldeasturias.com\\\/noticias\\\/las-claves-para-ocultar-los-signos-de-la-falta-de-sueno\\\/#mainImage\"},\"primaryImageOfPage\":{\"@id\":\"https:\\\/\\\/www.eldigitaldeasturias.com\\\/noticias\\\/las-claves-para-ocultar-los-signos-de-la-falta-de-sueno\\\/#mainImage\"},\"datePublished\":\"2013-12-03T01:13:42+01:00\",\"dateModified\":\"2013-12-03T01:14:03+01:00\"},{\"@type\":\"WebSite\",\"@id\":\"https:\\\/\\\/www.eldigitaldeasturias.com\\\/noticias\\\/#website\",\"url\":\"https:\\\/\\\/www.eldigitaldeasturias.com\\\/noticias\\\/\",\"name\":\"El Digital de Asturias - Diario de actualidad y noticias\",\"alternateName\":\"El Digital de Asturias - Diario de actualidad y noticias\",\"description\":\"Hemeroteca\",\"inLanguage\":\"es-ES\",\"publisher\":{\"@id\":\"https:\\\/\\\/www.eldigitaldeasturias.com\\\/noticias\\\/#organization\"}}]}\n\t\t<\/script>\n\t\t<!-- All in One SEO Pro -->\r\n\t\t<title>Las claves para ocultar los signos de la falta de sue\u00f1o - El Digital de Asturias<\/title>\n\n","aioseo_head_json":{"title":"Las claves para ocultar los signos de la falta de sue\u00f1o - El Digital de Asturias","description":"Por Andrea Abrell (dpa) - Hay muchas razones por las cuales las horas de sue\u00f1o pueden ser escasas, y la factura se paga al d\u00eda siguiente con una piel p\u00e1lida y ojerosa. Pero todo tiene soluci\u00f3n. Puede ser por una noche de juerga, por haber hecho horas extra en la oficina o por quedarse","canonical_url":"https:\/\/www.eldigitaldeasturias.com\/noticias\/las-claves-para-ocultar-los-signos-de-la-falta-de-sueno\/","robots":"max-image-preview:large","keywords":"revista de ocio","webmasterTools":{"google-site-verification":"UA-38556648-1","msvalidate.01":"7dfe9f3f1b24437ab69f4f2559babe99","miscellaneous":""},"schema":{"@context":"https:\/\/schema.org","@graph":[{"@type":"BlogPosting","@id":"https:\/\/www.eldigitaldeasturias.com\/noticias\/las-claves-para-ocultar-los-signos-de-la-falta-de-sueno\/#blogposting","name":"Las claves para ocultar los signos de la falta de sue\u00f1o - El Digital de Asturias","headline":"Las claves para ocultar los signos de la falta de sue\u00f1o","author":{"@id":"https:\/\/www.eldigitaldeasturias.com\/noticias\/author\/admin\/#author"},"publisher":{"@id":"https:\/\/www.eldigitaldeasturias.com\/noticias\/#organization"},"image":{"@type":"ImageObject","url":457071},"datePublished":"2013-12-03T01:13:42+01:00","dateModified":"2013-12-03T01:14:03+01:00","inLanguage":"es-ES","mainEntityOfPage":{"@id":"https:\/\/www.eldigitaldeasturias.com\/noticias\/las-claves-para-ocultar-los-signos-de-la-falta-de-sueno\/#webpage"},"isPartOf":{"@id":"https:\/\/www.eldigitaldeasturias.com\/noticias\/las-claves-para-ocultar-los-signos-de-la-falta-de-sueno\/#webpage"},"articleSection":"Revista de Ocio"},{"@type":"BreadcrumbList","@id":"https:\/\/www.eldigitaldeasturias.com\/noticias\/las-claves-para-ocultar-los-signos-de-la-falta-de-sueno\/#breadcrumblist","itemListElement":[{"@type":"ListItem","@id":"https:\/\/www.eldigitaldeasturias.com\/noticias#listItem","position":1,"name":"Home","item":"https:\/\/www.eldigitaldeasturias.com\/noticias","nextItem":{"@type":"ListItem","@id":"https:\/\/www.eldigitaldeasturias.com\/noticias\/category\/revista-de-ocio\/#listItem","name":"Revista de Ocio"}},{"@type":"ListItem","@id":"https:\/\/www.eldigitaldeasturias.com\/noticias\/category\/revista-de-ocio\/#listItem","position":2,"name":"Revista de Ocio","item":"https:\/\/www.eldigitaldeasturias.com\/noticias\/category\/revista-de-ocio\/","nextItem":{"@type":"ListItem","@id":"https:\/\/www.eldigitaldeasturias.com\/noticias\/las-claves-para-ocultar-los-signos-de-la-falta-de-sueno\/#listItem","name":"Las claves para ocultar los signos de la falta de sue\u00f1o"},"previousItem":{"@type":"ListItem","@id":"https:\/\/www.eldigitaldeasturias.com\/noticias#listItem","name":"Home"}},{"@type":"ListItem","@id":"https:\/\/www.eldigitaldeasturias.com\/noticias\/las-claves-para-ocultar-los-signos-de-la-falta-de-sueno\/#listItem","position":3,"name":"Las claves para ocultar los signos de la falta de sue\u00f1o","previousItem":{"@type":"ListItem","@id":"https:\/\/www.eldigitaldeasturias.com\/noticias\/category\/revista-de-ocio\/#listItem","name":"Revista de Ocio"}}]},{"@type":"Organization","@id":"https:\/\/www.eldigitaldeasturias.com\/noticias\/#organization","name":"El Digital de Asturias","description":"Hemeroteca","url":"https:\/\/www.eldigitaldeasturias.com\/noticias\/","email":"info@eldigitaldeasturias.com","telephone":"+34652131393","logo":{"@type":"ImageObject","url":"https:\/\/www.eldigitaldeasturias.com\/noticias\/wp-content\/uploads\/2020\/12\/EDA.jpg","@id":"https:\/\/www.eldigitaldeasturias.com\/noticias\/las-claves-para-ocultar-los-signos-de-la-falta-de-sueno\/#organizationLogo"},"image":{"@id":"https:\/\/www.eldigitaldeasturias.com\/noticias\/las-claves-para-ocultar-los-signos-de-la-falta-de-sueno\/#organizationLogo"},"sameAs":["https:\/\/facebook.com\/eldigitaldeasturias","https:\/\/www.youtube.com\/channel\/UCZP-2wLEB9Rv6erhFmqVnvg"],"address":{"@id":"https:\/\/www.eldigitaldeasturias.com\/noticias\/#postaladdress","@type":"PostalAddress","streetAddress":"san antonio 4","postalCode":"33430","addressLocality":"Cand\u00e1s","addressRegion":"Asturias","addressCountry":"ES"}},{"@type":"Person","@id":"https:\/\/www.eldigitaldeasturias.com\/noticias\/author\/admin\/#author","url":"https:\/\/www.eldigitaldeasturias.com\/noticias\/author\/admin\/","name":"El Digital de Asturias","image":{"@type":"ImageObject","@id":"https:\/\/www.eldigitaldeasturias.com\/noticias\/las-claves-para-ocultar-los-signos-de-la-falta-de-sueno\/#authorImage","url":"https:\/\/secure.gravatar.com\/avatar\/df2aeffc32bcd13f8d26072ef8a91b623d677766deac7f97ca815868cd41bf5e?s=96&d=mm&r=g","width":96,"height":96,"caption":"El Digital de Asturias"}},{"@type":"WebPage","@id":"https:\/\/www.eldigitaldeasturias.com\/noticias\/las-claves-para-ocultar-los-signos-de-la-falta-de-sueno\/#webpage","url":"https:\/\/www.eldigitaldeasturias.com\/noticias\/las-claves-para-ocultar-los-signos-de-la-falta-de-sueno\/","name":"Las claves para ocultar los signos de la falta de sue\u00f1o - El Digital de Asturias","description":"Por Andrea Abrell (dpa) - Hay muchas razones por las cuales las horas de sue\u00f1o pueden ser escasas, y la factura se paga al d\u00eda siguiente con una piel p\u00e1lida y ojerosa. Pero todo tiene soluci\u00f3n. Puede ser por una noche de juerga, por haber hecho horas extra en la oficina o por quedarse","inLanguage":"es-ES","isPartOf":{"@id":"https:\/\/www.eldigitaldeasturias.com\/noticias\/#website"},"breadcrumb":{"@id":"https:\/\/www.eldigitaldeasturias.com\/noticias\/las-claves-para-ocultar-los-signos-de-la-falta-de-sueno\/#breadcrumblist"},"author":{"@id":"https:\/\/www.eldigitaldeasturias.com\/noticias\/author\/admin\/#author"},"creator":{"@id":"https:\/\/www.eldigitaldeasturias.com\/noticias\/author\/admin\/#author"},"image":{"@type":"ImageObject","url":457071,"@id":"https:\/\/www.eldigitaldeasturias.com\/noticias\/las-claves-para-ocultar-los-signos-de-la-falta-de-sueno\/#mainImage"},"primaryImageOfPage":{"@id":"https:\/\/www.eldigitaldeasturias.com\/noticias\/las-claves-para-ocultar-los-signos-de-la-falta-de-sueno\/#mainImage"},"datePublished":"2013-12-03T01:13:42+01:00","dateModified":"2013-12-03T01:14:03+01:00"},{"@type":"WebSite","@id":"https:\/\/www.eldigitaldeasturias.com\/noticias\/#website","url":"https:\/\/www.eldigitaldeasturias.com\/noticias\/","name":"El Digital de Asturias - Diario de actualidad y noticias","alternateName":"El Digital de Asturias - Diario de actualidad y noticias","description":"Hemeroteca","inLanguage":"es-ES","publisher":{"@id":"https:\/\/www.eldigitaldeasturias.com\/noticias\/#organization"}}]},"og:locale":"es_ES","og:site_name":"El Digital de Asturias","og:type":"article","og:title":"Las claves para ocultar los signos de la falta de sue\u00f1o - El Digital de Asturias","og:description":"Por Andrea Abrell (dpa) - Hay muchas razones por las cuales las horas de sue\u00f1o pueden ser escasas, y la factura se paga al d\u00eda siguiente con una piel p\u00e1lida y ojerosa. Pero todo tiene soluci\u00f3n. Puede ser por una noche de juerga, por haber hecho horas extra en la oficina o por quedarse","og:url":"https:\/\/www.eldigitaldeasturias.com\/noticias\/las-claves-para-ocultar-los-signos-de-la-falta-de-sueno\/","article:tag":["revista de ocio"],"article:published_time":"2013-12-03T02:13:42+00:00","article:modified_time":"2013-12-03T02:14:03+00:00","article:publisher":"https:\/\/facebook.com\/eldigitaldeasturias","twitter:card":"summary_large_image","twitter:title":"Las claves para ocultar los signos de la falta de sue\u00f1o - El Digital de Asturias","twitter:description":"Por Andrea Abrell (dpa) - Hay muchas razones por las cuales las horas de sue\u00f1o pueden ser escasas, y la factura se paga al d\u00eda siguiente con una piel p\u00e1lida y ojerosa. Pero todo tiene soluci\u00f3n. Puede ser por una noche de juerga, por haber hecho horas extra en la oficina o por quedarse","twitter:label1":"Escrito por","twitter:data1":"El Digital de Asturias","twitter:label2":"Tiempo de lectura estimado","twitter:data2":"3 minutos"},"aioseo_meta_data":{"post_id":"457070","title":null,"description":null,"keywords":null,"keyphrases":null,"primary_term":null,"canonical_url":null,"og_title":null,"og_description":null,"og_object_type":"default","og_image_type":"default","og_image_url":null,"og_image_width":null,"og_image_height":null,"og_image_custom_url":null,"og_image_custom_fields":null,"og_video":null,"og_custom_url":null,"og_article_section":null,"og_article_tags":null,"twitter_use_og":true,"twitter_card":"default","twitter_image_type":"default","twitter_image_url":null,"twitter_image_custom_url":null,"twitter_image_custom_fields":null,"twitter_title":null,"twitter_description":null,"schema":{"blockGraphs":[],"customGraphs":[],"default":{"data":{"Article":[],"Course":[],"Dataset":[],"FAQPage":[],"Movie":[],"Person":[],"Product":[],"ProductReview":[],"Car":[],"Recipe":[],"Service":[],"SoftwareApplication":[],"WebPage":[]},"graphName":"","isEnabled":true},"graphs":[],"defaultGraph":"","defaultPostTypeGraph":""},"schema_type":null,"schema_type_options":null,"pillar_content":false,"robots_default":true,"robots_noindex":false,"robots_noarchive":false,"robots_nosnippet":false,"robots_nofollow":false,"robots_noimageindex":false,"robots_noodp":false,"robots_notranslate":false,"robots_max_snippet":null,"robots_max_videopreview":null,"robots_max_imagepreview":"none","priority":null,"frequency":null,"local_seo":null,"seo_analyzer_scan_date":"2026-05-30 00:11:58","breadcrumb_settings":null,"limit_modified_date":false,"open_ai":null,"ai":null,"created":"2020-11-14 22:46:05","updated":"2026-05-30 00:11:58","focus_keyword":null,"additional_keywords":null,"truseo_locale":null},"aioseo_breadcrumb":"<div class=\"aioseo-breadcrumbs\"><span class=\"aioseo-breadcrumb\">\n\t<a href=\"https:\/\/www.eldigitaldeasturias.com\/noticias\" title=\"Home\">Home<\/a>\n<\/span><span class=\"aioseo-breadcrumb-separator\">\u2013<\/span><span class=\"aioseo-breadcrumb\">\n\t<a href=\"https:\/\/www.eldigitaldeasturias.com\/noticias\/category\/revista-de-ocio\/\" title=\"Revista de Ocio\">Revista de Ocio<\/a>\n<\/span><span class=\"aioseo-breadcrumb-separator\">\u2013<\/span><span class=\"aioseo-breadcrumb\">\n\t<a href=\"https:\/\/www.eldigitaldeasturias.com\/noticias\/las-claves-para-ocultar-los-signos-de-la-falta-de-sueno\/\" title=\"Las claves para ocultar los signos de la falta de sue\u00f1o\">Las claves para ocultar los signos de la falta de sue\u00f1o<\/a>\n<\/span><\/div>","aioseo_breadcrumb_json":[{"label":"Home","link":"https:\/\/www.eldigitaldeasturias.com\/noticias"},{"label":"Revista de Ocio","link":"https:\/\/www.eldigitaldeasturias.com\/noticias\/category\/revista-de-ocio\/"},{"label":"Las claves para ocultar los signos de la falta de sue\u00f1o","link":"https:\/\/www.eldigitaldeasturias.com\/noticias\/las-claves-para-ocultar-los-signos-de-la-falta-de-sueno\/"}],"_links":{"self":[{"href":"https:\/\/www.eldigitaldeasturias.com\/noticias\/wp-json\/wp\/v2\/posts\/457070","targetHints":{"allow":["GET"]}}],"collection":[{"href":"https:\/\/www.eldigitaldeasturias.com\/noticias\/wp-json\/wp\/v2\/posts"}],"about":[{"href":"https:\/\/www.eldigitaldeasturias.com\/noticias\/wp-json\/wp\/v2\/types\/post"}],"author":[{"embeddable":true,"href":"https:\/\/www.eldigitaldeasturias.com\/noticias\/wp-json\/wp\/v2\/users\/1"}],"replies":[{"embeddable":true,"href":"https:\/\/www.eldigitaldeasturias.com\/noticias\/wp-json\/wp\/v2\/comments?post=457070"}],"version-history":[{"count":0,"href":"https:\/\/www.eldigitaldeasturias.com\/noticias\/wp-json\/wp\/v2\/posts\/457070\/revisions"}],"wp:attachment":[{"href":"https:\/\/www.eldigitaldeasturias.com\/noticias\/wp-json\/wp\/v2\/media?parent=457070"}],"wp:term":[{"taxonomy":"category","embeddable":true,"href":"https:\/\/www.eldigitaldeasturias.com\/noticias\/wp-json\/wp\/v2\/categories?post=457070"},{"taxonomy":"post_tag","embeddable":true,"href":"https:\/\/www.eldigitaldeasturias.com\/noticias\/wp-json\/wp\/v2\/tags?post=457070"}],"curies":[{"name":"wp","href":"https:\/\/api.w.org\/{rel}","templated":true}]}}