{"id":457061,"date":"2013-12-03T01:03:22","date_gmt":"2013-12-03T02:03:22","guid":{"rendered":"http:\/\/www.eldigitaldeasturias.com\/noticias\/?p=457061"},"modified":"2013-12-03T01:03:22","modified_gmt":"2013-12-03T02:03:22","slug":"los-golpes-no-mataron-al-empresario-del-raval-pero-contribuyeron-a-su-muerte","status":"publish","type":"post","link":"https:\/\/www.eldigitaldeasturias.com\/noticias\/los-golpes-no-mataron-al-empresario-del-raval-pero-contribuyeron-a-su-muerte\/","title":{"rendered":"Los golpes no mataron al empresario del Raval, pero contribuyeron a su muerte"},"content":{"rendered":"<p><img loading=\"lazy\" decoding=\"async\" class=\"alignleft size-medium wp-image-457062\" alt=\"5766574w\" src=\"https:\/\/www.eldigitaldeasturias.com\/noticias\/wp-content\/uploads\/2013\/12\/5766574w-360x239.jpg\" width=\"360\" height=\"239\" \/>Barcelona, 2 dic (EFE).- La autopsia al empresario Juan Andr\u00e9s Ben\u00edtez apunta a que los traumatismos y la contenci\u00f3n no causaron directamente su muerte, pero contribuyeron a \u00abdesencadenar\u00bb el proceso de fallecimiento por la propia excitaci\u00f3n del momento, seg\u00fan revela el informe final de la autopsia practicada al cad\u00e1ver.<\/p>\n<p>As\u00ed consta en las conclusiones del informe forense encargado por la titular del juzgado de instrucci\u00f3n n\u00famero 20 de Barcelona para averiguar las causas de la muerte del empresario, al que ha tenido acceso EFE.<\/p>\n<p>En sus conclusiones, los m\u00e9dicos forenses apuntan que Ben\u00edtez falleci\u00f3 por cuatro factores: \u00abun paro card\u00edaco secundario a estado anterior patol\u00f3gico en forma de enfermedad card\u00edaca arritmog\u00e9nica (Wolf-Parkinson-White), consumo de coca\u00edna, politraumatismos y contenci\u00f3n\u00bb.<\/p>\n<p>En opini\u00f3n de los autores del informe forense, \u00abes imposible, desde un punto de vista cient\u00edfico medicolegal atribuir un porcentaje de implicaci\u00f3n de cada uno de estos mecanismos que han intervenido en la muerte\u00bb.<\/p>\n<p>El informe que ahora ha llegado al juzgado es el definitivo sobre las causas de la muerte de Juan Andr\u00e9s Ben\u00edtez, que falleci\u00f3 el pasado 6 de octubre tras ser reducido por los Mossos d&#8217;Esquadra en el barrio barcelon\u00e9s del Raval un d\u00eda antes, dado que hasta ahora solo se dispon\u00eda de un dictamen preliminar.<\/p>\n<p>A diferencia del primer informe remitido por los forenses al juzgado, las conclusiones finales de la autopsia mencionan por primera vez como causas de la muerte la contenci\u00f3n a que fue sometido Ben\u00edtez, que fue inmovilizado en el suelo con la intervenci\u00f3n de varios agentes de la polic\u00eda catalana.<\/p>\n<p>La autopsia tambi\u00e9n sit\u00faa el consumo de coca\u00edna entre las causas de la muerte de Juan Andr\u00e9s Ben\u00edtez, pese a que los an\u00e1lisis toxicol\u00f3gicos que se practicaron al cad\u00e1ver descartaron que el empresario se encontrara bajo los efectos de la coca\u00edna o el alcohol cuando falleci\u00f3.<\/p>\n<p>Los forenses admiten en su informe que, antes de morir, Ben\u00edtez sufri\u00f3 \u00abviolencia contusiva que dio lugar a varios hematomas y fracturas faciales\u00bb, pero concluyen que \u00abno hay ninguna lesi\u00f3n traum\u00e1tica interna que explique la muerte por s\u00ed misma\u00bb.<\/p>\n<p>\u00abLa muerte no fue consecuencia de una lesi\u00f3n o alteraci\u00f3n de \u00f3rgano vital directamente relacionada con los traumatismos\u00bb, prosigue el informe que, sin embargo, reconoce que los golpes recibidos por Ben\u00edtez \u00abcontribuyen a desencadenar el proceso por la activaci\u00f3n adren\u00e9rgica (descarga de catecolaminas) propia de la excitaci\u00f3n del momento\u00bb.<\/p>\n<p>Esa descarga adren\u00e9rgica, a\u00f1aden los m\u00e9dicos, \u00abactu\u00f3 en una persona con una enfermedad card\u00edaca previa, que es la enfermedad de Wolf-Parkinson-White\u00bb, que tambi\u00e9n es arritmog\u00e9nica\u00bb.<\/p>\n<p>\u00abLa contenci\u00f3n debe a\u00f1adirse al elemento traum\u00e1tico como potenciales generadores de arritmia card\u00edaca mortal\u00bb, sostienen los forenses, que creen que, aunque el mecanismo fisiopatol\u00f3gico \u00faltimo de la muerte no est\u00e1 claro, \u00abtodo parece indicar que la sensaci\u00f3n de ahogo (sensaci\u00f3n de ahogo, que no ahogo real) y agitaci\u00f3n (normalmente previa y adem\u00e1s derivada de la propia contenci\u00f3n)\u00bb la facilitaron.<\/p>\n<p>De hecho, los peritos concretan que la muerte por contenci\u00f3n o reducci\u00f3n \u00abes conocida en el \u00e1mbito medico-legal desde hace muchos a\u00f1os\u00bb, asociada a traumatismos, directos o no, y en personas que frecuentemente han consumido drogas, sobre todo alcohol y hero\u00edna.<\/p>\n","protected":false},"excerpt":{"rendered":"<p>Barcelona, 2 dic (EFE).- La autopsia al empresario Juan Andr\u00e9s Ben\u00edtez apunta a que los traumatismos y la contenci\u00f3n no causaron directamente su muerte, pero contribuyeron a \u00abdesencadenar\u00bb el proceso de fallecimiento por la propia excitaci\u00f3n del momento, seg\u00fan revela el informe final de la autopsia practicada al cad\u00e1ver. As\u00ed consta en las conclusiones del [&hellip;]<\/p>\n","protected":false},"author":1,"featured_media":457062,"comment_status":"closed","ping_status":"open","sticky":false,"template":"","format":"standard","meta":{"footnotes":""},"categories":[5],"tags":[],"class_list":["post-457061","post","type-post","status-publish","format-standard","has-post-thumbnail","hentry","category-sucesos"],"aioseo_notices":[],"aioseo_head":"\n\t\t<!-- All in One SEO Pro 5.0.1 - aioseo.com -->\n\t<meta name=\"description\" content=\"Barcelona, 2 dic (EFE).- La autopsia al empresario Juan Andr\u00e9s Ben\u00edtez apunta a que los traumatismos y la contenci\u00f3n no causaron directamente su muerte, pero contribuyeron a &quot;desencadenar&quot; el proceso de fallecimiento por la propia excitaci\u00f3n del momento, seg\u00fan revela el informe final de la autopsia practicada al cad\u00e1ver. As\u00ed consta en las conclusiones del\" \/>\n\t<meta name=\"robots\" content=\"max-image-preview:large\" \/>\n\t<meta name=\"author\" content=\"El Digital de Asturias\"\/>\n\t<meta name=\"google-site-verification\" content=\"UA-38556648-1\" \/>\n\t<meta name=\"msvalidate.01\" content=\"7dfe9f3f1b24437ab69f4f2559babe99\" \/>\n\t<meta name=\"keywords\" content=\"sucesos\" \/>\n\t<link rel=\"canonical\" href=\"https:\/\/www.eldigitaldeasturias.com\/noticias\/los-golpes-no-mataron-al-empresario-del-raval-pero-contribuyeron-a-su-muerte\/\" \/>\n\t<meta name=\"generator\" content=\"All in One SEO Pro (AIOSEO) 5.0.1\" \/>\n\t\t<meta property=\"og:locale\" content=\"es_ES\" \/>\n\t\t<meta property=\"og:site_name\" content=\"El Digital de Asturias\" \/>\n\t\t<meta property=\"og:type\" content=\"article\" \/>\n\t\t<meta property=\"og:title\" content=\"Los golpes no mataron al empresario del Raval, pero contribuyeron a su muerte - El Digital de Asturias\" \/>\n\t\t<meta property=\"og:description\" content=\"Barcelona, 2 dic (EFE).- La autopsia al empresario Juan Andr\u00e9s Ben\u00edtez apunta a que los traumatismos y la contenci\u00f3n no causaron directamente su muerte, pero contribuyeron a &quot;desencadenar&quot; el proceso de fallecimiento por la propia excitaci\u00f3n del momento, seg\u00fan revela el informe final de la autopsia practicada al cad\u00e1ver. As\u00ed consta en las conclusiones del\" \/>\n\t\t<meta property=\"og:url\" content=\"https:\/\/www.eldigitaldeasturias.com\/noticias\/los-golpes-no-mataron-al-empresario-del-raval-pero-contribuyeron-a-su-muerte\/\" \/>\n\t\t<meta property=\"article:tag\" content=\"sucesos\" \/>\n\t\t<meta property=\"article:published_time\" content=\"2013-12-03T02:03:22+00:00\" \/>\n\t\t<meta property=\"article:modified_time\" content=\"2013-12-03T02:03:22+00:00\" \/>\n\t\t<meta property=\"article:publisher\" content=\"https:\/\/facebook.com\/eldigitaldeasturias\" \/>\n\t\t<meta name=\"twitter:card\" content=\"summary_large_image\" \/>\n\t\t<meta name=\"twitter:title\" content=\"Los golpes no mataron al empresario del Raval, pero contribuyeron a su muerte - El Digital de Asturias\" \/>\n\t\t<meta name=\"twitter:description\" content=\"Barcelona, 2 dic (EFE).- La autopsia al empresario Juan Andr\u00e9s Ben\u00edtez apunta a que los traumatismos y la contenci\u00f3n no causaron directamente su muerte, pero contribuyeron a &quot;desencadenar&quot; el proceso de fallecimiento por la propia excitaci\u00f3n del momento, seg\u00fan revela el informe final de la autopsia practicada al cad\u00e1ver. As\u00ed consta en las conclusiones del\" \/>\n\t\t<meta name=\"twitter:label1\" content=\"Escrito por\" \/>\n\t\t<meta name=\"twitter:data1\" content=\"El Digital de Asturias\" \/>\n\t\t<meta name=\"twitter:label2\" content=\"Tiempo de lectura estimado\" \/>\n\t\t<meta name=\"twitter:data2\" content=\"3 minutos\" \/>\n\t\t<script type=\"application\/ld+json\" class=\"aioseo-schema\">\n\t\t\t{\"@context\":\"https:\\\/\\\/schema.org\",\"@graph\":[{\"@type\":\"BlogPosting\",\"@id\":\"https:\\\/\\\/www.eldigitaldeasturias.com\\\/noticias\\\/los-golpes-no-mataron-al-empresario-del-raval-pero-contribuyeron-a-su-muerte\\\/#blogposting\",\"name\":\"Los golpes no mataron al empresario del Raval, pero contribuyeron a su muerte - El Digital de Asturias\",\"headline\":\"Los golpes no mataron al empresario del Raval, pero contribuyeron a su muerte\",\"author\":{\"@id\":\"https:\\\/\\\/www.eldigitaldeasturias.com\\\/noticias\\\/author\\\/admin\\\/#author\"},\"publisher\":{\"@id\":\"https:\\\/\\\/www.eldigitaldeasturias.com\\\/noticias\\\/#organization\"},\"image\":{\"@type\":\"ImageObject\",\"url\":457062},\"datePublished\":\"2013-12-03T01:03:22+01:00\",\"dateModified\":\"2013-12-03T01:03:22+01:00\",\"inLanguage\":\"es-ES\",\"mainEntityOfPage\":{\"@id\":\"https:\\\/\\\/www.eldigitaldeasturias.com\\\/noticias\\\/los-golpes-no-mataron-al-empresario-del-raval-pero-contribuyeron-a-su-muerte\\\/#webpage\"},\"isPartOf\":{\"@id\":\"https:\\\/\\\/www.eldigitaldeasturias.com\\\/noticias\\\/los-golpes-no-mataron-al-empresario-del-raval-pero-contribuyeron-a-su-muerte\\\/#webpage\"},\"articleSection\":\"Sucesos\"},{\"@type\":\"BreadcrumbList\",\"@id\":\"https:\\\/\\\/www.eldigitaldeasturias.com\\\/noticias\\\/los-golpes-no-mataron-al-empresario-del-raval-pero-contribuyeron-a-su-muerte\\\/#breadcrumblist\",\"itemListElement\":[{\"@type\":\"ListItem\",\"@id\":\"https:\\\/\\\/www.eldigitaldeasturias.com\\\/noticias#listItem\",\"position\":1,\"name\":\"Home\",\"item\":\"https:\\\/\\\/www.eldigitaldeasturias.com\\\/noticias\",\"nextItem\":{\"@type\":\"ListItem\",\"@id\":\"https:\\\/\\\/www.eldigitaldeasturias.com\\\/noticias\\\/category\\\/sucesos\\\/#listItem\",\"name\":\"Sucesos\"}},{\"@type\":\"ListItem\",\"@id\":\"https:\\\/\\\/www.eldigitaldeasturias.com\\\/noticias\\\/category\\\/sucesos\\\/#listItem\",\"position\":2,\"name\":\"Sucesos\",\"item\":\"https:\\\/\\\/www.eldigitaldeasturias.com\\\/noticias\\\/category\\\/sucesos\\\/\",\"nextItem\":{\"@type\":\"ListItem\",\"@id\":\"https:\\\/\\\/www.eldigitaldeasturias.com\\\/noticias\\\/los-golpes-no-mataron-al-empresario-del-raval-pero-contribuyeron-a-su-muerte\\\/#listItem\",\"name\":\"Los golpes no mataron al empresario del Raval, pero contribuyeron a su muerte\"},\"previousItem\":{\"@type\":\"ListItem\",\"@id\":\"https:\\\/\\\/www.eldigitaldeasturias.com\\\/noticias#listItem\",\"name\":\"Home\"}},{\"@type\":\"ListItem\",\"@id\":\"https:\\\/\\\/www.eldigitaldeasturias.com\\\/noticias\\\/los-golpes-no-mataron-al-empresario-del-raval-pero-contribuyeron-a-su-muerte\\\/#listItem\",\"position\":3,\"name\":\"Los golpes no mataron al empresario del Raval, pero contribuyeron a su muerte\",\"previousItem\":{\"@type\":\"ListItem\",\"@id\":\"https:\\\/\\\/www.eldigitaldeasturias.com\\\/noticias\\\/category\\\/sucesos\\\/#listItem\",\"name\":\"Sucesos\"}}]},{\"@type\":\"Organization\",\"@id\":\"https:\\\/\\\/www.eldigitaldeasturias.com\\\/noticias\\\/#organization\",\"name\":\"El Digital de Asturias\",\"description\":\"Hemeroteca\",\"url\":\"https:\\\/\\\/www.eldigitaldeasturias.com\\\/noticias\\\/\",\"email\":\"info@eldigitaldeasturias.com\",\"telephone\":\"+34652131393\",\"logo\":{\"@type\":\"ImageObject\",\"url\":\"https:\\\/\\\/www.eldigitaldeasturias.com\\\/noticias\\\/wp-content\\\/uploads\\\/2020\\\/12\\\/EDA.jpg\",\"@id\":\"https:\\\/\\\/www.eldigitaldeasturias.com\\\/noticias\\\/los-golpes-no-mataron-al-empresario-del-raval-pero-contribuyeron-a-su-muerte\\\/#organizationLogo\"},\"image\":{\"@id\":\"https:\\\/\\\/www.eldigitaldeasturias.com\\\/noticias\\\/los-golpes-no-mataron-al-empresario-del-raval-pero-contribuyeron-a-su-muerte\\\/#organizationLogo\"},\"sameAs\":[\"https:\\\/\\\/facebook.com\\\/eldigitaldeasturias\",\"https:\\\/\\\/www.youtube.com\\\/channel\\\/UCZP-2wLEB9Rv6erhFmqVnvg\"],\"address\":{\"@id\":\"https:\\\/\\\/www.eldigitaldeasturias.com\\\/noticias\\\/#postaladdress\",\"@type\":\"PostalAddress\",\"streetAddress\":\"san antonio 4\",\"postalCode\":\"33430\",\"addressLocality\":\"Cand\\u00e1s\",\"addressRegion\":\"Asturias\",\"addressCountry\":\"ES\"}},{\"@type\":\"Person\",\"@id\":\"https:\\\/\\\/www.eldigitaldeasturias.com\\\/noticias\\\/author\\\/admin\\\/#author\",\"url\":\"https:\\\/\\\/www.eldigitaldeasturias.com\\\/noticias\\\/author\\\/admin\\\/\",\"name\":\"El Digital de Asturias\",\"image\":{\"@type\":\"ImageObject\",\"@id\":\"https:\\\/\\\/www.eldigitaldeasturias.com\\\/noticias\\\/los-golpes-no-mataron-al-empresario-del-raval-pero-contribuyeron-a-su-muerte\\\/#authorImage\",\"url\":\"https:\\\/\\\/secure.gravatar.com\\\/avatar\\\/df2aeffc32bcd13f8d26072ef8a91b623d677766deac7f97ca815868cd41bf5e?s=96&d=mm&r=g\",\"width\":96,\"height\":96,\"caption\":\"El Digital de Asturias\"}},{\"@type\":\"WebPage\",\"@id\":\"https:\\\/\\\/www.eldigitaldeasturias.com\\\/noticias\\\/los-golpes-no-mataron-al-empresario-del-raval-pero-contribuyeron-a-su-muerte\\\/#webpage\",\"url\":\"https:\\\/\\\/www.eldigitaldeasturias.com\\\/noticias\\\/los-golpes-no-mataron-al-empresario-del-raval-pero-contribuyeron-a-su-muerte\\\/\",\"name\":\"Los golpes no mataron al empresario del Raval, pero contribuyeron a su muerte - El Digital de Asturias\",\"description\":\"Barcelona, 2 dic (EFE).- La autopsia al empresario Juan Andr\\u00e9s Ben\\u00edtez apunta a que los traumatismos y la contenci\\u00f3n no causaron directamente su muerte, pero contribuyeron a \\\"desencadenar\\\" el proceso de fallecimiento por la propia excitaci\\u00f3n del momento, seg\\u00fan revela el informe final de la autopsia practicada al cad\\u00e1ver. As\\u00ed consta en las conclusiones del\",\"inLanguage\":\"es-ES\",\"isPartOf\":{\"@id\":\"https:\\\/\\\/www.eldigitaldeasturias.com\\\/noticias\\\/#website\"},\"breadcrumb\":{\"@id\":\"https:\\\/\\\/www.eldigitaldeasturias.com\\\/noticias\\\/los-golpes-no-mataron-al-empresario-del-raval-pero-contribuyeron-a-su-muerte\\\/#breadcrumblist\"},\"author\":{\"@id\":\"https:\\\/\\\/www.eldigitaldeasturias.com\\\/noticias\\\/author\\\/admin\\\/#author\"},\"creator\":{\"@id\":\"https:\\\/\\\/www.eldigitaldeasturias.com\\\/noticias\\\/author\\\/admin\\\/#author\"},\"image\":{\"@type\":\"ImageObject\",\"url\":457062,\"@id\":\"https:\\\/\\\/www.eldigitaldeasturias.com\\\/noticias\\\/los-golpes-no-mataron-al-empresario-del-raval-pero-contribuyeron-a-su-muerte\\\/#mainImage\"},\"primaryImageOfPage\":{\"@id\":\"https:\\\/\\\/www.eldigitaldeasturias.com\\\/noticias\\\/los-golpes-no-mataron-al-empresario-del-raval-pero-contribuyeron-a-su-muerte\\\/#mainImage\"},\"datePublished\":\"2013-12-03T01:03:22+01:00\",\"dateModified\":\"2013-12-03T01:03:22+01:00\"},{\"@type\":\"WebSite\",\"@id\":\"https:\\\/\\\/www.eldigitaldeasturias.com\\\/noticias\\\/#website\",\"url\":\"https:\\\/\\\/www.eldigitaldeasturias.com\\\/noticias\\\/\",\"name\":\"El Digital de Asturias - Diario de actualidad y noticias\",\"alternateName\":\"El Digital de Asturias - Diario de actualidad y noticias\",\"description\":\"Hemeroteca\",\"inLanguage\":\"es-ES\",\"publisher\":{\"@id\":\"https:\\\/\\\/www.eldigitaldeasturias.com\\\/noticias\\\/#organization\"}}]}\n\t\t<\/script>\n\t\t<!-- All in One SEO Pro -->\r\n\t\t<title>Los golpes no mataron al empresario del Raval, pero contribuyeron a su muerte - El Digital de Asturias<\/title>\n\n","aioseo_head_json":{"title":"Los golpes no mataron al empresario del Raval, pero contribuyeron a su muerte - El Digital de Asturias","description":"Barcelona, 2 dic (EFE).- La autopsia al empresario Juan Andr\u00e9s Ben\u00edtez apunta a que los traumatismos y la contenci\u00f3n no causaron directamente su muerte, pero contribuyeron a \"desencadenar\" el proceso de fallecimiento por la propia excitaci\u00f3n del momento, seg\u00fan revela el informe final de la autopsia practicada al cad\u00e1ver. As\u00ed consta en las conclusiones del","canonical_url":"https:\/\/www.eldigitaldeasturias.com\/noticias\/los-golpes-no-mataron-al-empresario-del-raval-pero-contribuyeron-a-su-muerte\/","robots":"max-image-preview:large","keywords":"sucesos","webmasterTools":{"google-site-verification":"UA-38556648-1","msvalidate.01":"7dfe9f3f1b24437ab69f4f2559babe99","miscellaneous":""},"schema":{"@context":"https:\/\/schema.org","@graph":[{"@type":"BlogPosting","@id":"https:\/\/www.eldigitaldeasturias.com\/noticias\/los-golpes-no-mataron-al-empresario-del-raval-pero-contribuyeron-a-su-muerte\/#blogposting","name":"Los golpes no mataron al empresario del Raval, pero contribuyeron a su muerte - El Digital de Asturias","headline":"Los golpes no mataron al empresario del Raval, pero contribuyeron a su muerte","author":{"@id":"https:\/\/www.eldigitaldeasturias.com\/noticias\/author\/admin\/#author"},"publisher":{"@id":"https:\/\/www.eldigitaldeasturias.com\/noticias\/#organization"},"image":{"@type":"ImageObject","url":457062},"datePublished":"2013-12-03T01:03:22+01:00","dateModified":"2013-12-03T01:03:22+01:00","inLanguage":"es-ES","mainEntityOfPage":{"@id":"https:\/\/www.eldigitaldeasturias.com\/noticias\/los-golpes-no-mataron-al-empresario-del-raval-pero-contribuyeron-a-su-muerte\/#webpage"},"isPartOf":{"@id":"https:\/\/www.eldigitaldeasturias.com\/noticias\/los-golpes-no-mataron-al-empresario-del-raval-pero-contribuyeron-a-su-muerte\/#webpage"},"articleSection":"Sucesos"},{"@type":"BreadcrumbList","@id":"https:\/\/www.eldigitaldeasturias.com\/noticias\/los-golpes-no-mataron-al-empresario-del-raval-pero-contribuyeron-a-su-muerte\/#breadcrumblist","itemListElement":[{"@type":"ListItem","@id":"https:\/\/www.eldigitaldeasturias.com\/noticias#listItem","position":1,"name":"Home","item":"https:\/\/www.eldigitaldeasturias.com\/noticias","nextItem":{"@type":"ListItem","@id":"https:\/\/www.eldigitaldeasturias.com\/noticias\/category\/sucesos\/#listItem","name":"Sucesos"}},{"@type":"ListItem","@id":"https:\/\/www.eldigitaldeasturias.com\/noticias\/category\/sucesos\/#listItem","position":2,"name":"Sucesos","item":"https:\/\/www.eldigitaldeasturias.com\/noticias\/category\/sucesos\/","nextItem":{"@type":"ListItem","@id":"https:\/\/www.eldigitaldeasturias.com\/noticias\/los-golpes-no-mataron-al-empresario-del-raval-pero-contribuyeron-a-su-muerte\/#listItem","name":"Los golpes no mataron al empresario del Raval, pero contribuyeron a su muerte"},"previousItem":{"@type":"ListItem","@id":"https:\/\/www.eldigitaldeasturias.com\/noticias#listItem","name":"Home"}},{"@type":"ListItem","@id":"https:\/\/www.eldigitaldeasturias.com\/noticias\/los-golpes-no-mataron-al-empresario-del-raval-pero-contribuyeron-a-su-muerte\/#listItem","position":3,"name":"Los golpes no mataron al empresario del Raval, pero contribuyeron a su muerte","previousItem":{"@type":"ListItem","@id":"https:\/\/www.eldigitaldeasturias.com\/noticias\/category\/sucesos\/#listItem","name":"Sucesos"}}]},{"@type":"Organization","@id":"https:\/\/www.eldigitaldeasturias.com\/noticias\/#organization","name":"El Digital de Asturias","description":"Hemeroteca","url":"https:\/\/www.eldigitaldeasturias.com\/noticias\/","email":"info@eldigitaldeasturias.com","telephone":"+34652131393","logo":{"@type":"ImageObject","url":"https:\/\/www.eldigitaldeasturias.com\/noticias\/wp-content\/uploads\/2020\/12\/EDA.jpg","@id":"https:\/\/www.eldigitaldeasturias.com\/noticias\/los-golpes-no-mataron-al-empresario-del-raval-pero-contribuyeron-a-su-muerte\/#organizationLogo"},"image":{"@id":"https:\/\/www.eldigitaldeasturias.com\/noticias\/los-golpes-no-mataron-al-empresario-del-raval-pero-contribuyeron-a-su-muerte\/#organizationLogo"},"sameAs":["https:\/\/facebook.com\/eldigitaldeasturias","https:\/\/www.youtube.com\/channel\/UCZP-2wLEB9Rv6erhFmqVnvg"],"address":{"@id":"https:\/\/www.eldigitaldeasturias.com\/noticias\/#postaladdress","@type":"PostalAddress","streetAddress":"san antonio 4","postalCode":"33430","addressLocality":"Cand\u00e1s","addressRegion":"Asturias","addressCountry":"ES"}},{"@type":"Person","@id":"https:\/\/www.eldigitaldeasturias.com\/noticias\/author\/admin\/#author","url":"https:\/\/www.eldigitaldeasturias.com\/noticias\/author\/admin\/","name":"El Digital de Asturias","image":{"@type":"ImageObject","@id":"https:\/\/www.eldigitaldeasturias.com\/noticias\/los-golpes-no-mataron-al-empresario-del-raval-pero-contribuyeron-a-su-muerte\/#authorImage","url":"https:\/\/secure.gravatar.com\/avatar\/df2aeffc32bcd13f8d26072ef8a91b623d677766deac7f97ca815868cd41bf5e?s=96&d=mm&r=g","width":96,"height":96,"caption":"El Digital de Asturias"}},{"@type":"WebPage","@id":"https:\/\/www.eldigitaldeasturias.com\/noticias\/los-golpes-no-mataron-al-empresario-del-raval-pero-contribuyeron-a-su-muerte\/#webpage","url":"https:\/\/www.eldigitaldeasturias.com\/noticias\/los-golpes-no-mataron-al-empresario-del-raval-pero-contribuyeron-a-su-muerte\/","name":"Los golpes no mataron al empresario del Raval, pero contribuyeron a su muerte - El Digital de Asturias","description":"Barcelona, 2 dic (EFE).- La autopsia al empresario Juan Andr\u00e9s Ben\u00edtez apunta a que los traumatismos y la contenci\u00f3n no causaron directamente su muerte, pero contribuyeron a \"desencadenar\" el proceso de fallecimiento por la propia excitaci\u00f3n del momento, seg\u00fan revela el informe final de la autopsia practicada al cad\u00e1ver. As\u00ed consta en las conclusiones del","inLanguage":"es-ES","isPartOf":{"@id":"https:\/\/www.eldigitaldeasturias.com\/noticias\/#website"},"breadcrumb":{"@id":"https:\/\/www.eldigitaldeasturias.com\/noticias\/los-golpes-no-mataron-al-empresario-del-raval-pero-contribuyeron-a-su-muerte\/#breadcrumblist"},"author":{"@id":"https:\/\/www.eldigitaldeasturias.com\/noticias\/author\/admin\/#author"},"creator":{"@id":"https:\/\/www.eldigitaldeasturias.com\/noticias\/author\/admin\/#author"},"image":{"@type":"ImageObject","url":457062,"@id":"https:\/\/www.eldigitaldeasturias.com\/noticias\/los-golpes-no-mataron-al-empresario-del-raval-pero-contribuyeron-a-su-muerte\/#mainImage"},"primaryImageOfPage":{"@id":"https:\/\/www.eldigitaldeasturias.com\/noticias\/los-golpes-no-mataron-al-empresario-del-raval-pero-contribuyeron-a-su-muerte\/#mainImage"},"datePublished":"2013-12-03T01:03:22+01:00","dateModified":"2013-12-03T01:03:22+01:00"},{"@type":"WebSite","@id":"https:\/\/www.eldigitaldeasturias.com\/noticias\/#website","url":"https:\/\/www.eldigitaldeasturias.com\/noticias\/","name":"El Digital de Asturias - Diario de actualidad y noticias","alternateName":"El Digital de Asturias - Diario de actualidad y noticias","description":"Hemeroteca","inLanguage":"es-ES","publisher":{"@id":"https:\/\/www.eldigitaldeasturias.com\/noticias\/#organization"}}]},"og:locale":"es_ES","og:site_name":"El Digital de Asturias","og:type":"article","og:title":"Los golpes no mataron al empresario del Raval, pero contribuyeron a su muerte - El Digital de Asturias","og:description":"Barcelona, 2 dic (EFE).- La autopsia al empresario Juan Andr\u00e9s Ben\u00edtez apunta a que los traumatismos y la contenci\u00f3n no causaron directamente su muerte, pero contribuyeron a &quot;desencadenar&quot; el proceso de fallecimiento por la propia excitaci\u00f3n del momento, seg\u00fan revela el informe final de la autopsia practicada al cad\u00e1ver. As\u00ed consta en las conclusiones del","og:url":"https:\/\/www.eldigitaldeasturias.com\/noticias\/los-golpes-no-mataron-al-empresario-del-raval-pero-contribuyeron-a-su-muerte\/","article:tag":["sucesos"],"article:published_time":"2013-12-03T02:03:22+00:00","article:modified_time":"2013-12-03T02:03:22+00:00","article:publisher":"https:\/\/facebook.com\/eldigitaldeasturias","twitter:card":"summary_large_image","twitter:title":"Los golpes no mataron al empresario del Raval, pero contribuyeron a su muerte - El Digital de Asturias","twitter:description":"Barcelona, 2 dic (EFE).- La autopsia al empresario Juan Andr\u00e9s Ben\u00edtez apunta a que los traumatismos y la contenci\u00f3n no causaron directamente su muerte, pero contribuyeron a &quot;desencadenar&quot; el proceso de fallecimiento por la propia excitaci\u00f3n del momento, seg\u00fan revela el informe final de la autopsia practicada al cad\u00e1ver. As\u00ed consta en las conclusiones del","twitter:label1":"Escrito por","twitter:data1":"El Digital de Asturias","twitter:label2":"Tiempo de lectura estimado","twitter:data2":"3 minutos"},"aioseo_meta_data":{"post_id":"457061","title":null,"description":null,"keywords":null,"keyphrases":null,"primary_term":null,"canonical_url":null,"og_title":null,"og_description":null,"og_object_type":"default","og_image_type":"default","og_image_url":null,"og_image_width":null,"og_image_height":null,"og_image_custom_url":null,"og_image_custom_fields":null,"og_video":null,"og_custom_url":null,"og_article_section":null,"og_article_tags":null,"twitter_use_og":true,"twitter_card":"default","twitter_image_type":"default","twitter_image_url":null,"twitter_image_custom_url":null,"twitter_image_custom_fields":null,"twitter_title":null,"twitter_description":null,"schema":{"blockGraphs":[],"customGraphs":[],"default":{"data":{"Article":[],"Course":[],"Dataset":[],"FAQPage":[],"Movie":[],"Person":[],"Product":[],"ProductReview":[],"Car":[],"Recipe":[],"Service":[],"SoftwareApplication":[],"WebPage":[]},"graphName":"","isEnabled":true},"graphs":[],"defaultGraph":"","defaultPostTypeGraph":""},"schema_type":null,"schema_type_options":null,"pillar_content":false,"robots_default":true,"robots_noindex":false,"robots_noarchive":false,"robots_nosnippet":false,"robots_nofollow":false,"robots_noimageindex":false,"robots_noodp":false,"robots_notranslate":false,"robots_max_snippet":null,"robots_max_videopreview":null,"robots_max_imagepreview":"none","priority":null,"frequency":null,"local_seo":null,"seo_analyzer_scan_date":"2026-05-30 00:09:57","breadcrumb_settings":null,"limit_modified_date":false,"open_ai":null,"ai":null,"created":"2020-11-14 22:46:05","updated":"2026-05-30 00:09:57","focus_keyword":null,"additional_keywords":null,"truseo_locale":null},"aioseo_breadcrumb":"<div class=\"aioseo-breadcrumbs\"><span class=\"aioseo-breadcrumb\">\n\t<a href=\"https:\/\/www.eldigitaldeasturias.com\/noticias\" title=\"Home\">Home<\/a>\n<\/span><span class=\"aioseo-breadcrumb-separator\">\u2013<\/span><span class=\"aioseo-breadcrumb\">\n\t<a href=\"https:\/\/www.eldigitaldeasturias.com\/noticias\/category\/sucesos\/\" title=\"Sucesos\">Sucesos<\/a>\n<\/span><span class=\"aioseo-breadcrumb-separator\">\u2013<\/span><span class=\"aioseo-breadcrumb\">\n\t<a href=\"https:\/\/www.eldigitaldeasturias.com\/noticias\/los-golpes-no-mataron-al-empresario-del-raval-pero-contribuyeron-a-su-muerte\/\" title=\"Los golpes no mataron al empresario del Raval, pero contribuyeron a su muerte\">Los golpes no mataron al empresario del Raval, pero contribuyeron a su muerte<\/a>\n<\/span><\/div>","aioseo_breadcrumb_json":[{"label":"Home","link":"https:\/\/www.eldigitaldeasturias.com\/noticias"},{"label":"Sucesos","link":"https:\/\/www.eldigitaldeasturias.com\/noticias\/category\/sucesos\/"},{"label":"Los golpes no mataron al empresario del Raval, pero contribuyeron a su muerte","link":"https:\/\/www.eldigitaldeasturias.com\/noticias\/los-golpes-no-mataron-al-empresario-del-raval-pero-contribuyeron-a-su-muerte\/"}],"_links":{"self":[{"href":"https:\/\/www.eldigitaldeasturias.com\/noticias\/wp-json\/wp\/v2\/posts\/457061","targetHints":{"allow":["GET"]}}],"collection":[{"href":"https:\/\/www.eldigitaldeasturias.com\/noticias\/wp-json\/wp\/v2\/posts"}],"about":[{"href":"https:\/\/www.eldigitaldeasturias.com\/noticias\/wp-json\/wp\/v2\/types\/post"}],"author":[{"embeddable":true,"href":"https:\/\/www.eldigitaldeasturias.com\/noticias\/wp-json\/wp\/v2\/users\/1"}],"replies":[{"embeddable":true,"href":"https:\/\/www.eldigitaldeasturias.com\/noticias\/wp-json\/wp\/v2\/comments?post=457061"}],"version-history":[{"count":0,"href":"https:\/\/www.eldigitaldeasturias.com\/noticias\/wp-json\/wp\/v2\/posts\/457061\/revisions"}],"wp:attachment":[{"href":"https:\/\/www.eldigitaldeasturias.com\/noticias\/wp-json\/wp\/v2\/media?parent=457061"}],"wp:term":[{"taxonomy":"category","embeddable":true,"href":"https:\/\/www.eldigitaldeasturias.com\/noticias\/wp-json\/wp\/v2\/categories?post=457061"},{"taxonomy":"post_tag","embeddable":true,"href":"https:\/\/www.eldigitaldeasturias.com\/noticias\/wp-json\/wp\/v2\/tags?post=457061"}],"curies":[{"name":"wp","href":"https:\/\/api.w.org\/{rel}","templated":true}]}}