{"id":457043,"date":"2013-12-03T00:52:24","date_gmt":"2013-12-03T01:52:24","guid":{"rendered":"http:\/\/www.eldigitaldeasturias.com\/noticias\/?p=457043"},"modified":"2013-12-03T00:52:24","modified_gmt":"2013-12-03T01:52:24","slug":"los-drones-que-planea-amazon-causan-revuelo-en-internet","status":"publish","type":"post","link":"https:\/\/www.eldigitaldeasturias.com\/noticias\/los-drones-que-planea-amazon-causan-revuelo-en-internet\/","title":{"rendered":"Los \u00abdrones\u00bb que planea Amazon causan revuelo en internet"},"content":{"rendered":"<p><img loading=\"lazy\" decoding=\"async\" class=\"alignleft size-medium wp-image-457044\" alt=\"5767136w\" src=\"https:\/\/www.eldigitaldeasturias.com\/noticias\/wp-content\/uploads\/2013\/12\/5767136w-360x185.jpg\" width=\"360\" height=\"185\" \/>Washington, 2 dic (EFE).- La comunidad virtual de internet reaccion\u00f3 hoy con sorpresa a la idea del presidente de Amazon, Jeff Bezos, de utilizar robots voladores para la distribuci\u00f3n de la mir\u00edada de art\u00edculos que vende la mayor tienda cibern\u00e9tica del mundo.<\/p>\n<p>Bezos, en una entrevista difundida anoche por el programa \u00ab60 Minutes\u00bb de la cadena CBS de televisi\u00f3n, dijo que en unos cuatro o cinco a\u00f1os Amazon ofrecer\u00e1 su servicio \u00abPrime Air\u00bb con aviones no tripulados que entregar\u00e1n las encomiendas a los compradores en treinta minutos.<\/p>\n<p>El presidente de Amazon, que meses atr\u00e1s sorprendi\u00f3 a los mercados y al p\u00fablico con la compra del diario The Washington Post, dijo que los drones podr\u00edan llevar paquetes de hasta dos kilogramos que representan el 86 por ciento de las entregas que hace Amazon.<\/p>\n<p>\u00abPodr\u00eda ser en un radio de unos 15 kil\u00f3metros desde un centro de despachos\u00bb, a\u00f1adi\u00f3. \u00abEs decir, en \u00e1reas urbanas uno podr\u00eda cubrir porciones muy significativas de la poblaci\u00f3n\u00bb.<\/p>\n<p>De inmediato, en Twitter y otras redes sociales se levant\u00f3 una controversia entre qui\u00e9nes aprecian la promesa futurista, y quienes temen que los robots esp\u00eden a la ciudadan\u00eda, secuestren ni\u00f1os y causen otros estropicios.<\/p>\n<p>Por su parte Patrick Fitzgerald, vicepresidente de la empresa de paqueter\u00eda FedEx, dijo en una entrevista televisada que por ahora no le preocupa el plan de \u00abdrones\u00bb repartidores de Amazon.<\/p>\n<p>\u00abFedEx ha sido y sigue siendo pionera en la tecnolog\u00eda\u00bb, a\u00f1adi\u00f3. FeEx cuenta con su propia flota de camiones y de aviones, tripulados todos ellos, que reparte paquetes en todo el mundo. \u00abEn esta temporada de fiestas esperamos distribuir 22 millones de paquetes diarios\u00bb.<\/p>\n<p>En gran medida el crecimiento r\u00e1pido de la distribuci\u00f3n de paquetes es resultado del comercio electr\u00f3nico, que se ha triplicado desde 2005, espoleado por Amazon.com.<\/p>\n<p>Las reacciones m\u00e1s dispares surgieron en los mensajes de Twitter, y uno de ellos, cuyo autor se identifica como Tim Siedell, escribi\u00f3 que \u00abel momento m\u00e1s embarazoso ser\u00e1 cuando el robot de Amazon se quede all\u00ed, sobre su casa, esperando la propina\u00bb.<\/p>\n<p>Otro tuitero, Jon Lovett, tuvo su propia versi\u00f3n futurista: \u00abCamiones sin conductor que llevar\u00e1n la carga para ser sorteada por robots en los almacenes con el fin de que los productos hechos en China los distribuyan robots a la \u00faltima familia de clase media\u00bb.<\/p>\n","protected":false},"excerpt":{"rendered":"<p>Washington, 2 dic (EFE).- La comunidad virtual de internet reaccion\u00f3 hoy con sorpresa a la idea del presidente de Amazon, Jeff Bezos, de utilizar robots voladores para la distribuci\u00f3n de la mir\u00edada de art\u00edculos que vende la mayor tienda cibern\u00e9tica del mundo. Bezos, en una entrevista difundida anoche por el programa \u00ab60 Minutes\u00bb de la [&hellip;]<\/p>\n","protected":false},"author":1,"featured_media":457044,"comment_status":"closed","ping_status":"open","sticky":false,"template":"","format":"standard","meta":{"footnotes":""},"categories":[50],"tags":[],"class_list":["post-457043","post","type-post","status-publish","format-standard","has-post-thumbnail","hentry","category-revista-de-ocio"],"aioseo_notices":[],"aioseo_head":"\n\t\t<!-- All in One SEO Pro 5.0.1 - aioseo.com -->\n\t<meta name=\"description\" content=\"Washington, 2 dic (EFE).- La comunidad virtual de internet reaccion\u00f3 hoy con sorpresa a la idea del presidente de Amazon, Jeff Bezos, de utilizar robots voladores para la distribuci\u00f3n de la mir\u00edada de art\u00edculos que vende la mayor tienda cibern\u00e9tica del mundo. Bezos, en una entrevista difundida anoche por el programa &quot;60 Minutes&quot; de la\" \/>\n\t<meta name=\"robots\" content=\"max-image-preview:large\" \/>\n\t<meta name=\"author\" content=\"El Digital de Asturias\"\/>\n\t<meta name=\"google-site-verification\" content=\"UA-38556648-1\" \/>\n\t<meta name=\"msvalidate.01\" content=\"7dfe9f3f1b24437ab69f4f2559babe99\" \/>\n\t<meta name=\"keywords\" content=\"revista de ocio\" \/>\n\t<link rel=\"canonical\" href=\"https:\/\/www.eldigitaldeasturias.com\/noticias\/los-drones-que-planea-amazon-causan-revuelo-en-internet\/\" \/>\n\t<meta name=\"generator\" content=\"All in One SEO Pro (AIOSEO) 5.0.1\" \/>\n\t\t<meta property=\"og:locale\" content=\"es_ES\" \/>\n\t\t<meta property=\"og:site_name\" content=\"El Digital de Asturias\" \/>\n\t\t<meta property=\"og:type\" content=\"article\" \/>\n\t\t<meta property=\"og:title\" content=\"Los \u00abdrones\u00bb que planea Amazon causan revuelo en internet - El Digital de Asturias\" \/>\n\t\t<meta property=\"og:description\" content=\"Washington, 2 dic (EFE).- La comunidad virtual de internet reaccion\u00f3 hoy con sorpresa a la idea del presidente de Amazon, Jeff Bezos, de utilizar robots voladores para la distribuci\u00f3n de la mir\u00edada de art\u00edculos que vende la mayor tienda cibern\u00e9tica del mundo. Bezos, en una entrevista difundida anoche por el programa &quot;60 Minutes&quot; de la\" \/>\n\t\t<meta property=\"og:url\" content=\"https:\/\/www.eldigitaldeasturias.com\/noticias\/los-drones-que-planea-amazon-causan-revuelo-en-internet\/\" \/>\n\t\t<meta property=\"article:tag\" content=\"revista de ocio\" \/>\n\t\t<meta property=\"article:published_time\" content=\"2013-12-03T01:52:24+00:00\" \/>\n\t\t<meta property=\"article:modified_time\" content=\"2013-12-03T01:52:24+00:00\" \/>\n\t\t<meta property=\"article:publisher\" content=\"https:\/\/facebook.com\/eldigitaldeasturias\" \/>\n\t\t<meta name=\"twitter:card\" content=\"summary_large_image\" \/>\n\t\t<meta name=\"twitter:title\" content=\"Los \u00abdrones\u00bb que planea Amazon causan revuelo en internet - El Digital de Asturias\" \/>\n\t\t<meta name=\"twitter:description\" content=\"Washington, 2 dic (EFE).- La comunidad virtual de internet reaccion\u00f3 hoy con sorpresa a la idea del presidente de Amazon, Jeff Bezos, de utilizar robots voladores para la distribuci\u00f3n de la mir\u00edada de art\u00edculos que vende la mayor tienda cibern\u00e9tica del mundo. Bezos, en una entrevista difundida anoche por el programa &quot;60 Minutes&quot; de la\" \/>\n\t\t<meta name=\"twitter:label1\" content=\"Escrito por\" \/>\n\t\t<meta name=\"twitter:data1\" content=\"El Digital de Asturias\" \/>\n\t\t<meta name=\"twitter:label2\" content=\"Tiempo de lectura estimado\" \/>\n\t\t<meta name=\"twitter:data2\" content=\"2 minutos\" \/>\n\t\t<script type=\"application\/ld+json\" class=\"aioseo-schema\">\n\t\t\t{\"@context\":\"https:\\\/\\\/schema.org\",\"@graph\":[{\"@type\":\"BlogPosting\",\"@id\":\"https:\\\/\\\/www.eldigitaldeasturias.com\\\/noticias\\\/los-drones-que-planea-amazon-causan-revuelo-en-internet\\\/#blogposting\",\"name\":\"Los \\u00abdrones\\u00bb que planea Amazon causan revuelo en internet - El Digital de Asturias\",\"headline\":\"Los \\u00abdrones\\u00bb que planea Amazon causan revuelo en internet\",\"author\":{\"@id\":\"https:\\\/\\\/www.eldigitaldeasturias.com\\\/noticias\\\/author\\\/admin\\\/#author\"},\"publisher\":{\"@id\":\"https:\\\/\\\/www.eldigitaldeasturias.com\\\/noticias\\\/#organization\"},\"image\":{\"@type\":\"ImageObject\",\"url\":457044},\"datePublished\":\"2013-12-03T00:52:24+01:00\",\"dateModified\":\"2013-12-03T00:52:24+01:00\",\"inLanguage\":\"es-ES\",\"mainEntityOfPage\":{\"@id\":\"https:\\\/\\\/www.eldigitaldeasturias.com\\\/noticias\\\/los-drones-que-planea-amazon-causan-revuelo-en-internet\\\/#webpage\"},\"isPartOf\":{\"@id\":\"https:\\\/\\\/www.eldigitaldeasturias.com\\\/noticias\\\/los-drones-que-planea-amazon-causan-revuelo-en-internet\\\/#webpage\"},\"articleSection\":\"Revista de Ocio\"},{\"@type\":\"BreadcrumbList\",\"@id\":\"https:\\\/\\\/www.eldigitaldeasturias.com\\\/noticias\\\/los-drones-que-planea-amazon-causan-revuelo-en-internet\\\/#breadcrumblist\",\"itemListElement\":[{\"@type\":\"ListItem\",\"@id\":\"https:\\\/\\\/www.eldigitaldeasturias.com\\\/noticias#listItem\",\"position\":1,\"name\":\"Home\",\"item\":\"https:\\\/\\\/www.eldigitaldeasturias.com\\\/noticias\",\"nextItem\":{\"@type\":\"ListItem\",\"@id\":\"https:\\\/\\\/www.eldigitaldeasturias.com\\\/noticias\\\/category\\\/revista-de-ocio\\\/#listItem\",\"name\":\"Revista de Ocio\"}},{\"@type\":\"ListItem\",\"@id\":\"https:\\\/\\\/www.eldigitaldeasturias.com\\\/noticias\\\/category\\\/revista-de-ocio\\\/#listItem\",\"position\":2,\"name\":\"Revista de Ocio\",\"item\":\"https:\\\/\\\/www.eldigitaldeasturias.com\\\/noticias\\\/category\\\/revista-de-ocio\\\/\",\"nextItem\":{\"@type\":\"ListItem\",\"@id\":\"https:\\\/\\\/www.eldigitaldeasturias.com\\\/noticias\\\/los-drones-que-planea-amazon-causan-revuelo-en-internet\\\/#listItem\",\"name\":\"Los \\u00abdrones\\u00bb que planea Amazon causan revuelo en internet\"},\"previousItem\":{\"@type\":\"ListItem\",\"@id\":\"https:\\\/\\\/www.eldigitaldeasturias.com\\\/noticias#listItem\",\"name\":\"Home\"}},{\"@type\":\"ListItem\",\"@id\":\"https:\\\/\\\/www.eldigitaldeasturias.com\\\/noticias\\\/los-drones-que-planea-amazon-causan-revuelo-en-internet\\\/#listItem\",\"position\":3,\"name\":\"Los \\u00abdrones\\u00bb que planea Amazon causan revuelo en internet\",\"previousItem\":{\"@type\":\"ListItem\",\"@id\":\"https:\\\/\\\/www.eldigitaldeasturias.com\\\/noticias\\\/category\\\/revista-de-ocio\\\/#listItem\",\"name\":\"Revista de Ocio\"}}]},{\"@type\":\"Organization\",\"@id\":\"https:\\\/\\\/www.eldigitaldeasturias.com\\\/noticias\\\/#organization\",\"name\":\"El Digital de Asturias\",\"description\":\"Hemeroteca\",\"url\":\"https:\\\/\\\/www.eldigitaldeasturias.com\\\/noticias\\\/\",\"email\":\"info@eldigitaldeasturias.com\",\"telephone\":\"+34652131393\",\"logo\":{\"@type\":\"ImageObject\",\"url\":\"https:\\\/\\\/www.eldigitaldeasturias.com\\\/noticias\\\/wp-content\\\/uploads\\\/2020\\\/12\\\/EDA.jpg\",\"@id\":\"https:\\\/\\\/www.eldigitaldeasturias.com\\\/noticias\\\/los-drones-que-planea-amazon-causan-revuelo-en-internet\\\/#organizationLogo\"},\"image\":{\"@id\":\"https:\\\/\\\/www.eldigitaldeasturias.com\\\/noticias\\\/los-drones-que-planea-amazon-causan-revuelo-en-internet\\\/#organizationLogo\"},\"sameAs\":[\"https:\\\/\\\/facebook.com\\\/eldigitaldeasturias\",\"https:\\\/\\\/www.youtube.com\\\/channel\\\/UCZP-2wLEB9Rv6erhFmqVnvg\"],\"address\":{\"@id\":\"https:\\\/\\\/www.eldigitaldeasturias.com\\\/noticias\\\/#postaladdress\",\"@type\":\"PostalAddress\",\"streetAddress\":\"san antonio 4\",\"postalCode\":\"33430\",\"addressLocality\":\"Cand\\u00e1s\",\"addressRegion\":\"Asturias\",\"addressCountry\":\"ES\"}},{\"@type\":\"Person\",\"@id\":\"https:\\\/\\\/www.eldigitaldeasturias.com\\\/noticias\\\/author\\\/admin\\\/#author\",\"url\":\"https:\\\/\\\/www.eldigitaldeasturias.com\\\/noticias\\\/author\\\/admin\\\/\",\"name\":\"El Digital de Asturias\",\"image\":{\"@type\":\"ImageObject\",\"@id\":\"https:\\\/\\\/www.eldigitaldeasturias.com\\\/noticias\\\/los-drones-que-planea-amazon-causan-revuelo-en-internet\\\/#authorImage\",\"url\":\"https:\\\/\\\/secure.gravatar.com\\\/avatar\\\/df2aeffc32bcd13f8d26072ef8a91b623d677766deac7f97ca815868cd41bf5e?s=96&d=mm&r=g\",\"width\":96,\"height\":96,\"caption\":\"El Digital de Asturias\"}},{\"@type\":\"WebPage\",\"@id\":\"https:\\\/\\\/www.eldigitaldeasturias.com\\\/noticias\\\/los-drones-que-planea-amazon-causan-revuelo-en-internet\\\/#webpage\",\"url\":\"https:\\\/\\\/www.eldigitaldeasturias.com\\\/noticias\\\/los-drones-que-planea-amazon-causan-revuelo-en-internet\\\/\",\"name\":\"Los \\u00abdrones\\u00bb que planea Amazon causan revuelo en internet - El Digital de Asturias\",\"description\":\"Washington, 2 dic (EFE).- La comunidad virtual de internet reaccion\\u00f3 hoy con sorpresa a la idea del presidente de Amazon, Jeff Bezos, de utilizar robots voladores para la distribuci\\u00f3n de la mir\\u00edada de art\\u00edculos que vende la mayor tienda cibern\\u00e9tica del mundo. Bezos, en una entrevista difundida anoche por el programa \\\"60 Minutes\\\" de la\",\"inLanguage\":\"es-ES\",\"isPartOf\":{\"@id\":\"https:\\\/\\\/www.eldigitaldeasturias.com\\\/noticias\\\/#website\"},\"breadcrumb\":{\"@id\":\"https:\\\/\\\/www.eldigitaldeasturias.com\\\/noticias\\\/los-drones-que-planea-amazon-causan-revuelo-en-internet\\\/#breadcrumblist\"},\"author\":{\"@id\":\"https:\\\/\\\/www.eldigitaldeasturias.com\\\/noticias\\\/author\\\/admin\\\/#author\"},\"creator\":{\"@id\":\"https:\\\/\\\/www.eldigitaldeasturias.com\\\/noticias\\\/author\\\/admin\\\/#author\"},\"image\":{\"@type\":\"ImageObject\",\"url\":457044,\"@id\":\"https:\\\/\\\/www.eldigitaldeasturias.com\\\/noticias\\\/los-drones-que-planea-amazon-causan-revuelo-en-internet\\\/#mainImage\"},\"primaryImageOfPage\":{\"@id\":\"https:\\\/\\\/www.eldigitaldeasturias.com\\\/noticias\\\/los-drones-que-planea-amazon-causan-revuelo-en-internet\\\/#mainImage\"},\"datePublished\":\"2013-12-03T00:52:24+01:00\",\"dateModified\":\"2013-12-03T00:52:24+01:00\"},{\"@type\":\"WebSite\",\"@id\":\"https:\\\/\\\/www.eldigitaldeasturias.com\\\/noticias\\\/#website\",\"url\":\"https:\\\/\\\/www.eldigitaldeasturias.com\\\/noticias\\\/\",\"name\":\"El Digital de Asturias - Diario de actualidad y noticias\",\"alternateName\":\"El Digital de Asturias - Diario de actualidad y noticias\",\"description\":\"Hemeroteca\",\"inLanguage\":\"es-ES\",\"publisher\":{\"@id\":\"https:\\\/\\\/www.eldigitaldeasturias.com\\\/noticias\\\/#organization\"}}]}\n\t\t<\/script>\n\t\t<!-- All in One SEO Pro -->\r\n\t\t<title>Los \u00abdrones\u00bb que planea Amazon causan revuelo en internet - El Digital de Asturias<\/title>\n\n","aioseo_head_json":{"title":"Los \u00abdrones\u00bb que planea Amazon causan revuelo en internet - El Digital de Asturias","description":"Washington, 2 dic (EFE).- La comunidad virtual de internet reaccion\u00f3 hoy con sorpresa a la idea del presidente de Amazon, Jeff Bezos, de utilizar robots voladores para la distribuci\u00f3n de la mir\u00edada de art\u00edculos que vende la mayor tienda cibern\u00e9tica del mundo. Bezos, en una entrevista difundida anoche por el programa \"60 Minutes\" de la","canonical_url":"https:\/\/www.eldigitaldeasturias.com\/noticias\/los-drones-que-planea-amazon-causan-revuelo-en-internet\/","robots":"max-image-preview:large","keywords":"revista de ocio","webmasterTools":{"google-site-verification":"UA-38556648-1","msvalidate.01":"7dfe9f3f1b24437ab69f4f2559babe99","miscellaneous":""},"schema":{"@context":"https:\/\/schema.org","@graph":[{"@type":"BlogPosting","@id":"https:\/\/www.eldigitaldeasturias.com\/noticias\/los-drones-que-planea-amazon-causan-revuelo-en-internet\/#blogposting","name":"Los \u00abdrones\u00bb que planea Amazon causan revuelo en internet - El Digital de Asturias","headline":"Los \u00abdrones\u00bb que planea Amazon causan revuelo en internet","author":{"@id":"https:\/\/www.eldigitaldeasturias.com\/noticias\/author\/admin\/#author"},"publisher":{"@id":"https:\/\/www.eldigitaldeasturias.com\/noticias\/#organization"},"image":{"@type":"ImageObject","url":457044},"datePublished":"2013-12-03T00:52:24+01:00","dateModified":"2013-12-03T00:52:24+01:00","inLanguage":"es-ES","mainEntityOfPage":{"@id":"https:\/\/www.eldigitaldeasturias.com\/noticias\/los-drones-que-planea-amazon-causan-revuelo-en-internet\/#webpage"},"isPartOf":{"@id":"https:\/\/www.eldigitaldeasturias.com\/noticias\/los-drones-que-planea-amazon-causan-revuelo-en-internet\/#webpage"},"articleSection":"Revista de Ocio"},{"@type":"BreadcrumbList","@id":"https:\/\/www.eldigitaldeasturias.com\/noticias\/los-drones-que-planea-amazon-causan-revuelo-en-internet\/#breadcrumblist","itemListElement":[{"@type":"ListItem","@id":"https:\/\/www.eldigitaldeasturias.com\/noticias#listItem","position":1,"name":"Home","item":"https:\/\/www.eldigitaldeasturias.com\/noticias","nextItem":{"@type":"ListItem","@id":"https:\/\/www.eldigitaldeasturias.com\/noticias\/category\/revista-de-ocio\/#listItem","name":"Revista de Ocio"}},{"@type":"ListItem","@id":"https:\/\/www.eldigitaldeasturias.com\/noticias\/category\/revista-de-ocio\/#listItem","position":2,"name":"Revista de Ocio","item":"https:\/\/www.eldigitaldeasturias.com\/noticias\/category\/revista-de-ocio\/","nextItem":{"@type":"ListItem","@id":"https:\/\/www.eldigitaldeasturias.com\/noticias\/los-drones-que-planea-amazon-causan-revuelo-en-internet\/#listItem","name":"Los \u00abdrones\u00bb que planea Amazon causan revuelo en internet"},"previousItem":{"@type":"ListItem","@id":"https:\/\/www.eldigitaldeasturias.com\/noticias#listItem","name":"Home"}},{"@type":"ListItem","@id":"https:\/\/www.eldigitaldeasturias.com\/noticias\/los-drones-que-planea-amazon-causan-revuelo-en-internet\/#listItem","position":3,"name":"Los \u00abdrones\u00bb que planea Amazon causan revuelo en internet","previousItem":{"@type":"ListItem","@id":"https:\/\/www.eldigitaldeasturias.com\/noticias\/category\/revista-de-ocio\/#listItem","name":"Revista de Ocio"}}]},{"@type":"Organization","@id":"https:\/\/www.eldigitaldeasturias.com\/noticias\/#organization","name":"El Digital de Asturias","description":"Hemeroteca","url":"https:\/\/www.eldigitaldeasturias.com\/noticias\/","email":"info@eldigitaldeasturias.com","telephone":"+34652131393","logo":{"@type":"ImageObject","url":"https:\/\/www.eldigitaldeasturias.com\/noticias\/wp-content\/uploads\/2020\/12\/EDA.jpg","@id":"https:\/\/www.eldigitaldeasturias.com\/noticias\/los-drones-que-planea-amazon-causan-revuelo-en-internet\/#organizationLogo"},"image":{"@id":"https:\/\/www.eldigitaldeasturias.com\/noticias\/los-drones-que-planea-amazon-causan-revuelo-en-internet\/#organizationLogo"},"sameAs":["https:\/\/facebook.com\/eldigitaldeasturias","https:\/\/www.youtube.com\/channel\/UCZP-2wLEB9Rv6erhFmqVnvg"],"address":{"@id":"https:\/\/www.eldigitaldeasturias.com\/noticias\/#postaladdress","@type":"PostalAddress","streetAddress":"san antonio 4","postalCode":"33430","addressLocality":"Cand\u00e1s","addressRegion":"Asturias","addressCountry":"ES"}},{"@type":"Person","@id":"https:\/\/www.eldigitaldeasturias.com\/noticias\/author\/admin\/#author","url":"https:\/\/www.eldigitaldeasturias.com\/noticias\/author\/admin\/","name":"El Digital de Asturias","image":{"@type":"ImageObject","@id":"https:\/\/www.eldigitaldeasturias.com\/noticias\/los-drones-que-planea-amazon-causan-revuelo-en-internet\/#authorImage","url":"https:\/\/secure.gravatar.com\/avatar\/df2aeffc32bcd13f8d26072ef8a91b623d677766deac7f97ca815868cd41bf5e?s=96&d=mm&r=g","width":96,"height":96,"caption":"El Digital de Asturias"}},{"@type":"WebPage","@id":"https:\/\/www.eldigitaldeasturias.com\/noticias\/los-drones-que-planea-amazon-causan-revuelo-en-internet\/#webpage","url":"https:\/\/www.eldigitaldeasturias.com\/noticias\/los-drones-que-planea-amazon-causan-revuelo-en-internet\/","name":"Los \u00abdrones\u00bb que planea Amazon causan revuelo en internet - El Digital de Asturias","description":"Washington, 2 dic (EFE).- La comunidad virtual de internet reaccion\u00f3 hoy con sorpresa a la idea del presidente de Amazon, Jeff Bezos, de utilizar robots voladores para la distribuci\u00f3n de la mir\u00edada de art\u00edculos que vende la mayor tienda cibern\u00e9tica del mundo. Bezos, en una entrevista difundida anoche por el programa \"60 Minutes\" de la","inLanguage":"es-ES","isPartOf":{"@id":"https:\/\/www.eldigitaldeasturias.com\/noticias\/#website"},"breadcrumb":{"@id":"https:\/\/www.eldigitaldeasturias.com\/noticias\/los-drones-que-planea-amazon-causan-revuelo-en-internet\/#breadcrumblist"},"author":{"@id":"https:\/\/www.eldigitaldeasturias.com\/noticias\/author\/admin\/#author"},"creator":{"@id":"https:\/\/www.eldigitaldeasturias.com\/noticias\/author\/admin\/#author"},"image":{"@type":"ImageObject","url":457044,"@id":"https:\/\/www.eldigitaldeasturias.com\/noticias\/los-drones-que-planea-amazon-causan-revuelo-en-internet\/#mainImage"},"primaryImageOfPage":{"@id":"https:\/\/www.eldigitaldeasturias.com\/noticias\/los-drones-que-planea-amazon-causan-revuelo-en-internet\/#mainImage"},"datePublished":"2013-12-03T00:52:24+01:00","dateModified":"2013-12-03T00:52:24+01:00"},{"@type":"WebSite","@id":"https:\/\/www.eldigitaldeasturias.com\/noticias\/#website","url":"https:\/\/www.eldigitaldeasturias.com\/noticias\/","name":"El Digital de Asturias - Diario de actualidad y noticias","alternateName":"El Digital de Asturias - Diario de actualidad y noticias","description":"Hemeroteca","inLanguage":"es-ES","publisher":{"@id":"https:\/\/www.eldigitaldeasturias.com\/noticias\/#organization"}}]},"og:locale":"es_ES","og:site_name":"El Digital de Asturias","og:type":"article","og:title":"Los \u00abdrones\u00bb que planea Amazon causan revuelo en internet - El Digital de Asturias","og:description":"Washington, 2 dic (EFE).- La comunidad virtual de internet reaccion\u00f3 hoy con sorpresa a la idea del presidente de Amazon, Jeff Bezos, de utilizar robots voladores para la distribuci\u00f3n de la mir\u00edada de art\u00edculos que vende la mayor tienda cibern\u00e9tica del mundo. Bezos, en una entrevista difundida anoche por el programa &quot;60 Minutes&quot; de la","og:url":"https:\/\/www.eldigitaldeasturias.com\/noticias\/los-drones-que-planea-amazon-causan-revuelo-en-internet\/","article:tag":["revista de ocio"],"article:published_time":"2013-12-03T01:52:24+00:00","article:modified_time":"2013-12-03T01:52:24+00:00","article:publisher":"https:\/\/facebook.com\/eldigitaldeasturias","twitter:card":"summary_large_image","twitter:title":"Los \u00abdrones\u00bb que planea Amazon causan revuelo en internet - El Digital de Asturias","twitter:description":"Washington, 2 dic (EFE).- La comunidad virtual de internet reaccion\u00f3 hoy con sorpresa a la idea del presidente de Amazon, Jeff Bezos, de utilizar robots voladores para la distribuci\u00f3n de la mir\u00edada de art\u00edculos que vende la mayor tienda cibern\u00e9tica del mundo. Bezos, en una entrevista difundida anoche por el programa &quot;60 Minutes&quot; de la","twitter:label1":"Escrito por","twitter:data1":"El Digital de Asturias","twitter:label2":"Tiempo de lectura estimado","twitter:data2":"2 minutos"},"aioseo_meta_data":{"post_id":"457043","title":null,"description":null,"keywords":null,"keyphrases":null,"primary_term":null,"canonical_url":null,"og_title":null,"og_description":null,"og_object_type":"default","og_image_type":"default","og_image_url":null,"og_image_width":null,"og_image_height":null,"og_image_custom_url":null,"og_image_custom_fields":null,"og_video":null,"og_custom_url":null,"og_article_section":null,"og_article_tags":null,"twitter_use_og":true,"twitter_card":"default","twitter_image_type":"default","twitter_image_url":null,"twitter_image_custom_url":null,"twitter_image_custom_fields":null,"twitter_title":null,"twitter_description":null,"schema":{"blockGraphs":[],"customGraphs":[],"default":{"data":{"Article":[],"Course":[],"Dataset":[],"FAQPage":[],"Movie":[],"Person":[],"Product":[],"ProductReview":[],"Car":[],"Recipe":[],"Service":[],"SoftwareApplication":[],"WebPage":[]},"graphName":"","isEnabled":true},"graphs":[],"defaultGraph":"","defaultPostTypeGraph":""},"schema_type":null,"schema_type_options":null,"pillar_content":false,"robots_default":true,"robots_noindex":false,"robots_noarchive":false,"robots_nosnippet":false,"robots_nofollow":false,"robots_noimageindex":false,"robots_noodp":false,"robots_notranslate":false,"robots_max_snippet":null,"robots_max_videopreview":null,"robots_max_imagepreview":"none","priority":null,"frequency":null,"local_seo":null,"seo_analyzer_scan_date":"2026-05-30 00:05:36","breadcrumb_settings":null,"limit_modified_date":false,"open_ai":null,"ai":null,"created":"2020-11-14 22:46:05","updated":"2026-05-30 00:05:36","focus_keyword":null,"additional_keywords":null,"truseo_locale":null},"aioseo_breadcrumb":"<div class=\"aioseo-breadcrumbs\"><span class=\"aioseo-breadcrumb\">\n\t<a href=\"https:\/\/www.eldigitaldeasturias.com\/noticias\" title=\"Home\">Home<\/a>\n<\/span><span class=\"aioseo-breadcrumb-separator\">\u2013<\/span><span class=\"aioseo-breadcrumb\">\n\t<a href=\"https:\/\/www.eldigitaldeasturias.com\/noticias\/category\/revista-de-ocio\/\" title=\"Revista de Ocio\">Revista de Ocio<\/a>\n<\/span><span class=\"aioseo-breadcrumb-separator\">\u2013<\/span><span class=\"aioseo-breadcrumb\">\n\t<a href=\"https:\/\/www.eldigitaldeasturias.com\/noticias\/los-drones-que-planea-amazon-causan-revuelo-en-internet\/\" title=\"Los \u00abdrones\u00bb que planea Amazon causan revuelo en internet\">Los \u00abdrones\u00bb que planea Amazon causan revuelo en internet<\/a>\n<\/span><\/div>","aioseo_breadcrumb_json":[{"label":"Home","link":"https:\/\/www.eldigitaldeasturias.com\/noticias"},{"label":"Revista de Ocio","link":"https:\/\/www.eldigitaldeasturias.com\/noticias\/category\/revista-de-ocio\/"},{"label":"Los \u00abdrones\u00bb que planea Amazon causan revuelo en internet","link":"https:\/\/www.eldigitaldeasturias.com\/noticias\/los-drones-que-planea-amazon-causan-revuelo-en-internet\/"}],"_links":{"self":[{"href":"https:\/\/www.eldigitaldeasturias.com\/noticias\/wp-json\/wp\/v2\/posts\/457043","targetHints":{"allow":["GET"]}}],"collection":[{"href":"https:\/\/www.eldigitaldeasturias.com\/noticias\/wp-json\/wp\/v2\/posts"}],"about":[{"href":"https:\/\/www.eldigitaldeasturias.com\/noticias\/wp-json\/wp\/v2\/types\/post"}],"author":[{"embeddable":true,"href":"https:\/\/www.eldigitaldeasturias.com\/noticias\/wp-json\/wp\/v2\/users\/1"}],"replies":[{"embeddable":true,"href":"https:\/\/www.eldigitaldeasturias.com\/noticias\/wp-json\/wp\/v2\/comments?post=457043"}],"version-history":[{"count":0,"href":"https:\/\/www.eldigitaldeasturias.com\/noticias\/wp-json\/wp\/v2\/posts\/457043\/revisions"}],"wp:attachment":[{"href":"https:\/\/www.eldigitaldeasturias.com\/noticias\/wp-json\/wp\/v2\/media?parent=457043"}],"wp:term":[{"taxonomy":"category","embeddable":true,"href":"https:\/\/www.eldigitaldeasturias.com\/noticias\/wp-json\/wp\/v2\/categories?post=457043"},{"taxonomy":"post_tag","embeddable":true,"href":"https:\/\/www.eldigitaldeasturias.com\/noticias\/wp-json\/wp\/v2\/tags?post=457043"}],"curies":[{"name":"wp","href":"https:\/\/api.w.org\/{rel}","templated":true}]}}