{"id":457040,"date":"2013-12-03T00:50:48","date_gmt":"2013-12-03T01:50:48","guid":{"rendered":"http:\/\/www.eldigitaldeasturias.com\/noticias\/?p=457040"},"modified":"2013-12-03T00:50:48","modified_gmt":"2013-12-03T01:50:48","slug":"la-audiencia-de-valencia-dice-que-mantener-preso-a-ricart-contravenia-la-legalidad-europea","status":"publish","type":"post","link":"https:\/\/www.eldigitaldeasturias.com\/noticias\/la-audiencia-de-valencia-dice-que-mantener-preso-a-ricart-contravenia-la-legalidad-europea\/","title":{"rendered":"La Audiencia de Valencia dice que mantener preso a Ricart contraven\u00eda la legalidad europea"},"content":{"rendered":"<p><img loading=\"lazy\" decoding=\"async\" class=\"alignleft size-medium wp-image-457041\" alt=\"5767004w\" src=\"https:\/\/www.eldigitaldeasturias.com\/noticias\/wp-content\/uploads\/2013\/12\/5767004w-360x280.jpg\" width=\"360\" height=\"280\" \/>Valencia, 2 dic (EFE).- La Audiencia provincial de Valencia considera que mantener en prisi\u00f3n a Miguel Ricart, \u00fanico condenado por el triple crimen de Alc\u00e0sser, hubiera sido una \u00abprolongaci\u00f3n de la privaci\u00f3n de libertad\u00bb contraria a la Convenci\u00f3n Europea de Derechos Humanos.<\/p>\n<p>Seg\u00fan consta en el auto de excarcelaci\u00f3n de Ricart, fechado el pasado 29 de noviembre y al que ha tenido acceso Efe, la Audiencia considera que la no aplicaci\u00f3n de la sentencia del Tribunal Europeo de Derechos Humanos que anula la retroactividad de la doctrina Parot hubiera contravenido las leyes comunitarias.<\/p>\n<p>El escrito considera asimismo \u00abcumplidas las penas impuestas\u00bb y desestima las peticiones presentadas por la acusaci\u00f3n particular, la Asociaci\u00f3n Clara Campoamor y la Abogac\u00eda del Estado para que la anulaci\u00f3n de la doctrina Parot no fuera aplicada a Ricart.<\/p>\n<p>La Fiscal\u00eda, en su informe previo a la excarcelaci\u00f3n, defiende que el condenado extingui\u00f3 su pena el 22 de mayo de 2011, deduciendo las redenciones ordinarias y extraordinarias reconocidas al penado, y que su puesta en libertad deb\u00eda realizarse en el plazo \u00abm\u00e1s breve\u00bb.<\/p>\n<p>Por su parte, la acusaci\u00f3n particular solicita que las redenciones extraordinarias abonadas al penado fueran declaradas \u00abnulas de pleno derecho\u00bb, mientras que la Abogac\u00eda del Estado sosten\u00eda que la anulaci\u00f3n de la doctrina Parot no deb\u00eda aplicarse a condenados \u00abdistintos\u00bb a los que se refiere dicha sentencia.<\/p>\n<p>La Audiencia de Valencia desestima las peticiones formuladas por la acusaci\u00f3n particular, la Asociaci\u00f3n Clara Campoamor y la abogac\u00eda del Estado, y acord\u00f3 la inmediata puesta en libertad de Ricart, que se hizo efectiva el pasado viernes.<\/p>\n<p>\u00abNo cabe\u00bb, se\u00f1ala adem\u00e1s, liquidar la condena excluyendo las redenciones abonadas durante el tiempo de cumplimiento transcurrido a partir del 28 de febrero de 2006, cuando el Tribunal Supremo estableci\u00f3 que la redenci\u00f3n de penas deb\u00eda descontarse del total de condenas y no de los 30 a\u00f1os de cumplimiento m\u00e1ximo.<\/p>\n<p>El tribunal considera por ello \u00abm\u00e1s que cumplida la pena\u00bb, y se apoya para ello en el informe facilitado por el centro penitenciario de Herrera de la Mancha -donde el preso cumpl\u00eda condena- en fecha de 1 de febrero de 2010, que establec\u00eda que la pena \u00abquedaba extinguida el 22 de mayo de 2011\u00bb.<\/p>\n<p>Sobre otras alegaciones, que reclamaban informaci\u00f3n de las circunstancias sobre el programa individualizado de tratamiento para agresores sexuales, el tribunal se\u00f1ala que estos datos resultan \u00abrelevantes\u00bb en cuanto al acceso a la libertad condicional, pero no en este caso.<\/p>\n<p>Uno de los magistrados de la sala, Juan Beneyto Meng\u00f3, ha realizado un voto particular y se manifiesta contrario a la excarcelaci\u00f3n al entender \u00abnulas\u00bb las redenciones de penas dictadas por los juzgados de vigilancia.<\/p>\n","protected":false},"excerpt":{"rendered":"<p>Valencia, 2 dic (EFE).- La Audiencia provincial de Valencia considera que mantener en prisi\u00f3n a Miguel Ricart, \u00fanico condenado por el triple crimen de Alc\u00e0sser, hubiera sido una \u00abprolongaci\u00f3n de la privaci\u00f3n de libertad\u00bb contraria a la Convenci\u00f3n Europea de Derechos Humanos. Seg\u00fan consta en el auto de excarcelaci\u00f3n de Ricart, fechado el pasado 29 [&hellip;]<\/p>\n","protected":false},"author":1,"featured_media":457041,"comment_status":"closed","ping_status":"open","sticky":false,"template":"","format":"standard","meta":{"footnotes":""},"categories":[5],"tags":[],"class_list":["post-457040","post","type-post","status-publish","format-standard","has-post-thumbnail","hentry","category-sucesos"],"aioseo_notices":[],"aioseo_head":"\n\t\t<!-- All in One SEO Pro 5.0.1 - aioseo.com -->\n\t<meta name=\"description\" content=\"Valencia, 2 dic (EFE).- La Audiencia provincial de Valencia considera que mantener en prisi\u00f3n a Miguel Ricart, \u00fanico condenado por el triple crimen de Alc\u00e0sser, hubiera sido una &quot;prolongaci\u00f3n de la privaci\u00f3n de libertad&quot; contraria a la Convenci\u00f3n Europea de Derechos Humanos. Seg\u00fan consta en el auto de excarcelaci\u00f3n de Ricart, fechado el pasado 29\" \/>\n\t<meta name=\"robots\" content=\"max-image-preview:large\" \/>\n\t<meta name=\"author\" content=\"El Digital de Asturias\"\/>\n\t<meta name=\"google-site-verification\" content=\"UA-38556648-1\" \/>\n\t<meta name=\"msvalidate.01\" content=\"7dfe9f3f1b24437ab69f4f2559babe99\" \/>\n\t<meta name=\"keywords\" content=\"sucesos\" \/>\n\t<link rel=\"canonical\" href=\"https:\/\/www.eldigitaldeasturias.com\/noticias\/la-audiencia-de-valencia-dice-que-mantener-preso-a-ricart-contravenia-la-legalidad-europea\/\" \/>\n\t<meta name=\"generator\" content=\"All in One SEO Pro (AIOSEO) 5.0.1\" \/>\n\t\t<meta property=\"og:locale\" content=\"es_ES\" \/>\n\t\t<meta property=\"og:site_name\" content=\"El Digital de Asturias\" \/>\n\t\t<meta property=\"og:type\" content=\"article\" \/>\n\t\t<meta property=\"og:title\" content=\"La Audiencia de Valencia dice que mantener preso a Ricart contraven\u00eda la legalidad europea - El Digital de Asturias\" \/>\n\t\t<meta property=\"og:description\" content=\"Valencia, 2 dic (EFE).- La Audiencia provincial de Valencia considera que mantener en prisi\u00f3n a Miguel Ricart, \u00fanico condenado por el triple crimen de Alc\u00e0sser, hubiera sido una &quot;prolongaci\u00f3n de la privaci\u00f3n de libertad&quot; contraria a la Convenci\u00f3n Europea de Derechos Humanos. Seg\u00fan consta en el auto de excarcelaci\u00f3n de Ricart, fechado el pasado 29\" \/>\n\t\t<meta property=\"og:url\" content=\"https:\/\/www.eldigitaldeasturias.com\/noticias\/la-audiencia-de-valencia-dice-que-mantener-preso-a-ricart-contravenia-la-legalidad-europea\/\" \/>\n\t\t<meta property=\"article:tag\" content=\"sucesos\" \/>\n\t\t<meta property=\"article:published_time\" content=\"2013-12-03T01:50:48+00:00\" \/>\n\t\t<meta property=\"article:modified_time\" content=\"2013-12-03T01:50:48+00:00\" \/>\n\t\t<meta property=\"article:publisher\" content=\"https:\/\/facebook.com\/eldigitaldeasturias\" \/>\n\t\t<meta name=\"twitter:card\" content=\"summary_large_image\" \/>\n\t\t<meta name=\"twitter:title\" content=\"La Audiencia de Valencia dice que mantener preso a Ricart contraven\u00eda la legalidad europea - El Digital de Asturias\" \/>\n\t\t<meta name=\"twitter:description\" content=\"Valencia, 2 dic (EFE).- La Audiencia provincial de Valencia considera que mantener en prisi\u00f3n a Miguel Ricart, \u00fanico condenado por el triple crimen de Alc\u00e0sser, hubiera sido una &quot;prolongaci\u00f3n de la privaci\u00f3n de libertad&quot; contraria a la Convenci\u00f3n Europea de Derechos Humanos. Seg\u00fan consta en el auto de excarcelaci\u00f3n de Ricart, fechado el pasado 29\" \/>\n\t\t<meta name=\"twitter:label1\" content=\"Escrito por\" \/>\n\t\t<meta name=\"twitter:data1\" content=\"El Digital de Asturias\" \/>\n\t\t<meta name=\"twitter:label2\" content=\"Tiempo de lectura estimado\" \/>\n\t\t<meta name=\"twitter:data2\" content=\"2 minutos\" \/>\n\t\t<script type=\"application\/ld+json\" class=\"aioseo-schema\">\n\t\t\t{\"@context\":\"https:\\\/\\\/schema.org\",\"@graph\":[{\"@type\":\"BlogPosting\",\"@id\":\"https:\\\/\\\/www.eldigitaldeasturias.com\\\/noticias\\\/la-audiencia-de-valencia-dice-que-mantener-preso-a-ricart-contravenia-la-legalidad-europea\\\/#blogposting\",\"name\":\"La Audiencia de Valencia dice que mantener preso a Ricart contraven\\u00eda la legalidad europea - El Digital de Asturias\",\"headline\":\"La Audiencia de Valencia dice que mantener preso a Ricart contraven\\u00eda la legalidad europea\",\"author\":{\"@id\":\"https:\\\/\\\/www.eldigitaldeasturias.com\\\/noticias\\\/author\\\/admin\\\/#author\"},\"publisher\":{\"@id\":\"https:\\\/\\\/www.eldigitaldeasturias.com\\\/noticias\\\/#organization\"},\"image\":{\"@type\":\"ImageObject\",\"url\":457041},\"datePublished\":\"2013-12-03T00:50:48+01:00\",\"dateModified\":\"2013-12-03T00:50:48+01:00\",\"inLanguage\":\"es-ES\",\"mainEntityOfPage\":{\"@id\":\"https:\\\/\\\/www.eldigitaldeasturias.com\\\/noticias\\\/la-audiencia-de-valencia-dice-que-mantener-preso-a-ricart-contravenia-la-legalidad-europea\\\/#webpage\"},\"isPartOf\":{\"@id\":\"https:\\\/\\\/www.eldigitaldeasturias.com\\\/noticias\\\/la-audiencia-de-valencia-dice-que-mantener-preso-a-ricart-contravenia-la-legalidad-europea\\\/#webpage\"},\"articleSection\":\"Sucesos\"},{\"@type\":\"BreadcrumbList\",\"@id\":\"https:\\\/\\\/www.eldigitaldeasturias.com\\\/noticias\\\/la-audiencia-de-valencia-dice-que-mantener-preso-a-ricart-contravenia-la-legalidad-europea\\\/#breadcrumblist\",\"itemListElement\":[{\"@type\":\"ListItem\",\"@id\":\"https:\\\/\\\/www.eldigitaldeasturias.com\\\/noticias#listItem\",\"position\":1,\"name\":\"Home\",\"item\":\"https:\\\/\\\/www.eldigitaldeasturias.com\\\/noticias\",\"nextItem\":{\"@type\":\"ListItem\",\"@id\":\"https:\\\/\\\/www.eldigitaldeasturias.com\\\/noticias\\\/category\\\/sucesos\\\/#listItem\",\"name\":\"Sucesos\"}},{\"@type\":\"ListItem\",\"@id\":\"https:\\\/\\\/www.eldigitaldeasturias.com\\\/noticias\\\/category\\\/sucesos\\\/#listItem\",\"position\":2,\"name\":\"Sucesos\",\"item\":\"https:\\\/\\\/www.eldigitaldeasturias.com\\\/noticias\\\/category\\\/sucesos\\\/\",\"nextItem\":{\"@type\":\"ListItem\",\"@id\":\"https:\\\/\\\/www.eldigitaldeasturias.com\\\/noticias\\\/la-audiencia-de-valencia-dice-que-mantener-preso-a-ricart-contravenia-la-legalidad-europea\\\/#listItem\",\"name\":\"La Audiencia de Valencia dice que mantener preso a Ricart contraven\\u00eda la legalidad europea\"},\"previousItem\":{\"@type\":\"ListItem\",\"@id\":\"https:\\\/\\\/www.eldigitaldeasturias.com\\\/noticias#listItem\",\"name\":\"Home\"}},{\"@type\":\"ListItem\",\"@id\":\"https:\\\/\\\/www.eldigitaldeasturias.com\\\/noticias\\\/la-audiencia-de-valencia-dice-que-mantener-preso-a-ricart-contravenia-la-legalidad-europea\\\/#listItem\",\"position\":3,\"name\":\"La Audiencia de Valencia dice que mantener preso a Ricart contraven\\u00eda la legalidad europea\",\"previousItem\":{\"@type\":\"ListItem\",\"@id\":\"https:\\\/\\\/www.eldigitaldeasturias.com\\\/noticias\\\/category\\\/sucesos\\\/#listItem\",\"name\":\"Sucesos\"}}]},{\"@type\":\"Organization\",\"@id\":\"https:\\\/\\\/www.eldigitaldeasturias.com\\\/noticias\\\/#organization\",\"name\":\"El Digital de Asturias\",\"description\":\"Hemeroteca\",\"url\":\"https:\\\/\\\/www.eldigitaldeasturias.com\\\/noticias\\\/\",\"email\":\"info@eldigitaldeasturias.com\",\"telephone\":\"+34652131393\",\"logo\":{\"@type\":\"ImageObject\",\"url\":\"https:\\\/\\\/www.eldigitaldeasturias.com\\\/noticias\\\/wp-content\\\/uploads\\\/2020\\\/12\\\/EDA.jpg\",\"@id\":\"https:\\\/\\\/www.eldigitaldeasturias.com\\\/noticias\\\/la-audiencia-de-valencia-dice-que-mantener-preso-a-ricart-contravenia-la-legalidad-europea\\\/#organizationLogo\"},\"image\":{\"@id\":\"https:\\\/\\\/www.eldigitaldeasturias.com\\\/noticias\\\/la-audiencia-de-valencia-dice-que-mantener-preso-a-ricart-contravenia-la-legalidad-europea\\\/#organizationLogo\"},\"sameAs\":[\"https:\\\/\\\/facebook.com\\\/eldigitaldeasturias\",\"https:\\\/\\\/www.youtube.com\\\/channel\\\/UCZP-2wLEB9Rv6erhFmqVnvg\"],\"address\":{\"@id\":\"https:\\\/\\\/www.eldigitaldeasturias.com\\\/noticias\\\/#postaladdress\",\"@type\":\"PostalAddress\",\"streetAddress\":\"san antonio 4\",\"postalCode\":\"33430\",\"addressLocality\":\"Cand\\u00e1s\",\"addressRegion\":\"Asturias\",\"addressCountry\":\"ES\"}},{\"@type\":\"Person\",\"@id\":\"https:\\\/\\\/www.eldigitaldeasturias.com\\\/noticias\\\/author\\\/admin\\\/#author\",\"url\":\"https:\\\/\\\/www.eldigitaldeasturias.com\\\/noticias\\\/author\\\/admin\\\/\",\"name\":\"El Digital de Asturias\",\"image\":{\"@type\":\"ImageObject\",\"@id\":\"https:\\\/\\\/www.eldigitaldeasturias.com\\\/noticias\\\/la-audiencia-de-valencia-dice-que-mantener-preso-a-ricart-contravenia-la-legalidad-europea\\\/#authorImage\",\"url\":\"https:\\\/\\\/secure.gravatar.com\\\/avatar\\\/df2aeffc32bcd13f8d26072ef8a91b623d677766deac7f97ca815868cd41bf5e?s=96&d=mm&r=g\",\"width\":96,\"height\":96,\"caption\":\"El Digital de Asturias\"}},{\"@type\":\"WebPage\",\"@id\":\"https:\\\/\\\/www.eldigitaldeasturias.com\\\/noticias\\\/la-audiencia-de-valencia-dice-que-mantener-preso-a-ricart-contravenia-la-legalidad-europea\\\/#webpage\",\"url\":\"https:\\\/\\\/www.eldigitaldeasturias.com\\\/noticias\\\/la-audiencia-de-valencia-dice-que-mantener-preso-a-ricart-contravenia-la-legalidad-europea\\\/\",\"name\":\"La Audiencia de Valencia dice que mantener preso a Ricart contraven\\u00eda la legalidad europea - El Digital de Asturias\",\"description\":\"Valencia, 2 dic (EFE).- La Audiencia provincial de Valencia considera que mantener en prisi\\u00f3n a Miguel Ricart, \\u00fanico condenado por el triple crimen de Alc\\u00e0sser, hubiera sido una \\\"prolongaci\\u00f3n de la privaci\\u00f3n de libertad\\\" contraria a la Convenci\\u00f3n Europea de Derechos Humanos. Seg\\u00fan consta en el auto de excarcelaci\\u00f3n de Ricart, fechado el pasado 29\",\"inLanguage\":\"es-ES\",\"isPartOf\":{\"@id\":\"https:\\\/\\\/www.eldigitaldeasturias.com\\\/noticias\\\/#website\"},\"breadcrumb\":{\"@id\":\"https:\\\/\\\/www.eldigitaldeasturias.com\\\/noticias\\\/la-audiencia-de-valencia-dice-que-mantener-preso-a-ricart-contravenia-la-legalidad-europea\\\/#breadcrumblist\"},\"author\":{\"@id\":\"https:\\\/\\\/www.eldigitaldeasturias.com\\\/noticias\\\/author\\\/admin\\\/#author\"},\"creator\":{\"@id\":\"https:\\\/\\\/www.eldigitaldeasturias.com\\\/noticias\\\/author\\\/admin\\\/#author\"},\"image\":{\"@type\":\"ImageObject\",\"url\":457041,\"@id\":\"https:\\\/\\\/www.eldigitaldeasturias.com\\\/noticias\\\/la-audiencia-de-valencia-dice-que-mantener-preso-a-ricart-contravenia-la-legalidad-europea\\\/#mainImage\"},\"primaryImageOfPage\":{\"@id\":\"https:\\\/\\\/www.eldigitaldeasturias.com\\\/noticias\\\/la-audiencia-de-valencia-dice-que-mantener-preso-a-ricart-contravenia-la-legalidad-europea\\\/#mainImage\"},\"datePublished\":\"2013-12-03T00:50:48+01:00\",\"dateModified\":\"2013-12-03T00:50:48+01:00\"},{\"@type\":\"WebSite\",\"@id\":\"https:\\\/\\\/www.eldigitaldeasturias.com\\\/noticias\\\/#website\",\"url\":\"https:\\\/\\\/www.eldigitaldeasturias.com\\\/noticias\\\/\",\"name\":\"El Digital de Asturias - Diario de actualidad y noticias\",\"alternateName\":\"El Digital de Asturias - Diario de actualidad y noticias\",\"description\":\"Hemeroteca\",\"inLanguage\":\"es-ES\",\"publisher\":{\"@id\":\"https:\\\/\\\/www.eldigitaldeasturias.com\\\/noticias\\\/#organization\"}}]}\n\t\t<\/script>\n\t\t<!-- All in One SEO Pro -->\r\n\t\t<title>La Audiencia de Valencia dice que mantener preso a Ricart contraven\u00eda la legalidad europea - El Digital de Asturias<\/title>\n\n","aioseo_head_json":{"title":"La Audiencia de Valencia dice que mantener preso a Ricart contraven\u00eda la legalidad europea - El Digital de Asturias","description":"Valencia, 2 dic (EFE).- La Audiencia provincial de Valencia considera que mantener en prisi\u00f3n a Miguel Ricart, \u00fanico condenado por el triple crimen de Alc\u00e0sser, hubiera sido una \"prolongaci\u00f3n de la privaci\u00f3n de libertad\" contraria a la Convenci\u00f3n Europea de Derechos Humanos. Seg\u00fan consta en el auto de excarcelaci\u00f3n de Ricart, fechado el pasado 29","canonical_url":"https:\/\/www.eldigitaldeasturias.com\/noticias\/la-audiencia-de-valencia-dice-que-mantener-preso-a-ricart-contravenia-la-legalidad-europea\/","robots":"max-image-preview:large","keywords":"sucesos","webmasterTools":{"google-site-verification":"UA-38556648-1","msvalidate.01":"7dfe9f3f1b24437ab69f4f2559babe99","miscellaneous":""},"schema":{"@context":"https:\/\/schema.org","@graph":[{"@type":"BlogPosting","@id":"https:\/\/www.eldigitaldeasturias.com\/noticias\/la-audiencia-de-valencia-dice-que-mantener-preso-a-ricart-contravenia-la-legalidad-europea\/#blogposting","name":"La Audiencia de Valencia dice que mantener preso a Ricart contraven\u00eda la legalidad europea - El Digital de Asturias","headline":"La Audiencia de Valencia dice que mantener preso a Ricart contraven\u00eda la legalidad europea","author":{"@id":"https:\/\/www.eldigitaldeasturias.com\/noticias\/author\/admin\/#author"},"publisher":{"@id":"https:\/\/www.eldigitaldeasturias.com\/noticias\/#organization"},"image":{"@type":"ImageObject","url":457041},"datePublished":"2013-12-03T00:50:48+01:00","dateModified":"2013-12-03T00:50:48+01:00","inLanguage":"es-ES","mainEntityOfPage":{"@id":"https:\/\/www.eldigitaldeasturias.com\/noticias\/la-audiencia-de-valencia-dice-que-mantener-preso-a-ricart-contravenia-la-legalidad-europea\/#webpage"},"isPartOf":{"@id":"https:\/\/www.eldigitaldeasturias.com\/noticias\/la-audiencia-de-valencia-dice-que-mantener-preso-a-ricart-contravenia-la-legalidad-europea\/#webpage"},"articleSection":"Sucesos"},{"@type":"BreadcrumbList","@id":"https:\/\/www.eldigitaldeasturias.com\/noticias\/la-audiencia-de-valencia-dice-que-mantener-preso-a-ricart-contravenia-la-legalidad-europea\/#breadcrumblist","itemListElement":[{"@type":"ListItem","@id":"https:\/\/www.eldigitaldeasturias.com\/noticias#listItem","position":1,"name":"Home","item":"https:\/\/www.eldigitaldeasturias.com\/noticias","nextItem":{"@type":"ListItem","@id":"https:\/\/www.eldigitaldeasturias.com\/noticias\/category\/sucesos\/#listItem","name":"Sucesos"}},{"@type":"ListItem","@id":"https:\/\/www.eldigitaldeasturias.com\/noticias\/category\/sucesos\/#listItem","position":2,"name":"Sucesos","item":"https:\/\/www.eldigitaldeasturias.com\/noticias\/category\/sucesos\/","nextItem":{"@type":"ListItem","@id":"https:\/\/www.eldigitaldeasturias.com\/noticias\/la-audiencia-de-valencia-dice-que-mantener-preso-a-ricart-contravenia-la-legalidad-europea\/#listItem","name":"La Audiencia de Valencia dice que mantener preso a Ricart contraven\u00eda la legalidad europea"},"previousItem":{"@type":"ListItem","@id":"https:\/\/www.eldigitaldeasturias.com\/noticias#listItem","name":"Home"}},{"@type":"ListItem","@id":"https:\/\/www.eldigitaldeasturias.com\/noticias\/la-audiencia-de-valencia-dice-que-mantener-preso-a-ricart-contravenia-la-legalidad-europea\/#listItem","position":3,"name":"La Audiencia de Valencia dice que mantener preso a Ricart contraven\u00eda la legalidad europea","previousItem":{"@type":"ListItem","@id":"https:\/\/www.eldigitaldeasturias.com\/noticias\/category\/sucesos\/#listItem","name":"Sucesos"}}]},{"@type":"Organization","@id":"https:\/\/www.eldigitaldeasturias.com\/noticias\/#organization","name":"El Digital de Asturias","description":"Hemeroteca","url":"https:\/\/www.eldigitaldeasturias.com\/noticias\/","email":"info@eldigitaldeasturias.com","telephone":"+34652131393","logo":{"@type":"ImageObject","url":"https:\/\/www.eldigitaldeasturias.com\/noticias\/wp-content\/uploads\/2020\/12\/EDA.jpg","@id":"https:\/\/www.eldigitaldeasturias.com\/noticias\/la-audiencia-de-valencia-dice-que-mantener-preso-a-ricart-contravenia-la-legalidad-europea\/#organizationLogo"},"image":{"@id":"https:\/\/www.eldigitaldeasturias.com\/noticias\/la-audiencia-de-valencia-dice-que-mantener-preso-a-ricart-contravenia-la-legalidad-europea\/#organizationLogo"},"sameAs":["https:\/\/facebook.com\/eldigitaldeasturias","https:\/\/www.youtube.com\/channel\/UCZP-2wLEB9Rv6erhFmqVnvg"],"address":{"@id":"https:\/\/www.eldigitaldeasturias.com\/noticias\/#postaladdress","@type":"PostalAddress","streetAddress":"san antonio 4","postalCode":"33430","addressLocality":"Cand\u00e1s","addressRegion":"Asturias","addressCountry":"ES"}},{"@type":"Person","@id":"https:\/\/www.eldigitaldeasturias.com\/noticias\/author\/admin\/#author","url":"https:\/\/www.eldigitaldeasturias.com\/noticias\/author\/admin\/","name":"El Digital de Asturias","image":{"@type":"ImageObject","@id":"https:\/\/www.eldigitaldeasturias.com\/noticias\/la-audiencia-de-valencia-dice-que-mantener-preso-a-ricart-contravenia-la-legalidad-europea\/#authorImage","url":"https:\/\/secure.gravatar.com\/avatar\/df2aeffc32bcd13f8d26072ef8a91b623d677766deac7f97ca815868cd41bf5e?s=96&d=mm&r=g","width":96,"height":96,"caption":"El Digital de Asturias"}},{"@type":"WebPage","@id":"https:\/\/www.eldigitaldeasturias.com\/noticias\/la-audiencia-de-valencia-dice-que-mantener-preso-a-ricart-contravenia-la-legalidad-europea\/#webpage","url":"https:\/\/www.eldigitaldeasturias.com\/noticias\/la-audiencia-de-valencia-dice-que-mantener-preso-a-ricart-contravenia-la-legalidad-europea\/","name":"La Audiencia de Valencia dice que mantener preso a Ricart contraven\u00eda la legalidad europea - El Digital de Asturias","description":"Valencia, 2 dic (EFE).- La Audiencia provincial de Valencia considera que mantener en prisi\u00f3n a Miguel Ricart, \u00fanico condenado por el triple crimen de Alc\u00e0sser, hubiera sido una \"prolongaci\u00f3n de la privaci\u00f3n de libertad\" contraria a la Convenci\u00f3n Europea de Derechos Humanos. Seg\u00fan consta en el auto de excarcelaci\u00f3n de Ricart, fechado el pasado 29","inLanguage":"es-ES","isPartOf":{"@id":"https:\/\/www.eldigitaldeasturias.com\/noticias\/#website"},"breadcrumb":{"@id":"https:\/\/www.eldigitaldeasturias.com\/noticias\/la-audiencia-de-valencia-dice-que-mantener-preso-a-ricart-contravenia-la-legalidad-europea\/#breadcrumblist"},"author":{"@id":"https:\/\/www.eldigitaldeasturias.com\/noticias\/author\/admin\/#author"},"creator":{"@id":"https:\/\/www.eldigitaldeasturias.com\/noticias\/author\/admin\/#author"},"image":{"@type":"ImageObject","url":457041,"@id":"https:\/\/www.eldigitaldeasturias.com\/noticias\/la-audiencia-de-valencia-dice-que-mantener-preso-a-ricart-contravenia-la-legalidad-europea\/#mainImage"},"primaryImageOfPage":{"@id":"https:\/\/www.eldigitaldeasturias.com\/noticias\/la-audiencia-de-valencia-dice-que-mantener-preso-a-ricart-contravenia-la-legalidad-europea\/#mainImage"},"datePublished":"2013-12-03T00:50:48+01:00","dateModified":"2013-12-03T00:50:48+01:00"},{"@type":"WebSite","@id":"https:\/\/www.eldigitaldeasturias.com\/noticias\/#website","url":"https:\/\/www.eldigitaldeasturias.com\/noticias\/","name":"El Digital de Asturias - Diario de actualidad y noticias","alternateName":"El Digital de Asturias - Diario de actualidad y noticias","description":"Hemeroteca","inLanguage":"es-ES","publisher":{"@id":"https:\/\/www.eldigitaldeasturias.com\/noticias\/#organization"}}]},"og:locale":"es_ES","og:site_name":"El Digital de Asturias","og:type":"article","og:title":"La Audiencia de Valencia dice que mantener preso a Ricart contraven\u00eda la legalidad europea - El Digital de Asturias","og:description":"Valencia, 2 dic (EFE).- La Audiencia provincial de Valencia considera que mantener en prisi\u00f3n a Miguel Ricart, \u00fanico condenado por el triple crimen de Alc\u00e0sser, hubiera sido una &quot;prolongaci\u00f3n de la privaci\u00f3n de libertad&quot; contraria a la Convenci\u00f3n Europea de Derechos Humanos. Seg\u00fan consta en el auto de excarcelaci\u00f3n de Ricart, fechado el pasado 29","og:url":"https:\/\/www.eldigitaldeasturias.com\/noticias\/la-audiencia-de-valencia-dice-que-mantener-preso-a-ricart-contravenia-la-legalidad-europea\/","article:tag":["sucesos"],"article:published_time":"2013-12-03T01:50:48+00:00","article:modified_time":"2013-12-03T01:50:48+00:00","article:publisher":"https:\/\/facebook.com\/eldigitaldeasturias","twitter:card":"summary_large_image","twitter:title":"La Audiencia de Valencia dice que mantener preso a Ricart contraven\u00eda la legalidad europea - El Digital de Asturias","twitter:description":"Valencia, 2 dic (EFE).- La Audiencia provincial de Valencia considera que mantener en prisi\u00f3n a Miguel Ricart, \u00fanico condenado por el triple crimen de Alc\u00e0sser, hubiera sido una &quot;prolongaci\u00f3n de la privaci\u00f3n de libertad&quot; contraria a la Convenci\u00f3n Europea de Derechos Humanos. Seg\u00fan consta en el auto de excarcelaci\u00f3n de Ricart, fechado el pasado 29","twitter:label1":"Escrito por","twitter:data1":"El Digital de Asturias","twitter:label2":"Tiempo de lectura estimado","twitter:data2":"2 minutos"},"aioseo_meta_data":{"post_id":"457040","title":null,"description":null,"keywords":null,"keyphrases":null,"primary_term":null,"canonical_url":null,"og_title":null,"og_description":null,"og_object_type":"default","og_image_type":"default","og_image_url":null,"og_image_width":null,"og_image_height":null,"og_image_custom_url":null,"og_image_custom_fields":null,"og_video":null,"og_custom_url":null,"og_article_section":null,"og_article_tags":null,"twitter_use_og":true,"twitter_card":"default","twitter_image_type":"default","twitter_image_url":null,"twitter_image_custom_url":null,"twitter_image_custom_fields":null,"twitter_title":null,"twitter_description":null,"schema":{"blockGraphs":[],"customGraphs":[],"default":{"data":{"Article":[],"Course":[],"Dataset":[],"FAQPage":[],"Movie":[],"Person":[],"Product":[],"ProductReview":[],"Car":[],"Recipe":[],"Service":[],"SoftwareApplication":[],"WebPage":[]},"graphName":"","isEnabled":true},"graphs":[],"defaultGraph":"","defaultPostTypeGraph":""},"schema_type":null,"schema_type_options":null,"pillar_content":false,"robots_default":true,"robots_noindex":false,"robots_noarchive":false,"robots_nosnippet":false,"robots_nofollow":false,"robots_noimageindex":false,"robots_noodp":false,"robots_notranslate":false,"robots_max_snippet":null,"robots_max_videopreview":null,"robots_max_imagepreview":"none","priority":null,"frequency":null,"local_seo":null,"seo_analyzer_scan_date":"2026-05-30 00:05:35","breadcrumb_settings":null,"limit_modified_date":false,"open_ai":null,"ai":null,"created":"2020-11-14 22:46:05","updated":"2026-05-30 00:05:35","focus_keyword":null,"additional_keywords":null,"truseo_locale":null},"aioseo_breadcrumb":"<div class=\"aioseo-breadcrumbs\"><span class=\"aioseo-breadcrumb\">\n\t<a href=\"https:\/\/www.eldigitaldeasturias.com\/noticias\" title=\"Home\">Home<\/a>\n<\/span><span class=\"aioseo-breadcrumb-separator\">\u2013<\/span><span class=\"aioseo-breadcrumb\">\n\t<a href=\"https:\/\/www.eldigitaldeasturias.com\/noticias\/category\/sucesos\/\" title=\"Sucesos\">Sucesos<\/a>\n<\/span><span class=\"aioseo-breadcrumb-separator\">\u2013<\/span><span class=\"aioseo-breadcrumb\">\n\t<a href=\"https:\/\/www.eldigitaldeasturias.com\/noticias\/la-audiencia-de-valencia-dice-que-mantener-preso-a-ricart-contravenia-la-legalidad-europea\/\" title=\"La Audiencia de Valencia dice que mantener preso a Ricart contraven\u00eda la legalidad europea\">La Audiencia de Valencia dice que mantener preso a Ricart contraven\u00eda la legalidad europea<\/a>\n<\/span><\/div>","aioseo_breadcrumb_json":[{"label":"Home","link":"https:\/\/www.eldigitaldeasturias.com\/noticias"},{"label":"Sucesos","link":"https:\/\/www.eldigitaldeasturias.com\/noticias\/category\/sucesos\/"},{"label":"La Audiencia de Valencia dice que mantener preso a Ricart contraven\u00eda la legalidad europea","link":"https:\/\/www.eldigitaldeasturias.com\/noticias\/la-audiencia-de-valencia-dice-que-mantener-preso-a-ricart-contravenia-la-legalidad-europea\/"}],"_links":{"self":[{"href":"https:\/\/www.eldigitaldeasturias.com\/noticias\/wp-json\/wp\/v2\/posts\/457040","targetHints":{"allow":["GET"]}}],"collection":[{"href":"https:\/\/www.eldigitaldeasturias.com\/noticias\/wp-json\/wp\/v2\/posts"}],"about":[{"href":"https:\/\/www.eldigitaldeasturias.com\/noticias\/wp-json\/wp\/v2\/types\/post"}],"author":[{"embeddable":true,"href":"https:\/\/www.eldigitaldeasturias.com\/noticias\/wp-json\/wp\/v2\/users\/1"}],"replies":[{"embeddable":true,"href":"https:\/\/www.eldigitaldeasturias.com\/noticias\/wp-json\/wp\/v2\/comments?post=457040"}],"version-history":[{"count":0,"href":"https:\/\/www.eldigitaldeasturias.com\/noticias\/wp-json\/wp\/v2\/posts\/457040\/revisions"}],"wp:attachment":[{"href":"https:\/\/www.eldigitaldeasturias.com\/noticias\/wp-json\/wp\/v2\/media?parent=457040"}],"wp:term":[{"taxonomy":"category","embeddable":true,"href":"https:\/\/www.eldigitaldeasturias.com\/noticias\/wp-json\/wp\/v2\/categories?post=457040"},{"taxonomy":"post_tag","embeddable":true,"href":"https:\/\/www.eldigitaldeasturias.com\/noticias\/wp-json\/wp\/v2\/tags?post=457040"}],"curies":[{"name":"wp","href":"https:\/\/api.w.org\/{rel}","templated":true}]}}