{"id":457007,"date":"2013-12-03T00:32:50","date_gmt":"2013-12-03T01:32:50","guid":{"rendered":"http:\/\/www.eldigitaldeasturias.com\/noticias\/?p=457007"},"modified":"2013-12-03T00:32:50","modified_gmt":"2013-12-03T01:32:50","slug":"ramon-carande-retorna-a-la-academia-de-la-historia-a-traves-de-su-legado","status":"publish","type":"post","link":"https:\/\/www.eldigitaldeasturias.com\/noticias\/ramon-carande-retorna-a-la-academia-de-la-historia-a-traves-de-su-legado\/","title":{"rendered":"Ram\u00f3n Carande retorna a la Academia de la Historia a trav\u00e9s de su legado"},"content":{"rendered":"<p><img loading=\"lazy\" decoding=\"async\" class=\"alignleft size-medium wp-image-457008\" alt=\"5766907w\" src=\"https:\/\/www.eldigitaldeasturias.com\/noticias\/wp-content\/uploads\/2013\/12\/5766907w-256x320.jpg\" width=\"256\" height=\"320\" \/>Valladolid, 2 dic (EFE).- Ram\u00f3n Carande (1887-1986), casi cien a\u00f1os de vida para ser testigo de dos de los siglos m\u00e1s convulsos y agitados de la historia moderna y contempor\u00e1nea de Espa\u00f1a, retornar\u00e1 en breve a la Real Academia de la Historia a trav\u00e9s de su legado documental: cientos de documentos cedidos por tres nietos suyos.<\/p>\n<p>Cuatro a\u00f1os ha tardado una de ellos, Roc\u00edo Carande, catedr\u00e1tica de Griego en la Universidad de Sevilla, en sistematizar y seleccionar esta cesi\u00f3n de cincuenta y siete archivadores \u00abpara que sean puestos al alcance de los investigadores, sin l\u00edmite alguno y en el plazo de tiempo m\u00e1s breve posible\u00bb, ha dicho hoy a Efe.<\/p>\n<p>Conscientes del valor testimonial y documental \u00abque tendr\u00e1 para las generaciones venideras\u00bb, ha a\u00f1adido, esta cesi\u00f3n ser\u00e1 efectiva el 13 de diciembre en la sede de la Real Academia, en Madrid, que dirige Gonzalo Anes y de la que el palentino Ram\u00f3n Carande y Thovar fue miembro desde 1948 hasta su muerte, en 1986, en Almendral (Badajoz).<\/p>\n<p>Historiador y docente, de talante humanista y liberal, su instinto cr\u00edtico y revisionista le granje\u00f3 enemistades y ocasion\u00f3 trabas en su desempe\u00f1o, una de ellas despu\u00e9s de la Guerra Civil cuando el r\u00e9gimen vencedor le depuso de su C\u00e1tedra de Econom\u00eda Pol\u00edtica y Hacienda P\u00fablica en la Universidad de Sevilla, ciudad en la que residi\u00f3 desde 1927.<\/p>\n<p>Ello le permiti\u00f3 disfrutar de seis a\u00f1os intensos para alumbrar una de las obras m\u00e1s significativas de la reciente historiograf\u00eda econ\u00f3mica, \u00abCarlos V y sus banqueros\u00bb (1943), que edit\u00f3 la Revista de Occidente y m\u00e1s tarde reedit\u00f3, en 1987, el historiador Agust\u00edn Garc\u00eda Sim\u00f3n, en colaboraci\u00f3n con Cr\u00edtica, para el Servicio de Publicaciones de la Junta de Castilla y Le\u00f3n.<\/p>\n<p>En una \u00e9poca en la que no exist\u00edan fotocopiadoras, internet y correo electr\u00f3nico, Carande consult\u00f3 diversos archivos nacionales e internacionales, entre ellos el Hist\u00f3rico de Simancas (Valladolid), donde fue asiduo hasta 1972 y consta que durante esas d\u00e9cadas solicit\u00f3 para su consulta cerca de 30.000 documentos.<\/p>\n<p>Su principal contribuci\u00f3n, en la l\u00ednea marcada por sus maestros a comienzos de siglo -Antonio Flores de Lemus, Francisco Bernis y Jos\u00e9 Mar\u00eda Zumalac\u00e1rregui- fue la modernizaci\u00f3n, en el \u00e1mbito docente e investigador, del conocimiento de la historia econ\u00f3mica de Espa\u00f1a y su aplicaci\u00f3n al momento con el apoyo de las t\u00e9cnicas estad\u00edsticas y el apoyo documental de los archivos.<\/p>\n<p>Los manuscritos de los libros de Carande y los apuntes para sus clases de la Universidad, en cuadernos escolares de tama\u00f1o cuartilla porque nunca aprendi\u00f3 a escribir a m\u00e1quina -recuerda de su nieta-, destacan en esta cesi\u00f3n donde tambi\u00e9n figuran los materiales para su obra nonata \u00abLos dineros de San Pedro\u00bb.<\/p>\n<p>Junto a todo esto hay una serie de documentos como recortes de prensa, folletos e invitaciones que completan la visi\u00f3n de su vida y obra, ha a\u00f1adido Carande, quien junto a sus hermanos Mar\u00eda Victoria y Manuel han firmado esta entrega que ya prepar\u00f3 en vida el escritor Bernardo V\u00edctor Carande, fallecido en 2005, hijo del historiador y padre de los donadores.<\/p>\n<p>Casi la mitad de los archivadores que entrar\u00e1n en la Real Academia de la Historia contienen la correspondencia epistolar de una persona que \u00absiempre presumi\u00f3 de no dejar una carta sin contestaci\u00f3n\u00bb, y donde figuran misivas suyas y de notables de su tiempo como Santiago Ram\u00f3n y Cajal, la condesa de Romanones, el duque de Maura, Jorge Guill\u00e9n y Gerardo Diego.<\/p>\n","protected":false},"excerpt":{"rendered":"<p>Valladolid, 2 dic (EFE).- Ram\u00f3n Carande (1887-1986), casi cien a\u00f1os de vida para ser testigo de dos de los siglos m\u00e1s convulsos y agitados de la historia moderna y contempor\u00e1nea de Espa\u00f1a, retornar\u00e1 en breve a la Real Academia de la Historia a trav\u00e9s de su legado documental: cientos de documentos cedidos por tres nietos [&hellip;]<\/p>\n","protected":false},"author":1,"featured_media":457008,"comment_status":"closed","ping_status":"open","sticky":false,"template":"","format":"standard","meta":{"footnotes":""},"categories":[50],"tags":[],"class_list":["post-457007","post","type-post","status-publish","format-standard","has-post-thumbnail","hentry","category-revista-de-ocio"],"aioseo_notices":[],"aioseo_head":"\n\t\t<!-- All in One SEO Pro 5.0.1 - aioseo.com -->\n\t<meta name=\"description\" content=\"Valladolid, 2 dic (EFE).- Ram\u00f3n Carande (1887-1986), casi cien a\u00f1os de vida para ser testigo de dos de los siglos m\u00e1s convulsos y agitados de la historia moderna y contempor\u00e1nea de Espa\u00f1a, retornar\u00e1 en breve a la Real Academia de la Historia a trav\u00e9s de su legado documental: cientos de documentos cedidos por tres nietos\" \/>\n\t<meta name=\"robots\" content=\"max-image-preview:large\" \/>\n\t<meta name=\"author\" content=\"El Digital de Asturias\"\/>\n\t<meta name=\"google-site-verification\" content=\"UA-38556648-1\" \/>\n\t<meta name=\"msvalidate.01\" content=\"7dfe9f3f1b24437ab69f4f2559babe99\" \/>\n\t<meta name=\"keywords\" content=\"revista de ocio\" \/>\n\t<link rel=\"canonical\" href=\"https:\/\/www.eldigitaldeasturias.com\/noticias\/ramon-carande-retorna-a-la-academia-de-la-historia-a-traves-de-su-legado\/\" \/>\n\t<meta name=\"generator\" content=\"All in One SEO Pro (AIOSEO) 5.0.1\" \/>\n\t\t<meta property=\"og:locale\" content=\"es_ES\" \/>\n\t\t<meta property=\"og:site_name\" content=\"El Digital de Asturias\" \/>\n\t\t<meta property=\"og:type\" content=\"article\" \/>\n\t\t<meta property=\"og:title\" content=\"Ram\u00f3n Carande retorna a la Academia de la Historia a trav\u00e9s de su legado - El Digital de Asturias\" \/>\n\t\t<meta property=\"og:description\" content=\"Valladolid, 2 dic (EFE).- Ram\u00f3n Carande (1887-1986), casi cien a\u00f1os de vida para ser testigo de dos de los siglos m\u00e1s convulsos y agitados de la historia moderna y contempor\u00e1nea de Espa\u00f1a, retornar\u00e1 en breve a la Real Academia de la Historia a trav\u00e9s de su legado documental: cientos de documentos cedidos por tres nietos\" \/>\n\t\t<meta property=\"og:url\" content=\"https:\/\/www.eldigitaldeasturias.com\/noticias\/ramon-carande-retorna-a-la-academia-de-la-historia-a-traves-de-su-legado\/\" \/>\n\t\t<meta property=\"article:tag\" content=\"revista de ocio\" \/>\n\t\t<meta property=\"article:published_time\" content=\"2013-12-03T01:32:50+00:00\" \/>\n\t\t<meta property=\"article:modified_time\" content=\"2013-12-03T01:32:50+00:00\" \/>\n\t\t<meta property=\"article:publisher\" content=\"https:\/\/facebook.com\/eldigitaldeasturias\" \/>\n\t\t<meta name=\"twitter:card\" content=\"summary_large_image\" \/>\n\t\t<meta name=\"twitter:title\" content=\"Ram\u00f3n Carande retorna a la Academia de la Historia a trav\u00e9s de su legado - El Digital de Asturias\" \/>\n\t\t<meta name=\"twitter:description\" content=\"Valladolid, 2 dic (EFE).- Ram\u00f3n Carande (1887-1986), casi cien a\u00f1os de vida para ser testigo de dos de los siglos m\u00e1s convulsos y agitados de la historia moderna y contempor\u00e1nea de Espa\u00f1a, retornar\u00e1 en breve a la Real Academia de la Historia a trav\u00e9s de su legado documental: cientos de documentos cedidos por tres nietos\" \/>\n\t\t<meta name=\"twitter:label1\" content=\"Escrito por\" \/>\n\t\t<meta name=\"twitter:data1\" content=\"El Digital de Asturias\" \/>\n\t\t<meta name=\"twitter:label2\" content=\"Tiempo de lectura estimado\" \/>\n\t\t<meta name=\"twitter:data2\" content=\"3 minutos\" \/>\n\t\t<script type=\"application\/ld+json\" class=\"aioseo-schema\">\n\t\t\t{\"@context\":\"https:\\\/\\\/schema.org\",\"@graph\":[{\"@type\":\"BlogPosting\",\"@id\":\"https:\\\/\\\/www.eldigitaldeasturias.com\\\/noticias\\\/ramon-carande-retorna-a-la-academia-de-la-historia-a-traves-de-su-legado\\\/#blogposting\",\"name\":\"Ram\\u00f3n Carande retorna a la Academia de la Historia a trav\\u00e9s de su legado - El Digital de Asturias\",\"headline\":\"Ram\\u00f3n Carande retorna a la Academia de la Historia a trav\\u00e9s de su legado\",\"author\":{\"@id\":\"https:\\\/\\\/www.eldigitaldeasturias.com\\\/noticias\\\/author\\\/admin\\\/#author\"},\"publisher\":{\"@id\":\"https:\\\/\\\/www.eldigitaldeasturias.com\\\/noticias\\\/#organization\"},\"image\":{\"@type\":\"ImageObject\",\"url\":457008},\"datePublished\":\"2013-12-03T00:32:50+01:00\",\"dateModified\":\"2013-12-03T00:32:50+01:00\",\"inLanguage\":\"es-ES\",\"mainEntityOfPage\":{\"@id\":\"https:\\\/\\\/www.eldigitaldeasturias.com\\\/noticias\\\/ramon-carande-retorna-a-la-academia-de-la-historia-a-traves-de-su-legado\\\/#webpage\"},\"isPartOf\":{\"@id\":\"https:\\\/\\\/www.eldigitaldeasturias.com\\\/noticias\\\/ramon-carande-retorna-a-la-academia-de-la-historia-a-traves-de-su-legado\\\/#webpage\"},\"articleSection\":\"Revista de Ocio\"},{\"@type\":\"BreadcrumbList\",\"@id\":\"https:\\\/\\\/www.eldigitaldeasturias.com\\\/noticias\\\/ramon-carande-retorna-a-la-academia-de-la-historia-a-traves-de-su-legado\\\/#breadcrumblist\",\"itemListElement\":[{\"@type\":\"ListItem\",\"@id\":\"https:\\\/\\\/www.eldigitaldeasturias.com\\\/noticias#listItem\",\"position\":1,\"name\":\"Home\",\"item\":\"https:\\\/\\\/www.eldigitaldeasturias.com\\\/noticias\",\"nextItem\":{\"@type\":\"ListItem\",\"@id\":\"https:\\\/\\\/www.eldigitaldeasturias.com\\\/noticias\\\/category\\\/revista-de-ocio\\\/#listItem\",\"name\":\"Revista de Ocio\"}},{\"@type\":\"ListItem\",\"@id\":\"https:\\\/\\\/www.eldigitaldeasturias.com\\\/noticias\\\/category\\\/revista-de-ocio\\\/#listItem\",\"position\":2,\"name\":\"Revista de Ocio\",\"item\":\"https:\\\/\\\/www.eldigitaldeasturias.com\\\/noticias\\\/category\\\/revista-de-ocio\\\/\",\"nextItem\":{\"@type\":\"ListItem\",\"@id\":\"https:\\\/\\\/www.eldigitaldeasturias.com\\\/noticias\\\/ramon-carande-retorna-a-la-academia-de-la-historia-a-traves-de-su-legado\\\/#listItem\",\"name\":\"Ram\\u00f3n Carande retorna a la Academia de la Historia a trav\\u00e9s de su legado\"},\"previousItem\":{\"@type\":\"ListItem\",\"@id\":\"https:\\\/\\\/www.eldigitaldeasturias.com\\\/noticias#listItem\",\"name\":\"Home\"}},{\"@type\":\"ListItem\",\"@id\":\"https:\\\/\\\/www.eldigitaldeasturias.com\\\/noticias\\\/ramon-carande-retorna-a-la-academia-de-la-historia-a-traves-de-su-legado\\\/#listItem\",\"position\":3,\"name\":\"Ram\\u00f3n Carande retorna a la Academia de la Historia a trav\\u00e9s de su legado\",\"previousItem\":{\"@type\":\"ListItem\",\"@id\":\"https:\\\/\\\/www.eldigitaldeasturias.com\\\/noticias\\\/category\\\/revista-de-ocio\\\/#listItem\",\"name\":\"Revista de Ocio\"}}]},{\"@type\":\"Organization\",\"@id\":\"https:\\\/\\\/www.eldigitaldeasturias.com\\\/noticias\\\/#organization\",\"name\":\"El Digital de Asturias\",\"description\":\"Hemeroteca\",\"url\":\"https:\\\/\\\/www.eldigitaldeasturias.com\\\/noticias\\\/\",\"email\":\"info@eldigitaldeasturias.com\",\"telephone\":\"+34652131393\",\"logo\":{\"@type\":\"ImageObject\",\"url\":\"https:\\\/\\\/www.eldigitaldeasturias.com\\\/noticias\\\/wp-content\\\/uploads\\\/2020\\\/12\\\/EDA.jpg\",\"@id\":\"https:\\\/\\\/www.eldigitaldeasturias.com\\\/noticias\\\/ramon-carande-retorna-a-la-academia-de-la-historia-a-traves-de-su-legado\\\/#organizationLogo\"},\"image\":{\"@id\":\"https:\\\/\\\/www.eldigitaldeasturias.com\\\/noticias\\\/ramon-carande-retorna-a-la-academia-de-la-historia-a-traves-de-su-legado\\\/#organizationLogo\"},\"sameAs\":[\"https:\\\/\\\/facebook.com\\\/eldigitaldeasturias\",\"https:\\\/\\\/www.youtube.com\\\/channel\\\/UCZP-2wLEB9Rv6erhFmqVnvg\"],\"address\":{\"@id\":\"https:\\\/\\\/www.eldigitaldeasturias.com\\\/noticias\\\/#postaladdress\",\"@type\":\"PostalAddress\",\"streetAddress\":\"san antonio 4\",\"postalCode\":\"33430\",\"addressLocality\":\"Cand\\u00e1s\",\"addressRegion\":\"Asturias\",\"addressCountry\":\"ES\"}},{\"@type\":\"Person\",\"@id\":\"https:\\\/\\\/www.eldigitaldeasturias.com\\\/noticias\\\/author\\\/admin\\\/#author\",\"url\":\"https:\\\/\\\/www.eldigitaldeasturias.com\\\/noticias\\\/author\\\/admin\\\/\",\"name\":\"El Digital de Asturias\",\"image\":{\"@type\":\"ImageObject\",\"@id\":\"https:\\\/\\\/www.eldigitaldeasturias.com\\\/noticias\\\/ramon-carande-retorna-a-la-academia-de-la-historia-a-traves-de-su-legado\\\/#authorImage\",\"url\":\"https:\\\/\\\/secure.gravatar.com\\\/avatar\\\/df2aeffc32bcd13f8d26072ef8a91b623d677766deac7f97ca815868cd41bf5e?s=96&d=mm&r=g\",\"width\":96,\"height\":96,\"caption\":\"El Digital de Asturias\"}},{\"@type\":\"WebPage\",\"@id\":\"https:\\\/\\\/www.eldigitaldeasturias.com\\\/noticias\\\/ramon-carande-retorna-a-la-academia-de-la-historia-a-traves-de-su-legado\\\/#webpage\",\"url\":\"https:\\\/\\\/www.eldigitaldeasturias.com\\\/noticias\\\/ramon-carande-retorna-a-la-academia-de-la-historia-a-traves-de-su-legado\\\/\",\"name\":\"Ram\\u00f3n Carande retorna a la Academia de la Historia a trav\\u00e9s de su legado - El Digital de Asturias\",\"description\":\"Valladolid, 2 dic (EFE).- Ram\\u00f3n Carande (1887-1986), casi cien a\\u00f1os de vida para ser testigo de dos de los siglos m\\u00e1s convulsos y agitados de la historia moderna y contempor\\u00e1nea de Espa\\u00f1a, retornar\\u00e1 en breve a la Real Academia de la Historia a trav\\u00e9s de su legado documental: cientos de documentos cedidos por tres nietos\",\"inLanguage\":\"es-ES\",\"isPartOf\":{\"@id\":\"https:\\\/\\\/www.eldigitaldeasturias.com\\\/noticias\\\/#website\"},\"breadcrumb\":{\"@id\":\"https:\\\/\\\/www.eldigitaldeasturias.com\\\/noticias\\\/ramon-carande-retorna-a-la-academia-de-la-historia-a-traves-de-su-legado\\\/#breadcrumblist\"},\"author\":{\"@id\":\"https:\\\/\\\/www.eldigitaldeasturias.com\\\/noticias\\\/author\\\/admin\\\/#author\"},\"creator\":{\"@id\":\"https:\\\/\\\/www.eldigitaldeasturias.com\\\/noticias\\\/author\\\/admin\\\/#author\"},\"image\":{\"@type\":\"ImageObject\",\"url\":457008,\"@id\":\"https:\\\/\\\/www.eldigitaldeasturias.com\\\/noticias\\\/ramon-carande-retorna-a-la-academia-de-la-historia-a-traves-de-su-legado\\\/#mainImage\"},\"primaryImageOfPage\":{\"@id\":\"https:\\\/\\\/www.eldigitaldeasturias.com\\\/noticias\\\/ramon-carande-retorna-a-la-academia-de-la-historia-a-traves-de-su-legado\\\/#mainImage\"},\"datePublished\":\"2013-12-03T00:32:50+01:00\",\"dateModified\":\"2013-12-03T00:32:50+01:00\"},{\"@type\":\"WebSite\",\"@id\":\"https:\\\/\\\/www.eldigitaldeasturias.com\\\/noticias\\\/#website\",\"url\":\"https:\\\/\\\/www.eldigitaldeasturias.com\\\/noticias\\\/\",\"name\":\"El Digital de Asturias - Diario de actualidad y noticias\",\"alternateName\":\"El Digital de Asturias - Diario de actualidad y noticias\",\"description\":\"Hemeroteca\",\"inLanguage\":\"es-ES\",\"publisher\":{\"@id\":\"https:\\\/\\\/www.eldigitaldeasturias.com\\\/noticias\\\/#organization\"}}]}\n\t\t<\/script>\n\t\t<!-- All in One SEO Pro -->\r\n\t\t<title>Ram\u00f3n Carande retorna a la Academia de la Historia a trav\u00e9s de su legado - El Digital de Asturias<\/title>\n\n","aioseo_head_json":{"title":"Ram\u00f3n Carande retorna a la Academia de la Historia a trav\u00e9s de su legado - El Digital de Asturias","description":"Valladolid, 2 dic (EFE).- Ram\u00f3n Carande (1887-1986), casi cien a\u00f1os de vida para ser testigo de dos de los siglos m\u00e1s convulsos y agitados de la historia moderna y contempor\u00e1nea de Espa\u00f1a, retornar\u00e1 en breve a la Real Academia de la Historia a trav\u00e9s de su legado documental: cientos de documentos cedidos por tres nietos","canonical_url":"https:\/\/www.eldigitaldeasturias.com\/noticias\/ramon-carande-retorna-a-la-academia-de-la-historia-a-traves-de-su-legado\/","robots":"max-image-preview:large","keywords":"revista de ocio","webmasterTools":{"google-site-verification":"UA-38556648-1","msvalidate.01":"7dfe9f3f1b24437ab69f4f2559babe99","miscellaneous":""},"schema":{"@context":"https:\/\/schema.org","@graph":[{"@type":"BlogPosting","@id":"https:\/\/www.eldigitaldeasturias.com\/noticias\/ramon-carande-retorna-a-la-academia-de-la-historia-a-traves-de-su-legado\/#blogposting","name":"Ram\u00f3n Carande retorna a la Academia de la Historia a trav\u00e9s de su legado - El Digital de Asturias","headline":"Ram\u00f3n Carande retorna a la Academia de la Historia a trav\u00e9s de su legado","author":{"@id":"https:\/\/www.eldigitaldeasturias.com\/noticias\/author\/admin\/#author"},"publisher":{"@id":"https:\/\/www.eldigitaldeasturias.com\/noticias\/#organization"},"image":{"@type":"ImageObject","url":457008},"datePublished":"2013-12-03T00:32:50+01:00","dateModified":"2013-12-03T00:32:50+01:00","inLanguage":"es-ES","mainEntityOfPage":{"@id":"https:\/\/www.eldigitaldeasturias.com\/noticias\/ramon-carande-retorna-a-la-academia-de-la-historia-a-traves-de-su-legado\/#webpage"},"isPartOf":{"@id":"https:\/\/www.eldigitaldeasturias.com\/noticias\/ramon-carande-retorna-a-la-academia-de-la-historia-a-traves-de-su-legado\/#webpage"},"articleSection":"Revista de Ocio"},{"@type":"BreadcrumbList","@id":"https:\/\/www.eldigitaldeasturias.com\/noticias\/ramon-carande-retorna-a-la-academia-de-la-historia-a-traves-de-su-legado\/#breadcrumblist","itemListElement":[{"@type":"ListItem","@id":"https:\/\/www.eldigitaldeasturias.com\/noticias#listItem","position":1,"name":"Home","item":"https:\/\/www.eldigitaldeasturias.com\/noticias","nextItem":{"@type":"ListItem","@id":"https:\/\/www.eldigitaldeasturias.com\/noticias\/category\/revista-de-ocio\/#listItem","name":"Revista de Ocio"}},{"@type":"ListItem","@id":"https:\/\/www.eldigitaldeasturias.com\/noticias\/category\/revista-de-ocio\/#listItem","position":2,"name":"Revista de Ocio","item":"https:\/\/www.eldigitaldeasturias.com\/noticias\/category\/revista-de-ocio\/","nextItem":{"@type":"ListItem","@id":"https:\/\/www.eldigitaldeasturias.com\/noticias\/ramon-carande-retorna-a-la-academia-de-la-historia-a-traves-de-su-legado\/#listItem","name":"Ram\u00f3n Carande retorna a la Academia de la Historia a trav\u00e9s de su legado"},"previousItem":{"@type":"ListItem","@id":"https:\/\/www.eldigitaldeasturias.com\/noticias#listItem","name":"Home"}},{"@type":"ListItem","@id":"https:\/\/www.eldigitaldeasturias.com\/noticias\/ramon-carande-retorna-a-la-academia-de-la-historia-a-traves-de-su-legado\/#listItem","position":3,"name":"Ram\u00f3n Carande retorna a la Academia de la Historia a trav\u00e9s de su legado","previousItem":{"@type":"ListItem","@id":"https:\/\/www.eldigitaldeasturias.com\/noticias\/category\/revista-de-ocio\/#listItem","name":"Revista de Ocio"}}]},{"@type":"Organization","@id":"https:\/\/www.eldigitaldeasturias.com\/noticias\/#organization","name":"El Digital de Asturias","description":"Hemeroteca","url":"https:\/\/www.eldigitaldeasturias.com\/noticias\/","email":"info@eldigitaldeasturias.com","telephone":"+34652131393","logo":{"@type":"ImageObject","url":"https:\/\/www.eldigitaldeasturias.com\/noticias\/wp-content\/uploads\/2020\/12\/EDA.jpg","@id":"https:\/\/www.eldigitaldeasturias.com\/noticias\/ramon-carande-retorna-a-la-academia-de-la-historia-a-traves-de-su-legado\/#organizationLogo"},"image":{"@id":"https:\/\/www.eldigitaldeasturias.com\/noticias\/ramon-carande-retorna-a-la-academia-de-la-historia-a-traves-de-su-legado\/#organizationLogo"},"sameAs":["https:\/\/facebook.com\/eldigitaldeasturias","https:\/\/www.youtube.com\/channel\/UCZP-2wLEB9Rv6erhFmqVnvg"],"address":{"@id":"https:\/\/www.eldigitaldeasturias.com\/noticias\/#postaladdress","@type":"PostalAddress","streetAddress":"san antonio 4","postalCode":"33430","addressLocality":"Cand\u00e1s","addressRegion":"Asturias","addressCountry":"ES"}},{"@type":"Person","@id":"https:\/\/www.eldigitaldeasturias.com\/noticias\/author\/admin\/#author","url":"https:\/\/www.eldigitaldeasturias.com\/noticias\/author\/admin\/","name":"El Digital de Asturias","image":{"@type":"ImageObject","@id":"https:\/\/www.eldigitaldeasturias.com\/noticias\/ramon-carande-retorna-a-la-academia-de-la-historia-a-traves-de-su-legado\/#authorImage","url":"https:\/\/secure.gravatar.com\/avatar\/df2aeffc32bcd13f8d26072ef8a91b623d677766deac7f97ca815868cd41bf5e?s=96&d=mm&r=g","width":96,"height":96,"caption":"El Digital de Asturias"}},{"@type":"WebPage","@id":"https:\/\/www.eldigitaldeasturias.com\/noticias\/ramon-carande-retorna-a-la-academia-de-la-historia-a-traves-de-su-legado\/#webpage","url":"https:\/\/www.eldigitaldeasturias.com\/noticias\/ramon-carande-retorna-a-la-academia-de-la-historia-a-traves-de-su-legado\/","name":"Ram\u00f3n Carande retorna a la Academia de la Historia a trav\u00e9s de su legado - El Digital de Asturias","description":"Valladolid, 2 dic (EFE).- Ram\u00f3n Carande (1887-1986), casi cien a\u00f1os de vida para ser testigo de dos de los siglos m\u00e1s convulsos y agitados de la historia moderna y contempor\u00e1nea de Espa\u00f1a, retornar\u00e1 en breve a la Real Academia de la Historia a trav\u00e9s de su legado documental: cientos de documentos cedidos por tres nietos","inLanguage":"es-ES","isPartOf":{"@id":"https:\/\/www.eldigitaldeasturias.com\/noticias\/#website"},"breadcrumb":{"@id":"https:\/\/www.eldigitaldeasturias.com\/noticias\/ramon-carande-retorna-a-la-academia-de-la-historia-a-traves-de-su-legado\/#breadcrumblist"},"author":{"@id":"https:\/\/www.eldigitaldeasturias.com\/noticias\/author\/admin\/#author"},"creator":{"@id":"https:\/\/www.eldigitaldeasturias.com\/noticias\/author\/admin\/#author"},"image":{"@type":"ImageObject","url":457008,"@id":"https:\/\/www.eldigitaldeasturias.com\/noticias\/ramon-carande-retorna-a-la-academia-de-la-historia-a-traves-de-su-legado\/#mainImage"},"primaryImageOfPage":{"@id":"https:\/\/www.eldigitaldeasturias.com\/noticias\/ramon-carande-retorna-a-la-academia-de-la-historia-a-traves-de-su-legado\/#mainImage"},"datePublished":"2013-12-03T00:32:50+01:00","dateModified":"2013-12-03T00:32:50+01:00"},{"@type":"WebSite","@id":"https:\/\/www.eldigitaldeasturias.com\/noticias\/#website","url":"https:\/\/www.eldigitaldeasturias.com\/noticias\/","name":"El Digital de Asturias - Diario de actualidad y noticias","alternateName":"El Digital de Asturias - Diario de actualidad y noticias","description":"Hemeroteca","inLanguage":"es-ES","publisher":{"@id":"https:\/\/www.eldigitaldeasturias.com\/noticias\/#organization"}}]},"og:locale":"es_ES","og:site_name":"El Digital de Asturias","og:type":"article","og:title":"Ram\u00f3n Carande retorna a la Academia de la Historia a trav\u00e9s de su legado - El Digital de Asturias","og:description":"Valladolid, 2 dic (EFE).- Ram\u00f3n Carande (1887-1986), casi cien a\u00f1os de vida para ser testigo de dos de los siglos m\u00e1s convulsos y agitados de la historia moderna y contempor\u00e1nea de Espa\u00f1a, retornar\u00e1 en breve a la Real Academia de la Historia a trav\u00e9s de su legado documental: cientos de documentos cedidos por tres nietos","og:url":"https:\/\/www.eldigitaldeasturias.com\/noticias\/ramon-carande-retorna-a-la-academia-de-la-historia-a-traves-de-su-legado\/","article:tag":["revista de ocio"],"article:published_time":"2013-12-03T01:32:50+00:00","article:modified_time":"2013-12-03T01:32:50+00:00","article:publisher":"https:\/\/facebook.com\/eldigitaldeasturias","twitter:card":"summary_large_image","twitter:title":"Ram\u00f3n Carande retorna a la Academia de la Historia a trav\u00e9s de su legado - El Digital de Asturias","twitter:description":"Valladolid, 2 dic (EFE).- Ram\u00f3n Carande (1887-1986), casi cien a\u00f1os de vida para ser testigo de dos de los siglos m\u00e1s convulsos y agitados de la historia moderna y contempor\u00e1nea de Espa\u00f1a, retornar\u00e1 en breve a la Real Academia de la Historia a trav\u00e9s de su legado documental: cientos de documentos cedidos por tres nietos","twitter:label1":"Escrito por","twitter:data1":"El Digital de Asturias","twitter:label2":"Tiempo de lectura estimado","twitter:data2":"3 minutos"},"aioseo_meta_data":{"post_id":"457007","title":null,"description":null,"keywords":null,"keyphrases":null,"primary_term":null,"canonical_url":null,"og_title":null,"og_description":null,"og_object_type":"default","og_image_type":"default","og_image_url":null,"og_image_width":null,"og_image_height":null,"og_image_custom_url":null,"og_image_custom_fields":null,"og_video":null,"og_custom_url":null,"og_article_section":null,"og_article_tags":null,"twitter_use_og":true,"twitter_card":"default","twitter_image_type":"default","twitter_image_url":null,"twitter_image_custom_url":null,"twitter_image_custom_fields":null,"twitter_title":null,"twitter_description":null,"schema":{"blockGraphs":[],"customGraphs":[],"default":{"data":{"Article":[],"Course":[],"Dataset":[],"FAQPage":[],"Movie":[],"Person":[],"Product":[],"ProductReview":[],"Car":[],"Recipe":[],"Service":[],"SoftwareApplication":[],"WebPage":[]},"graphName":"","isEnabled":true},"graphs":[],"defaultGraph":"","defaultPostTypeGraph":""},"schema_type":null,"schema_type_options":null,"pillar_content":false,"robots_default":true,"robots_noindex":false,"robots_noarchive":false,"robots_nosnippet":false,"robots_nofollow":false,"robots_noimageindex":false,"robots_noodp":false,"robots_notranslate":false,"robots_max_snippet":null,"robots_max_videopreview":null,"robots_max_imagepreview":"none","priority":null,"frequency":null,"local_seo":null,"seo_analyzer_scan_date":"2026-05-29 23:56:59","breadcrumb_settings":null,"limit_modified_date":false,"open_ai":null,"ai":null,"created":"2020-11-14 22:46:04","updated":"2026-05-29 23:56:59","focus_keyword":null,"additional_keywords":null,"truseo_locale":null},"aioseo_breadcrumb":"<div class=\"aioseo-breadcrumbs\"><span class=\"aioseo-breadcrumb\">\n\t<a href=\"https:\/\/www.eldigitaldeasturias.com\/noticias\" title=\"Home\">Home<\/a>\n<\/span><span class=\"aioseo-breadcrumb-separator\">\u2013<\/span><span class=\"aioseo-breadcrumb\">\n\t<a href=\"https:\/\/www.eldigitaldeasturias.com\/noticias\/category\/revista-de-ocio\/\" title=\"Revista de Ocio\">Revista de Ocio<\/a>\n<\/span><span class=\"aioseo-breadcrumb-separator\">\u2013<\/span><span class=\"aioseo-breadcrumb\">\n\t<a href=\"https:\/\/www.eldigitaldeasturias.com\/noticias\/ramon-carande-retorna-a-la-academia-de-la-historia-a-traves-de-su-legado\/\" title=\"Ram\u00f3n Carande retorna a la Academia de la Historia a trav\u00e9s de su legado\">Ram\u00f3n Carande retorna a la Academia de la Historia a trav\u00e9s de su legado<\/a>\n<\/span><\/div>","aioseo_breadcrumb_json":[{"label":"Home","link":"https:\/\/www.eldigitaldeasturias.com\/noticias"},{"label":"Revista de Ocio","link":"https:\/\/www.eldigitaldeasturias.com\/noticias\/category\/revista-de-ocio\/"},{"label":"Ram\u00f3n Carande retorna a la Academia de la Historia a trav\u00e9s de su legado","link":"https:\/\/www.eldigitaldeasturias.com\/noticias\/ramon-carande-retorna-a-la-academia-de-la-historia-a-traves-de-su-legado\/"}],"_links":{"self":[{"href":"https:\/\/www.eldigitaldeasturias.com\/noticias\/wp-json\/wp\/v2\/posts\/457007","targetHints":{"allow":["GET"]}}],"collection":[{"href":"https:\/\/www.eldigitaldeasturias.com\/noticias\/wp-json\/wp\/v2\/posts"}],"about":[{"href":"https:\/\/www.eldigitaldeasturias.com\/noticias\/wp-json\/wp\/v2\/types\/post"}],"author":[{"embeddable":true,"href":"https:\/\/www.eldigitaldeasturias.com\/noticias\/wp-json\/wp\/v2\/users\/1"}],"replies":[{"embeddable":true,"href":"https:\/\/www.eldigitaldeasturias.com\/noticias\/wp-json\/wp\/v2\/comments?post=457007"}],"version-history":[{"count":0,"href":"https:\/\/www.eldigitaldeasturias.com\/noticias\/wp-json\/wp\/v2\/posts\/457007\/revisions"}],"wp:attachment":[{"href":"https:\/\/www.eldigitaldeasturias.com\/noticias\/wp-json\/wp\/v2\/media?parent=457007"}],"wp:term":[{"taxonomy":"category","embeddable":true,"href":"https:\/\/www.eldigitaldeasturias.com\/noticias\/wp-json\/wp\/v2\/categories?post=457007"},{"taxonomy":"post_tag","embeddable":true,"href":"https:\/\/www.eldigitaldeasturias.com\/noticias\/wp-json\/wp\/v2\/tags?post=457007"}],"curies":[{"name":"wp","href":"https:\/\/api.w.org\/{rel}","templated":true}]}}