{"id":456983,"date":"2013-12-03T00:18:49","date_gmt":"2013-12-03T01:18:49","guid":{"rendered":"http:\/\/www.eldigitaldeasturias.com\/noticias\/?p=456983"},"modified":"2013-12-03T00:18:49","modified_gmt":"2013-12-03T01:18:49","slug":"el-sueno-de-la-razon-gana-el-festival-de-teatro-don-quijote-de-paris","status":"publish","type":"post","link":"https:\/\/www.eldigitaldeasturias.com\/noticias\/el-sueno-de-la-razon-gana-el-festival-de-teatro-don-quijote-de-paris\/","title":{"rendered":"\u00abEl sue\u00f1o de la raz\u00f3n\u00bb gana el festival de teatro Don Quijote de Par\u00eds"},"content":{"rendered":"<p><img loading=\"lazy\" decoding=\"async\" class=\"alignleft size-medium wp-image-456984\" alt=\"5766667w\" src=\"https:\/\/www.eldigitaldeasturias.com\/noticias\/wp-content\/uploads\/2013\/12\/5766667w-360x236.jpg\" width=\"360\" height=\"236\" \/>Par\u00eds, 2 dic (EFE).- El montaje de la Compa\u00f1\u00eda Ferroviaria \u00abEl sue\u00f1o de la raz\u00f3n\u00bb se alz\u00f3 con el Premio del P\u00fablico en la vig\u00e9simo segunda edici\u00f3n del Festival Don Quijote en Par\u00eds, inform\u00f3 hoy la direcci\u00f3n del festival en un comunicado.<\/p>\n<p>\u00abEl sue\u00f1o de la Raz\u00f3n\u00bb es una adaptaci\u00f3n de Paco Maci\u00e0 del texto que estren\u00f3 en 1970 Buero Vallejo y que pone sobre las tablas las \u00faltimas semanas que pas\u00f3 en Madrid el pintor Francisco de Goya (1746-1828), justo antes de exiliarse en Francia, donde vivi\u00f3 desde 1824 hasta su muerte.<\/p>\n<p>A trav\u00e9s de los conflictos sociales, pol\u00edticos y metaf\u00edsicos de la \u00e9poca y del artista aragon\u00e9s, Buero Vallejo elabor\u00f3 una obra de profunda cr\u00edtica social y s\u00e1tira de la que el autor se sirvi\u00f3 para denunciar, al mismo tiempo, la censura franquista.<\/p>\n<p>La Compa\u00f1\u00eda Ferroviaria de Artes Esc\u00e9nicas naci\u00f3 hace m\u00e1s de veinte a\u00f1os en Barcelona para proseguir sus andanzas en Murcia, desde donde trabaja actualmente.<\/p>\n<p>Hace un a\u00f1o empez\u00f3 a representar a Goya, al que deja junto a los dem\u00e1s personajes sobre un escenario desnudo en el que la atm\u00f3sfera se crea a trav\u00e9s de los cambios de iluminaci\u00f3n.<\/p>\n<p>La 22\u00ba edici\u00f3n del festival teatral Don Quijote, que concluy\u00f3 el pasado 30 de noviembre, volvi\u00f3 a la plaza de la Bastilla donde el Caf\u00e9 de la Danse vendi\u00f3 todas las entradas de cada uno de los nueve espect\u00e1culos participantes.<\/p>\n<p>Otras compa\u00f1\u00edas presentes fueron la Compa\u00f1\u00eda Nacional de Teatro Cl\u00e1sico, Uroc Teatro, A Priori, T de Teatre o el Centro Dram\u00e1tico Nacional.<\/p>\n<p>Esta \u00faltima present\u00f3 \u00abAtlas de geograf\u00eda humana\u00bb una adaptaci\u00f3n de Luis Garc\u00eda-Araus de la creaci\u00f3n de la escritora Almudena Grandes, que protagoniz\u00f3 adem\u00e1s un encuentro con el p\u00fablico previo a la representaci\u00f3n de la obra.<\/p>\n","protected":false},"excerpt":{"rendered":"<p>Par\u00eds, 2 dic (EFE).- El montaje de la Compa\u00f1\u00eda Ferroviaria \u00abEl sue\u00f1o de la raz\u00f3n\u00bb se alz\u00f3 con el Premio del P\u00fablico en la vig\u00e9simo segunda edici\u00f3n del Festival Don Quijote en Par\u00eds, inform\u00f3 hoy la direcci\u00f3n del festival en un comunicado. \u00abEl sue\u00f1o de la Raz\u00f3n\u00bb es una adaptaci\u00f3n de Paco Maci\u00e0 del texto [&hellip;]<\/p>\n","protected":false},"author":1,"featured_media":456984,"comment_status":"closed","ping_status":"open","sticky":false,"template":"","format":"standard","meta":{"footnotes":""},"categories":[50],"tags":[],"class_list":["post-456983","post","type-post","status-publish","format-standard","has-post-thumbnail","hentry","category-revista-de-ocio"],"aioseo_notices":[],"aioseo_head":"\n\t\t<!-- All in One SEO Pro 5.0.1 - aioseo.com -->\n\t<meta name=\"description\" content=\"Par\u00eds, 2 dic (EFE).- El montaje de la Compa\u00f1\u00eda Ferroviaria &quot;El sue\u00f1o de la raz\u00f3n&quot; se alz\u00f3 con el Premio del P\u00fablico en la vig\u00e9simo segunda edici\u00f3n del Festival Don Quijote en Par\u00eds, inform\u00f3 hoy la direcci\u00f3n del festival en un comunicado. &quot;El sue\u00f1o de la Raz\u00f3n&quot; es una adaptaci\u00f3n de Paco Maci\u00e0 del texto\" \/>\n\t<meta name=\"robots\" content=\"max-image-preview:large\" \/>\n\t<meta name=\"author\" content=\"El Digital de Asturias\"\/>\n\t<meta name=\"google-site-verification\" content=\"UA-38556648-1\" \/>\n\t<meta name=\"msvalidate.01\" content=\"7dfe9f3f1b24437ab69f4f2559babe99\" \/>\n\t<meta name=\"keywords\" content=\"revista de ocio\" \/>\n\t<link rel=\"canonical\" href=\"https:\/\/www.eldigitaldeasturias.com\/noticias\/el-sueno-de-la-razon-gana-el-festival-de-teatro-don-quijote-de-paris\/\" \/>\n\t<meta name=\"generator\" content=\"All in One SEO Pro (AIOSEO) 5.0.1\" \/>\n\t\t<meta property=\"og:locale\" content=\"es_ES\" \/>\n\t\t<meta property=\"og:site_name\" content=\"El Digital de Asturias\" \/>\n\t\t<meta property=\"og:type\" content=\"article\" \/>\n\t\t<meta property=\"og:title\" content=\"\u00abEl sue\u00f1o de la raz\u00f3n\u00bb gana el festival de teatro Don Quijote de Par\u00eds - El Digital de Asturias\" \/>\n\t\t<meta property=\"og:description\" content=\"Par\u00eds, 2 dic (EFE).- El montaje de la Compa\u00f1\u00eda Ferroviaria &quot;El sue\u00f1o de la raz\u00f3n&quot; se alz\u00f3 con el Premio del P\u00fablico en la vig\u00e9simo segunda edici\u00f3n del Festival Don Quijote en Par\u00eds, inform\u00f3 hoy la direcci\u00f3n del festival en un comunicado. &quot;El sue\u00f1o de la Raz\u00f3n&quot; es una adaptaci\u00f3n de Paco Maci\u00e0 del texto\" \/>\n\t\t<meta property=\"og:url\" content=\"https:\/\/www.eldigitaldeasturias.com\/noticias\/el-sueno-de-la-razon-gana-el-festival-de-teatro-don-quijote-de-paris\/\" \/>\n\t\t<meta property=\"article:tag\" content=\"revista de ocio\" \/>\n\t\t<meta property=\"article:published_time\" content=\"2013-12-03T01:18:49+00:00\" \/>\n\t\t<meta property=\"article:modified_time\" content=\"2013-12-03T01:18:49+00:00\" \/>\n\t\t<meta property=\"article:publisher\" content=\"https:\/\/facebook.com\/eldigitaldeasturias\" \/>\n\t\t<meta name=\"twitter:card\" content=\"summary_large_image\" \/>\n\t\t<meta name=\"twitter:title\" content=\"\u00abEl sue\u00f1o de la raz\u00f3n\u00bb gana el festival de teatro Don Quijote de Par\u00eds - El Digital de Asturias\" \/>\n\t\t<meta name=\"twitter:description\" content=\"Par\u00eds, 2 dic (EFE).- El montaje de la Compa\u00f1\u00eda Ferroviaria &quot;El sue\u00f1o de la raz\u00f3n&quot; se alz\u00f3 con el Premio del P\u00fablico en la vig\u00e9simo segunda edici\u00f3n del Festival Don Quijote en Par\u00eds, inform\u00f3 hoy la direcci\u00f3n del festival en un comunicado. &quot;El sue\u00f1o de la Raz\u00f3n&quot; es una adaptaci\u00f3n de Paco Maci\u00e0 del texto\" \/>\n\t\t<meta name=\"twitter:label1\" content=\"Escrito por\" \/>\n\t\t<meta name=\"twitter:data1\" content=\"El Digital de Asturias\" \/>\n\t\t<meta name=\"twitter:label2\" content=\"Tiempo de lectura estimado\" \/>\n\t\t<meta name=\"twitter:data2\" content=\"2 minutos\" \/>\n\t\t<script type=\"application\/ld+json\" class=\"aioseo-schema\">\n\t\t\t{\"@context\":\"https:\\\/\\\/schema.org\",\"@graph\":[{\"@type\":\"BlogPosting\",\"@id\":\"https:\\\/\\\/www.eldigitaldeasturias.com\\\/noticias\\\/el-sueno-de-la-razon-gana-el-festival-de-teatro-don-quijote-de-paris\\\/#blogposting\",\"name\":\"\\u00abEl sue\\u00f1o de la raz\\u00f3n\\u00bb gana el festival de teatro Don Quijote de Par\\u00eds - El Digital de Asturias\",\"headline\":\"\\u00abEl sue\\u00f1o de la raz\\u00f3n\\u00bb gana el festival de teatro Don Quijote de Par\\u00eds\",\"author\":{\"@id\":\"https:\\\/\\\/www.eldigitaldeasturias.com\\\/noticias\\\/author\\\/admin\\\/#author\"},\"publisher\":{\"@id\":\"https:\\\/\\\/www.eldigitaldeasturias.com\\\/noticias\\\/#organization\"},\"image\":{\"@type\":\"ImageObject\",\"url\":456984},\"datePublished\":\"2013-12-03T00:18:49+01:00\",\"dateModified\":\"2013-12-03T00:18:49+01:00\",\"inLanguage\":\"es-ES\",\"mainEntityOfPage\":{\"@id\":\"https:\\\/\\\/www.eldigitaldeasturias.com\\\/noticias\\\/el-sueno-de-la-razon-gana-el-festival-de-teatro-don-quijote-de-paris\\\/#webpage\"},\"isPartOf\":{\"@id\":\"https:\\\/\\\/www.eldigitaldeasturias.com\\\/noticias\\\/el-sueno-de-la-razon-gana-el-festival-de-teatro-don-quijote-de-paris\\\/#webpage\"},\"articleSection\":\"Revista de Ocio\"},{\"@type\":\"BreadcrumbList\",\"@id\":\"https:\\\/\\\/www.eldigitaldeasturias.com\\\/noticias\\\/el-sueno-de-la-razon-gana-el-festival-de-teatro-don-quijote-de-paris\\\/#breadcrumblist\",\"itemListElement\":[{\"@type\":\"ListItem\",\"@id\":\"https:\\\/\\\/www.eldigitaldeasturias.com\\\/noticias#listItem\",\"position\":1,\"name\":\"Home\",\"item\":\"https:\\\/\\\/www.eldigitaldeasturias.com\\\/noticias\",\"nextItem\":{\"@type\":\"ListItem\",\"@id\":\"https:\\\/\\\/www.eldigitaldeasturias.com\\\/noticias\\\/category\\\/revista-de-ocio\\\/#listItem\",\"name\":\"Revista de Ocio\"}},{\"@type\":\"ListItem\",\"@id\":\"https:\\\/\\\/www.eldigitaldeasturias.com\\\/noticias\\\/category\\\/revista-de-ocio\\\/#listItem\",\"position\":2,\"name\":\"Revista de Ocio\",\"item\":\"https:\\\/\\\/www.eldigitaldeasturias.com\\\/noticias\\\/category\\\/revista-de-ocio\\\/\",\"nextItem\":{\"@type\":\"ListItem\",\"@id\":\"https:\\\/\\\/www.eldigitaldeasturias.com\\\/noticias\\\/el-sueno-de-la-razon-gana-el-festival-de-teatro-don-quijote-de-paris\\\/#listItem\",\"name\":\"\\u00abEl sue\\u00f1o de la raz\\u00f3n\\u00bb gana el festival de teatro Don Quijote de Par\\u00eds\"},\"previousItem\":{\"@type\":\"ListItem\",\"@id\":\"https:\\\/\\\/www.eldigitaldeasturias.com\\\/noticias#listItem\",\"name\":\"Home\"}},{\"@type\":\"ListItem\",\"@id\":\"https:\\\/\\\/www.eldigitaldeasturias.com\\\/noticias\\\/el-sueno-de-la-razon-gana-el-festival-de-teatro-don-quijote-de-paris\\\/#listItem\",\"position\":3,\"name\":\"\\u00abEl sue\\u00f1o de la raz\\u00f3n\\u00bb gana el festival de teatro Don Quijote de Par\\u00eds\",\"previousItem\":{\"@type\":\"ListItem\",\"@id\":\"https:\\\/\\\/www.eldigitaldeasturias.com\\\/noticias\\\/category\\\/revista-de-ocio\\\/#listItem\",\"name\":\"Revista de Ocio\"}}]},{\"@type\":\"Organization\",\"@id\":\"https:\\\/\\\/www.eldigitaldeasturias.com\\\/noticias\\\/#organization\",\"name\":\"El Digital de Asturias\",\"description\":\"Hemeroteca\",\"url\":\"https:\\\/\\\/www.eldigitaldeasturias.com\\\/noticias\\\/\",\"email\":\"info@eldigitaldeasturias.com\",\"telephone\":\"+34652131393\",\"logo\":{\"@type\":\"ImageObject\",\"url\":\"https:\\\/\\\/www.eldigitaldeasturias.com\\\/noticias\\\/wp-content\\\/uploads\\\/2020\\\/12\\\/EDA.jpg\",\"@id\":\"https:\\\/\\\/www.eldigitaldeasturias.com\\\/noticias\\\/el-sueno-de-la-razon-gana-el-festival-de-teatro-don-quijote-de-paris\\\/#organizationLogo\"},\"image\":{\"@id\":\"https:\\\/\\\/www.eldigitaldeasturias.com\\\/noticias\\\/el-sueno-de-la-razon-gana-el-festival-de-teatro-don-quijote-de-paris\\\/#organizationLogo\"},\"sameAs\":[\"https:\\\/\\\/facebook.com\\\/eldigitaldeasturias\",\"https:\\\/\\\/www.youtube.com\\\/channel\\\/UCZP-2wLEB9Rv6erhFmqVnvg\"],\"address\":{\"@id\":\"https:\\\/\\\/www.eldigitaldeasturias.com\\\/noticias\\\/#postaladdress\",\"@type\":\"PostalAddress\",\"streetAddress\":\"san antonio 4\",\"postalCode\":\"33430\",\"addressLocality\":\"Cand\\u00e1s\",\"addressRegion\":\"Asturias\",\"addressCountry\":\"ES\"}},{\"@type\":\"Person\",\"@id\":\"https:\\\/\\\/www.eldigitaldeasturias.com\\\/noticias\\\/author\\\/admin\\\/#author\",\"url\":\"https:\\\/\\\/www.eldigitaldeasturias.com\\\/noticias\\\/author\\\/admin\\\/\",\"name\":\"El Digital de Asturias\",\"image\":{\"@type\":\"ImageObject\",\"@id\":\"https:\\\/\\\/www.eldigitaldeasturias.com\\\/noticias\\\/el-sueno-de-la-razon-gana-el-festival-de-teatro-don-quijote-de-paris\\\/#authorImage\",\"url\":\"https:\\\/\\\/secure.gravatar.com\\\/avatar\\\/df2aeffc32bcd13f8d26072ef8a91b623d677766deac7f97ca815868cd41bf5e?s=96&d=mm&r=g\",\"width\":96,\"height\":96,\"caption\":\"El Digital de Asturias\"}},{\"@type\":\"WebPage\",\"@id\":\"https:\\\/\\\/www.eldigitaldeasturias.com\\\/noticias\\\/el-sueno-de-la-razon-gana-el-festival-de-teatro-don-quijote-de-paris\\\/#webpage\",\"url\":\"https:\\\/\\\/www.eldigitaldeasturias.com\\\/noticias\\\/el-sueno-de-la-razon-gana-el-festival-de-teatro-don-quijote-de-paris\\\/\",\"name\":\"\\u00abEl sue\\u00f1o de la raz\\u00f3n\\u00bb gana el festival de teatro Don Quijote de Par\\u00eds - El Digital de Asturias\",\"description\":\"Par\\u00eds, 2 dic (EFE).- El montaje de la Compa\\u00f1\\u00eda Ferroviaria \\\"El sue\\u00f1o de la raz\\u00f3n\\\" se alz\\u00f3 con el Premio del P\\u00fablico en la vig\\u00e9simo segunda edici\\u00f3n del Festival Don Quijote en Par\\u00eds, inform\\u00f3 hoy la direcci\\u00f3n del festival en un comunicado. \\\"El sue\\u00f1o de la Raz\\u00f3n\\\" es una adaptaci\\u00f3n de Paco Maci\\u00e0 del texto\",\"inLanguage\":\"es-ES\",\"isPartOf\":{\"@id\":\"https:\\\/\\\/www.eldigitaldeasturias.com\\\/noticias\\\/#website\"},\"breadcrumb\":{\"@id\":\"https:\\\/\\\/www.eldigitaldeasturias.com\\\/noticias\\\/el-sueno-de-la-razon-gana-el-festival-de-teatro-don-quijote-de-paris\\\/#breadcrumblist\"},\"author\":{\"@id\":\"https:\\\/\\\/www.eldigitaldeasturias.com\\\/noticias\\\/author\\\/admin\\\/#author\"},\"creator\":{\"@id\":\"https:\\\/\\\/www.eldigitaldeasturias.com\\\/noticias\\\/author\\\/admin\\\/#author\"},\"image\":{\"@type\":\"ImageObject\",\"url\":456984,\"@id\":\"https:\\\/\\\/www.eldigitaldeasturias.com\\\/noticias\\\/el-sueno-de-la-razon-gana-el-festival-de-teatro-don-quijote-de-paris\\\/#mainImage\"},\"primaryImageOfPage\":{\"@id\":\"https:\\\/\\\/www.eldigitaldeasturias.com\\\/noticias\\\/el-sueno-de-la-razon-gana-el-festival-de-teatro-don-quijote-de-paris\\\/#mainImage\"},\"datePublished\":\"2013-12-03T00:18:49+01:00\",\"dateModified\":\"2013-12-03T00:18:49+01:00\"},{\"@type\":\"WebSite\",\"@id\":\"https:\\\/\\\/www.eldigitaldeasturias.com\\\/noticias\\\/#website\",\"url\":\"https:\\\/\\\/www.eldigitaldeasturias.com\\\/noticias\\\/\",\"name\":\"El Digital de Asturias - Diario de actualidad y noticias\",\"alternateName\":\"El Digital de Asturias - Diario de actualidad y noticias\",\"description\":\"Hemeroteca\",\"inLanguage\":\"es-ES\",\"publisher\":{\"@id\":\"https:\\\/\\\/www.eldigitaldeasturias.com\\\/noticias\\\/#organization\"}}]}\n\t\t<\/script>\n\t\t<!-- All in One SEO Pro -->\r\n\t\t<title>\u00abEl sue\u00f1o de la raz\u00f3n\u00bb gana el festival de teatro Don Quijote de Par\u00eds - El Digital de Asturias<\/title>\n\n","aioseo_head_json":{"title":"\u00abEl sue\u00f1o de la raz\u00f3n\u00bb gana el festival de teatro Don Quijote de Par\u00eds - El Digital de Asturias","description":"Par\u00eds, 2 dic (EFE).- El montaje de la Compa\u00f1\u00eda Ferroviaria \"El sue\u00f1o de la raz\u00f3n\" se alz\u00f3 con el Premio del P\u00fablico en la vig\u00e9simo segunda edici\u00f3n del Festival Don Quijote en Par\u00eds, inform\u00f3 hoy la direcci\u00f3n del festival en un comunicado. \"El sue\u00f1o de la Raz\u00f3n\" es una adaptaci\u00f3n de Paco Maci\u00e0 del texto","canonical_url":"https:\/\/www.eldigitaldeasturias.com\/noticias\/el-sueno-de-la-razon-gana-el-festival-de-teatro-don-quijote-de-paris\/","robots":"max-image-preview:large","keywords":"revista de ocio","webmasterTools":{"google-site-verification":"UA-38556648-1","msvalidate.01":"7dfe9f3f1b24437ab69f4f2559babe99","miscellaneous":""},"schema":{"@context":"https:\/\/schema.org","@graph":[{"@type":"BlogPosting","@id":"https:\/\/www.eldigitaldeasturias.com\/noticias\/el-sueno-de-la-razon-gana-el-festival-de-teatro-don-quijote-de-paris\/#blogposting","name":"\u00abEl sue\u00f1o de la raz\u00f3n\u00bb gana el festival de teatro Don Quijote de Par\u00eds - El Digital de Asturias","headline":"\u00abEl sue\u00f1o de la raz\u00f3n\u00bb gana el festival de teatro Don Quijote de Par\u00eds","author":{"@id":"https:\/\/www.eldigitaldeasturias.com\/noticias\/author\/admin\/#author"},"publisher":{"@id":"https:\/\/www.eldigitaldeasturias.com\/noticias\/#organization"},"image":{"@type":"ImageObject","url":456984},"datePublished":"2013-12-03T00:18:49+01:00","dateModified":"2013-12-03T00:18:49+01:00","inLanguage":"es-ES","mainEntityOfPage":{"@id":"https:\/\/www.eldigitaldeasturias.com\/noticias\/el-sueno-de-la-razon-gana-el-festival-de-teatro-don-quijote-de-paris\/#webpage"},"isPartOf":{"@id":"https:\/\/www.eldigitaldeasturias.com\/noticias\/el-sueno-de-la-razon-gana-el-festival-de-teatro-don-quijote-de-paris\/#webpage"},"articleSection":"Revista de Ocio"},{"@type":"BreadcrumbList","@id":"https:\/\/www.eldigitaldeasturias.com\/noticias\/el-sueno-de-la-razon-gana-el-festival-de-teatro-don-quijote-de-paris\/#breadcrumblist","itemListElement":[{"@type":"ListItem","@id":"https:\/\/www.eldigitaldeasturias.com\/noticias#listItem","position":1,"name":"Home","item":"https:\/\/www.eldigitaldeasturias.com\/noticias","nextItem":{"@type":"ListItem","@id":"https:\/\/www.eldigitaldeasturias.com\/noticias\/category\/revista-de-ocio\/#listItem","name":"Revista de Ocio"}},{"@type":"ListItem","@id":"https:\/\/www.eldigitaldeasturias.com\/noticias\/category\/revista-de-ocio\/#listItem","position":2,"name":"Revista de Ocio","item":"https:\/\/www.eldigitaldeasturias.com\/noticias\/category\/revista-de-ocio\/","nextItem":{"@type":"ListItem","@id":"https:\/\/www.eldigitaldeasturias.com\/noticias\/el-sueno-de-la-razon-gana-el-festival-de-teatro-don-quijote-de-paris\/#listItem","name":"\u00abEl sue\u00f1o de la raz\u00f3n\u00bb gana el festival de teatro Don Quijote de Par\u00eds"},"previousItem":{"@type":"ListItem","@id":"https:\/\/www.eldigitaldeasturias.com\/noticias#listItem","name":"Home"}},{"@type":"ListItem","@id":"https:\/\/www.eldigitaldeasturias.com\/noticias\/el-sueno-de-la-razon-gana-el-festival-de-teatro-don-quijote-de-paris\/#listItem","position":3,"name":"\u00abEl sue\u00f1o de la raz\u00f3n\u00bb gana el festival de teatro Don Quijote de Par\u00eds","previousItem":{"@type":"ListItem","@id":"https:\/\/www.eldigitaldeasturias.com\/noticias\/category\/revista-de-ocio\/#listItem","name":"Revista de Ocio"}}]},{"@type":"Organization","@id":"https:\/\/www.eldigitaldeasturias.com\/noticias\/#organization","name":"El Digital de Asturias","description":"Hemeroteca","url":"https:\/\/www.eldigitaldeasturias.com\/noticias\/","email":"info@eldigitaldeasturias.com","telephone":"+34652131393","logo":{"@type":"ImageObject","url":"https:\/\/www.eldigitaldeasturias.com\/noticias\/wp-content\/uploads\/2020\/12\/EDA.jpg","@id":"https:\/\/www.eldigitaldeasturias.com\/noticias\/el-sueno-de-la-razon-gana-el-festival-de-teatro-don-quijote-de-paris\/#organizationLogo"},"image":{"@id":"https:\/\/www.eldigitaldeasturias.com\/noticias\/el-sueno-de-la-razon-gana-el-festival-de-teatro-don-quijote-de-paris\/#organizationLogo"},"sameAs":["https:\/\/facebook.com\/eldigitaldeasturias","https:\/\/www.youtube.com\/channel\/UCZP-2wLEB9Rv6erhFmqVnvg"],"address":{"@id":"https:\/\/www.eldigitaldeasturias.com\/noticias\/#postaladdress","@type":"PostalAddress","streetAddress":"san antonio 4","postalCode":"33430","addressLocality":"Cand\u00e1s","addressRegion":"Asturias","addressCountry":"ES"}},{"@type":"Person","@id":"https:\/\/www.eldigitaldeasturias.com\/noticias\/author\/admin\/#author","url":"https:\/\/www.eldigitaldeasturias.com\/noticias\/author\/admin\/","name":"El Digital de Asturias","image":{"@type":"ImageObject","@id":"https:\/\/www.eldigitaldeasturias.com\/noticias\/el-sueno-de-la-razon-gana-el-festival-de-teatro-don-quijote-de-paris\/#authorImage","url":"https:\/\/secure.gravatar.com\/avatar\/df2aeffc32bcd13f8d26072ef8a91b623d677766deac7f97ca815868cd41bf5e?s=96&d=mm&r=g","width":96,"height":96,"caption":"El Digital de Asturias"}},{"@type":"WebPage","@id":"https:\/\/www.eldigitaldeasturias.com\/noticias\/el-sueno-de-la-razon-gana-el-festival-de-teatro-don-quijote-de-paris\/#webpage","url":"https:\/\/www.eldigitaldeasturias.com\/noticias\/el-sueno-de-la-razon-gana-el-festival-de-teatro-don-quijote-de-paris\/","name":"\u00abEl sue\u00f1o de la raz\u00f3n\u00bb gana el festival de teatro Don Quijote de Par\u00eds - El Digital de Asturias","description":"Par\u00eds, 2 dic (EFE).- El montaje de la Compa\u00f1\u00eda Ferroviaria \"El sue\u00f1o de la raz\u00f3n\" se alz\u00f3 con el Premio del P\u00fablico en la vig\u00e9simo segunda edici\u00f3n del Festival Don Quijote en Par\u00eds, inform\u00f3 hoy la direcci\u00f3n del festival en un comunicado. \"El sue\u00f1o de la Raz\u00f3n\" es una adaptaci\u00f3n de Paco Maci\u00e0 del texto","inLanguage":"es-ES","isPartOf":{"@id":"https:\/\/www.eldigitaldeasturias.com\/noticias\/#website"},"breadcrumb":{"@id":"https:\/\/www.eldigitaldeasturias.com\/noticias\/el-sueno-de-la-razon-gana-el-festival-de-teatro-don-quijote-de-paris\/#breadcrumblist"},"author":{"@id":"https:\/\/www.eldigitaldeasturias.com\/noticias\/author\/admin\/#author"},"creator":{"@id":"https:\/\/www.eldigitaldeasturias.com\/noticias\/author\/admin\/#author"},"image":{"@type":"ImageObject","url":456984,"@id":"https:\/\/www.eldigitaldeasturias.com\/noticias\/el-sueno-de-la-razon-gana-el-festival-de-teatro-don-quijote-de-paris\/#mainImage"},"primaryImageOfPage":{"@id":"https:\/\/www.eldigitaldeasturias.com\/noticias\/el-sueno-de-la-razon-gana-el-festival-de-teatro-don-quijote-de-paris\/#mainImage"},"datePublished":"2013-12-03T00:18:49+01:00","dateModified":"2013-12-03T00:18:49+01:00"},{"@type":"WebSite","@id":"https:\/\/www.eldigitaldeasturias.com\/noticias\/#website","url":"https:\/\/www.eldigitaldeasturias.com\/noticias\/","name":"El Digital de Asturias - Diario de actualidad y noticias","alternateName":"El Digital de Asturias - Diario de actualidad y noticias","description":"Hemeroteca","inLanguage":"es-ES","publisher":{"@id":"https:\/\/www.eldigitaldeasturias.com\/noticias\/#organization"}}]},"og:locale":"es_ES","og:site_name":"El Digital de Asturias","og:type":"article","og:title":"\u00abEl sue\u00f1o de la raz\u00f3n\u00bb gana el festival de teatro Don Quijote de Par\u00eds - El Digital de Asturias","og:description":"Par\u00eds, 2 dic (EFE).- El montaje de la Compa\u00f1\u00eda Ferroviaria &quot;El sue\u00f1o de la raz\u00f3n&quot; se alz\u00f3 con el Premio del P\u00fablico en la vig\u00e9simo segunda edici\u00f3n del Festival Don Quijote en Par\u00eds, inform\u00f3 hoy la direcci\u00f3n del festival en un comunicado. &quot;El sue\u00f1o de la Raz\u00f3n&quot; es una adaptaci\u00f3n de Paco Maci\u00e0 del texto","og:url":"https:\/\/www.eldigitaldeasturias.com\/noticias\/el-sueno-de-la-razon-gana-el-festival-de-teatro-don-quijote-de-paris\/","article:tag":["revista de ocio"],"article:published_time":"2013-12-03T01:18:49+00:00","article:modified_time":"2013-12-03T01:18:49+00:00","article:publisher":"https:\/\/facebook.com\/eldigitaldeasturias","twitter:card":"summary_large_image","twitter:title":"\u00abEl sue\u00f1o de la raz\u00f3n\u00bb gana el festival de teatro Don Quijote de Par\u00eds - El Digital de Asturias","twitter:description":"Par\u00eds, 2 dic (EFE).- El montaje de la Compa\u00f1\u00eda Ferroviaria &quot;El sue\u00f1o de la raz\u00f3n&quot; se alz\u00f3 con el Premio del P\u00fablico en la vig\u00e9simo segunda edici\u00f3n del Festival Don Quijote en Par\u00eds, inform\u00f3 hoy la direcci\u00f3n del festival en un comunicado. &quot;El sue\u00f1o de la Raz\u00f3n&quot; es una adaptaci\u00f3n de Paco Maci\u00e0 del texto","twitter:label1":"Escrito por","twitter:data1":"El Digital de Asturias","twitter:label2":"Tiempo de lectura estimado","twitter:data2":"2 minutos"},"aioseo_meta_data":{"post_id":"456983","title":null,"description":null,"keywords":null,"keyphrases":null,"primary_term":null,"canonical_url":null,"og_title":null,"og_description":null,"og_object_type":"default","og_image_type":"default","og_image_url":null,"og_image_width":null,"og_image_height":null,"og_image_custom_url":null,"og_image_custom_fields":null,"og_video":null,"og_custom_url":null,"og_article_section":null,"og_article_tags":null,"twitter_use_og":true,"twitter_card":"default","twitter_image_type":"default","twitter_image_url":null,"twitter_image_custom_url":null,"twitter_image_custom_fields":null,"twitter_title":null,"twitter_description":null,"schema":{"blockGraphs":[],"customGraphs":[],"default":{"data":{"Article":[],"Course":[],"Dataset":[],"FAQPage":[],"Movie":[],"Person":[],"Product":[],"ProductReview":[],"Car":[],"Recipe":[],"Service":[],"SoftwareApplication":[],"WebPage":[]},"graphName":"","isEnabled":true},"graphs":[],"defaultGraph":"","defaultPostTypeGraph":""},"schema_type":null,"schema_type_options":null,"pillar_content":false,"robots_default":true,"robots_noindex":false,"robots_noarchive":false,"robots_nosnippet":false,"robots_nofollow":false,"robots_noimageindex":false,"robots_noodp":false,"robots_notranslate":false,"robots_max_snippet":null,"robots_max_videopreview":null,"robots_max_imagepreview":"none","priority":null,"frequency":null,"local_seo":null,"seo_analyzer_scan_date":"2026-05-29 23:52:17","breadcrumb_settings":null,"limit_modified_date":false,"open_ai":null,"ai":null,"created":"2020-11-14 22:46:04","updated":"2026-05-29 23:52:17","focus_keyword":null,"additional_keywords":null,"truseo_locale":null},"aioseo_breadcrumb":"<div class=\"aioseo-breadcrumbs\"><span class=\"aioseo-breadcrumb\">\n\t<a href=\"https:\/\/www.eldigitaldeasturias.com\/noticias\" title=\"Home\">Home<\/a>\n<\/span><span class=\"aioseo-breadcrumb-separator\">\u2013<\/span><span class=\"aioseo-breadcrumb\">\n\t<a href=\"https:\/\/www.eldigitaldeasturias.com\/noticias\/category\/revista-de-ocio\/\" title=\"Revista de Ocio\">Revista de Ocio<\/a>\n<\/span><span class=\"aioseo-breadcrumb-separator\">\u2013<\/span><span class=\"aioseo-breadcrumb\">\n\t<a href=\"https:\/\/www.eldigitaldeasturias.com\/noticias\/el-sueno-de-la-razon-gana-el-festival-de-teatro-don-quijote-de-paris\/\" title=\"\u00abEl sue\u00f1o de la raz\u00f3n\u00bb gana el festival de teatro Don Quijote de Par\u00eds\">\u00abEl sue\u00f1o de la raz\u00f3n\u00bb gana el festival de teatro Don Quijote de Par\u00eds<\/a>\n<\/span><\/div>","aioseo_breadcrumb_json":[{"label":"Home","link":"https:\/\/www.eldigitaldeasturias.com\/noticias"},{"label":"Revista de Ocio","link":"https:\/\/www.eldigitaldeasturias.com\/noticias\/category\/revista-de-ocio\/"},{"label":"\u00abEl sue\u00f1o de la raz\u00f3n\u00bb gana el festival de teatro Don Quijote de Par\u00eds","link":"https:\/\/www.eldigitaldeasturias.com\/noticias\/el-sueno-de-la-razon-gana-el-festival-de-teatro-don-quijote-de-paris\/"}],"_links":{"self":[{"href":"https:\/\/www.eldigitaldeasturias.com\/noticias\/wp-json\/wp\/v2\/posts\/456983","targetHints":{"allow":["GET"]}}],"collection":[{"href":"https:\/\/www.eldigitaldeasturias.com\/noticias\/wp-json\/wp\/v2\/posts"}],"about":[{"href":"https:\/\/www.eldigitaldeasturias.com\/noticias\/wp-json\/wp\/v2\/types\/post"}],"author":[{"embeddable":true,"href":"https:\/\/www.eldigitaldeasturias.com\/noticias\/wp-json\/wp\/v2\/users\/1"}],"replies":[{"embeddable":true,"href":"https:\/\/www.eldigitaldeasturias.com\/noticias\/wp-json\/wp\/v2\/comments?post=456983"}],"version-history":[{"count":0,"href":"https:\/\/www.eldigitaldeasturias.com\/noticias\/wp-json\/wp\/v2\/posts\/456983\/revisions"}],"wp:attachment":[{"href":"https:\/\/www.eldigitaldeasturias.com\/noticias\/wp-json\/wp\/v2\/media?parent=456983"}],"wp:term":[{"taxonomy":"category","embeddable":true,"href":"https:\/\/www.eldigitaldeasturias.com\/noticias\/wp-json\/wp\/v2\/categories?post=456983"},{"taxonomy":"post_tag","embeddable":true,"href":"https:\/\/www.eldigitaldeasturias.com\/noticias\/wp-json\/wp\/v2\/tags?post=456983"}],"curies":[{"name":"wp","href":"https:\/\/api.w.org\/{rel}","templated":true}]}}