{"id":456980,"date":"2013-12-03T00:14:41","date_gmt":"2013-12-03T01:14:41","guid":{"rendered":"http:\/\/www.eldigitaldeasturias.com\/noticias\/?p=456980"},"modified":"2013-12-03T00:14:41","modified_gmt":"2013-12-03T01:14:41","slug":"muere-el-excriminal-nazi-boere-de-92-anos-y-condenado-a-cadena-perpetua","status":"publish","type":"post","link":"https:\/\/www.eldigitaldeasturias.com\/noticias\/muere-el-excriminal-nazi-boere-de-92-anos-y-condenado-a-cadena-perpetua\/","title":{"rendered":"Muere el excriminal nazi Boere, de 92 a\u00f1os y condenado a cadena perpetua"},"content":{"rendered":"<p><img loading=\"lazy\" decoding=\"async\" class=\"alignleft size-medium wp-image-456981\" alt=\"5766692w\" src=\"https:\/\/www.eldigitaldeasturias.com\/noticias\/wp-content\/uploads\/2013\/12\/5766692w-360x248.jpg\" width=\"360\" height=\"248\" \/>Berl\u00edn, 2 dic (EFE).- El exmiembro de las SS alemanas Heinrich Boere muri\u00f3 a los 92 a\u00f1os en el hospital de la c\u00e1rcel de Fr\u00f6ndenberg (oeste del pa\u00eds), penal donde cumpl\u00eda una condena a cadena perpetua dictada en 2010 por los asesinatos a sangre fr\u00eda de miembros de la resistencia holandesa durante el nazismo.<\/p>\n<p>Fuentes del ministerio de Justicia del estado federado de Renania del Norte-Westfalia informaron hoy de la muerte de reo, nacido en 1921 y quien durante d\u00e9cadas llev\u00f3 una existencia sin sobresaltos, hasta que la Audiencia de Aquisgr\u00e1n le abri\u00f3 un proceso por cr\u00edmenes de guerra.<\/p>\n<p>La justicia alemana le declar\u00f3 culpable en 2010 de los asesinatos de tres civiles, cometidos en 1944, y por los que hab\u00eda sido juzgado y condenado a muerte por un tribunal holand\u00e9s tras el fin de la Segunda Guerra Mundial.<\/p>\n<p>Boere, quien ingres\u00f3 en prisi\u00f3n en 2011, muri\u00f3 por causas naturales, indicaron las citadas fuentes.<\/p>\n<p>El exmiembro de las SS fue condenado ya con 88 a\u00f1os, tras un juicio tard\u00edo en que confes\u00f3 haber asesinado a tres miembros de la resistencia contra Hitler en la Holanda ocupada.<\/p>\n<p>Con 64 a\u00f1os de retraso respecto a las ejecuciones imputadas y 61 respecto a la primera condena en Amsterdam, el anciano escuch\u00f3 la sentencia desde la silla de ruedas en la que sigui\u00f3 el juicio.<\/p>\n<p>Boere fue durante el nazismo uno de los quince miembros del comando \u00abFeldmeijer\u00bb creado para asesinar a miembros de la resistencia y se le conden\u00f3 por las ejecuciones probadas de tres civiles, en las ciudades holandesas de Breda, Voorschoten y Wassenaar.<\/p>\n<p>El procesado ten\u00eda entonces 22 a\u00f1os, hab\u00eda ingresado en las SS con 18, por \u00abpuro fanatismo y convicci\u00f3n\u00bb, seg\u00fan su propia declaraci\u00f3n en su juicio.<\/p>\n<p>Tras servir en el frente del Este dos a\u00f1os fue destinado a Holanda -pa\u00eds de origen de su padre-, donde se le asign\u00f3 a ese comando.<\/p>\n<p>El cometido de los miembros de \u00abFeldmeijer\u00bb era buscar en sus domicilios y asesinar a sangre fr\u00eda a civiles sospechosos de pertenecer a la resistencia antihitleriana.<\/p>\n<p>Su modo de operar consist\u00eda en presentarse ante la puerta de su casa, cerciorarse de su identidad y matarlos a tiros, estuvieran o no en presencia de sus familiares.<\/p>\n<p>Se estima que Boerer particip\u00f3 en 50 ejecuciones, pero el proceso se centr\u00f3 en los tres casos mencionados, donde los hijos de dos de sus v\u00edctimas actuaron de acusaci\u00f3n particular.<\/p>\n<p>Nacido en 1921 en Eschweiler (a 100 kil\u00f3metros de la frontera con Holanda), Boerer cay\u00f3 preso de los aliados antes de terminar la Segunda Guerra Mundial y ya en esos interrogatorios se declar\u00f3 autor de esas muertes.<\/p>\n<p>En 1947 huy\u00f3 de su campo de prisioneros, permaneci\u00f3 siete a\u00f1os oculto en Holanda, coincidiendo con el juicio en que se le conden\u00f3 a muerte en ausencia, sentencia luego conmutada por cadena perpetua.<\/p>\n<p>Tras unos a\u00f1os en la clandestinidad entr\u00f3 en Alemania y desde 1954 vivi\u00f3 sin sobresaltos en su localidad natal, sin esconder, a quien se lo pregunt\u00f3, que hab\u00eda formado parte del comando de las SS.<\/p>\n<p>En 2000, la Oficina Central sobre los Cr\u00edmenes del Nazismo abri\u00f3 investigaciones sobre su caso y se le imputaron los cargos citados.<\/p>\n<p>Boere recurri\u00f3 ante el Tribunal Constitucional alegando razones de edad, pero fue rechazada su petici\u00f3n y en octubre de 2009 se le abri\u00f3 su juicio.<\/p>\n<p>Su proceso se desarroll\u00f3 en paralelo al del criminal nazi John Demjanjuk, de 89 a\u00f1os y origen ucraniano, extraditado desde Estados Unidos en mayo de 2009, condenado dos a\u00f1os despu\u00e9s a cinco de c\u00e1rcel y asimismo fallecido en la c\u00e1rcel en 2012.<\/p>\n<p>Ambos juicios, el de Demjanjuk y el de Boere, fueron considerados exponente de las dificultades de los juicios tard\u00edos a exnazis, obstaculizados por continuas interrupciones por cuestiones de edad y con apenas supervivientes que pudieran identificarlos.<\/p>\n<p>Demjanjuk, condenado por complicidad en la muerte de casi 28.000 jud\u00edos, asisti\u00f3 en silla de ruedas a su proceso, pero a diferencia de Boere no hizo pronunciamiento alguno en todo el juicio sobre los cr\u00edmenes que se le imputaban.<\/p>\n","protected":false},"excerpt":{"rendered":"<p>Berl\u00edn, 2 dic (EFE).- El exmiembro de las SS alemanas Heinrich Boere muri\u00f3 a los 92 a\u00f1os en el hospital de la c\u00e1rcel de Fr\u00f6ndenberg (oeste del pa\u00eds), penal donde cumpl\u00eda una condena a cadena perpetua dictada en 2010 por los asesinatos a sangre fr\u00eda de miembros de la resistencia holandesa durante el nazismo. Fuentes [&hellip;]<\/p>\n","protected":false},"author":1,"featured_media":456981,"comment_status":"closed","ping_status":"open","sticky":false,"template":"","format":"standard","meta":{"footnotes":""},"categories":[28],"tags":[],"class_list":["post-456980","post","type-post","status-publish","format-standard","has-post-thumbnail","hentry","category-sociedad"],"aioseo_notices":[],"aioseo_head":"\n\t\t<!-- All in One SEO Pro 5.0.1 - aioseo.com -->\n\t<meta name=\"description\" content=\"Berl\u00edn, 2 dic (EFE).- El exmiembro de las SS alemanas Heinrich Boere muri\u00f3 a los 92 a\u00f1os en el hospital de la c\u00e1rcel de Fr\u00f6ndenberg (oeste del pa\u00eds), penal donde cumpl\u00eda una condena a cadena perpetua dictada en 2010 por los asesinatos a sangre fr\u00eda de miembros de la resistencia holandesa durante el nazismo. Fuentes\" \/>\n\t<meta name=\"robots\" content=\"max-image-preview:large\" \/>\n\t<meta name=\"author\" content=\"El Digital de Asturias\"\/>\n\t<meta name=\"google-site-verification\" content=\"UA-38556648-1\" \/>\n\t<meta name=\"msvalidate.01\" content=\"7dfe9f3f1b24437ab69f4f2559babe99\" \/>\n\t<meta name=\"keywords\" content=\"sociedad\" \/>\n\t<link rel=\"canonical\" href=\"https:\/\/www.eldigitaldeasturias.com\/noticias\/muere-el-excriminal-nazi-boere-de-92-anos-y-condenado-a-cadena-perpetua\/\" \/>\n\t<meta name=\"generator\" content=\"All in One SEO Pro (AIOSEO) 5.0.1\" \/>\n\t\t<meta property=\"og:locale\" content=\"es_ES\" \/>\n\t\t<meta property=\"og:site_name\" content=\"El Digital de Asturias\" \/>\n\t\t<meta property=\"og:type\" content=\"article\" \/>\n\t\t<meta property=\"og:title\" content=\"Muere el excriminal nazi Boere, de 92 a\u00f1os y condenado a cadena perpetua - El Digital de Asturias\" \/>\n\t\t<meta property=\"og:description\" content=\"Berl\u00edn, 2 dic (EFE).- El exmiembro de las SS alemanas Heinrich Boere muri\u00f3 a los 92 a\u00f1os en el hospital de la c\u00e1rcel de Fr\u00f6ndenberg (oeste del pa\u00eds), penal donde cumpl\u00eda una condena a cadena perpetua dictada en 2010 por los asesinatos a sangre fr\u00eda de miembros de la resistencia holandesa durante el nazismo. Fuentes\" \/>\n\t\t<meta property=\"og:url\" content=\"https:\/\/www.eldigitaldeasturias.com\/noticias\/muere-el-excriminal-nazi-boere-de-92-anos-y-condenado-a-cadena-perpetua\/\" \/>\n\t\t<meta property=\"article:tag\" content=\"sociedad\" \/>\n\t\t<meta property=\"article:published_time\" content=\"2013-12-03T01:14:41+00:00\" \/>\n\t\t<meta property=\"article:modified_time\" content=\"2013-12-03T01:14:41+00:00\" \/>\n\t\t<meta property=\"article:publisher\" content=\"https:\/\/facebook.com\/eldigitaldeasturias\" \/>\n\t\t<meta name=\"twitter:card\" content=\"summary_large_image\" \/>\n\t\t<meta name=\"twitter:title\" content=\"Muere el excriminal nazi Boere, de 92 a\u00f1os y condenado a cadena perpetua - El Digital de Asturias\" \/>\n\t\t<meta name=\"twitter:description\" content=\"Berl\u00edn, 2 dic (EFE).- El exmiembro de las SS alemanas Heinrich Boere muri\u00f3 a los 92 a\u00f1os en el hospital de la c\u00e1rcel de Fr\u00f6ndenberg (oeste del pa\u00eds), penal donde cumpl\u00eda una condena a cadena perpetua dictada en 2010 por los asesinatos a sangre fr\u00eda de miembros de la resistencia holandesa durante el nazismo. Fuentes\" \/>\n\t\t<meta name=\"twitter:label1\" content=\"Escrito por\" \/>\n\t\t<meta name=\"twitter:data1\" content=\"El Digital de Asturias\" \/>\n\t\t<meta name=\"twitter:label2\" content=\"Tiempo de lectura estimado\" \/>\n\t\t<meta name=\"twitter:data2\" content=\"3 minutos\" \/>\n\t\t<script type=\"application\/ld+json\" class=\"aioseo-schema\">\n\t\t\t{\"@context\":\"https:\\\/\\\/schema.org\",\"@graph\":[{\"@type\":\"BlogPosting\",\"@id\":\"https:\\\/\\\/www.eldigitaldeasturias.com\\\/noticias\\\/muere-el-excriminal-nazi-boere-de-92-anos-y-condenado-a-cadena-perpetua\\\/#blogposting\",\"name\":\"Muere el excriminal nazi Boere, de 92 a\\u00f1os y condenado a cadena perpetua - El Digital de Asturias\",\"headline\":\"Muere el excriminal nazi Boere, de 92 a\\u00f1os y condenado a cadena perpetua\",\"author\":{\"@id\":\"https:\\\/\\\/www.eldigitaldeasturias.com\\\/noticias\\\/author\\\/admin\\\/#author\"},\"publisher\":{\"@id\":\"https:\\\/\\\/www.eldigitaldeasturias.com\\\/noticias\\\/#organization\"},\"image\":{\"@type\":\"ImageObject\",\"url\":456981},\"datePublished\":\"2013-12-03T00:14:41+01:00\",\"dateModified\":\"2013-12-03T00:14:41+01:00\",\"inLanguage\":\"es-ES\",\"mainEntityOfPage\":{\"@id\":\"https:\\\/\\\/www.eldigitaldeasturias.com\\\/noticias\\\/muere-el-excriminal-nazi-boere-de-92-anos-y-condenado-a-cadena-perpetua\\\/#webpage\"},\"isPartOf\":{\"@id\":\"https:\\\/\\\/www.eldigitaldeasturias.com\\\/noticias\\\/muere-el-excriminal-nazi-boere-de-92-anos-y-condenado-a-cadena-perpetua\\\/#webpage\"},\"articleSection\":\"Sociedad\"},{\"@type\":\"BreadcrumbList\",\"@id\":\"https:\\\/\\\/www.eldigitaldeasturias.com\\\/noticias\\\/muere-el-excriminal-nazi-boere-de-92-anos-y-condenado-a-cadena-perpetua\\\/#breadcrumblist\",\"itemListElement\":[{\"@type\":\"ListItem\",\"@id\":\"https:\\\/\\\/www.eldigitaldeasturias.com\\\/noticias#listItem\",\"position\":1,\"name\":\"Home\",\"item\":\"https:\\\/\\\/www.eldigitaldeasturias.com\\\/noticias\",\"nextItem\":{\"@type\":\"ListItem\",\"@id\":\"https:\\\/\\\/www.eldigitaldeasturias.com\\\/noticias\\\/category\\\/sociedad\\\/#listItem\",\"name\":\"Sociedad\"}},{\"@type\":\"ListItem\",\"@id\":\"https:\\\/\\\/www.eldigitaldeasturias.com\\\/noticias\\\/category\\\/sociedad\\\/#listItem\",\"position\":2,\"name\":\"Sociedad\",\"item\":\"https:\\\/\\\/www.eldigitaldeasturias.com\\\/noticias\\\/category\\\/sociedad\\\/\",\"nextItem\":{\"@type\":\"ListItem\",\"@id\":\"https:\\\/\\\/www.eldigitaldeasturias.com\\\/noticias\\\/muere-el-excriminal-nazi-boere-de-92-anos-y-condenado-a-cadena-perpetua\\\/#listItem\",\"name\":\"Muere el excriminal nazi Boere, de 92 a\\u00f1os y condenado a cadena perpetua\"},\"previousItem\":{\"@type\":\"ListItem\",\"@id\":\"https:\\\/\\\/www.eldigitaldeasturias.com\\\/noticias#listItem\",\"name\":\"Home\"}},{\"@type\":\"ListItem\",\"@id\":\"https:\\\/\\\/www.eldigitaldeasturias.com\\\/noticias\\\/muere-el-excriminal-nazi-boere-de-92-anos-y-condenado-a-cadena-perpetua\\\/#listItem\",\"position\":3,\"name\":\"Muere el excriminal nazi Boere, de 92 a\\u00f1os y condenado a cadena perpetua\",\"previousItem\":{\"@type\":\"ListItem\",\"@id\":\"https:\\\/\\\/www.eldigitaldeasturias.com\\\/noticias\\\/category\\\/sociedad\\\/#listItem\",\"name\":\"Sociedad\"}}]},{\"@type\":\"Organization\",\"@id\":\"https:\\\/\\\/www.eldigitaldeasturias.com\\\/noticias\\\/#organization\",\"name\":\"El Digital de Asturias\",\"description\":\"Hemeroteca\",\"url\":\"https:\\\/\\\/www.eldigitaldeasturias.com\\\/noticias\\\/\",\"email\":\"info@eldigitaldeasturias.com\",\"telephone\":\"+34652131393\",\"logo\":{\"@type\":\"ImageObject\",\"url\":\"https:\\\/\\\/www.eldigitaldeasturias.com\\\/noticias\\\/wp-content\\\/uploads\\\/2020\\\/12\\\/EDA.jpg\",\"@id\":\"https:\\\/\\\/www.eldigitaldeasturias.com\\\/noticias\\\/muere-el-excriminal-nazi-boere-de-92-anos-y-condenado-a-cadena-perpetua\\\/#organizationLogo\"},\"image\":{\"@id\":\"https:\\\/\\\/www.eldigitaldeasturias.com\\\/noticias\\\/muere-el-excriminal-nazi-boere-de-92-anos-y-condenado-a-cadena-perpetua\\\/#organizationLogo\"},\"sameAs\":[\"https:\\\/\\\/facebook.com\\\/eldigitaldeasturias\",\"https:\\\/\\\/www.youtube.com\\\/channel\\\/UCZP-2wLEB9Rv6erhFmqVnvg\"],\"address\":{\"@id\":\"https:\\\/\\\/www.eldigitaldeasturias.com\\\/noticias\\\/#postaladdress\",\"@type\":\"PostalAddress\",\"streetAddress\":\"san antonio 4\",\"postalCode\":\"33430\",\"addressLocality\":\"Cand\\u00e1s\",\"addressRegion\":\"Asturias\",\"addressCountry\":\"ES\"}},{\"@type\":\"Person\",\"@id\":\"https:\\\/\\\/www.eldigitaldeasturias.com\\\/noticias\\\/author\\\/admin\\\/#author\",\"url\":\"https:\\\/\\\/www.eldigitaldeasturias.com\\\/noticias\\\/author\\\/admin\\\/\",\"name\":\"El Digital de Asturias\",\"image\":{\"@type\":\"ImageObject\",\"@id\":\"https:\\\/\\\/www.eldigitaldeasturias.com\\\/noticias\\\/muere-el-excriminal-nazi-boere-de-92-anos-y-condenado-a-cadena-perpetua\\\/#authorImage\",\"url\":\"https:\\\/\\\/secure.gravatar.com\\\/avatar\\\/df2aeffc32bcd13f8d26072ef8a91b623d677766deac7f97ca815868cd41bf5e?s=96&d=mm&r=g\",\"width\":96,\"height\":96,\"caption\":\"El Digital de Asturias\"}},{\"@type\":\"WebPage\",\"@id\":\"https:\\\/\\\/www.eldigitaldeasturias.com\\\/noticias\\\/muere-el-excriminal-nazi-boere-de-92-anos-y-condenado-a-cadena-perpetua\\\/#webpage\",\"url\":\"https:\\\/\\\/www.eldigitaldeasturias.com\\\/noticias\\\/muere-el-excriminal-nazi-boere-de-92-anos-y-condenado-a-cadena-perpetua\\\/\",\"name\":\"Muere el excriminal nazi Boere, de 92 a\\u00f1os y condenado a cadena perpetua - El Digital de Asturias\",\"description\":\"Berl\\u00edn, 2 dic (EFE).- El exmiembro de las SS alemanas Heinrich Boere muri\\u00f3 a los 92 a\\u00f1os en el hospital de la c\\u00e1rcel de Fr\\u00f6ndenberg (oeste del pa\\u00eds), penal donde cumpl\\u00eda una condena a cadena perpetua dictada en 2010 por los asesinatos a sangre fr\\u00eda de miembros de la resistencia holandesa durante el nazismo. Fuentes\",\"inLanguage\":\"es-ES\",\"isPartOf\":{\"@id\":\"https:\\\/\\\/www.eldigitaldeasturias.com\\\/noticias\\\/#website\"},\"breadcrumb\":{\"@id\":\"https:\\\/\\\/www.eldigitaldeasturias.com\\\/noticias\\\/muere-el-excriminal-nazi-boere-de-92-anos-y-condenado-a-cadena-perpetua\\\/#breadcrumblist\"},\"author\":{\"@id\":\"https:\\\/\\\/www.eldigitaldeasturias.com\\\/noticias\\\/author\\\/admin\\\/#author\"},\"creator\":{\"@id\":\"https:\\\/\\\/www.eldigitaldeasturias.com\\\/noticias\\\/author\\\/admin\\\/#author\"},\"image\":{\"@type\":\"ImageObject\",\"url\":456981,\"@id\":\"https:\\\/\\\/www.eldigitaldeasturias.com\\\/noticias\\\/muere-el-excriminal-nazi-boere-de-92-anos-y-condenado-a-cadena-perpetua\\\/#mainImage\"},\"primaryImageOfPage\":{\"@id\":\"https:\\\/\\\/www.eldigitaldeasturias.com\\\/noticias\\\/muere-el-excriminal-nazi-boere-de-92-anos-y-condenado-a-cadena-perpetua\\\/#mainImage\"},\"datePublished\":\"2013-12-03T00:14:41+01:00\",\"dateModified\":\"2013-12-03T00:14:41+01:00\"},{\"@type\":\"WebSite\",\"@id\":\"https:\\\/\\\/www.eldigitaldeasturias.com\\\/noticias\\\/#website\",\"url\":\"https:\\\/\\\/www.eldigitaldeasturias.com\\\/noticias\\\/\",\"name\":\"El Digital de Asturias - Diario de actualidad y noticias\",\"alternateName\":\"El Digital de Asturias - Diario de actualidad y noticias\",\"description\":\"Hemeroteca\",\"inLanguage\":\"es-ES\",\"publisher\":{\"@id\":\"https:\\\/\\\/www.eldigitaldeasturias.com\\\/noticias\\\/#organization\"}}]}\n\t\t<\/script>\n\t\t<!-- All in One SEO Pro -->\r\n\t\t<title>Muere el excriminal nazi Boere, de 92 a\u00f1os y condenado a cadena perpetua - El Digital de Asturias<\/title>\n\n","aioseo_head_json":{"title":"Muere el excriminal nazi Boere, de 92 a\u00f1os y condenado a cadena perpetua - El Digital de Asturias","description":"Berl\u00edn, 2 dic (EFE).- El exmiembro de las SS alemanas Heinrich Boere muri\u00f3 a los 92 a\u00f1os en el hospital de la c\u00e1rcel de Fr\u00f6ndenberg (oeste del pa\u00eds), penal donde cumpl\u00eda una condena a cadena perpetua dictada en 2010 por los asesinatos a sangre fr\u00eda de miembros de la resistencia holandesa durante el nazismo. Fuentes","canonical_url":"https:\/\/www.eldigitaldeasturias.com\/noticias\/muere-el-excriminal-nazi-boere-de-92-anos-y-condenado-a-cadena-perpetua\/","robots":"max-image-preview:large","keywords":"sociedad","webmasterTools":{"google-site-verification":"UA-38556648-1","msvalidate.01":"7dfe9f3f1b24437ab69f4f2559babe99","miscellaneous":""},"schema":{"@context":"https:\/\/schema.org","@graph":[{"@type":"BlogPosting","@id":"https:\/\/www.eldigitaldeasturias.com\/noticias\/muere-el-excriminal-nazi-boere-de-92-anos-y-condenado-a-cadena-perpetua\/#blogposting","name":"Muere el excriminal nazi Boere, de 92 a\u00f1os y condenado a cadena perpetua - El Digital de Asturias","headline":"Muere el excriminal nazi Boere, de 92 a\u00f1os y condenado a cadena perpetua","author":{"@id":"https:\/\/www.eldigitaldeasturias.com\/noticias\/author\/admin\/#author"},"publisher":{"@id":"https:\/\/www.eldigitaldeasturias.com\/noticias\/#organization"},"image":{"@type":"ImageObject","url":456981},"datePublished":"2013-12-03T00:14:41+01:00","dateModified":"2013-12-03T00:14:41+01:00","inLanguage":"es-ES","mainEntityOfPage":{"@id":"https:\/\/www.eldigitaldeasturias.com\/noticias\/muere-el-excriminal-nazi-boere-de-92-anos-y-condenado-a-cadena-perpetua\/#webpage"},"isPartOf":{"@id":"https:\/\/www.eldigitaldeasturias.com\/noticias\/muere-el-excriminal-nazi-boere-de-92-anos-y-condenado-a-cadena-perpetua\/#webpage"},"articleSection":"Sociedad"},{"@type":"BreadcrumbList","@id":"https:\/\/www.eldigitaldeasturias.com\/noticias\/muere-el-excriminal-nazi-boere-de-92-anos-y-condenado-a-cadena-perpetua\/#breadcrumblist","itemListElement":[{"@type":"ListItem","@id":"https:\/\/www.eldigitaldeasturias.com\/noticias#listItem","position":1,"name":"Home","item":"https:\/\/www.eldigitaldeasturias.com\/noticias","nextItem":{"@type":"ListItem","@id":"https:\/\/www.eldigitaldeasturias.com\/noticias\/category\/sociedad\/#listItem","name":"Sociedad"}},{"@type":"ListItem","@id":"https:\/\/www.eldigitaldeasturias.com\/noticias\/category\/sociedad\/#listItem","position":2,"name":"Sociedad","item":"https:\/\/www.eldigitaldeasturias.com\/noticias\/category\/sociedad\/","nextItem":{"@type":"ListItem","@id":"https:\/\/www.eldigitaldeasturias.com\/noticias\/muere-el-excriminal-nazi-boere-de-92-anos-y-condenado-a-cadena-perpetua\/#listItem","name":"Muere el excriminal nazi Boere, de 92 a\u00f1os y condenado a cadena perpetua"},"previousItem":{"@type":"ListItem","@id":"https:\/\/www.eldigitaldeasturias.com\/noticias#listItem","name":"Home"}},{"@type":"ListItem","@id":"https:\/\/www.eldigitaldeasturias.com\/noticias\/muere-el-excriminal-nazi-boere-de-92-anos-y-condenado-a-cadena-perpetua\/#listItem","position":3,"name":"Muere el excriminal nazi Boere, de 92 a\u00f1os y condenado a cadena perpetua","previousItem":{"@type":"ListItem","@id":"https:\/\/www.eldigitaldeasturias.com\/noticias\/category\/sociedad\/#listItem","name":"Sociedad"}}]},{"@type":"Organization","@id":"https:\/\/www.eldigitaldeasturias.com\/noticias\/#organization","name":"El Digital de Asturias","description":"Hemeroteca","url":"https:\/\/www.eldigitaldeasturias.com\/noticias\/","email":"info@eldigitaldeasturias.com","telephone":"+34652131393","logo":{"@type":"ImageObject","url":"https:\/\/www.eldigitaldeasturias.com\/noticias\/wp-content\/uploads\/2020\/12\/EDA.jpg","@id":"https:\/\/www.eldigitaldeasturias.com\/noticias\/muere-el-excriminal-nazi-boere-de-92-anos-y-condenado-a-cadena-perpetua\/#organizationLogo"},"image":{"@id":"https:\/\/www.eldigitaldeasturias.com\/noticias\/muere-el-excriminal-nazi-boere-de-92-anos-y-condenado-a-cadena-perpetua\/#organizationLogo"},"sameAs":["https:\/\/facebook.com\/eldigitaldeasturias","https:\/\/www.youtube.com\/channel\/UCZP-2wLEB9Rv6erhFmqVnvg"],"address":{"@id":"https:\/\/www.eldigitaldeasturias.com\/noticias\/#postaladdress","@type":"PostalAddress","streetAddress":"san antonio 4","postalCode":"33430","addressLocality":"Cand\u00e1s","addressRegion":"Asturias","addressCountry":"ES"}},{"@type":"Person","@id":"https:\/\/www.eldigitaldeasturias.com\/noticias\/author\/admin\/#author","url":"https:\/\/www.eldigitaldeasturias.com\/noticias\/author\/admin\/","name":"El Digital de Asturias","image":{"@type":"ImageObject","@id":"https:\/\/www.eldigitaldeasturias.com\/noticias\/muere-el-excriminal-nazi-boere-de-92-anos-y-condenado-a-cadena-perpetua\/#authorImage","url":"https:\/\/secure.gravatar.com\/avatar\/df2aeffc32bcd13f8d26072ef8a91b623d677766deac7f97ca815868cd41bf5e?s=96&d=mm&r=g","width":96,"height":96,"caption":"El Digital de Asturias"}},{"@type":"WebPage","@id":"https:\/\/www.eldigitaldeasturias.com\/noticias\/muere-el-excriminal-nazi-boere-de-92-anos-y-condenado-a-cadena-perpetua\/#webpage","url":"https:\/\/www.eldigitaldeasturias.com\/noticias\/muere-el-excriminal-nazi-boere-de-92-anos-y-condenado-a-cadena-perpetua\/","name":"Muere el excriminal nazi Boere, de 92 a\u00f1os y condenado a cadena perpetua - El Digital de Asturias","description":"Berl\u00edn, 2 dic (EFE).- El exmiembro de las SS alemanas Heinrich Boere muri\u00f3 a los 92 a\u00f1os en el hospital de la c\u00e1rcel de Fr\u00f6ndenberg (oeste del pa\u00eds), penal donde cumpl\u00eda una condena a cadena perpetua dictada en 2010 por los asesinatos a sangre fr\u00eda de miembros de la resistencia holandesa durante el nazismo. Fuentes","inLanguage":"es-ES","isPartOf":{"@id":"https:\/\/www.eldigitaldeasturias.com\/noticias\/#website"},"breadcrumb":{"@id":"https:\/\/www.eldigitaldeasturias.com\/noticias\/muere-el-excriminal-nazi-boere-de-92-anos-y-condenado-a-cadena-perpetua\/#breadcrumblist"},"author":{"@id":"https:\/\/www.eldigitaldeasturias.com\/noticias\/author\/admin\/#author"},"creator":{"@id":"https:\/\/www.eldigitaldeasturias.com\/noticias\/author\/admin\/#author"},"image":{"@type":"ImageObject","url":456981,"@id":"https:\/\/www.eldigitaldeasturias.com\/noticias\/muere-el-excriminal-nazi-boere-de-92-anos-y-condenado-a-cadena-perpetua\/#mainImage"},"primaryImageOfPage":{"@id":"https:\/\/www.eldigitaldeasturias.com\/noticias\/muere-el-excriminal-nazi-boere-de-92-anos-y-condenado-a-cadena-perpetua\/#mainImage"},"datePublished":"2013-12-03T00:14:41+01:00","dateModified":"2013-12-03T00:14:41+01:00"},{"@type":"WebSite","@id":"https:\/\/www.eldigitaldeasturias.com\/noticias\/#website","url":"https:\/\/www.eldigitaldeasturias.com\/noticias\/","name":"El Digital de Asturias - Diario de actualidad y noticias","alternateName":"El Digital de Asturias - Diario de actualidad y noticias","description":"Hemeroteca","inLanguage":"es-ES","publisher":{"@id":"https:\/\/www.eldigitaldeasturias.com\/noticias\/#organization"}}]},"og:locale":"es_ES","og:site_name":"El Digital de Asturias","og:type":"article","og:title":"Muere el excriminal nazi Boere, de 92 a\u00f1os y condenado a cadena perpetua - El Digital de Asturias","og:description":"Berl\u00edn, 2 dic (EFE).- El exmiembro de las SS alemanas Heinrich Boere muri\u00f3 a los 92 a\u00f1os en el hospital de la c\u00e1rcel de Fr\u00f6ndenberg (oeste del pa\u00eds), penal donde cumpl\u00eda una condena a cadena perpetua dictada en 2010 por los asesinatos a sangre fr\u00eda de miembros de la resistencia holandesa durante el nazismo. Fuentes","og:url":"https:\/\/www.eldigitaldeasturias.com\/noticias\/muere-el-excriminal-nazi-boere-de-92-anos-y-condenado-a-cadena-perpetua\/","article:tag":["sociedad"],"article:published_time":"2013-12-03T01:14:41+00:00","article:modified_time":"2013-12-03T01:14:41+00:00","article:publisher":"https:\/\/facebook.com\/eldigitaldeasturias","twitter:card":"summary_large_image","twitter:title":"Muere el excriminal nazi Boere, de 92 a\u00f1os y condenado a cadena perpetua - El Digital de Asturias","twitter:description":"Berl\u00edn, 2 dic (EFE).- El exmiembro de las SS alemanas Heinrich Boere muri\u00f3 a los 92 a\u00f1os en el hospital de la c\u00e1rcel de Fr\u00f6ndenberg (oeste del pa\u00eds), penal donde cumpl\u00eda una condena a cadena perpetua dictada en 2010 por los asesinatos a sangre fr\u00eda de miembros de la resistencia holandesa durante el nazismo. Fuentes","twitter:label1":"Escrito por","twitter:data1":"El Digital de Asturias","twitter:label2":"Tiempo de lectura estimado","twitter:data2":"3 minutos"},"aioseo_meta_data":{"post_id":"456980","title":null,"description":null,"keywords":null,"keyphrases":null,"primary_term":null,"canonical_url":null,"og_title":null,"og_description":null,"og_object_type":"default","og_image_type":"default","og_image_url":null,"og_image_width":null,"og_image_height":null,"og_image_custom_url":null,"og_image_custom_fields":null,"og_video":null,"og_custom_url":null,"og_article_section":null,"og_article_tags":null,"twitter_use_og":true,"twitter_card":"default","twitter_image_type":"default","twitter_image_url":null,"twitter_image_custom_url":null,"twitter_image_custom_fields":null,"twitter_title":null,"twitter_description":null,"schema":{"blockGraphs":[],"customGraphs":[],"default":{"data":{"Article":[],"Course":[],"Dataset":[],"FAQPage":[],"Movie":[],"Person":[],"Product":[],"ProductReview":[],"Car":[],"Recipe":[],"Service":[],"SoftwareApplication":[],"WebPage":[]},"graphName":"","isEnabled":true},"graphs":[],"defaultGraph":"","defaultPostTypeGraph":""},"schema_type":null,"schema_type_options":null,"pillar_content":false,"robots_default":true,"robots_noindex":false,"robots_noarchive":false,"robots_nosnippet":false,"robots_nofollow":false,"robots_noimageindex":false,"robots_noodp":false,"robots_notranslate":false,"robots_max_snippet":null,"robots_max_videopreview":null,"robots_max_imagepreview":"none","priority":null,"frequency":null,"local_seo":null,"seo_analyzer_scan_date":"2026-05-29 23:52:16","breadcrumb_settings":null,"limit_modified_date":false,"open_ai":null,"ai":null,"created":"2020-11-14 22:46:04","updated":"2026-05-29 23:52:16","focus_keyword":null,"additional_keywords":null,"truseo_locale":null},"aioseo_breadcrumb":"<div class=\"aioseo-breadcrumbs\"><span class=\"aioseo-breadcrumb\">\n\t<a href=\"https:\/\/www.eldigitaldeasturias.com\/noticias\" title=\"Home\">Home<\/a>\n<\/span><span class=\"aioseo-breadcrumb-separator\">\u2013<\/span><span class=\"aioseo-breadcrumb\">\n\t<a href=\"https:\/\/www.eldigitaldeasturias.com\/noticias\/category\/sociedad\/\" title=\"Sociedad\">Sociedad<\/a>\n<\/span><span class=\"aioseo-breadcrumb-separator\">\u2013<\/span><span class=\"aioseo-breadcrumb\">\n\t<a href=\"https:\/\/www.eldigitaldeasturias.com\/noticias\/muere-el-excriminal-nazi-boere-de-92-anos-y-condenado-a-cadena-perpetua\/\" title=\"Muere el excriminal nazi Boere, de 92 a\u00f1os y condenado a cadena perpetua\">Muere el excriminal nazi Boere, de 92 a\u00f1os y condenado a cadena perpetua<\/a>\n<\/span><\/div>","aioseo_breadcrumb_json":[{"label":"Home","link":"https:\/\/www.eldigitaldeasturias.com\/noticias"},{"label":"Sociedad","link":"https:\/\/www.eldigitaldeasturias.com\/noticias\/category\/sociedad\/"},{"label":"Muere el excriminal nazi Boere, de 92 a\u00f1os y condenado a cadena perpetua","link":"https:\/\/www.eldigitaldeasturias.com\/noticias\/muere-el-excriminal-nazi-boere-de-92-anos-y-condenado-a-cadena-perpetua\/"}],"_links":{"self":[{"href":"https:\/\/www.eldigitaldeasturias.com\/noticias\/wp-json\/wp\/v2\/posts\/456980","targetHints":{"allow":["GET"]}}],"collection":[{"href":"https:\/\/www.eldigitaldeasturias.com\/noticias\/wp-json\/wp\/v2\/posts"}],"about":[{"href":"https:\/\/www.eldigitaldeasturias.com\/noticias\/wp-json\/wp\/v2\/types\/post"}],"author":[{"embeddable":true,"href":"https:\/\/www.eldigitaldeasturias.com\/noticias\/wp-json\/wp\/v2\/users\/1"}],"replies":[{"embeddable":true,"href":"https:\/\/www.eldigitaldeasturias.com\/noticias\/wp-json\/wp\/v2\/comments?post=456980"}],"version-history":[{"count":0,"href":"https:\/\/www.eldigitaldeasturias.com\/noticias\/wp-json\/wp\/v2\/posts\/456980\/revisions"}],"wp:attachment":[{"href":"https:\/\/www.eldigitaldeasturias.com\/noticias\/wp-json\/wp\/v2\/media?parent=456980"}],"wp:term":[{"taxonomy":"category","embeddable":true,"href":"https:\/\/www.eldigitaldeasturias.com\/noticias\/wp-json\/wp\/v2\/categories?post=456980"},{"taxonomy":"post_tag","embeddable":true,"href":"https:\/\/www.eldigitaldeasturias.com\/noticias\/wp-json\/wp\/v2\/tags?post=456980"}],"curies":[{"name":"wp","href":"https:\/\/api.w.org\/{rel}","templated":true}]}}