{"id":456906,"date":"2013-12-02T23:36:19","date_gmt":"2013-12-03T00:36:19","guid":{"rendered":"http:\/\/www.eldigitaldeasturias.com\/noticias\/?p=456906"},"modified":"2013-12-02T23:36:19","modified_gmt":"2013-12-03T00:36:19","slug":"rajoy-traslada-el-pesame-del-gobierno-a-la-familia-del-empresario-jose-cosmen","status":"publish","type":"post","link":"https:\/\/www.eldigitaldeasturias.com\/noticias\/rajoy-traslada-el-pesame-del-gobierno-a-la-familia-del-empresario-jose-cosmen\/","title":{"rendered":"Rajoy traslada el p\u00e9same del Gobierno a la familia del empresario Jos\u00e9 Cosmen"},"content":{"rendered":"<p><img loading=\"lazy\" decoding=\"async\" class=\"alignleft size-medium wp-image-456907\" alt=\"5766173w\" src=\"https:\/\/www.eldigitaldeasturias.com\/noticias\/wp-content\/uploads\/2013\/12\/5766173w-360x243.jpg\" width=\"360\" height=\"243\" \/>Madrid, 2 dic (EFE).- El presidente del Gobierno, Mariano Rajoy, ha enviado a la familia del empresario asturiano Jos\u00e9 Cosmen, impulsor de la empresa multinacional de autobuses ALSA, fallecido ayer, un telegrama en el que traslada el p\u00e9same por su fallecimiento.<\/p>\n<p>\u00abTras conocer la triste noticia del fallecimiento de don Jos\u00e9 Cosmen Adelaida, quisiera, en nombre del Gobierno y en el m\u00edo propio, trasladar nuestro m\u00e1s sincero p\u00e9same y m\u00e1s cercano afecto a toda su familia y amigos m\u00e1s allegados\u00bb, afirma el telegrama del presidente del Gobierno.<\/p>\n<p>Rajoy ha destacado que Cosmen \u00abha sido un brillante ejemplo de trabajo y dedicaci\u00f3n, logrando hacer de la emblem\u00e1tica empresa espa\u00f1ola ALSA un grupo multinacional con presencia en varios continentes y con negocios diversificados de gran relevancia en el \u00e1mbito del transporte\u00bb.<\/p>\n<p>Ha a\u00f1adido que el empresario ha sido \u00abun claro exponente de la capacidad estrat\u00e9gica y de internacionalizaci\u00f3n, as\u00ed como de la fortaleza de nuestro tejido empresarial\u00bb.<\/p>\n","protected":false},"excerpt":{"rendered":"<p>Madrid, 2 dic (EFE).- El presidente del Gobierno, Mariano Rajoy, ha enviado a la familia del empresario asturiano Jos\u00e9 Cosmen, impulsor de la empresa multinacional de autobuses ALSA, fallecido ayer, un telegrama en el que traslada el p\u00e9same por su fallecimiento. \u00abTras conocer la triste noticia del fallecimiento de don Jos\u00e9 Cosmen Adelaida, quisiera, en [&hellip;]<\/p>\n","protected":false},"author":1,"featured_media":456907,"comment_status":"closed","ping_status":"open","sticky":false,"template":"","format":"standard","meta":{"footnotes":""},"categories":[12],"tags":[],"class_list":["post-456906","post","type-post","status-publish","format-standard","has-post-thumbnail","hentry","category-actualidad-asturias"],"aioseo_notices":[],"aioseo_head":"\n\t\t<!-- All in One SEO Pro 5.0.1 - aioseo.com -->\n\t<meta name=\"description\" content=\"Madrid, 2 dic (EFE).- El presidente del Gobierno, Mariano Rajoy, ha enviado a la familia del empresario asturiano Jos\u00e9 Cosmen, impulsor de la empresa multinacional de autobuses ALSA, fallecido ayer, un telegrama en el que traslada el p\u00e9same por su fallecimiento. &quot;Tras conocer la triste noticia del fallecimiento de don Jos\u00e9 Cosmen Adelaida, quisiera, en\" \/>\n\t<meta name=\"robots\" content=\"max-image-preview:large\" \/>\n\t<meta name=\"author\" content=\"El Digital de Asturias\"\/>\n\t<meta name=\"google-site-verification\" content=\"UA-38556648-1\" \/>\n\t<meta name=\"msvalidate.01\" content=\"7dfe9f3f1b24437ab69f4f2559babe99\" \/>\n\t<meta name=\"keywords\" content=\"actualidad asturias\" \/>\n\t<link rel=\"canonical\" href=\"https:\/\/www.eldigitaldeasturias.com\/noticias\/rajoy-traslada-el-pesame-del-gobierno-a-la-familia-del-empresario-jose-cosmen\/\" \/>\n\t<meta name=\"generator\" content=\"All in One SEO Pro (AIOSEO) 5.0.1\" \/>\n\t\t<meta property=\"og:locale\" content=\"es_ES\" \/>\n\t\t<meta property=\"og:site_name\" content=\"El Digital de Asturias\" \/>\n\t\t<meta property=\"og:type\" content=\"article\" \/>\n\t\t<meta property=\"og:title\" content=\"Rajoy traslada el p\u00e9same del Gobierno a la familia del empresario Jos\u00e9 Cosmen - El Digital de Asturias\" \/>\n\t\t<meta property=\"og:description\" content=\"Madrid, 2 dic (EFE).- El presidente del Gobierno, Mariano Rajoy, ha enviado a la familia del empresario asturiano Jos\u00e9 Cosmen, impulsor de la empresa multinacional de autobuses ALSA, fallecido ayer, un telegrama en el que traslada el p\u00e9same por su fallecimiento. &quot;Tras conocer la triste noticia del fallecimiento de don Jos\u00e9 Cosmen Adelaida, quisiera, en\" \/>\n\t\t<meta property=\"og:url\" content=\"https:\/\/www.eldigitaldeasturias.com\/noticias\/rajoy-traslada-el-pesame-del-gobierno-a-la-familia-del-empresario-jose-cosmen\/\" \/>\n\t\t<meta property=\"article:tag\" content=\"actualidad asturias\" \/>\n\t\t<meta property=\"article:published_time\" content=\"2013-12-03T00:36:19+00:00\" \/>\n\t\t<meta property=\"article:modified_time\" content=\"2013-12-03T00:36:19+00:00\" \/>\n\t\t<meta property=\"article:publisher\" content=\"https:\/\/facebook.com\/eldigitaldeasturias\" \/>\n\t\t<meta name=\"twitter:card\" content=\"summary_large_image\" \/>\n\t\t<meta name=\"twitter:title\" content=\"Rajoy traslada el p\u00e9same del Gobierno a la familia del empresario Jos\u00e9 Cosmen - El Digital de Asturias\" \/>\n\t\t<meta name=\"twitter:description\" content=\"Madrid, 2 dic (EFE).- El presidente del Gobierno, Mariano Rajoy, ha enviado a la familia del empresario asturiano Jos\u00e9 Cosmen, impulsor de la empresa multinacional de autobuses ALSA, fallecido ayer, un telegrama en el que traslada el p\u00e9same por su fallecimiento. &quot;Tras conocer la triste noticia del fallecimiento de don Jos\u00e9 Cosmen Adelaida, quisiera, en\" \/>\n\t\t<meta name=\"twitter:label1\" content=\"Escrito por\" \/>\n\t\t<meta name=\"twitter:data1\" content=\"El Digital de Asturias\" \/>\n\t\t<meta name=\"twitter:label2\" content=\"Tiempo de lectura estimado\" \/>\n\t\t<meta name=\"twitter:data2\" content=\"1 minuto\" \/>\n\t\t<script type=\"application\/ld+json\" class=\"aioseo-schema\">\n\t\t\t{\"@context\":\"https:\\\/\\\/schema.org\",\"@graph\":[{\"@type\":\"BlogPosting\",\"@id\":\"https:\\\/\\\/www.eldigitaldeasturias.com\\\/noticias\\\/rajoy-traslada-el-pesame-del-gobierno-a-la-familia-del-empresario-jose-cosmen\\\/#blogposting\",\"name\":\"Rajoy traslada el p\\u00e9same del Gobierno a la familia del empresario Jos\\u00e9 Cosmen - El Digital de Asturias\",\"headline\":\"Rajoy traslada el p\\u00e9same del Gobierno a la familia del empresario Jos\\u00e9 Cosmen\",\"author\":{\"@id\":\"https:\\\/\\\/www.eldigitaldeasturias.com\\\/noticias\\\/author\\\/admin\\\/#author\"},\"publisher\":{\"@id\":\"https:\\\/\\\/www.eldigitaldeasturias.com\\\/noticias\\\/#organization\"},\"image\":{\"@type\":\"ImageObject\",\"url\":456907},\"datePublished\":\"2013-12-02T23:36:19+01:00\",\"dateModified\":\"2013-12-02T23:36:19+01:00\",\"inLanguage\":\"es-ES\",\"mainEntityOfPage\":{\"@id\":\"https:\\\/\\\/www.eldigitaldeasturias.com\\\/noticias\\\/rajoy-traslada-el-pesame-del-gobierno-a-la-familia-del-empresario-jose-cosmen\\\/#webpage\"},\"isPartOf\":{\"@id\":\"https:\\\/\\\/www.eldigitaldeasturias.com\\\/noticias\\\/rajoy-traslada-el-pesame-del-gobierno-a-la-familia-del-empresario-jose-cosmen\\\/#webpage\"},\"articleSection\":\"Actualidad Asturias\"},{\"@type\":\"BreadcrumbList\",\"@id\":\"https:\\\/\\\/www.eldigitaldeasturias.com\\\/noticias\\\/rajoy-traslada-el-pesame-del-gobierno-a-la-familia-del-empresario-jose-cosmen\\\/#breadcrumblist\",\"itemListElement\":[{\"@type\":\"ListItem\",\"@id\":\"https:\\\/\\\/www.eldigitaldeasturias.com\\\/noticias#listItem\",\"position\":1,\"name\":\"Home\",\"item\":\"https:\\\/\\\/www.eldigitaldeasturias.com\\\/noticias\",\"nextItem\":{\"@type\":\"ListItem\",\"@id\":\"https:\\\/\\\/www.eldigitaldeasturias.com\\\/noticias\\\/category\\\/actualidad-asturias\\\/#listItem\",\"name\":\"Actualidad Asturias\"}},{\"@type\":\"ListItem\",\"@id\":\"https:\\\/\\\/www.eldigitaldeasturias.com\\\/noticias\\\/category\\\/actualidad-asturias\\\/#listItem\",\"position\":2,\"name\":\"Actualidad Asturias\",\"item\":\"https:\\\/\\\/www.eldigitaldeasturias.com\\\/noticias\\\/category\\\/actualidad-asturias\\\/\",\"nextItem\":{\"@type\":\"ListItem\",\"@id\":\"https:\\\/\\\/www.eldigitaldeasturias.com\\\/noticias\\\/rajoy-traslada-el-pesame-del-gobierno-a-la-familia-del-empresario-jose-cosmen\\\/#listItem\",\"name\":\"Rajoy traslada el p\\u00e9same del Gobierno a la familia del empresario Jos\\u00e9 Cosmen\"},\"previousItem\":{\"@type\":\"ListItem\",\"@id\":\"https:\\\/\\\/www.eldigitaldeasturias.com\\\/noticias#listItem\",\"name\":\"Home\"}},{\"@type\":\"ListItem\",\"@id\":\"https:\\\/\\\/www.eldigitaldeasturias.com\\\/noticias\\\/rajoy-traslada-el-pesame-del-gobierno-a-la-familia-del-empresario-jose-cosmen\\\/#listItem\",\"position\":3,\"name\":\"Rajoy traslada el p\\u00e9same del Gobierno a la familia del empresario Jos\\u00e9 Cosmen\",\"previousItem\":{\"@type\":\"ListItem\",\"@id\":\"https:\\\/\\\/www.eldigitaldeasturias.com\\\/noticias\\\/category\\\/actualidad-asturias\\\/#listItem\",\"name\":\"Actualidad Asturias\"}}]},{\"@type\":\"Organization\",\"@id\":\"https:\\\/\\\/www.eldigitaldeasturias.com\\\/noticias\\\/#organization\",\"name\":\"El Digital de Asturias\",\"description\":\"Hemeroteca\",\"url\":\"https:\\\/\\\/www.eldigitaldeasturias.com\\\/noticias\\\/\",\"email\":\"info@eldigitaldeasturias.com\",\"telephone\":\"+34652131393\",\"logo\":{\"@type\":\"ImageObject\",\"url\":\"https:\\\/\\\/www.eldigitaldeasturias.com\\\/noticias\\\/wp-content\\\/uploads\\\/2020\\\/12\\\/EDA.jpg\",\"@id\":\"https:\\\/\\\/www.eldigitaldeasturias.com\\\/noticias\\\/rajoy-traslada-el-pesame-del-gobierno-a-la-familia-del-empresario-jose-cosmen\\\/#organizationLogo\"},\"image\":{\"@id\":\"https:\\\/\\\/www.eldigitaldeasturias.com\\\/noticias\\\/rajoy-traslada-el-pesame-del-gobierno-a-la-familia-del-empresario-jose-cosmen\\\/#organizationLogo\"},\"sameAs\":[\"https:\\\/\\\/facebook.com\\\/eldigitaldeasturias\",\"https:\\\/\\\/www.youtube.com\\\/channel\\\/UCZP-2wLEB9Rv6erhFmqVnvg\"],\"address\":{\"@id\":\"https:\\\/\\\/www.eldigitaldeasturias.com\\\/noticias\\\/#postaladdress\",\"@type\":\"PostalAddress\",\"streetAddress\":\"san antonio 4\",\"postalCode\":\"33430\",\"addressLocality\":\"Cand\\u00e1s\",\"addressRegion\":\"Asturias\",\"addressCountry\":\"ES\"}},{\"@type\":\"Person\",\"@id\":\"https:\\\/\\\/www.eldigitaldeasturias.com\\\/noticias\\\/author\\\/admin\\\/#author\",\"url\":\"https:\\\/\\\/www.eldigitaldeasturias.com\\\/noticias\\\/author\\\/admin\\\/\",\"name\":\"El Digital de Asturias\",\"image\":{\"@type\":\"ImageObject\",\"@id\":\"https:\\\/\\\/www.eldigitaldeasturias.com\\\/noticias\\\/rajoy-traslada-el-pesame-del-gobierno-a-la-familia-del-empresario-jose-cosmen\\\/#authorImage\",\"url\":\"https:\\\/\\\/secure.gravatar.com\\\/avatar\\\/df2aeffc32bcd13f8d26072ef8a91b623d677766deac7f97ca815868cd41bf5e?s=96&d=mm&r=g\",\"width\":96,\"height\":96,\"caption\":\"El Digital de Asturias\"}},{\"@type\":\"WebPage\",\"@id\":\"https:\\\/\\\/www.eldigitaldeasturias.com\\\/noticias\\\/rajoy-traslada-el-pesame-del-gobierno-a-la-familia-del-empresario-jose-cosmen\\\/#webpage\",\"url\":\"https:\\\/\\\/www.eldigitaldeasturias.com\\\/noticias\\\/rajoy-traslada-el-pesame-del-gobierno-a-la-familia-del-empresario-jose-cosmen\\\/\",\"name\":\"Rajoy traslada el p\\u00e9same del Gobierno a la familia del empresario Jos\\u00e9 Cosmen - El Digital de Asturias\",\"description\":\"Madrid, 2 dic (EFE).- El presidente del Gobierno, Mariano Rajoy, ha enviado a la familia del empresario asturiano Jos\\u00e9 Cosmen, impulsor de la empresa multinacional de autobuses ALSA, fallecido ayer, un telegrama en el que traslada el p\\u00e9same por su fallecimiento. \\\"Tras conocer la triste noticia del fallecimiento de don Jos\\u00e9 Cosmen Adelaida, quisiera, en\",\"inLanguage\":\"es-ES\",\"isPartOf\":{\"@id\":\"https:\\\/\\\/www.eldigitaldeasturias.com\\\/noticias\\\/#website\"},\"breadcrumb\":{\"@id\":\"https:\\\/\\\/www.eldigitaldeasturias.com\\\/noticias\\\/rajoy-traslada-el-pesame-del-gobierno-a-la-familia-del-empresario-jose-cosmen\\\/#breadcrumblist\"},\"author\":{\"@id\":\"https:\\\/\\\/www.eldigitaldeasturias.com\\\/noticias\\\/author\\\/admin\\\/#author\"},\"creator\":{\"@id\":\"https:\\\/\\\/www.eldigitaldeasturias.com\\\/noticias\\\/author\\\/admin\\\/#author\"},\"image\":{\"@type\":\"ImageObject\",\"url\":456907,\"@id\":\"https:\\\/\\\/www.eldigitaldeasturias.com\\\/noticias\\\/rajoy-traslada-el-pesame-del-gobierno-a-la-familia-del-empresario-jose-cosmen\\\/#mainImage\"},\"primaryImageOfPage\":{\"@id\":\"https:\\\/\\\/www.eldigitaldeasturias.com\\\/noticias\\\/rajoy-traslada-el-pesame-del-gobierno-a-la-familia-del-empresario-jose-cosmen\\\/#mainImage\"},\"datePublished\":\"2013-12-02T23:36:19+01:00\",\"dateModified\":\"2013-12-02T23:36:19+01:00\"},{\"@type\":\"WebSite\",\"@id\":\"https:\\\/\\\/www.eldigitaldeasturias.com\\\/noticias\\\/#website\",\"url\":\"https:\\\/\\\/www.eldigitaldeasturias.com\\\/noticias\\\/\",\"name\":\"El Digital de Asturias - Diario de actualidad y noticias\",\"alternateName\":\"El Digital de Asturias - Diario de actualidad y noticias\",\"description\":\"Hemeroteca\",\"inLanguage\":\"es-ES\",\"publisher\":{\"@id\":\"https:\\\/\\\/www.eldigitaldeasturias.com\\\/noticias\\\/#organization\"}}]}\n\t\t<\/script>\n\t\t<!-- All in One SEO Pro -->\r\n\t\t<title>Rajoy traslada el p\u00e9same del Gobierno a la familia del empresario Jos\u00e9 Cosmen - El Digital de Asturias<\/title>\n\n","aioseo_head_json":{"title":"Rajoy traslada el p\u00e9same del Gobierno a la familia del empresario Jos\u00e9 Cosmen - El Digital de Asturias","description":"Madrid, 2 dic (EFE).- El presidente del Gobierno, Mariano Rajoy, ha enviado a la familia del empresario asturiano Jos\u00e9 Cosmen, impulsor de la empresa multinacional de autobuses ALSA, fallecido ayer, un telegrama en el que traslada el p\u00e9same por su fallecimiento. \"Tras conocer la triste noticia del fallecimiento de don Jos\u00e9 Cosmen Adelaida, quisiera, en","canonical_url":"https:\/\/www.eldigitaldeasturias.com\/noticias\/rajoy-traslada-el-pesame-del-gobierno-a-la-familia-del-empresario-jose-cosmen\/","robots":"max-image-preview:large","keywords":"actualidad asturias","webmasterTools":{"google-site-verification":"UA-38556648-1","msvalidate.01":"7dfe9f3f1b24437ab69f4f2559babe99","miscellaneous":""},"schema":{"@context":"https:\/\/schema.org","@graph":[{"@type":"BlogPosting","@id":"https:\/\/www.eldigitaldeasturias.com\/noticias\/rajoy-traslada-el-pesame-del-gobierno-a-la-familia-del-empresario-jose-cosmen\/#blogposting","name":"Rajoy traslada el p\u00e9same del Gobierno a la familia del empresario Jos\u00e9 Cosmen - El Digital de Asturias","headline":"Rajoy traslada el p\u00e9same del Gobierno a la familia del empresario Jos\u00e9 Cosmen","author":{"@id":"https:\/\/www.eldigitaldeasturias.com\/noticias\/author\/admin\/#author"},"publisher":{"@id":"https:\/\/www.eldigitaldeasturias.com\/noticias\/#organization"},"image":{"@type":"ImageObject","url":456907},"datePublished":"2013-12-02T23:36:19+01:00","dateModified":"2013-12-02T23:36:19+01:00","inLanguage":"es-ES","mainEntityOfPage":{"@id":"https:\/\/www.eldigitaldeasturias.com\/noticias\/rajoy-traslada-el-pesame-del-gobierno-a-la-familia-del-empresario-jose-cosmen\/#webpage"},"isPartOf":{"@id":"https:\/\/www.eldigitaldeasturias.com\/noticias\/rajoy-traslada-el-pesame-del-gobierno-a-la-familia-del-empresario-jose-cosmen\/#webpage"},"articleSection":"Actualidad Asturias"},{"@type":"BreadcrumbList","@id":"https:\/\/www.eldigitaldeasturias.com\/noticias\/rajoy-traslada-el-pesame-del-gobierno-a-la-familia-del-empresario-jose-cosmen\/#breadcrumblist","itemListElement":[{"@type":"ListItem","@id":"https:\/\/www.eldigitaldeasturias.com\/noticias#listItem","position":1,"name":"Home","item":"https:\/\/www.eldigitaldeasturias.com\/noticias","nextItem":{"@type":"ListItem","@id":"https:\/\/www.eldigitaldeasturias.com\/noticias\/category\/actualidad-asturias\/#listItem","name":"Actualidad Asturias"}},{"@type":"ListItem","@id":"https:\/\/www.eldigitaldeasturias.com\/noticias\/category\/actualidad-asturias\/#listItem","position":2,"name":"Actualidad Asturias","item":"https:\/\/www.eldigitaldeasturias.com\/noticias\/category\/actualidad-asturias\/","nextItem":{"@type":"ListItem","@id":"https:\/\/www.eldigitaldeasturias.com\/noticias\/rajoy-traslada-el-pesame-del-gobierno-a-la-familia-del-empresario-jose-cosmen\/#listItem","name":"Rajoy traslada el p\u00e9same del Gobierno a la familia del empresario Jos\u00e9 Cosmen"},"previousItem":{"@type":"ListItem","@id":"https:\/\/www.eldigitaldeasturias.com\/noticias#listItem","name":"Home"}},{"@type":"ListItem","@id":"https:\/\/www.eldigitaldeasturias.com\/noticias\/rajoy-traslada-el-pesame-del-gobierno-a-la-familia-del-empresario-jose-cosmen\/#listItem","position":3,"name":"Rajoy traslada el p\u00e9same del Gobierno a la familia del empresario Jos\u00e9 Cosmen","previousItem":{"@type":"ListItem","@id":"https:\/\/www.eldigitaldeasturias.com\/noticias\/category\/actualidad-asturias\/#listItem","name":"Actualidad Asturias"}}]},{"@type":"Organization","@id":"https:\/\/www.eldigitaldeasturias.com\/noticias\/#organization","name":"El Digital de Asturias","description":"Hemeroteca","url":"https:\/\/www.eldigitaldeasturias.com\/noticias\/","email":"info@eldigitaldeasturias.com","telephone":"+34652131393","logo":{"@type":"ImageObject","url":"https:\/\/www.eldigitaldeasturias.com\/noticias\/wp-content\/uploads\/2020\/12\/EDA.jpg","@id":"https:\/\/www.eldigitaldeasturias.com\/noticias\/rajoy-traslada-el-pesame-del-gobierno-a-la-familia-del-empresario-jose-cosmen\/#organizationLogo"},"image":{"@id":"https:\/\/www.eldigitaldeasturias.com\/noticias\/rajoy-traslada-el-pesame-del-gobierno-a-la-familia-del-empresario-jose-cosmen\/#organizationLogo"},"sameAs":["https:\/\/facebook.com\/eldigitaldeasturias","https:\/\/www.youtube.com\/channel\/UCZP-2wLEB9Rv6erhFmqVnvg"],"address":{"@id":"https:\/\/www.eldigitaldeasturias.com\/noticias\/#postaladdress","@type":"PostalAddress","streetAddress":"san antonio 4","postalCode":"33430","addressLocality":"Cand\u00e1s","addressRegion":"Asturias","addressCountry":"ES"}},{"@type":"Person","@id":"https:\/\/www.eldigitaldeasturias.com\/noticias\/author\/admin\/#author","url":"https:\/\/www.eldigitaldeasturias.com\/noticias\/author\/admin\/","name":"El Digital de Asturias","image":{"@type":"ImageObject","@id":"https:\/\/www.eldigitaldeasturias.com\/noticias\/rajoy-traslada-el-pesame-del-gobierno-a-la-familia-del-empresario-jose-cosmen\/#authorImage","url":"https:\/\/secure.gravatar.com\/avatar\/df2aeffc32bcd13f8d26072ef8a91b623d677766deac7f97ca815868cd41bf5e?s=96&d=mm&r=g","width":96,"height":96,"caption":"El Digital de Asturias"}},{"@type":"WebPage","@id":"https:\/\/www.eldigitaldeasturias.com\/noticias\/rajoy-traslada-el-pesame-del-gobierno-a-la-familia-del-empresario-jose-cosmen\/#webpage","url":"https:\/\/www.eldigitaldeasturias.com\/noticias\/rajoy-traslada-el-pesame-del-gobierno-a-la-familia-del-empresario-jose-cosmen\/","name":"Rajoy traslada el p\u00e9same del Gobierno a la familia del empresario Jos\u00e9 Cosmen - El Digital de Asturias","description":"Madrid, 2 dic (EFE).- El presidente del Gobierno, Mariano Rajoy, ha enviado a la familia del empresario asturiano Jos\u00e9 Cosmen, impulsor de la empresa multinacional de autobuses ALSA, fallecido ayer, un telegrama en el que traslada el p\u00e9same por su fallecimiento. \"Tras conocer la triste noticia del fallecimiento de don Jos\u00e9 Cosmen Adelaida, quisiera, en","inLanguage":"es-ES","isPartOf":{"@id":"https:\/\/www.eldigitaldeasturias.com\/noticias\/#website"},"breadcrumb":{"@id":"https:\/\/www.eldigitaldeasturias.com\/noticias\/rajoy-traslada-el-pesame-del-gobierno-a-la-familia-del-empresario-jose-cosmen\/#breadcrumblist"},"author":{"@id":"https:\/\/www.eldigitaldeasturias.com\/noticias\/author\/admin\/#author"},"creator":{"@id":"https:\/\/www.eldigitaldeasturias.com\/noticias\/author\/admin\/#author"},"image":{"@type":"ImageObject","url":456907,"@id":"https:\/\/www.eldigitaldeasturias.com\/noticias\/rajoy-traslada-el-pesame-del-gobierno-a-la-familia-del-empresario-jose-cosmen\/#mainImage"},"primaryImageOfPage":{"@id":"https:\/\/www.eldigitaldeasturias.com\/noticias\/rajoy-traslada-el-pesame-del-gobierno-a-la-familia-del-empresario-jose-cosmen\/#mainImage"},"datePublished":"2013-12-02T23:36:19+01:00","dateModified":"2013-12-02T23:36:19+01:00"},{"@type":"WebSite","@id":"https:\/\/www.eldigitaldeasturias.com\/noticias\/#website","url":"https:\/\/www.eldigitaldeasturias.com\/noticias\/","name":"El Digital de Asturias - Diario de actualidad y noticias","alternateName":"El Digital de Asturias - Diario de actualidad y noticias","description":"Hemeroteca","inLanguage":"es-ES","publisher":{"@id":"https:\/\/www.eldigitaldeasturias.com\/noticias\/#organization"}}]},"og:locale":"es_ES","og:site_name":"El Digital de Asturias","og:type":"article","og:title":"Rajoy traslada el p\u00e9same del Gobierno a la familia del empresario Jos\u00e9 Cosmen - El Digital de Asturias","og:description":"Madrid, 2 dic (EFE).- El presidente del Gobierno, Mariano Rajoy, ha enviado a la familia del empresario asturiano Jos\u00e9 Cosmen, impulsor de la empresa multinacional de autobuses ALSA, fallecido ayer, un telegrama en el que traslada el p\u00e9same por su fallecimiento. &quot;Tras conocer la triste noticia del fallecimiento de don Jos\u00e9 Cosmen Adelaida, quisiera, en","og:url":"https:\/\/www.eldigitaldeasturias.com\/noticias\/rajoy-traslada-el-pesame-del-gobierno-a-la-familia-del-empresario-jose-cosmen\/","article:tag":["actualidad asturias"],"article:published_time":"2013-12-03T00:36:19+00:00","article:modified_time":"2013-12-03T00:36:19+00:00","article:publisher":"https:\/\/facebook.com\/eldigitaldeasturias","twitter:card":"summary_large_image","twitter:title":"Rajoy traslada el p\u00e9same del Gobierno a la familia del empresario Jos\u00e9 Cosmen - El Digital de Asturias","twitter:description":"Madrid, 2 dic (EFE).- El presidente del Gobierno, Mariano Rajoy, ha enviado a la familia del empresario asturiano Jos\u00e9 Cosmen, impulsor de la empresa multinacional de autobuses ALSA, fallecido ayer, un telegrama en el que traslada el p\u00e9same por su fallecimiento. &quot;Tras conocer la triste noticia del fallecimiento de don Jos\u00e9 Cosmen Adelaida, quisiera, en","twitter:label1":"Escrito por","twitter:data1":"El Digital de Asturias","twitter:label2":"Tiempo de lectura estimado","twitter:data2":"1 minuto"},"aioseo_meta_data":{"post_id":"456906","title":null,"description":null,"keywords":null,"keyphrases":null,"primary_term":null,"canonical_url":null,"og_title":null,"og_description":null,"og_object_type":"default","og_image_type":"default","og_image_url":null,"og_image_width":null,"og_image_height":null,"og_image_custom_url":null,"og_image_custom_fields":null,"og_video":null,"og_custom_url":null,"og_article_section":null,"og_article_tags":null,"twitter_use_og":true,"twitter_card":"default","twitter_image_type":"default","twitter_image_url":null,"twitter_image_custom_url":null,"twitter_image_custom_fields":null,"twitter_title":null,"twitter_description":null,"schema":{"blockGraphs":[],"customGraphs":[],"default":{"data":{"Article":[],"Course":[],"Dataset":[],"FAQPage":[],"Movie":[],"Person":[],"Product":[],"ProductReview":[],"Car":[],"Recipe":[],"Service":[],"SoftwareApplication":[],"WebPage":[]},"graphName":"","isEnabled":true},"graphs":[],"defaultGraph":"","defaultPostTypeGraph":""},"schema_type":null,"schema_type_options":null,"pillar_content":false,"robots_default":true,"robots_noindex":false,"robots_noarchive":false,"robots_nosnippet":false,"robots_nofollow":false,"robots_noimageindex":false,"robots_noodp":false,"robots_notranslate":false,"robots_max_snippet":null,"robots_max_videopreview":null,"robots_max_imagepreview":"none","priority":null,"frequency":null,"local_seo":null,"seo_analyzer_scan_date":"2026-05-29 23:37:43","breadcrumb_settings":null,"limit_modified_date":false,"open_ai":null,"ai":null,"created":"2020-11-14 22:46:04","updated":"2026-05-29 23:37:43","focus_keyword":null,"additional_keywords":null,"truseo_locale":null},"aioseo_breadcrumb":"<div class=\"aioseo-breadcrumbs\"><span class=\"aioseo-breadcrumb\">\n\t<a href=\"https:\/\/www.eldigitaldeasturias.com\/noticias\" title=\"Home\">Home<\/a>\n<\/span><span class=\"aioseo-breadcrumb-separator\">\u2013<\/span><span class=\"aioseo-breadcrumb\">\n\t<a href=\"https:\/\/www.eldigitaldeasturias.com\/noticias\/category\/actualidad-asturias\/\" title=\"Actualidad Asturias\">Actualidad Asturias<\/a>\n<\/span><span class=\"aioseo-breadcrumb-separator\">\u2013<\/span><span class=\"aioseo-breadcrumb\">\n\t<a href=\"https:\/\/www.eldigitaldeasturias.com\/noticias\/rajoy-traslada-el-pesame-del-gobierno-a-la-familia-del-empresario-jose-cosmen\/\" title=\"Rajoy traslada el p\u00e9same del Gobierno a la familia del empresario Jos\u00e9 Cosmen\">Rajoy traslada el p\u00e9same del Gobierno a la familia del empresario Jos\u00e9 Cosmen<\/a>\n<\/span><\/div>","aioseo_breadcrumb_json":[{"label":"Home","link":"https:\/\/www.eldigitaldeasturias.com\/noticias"},{"label":"Actualidad Asturias","link":"https:\/\/www.eldigitaldeasturias.com\/noticias\/category\/actualidad-asturias\/"},{"label":"Rajoy traslada el p\u00e9same del Gobierno a la familia del empresario Jos\u00e9 Cosmen","link":"https:\/\/www.eldigitaldeasturias.com\/noticias\/rajoy-traslada-el-pesame-del-gobierno-a-la-familia-del-empresario-jose-cosmen\/"}],"_links":{"self":[{"href":"https:\/\/www.eldigitaldeasturias.com\/noticias\/wp-json\/wp\/v2\/posts\/456906","targetHints":{"allow":["GET"]}}],"collection":[{"href":"https:\/\/www.eldigitaldeasturias.com\/noticias\/wp-json\/wp\/v2\/posts"}],"about":[{"href":"https:\/\/www.eldigitaldeasturias.com\/noticias\/wp-json\/wp\/v2\/types\/post"}],"author":[{"embeddable":true,"href":"https:\/\/www.eldigitaldeasturias.com\/noticias\/wp-json\/wp\/v2\/users\/1"}],"replies":[{"embeddable":true,"href":"https:\/\/www.eldigitaldeasturias.com\/noticias\/wp-json\/wp\/v2\/comments?post=456906"}],"version-history":[{"count":0,"href":"https:\/\/www.eldigitaldeasturias.com\/noticias\/wp-json\/wp\/v2\/posts\/456906\/revisions"}],"wp:attachment":[{"href":"https:\/\/www.eldigitaldeasturias.com\/noticias\/wp-json\/wp\/v2\/media?parent=456906"}],"wp:term":[{"taxonomy":"category","embeddable":true,"href":"https:\/\/www.eldigitaldeasturias.com\/noticias\/wp-json\/wp\/v2\/categories?post=456906"},{"taxonomy":"post_tag","embeddable":true,"href":"https:\/\/www.eldigitaldeasturias.com\/noticias\/wp-json\/wp\/v2\/tags?post=456906"}],"curies":[{"name":"wp","href":"https:\/\/api.w.org\/{rel}","templated":true}]}}