{"id":456876,"date":"2013-12-02T23:21:58","date_gmt":"2013-12-03T00:21:58","guid":{"rendered":"http:\/\/www.eldigitaldeasturias.com\/noticias\/?p=456876"},"modified":"2013-12-02T23:21:58","modified_gmt":"2013-12-03T00:21:58","slug":"un-sindicato-agrario-gallego-se-opone-a-la-reintroduccion-del-oso-si-afecta-a-la-ganaderia","status":"publish","type":"post","link":"https:\/\/www.eldigitaldeasturias.com\/noticias\/un-sindicato-agrario-gallego-se-opone-a-la-reintroduccion-del-oso-si-afecta-a-la-ganaderia\/","title":{"rendered":"Un sindicato agrario gallego se opone a la \u00abreintroducci\u00f3n\u00bb del oso si afecta a la ganader\u00eda"},"content":{"rendered":"<p><img loading=\"lazy\" decoding=\"async\" class=\"alignleft size-medium wp-image-456877\" alt=\"5765874w\" src=\"https:\/\/www.eldigitaldeasturias.com\/noticias\/wp-content\/uploads\/2013\/12\/5765874w-360x252.jpg\" width=\"360\" height=\"252\" \/>Lugo, 2 dic (EFE).- El sindicato Uni\u00f3ns Agrarias (UU.AA) ha anunciado que se opondr\u00e1 al plan de recuperaci\u00f3n del oso pardo en la Monta\u00f1a de Lugo si no se tiene en cuenta el car\u00e1cter prioritario de la ganader\u00eda, dado que la actividad agropecuaria sigue siendo el principal motor econ\u00f3mico de esta zona de la provincia.<\/p>\n<p>En declaraciones a los medios de comunicaci\u00f3n, el secretario de Desarrollo Rural de UU.AA, Jacobo Feij\u00f3o, afirm\u00f3 que \u00ablas acciones o decisiones\u00bb que se adopten para \u00abconsolidar la presencia del oso pardo en la comarca de la Monta\u00f1a de Lugo\u00bb tienen que \u00abcontar con sus habitantes\u00bb y tener en cuenta tambi\u00e9n \u00absus necesidades\u00bb.<\/p>\n<p>En ese sentido, subray\u00f3 que la Xunta de Galicia no puede olvidar la importancia de \u00abgarantizar la continuidad de las actividades productivas del sector primario\u00bb, porque son \u00abel verdadero soporte econ\u00f3mico de la zona\u00bb, adem\u00e1s de cuidar de la \u00abpervivencia y continuidad de sus ecosistemas naturales\u00bb.<\/p>\n<p>\u00abUni\u00f3ns Agrarias est\u00e1 a favor de la conservaci\u00f3n del oso, y de la consolidaci\u00f3n de sus poblaciones, pero tiene que hacerse de forma compatible con la actividad humana, con compensaciones a los habitantes del rural por todas aquellas p\u00e9rdidas que suponga la limitaci\u00f3n de sus actividades productivas\u00bb, a\u00f1adi\u00f3.<\/p>\n<p>En ese sentido, record\u00f3 que en este momento \u00abno est\u00e1n funcionando las ayudas por los da\u00f1os del lobo\u00bb, que \u00abcuando llegan lo hacen mal y tarde\u00bb, incluso \u00abcon dos a\u00f1os de retraso\u00bb, e igualmente la Xunta de Galicia se est\u00e1 mostrando \u00abimpotente\u00bb para controlar los da\u00f1os originados por el jabal\u00ed.<\/p>\n<p>Por ello, \u00abcualquier reintroducci\u00f3n del oso\u00bb tiene que venir acompa\u00f1ada de garant\u00edas para \u00abla seguridad de las personas y de las explotaciones\u00bb.<\/p>\n","protected":false},"excerpt":{"rendered":"<p>Lugo, 2 dic (EFE).- El sindicato Uni\u00f3ns Agrarias (UU.AA) ha anunciado que se opondr\u00e1 al plan de recuperaci\u00f3n del oso pardo en la Monta\u00f1a de Lugo si no se tiene en cuenta el car\u00e1cter prioritario de la ganader\u00eda, dado que la actividad agropecuaria sigue siendo el principal motor econ\u00f3mico de esta zona de la provincia. [&hellip;]<\/p>\n","protected":false},"author":1,"featured_media":456877,"comment_status":"closed","ping_status":"open","sticky":false,"template":"","format":"standard","meta":{"footnotes":""},"categories":[28],"tags":[],"class_list":["post-456876","post","type-post","status-publish","format-standard","has-post-thumbnail","hentry","category-sociedad"],"aioseo_notices":[],"aioseo_head":"\n\t\t<!-- All in One SEO Pro 5.0.1 - aioseo.com -->\n\t<meta name=\"description\" content=\"Lugo, 2 dic (EFE).- El sindicato Uni\u00f3ns Agrarias (UU.AA) ha anunciado que se opondr\u00e1 al plan de recuperaci\u00f3n del oso pardo en la Monta\u00f1a de Lugo si no se tiene en cuenta el car\u00e1cter prioritario de la ganader\u00eda, dado que la actividad agropecuaria sigue siendo el principal motor econ\u00f3mico de esta zona de la provincia.\" \/>\n\t<meta name=\"robots\" content=\"max-image-preview:large\" \/>\n\t<meta name=\"author\" content=\"El Digital de Asturias\"\/>\n\t<meta name=\"google-site-verification\" content=\"UA-38556648-1\" \/>\n\t<meta name=\"msvalidate.01\" content=\"7dfe9f3f1b24437ab69f4f2559babe99\" \/>\n\t<meta name=\"keywords\" content=\"sociedad\" \/>\n\t<link rel=\"canonical\" href=\"https:\/\/www.eldigitaldeasturias.com\/noticias\/un-sindicato-agrario-gallego-se-opone-a-la-reintroduccion-del-oso-si-afecta-a-la-ganaderia\/\" \/>\n\t<meta name=\"generator\" content=\"All in One SEO Pro (AIOSEO) 5.0.1\" \/>\n\t\t<meta property=\"og:locale\" content=\"es_ES\" \/>\n\t\t<meta property=\"og:site_name\" content=\"El Digital de Asturias\" \/>\n\t\t<meta property=\"og:type\" content=\"article\" \/>\n\t\t<meta property=\"og:title\" content=\"Un sindicato agrario gallego se opone a la \u00abreintroducci\u00f3n\u00bb del oso si afecta a la ganader\u00eda - El Digital de Asturias\" \/>\n\t\t<meta property=\"og:description\" content=\"Lugo, 2 dic (EFE).- El sindicato Uni\u00f3ns Agrarias (UU.AA) ha anunciado que se opondr\u00e1 al plan de recuperaci\u00f3n del oso pardo en la Monta\u00f1a de Lugo si no se tiene en cuenta el car\u00e1cter prioritario de la ganader\u00eda, dado que la actividad agropecuaria sigue siendo el principal motor econ\u00f3mico de esta zona de la provincia.\" \/>\n\t\t<meta property=\"og:url\" content=\"https:\/\/www.eldigitaldeasturias.com\/noticias\/un-sindicato-agrario-gallego-se-opone-a-la-reintroduccion-del-oso-si-afecta-a-la-ganaderia\/\" \/>\n\t\t<meta property=\"article:tag\" content=\"sociedad\" \/>\n\t\t<meta property=\"article:published_time\" content=\"2013-12-03T00:21:58+00:00\" \/>\n\t\t<meta property=\"article:modified_time\" content=\"2013-12-03T00:21:58+00:00\" \/>\n\t\t<meta property=\"article:publisher\" content=\"https:\/\/facebook.com\/eldigitaldeasturias\" \/>\n\t\t<meta name=\"twitter:card\" content=\"summary_large_image\" \/>\n\t\t<meta name=\"twitter:title\" content=\"Un sindicato agrario gallego se opone a la \u00abreintroducci\u00f3n\u00bb del oso si afecta a la ganader\u00eda - El Digital de Asturias\" \/>\n\t\t<meta name=\"twitter:description\" content=\"Lugo, 2 dic (EFE).- El sindicato Uni\u00f3ns Agrarias (UU.AA) ha anunciado que se opondr\u00e1 al plan de recuperaci\u00f3n del oso pardo en la Monta\u00f1a de Lugo si no se tiene en cuenta el car\u00e1cter prioritario de la ganader\u00eda, dado que la actividad agropecuaria sigue siendo el principal motor econ\u00f3mico de esta zona de la provincia.\" \/>\n\t\t<meta name=\"twitter:label1\" content=\"Escrito por\" \/>\n\t\t<meta name=\"twitter:data1\" content=\"El Digital de Asturias\" \/>\n\t\t<meta name=\"twitter:label2\" content=\"Tiempo de lectura estimado\" \/>\n\t\t<meta name=\"twitter:data2\" content=\"2 minutos\" \/>\n\t\t<script type=\"application\/ld+json\" class=\"aioseo-schema\">\n\t\t\t{\"@context\":\"https:\\\/\\\/schema.org\",\"@graph\":[{\"@type\":\"BlogPosting\",\"@id\":\"https:\\\/\\\/www.eldigitaldeasturias.com\\\/noticias\\\/un-sindicato-agrario-gallego-se-opone-a-la-reintroduccion-del-oso-si-afecta-a-la-ganaderia\\\/#blogposting\",\"name\":\"Un sindicato agrario gallego se opone a la \\u00abreintroducci\\u00f3n\\u00bb del oso si afecta a la ganader\\u00eda - El Digital de Asturias\",\"headline\":\"Un sindicato agrario gallego se opone a la \\u00abreintroducci\\u00f3n\\u00bb del oso si afecta a la ganader\\u00eda\",\"author\":{\"@id\":\"https:\\\/\\\/www.eldigitaldeasturias.com\\\/noticias\\\/author\\\/admin\\\/#author\"},\"publisher\":{\"@id\":\"https:\\\/\\\/www.eldigitaldeasturias.com\\\/noticias\\\/#organization\"},\"image\":{\"@type\":\"ImageObject\",\"url\":456877},\"datePublished\":\"2013-12-02T23:21:58+01:00\",\"dateModified\":\"2013-12-02T23:21:58+01:00\",\"inLanguage\":\"es-ES\",\"mainEntityOfPage\":{\"@id\":\"https:\\\/\\\/www.eldigitaldeasturias.com\\\/noticias\\\/un-sindicato-agrario-gallego-se-opone-a-la-reintroduccion-del-oso-si-afecta-a-la-ganaderia\\\/#webpage\"},\"isPartOf\":{\"@id\":\"https:\\\/\\\/www.eldigitaldeasturias.com\\\/noticias\\\/un-sindicato-agrario-gallego-se-opone-a-la-reintroduccion-del-oso-si-afecta-a-la-ganaderia\\\/#webpage\"},\"articleSection\":\"Sociedad\"},{\"@type\":\"BreadcrumbList\",\"@id\":\"https:\\\/\\\/www.eldigitaldeasturias.com\\\/noticias\\\/un-sindicato-agrario-gallego-se-opone-a-la-reintroduccion-del-oso-si-afecta-a-la-ganaderia\\\/#breadcrumblist\",\"itemListElement\":[{\"@type\":\"ListItem\",\"@id\":\"https:\\\/\\\/www.eldigitaldeasturias.com\\\/noticias#listItem\",\"position\":1,\"name\":\"Home\",\"item\":\"https:\\\/\\\/www.eldigitaldeasturias.com\\\/noticias\",\"nextItem\":{\"@type\":\"ListItem\",\"@id\":\"https:\\\/\\\/www.eldigitaldeasturias.com\\\/noticias\\\/category\\\/sociedad\\\/#listItem\",\"name\":\"Sociedad\"}},{\"@type\":\"ListItem\",\"@id\":\"https:\\\/\\\/www.eldigitaldeasturias.com\\\/noticias\\\/category\\\/sociedad\\\/#listItem\",\"position\":2,\"name\":\"Sociedad\",\"item\":\"https:\\\/\\\/www.eldigitaldeasturias.com\\\/noticias\\\/category\\\/sociedad\\\/\",\"nextItem\":{\"@type\":\"ListItem\",\"@id\":\"https:\\\/\\\/www.eldigitaldeasturias.com\\\/noticias\\\/un-sindicato-agrario-gallego-se-opone-a-la-reintroduccion-del-oso-si-afecta-a-la-ganaderia\\\/#listItem\",\"name\":\"Un sindicato agrario gallego se opone a la \\u00abreintroducci\\u00f3n\\u00bb del oso si afecta a la ganader\\u00eda\"},\"previousItem\":{\"@type\":\"ListItem\",\"@id\":\"https:\\\/\\\/www.eldigitaldeasturias.com\\\/noticias#listItem\",\"name\":\"Home\"}},{\"@type\":\"ListItem\",\"@id\":\"https:\\\/\\\/www.eldigitaldeasturias.com\\\/noticias\\\/un-sindicato-agrario-gallego-se-opone-a-la-reintroduccion-del-oso-si-afecta-a-la-ganaderia\\\/#listItem\",\"position\":3,\"name\":\"Un sindicato agrario gallego se opone a la \\u00abreintroducci\\u00f3n\\u00bb del oso si afecta a la ganader\\u00eda\",\"previousItem\":{\"@type\":\"ListItem\",\"@id\":\"https:\\\/\\\/www.eldigitaldeasturias.com\\\/noticias\\\/category\\\/sociedad\\\/#listItem\",\"name\":\"Sociedad\"}}]},{\"@type\":\"Organization\",\"@id\":\"https:\\\/\\\/www.eldigitaldeasturias.com\\\/noticias\\\/#organization\",\"name\":\"El Digital de Asturias\",\"description\":\"Hemeroteca\",\"url\":\"https:\\\/\\\/www.eldigitaldeasturias.com\\\/noticias\\\/\",\"email\":\"info@eldigitaldeasturias.com\",\"telephone\":\"+34652131393\",\"logo\":{\"@type\":\"ImageObject\",\"url\":\"https:\\\/\\\/www.eldigitaldeasturias.com\\\/noticias\\\/wp-content\\\/uploads\\\/2020\\\/12\\\/EDA.jpg\",\"@id\":\"https:\\\/\\\/www.eldigitaldeasturias.com\\\/noticias\\\/un-sindicato-agrario-gallego-se-opone-a-la-reintroduccion-del-oso-si-afecta-a-la-ganaderia\\\/#organizationLogo\"},\"image\":{\"@id\":\"https:\\\/\\\/www.eldigitaldeasturias.com\\\/noticias\\\/un-sindicato-agrario-gallego-se-opone-a-la-reintroduccion-del-oso-si-afecta-a-la-ganaderia\\\/#organizationLogo\"},\"sameAs\":[\"https:\\\/\\\/facebook.com\\\/eldigitaldeasturias\",\"https:\\\/\\\/www.youtube.com\\\/channel\\\/UCZP-2wLEB9Rv6erhFmqVnvg\"],\"address\":{\"@id\":\"https:\\\/\\\/www.eldigitaldeasturias.com\\\/noticias\\\/#postaladdress\",\"@type\":\"PostalAddress\",\"streetAddress\":\"san antonio 4\",\"postalCode\":\"33430\",\"addressLocality\":\"Cand\\u00e1s\",\"addressRegion\":\"Asturias\",\"addressCountry\":\"ES\"}},{\"@type\":\"Person\",\"@id\":\"https:\\\/\\\/www.eldigitaldeasturias.com\\\/noticias\\\/author\\\/admin\\\/#author\",\"url\":\"https:\\\/\\\/www.eldigitaldeasturias.com\\\/noticias\\\/author\\\/admin\\\/\",\"name\":\"El Digital de Asturias\",\"image\":{\"@type\":\"ImageObject\",\"@id\":\"https:\\\/\\\/www.eldigitaldeasturias.com\\\/noticias\\\/un-sindicato-agrario-gallego-se-opone-a-la-reintroduccion-del-oso-si-afecta-a-la-ganaderia\\\/#authorImage\",\"url\":\"https:\\\/\\\/secure.gravatar.com\\\/avatar\\\/df2aeffc32bcd13f8d26072ef8a91b623d677766deac7f97ca815868cd41bf5e?s=96&d=mm&r=g\",\"width\":96,\"height\":96,\"caption\":\"El Digital de Asturias\"}},{\"@type\":\"WebPage\",\"@id\":\"https:\\\/\\\/www.eldigitaldeasturias.com\\\/noticias\\\/un-sindicato-agrario-gallego-se-opone-a-la-reintroduccion-del-oso-si-afecta-a-la-ganaderia\\\/#webpage\",\"url\":\"https:\\\/\\\/www.eldigitaldeasturias.com\\\/noticias\\\/un-sindicato-agrario-gallego-se-opone-a-la-reintroduccion-del-oso-si-afecta-a-la-ganaderia\\\/\",\"name\":\"Un sindicato agrario gallego se opone a la \\u00abreintroducci\\u00f3n\\u00bb del oso si afecta a la ganader\\u00eda - El Digital de Asturias\",\"description\":\"Lugo, 2 dic (EFE).- El sindicato Uni\\u00f3ns Agrarias (UU.AA) ha anunciado que se opondr\\u00e1 al plan de recuperaci\\u00f3n del oso pardo en la Monta\\u00f1a de Lugo si no se tiene en cuenta el car\\u00e1cter prioritario de la ganader\\u00eda, dado que la actividad agropecuaria sigue siendo el principal motor econ\\u00f3mico de esta zona de la provincia.\",\"inLanguage\":\"es-ES\",\"isPartOf\":{\"@id\":\"https:\\\/\\\/www.eldigitaldeasturias.com\\\/noticias\\\/#website\"},\"breadcrumb\":{\"@id\":\"https:\\\/\\\/www.eldigitaldeasturias.com\\\/noticias\\\/un-sindicato-agrario-gallego-se-opone-a-la-reintroduccion-del-oso-si-afecta-a-la-ganaderia\\\/#breadcrumblist\"},\"author\":{\"@id\":\"https:\\\/\\\/www.eldigitaldeasturias.com\\\/noticias\\\/author\\\/admin\\\/#author\"},\"creator\":{\"@id\":\"https:\\\/\\\/www.eldigitaldeasturias.com\\\/noticias\\\/author\\\/admin\\\/#author\"},\"image\":{\"@type\":\"ImageObject\",\"url\":456877,\"@id\":\"https:\\\/\\\/www.eldigitaldeasturias.com\\\/noticias\\\/un-sindicato-agrario-gallego-se-opone-a-la-reintroduccion-del-oso-si-afecta-a-la-ganaderia\\\/#mainImage\"},\"primaryImageOfPage\":{\"@id\":\"https:\\\/\\\/www.eldigitaldeasturias.com\\\/noticias\\\/un-sindicato-agrario-gallego-se-opone-a-la-reintroduccion-del-oso-si-afecta-a-la-ganaderia\\\/#mainImage\"},\"datePublished\":\"2013-12-02T23:21:58+01:00\",\"dateModified\":\"2013-12-02T23:21:58+01:00\"},{\"@type\":\"WebSite\",\"@id\":\"https:\\\/\\\/www.eldigitaldeasturias.com\\\/noticias\\\/#website\",\"url\":\"https:\\\/\\\/www.eldigitaldeasturias.com\\\/noticias\\\/\",\"name\":\"El Digital de Asturias - Diario de actualidad y noticias\",\"alternateName\":\"El Digital de Asturias - Diario de actualidad y noticias\",\"description\":\"Hemeroteca\",\"inLanguage\":\"es-ES\",\"publisher\":{\"@id\":\"https:\\\/\\\/www.eldigitaldeasturias.com\\\/noticias\\\/#organization\"}}]}\n\t\t<\/script>\n\t\t<!-- All in One SEO Pro -->\r\n\t\t<title>Un sindicato agrario gallego se opone a la \u00abreintroducci\u00f3n\u00bb del oso si afecta a la ganader\u00eda - El Digital de Asturias<\/title>\n\n","aioseo_head_json":{"title":"Un sindicato agrario gallego se opone a la \u00abreintroducci\u00f3n\u00bb del oso si afecta a la ganader\u00eda - El Digital de Asturias","description":"Lugo, 2 dic (EFE).- El sindicato Uni\u00f3ns Agrarias (UU.AA) ha anunciado que se opondr\u00e1 al plan de recuperaci\u00f3n del oso pardo en la Monta\u00f1a de Lugo si no se tiene en cuenta el car\u00e1cter prioritario de la ganader\u00eda, dado que la actividad agropecuaria sigue siendo el principal motor econ\u00f3mico de esta zona de la provincia.","canonical_url":"https:\/\/www.eldigitaldeasturias.com\/noticias\/un-sindicato-agrario-gallego-se-opone-a-la-reintroduccion-del-oso-si-afecta-a-la-ganaderia\/","robots":"max-image-preview:large","keywords":"sociedad","webmasterTools":{"google-site-verification":"UA-38556648-1","msvalidate.01":"7dfe9f3f1b24437ab69f4f2559babe99","miscellaneous":""},"schema":{"@context":"https:\/\/schema.org","@graph":[{"@type":"BlogPosting","@id":"https:\/\/www.eldigitaldeasturias.com\/noticias\/un-sindicato-agrario-gallego-se-opone-a-la-reintroduccion-del-oso-si-afecta-a-la-ganaderia\/#blogposting","name":"Un sindicato agrario gallego se opone a la \u00abreintroducci\u00f3n\u00bb del oso si afecta a la ganader\u00eda - El Digital de Asturias","headline":"Un sindicato agrario gallego se opone a la \u00abreintroducci\u00f3n\u00bb del oso si afecta a la ganader\u00eda","author":{"@id":"https:\/\/www.eldigitaldeasturias.com\/noticias\/author\/admin\/#author"},"publisher":{"@id":"https:\/\/www.eldigitaldeasturias.com\/noticias\/#organization"},"image":{"@type":"ImageObject","url":456877},"datePublished":"2013-12-02T23:21:58+01:00","dateModified":"2013-12-02T23:21:58+01:00","inLanguage":"es-ES","mainEntityOfPage":{"@id":"https:\/\/www.eldigitaldeasturias.com\/noticias\/un-sindicato-agrario-gallego-se-opone-a-la-reintroduccion-del-oso-si-afecta-a-la-ganaderia\/#webpage"},"isPartOf":{"@id":"https:\/\/www.eldigitaldeasturias.com\/noticias\/un-sindicato-agrario-gallego-se-opone-a-la-reintroduccion-del-oso-si-afecta-a-la-ganaderia\/#webpage"},"articleSection":"Sociedad"},{"@type":"BreadcrumbList","@id":"https:\/\/www.eldigitaldeasturias.com\/noticias\/un-sindicato-agrario-gallego-se-opone-a-la-reintroduccion-del-oso-si-afecta-a-la-ganaderia\/#breadcrumblist","itemListElement":[{"@type":"ListItem","@id":"https:\/\/www.eldigitaldeasturias.com\/noticias#listItem","position":1,"name":"Home","item":"https:\/\/www.eldigitaldeasturias.com\/noticias","nextItem":{"@type":"ListItem","@id":"https:\/\/www.eldigitaldeasturias.com\/noticias\/category\/sociedad\/#listItem","name":"Sociedad"}},{"@type":"ListItem","@id":"https:\/\/www.eldigitaldeasturias.com\/noticias\/category\/sociedad\/#listItem","position":2,"name":"Sociedad","item":"https:\/\/www.eldigitaldeasturias.com\/noticias\/category\/sociedad\/","nextItem":{"@type":"ListItem","@id":"https:\/\/www.eldigitaldeasturias.com\/noticias\/un-sindicato-agrario-gallego-se-opone-a-la-reintroduccion-del-oso-si-afecta-a-la-ganaderia\/#listItem","name":"Un sindicato agrario gallego se opone a la \u00abreintroducci\u00f3n\u00bb del oso si afecta a la ganader\u00eda"},"previousItem":{"@type":"ListItem","@id":"https:\/\/www.eldigitaldeasturias.com\/noticias#listItem","name":"Home"}},{"@type":"ListItem","@id":"https:\/\/www.eldigitaldeasturias.com\/noticias\/un-sindicato-agrario-gallego-se-opone-a-la-reintroduccion-del-oso-si-afecta-a-la-ganaderia\/#listItem","position":3,"name":"Un sindicato agrario gallego se opone a la \u00abreintroducci\u00f3n\u00bb del oso si afecta a la ganader\u00eda","previousItem":{"@type":"ListItem","@id":"https:\/\/www.eldigitaldeasturias.com\/noticias\/category\/sociedad\/#listItem","name":"Sociedad"}}]},{"@type":"Organization","@id":"https:\/\/www.eldigitaldeasturias.com\/noticias\/#organization","name":"El Digital de Asturias","description":"Hemeroteca","url":"https:\/\/www.eldigitaldeasturias.com\/noticias\/","email":"info@eldigitaldeasturias.com","telephone":"+34652131393","logo":{"@type":"ImageObject","url":"https:\/\/www.eldigitaldeasturias.com\/noticias\/wp-content\/uploads\/2020\/12\/EDA.jpg","@id":"https:\/\/www.eldigitaldeasturias.com\/noticias\/un-sindicato-agrario-gallego-se-opone-a-la-reintroduccion-del-oso-si-afecta-a-la-ganaderia\/#organizationLogo"},"image":{"@id":"https:\/\/www.eldigitaldeasturias.com\/noticias\/un-sindicato-agrario-gallego-se-opone-a-la-reintroduccion-del-oso-si-afecta-a-la-ganaderia\/#organizationLogo"},"sameAs":["https:\/\/facebook.com\/eldigitaldeasturias","https:\/\/www.youtube.com\/channel\/UCZP-2wLEB9Rv6erhFmqVnvg"],"address":{"@id":"https:\/\/www.eldigitaldeasturias.com\/noticias\/#postaladdress","@type":"PostalAddress","streetAddress":"san antonio 4","postalCode":"33430","addressLocality":"Cand\u00e1s","addressRegion":"Asturias","addressCountry":"ES"}},{"@type":"Person","@id":"https:\/\/www.eldigitaldeasturias.com\/noticias\/author\/admin\/#author","url":"https:\/\/www.eldigitaldeasturias.com\/noticias\/author\/admin\/","name":"El Digital de Asturias","image":{"@type":"ImageObject","@id":"https:\/\/www.eldigitaldeasturias.com\/noticias\/un-sindicato-agrario-gallego-se-opone-a-la-reintroduccion-del-oso-si-afecta-a-la-ganaderia\/#authorImage","url":"https:\/\/secure.gravatar.com\/avatar\/df2aeffc32bcd13f8d26072ef8a91b623d677766deac7f97ca815868cd41bf5e?s=96&d=mm&r=g","width":96,"height":96,"caption":"El Digital de Asturias"}},{"@type":"WebPage","@id":"https:\/\/www.eldigitaldeasturias.com\/noticias\/un-sindicato-agrario-gallego-se-opone-a-la-reintroduccion-del-oso-si-afecta-a-la-ganaderia\/#webpage","url":"https:\/\/www.eldigitaldeasturias.com\/noticias\/un-sindicato-agrario-gallego-se-opone-a-la-reintroduccion-del-oso-si-afecta-a-la-ganaderia\/","name":"Un sindicato agrario gallego se opone a la \u00abreintroducci\u00f3n\u00bb del oso si afecta a la ganader\u00eda - El Digital de Asturias","description":"Lugo, 2 dic (EFE).- El sindicato Uni\u00f3ns Agrarias (UU.AA) ha anunciado que se opondr\u00e1 al plan de recuperaci\u00f3n del oso pardo en la Monta\u00f1a de Lugo si no se tiene en cuenta el car\u00e1cter prioritario de la ganader\u00eda, dado que la actividad agropecuaria sigue siendo el principal motor econ\u00f3mico de esta zona de la provincia.","inLanguage":"es-ES","isPartOf":{"@id":"https:\/\/www.eldigitaldeasturias.com\/noticias\/#website"},"breadcrumb":{"@id":"https:\/\/www.eldigitaldeasturias.com\/noticias\/un-sindicato-agrario-gallego-se-opone-a-la-reintroduccion-del-oso-si-afecta-a-la-ganaderia\/#breadcrumblist"},"author":{"@id":"https:\/\/www.eldigitaldeasturias.com\/noticias\/author\/admin\/#author"},"creator":{"@id":"https:\/\/www.eldigitaldeasturias.com\/noticias\/author\/admin\/#author"},"image":{"@type":"ImageObject","url":456877,"@id":"https:\/\/www.eldigitaldeasturias.com\/noticias\/un-sindicato-agrario-gallego-se-opone-a-la-reintroduccion-del-oso-si-afecta-a-la-ganaderia\/#mainImage"},"primaryImageOfPage":{"@id":"https:\/\/www.eldigitaldeasturias.com\/noticias\/un-sindicato-agrario-gallego-se-opone-a-la-reintroduccion-del-oso-si-afecta-a-la-ganaderia\/#mainImage"},"datePublished":"2013-12-02T23:21:58+01:00","dateModified":"2013-12-02T23:21:58+01:00"},{"@type":"WebSite","@id":"https:\/\/www.eldigitaldeasturias.com\/noticias\/#website","url":"https:\/\/www.eldigitaldeasturias.com\/noticias\/","name":"El Digital de Asturias - Diario de actualidad y noticias","alternateName":"El Digital de Asturias - Diario de actualidad y noticias","description":"Hemeroteca","inLanguage":"es-ES","publisher":{"@id":"https:\/\/www.eldigitaldeasturias.com\/noticias\/#organization"}}]},"og:locale":"es_ES","og:site_name":"El Digital de Asturias","og:type":"article","og:title":"Un sindicato agrario gallego se opone a la \u00abreintroducci\u00f3n\u00bb del oso si afecta a la ganader\u00eda - El Digital de Asturias","og:description":"Lugo, 2 dic (EFE).- El sindicato Uni\u00f3ns Agrarias (UU.AA) ha anunciado que se opondr\u00e1 al plan de recuperaci\u00f3n del oso pardo en la Monta\u00f1a de Lugo si no se tiene en cuenta el car\u00e1cter prioritario de la ganader\u00eda, dado que la actividad agropecuaria sigue siendo el principal motor econ\u00f3mico de esta zona de la provincia.","og:url":"https:\/\/www.eldigitaldeasturias.com\/noticias\/un-sindicato-agrario-gallego-se-opone-a-la-reintroduccion-del-oso-si-afecta-a-la-ganaderia\/","article:tag":["sociedad"],"article:published_time":"2013-12-03T00:21:58+00:00","article:modified_time":"2013-12-03T00:21:58+00:00","article:publisher":"https:\/\/facebook.com\/eldigitaldeasturias","twitter:card":"summary_large_image","twitter:title":"Un sindicato agrario gallego se opone a la \u00abreintroducci\u00f3n\u00bb del oso si afecta a la ganader\u00eda - El Digital de Asturias","twitter:description":"Lugo, 2 dic (EFE).- El sindicato Uni\u00f3ns Agrarias (UU.AA) ha anunciado que se opondr\u00e1 al plan de recuperaci\u00f3n del oso pardo en la Monta\u00f1a de Lugo si no se tiene en cuenta el car\u00e1cter prioritario de la ganader\u00eda, dado que la actividad agropecuaria sigue siendo el principal motor econ\u00f3mico de esta zona de la provincia.","twitter:label1":"Escrito por","twitter:data1":"El Digital de Asturias","twitter:label2":"Tiempo de lectura estimado","twitter:data2":"2 minutos"},"aioseo_meta_data":{"post_id":"456876","title":null,"description":null,"keywords":null,"keyphrases":null,"primary_term":null,"canonical_url":null,"og_title":null,"og_description":null,"og_object_type":"default","og_image_type":"default","og_image_url":null,"og_image_width":null,"og_image_height":null,"og_image_custom_url":null,"og_image_custom_fields":null,"og_video":null,"og_custom_url":null,"og_article_section":null,"og_article_tags":null,"twitter_use_og":true,"twitter_card":"default","twitter_image_type":"default","twitter_image_url":null,"twitter_image_custom_url":null,"twitter_image_custom_fields":null,"twitter_title":null,"twitter_description":null,"schema":{"blockGraphs":[],"customGraphs":[],"default":{"data":{"Article":[],"Course":[],"Dataset":[],"FAQPage":[],"Movie":[],"Person":[],"Product":[],"ProductReview":[],"Car":[],"Recipe":[],"Service":[],"SoftwareApplication":[],"WebPage":[]},"graphName":"","isEnabled":true},"graphs":[],"defaultGraph":"","defaultPostTypeGraph":""},"schema_type":null,"schema_type_options":null,"pillar_content":false,"robots_default":true,"robots_noindex":false,"robots_noarchive":false,"robots_nosnippet":false,"robots_nofollow":false,"robots_noimageindex":false,"robots_noodp":false,"robots_notranslate":false,"robots_max_snippet":null,"robots_max_videopreview":null,"robots_max_imagepreview":"none","priority":null,"frequency":null,"local_seo":null,"seo_analyzer_scan_date":"2026-05-29 23:31:53","breadcrumb_settings":null,"limit_modified_date":false,"open_ai":null,"ai":null,"created":"2020-11-14 22:46:04","updated":"2026-05-29 23:31:53","focus_keyword":null,"additional_keywords":null,"truseo_locale":null},"aioseo_breadcrumb":"<div class=\"aioseo-breadcrumbs\"><span class=\"aioseo-breadcrumb\">\n\t<a href=\"https:\/\/www.eldigitaldeasturias.com\/noticias\" title=\"Home\">Home<\/a>\n<\/span><span class=\"aioseo-breadcrumb-separator\">\u2013<\/span><span class=\"aioseo-breadcrumb\">\n\t<a href=\"https:\/\/www.eldigitaldeasturias.com\/noticias\/category\/sociedad\/\" title=\"Sociedad\">Sociedad<\/a>\n<\/span><span class=\"aioseo-breadcrumb-separator\">\u2013<\/span><span class=\"aioseo-breadcrumb\">\n\t<a href=\"https:\/\/www.eldigitaldeasturias.com\/noticias\/un-sindicato-agrario-gallego-se-opone-a-la-reintroduccion-del-oso-si-afecta-a-la-ganaderia\/\" title=\"Un sindicato agrario gallego se opone a la \u00abreintroducci\u00f3n\u00bb del oso si afecta a la ganader\u00eda\">Un sindicato agrario gallego se opone a la \u00abreintroducci\u00f3n\u00bb del oso si afecta a la ganader\u00eda<\/a>\n<\/span><\/div>","aioseo_breadcrumb_json":[{"label":"Home","link":"https:\/\/www.eldigitaldeasturias.com\/noticias"},{"label":"Sociedad","link":"https:\/\/www.eldigitaldeasturias.com\/noticias\/category\/sociedad\/"},{"label":"Un sindicato agrario gallego se opone a la \u00abreintroducci\u00f3n\u00bb del oso si afecta a la ganader\u00eda","link":"https:\/\/www.eldigitaldeasturias.com\/noticias\/un-sindicato-agrario-gallego-se-opone-a-la-reintroduccion-del-oso-si-afecta-a-la-ganaderia\/"}],"_links":{"self":[{"href":"https:\/\/www.eldigitaldeasturias.com\/noticias\/wp-json\/wp\/v2\/posts\/456876","targetHints":{"allow":["GET"]}}],"collection":[{"href":"https:\/\/www.eldigitaldeasturias.com\/noticias\/wp-json\/wp\/v2\/posts"}],"about":[{"href":"https:\/\/www.eldigitaldeasturias.com\/noticias\/wp-json\/wp\/v2\/types\/post"}],"author":[{"embeddable":true,"href":"https:\/\/www.eldigitaldeasturias.com\/noticias\/wp-json\/wp\/v2\/users\/1"}],"replies":[{"embeddable":true,"href":"https:\/\/www.eldigitaldeasturias.com\/noticias\/wp-json\/wp\/v2\/comments?post=456876"}],"version-history":[{"count":0,"href":"https:\/\/www.eldigitaldeasturias.com\/noticias\/wp-json\/wp\/v2\/posts\/456876\/revisions"}],"wp:attachment":[{"href":"https:\/\/www.eldigitaldeasturias.com\/noticias\/wp-json\/wp\/v2\/media?parent=456876"}],"wp:term":[{"taxonomy":"category","embeddable":true,"href":"https:\/\/www.eldigitaldeasturias.com\/noticias\/wp-json\/wp\/v2\/categories?post=456876"},{"taxonomy":"post_tag","embeddable":true,"href":"https:\/\/www.eldigitaldeasturias.com\/noticias\/wp-json\/wp\/v2\/tags?post=456876"}],"curies":[{"name":"wp","href":"https:\/\/api.w.org\/{rel}","templated":true}]}}