{"id":456870,"date":"2013-12-02T23:18:26","date_gmt":"2013-12-03T00:18:26","guid":{"rendered":"http:\/\/www.eldigitaldeasturias.com\/noticias\/?p=456870"},"modified":"2013-12-02T23:18:26","modified_gmt":"2013-12-03T00:18:26","slug":"ruta-sepetys-regresa-con-una-colorista-historia-de-nueva-orleans","status":"publish","type":"post","link":"https:\/\/www.eldigitaldeasturias.com\/noticias\/ruta-sepetys-regresa-con-una-colorista-historia-de-nueva-orleans\/","title":{"rendered":"Ruta Sepetys regresa con una \u00abcolorista\u00bb historia de Nueva Orleans"},"content":{"rendered":"<p><img loading=\"lazy\" decoding=\"async\" class=\"alignleft size-medium wp-image-456871\" alt=\"5766159w\" src=\"https:\/\/www.eldigitaldeasturias.com\/noticias\/wp-content\/uploads\/2013\/12\/5766159w-238x320.jpg\" width=\"238\" height=\"320\" \/>Barcelona, 2 dic (EFE).- Tras el \u00e9xito de su debut con \u00abEntre tonos de gris\u00bb, una historia sobre el genocidio estalinista en los pa\u00edses b\u00e1lticos, la escritora norteamericana Ruta Sepetys regresa a la narrativa con \u00abEl color de los sue\u00f1os\u00bb, donde la fascinante ciudad de Nueva Orleans es una de las principales protagonistas.<\/p>\n<p>En una entrevista con Efe, la autora de origen lituano explica que ha abandonado el fr\u00edo siberiano de su \u00f3pera prima para adentrarse en esta ocasi\u00f3n por la vibrante y colorista Nueva Orleans de los a\u00f1os cincuenta, \u00abcon sus secretos, sus comidas, su m\u00fasica, sus prost\u00edbulos, su mafia\u00bb.<\/p>\n<p>En \u00abEl color de los sue\u00f1os\u00bb (Maeva) crea el personaje de Josie Moraine, una joven que ejerce de hilo conductor y que vive entre el burdel en el que ejerce su madre y la librer\u00eda en la que trabaja ella, en pleno barrio franc\u00e9s, siempre con ansias de escapar y labrarse un futuro mejor, a poder ser, en la otra punta de Estados Unidos.<\/p>\n<p>Junto a esta mujer, Sepetys traza los caracteres de Willie, la dura y resuelta propietaria del burdel donde est\u00e1 la madre de Josie junto a curiosas compa\u00f1eras laborales; da vida al mulato Cokie, un ch\u00f3fer de grandes autom\u00f3viles, y dibuja al mejor amigo de la joven, Patrick, el hijo del propietario de la librer\u00eda y quien esconde alg\u00fan que otro secreto.<\/p>\n<p>Reconoce Sepetys, nacida en Detroit hace 46 a\u00f1os, que el relato empez\u00f3 a dar vueltas en su cabeza tras leer un libro de Christine Wiltz titulado \u00abLa \u00faltima madame: Una vida en los bajos fondos de Nueva Orleans\u00bb, que la llev\u00f3 a viajar hasta la ciudad del Misisipi y conocer a esta escritora.<\/p>\n<p>Caminaron juntas por sus bulliciosas calles y Ruta fue absorbida por este lugar de Luisiana del que quiso saberlo todo, hasta el punto de que, tirando de uno de los hilos de aquel encuentro, acab\u00f3 fijando una cita, un tiempo despu\u00e9s, con un hombre ya mayor de la mafia.<\/p>\n<p>Ambos montaron en un coche y este hombre la llev\u00f3 por todos los rincones de Nueva Orleans y le fue explicando lo que hab\u00eda ocurrido en cada esquina a lo largo de sesenta a\u00f1os.<\/p>\n<p>\u00abPensaba que mucho de lo que esta persona me contaba -agrega- era mentira porque, de ser verdad, deber\u00eda estar en la c\u00e1rcel, pero luego fui a la hemeroteca y vi que todos aquellos cr\u00edmenes, asesinatos y robos estaban all\u00ed consignados\u00bb.<\/p>\n<p>Adem\u00e1s de esta incursi\u00f3n por el pasado, la novela trata tambi\u00e9n sobre c\u00f3mo se fija la identidad de cada persona, y no esconde la estadounidense que las angustias que pas\u00f3 en su infancia en el colegio por llamarse Ruta Sepetys aparecen en la obra.<\/p>\n<p>En este punto, la novelista rememora que su nombre y su apellido eran \u00abchocantes\u00bb y que no era raro que, incluso los profesores, se dirigieran a ella con un: \u00abHey, t\u00fa\u00bb, para llamarla.<\/p>\n<p>Tampoco obvia qu\u00e9 ocurre cuando una madre no quiere a su hija y la relaci\u00f3n que se establece entre ambas si esto sucede. \u00abDurante el proceso de escritura -afirma- me plante\u00e9 c\u00f3mo puede una muchacha joven querer y dejarse querer si ha vivido una infancia en la que no ha tenido el amor de su progenitora\u00bb.<\/p>\n<p>Por otra parte, durante la entrevista, Ruta Sepetys tampoco obvia su \u00abfant\u00e1stica\u00bb experiencia en el Parlamento Europeo, al que acudi\u00f3 recientemente para exponer sus hallazgos sobre el genocidio estalinista en los pa\u00edses b\u00e1lticos, mientras investigaba para su novela \u00abEntre tonos de gris\u00bb.<\/p>\n<p>Reconoce que en un primer momento se sorprendi\u00f3 por la invitaci\u00f3n porque cre\u00eda que all\u00ed ya se conoc\u00eda este episodio, pero se dio cuenta, tras su intervenci\u00f3n, de que sus palabras \u00absirvieron para que diputados griegos dijeran que ahora entienden mejor algunas demandas de Lituania\u00bb.<\/p>\n<p>Respecto a nuevos proyectos, la escritora avanza que ha terminado un primer borrador de una novela hist\u00f3rica que transcurre en la Prusia Oriental de 1945 y no descarta hacer una inmersi\u00f3n por alg\u00fan cap\u00edtulo poco conocido de la historia de Espa\u00f1a.<\/p>\n<p>Por Irene Dalmases<\/p>\n","protected":false},"excerpt":{"rendered":"<p>Barcelona, 2 dic (EFE).- Tras el \u00e9xito de su debut con \u00abEntre tonos de gris\u00bb, una historia sobre el genocidio estalinista en los pa\u00edses b\u00e1lticos, la escritora norteamericana Ruta Sepetys regresa a la narrativa con \u00abEl color de los sue\u00f1os\u00bb, donde la fascinante ciudad de Nueva Orleans es una de las principales protagonistas. En una [&hellip;]<\/p>\n","protected":false},"author":1,"featured_media":456871,"comment_status":"closed","ping_status":"open","sticky":false,"template":"","format":"standard","meta":{"footnotes":""},"categories":[50],"tags":[],"class_list":["post-456870","post","type-post","status-publish","format-standard","has-post-thumbnail","hentry","category-revista-de-ocio"],"aioseo_notices":[],"aioseo_head":"\n\t\t<!-- All in One SEO Pro 5.0.1 - aioseo.com -->\n\t<meta name=\"description\" content=\"Barcelona, 2 dic (EFE).- Tras el \u00e9xito de su debut con &quot;Entre tonos de gris&quot;, una historia sobre el genocidio estalinista en los pa\u00edses b\u00e1lticos, la escritora norteamericana Ruta Sepetys regresa a la narrativa con &quot;El color de los sue\u00f1os&quot;, donde la fascinante ciudad de Nueva Orleans es una de las principales protagonistas. En una\" \/>\n\t<meta name=\"robots\" content=\"max-image-preview:large\" \/>\n\t<meta name=\"author\" content=\"El Digital de Asturias\"\/>\n\t<meta name=\"google-site-verification\" content=\"UA-38556648-1\" \/>\n\t<meta name=\"msvalidate.01\" content=\"7dfe9f3f1b24437ab69f4f2559babe99\" \/>\n\t<meta name=\"keywords\" content=\"revista de ocio\" \/>\n\t<link rel=\"canonical\" href=\"https:\/\/www.eldigitaldeasturias.com\/noticias\/ruta-sepetys-regresa-con-una-colorista-historia-de-nueva-orleans\/\" \/>\n\t<meta name=\"generator\" content=\"All in One SEO Pro (AIOSEO) 5.0.1\" \/>\n\t\t<meta property=\"og:locale\" content=\"es_ES\" \/>\n\t\t<meta property=\"og:site_name\" content=\"El Digital de Asturias\" \/>\n\t\t<meta property=\"og:type\" content=\"article\" \/>\n\t\t<meta property=\"og:title\" content=\"Ruta Sepetys regresa con una \u00abcolorista\u00bb historia de Nueva Orleans - El Digital de Asturias\" \/>\n\t\t<meta property=\"og:description\" content=\"Barcelona, 2 dic (EFE).- Tras el \u00e9xito de su debut con &quot;Entre tonos de gris&quot;, una historia sobre el genocidio estalinista en los pa\u00edses b\u00e1lticos, la escritora norteamericana Ruta Sepetys regresa a la narrativa con &quot;El color de los sue\u00f1os&quot;, donde la fascinante ciudad de Nueva Orleans es una de las principales protagonistas. En una\" \/>\n\t\t<meta property=\"og:url\" content=\"https:\/\/www.eldigitaldeasturias.com\/noticias\/ruta-sepetys-regresa-con-una-colorista-historia-de-nueva-orleans\/\" \/>\n\t\t<meta property=\"article:tag\" content=\"revista de ocio\" \/>\n\t\t<meta property=\"article:published_time\" content=\"2013-12-03T00:18:26+00:00\" \/>\n\t\t<meta property=\"article:modified_time\" content=\"2013-12-03T00:18:26+00:00\" \/>\n\t\t<meta property=\"article:publisher\" content=\"https:\/\/facebook.com\/eldigitaldeasturias\" \/>\n\t\t<meta name=\"twitter:card\" content=\"summary_large_image\" \/>\n\t\t<meta name=\"twitter:title\" content=\"Ruta Sepetys regresa con una \u00abcolorista\u00bb historia de Nueva Orleans - El Digital de Asturias\" \/>\n\t\t<meta name=\"twitter:description\" content=\"Barcelona, 2 dic (EFE).- Tras el \u00e9xito de su debut con &quot;Entre tonos de gris&quot;, una historia sobre el genocidio estalinista en los pa\u00edses b\u00e1lticos, la escritora norteamericana Ruta Sepetys regresa a la narrativa con &quot;El color de los sue\u00f1os&quot;, donde la fascinante ciudad de Nueva Orleans es una de las principales protagonistas. En una\" \/>\n\t\t<meta name=\"twitter:label1\" content=\"Escrito por\" \/>\n\t\t<meta name=\"twitter:data1\" content=\"El Digital de Asturias\" \/>\n\t\t<meta name=\"twitter:label2\" content=\"Tiempo de lectura estimado\" \/>\n\t\t<meta name=\"twitter:data2\" content=\"4 minutos\" \/>\n\t\t<script type=\"application\/ld+json\" class=\"aioseo-schema\">\n\t\t\t{\"@context\":\"https:\\\/\\\/schema.org\",\"@graph\":[{\"@type\":\"BlogPosting\",\"@id\":\"https:\\\/\\\/www.eldigitaldeasturias.com\\\/noticias\\\/ruta-sepetys-regresa-con-una-colorista-historia-de-nueva-orleans\\\/#blogposting\",\"name\":\"Ruta Sepetys regresa con una \\u00abcolorista\\u00bb historia de Nueva Orleans - El Digital de Asturias\",\"headline\":\"Ruta Sepetys regresa con una \\u00abcolorista\\u00bb historia de Nueva Orleans\",\"author\":{\"@id\":\"https:\\\/\\\/www.eldigitaldeasturias.com\\\/noticias\\\/author\\\/admin\\\/#author\"},\"publisher\":{\"@id\":\"https:\\\/\\\/www.eldigitaldeasturias.com\\\/noticias\\\/#organization\"},\"image\":{\"@type\":\"ImageObject\",\"url\":456871},\"datePublished\":\"2013-12-02T23:18:26+01:00\",\"dateModified\":\"2013-12-02T23:18:26+01:00\",\"inLanguage\":\"es-ES\",\"mainEntityOfPage\":{\"@id\":\"https:\\\/\\\/www.eldigitaldeasturias.com\\\/noticias\\\/ruta-sepetys-regresa-con-una-colorista-historia-de-nueva-orleans\\\/#webpage\"},\"isPartOf\":{\"@id\":\"https:\\\/\\\/www.eldigitaldeasturias.com\\\/noticias\\\/ruta-sepetys-regresa-con-una-colorista-historia-de-nueva-orleans\\\/#webpage\"},\"articleSection\":\"Revista de Ocio\"},{\"@type\":\"BreadcrumbList\",\"@id\":\"https:\\\/\\\/www.eldigitaldeasturias.com\\\/noticias\\\/ruta-sepetys-regresa-con-una-colorista-historia-de-nueva-orleans\\\/#breadcrumblist\",\"itemListElement\":[{\"@type\":\"ListItem\",\"@id\":\"https:\\\/\\\/www.eldigitaldeasturias.com\\\/noticias#listItem\",\"position\":1,\"name\":\"Home\",\"item\":\"https:\\\/\\\/www.eldigitaldeasturias.com\\\/noticias\",\"nextItem\":{\"@type\":\"ListItem\",\"@id\":\"https:\\\/\\\/www.eldigitaldeasturias.com\\\/noticias\\\/category\\\/revista-de-ocio\\\/#listItem\",\"name\":\"Revista de Ocio\"}},{\"@type\":\"ListItem\",\"@id\":\"https:\\\/\\\/www.eldigitaldeasturias.com\\\/noticias\\\/category\\\/revista-de-ocio\\\/#listItem\",\"position\":2,\"name\":\"Revista de Ocio\",\"item\":\"https:\\\/\\\/www.eldigitaldeasturias.com\\\/noticias\\\/category\\\/revista-de-ocio\\\/\",\"nextItem\":{\"@type\":\"ListItem\",\"@id\":\"https:\\\/\\\/www.eldigitaldeasturias.com\\\/noticias\\\/ruta-sepetys-regresa-con-una-colorista-historia-de-nueva-orleans\\\/#listItem\",\"name\":\"Ruta Sepetys regresa con una \\u00abcolorista\\u00bb historia de Nueva Orleans\"},\"previousItem\":{\"@type\":\"ListItem\",\"@id\":\"https:\\\/\\\/www.eldigitaldeasturias.com\\\/noticias#listItem\",\"name\":\"Home\"}},{\"@type\":\"ListItem\",\"@id\":\"https:\\\/\\\/www.eldigitaldeasturias.com\\\/noticias\\\/ruta-sepetys-regresa-con-una-colorista-historia-de-nueva-orleans\\\/#listItem\",\"position\":3,\"name\":\"Ruta Sepetys regresa con una \\u00abcolorista\\u00bb historia de Nueva Orleans\",\"previousItem\":{\"@type\":\"ListItem\",\"@id\":\"https:\\\/\\\/www.eldigitaldeasturias.com\\\/noticias\\\/category\\\/revista-de-ocio\\\/#listItem\",\"name\":\"Revista de Ocio\"}}]},{\"@type\":\"Organization\",\"@id\":\"https:\\\/\\\/www.eldigitaldeasturias.com\\\/noticias\\\/#organization\",\"name\":\"El Digital de Asturias\",\"description\":\"Hemeroteca\",\"url\":\"https:\\\/\\\/www.eldigitaldeasturias.com\\\/noticias\\\/\",\"email\":\"info@eldigitaldeasturias.com\",\"telephone\":\"+34652131393\",\"logo\":{\"@type\":\"ImageObject\",\"url\":\"https:\\\/\\\/www.eldigitaldeasturias.com\\\/noticias\\\/wp-content\\\/uploads\\\/2020\\\/12\\\/EDA.jpg\",\"@id\":\"https:\\\/\\\/www.eldigitaldeasturias.com\\\/noticias\\\/ruta-sepetys-regresa-con-una-colorista-historia-de-nueva-orleans\\\/#organizationLogo\"},\"image\":{\"@id\":\"https:\\\/\\\/www.eldigitaldeasturias.com\\\/noticias\\\/ruta-sepetys-regresa-con-una-colorista-historia-de-nueva-orleans\\\/#organizationLogo\"},\"sameAs\":[\"https:\\\/\\\/facebook.com\\\/eldigitaldeasturias\",\"https:\\\/\\\/www.youtube.com\\\/channel\\\/UCZP-2wLEB9Rv6erhFmqVnvg\"],\"address\":{\"@id\":\"https:\\\/\\\/www.eldigitaldeasturias.com\\\/noticias\\\/#postaladdress\",\"@type\":\"PostalAddress\",\"streetAddress\":\"san antonio 4\",\"postalCode\":\"33430\",\"addressLocality\":\"Cand\\u00e1s\",\"addressRegion\":\"Asturias\",\"addressCountry\":\"ES\"}},{\"@type\":\"Person\",\"@id\":\"https:\\\/\\\/www.eldigitaldeasturias.com\\\/noticias\\\/author\\\/admin\\\/#author\",\"url\":\"https:\\\/\\\/www.eldigitaldeasturias.com\\\/noticias\\\/author\\\/admin\\\/\",\"name\":\"El Digital de Asturias\",\"image\":{\"@type\":\"ImageObject\",\"@id\":\"https:\\\/\\\/www.eldigitaldeasturias.com\\\/noticias\\\/ruta-sepetys-regresa-con-una-colorista-historia-de-nueva-orleans\\\/#authorImage\",\"url\":\"https:\\\/\\\/secure.gravatar.com\\\/avatar\\\/df2aeffc32bcd13f8d26072ef8a91b623d677766deac7f97ca815868cd41bf5e?s=96&d=mm&r=g\",\"width\":96,\"height\":96,\"caption\":\"El Digital de Asturias\"}},{\"@type\":\"WebPage\",\"@id\":\"https:\\\/\\\/www.eldigitaldeasturias.com\\\/noticias\\\/ruta-sepetys-regresa-con-una-colorista-historia-de-nueva-orleans\\\/#webpage\",\"url\":\"https:\\\/\\\/www.eldigitaldeasturias.com\\\/noticias\\\/ruta-sepetys-regresa-con-una-colorista-historia-de-nueva-orleans\\\/\",\"name\":\"Ruta Sepetys regresa con una \\u00abcolorista\\u00bb historia de Nueva Orleans - El Digital de Asturias\",\"description\":\"Barcelona, 2 dic (EFE).- Tras el \\u00e9xito de su debut con \\\"Entre tonos de gris\\\", una historia sobre el genocidio estalinista en los pa\\u00edses b\\u00e1lticos, la escritora norteamericana Ruta Sepetys regresa a la narrativa con \\\"El color de los sue\\u00f1os\\\", donde la fascinante ciudad de Nueva Orleans es una de las principales protagonistas. En una\",\"inLanguage\":\"es-ES\",\"isPartOf\":{\"@id\":\"https:\\\/\\\/www.eldigitaldeasturias.com\\\/noticias\\\/#website\"},\"breadcrumb\":{\"@id\":\"https:\\\/\\\/www.eldigitaldeasturias.com\\\/noticias\\\/ruta-sepetys-regresa-con-una-colorista-historia-de-nueva-orleans\\\/#breadcrumblist\"},\"author\":{\"@id\":\"https:\\\/\\\/www.eldigitaldeasturias.com\\\/noticias\\\/author\\\/admin\\\/#author\"},\"creator\":{\"@id\":\"https:\\\/\\\/www.eldigitaldeasturias.com\\\/noticias\\\/author\\\/admin\\\/#author\"},\"image\":{\"@type\":\"ImageObject\",\"url\":456871,\"@id\":\"https:\\\/\\\/www.eldigitaldeasturias.com\\\/noticias\\\/ruta-sepetys-regresa-con-una-colorista-historia-de-nueva-orleans\\\/#mainImage\"},\"primaryImageOfPage\":{\"@id\":\"https:\\\/\\\/www.eldigitaldeasturias.com\\\/noticias\\\/ruta-sepetys-regresa-con-una-colorista-historia-de-nueva-orleans\\\/#mainImage\"},\"datePublished\":\"2013-12-02T23:18:26+01:00\",\"dateModified\":\"2013-12-02T23:18:26+01:00\"},{\"@type\":\"WebSite\",\"@id\":\"https:\\\/\\\/www.eldigitaldeasturias.com\\\/noticias\\\/#website\",\"url\":\"https:\\\/\\\/www.eldigitaldeasturias.com\\\/noticias\\\/\",\"name\":\"El Digital de Asturias - Diario de actualidad y noticias\",\"alternateName\":\"El Digital de Asturias - Diario de actualidad y noticias\",\"description\":\"Hemeroteca\",\"inLanguage\":\"es-ES\",\"publisher\":{\"@id\":\"https:\\\/\\\/www.eldigitaldeasturias.com\\\/noticias\\\/#organization\"}}]}\n\t\t<\/script>\n\t\t<!-- All in One SEO Pro -->\r\n\t\t<title>Ruta Sepetys regresa con una \u00abcolorista\u00bb historia de Nueva Orleans - El Digital de Asturias<\/title>\n\n","aioseo_head_json":{"title":"Ruta Sepetys regresa con una \u00abcolorista\u00bb historia de Nueva Orleans - El Digital de Asturias","description":"Barcelona, 2 dic (EFE).- Tras el \u00e9xito de su debut con \"Entre tonos de gris\", una historia sobre el genocidio estalinista en los pa\u00edses b\u00e1lticos, la escritora norteamericana Ruta Sepetys regresa a la narrativa con \"El color de los sue\u00f1os\", donde la fascinante ciudad de Nueva Orleans es una de las principales protagonistas. En una","canonical_url":"https:\/\/www.eldigitaldeasturias.com\/noticias\/ruta-sepetys-regresa-con-una-colorista-historia-de-nueva-orleans\/","robots":"max-image-preview:large","keywords":"revista de ocio","webmasterTools":{"google-site-verification":"UA-38556648-1","msvalidate.01":"7dfe9f3f1b24437ab69f4f2559babe99","miscellaneous":""},"schema":{"@context":"https:\/\/schema.org","@graph":[{"@type":"BlogPosting","@id":"https:\/\/www.eldigitaldeasturias.com\/noticias\/ruta-sepetys-regresa-con-una-colorista-historia-de-nueva-orleans\/#blogposting","name":"Ruta Sepetys regresa con una \u00abcolorista\u00bb historia de Nueva Orleans - El Digital de Asturias","headline":"Ruta Sepetys regresa con una \u00abcolorista\u00bb historia de Nueva Orleans","author":{"@id":"https:\/\/www.eldigitaldeasturias.com\/noticias\/author\/admin\/#author"},"publisher":{"@id":"https:\/\/www.eldigitaldeasturias.com\/noticias\/#organization"},"image":{"@type":"ImageObject","url":456871},"datePublished":"2013-12-02T23:18:26+01:00","dateModified":"2013-12-02T23:18:26+01:00","inLanguage":"es-ES","mainEntityOfPage":{"@id":"https:\/\/www.eldigitaldeasturias.com\/noticias\/ruta-sepetys-regresa-con-una-colorista-historia-de-nueva-orleans\/#webpage"},"isPartOf":{"@id":"https:\/\/www.eldigitaldeasturias.com\/noticias\/ruta-sepetys-regresa-con-una-colorista-historia-de-nueva-orleans\/#webpage"},"articleSection":"Revista de Ocio"},{"@type":"BreadcrumbList","@id":"https:\/\/www.eldigitaldeasturias.com\/noticias\/ruta-sepetys-regresa-con-una-colorista-historia-de-nueva-orleans\/#breadcrumblist","itemListElement":[{"@type":"ListItem","@id":"https:\/\/www.eldigitaldeasturias.com\/noticias#listItem","position":1,"name":"Home","item":"https:\/\/www.eldigitaldeasturias.com\/noticias","nextItem":{"@type":"ListItem","@id":"https:\/\/www.eldigitaldeasturias.com\/noticias\/category\/revista-de-ocio\/#listItem","name":"Revista de Ocio"}},{"@type":"ListItem","@id":"https:\/\/www.eldigitaldeasturias.com\/noticias\/category\/revista-de-ocio\/#listItem","position":2,"name":"Revista de Ocio","item":"https:\/\/www.eldigitaldeasturias.com\/noticias\/category\/revista-de-ocio\/","nextItem":{"@type":"ListItem","@id":"https:\/\/www.eldigitaldeasturias.com\/noticias\/ruta-sepetys-regresa-con-una-colorista-historia-de-nueva-orleans\/#listItem","name":"Ruta Sepetys regresa con una \u00abcolorista\u00bb historia de Nueva Orleans"},"previousItem":{"@type":"ListItem","@id":"https:\/\/www.eldigitaldeasturias.com\/noticias#listItem","name":"Home"}},{"@type":"ListItem","@id":"https:\/\/www.eldigitaldeasturias.com\/noticias\/ruta-sepetys-regresa-con-una-colorista-historia-de-nueva-orleans\/#listItem","position":3,"name":"Ruta Sepetys regresa con una \u00abcolorista\u00bb historia de Nueva Orleans","previousItem":{"@type":"ListItem","@id":"https:\/\/www.eldigitaldeasturias.com\/noticias\/category\/revista-de-ocio\/#listItem","name":"Revista de Ocio"}}]},{"@type":"Organization","@id":"https:\/\/www.eldigitaldeasturias.com\/noticias\/#organization","name":"El Digital de Asturias","description":"Hemeroteca","url":"https:\/\/www.eldigitaldeasturias.com\/noticias\/","email":"info@eldigitaldeasturias.com","telephone":"+34652131393","logo":{"@type":"ImageObject","url":"https:\/\/www.eldigitaldeasturias.com\/noticias\/wp-content\/uploads\/2020\/12\/EDA.jpg","@id":"https:\/\/www.eldigitaldeasturias.com\/noticias\/ruta-sepetys-regresa-con-una-colorista-historia-de-nueva-orleans\/#organizationLogo"},"image":{"@id":"https:\/\/www.eldigitaldeasturias.com\/noticias\/ruta-sepetys-regresa-con-una-colorista-historia-de-nueva-orleans\/#organizationLogo"},"sameAs":["https:\/\/facebook.com\/eldigitaldeasturias","https:\/\/www.youtube.com\/channel\/UCZP-2wLEB9Rv6erhFmqVnvg"],"address":{"@id":"https:\/\/www.eldigitaldeasturias.com\/noticias\/#postaladdress","@type":"PostalAddress","streetAddress":"san antonio 4","postalCode":"33430","addressLocality":"Cand\u00e1s","addressRegion":"Asturias","addressCountry":"ES"}},{"@type":"Person","@id":"https:\/\/www.eldigitaldeasturias.com\/noticias\/author\/admin\/#author","url":"https:\/\/www.eldigitaldeasturias.com\/noticias\/author\/admin\/","name":"El Digital de Asturias","image":{"@type":"ImageObject","@id":"https:\/\/www.eldigitaldeasturias.com\/noticias\/ruta-sepetys-regresa-con-una-colorista-historia-de-nueva-orleans\/#authorImage","url":"https:\/\/secure.gravatar.com\/avatar\/df2aeffc32bcd13f8d26072ef8a91b623d677766deac7f97ca815868cd41bf5e?s=96&d=mm&r=g","width":96,"height":96,"caption":"El Digital de Asturias"}},{"@type":"WebPage","@id":"https:\/\/www.eldigitaldeasturias.com\/noticias\/ruta-sepetys-regresa-con-una-colorista-historia-de-nueva-orleans\/#webpage","url":"https:\/\/www.eldigitaldeasturias.com\/noticias\/ruta-sepetys-regresa-con-una-colorista-historia-de-nueva-orleans\/","name":"Ruta Sepetys regresa con una \u00abcolorista\u00bb historia de Nueva Orleans - El Digital de Asturias","description":"Barcelona, 2 dic (EFE).- Tras el \u00e9xito de su debut con \"Entre tonos de gris\", una historia sobre el genocidio estalinista en los pa\u00edses b\u00e1lticos, la escritora norteamericana Ruta Sepetys regresa a la narrativa con \"El color de los sue\u00f1os\", donde la fascinante ciudad de Nueva Orleans es una de las principales protagonistas. En una","inLanguage":"es-ES","isPartOf":{"@id":"https:\/\/www.eldigitaldeasturias.com\/noticias\/#website"},"breadcrumb":{"@id":"https:\/\/www.eldigitaldeasturias.com\/noticias\/ruta-sepetys-regresa-con-una-colorista-historia-de-nueva-orleans\/#breadcrumblist"},"author":{"@id":"https:\/\/www.eldigitaldeasturias.com\/noticias\/author\/admin\/#author"},"creator":{"@id":"https:\/\/www.eldigitaldeasturias.com\/noticias\/author\/admin\/#author"},"image":{"@type":"ImageObject","url":456871,"@id":"https:\/\/www.eldigitaldeasturias.com\/noticias\/ruta-sepetys-regresa-con-una-colorista-historia-de-nueva-orleans\/#mainImage"},"primaryImageOfPage":{"@id":"https:\/\/www.eldigitaldeasturias.com\/noticias\/ruta-sepetys-regresa-con-una-colorista-historia-de-nueva-orleans\/#mainImage"},"datePublished":"2013-12-02T23:18:26+01:00","dateModified":"2013-12-02T23:18:26+01:00"},{"@type":"WebSite","@id":"https:\/\/www.eldigitaldeasturias.com\/noticias\/#website","url":"https:\/\/www.eldigitaldeasturias.com\/noticias\/","name":"El Digital de Asturias - Diario de actualidad y noticias","alternateName":"El Digital de Asturias - Diario de actualidad y noticias","description":"Hemeroteca","inLanguage":"es-ES","publisher":{"@id":"https:\/\/www.eldigitaldeasturias.com\/noticias\/#organization"}}]},"og:locale":"es_ES","og:site_name":"El Digital de Asturias","og:type":"article","og:title":"Ruta Sepetys regresa con una \u00abcolorista\u00bb historia de Nueva Orleans - El Digital de Asturias","og:description":"Barcelona, 2 dic (EFE).- Tras el \u00e9xito de su debut con &quot;Entre tonos de gris&quot;, una historia sobre el genocidio estalinista en los pa\u00edses b\u00e1lticos, la escritora norteamericana Ruta Sepetys regresa a la narrativa con &quot;El color de los sue\u00f1os&quot;, donde la fascinante ciudad de Nueva Orleans es una de las principales protagonistas. En una","og:url":"https:\/\/www.eldigitaldeasturias.com\/noticias\/ruta-sepetys-regresa-con-una-colorista-historia-de-nueva-orleans\/","article:tag":["revista de ocio"],"article:published_time":"2013-12-03T00:18:26+00:00","article:modified_time":"2013-12-03T00:18:26+00:00","article:publisher":"https:\/\/facebook.com\/eldigitaldeasturias","twitter:card":"summary_large_image","twitter:title":"Ruta Sepetys regresa con una \u00abcolorista\u00bb historia de Nueva Orleans - El Digital de Asturias","twitter:description":"Barcelona, 2 dic (EFE).- Tras el \u00e9xito de su debut con &quot;Entre tonos de gris&quot;, una historia sobre el genocidio estalinista en los pa\u00edses b\u00e1lticos, la escritora norteamericana Ruta Sepetys regresa a la narrativa con &quot;El color de los sue\u00f1os&quot;, donde la fascinante ciudad de Nueva Orleans es una de las principales protagonistas. En una","twitter:label1":"Escrito por","twitter:data1":"El Digital de Asturias","twitter:label2":"Tiempo de lectura estimado","twitter:data2":"4 minutos"},"aioseo_meta_data":{"post_id":"456870","title":null,"description":null,"keywords":null,"keyphrases":null,"primary_term":null,"canonical_url":null,"og_title":null,"og_description":null,"og_object_type":"default","og_image_type":"default","og_image_url":null,"og_image_width":null,"og_image_height":null,"og_image_custom_url":null,"og_image_custom_fields":null,"og_video":null,"og_custom_url":null,"og_article_section":null,"og_article_tags":null,"twitter_use_og":true,"twitter_card":"default","twitter_image_type":"default","twitter_image_url":null,"twitter_image_custom_url":null,"twitter_image_custom_fields":null,"twitter_title":null,"twitter_description":null,"schema":{"blockGraphs":[],"customGraphs":[],"default":{"data":{"Article":[],"Course":[],"Dataset":[],"FAQPage":[],"Movie":[],"Person":[],"Product":[],"ProductReview":[],"Car":[],"Recipe":[],"Service":[],"SoftwareApplication":[],"WebPage":[]},"graphName":"","isEnabled":true},"graphs":[],"defaultGraph":"","defaultPostTypeGraph":""},"schema_type":null,"schema_type_options":null,"pillar_content":false,"robots_default":true,"robots_noindex":false,"robots_noarchive":false,"robots_nosnippet":false,"robots_nofollow":false,"robots_noimageindex":false,"robots_noodp":false,"robots_notranslate":false,"robots_max_snippet":null,"robots_max_videopreview":null,"robots_max_imagepreview":"none","priority":null,"frequency":null,"local_seo":null,"seo_analyzer_scan_date":"2026-05-29 23:29:52","breadcrumb_settings":null,"limit_modified_date":false,"open_ai":null,"ai":null,"created":"2020-11-14 22:46:02","updated":"2026-05-29 23:29:52","focus_keyword":null,"additional_keywords":null,"truseo_locale":null},"aioseo_breadcrumb":"<div class=\"aioseo-breadcrumbs\"><span class=\"aioseo-breadcrumb\">\n\t<a href=\"https:\/\/www.eldigitaldeasturias.com\/noticias\" title=\"Home\">Home<\/a>\n<\/span><span class=\"aioseo-breadcrumb-separator\">\u2013<\/span><span class=\"aioseo-breadcrumb\">\n\t<a href=\"https:\/\/www.eldigitaldeasturias.com\/noticias\/category\/revista-de-ocio\/\" title=\"Revista de Ocio\">Revista de Ocio<\/a>\n<\/span><span class=\"aioseo-breadcrumb-separator\">\u2013<\/span><span class=\"aioseo-breadcrumb\">\n\t<a href=\"https:\/\/www.eldigitaldeasturias.com\/noticias\/ruta-sepetys-regresa-con-una-colorista-historia-de-nueva-orleans\/\" title=\"Ruta Sepetys regresa con una \u00abcolorista\u00bb historia de Nueva Orleans\">Ruta Sepetys regresa con una \u00abcolorista\u00bb historia de Nueva Orleans<\/a>\n<\/span><\/div>","aioseo_breadcrumb_json":[{"label":"Home","link":"https:\/\/www.eldigitaldeasturias.com\/noticias"},{"label":"Revista de Ocio","link":"https:\/\/www.eldigitaldeasturias.com\/noticias\/category\/revista-de-ocio\/"},{"label":"Ruta Sepetys regresa con una \u00abcolorista\u00bb historia de Nueva Orleans","link":"https:\/\/www.eldigitaldeasturias.com\/noticias\/ruta-sepetys-regresa-con-una-colorista-historia-de-nueva-orleans\/"}],"_links":{"self":[{"href":"https:\/\/www.eldigitaldeasturias.com\/noticias\/wp-json\/wp\/v2\/posts\/456870","targetHints":{"allow":["GET"]}}],"collection":[{"href":"https:\/\/www.eldigitaldeasturias.com\/noticias\/wp-json\/wp\/v2\/posts"}],"about":[{"href":"https:\/\/www.eldigitaldeasturias.com\/noticias\/wp-json\/wp\/v2\/types\/post"}],"author":[{"embeddable":true,"href":"https:\/\/www.eldigitaldeasturias.com\/noticias\/wp-json\/wp\/v2\/users\/1"}],"replies":[{"embeddable":true,"href":"https:\/\/www.eldigitaldeasturias.com\/noticias\/wp-json\/wp\/v2\/comments?post=456870"}],"version-history":[{"count":0,"href":"https:\/\/www.eldigitaldeasturias.com\/noticias\/wp-json\/wp\/v2\/posts\/456870\/revisions"}],"wp:attachment":[{"href":"https:\/\/www.eldigitaldeasturias.com\/noticias\/wp-json\/wp\/v2\/media?parent=456870"}],"wp:term":[{"taxonomy":"category","embeddable":true,"href":"https:\/\/www.eldigitaldeasturias.com\/noticias\/wp-json\/wp\/v2\/categories?post=456870"},{"taxonomy":"post_tag","embeddable":true,"href":"https:\/\/www.eldigitaldeasturias.com\/noticias\/wp-json\/wp\/v2\/tags?post=456870"}],"curies":[{"name":"wp","href":"https:\/\/api.w.org\/{rel}","templated":true}]}}