{"id":456861,"date":"2013-12-02T23:13:49","date_gmt":"2013-12-03T00:13:49","guid":{"rendered":"http:\/\/www.eldigitaldeasturias.com\/noticias\/?p=456861"},"modified":"2013-12-02T23:13:49","modified_gmt":"2013-12-03T00:13:49","slug":"la-fundacion-gulbenkian-el-ministerio-de-cultura-oficioso-de-portugal","status":"publish","type":"post","link":"https:\/\/www.eldigitaldeasturias.com\/noticias\/la-fundacion-gulbenkian-el-ministerio-de-cultura-oficioso-de-portugal\/","title":{"rendered":"La Fundaci\u00f3n Gulbenkian, el Ministerio de Cultura oficioso de Portugal"},"content":{"rendered":"<p><img loading=\"lazy\" decoding=\"async\" class=\"alignleft size-medium wp-image-456862\" alt=\"5766121w\" src=\"https:\/\/www.eldigitaldeasturias.com\/noticias\/wp-content\/uploads\/2013\/12\/5766121w-213x320.jpg\" width=\"213\" height=\"320\" \/>Lisboa, 2 dic (EFE).- La Gulbenkian, una fundaci\u00f3n creada por un fil\u00e1ntropo millonario del petr\u00f3leo y financiada en parte por el mismo oro negro, se ha ganado el reconocimiento de ser, en la pr\u00e1ctica, el Ministerio de Cultura oficioso de Portugal.<\/p>\n<p>En una Europa en guerra, Lisboa se convirti\u00f3 en 1942 en el refugio tranquilo de uno de los hombres m\u00e1s ricos de la \u00e9poca, el magnate y coleccionista de arte armenio Calouste Sarkis Gulbenkian.<\/p>\n<p>M\u00e1s de medio siglo despu\u00e9s, el legado de este \u00abrey del petr\u00f3leo\u00bb es hoy un asilo para la cultura en un pa\u00eds bajo asistencia financiera internacional desde 2011, atosigado por cuadrar cuentas y con una dr\u00e1stica reducci\u00f3n del gasto p\u00fablico.<\/p>\n<p>Con una plantilla de unos 500 empleados, la entidad es una de las doce mayores fundaciones del mundo y se gestiona seg\u00fan la m\u00e1xima exigida en el testamento del empresario: servir a la humanidad.<\/p>\n<p>Si en su nacimiento la fundaci\u00f3n en 1956 se gan\u00f3 el sobrenombre del Ministerio de Cultura que Portugal no ten\u00eda, en 2011 aquella idea revivi\u00f3 tras la supresi\u00f3n de dicho organismo p\u00fablico, dentro de la bater\u00eda de recortes que acompa\u00f1\u00f3 la llegada al poder del primer ministro conservador Pedro Passos Coelho.<\/p>\n<p>A nivel internacional, una prestigiosa biblioteca de arte en su sede en Lisboa atrae a estudiosos de todo el mundo, junto a un museo con obras de Rembrandt, Rubens, Van Dyck y Renoir, tesoros de porcelana rara china o tapetes persas.<\/p>\n<p>La mayor\u00eda de sus iniciativas se destinan al arte (38 %) y la educaci\u00f3n (28 %), seguidas de acciones en el \u00e1mbito de la ciencia (21 %) y la caridad (13 %).<\/p>\n<p>Pero su labor es sobre todo reconocida en Portugal como impulsora de becas, exposiciones, conferencias y conciertos que absorben casi un 40 % de unos 100 millones de euros (135,9 millones de d\u00f3lares) del presupuesto anual de la fundaci\u00f3n.<\/p>\n<p>En cifras, la Gulbenkian gasta la mitad de lo que el Gobierno luso prev\u00e9 dedicar a toda la actividad cultural en el pr\u00f3ximo a\u00f1o (199 millones de euros o 270 millones de d\u00f3lares), en el que se recortar\u00e1n las partidas de principales entidades p\u00fablicas del sector, como el Instituto de Cine y de lo Audiovisual, o la Direcci\u00f3n General de Patrimonio Cultural.<\/p>\n<p>Detr\u00e1s de la capacidad financiera de la fundaci\u00f3n, la historia de los or\u00edgenes de su fundador, conocido en su \u00e9poca como \u00abel se\u00f1or 5 %\u00bb, en alusi\u00f3n al porcentaje de acciones que lograr\u00eda sostener en la Compa\u00f1\u00eda Petrol\u00edfera Turca a pesar de las reorganizaciones posteriores de la empresa.<\/p>\n<p>Una vez asegurada su fortuna y con ella la financiaci\u00f3n de su pasi\u00f3n coleccionista, se prepar\u00f3 para emigrar a EE.UU. por la inestabilidad belicista en Europa, pero un hecho casi fortuito, la invitaci\u00f3n del embajador luso en Francia en 1942, le hizo recalar en Lisboa.<\/p>\n<p>En una Europa incendiada por la guerra, Portugal segu\u00eda como pa\u00eds neutral y la paz encontrada en el desaparecido Hotel Aviz le fue suficiente para vivir los \u00faltimos trece a\u00f1os de su vida y donar su legado a la capital portuguesa, sin m\u00e1s razones que pagar pocos impuestos y sentirse ignorado, seg\u00fan cuentan sus biograf\u00edas.<\/p>\n<p>Hoy la acci\u00f3n filantr\u00f3pica de la Gulbenkian sigue sosteni\u00e9ndose a partir de los beneficios de actividades petrol\u00edferas y financieras amasados a partir de los 10 millones de euros (13,5 millones de d\u00f3lares) (en valores ajustados a 2013) de la dotaci\u00f3n inicial que el fundador dej\u00f3 tras su muerte.<\/p>\n<p>Con el m\u00e9rito de ser una de las pocas entidades de su g\u00e9nero que ha vivido pr\u00e1cticamente de la revalorizaci\u00f3n de esa donaci\u00f3n primera, el retorno ha crecido hasta los 295 millones de euros (400,9 millones de d\u00f3lares) en 2012, seg\u00fan el informe de cuentas de la fundaci\u00f3n.<\/p>\n<p>Parte de esos beneficios provienen de las operaciones en petr\u00f3leo y gas natural del Grupo Partex, de titularidad exclusiva de la fundaci\u00f3n y con presencia en el golfo p\u00e9rsico (Oman y Abu Dhabi), Brasil, Portugal y Angola.<\/p>\n<p>La otra fuente de ingresos es la gesti\u00f3n de un fondo de inversiones con activos valorados en 2.000 millones de euros (2.718,5 millones de d\u00f3lares) , sostenida por la dimensi\u00f3n y rentabilidad de su patrimonio, que incluye unas 6.000 piezas de arte del coleccionista armenio.<\/p>\n<p>Por Susana Irles<\/p>\n","protected":false},"excerpt":{"rendered":"<p>Lisboa, 2 dic (EFE).- La Gulbenkian, una fundaci\u00f3n creada por un fil\u00e1ntropo millonario del petr\u00f3leo y financiada en parte por el mismo oro negro, se ha ganado el reconocimiento de ser, en la pr\u00e1ctica, el Ministerio de Cultura oficioso de Portugal. En una Europa en guerra, Lisboa se convirti\u00f3 en 1942 en el refugio tranquilo [&hellip;]<\/p>\n","protected":false},"author":1,"featured_media":456862,"comment_status":"closed","ping_status":"open","sticky":false,"template":"","format":"standard","meta":{"footnotes":""},"categories":[50],"tags":[],"class_list":["post-456861","post","type-post","status-publish","format-standard","has-post-thumbnail","hentry","category-revista-de-ocio"],"aioseo_notices":[],"aioseo_head":"\n\t\t<!-- All in One SEO Pro 5.0.1 - aioseo.com -->\n\t<meta name=\"description\" content=\"Lisboa, 2 dic (EFE).- La Gulbenkian, una fundaci\u00f3n creada por un fil\u00e1ntropo millonario del petr\u00f3leo y financiada en parte por el mismo oro negro, se ha ganado el reconocimiento de ser, en la pr\u00e1ctica, el Ministerio de Cultura oficioso de Portugal. En una Europa en guerra, Lisboa se convirti\u00f3 en 1942 en el refugio tranquilo\" \/>\n\t<meta name=\"robots\" content=\"max-image-preview:large\" \/>\n\t<meta name=\"author\" content=\"El Digital de Asturias\"\/>\n\t<meta name=\"google-site-verification\" content=\"UA-38556648-1\" \/>\n\t<meta name=\"msvalidate.01\" content=\"7dfe9f3f1b24437ab69f4f2559babe99\" \/>\n\t<meta name=\"keywords\" content=\"revista de ocio\" \/>\n\t<link rel=\"canonical\" href=\"https:\/\/www.eldigitaldeasturias.com\/noticias\/la-fundacion-gulbenkian-el-ministerio-de-cultura-oficioso-de-portugal\/\" \/>\n\t<meta name=\"generator\" content=\"All in One SEO Pro (AIOSEO) 5.0.1\" \/>\n\t\t<meta property=\"og:locale\" content=\"es_ES\" \/>\n\t\t<meta property=\"og:site_name\" content=\"El Digital de Asturias\" \/>\n\t\t<meta property=\"og:type\" content=\"article\" \/>\n\t\t<meta property=\"og:title\" content=\"La Fundaci\u00f3n Gulbenkian, el Ministerio de Cultura oficioso de Portugal - El Digital de Asturias\" \/>\n\t\t<meta property=\"og:description\" content=\"Lisboa, 2 dic (EFE).- La Gulbenkian, una fundaci\u00f3n creada por un fil\u00e1ntropo millonario del petr\u00f3leo y financiada en parte por el mismo oro negro, se ha ganado el reconocimiento de ser, en la pr\u00e1ctica, el Ministerio de Cultura oficioso de Portugal. En una Europa en guerra, Lisboa se convirti\u00f3 en 1942 en el refugio tranquilo\" \/>\n\t\t<meta property=\"og:url\" content=\"https:\/\/www.eldigitaldeasturias.com\/noticias\/la-fundacion-gulbenkian-el-ministerio-de-cultura-oficioso-de-portugal\/\" \/>\n\t\t<meta property=\"article:tag\" content=\"revista de ocio\" \/>\n\t\t<meta property=\"article:published_time\" content=\"2013-12-03T00:13:49+00:00\" \/>\n\t\t<meta property=\"article:modified_time\" content=\"2013-12-03T00:13:49+00:00\" \/>\n\t\t<meta property=\"article:publisher\" content=\"https:\/\/facebook.com\/eldigitaldeasturias\" \/>\n\t\t<meta name=\"twitter:card\" content=\"summary_large_image\" \/>\n\t\t<meta name=\"twitter:title\" content=\"La Fundaci\u00f3n Gulbenkian, el Ministerio de Cultura oficioso de Portugal - El Digital de Asturias\" \/>\n\t\t<meta name=\"twitter:description\" content=\"Lisboa, 2 dic (EFE).- La Gulbenkian, una fundaci\u00f3n creada por un fil\u00e1ntropo millonario del petr\u00f3leo y financiada en parte por el mismo oro negro, se ha ganado el reconocimiento de ser, en la pr\u00e1ctica, el Ministerio de Cultura oficioso de Portugal. En una Europa en guerra, Lisboa se convirti\u00f3 en 1942 en el refugio tranquilo\" \/>\n\t\t<meta name=\"twitter:label1\" content=\"Escrito por\" \/>\n\t\t<meta name=\"twitter:data1\" content=\"El Digital de Asturias\" \/>\n\t\t<meta name=\"twitter:label2\" content=\"Tiempo de lectura estimado\" \/>\n\t\t<meta name=\"twitter:data2\" content=\"4 minutos\" \/>\n\t\t<script type=\"application\/ld+json\" class=\"aioseo-schema\">\n\t\t\t{\"@context\":\"https:\\\/\\\/schema.org\",\"@graph\":[{\"@type\":\"BlogPosting\",\"@id\":\"https:\\\/\\\/www.eldigitaldeasturias.com\\\/noticias\\\/la-fundacion-gulbenkian-el-ministerio-de-cultura-oficioso-de-portugal\\\/#blogposting\",\"name\":\"La Fundaci\\u00f3n Gulbenkian, el Ministerio de Cultura oficioso de Portugal - El Digital de Asturias\",\"headline\":\"La Fundaci\\u00f3n Gulbenkian, el Ministerio de Cultura oficioso de Portugal\",\"author\":{\"@id\":\"https:\\\/\\\/www.eldigitaldeasturias.com\\\/noticias\\\/author\\\/admin\\\/#author\"},\"publisher\":{\"@id\":\"https:\\\/\\\/www.eldigitaldeasturias.com\\\/noticias\\\/#organization\"},\"image\":{\"@type\":\"ImageObject\",\"url\":456862},\"datePublished\":\"2013-12-02T23:13:49+01:00\",\"dateModified\":\"2013-12-02T23:13:49+01:00\",\"inLanguage\":\"es-ES\",\"mainEntityOfPage\":{\"@id\":\"https:\\\/\\\/www.eldigitaldeasturias.com\\\/noticias\\\/la-fundacion-gulbenkian-el-ministerio-de-cultura-oficioso-de-portugal\\\/#webpage\"},\"isPartOf\":{\"@id\":\"https:\\\/\\\/www.eldigitaldeasturias.com\\\/noticias\\\/la-fundacion-gulbenkian-el-ministerio-de-cultura-oficioso-de-portugal\\\/#webpage\"},\"articleSection\":\"Revista de Ocio\"},{\"@type\":\"BreadcrumbList\",\"@id\":\"https:\\\/\\\/www.eldigitaldeasturias.com\\\/noticias\\\/la-fundacion-gulbenkian-el-ministerio-de-cultura-oficioso-de-portugal\\\/#breadcrumblist\",\"itemListElement\":[{\"@type\":\"ListItem\",\"@id\":\"https:\\\/\\\/www.eldigitaldeasturias.com\\\/noticias#listItem\",\"position\":1,\"name\":\"Home\",\"item\":\"https:\\\/\\\/www.eldigitaldeasturias.com\\\/noticias\",\"nextItem\":{\"@type\":\"ListItem\",\"@id\":\"https:\\\/\\\/www.eldigitaldeasturias.com\\\/noticias\\\/category\\\/revista-de-ocio\\\/#listItem\",\"name\":\"Revista de Ocio\"}},{\"@type\":\"ListItem\",\"@id\":\"https:\\\/\\\/www.eldigitaldeasturias.com\\\/noticias\\\/category\\\/revista-de-ocio\\\/#listItem\",\"position\":2,\"name\":\"Revista de Ocio\",\"item\":\"https:\\\/\\\/www.eldigitaldeasturias.com\\\/noticias\\\/category\\\/revista-de-ocio\\\/\",\"nextItem\":{\"@type\":\"ListItem\",\"@id\":\"https:\\\/\\\/www.eldigitaldeasturias.com\\\/noticias\\\/la-fundacion-gulbenkian-el-ministerio-de-cultura-oficioso-de-portugal\\\/#listItem\",\"name\":\"La Fundaci\\u00f3n Gulbenkian, el Ministerio de Cultura oficioso de Portugal\"},\"previousItem\":{\"@type\":\"ListItem\",\"@id\":\"https:\\\/\\\/www.eldigitaldeasturias.com\\\/noticias#listItem\",\"name\":\"Home\"}},{\"@type\":\"ListItem\",\"@id\":\"https:\\\/\\\/www.eldigitaldeasturias.com\\\/noticias\\\/la-fundacion-gulbenkian-el-ministerio-de-cultura-oficioso-de-portugal\\\/#listItem\",\"position\":3,\"name\":\"La Fundaci\\u00f3n Gulbenkian, el Ministerio de Cultura oficioso de Portugal\",\"previousItem\":{\"@type\":\"ListItem\",\"@id\":\"https:\\\/\\\/www.eldigitaldeasturias.com\\\/noticias\\\/category\\\/revista-de-ocio\\\/#listItem\",\"name\":\"Revista de Ocio\"}}]},{\"@type\":\"Organization\",\"@id\":\"https:\\\/\\\/www.eldigitaldeasturias.com\\\/noticias\\\/#organization\",\"name\":\"El Digital de Asturias\",\"description\":\"Hemeroteca\",\"url\":\"https:\\\/\\\/www.eldigitaldeasturias.com\\\/noticias\\\/\",\"email\":\"info@eldigitaldeasturias.com\",\"telephone\":\"+34652131393\",\"logo\":{\"@type\":\"ImageObject\",\"url\":\"https:\\\/\\\/www.eldigitaldeasturias.com\\\/noticias\\\/wp-content\\\/uploads\\\/2020\\\/12\\\/EDA.jpg\",\"@id\":\"https:\\\/\\\/www.eldigitaldeasturias.com\\\/noticias\\\/la-fundacion-gulbenkian-el-ministerio-de-cultura-oficioso-de-portugal\\\/#organizationLogo\"},\"image\":{\"@id\":\"https:\\\/\\\/www.eldigitaldeasturias.com\\\/noticias\\\/la-fundacion-gulbenkian-el-ministerio-de-cultura-oficioso-de-portugal\\\/#organizationLogo\"},\"sameAs\":[\"https:\\\/\\\/facebook.com\\\/eldigitaldeasturias\",\"https:\\\/\\\/www.youtube.com\\\/channel\\\/UCZP-2wLEB9Rv6erhFmqVnvg\"],\"address\":{\"@id\":\"https:\\\/\\\/www.eldigitaldeasturias.com\\\/noticias\\\/#postaladdress\",\"@type\":\"PostalAddress\",\"streetAddress\":\"san antonio 4\",\"postalCode\":\"33430\",\"addressLocality\":\"Cand\\u00e1s\",\"addressRegion\":\"Asturias\",\"addressCountry\":\"ES\"}},{\"@type\":\"Person\",\"@id\":\"https:\\\/\\\/www.eldigitaldeasturias.com\\\/noticias\\\/author\\\/admin\\\/#author\",\"url\":\"https:\\\/\\\/www.eldigitaldeasturias.com\\\/noticias\\\/author\\\/admin\\\/\",\"name\":\"El Digital de Asturias\",\"image\":{\"@type\":\"ImageObject\",\"@id\":\"https:\\\/\\\/www.eldigitaldeasturias.com\\\/noticias\\\/la-fundacion-gulbenkian-el-ministerio-de-cultura-oficioso-de-portugal\\\/#authorImage\",\"url\":\"https:\\\/\\\/secure.gravatar.com\\\/avatar\\\/df2aeffc32bcd13f8d26072ef8a91b623d677766deac7f97ca815868cd41bf5e?s=96&d=mm&r=g\",\"width\":96,\"height\":96,\"caption\":\"El Digital de Asturias\"}},{\"@type\":\"WebPage\",\"@id\":\"https:\\\/\\\/www.eldigitaldeasturias.com\\\/noticias\\\/la-fundacion-gulbenkian-el-ministerio-de-cultura-oficioso-de-portugal\\\/#webpage\",\"url\":\"https:\\\/\\\/www.eldigitaldeasturias.com\\\/noticias\\\/la-fundacion-gulbenkian-el-ministerio-de-cultura-oficioso-de-portugal\\\/\",\"name\":\"La Fundaci\\u00f3n Gulbenkian, el Ministerio de Cultura oficioso de Portugal - El Digital de Asturias\",\"description\":\"Lisboa, 2 dic (EFE).- La Gulbenkian, una fundaci\\u00f3n creada por un fil\\u00e1ntropo millonario del petr\\u00f3leo y financiada en parte por el mismo oro negro, se ha ganado el reconocimiento de ser, en la pr\\u00e1ctica, el Ministerio de Cultura oficioso de Portugal. En una Europa en guerra, Lisboa se convirti\\u00f3 en 1942 en el refugio tranquilo\",\"inLanguage\":\"es-ES\",\"isPartOf\":{\"@id\":\"https:\\\/\\\/www.eldigitaldeasturias.com\\\/noticias\\\/#website\"},\"breadcrumb\":{\"@id\":\"https:\\\/\\\/www.eldigitaldeasturias.com\\\/noticias\\\/la-fundacion-gulbenkian-el-ministerio-de-cultura-oficioso-de-portugal\\\/#breadcrumblist\"},\"author\":{\"@id\":\"https:\\\/\\\/www.eldigitaldeasturias.com\\\/noticias\\\/author\\\/admin\\\/#author\"},\"creator\":{\"@id\":\"https:\\\/\\\/www.eldigitaldeasturias.com\\\/noticias\\\/author\\\/admin\\\/#author\"},\"image\":{\"@type\":\"ImageObject\",\"url\":456862,\"@id\":\"https:\\\/\\\/www.eldigitaldeasturias.com\\\/noticias\\\/la-fundacion-gulbenkian-el-ministerio-de-cultura-oficioso-de-portugal\\\/#mainImage\"},\"primaryImageOfPage\":{\"@id\":\"https:\\\/\\\/www.eldigitaldeasturias.com\\\/noticias\\\/la-fundacion-gulbenkian-el-ministerio-de-cultura-oficioso-de-portugal\\\/#mainImage\"},\"datePublished\":\"2013-12-02T23:13:49+01:00\",\"dateModified\":\"2013-12-02T23:13:49+01:00\"},{\"@type\":\"WebSite\",\"@id\":\"https:\\\/\\\/www.eldigitaldeasturias.com\\\/noticias\\\/#website\",\"url\":\"https:\\\/\\\/www.eldigitaldeasturias.com\\\/noticias\\\/\",\"name\":\"El Digital de Asturias - Diario de actualidad y noticias\",\"alternateName\":\"El Digital de Asturias - Diario de actualidad y noticias\",\"description\":\"Hemeroteca\",\"inLanguage\":\"es-ES\",\"publisher\":{\"@id\":\"https:\\\/\\\/www.eldigitaldeasturias.com\\\/noticias\\\/#organization\"}}]}\n\t\t<\/script>\n\t\t<!-- All in One SEO Pro -->\r\n\t\t<title>La Fundaci\u00f3n Gulbenkian, el Ministerio de Cultura oficioso de Portugal - El Digital de Asturias<\/title>\n\n","aioseo_head_json":{"title":"La Fundaci\u00f3n Gulbenkian, el Ministerio de Cultura oficioso de Portugal - El Digital de Asturias","description":"Lisboa, 2 dic (EFE).- La Gulbenkian, una fundaci\u00f3n creada por un fil\u00e1ntropo millonario del petr\u00f3leo y financiada en parte por el mismo oro negro, se ha ganado el reconocimiento de ser, en la pr\u00e1ctica, el Ministerio de Cultura oficioso de Portugal. En una Europa en guerra, Lisboa se convirti\u00f3 en 1942 en el refugio tranquilo","canonical_url":"https:\/\/www.eldigitaldeasturias.com\/noticias\/la-fundacion-gulbenkian-el-ministerio-de-cultura-oficioso-de-portugal\/","robots":"max-image-preview:large","keywords":"revista de ocio","webmasterTools":{"google-site-verification":"UA-38556648-1","msvalidate.01":"7dfe9f3f1b24437ab69f4f2559babe99","miscellaneous":""},"schema":{"@context":"https:\/\/schema.org","@graph":[{"@type":"BlogPosting","@id":"https:\/\/www.eldigitaldeasturias.com\/noticias\/la-fundacion-gulbenkian-el-ministerio-de-cultura-oficioso-de-portugal\/#blogposting","name":"La Fundaci\u00f3n Gulbenkian, el Ministerio de Cultura oficioso de Portugal - El Digital de Asturias","headline":"La Fundaci\u00f3n Gulbenkian, el Ministerio de Cultura oficioso de Portugal","author":{"@id":"https:\/\/www.eldigitaldeasturias.com\/noticias\/author\/admin\/#author"},"publisher":{"@id":"https:\/\/www.eldigitaldeasturias.com\/noticias\/#organization"},"image":{"@type":"ImageObject","url":456862},"datePublished":"2013-12-02T23:13:49+01:00","dateModified":"2013-12-02T23:13:49+01:00","inLanguage":"es-ES","mainEntityOfPage":{"@id":"https:\/\/www.eldigitaldeasturias.com\/noticias\/la-fundacion-gulbenkian-el-ministerio-de-cultura-oficioso-de-portugal\/#webpage"},"isPartOf":{"@id":"https:\/\/www.eldigitaldeasturias.com\/noticias\/la-fundacion-gulbenkian-el-ministerio-de-cultura-oficioso-de-portugal\/#webpage"},"articleSection":"Revista de Ocio"},{"@type":"BreadcrumbList","@id":"https:\/\/www.eldigitaldeasturias.com\/noticias\/la-fundacion-gulbenkian-el-ministerio-de-cultura-oficioso-de-portugal\/#breadcrumblist","itemListElement":[{"@type":"ListItem","@id":"https:\/\/www.eldigitaldeasturias.com\/noticias#listItem","position":1,"name":"Home","item":"https:\/\/www.eldigitaldeasturias.com\/noticias","nextItem":{"@type":"ListItem","@id":"https:\/\/www.eldigitaldeasturias.com\/noticias\/category\/revista-de-ocio\/#listItem","name":"Revista de Ocio"}},{"@type":"ListItem","@id":"https:\/\/www.eldigitaldeasturias.com\/noticias\/category\/revista-de-ocio\/#listItem","position":2,"name":"Revista de Ocio","item":"https:\/\/www.eldigitaldeasturias.com\/noticias\/category\/revista-de-ocio\/","nextItem":{"@type":"ListItem","@id":"https:\/\/www.eldigitaldeasturias.com\/noticias\/la-fundacion-gulbenkian-el-ministerio-de-cultura-oficioso-de-portugal\/#listItem","name":"La Fundaci\u00f3n Gulbenkian, el Ministerio de Cultura oficioso de Portugal"},"previousItem":{"@type":"ListItem","@id":"https:\/\/www.eldigitaldeasturias.com\/noticias#listItem","name":"Home"}},{"@type":"ListItem","@id":"https:\/\/www.eldigitaldeasturias.com\/noticias\/la-fundacion-gulbenkian-el-ministerio-de-cultura-oficioso-de-portugal\/#listItem","position":3,"name":"La Fundaci\u00f3n Gulbenkian, el Ministerio de Cultura oficioso de Portugal","previousItem":{"@type":"ListItem","@id":"https:\/\/www.eldigitaldeasturias.com\/noticias\/category\/revista-de-ocio\/#listItem","name":"Revista de Ocio"}}]},{"@type":"Organization","@id":"https:\/\/www.eldigitaldeasturias.com\/noticias\/#organization","name":"El Digital de Asturias","description":"Hemeroteca","url":"https:\/\/www.eldigitaldeasturias.com\/noticias\/","email":"info@eldigitaldeasturias.com","telephone":"+34652131393","logo":{"@type":"ImageObject","url":"https:\/\/www.eldigitaldeasturias.com\/noticias\/wp-content\/uploads\/2020\/12\/EDA.jpg","@id":"https:\/\/www.eldigitaldeasturias.com\/noticias\/la-fundacion-gulbenkian-el-ministerio-de-cultura-oficioso-de-portugal\/#organizationLogo"},"image":{"@id":"https:\/\/www.eldigitaldeasturias.com\/noticias\/la-fundacion-gulbenkian-el-ministerio-de-cultura-oficioso-de-portugal\/#organizationLogo"},"sameAs":["https:\/\/facebook.com\/eldigitaldeasturias","https:\/\/www.youtube.com\/channel\/UCZP-2wLEB9Rv6erhFmqVnvg"],"address":{"@id":"https:\/\/www.eldigitaldeasturias.com\/noticias\/#postaladdress","@type":"PostalAddress","streetAddress":"san antonio 4","postalCode":"33430","addressLocality":"Cand\u00e1s","addressRegion":"Asturias","addressCountry":"ES"}},{"@type":"Person","@id":"https:\/\/www.eldigitaldeasturias.com\/noticias\/author\/admin\/#author","url":"https:\/\/www.eldigitaldeasturias.com\/noticias\/author\/admin\/","name":"El Digital de Asturias","image":{"@type":"ImageObject","@id":"https:\/\/www.eldigitaldeasturias.com\/noticias\/la-fundacion-gulbenkian-el-ministerio-de-cultura-oficioso-de-portugal\/#authorImage","url":"https:\/\/secure.gravatar.com\/avatar\/df2aeffc32bcd13f8d26072ef8a91b623d677766deac7f97ca815868cd41bf5e?s=96&d=mm&r=g","width":96,"height":96,"caption":"El Digital de Asturias"}},{"@type":"WebPage","@id":"https:\/\/www.eldigitaldeasturias.com\/noticias\/la-fundacion-gulbenkian-el-ministerio-de-cultura-oficioso-de-portugal\/#webpage","url":"https:\/\/www.eldigitaldeasturias.com\/noticias\/la-fundacion-gulbenkian-el-ministerio-de-cultura-oficioso-de-portugal\/","name":"La Fundaci\u00f3n Gulbenkian, el Ministerio de Cultura oficioso de Portugal - El Digital de Asturias","description":"Lisboa, 2 dic (EFE).- La Gulbenkian, una fundaci\u00f3n creada por un fil\u00e1ntropo millonario del petr\u00f3leo y financiada en parte por el mismo oro negro, se ha ganado el reconocimiento de ser, en la pr\u00e1ctica, el Ministerio de Cultura oficioso de Portugal. En una Europa en guerra, Lisboa se convirti\u00f3 en 1942 en el refugio tranquilo","inLanguage":"es-ES","isPartOf":{"@id":"https:\/\/www.eldigitaldeasturias.com\/noticias\/#website"},"breadcrumb":{"@id":"https:\/\/www.eldigitaldeasturias.com\/noticias\/la-fundacion-gulbenkian-el-ministerio-de-cultura-oficioso-de-portugal\/#breadcrumblist"},"author":{"@id":"https:\/\/www.eldigitaldeasturias.com\/noticias\/author\/admin\/#author"},"creator":{"@id":"https:\/\/www.eldigitaldeasturias.com\/noticias\/author\/admin\/#author"},"image":{"@type":"ImageObject","url":456862,"@id":"https:\/\/www.eldigitaldeasturias.com\/noticias\/la-fundacion-gulbenkian-el-ministerio-de-cultura-oficioso-de-portugal\/#mainImage"},"primaryImageOfPage":{"@id":"https:\/\/www.eldigitaldeasturias.com\/noticias\/la-fundacion-gulbenkian-el-ministerio-de-cultura-oficioso-de-portugal\/#mainImage"},"datePublished":"2013-12-02T23:13:49+01:00","dateModified":"2013-12-02T23:13:49+01:00"},{"@type":"WebSite","@id":"https:\/\/www.eldigitaldeasturias.com\/noticias\/#website","url":"https:\/\/www.eldigitaldeasturias.com\/noticias\/","name":"El Digital de Asturias - Diario de actualidad y noticias","alternateName":"El Digital de Asturias - Diario de actualidad y noticias","description":"Hemeroteca","inLanguage":"es-ES","publisher":{"@id":"https:\/\/www.eldigitaldeasturias.com\/noticias\/#organization"}}]},"og:locale":"es_ES","og:site_name":"El Digital de Asturias","og:type":"article","og:title":"La Fundaci\u00f3n Gulbenkian, el Ministerio de Cultura oficioso de Portugal - El Digital de Asturias","og:description":"Lisboa, 2 dic (EFE).- La Gulbenkian, una fundaci\u00f3n creada por un fil\u00e1ntropo millonario del petr\u00f3leo y financiada en parte por el mismo oro negro, se ha ganado el reconocimiento de ser, en la pr\u00e1ctica, el Ministerio de Cultura oficioso de Portugal. En una Europa en guerra, Lisboa se convirti\u00f3 en 1942 en el refugio tranquilo","og:url":"https:\/\/www.eldigitaldeasturias.com\/noticias\/la-fundacion-gulbenkian-el-ministerio-de-cultura-oficioso-de-portugal\/","article:tag":["revista de ocio"],"article:published_time":"2013-12-03T00:13:49+00:00","article:modified_time":"2013-12-03T00:13:49+00:00","article:publisher":"https:\/\/facebook.com\/eldigitaldeasturias","twitter:card":"summary_large_image","twitter:title":"La Fundaci\u00f3n Gulbenkian, el Ministerio de Cultura oficioso de Portugal - El Digital de Asturias","twitter:description":"Lisboa, 2 dic (EFE).- La Gulbenkian, una fundaci\u00f3n creada por un fil\u00e1ntropo millonario del petr\u00f3leo y financiada en parte por el mismo oro negro, se ha ganado el reconocimiento de ser, en la pr\u00e1ctica, el Ministerio de Cultura oficioso de Portugal. En una Europa en guerra, Lisboa se convirti\u00f3 en 1942 en el refugio tranquilo","twitter:label1":"Escrito por","twitter:data1":"El Digital de Asturias","twitter:label2":"Tiempo de lectura estimado","twitter:data2":"4 minutos"},"aioseo_meta_data":{"post_id":"456861","title":null,"description":null,"keywords":null,"keyphrases":null,"primary_term":null,"canonical_url":null,"og_title":null,"og_description":null,"og_object_type":"default","og_image_type":"default","og_image_url":null,"og_image_width":null,"og_image_height":null,"og_image_custom_url":null,"og_image_custom_fields":null,"og_video":null,"og_custom_url":null,"og_article_section":null,"og_article_tags":null,"twitter_use_og":true,"twitter_card":"default","twitter_image_type":"default","twitter_image_url":null,"twitter_image_custom_url":null,"twitter_image_custom_fields":null,"twitter_title":null,"twitter_description":null,"schema":{"blockGraphs":[],"customGraphs":[],"default":{"data":{"Article":[],"Course":[],"Dataset":[],"FAQPage":[],"Movie":[],"Person":[],"Product":[],"ProductReview":[],"Car":[],"Recipe":[],"Service":[],"SoftwareApplication":[],"WebPage":[]},"graphName":"","isEnabled":true},"graphs":[],"defaultGraph":"","defaultPostTypeGraph":""},"schema_type":null,"schema_type_options":null,"pillar_content":false,"robots_default":true,"robots_noindex":false,"robots_noarchive":false,"robots_nosnippet":false,"robots_nofollow":false,"robots_noimageindex":false,"robots_noodp":false,"robots_notranslate":false,"robots_max_snippet":null,"robots_max_videopreview":null,"robots_max_imagepreview":"none","priority":null,"frequency":null,"local_seo":null,"seo_analyzer_scan_date":"2026-05-29 23:27:53","breadcrumb_settings":null,"limit_modified_date":false,"open_ai":null,"ai":null,"created":"2020-11-14 22:46:02","updated":"2026-05-29 23:27:53","focus_keyword":null,"additional_keywords":null,"truseo_locale":null},"aioseo_breadcrumb":"<div class=\"aioseo-breadcrumbs\"><span class=\"aioseo-breadcrumb\">\n\t<a href=\"https:\/\/www.eldigitaldeasturias.com\/noticias\" title=\"Home\">Home<\/a>\n<\/span><span class=\"aioseo-breadcrumb-separator\">\u2013<\/span><span class=\"aioseo-breadcrumb\">\n\t<a href=\"https:\/\/www.eldigitaldeasturias.com\/noticias\/category\/revista-de-ocio\/\" title=\"Revista de Ocio\">Revista de Ocio<\/a>\n<\/span><span class=\"aioseo-breadcrumb-separator\">\u2013<\/span><span class=\"aioseo-breadcrumb\">\n\t<a href=\"https:\/\/www.eldigitaldeasturias.com\/noticias\/la-fundacion-gulbenkian-el-ministerio-de-cultura-oficioso-de-portugal\/\" title=\"La Fundaci\u00f3n Gulbenkian, el Ministerio de Cultura oficioso de Portugal\">La Fundaci\u00f3n Gulbenkian, el Ministerio de Cultura oficioso de Portugal<\/a>\n<\/span><\/div>","aioseo_breadcrumb_json":[{"label":"Home","link":"https:\/\/www.eldigitaldeasturias.com\/noticias"},{"label":"Revista de Ocio","link":"https:\/\/www.eldigitaldeasturias.com\/noticias\/category\/revista-de-ocio\/"},{"label":"La Fundaci\u00f3n Gulbenkian, el Ministerio de Cultura oficioso de Portugal","link":"https:\/\/www.eldigitaldeasturias.com\/noticias\/la-fundacion-gulbenkian-el-ministerio-de-cultura-oficioso-de-portugal\/"}],"_links":{"self":[{"href":"https:\/\/www.eldigitaldeasturias.com\/noticias\/wp-json\/wp\/v2\/posts\/456861","targetHints":{"allow":["GET"]}}],"collection":[{"href":"https:\/\/www.eldigitaldeasturias.com\/noticias\/wp-json\/wp\/v2\/posts"}],"about":[{"href":"https:\/\/www.eldigitaldeasturias.com\/noticias\/wp-json\/wp\/v2\/types\/post"}],"author":[{"embeddable":true,"href":"https:\/\/www.eldigitaldeasturias.com\/noticias\/wp-json\/wp\/v2\/users\/1"}],"replies":[{"embeddable":true,"href":"https:\/\/www.eldigitaldeasturias.com\/noticias\/wp-json\/wp\/v2\/comments?post=456861"}],"version-history":[{"count":0,"href":"https:\/\/www.eldigitaldeasturias.com\/noticias\/wp-json\/wp\/v2\/posts\/456861\/revisions"}],"wp:attachment":[{"href":"https:\/\/www.eldigitaldeasturias.com\/noticias\/wp-json\/wp\/v2\/media?parent=456861"}],"wp:term":[{"taxonomy":"category","embeddable":true,"href":"https:\/\/www.eldigitaldeasturias.com\/noticias\/wp-json\/wp\/v2\/categories?post=456861"},{"taxonomy":"post_tag","embeddable":true,"href":"https:\/\/www.eldigitaldeasturias.com\/noticias\/wp-json\/wp\/v2\/tags?post=456861"}],"curies":[{"name":"wp","href":"https:\/\/api.w.org\/{rel}","templated":true}]}}