{"id":456852,"date":"2013-12-02T23:09:40","date_gmt":"2013-12-03T00:09:40","guid":{"rendered":"http:\/\/www.eldigitaldeasturias.com\/noticias\/?p=456852"},"modified":"2013-12-02T23:09:40","modified_gmt":"2013-12-03T00:09:40","slug":"ford-desdoblara-en-navidades-las-lineas-de-produccion-para-los-nuevos-modelos","status":"publish","type":"post","link":"https:\/\/www.eldigitaldeasturias.com\/noticias\/ford-desdoblara-en-navidades-las-lineas-de-produccion-para-los-nuevos-modelos\/","title":{"rendered":"Ford desdoblar\u00e1 en Navidades las l\u00edneas de producci\u00f3n para los nuevos modelos"},"content":{"rendered":"<p><img loading=\"lazy\" decoding=\"async\" class=\"alignleft size-medium wp-image-456853\" alt=\"5766126w\" src=\"https:\/\/www.eldigitaldeasturias.com\/noticias\/wp-content\/uploads\/2013\/12\/5766126w-360x218.jpg\" width=\"360\" height=\"218\" \/>Valencia, 2 dic (EFE).- La planta de Ford Almussafes utilizar\u00e1 la parada prevista entre el 20 de diciembre y el 20 de enero para realizar los trabajos que permitan desdoblar las l\u00edneas de producci\u00f3n para fabricar los nuevos modelos asignados, el primero de ellos, el Mondeo.<\/p>\n<p>En esos treinta d\u00edas, la factor\u00eda transformar\u00e1 la planta de montaje donde instalar\u00e1 otro pulpo de suspensi\u00f3n de coches, as\u00ed como la de montaje de puertas, y har\u00e1 obras en las cabinas de pintura, han informado a EFE fuentes de la direcci\u00f3n y del comit\u00e9 de empresa.<\/p>\n<p>\u00abEs un trabajo considerable\u00bb porque supone \u00abun cambio radical en la planta de montaje\u00bb, ha destacado el portavoz de UGT-Ford, Carlos Faubel.<\/p>\n<p>Las obras de ampliaci\u00f3n consistir\u00e1n en adecuar las cabinas de pintura e instalar una nueva l\u00ednea de montaje de chasis para los nuevos modelos asignados (Mondeo, Galaxy y S-Max).<\/p>\n<p>La adecuaci\u00f3n de la planta se prolongar\u00e1 durante el mes de cierre, y podr\u00edan quedar pendientes trabajos menores que se efectuar\u00edan en los d\u00edas siguientes para quedar concluidos a mitad de marzo.<\/p>\n<p>Las obras tambi\u00e9n obligar\u00e1n a trasladar a la semana de Fallas las vacaciones de Semana Santa.<\/p>\n<p>En ese periodo, se utilizar\u00e1 un helic\u00f3ptero para depositar maquinaria sobre el tejado de la nave, necesaria para las nuevas l\u00edneas de producci\u00f3n, seg\u00fan publica hoy el diario ABC y han confirmado fuentes de la direcci\u00f3n.<\/p>\n<p>Alrededor de 700 empleados se incorporar\u00e1n al trabajo una semana antes para preparar la nueva maquinaria instalada y dejar todo a punto para retomar la fabricaci\u00f3n el 20 de enero de 2014.<\/p>\n<p>Hasta mediados del pr\u00f3ximo a\u00f1o se desarrollar\u00e1n los trabajos previos al lanzamiento del Mondeo.<\/p>\n<p>El desdoblamiento de las l\u00edneas de producci\u00f3n posibilita \u00abmucha m\u00e1s flexibilidad\u00bb en la producci\u00f3n, \u00absubir y bajar el volumen de fabricaci\u00f3n de un veh\u00edculo u otro con m\u00e1s facilidad\u00bb, seg\u00fan ha explicado Faubel.<\/p>\n<p>Adem\u00e1s, para los trabajadores supone una mejora ergon\u00f3mica, ya que se hacen m\u00e1s tareas pero menos repetitivas en un espacio de tiempo.<\/p>\n<p>Las cuatro semanas de Navidad se cubrir\u00e1n con la semana de vacaciones prevista del 23 al 31 de diciembre y con una combinaci\u00f3n de las vacaciones del pr\u00f3ximo a\u00f1o y d\u00edas de jornada industrial.<\/p>\n<p>La producci\u00f3n diaria en la planta es actualmente de unos 1.300 veh\u00edculos.<\/p>\n<p>En los \u00faltimos meses, Ford ha contratado a 1.800 personas y ha realizado una transformaci\u00f3n \u00abextraordinaria\u00bb de su factor\u00eda con el acondicionamiento de una nave de 87.000 metros cuadrados entre noviembre de 2012 y agosto de 2013, seg\u00fan explic\u00f3 la semana pasada el director de Fabricaci\u00f3n de Ford Espa\u00f1a, Antonio Ad\u00e9s.<\/p>\n","protected":false},"excerpt":{"rendered":"<p>Valencia, 2 dic (EFE).- La planta de Ford Almussafes utilizar\u00e1 la parada prevista entre el 20 de diciembre y el 20 de enero para realizar los trabajos que permitan desdoblar las l\u00edneas de producci\u00f3n para fabricar los nuevos modelos asignados, el primero de ellos, el Mondeo. En esos treinta d\u00edas, la factor\u00eda transformar\u00e1 la planta [&hellip;]<\/p>\n","protected":false},"author":1,"featured_media":456853,"comment_status":"closed","ping_status":"open","sticky":false,"template":"","format":"standard","meta":{"footnotes":""},"categories":[50],"tags":[],"class_list":["post-456852","post","type-post","status-publish","format-standard","has-post-thumbnail","hentry","category-revista-de-ocio"],"aioseo_notices":[],"aioseo_head":"\n\t\t<!-- All in One SEO Pro 5.0.1 - aioseo.com -->\n\t<meta name=\"description\" content=\"Valencia, 2 dic (EFE).- La planta de Ford Almussafes utilizar\u00e1 la parada prevista entre el 20 de diciembre y el 20 de enero para realizar los trabajos que permitan desdoblar las l\u00edneas de producci\u00f3n para fabricar los nuevos modelos asignados, el primero de ellos, el Mondeo. En esos treinta d\u00edas, la factor\u00eda transformar\u00e1 la planta\" \/>\n\t<meta name=\"robots\" content=\"max-image-preview:large\" \/>\n\t<meta name=\"author\" content=\"El Digital de Asturias\"\/>\n\t<meta name=\"google-site-verification\" content=\"UA-38556648-1\" \/>\n\t<meta name=\"msvalidate.01\" content=\"7dfe9f3f1b24437ab69f4f2559babe99\" \/>\n\t<meta name=\"keywords\" content=\"revista de ocio\" \/>\n\t<link rel=\"canonical\" href=\"https:\/\/www.eldigitaldeasturias.com\/noticias\/ford-desdoblara-en-navidades-las-lineas-de-produccion-para-los-nuevos-modelos\/\" \/>\n\t<meta name=\"generator\" content=\"All in One SEO Pro (AIOSEO) 5.0.1\" \/>\n\t\t<meta property=\"og:locale\" content=\"es_ES\" \/>\n\t\t<meta property=\"og:site_name\" content=\"El Digital de Asturias\" \/>\n\t\t<meta property=\"og:type\" content=\"article\" \/>\n\t\t<meta property=\"og:title\" content=\"Ford desdoblar\u00e1 en Navidades las l\u00edneas de producci\u00f3n para los nuevos modelos - El Digital de Asturias\" \/>\n\t\t<meta property=\"og:description\" content=\"Valencia, 2 dic (EFE).- La planta de Ford Almussafes utilizar\u00e1 la parada prevista entre el 20 de diciembre y el 20 de enero para realizar los trabajos que permitan desdoblar las l\u00edneas de producci\u00f3n para fabricar los nuevos modelos asignados, el primero de ellos, el Mondeo. En esos treinta d\u00edas, la factor\u00eda transformar\u00e1 la planta\" \/>\n\t\t<meta property=\"og:url\" content=\"https:\/\/www.eldigitaldeasturias.com\/noticias\/ford-desdoblara-en-navidades-las-lineas-de-produccion-para-los-nuevos-modelos\/\" \/>\n\t\t<meta property=\"article:tag\" content=\"revista de ocio\" \/>\n\t\t<meta property=\"article:published_time\" content=\"2013-12-03T00:09:40+00:00\" \/>\n\t\t<meta property=\"article:modified_time\" content=\"2013-12-03T00:09:40+00:00\" \/>\n\t\t<meta property=\"article:publisher\" content=\"https:\/\/facebook.com\/eldigitaldeasturias\" \/>\n\t\t<meta name=\"twitter:card\" content=\"summary_large_image\" \/>\n\t\t<meta name=\"twitter:title\" content=\"Ford desdoblar\u00e1 en Navidades las l\u00edneas de producci\u00f3n para los nuevos modelos - El Digital de Asturias\" \/>\n\t\t<meta name=\"twitter:description\" content=\"Valencia, 2 dic (EFE).- La planta de Ford Almussafes utilizar\u00e1 la parada prevista entre el 20 de diciembre y el 20 de enero para realizar los trabajos que permitan desdoblar las l\u00edneas de producci\u00f3n para fabricar los nuevos modelos asignados, el primero de ellos, el Mondeo. En esos treinta d\u00edas, la factor\u00eda transformar\u00e1 la planta\" \/>\n\t\t<meta name=\"twitter:label1\" content=\"Escrito por\" \/>\n\t\t<meta name=\"twitter:data1\" content=\"El Digital de Asturias\" \/>\n\t\t<meta name=\"twitter:label2\" content=\"Tiempo de lectura estimado\" \/>\n\t\t<meta name=\"twitter:data2\" content=\"2 minutos\" \/>\n\t\t<script type=\"application\/ld+json\" class=\"aioseo-schema\">\n\t\t\t{\"@context\":\"https:\\\/\\\/schema.org\",\"@graph\":[{\"@type\":\"BlogPosting\",\"@id\":\"https:\\\/\\\/www.eldigitaldeasturias.com\\\/noticias\\\/ford-desdoblara-en-navidades-las-lineas-de-produccion-para-los-nuevos-modelos\\\/#blogposting\",\"name\":\"Ford desdoblar\\u00e1 en Navidades las l\\u00edneas de producci\\u00f3n para los nuevos modelos - El Digital de Asturias\",\"headline\":\"Ford desdoblar\\u00e1 en Navidades las l\\u00edneas de producci\\u00f3n para los nuevos modelos\",\"author\":{\"@id\":\"https:\\\/\\\/www.eldigitaldeasturias.com\\\/noticias\\\/author\\\/admin\\\/#author\"},\"publisher\":{\"@id\":\"https:\\\/\\\/www.eldigitaldeasturias.com\\\/noticias\\\/#organization\"},\"image\":{\"@type\":\"ImageObject\",\"url\":456853},\"datePublished\":\"2013-12-02T23:09:40+01:00\",\"dateModified\":\"2013-12-02T23:09:40+01:00\",\"inLanguage\":\"es-ES\",\"mainEntityOfPage\":{\"@id\":\"https:\\\/\\\/www.eldigitaldeasturias.com\\\/noticias\\\/ford-desdoblara-en-navidades-las-lineas-de-produccion-para-los-nuevos-modelos\\\/#webpage\"},\"isPartOf\":{\"@id\":\"https:\\\/\\\/www.eldigitaldeasturias.com\\\/noticias\\\/ford-desdoblara-en-navidades-las-lineas-de-produccion-para-los-nuevos-modelos\\\/#webpage\"},\"articleSection\":\"Revista de Ocio\"},{\"@type\":\"BreadcrumbList\",\"@id\":\"https:\\\/\\\/www.eldigitaldeasturias.com\\\/noticias\\\/ford-desdoblara-en-navidades-las-lineas-de-produccion-para-los-nuevos-modelos\\\/#breadcrumblist\",\"itemListElement\":[{\"@type\":\"ListItem\",\"@id\":\"https:\\\/\\\/www.eldigitaldeasturias.com\\\/noticias#listItem\",\"position\":1,\"name\":\"Home\",\"item\":\"https:\\\/\\\/www.eldigitaldeasturias.com\\\/noticias\",\"nextItem\":{\"@type\":\"ListItem\",\"@id\":\"https:\\\/\\\/www.eldigitaldeasturias.com\\\/noticias\\\/category\\\/revista-de-ocio\\\/#listItem\",\"name\":\"Revista de Ocio\"}},{\"@type\":\"ListItem\",\"@id\":\"https:\\\/\\\/www.eldigitaldeasturias.com\\\/noticias\\\/category\\\/revista-de-ocio\\\/#listItem\",\"position\":2,\"name\":\"Revista de Ocio\",\"item\":\"https:\\\/\\\/www.eldigitaldeasturias.com\\\/noticias\\\/category\\\/revista-de-ocio\\\/\",\"nextItem\":{\"@type\":\"ListItem\",\"@id\":\"https:\\\/\\\/www.eldigitaldeasturias.com\\\/noticias\\\/ford-desdoblara-en-navidades-las-lineas-de-produccion-para-los-nuevos-modelos\\\/#listItem\",\"name\":\"Ford desdoblar\\u00e1 en Navidades las l\\u00edneas de producci\\u00f3n para los nuevos modelos\"},\"previousItem\":{\"@type\":\"ListItem\",\"@id\":\"https:\\\/\\\/www.eldigitaldeasturias.com\\\/noticias#listItem\",\"name\":\"Home\"}},{\"@type\":\"ListItem\",\"@id\":\"https:\\\/\\\/www.eldigitaldeasturias.com\\\/noticias\\\/ford-desdoblara-en-navidades-las-lineas-de-produccion-para-los-nuevos-modelos\\\/#listItem\",\"position\":3,\"name\":\"Ford desdoblar\\u00e1 en Navidades las l\\u00edneas de producci\\u00f3n para los nuevos modelos\",\"previousItem\":{\"@type\":\"ListItem\",\"@id\":\"https:\\\/\\\/www.eldigitaldeasturias.com\\\/noticias\\\/category\\\/revista-de-ocio\\\/#listItem\",\"name\":\"Revista de Ocio\"}}]},{\"@type\":\"Organization\",\"@id\":\"https:\\\/\\\/www.eldigitaldeasturias.com\\\/noticias\\\/#organization\",\"name\":\"El Digital de Asturias\",\"description\":\"Hemeroteca\",\"url\":\"https:\\\/\\\/www.eldigitaldeasturias.com\\\/noticias\\\/\",\"email\":\"info@eldigitaldeasturias.com\",\"telephone\":\"+34652131393\",\"logo\":{\"@type\":\"ImageObject\",\"url\":\"https:\\\/\\\/www.eldigitaldeasturias.com\\\/noticias\\\/wp-content\\\/uploads\\\/2020\\\/12\\\/EDA.jpg\",\"@id\":\"https:\\\/\\\/www.eldigitaldeasturias.com\\\/noticias\\\/ford-desdoblara-en-navidades-las-lineas-de-produccion-para-los-nuevos-modelos\\\/#organizationLogo\"},\"image\":{\"@id\":\"https:\\\/\\\/www.eldigitaldeasturias.com\\\/noticias\\\/ford-desdoblara-en-navidades-las-lineas-de-produccion-para-los-nuevos-modelos\\\/#organizationLogo\"},\"sameAs\":[\"https:\\\/\\\/facebook.com\\\/eldigitaldeasturias\",\"https:\\\/\\\/www.youtube.com\\\/channel\\\/UCZP-2wLEB9Rv6erhFmqVnvg\"],\"address\":{\"@id\":\"https:\\\/\\\/www.eldigitaldeasturias.com\\\/noticias\\\/#postaladdress\",\"@type\":\"PostalAddress\",\"streetAddress\":\"san antonio 4\",\"postalCode\":\"33430\",\"addressLocality\":\"Cand\\u00e1s\",\"addressRegion\":\"Asturias\",\"addressCountry\":\"ES\"}},{\"@type\":\"Person\",\"@id\":\"https:\\\/\\\/www.eldigitaldeasturias.com\\\/noticias\\\/author\\\/admin\\\/#author\",\"url\":\"https:\\\/\\\/www.eldigitaldeasturias.com\\\/noticias\\\/author\\\/admin\\\/\",\"name\":\"El Digital de Asturias\",\"image\":{\"@type\":\"ImageObject\",\"@id\":\"https:\\\/\\\/www.eldigitaldeasturias.com\\\/noticias\\\/ford-desdoblara-en-navidades-las-lineas-de-produccion-para-los-nuevos-modelos\\\/#authorImage\",\"url\":\"https:\\\/\\\/secure.gravatar.com\\\/avatar\\\/df2aeffc32bcd13f8d26072ef8a91b623d677766deac7f97ca815868cd41bf5e?s=96&d=mm&r=g\",\"width\":96,\"height\":96,\"caption\":\"El Digital de Asturias\"}},{\"@type\":\"WebPage\",\"@id\":\"https:\\\/\\\/www.eldigitaldeasturias.com\\\/noticias\\\/ford-desdoblara-en-navidades-las-lineas-de-produccion-para-los-nuevos-modelos\\\/#webpage\",\"url\":\"https:\\\/\\\/www.eldigitaldeasturias.com\\\/noticias\\\/ford-desdoblara-en-navidades-las-lineas-de-produccion-para-los-nuevos-modelos\\\/\",\"name\":\"Ford desdoblar\\u00e1 en Navidades las l\\u00edneas de producci\\u00f3n para los nuevos modelos - El Digital de Asturias\",\"description\":\"Valencia, 2 dic (EFE).- La planta de Ford Almussafes utilizar\\u00e1 la parada prevista entre el 20 de diciembre y el 20 de enero para realizar los trabajos que permitan desdoblar las l\\u00edneas de producci\\u00f3n para fabricar los nuevos modelos asignados, el primero de ellos, el Mondeo. En esos treinta d\\u00edas, la factor\\u00eda transformar\\u00e1 la planta\",\"inLanguage\":\"es-ES\",\"isPartOf\":{\"@id\":\"https:\\\/\\\/www.eldigitaldeasturias.com\\\/noticias\\\/#website\"},\"breadcrumb\":{\"@id\":\"https:\\\/\\\/www.eldigitaldeasturias.com\\\/noticias\\\/ford-desdoblara-en-navidades-las-lineas-de-produccion-para-los-nuevos-modelos\\\/#breadcrumblist\"},\"author\":{\"@id\":\"https:\\\/\\\/www.eldigitaldeasturias.com\\\/noticias\\\/author\\\/admin\\\/#author\"},\"creator\":{\"@id\":\"https:\\\/\\\/www.eldigitaldeasturias.com\\\/noticias\\\/author\\\/admin\\\/#author\"},\"image\":{\"@type\":\"ImageObject\",\"url\":456853,\"@id\":\"https:\\\/\\\/www.eldigitaldeasturias.com\\\/noticias\\\/ford-desdoblara-en-navidades-las-lineas-de-produccion-para-los-nuevos-modelos\\\/#mainImage\"},\"primaryImageOfPage\":{\"@id\":\"https:\\\/\\\/www.eldigitaldeasturias.com\\\/noticias\\\/ford-desdoblara-en-navidades-las-lineas-de-produccion-para-los-nuevos-modelos\\\/#mainImage\"},\"datePublished\":\"2013-12-02T23:09:40+01:00\",\"dateModified\":\"2013-12-02T23:09:40+01:00\"},{\"@type\":\"WebSite\",\"@id\":\"https:\\\/\\\/www.eldigitaldeasturias.com\\\/noticias\\\/#website\",\"url\":\"https:\\\/\\\/www.eldigitaldeasturias.com\\\/noticias\\\/\",\"name\":\"El Digital de Asturias - Diario de actualidad y noticias\",\"alternateName\":\"El Digital de Asturias - Diario de actualidad y noticias\",\"description\":\"Hemeroteca\",\"inLanguage\":\"es-ES\",\"publisher\":{\"@id\":\"https:\\\/\\\/www.eldigitaldeasturias.com\\\/noticias\\\/#organization\"}}]}\n\t\t<\/script>\n\t\t<!-- All in One SEO Pro -->\r\n\t\t<title>Ford desdoblar\u00e1 en Navidades las l\u00edneas de producci\u00f3n para los nuevos modelos - El Digital de Asturias<\/title>\n\n","aioseo_head_json":{"title":"Ford desdoblar\u00e1 en Navidades las l\u00edneas de producci\u00f3n para los nuevos modelos - El Digital de Asturias","description":"Valencia, 2 dic (EFE).- La planta de Ford Almussafes utilizar\u00e1 la parada prevista entre el 20 de diciembre y el 20 de enero para realizar los trabajos que permitan desdoblar las l\u00edneas de producci\u00f3n para fabricar los nuevos modelos asignados, el primero de ellos, el Mondeo. En esos treinta d\u00edas, la factor\u00eda transformar\u00e1 la planta","canonical_url":"https:\/\/www.eldigitaldeasturias.com\/noticias\/ford-desdoblara-en-navidades-las-lineas-de-produccion-para-los-nuevos-modelos\/","robots":"max-image-preview:large","keywords":"revista de ocio","webmasterTools":{"google-site-verification":"UA-38556648-1","msvalidate.01":"7dfe9f3f1b24437ab69f4f2559babe99","miscellaneous":""},"schema":{"@context":"https:\/\/schema.org","@graph":[{"@type":"BlogPosting","@id":"https:\/\/www.eldigitaldeasturias.com\/noticias\/ford-desdoblara-en-navidades-las-lineas-de-produccion-para-los-nuevos-modelos\/#blogposting","name":"Ford desdoblar\u00e1 en Navidades las l\u00edneas de producci\u00f3n para los nuevos modelos - El Digital de Asturias","headline":"Ford desdoblar\u00e1 en Navidades las l\u00edneas de producci\u00f3n para los nuevos modelos","author":{"@id":"https:\/\/www.eldigitaldeasturias.com\/noticias\/author\/admin\/#author"},"publisher":{"@id":"https:\/\/www.eldigitaldeasturias.com\/noticias\/#organization"},"image":{"@type":"ImageObject","url":456853},"datePublished":"2013-12-02T23:09:40+01:00","dateModified":"2013-12-02T23:09:40+01:00","inLanguage":"es-ES","mainEntityOfPage":{"@id":"https:\/\/www.eldigitaldeasturias.com\/noticias\/ford-desdoblara-en-navidades-las-lineas-de-produccion-para-los-nuevos-modelos\/#webpage"},"isPartOf":{"@id":"https:\/\/www.eldigitaldeasturias.com\/noticias\/ford-desdoblara-en-navidades-las-lineas-de-produccion-para-los-nuevos-modelos\/#webpage"},"articleSection":"Revista de Ocio"},{"@type":"BreadcrumbList","@id":"https:\/\/www.eldigitaldeasturias.com\/noticias\/ford-desdoblara-en-navidades-las-lineas-de-produccion-para-los-nuevos-modelos\/#breadcrumblist","itemListElement":[{"@type":"ListItem","@id":"https:\/\/www.eldigitaldeasturias.com\/noticias#listItem","position":1,"name":"Home","item":"https:\/\/www.eldigitaldeasturias.com\/noticias","nextItem":{"@type":"ListItem","@id":"https:\/\/www.eldigitaldeasturias.com\/noticias\/category\/revista-de-ocio\/#listItem","name":"Revista de Ocio"}},{"@type":"ListItem","@id":"https:\/\/www.eldigitaldeasturias.com\/noticias\/category\/revista-de-ocio\/#listItem","position":2,"name":"Revista de Ocio","item":"https:\/\/www.eldigitaldeasturias.com\/noticias\/category\/revista-de-ocio\/","nextItem":{"@type":"ListItem","@id":"https:\/\/www.eldigitaldeasturias.com\/noticias\/ford-desdoblara-en-navidades-las-lineas-de-produccion-para-los-nuevos-modelos\/#listItem","name":"Ford desdoblar\u00e1 en Navidades las l\u00edneas de producci\u00f3n para los nuevos modelos"},"previousItem":{"@type":"ListItem","@id":"https:\/\/www.eldigitaldeasturias.com\/noticias#listItem","name":"Home"}},{"@type":"ListItem","@id":"https:\/\/www.eldigitaldeasturias.com\/noticias\/ford-desdoblara-en-navidades-las-lineas-de-produccion-para-los-nuevos-modelos\/#listItem","position":3,"name":"Ford desdoblar\u00e1 en Navidades las l\u00edneas de producci\u00f3n para los nuevos modelos","previousItem":{"@type":"ListItem","@id":"https:\/\/www.eldigitaldeasturias.com\/noticias\/category\/revista-de-ocio\/#listItem","name":"Revista de Ocio"}}]},{"@type":"Organization","@id":"https:\/\/www.eldigitaldeasturias.com\/noticias\/#organization","name":"El Digital de Asturias","description":"Hemeroteca","url":"https:\/\/www.eldigitaldeasturias.com\/noticias\/","email":"info@eldigitaldeasturias.com","telephone":"+34652131393","logo":{"@type":"ImageObject","url":"https:\/\/www.eldigitaldeasturias.com\/noticias\/wp-content\/uploads\/2020\/12\/EDA.jpg","@id":"https:\/\/www.eldigitaldeasturias.com\/noticias\/ford-desdoblara-en-navidades-las-lineas-de-produccion-para-los-nuevos-modelos\/#organizationLogo"},"image":{"@id":"https:\/\/www.eldigitaldeasturias.com\/noticias\/ford-desdoblara-en-navidades-las-lineas-de-produccion-para-los-nuevos-modelos\/#organizationLogo"},"sameAs":["https:\/\/facebook.com\/eldigitaldeasturias","https:\/\/www.youtube.com\/channel\/UCZP-2wLEB9Rv6erhFmqVnvg"],"address":{"@id":"https:\/\/www.eldigitaldeasturias.com\/noticias\/#postaladdress","@type":"PostalAddress","streetAddress":"san antonio 4","postalCode":"33430","addressLocality":"Cand\u00e1s","addressRegion":"Asturias","addressCountry":"ES"}},{"@type":"Person","@id":"https:\/\/www.eldigitaldeasturias.com\/noticias\/author\/admin\/#author","url":"https:\/\/www.eldigitaldeasturias.com\/noticias\/author\/admin\/","name":"El Digital de Asturias","image":{"@type":"ImageObject","@id":"https:\/\/www.eldigitaldeasturias.com\/noticias\/ford-desdoblara-en-navidades-las-lineas-de-produccion-para-los-nuevos-modelos\/#authorImage","url":"https:\/\/secure.gravatar.com\/avatar\/df2aeffc32bcd13f8d26072ef8a91b623d677766deac7f97ca815868cd41bf5e?s=96&d=mm&r=g","width":96,"height":96,"caption":"El Digital de Asturias"}},{"@type":"WebPage","@id":"https:\/\/www.eldigitaldeasturias.com\/noticias\/ford-desdoblara-en-navidades-las-lineas-de-produccion-para-los-nuevos-modelos\/#webpage","url":"https:\/\/www.eldigitaldeasturias.com\/noticias\/ford-desdoblara-en-navidades-las-lineas-de-produccion-para-los-nuevos-modelos\/","name":"Ford desdoblar\u00e1 en Navidades las l\u00edneas de producci\u00f3n para los nuevos modelos - El Digital de Asturias","description":"Valencia, 2 dic (EFE).- La planta de Ford Almussafes utilizar\u00e1 la parada prevista entre el 20 de diciembre y el 20 de enero para realizar los trabajos que permitan desdoblar las l\u00edneas de producci\u00f3n para fabricar los nuevos modelos asignados, el primero de ellos, el Mondeo. En esos treinta d\u00edas, la factor\u00eda transformar\u00e1 la planta","inLanguage":"es-ES","isPartOf":{"@id":"https:\/\/www.eldigitaldeasturias.com\/noticias\/#website"},"breadcrumb":{"@id":"https:\/\/www.eldigitaldeasturias.com\/noticias\/ford-desdoblara-en-navidades-las-lineas-de-produccion-para-los-nuevos-modelos\/#breadcrumblist"},"author":{"@id":"https:\/\/www.eldigitaldeasturias.com\/noticias\/author\/admin\/#author"},"creator":{"@id":"https:\/\/www.eldigitaldeasturias.com\/noticias\/author\/admin\/#author"},"image":{"@type":"ImageObject","url":456853,"@id":"https:\/\/www.eldigitaldeasturias.com\/noticias\/ford-desdoblara-en-navidades-las-lineas-de-produccion-para-los-nuevos-modelos\/#mainImage"},"primaryImageOfPage":{"@id":"https:\/\/www.eldigitaldeasturias.com\/noticias\/ford-desdoblara-en-navidades-las-lineas-de-produccion-para-los-nuevos-modelos\/#mainImage"},"datePublished":"2013-12-02T23:09:40+01:00","dateModified":"2013-12-02T23:09:40+01:00"},{"@type":"WebSite","@id":"https:\/\/www.eldigitaldeasturias.com\/noticias\/#website","url":"https:\/\/www.eldigitaldeasturias.com\/noticias\/","name":"El Digital de Asturias - Diario de actualidad y noticias","alternateName":"El Digital de Asturias - Diario de actualidad y noticias","description":"Hemeroteca","inLanguage":"es-ES","publisher":{"@id":"https:\/\/www.eldigitaldeasturias.com\/noticias\/#organization"}}]},"og:locale":"es_ES","og:site_name":"El Digital de Asturias","og:type":"article","og:title":"Ford desdoblar\u00e1 en Navidades las l\u00edneas de producci\u00f3n para los nuevos modelos - El Digital de Asturias","og:description":"Valencia, 2 dic (EFE).- La planta de Ford Almussafes utilizar\u00e1 la parada prevista entre el 20 de diciembre y el 20 de enero para realizar los trabajos que permitan desdoblar las l\u00edneas de producci\u00f3n para fabricar los nuevos modelos asignados, el primero de ellos, el Mondeo. En esos treinta d\u00edas, la factor\u00eda transformar\u00e1 la planta","og:url":"https:\/\/www.eldigitaldeasturias.com\/noticias\/ford-desdoblara-en-navidades-las-lineas-de-produccion-para-los-nuevos-modelos\/","article:tag":["revista de ocio"],"article:published_time":"2013-12-03T00:09:40+00:00","article:modified_time":"2013-12-03T00:09:40+00:00","article:publisher":"https:\/\/facebook.com\/eldigitaldeasturias","twitter:card":"summary_large_image","twitter:title":"Ford desdoblar\u00e1 en Navidades las l\u00edneas de producci\u00f3n para los nuevos modelos - El Digital de Asturias","twitter:description":"Valencia, 2 dic (EFE).- La planta de Ford Almussafes utilizar\u00e1 la parada prevista entre el 20 de diciembre y el 20 de enero para realizar los trabajos que permitan desdoblar las l\u00edneas de producci\u00f3n para fabricar los nuevos modelos asignados, el primero de ellos, el Mondeo. En esos treinta d\u00edas, la factor\u00eda transformar\u00e1 la planta","twitter:label1":"Escrito por","twitter:data1":"El Digital de Asturias","twitter:label2":"Tiempo de lectura estimado","twitter:data2":"2 minutos"},"aioseo_meta_data":{"post_id":"456852","title":null,"description":null,"keywords":null,"keyphrases":null,"primary_term":null,"canonical_url":null,"og_title":null,"og_description":null,"og_object_type":"default","og_image_type":"default","og_image_url":null,"og_image_width":null,"og_image_height":null,"og_image_custom_url":null,"og_image_custom_fields":null,"og_video":null,"og_custom_url":null,"og_article_section":null,"og_article_tags":null,"twitter_use_og":true,"twitter_card":"default","twitter_image_type":"default","twitter_image_url":null,"twitter_image_custom_url":null,"twitter_image_custom_fields":null,"twitter_title":null,"twitter_description":null,"schema":{"blockGraphs":[],"customGraphs":[],"default":{"data":{"Article":[],"Course":[],"Dataset":[],"FAQPage":[],"Movie":[],"Person":[],"Product":[],"ProductReview":[],"Car":[],"Recipe":[],"Service":[],"SoftwareApplication":[],"WebPage":[]},"graphName":"","isEnabled":true},"graphs":[],"defaultGraph":"","defaultPostTypeGraph":""},"schema_type":null,"schema_type_options":null,"pillar_content":false,"robots_default":true,"robots_noindex":false,"robots_noarchive":false,"robots_nosnippet":false,"robots_nofollow":false,"robots_noimageindex":false,"robots_noodp":false,"robots_notranslate":false,"robots_max_snippet":null,"robots_max_videopreview":null,"robots_max_imagepreview":"none","priority":null,"frequency":null,"local_seo":null,"seo_analyzer_scan_date":"2026-05-29 23:27:51","breadcrumb_settings":null,"limit_modified_date":false,"open_ai":null,"ai":null,"created":"2020-11-14 22:46:02","updated":"2026-05-29 23:27:51","focus_keyword":null,"additional_keywords":null,"truseo_locale":null},"aioseo_breadcrumb":"<div class=\"aioseo-breadcrumbs\"><span class=\"aioseo-breadcrumb\">\n\t<a href=\"https:\/\/www.eldigitaldeasturias.com\/noticias\" title=\"Home\">Home<\/a>\n<\/span><span class=\"aioseo-breadcrumb-separator\">\u2013<\/span><span class=\"aioseo-breadcrumb\">\n\t<a href=\"https:\/\/www.eldigitaldeasturias.com\/noticias\/category\/revista-de-ocio\/\" title=\"Revista de Ocio\">Revista de Ocio<\/a>\n<\/span><span class=\"aioseo-breadcrumb-separator\">\u2013<\/span><span class=\"aioseo-breadcrumb\">\n\t<a href=\"https:\/\/www.eldigitaldeasturias.com\/noticias\/ford-desdoblara-en-navidades-las-lineas-de-produccion-para-los-nuevos-modelos\/\" title=\"Ford desdoblar\u00e1 en Navidades las l\u00edneas de producci\u00f3n para los nuevos modelos\">Ford desdoblar\u00e1 en Navidades las l\u00edneas de producci\u00f3n para los nuevos modelos<\/a>\n<\/span><\/div>","aioseo_breadcrumb_json":[{"label":"Home","link":"https:\/\/www.eldigitaldeasturias.com\/noticias"},{"label":"Revista de Ocio","link":"https:\/\/www.eldigitaldeasturias.com\/noticias\/category\/revista-de-ocio\/"},{"label":"Ford desdoblar\u00e1 en Navidades las l\u00edneas de producci\u00f3n para los nuevos modelos","link":"https:\/\/www.eldigitaldeasturias.com\/noticias\/ford-desdoblara-en-navidades-las-lineas-de-produccion-para-los-nuevos-modelos\/"}],"_links":{"self":[{"href":"https:\/\/www.eldigitaldeasturias.com\/noticias\/wp-json\/wp\/v2\/posts\/456852","targetHints":{"allow":["GET"]}}],"collection":[{"href":"https:\/\/www.eldigitaldeasturias.com\/noticias\/wp-json\/wp\/v2\/posts"}],"about":[{"href":"https:\/\/www.eldigitaldeasturias.com\/noticias\/wp-json\/wp\/v2\/types\/post"}],"author":[{"embeddable":true,"href":"https:\/\/www.eldigitaldeasturias.com\/noticias\/wp-json\/wp\/v2\/users\/1"}],"replies":[{"embeddable":true,"href":"https:\/\/www.eldigitaldeasturias.com\/noticias\/wp-json\/wp\/v2\/comments?post=456852"}],"version-history":[{"count":0,"href":"https:\/\/www.eldigitaldeasturias.com\/noticias\/wp-json\/wp\/v2\/posts\/456852\/revisions"}],"wp:attachment":[{"href":"https:\/\/www.eldigitaldeasturias.com\/noticias\/wp-json\/wp\/v2\/media?parent=456852"}],"wp:term":[{"taxonomy":"category","embeddable":true,"href":"https:\/\/www.eldigitaldeasturias.com\/noticias\/wp-json\/wp\/v2\/categories?post=456852"},{"taxonomy":"post_tag","embeddable":true,"href":"https:\/\/www.eldigitaldeasturias.com\/noticias\/wp-json\/wp\/v2\/tags?post=456852"}],"curies":[{"name":"wp","href":"https:\/\/api.w.org\/{rel}","templated":true}]}}