{"id":456846,"date":"2013-12-02T23:06:31","date_gmt":"2013-12-03T00:06:31","guid":{"rendered":"http:\/\/www.eldigitaldeasturias.com\/noticias\/?p=456846"},"modified":"2013-12-02T23:06:31","modified_gmt":"2013-12-03T00:06:31","slug":"detenidos-5-radicales-de-izquierda-tras-atacar-un-bar-frecuentado-por-militares","status":"publish","type":"post","link":"https:\/\/www.eldigitaldeasturias.com\/noticias\/detenidos-5-radicales-de-izquierda-tras-atacar-un-bar-frecuentado-por-militares\/","title":{"rendered":"Detenidos 5 radicales de izquierda tras atacar un bar frecuentado por militares"},"content":{"rendered":"<p><img loading=\"lazy\" decoding=\"async\" class=\"alignleft size-medium wp-image-456847\" alt=\"5766068w\" src=\"https:\/\/www.eldigitaldeasturias.com\/noticias\/wp-content\/uploads\/2013\/12\/5766068w-360x300.jpg\" width=\"360\" height=\"300\" \/>Madrid, 2 dic (EFE).- La Polic\u00eda ha detenido a cinco personas vinculadas a la extrema izquierda como presuntas responsables de una agresi\u00f3n ocurrida el pasado 12 de octubre en un bar del distrito madrile\u00f1o de Retiro, conocido por ser centro de reuni\u00f3n y ocio de militares, en concreto, de la Legi\u00f3n.<\/p>\n<p>Seg\u00fan informa la Jefatura Superior de Polic\u00eda de Madrid, los arrestados formaban parte de un grupo de 25 personas que de forma sorpresiva irrumpi\u00f3 en el local y comenz\u00f3 a destrozar el mobiliario y a agredir a los clientes.<\/p>\n<p>Al menos cuatro personas sufrieron heridas de consideraci\u00f3n, provocadas por defensas extensibles, palos y piedras.<\/p>\n<p>Los detenidos, \u00c1ngel Carlos R.B., de 42 a\u00f1os; Gema S.M., de 36; Jaime B.F., de 35, y Andr\u00e9s Agust\u00edn R.T. y Javier C.A. de 26 y 29 a\u00f1os, respectivamente, fueron identificados y reconocidos por las v\u00edctimas como componentes de este violento colectivo, motivo por el que se les imputa un delito de da\u00f1os, un delito de tenencia il\u00edcita de armas prohibidas, un delito de des\u00f3rdenes p\u00fablicos y otro de lesiones.<\/p>\n<p>Investigaciones han revelado que dicha agresi\u00f3n, producida el D\u00eda de la Hispanidad, fue promovida exclusivamente por motivos de odio y animadversi\u00f3n, debido a que los detenidos comulgan con ideas propias de movimientos de extrema izquierda y antisistema.<\/p>\n<p>El bar donde se produjo la agresi\u00f3n es frecuentado por personas vinculadas a las fuerzas armadas, especialmente a la Legi\u00f3n, perteneciente al Ej\u00e9rcito de Tierra.<\/p>\n<p>Uno de los detenidos es el encargado de un bar que es centro habitual de reuni\u00f3n de grupos radicales y violentos de extrema izquierda como S.H.A.R.P (Skinhead Against Racial Prejuice), R.A.S.H (Red and Anarchistn Skinhead) o B.A.F (Brigadas Antifascistas).<\/p>\n<p>Los investigadores sospechan que fue desde este local, situado a escasos 200 metros del bar asaltado, donde el grupo de 25 atacantes se cit\u00f3 previamente y parti\u00f3 el pasado 12 de octubre con el objeto de agredir a los clientes del mencionado establecimiento.<\/p>\n<p>Otro de los detenidos, \u00c1ngel Casta\u00f1o R.B., es cantante de un grupo de m\u00fasica de \u00abrock proletario\u00bb, el cual se define ideol\u00f3gicamente en sus c\u00edrculos como marxista-leninista.<\/p>\n<p>El titular del Juzgado de Instrucci\u00f3n n\u00famero 27 de Madrid decret\u00f3 como medida cautelar la prohibici\u00f3n de acercarse a menos de 100 metros del establecimiento atacado, en aras de salvaguardar la seguridad e integridad f\u00edsica de las personas que all\u00ed puedan acudir.<\/p>\n<p>La investigaci\u00f3n, que contin\u00faa abierta y en la que no se descartan nuevas detenciones, ha sido llevada a cabo por agentes de la Brigada Provincial de Informaci\u00f3n adscritos a la Jefatura Superior de Polic\u00eda de Madrid.<\/p>\n","protected":false},"excerpt":{"rendered":"<p>Madrid, 2 dic (EFE).- La Polic\u00eda ha detenido a cinco personas vinculadas a la extrema izquierda como presuntas responsables de una agresi\u00f3n ocurrida el pasado 12 de octubre en un bar del distrito madrile\u00f1o de Retiro, conocido por ser centro de reuni\u00f3n y ocio de militares, en concreto, de la Legi\u00f3n. Seg\u00fan informa la Jefatura [&hellip;]<\/p>\n","protected":false},"author":1,"featured_media":456847,"comment_status":"closed","ping_status":"open","sticky":false,"template":"","format":"standard","meta":{"footnotes":""},"categories":[5],"tags":[],"class_list":["post-456846","post","type-post","status-publish","format-standard","has-post-thumbnail","hentry","category-sucesos"],"aioseo_notices":[],"aioseo_head":"\n\t\t<!-- All in One SEO Pro 5.0.1 - aioseo.com -->\n\t<meta name=\"description\" content=\"Madrid, 2 dic (EFE).- La Polic\u00eda ha detenido a cinco personas vinculadas a la extrema izquierda como presuntas responsables de una agresi\u00f3n ocurrida el pasado 12 de octubre en un bar del distrito madrile\u00f1o de Retiro, conocido por ser centro de reuni\u00f3n y ocio de militares, en concreto, de la Legi\u00f3n. Seg\u00fan informa la Jefatura\" \/>\n\t<meta name=\"robots\" content=\"max-image-preview:large\" \/>\n\t<meta name=\"author\" content=\"El Digital de Asturias\"\/>\n\t<meta name=\"google-site-verification\" content=\"UA-38556648-1\" \/>\n\t<meta name=\"msvalidate.01\" content=\"7dfe9f3f1b24437ab69f4f2559babe99\" \/>\n\t<meta name=\"keywords\" content=\"sucesos\" \/>\n\t<link rel=\"canonical\" href=\"https:\/\/www.eldigitaldeasturias.com\/noticias\/detenidos-5-radicales-de-izquierda-tras-atacar-un-bar-frecuentado-por-militares\/\" \/>\n\t<meta name=\"generator\" content=\"All in One SEO Pro (AIOSEO) 5.0.1\" \/>\n\t\t<meta property=\"og:locale\" content=\"es_ES\" \/>\n\t\t<meta property=\"og:site_name\" content=\"El Digital de Asturias\" \/>\n\t\t<meta property=\"og:type\" content=\"article\" \/>\n\t\t<meta property=\"og:title\" content=\"Detenidos 5 radicales de izquierda tras atacar un bar frecuentado por militares - El Digital de Asturias\" \/>\n\t\t<meta property=\"og:description\" content=\"Madrid, 2 dic (EFE).- La Polic\u00eda ha detenido a cinco personas vinculadas a la extrema izquierda como presuntas responsables de una agresi\u00f3n ocurrida el pasado 12 de octubre en un bar del distrito madrile\u00f1o de Retiro, conocido por ser centro de reuni\u00f3n y ocio de militares, en concreto, de la Legi\u00f3n. Seg\u00fan informa la Jefatura\" \/>\n\t\t<meta property=\"og:url\" content=\"https:\/\/www.eldigitaldeasturias.com\/noticias\/detenidos-5-radicales-de-izquierda-tras-atacar-un-bar-frecuentado-por-militares\/\" \/>\n\t\t<meta property=\"article:tag\" content=\"sucesos\" \/>\n\t\t<meta property=\"article:published_time\" content=\"2013-12-03T00:06:31+00:00\" \/>\n\t\t<meta property=\"article:modified_time\" content=\"2013-12-03T00:06:31+00:00\" \/>\n\t\t<meta property=\"article:publisher\" content=\"https:\/\/facebook.com\/eldigitaldeasturias\" \/>\n\t\t<meta name=\"twitter:card\" content=\"summary_large_image\" \/>\n\t\t<meta name=\"twitter:title\" content=\"Detenidos 5 radicales de izquierda tras atacar un bar frecuentado por militares - El Digital de Asturias\" \/>\n\t\t<meta name=\"twitter:description\" content=\"Madrid, 2 dic (EFE).- La Polic\u00eda ha detenido a cinco personas vinculadas a la extrema izquierda como presuntas responsables de una agresi\u00f3n ocurrida el pasado 12 de octubre en un bar del distrito madrile\u00f1o de Retiro, conocido por ser centro de reuni\u00f3n y ocio de militares, en concreto, de la Legi\u00f3n. Seg\u00fan informa la Jefatura\" \/>\n\t\t<meta name=\"twitter:label1\" content=\"Escrito por\" \/>\n\t\t<meta name=\"twitter:data1\" content=\"El Digital de Asturias\" \/>\n\t\t<meta name=\"twitter:label2\" content=\"Tiempo de lectura estimado\" \/>\n\t\t<meta name=\"twitter:data2\" content=\"2 minutos\" \/>\n\t\t<script type=\"application\/ld+json\" class=\"aioseo-schema\">\n\t\t\t{\"@context\":\"https:\\\/\\\/schema.org\",\"@graph\":[{\"@type\":\"BlogPosting\",\"@id\":\"https:\\\/\\\/www.eldigitaldeasturias.com\\\/noticias\\\/detenidos-5-radicales-de-izquierda-tras-atacar-un-bar-frecuentado-por-militares\\\/#blogposting\",\"name\":\"Detenidos 5 radicales de izquierda tras atacar un bar frecuentado por militares - El Digital de Asturias\",\"headline\":\"Detenidos 5 radicales de izquierda tras atacar un bar frecuentado por militares\",\"author\":{\"@id\":\"https:\\\/\\\/www.eldigitaldeasturias.com\\\/noticias\\\/author\\\/admin\\\/#author\"},\"publisher\":{\"@id\":\"https:\\\/\\\/www.eldigitaldeasturias.com\\\/noticias\\\/#organization\"},\"image\":{\"@type\":\"ImageObject\",\"url\":456847},\"datePublished\":\"2013-12-02T23:06:31+01:00\",\"dateModified\":\"2013-12-02T23:06:31+01:00\",\"inLanguage\":\"es-ES\",\"mainEntityOfPage\":{\"@id\":\"https:\\\/\\\/www.eldigitaldeasturias.com\\\/noticias\\\/detenidos-5-radicales-de-izquierda-tras-atacar-un-bar-frecuentado-por-militares\\\/#webpage\"},\"isPartOf\":{\"@id\":\"https:\\\/\\\/www.eldigitaldeasturias.com\\\/noticias\\\/detenidos-5-radicales-de-izquierda-tras-atacar-un-bar-frecuentado-por-militares\\\/#webpage\"},\"articleSection\":\"Sucesos\"},{\"@type\":\"BreadcrumbList\",\"@id\":\"https:\\\/\\\/www.eldigitaldeasturias.com\\\/noticias\\\/detenidos-5-radicales-de-izquierda-tras-atacar-un-bar-frecuentado-por-militares\\\/#breadcrumblist\",\"itemListElement\":[{\"@type\":\"ListItem\",\"@id\":\"https:\\\/\\\/www.eldigitaldeasturias.com\\\/noticias#listItem\",\"position\":1,\"name\":\"Home\",\"item\":\"https:\\\/\\\/www.eldigitaldeasturias.com\\\/noticias\",\"nextItem\":{\"@type\":\"ListItem\",\"@id\":\"https:\\\/\\\/www.eldigitaldeasturias.com\\\/noticias\\\/category\\\/sucesos\\\/#listItem\",\"name\":\"Sucesos\"}},{\"@type\":\"ListItem\",\"@id\":\"https:\\\/\\\/www.eldigitaldeasturias.com\\\/noticias\\\/category\\\/sucesos\\\/#listItem\",\"position\":2,\"name\":\"Sucesos\",\"item\":\"https:\\\/\\\/www.eldigitaldeasturias.com\\\/noticias\\\/category\\\/sucesos\\\/\",\"nextItem\":{\"@type\":\"ListItem\",\"@id\":\"https:\\\/\\\/www.eldigitaldeasturias.com\\\/noticias\\\/detenidos-5-radicales-de-izquierda-tras-atacar-un-bar-frecuentado-por-militares\\\/#listItem\",\"name\":\"Detenidos 5 radicales de izquierda tras atacar un bar frecuentado por militares\"},\"previousItem\":{\"@type\":\"ListItem\",\"@id\":\"https:\\\/\\\/www.eldigitaldeasturias.com\\\/noticias#listItem\",\"name\":\"Home\"}},{\"@type\":\"ListItem\",\"@id\":\"https:\\\/\\\/www.eldigitaldeasturias.com\\\/noticias\\\/detenidos-5-radicales-de-izquierda-tras-atacar-un-bar-frecuentado-por-militares\\\/#listItem\",\"position\":3,\"name\":\"Detenidos 5 radicales de izquierda tras atacar un bar frecuentado por militares\",\"previousItem\":{\"@type\":\"ListItem\",\"@id\":\"https:\\\/\\\/www.eldigitaldeasturias.com\\\/noticias\\\/category\\\/sucesos\\\/#listItem\",\"name\":\"Sucesos\"}}]},{\"@type\":\"Organization\",\"@id\":\"https:\\\/\\\/www.eldigitaldeasturias.com\\\/noticias\\\/#organization\",\"name\":\"El Digital de Asturias\",\"description\":\"Hemeroteca\",\"url\":\"https:\\\/\\\/www.eldigitaldeasturias.com\\\/noticias\\\/\",\"email\":\"info@eldigitaldeasturias.com\",\"telephone\":\"+34652131393\",\"logo\":{\"@type\":\"ImageObject\",\"url\":\"https:\\\/\\\/www.eldigitaldeasturias.com\\\/noticias\\\/wp-content\\\/uploads\\\/2020\\\/12\\\/EDA.jpg\",\"@id\":\"https:\\\/\\\/www.eldigitaldeasturias.com\\\/noticias\\\/detenidos-5-radicales-de-izquierda-tras-atacar-un-bar-frecuentado-por-militares\\\/#organizationLogo\"},\"image\":{\"@id\":\"https:\\\/\\\/www.eldigitaldeasturias.com\\\/noticias\\\/detenidos-5-radicales-de-izquierda-tras-atacar-un-bar-frecuentado-por-militares\\\/#organizationLogo\"},\"sameAs\":[\"https:\\\/\\\/facebook.com\\\/eldigitaldeasturias\",\"https:\\\/\\\/www.youtube.com\\\/channel\\\/UCZP-2wLEB9Rv6erhFmqVnvg\"],\"address\":{\"@id\":\"https:\\\/\\\/www.eldigitaldeasturias.com\\\/noticias\\\/#postaladdress\",\"@type\":\"PostalAddress\",\"streetAddress\":\"san antonio 4\",\"postalCode\":\"33430\",\"addressLocality\":\"Cand\\u00e1s\",\"addressRegion\":\"Asturias\",\"addressCountry\":\"ES\"}},{\"@type\":\"Person\",\"@id\":\"https:\\\/\\\/www.eldigitaldeasturias.com\\\/noticias\\\/author\\\/admin\\\/#author\",\"url\":\"https:\\\/\\\/www.eldigitaldeasturias.com\\\/noticias\\\/author\\\/admin\\\/\",\"name\":\"El Digital de Asturias\",\"image\":{\"@type\":\"ImageObject\",\"@id\":\"https:\\\/\\\/www.eldigitaldeasturias.com\\\/noticias\\\/detenidos-5-radicales-de-izquierda-tras-atacar-un-bar-frecuentado-por-militares\\\/#authorImage\",\"url\":\"https:\\\/\\\/secure.gravatar.com\\\/avatar\\\/df2aeffc32bcd13f8d26072ef8a91b623d677766deac7f97ca815868cd41bf5e?s=96&d=mm&r=g\",\"width\":96,\"height\":96,\"caption\":\"El Digital de Asturias\"}},{\"@type\":\"WebPage\",\"@id\":\"https:\\\/\\\/www.eldigitaldeasturias.com\\\/noticias\\\/detenidos-5-radicales-de-izquierda-tras-atacar-un-bar-frecuentado-por-militares\\\/#webpage\",\"url\":\"https:\\\/\\\/www.eldigitaldeasturias.com\\\/noticias\\\/detenidos-5-radicales-de-izquierda-tras-atacar-un-bar-frecuentado-por-militares\\\/\",\"name\":\"Detenidos 5 radicales de izquierda tras atacar un bar frecuentado por militares - El Digital de Asturias\",\"description\":\"Madrid, 2 dic (EFE).- La Polic\\u00eda ha detenido a cinco personas vinculadas a la extrema izquierda como presuntas responsables de una agresi\\u00f3n ocurrida el pasado 12 de octubre en un bar del distrito madrile\\u00f1o de Retiro, conocido por ser centro de reuni\\u00f3n y ocio de militares, en concreto, de la Legi\\u00f3n. Seg\\u00fan informa la Jefatura\",\"inLanguage\":\"es-ES\",\"isPartOf\":{\"@id\":\"https:\\\/\\\/www.eldigitaldeasturias.com\\\/noticias\\\/#website\"},\"breadcrumb\":{\"@id\":\"https:\\\/\\\/www.eldigitaldeasturias.com\\\/noticias\\\/detenidos-5-radicales-de-izquierda-tras-atacar-un-bar-frecuentado-por-militares\\\/#breadcrumblist\"},\"author\":{\"@id\":\"https:\\\/\\\/www.eldigitaldeasturias.com\\\/noticias\\\/author\\\/admin\\\/#author\"},\"creator\":{\"@id\":\"https:\\\/\\\/www.eldigitaldeasturias.com\\\/noticias\\\/author\\\/admin\\\/#author\"},\"image\":{\"@type\":\"ImageObject\",\"url\":456847,\"@id\":\"https:\\\/\\\/www.eldigitaldeasturias.com\\\/noticias\\\/detenidos-5-radicales-de-izquierda-tras-atacar-un-bar-frecuentado-por-militares\\\/#mainImage\"},\"primaryImageOfPage\":{\"@id\":\"https:\\\/\\\/www.eldigitaldeasturias.com\\\/noticias\\\/detenidos-5-radicales-de-izquierda-tras-atacar-un-bar-frecuentado-por-militares\\\/#mainImage\"},\"datePublished\":\"2013-12-02T23:06:31+01:00\",\"dateModified\":\"2013-12-02T23:06:31+01:00\"},{\"@type\":\"WebSite\",\"@id\":\"https:\\\/\\\/www.eldigitaldeasturias.com\\\/noticias\\\/#website\",\"url\":\"https:\\\/\\\/www.eldigitaldeasturias.com\\\/noticias\\\/\",\"name\":\"El Digital de Asturias - Diario de actualidad y noticias\",\"alternateName\":\"El Digital de Asturias - Diario de actualidad y noticias\",\"description\":\"Hemeroteca\",\"inLanguage\":\"es-ES\",\"publisher\":{\"@id\":\"https:\\\/\\\/www.eldigitaldeasturias.com\\\/noticias\\\/#organization\"}}]}\n\t\t<\/script>\n\t\t<!-- All in One SEO Pro -->\r\n\t\t<title>Detenidos 5 radicales de izquierda tras atacar un bar frecuentado por militares - El Digital de Asturias<\/title>\n\n","aioseo_head_json":{"title":"Detenidos 5 radicales de izquierda tras atacar un bar frecuentado por militares - El Digital de Asturias","description":"Madrid, 2 dic (EFE).- La Polic\u00eda ha detenido a cinco personas vinculadas a la extrema izquierda como presuntas responsables de una agresi\u00f3n ocurrida el pasado 12 de octubre en un bar del distrito madrile\u00f1o de Retiro, conocido por ser centro de reuni\u00f3n y ocio de militares, en concreto, de la Legi\u00f3n. Seg\u00fan informa la Jefatura","canonical_url":"https:\/\/www.eldigitaldeasturias.com\/noticias\/detenidos-5-radicales-de-izquierda-tras-atacar-un-bar-frecuentado-por-militares\/","robots":"max-image-preview:large","keywords":"sucesos","webmasterTools":{"google-site-verification":"UA-38556648-1","msvalidate.01":"7dfe9f3f1b24437ab69f4f2559babe99","miscellaneous":""},"schema":{"@context":"https:\/\/schema.org","@graph":[{"@type":"BlogPosting","@id":"https:\/\/www.eldigitaldeasturias.com\/noticias\/detenidos-5-radicales-de-izquierda-tras-atacar-un-bar-frecuentado-por-militares\/#blogposting","name":"Detenidos 5 radicales de izquierda tras atacar un bar frecuentado por militares - El Digital de Asturias","headline":"Detenidos 5 radicales de izquierda tras atacar un bar frecuentado por militares","author":{"@id":"https:\/\/www.eldigitaldeasturias.com\/noticias\/author\/admin\/#author"},"publisher":{"@id":"https:\/\/www.eldigitaldeasturias.com\/noticias\/#organization"},"image":{"@type":"ImageObject","url":456847},"datePublished":"2013-12-02T23:06:31+01:00","dateModified":"2013-12-02T23:06:31+01:00","inLanguage":"es-ES","mainEntityOfPage":{"@id":"https:\/\/www.eldigitaldeasturias.com\/noticias\/detenidos-5-radicales-de-izquierda-tras-atacar-un-bar-frecuentado-por-militares\/#webpage"},"isPartOf":{"@id":"https:\/\/www.eldigitaldeasturias.com\/noticias\/detenidos-5-radicales-de-izquierda-tras-atacar-un-bar-frecuentado-por-militares\/#webpage"},"articleSection":"Sucesos"},{"@type":"BreadcrumbList","@id":"https:\/\/www.eldigitaldeasturias.com\/noticias\/detenidos-5-radicales-de-izquierda-tras-atacar-un-bar-frecuentado-por-militares\/#breadcrumblist","itemListElement":[{"@type":"ListItem","@id":"https:\/\/www.eldigitaldeasturias.com\/noticias#listItem","position":1,"name":"Home","item":"https:\/\/www.eldigitaldeasturias.com\/noticias","nextItem":{"@type":"ListItem","@id":"https:\/\/www.eldigitaldeasturias.com\/noticias\/category\/sucesos\/#listItem","name":"Sucesos"}},{"@type":"ListItem","@id":"https:\/\/www.eldigitaldeasturias.com\/noticias\/category\/sucesos\/#listItem","position":2,"name":"Sucesos","item":"https:\/\/www.eldigitaldeasturias.com\/noticias\/category\/sucesos\/","nextItem":{"@type":"ListItem","@id":"https:\/\/www.eldigitaldeasturias.com\/noticias\/detenidos-5-radicales-de-izquierda-tras-atacar-un-bar-frecuentado-por-militares\/#listItem","name":"Detenidos 5 radicales de izquierda tras atacar un bar frecuentado por militares"},"previousItem":{"@type":"ListItem","@id":"https:\/\/www.eldigitaldeasturias.com\/noticias#listItem","name":"Home"}},{"@type":"ListItem","@id":"https:\/\/www.eldigitaldeasturias.com\/noticias\/detenidos-5-radicales-de-izquierda-tras-atacar-un-bar-frecuentado-por-militares\/#listItem","position":3,"name":"Detenidos 5 radicales de izquierda tras atacar un bar frecuentado por militares","previousItem":{"@type":"ListItem","@id":"https:\/\/www.eldigitaldeasturias.com\/noticias\/category\/sucesos\/#listItem","name":"Sucesos"}}]},{"@type":"Organization","@id":"https:\/\/www.eldigitaldeasturias.com\/noticias\/#organization","name":"El Digital de Asturias","description":"Hemeroteca","url":"https:\/\/www.eldigitaldeasturias.com\/noticias\/","email":"info@eldigitaldeasturias.com","telephone":"+34652131393","logo":{"@type":"ImageObject","url":"https:\/\/www.eldigitaldeasturias.com\/noticias\/wp-content\/uploads\/2020\/12\/EDA.jpg","@id":"https:\/\/www.eldigitaldeasturias.com\/noticias\/detenidos-5-radicales-de-izquierda-tras-atacar-un-bar-frecuentado-por-militares\/#organizationLogo"},"image":{"@id":"https:\/\/www.eldigitaldeasturias.com\/noticias\/detenidos-5-radicales-de-izquierda-tras-atacar-un-bar-frecuentado-por-militares\/#organizationLogo"},"sameAs":["https:\/\/facebook.com\/eldigitaldeasturias","https:\/\/www.youtube.com\/channel\/UCZP-2wLEB9Rv6erhFmqVnvg"],"address":{"@id":"https:\/\/www.eldigitaldeasturias.com\/noticias\/#postaladdress","@type":"PostalAddress","streetAddress":"san antonio 4","postalCode":"33430","addressLocality":"Cand\u00e1s","addressRegion":"Asturias","addressCountry":"ES"}},{"@type":"Person","@id":"https:\/\/www.eldigitaldeasturias.com\/noticias\/author\/admin\/#author","url":"https:\/\/www.eldigitaldeasturias.com\/noticias\/author\/admin\/","name":"El Digital de Asturias","image":{"@type":"ImageObject","@id":"https:\/\/www.eldigitaldeasturias.com\/noticias\/detenidos-5-radicales-de-izquierda-tras-atacar-un-bar-frecuentado-por-militares\/#authorImage","url":"https:\/\/secure.gravatar.com\/avatar\/df2aeffc32bcd13f8d26072ef8a91b623d677766deac7f97ca815868cd41bf5e?s=96&d=mm&r=g","width":96,"height":96,"caption":"El Digital de Asturias"}},{"@type":"WebPage","@id":"https:\/\/www.eldigitaldeasturias.com\/noticias\/detenidos-5-radicales-de-izquierda-tras-atacar-un-bar-frecuentado-por-militares\/#webpage","url":"https:\/\/www.eldigitaldeasturias.com\/noticias\/detenidos-5-radicales-de-izquierda-tras-atacar-un-bar-frecuentado-por-militares\/","name":"Detenidos 5 radicales de izquierda tras atacar un bar frecuentado por militares - El Digital de Asturias","description":"Madrid, 2 dic (EFE).- La Polic\u00eda ha detenido a cinco personas vinculadas a la extrema izquierda como presuntas responsables de una agresi\u00f3n ocurrida el pasado 12 de octubre en un bar del distrito madrile\u00f1o de Retiro, conocido por ser centro de reuni\u00f3n y ocio de militares, en concreto, de la Legi\u00f3n. Seg\u00fan informa la Jefatura","inLanguage":"es-ES","isPartOf":{"@id":"https:\/\/www.eldigitaldeasturias.com\/noticias\/#website"},"breadcrumb":{"@id":"https:\/\/www.eldigitaldeasturias.com\/noticias\/detenidos-5-radicales-de-izquierda-tras-atacar-un-bar-frecuentado-por-militares\/#breadcrumblist"},"author":{"@id":"https:\/\/www.eldigitaldeasturias.com\/noticias\/author\/admin\/#author"},"creator":{"@id":"https:\/\/www.eldigitaldeasturias.com\/noticias\/author\/admin\/#author"},"image":{"@type":"ImageObject","url":456847,"@id":"https:\/\/www.eldigitaldeasturias.com\/noticias\/detenidos-5-radicales-de-izquierda-tras-atacar-un-bar-frecuentado-por-militares\/#mainImage"},"primaryImageOfPage":{"@id":"https:\/\/www.eldigitaldeasturias.com\/noticias\/detenidos-5-radicales-de-izquierda-tras-atacar-un-bar-frecuentado-por-militares\/#mainImage"},"datePublished":"2013-12-02T23:06:31+01:00","dateModified":"2013-12-02T23:06:31+01:00"},{"@type":"WebSite","@id":"https:\/\/www.eldigitaldeasturias.com\/noticias\/#website","url":"https:\/\/www.eldigitaldeasturias.com\/noticias\/","name":"El Digital de Asturias - Diario de actualidad y noticias","alternateName":"El Digital de Asturias - Diario de actualidad y noticias","description":"Hemeroteca","inLanguage":"es-ES","publisher":{"@id":"https:\/\/www.eldigitaldeasturias.com\/noticias\/#organization"}}]},"og:locale":"es_ES","og:site_name":"El Digital de Asturias","og:type":"article","og:title":"Detenidos 5 radicales de izquierda tras atacar un bar frecuentado por militares - El Digital de Asturias","og:description":"Madrid, 2 dic (EFE).- La Polic\u00eda ha detenido a cinco personas vinculadas a la extrema izquierda como presuntas responsables de una agresi\u00f3n ocurrida el pasado 12 de octubre en un bar del distrito madrile\u00f1o de Retiro, conocido por ser centro de reuni\u00f3n y ocio de militares, en concreto, de la Legi\u00f3n. Seg\u00fan informa la Jefatura","og:url":"https:\/\/www.eldigitaldeasturias.com\/noticias\/detenidos-5-radicales-de-izquierda-tras-atacar-un-bar-frecuentado-por-militares\/","article:tag":["sucesos"],"article:published_time":"2013-12-03T00:06:31+00:00","article:modified_time":"2013-12-03T00:06:31+00:00","article:publisher":"https:\/\/facebook.com\/eldigitaldeasturias","twitter:card":"summary_large_image","twitter:title":"Detenidos 5 radicales de izquierda tras atacar un bar frecuentado por militares - El Digital de Asturias","twitter:description":"Madrid, 2 dic (EFE).- La Polic\u00eda ha detenido a cinco personas vinculadas a la extrema izquierda como presuntas responsables de una agresi\u00f3n ocurrida el pasado 12 de octubre en un bar del distrito madrile\u00f1o de Retiro, conocido por ser centro de reuni\u00f3n y ocio de militares, en concreto, de la Legi\u00f3n. Seg\u00fan informa la Jefatura","twitter:label1":"Escrito por","twitter:data1":"El Digital de Asturias","twitter:label2":"Tiempo de lectura estimado","twitter:data2":"2 minutos"},"aioseo_meta_data":{"post_id":"456846","title":null,"description":null,"keywords":null,"keyphrases":null,"primary_term":null,"canonical_url":null,"og_title":null,"og_description":null,"og_object_type":"default","og_image_type":"default","og_image_url":null,"og_image_width":null,"og_image_height":null,"og_image_custom_url":null,"og_image_custom_fields":null,"og_video":null,"og_custom_url":null,"og_article_section":null,"og_article_tags":null,"twitter_use_og":true,"twitter_card":"default","twitter_image_type":"default","twitter_image_url":null,"twitter_image_custom_url":null,"twitter_image_custom_fields":null,"twitter_title":null,"twitter_description":null,"schema":{"blockGraphs":[],"customGraphs":[],"default":{"data":{"Article":[],"Course":[],"Dataset":[],"FAQPage":[],"Movie":[],"Person":[],"Product":[],"ProductReview":[],"Car":[],"Recipe":[],"Service":[],"SoftwareApplication":[],"WebPage":[]},"graphName":"","isEnabled":true},"graphs":[],"defaultGraph":"","defaultPostTypeGraph":""},"schema_type":null,"schema_type_options":null,"pillar_content":false,"robots_default":true,"robots_noindex":false,"robots_noarchive":false,"robots_nosnippet":false,"robots_nofollow":false,"robots_noimageindex":false,"robots_noodp":false,"robots_notranslate":false,"robots_max_snippet":null,"robots_max_videopreview":null,"robots_max_imagepreview":"none","priority":null,"frequency":null,"local_seo":null,"seo_analyzer_scan_date":"2026-05-29 23:25:53","breadcrumb_settings":null,"limit_modified_date":false,"open_ai":null,"ai":null,"created":"2020-11-14 22:46:02","updated":"2026-05-29 23:25:53","focus_keyword":null,"additional_keywords":null,"truseo_locale":null},"aioseo_breadcrumb":"<div class=\"aioseo-breadcrumbs\"><span class=\"aioseo-breadcrumb\">\n\t<a href=\"https:\/\/www.eldigitaldeasturias.com\/noticias\" title=\"Home\">Home<\/a>\n<\/span><span class=\"aioseo-breadcrumb-separator\">\u2013<\/span><span class=\"aioseo-breadcrumb\">\n\t<a href=\"https:\/\/www.eldigitaldeasturias.com\/noticias\/category\/sucesos\/\" title=\"Sucesos\">Sucesos<\/a>\n<\/span><span class=\"aioseo-breadcrumb-separator\">\u2013<\/span><span class=\"aioseo-breadcrumb\">\n\t<a href=\"https:\/\/www.eldigitaldeasturias.com\/noticias\/detenidos-5-radicales-de-izquierda-tras-atacar-un-bar-frecuentado-por-militares\/\" title=\"Detenidos 5 radicales de izquierda tras atacar un bar frecuentado por militares\">Detenidos 5 radicales de izquierda tras atacar un bar frecuentado por militares<\/a>\n<\/span><\/div>","aioseo_breadcrumb_json":[{"label":"Home","link":"https:\/\/www.eldigitaldeasturias.com\/noticias"},{"label":"Sucesos","link":"https:\/\/www.eldigitaldeasturias.com\/noticias\/category\/sucesos\/"},{"label":"Detenidos 5 radicales de izquierda tras atacar un bar frecuentado por militares","link":"https:\/\/www.eldigitaldeasturias.com\/noticias\/detenidos-5-radicales-de-izquierda-tras-atacar-un-bar-frecuentado-por-militares\/"}],"_links":{"self":[{"href":"https:\/\/www.eldigitaldeasturias.com\/noticias\/wp-json\/wp\/v2\/posts\/456846","targetHints":{"allow":["GET"]}}],"collection":[{"href":"https:\/\/www.eldigitaldeasturias.com\/noticias\/wp-json\/wp\/v2\/posts"}],"about":[{"href":"https:\/\/www.eldigitaldeasturias.com\/noticias\/wp-json\/wp\/v2\/types\/post"}],"author":[{"embeddable":true,"href":"https:\/\/www.eldigitaldeasturias.com\/noticias\/wp-json\/wp\/v2\/users\/1"}],"replies":[{"embeddable":true,"href":"https:\/\/www.eldigitaldeasturias.com\/noticias\/wp-json\/wp\/v2\/comments?post=456846"}],"version-history":[{"count":0,"href":"https:\/\/www.eldigitaldeasturias.com\/noticias\/wp-json\/wp\/v2\/posts\/456846\/revisions"}],"wp:attachment":[{"href":"https:\/\/www.eldigitaldeasturias.com\/noticias\/wp-json\/wp\/v2\/media?parent=456846"}],"wp:term":[{"taxonomy":"category","embeddable":true,"href":"https:\/\/www.eldigitaldeasturias.com\/noticias\/wp-json\/wp\/v2\/categories?post=456846"},{"taxonomy":"post_tag","embeddable":true,"href":"https:\/\/www.eldigitaldeasturias.com\/noticias\/wp-json\/wp\/v2\/tags?post=456846"}],"curies":[{"name":"wp","href":"https:\/\/api.w.org\/{rel}","templated":true}]}}