{"id":456828,"date":"2013-12-02T22:43:43","date_gmt":"2013-12-02T23:43:43","guid":{"rendered":"http:\/\/www.eldigitaldeasturias.com\/noticias\/?p=456828"},"modified":"2013-12-02T22:43:43","modified_gmt":"2013-12-02T23:43:43","slug":"detenido-en-gijon-por-amenazar-con-un-punal-a-sus-companeros-de-piso","status":"publish","type":"post","link":"https:\/\/www.eldigitaldeasturias.com\/noticias\/detenido-en-gijon-por-amenazar-con-un-punal-a-sus-companeros-de-piso\/","title":{"rendered":"Detenido en Gij\u00f3n por amenazar con un pu\u00f1al a sus compa\u00f1eros de piso"},"content":{"rendered":"<p><img loading=\"lazy\" decoding=\"async\" class=\"alignleft size-medium wp-image-455587\" alt=\"policia\" src=\"https:\/\/www.eldigitaldeasturias.com\/noticias\/wp-content\/uploads\/2013\/11\/policia-360x226.jpg\" width=\"360\" height=\"226\" \/>Gij\u00f3n, 2 dic (EFE).- La Polic\u00eda Nacional ha detenido a un gijon\u00e9s de 42 a\u00f1os por amenazar con un pu\u00f1al a sus compa\u00f1eros de piso porque le recriminaron que escuchase m\u00fasica a gran volumen en su habitaci\u00f3n el s\u00e1bado de madrugada.<\/p>\n<p>Seg\u00fan informa la Comisar\u00eda de Gij\u00f3n, el hombre mostr\u00f3 el arma blanca al resto de inquilinos y les persigui\u00f3 hasta que abandonaron la vivienda.<\/p>\n<p>A su llegada, los agentes encontraron a tres personas en las escaleras y al agresor en el rellano escuchando la m\u00fasica que proven\u00eda del piso y que sonaba a gran volumen.<\/p>\n<p>El gijon\u00e9s, que hab\u00eda sido detenido tres d\u00edas antes por hechos similares, contaba con 21 arrestos previos.<\/p>\n<p>\u00c9sta ha sido una de las detenciones llevadas a cabo este fin de semana en Gij\u00f3n, donde tambi\u00e9n fue arrestado un hombre de 44 a\u00f1os que estaba reclamado por dos juzgados de Ferrol como autor de unas lesiones ocasionadas a un vecino de esa localidad.<\/p>\n<p>Tambi\u00e9n han sido detenidos dos hombres y una mujer por enfrentarse a los agentes que intervinieron en una pelea que se produjo en las inmediaciones de un establecimiento.<\/p>\n<p>Por otra parte, la Polic\u00eda identific\u00f3 a tres j\u00f3venes de 17 a\u00f1os por ser los presuntos autores del incendio de unas cajas de cart\u00f3n que se hallaban entre un contenedor y un veh\u00edculo, que fue extinguido sin que causara da\u00f1os materiales.<\/p>\n<p>Se dio cuenta de lo sucedido a la Fiscal\u00eda de Menores, ha informado la Polic\u00eda Nacional.<\/p>\n","protected":false},"excerpt":{"rendered":"<p>Gij\u00f3n, 2 dic (EFE).- La Polic\u00eda Nacional ha detenido a un gijon\u00e9s de 42 a\u00f1os por amenazar con un pu\u00f1al a sus compa\u00f1eros de piso porque le recriminaron que escuchase m\u00fasica a gran volumen en su habitaci\u00f3n el s\u00e1bado de madrugada. Seg\u00fan informa la Comisar\u00eda de Gij\u00f3n, el hombre mostr\u00f3 el arma blanca al resto [&hellip;]<\/p>\n","protected":false},"author":1,"featured_media":455587,"comment_status":"closed","ping_status":"open","sticky":false,"template":"","format":"standard","meta":{"footnotes":""},"categories":[12],"tags":[],"class_list":["post-456828","post","type-post","status-publish","format-standard","has-post-thumbnail","hentry","category-actualidad-asturias"],"aioseo_notices":[],"aioseo_head":"\n\t\t<!-- All in One SEO Pro 5.0.1 - aioseo.com -->\n\t<meta name=\"description\" content=\"Gij\u00f3n, 2 dic (EFE).- La Polic\u00eda Nacional ha detenido a un gijon\u00e9s de 42 a\u00f1os por amenazar con un pu\u00f1al a sus compa\u00f1eros de piso porque le recriminaron que escuchase m\u00fasica a gran volumen en su habitaci\u00f3n el s\u00e1bado de madrugada. Seg\u00fan informa la Comisar\u00eda de Gij\u00f3n, el hombre mostr\u00f3 el arma blanca al resto\" \/>\n\t<meta name=\"robots\" content=\"max-image-preview:large\" \/>\n\t<meta name=\"author\" content=\"El Digital de Asturias\"\/>\n\t<meta name=\"google-site-verification\" content=\"UA-38556648-1\" \/>\n\t<meta name=\"msvalidate.01\" content=\"7dfe9f3f1b24437ab69f4f2559babe99\" \/>\n\t<meta name=\"keywords\" content=\"actualidad asturias\" \/>\n\t<link rel=\"canonical\" href=\"https:\/\/www.eldigitaldeasturias.com\/noticias\/detenido-en-gijon-por-amenazar-con-un-punal-a-sus-companeros-de-piso\/\" \/>\n\t<meta name=\"generator\" content=\"All in One SEO Pro (AIOSEO) 5.0.1\" \/>\n\t\t<meta property=\"og:locale\" content=\"es_ES\" \/>\n\t\t<meta property=\"og:site_name\" content=\"El Digital de Asturias\" \/>\n\t\t<meta property=\"og:type\" content=\"article\" \/>\n\t\t<meta property=\"og:title\" content=\"Detenido en Gij\u00f3n por amenazar con un pu\u00f1al a sus compa\u00f1eros de piso - El Digital de Asturias\" \/>\n\t\t<meta property=\"og:description\" content=\"Gij\u00f3n, 2 dic (EFE).- La Polic\u00eda Nacional ha detenido a un gijon\u00e9s de 42 a\u00f1os por amenazar con un pu\u00f1al a sus compa\u00f1eros de piso porque le recriminaron que escuchase m\u00fasica a gran volumen en su habitaci\u00f3n el s\u00e1bado de madrugada. Seg\u00fan informa la Comisar\u00eda de Gij\u00f3n, el hombre mostr\u00f3 el arma blanca al resto\" \/>\n\t\t<meta property=\"og:url\" content=\"https:\/\/www.eldigitaldeasturias.com\/noticias\/detenido-en-gijon-por-amenazar-con-un-punal-a-sus-companeros-de-piso\/\" \/>\n\t\t<meta property=\"article:tag\" content=\"actualidad asturias\" \/>\n\t\t<meta property=\"article:published_time\" content=\"2013-12-02T23:43:43+00:00\" \/>\n\t\t<meta property=\"article:modified_time\" content=\"2013-12-02T23:43:43+00:00\" \/>\n\t\t<meta property=\"article:publisher\" content=\"https:\/\/facebook.com\/eldigitaldeasturias\" \/>\n\t\t<meta name=\"twitter:card\" content=\"summary_large_image\" \/>\n\t\t<meta name=\"twitter:title\" content=\"Detenido en Gij\u00f3n por amenazar con un pu\u00f1al a sus compa\u00f1eros de piso - El Digital de Asturias\" \/>\n\t\t<meta name=\"twitter:description\" content=\"Gij\u00f3n, 2 dic (EFE).- La Polic\u00eda Nacional ha detenido a un gijon\u00e9s de 42 a\u00f1os por amenazar con un pu\u00f1al a sus compa\u00f1eros de piso porque le recriminaron que escuchase m\u00fasica a gran volumen en su habitaci\u00f3n el s\u00e1bado de madrugada. Seg\u00fan informa la Comisar\u00eda de Gij\u00f3n, el hombre mostr\u00f3 el arma blanca al resto\" \/>\n\t\t<meta name=\"twitter:label1\" content=\"Escrito por\" \/>\n\t\t<meta name=\"twitter:data1\" content=\"El Digital de Asturias\" \/>\n\t\t<meta name=\"twitter:label2\" content=\"Tiempo de lectura estimado\" \/>\n\t\t<meta name=\"twitter:data2\" content=\"1 minuto\" \/>\n\t\t<script type=\"application\/ld+json\" class=\"aioseo-schema\">\n\t\t\t{\"@context\":\"https:\\\/\\\/schema.org\",\"@graph\":[{\"@type\":\"BlogPosting\",\"@id\":\"https:\\\/\\\/www.eldigitaldeasturias.com\\\/noticias\\\/detenido-en-gijon-por-amenazar-con-un-punal-a-sus-companeros-de-piso\\\/#blogposting\",\"name\":\"Detenido en Gij\\u00f3n por amenazar con un pu\\u00f1al a sus compa\\u00f1eros de piso - El Digital de Asturias\",\"headline\":\"Detenido en Gij\\u00f3n por amenazar con un pu\\u00f1al a sus compa\\u00f1eros de piso\",\"author\":{\"@id\":\"https:\\\/\\\/www.eldigitaldeasturias.com\\\/noticias\\\/author\\\/admin\\\/#author\"},\"publisher\":{\"@id\":\"https:\\\/\\\/www.eldigitaldeasturias.com\\\/noticias\\\/#organization\"},\"image\":{\"@type\":\"ImageObject\",\"url\":455587},\"datePublished\":\"2013-12-02T22:43:43+01:00\",\"dateModified\":\"2013-12-02T22:43:43+01:00\",\"inLanguage\":\"es-ES\",\"mainEntityOfPage\":{\"@id\":\"https:\\\/\\\/www.eldigitaldeasturias.com\\\/noticias\\\/detenido-en-gijon-por-amenazar-con-un-punal-a-sus-companeros-de-piso\\\/#webpage\"},\"isPartOf\":{\"@id\":\"https:\\\/\\\/www.eldigitaldeasturias.com\\\/noticias\\\/detenido-en-gijon-por-amenazar-con-un-punal-a-sus-companeros-de-piso\\\/#webpage\"},\"articleSection\":\"Actualidad Asturias\"},{\"@type\":\"BreadcrumbList\",\"@id\":\"https:\\\/\\\/www.eldigitaldeasturias.com\\\/noticias\\\/detenido-en-gijon-por-amenazar-con-un-punal-a-sus-companeros-de-piso\\\/#breadcrumblist\",\"itemListElement\":[{\"@type\":\"ListItem\",\"@id\":\"https:\\\/\\\/www.eldigitaldeasturias.com\\\/noticias#listItem\",\"position\":1,\"name\":\"Home\",\"item\":\"https:\\\/\\\/www.eldigitaldeasturias.com\\\/noticias\",\"nextItem\":{\"@type\":\"ListItem\",\"@id\":\"https:\\\/\\\/www.eldigitaldeasturias.com\\\/noticias\\\/category\\\/actualidad-asturias\\\/#listItem\",\"name\":\"Actualidad Asturias\"}},{\"@type\":\"ListItem\",\"@id\":\"https:\\\/\\\/www.eldigitaldeasturias.com\\\/noticias\\\/category\\\/actualidad-asturias\\\/#listItem\",\"position\":2,\"name\":\"Actualidad Asturias\",\"item\":\"https:\\\/\\\/www.eldigitaldeasturias.com\\\/noticias\\\/category\\\/actualidad-asturias\\\/\",\"nextItem\":{\"@type\":\"ListItem\",\"@id\":\"https:\\\/\\\/www.eldigitaldeasturias.com\\\/noticias\\\/detenido-en-gijon-por-amenazar-con-un-punal-a-sus-companeros-de-piso\\\/#listItem\",\"name\":\"Detenido en Gij\\u00f3n por amenazar con un pu\\u00f1al a sus compa\\u00f1eros de piso\"},\"previousItem\":{\"@type\":\"ListItem\",\"@id\":\"https:\\\/\\\/www.eldigitaldeasturias.com\\\/noticias#listItem\",\"name\":\"Home\"}},{\"@type\":\"ListItem\",\"@id\":\"https:\\\/\\\/www.eldigitaldeasturias.com\\\/noticias\\\/detenido-en-gijon-por-amenazar-con-un-punal-a-sus-companeros-de-piso\\\/#listItem\",\"position\":3,\"name\":\"Detenido en Gij\\u00f3n por amenazar con un pu\\u00f1al a sus compa\\u00f1eros de piso\",\"previousItem\":{\"@type\":\"ListItem\",\"@id\":\"https:\\\/\\\/www.eldigitaldeasturias.com\\\/noticias\\\/category\\\/actualidad-asturias\\\/#listItem\",\"name\":\"Actualidad Asturias\"}}]},{\"@type\":\"Organization\",\"@id\":\"https:\\\/\\\/www.eldigitaldeasturias.com\\\/noticias\\\/#organization\",\"name\":\"El Digital de Asturias\",\"description\":\"Hemeroteca\",\"url\":\"https:\\\/\\\/www.eldigitaldeasturias.com\\\/noticias\\\/\",\"email\":\"info@eldigitaldeasturias.com\",\"telephone\":\"+34652131393\",\"logo\":{\"@type\":\"ImageObject\",\"url\":\"https:\\\/\\\/www.eldigitaldeasturias.com\\\/noticias\\\/wp-content\\\/uploads\\\/2020\\\/12\\\/EDA.jpg\",\"@id\":\"https:\\\/\\\/www.eldigitaldeasturias.com\\\/noticias\\\/detenido-en-gijon-por-amenazar-con-un-punal-a-sus-companeros-de-piso\\\/#organizationLogo\"},\"image\":{\"@id\":\"https:\\\/\\\/www.eldigitaldeasturias.com\\\/noticias\\\/detenido-en-gijon-por-amenazar-con-un-punal-a-sus-companeros-de-piso\\\/#organizationLogo\"},\"sameAs\":[\"https:\\\/\\\/facebook.com\\\/eldigitaldeasturias\",\"https:\\\/\\\/www.youtube.com\\\/channel\\\/UCZP-2wLEB9Rv6erhFmqVnvg\"],\"address\":{\"@id\":\"https:\\\/\\\/www.eldigitaldeasturias.com\\\/noticias\\\/#postaladdress\",\"@type\":\"PostalAddress\",\"streetAddress\":\"san antonio 4\",\"postalCode\":\"33430\",\"addressLocality\":\"Cand\\u00e1s\",\"addressRegion\":\"Asturias\",\"addressCountry\":\"ES\"}},{\"@type\":\"Person\",\"@id\":\"https:\\\/\\\/www.eldigitaldeasturias.com\\\/noticias\\\/author\\\/admin\\\/#author\",\"url\":\"https:\\\/\\\/www.eldigitaldeasturias.com\\\/noticias\\\/author\\\/admin\\\/\",\"name\":\"El Digital de Asturias\",\"image\":{\"@type\":\"ImageObject\",\"@id\":\"https:\\\/\\\/www.eldigitaldeasturias.com\\\/noticias\\\/detenido-en-gijon-por-amenazar-con-un-punal-a-sus-companeros-de-piso\\\/#authorImage\",\"url\":\"https:\\\/\\\/secure.gravatar.com\\\/avatar\\\/df2aeffc32bcd13f8d26072ef8a91b623d677766deac7f97ca815868cd41bf5e?s=96&d=mm&r=g\",\"width\":96,\"height\":96,\"caption\":\"El Digital de Asturias\"}},{\"@type\":\"WebPage\",\"@id\":\"https:\\\/\\\/www.eldigitaldeasturias.com\\\/noticias\\\/detenido-en-gijon-por-amenazar-con-un-punal-a-sus-companeros-de-piso\\\/#webpage\",\"url\":\"https:\\\/\\\/www.eldigitaldeasturias.com\\\/noticias\\\/detenido-en-gijon-por-amenazar-con-un-punal-a-sus-companeros-de-piso\\\/\",\"name\":\"Detenido en Gij\\u00f3n por amenazar con un pu\\u00f1al a sus compa\\u00f1eros de piso - El Digital de Asturias\",\"description\":\"Gij\\u00f3n, 2 dic (EFE).- La Polic\\u00eda Nacional ha detenido a un gijon\\u00e9s de 42 a\\u00f1os por amenazar con un pu\\u00f1al a sus compa\\u00f1eros de piso porque le recriminaron que escuchase m\\u00fasica a gran volumen en su habitaci\\u00f3n el s\\u00e1bado de madrugada. Seg\\u00fan informa la Comisar\\u00eda de Gij\\u00f3n, el hombre mostr\\u00f3 el arma blanca al resto\",\"inLanguage\":\"es-ES\",\"isPartOf\":{\"@id\":\"https:\\\/\\\/www.eldigitaldeasturias.com\\\/noticias\\\/#website\"},\"breadcrumb\":{\"@id\":\"https:\\\/\\\/www.eldigitaldeasturias.com\\\/noticias\\\/detenido-en-gijon-por-amenazar-con-un-punal-a-sus-companeros-de-piso\\\/#breadcrumblist\"},\"author\":{\"@id\":\"https:\\\/\\\/www.eldigitaldeasturias.com\\\/noticias\\\/author\\\/admin\\\/#author\"},\"creator\":{\"@id\":\"https:\\\/\\\/www.eldigitaldeasturias.com\\\/noticias\\\/author\\\/admin\\\/#author\"},\"image\":{\"@type\":\"ImageObject\",\"url\":455587,\"@id\":\"https:\\\/\\\/www.eldigitaldeasturias.com\\\/noticias\\\/detenido-en-gijon-por-amenazar-con-un-punal-a-sus-companeros-de-piso\\\/#mainImage\"},\"primaryImageOfPage\":{\"@id\":\"https:\\\/\\\/www.eldigitaldeasturias.com\\\/noticias\\\/detenido-en-gijon-por-amenazar-con-un-punal-a-sus-companeros-de-piso\\\/#mainImage\"},\"datePublished\":\"2013-12-02T22:43:43+01:00\",\"dateModified\":\"2013-12-02T22:43:43+01:00\"},{\"@type\":\"WebSite\",\"@id\":\"https:\\\/\\\/www.eldigitaldeasturias.com\\\/noticias\\\/#website\",\"url\":\"https:\\\/\\\/www.eldigitaldeasturias.com\\\/noticias\\\/\",\"name\":\"El Digital de Asturias - Diario de actualidad y noticias\",\"alternateName\":\"El Digital de Asturias - Diario de actualidad y noticias\",\"description\":\"Hemeroteca\",\"inLanguage\":\"es-ES\",\"publisher\":{\"@id\":\"https:\\\/\\\/www.eldigitaldeasturias.com\\\/noticias\\\/#organization\"}}]}\n\t\t<\/script>\n\t\t<!-- All in One SEO Pro -->\r\n\t\t<title>Detenido en Gij\u00f3n por amenazar con un pu\u00f1al a sus compa\u00f1eros de piso - El Digital de Asturias<\/title>\n\n","aioseo_head_json":{"title":"Detenido en Gij\u00f3n por amenazar con un pu\u00f1al a sus compa\u00f1eros de piso - El Digital de Asturias","description":"Gij\u00f3n, 2 dic (EFE).- La Polic\u00eda Nacional ha detenido a un gijon\u00e9s de 42 a\u00f1os por amenazar con un pu\u00f1al a sus compa\u00f1eros de piso porque le recriminaron que escuchase m\u00fasica a gran volumen en su habitaci\u00f3n el s\u00e1bado de madrugada. Seg\u00fan informa la Comisar\u00eda de Gij\u00f3n, el hombre mostr\u00f3 el arma blanca al resto","canonical_url":"https:\/\/www.eldigitaldeasturias.com\/noticias\/detenido-en-gijon-por-amenazar-con-un-punal-a-sus-companeros-de-piso\/","robots":"max-image-preview:large","keywords":"actualidad asturias","webmasterTools":{"google-site-verification":"UA-38556648-1","msvalidate.01":"7dfe9f3f1b24437ab69f4f2559babe99","miscellaneous":""},"schema":{"@context":"https:\/\/schema.org","@graph":[{"@type":"BlogPosting","@id":"https:\/\/www.eldigitaldeasturias.com\/noticias\/detenido-en-gijon-por-amenazar-con-un-punal-a-sus-companeros-de-piso\/#blogposting","name":"Detenido en Gij\u00f3n por amenazar con un pu\u00f1al a sus compa\u00f1eros de piso - El Digital de Asturias","headline":"Detenido en Gij\u00f3n por amenazar con un pu\u00f1al a sus compa\u00f1eros de piso","author":{"@id":"https:\/\/www.eldigitaldeasturias.com\/noticias\/author\/admin\/#author"},"publisher":{"@id":"https:\/\/www.eldigitaldeasturias.com\/noticias\/#organization"},"image":{"@type":"ImageObject","url":455587},"datePublished":"2013-12-02T22:43:43+01:00","dateModified":"2013-12-02T22:43:43+01:00","inLanguage":"es-ES","mainEntityOfPage":{"@id":"https:\/\/www.eldigitaldeasturias.com\/noticias\/detenido-en-gijon-por-amenazar-con-un-punal-a-sus-companeros-de-piso\/#webpage"},"isPartOf":{"@id":"https:\/\/www.eldigitaldeasturias.com\/noticias\/detenido-en-gijon-por-amenazar-con-un-punal-a-sus-companeros-de-piso\/#webpage"},"articleSection":"Actualidad Asturias"},{"@type":"BreadcrumbList","@id":"https:\/\/www.eldigitaldeasturias.com\/noticias\/detenido-en-gijon-por-amenazar-con-un-punal-a-sus-companeros-de-piso\/#breadcrumblist","itemListElement":[{"@type":"ListItem","@id":"https:\/\/www.eldigitaldeasturias.com\/noticias#listItem","position":1,"name":"Home","item":"https:\/\/www.eldigitaldeasturias.com\/noticias","nextItem":{"@type":"ListItem","@id":"https:\/\/www.eldigitaldeasturias.com\/noticias\/category\/actualidad-asturias\/#listItem","name":"Actualidad Asturias"}},{"@type":"ListItem","@id":"https:\/\/www.eldigitaldeasturias.com\/noticias\/category\/actualidad-asturias\/#listItem","position":2,"name":"Actualidad Asturias","item":"https:\/\/www.eldigitaldeasturias.com\/noticias\/category\/actualidad-asturias\/","nextItem":{"@type":"ListItem","@id":"https:\/\/www.eldigitaldeasturias.com\/noticias\/detenido-en-gijon-por-amenazar-con-un-punal-a-sus-companeros-de-piso\/#listItem","name":"Detenido en Gij\u00f3n por amenazar con un pu\u00f1al a sus compa\u00f1eros de piso"},"previousItem":{"@type":"ListItem","@id":"https:\/\/www.eldigitaldeasturias.com\/noticias#listItem","name":"Home"}},{"@type":"ListItem","@id":"https:\/\/www.eldigitaldeasturias.com\/noticias\/detenido-en-gijon-por-amenazar-con-un-punal-a-sus-companeros-de-piso\/#listItem","position":3,"name":"Detenido en Gij\u00f3n por amenazar con un pu\u00f1al a sus compa\u00f1eros de piso","previousItem":{"@type":"ListItem","@id":"https:\/\/www.eldigitaldeasturias.com\/noticias\/category\/actualidad-asturias\/#listItem","name":"Actualidad Asturias"}}]},{"@type":"Organization","@id":"https:\/\/www.eldigitaldeasturias.com\/noticias\/#organization","name":"El Digital de Asturias","description":"Hemeroteca","url":"https:\/\/www.eldigitaldeasturias.com\/noticias\/","email":"info@eldigitaldeasturias.com","telephone":"+34652131393","logo":{"@type":"ImageObject","url":"https:\/\/www.eldigitaldeasturias.com\/noticias\/wp-content\/uploads\/2020\/12\/EDA.jpg","@id":"https:\/\/www.eldigitaldeasturias.com\/noticias\/detenido-en-gijon-por-amenazar-con-un-punal-a-sus-companeros-de-piso\/#organizationLogo"},"image":{"@id":"https:\/\/www.eldigitaldeasturias.com\/noticias\/detenido-en-gijon-por-amenazar-con-un-punal-a-sus-companeros-de-piso\/#organizationLogo"},"sameAs":["https:\/\/facebook.com\/eldigitaldeasturias","https:\/\/www.youtube.com\/channel\/UCZP-2wLEB9Rv6erhFmqVnvg"],"address":{"@id":"https:\/\/www.eldigitaldeasturias.com\/noticias\/#postaladdress","@type":"PostalAddress","streetAddress":"san antonio 4","postalCode":"33430","addressLocality":"Cand\u00e1s","addressRegion":"Asturias","addressCountry":"ES"}},{"@type":"Person","@id":"https:\/\/www.eldigitaldeasturias.com\/noticias\/author\/admin\/#author","url":"https:\/\/www.eldigitaldeasturias.com\/noticias\/author\/admin\/","name":"El Digital de Asturias","image":{"@type":"ImageObject","@id":"https:\/\/www.eldigitaldeasturias.com\/noticias\/detenido-en-gijon-por-amenazar-con-un-punal-a-sus-companeros-de-piso\/#authorImage","url":"https:\/\/secure.gravatar.com\/avatar\/df2aeffc32bcd13f8d26072ef8a91b623d677766deac7f97ca815868cd41bf5e?s=96&d=mm&r=g","width":96,"height":96,"caption":"El Digital de Asturias"}},{"@type":"WebPage","@id":"https:\/\/www.eldigitaldeasturias.com\/noticias\/detenido-en-gijon-por-amenazar-con-un-punal-a-sus-companeros-de-piso\/#webpage","url":"https:\/\/www.eldigitaldeasturias.com\/noticias\/detenido-en-gijon-por-amenazar-con-un-punal-a-sus-companeros-de-piso\/","name":"Detenido en Gij\u00f3n por amenazar con un pu\u00f1al a sus compa\u00f1eros de piso - El Digital de Asturias","description":"Gij\u00f3n, 2 dic (EFE).- La Polic\u00eda Nacional ha detenido a un gijon\u00e9s de 42 a\u00f1os por amenazar con un pu\u00f1al a sus compa\u00f1eros de piso porque le recriminaron que escuchase m\u00fasica a gran volumen en su habitaci\u00f3n el s\u00e1bado de madrugada. Seg\u00fan informa la Comisar\u00eda de Gij\u00f3n, el hombre mostr\u00f3 el arma blanca al resto","inLanguage":"es-ES","isPartOf":{"@id":"https:\/\/www.eldigitaldeasturias.com\/noticias\/#website"},"breadcrumb":{"@id":"https:\/\/www.eldigitaldeasturias.com\/noticias\/detenido-en-gijon-por-amenazar-con-un-punal-a-sus-companeros-de-piso\/#breadcrumblist"},"author":{"@id":"https:\/\/www.eldigitaldeasturias.com\/noticias\/author\/admin\/#author"},"creator":{"@id":"https:\/\/www.eldigitaldeasturias.com\/noticias\/author\/admin\/#author"},"image":{"@type":"ImageObject","url":455587,"@id":"https:\/\/www.eldigitaldeasturias.com\/noticias\/detenido-en-gijon-por-amenazar-con-un-punal-a-sus-companeros-de-piso\/#mainImage"},"primaryImageOfPage":{"@id":"https:\/\/www.eldigitaldeasturias.com\/noticias\/detenido-en-gijon-por-amenazar-con-un-punal-a-sus-companeros-de-piso\/#mainImage"},"datePublished":"2013-12-02T22:43:43+01:00","dateModified":"2013-12-02T22:43:43+01:00"},{"@type":"WebSite","@id":"https:\/\/www.eldigitaldeasturias.com\/noticias\/#website","url":"https:\/\/www.eldigitaldeasturias.com\/noticias\/","name":"El Digital de Asturias - Diario de actualidad y noticias","alternateName":"El Digital de Asturias - Diario de actualidad y noticias","description":"Hemeroteca","inLanguage":"es-ES","publisher":{"@id":"https:\/\/www.eldigitaldeasturias.com\/noticias\/#organization"}}]},"og:locale":"es_ES","og:site_name":"El Digital de Asturias","og:type":"article","og:title":"Detenido en Gij\u00f3n por amenazar con un pu\u00f1al a sus compa\u00f1eros de piso - El Digital de Asturias","og:description":"Gij\u00f3n, 2 dic (EFE).- La Polic\u00eda Nacional ha detenido a un gijon\u00e9s de 42 a\u00f1os por amenazar con un pu\u00f1al a sus compa\u00f1eros de piso porque le recriminaron que escuchase m\u00fasica a gran volumen en su habitaci\u00f3n el s\u00e1bado de madrugada. Seg\u00fan informa la Comisar\u00eda de Gij\u00f3n, el hombre mostr\u00f3 el arma blanca al resto","og:url":"https:\/\/www.eldigitaldeasturias.com\/noticias\/detenido-en-gijon-por-amenazar-con-un-punal-a-sus-companeros-de-piso\/","article:tag":["actualidad asturias"],"article:published_time":"2013-12-02T23:43:43+00:00","article:modified_time":"2013-12-02T23:43:43+00:00","article:publisher":"https:\/\/facebook.com\/eldigitaldeasturias","twitter:card":"summary_large_image","twitter:title":"Detenido en Gij\u00f3n por amenazar con un pu\u00f1al a sus compa\u00f1eros de piso - El Digital de Asturias","twitter:description":"Gij\u00f3n, 2 dic (EFE).- La Polic\u00eda Nacional ha detenido a un gijon\u00e9s de 42 a\u00f1os por amenazar con un pu\u00f1al a sus compa\u00f1eros de piso porque le recriminaron que escuchase m\u00fasica a gran volumen en su habitaci\u00f3n el s\u00e1bado de madrugada. Seg\u00fan informa la Comisar\u00eda de Gij\u00f3n, el hombre mostr\u00f3 el arma blanca al resto","twitter:label1":"Escrito por","twitter:data1":"El Digital de Asturias","twitter:label2":"Tiempo de lectura estimado","twitter:data2":"1 minuto"},"aioseo_meta_data":{"post_id":"456828","title":null,"description":null,"keywords":null,"keyphrases":null,"primary_term":null,"canonical_url":null,"og_title":null,"og_description":null,"og_object_type":"default","og_image_type":"default","og_image_url":null,"og_image_width":null,"og_image_height":null,"og_image_custom_url":null,"og_image_custom_fields":null,"og_video":null,"og_custom_url":null,"og_article_section":null,"og_article_tags":null,"twitter_use_og":true,"twitter_card":"default","twitter_image_type":"default","twitter_image_url":null,"twitter_image_custom_url":null,"twitter_image_custom_fields":null,"twitter_title":null,"twitter_description":null,"schema":{"blockGraphs":[],"customGraphs":[],"default":{"data":{"Article":[],"Course":[],"Dataset":[],"FAQPage":[],"Movie":[],"Person":[],"Product":[],"ProductReview":[],"Car":[],"Recipe":[],"Service":[],"SoftwareApplication":[],"WebPage":[]},"graphName":"","isEnabled":true},"graphs":[],"defaultGraph":"","defaultPostTypeGraph":""},"schema_type":null,"schema_type_options":null,"pillar_content":false,"robots_default":true,"robots_noindex":false,"robots_noarchive":false,"robots_nosnippet":false,"robots_nofollow":false,"robots_noimageindex":false,"robots_noodp":false,"robots_notranslate":false,"robots_max_snippet":null,"robots_max_videopreview":null,"robots_max_imagepreview":"none","priority":null,"frequency":null,"local_seo":null,"seo_analyzer_scan_date":"2026-05-29 23:22:15","breadcrumb_settings":null,"limit_modified_date":false,"open_ai":null,"ai":null,"created":"2020-11-14 22:46:02","updated":"2026-05-29 23:22:15","focus_keyword":null,"additional_keywords":null,"truseo_locale":null},"aioseo_breadcrumb":"<div class=\"aioseo-breadcrumbs\"><span class=\"aioseo-breadcrumb\">\n\t<a href=\"https:\/\/www.eldigitaldeasturias.com\/noticias\" title=\"Home\">Home<\/a>\n<\/span><span class=\"aioseo-breadcrumb-separator\">\u2013<\/span><span class=\"aioseo-breadcrumb\">\n\t<a href=\"https:\/\/www.eldigitaldeasturias.com\/noticias\/category\/actualidad-asturias\/\" title=\"Actualidad Asturias\">Actualidad Asturias<\/a>\n<\/span><span class=\"aioseo-breadcrumb-separator\">\u2013<\/span><span class=\"aioseo-breadcrumb\">\n\t<a href=\"https:\/\/www.eldigitaldeasturias.com\/noticias\/detenido-en-gijon-por-amenazar-con-un-punal-a-sus-companeros-de-piso\/\" title=\"Detenido en Gij\u00f3n por amenazar con un pu\u00f1al a sus compa\u00f1eros de piso\">Detenido en Gij\u00f3n por amenazar con un pu\u00f1al a sus compa\u00f1eros de piso<\/a>\n<\/span><\/div>","aioseo_breadcrumb_json":[{"label":"Home","link":"https:\/\/www.eldigitaldeasturias.com\/noticias"},{"label":"Actualidad Asturias","link":"https:\/\/www.eldigitaldeasturias.com\/noticias\/category\/actualidad-asturias\/"},{"label":"Detenido en Gij\u00f3n por amenazar con un pu\u00f1al a sus compa\u00f1eros de piso","link":"https:\/\/www.eldigitaldeasturias.com\/noticias\/detenido-en-gijon-por-amenazar-con-un-punal-a-sus-companeros-de-piso\/"}],"_links":{"self":[{"href":"https:\/\/www.eldigitaldeasturias.com\/noticias\/wp-json\/wp\/v2\/posts\/456828","targetHints":{"allow":["GET"]}}],"collection":[{"href":"https:\/\/www.eldigitaldeasturias.com\/noticias\/wp-json\/wp\/v2\/posts"}],"about":[{"href":"https:\/\/www.eldigitaldeasturias.com\/noticias\/wp-json\/wp\/v2\/types\/post"}],"author":[{"embeddable":true,"href":"https:\/\/www.eldigitaldeasturias.com\/noticias\/wp-json\/wp\/v2\/users\/1"}],"replies":[{"embeddable":true,"href":"https:\/\/www.eldigitaldeasturias.com\/noticias\/wp-json\/wp\/v2\/comments?post=456828"}],"version-history":[{"count":0,"href":"https:\/\/www.eldigitaldeasturias.com\/noticias\/wp-json\/wp\/v2\/posts\/456828\/revisions"}],"wp:attachment":[{"href":"https:\/\/www.eldigitaldeasturias.com\/noticias\/wp-json\/wp\/v2\/media?parent=456828"}],"wp:term":[{"taxonomy":"category","embeddable":true,"href":"https:\/\/www.eldigitaldeasturias.com\/noticias\/wp-json\/wp\/v2\/categories?post=456828"},{"taxonomy":"post_tag","embeddable":true,"href":"https:\/\/www.eldigitaldeasturias.com\/noticias\/wp-json\/wp\/v2\/tags?post=456828"}],"curies":[{"name":"wp","href":"https:\/\/api.w.org\/{rel}","templated":true}]}}