{"id":456826,"date":"2013-12-02T22:42:36","date_gmt":"2013-12-02T23:42:36","guid":{"rendered":"http:\/\/www.eldigitaldeasturias.com\/noticias\/?p=456826"},"modified":"2013-12-02T22:42:36","modified_gmt":"2013-12-02T23:42:36","slug":"varela-se-suma-al-rechazo-ante-bruselas-a-la-nueva-ley-de-reforma-local","status":"publish","type":"post","link":"https:\/\/www.eldigitaldeasturias.com\/noticias\/varela-se-suma-al-rechazo-ante-bruselas-a-la-nueva-ley-de-reforma-local\/","title":{"rendered":"Varela se suma al rechazo ante Bruselas a la nueva Ley de reforma local"},"content":{"rendered":"<p><img loading=\"lazy\" decoding=\"async\" class=\"alignleft size-medium wp-image-1995\" alt=\"aviles2\" src=\"https:\/\/www.eldigitaldeasturias.com\/noticias\/wp-content\/uploads\/2013\/09\/aviles2-360x270.jpg\" width=\"360\" height=\"270\" \/>Avil\u00e9s, 2 dic (EFE).- La alcaldesa de Avil\u00e9s, Pilar Varela, ha sido invitada a formar parte de la delegaci\u00f3n del PSOE en la Federaci\u00f3n Espa\u00f1ola de Municipios y Provincias (FEMP) que ma\u00f1ana expresar\u00e1 en Bruselas su rechazo a la Ley de Racionalizaci\u00f3n y Sostenibilidad de la Administraci\u00f3n Local, en tramitaci\u00f3n en el Congreso.<\/p>\n<p>Los alcaldes trasladar\u00e1n su rechazo a esta normativa a responsables del Parlamento Europeo y del Comit\u00e9 de las Regiones.<\/p>\n<p>Varela ha considerado que este texto \u00abes un ataque frontal al municipalismo tal y como lo conocemos y tendr\u00e1 nefastas consecuencias para la ciudadan\u00eda, puesto que supondr\u00e1 un retroceso materia de democracia, cohesi\u00f3n y vertebraci\u00f3n territorial que actualmente garantiza nuestro sistema descentralizado\u00bb.<\/p>\n<p>En opini\u00f3n de la alcaldesa, \u00abestas mermas se traducir\u00e1n en peores servicios para los ciudadanos, menos participaci\u00f3n y m\u00e1s dificultades para la integraci\u00f3n\u00bb.<\/p>\n<p>Pilar Varela ha asegurado que esta ley \u00abvulnera el principio de autonom\u00eda local tanto en su plasmaci\u00f3n constitucional como en el marco de la Carta Europea de Autonom\u00eda Local, suscrita por Espa\u00f1a en 1989\u00bb.<\/p>\n<p>\u00abEsta reforma es un error y rechazamos que los ayuntamientos vean mermada su capacidad de respuesta a la dif\u00edciles situaciones que atraviesan los ciudadanos y ciudadanas\u00bb, ha a\u00f1adido la regidora.<\/p>\n<p>Adem\u00e1s de Pilar Varela, integran la delegaci\u00f3n que se desplaza a Bruselas los alcaldes de Vigo, Abel Caballero; Soria, Carlos Mart\u00ednez; Hospitalet de Llobregat, Nuria Mar\u00edn; Cuenca, Juan \u00c1vila; Baracaldo, Alfonso Garc\u00eda; Villafranca de los Barros, Ram\u00f3n Ropero, y Fuenlabrada, Manuel Robles.<\/p>\n","protected":false},"excerpt":{"rendered":"<p>Avil\u00e9s, 2 dic (EFE).- La alcaldesa de Avil\u00e9s, Pilar Varela, ha sido invitada a formar parte de la delegaci\u00f3n del PSOE en la Federaci\u00f3n Espa\u00f1ola de Municipios y Provincias (FEMP) que ma\u00f1ana expresar\u00e1 en Bruselas su rechazo a la Ley de Racionalizaci\u00f3n y Sostenibilidad de la Administraci\u00f3n Local, en tramitaci\u00f3n en el Congreso. Los alcaldes [&hellip;]<\/p>\n","protected":false},"author":1,"featured_media":1132184,"comment_status":"closed","ping_status":"open","sticky":false,"template":"","format":"standard","meta":{"footnotes":""},"categories":[12],"tags":[],"class_list":["post-456826","post","type-post","status-publish","format-standard","has-post-thumbnail","hentry","category-actualidad-asturias"],"aioseo_notices":[],"aioseo_head":"\n\t\t<!-- All in One SEO Pro 5.0.1 - aioseo.com -->\n\t<meta name=\"description\" content=\"Avil\u00e9s, 2 dic (EFE).- La alcaldesa de Avil\u00e9s, Pilar Varela, ha sido invitada a formar parte de la delegaci\u00f3n del PSOE en la Federaci\u00f3n Espa\u00f1ola de Municipios y Provincias (FEMP) que ma\u00f1ana expresar\u00e1 en Bruselas su rechazo a la Ley de Racionalizaci\u00f3n y Sostenibilidad de la Administraci\u00f3n Local, en tramitaci\u00f3n en el Congreso. Los alcaldes\" \/>\n\t<meta name=\"robots\" content=\"max-image-preview:large\" \/>\n\t<meta name=\"author\" content=\"El Digital de Asturias\"\/>\n\t<meta name=\"google-site-verification\" content=\"UA-38556648-1\" \/>\n\t<meta name=\"msvalidate.01\" content=\"7dfe9f3f1b24437ab69f4f2559babe99\" \/>\n\t<meta name=\"keywords\" content=\"actualidad asturias\" \/>\n\t<link rel=\"canonical\" href=\"https:\/\/www.eldigitaldeasturias.com\/noticias\/varela-se-suma-al-rechazo-ante-bruselas-a-la-nueva-ley-de-reforma-local\/\" \/>\n\t<meta name=\"generator\" content=\"All in One SEO Pro (AIOSEO) 5.0.1\" \/>\n\t\t<meta property=\"og:locale\" content=\"es_ES\" \/>\n\t\t<meta property=\"og:site_name\" content=\"El Digital de Asturias\" \/>\n\t\t<meta property=\"og:type\" content=\"article\" \/>\n\t\t<meta property=\"og:title\" content=\"Varela se suma al rechazo ante Bruselas a la nueva Ley de reforma local - El Digital de Asturias\" \/>\n\t\t<meta property=\"og:description\" content=\"Avil\u00e9s, 2 dic (EFE).- La alcaldesa de Avil\u00e9s, Pilar Varela, ha sido invitada a formar parte de la delegaci\u00f3n del PSOE en la Federaci\u00f3n Espa\u00f1ola de Municipios y Provincias (FEMP) que ma\u00f1ana expresar\u00e1 en Bruselas su rechazo a la Ley de Racionalizaci\u00f3n y Sostenibilidad de la Administraci\u00f3n Local, en tramitaci\u00f3n en el Congreso. Los alcaldes\" \/>\n\t\t<meta property=\"og:url\" content=\"https:\/\/www.eldigitaldeasturias.com\/noticias\/varela-se-suma-al-rechazo-ante-bruselas-a-la-nueva-ley-de-reforma-local\/\" \/>\n\t\t<meta property=\"og:image\" content=\"https:\/\/www.eldigitaldeasturias.com\/noticias\/wp-content\/uploads\/2026\/06\/Contenidos.jpg\" \/>\n\t\t<meta property=\"og:image:secure_url\" content=\"https:\/\/www.eldigitaldeasturias.com\/noticias\/wp-content\/uploads\/2026\/06\/Contenidos.jpg\" \/>\n\t\t<meta property=\"og:image:width\" content=\"1265\" \/>\n\t\t<meta property=\"og:image:height\" content=\"697\" \/>\n\t\t<meta property=\"article:tag\" content=\"actualidad asturias\" \/>\n\t\t<meta property=\"article:published_time\" content=\"2013-12-02T23:42:36+00:00\" \/>\n\t\t<meta property=\"article:modified_time\" content=\"2013-12-02T23:42:36+00:00\" \/>\n\t\t<meta property=\"article:publisher\" content=\"https:\/\/facebook.com\/eldigitaldeasturias\" \/>\n\t\t<meta name=\"twitter:card\" content=\"summary_large_image\" \/>\n\t\t<meta name=\"twitter:title\" content=\"Varela se suma al rechazo ante Bruselas a la nueva Ley de reforma local - El Digital de Asturias\" \/>\n\t\t<meta name=\"twitter:description\" content=\"Avil\u00e9s, 2 dic (EFE).- La alcaldesa de Avil\u00e9s, Pilar Varela, ha sido invitada a formar parte de la delegaci\u00f3n del PSOE en la Federaci\u00f3n Espa\u00f1ola de Municipios y Provincias (FEMP) que ma\u00f1ana expresar\u00e1 en Bruselas su rechazo a la Ley de Racionalizaci\u00f3n y Sostenibilidad de la Administraci\u00f3n Local, en tramitaci\u00f3n en el Congreso. Los alcaldes\" \/>\n\t\t<meta name=\"twitter:image\" content=\"https:\/\/www.eldigitaldeasturias.com\/noticias\/wp-content\/uploads\/2026\/06\/Contenidos.jpg\" \/>\n\t\t<meta name=\"twitter:label1\" content=\"Escrito por\" \/>\n\t\t<meta name=\"twitter:data1\" content=\"El Digital de Asturias\" \/>\n\t\t<meta name=\"twitter:label2\" content=\"Tiempo de lectura estimado\" \/>\n\t\t<meta name=\"twitter:data2\" content=\"1 minuto\" \/>\n\t\t<script type=\"application\/ld+json\" class=\"aioseo-schema\">\n\t\t\t{\"@context\":\"https:\\\/\\\/schema.org\",\"@graph\":[{\"@type\":\"BlogPosting\",\"@id\":\"https:\\\/\\\/www.eldigitaldeasturias.com\\\/noticias\\\/varela-se-suma-al-rechazo-ante-bruselas-a-la-nueva-ley-de-reforma-local\\\/#blogposting\",\"name\":\"Varela se suma al rechazo ante Bruselas a la nueva Ley de reforma local - El Digital de Asturias\",\"headline\":\"Varela se suma al rechazo ante Bruselas a la nueva Ley de reforma local\",\"author\":{\"@id\":\"https:\\\/\\\/www.eldigitaldeasturias.com\\\/noticias\\\/author\\\/admin\\\/#author\"},\"publisher\":{\"@id\":\"https:\\\/\\\/www.eldigitaldeasturias.com\\\/noticias\\\/#organization\"},\"image\":{\"@type\":\"ImageObject\",\"url\":\"https:\\\/\\\/www.eldigitaldeasturias.com\\\/noticias\\\/wp-content\\\/uploads\\\/2026\\\/06\\\/Contenidos.jpg\",\"width\":1265,\"height\":697,\"caption\":\"Contenidos\"},\"datePublished\":\"2013-12-02T22:42:36+01:00\",\"dateModified\":\"2013-12-02T22:42:36+01:00\",\"inLanguage\":\"es-ES\",\"mainEntityOfPage\":{\"@id\":\"https:\\\/\\\/www.eldigitaldeasturias.com\\\/noticias\\\/varela-se-suma-al-rechazo-ante-bruselas-a-la-nueva-ley-de-reforma-local\\\/#webpage\"},\"isPartOf\":{\"@id\":\"https:\\\/\\\/www.eldigitaldeasturias.com\\\/noticias\\\/varela-se-suma-al-rechazo-ante-bruselas-a-la-nueva-ley-de-reforma-local\\\/#webpage\"},\"articleSection\":\"Actualidad Asturias\"},{\"@type\":\"BreadcrumbList\",\"@id\":\"https:\\\/\\\/www.eldigitaldeasturias.com\\\/noticias\\\/varela-se-suma-al-rechazo-ante-bruselas-a-la-nueva-ley-de-reforma-local\\\/#breadcrumblist\",\"itemListElement\":[{\"@type\":\"ListItem\",\"@id\":\"https:\\\/\\\/www.eldigitaldeasturias.com\\\/noticias#listItem\",\"position\":1,\"name\":\"Home\",\"item\":\"https:\\\/\\\/www.eldigitaldeasturias.com\\\/noticias\",\"nextItem\":{\"@type\":\"ListItem\",\"@id\":\"https:\\\/\\\/www.eldigitaldeasturias.com\\\/noticias\\\/category\\\/actualidad-asturias\\\/#listItem\",\"name\":\"Actualidad Asturias\"}},{\"@type\":\"ListItem\",\"@id\":\"https:\\\/\\\/www.eldigitaldeasturias.com\\\/noticias\\\/category\\\/actualidad-asturias\\\/#listItem\",\"position\":2,\"name\":\"Actualidad Asturias\",\"item\":\"https:\\\/\\\/www.eldigitaldeasturias.com\\\/noticias\\\/category\\\/actualidad-asturias\\\/\",\"nextItem\":{\"@type\":\"ListItem\",\"@id\":\"https:\\\/\\\/www.eldigitaldeasturias.com\\\/noticias\\\/varela-se-suma-al-rechazo-ante-bruselas-a-la-nueva-ley-de-reforma-local\\\/#listItem\",\"name\":\"Varela se suma al rechazo ante Bruselas a la nueva Ley de reforma local\"},\"previousItem\":{\"@type\":\"ListItem\",\"@id\":\"https:\\\/\\\/www.eldigitaldeasturias.com\\\/noticias#listItem\",\"name\":\"Home\"}},{\"@type\":\"ListItem\",\"@id\":\"https:\\\/\\\/www.eldigitaldeasturias.com\\\/noticias\\\/varela-se-suma-al-rechazo-ante-bruselas-a-la-nueva-ley-de-reforma-local\\\/#listItem\",\"position\":3,\"name\":\"Varela se suma al rechazo ante Bruselas a la nueva Ley de reforma local\",\"previousItem\":{\"@type\":\"ListItem\",\"@id\":\"https:\\\/\\\/www.eldigitaldeasturias.com\\\/noticias\\\/category\\\/actualidad-asturias\\\/#listItem\",\"name\":\"Actualidad Asturias\"}}]},{\"@type\":\"Organization\",\"@id\":\"https:\\\/\\\/www.eldigitaldeasturias.com\\\/noticias\\\/#organization\",\"name\":\"El Digital de Asturias\",\"description\":\"Hemeroteca\",\"url\":\"https:\\\/\\\/www.eldigitaldeasturias.com\\\/noticias\\\/\",\"email\":\"info@eldigitaldeasturias.com\",\"telephone\":\"+34652131393\",\"logo\":{\"@type\":\"ImageObject\",\"url\":\"https:\\\/\\\/www.eldigitaldeasturias.com\\\/noticias\\\/wp-content\\\/uploads\\\/2020\\\/12\\\/EDA.jpg\",\"@id\":\"https:\\\/\\\/www.eldigitaldeasturias.com\\\/noticias\\\/varela-se-suma-al-rechazo-ante-bruselas-a-la-nueva-ley-de-reforma-local\\\/#organizationLogo\"},\"image\":{\"@id\":\"https:\\\/\\\/www.eldigitaldeasturias.com\\\/noticias\\\/varela-se-suma-al-rechazo-ante-bruselas-a-la-nueva-ley-de-reforma-local\\\/#organizationLogo\"},\"sameAs\":[\"https:\\\/\\\/facebook.com\\\/eldigitaldeasturias\",\"https:\\\/\\\/www.youtube.com\\\/channel\\\/UCZP-2wLEB9Rv6erhFmqVnvg\"],\"address\":{\"@id\":\"https:\\\/\\\/www.eldigitaldeasturias.com\\\/noticias\\\/#postaladdress\",\"@type\":\"PostalAddress\",\"streetAddress\":\"san antonio 4\",\"postalCode\":\"33430\",\"addressLocality\":\"Cand\\u00e1s\",\"addressRegion\":\"Asturias\",\"addressCountry\":\"ES\"}},{\"@type\":\"Person\",\"@id\":\"https:\\\/\\\/www.eldigitaldeasturias.com\\\/noticias\\\/author\\\/admin\\\/#author\",\"url\":\"https:\\\/\\\/www.eldigitaldeasturias.com\\\/noticias\\\/author\\\/admin\\\/\",\"name\":\"El Digital de Asturias\",\"image\":{\"@type\":\"ImageObject\",\"@id\":\"https:\\\/\\\/www.eldigitaldeasturias.com\\\/noticias\\\/varela-se-suma-al-rechazo-ante-bruselas-a-la-nueva-ley-de-reforma-local\\\/#authorImage\",\"url\":\"https:\\\/\\\/secure.gravatar.com\\\/avatar\\\/df2aeffc32bcd13f8d26072ef8a91b623d677766deac7f97ca815868cd41bf5e?s=96&d=mm&r=g\",\"width\":96,\"height\":96,\"caption\":\"El Digital de Asturias\"}},{\"@type\":\"WebPage\",\"@id\":\"https:\\\/\\\/www.eldigitaldeasturias.com\\\/noticias\\\/varela-se-suma-al-rechazo-ante-bruselas-a-la-nueva-ley-de-reforma-local\\\/#webpage\",\"url\":\"https:\\\/\\\/www.eldigitaldeasturias.com\\\/noticias\\\/varela-se-suma-al-rechazo-ante-bruselas-a-la-nueva-ley-de-reforma-local\\\/\",\"name\":\"Varela se suma al rechazo ante Bruselas a la nueva Ley de reforma local - El Digital de Asturias\",\"description\":\"Avil\\u00e9s, 2 dic (EFE).- La alcaldesa de Avil\\u00e9s, Pilar Varela, ha sido invitada a formar parte de la delegaci\\u00f3n del PSOE en la Federaci\\u00f3n Espa\\u00f1ola de Municipios y Provincias (FEMP) que ma\\u00f1ana expresar\\u00e1 en Bruselas su rechazo a la Ley de Racionalizaci\\u00f3n y Sostenibilidad de la Administraci\\u00f3n Local, en tramitaci\\u00f3n en el Congreso. Los alcaldes\",\"inLanguage\":\"es-ES\",\"isPartOf\":{\"@id\":\"https:\\\/\\\/www.eldigitaldeasturias.com\\\/noticias\\\/#website\"},\"breadcrumb\":{\"@id\":\"https:\\\/\\\/www.eldigitaldeasturias.com\\\/noticias\\\/varela-se-suma-al-rechazo-ante-bruselas-a-la-nueva-ley-de-reforma-local\\\/#breadcrumblist\"},\"author\":{\"@id\":\"https:\\\/\\\/www.eldigitaldeasturias.com\\\/noticias\\\/author\\\/admin\\\/#author\"},\"creator\":{\"@id\":\"https:\\\/\\\/www.eldigitaldeasturias.com\\\/noticias\\\/author\\\/admin\\\/#author\"},\"image\":{\"@type\":\"ImageObject\",\"url\":\"https:\\\/\\\/www.eldigitaldeasturias.com\\\/noticias\\\/wp-content\\\/uploads\\\/2026\\\/06\\\/Contenidos.jpg\",\"@id\":\"https:\\\/\\\/www.eldigitaldeasturias.com\\\/noticias\\\/varela-se-suma-al-rechazo-ante-bruselas-a-la-nueva-ley-de-reforma-local\\\/#mainImage\",\"width\":1265,\"height\":697,\"caption\":\"Contenidos\"},\"primaryImageOfPage\":{\"@id\":\"https:\\\/\\\/www.eldigitaldeasturias.com\\\/noticias\\\/varela-se-suma-al-rechazo-ante-bruselas-a-la-nueva-ley-de-reforma-local\\\/#mainImage\"},\"datePublished\":\"2013-12-02T22:42:36+01:00\",\"dateModified\":\"2013-12-02T22:42:36+01:00\"},{\"@type\":\"WebSite\",\"@id\":\"https:\\\/\\\/www.eldigitaldeasturias.com\\\/noticias\\\/#website\",\"url\":\"https:\\\/\\\/www.eldigitaldeasturias.com\\\/noticias\\\/\",\"name\":\"El Digital de Asturias - Diario de actualidad y noticias\",\"alternateName\":\"El Digital de Asturias - Diario de actualidad y noticias\",\"description\":\"Hemeroteca\",\"inLanguage\":\"es-ES\",\"publisher\":{\"@id\":\"https:\\\/\\\/www.eldigitaldeasturias.com\\\/noticias\\\/#organization\"}}]}\n\t\t<\/script>\n\t\t<!-- All in One SEO Pro -->\r\n\t\t<title>Varela se suma al rechazo ante Bruselas a la nueva Ley de reforma local - El Digital de Asturias<\/title>\n\n","aioseo_head_json":{"title":"Varela se suma al rechazo ante Bruselas a la nueva Ley de reforma local - El Digital de Asturias","description":"Avil\u00e9s, 2 dic (EFE).- La alcaldesa de Avil\u00e9s, Pilar Varela, ha sido invitada a formar parte de la delegaci\u00f3n del PSOE en la Federaci\u00f3n Espa\u00f1ola de Municipios y Provincias (FEMP) que ma\u00f1ana expresar\u00e1 en Bruselas su rechazo a la Ley de Racionalizaci\u00f3n y Sostenibilidad de la Administraci\u00f3n Local, en tramitaci\u00f3n en el Congreso. Los alcaldes","canonical_url":"https:\/\/www.eldigitaldeasturias.com\/noticias\/varela-se-suma-al-rechazo-ante-bruselas-a-la-nueva-ley-de-reforma-local\/","robots":"max-image-preview:large","keywords":"actualidad asturias","webmasterTools":{"google-site-verification":"UA-38556648-1","msvalidate.01":"7dfe9f3f1b24437ab69f4f2559babe99","miscellaneous":""},"schema":{"@context":"https:\/\/schema.org","@graph":[{"@type":"BlogPosting","@id":"https:\/\/www.eldigitaldeasturias.com\/noticias\/varela-se-suma-al-rechazo-ante-bruselas-a-la-nueva-ley-de-reforma-local\/#blogposting","name":"Varela se suma al rechazo ante Bruselas a la nueva Ley de reforma local - El Digital de Asturias","headline":"Varela se suma al rechazo ante Bruselas a la nueva Ley de reforma local","author":{"@id":"https:\/\/www.eldigitaldeasturias.com\/noticias\/author\/admin\/#author"},"publisher":{"@id":"https:\/\/www.eldigitaldeasturias.com\/noticias\/#organization"},"image":{"@type":"ImageObject","url":"https:\/\/www.eldigitaldeasturias.com\/noticias\/wp-content\/uploads\/2026\/06\/Contenidos.jpg","width":1265,"height":697,"caption":"Contenidos"},"datePublished":"2013-12-02T22:42:36+01:00","dateModified":"2013-12-02T22:42:36+01:00","inLanguage":"es-ES","mainEntityOfPage":{"@id":"https:\/\/www.eldigitaldeasturias.com\/noticias\/varela-se-suma-al-rechazo-ante-bruselas-a-la-nueva-ley-de-reforma-local\/#webpage"},"isPartOf":{"@id":"https:\/\/www.eldigitaldeasturias.com\/noticias\/varela-se-suma-al-rechazo-ante-bruselas-a-la-nueva-ley-de-reforma-local\/#webpage"},"articleSection":"Actualidad Asturias"},{"@type":"BreadcrumbList","@id":"https:\/\/www.eldigitaldeasturias.com\/noticias\/varela-se-suma-al-rechazo-ante-bruselas-a-la-nueva-ley-de-reforma-local\/#breadcrumblist","itemListElement":[{"@type":"ListItem","@id":"https:\/\/www.eldigitaldeasturias.com\/noticias#listItem","position":1,"name":"Home","item":"https:\/\/www.eldigitaldeasturias.com\/noticias","nextItem":{"@type":"ListItem","@id":"https:\/\/www.eldigitaldeasturias.com\/noticias\/category\/actualidad-asturias\/#listItem","name":"Actualidad Asturias"}},{"@type":"ListItem","@id":"https:\/\/www.eldigitaldeasturias.com\/noticias\/category\/actualidad-asturias\/#listItem","position":2,"name":"Actualidad Asturias","item":"https:\/\/www.eldigitaldeasturias.com\/noticias\/category\/actualidad-asturias\/","nextItem":{"@type":"ListItem","@id":"https:\/\/www.eldigitaldeasturias.com\/noticias\/varela-se-suma-al-rechazo-ante-bruselas-a-la-nueva-ley-de-reforma-local\/#listItem","name":"Varela se suma al rechazo ante Bruselas a la nueva Ley de reforma local"},"previousItem":{"@type":"ListItem","@id":"https:\/\/www.eldigitaldeasturias.com\/noticias#listItem","name":"Home"}},{"@type":"ListItem","@id":"https:\/\/www.eldigitaldeasturias.com\/noticias\/varela-se-suma-al-rechazo-ante-bruselas-a-la-nueva-ley-de-reforma-local\/#listItem","position":3,"name":"Varela se suma al rechazo ante Bruselas a la nueva Ley de reforma local","previousItem":{"@type":"ListItem","@id":"https:\/\/www.eldigitaldeasturias.com\/noticias\/category\/actualidad-asturias\/#listItem","name":"Actualidad Asturias"}}]},{"@type":"Organization","@id":"https:\/\/www.eldigitaldeasturias.com\/noticias\/#organization","name":"El Digital de Asturias","description":"Hemeroteca","url":"https:\/\/www.eldigitaldeasturias.com\/noticias\/","email":"info@eldigitaldeasturias.com","telephone":"+34652131393","logo":{"@type":"ImageObject","url":"https:\/\/www.eldigitaldeasturias.com\/noticias\/wp-content\/uploads\/2020\/12\/EDA.jpg","@id":"https:\/\/www.eldigitaldeasturias.com\/noticias\/varela-se-suma-al-rechazo-ante-bruselas-a-la-nueva-ley-de-reforma-local\/#organizationLogo"},"image":{"@id":"https:\/\/www.eldigitaldeasturias.com\/noticias\/varela-se-suma-al-rechazo-ante-bruselas-a-la-nueva-ley-de-reforma-local\/#organizationLogo"},"sameAs":["https:\/\/facebook.com\/eldigitaldeasturias","https:\/\/www.youtube.com\/channel\/UCZP-2wLEB9Rv6erhFmqVnvg"],"address":{"@id":"https:\/\/www.eldigitaldeasturias.com\/noticias\/#postaladdress","@type":"PostalAddress","streetAddress":"san antonio 4","postalCode":"33430","addressLocality":"Cand\u00e1s","addressRegion":"Asturias","addressCountry":"ES"}},{"@type":"Person","@id":"https:\/\/www.eldigitaldeasturias.com\/noticias\/author\/admin\/#author","url":"https:\/\/www.eldigitaldeasturias.com\/noticias\/author\/admin\/","name":"El Digital de Asturias","image":{"@type":"ImageObject","@id":"https:\/\/www.eldigitaldeasturias.com\/noticias\/varela-se-suma-al-rechazo-ante-bruselas-a-la-nueva-ley-de-reforma-local\/#authorImage","url":"https:\/\/secure.gravatar.com\/avatar\/df2aeffc32bcd13f8d26072ef8a91b623d677766deac7f97ca815868cd41bf5e?s=96&d=mm&r=g","width":96,"height":96,"caption":"El Digital de Asturias"}},{"@type":"WebPage","@id":"https:\/\/www.eldigitaldeasturias.com\/noticias\/varela-se-suma-al-rechazo-ante-bruselas-a-la-nueva-ley-de-reforma-local\/#webpage","url":"https:\/\/www.eldigitaldeasturias.com\/noticias\/varela-se-suma-al-rechazo-ante-bruselas-a-la-nueva-ley-de-reforma-local\/","name":"Varela se suma al rechazo ante Bruselas a la nueva Ley de reforma local - El Digital de Asturias","description":"Avil\u00e9s, 2 dic (EFE).- La alcaldesa de Avil\u00e9s, Pilar Varela, ha sido invitada a formar parte de la delegaci\u00f3n del PSOE en la Federaci\u00f3n Espa\u00f1ola de Municipios y Provincias (FEMP) que ma\u00f1ana expresar\u00e1 en Bruselas su rechazo a la Ley de Racionalizaci\u00f3n y Sostenibilidad de la Administraci\u00f3n Local, en tramitaci\u00f3n en el Congreso. Los alcaldes","inLanguage":"es-ES","isPartOf":{"@id":"https:\/\/www.eldigitaldeasturias.com\/noticias\/#website"},"breadcrumb":{"@id":"https:\/\/www.eldigitaldeasturias.com\/noticias\/varela-se-suma-al-rechazo-ante-bruselas-a-la-nueva-ley-de-reforma-local\/#breadcrumblist"},"author":{"@id":"https:\/\/www.eldigitaldeasturias.com\/noticias\/author\/admin\/#author"},"creator":{"@id":"https:\/\/www.eldigitaldeasturias.com\/noticias\/author\/admin\/#author"},"image":{"@type":"ImageObject","url":"https:\/\/www.eldigitaldeasturias.com\/noticias\/wp-content\/uploads\/2026\/06\/Contenidos.jpg","@id":"https:\/\/www.eldigitaldeasturias.com\/noticias\/varela-se-suma-al-rechazo-ante-bruselas-a-la-nueva-ley-de-reforma-local\/#mainImage","width":1265,"height":697,"caption":"Contenidos"},"primaryImageOfPage":{"@id":"https:\/\/www.eldigitaldeasturias.com\/noticias\/varela-se-suma-al-rechazo-ante-bruselas-a-la-nueva-ley-de-reforma-local\/#mainImage"},"datePublished":"2013-12-02T22:42:36+01:00","dateModified":"2013-12-02T22:42:36+01:00"},{"@type":"WebSite","@id":"https:\/\/www.eldigitaldeasturias.com\/noticias\/#website","url":"https:\/\/www.eldigitaldeasturias.com\/noticias\/","name":"El Digital de Asturias - Diario de actualidad y noticias","alternateName":"El Digital de Asturias - Diario de actualidad y noticias","description":"Hemeroteca","inLanguage":"es-ES","publisher":{"@id":"https:\/\/www.eldigitaldeasturias.com\/noticias\/#organization"}}]},"og:locale":"es_ES","og:site_name":"El Digital de Asturias","og:type":"article","og:title":"Varela se suma al rechazo ante Bruselas a la nueva Ley de reforma local - El Digital de Asturias","og:description":"Avil\u00e9s, 2 dic (EFE).- La alcaldesa de Avil\u00e9s, Pilar Varela, ha sido invitada a formar parte de la delegaci\u00f3n del PSOE en la Federaci\u00f3n Espa\u00f1ola de Municipios y Provincias (FEMP) que ma\u00f1ana expresar\u00e1 en Bruselas su rechazo a la Ley de Racionalizaci\u00f3n y Sostenibilidad de la Administraci\u00f3n Local, en tramitaci\u00f3n en el Congreso. Los alcaldes","og:url":"https:\/\/www.eldigitaldeasturias.com\/noticias\/varela-se-suma-al-rechazo-ante-bruselas-a-la-nueva-ley-de-reforma-local\/","og:image":"https:\/\/www.eldigitaldeasturias.com\/noticias\/wp-content\/uploads\/2026\/06\/Contenidos.jpg","og:image:secure_url":"https:\/\/www.eldigitaldeasturias.com\/noticias\/wp-content\/uploads\/2026\/06\/Contenidos.jpg","og:image:width":1265,"og:image:height":697,"article:tag":["actualidad asturias"],"article:published_time":"2013-12-02T23:42:36+00:00","article:modified_time":"2013-12-02T23:42:36+00:00","article:publisher":"https:\/\/facebook.com\/eldigitaldeasturias","twitter:card":"summary_large_image","twitter:title":"Varela se suma al rechazo ante Bruselas a la nueva Ley de reforma local - El Digital de Asturias","twitter:description":"Avil\u00e9s, 2 dic (EFE).- La alcaldesa de Avil\u00e9s, Pilar Varela, ha sido invitada a formar parte de la delegaci\u00f3n del PSOE en la Federaci\u00f3n Espa\u00f1ola de Municipios y Provincias (FEMP) que ma\u00f1ana expresar\u00e1 en Bruselas su rechazo a la Ley de Racionalizaci\u00f3n y Sostenibilidad de la Administraci\u00f3n Local, en tramitaci\u00f3n en el Congreso. Los alcaldes","twitter:image":"https:\/\/www.eldigitaldeasturias.com\/noticias\/wp-content\/uploads\/2026\/06\/Contenidos.jpg","twitter:label1":"Escrito por","twitter:data1":"El Digital de Asturias","twitter:label2":"Tiempo de lectura estimado","twitter:data2":"1 minuto"},"aioseo_meta_data":{"post_id":"456826","title":null,"description":null,"keywords":null,"keyphrases":null,"primary_term":null,"canonical_url":null,"og_title":null,"og_description":null,"og_object_type":"default","og_image_type":"default","og_image_url":null,"og_image_width":null,"og_image_height":null,"og_image_custom_url":null,"og_image_custom_fields":null,"og_video":null,"og_custom_url":null,"og_article_section":null,"og_article_tags":null,"twitter_use_og":true,"twitter_card":"default","twitter_image_type":"default","twitter_image_url":null,"twitter_image_custom_url":null,"twitter_image_custom_fields":null,"twitter_title":null,"twitter_description":null,"schema":{"blockGraphs":[],"customGraphs":[],"default":{"data":{"Article":[],"Course":[],"Dataset":[],"FAQPage":[],"Movie":[],"Person":[],"Product":[],"ProductReview":[],"Car":[],"Recipe":[],"Service":[],"SoftwareApplication":[],"WebPage":[]},"graphName":"","isEnabled":true},"graphs":[],"defaultGraph":"","defaultPostTypeGraph":""},"schema_type":null,"schema_type_options":null,"pillar_content":false,"robots_default":true,"robots_noindex":false,"robots_noarchive":false,"robots_nosnippet":false,"robots_nofollow":false,"robots_noimageindex":false,"robots_noodp":false,"robots_notranslate":false,"robots_max_snippet":null,"robots_max_videopreview":null,"robots_max_imagepreview":"none","priority":null,"frequency":null,"local_seo":null,"seo_analyzer_scan_date":"2026-05-29 23:22:14","breadcrumb_settings":null,"limit_modified_date":false,"open_ai":null,"ai":null,"created":"2020-11-14 22:46:02","updated":"2026-05-29 23:22:14","focus_keyword":null,"additional_keywords":null,"truseo_locale":null},"aioseo_breadcrumb":"<div class=\"aioseo-breadcrumbs\"><span class=\"aioseo-breadcrumb\">\n\t<a href=\"https:\/\/www.eldigitaldeasturias.com\/noticias\" title=\"Home\">Home<\/a>\n<\/span><span class=\"aioseo-breadcrumb-separator\">\u2013<\/span><span class=\"aioseo-breadcrumb\">\n\t<a href=\"https:\/\/www.eldigitaldeasturias.com\/noticias\/category\/actualidad-asturias\/\" title=\"Actualidad Asturias\">Actualidad Asturias<\/a>\n<\/span><span class=\"aioseo-breadcrumb-separator\">\u2013<\/span><span class=\"aioseo-breadcrumb\">\n\t<a href=\"https:\/\/www.eldigitaldeasturias.com\/noticias\/varela-se-suma-al-rechazo-ante-bruselas-a-la-nueva-ley-de-reforma-local\/\" title=\"Varela se suma al rechazo ante Bruselas a la nueva Ley de reforma local\">Varela se suma al rechazo ante Bruselas a la nueva Ley de reforma local<\/a>\n<\/span><\/div>","aioseo_breadcrumb_json":[{"label":"Home","link":"https:\/\/www.eldigitaldeasturias.com\/noticias"},{"label":"Actualidad Asturias","link":"https:\/\/www.eldigitaldeasturias.com\/noticias\/category\/actualidad-asturias\/"},{"label":"Varela se suma al rechazo ante Bruselas a la nueva Ley de reforma local","link":"https:\/\/www.eldigitaldeasturias.com\/noticias\/varela-se-suma-al-rechazo-ante-bruselas-a-la-nueva-ley-de-reforma-local\/"}],"_links":{"self":[{"href":"https:\/\/www.eldigitaldeasturias.com\/noticias\/wp-json\/wp\/v2\/posts\/456826","targetHints":{"allow":["GET"]}}],"collection":[{"href":"https:\/\/www.eldigitaldeasturias.com\/noticias\/wp-json\/wp\/v2\/posts"}],"about":[{"href":"https:\/\/www.eldigitaldeasturias.com\/noticias\/wp-json\/wp\/v2\/types\/post"}],"author":[{"embeddable":true,"href":"https:\/\/www.eldigitaldeasturias.com\/noticias\/wp-json\/wp\/v2\/users\/1"}],"replies":[{"embeddable":true,"href":"https:\/\/www.eldigitaldeasturias.com\/noticias\/wp-json\/wp\/v2\/comments?post=456826"}],"version-history":[{"count":0,"href":"https:\/\/www.eldigitaldeasturias.com\/noticias\/wp-json\/wp\/v2\/posts\/456826\/revisions"}],"wp:featuredmedia":[{"embeddable":true,"href":"https:\/\/www.eldigitaldeasturias.com\/noticias\/wp-json\/wp\/v2\/media\/1132184"}],"wp:attachment":[{"href":"https:\/\/www.eldigitaldeasturias.com\/noticias\/wp-json\/wp\/v2\/media?parent=456826"}],"wp:term":[{"taxonomy":"category","embeddable":true,"href":"https:\/\/www.eldigitaldeasturias.com\/noticias\/wp-json\/wp\/v2\/categories?post=456826"},{"taxonomy":"post_tag","embeddable":true,"href":"https:\/\/www.eldigitaldeasturias.com\/noticias\/wp-json\/wp\/v2\/tags?post=456826"}],"curies":[{"name":"wp","href":"https:\/\/api.w.org\/{rel}","templated":true}]}}