{"id":456814,"date":"2013-12-02T22:25:49","date_gmt":"2013-12-02T23:25:49","guid":{"rendered":"http:\/\/www.eldigitaldeasturias.com\/noticias\/?p=456814"},"modified":"2013-12-02T22:25:49","modified_gmt":"2013-12-02T23:25:49","slug":"foro-recoge-firmas-contra-sus-dos-concejales-transfugas-en-oviedo","status":"publish","type":"post","link":"https:\/\/www.eldigitaldeasturias.com\/noticias\/foro-recoge-firmas-contra-sus-dos-concejales-transfugas-en-oviedo\/","title":{"rendered":"Foro recoge firmas contra sus dos concejales tr\u00e1nsfugas en Oviedo"},"content":{"rendered":"<p><img loading=\"lazy\" decoding=\"async\" class=\"alignleft size-medium wp-image-249\" alt=\"oviedo\" src=\"https:\/\/www.eldigitaldeasturias.com\/noticias\/wp-content\/uploads\/2013\/09\/oviedo-360x269.jpg\" width=\"360\" height=\"269\" \/>Oviedo, 2 dic (EFE).- Foro ha puesto en marcha hoy una campa\u00f1a de recogida de firmas contra los concejales del Ayuntamiento de Oviedo Jos\u00e9 Donate y Manuel Fern\u00e1ndez Ruiz, que abandonaron esta formaci\u00f3n y pasaron a ser ediles no adscritos de la corporaci\u00f3n.<\/p>\n<p>El partido que lidera Francisco \u00c1lvarez-Cascos ha instalado este mediod\u00eda una mesa con un cartel en el que aparecen ambos ediles en una fotograf\u00eda bajo el lema \u00abLos tr\u00e1nsfugas no nos representan\u00bb en la c\u00e9ntrica Plaza de la Escandalera de la capital asturiana.<\/p>\n<p>Concejales y dirigentes de Foro, entre los que se encontraba el exportavoz municipal en Oviedo, Arturo Gonz\u00e1lez de Mesa, se han acercado hasta la mesa colocada por esta formaci\u00f3n en la que se ped\u00eda a los ciudadanos: \u00abDanos tu apoyo para defender tu voto\u00bb.<\/p>\n<p>Entre los dirigentes que se han sumado a la recogida de firmas se encontraba el presidente de Foro, Francisco \u00c1lvarez-Cascos, que durante algunos minutos ha repartido a los ciudadanos que transitaban por la plaza de La Escandalera un d\u00edptico en el que se calificaba de \u00abfraude\u00bb el comportamiento de ambos ediles con los 24.314 votantes de esta formaci\u00f3n en las elecciones municipales.<\/p>\n<p>El pasqu\u00edn incluye adem\u00e1s una fotograf\u00eda del alcalde de Oviedo, Agust\u00edn Iglesias Caunedo, bajo el titular \u00abLas &#8216;plusval\u00edas de los tr\u00e1nsfugas\u00bb, al que se atribuye la iniciativa \u00abcon la abstenci\u00f3n c\u00f3mplice de PSOE e IU\u00bb de que los dos ediles no adscritos perciban 10.091 euros al a\u00f1o en concepto de gastos a a\u00f1adir a los 20.663 que perciben por asistencia a plenos y comisiones.<\/p>\n<p>En declaraciones a los periodistas, \u00c1lvarez-Cascos ha se\u00f1alado que la situaci\u00f3n de ambos concejales vulnera el pacto contra el transfuguismo suscrito en 2006 por PP, PSOE e IU y del que Foro no forma parte dado que en esa fecha no exist\u00eda como partido.<\/p>\n<p>\u00abEstamos en contra del transfuguismo en nuestras propias filas y en las de los dem\u00e1s. En Foro no se aceptan tr\u00e1nsfugas y es una norma que todo el mundo puede comprobar y que se aplic\u00f3 estrictamente en el nacimiento de Foro\u00bb, ha subrayado.<\/p>\n<p>A su juicio, este compromiso de \u00abseriedad\u00bb contra esta pr\u00e1ctica debe transformarse tambi\u00e9n \u00aben movilizaci\u00f3n social\u00bb y hacer saber a los ciudadanos que \u00abmuchas de las cosas que suceden se podr\u00edan cambiar si la gente expresara sus compromisos y uno de los compromisos que un ciudadano responsable puede ejercer es el de mostrar con su firma su rechazo al transfuguismo\u00bb.<\/p>\n<p>Seg\u00fan Cascos, pese a que legalmente no se puede hacer nada dado que las actas de un concejal o de un diputado pertenecen al electo y no al partido por el que se presenta, la ciudadan\u00eda s\u00ed puede expresar su rechazo al comportamiento de quienes se apropian del mandato de 24.000 ovetenses \u00abpara defender sus intereses particulares y no los del programa por el que fueron elegidos\u00bb.<\/p>\n<p>Donate y Fern\u00e1ndez abandonaron el grupo municipal de Foro tras denunciar que su formaci\u00f3n les ha aplicado \u00abun juicio sumar\u00edsimo\u00bb al apartarles de sus competencias.<\/p>\n","protected":false},"excerpt":{"rendered":"<p>Oviedo, 2 dic (EFE).- Foro ha puesto en marcha hoy una campa\u00f1a de recogida de firmas contra los concejales del Ayuntamiento de Oviedo Jos\u00e9 Donate y Manuel Fern\u00e1ndez Ruiz, que abandonaron esta formaci\u00f3n y pasaron a ser ediles no adscritos de la corporaci\u00f3n. El partido que lidera Francisco \u00c1lvarez-Cascos ha instalado este mediod\u00eda una mesa [&hellip;]<\/p>\n","protected":false},"author":1,"featured_media":1132184,"comment_status":"closed","ping_status":"open","sticky":false,"template":"","format":"standard","meta":{"footnotes":""},"categories":[12],"tags":[],"class_list":["post-456814","post","type-post","status-publish","format-standard","has-post-thumbnail","hentry","category-actualidad-asturias"],"aioseo_notices":[],"aioseo_head":"\n\t\t<!-- All in One SEO Pro 5.0.1 - aioseo.com -->\n\t<meta name=\"description\" content=\"Oviedo, 2 dic (EFE).- Foro ha puesto en marcha hoy una campa\u00f1a de recogida de firmas contra los concejales del Ayuntamiento de Oviedo Jos\u00e9 Donate y Manuel Fern\u00e1ndez Ruiz, que abandonaron esta formaci\u00f3n y pasaron a ser ediles no adscritos de la corporaci\u00f3n. El partido que lidera Francisco \u00c1lvarez-Cascos ha instalado este mediod\u00eda una mesa\" \/>\n\t<meta name=\"robots\" content=\"max-image-preview:large\" \/>\n\t<meta name=\"author\" content=\"El Digital de Asturias\"\/>\n\t<meta name=\"google-site-verification\" content=\"UA-38556648-1\" \/>\n\t<meta name=\"msvalidate.01\" content=\"7dfe9f3f1b24437ab69f4f2559babe99\" \/>\n\t<meta name=\"keywords\" content=\"actualidad asturias\" \/>\n\t<link rel=\"canonical\" href=\"https:\/\/www.eldigitaldeasturias.com\/noticias\/foro-recoge-firmas-contra-sus-dos-concejales-transfugas-en-oviedo\/\" \/>\n\t<meta name=\"generator\" content=\"All in One SEO Pro (AIOSEO) 5.0.1\" \/>\n\t\t<meta property=\"og:locale\" content=\"es_ES\" \/>\n\t\t<meta property=\"og:site_name\" content=\"El Digital de Asturias\" \/>\n\t\t<meta property=\"og:type\" content=\"article\" \/>\n\t\t<meta property=\"og:title\" content=\"Foro recoge firmas contra sus dos concejales tr\u00e1nsfugas en Oviedo - El Digital de Asturias\" \/>\n\t\t<meta property=\"og:description\" content=\"Oviedo, 2 dic (EFE).- Foro ha puesto en marcha hoy una campa\u00f1a de recogida de firmas contra los concejales del Ayuntamiento de Oviedo Jos\u00e9 Donate y Manuel Fern\u00e1ndez Ruiz, que abandonaron esta formaci\u00f3n y pasaron a ser ediles no adscritos de la corporaci\u00f3n. El partido que lidera Francisco \u00c1lvarez-Cascos ha instalado este mediod\u00eda una mesa\" \/>\n\t\t<meta property=\"og:url\" content=\"https:\/\/www.eldigitaldeasturias.com\/noticias\/foro-recoge-firmas-contra-sus-dos-concejales-transfugas-en-oviedo\/\" \/>\n\t\t<meta property=\"og:image\" content=\"https:\/\/www.eldigitaldeasturias.com\/noticias\/wp-content\/uploads\/2026\/06\/Contenidos.jpg\" \/>\n\t\t<meta property=\"og:image:secure_url\" content=\"https:\/\/www.eldigitaldeasturias.com\/noticias\/wp-content\/uploads\/2026\/06\/Contenidos.jpg\" \/>\n\t\t<meta property=\"og:image:width\" content=\"1265\" \/>\n\t\t<meta property=\"og:image:height\" content=\"697\" \/>\n\t\t<meta property=\"article:tag\" content=\"actualidad asturias\" \/>\n\t\t<meta property=\"article:published_time\" content=\"2013-12-02T23:25:49+00:00\" \/>\n\t\t<meta property=\"article:modified_time\" content=\"2013-12-02T23:25:49+00:00\" \/>\n\t\t<meta property=\"article:publisher\" content=\"https:\/\/facebook.com\/eldigitaldeasturias\" \/>\n\t\t<meta name=\"twitter:card\" content=\"summary_large_image\" \/>\n\t\t<meta name=\"twitter:title\" content=\"Foro recoge firmas contra sus dos concejales tr\u00e1nsfugas en Oviedo - El Digital de Asturias\" \/>\n\t\t<meta name=\"twitter:description\" content=\"Oviedo, 2 dic (EFE).- Foro ha puesto en marcha hoy una campa\u00f1a de recogida de firmas contra los concejales del Ayuntamiento de Oviedo Jos\u00e9 Donate y Manuel Fern\u00e1ndez Ruiz, que abandonaron esta formaci\u00f3n y pasaron a ser ediles no adscritos de la corporaci\u00f3n. El partido que lidera Francisco \u00c1lvarez-Cascos ha instalado este mediod\u00eda una mesa\" \/>\n\t\t<meta name=\"twitter:image\" content=\"https:\/\/www.eldigitaldeasturias.com\/noticias\/wp-content\/uploads\/2026\/06\/Contenidos.jpg\" \/>\n\t\t<meta name=\"twitter:label1\" content=\"Escrito por\" \/>\n\t\t<meta name=\"twitter:data1\" content=\"El Digital de Asturias\" \/>\n\t\t<meta name=\"twitter:label2\" content=\"Tiempo de lectura estimado\" \/>\n\t\t<meta name=\"twitter:data2\" content=\"3 minutos\" \/>\n\t\t<script type=\"application\/ld+json\" class=\"aioseo-schema\">\n\t\t\t{\"@context\":\"https:\\\/\\\/schema.org\",\"@graph\":[{\"@type\":\"BlogPosting\",\"@id\":\"https:\\\/\\\/www.eldigitaldeasturias.com\\\/noticias\\\/foro-recoge-firmas-contra-sus-dos-concejales-transfugas-en-oviedo\\\/#blogposting\",\"name\":\"Foro recoge firmas contra sus dos concejales tr\\u00e1nsfugas en Oviedo - El Digital de Asturias\",\"headline\":\"Foro recoge firmas contra sus dos concejales tr\\u00e1nsfugas en Oviedo\",\"author\":{\"@id\":\"https:\\\/\\\/www.eldigitaldeasturias.com\\\/noticias\\\/author\\\/admin\\\/#author\"},\"publisher\":{\"@id\":\"https:\\\/\\\/www.eldigitaldeasturias.com\\\/noticias\\\/#organization\"},\"image\":{\"@type\":\"ImageObject\",\"url\":\"https:\\\/\\\/www.eldigitaldeasturias.com\\\/noticias\\\/wp-content\\\/uploads\\\/2026\\\/06\\\/Contenidos.jpg\",\"width\":1265,\"height\":697,\"caption\":\"Contenidos\"},\"datePublished\":\"2013-12-02T22:25:49+01:00\",\"dateModified\":\"2013-12-02T22:25:49+01:00\",\"inLanguage\":\"es-ES\",\"mainEntityOfPage\":{\"@id\":\"https:\\\/\\\/www.eldigitaldeasturias.com\\\/noticias\\\/foro-recoge-firmas-contra-sus-dos-concejales-transfugas-en-oviedo\\\/#webpage\"},\"isPartOf\":{\"@id\":\"https:\\\/\\\/www.eldigitaldeasturias.com\\\/noticias\\\/foro-recoge-firmas-contra-sus-dos-concejales-transfugas-en-oviedo\\\/#webpage\"},\"articleSection\":\"Actualidad Asturias\"},{\"@type\":\"BreadcrumbList\",\"@id\":\"https:\\\/\\\/www.eldigitaldeasturias.com\\\/noticias\\\/foro-recoge-firmas-contra-sus-dos-concejales-transfugas-en-oviedo\\\/#breadcrumblist\",\"itemListElement\":[{\"@type\":\"ListItem\",\"@id\":\"https:\\\/\\\/www.eldigitaldeasturias.com\\\/noticias#listItem\",\"position\":1,\"name\":\"Home\",\"item\":\"https:\\\/\\\/www.eldigitaldeasturias.com\\\/noticias\",\"nextItem\":{\"@type\":\"ListItem\",\"@id\":\"https:\\\/\\\/www.eldigitaldeasturias.com\\\/noticias\\\/category\\\/actualidad-asturias\\\/#listItem\",\"name\":\"Actualidad Asturias\"}},{\"@type\":\"ListItem\",\"@id\":\"https:\\\/\\\/www.eldigitaldeasturias.com\\\/noticias\\\/category\\\/actualidad-asturias\\\/#listItem\",\"position\":2,\"name\":\"Actualidad Asturias\",\"item\":\"https:\\\/\\\/www.eldigitaldeasturias.com\\\/noticias\\\/category\\\/actualidad-asturias\\\/\",\"nextItem\":{\"@type\":\"ListItem\",\"@id\":\"https:\\\/\\\/www.eldigitaldeasturias.com\\\/noticias\\\/foro-recoge-firmas-contra-sus-dos-concejales-transfugas-en-oviedo\\\/#listItem\",\"name\":\"Foro recoge firmas contra sus dos concejales tr\\u00e1nsfugas en Oviedo\"},\"previousItem\":{\"@type\":\"ListItem\",\"@id\":\"https:\\\/\\\/www.eldigitaldeasturias.com\\\/noticias#listItem\",\"name\":\"Home\"}},{\"@type\":\"ListItem\",\"@id\":\"https:\\\/\\\/www.eldigitaldeasturias.com\\\/noticias\\\/foro-recoge-firmas-contra-sus-dos-concejales-transfugas-en-oviedo\\\/#listItem\",\"position\":3,\"name\":\"Foro recoge firmas contra sus dos concejales tr\\u00e1nsfugas en Oviedo\",\"previousItem\":{\"@type\":\"ListItem\",\"@id\":\"https:\\\/\\\/www.eldigitaldeasturias.com\\\/noticias\\\/category\\\/actualidad-asturias\\\/#listItem\",\"name\":\"Actualidad Asturias\"}}]},{\"@type\":\"Organization\",\"@id\":\"https:\\\/\\\/www.eldigitaldeasturias.com\\\/noticias\\\/#organization\",\"name\":\"El Digital de Asturias\",\"description\":\"Hemeroteca\",\"url\":\"https:\\\/\\\/www.eldigitaldeasturias.com\\\/noticias\\\/\",\"email\":\"info@eldigitaldeasturias.com\",\"telephone\":\"+34652131393\",\"logo\":{\"@type\":\"ImageObject\",\"url\":\"https:\\\/\\\/www.eldigitaldeasturias.com\\\/noticias\\\/wp-content\\\/uploads\\\/2020\\\/12\\\/EDA.jpg\",\"@id\":\"https:\\\/\\\/www.eldigitaldeasturias.com\\\/noticias\\\/foro-recoge-firmas-contra-sus-dos-concejales-transfugas-en-oviedo\\\/#organizationLogo\"},\"image\":{\"@id\":\"https:\\\/\\\/www.eldigitaldeasturias.com\\\/noticias\\\/foro-recoge-firmas-contra-sus-dos-concejales-transfugas-en-oviedo\\\/#organizationLogo\"},\"sameAs\":[\"https:\\\/\\\/facebook.com\\\/eldigitaldeasturias\",\"https:\\\/\\\/www.youtube.com\\\/channel\\\/UCZP-2wLEB9Rv6erhFmqVnvg\"],\"address\":{\"@id\":\"https:\\\/\\\/www.eldigitaldeasturias.com\\\/noticias\\\/#postaladdress\",\"@type\":\"PostalAddress\",\"streetAddress\":\"san antonio 4\",\"postalCode\":\"33430\",\"addressLocality\":\"Cand\\u00e1s\",\"addressRegion\":\"Asturias\",\"addressCountry\":\"ES\"}},{\"@type\":\"Person\",\"@id\":\"https:\\\/\\\/www.eldigitaldeasturias.com\\\/noticias\\\/author\\\/admin\\\/#author\",\"url\":\"https:\\\/\\\/www.eldigitaldeasturias.com\\\/noticias\\\/author\\\/admin\\\/\",\"name\":\"El Digital de Asturias\",\"image\":{\"@type\":\"ImageObject\",\"@id\":\"https:\\\/\\\/www.eldigitaldeasturias.com\\\/noticias\\\/foro-recoge-firmas-contra-sus-dos-concejales-transfugas-en-oviedo\\\/#authorImage\",\"url\":\"https:\\\/\\\/secure.gravatar.com\\\/avatar\\\/df2aeffc32bcd13f8d26072ef8a91b623d677766deac7f97ca815868cd41bf5e?s=96&d=mm&r=g\",\"width\":96,\"height\":96,\"caption\":\"El Digital de Asturias\"}},{\"@type\":\"WebPage\",\"@id\":\"https:\\\/\\\/www.eldigitaldeasturias.com\\\/noticias\\\/foro-recoge-firmas-contra-sus-dos-concejales-transfugas-en-oviedo\\\/#webpage\",\"url\":\"https:\\\/\\\/www.eldigitaldeasturias.com\\\/noticias\\\/foro-recoge-firmas-contra-sus-dos-concejales-transfugas-en-oviedo\\\/\",\"name\":\"Foro recoge firmas contra sus dos concejales tr\\u00e1nsfugas en Oviedo - El Digital de Asturias\",\"description\":\"Oviedo, 2 dic (EFE).- Foro ha puesto en marcha hoy una campa\\u00f1a de recogida de firmas contra los concejales del Ayuntamiento de Oviedo Jos\\u00e9 Donate y Manuel Fern\\u00e1ndez Ruiz, que abandonaron esta formaci\\u00f3n y pasaron a ser ediles no adscritos de la corporaci\\u00f3n. El partido que lidera Francisco \\u00c1lvarez-Cascos ha instalado este mediod\\u00eda una mesa\",\"inLanguage\":\"es-ES\",\"isPartOf\":{\"@id\":\"https:\\\/\\\/www.eldigitaldeasturias.com\\\/noticias\\\/#website\"},\"breadcrumb\":{\"@id\":\"https:\\\/\\\/www.eldigitaldeasturias.com\\\/noticias\\\/foro-recoge-firmas-contra-sus-dos-concejales-transfugas-en-oviedo\\\/#breadcrumblist\"},\"author\":{\"@id\":\"https:\\\/\\\/www.eldigitaldeasturias.com\\\/noticias\\\/author\\\/admin\\\/#author\"},\"creator\":{\"@id\":\"https:\\\/\\\/www.eldigitaldeasturias.com\\\/noticias\\\/author\\\/admin\\\/#author\"},\"image\":{\"@type\":\"ImageObject\",\"url\":\"https:\\\/\\\/www.eldigitaldeasturias.com\\\/noticias\\\/wp-content\\\/uploads\\\/2026\\\/06\\\/Contenidos.jpg\",\"@id\":\"https:\\\/\\\/www.eldigitaldeasturias.com\\\/noticias\\\/foro-recoge-firmas-contra-sus-dos-concejales-transfugas-en-oviedo\\\/#mainImage\",\"width\":1265,\"height\":697,\"caption\":\"Contenidos\"},\"primaryImageOfPage\":{\"@id\":\"https:\\\/\\\/www.eldigitaldeasturias.com\\\/noticias\\\/foro-recoge-firmas-contra-sus-dos-concejales-transfugas-en-oviedo\\\/#mainImage\"},\"datePublished\":\"2013-12-02T22:25:49+01:00\",\"dateModified\":\"2013-12-02T22:25:49+01:00\"},{\"@type\":\"WebSite\",\"@id\":\"https:\\\/\\\/www.eldigitaldeasturias.com\\\/noticias\\\/#website\",\"url\":\"https:\\\/\\\/www.eldigitaldeasturias.com\\\/noticias\\\/\",\"name\":\"El Digital de Asturias - Diario de actualidad y noticias\",\"alternateName\":\"El Digital de Asturias - Diario de actualidad y noticias\",\"description\":\"Hemeroteca\",\"inLanguage\":\"es-ES\",\"publisher\":{\"@id\":\"https:\\\/\\\/www.eldigitaldeasturias.com\\\/noticias\\\/#organization\"}}]}\n\t\t<\/script>\n\t\t<!-- All in One SEO Pro -->\r\n\t\t<title>Foro recoge firmas contra sus dos concejales tr\u00e1nsfugas en Oviedo - El Digital de Asturias<\/title>\n\n","aioseo_head_json":{"title":"Foro recoge firmas contra sus dos concejales tr\u00e1nsfugas en Oviedo - El Digital de Asturias","description":"Oviedo, 2 dic (EFE).- Foro ha puesto en marcha hoy una campa\u00f1a de recogida de firmas contra los concejales del Ayuntamiento de Oviedo Jos\u00e9 Donate y Manuel Fern\u00e1ndez Ruiz, que abandonaron esta formaci\u00f3n y pasaron a ser ediles no adscritos de la corporaci\u00f3n. El partido que lidera Francisco \u00c1lvarez-Cascos ha instalado este mediod\u00eda una mesa","canonical_url":"https:\/\/www.eldigitaldeasturias.com\/noticias\/foro-recoge-firmas-contra-sus-dos-concejales-transfugas-en-oviedo\/","robots":"max-image-preview:large","keywords":"actualidad asturias","webmasterTools":{"google-site-verification":"UA-38556648-1","msvalidate.01":"7dfe9f3f1b24437ab69f4f2559babe99","miscellaneous":""},"schema":{"@context":"https:\/\/schema.org","@graph":[{"@type":"BlogPosting","@id":"https:\/\/www.eldigitaldeasturias.com\/noticias\/foro-recoge-firmas-contra-sus-dos-concejales-transfugas-en-oviedo\/#blogposting","name":"Foro recoge firmas contra sus dos concejales tr\u00e1nsfugas en Oviedo - El Digital de Asturias","headline":"Foro recoge firmas contra sus dos concejales tr\u00e1nsfugas en Oviedo","author":{"@id":"https:\/\/www.eldigitaldeasturias.com\/noticias\/author\/admin\/#author"},"publisher":{"@id":"https:\/\/www.eldigitaldeasturias.com\/noticias\/#organization"},"image":{"@type":"ImageObject","url":"https:\/\/www.eldigitaldeasturias.com\/noticias\/wp-content\/uploads\/2026\/06\/Contenidos.jpg","width":1265,"height":697,"caption":"Contenidos"},"datePublished":"2013-12-02T22:25:49+01:00","dateModified":"2013-12-02T22:25:49+01:00","inLanguage":"es-ES","mainEntityOfPage":{"@id":"https:\/\/www.eldigitaldeasturias.com\/noticias\/foro-recoge-firmas-contra-sus-dos-concejales-transfugas-en-oviedo\/#webpage"},"isPartOf":{"@id":"https:\/\/www.eldigitaldeasturias.com\/noticias\/foro-recoge-firmas-contra-sus-dos-concejales-transfugas-en-oviedo\/#webpage"},"articleSection":"Actualidad Asturias"},{"@type":"BreadcrumbList","@id":"https:\/\/www.eldigitaldeasturias.com\/noticias\/foro-recoge-firmas-contra-sus-dos-concejales-transfugas-en-oviedo\/#breadcrumblist","itemListElement":[{"@type":"ListItem","@id":"https:\/\/www.eldigitaldeasturias.com\/noticias#listItem","position":1,"name":"Home","item":"https:\/\/www.eldigitaldeasturias.com\/noticias","nextItem":{"@type":"ListItem","@id":"https:\/\/www.eldigitaldeasturias.com\/noticias\/category\/actualidad-asturias\/#listItem","name":"Actualidad Asturias"}},{"@type":"ListItem","@id":"https:\/\/www.eldigitaldeasturias.com\/noticias\/category\/actualidad-asturias\/#listItem","position":2,"name":"Actualidad Asturias","item":"https:\/\/www.eldigitaldeasturias.com\/noticias\/category\/actualidad-asturias\/","nextItem":{"@type":"ListItem","@id":"https:\/\/www.eldigitaldeasturias.com\/noticias\/foro-recoge-firmas-contra-sus-dos-concejales-transfugas-en-oviedo\/#listItem","name":"Foro recoge firmas contra sus dos concejales tr\u00e1nsfugas en Oviedo"},"previousItem":{"@type":"ListItem","@id":"https:\/\/www.eldigitaldeasturias.com\/noticias#listItem","name":"Home"}},{"@type":"ListItem","@id":"https:\/\/www.eldigitaldeasturias.com\/noticias\/foro-recoge-firmas-contra-sus-dos-concejales-transfugas-en-oviedo\/#listItem","position":3,"name":"Foro recoge firmas contra sus dos concejales tr\u00e1nsfugas en Oviedo","previousItem":{"@type":"ListItem","@id":"https:\/\/www.eldigitaldeasturias.com\/noticias\/category\/actualidad-asturias\/#listItem","name":"Actualidad Asturias"}}]},{"@type":"Organization","@id":"https:\/\/www.eldigitaldeasturias.com\/noticias\/#organization","name":"El Digital de Asturias","description":"Hemeroteca","url":"https:\/\/www.eldigitaldeasturias.com\/noticias\/","email":"info@eldigitaldeasturias.com","telephone":"+34652131393","logo":{"@type":"ImageObject","url":"https:\/\/www.eldigitaldeasturias.com\/noticias\/wp-content\/uploads\/2020\/12\/EDA.jpg","@id":"https:\/\/www.eldigitaldeasturias.com\/noticias\/foro-recoge-firmas-contra-sus-dos-concejales-transfugas-en-oviedo\/#organizationLogo"},"image":{"@id":"https:\/\/www.eldigitaldeasturias.com\/noticias\/foro-recoge-firmas-contra-sus-dos-concejales-transfugas-en-oviedo\/#organizationLogo"},"sameAs":["https:\/\/facebook.com\/eldigitaldeasturias","https:\/\/www.youtube.com\/channel\/UCZP-2wLEB9Rv6erhFmqVnvg"],"address":{"@id":"https:\/\/www.eldigitaldeasturias.com\/noticias\/#postaladdress","@type":"PostalAddress","streetAddress":"san antonio 4","postalCode":"33430","addressLocality":"Cand\u00e1s","addressRegion":"Asturias","addressCountry":"ES"}},{"@type":"Person","@id":"https:\/\/www.eldigitaldeasturias.com\/noticias\/author\/admin\/#author","url":"https:\/\/www.eldigitaldeasturias.com\/noticias\/author\/admin\/","name":"El Digital de Asturias","image":{"@type":"ImageObject","@id":"https:\/\/www.eldigitaldeasturias.com\/noticias\/foro-recoge-firmas-contra-sus-dos-concejales-transfugas-en-oviedo\/#authorImage","url":"https:\/\/secure.gravatar.com\/avatar\/df2aeffc32bcd13f8d26072ef8a91b623d677766deac7f97ca815868cd41bf5e?s=96&d=mm&r=g","width":96,"height":96,"caption":"El Digital de Asturias"}},{"@type":"WebPage","@id":"https:\/\/www.eldigitaldeasturias.com\/noticias\/foro-recoge-firmas-contra-sus-dos-concejales-transfugas-en-oviedo\/#webpage","url":"https:\/\/www.eldigitaldeasturias.com\/noticias\/foro-recoge-firmas-contra-sus-dos-concejales-transfugas-en-oviedo\/","name":"Foro recoge firmas contra sus dos concejales tr\u00e1nsfugas en Oviedo - El Digital de Asturias","description":"Oviedo, 2 dic (EFE).- Foro ha puesto en marcha hoy una campa\u00f1a de recogida de firmas contra los concejales del Ayuntamiento de Oviedo Jos\u00e9 Donate y Manuel Fern\u00e1ndez Ruiz, que abandonaron esta formaci\u00f3n y pasaron a ser ediles no adscritos de la corporaci\u00f3n. El partido que lidera Francisco \u00c1lvarez-Cascos ha instalado este mediod\u00eda una mesa","inLanguage":"es-ES","isPartOf":{"@id":"https:\/\/www.eldigitaldeasturias.com\/noticias\/#website"},"breadcrumb":{"@id":"https:\/\/www.eldigitaldeasturias.com\/noticias\/foro-recoge-firmas-contra-sus-dos-concejales-transfugas-en-oviedo\/#breadcrumblist"},"author":{"@id":"https:\/\/www.eldigitaldeasturias.com\/noticias\/author\/admin\/#author"},"creator":{"@id":"https:\/\/www.eldigitaldeasturias.com\/noticias\/author\/admin\/#author"},"image":{"@type":"ImageObject","url":"https:\/\/www.eldigitaldeasturias.com\/noticias\/wp-content\/uploads\/2026\/06\/Contenidos.jpg","@id":"https:\/\/www.eldigitaldeasturias.com\/noticias\/foro-recoge-firmas-contra-sus-dos-concejales-transfugas-en-oviedo\/#mainImage","width":1265,"height":697,"caption":"Contenidos"},"primaryImageOfPage":{"@id":"https:\/\/www.eldigitaldeasturias.com\/noticias\/foro-recoge-firmas-contra-sus-dos-concejales-transfugas-en-oviedo\/#mainImage"},"datePublished":"2013-12-02T22:25:49+01:00","dateModified":"2013-12-02T22:25:49+01:00"},{"@type":"WebSite","@id":"https:\/\/www.eldigitaldeasturias.com\/noticias\/#website","url":"https:\/\/www.eldigitaldeasturias.com\/noticias\/","name":"El Digital de Asturias - Diario de actualidad y noticias","alternateName":"El Digital de Asturias - Diario de actualidad y noticias","description":"Hemeroteca","inLanguage":"es-ES","publisher":{"@id":"https:\/\/www.eldigitaldeasturias.com\/noticias\/#organization"}}]},"og:locale":"es_ES","og:site_name":"El Digital de Asturias","og:type":"article","og:title":"Foro recoge firmas contra sus dos concejales tr\u00e1nsfugas en Oviedo - El Digital de Asturias","og:description":"Oviedo, 2 dic (EFE).- Foro ha puesto en marcha hoy una campa\u00f1a de recogida de firmas contra los concejales del Ayuntamiento de Oviedo Jos\u00e9 Donate y Manuel Fern\u00e1ndez Ruiz, que abandonaron esta formaci\u00f3n y pasaron a ser ediles no adscritos de la corporaci\u00f3n. El partido que lidera Francisco \u00c1lvarez-Cascos ha instalado este mediod\u00eda una mesa","og:url":"https:\/\/www.eldigitaldeasturias.com\/noticias\/foro-recoge-firmas-contra-sus-dos-concejales-transfugas-en-oviedo\/","og:image":"https:\/\/www.eldigitaldeasturias.com\/noticias\/wp-content\/uploads\/2026\/06\/Contenidos.jpg","og:image:secure_url":"https:\/\/www.eldigitaldeasturias.com\/noticias\/wp-content\/uploads\/2026\/06\/Contenidos.jpg","og:image:width":1265,"og:image:height":697,"article:tag":["actualidad asturias"],"article:published_time":"2013-12-02T23:25:49+00:00","article:modified_time":"2013-12-02T23:25:49+00:00","article:publisher":"https:\/\/facebook.com\/eldigitaldeasturias","twitter:card":"summary_large_image","twitter:title":"Foro recoge firmas contra sus dos concejales tr\u00e1nsfugas en Oviedo - El Digital de Asturias","twitter:description":"Oviedo, 2 dic (EFE).- Foro ha puesto en marcha hoy una campa\u00f1a de recogida de firmas contra los concejales del Ayuntamiento de Oviedo Jos\u00e9 Donate y Manuel Fern\u00e1ndez Ruiz, que abandonaron esta formaci\u00f3n y pasaron a ser ediles no adscritos de la corporaci\u00f3n. El partido que lidera Francisco \u00c1lvarez-Cascos ha instalado este mediod\u00eda una mesa","twitter:image":"https:\/\/www.eldigitaldeasturias.com\/noticias\/wp-content\/uploads\/2026\/06\/Contenidos.jpg","twitter:label1":"Escrito por","twitter:data1":"El Digital de Asturias","twitter:label2":"Tiempo de lectura estimado","twitter:data2":"3 minutos"},"aioseo_meta_data":{"post_id":"456814","title":null,"description":null,"keywords":null,"keyphrases":null,"primary_term":null,"canonical_url":null,"og_title":null,"og_description":null,"og_object_type":"default","og_image_type":"default","og_image_url":null,"og_image_width":null,"og_image_height":null,"og_image_custom_url":null,"og_image_custom_fields":null,"og_video":null,"og_custom_url":null,"og_article_section":null,"og_article_tags":null,"twitter_use_og":true,"twitter_card":"default","twitter_image_type":"default","twitter_image_url":null,"twitter_image_custom_url":null,"twitter_image_custom_fields":null,"twitter_title":null,"twitter_description":null,"schema":{"blockGraphs":[],"customGraphs":[],"default":{"data":{"Article":[],"Course":[],"Dataset":[],"FAQPage":[],"Movie":[],"Person":[],"Product":[],"ProductReview":[],"Car":[],"Recipe":[],"Service":[],"SoftwareApplication":[],"WebPage":[]},"graphName":"","isEnabled":true},"graphs":[],"defaultGraph":"","defaultPostTypeGraph":""},"schema_type":null,"schema_type_options":null,"pillar_content":false,"robots_default":true,"robots_noindex":false,"robots_noarchive":false,"robots_nosnippet":false,"robots_nofollow":false,"robots_noimageindex":false,"robots_noodp":false,"robots_notranslate":false,"robots_max_snippet":null,"robots_max_videopreview":null,"robots_max_imagepreview":"none","priority":null,"frequency":null,"local_seo":null,"seo_analyzer_scan_date":"2026-05-29 23:19:57","breadcrumb_settings":null,"limit_modified_date":false,"open_ai":null,"ai":null,"created":"2020-11-14 22:46:02","updated":"2026-05-29 23:19:57","focus_keyword":null,"additional_keywords":null,"truseo_locale":null},"aioseo_breadcrumb":"<div class=\"aioseo-breadcrumbs\"><span class=\"aioseo-breadcrumb\">\n\t<a href=\"https:\/\/www.eldigitaldeasturias.com\/noticias\" title=\"Home\">Home<\/a>\n<\/span><span class=\"aioseo-breadcrumb-separator\">\u2013<\/span><span class=\"aioseo-breadcrumb\">\n\t<a href=\"https:\/\/www.eldigitaldeasturias.com\/noticias\/category\/actualidad-asturias\/\" title=\"Actualidad Asturias\">Actualidad Asturias<\/a>\n<\/span><span class=\"aioseo-breadcrumb-separator\">\u2013<\/span><span class=\"aioseo-breadcrumb\">\n\t<a href=\"https:\/\/www.eldigitaldeasturias.com\/noticias\/foro-recoge-firmas-contra-sus-dos-concejales-transfugas-en-oviedo\/\" title=\"Foro recoge firmas contra sus dos concejales tr\u00e1nsfugas en Oviedo\">Foro recoge firmas contra sus dos concejales tr\u00e1nsfugas en Oviedo<\/a>\n<\/span><\/div>","aioseo_breadcrumb_json":[{"label":"Home","link":"https:\/\/www.eldigitaldeasturias.com\/noticias"},{"label":"Actualidad Asturias","link":"https:\/\/www.eldigitaldeasturias.com\/noticias\/category\/actualidad-asturias\/"},{"label":"Foro recoge firmas contra sus dos concejales tr\u00e1nsfugas en Oviedo","link":"https:\/\/www.eldigitaldeasturias.com\/noticias\/foro-recoge-firmas-contra-sus-dos-concejales-transfugas-en-oviedo\/"}],"_links":{"self":[{"href":"https:\/\/www.eldigitaldeasturias.com\/noticias\/wp-json\/wp\/v2\/posts\/456814","targetHints":{"allow":["GET"]}}],"collection":[{"href":"https:\/\/www.eldigitaldeasturias.com\/noticias\/wp-json\/wp\/v2\/posts"}],"about":[{"href":"https:\/\/www.eldigitaldeasturias.com\/noticias\/wp-json\/wp\/v2\/types\/post"}],"author":[{"embeddable":true,"href":"https:\/\/www.eldigitaldeasturias.com\/noticias\/wp-json\/wp\/v2\/users\/1"}],"replies":[{"embeddable":true,"href":"https:\/\/www.eldigitaldeasturias.com\/noticias\/wp-json\/wp\/v2\/comments?post=456814"}],"version-history":[{"count":0,"href":"https:\/\/www.eldigitaldeasturias.com\/noticias\/wp-json\/wp\/v2\/posts\/456814\/revisions"}],"wp:featuredmedia":[{"embeddable":true,"href":"https:\/\/www.eldigitaldeasturias.com\/noticias\/wp-json\/wp\/v2\/media\/1132184"}],"wp:attachment":[{"href":"https:\/\/www.eldigitaldeasturias.com\/noticias\/wp-json\/wp\/v2\/media?parent=456814"}],"wp:term":[{"taxonomy":"category","embeddable":true,"href":"https:\/\/www.eldigitaldeasturias.com\/noticias\/wp-json\/wp\/v2\/categories?post=456814"},{"taxonomy":"post_tag","embeddable":true,"href":"https:\/\/www.eldigitaldeasturias.com\/noticias\/wp-json\/wp\/v2\/tags?post=456814"}],"curies":[{"name":"wp","href":"https:\/\/api.w.org\/{rel}","templated":true}]}}