{"id":456774,"date":"2013-12-02T12:22:31","date_gmt":"2013-12-02T13:22:31","guid":{"rendered":"http:\/\/www.eldigitaldeasturias.com\/noticias\/?p=456774"},"modified":"2013-12-02T12:22:31","modified_gmt":"2013-12-02T13:22:31","slug":"air-new-zealand-desvela-la-imagen-del-dragon-de-la-trilogia-el-hobbit","status":"publish","type":"post","link":"https:\/\/www.eldigitaldeasturias.com\/noticias\/air-new-zealand-desvela-la-imagen-del-dragon-de-la-trilogia-el-hobbit\/","title":{"rendered":"Air New Zealand desvela la imagen del drag\u00f3n de la trilog\u00eda \u00abEl Hobbit\u00bb"},"content":{"rendered":"<p><img loading=\"lazy\" decoding=\"async\" class=\"alignleft size-large wp-image-456775\" alt=\"5765737w\" src=\"https:\/\/www.eldigitaldeasturias.com\/noticias\/wp-content\/uploads\/2013\/12\/5765737w-650x433.jpg\" width=\"650\" height=\"433\" \/>S\u00eddney (Australia), 2 dic (EFE).- La aerol\u00ednea neozelandesa Air New Zealand present\u00f3 hoy en la ciudad de Auckland un avi\u00f3n Boeing 777-300 con la imagen en ambos lados del m\u00edtico drag\u00f3n Smaug, la estrella de la segunda entrega de la trilog\u00eda cinematogr\u00e1fica \u00abEl Hobbit\u00bb.<\/p>\n<p>El avi\u00f3n, que viajar\u00e1 esta noche a Los \u00c1ngeles con el dise\u00f1o de 54 metros, llegar\u00e1 a tiempo para el estreno mundial del filme \u00abEl Hobbit: la desolaci\u00f3n de Smaug\u00bb, dirigida por el neozeland\u00e9s Peter Jackson y protagonizada por Orlando Bloom, Evangeline Lilly, Lee Pace y Luke Evans, seg\u00fan la cadena \u00abTV3\u00bb de la televisi\u00f3n local.<\/p>\n<p>Se trata del segundo avi\u00f3n de Air New Zealand que lleva un motivo de esta producci\u00f3n taquillera despu\u00e9s de que otro aparato de la empresa imprimiera una imagen vinculada al lanzamiento de \u00abEl Hobbit: un viaje inesperado\u00bb.<\/p>\n<p>En un reciente anuncio de televisi\u00f3n, la compa\u00f1\u00eda a\u00e9rea tambi\u00e9n utiliz\u00f3 motivos de la taquillera pel\u00edcula como azafatas con orejas de elfo, controladores a\u00e9reo con el gorro del mago Gandalf, viajeros Hobbits o enanos como pilotos del avi\u00f3n, para promocionar la imagen del pa\u00eds y la compa\u00f1\u00eda.<\/p>\n","protected":false},"excerpt":{"rendered":"<p>S\u00eddney (Australia), 2 dic (EFE).- La aerol\u00ednea neozelandesa Air New Zealand present\u00f3 hoy en la ciudad de Auckland un avi\u00f3n Boeing 777-300 con la imagen en ambos lados del m\u00edtico drag\u00f3n Smaug, la estrella de la segunda entrega de la trilog\u00eda cinematogr\u00e1fica \u00abEl Hobbit\u00bb. El avi\u00f3n, que viajar\u00e1 esta noche a Los \u00c1ngeles con el [&hellip;]<\/p>\n","protected":false},"author":1,"featured_media":456775,"comment_status":"closed","ping_status":"open","sticky":false,"template":"","format":"standard","meta":{"footnotes":""},"categories":[50],"tags":[],"class_list":["post-456774","post","type-post","status-publish","format-standard","has-post-thumbnail","hentry","category-revista-de-ocio"],"aioseo_notices":[],"aioseo_head":"\n\t\t<!-- All in One SEO Pro 5.0.1 - aioseo.com -->\n\t<meta name=\"description\" content=\"S\u00eddney (Australia), 2 dic (EFE).- La aerol\u00ednea neozelandesa Air New Zealand present\u00f3 hoy en la ciudad de Auckland un avi\u00f3n Boeing 777-300 con la imagen en ambos lados del m\u00edtico drag\u00f3n Smaug, la estrella de la segunda entrega de la trilog\u00eda cinematogr\u00e1fica &quot;El Hobbit&quot;. El avi\u00f3n, que viajar\u00e1 esta noche a Los \u00c1ngeles con el\" \/>\n\t<meta name=\"robots\" content=\"max-image-preview:large\" \/>\n\t<meta name=\"author\" content=\"El Digital de Asturias\"\/>\n\t<meta name=\"google-site-verification\" content=\"UA-38556648-1\" \/>\n\t<meta name=\"msvalidate.01\" content=\"7dfe9f3f1b24437ab69f4f2559babe99\" \/>\n\t<meta name=\"keywords\" content=\"revista de ocio\" \/>\n\t<link rel=\"canonical\" href=\"https:\/\/www.eldigitaldeasturias.com\/noticias\/air-new-zealand-desvela-la-imagen-del-dragon-de-la-trilogia-el-hobbit\/\" \/>\n\t<meta name=\"generator\" content=\"All in One SEO Pro (AIOSEO) 5.0.1\" \/>\n\t\t<meta property=\"og:locale\" content=\"es_ES\" \/>\n\t\t<meta property=\"og:site_name\" content=\"El Digital de Asturias\" \/>\n\t\t<meta property=\"og:type\" content=\"article\" \/>\n\t\t<meta property=\"og:title\" content=\"Air New Zealand desvela la imagen del drag\u00f3n de la trilog\u00eda \u00abEl Hobbit\u00bb - El Digital de Asturias\" \/>\n\t\t<meta property=\"og:description\" content=\"S\u00eddney (Australia), 2 dic (EFE).- La aerol\u00ednea neozelandesa Air New Zealand present\u00f3 hoy en la ciudad de Auckland un avi\u00f3n Boeing 777-300 con la imagen en ambos lados del m\u00edtico drag\u00f3n Smaug, la estrella de la segunda entrega de la trilog\u00eda cinematogr\u00e1fica &quot;El Hobbit&quot;. El avi\u00f3n, que viajar\u00e1 esta noche a Los \u00c1ngeles con el\" \/>\n\t\t<meta property=\"og:url\" content=\"https:\/\/www.eldigitaldeasturias.com\/noticias\/air-new-zealand-desvela-la-imagen-del-dragon-de-la-trilogia-el-hobbit\/\" \/>\n\t\t<meta property=\"article:tag\" content=\"revista de ocio\" \/>\n\t\t<meta property=\"article:published_time\" content=\"2013-12-02T13:22:31+00:00\" \/>\n\t\t<meta property=\"article:modified_time\" content=\"2013-12-02T13:22:31+00:00\" \/>\n\t\t<meta property=\"article:publisher\" content=\"https:\/\/facebook.com\/eldigitaldeasturias\" \/>\n\t\t<meta name=\"twitter:card\" content=\"summary_large_image\" \/>\n\t\t<meta name=\"twitter:title\" content=\"Air New Zealand desvela la imagen del drag\u00f3n de la trilog\u00eda \u00abEl Hobbit\u00bb - El Digital de Asturias\" \/>\n\t\t<meta name=\"twitter:description\" content=\"S\u00eddney (Australia), 2 dic (EFE).- La aerol\u00ednea neozelandesa Air New Zealand present\u00f3 hoy en la ciudad de Auckland un avi\u00f3n Boeing 777-300 con la imagen en ambos lados del m\u00edtico drag\u00f3n Smaug, la estrella de la segunda entrega de la trilog\u00eda cinematogr\u00e1fica &quot;El Hobbit&quot;. El avi\u00f3n, que viajar\u00e1 esta noche a Los \u00c1ngeles con el\" \/>\n\t\t<meta name=\"twitter:label1\" content=\"Escrito por\" \/>\n\t\t<meta name=\"twitter:data1\" content=\"El Digital de Asturias\" \/>\n\t\t<meta name=\"twitter:label2\" content=\"Tiempo de lectura estimado\" \/>\n\t\t<meta name=\"twitter:data2\" content=\"1 minuto\" \/>\n\t\t<script type=\"application\/ld+json\" class=\"aioseo-schema\">\n\t\t\t{\"@context\":\"https:\\\/\\\/schema.org\",\"@graph\":[{\"@type\":\"BlogPosting\",\"@id\":\"https:\\\/\\\/www.eldigitaldeasturias.com\\\/noticias\\\/air-new-zealand-desvela-la-imagen-del-dragon-de-la-trilogia-el-hobbit\\\/#blogposting\",\"name\":\"Air New Zealand desvela la imagen del drag\\u00f3n de la trilog\\u00eda \\u00abEl Hobbit\\u00bb - El Digital de Asturias\",\"headline\":\"Air New Zealand desvela la imagen del drag\\u00f3n de la trilog\\u00eda \\u00abEl Hobbit\\u00bb\",\"author\":{\"@id\":\"https:\\\/\\\/www.eldigitaldeasturias.com\\\/noticias\\\/author\\\/admin\\\/#author\"},\"publisher\":{\"@id\":\"https:\\\/\\\/www.eldigitaldeasturias.com\\\/noticias\\\/#organization\"},\"image\":{\"@type\":\"ImageObject\",\"url\":456775},\"datePublished\":\"2013-12-02T12:22:31+01:00\",\"dateModified\":\"2013-12-02T12:22:31+01:00\",\"inLanguage\":\"es-ES\",\"mainEntityOfPage\":{\"@id\":\"https:\\\/\\\/www.eldigitaldeasturias.com\\\/noticias\\\/air-new-zealand-desvela-la-imagen-del-dragon-de-la-trilogia-el-hobbit\\\/#webpage\"},\"isPartOf\":{\"@id\":\"https:\\\/\\\/www.eldigitaldeasturias.com\\\/noticias\\\/air-new-zealand-desvela-la-imagen-del-dragon-de-la-trilogia-el-hobbit\\\/#webpage\"},\"articleSection\":\"Revista de Ocio\"},{\"@type\":\"BreadcrumbList\",\"@id\":\"https:\\\/\\\/www.eldigitaldeasturias.com\\\/noticias\\\/air-new-zealand-desvela-la-imagen-del-dragon-de-la-trilogia-el-hobbit\\\/#breadcrumblist\",\"itemListElement\":[{\"@type\":\"ListItem\",\"@id\":\"https:\\\/\\\/www.eldigitaldeasturias.com\\\/noticias#listItem\",\"position\":1,\"name\":\"Home\",\"item\":\"https:\\\/\\\/www.eldigitaldeasturias.com\\\/noticias\",\"nextItem\":{\"@type\":\"ListItem\",\"@id\":\"https:\\\/\\\/www.eldigitaldeasturias.com\\\/noticias\\\/category\\\/revista-de-ocio\\\/#listItem\",\"name\":\"Revista de Ocio\"}},{\"@type\":\"ListItem\",\"@id\":\"https:\\\/\\\/www.eldigitaldeasturias.com\\\/noticias\\\/category\\\/revista-de-ocio\\\/#listItem\",\"position\":2,\"name\":\"Revista de Ocio\",\"item\":\"https:\\\/\\\/www.eldigitaldeasturias.com\\\/noticias\\\/category\\\/revista-de-ocio\\\/\",\"nextItem\":{\"@type\":\"ListItem\",\"@id\":\"https:\\\/\\\/www.eldigitaldeasturias.com\\\/noticias\\\/air-new-zealand-desvela-la-imagen-del-dragon-de-la-trilogia-el-hobbit\\\/#listItem\",\"name\":\"Air New Zealand desvela la imagen del drag\\u00f3n de la trilog\\u00eda \\u00abEl Hobbit\\u00bb\"},\"previousItem\":{\"@type\":\"ListItem\",\"@id\":\"https:\\\/\\\/www.eldigitaldeasturias.com\\\/noticias#listItem\",\"name\":\"Home\"}},{\"@type\":\"ListItem\",\"@id\":\"https:\\\/\\\/www.eldigitaldeasturias.com\\\/noticias\\\/air-new-zealand-desvela-la-imagen-del-dragon-de-la-trilogia-el-hobbit\\\/#listItem\",\"position\":3,\"name\":\"Air New Zealand desvela la imagen del drag\\u00f3n de la trilog\\u00eda \\u00abEl Hobbit\\u00bb\",\"previousItem\":{\"@type\":\"ListItem\",\"@id\":\"https:\\\/\\\/www.eldigitaldeasturias.com\\\/noticias\\\/category\\\/revista-de-ocio\\\/#listItem\",\"name\":\"Revista de Ocio\"}}]},{\"@type\":\"Organization\",\"@id\":\"https:\\\/\\\/www.eldigitaldeasturias.com\\\/noticias\\\/#organization\",\"name\":\"El Digital de Asturias\",\"description\":\"Hemeroteca\",\"url\":\"https:\\\/\\\/www.eldigitaldeasturias.com\\\/noticias\\\/\",\"email\":\"info@eldigitaldeasturias.com\",\"telephone\":\"+34652131393\",\"logo\":{\"@type\":\"ImageObject\",\"url\":\"https:\\\/\\\/www.eldigitaldeasturias.com\\\/noticias\\\/wp-content\\\/uploads\\\/2020\\\/12\\\/EDA.jpg\",\"@id\":\"https:\\\/\\\/www.eldigitaldeasturias.com\\\/noticias\\\/air-new-zealand-desvela-la-imagen-del-dragon-de-la-trilogia-el-hobbit\\\/#organizationLogo\"},\"image\":{\"@id\":\"https:\\\/\\\/www.eldigitaldeasturias.com\\\/noticias\\\/air-new-zealand-desvela-la-imagen-del-dragon-de-la-trilogia-el-hobbit\\\/#organizationLogo\"},\"sameAs\":[\"https:\\\/\\\/facebook.com\\\/eldigitaldeasturias\",\"https:\\\/\\\/www.youtube.com\\\/channel\\\/UCZP-2wLEB9Rv6erhFmqVnvg\"],\"address\":{\"@id\":\"https:\\\/\\\/www.eldigitaldeasturias.com\\\/noticias\\\/#postaladdress\",\"@type\":\"PostalAddress\",\"streetAddress\":\"san antonio 4\",\"postalCode\":\"33430\",\"addressLocality\":\"Cand\\u00e1s\",\"addressRegion\":\"Asturias\",\"addressCountry\":\"ES\"}},{\"@type\":\"Person\",\"@id\":\"https:\\\/\\\/www.eldigitaldeasturias.com\\\/noticias\\\/author\\\/admin\\\/#author\",\"url\":\"https:\\\/\\\/www.eldigitaldeasturias.com\\\/noticias\\\/author\\\/admin\\\/\",\"name\":\"El Digital de Asturias\",\"image\":{\"@type\":\"ImageObject\",\"@id\":\"https:\\\/\\\/www.eldigitaldeasturias.com\\\/noticias\\\/air-new-zealand-desvela-la-imagen-del-dragon-de-la-trilogia-el-hobbit\\\/#authorImage\",\"url\":\"https:\\\/\\\/secure.gravatar.com\\\/avatar\\\/df2aeffc32bcd13f8d26072ef8a91b623d677766deac7f97ca815868cd41bf5e?s=96&d=mm&r=g\",\"width\":96,\"height\":96,\"caption\":\"El Digital de Asturias\"}},{\"@type\":\"WebPage\",\"@id\":\"https:\\\/\\\/www.eldigitaldeasturias.com\\\/noticias\\\/air-new-zealand-desvela-la-imagen-del-dragon-de-la-trilogia-el-hobbit\\\/#webpage\",\"url\":\"https:\\\/\\\/www.eldigitaldeasturias.com\\\/noticias\\\/air-new-zealand-desvela-la-imagen-del-dragon-de-la-trilogia-el-hobbit\\\/\",\"name\":\"Air New Zealand desvela la imagen del drag\\u00f3n de la trilog\\u00eda \\u00abEl Hobbit\\u00bb - El Digital de Asturias\",\"description\":\"S\\u00eddney (Australia), 2 dic (EFE).- La aerol\\u00ednea neozelandesa Air New Zealand present\\u00f3 hoy en la ciudad de Auckland un avi\\u00f3n Boeing 777-300 con la imagen en ambos lados del m\\u00edtico drag\\u00f3n Smaug, la estrella de la segunda entrega de la trilog\\u00eda cinematogr\\u00e1fica \\\"El Hobbit\\\". El avi\\u00f3n, que viajar\\u00e1 esta noche a Los \\u00c1ngeles con el\",\"inLanguage\":\"es-ES\",\"isPartOf\":{\"@id\":\"https:\\\/\\\/www.eldigitaldeasturias.com\\\/noticias\\\/#website\"},\"breadcrumb\":{\"@id\":\"https:\\\/\\\/www.eldigitaldeasturias.com\\\/noticias\\\/air-new-zealand-desvela-la-imagen-del-dragon-de-la-trilogia-el-hobbit\\\/#breadcrumblist\"},\"author\":{\"@id\":\"https:\\\/\\\/www.eldigitaldeasturias.com\\\/noticias\\\/author\\\/admin\\\/#author\"},\"creator\":{\"@id\":\"https:\\\/\\\/www.eldigitaldeasturias.com\\\/noticias\\\/author\\\/admin\\\/#author\"},\"image\":{\"@type\":\"ImageObject\",\"url\":456775,\"@id\":\"https:\\\/\\\/www.eldigitaldeasturias.com\\\/noticias\\\/air-new-zealand-desvela-la-imagen-del-dragon-de-la-trilogia-el-hobbit\\\/#mainImage\"},\"primaryImageOfPage\":{\"@id\":\"https:\\\/\\\/www.eldigitaldeasturias.com\\\/noticias\\\/air-new-zealand-desvela-la-imagen-del-dragon-de-la-trilogia-el-hobbit\\\/#mainImage\"},\"datePublished\":\"2013-12-02T12:22:31+01:00\",\"dateModified\":\"2013-12-02T12:22:31+01:00\"},{\"@type\":\"WebSite\",\"@id\":\"https:\\\/\\\/www.eldigitaldeasturias.com\\\/noticias\\\/#website\",\"url\":\"https:\\\/\\\/www.eldigitaldeasturias.com\\\/noticias\\\/\",\"name\":\"El Digital de Asturias - Diario de actualidad y noticias\",\"alternateName\":\"El Digital de Asturias - Diario de actualidad y noticias\",\"description\":\"Hemeroteca\",\"inLanguage\":\"es-ES\",\"publisher\":{\"@id\":\"https:\\\/\\\/www.eldigitaldeasturias.com\\\/noticias\\\/#organization\"}}]}\n\t\t<\/script>\n\t\t<!-- All in One SEO Pro -->\r\n\t\t<title>Air New Zealand desvela la imagen del drag\u00f3n de la trilog\u00eda \u00abEl Hobbit\u00bb - El Digital de Asturias<\/title>\n\n","aioseo_head_json":{"title":"Air New Zealand desvela la imagen del drag\u00f3n de la trilog\u00eda \u00abEl Hobbit\u00bb - El Digital de Asturias","description":"S\u00eddney (Australia), 2 dic (EFE).- La aerol\u00ednea neozelandesa Air New Zealand present\u00f3 hoy en la ciudad de Auckland un avi\u00f3n Boeing 777-300 con la imagen en ambos lados del m\u00edtico drag\u00f3n Smaug, la estrella de la segunda entrega de la trilog\u00eda cinematogr\u00e1fica \"El Hobbit\". El avi\u00f3n, que viajar\u00e1 esta noche a Los \u00c1ngeles con el","canonical_url":"https:\/\/www.eldigitaldeasturias.com\/noticias\/air-new-zealand-desvela-la-imagen-del-dragon-de-la-trilogia-el-hobbit\/","robots":"max-image-preview:large","keywords":"revista de ocio","webmasterTools":{"google-site-verification":"UA-38556648-1","msvalidate.01":"7dfe9f3f1b24437ab69f4f2559babe99","miscellaneous":""},"schema":{"@context":"https:\/\/schema.org","@graph":[{"@type":"BlogPosting","@id":"https:\/\/www.eldigitaldeasturias.com\/noticias\/air-new-zealand-desvela-la-imagen-del-dragon-de-la-trilogia-el-hobbit\/#blogposting","name":"Air New Zealand desvela la imagen del drag\u00f3n de la trilog\u00eda \u00abEl Hobbit\u00bb - El Digital de Asturias","headline":"Air New Zealand desvela la imagen del drag\u00f3n de la trilog\u00eda \u00abEl Hobbit\u00bb","author":{"@id":"https:\/\/www.eldigitaldeasturias.com\/noticias\/author\/admin\/#author"},"publisher":{"@id":"https:\/\/www.eldigitaldeasturias.com\/noticias\/#organization"},"image":{"@type":"ImageObject","url":456775},"datePublished":"2013-12-02T12:22:31+01:00","dateModified":"2013-12-02T12:22:31+01:00","inLanguage":"es-ES","mainEntityOfPage":{"@id":"https:\/\/www.eldigitaldeasturias.com\/noticias\/air-new-zealand-desvela-la-imagen-del-dragon-de-la-trilogia-el-hobbit\/#webpage"},"isPartOf":{"@id":"https:\/\/www.eldigitaldeasturias.com\/noticias\/air-new-zealand-desvela-la-imagen-del-dragon-de-la-trilogia-el-hobbit\/#webpage"},"articleSection":"Revista de Ocio"},{"@type":"BreadcrumbList","@id":"https:\/\/www.eldigitaldeasturias.com\/noticias\/air-new-zealand-desvela-la-imagen-del-dragon-de-la-trilogia-el-hobbit\/#breadcrumblist","itemListElement":[{"@type":"ListItem","@id":"https:\/\/www.eldigitaldeasturias.com\/noticias#listItem","position":1,"name":"Home","item":"https:\/\/www.eldigitaldeasturias.com\/noticias","nextItem":{"@type":"ListItem","@id":"https:\/\/www.eldigitaldeasturias.com\/noticias\/category\/revista-de-ocio\/#listItem","name":"Revista de Ocio"}},{"@type":"ListItem","@id":"https:\/\/www.eldigitaldeasturias.com\/noticias\/category\/revista-de-ocio\/#listItem","position":2,"name":"Revista de Ocio","item":"https:\/\/www.eldigitaldeasturias.com\/noticias\/category\/revista-de-ocio\/","nextItem":{"@type":"ListItem","@id":"https:\/\/www.eldigitaldeasturias.com\/noticias\/air-new-zealand-desvela-la-imagen-del-dragon-de-la-trilogia-el-hobbit\/#listItem","name":"Air New Zealand desvela la imagen del drag\u00f3n de la trilog\u00eda \u00abEl Hobbit\u00bb"},"previousItem":{"@type":"ListItem","@id":"https:\/\/www.eldigitaldeasturias.com\/noticias#listItem","name":"Home"}},{"@type":"ListItem","@id":"https:\/\/www.eldigitaldeasturias.com\/noticias\/air-new-zealand-desvela-la-imagen-del-dragon-de-la-trilogia-el-hobbit\/#listItem","position":3,"name":"Air New Zealand desvela la imagen del drag\u00f3n de la trilog\u00eda \u00abEl Hobbit\u00bb","previousItem":{"@type":"ListItem","@id":"https:\/\/www.eldigitaldeasturias.com\/noticias\/category\/revista-de-ocio\/#listItem","name":"Revista de Ocio"}}]},{"@type":"Organization","@id":"https:\/\/www.eldigitaldeasturias.com\/noticias\/#organization","name":"El Digital de Asturias","description":"Hemeroteca","url":"https:\/\/www.eldigitaldeasturias.com\/noticias\/","email":"info@eldigitaldeasturias.com","telephone":"+34652131393","logo":{"@type":"ImageObject","url":"https:\/\/www.eldigitaldeasturias.com\/noticias\/wp-content\/uploads\/2020\/12\/EDA.jpg","@id":"https:\/\/www.eldigitaldeasturias.com\/noticias\/air-new-zealand-desvela-la-imagen-del-dragon-de-la-trilogia-el-hobbit\/#organizationLogo"},"image":{"@id":"https:\/\/www.eldigitaldeasturias.com\/noticias\/air-new-zealand-desvela-la-imagen-del-dragon-de-la-trilogia-el-hobbit\/#organizationLogo"},"sameAs":["https:\/\/facebook.com\/eldigitaldeasturias","https:\/\/www.youtube.com\/channel\/UCZP-2wLEB9Rv6erhFmqVnvg"],"address":{"@id":"https:\/\/www.eldigitaldeasturias.com\/noticias\/#postaladdress","@type":"PostalAddress","streetAddress":"san antonio 4","postalCode":"33430","addressLocality":"Cand\u00e1s","addressRegion":"Asturias","addressCountry":"ES"}},{"@type":"Person","@id":"https:\/\/www.eldigitaldeasturias.com\/noticias\/author\/admin\/#author","url":"https:\/\/www.eldigitaldeasturias.com\/noticias\/author\/admin\/","name":"El Digital de Asturias","image":{"@type":"ImageObject","@id":"https:\/\/www.eldigitaldeasturias.com\/noticias\/air-new-zealand-desvela-la-imagen-del-dragon-de-la-trilogia-el-hobbit\/#authorImage","url":"https:\/\/secure.gravatar.com\/avatar\/df2aeffc32bcd13f8d26072ef8a91b623d677766deac7f97ca815868cd41bf5e?s=96&d=mm&r=g","width":96,"height":96,"caption":"El Digital de Asturias"}},{"@type":"WebPage","@id":"https:\/\/www.eldigitaldeasturias.com\/noticias\/air-new-zealand-desvela-la-imagen-del-dragon-de-la-trilogia-el-hobbit\/#webpage","url":"https:\/\/www.eldigitaldeasturias.com\/noticias\/air-new-zealand-desvela-la-imagen-del-dragon-de-la-trilogia-el-hobbit\/","name":"Air New Zealand desvela la imagen del drag\u00f3n de la trilog\u00eda \u00abEl Hobbit\u00bb - El Digital de Asturias","description":"S\u00eddney (Australia), 2 dic (EFE).- La aerol\u00ednea neozelandesa Air New Zealand present\u00f3 hoy en la ciudad de Auckland un avi\u00f3n Boeing 777-300 con la imagen en ambos lados del m\u00edtico drag\u00f3n Smaug, la estrella de la segunda entrega de la trilog\u00eda cinematogr\u00e1fica \"El Hobbit\". El avi\u00f3n, que viajar\u00e1 esta noche a Los \u00c1ngeles con el","inLanguage":"es-ES","isPartOf":{"@id":"https:\/\/www.eldigitaldeasturias.com\/noticias\/#website"},"breadcrumb":{"@id":"https:\/\/www.eldigitaldeasturias.com\/noticias\/air-new-zealand-desvela-la-imagen-del-dragon-de-la-trilogia-el-hobbit\/#breadcrumblist"},"author":{"@id":"https:\/\/www.eldigitaldeasturias.com\/noticias\/author\/admin\/#author"},"creator":{"@id":"https:\/\/www.eldigitaldeasturias.com\/noticias\/author\/admin\/#author"},"image":{"@type":"ImageObject","url":456775,"@id":"https:\/\/www.eldigitaldeasturias.com\/noticias\/air-new-zealand-desvela-la-imagen-del-dragon-de-la-trilogia-el-hobbit\/#mainImage"},"primaryImageOfPage":{"@id":"https:\/\/www.eldigitaldeasturias.com\/noticias\/air-new-zealand-desvela-la-imagen-del-dragon-de-la-trilogia-el-hobbit\/#mainImage"},"datePublished":"2013-12-02T12:22:31+01:00","dateModified":"2013-12-02T12:22:31+01:00"},{"@type":"WebSite","@id":"https:\/\/www.eldigitaldeasturias.com\/noticias\/#website","url":"https:\/\/www.eldigitaldeasturias.com\/noticias\/","name":"El Digital de Asturias - Diario de actualidad y noticias","alternateName":"El Digital de Asturias - Diario de actualidad y noticias","description":"Hemeroteca","inLanguage":"es-ES","publisher":{"@id":"https:\/\/www.eldigitaldeasturias.com\/noticias\/#organization"}}]},"og:locale":"es_ES","og:site_name":"El Digital de Asturias","og:type":"article","og:title":"Air New Zealand desvela la imagen del drag\u00f3n de la trilog\u00eda \u00abEl Hobbit\u00bb - El Digital de Asturias","og:description":"S\u00eddney (Australia), 2 dic (EFE).- La aerol\u00ednea neozelandesa Air New Zealand present\u00f3 hoy en la ciudad de Auckland un avi\u00f3n Boeing 777-300 con la imagen en ambos lados del m\u00edtico drag\u00f3n Smaug, la estrella de la segunda entrega de la trilog\u00eda cinematogr\u00e1fica &quot;El Hobbit&quot;. El avi\u00f3n, que viajar\u00e1 esta noche a Los \u00c1ngeles con el","og:url":"https:\/\/www.eldigitaldeasturias.com\/noticias\/air-new-zealand-desvela-la-imagen-del-dragon-de-la-trilogia-el-hobbit\/","article:tag":["revista de ocio"],"article:published_time":"2013-12-02T13:22:31+00:00","article:modified_time":"2013-12-02T13:22:31+00:00","article:publisher":"https:\/\/facebook.com\/eldigitaldeasturias","twitter:card":"summary_large_image","twitter:title":"Air New Zealand desvela la imagen del drag\u00f3n de la trilog\u00eda \u00abEl Hobbit\u00bb - El Digital de Asturias","twitter:description":"S\u00eddney (Australia), 2 dic (EFE).- La aerol\u00ednea neozelandesa Air New Zealand present\u00f3 hoy en la ciudad de Auckland un avi\u00f3n Boeing 777-300 con la imagen en ambos lados del m\u00edtico drag\u00f3n Smaug, la estrella de la segunda entrega de la trilog\u00eda cinematogr\u00e1fica &quot;El Hobbit&quot;. El avi\u00f3n, que viajar\u00e1 esta noche a Los \u00c1ngeles con el","twitter:label1":"Escrito por","twitter:data1":"El Digital de Asturias","twitter:label2":"Tiempo de lectura estimado","twitter:data2":"1 minuto"},"aioseo_meta_data":{"post_id":"456774","title":null,"description":null,"keywords":null,"keyphrases":null,"primary_term":null,"canonical_url":null,"og_title":null,"og_description":null,"og_object_type":"default","og_image_type":"default","og_image_url":null,"og_image_width":null,"og_image_height":null,"og_image_custom_url":null,"og_image_custom_fields":null,"og_video":null,"og_custom_url":null,"og_article_section":null,"og_article_tags":null,"twitter_use_og":true,"twitter_card":"default","twitter_image_type":"default","twitter_image_url":null,"twitter_image_custom_url":null,"twitter_image_custom_fields":null,"twitter_title":null,"twitter_description":null,"schema":{"blockGraphs":[],"customGraphs":[],"default":{"data":{"Article":[],"Course":[],"Dataset":[],"FAQPage":[],"Movie":[],"Person":[],"Product":[],"ProductReview":[],"Car":[],"Recipe":[],"Service":[],"SoftwareApplication":[],"WebPage":[]},"graphName":"","isEnabled":true},"graphs":[],"defaultGraph":"","defaultPostTypeGraph":""},"schema_type":null,"schema_type_options":null,"pillar_content":false,"robots_default":true,"robots_noindex":false,"robots_noarchive":false,"robots_nosnippet":false,"robots_nofollow":false,"robots_noimageindex":false,"robots_noodp":false,"robots_notranslate":false,"robots_max_snippet":null,"robots_max_videopreview":null,"robots_max_imagepreview":"none","priority":null,"frequency":null,"local_seo":null,"seo_analyzer_scan_date":"2026-05-29 23:07:05","breadcrumb_settings":null,"limit_modified_date":false,"open_ai":null,"ai":null,"created":"2020-11-14 22:46:02","updated":"2026-05-29 23:07:05","focus_keyword":null,"additional_keywords":null,"truseo_locale":null},"aioseo_breadcrumb":"<div class=\"aioseo-breadcrumbs\"><span class=\"aioseo-breadcrumb\">\n\t<a href=\"https:\/\/www.eldigitaldeasturias.com\/noticias\" title=\"Home\">Home<\/a>\n<\/span><span class=\"aioseo-breadcrumb-separator\">\u2013<\/span><span class=\"aioseo-breadcrumb\">\n\t<a href=\"https:\/\/www.eldigitaldeasturias.com\/noticias\/category\/revista-de-ocio\/\" title=\"Revista de Ocio\">Revista de Ocio<\/a>\n<\/span><span class=\"aioseo-breadcrumb-separator\">\u2013<\/span><span class=\"aioseo-breadcrumb\">\n\t<a href=\"https:\/\/www.eldigitaldeasturias.com\/noticias\/air-new-zealand-desvela-la-imagen-del-dragon-de-la-trilogia-el-hobbit\/\" title=\"Air New Zealand desvela la imagen del drag\u00f3n de la trilog\u00eda \u00abEl Hobbit\u00bb\">Air New Zealand desvela la imagen del drag\u00f3n de la trilog\u00eda \u00abEl Hobbit\u00bb<\/a>\n<\/span><\/div>","aioseo_breadcrumb_json":[{"label":"Home","link":"https:\/\/www.eldigitaldeasturias.com\/noticias"},{"label":"Revista de Ocio","link":"https:\/\/www.eldigitaldeasturias.com\/noticias\/category\/revista-de-ocio\/"},{"label":"Air New Zealand desvela la imagen del drag\u00f3n de la trilog\u00eda \u00abEl Hobbit\u00bb","link":"https:\/\/www.eldigitaldeasturias.com\/noticias\/air-new-zealand-desvela-la-imagen-del-dragon-de-la-trilogia-el-hobbit\/"}],"_links":{"self":[{"href":"https:\/\/www.eldigitaldeasturias.com\/noticias\/wp-json\/wp\/v2\/posts\/456774","targetHints":{"allow":["GET"]}}],"collection":[{"href":"https:\/\/www.eldigitaldeasturias.com\/noticias\/wp-json\/wp\/v2\/posts"}],"about":[{"href":"https:\/\/www.eldigitaldeasturias.com\/noticias\/wp-json\/wp\/v2\/types\/post"}],"author":[{"embeddable":true,"href":"https:\/\/www.eldigitaldeasturias.com\/noticias\/wp-json\/wp\/v2\/users\/1"}],"replies":[{"embeddable":true,"href":"https:\/\/www.eldigitaldeasturias.com\/noticias\/wp-json\/wp\/v2\/comments?post=456774"}],"version-history":[{"count":0,"href":"https:\/\/www.eldigitaldeasturias.com\/noticias\/wp-json\/wp\/v2\/posts\/456774\/revisions"}],"wp:attachment":[{"href":"https:\/\/www.eldigitaldeasturias.com\/noticias\/wp-json\/wp\/v2\/media?parent=456774"}],"wp:term":[{"taxonomy":"category","embeddable":true,"href":"https:\/\/www.eldigitaldeasturias.com\/noticias\/wp-json\/wp\/v2\/categories?post=456774"},{"taxonomy":"post_tag","embeddable":true,"href":"https:\/\/www.eldigitaldeasturias.com\/noticias\/wp-json\/wp\/v2\/tags?post=456774"}],"curies":[{"name":"wp","href":"https:\/\/api.w.org\/{rel}","templated":true}]}}