{"id":456771,"date":"2013-12-02T12:20:22","date_gmt":"2013-12-02T13:20:22","guid":{"rendered":"http:\/\/www.eldigitaldeasturias.com\/noticias\/?p=456771"},"modified":"2013-12-02T12:20:22","modified_gmt":"2013-12-02T13:20:22","slug":"la-guardia-civil-retira-la-bandera-republicana-de-un-consistorio-salmantino","status":"publish","type":"post","link":"https:\/\/www.eldigitaldeasturias.com\/noticias\/la-guardia-civil-retira-la-bandera-republicana-de-un-consistorio-salmantino\/","title":{"rendered":"La Guardia Civil retira la bandera republicana de un Consistorio salmantino"},"content":{"rendered":"<p><img loading=\"lazy\" decoding=\"async\" class=\"alignleft size-medium wp-image-456772\" alt=\"5765695w\" src=\"https:\/\/www.eldigitaldeasturias.com\/noticias\/wp-content\/uploads\/2013\/12\/5765695w-213x320.jpg\" width=\"213\" height=\"320\" \/>Ciudad Rodrigo (Salamanca), 2 dic (EFE).- La Guardia Civil ha retirado esta noche la bandera de la II Rep\u00fablica izada en la fachada del Ayuntamiento por la alcaldesa del municipio salmantino de Pastores, Pilar Salazar (PSOE), sustituyendo a la bandera oficial del Reino de Espa\u00f1a.<\/p>\n<p>Los agentes de la Benem\u00e9rita han actuado tras la orden emitida por la Subdelegaci\u00f3n del Gobierno en Salamanca, seg\u00fan ha hecho p\u00fablico esta instituci\u00f3n en un comunicado de prensa.<\/p>\n<p>Antes de que fuera retirada por los agentes, la Guardia Civil realiz\u00f3 varios intentos fallidos para contactar con la alcaldesa del municipio, con el fin de que retirase la bandera tricolor de la Casa Consistorial que hab\u00eda izado este domingo, 1 de diciembre.<\/p>\n<p>Adem\u00e1s, desde la Subdelegaci\u00f3n del Gobierno se ha cursado un escrito a la alcaldesa de Pastores, Pilar Salazar (PSOE), en el que se le requer\u00eda el \u00abinmediato cumplimiento\u00bb de la Ley 39\/1981 de 28 de octubre que regula el uso de la bandera de Espa\u00f1a.<\/p>\n<p>En dicho escrito, la Subdelegaci\u00f3n del Gobierno en Salamanca tambi\u00e9n recuerda a la regidora que \u00ablas autoridades corregir\u00e1n en el acto las infracciones de esta Ley, restableciendo la legalidad que haya sido conculcada\u00bb, en relaci\u00f3n a la colocaci\u00f3n de la bandera de la II Rep\u00fablica y la eliminaci\u00f3n de la bandera roja y gualda.<\/p>\n<p>Ayer, domingo, la alcaldesa de Pastores (Salamanca) decidi\u00f3 sustituir en el edificio consistorial la bandera oficial del Reino de Espa\u00f1a por la tricolor de la II Rep\u00fablica, como apoyo a un encuentro de cargos p\u00fablicos organizado en Madrid por la Junta Estatal Republicana (JER).<\/p>\n<p>Su intenci\u00f3n, frustrada por la actuaci\u00f3n de la Guardia Civil, es que la ense\u00f1a tricolor ondeara durante un par de d\u00edas en el Ayuntamiento de Pastores, un peque\u00f1o municipio de unos cuarenta habitantes situado en el suroeste de Salamanca, a unos diez kil\u00f3metros de Ciudad Rodrigo.<\/p>\n<p>Seg\u00fan Salazar, este hecho es \u00abun acto simb\u00f3lico y de apoyo\u00bb al encuentro celebrado en Madrid, donde cargos p\u00fablicos de diferentes partidos y coaliciones han rechazado el modelo actual del Estado y propuesto la rep\u00fablica federal, laica, participativa y solidaria, visualizando m\u00e1s esta opci\u00f3n en las calles e instituciones.<\/p>\n<p>Pilar Salazar considera que \u00abhay mucha ignorancia\u00bb sobre la bandera espa\u00f1ola, ha insistido en que la republicana \u00abno es anticonstitucional\u00bb y ha aclarado que con este acto \u00absabemos lo que estamos haciendo\u00bb.<\/p>\n<p>El Ayuntamiento de Pastores est\u00e1 formado por tres concejales, dos del PSOE y uno del PP.<\/p>\n<p>Seg\u00fan la alcaldesa, el otro concejal del PSOE ha sido informado del cambio provisional de bandera y al del PP le envi\u00f3 un mensaje que, seg\u00fan sus propias palabras, no sabe si habr\u00e1 le\u00eddo.<\/p>\n<p>La JER, reunida en Madrid, ha llamado a participar en actos y manifestaciones en torno al 6 de diciembre \u00abpara denunciar el r\u00e9gimen\u00bb de la Constituci\u00f3n mon\u00e1rquica de 1978 y las conmemoraciones oficiales de esa fecha.<\/p>\n","protected":false},"excerpt":{"rendered":"<p>Ciudad Rodrigo (Salamanca), 2 dic (EFE).- La Guardia Civil ha retirado esta noche la bandera de la II Rep\u00fablica izada en la fachada del Ayuntamiento por la alcaldesa del municipio salmantino de Pastores, Pilar Salazar (PSOE), sustituyendo a la bandera oficial del Reino de Espa\u00f1a. Los agentes de la Benem\u00e9rita han actuado tras la orden [&hellip;]<\/p>\n","protected":false},"author":1,"featured_media":456772,"comment_status":"closed","ping_status":"open","sticky":false,"template":"","format":"standard","meta":{"footnotes":""},"categories":[5],"tags":[],"class_list":["post-456771","post","type-post","status-publish","format-standard","has-post-thumbnail","hentry","category-sucesos"],"aioseo_notices":[],"aioseo_head":"\n\t\t<!-- All in One SEO Pro 5.0.1 - aioseo.com -->\n\t<meta name=\"description\" content=\"Ciudad Rodrigo (Salamanca), 2 dic (EFE).- La Guardia Civil ha retirado esta noche la bandera de la II Rep\u00fablica izada en la fachada del Ayuntamiento por la alcaldesa del municipio salmantino de Pastores, Pilar Salazar (PSOE), sustituyendo a la bandera oficial del Reino de Espa\u00f1a. Los agentes de la Benem\u00e9rita han actuado tras la orden\" \/>\n\t<meta name=\"robots\" content=\"max-image-preview:large\" \/>\n\t<meta name=\"author\" content=\"El Digital de Asturias\"\/>\n\t<meta name=\"google-site-verification\" content=\"UA-38556648-1\" \/>\n\t<meta name=\"msvalidate.01\" content=\"7dfe9f3f1b24437ab69f4f2559babe99\" \/>\n\t<meta name=\"keywords\" content=\"sucesos\" \/>\n\t<link rel=\"canonical\" href=\"https:\/\/www.eldigitaldeasturias.com\/noticias\/la-guardia-civil-retira-la-bandera-republicana-de-un-consistorio-salmantino\/\" \/>\n\t<meta name=\"generator\" content=\"All in One SEO Pro (AIOSEO) 5.0.1\" \/>\n\t\t<meta property=\"og:locale\" content=\"es_ES\" \/>\n\t\t<meta property=\"og:site_name\" content=\"El Digital de Asturias\" \/>\n\t\t<meta property=\"og:type\" content=\"article\" \/>\n\t\t<meta property=\"og:title\" content=\"La Guardia Civil retira la bandera republicana de un Consistorio salmantino - El Digital de Asturias\" \/>\n\t\t<meta property=\"og:description\" content=\"Ciudad Rodrigo (Salamanca), 2 dic (EFE).- La Guardia Civil ha retirado esta noche la bandera de la II Rep\u00fablica izada en la fachada del Ayuntamiento por la alcaldesa del municipio salmantino de Pastores, Pilar Salazar (PSOE), sustituyendo a la bandera oficial del Reino de Espa\u00f1a. Los agentes de la Benem\u00e9rita han actuado tras la orden\" \/>\n\t\t<meta property=\"og:url\" content=\"https:\/\/www.eldigitaldeasturias.com\/noticias\/la-guardia-civil-retira-la-bandera-republicana-de-un-consistorio-salmantino\/\" \/>\n\t\t<meta property=\"article:tag\" content=\"sucesos\" \/>\n\t\t<meta property=\"article:published_time\" content=\"2013-12-02T13:20:22+00:00\" \/>\n\t\t<meta property=\"article:modified_time\" content=\"2013-12-02T13:20:22+00:00\" \/>\n\t\t<meta property=\"article:publisher\" content=\"https:\/\/facebook.com\/eldigitaldeasturias\" \/>\n\t\t<meta name=\"twitter:card\" content=\"summary_large_image\" \/>\n\t\t<meta name=\"twitter:title\" content=\"La Guardia Civil retira la bandera republicana de un Consistorio salmantino - El Digital de Asturias\" \/>\n\t\t<meta name=\"twitter:description\" content=\"Ciudad Rodrigo (Salamanca), 2 dic (EFE).- La Guardia Civil ha retirado esta noche la bandera de la II Rep\u00fablica izada en la fachada del Ayuntamiento por la alcaldesa del municipio salmantino de Pastores, Pilar Salazar (PSOE), sustituyendo a la bandera oficial del Reino de Espa\u00f1a. Los agentes de la Benem\u00e9rita han actuado tras la orden\" \/>\n\t\t<meta name=\"twitter:label1\" content=\"Escrito por\" \/>\n\t\t<meta name=\"twitter:data1\" content=\"El Digital de Asturias\" \/>\n\t\t<meta name=\"twitter:label2\" content=\"Tiempo de lectura estimado\" \/>\n\t\t<meta name=\"twitter:data2\" content=\"3 minutos\" \/>\n\t\t<script type=\"application\/ld+json\" class=\"aioseo-schema\">\n\t\t\t{\"@context\":\"https:\\\/\\\/schema.org\",\"@graph\":[{\"@type\":\"BlogPosting\",\"@id\":\"https:\\\/\\\/www.eldigitaldeasturias.com\\\/noticias\\\/la-guardia-civil-retira-la-bandera-republicana-de-un-consistorio-salmantino\\\/#blogposting\",\"name\":\"La Guardia Civil retira la bandera republicana de un Consistorio salmantino - El Digital de Asturias\",\"headline\":\"La Guardia Civil retira la bandera republicana de un Consistorio salmantino\",\"author\":{\"@id\":\"https:\\\/\\\/www.eldigitaldeasturias.com\\\/noticias\\\/author\\\/admin\\\/#author\"},\"publisher\":{\"@id\":\"https:\\\/\\\/www.eldigitaldeasturias.com\\\/noticias\\\/#organization\"},\"image\":{\"@type\":\"ImageObject\",\"url\":456772},\"datePublished\":\"2013-12-02T12:20:22+01:00\",\"dateModified\":\"2013-12-02T12:20:22+01:00\",\"inLanguage\":\"es-ES\",\"mainEntityOfPage\":{\"@id\":\"https:\\\/\\\/www.eldigitaldeasturias.com\\\/noticias\\\/la-guardia-civil-retira-la-bandera-republicana-de-un-consistorio-salmantino\\\/#webpage\"},\"isPartOf\":{\"@id\":\"https:\\\/\\\/www.eldigitaldeasturias.com\\\/noticias\\\/la-guardia-civil-retira-la-bandera-republicana-de-un-consistorio-salmantino\\\/#webpage\"},\"articleSection\":\"Sucesos\"},{\"@type\":\"BreadcrumbList\",\"@id\":\"https:\\\/\\\/www.eldigitaldeasturias.com\\\/noticias\\\/la-guardia-civil-retira-la-bandera-republicana-de-un-consistorio-salmantino\\\/#breadcrumblist\",\"itemListElement\":[{\"@type\":\"ListItem\",\"@id\":\"https:\\\/\\\/www.eldigitaldeasturias.com\\\/noticias#listItem\",\"position\":1,\"name\":\"Home\",\"item\":\"https:\\\/\\\/www.eldigitaldeasturias.com\\\/noticias\",\"nextItem\":{\"@type\":\"ListItem\",\"@id\":\"https:\\\/\\\/www.eldigitaldeasturias.com\\\/noticias\\\/category\\\/sucesos\\\/#listItem\",\"name\":\"Sucesos\"}},{\"@type\":\"ListItem\",\"@id\":\"https:\\\/\\\/www.eldigitaldeasturias.com\\\/noticias\\\/category\\\/sucesos\\\/#listItem\",\"position\":2,\"name\":\"Sucesos\",\"item\":\"https:\\\/\\\/www.eldigitaldeasturias.com\\\/noticias\\\/category\\\/sucesos\\\/\",\"nextItem\":{\"@type\":\"ListItem\",\"@id\":\"https:\\\/\\\/www.eldigitaldeasturias.com\\\/noticias\\\/la-guardia-civil-retira-la-bandera-republicana-de-un-consistorio-salmantino\\\/#listItem\",\"name\":\"La Guardia Civil retira la bandera republicana de un Consistorio salmantino\"},\"previousItem\":{\"@type\":\"ListItem\",\"@id\":\"https:\\\/\\\/www.eldigitaldeasturias.com\\\/noticias#listItem\",\"name\":\"Home\"}},{\"@type\":\"ListItem\",\"@id\":\"https:\\\/\\\/www.eldigitaldeasturias.com\\\/noticias\\\/la-guardia-civil-retira-la-bandera-republicana-de-un-consistorio-salmantino\\\/#listItem\",\"position\":3,\"name\":\"La Guardia Civil retira la bandera republicana de un Consistorio salmantino\",\"previousItem\":{\"@type\":\"ListItem\",\"@id\":\"https:\\\/\\\/www.eldigitaldeasturias.com\\\/noticias\\\/category\\\/sucesos\\\/#listItem\",\"name\":\"Sucesos\"}}]},{\"@type\":\"Organization\",\"@id\":\"https:\\\/\\\/www.eldigitaldeasturias.com\\\/noticias\\\/#organization\",\"name\":\"El Digital de Asturias\",\"description\":\"Hemeroteca\",\"url\":\"https:\\\/\\\/www.eldigitaldeasturias.com\\\/noticias\\\/\",\"email\":\"info@eldigitaldeasturias.com\",\"telephone\":\"+34652131393\",\"logo\":{\"@type\":\"ImageObject\",\"url\":\"https:\\\/\\\/www.eldigitaldeasturias.com\\\/noticias\\\/wp-content\\\/uploads\\\/2020\\\/12\\\/EDA.jpg\",\"@id\":\"https:\\\/\\\/www.eldigitaldeasturias.com\\\/noticias\\\/la-guardia-civil-retira-la-bandera-republicana-de-un-consistorio-salmantino\\\/#organizationLogo\"},\"image\":{\"@id\":\"https:\\\/\\\/www.eldigitaldeasturias.com\\\/noticias\\\/la-guardia-civil-retira-la-bandera-republicana-de-un-consistorio-salmantino\\\/#organizationLogo\"},\"sameAs\":[\"https:\\\/\\\/facebook.com\\\/eldigitaldeasturias\",\"https:\\\/\\\/www.youtube.com\\\/channel\\\/UCZP-2wLEB9Rv6erhFmqVnvg\"],\"address\":{\"@id\":\"https:\\\/\\\/www.eldigitaldeasturias.com\\\/noticias\\\/#postaladdress\",\"@type\":\"PostalAddress\",\"streetAddress\":\"san antonio 4\",\"postalCode\":\"33430\",\"addressLocality\":\"Cand\\u00e1s\",\"addressRegion\":\"Asturias\",\"addressCountry\":\"ES\"}},{\"@type\":\"Person\",\"@id\":\"https:\\\/\\\/www.eldigitaldeasturias.com\\\/noticias\\\/author\\\/admin\\\/#author\",\"url\":\"https:\\\/\\\/www.eldigitaldeasturias.com\\\/noticias\\\/author\\\/admin\\\/\",\"name\":\"El Digital de Asturias\",\"image\":{\"@type\":\"ImageObject\",\"@id\":\"https:\\\/\\\/www.eldigitaldeasturias.com\\\/noticias\\\/la-guardia-civil-retira-la-bandera-republicana-de-un-consistorio-salmantino\\\/#authorImage\",\"url\":\"https:\\\/\\\/secure.gravatar.com\\\/avatar\\\/df2aeffc32bcd13f8d26072ef8a91b623d677766deac7f97ca815868cd41bf5e?s=96&d=mm&r=g\",\"width\":96,\"height\":96,\"caption\":\"El Digital de Asturias\"}},{\"@type\":\"WebPage\",\"@id\":\"https:\\\/\\\/www.eldigitaldeasturias.com\\\/noticias\\\/la-guardia-civil-retira-la-bandera-republicana-de-un-consistorio-salmantino\\\/#webpage\",\"url\":\"https:\\\/\\\/www.eldigitaldeasturias.com\\\/noticias\\\/la-guardia-civil-retira-la-bandera-republicana-de-un-consistorio-salmantino\\\/\",\"name\":\"La Guardia Civil retira la bandera republicana de un Consistorio salmantino - El Digital de Asturias\",\"description\":\"Ciudad Rodrigo (Salamanca), 2 dic (EFE).- La Guardia Civil ha retirado esta noche la bandera de la II Rep\\u00fablica izada en la fachada del Ayuntamiento por la alcaldesa del municipio salmantino de Pastores, Pilar Salazar (PSOE), sustituyendo a la bandera oficial del Reino de Espa\\u00f1a. Los agentes de la Benem\\u00e9rita han actuado tras la orden\",\"inLanguage\":\"es-ES\",\"isPartOf\":{\"@id\":\"https:\\\/\\\/www.eldigitaldeasturias.com\\\/noticias\\\/#website\"},\"breadcrumb\":{\"@id\":\"https:\\\/\\\/www.eldigitaldeasturias.com\\\/noticias\\\/la-guardia-civil-retira-la-bandera-republicana-de-un-consistorio-salmantino\\\/#breadcrumblist\"},\"author\":{\"@id\":\"https:\\\/\\\/www.eldigitaldeasturias.com\\\/noticias\\\/author\\\/admin\\\/#author\"},\"creator\":{\"@id\":\"https:\\\/\\\/www.eldigitaldeasturias.com\\\/noticias\\\/author\\\/admin\\\/#author\"},\"image\":{\"@type\":\"ImageObject\",\"url\":456772,\"@id\":\"https:\\\/\\\/www.eldigitaldeasturias.com\\\/noticias\\\/la-guardia-civil-retira-la-bandera-republicana-de-un-consistorio-salmantino\\\/#mainImage\"},\"primaryImageOfPage\":{\"@id\":\"https:\\\/\\\/www.eldigitaldeasturias.com\\\/noticias\\\/la-guardia-civil-retira-la-bandera-republicana-de-un-consistorio-salmantino\\\/#mainImage\"},\"datePublished\":\"2013-12-02T12:20:22+01:00\",\"dateModified\":\"2013-12-02T12:20:22+01:00\"},{\"@type\":\"WebSite\",\"@id\":\"https:\\\/\\\/www.eldigitaldeasturias.com\\\/noticias\\\/#website\",\"url\":\"https:\\\/\\\/www.eldigitaldeasturias.com\\\/noticias\\\/\",\"name\":\"El Digital de Asturias - Diario de actualidad y noticias\",\"alternateName\":\"El Digital de Asturias - Diario de actualidad y noticias\",\"description\":\"Hemeroteca\",\"inLanguage\":\"es-ES\",\"publisher\":{\"@id\":\"https:\\\/\\\/www.eldigitaldeasturias.com\\\/noticias\\\/#organization\"}}]}\n\t\t<\/script>\n\t\t<!-- All in One SEO Pro -->\r\n\t\t<title>La Guardia Civil retira la bandera republicana de un Consistorio salmantino - El Digital de Asturias<\/title>\n\n","aioseo_head_json":{"title":"La Guardia Civil retira la bandera republicana de un Consistorio salmantino - El Digital de Asturias","description":"Ciudad Rodrigo (Salamanca), 2 dic (EFE).- La Guardia Civil ha retirado esta noche la bandera de la II Rep\u00fablica izada en la fachada del Ayuntamiento por la alcaldesa del municipio salmantino de Pastores, Pilar Salazar (PSOE), sustituyendo a la bandera oficial del Reino de Espa\u00f1a. Los agentes de la Benem\u00e9rita han actuado tras la orden","canonical_url":"https:\/\/www.eldigitaldeasturias.com\/noticias\/la-guardia-civil-retira-la-bandera-republicana-de-un-consistorio-salmantino\/","robots":"max-image-preview:large","keywords":"sucesos","webmasterTools":{"google-site-verification":"UA-38556648-1","msvalidate.01":"7dfe9f3f1b24437ab69f4f2559babe99","miscellaneous":""},"schema":{"@context":"https:\/\/schema.org","@graph":[{"@type":"BlogPosting","@id":"https:\/\/www.eldigitaldeasturias.com\/noticias\/la-guardia-civil-retira-la-bandera-republicana-de-un-consistorio-salmantino\/#blogposting","name":"La Guardia Civil retira la bandera republicana de un Consistorio salmantino - El Digital de Asturias","headline":"La Guardia Civil retira la bandera republicana de un Consistorio salmantino","author":{"@id":"https:\/\/www.eldigitaldeasturias.com\/noticias\/author\/admin\/#author"},"publisher":{"@id":"https:\/\/www.eldigitaldeasturias.com\/noticias\/#organization"},"image":{"@type":"ImageObject","url":456772},"datePublished":"2013-12-02T12:20:22+01:00","dateModified":"2013-12-02T12:20:22+01:00","inLanguage":"es-ES","mainEntityOfPage":{"@id":"https:\/\/www.eldigitaldeasturias.com\/noticias\/la-guardia-civil-retira-la-bandera-republicana-de-un-consistorio-salmantino\/#webpage"},"isPartOf":{"@id":"https:\/\/www.eldigitaldeasturias.com\/noticias\/la-guardia-civil-retira-la-bandera-republicana-de-un-consistorio-salmantino\/#webpage"},"articleSection":"Sucesos"},{"@type":"BreadcrumbList","@id":"https:\/\/www.eldigitaldeasturias.com\/noticias\/la-guardia-civil-retira-la-bandera-republicana-de-un-consistorio-salmantino\/#breadcrumblist","itemListElement":[{"@type":"ListItem","@id":"https:\/\/www.eldigitaldeasturias.com\/noticias#listItem","position":1,"name":"Home","item":"https:\/\/www.eldigitaldeasturias.com\/noticias","nextItem":{"@type":"ListItem","@id":"https:\/\/www.eldigitaldeasturias.com\/noticias\/category\/sucesos\/#listItem","name":"Sucesos"}},{"@type":"ListItem","@id":"https:\/\/www.eldigitaldeasturias.com\/noticias\/category\/sucesos\/#listItem","position":2,"name":"Sucesos","item":"https:\/\/www.eldigitaldeasturias.com\/noticias\/category\/sucesos\/","nextItem":{"@type":"ListItem","@id":"https:\/\/www.eldigitaldeasturias.com\/noticias\/la-guardia-civil-retira-la-bandera-republicana-de-un-consistorio-salmantino\/#listItem","name":"La Guardia Civil retira la bandera republicana de un Consistorio salmantino"},"previousItem":{"@type":"ListItem","@id":"https:\/\/www.eldigitaldeasturias.com\/noticias#listItem","name":"Home"}},{"@type":"ListItem","@id":"https:\/\/www.eldigitaldeasturias.com\/noticias\/la-guardia-civil-retira-la-bandera-republicana-de-un-consistorio-salmantino\/#listItem","position":3,"name":"La Guardia Civil retira la bandera republicana de un Consistorio salmantino","previousItem":{"@type":"ListItem","@id":"https:\/\/www.eldigitaldeasturias.com\/noticias\/category\/sucesos\/#listItem","name":"Sucesos"}}]},{"@type":"Organization","@id":"https:\/\/www.eldigitaldeasturias.com\/noticias\/#organization","name":"El Digital de Asturias","description":"Hemeroteca","url":"https:\/\/www.eldigitaldeasturias.com\/noticias\/","email":"info@eldigitaldeasturias.com","telephone":"+34652131393","logo":{"@type":"ImageObject","url":"https:\/\/www.eldigitaldeasturias.com\/noticias\/wp-content\/uploads\/2020\/12\/EDA.jpg","@id":"https:\/\/www.eldigitaldeasturias.com\/noticias\/la-guardia-civil-retira-la-bandera-republicana-de-un-consistorio-salmantino\/#organizationLogo"},"image":{"@id":"https:\/\/www.eldigitaldeasturias.com\/noticias\/la-guardia-civil-retira-la-bandera-republicana-de-un-consistorio-salmantino\/#organizationLogo"},"sameAs":["https:\/\/facebook.com\/eldigitaldeasturias","https:\/\/www.youtube.com\/channel\/UCZP-2wLEB9Rv6erhFmqVnvg"],"address":{"@id":"https:\/\/www.eldigitaldeasturias.com\/noticias\/#postaladdress","@type":"PostalAddress","streetAddress":"san antonio 4","postalCode":"33430","addressLocality":"Cand\u00e1s","addressRegion":"Asturias","addressCountry":"ES"}},{"@type":"Person","@id":"https:\/\/www.eldigitaldeasturias.com\/noticias\/author\/admin\/#author","url":"https:\/\/www.eldigitaldeasturias.com\/noticias\/author\/admin\/","name":"El Digital de Asturias","image":{"@type":"ImageObject","@id":"https:\/\/www.eldigitaldeasturias.com\/noticias\/la-guardia-civil-retira-la-bandera-republicana-de-un-consistorio-salmantino\/#authorImage","url":"https:\/\/secure.gravatar.com\/avatar\/df2aeffc32bcd13f8d26072ef8a91b623d677766deac7f97ca815868cd41bf5e?s=96&d=mm&r=g","width":96,"height":96,"caption":"El Digital de Asturias"}},{"@type":"WebPage","@id":"https:\/\/www.eldigitaldeasturias.com\/noticias\/la-guardia-civil-retira-la-bandera-republicana-de-un-consistorio-salmantino\/#webpage","url":"https:\/\/www.eldigitaldeasturias.com\/noticias\/la-guardia-civil-retira-la-bandera-republicana-de-un-consistorio-salmantino\/","name":"La Guardia Civil retira la bandera republicana de un Consistorio salmantino - El Digital de Asturias","description":"Ciudad Rodrigo (Salamanca), 2 dic (EFE).- La Guardia Civil ha retirado esta noche la bandera de la II Rep\u00fablica izada en la fachada del Ayuntamiento por la alcaldesa del municipio salmantino de Pastores, Pilar Salazar (PSOE), sustituyendo a la bandera oficial del Reino de Espa\u00f1a. Los agentes de la Benem\u00e9rita han actuado tras la orden","inLanguage":"es-ES","isPartOf":{"@id":"https:\/\/www.eldigitaldeasturias.com\/noticias\/#website"},"breadcrumb":{"@id":"https:\/\/www.eldigitaldeasturias.com\/noticias\/la-guardia-civil-retira-la-bandera-republicana-de-un-consistorio-salmantino\/#breadcrumblist"},"author":{"@id":"https:\/\/www.eldigitaldeasturias.com\/noticias\/author\/admin\/#author"},"creator":{"@id":"https:\/\/www.eldigitaldeasturias.com\/noticias\/author\/admin\/#author"},"image":{"@type":"ImageObject","url":456772,"@id":"https:\/\/www.eldigitaldeasturias.com\/noticias\/la-guardia-civil-retira-la-bandera-republicana-de-un-consistorio-salmantino\/#mainImage"},"primaryImageOfPage":{"@id":"https:\/\/www.eldigitaldeasturias.com\/noticias\/la-guardia-civil-retira-la-bandera-republicana-de-un-consistorio-salmantino\/#mainImage"},"datePublished":"2013-12-02T12:20:22+01:00","dateModified":"2013-12-02T12:20:22+01:00"},{"@type":"WebSite","@id":"https:\/\/www.eldigitaldeasturias.com\/noticias\/#website","url":"https:\/\/www.eldigitaldeasturias.com\/noticias\/","name":"El Digital de Asturias - Diario de actualidad y noticias","alternateName":"El Digital de Asturias - Diario de actualidad y noticias","description":"Hemeroteca","inLanguage":"es-ES","publisher":{"@id":"https:\/\/www.eldigitaldeasturias.com\/noticias\/#organization"}}]},"og:locale":"es_ES","og:site_name":"El Digital de Asturias","og:type":"article","og:title":"La Guardia Civil retira la bandera republicana de un Consistorio salmantino - El Digital de Asturias","og:description":"Ciudad Rodrigo (Salamanca), 2 dic (EFE).- La Guardia Civil ha retirado esta noche la bandera de la II Rep\u00fablica izada en la fachada del Ayuntamiento por la alcaldesa del municipio salmantino de Pastores, Pilar Salazar (PSOE), sustituyendo a la bandera oficial del Reino de Espa\u00f1a. Los agentes de la Benem\u00e9rita han actuado tras la orden","og:url":"https:\/\/www.eldigitaldeasturias.com\/noticias\/la-guardia-civil-retira-la-bandera-republicana-de-un-consistorio-salmantino\/","article:tag":["sucesos"],"article:published_time":"2013-12-02T13:20:22+00:00","article:modified_time":"2013-12-02T13:20:22+00:00","article:publisher":"https:\/\/facebook.com\/eldigitaldeasturias","twitter:card":"summary_large_image","twitter:title":"La Guardia Civil retira la bandera republicana de un Consistorio salmantino - El Digital de Asturias","twitter:description":"Ciudad Rodrigo (Salamanca), 2 dic (EFE).- La Guardia Civil ha retirado esta noche la bandera de la II Rep\u00fablica izada en la fachada del Ayuntamiento por la alcaldesa del municipio salmantino de Pastores, Pilar Salazar (PSOE), sustituyendo a la bandera oficial del Reino de Espa\u00f1a. Los agentes de la Benem\u00e9rita han actuado tras la orden","twitter:label1":"Escrito por","twitter:data1":"El Digital de Asturias","twitter:label2":"Tiempo de lectura estimado","twitter:data2":"3 minutos"},"aioseo_meta_data":{"post_id":"456771","title":null,"description":null,"keywords":null,"keyphrases":null,"primary_term":null,"canonical_url":null,"og_title":null,"og_description":null,"og_object_type":"default","og_image_type":"default","og_image_url":null,"og_image_width":null,"og_image_height":null,"og_image_custom_url":null,"og_image_custom_fields":null,"og_video":null,"og_custom_url":null,"og_article_section":null,"og_article_tags":null,"twitter_use_og":true,"twitter_card":"default","twitter_image_type":"default","twitter_image_url":null,"twitter_image_custom_url":null,"twitter_image_custom_fields":null,"twitter_title":null,"twitter_description":null,"schema":{"blockGraphs":[],"customGraphs":[],"default":{"data":{"Article":[],"Course":[],"Dataset":[],"FAQPage":[],"Movie":[],"Person":[],"Product":[],"ProductReview":[],"Car":[],"Recipe":[],"Service":[],"SoftwareApplication":[],"WebPage":[]},"graphName":"","isEnabled":true},"graphs":[],"defaultGraph":"","defaultPostTypeGraph":""},"schema_type":null,"schema_type_options":null,"pillar_content":false,"robots_default":true,"robots_noindex":false,"robots_noarchive":false,"robots_nosnippet":false,"robots_nofollow":false,"robots_noimageindex":false,"robots_noodp":false,"robots_notranslate":false,"robots_max_snippet":null,"robots_max_videopreview":null,"robots_max_imagepreview":"none","priority":null,"frequency":null,"local_seo":null,"seo_analyzer_scan_date":"2026-05-29 23:07:05","breadcrumb_settings":null,"limit_modified_date":false,"open_ai":null,"ai":null,"created":"2020-11-14 22:46:02","updated":"2026-05-29 23:07:05","focus_keyword":null,"additional_keywords":null,"truseo_locale":null},"aioseo_breadcrumb":"<div class=\"aioseo-breadcrumbs\"><span class=\"aioseo-breadcrumb\">\n\t<a href=\"https:\/\/www.eldigitaldeasturias.com\/noticias\" title=\"Home\">Home<\/a>\n<\/span><span class=\"aioseo-breadcrumb-separator\">\u2013<\/span><span class=\"aioseo-breadcrumb\">\n\t<a href=\"https:\/\/www.eldigitaldeasturias.com\/noticias\/category\/sucesos\/\" title=\"Sucesos\">Sucesos<\/a>\n<\/span><span class=\"aioseo-breadcrumb-separator\">\u2013<\/span><span class=\"aioseo-breadcrumb\">\n\t<a href=\"https:\/\/www.eldigitaldeasturias.com\/noticias\/la-guardia-civil-retira-la-bandera-republicana-de-un-consistorio-salmantino\/\" title=\"La Guardia Civil retira la bandera republicana de un Consistorio salmantino\">La Guardia Civil retira la bandera republicana de un Consistorio salmantino<\/a>\n<\/span><\/div>","aioseo_breadcrumb_json":[{"label":"Home","link":"https:\/\/www.eldigitaldeasturias.com\/noticias"},{"label":"Sucesos","link":"https:\/\/www.eldigitaldeasturias.com\/noticias\/category\/sucesos\/"},{"label":"La Guardia Civil retira la bandera republicana de un Consistorio salmantino","link":"https:\/\/www.eldigitaldeasturias.com\/noticias\/la-guardia-civil-retira-la-bandera-republicana-de-un-consistorio-salmantino\/"}],"_links":{"self":[{"href":"https:\/\/www.eldigitaldeasturias.com\/noticias\/wp-json\/wp\/v2\/posts\/456771","targetHints":{"allow":["GET"]}}],"collection":[{"href":"https:\/\/www.eldigitaldeasturias.com\/noticias\/wp-json\/wp\/v2\/posts"}],"about":[{"href":"https:\/\/www.eldigitaldeasturias.com\/noticias\/wp-json\/wp\/v2\/types\/post"}],"author":[{"embeddable":true,"href":"https:\/\/www.eldigitaldeasturias.com\/noticias\/wp-json\/wp\/v2\/users\/1"}],"replies":[{"embeddable":true,"href":"https:\/\/www.eldigitaldeasturias.com\/noticias\/wp-json\/wp\/v2\/comments?post=456771"}],"version-history":[{"count":0,"href":"https:\/\/www.eldigitaldeasturias.com\/noticias\/wp-json\/wp\/v2\/posts\/456771\/revisions"}],"wp:attachment":[{"href":"https:\/\/www.eldigitaldeasturias.com\/noticias\/wp-json\/wp\/v2\/media?parent=456771"}],"wp:term":[{"taxonomy":"category","embeddable":true,"href":"https:\/\/www.eldigitaldeasturias.com\/noticias\/wp-json\/wp\/v2\/categories?post=456771"},{"taxonomy":"post_tag","embeddable":true,"href":"https:\/\/www.eldigitaldeasturias.com\/noticias\/wp-json\/wp\/v2\/tags?post=456771"}],"curies":[{"name":"wp","href":"https:\/\/api.w.org\/{rel}","templated":true}]}}