{"id":456768,"date":"2013-12-02T12:19:00","date_gmt":"2013-12-02T13:19:00","guid":{"rendered":"http:\/\/www.eldigitaldeasturias.com\/noticias\/?p=456768"},"modified":"2013-12-02T12:19:00","modified_gmt":"2013-12-02T13:19:00","slug":"suben-a-9-los-muertos-al-caer-un-helicoptero-en-un-pub-de-glasgow","status":"publish","type":"post","link":"https:\/\/www.eldigitaldeasturias.com\/noticias\/suben-a-9-los-muertos-al-caer-un-helicoptero-en-un-pub-de-glasgow\/","title":{"rendered":"Suben a 9 los muertos al caer un helic\u00f3ptero en un pub de Glasgow"},"content":{"rendered":"<p><img loading=\"lazy\" decoding=\"async\" class=\"alignleft size-medium wp-image-456769\" alt=\"5765692w\" src=\"https:\/\/www.eldigitaldeasturias.com\/noticias\/wp-content\/uploads\/2013\/12\/5765692w-360x261.jpg\" width=\"360\" height=\"261\" \/>Londres, 2 dic (EFE).- La Polic\u00eda escocesa confirm\u00f3 hoy que ha sido hallado otro cad\u00e1ver entre los escombros del pub de Glasgow sobre el que el viernes cay\u00f3 un helic\u00f3ptero policial, lo que eleva a nueve el n\u00famero de muertos.<\/p>\n<p>El inspector jefe Stephen House indic\u00f3 ayer que la posibilidad de que se eleve el n\u00famero de v\u00edctimas seguir\u00e1 vigente mientras prosigue la operaci\u00f3n de rescate en el pub The Clutha, que describi\u00f3 como \u00abdelicada\u00bb y \u00abpeligrosa\u00bb.<\/p>\n<p>Las labores de rescate en el edificio contin\u00faan con una gran gr\u00faa que intenta levantar pieza por pieza el helic\u00f3ptero incrustado, en una operaci\u00f3n que, seg\u00fan la Polic\u00eda, \u00abllevar\u00e1 tiempo\u00bb.<\/p>\n<p>El aparato, un Eurocopter EC135 de la Polic\u00eda de Escocia, se precipit\u00f3 el viernes, a las 22:25 GMT, sobre el pub, de una sola planta, situado en la ribera del r\u00edo Clyde, cuando hab\u00eda en su interior unas 120 personas que escuchaban m\u00fasica en directo.<\/p>\n<p>Cientos de personas se congregaron el domingo en la catedral de Glasgow para asistir a una misa en honor de las v\u00edctimas, mientras que el pr\u00edncipe Carlos envi\u00f3 sus condolencias a los afectados por la tragedia.<\/p>\n<p>La Fiscal\u00eda y la divisi\u00f3n de accidentes a\u00e9reos de la Polic\u00eda escocesa han iniciado ahora una investigaci\u00f3n para determinar las causas del accidente, entre informaciones period\u00edsticas de que los Eurocopter EC135 fueron retirados de servicio temporalmente en 2012 por dudas sobre su seguridad.<\/p>\n","protected":false},"excerpt":{"rendered":"<p>Londres, 2 dic (EFE).- La Polic\u00eda escocesa confirm\u00f3 hoy que ha sido hallado otro cad\u00e1ver entre los escombros del pub de Glasgow sobre el que el viernes cay\u00f3 un helic\u00f3ptero policial, lo que eleva a nueve el n\u00famero de muertos. El inspector jefe Stephen House indic\u00f3 ayer que la posibilidad de que se eleve el [&hellip;]<\/p>\n","protected":false},"author":1,"featured_media":456769,"comment_status":"closed","ping_status":"open","sticky":false,"template":"","format":"standard","meta":{"footnotes":""},"categories":[5],"tags":[],"class_list":["post-456768","post","type-post","status-publish","format-standard","has-post-thumbnail","hentry","category-sucesos"],"aioseo_notices":[],"aioseo_head":"\n\t\t<!-- All in One SEO Pro 5.0.1 - aioseo.com -->\n\t<meta name=\"description\" content=\"Londres, 2 dic (EFE).- La Polic\u00eda escocesa confirm\u00f3 hoy que ha sido hallado otro cad\u00e1ver entre los escombros del pub de Glasgow sobre el que el viernes cay\u00f3 un helic\u00f3ptero policial, lo que eleva a nueve el n\u00famero de muertos. El inspector jefe Stephen House indic\u00f3 ayer que la posibilidad de que se eleve el\" \/>\n\t<meta name=\"robots\" content=\"max-image-preview:large\" \/>\n\t<meta name=\"author\" content=\"El Digital de Asturias\"\/>\n\t<meta name=\"google-site-verification\" content=\"UA-38556648-1\" \/>\n\t<meta name=\"msvalidate.01\" content=\"7dfe9f3f1b24437ab69f4f2559babe99\" \/>\n\t<meta name=\"keywords\" content=\"sucesos\" \/>\n\t<link rel=\"canonical\" href=\"https:\/\/www.eldigitaldeasturias.com\/noticias\/suben-a-9-los-muertos-al-caer-un-helicoptero-en-un-pub-de-glasgow\/\" \/>\n\t<meta name=\"generator\" content=\"All in One SEO Pro (AIOSEO) 5.0.1\" \/>\n\t\t<meta property=\"og:locale\" content=\"es_ES\" \/>\n\t\t<meta property=\"og:site_name\" content=\"El Digital de Asturias\" \/>\n\t\t<meta property=\"og:type\" content=\"article\" \/>\n\t\t<meta property=\"og:title\" content=\"Suben a 9 los muertos al caer un helic\u00f3ptero en un pub de Glasgow - El Digital de Asturias\" \/>\n\t\t<meta property=\"og:description\" content=\"Londres, 2 dic (EFE).- La Polic\u00eda escocesa confirm\u00f3 hoy que ha sido hallado otro cad\u00e1ver entre los escombros del pub de Glasgow sobre el que el viernes cay\u00f3 un helic\u00f3ptero policial, lo que eleva a nueve el n\u00famero de muertos. El inspector jefe Stephen House indic\u00f3 ayer que la posibilidad de que se eleve el\" \/>\n\t\t<meta property=\"og:url\" content=\"https:\/\/www.eldigitaldeasturias.com\/noticias\/suben-a-9-los-muertos-al-caer-un-helicoptero-en-un-pub-de-glasgow\/\" \/>\n\t\t<meta property=\"article:tag\" content=\"sucesos\" \/>\n\t\t<meta property=\"article:published_time\" content=\"2013-12-02T13:19:00+00:00\" \/>\n\t\t<meta property=\"article:modified_time\" content=\"2013-12-02T13:19:00+00:00\" \/>\n\t\t<meta property=\"article:publisher\" content=\"https:\/\/facebook.com\/eldigitaldeasturias\" \/>\n\t\t<meta name=\"twitter:card\" content=\"summary_large_image\" \/>\n\t\t<meta name=\"twitter:title\" content=\"Suben a 9 los muertos al caer un helic\u00f3ptero en un pub de Glasgow - El Digital de Asturias\" \/>\n\t\t<meta name=\"twitter:description\" content=\"Londres, 2 dic (EFE).- La Polic\u00eda escocesa confirm\u00f3 hoy que ha sido hallado otro cad\u00e1ver entre los escombros del pub de Glasgow sobre el que el viernes cay\u00f3 un helic\u00f3ptero policial, lo que eleva a nueve el n\u00famero de muertos. El inspector jefe Stephen House indic\u00f3 ayer que la posibilidad de que se eleve el\" \/>\n\t\t<meta name=\"twitter:label1\" content=\"Escrito por\" \/>\n\t\t<meta name=\"twitter:data1\" content=\"El Digital de Asturias\" \/>\n\t\t<meta name=\"twitter:label2\" content=\"Tiempo de lectura estimado\" \/>\n\t\t<meta name=\"twitter:data2\" content=\"1 minuto\" \/>\n\t\t<script type=\"application\/ld+json\" class=\"aioseo-schema\">\n\t\t\t{\"@context\":\"https:\\\/\\\/schema.org\",\"@graph\":[{\"@type\":\"BlogPosting\",\"@id\":\"https:\\\/\\\/www.eldigitaldeasturias.com\\\/noticias\\\/suben-a-9-los-muertos-al-caer-un-helicoptero-en-un-pub-de-glasgow\\\/#blogposting\",\"name\":\"Suben a 9 los muertos al caer un helic\\u00f3ptero en un pub de Glasgow - El Digital de Asturias\",\"headline\":\"Suben a 9 los muertos al caer un helic\\u00f3ptero en un pub de Glasgow\",\"author\":{\"@id\":\"https:\\\/\\\/www.eldigitaldeasturias.com\\\/noticias\\\/author\\\/admin\\\/#author\"},\"publisher\":{\"@id\":\"https:\\\/\\\/www.eldigitaldeasturias.com\\\/noticias\\\/#organization\"},\"image\":{\"@type\":\"ImageObject\",\"url\":456769},\"datePublished\":\"2013-12-02T12:19:00+01:00\",\"dateModified\":\"2013-12-02T12:19:00+01:00\",\"inLanguage\":\"es-ES\",\"mainEntityOfPage\":{\"@id\":\"https:\\\/\\\/www.eldigitaldeasturias.com\\\/noticias\\\/suben-a-9-los-muertos-al-caer-un-helicoptero-en-un-pub-de-glasgow\\\/#webpage\"},\"isPartOf\":{\"@id\":\"https:\\\/\\\/www.eldigitaldeasturias.com\\\/noticias\\\/suben-a-9-los-muertos-al-caer-un-helicoptero-en-un-pub-de-glasgow\\\/#webpage\"},\"articleSection\":\"Sucesos\"},{\"@type\":\"BreadcrumbList\",\"@id\":\"https:\\\/\\\/www.eldigitaldeasturias.com\\\/noticias\\\/suben-a-9-los-muertos-al-caer-un-helicoptero-en-un-pub-de-glasgow\\\/#breadcrumblist\",\"itemListElement\":[{\"@type\":\"ListItem\",\"@id\":\"https:\\\/\\\/www.eldigitaldeasturias.com\\\/noticias#listItem\",\"position\":1,\"name\":\"Home\",\"item\":\"https:\\\/\\\/www.eldigitaldeasturias.com\\\/noticias\",\"nextItem\":{\"@type\":\"ListItem\",\"@id\":\"https:\\\/\\\/www.eldigitaldeasturias.com\\\/noticias\\\/category\\\/sucesos\\\/#listItem\",\"name\":\"Sucesos\"}},{\"@type\":\"ListItem\",\"@id\":\"https:\\\/\\\/www.eldigitaldeasturias.com\\\/noticias\\\/category\\\/sucesos\\\/#listItem\",\"position\":2,\"name\":\"Sucesos\",\"item\":\"https:\\\/\\\/www.eldigitaldeasturias.com\\\/noticias\\\/category\\\/sucesos\\\/\",\"nextItem\":{\"@type\":\"ListItem\",\"@id\":\"https:\\\/\\\/www.eldigitaldeasturias.com\\\/noticias\\\/suben-a-9-los-muertos-al-caer-un-helicoptero-en-un-pub-de-glasgow\\\/#listItem\",\"name\":\"Suben a 9 los muertos al caer un helic\\u00f3ptero en un pub de Glasgow\"},\"previousItem\":{\"@type\":\"ListItem\",\"@id\":\"https:\\\/\\\/www.eldigitaldeasturias.com\\\/noticias#listItem\",\"name\":\"Home\"}},{\"@type\":\"ListItem\",\"@id\":\"https:\\\/\\\/www.eldigitaldeasturias.com\\\/noticias\\\/suben-a-9-los-muertos-al-caer-un-helicoptero-en-un-pub-de-glasgow\\\/#listItem\",\"position\":3,\"name\":\"Suben a 9 los muertos al caer un helic\\u00f3ptero en un pub de Glasgow\",\"previousItem\":{\"@type\":\"ListItem\",\"@id\":\"https:\\\/\\\/www.eldigitaldeasturias.com\\\/noticias\\\/category\\\/sucesos\\\/#listItem\",\"name\":\"Sucesos\"}}]},{\"@type\":\"Organization\",\"@id\":\"https:\\\/\\\/www.eldigitaldeasturias.com\\\/noticias\\\/#organization\",\"name\":\"El Digital de Asturias\",\"description\":\"Hemeroteca\",\"url\":\"https:\\\/\\\/www.eldigitaldeasturias.com\\\/noticias\\\/\",\"email\":\"info@eldigitaldeasturias.com\",\"telephone\":\"+34652131393\",\"logo\":{\"@type\":\"ImageObject\",\"url\":\"https:\\\/\\\/www.eldigitaldeasturias.com\\\/noticias\\\/wp-content\\\/uploads\\\/2020\\\/12\\\/EDA.jpg\",\"@id\":\"https:\\\/\\\/www.eldigitaldeasturias.com\\\/noticias\\\/suben-a-9-los-muertos-al-caer-un-helicoptero-en-un-pub-de-glasgow\\\/#organizationLogo\"},\"image\":{\"@id\":\"https:\\\/\\\/www.eldigitaldeasturias.com\\\/noticias\\\/suben-a-9-los-muertos-al-caer-un-helicoptero-en-un-pub-de-glasgow\\\/#organizationLogo\"},\"sameAs\":[\"https:\\\/\\\/facebook.com\\\/eldigitaldeasturias\",\"https:\\\/\\\/www.youtube.com\\\/channel\\\/UCZP-2wLEB9Rv6erhFmqVnvg\"],\"address\":{\"@id\":\"https:\\\/\\\/www.eldigitaldeasturias.com\\\/noticias\\\/#postaladdress\",\"@type\":\"PostalAddress\",\"streetAddress\":\"san antonio 4\",\"postalCode\":\"33430\",\"addressLocality\":\"Cand\\u00e1s\",\"addressRegion\":\"Asturias\",\"addressCountry\":\"ES\"}},{\"@type\":\"Person\",\"@id\":\"https:\\\/\\\/www.eldigitaldeasturias.com\\\/noticias\\\/author\\\/admin\\\/#author\",\"url\":\"https:\\\/\\\/www.eldigitaldeasturias.com\\\/noticias\\\/author\\\/admin\\\/\",\"name\":\"El Digital de Asturias\",\"image\":{\"@type\":\"ImageObject\",\"@id\":\"https:\\\/\\\/www.eldigitaldeasturias.com\\\/noticias\\\/suben-a-9-los-muertos-al-caer-un-helicoptero-en-un-pub-de-glasgow\\\/#authorImage\",\"url\":\"https:\\\/\\\/secure.gravatar.com\\\/avatar\\\/df2aeffc32bcd13f8d26072ef8a91b623d677766deac7f97ca815868cd41bf5e?s=96&d=mm&r=g\",\"width\":96,\"height\":96,\"caption\":\"El Digital de Asturias\"}},{\"@type\":\"WebPage\",\"@id\":\"https:\\\/\\\/www.eldigitaldeasturias.com\\\/noticias\\\/suben-a-9-los-muertos-al-caer-un-helicoptero-en-un-pub-de-glasgow\\\/#webpage\",\"url\":\"https:\\\/\\\/www.eldigitaldeasturias.com\\\/noticias\\\/suben-a-9-los-muertos-al-caer-un-helicoptero-en-un-pub-de-glasgow\\\/\",\"name\":\"Suben a 9 los muertos al caer un helic\\u00f3ptero en un pub de Glasgow - El Digital de Asturias\",\"description\":\"Londres, 2 dic (EFE).- La Polic\\u00eda escocesa confirm\\u00f3 hoy que ha sido hallado otro cad\\u00e1ver entre los escombros del pub de Glasgow sobre el que el viernes cay\\u00f3 un helic\\u00f3ptero policial, lo que eleva a nueve el n\\u00famero de muertos. El inspector jefe Stephen House indic\\u00f3 ayer que la posibilidad de que se eleve el\",\"inLanguage\":\"es-ES\",\"isPartOf\":{\"@id\":\"https:\\\/\\\/www.eldigitaldeasturias.com\\\/noticias\\\/#website\"},\"breadcrumb\":{\"@id\":\"https:\\\/\\\/www.eldigitaldeasturias.com\\\/noticias\\\/suben-a-9-los-muertos-al-caer-un-helicoptero-en-un-pub-de-glasgow\\\/#breadcrumblist\"},\"author\":{\"@id\":\"https:\\\/\\\/www.eldigitaldeasturias.com\\\/noticias\\\/author\\\/admin\\\/#author\"},\"creator\":{\"@id\":\"https:\\\/\\\/www.eldigitaldeasturias.com\\\/noticias\\\/author\\\/admin\\\/#author\"},\"image\":{\"@type\":\"ImageObject\",\"url\":456769,\"@id\":\"https:\\\/\\\/www.eldigitaldeasturias.com\\\/noticias\\\/suben-a-9-los-muertos-al-caer-un-helicoptero-en-un-pub-de-glasgow\\\/#mainImage\"},\"primaryImageOfPage\":{\"@id\":\"https:\\\/\\\/www.eldigitaldeasturias.com\\\/noticias\\\/suben-a-9-los-muertos-al-caer-un-helicoptero-en-un-pub-de-glasgow\\\/#mainImage\"},\"datePublished\":\"2013-12-02T12:19:00+01:00\",\"dateModified\":\"2013-12-02T12:19:00+01:00\"},{\"@type\":\"WebSite\",\"@id\":\"https:\\\/\\\/www.eldigitaldeasturias.com\\\/noticias\\\/#website\",\"url\":\"https:\\\/\\\/www.eldigitaldeasturias.com\\\/noticias\\\/\",\"name\":\"El Digital de Asturias - Diario de actualidad y noticias\",\"alternateName\":\"El Digital de Asturias - Diario de actualidad y noticias\",\"description\":\"Hemeroteca\",\"inLanguage\":\"es-ES\",\"publisher\":{\"@id\":\"https:\\\/\\\/www.eldigitaldeasturias.com\\\/noticias\\\/#organization\"}}]}\n\t\t<\/script>\n\t\t<!-- All in One SEO Pro -->\r\n\t\t<title>Suben a 9 los muertos al caer un helic\u00f3ptero en un pub de Glasgow - El Digital de Asturias<\/title>\n\n","aioseo_head_json":{"title":"Suben a 9 los muertos al caer un helic\u00f3ptero en un pub de Glasgow - El Digital de Asturias","description":"Londres, 2 dic (EFE).- La Polic\u00eda escocesa confirm\u00f3 hoy que ha sido hallado otro cad\u00e1ver entre los escombros del pub de Glasgow sobre el que el viernes cay\u00f3 un helic\u00f3ptero policial, lo que eleva a nueve el n\u00famero de muertos. El inspector jefe Stephen House indic\u00f3 ayer que la posibilidad de que se eleve el","canonical_url":"https:\/\/www.eldigitaldeasturias.com\/noticias\/suben-a-9-los-muertos-al-caer-un-helicoptero-en-un-pub-de-glasgow\/","robots":"max-image-preview:large","keywords":"sucesos","webmasterTools":{"google-site-verification":"UA-38556648-1","msvalidate.01":"7dfe9f3f1b24437ab69f4f2559babe99","miscellaneous":""},"schema":{"@context":"https:\/\/schema.org","@graph":[{"@type":"BlogPosting","@id":"https:\/\/www.eldigitaldeasturias.com\/noticias\/suben-a-9-los-muertos-al-caer-un-helicoptero-en-un-pub-de-glasgow\/#blogposting","name":"Suben a 9 los muertos al caer un helic\u00f3ptero en un pub de Glasgow - El Digital de Asturias","headline":"Suben a 9 los muertos al caer un helic\u00f3ptero en un pub de Glasgow","author":{"@id":"https:\/\/www.eldigitaldeasturias.com\/noticias\/author\/admin\/#author"},"publisher":{"@id":"https:\/\/www.eldigitaldeasturias.com\/noticias\/#organization"},"image":{"@type":"ImageObject","url":456769},"datePublished":"2013-12-02T12:19:00+01:00","dateModified":"2013-12-02T12:19:00+01:00","inLanguage":"es-ES","mainEntityOfPage":{"@id":"https:\/\/www.eldigitaldeasturias.com\/noticias\/suben-a-9-los-muertos-al-caer-un-helicoptero-en-un-pub-de-glasgow\/#webpage"},"isPartOf":{"@id":"https:\/\/www.eldigitaldeasturias.com\/noticias\/suben-a-9-los-muertos-al-caer-un-helicoptero-en-un-pub-de-glasgow\/#webpage"},"articleSection":"Sucesos"},{"@type":"BreadcrumbList","@id":"https:\/\/www.eldigitaldeasturias.com\/noticias\/suben-a-9-los-muertos-al-caer-un-helicoptero-en-un-pub-de-glasgow\/#breadcrumblist","itemListElement":[{"@type":"ListItem","@id":"https:\/\/www.eldigitaldeasturias.com\/noticias#listItem","position":1,"name":"Home","item":"https:\/\/www.eldigitaldeasturias.com\/noticias","nextItem":{"@type":"ListItem","@id":"https:\/\/www.eldigitaldeasturias.com\/noticias\/category\/sucesos\/#listItem","name":"Sucesos"}},{"@type":"ListItem","@id":"https:\/\/www.eldigitaldeasturias.com\/noticias\/category\/sucesos\/#listItem","position":2,"name":"Sucesos","item":"https:\/\/www.eldigitaldeasturias.com\/noticias\/category\/sucesos\/","nextItem":{"@type":"ListItem","@id":"https:\/\/www.eldigitaldeasturias.com\/noticias\/suben-a-9-los-muertos-al-caer-un-helicoptero-en-un-pub-de-glasgow\/#listItem","name":"Suben a 9 los muertos al caer un helic\u00f3ptero en un pub de Glasgow"},"previousItem":{"@type":"ListItem","@id":"https:\/\/www.eldigitaldeasturias.com\/noticias#listItem","name":"Home"}},{"@type":"ListItem","@id":"https:\/\/www.eldigitaldeasturias.com\/noticias\/suben-a-9-los-muertos-al-caer-un-helicoptero-en-un-pub-de-glasgow\/#listItem","position":3,"name":"Suben a 9 los muertos al caer un helic\u00f3ptero en un pub de Glasgow","previousItem":{"@type":"ListItem","@id":"https:\/\/www.eldigitaldeasturias.com\/noticias\/category\/sucesos\/#listItem","name":"Sucesos"}}]},{"@type":"Organization","@id":"https:\/\/www.eldigitaldeasturias.com\/noticias\/#organization","name":"El Digital de Asturias","description":"Hemeroteca","url":"https:\/\/www.eldigitaldeasturias.com\/noticias\/","email":"info@eldigitaldeasturias.com","telephone":"+34652131393","logo":{"@type":"ImageObject","url":"https:\/\/www.eldigitaldeasturias.com\/noticias\/wp-content\/uploads\/2020\/12\/EDA.jpg","@id":"https:\/\/www.eldigitaldeasturias.com\/noticias\/suben-a-9-los-muertos-al-caer-un-helicoptero-en-un-pub-de-glasgow\/#organizationLogo"},"image":{"@id":"https:\/\/www.eldigitaldeasturias.com\/noticias\/suben-a-9-los-muertos-al-caer-un-helicoptero-en-un-pub-de-glasgow\/#organizationLogo"},"sameAs":["https:\/\/facebook.com\/eldigitaldeasturias","https:\/\/www.youtube.com\/channel\/UCZP-2wLEB9Rv6erhFmqVnvg"],"address":{"@id":"https:\/\/www.eldigitaldeasturias.com\/noticias\/#postaladdress","@type":"PostalAddress","streetAddress":"san antonio 4","postalCode":"33430","addressLocality":"Cand\u00e1s","addressRegion":"Asturias","addressCountry":"ES"}},{"@type":"Person","@id":"https:\/\/www.eldigitaldeasturias.com\/noticias\/author\/admin\/#author","url":"https:\/\/www.eldigitaldeasturias.com\/noticias\/author\/admin\/","name":"El Digital de Asturias","image":{"@type":"ImageObject","@id":"https:\/\/www.eldigitaldeasturias.com\/noticias\/suben-a-9-los-muertos-al-caer-un-helicoptero-en-un-pub-de-glasgow\/#authorImage","url":"https:\/\/secure.gravatar.com\/avatar\/df2aeffc32bcd13f8d26072ef8a91b623d677766deac7f97ca815868cd41bf5e?s=96&d=mm&r=g","width":96,"height":96,"caption":"El Digital de Asturias"}},{"@type":"WebPage","@id":"https:\/\/www.eldigitaldeasturias.com\/noticias\/suben-a-9-los-muertos-al-caer-un-helicoptero-en-un-pub-de-glasgow\/#webpage","url":"https:\/\/www.eldigitaldeasturias.com\/noticias\/suben-a-9-los-muertos-al-caer-un-helicoptero-en-un-pub-de-glasgow\/","name":"Suben a 9 los muertos al caer un helic\u00f3ptero en un pub de Glasgow - El Digital de Asturias","description":"Londres, 2 dic (EFE).- La Polic\u00eda escocesa confirm\u00f3 hoy que ha sido hallado otro cad\u00e1ver entre los escombros del pub de Glasgow sobre el que el viernes cay\u00f3 un helic\u00f3ptero policial, lo que eleva a nueve el n\u00famero de muertos. El inspector jefe Stephen House indic\u00f3 ayer que la posibilidad de que se eleve el","inLanguage":"es-ES","isPartOf":{"@id":"https:\/\/www.eldigitaldeasturias.com\/noticias\/#website"},"breadcrumb":{"@id":"https:\/\/www.eldigitaldeasturias.com\/noticias\/suben-a-9-los-muertos-al-caer-un-helicoptero-en-un-pub-de-glasgow\/#breadcrumblist"},"author":{"@id":"https:\/\/www.eldigitaldeasturias.com\/noticias\/author\/admin\/#author"},"creator":{"@id":"https:\/\/www.eldigitaldeasturias.com\/noticias\/author\/admin\/#author"},"image":{"@type":"ImageObject","url":456769,"@id":"https:\/\/www.eldigitaldeasturias.com\/noticias\/suben-a-9-los-muertos-al-caer-un-helicoptero-en-un-pub-de-glasgow\/#mainImage"},"primaryImageOfPage":{"@id":"https:\/\/www.eldigitaldeasturias.com\/noticias\/suben-a-9-los-muertos-al-caer-un-helicoptero-en-un-pub-de-glasgow\/#mainImage"},"datePublished":"2013-12-02T12:19:00+01:00","dateModified":"2013-12-02T12:19:00+01:00"},{"@type":"WebSite","@id":"https:\/\/www.eldigitaldeasturias.com\/noticias\/#website","url":"https:\/\/www.eldigitaldeasturias.com\/noticias\/","name":"El Digital de Asturias - Diario de actualidad y noticias","alternateName":"El Digital de Asturias - Diario de actualidad y noticias","description":"Hemeroteca","inLanguage":"es-ES","publisher":{"@id":"https:\/\/www.eldigitaldeasturias.com\/noticias\/#organization"}}]},"og:locale":"es_ES","og:site_name":"El Digital de Asturias","og:type":"article","og:title":"Suben a 9 los muertos al caer un helic\u00f3ptero en un pub de Glasgow - El Digital de Asturias","og:description":"Londres, 2 dic (EFE).- La Polic\u00eda escocesa confirm\u00f3 hoy que ha sido hallado otro cad\u00e1ver entre los escombros del pub de Glasgow sobre el que el viernes cay\u00f3 un helic\u00f3ptero policial, lo que eleva a nueve el n\u00famero de muertos. El inspector jefe Stephen House indic\u00f3 ayer que la posibilidad de que se eleve el","og:url":"https:\/\/www.eldigitaldeasturias.com\/noticias\/suben-a-9-los-muertos-al-caer-un-helicoptero-en-un-pub-de-glasgow\/","article:tag":["sucesos"],"article:published_time":"2013-12-02T13:19:00+00:00","article:modified_time":"2013-12-02T13:19:00+00:00","article:publisher":"https:\/\/facebook.com\/eldigitaldeasturias","twitter:card":"summary_large_image","twitter:title":"Suben a 9 los muertos al caer un helic\u00f3ptero en un pub de Glasgow - El Digital de Asturias","twitter:description":"Londres, 2 dic (EFE).- La Polic\u00eda escocesa confirm\u00f3 hoy que ha sido hallado otro cad\u00e1ver entre los escombros del pub de Glasgow sobre el que el viernes cay\u00f3 un helic\u00f3ptero policial, lo que eleva a nueve el n\u00famero de muertos. El inspector jefe Stephen House indic\u00f3 ayer que la posibilidad de que se eleve el","twitter:label1":"Escrito por","twitter:data1":"El Digital de Asturias","twitter:label2":"Tiempo de lectura estimado","twitter:data2":"1 minuto"},"aioseo_meta_data":{"post_id":"456768","title":null,"description":null,"keywords":null,"keyphrases":null,"primary_term":null,"canonical_url":null,"og_title":null,"og_description":null,"og_object_type":"default","og_image_type":"default","og_image_url":null,"og_image_width":null,"og_image_height":null,"og_image_custom_url":null,"og_image_custom_fields":null,"og_video":null,"og_custom_url":null,"og_article_section":null,"og_article_tags":null,"twitter_use_og":true,"twitter_card":"default","twitter_image_type":"default","twitter_image_url":null,"twitter_image_custom_url":null,"twitter_image_custom_fields":null,"twitter_title":null,"twitter_description":null,"schema":{"blockGraphs":[],"customGraphs":[],"default":{"data":{"Article":[],"Course":[],"Dataset":[],"FAQPage":[],"Movie":[],"Person":[],"Product":[],"ProductReview":[],"Car":[],"Recipe":[],"Service":[],"SoftwareApplication":[],"WebPage":[]},"graphName":"","isEnabled":true},"graphs":[],"defaultGraph":"","defaultPostTypeGraph":""},"schema_type":null,"schema_type_options":null,"pillar_content":false,"robots_default":true,"robots_noindex":false,"robots_noarchive":false,"robots_nosnippet":false,"robots_nofollow":false,"robots_noimageindex":false,"robots_noodp":false,"robots_notranslate":false,"robots_max_snippet":null,"robots_max_videopreview":null,"robots_max_imagepreview":"none","priority":null,"frequency":null,"local_seo":null,"seo_analyzer_scan_date":"2026-05-29 23:07:04","breadcrumb_settings":null,"limit_modified_date":false,"open_ai":null,"ai":null,"created":"2020-11-14 22:46:02","updated":"2026-05-29 23:07:04","focus_keyword":null,"additional_keywords":null,"truseo_locale":null},"aioseo_breadcrumb":"<div class=\"aioseo-breadcrumbs\"><span class=\"aioseo-breadcrumb\">\n\t<a href=\"https:\/\/www.eldigitaldeasturias.com\/noticias\" title=\"Home\">Home<\/a>\n<\/span><span class=\"aioseo-breadcrumb-separator\">\u2013<\/span><span class=\"aioseo-breadcrumb\">\n\t<a href=\"https:\/\/www.eldigitaldeasturias.com\/noticias\/category\/sucesos\/\" title=\"Sucesos\">Sucesos<\/a>\n<\/span><span class=\"aioseo-breadcrumb-separator\">\u2013<\/span><span class=\"aioseo-breadcrumb\">\n\t<a href=\"https:\/\/www.eldigitaldeasturias.com\/noticias\/suben-a-9-los-muertos-al-caer-un-helicoptero-en-un-pub-de-glasgow\/\" title=\"Suben a 9 los muertos al caer un helic\u00f3ptero en un pub de Glasgow\">Suben a 9 los muertos al caer un helic\u00f3ptero en un pub de Glasgow<\/a>\n<\/span><\/div>","aioseo_breadcrumb_json":[{"label":"Home","link":"https:\/\/www.eldigitaldeasturias.com\/noticias"},{"label":"Sucesos","link":"https:\/\/www.eldigitaldeasturias.com\/noticias\/category\/sucesos\/"},{"label":"Suben a 9 los muertos al caer un helic\u00f3ptero en un pub de Glasgow","link":"https:\/\/www.eldigitaldeasturias.com\/noticias\/suben-a-9-los-muertos-al-caer-un-helicoptero-en-un-pub-de-glasgow\/"}],"_links":{"self":[{"href":"https:\/\/www.eldigitaldeasturias.com\/noticias\/wp-json\/wp\/v2\/posts\/456768","targetHints":{"allow":["GET"]}}],"collection":[{"href":"https:\/\/www.eldigitaldeasturias.com\/noticias\/wp-json\/wp\/v2\/posts"}],"about":[{"href":"https:\/\/www.eldigitaldeasturias.com\/noticias\/wp-json\/wp\/v2\/types\/post"}],"author":[{"embeddable":true,"href":"https:\/\/www.eldigitaldeasturias.com\/noticias\/wp-json\/wp\/v2\/users\/1"}],"replies":[{"embeddable":true,"href":"https:\/\/www.eldigitaldeasturias.com\/noticias\/wp-json\/wp\/v2\/comments?post=456768"}],"version-history":[{"count":0,"href":"https:\/\/www.eldigitaldeasturias.com\/noticias\/wp-json\/wp\/v2\/posts\/456768\/revisions"}],"wp:attachment":[{"href":"https:\/\/www.eldigitaldeasturias.com\/noticias\/wp-json\/wp\/v2\/media?parent=456768"}],"wp:term":[{"taxonomy":"category","embeddable":true,"href":"https:\/\/www.eldigitaldeasturias.com\/noticias\/wp-json\/wp\/v2\/categories?post=456768"},{"taxonomy":"post_tag","embeddable":true,"href":"https:\/\/www.eldigitaldeasturias.com\/noticias\/wp-json\/wp\/v2\/tags?post=456768"}],"curies":[{"name":"wp","href":"https:\/\/api.w.org\/{rel}","templated":true}]}}