{"id":456751,"date":"2013-12-02T11:43:34","date_gmt":"2013-12-02T12:43:34","guid":{"rendered":"http:\/\/www.eldigitaldeasturias.com\/noticias\/?p=456751"},"modified":"2013-12-02T11:43:34","modified_gmt":"2013-12-02T12:43:34","slug":"aviles-mantiene-su-compromiso-con-zalia-por-su-valor-estrategico-para-el-puerto","status":"publish","type":"post","link":"https:\/\/www.eldigitaldeasturias.com\/noticias\/aviles-mantiene-su-compromiso-con-zalia-por-su-valor-estrategico-para-el-puerto\/","title":{"rendered":"Avil\u00e9s mantiene su compromiso con ZALIA por su valor estrat\u00e9gico para el puerto"},"content":{"rendered":"<p><img loading=\"lazy\" decoding=\"async\" class=\"alignleft size-medium wp-image-1580\" alt=\"aviles\" src=\"https:\/\/www.eldigitaldeasturias.com\/noticias\/wp-content\/uploads\/2013\/09\/aviles-360x270.jpg\" width=\"360\" height=\"270\" \/>Avil\u00e9s, 2 dic (EFE).- El concejal de Urbanismo de Avil\u00e9s, Te\u00f3filo Rodr\u00edguez, ha asegurado hoy que el Gobierno local, mantendr\u00e1 su compromiso con la Zona de Actividades Log\u00edsticas e Industriales de Asturias (ZALIA), \u00abpor su valor estrat\u00e9gico para el desarrollo econ\u00f3mico del puerto y de la comarca\u00bb.<\/p>\n<p>El concejal, que forma parte del consejo de administraci\u00f3n de la ZALIA, ha realizado estas declaraciones tras la negativa del Ayuntamiento de Gij\u00f3n a renovar un pr\u00e9stamo bancario de la ZALIA.<\/p>\n<p>El Ayuntamiento de Avil\u00e9s participa desde su creaci\u00f3n en la sociedad ZALIA por el inter\u00e9s de dicha plataforma log\u00edstica para el desarrollo y actividad econ\u00f3mica de Asturias, \u00absobretodo de los puertos y concretamente del de Avil\u00e9s\u00bb, ha indicado el concejal.<\/p>\n<p>El Ayuntamiento de Avil\u00e9s, como accionista, mantiene una carta de compromiso con las entidades de cr\u00e9dito, \u00abque en absoluto supone un aval directo de la operaci\u00f3n, sino el compromiso de acudir, de forma mancomunada con el resto de accionistas, ante una situaci\u00f3n de incumplimiento del contrato de financiaci\u00f3n establecido con las entidades bancarias\u00bb, ha sostenido Rodr\u00edguez.<\/p>\n<p>El Gobierno del Principado de Asturias ha asumido ante las entidades financieras el compromiso de aportaci\u00f3n de fondos a ZALIA por una cuant\u00eda equivalente al 90 por ciento del principal del cr\u00e9dito dispuesto y los gastos financieros correspondientes, ha explicado el concejal de Urbanismo.<\/p>\n<p>Con este compromiso, el Principado garantiza que la ZALIA atender\u00e1, en dicho porcentaje, sus obligaciones con las entidades financieras por los importes que se deriven de los t\u00e9rminos del contrato de cr\u00e9dito, ha a\u00f1adido el edil.<\/p>\n<p>El Ayuntamiento de Avil\u00e9s, con el objetivo de contribuir a que la ZALIA cuente con fondos suficientes para atender sus obligaciones ante las entidades financieras, asume el compromiso de aportar fondos en una cantidad m\u00e1xima equivalente al 2 por ciento del importe disponible del cr\u00e9dito.<\/p>\n<p>\u00abA nadie se le escapa que la situaci\u00f3n del Ayuntamiento de Avil\u00e9s y del de Gij\u00f3n no son comparables\u00bb, ha indicado Te\u00f3filo Rodr\u00edguez, que ha recalcado que el \u00e1mbito de desarrollo de la ZALIA y su actividad se ubican en Gij\u00f3n\u00bb y es ese municipio el que puede contar con\u00a0 la obtenci\u00f3n de recursos tanto en el desarrollo de la obra como en el de vida de la actividad\u00bb.<\/p>\n<p>\u00abEn todo caso, es el momento de renegociar con las entidades bancarias nuevos plazos y condiciones del contrato de financiaci\u00f3n suscrito, que permitan a\u00a0 ZALIA terminar las obras de esta primera fase y comenzar la comercializaci\u00f3n de las parcelas\u00bb, ha recalcado Te\u00f3filo Rodr\u00edguez.<\/p>\n","protected":false},"excerpt":{"rendered":"<p>Avil\u00e9s, 2 dic (EFE).- El concejal de Urbanismo de Avil\u00e9s, Te\u00f3filo Rodr\u00edguez, ha asegurado hoy que el Gobierno local, mantendr\u00e1 su compromiso con la Zona de Actividades Log\u00edsticas e Industriales de Asturias (ZALIA), \u00abpor su valor estrat\u00e9gico para el desarrollo econ\u00f3mico del puerto y de la comarca\u00bb. El concejal, que forma parte del consejo de [&hellip;]<\/p>\n","protected":false},"author":1,"featured_media":1132184,"comment_status":"closed","ping_status":"open","sticky":false,"template":"","format":"standard","meta":{"footnotes":""},"categories":[12],"tags":[],"class_list":["post-456751","post","type-post","status-publish","format-standard","has-post-thumbnail","hentry","category-actualidad-asturias"],"aioseo_notices":[],"aioseo_head":"\n\t\t<!-- All in One SEO Pro 5.0.1 - aioseo.com -->\n\t<meta name=\"description\" content=\"Avil\u00e9s, 2 dic (EFE).- El concejal de Urbanismo de Avil\u00e9s, Te\u00f3filo Rodr\u00edguez, ha asegurado hoy que el Gobierno local, mantendr\u00e1 su compromiso con la Zona de Actividades Log\u00edsticas e Industriales de Asturias (ZALIA), &quot;por su valor estrat\u00e9gico para el desarrollo econ\u00f3mico del puerto y de la comarca&quot;. El concejal, que forma parte del consejo de\" \/>\n\t<meta name=\"robots\" content=\"max-image-preview:large\" \/>\n\t<meta name=\"author\" content=\"El Digital de Asturias\"\/>\n\t<meta name=\"google-site-verification\" content=\"UA-38556648-1\" \/>\n\t<meta name=\"msvalidate.01\" content=\"7dfe9f3f1b24437ab69f4f2559babe99\" \/>\n\t<meta name=\"keywords\" content=\"actualidad asturias\" \/>\n\t<link rel=\"canonical\" href=\"https:\/\/www.eldigitaldeasturias.com\/noticias\/aviles-mantiene-su-compromiso-con-zalia-por-su-valor-estrategico-para-el-puerto\/\" \/>\n\t<meta name=\"generator\" content=\"All in One SEO Pro (AIOSEO) 5.0.1\" \/>\n\t\t<meta property=\"og:locale\" content=\"es_ES\" \/>\n\t\t<meta property=\"og:site_name\" content=\"El Digital de Asturias\" \/>\n\t\t<meta property=\"og:type\" content=\"article\" \/>\n\t\t<meta property=\"og:title\" content=\"Avil\u00e9s mantiene su compromiso con ZALIA por su valor estrat\u00e9gico para el puerto - El Digital de Asturias\" \/>\n\t\t<meta property=\"og:description\" content=\"Avil\u00e9s, 2 dic (EFE).- El concejal de Urbanismo de Avil\u00e9s, Te\u00f3filo Rodr\u00edguez, ha asegurado hoy que el Gobierno local, mantendr\u00e1 su compromiso con la Zona de Actividades Log\u00edsticas e Industriales de Asturias (ZALIA), &quot;por su valor estrat\u00e9gico para el desarrollo econ\u00f3mico del puerto y de la comarca&quot;. El concejal, que forma parte del consejo de\" \/>\n\t\t<meta property=\"og:url\" content=\"https:\/\/www.eldigitaldeasturias.com\/noticias\/aviles-mantiene-su-compromiso-con-zalia-por-su-valor-estrategico-para-el-puerto\/\" \/>\n\t\t<meta property=\"og:image\" content=\"https:\/\/www.eldigitaldeasturias.com\/noticias\/wp-content\/uploads\/2026\/06\/Contenidos.jpg\" \/>\n\t\t<meta property=\"og:image:secure_url\" content=\"https:\/\/www.eldigitaldeasturias.com\/noticias\/wp-content\/uploads\/2026\/06\/Contenidos.jpg\" \/>\n\t\t<meta property=\"og:image:width\" content=\"1265\" \/>\n\t\t<meta property=\"og:image:height\" content=\"697\" \/>\n\t\t<meta property=\"article:tag\" content=\"actualidad asturias\" \/>\n\t\t<meta property=\"article:published_time\" content=\"2013-12-02T12:43:34+00:00\" \/>\n\t\t<meta property=\"article:modified_time\" content=\"2013-12-02T12:43:34+00:00\" \/>\n\t\t<meta property=\"article:publisher\" content=\"https:\/\/facebook.com\/eldigitaldeasturias\" \/>\n\t\t<meta name=\"twitter:card\" content=\"summary_large_image\" \/>\n\t\t<meta name=\"twitter:title\" content=\"Avil\u00e9s mantiene su compromiso con ZALIA por su valor estrat\u00e9gico para el puerto - El Digital de Asturias\" \/>\n\t\t<meta name=\"twitter:description\" content=\"Avil\u00e9s, 2 dic (EFE).- El concejal de Urbanismo de Avil\u00e9s, Te\u00f3filo Rodr\u00edguez, ha asegurado hoy que el Gobierno local, mantendr\u00e1 su compromiso con la Zona de Actividades Log\u00edsticas e Industriales de Asturias (ZALIA), &quot;por su valor estrat\u00e9gico para el desarrollo econ\u00f3mico del puerto y de la comarca&quot;. El concejal, que forma parte del consejo de\" \/>\n\t\t<meta name=\"twitter:image\" content=\"https:\/\/www.eldigitaldeasturias.com\/noticias\/wp-content\/uploads\/2026\/06\/Contenidos.jpg\" \/>\n\t\t<meta name=\"twitter:label1\" content=\"Escrito por\" \/>\n\t\t<meta name=\"twitter:data1\" content=\"El Digital de Asturias\" \/>\n\t\t<meta name=\"twitter:label2\" content=\"Tiempo de lectura estimado\" \/>\n\t\t<meta name=\"twitter:data2\" content=\"2 minutos\" \/>\n\t\t<script type=\"application\/ld+json\" class=\"aioseo-schema\">\n\t\t\t{\"@context\":\"https:\\\/\\\/schema.org\",\"@graph\":[{\"@type\":\"BlogPosting\",\"@id\":\"https:\\\/\\\/www.eldigitaldeasturias.com\\\/noticias\\\/aviles-mantiene-su-compromiso-con-zalia-por-su-valor-estrategico-para-el-puerto\\\/#blogposting\",\"name\":\"Avil\\u00e9s mantiene su compromiso con ZALIA por su valor estrat\\u00e9gico para el puerto - El Digital de Asturias\",\"headline\":\"Avil\\u00e9s mantiene su compromiso con ZALIA por su valor estrat\\u00e9gico para el puerto\",\"author\":{\"@id\":\"https:\\\/\\\/www.eldigitaldeasturias.com\\\/noticias\\\/author\\\/admin\\\/#author\"},\"publisher\":{\"@id\":\"https:\\\/\\\/www.eldigitaldeasturias.com\\\/noticias\\\/#organization\"},\"image\":{\"@type\":\"ImageObject\",\"url\":\"https:\\\/\\\/www.eldigitaldeasturias.com\\\/noticias\\\/wp-content\\\/uploads\\\/2026\\\/06\\\/Contenidos.jpg\",\"width\":1265,\"height\":697,\"caption\":\"Contenidos\"},\"datePublished\":\"2013-12-02T11:43:34+01:00\",\"dateModified\":\"2013-12-02T11:43:34+01:00\",\"inLanguage\":\"es-ES\",\"mainEntityOfPage\":{\"@id\":\"https:\\\/\\\/www.eldigitaldeasturias.com\\\/noticias\\\/aviles-mantiene-su-compromiso-con-zalia-por-su-valor-estrategico-para-el-puerto\\\/#webpage\"},\"isPartOf\":{\"@id\":\"https:\\\/\\\/www.eldigitaldeasturias.com\\\/noticias\\\/aviles-mantiene-su-compromiso-con-zalia-por-su-valor-estrategico-para-el-puerto\\\/#webpage\"},\"articleSection\":\"Actualidad Asturias\"},{\"@type\":\"BreadcrumbList\",\"@id\":\"https:\\\/\\\/www.eldigitaldeasturias.com\\\/noticias\\\/aviles-mantiene-su-compromiso-con-zalia-por-su-valor-estrategico-para-el-puerto\\\/#breadcrumblist\",\"itemListElement\":[{\"@type\":\"ListItem\",\"@id\":\"https:\\\/\\\/www.eldigitaldeasturias.com\\\/noticias#listItem\",\"position\":1,\"name\":\"Home\",\"item\":\"https:\\\/\\\/www.eldigitaldeasturias.com\\\/noticias\",\"nextItem\":{\"@type\":\"ListItem\",\"@id\":\"https:\\\/\\\/www.eldigitaldeasturias.com\\\/noticias\\\/category\\\/actualidad-asturias\\\/#listItem\",\"name\":\"Actualidad Asturias\"}},{\"@type\":\"ListItem\",\"@id\":\"https:\\\/\\\/www.eldigitaldeasturias.com\\\/noticias\\\/category\\\/actualidad-asturias\\\/#listItem\",\"position\":2,\"name\":\"Actualidad Asturias\",\"item\":\"https:\\\/\\\/www.eldigitaldeasturias.com\\\/noticias\\\/category\\\/actualidad-asturias\\\/\",\"nextItem\":{\"@type\":\"ListItem\",\"@id\":\"https:\\\/\\\/www.eldigitaldeasturias.com\\\/noticias\\\/aviles-mantiene-su-compromiso-con-zalia-por-su-valor-estrategico-para-el-puerto\\\/#listItem\",\"name\":\"Avil\\u00e9s mantiene su compromiso con ZALIA por su valor estrat\\u00e9gico para el puerto\"},\"previousItem\":{\"@type\":\"ListItem\",\"@id\":\"https:\\\/\\\/www.eldigitaldeasturias.com\\\/noticias#listItem\",\"name\":\"Home\"}},{\"@type\":\"ListItem\",\"@id\":\"https:\\\/\\\/www.eldigitaldeasturias.com\\\/noticias\\\/aviles-mantiene-su-compromiso-con-zalia-por-su-valor-estrategico-para-el-puerto\\\/#listItem\",\"position\":3,\"name\":\"Avil\\u00e9s mantiene su compromiso con ZALIA por su valor estrat\\u00e9gico para el puerto\",\"previousItem\":{\"@type\":\"ListItem\",\"@id\":\"https:\\\/\\\/www.eldigitaldeasturias.com\\\/noticias\\\/category\\\/actualidad-asturias\\\/#listItem\",\"name\":\"Actualidad Asturias\"}}]},{\"@type\":\"Organization\",\"@id\":\"https:\\\/\\\/www.eldigitaldeasturias.com\\\/noticias\\\/#organization\",\"name\":\"El Digital de Asturias\",\"description\":\"Hemeroteca\",\"url\":\"https:\\\/\\\/www.eldigitaldeasturias.com\\\/noticias\\\/\",\"email\":\"info@eldigitaldeasturias.com\",\"telephone\":\"+34652131393\",\"logo\":{\"@type\":\"ImageObject\",\"url\":\"https:\\\/\\\/www.eldigitaldeasturias.com\\\/noticias\\\/wp-content\\\/uploads\\\/2020\\\/12\\\/EDA.jpg\",\"@id\":\"https:\\\/\\\/www.eldigitaldeasturias.com\\\/noticias\\\/aviles-mantiene-su-compromiso-con-zalia-por-su-valor-estrategico-para-el-puerto\\\/#organizationLogo\"},\"image\":{\"@id\":\"https:\\\/\\\/www.eldigitaldeasturias.com\\\/noticias\\\/aviles-mantiene-su-compromiso-con-zalia-por-su-valor-estrategico-para-el-puerto\\\/#organizationLogo\"},\"sameAs\":[\"https:\\\/\\\/facebook.com\\\/eldigitaldeasturias\",\"https:\\\/\\\/www.youtube.com\\\/channel\\\/UCZP-2wLEB9Rv6erhFmqVnvg\"],\"address\":{\"@id\":\"https:\\\/\\\/www.eldigitaldeasturias.com\\\/noticias\\\/#postaladdress\",\"@type\":\"PostalAddress\",\"streetAddress\":\"san antonio 4\",\"postalCode\":\"33430\",\"addressLocality\":\"Cand\\u00e1s\",\"addressRegion\":\"Asturias\",\"addressCountry\":\"ES\"}},{\"@type\":\"Person\",\"@id\":\"https:\\\/\\\/www.eldigitaldeasturias.com\\\/noticias\\\/author\\\/admin\\\/#author\",\"url\":\"https:\\\/\\\/www.eldigitaldeasturias.com\\\/noticias\\\/author\\\/admin\\\/\",\"name\":\"El Digital de Asturias\",\"image\":{\"@type\":\"ImageObject\",\"@id\":\"https:\\\/\\\/www.eldigitaldeasturias.com\\\/noticias\\\/aviles-mantiene-su-compromiso-con-zalia-por-su-valor-estrategico-para-el-puerto\\\/#authorImage\",\"url\":\"https:\\\/\\\/secure.gravatar.com\\\/avatar\\\/df2aeffc32bcd13f8d26072ef8a91b623d677766deac7f97ca815868cd41bf5e?s=96&d=mm&r=g\",\"width\":96,\"height\":96,\"caption\":\"El Digital de Asturias\"}},{\"@type\":\"WebPage\",\"@id\":\"https:\\\/\\\/www.eldigitaldeasturias.com\\\/noticias\\\/aviles-mantiene-su-compromiso-con-zalia-por-su-valor-estrategico-para-el-puerto\\\/#webpage\",\"url\":\"https:\\\/\\\/www.eldigitaldeasturias.com\\\/noticias\\\/aviles-mantiene-su-compromiso-con-zalia-por-su-valor-estrategico-para-el-puerto\\\/\",\"name\":\"Avil\\u00e9s mantiene su compromiso con ZALIA por su valor estrat\\u00e9gico para el puerto - El Digital de Asturias\",\"description\":\"Avil\\u00e9s, 2 dic (EFE).- El concejal de Urbanismo de Avil\\u00e9s, Te\\u00f3filo Rodr\\u00edguez, ha asegurado hoy que el Gobierno local, mantendr\\u00e1 su compromiso con la Zona de Actividades Log\\u00edsticas e Industriales de Asturias (ZALIA), \\\"por su valor estrat\\u00e9gico para el desarrollo econ\\u00f3mico del puerto y de la comarca\\\". El concejal, que forma parte del consejo de\",\"inLanguage\":\"es-ES\",\"isPartOf\":{\"@id\":\"https:\\\/\\\/www.eldigitaldeasturias.com\\\/noticias\\\/#website\"},\"breadcrumb\":{\"@id\":\"https:\\\/\\\/www.eldigitaldeasturias.com\\\/noticias\\\/aviles-mantiene-su-compromiso-con-zalia-por-su-valor-estrategico-para-el-puerto\\\/#breadcrumblist\"},\"author\":{\"@id\":\"https:\\\/\\\/www.eldigitaldeasturias.com\\\/noticias\\\/author\\\/admin\\\/#author\"},\"creator\":{\"@id\":\"https:\\\/\\\/www.eldigitaldeasturias.com\\\/noticias\\\/author\\\/admin\\\/#author\"},\"image\":{\"@type\":\"ImageObject\",\"url\":\"https:\\\/\\\/www.eldigitaldeasturias.com\\\/noticias\\\/wp-content\\\/uploads\\\/2026\\\/06\\\/Contenidos.jpg\",\"@id\":\"https:\\\/\\\/www.eldigitaldeasturias.com\\\/noticias\\\/aviles-mantiene-su-compromiso-con-zalia-por-su-valor-estrategico-para-el-puerto\\\/#mainImage\",\"width\":1265,\"height\":697,\"caption\":\"Contenidos\"},\"primaryImageOfPage\":{\"@id\":\"https:\\\/\\\/www.eldigitaldeasturias.com\\\/noticias\\\/aviles-mantiene-su-compromiso-con-zalia-por-su-valor-estrategico-para-el-puerto\\\/#mainImage\"},\"datePublished\":\"2013-12-02T11:43:34+01:00\",\"dateModified\":\"2013-12-02T11:43:34+01:00\"},{\"@type\":\"WebSite\",\"@id\":\"https:\\\/\\\/www.eldigitaldeasturias.com\\\/noticias\\\/#website\",\"url\":\"https:\\\/\\\/www.eldigitaldeasturias.com\\\/noticias\\\/\",\"name\":\"El Digital de Asturias - Diario de actualidad y noticias\",\"alternateName\":\"El Digital de Asturias - Diario de actualidad y noticias\",\"description\":\"Hemeroteca\",\"inLanguage\":\"es-ES\",\"publisher\":{\"@id\":\"https:\\\/\\\/www.eldigitaldeasturias.com\\\/noticias\\\/#organization\"}}]}\n\t\t<\/script>\n\t\t<!-- All in One SEO Pro -->\r\n\t\t<title>Avil\u00e9s mantiene su compromiso con ZALIA por su valor estrat\u00e9gico para el puerto - El Digital de Asturias<\/title>\n\n","aioseo_head_json":{"title":"Avil\u00e9s mantiene su compromiso con ZALIA por su valor estrat\u00e9gico para el puerto - El Digital de Asturias","description":"Avil\u00e9s, 2 dic (EFE).- El concejal de Urbanismo de Avil\u00e9s, Te\u00f3filo Rodr\u00edguez, ha asegurado hoy que el Gobierno local, mantendr\u00e1 su compromiso con la Zona de Actividades Log\u00edsticas e Industriales de Asturias (ZALIA), \"por su valor estrat\u00e9gico para el desarrollo econ\u00f3mico del puerto y de la comarca\". El concejal, que forma parte del consejo de","canonical_url":"https:\/\/www.eldigitaldeasturias.com\/noticias\/aviles-mantiene-su-compromiso-con-zalia-por-su-valor-estrategico-para-el-puerto\/","robots":"max-image-preview:large","keywords":"actualidad asturias","webmasterTools":{"google-site-verification":"UA-38556648-1","msvalidate.01":"7dfe9f3f1b24437ab69f4f2559babe99","miscellaneous":""},"schema":{"@context":"https:\/\/schema.org","@graph":[{"@type":"BlogPosting","@id":"https:\/\/www.eldigitaldeasturias.com\/noticias\/aviles-mantiene-su-compromiso-con-zalia-por-su-valor-estrategico-para-el-puerto\/#blogposting","name":"Avil\u00e9s mantiene su compromiso con ZALIA por su valor estrat\u00e9gico para el puerto - El Digital de Asturias","headline":"Avil\u00e9s mantiene su compromiso con ZALIA por su valor estrat\u00e9gico para el puerto","author":{"@id":"https:\/\/www.eldigitaldeasturias.com\/noticias\/author\/admin\/#author"},"publisher":{"@id":"https:\/\/www.eldigitaldeasturias.com\/noticias\/#organization"},"image":{"@type":"ImageObject","url":"https:\/\/www.eldigitaldeasturias.com\/noticias\/wp-content\/uploads\/2026\/06\/Contenidos.jpg","width":1265,"height":697,"caption":"Contenidos"},"datePublished":"2013-12-02T11:43:34+01:00","dateModified":"2013-12-02T11:43:34+01:00","inLanguage":"es-ES","mainEntityOfPage":{"@id":"https:\/\/www.eldigitaldeasturias.com\/noticias\/aviles-mantiene-su-compromiso-con-zalia-por-su-valor-estrategico-para-el-puerto\/#webpage"},"isPartOf":{"@id":"https:\/\/www.eldigitaldeasturias.com\/noticias\/aviles-mantiene-su-compromiso-con-zalia-por-su-valor-estrategico-para-el-puerto\/#webpage"},"articleSection":"Actualidad Asturias"},{"@type":"BreadcrumbList","@id":"https:\/\/www.eldigitaldeasturias.com\/noticias\/aviles-mantiene-su-compromiso-con-zalia-por-su-valor-estrategico-para-el-puerto\/#breadcrumblist","itemListElement":[{"@type":"ListItem","@id":"https:\/\/www.eldigitaldeasturias.com\/noticias#listItem","position":1,"name":"Home","item":"https:\/\/www.eldigitaldeasturias.com\/noticias","nextItem":{"@type":"ListItem","@id":"https:\/\/www.eldigitaldeasturias.com\/noticias\/category\/actualidad-asturias\/#listItem","name":"Actualidad Asturias"}},{"@type":"ListItem","@id":"https:\/\/www.eldigitaldeasturias.com\/noticias\/category\/actualidad-asturias\/#listItem","position":2,"name":"Actualidad Asturias","item":"https:\/\/www.eldigitaldeasturias.com\/noticias\/category\/actualidad-asturias\/","nextItem":{"@type":"ListItem","@id":"https:\/\/www.eldigitaldeasturias.com\/noticias\/aviles-mantiene-su-compromiso-con-zalia-por-su-valor-estrategico-para-el-puerto\/#listItem","name":"Avil\u00e9s mantiene su compromiso con ZALIA por su valor estrat\u00e9gico para el puerto"},"previousItem":{"@type":"ListItem","@id":"https:\/\/www.eldigitaldeasturias.com\/noticias#listItem","name":"Home"}},{"@type":"ListItem","@id":"https:\/\/www.eldigitaldeasturias.com\/noticias\/aviles-mantiene-su-compromiso-con-zalia-por-su-valor-estrategico-para-el-puerto\/#listItem","position":3,"name":"Avil\u00e9s mantiene su compromiso con ZALIA por su valor estrat\u00e9gico para el puerto","previousItem":{"@type":"ListItem","@id":"https:\/\/www.eldigitaldeasturias.com\/noticias\/category\/actualidad-asturias\/#listItem","name":"Actualidad Asturias"}}]},{"@type":"Organization","@id":"https:\/\/www.eldigitaldeasturias.com\/noticias\/#organization","name":"El Digital de Asturias","description":"Hemeroteca","url":"https:\/\/www.eldigitaldeasturias.com\/noticias\/","email":"info@eldigitaldeasturias.com","telephone":"+34652131393","logo":{"@type":"ImageObject","url":"https:\/\/www.eldigitaldeasturias.com\/noticias\/wp-content\/uploads\/2020\/12\/EDA.jpg","@id":"https:\/\/www.eldigitaldeasturias.com\/noticias\/aviles-mantiene-su-compromiso-con-zalia-por-su-valor-estrategico-para-el-puerto\/#organizationLogo"},"image":{"@id":"https:\/\/www.eldigitaldeasturias.com\/noticias\/aviles-mantiene-su-compromiso-con-zalia-por-su-valor-estrategico-para-el-puerto\/#organizationLogo"},"sameAs":["https:\/\/facebook.com\/eldigitaldeasturias","https:\/\/www.youtube.com\/channel\/UCZP-2wLEB9Rv6erhFmqVnvg"],"address":{"@id":"https:\/\/www.eldigitaldeasturias.com\/noticias\/#postaladdress","@type":"PostalAddress","streetAddress":"san antonio 4","postalCode":"33430","addressLocality":"Cand\u00e1s","addressRegion":"Asturias","addressCountry":"ES"}},{"@type":"Person","@id":"https:\/\/www.eldigitaldeasturias.com\/noticias\/author\/admin\/#author","url":"https:\/\/www.eldigitaldeasturias.com\/noticias\/author\/admin\/","name":"El Digital de Asturias","image":{"@type":"ImageObject","@id":"https:\/\/www.eldigitaldeasturias.com\/noticias\/aviles-mantiene-su-compromiso-con-zalia-por-su-valor-estrategico-para-el-puerto\/#authorImage","url":"https:\/\/secure.gravatar.com\/avatar\/df2aeffc32bcd13f8d26072ef8a91b623d677766deac7f97ca815868cd41bf5e?s=96&d=mm&r=g","width":96,"height":96,"caption":"El Digital de Asturias"}},{"@type":"WebPage","@id":"https:\/\/www.eldigitaldeasturias.com\/noticias\/aviles-mantiene-su-compromiso-con-zalia-por-su-valor-estrategico-para-el-puerto\/#webpage","url":"https:\/\/www.eldigitaldeasturias.com\/noticias\/aviles-mantiene-su-compromiso-con-zalia-por-su-valor-estrategico-para-el-puerto\/","name":"Avil\u00e9s mantiene su compromiso con ZALIA por su valor estrat\u00e9gico para el puerto - El Digital de Asturias","description":"Avil\u00e9s, 2 dic (EFE).- El concejal de Urbanismo de Avil\u00e9s, Te\u00f3filo Rodr\u00edguez, ha asegurado hoy que el Gobierno local, mantendr\u00e1 su compromiso con la Zona de Actividades Log\u00edsticas e Industriales de Asturias (ZALIA), \"por su valor estrat\u00e9gico para el desarrollo econ\u00f3mico del puerto y de la comarca\". El concejal, que forma parte del consejo de","inLanguage":"es-ES","isPartOf":{"@id":"https:\/\/www.eldigitaldeasturias.com\/noticias\/#website"},"breadcrumb":{"@id":"https:\/\/www.eldigitaldeasturias.com\/noticias\/aviles-mantiene-su-compromiso-con-zalia-por-su-valor-estrategico-para-el-puerto\/#breadcrumblist"},"author":{"@id":"https:\/\/www.eldigitaldeasturias.com\/noticias\/author\/admin\/#author"},"creator":{"@id":"https:\/\/www.eldigitaldeasturias.com\/noticias\/author\/admin\/#author"},"image":{"@type":"ImageObject","url":"https:\/\/www.eldigitaldeasturias.com\/noticias\/wp-content\/uploads\/2026\/06\/Contenidos.jpg","@id":"https:\/\/www.eldigitaldeasturias.com\/noticias\/aviles-mantiene-su-compromiso-con-zalia-por-su-valor-estrategico-para-el-puerto\/#mainImage","width":1265,"height":697,"caption":"Contenidos"},"primaryImageOfPage":{"@id":"https:\/\/www.eldigitaldeasturias.com\/noticias\/aviles-mantiene-su-compromiso-con-zalia-por-su-valor-estrategico-para-el-puerto\/#mainImage"},"datePublished":"2013-12-02T11:43:34+01:00","dateModified":"2013-12-02T11:43:34+01:00"},{"@type":"WebSite","@id":"https:\/\/www.eldigitaldeasturias.com\/noticias\/#website","url":"https:\/\/www.eldigitaldeasturias.com\/noticias\/","name":"El Digital de Asturias - Diario de actualidad y noticias","alternateName":"El Digital de Asturias - Diario de actualidad y noticias","description":"Hemeroteca","inLanguage":"es-ES","publisher":{"@id":"https:\/\/www.eldigitaldeasturias.com\/noticias\/#organization"}}]},"og:locale":"es_ES","og:site_name":"El Digital de Asturias","og:type":"article","og:title":"Avil\u00e9s mantiene su compromiso con ZALIA por su valor estrat\u00e9gico para el puerto - El Digital de Asturias","og:description":"Avil\u00e9s, 2 dic (EFE).- El concejal de Urbanismo de Avil\u00e9s, Te\u00f3filo Rodr\u00edguez, ha asegurado hoy que el Gobierno local, mantendr\u00e1 su compromiso con la Zona de Actividades Log\u00edsticas e Industriales de Asturias (ZALIA), &quot;por su valor estrat\u00e9gico para el desarrollo econ\u00f3mico del puerto y de la comarca&quot;. El concejal, que forma parte del consejo de","og:url":"https:\/\/www.eldigitaldeasturias.com\/noticias\/aviles-mantiene-su-compromiso-con-zalia-por-su-valor-estrategico-para-el-puerto\/","og:image":"https:\/\/www.eldigitaldeasturias.com\/noticias\/wp-content\/uploads\/2026\/06\/Contenidos.jpg","og:image:secure_url":"https:\/\/www.eldigitaldeasturias.com\/noticias\/wp-content\/uploads\/2026\/06\/Contenidos.jpg","og:image:width":1265,"og:image:height":697,"article:tag":["actualidad asturias"],"article:published_time":"2013-12-02T12:43:34+00:00","article:modified_time":"2013-12-02T12:43:34+00:00","article:publisher":"https:\/\/facebook.com\/eldigitaldeasturias","twitter:card":"summary_large_image","twitter:title":"Avil\u00e9s mantiene su compromiso con ZALIA por su valor estrat\u00e9gico para el puerto - El Digital de Asturias","twitter:description":"Avil\u00e9s, 2 dic (EFE).- El concejal de Urbanismo de Avil\u00e9s, Te\u00f3filo Rodr\u00edguez, ha asegurado hoy que el Gobierno local, mantendr\u00e1 su compromiso con la Zona de Actividades Log\u00edsticas e Industriales de Asturias (ZALIA), &quot;por su valor estrat\u00e9gico para el desarrollo econ\u00f3mico del puerto y de la comarca&quot;. El concejal, que forma parte del consejo de","twitter:image":"https:\/\/www.eldigitaldeasturias.com\/noticias\/wp-content\/uploads\/2026\/06\/Contenidos.jpg","twitter:label1":"Escrito por","twitter:data1":"El Digital de Asturias","twitter:label2":"Tiempo de lectura estimado","twitter:data2":"2 minutos"},"aioseo_meta_data":{"post_id":"456751","title":null,"description":null,"keywords":null,"keyphrases":null,"primary_term":null,"canonical_url":null,"og_title":null,"og_description":null,"og_object_type":"default","og_image_type":"default","og_image_url":null,"og_image_width":null,"og_image_height":null,"og_image_custom_url":null,"og_image_custom_fields":null,"og_video":null,"og_custom_url":null,"og_article_section":null,"og_article_tags":null,"twitter_use_og":true,"twitter_card":"default","twitter_image_type":"default","twitter_image_url":null,"twitter_image_custom_url":null,"twitter_image_custom_fields":null,"twitter_title":null,"twitter_description":null,"schema":{"blockGraphs":[],"customGraphs":[],"default":{"data":{"Article":[],"Course":[],"Dataset":[],"FAQPage":[],"Movie":[],"Person":[],"Product":[],"ProductReview":[],"Car":[],"Recipe":[],"Service":[],"SoftwareApplication":[],"WebPage":[]},"graphName":"","isEnabled":true},"graphs":[],"defaultGraph":"","defaultPostTypeGraph":""},"schema_type":null,"schema_type_options":null,"pillar_content":false,"robots_default":true,"robots_noindex":false,"robots_noarchive":false,"robots_nosnippet":false,"robots_nofollow":false,"robots_noimageindex":false,"robots_noodp":false,"robots_notranslate":false,"robots_max_snippet":null,"robots_max_videopreview":null,"robots_max_imagepreview":"none","priority":null,"frequency":null,"local_seo":null,"seo_analyzer_scan_date":"2026-05-29 23:02:19","breadcrumb_settings":null,"limit_modified_date":false,"open_ai":null,"ai":null,"created":"2020-11-14 22:46:02","updated":"2026-05-29 23:02:19","focus_keyword":null,"additional_keywords":null,"truseo_locale":null},"aioseo_breadcrumb":"<div class=\"aioseo-breadcrumbs\"><span class=\"aioseo-breadcrumb\">\n\t<a href=\"https:\/\/www.eldigitaldeasturias.com\/noticias\" title=\"Home\">Home<\/a>\n<\/span><span class=\"aioseo-breadcrumb-separator\">\u2013<\/span><span class=\"aioseo-breadcrumb\">\n\t<a href=\"https:\/\/www.eldigitaldeasturias.com\/noticias\/category\/actualidad-asturias\/\" title=\"Actualidad Asturias\">Actualidad Asturias<\/a>\n<\/span><span class=\"aioseo-breadcrumb-separator\">\u2013<\/span><span class=\"aioseo-breadcrumb\">\n\t<a href=\"https:\/\/www.eldigitaldeasturias.com\/noticias\/aviles-mantiene-su-compromiso-con-zalia-por-su-valor-estrategico-para-el-puerto\/\" title=\"Avil\u00e9s mantiene su compromiso con ZALIA por su valor estrat\u00e9gico para el puerto\">Avil\u00e9s mantiene su compromiso con ZALIA por su valor estrat\u00e9gico para el puerto<\/a>\n<\/span><\/div>","aioseo_breadcrumb_json":[{"label":"Home","link":"https:\/\/www.eldigitaldeasturias.com\/noticias"},{"label":"Actualidad Asturias","link":"https:\/\/www.eldigitaldeasturias.com\/noticias\/category\/actualidad-asturias\/"},{"label":"Avil\u00e9s mantiene su compromiso con ZALIA por su valor estrat\u00e9gico para el puerto","link":"https:\/\/www.eldigitaldeasturias.com\/noticias\/aviles-mantiene-su-compromiso-con-zalia-por-su-valor-estrategico-para-el-puerto\/"}],"_links":{"self":[{"href":"https:\/\/www.eldigitaldeasturias.com\/noticias\/wp-json\/wp\/v2\/posts\/456751","targetHints":{"allow":["GET"]}}],"collection":[{"href":"https:\/\/www.eldigitaldeasturias.com\/noticias\/wp-json\/wp\/v2\/posts"}],"about":[{"href":"https:\/\/www.eldigitaldeasturias.com\/noticias\/wp-json\/wp\/v2\/types\/post"}],"author":[{"embeddable":true,"href":"https:\/\/www.eldigitaldeasturias.com\/noticias\/wp-json\/wp\/v2\/users\/1"}],"replies":[{"embeddable":true,"href":"https:\/\/www.eldigitaldeasturias.com\/noticias\/wp-json\/wp\/v2\/comments?post=456751"}],"version-history":[{"count":0,"href":"https:\/\/www.eldigitaldeasturias.com\/noticias\/wp-json\/wp\/v2\/posts\/456751\/revisions"}],"wp:featuredmedia":[{"embeddable":true,"href":"https:\/\/www.eldigitaldeasturias.com\/noticias\/wp-json\/wp\/v2\/media\/1132184"}],"wp:attachment":[{"href":"https:\/\/www.eldigitaldeasturias.com\/noticias\/wp-json\/wp\/v2\/media?parent=456751"}],"wp:term":[{"taxonomy":"category","embeddable":true,"href":"https:\/\/www.eldigitaldeasturias.com\/noticias\/wp-json\/wp\/v2\/categories?post=456751"},{"taxonomy":"post_tag","embeddable":true,"href":"https:\/\/www.eldigitaldeasturias.com\/noticias\/wp-json\/wp\/v2\/tags?post=456751"}],"curies":[{"name":"wp","href":"https:\/\/api.w.org\/{rel}","templated":true}]}}