{"id":456706,"date":"2013-12-01T23:10:03","date_gmt":"2013-12-02T00:10:03","guid":{"rendered":"http:\/\/www.eldigitaldeasturias.com\/noticias\/?p=456706"},"modified":"2013-12-01T23:10:03","modified_gmt":"2013-12-02T00:10:03","slug":"jorge-sanz-y-toto-el-nino-de-cinema-paradiso-homenajeados-en-toledo","status":"publish","type":"post","link":"https:\/\/www.eldigitaldeasturias.com\/noticias\/jorge-sanz-y-toto-el-nino-de-cinema-paradiso-homenajeados-en-toledo\/","title":{"rendered":"Jorge Sanz y Tot\u00f3, el ni\u00f1o de Cinema Paradiso, homenajeados en Toledo"},"content":{"rendered":"<p><img loading=\"lazy\" decoding=\"async\" class=\"alignleft size-medium wp-image-456707\" alt=\"5765425w\" src=\"https:\/\/www.eldigitaldeasturias.com\/noticias\/wp-content\/uploads\/2013\/12\/5765425w-210x320.jpg\" width=\"210\" height=\"320\" \/>Toledo, 1 dic (EFE).- El actor espa\u00f1ol Jorge Sanz y el italiano Salvatore Cascio, el peque\u00f1o Tot\u00f3 protagonista de Cinema Paradiso, han sido hoy homenajeados en Toledo, en el marco del V Festival del Cine y la Palabra (CiBRA).<\/p>\n<p>En una gala celebrada en el toledano Teatro de Rojas, se han entregado los premios de la presente edici\u00f3n del festival, que ha contado entre los asistentes con los directores Alex de la Iglesia y David Trueba.<\/p>\n<p>El premio CiBRA de honor ha reca\u00eddo en Jorge Sanz, mientras que Salvatore Cascio ha recibido un homenaje con motivo del 25 aniversario de la pel\u00edcula Cinema Paradiso, que protagoniz\u00f3 cuando ten\u00eda ocho a\u00f1os y le vali\u00f3 ganar un premio Bafta por su interpretaci\u00f3n.<\/p>\n<p>Se ha recordado as\u00ed el cuarto de siglo desde el estreno del film en 1988 y el amor al cine que de \u00e9l emanaba, al mostrar los misterios y secretos que se ocultan detr\u00e1s de una pel\u00edcula a trav\u00e9s de la mirada emocionada del peque\u00f1o Tot\u00f3.<\/p>\n<p>Hoy Tot\u00f3 ya es mayor y ha acudido a la gala acompa\u00f1ado de su hermano Giampiero.<\/p>\n<p>Cascio ha dicho que se siente muy feliz de recibir ese reconocimiento, que para \u00e9l es un orgullo, y ha recordado como unos d\u00edas muy felices los que rod\u00f3 la pel\u00edcula, de la mano de Giuseppe Tornatore, siendo muy peque\u00f1o, con ocho a\u00f1os.<\/p>\n<p>Salvatore Cascio ha dicho que espera volver a este pa\u00eds porque ama Espa\u00f1a y Toledo es \u00abuna bell\u00edsima ciudad\u00bb.<\/p>\n<p>El actor Jorge Sanz, que recibe el premio de honor del festival, ha se\u00f1alado que un reconocimiento como este al trabajo desarrollado durante toda su carrera siempre \u00absienta muy bien\u00bb.<\/p>\n<p>Ha dicho que le parece fant\u00e1stico que se realicen iniciativas de este tipo.<\/p>\n<p>De la misma manera que el director Alex de la Iglesia ha dicho sentir \u00abalegr\u00eda, orgullo e ilusi\u00f3n al comprobar que en lugares como Toledo hay un grupo de cin\u00e9filos que aman el cine, aman el cine espa\u00f1ol y reconocen el trabajo que hemos hecho\u00bb.<\/p>\n<p>Incluso ha afirmado que asistir a Toledo le hac\u00eda m\u00e1s ilusi\u00f3n que ir a Venecia o a Cannes, porque ha confesado: \u00abpara m\u00ed Toledo es mi vida, desde peque\u00f1o siempre he querido venir. Desde que le\u00ed que Bu\u00f1uel y Dal\u00ed ven\u00edan aqu\u00ed de juerga, y a los 14 a\u00f1os ya estaba aqu\u00ed. Me encanta la ciudad\u00bb.<\/p>\n<p>La gala ha estado amenizada por La Recua Teatro, Calambur Teatro, Rhodes &amp; Chelo, AC, Festival Celestina, Nueva Era Teatro y Quixote Brothers.<\/p>\n","protected":false},"excerpt":{"rendered":"<p>Toledo, 1 dic (EFE).- El actor espa\u00f1ol Jorge Sanz y el italiano Salvatore Cascio, el peque\u00f1o Tot\u00f3 protagonista de Cinema Paradiso, han sido hoy homenajeados en Toledo, en el marco del V Festival del Cine y la Palabra (CiBRA). En una gala celebrada en el toledano Teatro de Rojas, se han entregado los premios de [&hellip;]<\/p>\n","protected":false},"author":1,"featured_media":456707,"comment_status":"closed","ping_status":"open","sticky":false,"template":"","format":"standard","meta":{"footnotes":""},"categories":[50],"tags":[],"class_list":["post-456706","post","type-post","status-publish","format-standard","has-post-thumbnail","hentry","category-revista-de-ocio"],"aioseo_notices":[],"aioseo_head":"\n\t\t<!-- All in One SEO Pro 5.0.1 - aioseo.com -->\n\t<meta name=\"description\" content=\"Toledo, 1 dic (EFE).- El actor espa\u00f1ol Jorge Sanz y el italiano Salvatore Cascio, el peque\u00f1o Tot\u00f3 protagonista de Cinema Paradiso, han sido hoy homenajeados en Toledo, en el marco del V Festival del Cine y la Palabra (CiBRA). En una gala celebrada en el toledano Teatro de Rojas, se han entregado los premios de\" \/>\n\t<meta name=\"robots\" content=\"max-image-preview:large\" \/>\n\t<meta name=\"author\" content=\"El Digital de Asturias\"\/>\n\t<meta name=\"google-site-verification\" content=\"UA-38556648-1\" \/>\n\t<meta name=\"msvalidate.01\" content=\"7dfe9f3f1b24437ab69f4f2559babe99\" \/>\n\t<meta name=\"keywords\" content=\"revista de ocio\" \/>\n\t<link rel=\"canonical\" href=\"https:\/\/www.eldigitaldeasturias.com\/noticias\/jorge-sanz-y-toto-el-nino-de-cinema-paradiso-homenajeados-en-toledo\/\" \/>\n\t<meta name=\"generator\" content=\"All in One SEO Pro (AIOSEO) 5.0.1\" \/>\n\t\t<meta property=\"og:locale\" content=\"es_ES\" \/>\n\t\t<meta property=\"og:site_name\" content=\"El Digital de Asturias\" \/>\n\t\t<meta property=\"og:type\" content=\"article\" \/>\n\t\t<meta property=\"og:title\" content=\"Jorge Sanz y Tot\u00f3, el ni\u00f1o de Cinema Paradiso, homenajeados en Toledo - El Digital de Asturias\" \/>\n\t\t<meta property=\"og:description\" content=\"Toledo, 1 dic (EFE).- El actor espa\u00f1ol Jorge Sanz y el italiano Salvatore Cascio, el peque\u00f1o Tot\u00f3 protagonista de Cinema Paradiso, han sido hoy homenajeados en Toledo, en el marco del V Festival del Cine y la Palabra (CiBRA). En una gala celebrada en el toledano Teatro de Rojas, se han entregado los premios de\" \/>\n\t\t<meta property=\"og:url\" content=\"https:\/\/www.eldigitaldeasturias.com\/noticias\/jorge-sanz-y-toto-el-nino-de-cinema-paradiso-homenajeados-en-toledo\/\" \/>\n\t\t<meta property=\"article:tag\" content=\"revista de ocio\" \/>\n\t\t<meta property=\"article:published_time\" content=\"2013-12-02T00:10:03+00:00\" \/>\n\t\t<meta property=\"article:modified_time\" content=\"2013-12-02T00:10:03+00:00\" \/>\n\t\t<meta property=\"article:publisher\" content=\"https:\/\/facebook.com\/eldigitaldeasturias\" \/>\n\t\t<meta name=\"twitter:card\" content=\"summary_large_image\" \/>\n\t\t<meta name=\"twitter:title\" content=\"Jorge Sanz y Tot\u00f3, el ni\u00f1o de Cinema Paradiso, homenajeados en Toledo - El Digital de Asturias\" \/>\n\t\t<meta name=\"twitter:description\" content=\"Toledo, 1 dic (EFE).- El actor espa\u00f1ol Jorge Sanz y el italiano Salvatore Cascio, el peque\u00f1o Tot\u00f3 protagonista de Cinema Paradiso, han sido hoy homenajeados en Toledo, en el marco del V Festival del Cine y la Palabra (CiBRA). En una gala celebrada en el toledano Teatro de Rojas, se han entregado los premios de\" \/>\n\t\t<meta name=\"twitter:label1\" content=\"Escrito por\" \/>\n\t\t<meta name=\"twitter:data1\" content=\"El Digital de Asturias\" \/>\n\t\t<meta name=\"twitter:label2\" content=\"Tiempo de lectura estimado\" \/>\n\t\t<meta name=\"twitter:data2\" content=\"2 minutos\" \/>\n\t\t<script type=\"application\/ld+json\" class=\"aioseo-schema\">\n\t\t\t{\"@context\":\"https:\\\/\\\/schema.org\",\"@graph\":[{\"@type\":\"BlogPosting\",\"@id\":\"https:\\\/\\\/www.eldigitaldeasturias.com\\\/noticias\\\/jorge-sanz-y-toto-el-nino-de-cinema-paradiso-homenajeados-en-toledo\\\/#blogposting\",\"name\":\"Jorge Sanz y Tot\\u00f3, el ni\\u00f1o de Cinema Paradiso, homenajeados en Toledo - El Digital de Asturias\",\"headline\":\"Jorge Sanz y Tot\\u00f3, el ni\\u00f1o de Cinema Paradiso, homenajeados en Toledo\",\"author\":{\"@id\":\"https:\\\/\\\/www.eldigitaldeasturias.com\\\/noticias\\\/author\\\/admin\\\/#author\"},\"publisher\":{\"@id\":\"https:\\\/\\\/www.eldigitaldeasturias.com\\\/noticias\\\/#organization\"},\"image\":{\"@type\":\"ImageObject\",\"url\":456707},\"datePublished\":\"2013-12-01T23:10:03+01:00\",\"dateModified\":\"2013-12-01T23:10:03+01:00\",\"inLanguage\":\"es-ES\",\"mainEntityOfPage\":{\"@id\":\"https:\\\/\\\/www.eldigitaldeasturias.com\\\/noticias\\\/jorge-sanz-y-toto-el-nino-de-cinema-paradiso-homenajeados-en-toledo\\\/#webpage\"},\"isPartOf\":{\"@id\":\"https:\\\/\\\/www.eldigitaldeasturias.com\\\/noticias\\\/jorge-sanz-y-toto-el-nino-de-cinema-paradiso-homenajeados-en-toledo\\\/#webpage\"},\"articleSection\":\"Revista de Ocio\"},{\"@type\":\"BreadcrumbList\",\"@id\":\"https:\\\/\\\/www.eldigitaldeasturias.com\\\/noticias\\\/jorge-sanz-y-toto-el-nino-de-cinema-paradiso-homenajeados-en-toledo\\\/#breadcrumblist\",\"itemListElement\":[{\"@type\":\"ListItem\",\"@id\":\"https:\\\/\\\/www.eldigitaldeasturias.com\\\/noticias#listItem\",\"position\":1,\"name\":\"Home\",\"item\":\"https:\\\/\\\/www.eldigitaldeasturias.com\\\/noticias\",\"nextItem\":{\"@type\":\"ListItem\",\"@id\":\"https:\\\/\\\/www.eldigitaldeasturias.com\\\/noticias\\\/category\\\/revista-de-ocio\\\/#listItem\",\"name\":\"Revista de Ocio\"}},{\"@type\":\"ListItem\",\"@id\":\"https:\\\/\\\/www.eldigitaldeasturias.com\\\/noticias\\\/category\\\/revista-de-ocio\\\/#listItem\",\"position\":2,\"name\":\"Revista de Ocio\",\"item\":\"https:\\\/\\\/www.eldigitaldeasturias.com\\\/noticias\\\/category\\\/revista-de-ocio\\\/\",\"nextItem\":{\"@type\":\"ListItem\",\"@id\":\"https:\\\/\\\/www.eldigitaldeasturias.com\\\/noticias\\\/jorge-sanz-y-toto-el-nino-de-cinema-paradiso-homenajeados-en-toledo\\\/#listItem\",\"name\":\"Jorge Sanz y Tot\\u00f3, el ni\\u00f1o de Cinema Paradiso, homenajeados en Toledo\"},\"previousItem\":{\"@type\":\"ListItem\",\"@id\":\"https:\\\/\\\/www.eldigitaldeasturias.com\\\/noticias#listItem\",\"name\":\"Home\"}},{\"@type\":\"ListItem\",\"@id\":\"https:\\\/\\\/www.eldigitaldeasturias.com\\\/noticias\\\/jorge-sanz-y-toto-el-nino-de-cinema-paradiso-homenajeados-en-toledo\\\/#listItem\",\"position\":3,\"name\":\"Jorge Sanz y Tot\\u00f3, el ni\\u00f1o de Cinema Paradiso, homenajeados en Toledo\",\"previousItem\":{\"@type\":\"ListItem\",\"@id\":\"https:\\\/\\\/www.eldigitaldeasturias.com\\\/noticias\\\/category\\\/revista-de-ocio\\\/#listItem\",\"name\":\"Revista de Ocio\"}}]},{\"@type\":\"Organization\",\"@id\":\"https:\\\/\\\/www.eldigitaldeasturias.com\\\/noticias\\\/#organization\",\"name\":\"El Digital de Asturias\",\"description\":\"Hemeroteca\",\"url\":\"https:\\\/\\\/www.eldigitaldeasturias.com\\\/noticias\\\/\",\"email\":\"info@eldigitaldeasturias.com\",\"telephone\":\"+34652131393\",\"logo\":{\"@type\":\"ImageObject\",\"url\":\"https:\\\/\\\/www.eldigitaldeasturias.com\\\/noticias\\\/wp-content\\\/uploads\\\/2020\\\/12\\\/EDA.jpg\",\"@id\":\"https:\\\/\\\/www.eldigitaldeasturias.com\\\/noticias\\\/jorge-sanz-y-toto-el-nino-de-cinema-paradiso-homenajeados-en-toledo\\\/#organizationLogo\"},\"image\":{\"@id\":\"https:\\\/\\\/www.eldigitaldeasturias.com\\\/noticias\\\/jorge-sanz-y-toto-el-nino-de-cinema-paradiso-homenajeados-en-toledo\\\/#organizationLogo\"},\"sameAs\":[\"https:\\\/\\\/facebook.com\\\/eldigitaldeasturias\",\"https:\\\/\\\/www.youtube.com\\\/channel\\\/UCZP-2wLEB9Rv6erhFmqVnvg\"],\"address\":{\"@id\":\"https:\\\/\\\/www.eldigitaldeasturias.com\\\/noticias\\\/#postaladdress\",\"@type\":\"PostalAddress\",\"streetAddress\":\"san antonio 4\",\"postalCode\":\"33430\",\"addressLocality\":\"Cand\\u00e1s\",\"addressRegion\":\"Asturias\",\"addressCountry\":\"ES\"}},{\"@type\":\"Person\",\"@id\":\"https:\\\/\\\/www.eldigitaldeasturias.com\\\/noticias\\\/author\\\/admin\\\/#author\",\"url\":\"https:\\\/\\\/www.eldigitaldeasturias.com\\\/noticias\\\/author\\\/admin\\\/\",\"name\":\"El Digital de Asturias\",\"image\":{\"@type\":\"ImageObject\",\"@id\":\"https:\\\/\\\/www.eldigitaldeasturias.com\\\/noticias\\\/jorge-sanz-y-toto-el-nino-de-cinema-paradiso-homenajeados-en-toledo\\\/#authorImage\",\"url\":\"https:\\\/\\\/secure.gravatar.com\\\/avatar\\\/df2aeffc32bcd13f8d26072ef8a91b623d677766deac7f97ca815868cd41bf5e?s=96&d=mm&r=g\",\"width\":96,\"height\":96,\"caption\":\"El Digital de Asturias\"}},{\"@type\":\"WebPage\",\"@id\":\"https:\\\/\\\/www.eldigitaldeasturias.com\\\/noticias\\\/jorge-sanz-y-toto-el-nino-de-cinema-paradiso-homenajeados-en-toledo\\\/#webpage\",\"url\":\"https:\\\/\\\/www.eldigitaldeasturias.com\\\/noticias\\\/jorge-sanz-y-toto-el-nino-de-cinema-paradiso-homenajeados-en-toledo\\\/\",\"name\":\"Jorge Sanz y Tot\\u00f3, el ni\\u00f1o de Cinema Paradiso, homenajeados en Toledo - El Digital de Asturias\",\"description\":\"Toledo, 1 dic (EFE).- El actor espa\\u00f1ol Jorge Sanz y el italiano Salvatore Cascio, el peque\\u00f1o Tot\\u00f3 protagonista de Cinema Paradiso, han sido hoy homenajeados en Toledo, en el marco del V Festival del Cine y la Palabra (CiBRA). En una gala celebrada en el toledano Teatro de Rojas, se han entregado los premios de\",\"inLanguage\":\"es-ES\",\"isPartOf\":{\"@id\":\"https:\\\/\\\/www.eldigitaldeasturias.com\\\/noticias\\\/#website\"},\"breadcrumb\":{\"@id\":\"https:\\\/\\\/www.eldigitaldeasturias.com\\\/noticias\\\/jorge-sanz-y-toto-el-nino-de-cinema-paradiso-homenajeados-en-toledo\\\/#breadcrumblist\"},\"author\":{\"@id\":\"https:\\\/\\\/www.eldigitaldeasturias.com\\\/noticias\\\/author\\\/admin\\\/#author\"},\"creator\":{\"@id\":\"https:\\\/\\\/www.eldigitaldeasturias.com\\\/noticias\\\/author\\\/admin\\\/#author\"},\"image\":{\"@type\":\"ImageObject\",\"url\":456707,\"@id\":\"https:\\\/\\\/www.eldigitaldeasturias.com\\\/noticias\\\/jorge-sanz-y-toto-el-nino-de-cinema-paradiso-homenajeados-en-toledo\\\/#mainImage\"},\"primaryImageOfPage\":{\"@id\":\"https:\\\/\\\/www.eldigitaldeasturias.com\\\/noticias\\\/jorge-sanz-y-toto-el-nino-de-cinema-paradiso-homenajeados-en-toledo\\\/#mainImage\"},\"datePublished\":\"2013-12-01T23:10:03+01:00\",\"dateModified\":\"2013-12-01T23:10:03+01:00\"},{\"@type\":\"WebSite\",\"@id\":\"https:\\\/\\\/www.eldigitaldeasturias.com\\\/noticias\\\/#website\",\"url\":\"https:\\\/\\\/www.eldigitaldeasturias.com\\\/noticias\\\/\",\"name\":\"El Digital de Asturias - Diario de actualidad y noticias\",\"alternateName\":\"El Digital de Asturias - Diario de actualidad y noticias\",\"description\":\"Hemeroteca\",\"inLanguage\":\"es-ES\",\"publisher\":{\"@id\":\"https:\\\/\\\/www.eldigitaldeasturias.com\\\/noticias\\\/#organization\"}}]}\n\t\t<\/script>\n\t\t<!-- All in One SEO Pro -->\r\n\t\t<title>Jorge Sanz y Tot\u00f3, el ni\u00f1o de Cinema Paradiso, homenajeados en Toledo - El Digital de Asturias<\/title>\n\n","aioseo_head_json":{"title":"Jorge Sanz y Tot\u00f3, el ni\u00f1o de Cinema Paradiso, homenajeados en Toledo - El Digital de Asturias","description":"Toledo, 1 dic (EFE).- El actor espa\u00f1ol Jorge Sanz y el italiano Salvatore Cascio, el peque\u00f1o Tot\u00f3 protagonista de Cinema Paradiso, han sido hoy homenajeados en Toledo, en el marco del V Festival del Cine y la Palabra (CiBRA). En una gala celebrada en el toledano Teatro de Rojas, se han entregado los premios de","canonical_url":"https:\/\/www.eldigitaldeasturias.com\/noticias\/jorge-sanz-y-toto-el-nino-de-cinema-paradiso-homenajeados-en-toledo\/","robots":"max-image-preview:large","keywords":"revista de ocio","webmasterTools":{"google-site-verification":"UA-38556648-1","msvalidate.01":"7dfe9f3f1b24437ab69f4f2559babe99","miscellaneous":""},"schema":{"@context":"https:\/\/schema.org","@graph":[{"@type":"BlogPosting","@id":"https:\/\/www.eldigitaldeasturias.com\/noticias\/jorge-sanz-y-toto-el-nino-de-cinema-paradiso-homenajeados-en-toledo\/#blogposting","name":"Jorge Sanz y Tot\u00f3, el ni\u00f1o de Cinema Paradiso, homenajeados en Toledo - El Digital de Asturias","headline":"Jorge Sanz y Tot\u00f3, el ni\u00f1o de Cinema Paradiso, homenajeados en Toledo","author":{"@id":"https:\/\/www.eldigitaldeasturias.com\/noticias\/author\/admin\/#author"},"publisher":{"@id":"https:\/\/www.eldigitaldeasturias.com\/noticias\/#organization"},"image":{"@type":"ImageObject","url":456707},"datePublished":"2013-12-01T23:10:03+01:00","dateModified":"2013-12-01T23:10:03+01:00","inLanguage":"es-ES","mainEntityOfPage":{"@id":"https:\/\/www.eldigitaldeasturias.com\/noticias\/jorge-sanz-y-toto-el-nino-de-cinema-paradiso-homenajeados-en-toledo\/#webpage"},"isPartOf":{"@id":"https:\/\/www.eldigitaldeasturias.com\/noticias\/jorge-sanz-y-toto-el-nino-de-cinema-paradiso-homenajeados-en-toledo\/#webpage"},"articleSection":"Revista de Ocio"},{"@type":"BreadcrumbList","@id":"https:\/\/www.eldigitaldeasturias.com\/noticias\/jorge-sanz-y-toto-el-nino-de-cinema-paradiso-homenajeados-en-toledo\/#breadcrumblist","itemListElement":[{"@type":"ListItem","@id":"https:\/\/www.eldigitaldeasturias.com\/noticias#listItem","position":1,"name":"Home","item":"https:\/\/www.eldigitaldeasturias.com\/noticias","nextItem":{"@type":"ListItem","@id":"https:\/\/www.eldigitaldeasturias.com\/noticias\/category\/revista-de-ocio\/#listItem","name":"Revista de Ocio"}},{"@type":"ListItem","@id":"https:\/\/www.eldigitaldeasturias.com\/noticias\/category\/revista-de-ocio\/#listItem","position":2,"name":"Revista de Ocio","item":"https:\/\/www.eldigitaldeasturias.com\/noticias\/category\/revista-de-ocio\/","nextItem":{"@type":"ListItem","@id":"https:\/\/www.eldigitaldeasturias.com\/noticias\/jorge-sanz-y-toto-el-nino-de-cinema-paradiso-homenajeados-en-toledo\/#listItem","name":"Jorge Sanz y Tot\u00f3, el ni\u00f1o de Cinema Paradiso, homenajeados en Toledo"},"previousItem":{"@type":"ListItem","@id":"https:\/\/www.eldigitaldeasturias.com\/noticias#listItem","name":"Home"}},{"@type":"ListItem","@id":"https:\/\/www.eldigitaldeasturias.com\/noticias\/jorge-sanz-y-toto-el-nino-de-cinema-paradiso-homenajeados-en-toledo\/#listItem","position":3,"name":"Jorge Sanz y Tot\u00f3, el ni\u00f1o de Cinema Paradiso, homenajeados en Toledo","previousItem":{"@type":"ListItem","@id":"https:\/\/www.eldigitaldeasturias.com\/noticias\/category\/revista-de-ocio\/#listItem","name":"Revista de Ocio"}}]},{"@type":"Organization","@id":"https:\/\/www.eldigitaldeasturias.com\/noticias\/#organization","name":"El Digital de Asturias","description":"Hemeroteca","url":"https:\/\/www.eldigitaldeasturias.com\/noticias\/","email":"info@eldigitaldeasturias.com","telephone":"+34652131393","logo":{"@type":"ImageObject","url":"https:\/\/www.eldigitaldeasturias.com\/noticias\/wp-content\/uploads\/2020\/12\/EDA.jpg","@id":"https:\/\/www.eldigitaldeasturias.com\/noticias\/jorge-sanz-y-toto-el-nino-de-cinema-paradiso-homenajeados-en-toledo\/#organizationLogo"},"image":{"@id":"https:\/\/www.eldigitaldeasturias.com\/noticias\/jorge-sanz-y-toto-el-nino-de-cinema-paradiso-homenajeados-en-toledo\/#organizationLogo"},"sameAs":["https:\/\/facebook.com\/eldigitaldeasturias","https:\/\/www.youtube.com\/channel\/UCZP-2wLEB9Rv6erhFmqVnvg"],"address":{"@id":"https:\/\/www.eldigitaldeasturias.com\/noticias\/#postaladdress","@type":"PostalAddress","streetAddress":"san antonio 4","postalCode":"33430","addressLocality":"Cand\u00e1s","addressRegion":"Asturias","addressCountry":"ES"}},{"@type":"Person","@id":"https:\/\/www.eldigitaldeasturias.com\/noticias\/author\/admin\/#author","url":"https:\/\/www.eldigitaldeasturias.com\/noticias\/author\/admin\/","name":"El Digital de Asturias","image":{"@type":"ImageObject","@id":"https:\/\/www.eldigitaldeasturias.com\/noticias\/jorge-sanz-y-toto-el-nino-de-cinema-paradiso-homenajeados-en-toledo\/#authorImage","url":"https:\/\/secure.gravatar.com\/avatar\/df2aeffc32bcd13f8d26072ef8a91b623d677766deac7f97ca815868cd41bf5e?s=96&d=mm&r=g","width":96,"height":96,"caption":"El Digital de Asturias"}},{"@type":"WebPage","@id":"https:\/\/www.eldigitaldeasturias.com\/noticias\/jorge-sanz-y-toto-el-nino-de-cinema-paradiso-homenajeados-en-toledo\/#webpage","url":"https:\/\/www.eldigitaldeasturias.com\/noticias\/jorge-sanz-y-toto-el-nino-de-cinema-paradiso-homenajeados-en-toledo\/","name":"Jorge Sanz y Tot\u00f3, el ni\u00f1o de Cinema Paradiso, homenajeados en Toledo - El Digital de Asturias","description":"Toledo, 1 dic (EFE).- El actor espa\u00f1ol Jorge Sanz y el italiano Salvatore Cascio, el peque\u00f1o Tot\u00f3 protagonista de Cinema Paradiso, han sido hoy homenajeados en Toledo, en el marco del V Festival del Cine y la Palabra (CiBRA). En una gala celebrada en el toledano Teatro de Rojas, se han entregado los premios de","inLanguage":"es-ES","isPartOf":{"@id":"https:\/\/www.eldigitaldeasturias.com\/noticias\/#website"},"breadcrumb":{"@id":"https:\/\/www.eldigitaldeasturias.com\/noticias\/jorge-sanz-y-toto-el-nino-de-cinema-paradiso-homenajeados-en-toledo\/#breadcrumblist"},"author":{"@id":"https:\/\/www.eldigitaldeasturias.com\/noticias\/author\/admin\/#author"},"creator":{"@id":"https:\/\/www.eldigitaldeasturias.com\/noticias\/author\/admin\/#author"},"image":{"@type":"ImageObject","url":456707,"@id":"https:\/\/www.eldigitaldeasturias.com\/noticias\/jorge-sanz-y-toto-el-nino-de-cinema-paradiso-homenajeados-en-toledo\/#mainImage"},"primaryImageOfPage":{"@id":"https:\/\/www.eldigitaldeasturias.com\/noticias\/jorge-sanz-y-toto-el-nino-de-cinema-paradiso-homenajeados-en-toledo\/#mainImage"},"datePublished":"2013-12-01T23:10:03+01:00","dateModified":"2013-12-01T23:10:03+01:00"},{"@type":"WebSite","@id":"https:\/\/www.eldigitaldeasturias.com\/noticias\/#website","url":"https:\/\/www.eldigitaldeasturias.com\/noticias\/","name":"El Digital de Asturias - Diario de actualidad y noticias","alternateName":"El Digital de Asturias - Diario de actualidad y noticias","description":"Hemeroteca","inLanguage":"es-ES","publisher":{"@id":"https:\/\/www.eldigitaldeasturias.com\/noticias\/#organization"}}]},"og:locale":"es_ES","og:site_name":"El Digital de Asturias","og:type":"article","og:title":"Jorge Sanz y Tot\u00f3, el ni\u00f1o de Cinema Paradiso, homenajeados en Toledo - El Digital de Asturias","og:description":"Toledo, 1 dic (EFE).- El actor espa\u00f1ol Jorge Sanz y el italiano Salvatore Cascio, el peque\u00f1o Tot\u00f3 protagonista de Cinema Paradiso, han sido hoy homenajeados en Toledo, en el marco del V Festival del Cine y la Palabra (CiBRA). En una gala celebrada en el toledano Teatro de Rojas, se han entregado los premios de","og:url":"https:\/\/www.eldigitaldeasturias.com\/noticias\/jorge-sanz-y-toto-el-nino-de-cinema-paradiso-homenajeados-en-toledo\/","article:tag":["revista de ocio"],"article:published_time":"2013-12-02T00:10:03+00:00","article:modified_time":"2013-12-02T00:10:03+00:00","article:publisher":"https:\/\/facebook.com\/eldigitaldeasturias","twitter:card":"summary_large_image","twitter:title":"Jorge Sanz y Tot\u00f3, el ni\u00f1o de Cinema Paradiso, homenajeados en Toledo - El Digital de Asturias","twitter:description":"Toledo, 1 dic (EFE).- El actor espa\u00f1ol Jorge Sanz y el italiano Salvatore Cascio, el peque\u00f1o Tot\u00f3 protagonista de Cinema Paradiso, han sido hoy homenajeados en Toledo, en el marco del V Festival del Cine y la Palabra (CiBRA). En una gala celebrada en el toledano Teatro de Rojas, se han entregado los premios de","twitter:label1":"Escrito por","twitter:data1":"El Digital de Asturias","twitter:label2":"Tiempo de lectura estimado","twitter:data2":"2 minutos"},"aioseo_meta_data":{"post_id":"456706","title":null,"description":null,"keywords":null,"keyphrases":null,"primary_term":null,"canonical_url":null,"og_title":null,"og_description":null,"og_object_type":"default","og_image_type":"default","og_image_url":null,"og_image_width":null,"og_image_height":null,"og_image_custom_url":null,"og_image_custom_fields":null,"og_video":null,"og_custom_url":null,"og_article_section":null,"og_article_tags":null,"twitter_use_og":true,"twitter_card":"default","twitter_image_type":"default","twitter_image_url":null,"twitter_image_custom_url":null,"twitter_image_custom_fields":null,"twitter_title":null,"twitter_description":null,"schema":{"blockGraphs":[],"customGraphs":[],"default":{"data":{"Article":[],"Course":[],"Dataset":[],"FAQPage":[],"Movie":[],"Person":[],"Product":[],"ProductReview":[],"Car":[],"Recipe":[],"Service":[],"SoftwareApplication":[],"WebPage":[]},"graphName":"","isEnabled":true},"graphs":[],"defaultGraph":"","defaultPostTypeGraph":""},"schema_type":null,"schema_type_options":null,"pillar_content":false,"robots_default":true,"robots_noindex":false,"robots_noarchive":false,"robots_nosnippet":false,"robots_nofollow":false,"robots_noimageindex":false,"robots_noodp":false,"robots_notranslate":false,"robots_max_snippet":null,"robots_max_videopreview":null,"robots_max_imagepreview":"none","priority":null,"frequency":null,"local_seo":null,"seo_analyzer_scan_date":"2026-05-29 22:55:56","breadcrumb_settings":null,"limit_modified_date":false,"open_ai":null,"ai":null,"created":"2020-11-14 22:46:01","updated":"2026-05-29 22:55:56","focus_keyword":null,"additional_keywords":null,"truseo_locale":null},"aioseo_breadcrumb":"<div class=\"aioseo-breadcrumbs\"><span class=\"aioseo-breadcrumb\">\n\t<a href=\"https:\/\/www.eldigitaldeasturias.com\/noticias\" title=\"Home\">Home<\/a>\n<\/span><span class=\"aioseo-breadcrumb-separator\">\u2013<\/span><span class=\"aioseo-breadcrumb\">\n\t<a href=\"https:\/\/www.eldigitaldeasturias.com\/noticias\/category\/revista-de-ocio\/\" title=\"Revista de Ocio\">Revista de Ocio<\/a>\n<\/span><span class=\"aioseo-breadcrumb-separator\">\u2013<\/span><span class=\"aioseo-breadcrumb\">\n\t<a href=\"https:\/\/www.eldigitaldeasturias.com\/noticias\/jorge-sanz-y-toto-el-nino-de-cinema-paradiso-homenajeados-en-toledo\/\" title=\"Jorge Sanz y Tot\u00f3, el ni\u00f1o de Cinema Paradiso, homenajeados en Toledo\">Jorge Sanz y Tot\u00f3, el ni\u00f1o de Cinema Paradiso, homenajeados en Toledo<\/a>\n<\/span><\/div>","aioseo_breadcrumb_json":[{"label":"Home","link":"https:\/\/www.eldigitaldeasturias.com\/noticias"},{"label":"Revista de Ocio","link":"https:\/\/www.eldigitaldeasturias.com\/noticias\/category\/revista-de-ocio\/"},{"label":"Jorge Sanz y Tot\u00f3, el ni\u00f1o de Cinema Paradiso, homenajeados en Toledo","link":"https:\/\/www.eldigitaldeasturias.com\/noticias\/jorge-sanz-y-toto-el-nino-de-cinema-paradiso-homenajeados-en-toledo\/"}],"_links":{"self":[{"href":"https:\/\/www.eldigitaldeasturias.com\/noticias\/wp-json\/wp\/v2\/posts\/456706","targetHints":{"allow":["GET"]}}],"collection":[{"href":"https:\/\/www.eldigitaldeasturias.com\/noticias\/wp-json\/wp\/v2\/posts"}],"about":[{"href":"https:\/\/www.eldigitaldeasturias.com\/noticias\/wp-json\/wp\/v2\/types\/post"}],"author":[{"embeddable":true,"href":"https:\/\/www.eldigitaldeasturias.com\/noticias\/wp-json\/wp\/v2\/users\/1"}],"replies":[{"embeddable":true,"href":"https:\/\/www.eldigitaldeasturias.com\/noticias\/wp-json\/wp\/v2\/comments?post=456706"}],"version-history":[{"count":0,"href":"https:\/\/www.eldigitaldeasturias.com\/noticias\/wp-json\/wp\/v2\/posts\/456706\/revisions"}],"wp:attachment":[{"href":"https:\/\/www.eldigitaldeasturias.com\/noticias\/wp-json\/wp\/v2\/media?parent=456706"}],"wp:term":[{"taxonomy":"category","embeddable":true,"href":"https:\/\/www.eldigitaldeasturias.com\/noticias\/wp-json\/wp\/v2\/categories?post=456706"},{"taxonomy":"post_tag","embeddable":true,"href":"https:\/\/www.eldigitaldeasturias.com\/noticias\/wp-json\/wp\/v2\/tags?post=456706"}],"curies":[{"name":"wp","href":"https:\/\/api.w.org\/{rel}","templated":true}]}}