{"id":456656,"date":"2013-12-01T22:25:45","date_gmt":"2013-12-01T23:25:45","guid":{"rendered":"http:\/\/www.eldigitaldeasturias.com\/noticias\/?p=456656"},"modified":"2013-12-01T22:25:45","modified_gmt":"2013-12-01T23:25:45","slug":"la-policia-no-descarta-mas-muertos-por-la-caida-del-helicoptero-en-glasgow","status":"publish","type":"post","link":"https:\/\/www.eldigitaldeasturias.com\/noticias\/la-policia-no-descarta-mas-muertos-por-la-caida-del-helicoptero-en-glasgow\/","title":{"rendered":"La Polic\u00eda no descarta m\u00e1s muertos por la ca\u00edda del helic\u00f3ptero en Glasgow"},"content":{"rendered":"<p><img loading=\"lazy\" decoding=\"async\" class=\"alignleft size-medium wp-image-456657\" alt=\"5764703w\" src=\"https:\/\/www.eldigitaldeasturias.com\/noticias\/wp-content\/uploads\/2013\/12\/5764703w-360x254.jpg\" width=\"360\" height=\"254\" \/>Londres, 1 dic (EFE).- La Polic\u00eda escocesa dijo hoy que no descarta que aparezcan m\u00e1s cad\u00e1veres entre los escombros del pub de Glasgow sobre el que el viernes cay\u00f3 un helic\u00f3ptero policial, causando ocho muertos y 32 heridos.<\/p>\n<p>El inspector jefe Stephen House se\u00f1al\u00f3 en una rueda de prensa que la posibilidad de que aumente el n\u00famero de v\u00edctimas seguir\u00e1 mientras contin\u00fae la operaci\u00f3n de rescate en el pub The Clutha, que describi\u00f3 como \u00abdelicada\u00bb y \u00abpeligrosa\u00bb.<\/p>\n<p>\u00abHasta que se haya extra\u00eddo completamente el helic\u00f3ptero y la gente adecuada est\u00e9 en el lugar de los hechos para examinar los escombros y proceder a su limpieza, no podemos dar cifras concretas\u00bb, declar\u00f3.<\/p>\n<p>En otra comparecencia, la subinspectora jefe Rose Fitzpatrick inform\u00f3 de que hoy se ha recuperado \u00abotro cuerpo\u00bb en el local, que ha sido trasladado a un hospital \u00abpara ser identificado\u00bb, si bien no quiso indicar si se trata de una v\u00edctima mortal.<\/p>\n<p>De confirmarse un nuevo fallecimiento, esto elevar\u00eda a nueve el n\u00famero de muertos en el accidente, tras los ocho confirmados ayer, de los cuales tres eran los tripulantes del aparato estrellado.<\/p>\n<p>Seg\u00fan Fitzpatrick, doce personas siguen hospitalizadas, tres de ellas est\u00e1n en estado \u00abgrave pero estable\u00bb, mientras que veinte han sido dadas de alta.<\/p>\n<p>Las autoridades han identificado a los tres tripulantes fallecidos -el piloto David Traill, de 51 a\u00f1os, y los agentes Kirsty Nelis, de 36, y Tony Collins, de 43- mientras que otra v\u00edctima es Gary Arthur, de 48 a\u00f1os, que estaba dentro de The Clutha cuando ocurri\u00f3 el suceso.<\/p>\n<p>Un Eurocopter EC135 de la Polic\u00eda de Escocia se precipit\u00f3 el viernes a las 22.25 GMT sobre el pub, de una sola planta, situado en la ribera del r\u00edo Clyde, cuando hab\u00eda en su interior unas 120 personas que escuchaban m\u00fasica en directo.<\/p>\n<p>Fitzpatrick explic\u00f3 hoy que contin\u00faan las \u00abcomplicadas\u00bb labores de rescate, con una gran gr\u00faa que intenta levantar pieza por pieza el helic\u00f3ptero incrustado en medio del local, y advirti\u00f3 de que la operaci\u00f3n \u00abllevar\u00e1 tiempo\u00bb.<\/p>\n<p>Cientos de personas se congregaron en la catedral de Glasgow para asistir a un servicio religioso en honor de las v\u00edctimas de la tragedia, que oblig\u00f3 ayer a suspender las festividades de San Andr\u00e9s, patr\u00f3n de Escocia.<\/p>\n<p>La viceministra principal del Gobierno escoc\u00e9s, Nicola Sturgeon, y el inspector House estuvieron entre los asistentes a la ceremonia, en la que el reverendo Laurence Whitley destac\u00f3 que Glasgow es \u00abgrande e irreprimible\u00bb y se ha unido \u00aben solidaridad con los que sufren\u00bb.<\/p>\n<p>El ministro principal escoc\u00e9s, Alex Salmond, volvi\u00f3 a rendir tributo a los escoceses por su \u00abhero\u00edsmo\u00bb y alab\u00f3 el trabajo \u00abverdaderamente ejemplar\u00bb de la Polic\u00eda y los servicios de emergencia de la comunidad aut\u00f3noma.<\/p>\n<p>El pr\u00edncipe Carlos de Inglaterra y su esposa Camilla transmitieron sus condolencias, despu\u00e9s de que ayer lo hicieran la reina Isabel II y el primer ministro brit\u00e1nico, David Cameron.<\/p>\n<p>\u00abGlasgow ha tenido que soportar una tragedia, pero, conociendo la ciudad y a su gente como los conocemos, estamos convencidos de que encontrar\u00e1n la fuerza necesaria para recuperarse\u00bb, manifest\u00f3 el heredero al trono.<\/p>\n<p>Como muestra de respeto, los jugadores del Celtic y los Hearts guardaron hoy un minuto de silencio antes de comenzar su partido de f\u00fatbol de la Copa de Escocia, al igual que ayer hicieran los Rangers y el Falkirk.<\/p>\n<p>La Fiscal\u00eda y la divisi\u00f3n de accidentes a\u00e9reos de la Polic\u00eda escocesa han iniciado una investigaci\u00f3n para determinar las causas del accidente, entre informaciones period\u00edsticas de que los Eurocopter EC135 fueron retirados de servicio temporalmente en 2012 por dudas sobre su seguridad.<\/p>\n<p>Una delegaci\u00f3n de los fabricantes del Eurocopter, utilizado en el Reino Unido por los servicios policiales y de ambulancia, se ha desplazado a Escocia para colaborar en las pesquisas, as\u00ed como representantes de la empresa arrendadora, Bond Air Services.<\/p>\n","protected":false},"excerpt":{"rendered":"<p>Londres, 1 dic (EFE).- La Polic\u00eda escocesa dijo hoy que no descarta que aparezcan m\u00e1s cad\u00e1veres entre los escombros del pub de Glasgow sobre el que el viernes cay\u00f3 un helic\u00f3ptero policial, causando ocho muertos y 32 heridos. El inspector jefe Stephen House se\u00f1al\u00f3 en una rueda de prensa que la posibilidad de que aumente [&hellip;]<\/p>\n","protected":false},"author":1,"featured_media":456657,"comment_status":"closed","ping_status":"open","sticky":false,"template":"","format":"standard","meta":{"footnotes":""},"categories":[5],"tags":[],"class_list":["post-456656","post","type-post","status-publish","format-standard","has-post-thumbnail","hentry","category-sucesos"],"aioseo_notices":[],"aioseo_head":"\n\t\t<!-- All in One SEO Pro 5.0.1 - aioseo.com -->\n\t<meta name=\"description\" content=\"Londres, 1 dic (EFE).- La Polic\u00eda escocesa dijo hoy que no descarta que aparezcan m\u00e1s cad\u00e1veres entre los escombros del pub de Glasgow sobre el que el viernes cay\u00f3 un helic\u00f3ptero policial, causando ocho muertos y 32 heridos. El inspector jefe Stephen House se\u00f1al\u00f3 en una rueda de prensa que la posibilidad de que aumente\" \/>\n\t<meta name=\"robots\" content=\"max-image-preview:large\" \/>\n\t<meta name=\"author\" content=\"El Digital de Asturias\"\/>\n\t<meta name=\"google-site-verification\" content=\"UA-38556648-1\" \/>\n\t<meta name=\"msvalidate.01\" content=\"7dfe9f3f1b24437ab69f4f2559babe99\" \/>\n\t<meta name=\"keywords\" content=\"sucesos\" \/>\n\t<link rel=\"canonical\" href=\"https:\/\/www.eldigitaldeasturias.com\/noticias\/la-policia-no-descarta-mas-muertos-por-la-caida-del-helicoptero-en-glasgow\/\" \/>\n\t<meta name=\"generator\" content=\"All in One SEO Pro (AIOSEO) 5.0.1\" \/>\n\t\t<meta property=\"og:locale\" content=\"es_ES\" \/>\n\t\t<meta property=\"og:site_name\" content=\"El Digital de Asturias\" \/>\n\t\t<meta property=\"og:type\" content=\"article\" \/>\n\t\t<meta property=\"og:title\" content=\"La Polic\u00eda no descarta m\u00e1s muertos por la ca\u00edda del helic\u00f3ptero en Glasgow - El Digital de Asturias\" \/>\n\t\t<meta property=\"og:description\" content=\"Londres, 1 dic (EFE).- La Polic\u00eda escocesa dijo hoy que no descarta que aparezcan m\u00e1s cad\u00e1veres entre los escombros del pub de Glasgow sobre el que el viernes cay\u00f3 un helic\u00f3ptero policial, causando ocho muertos y 32 heridos. El inspector jefe Stephen House se\u00f1al\u00f3 en una rueda de prensa que la posibilidad de que aumente\" \/>\n\t\t<meta property=\"og:url\" content=\"https:\/\/www.eldigitaldeasturias.com\/noticias\/la-policia-no-descarta-mas-muertos-por-la-caida-del-helicoptero-en-glasgow\/\" \/>\n\t\t<meta property=\"article:tag\" content=\"sucesos\" \/>\n\t\t<meta property=\"article:published_time\" content=\"2013-12-01T23:25:45+00:00\" \/>\n\t\t<meta property=\"article:modified_time\" content=\"2013-12-01T23:25:45+00:00\" \/>\n\t\t<meta property=\"article:publisher\" content=\"https:\/\/facebook.com\/eldigitaldeasturias\" \/>\n\t\t<meta name=\"twitter:card\" content=\"summary_large_image\" \/>\n\t\t<meta name=\"twitter:title\" content=\"La Polic\u00eda no descarta m\u00e1s muertos por la ca\u00edda del helic\u00f3ptero en Glasgow - El Digital de Asturias\" \/>\n\t\t<meta name=\"twitter:description\" content=\"Londres, 1 dic (EFE).- La Polic\u00eda escocesa dijo hoy que no descarta que aparezcan m\u00e1s cad\u00e1veres entre los escombros del pub de Glasgow sobre el que el viernes cay\u00f3 un helic\u00f3ptero policial, causando ocho muertos y 32 heridos. El inspector jefe Stephen House se\u00f1al\u00f3 en una rueda de prensa que la posibilidad de que aumente\" \/>\n\t\t<meta name=\"twitter:label1\" content=\"Escrito por\" \/>\n\t\t<meta name=\"twitter:data1\" content=\"El Digital de Asturias\" \/>\n\t\t<meta name=\"twitter:label2\" content=\"Tiempo de lectura estimado\" \/>\n\t\t<meta name=\"twitter:data2\" content=\"3 minutos\" \/>\n\t\t<script type=\"application\/ld+json\" class=\"aioseo-schema\">\n\t\t\t{\"@context\":\"https:\\\/\\\/schema.org\",\"@graph\":[{\"@type\":\"BlogPosting\",\"@id\":\"https:\\\/\\\/www.eldigitaldeasturias.com\\\/noticias\\\/la-policia-no-descarta-mas-muertos-por-la-caida-del-helicoptero-en-glasgow\\\/#blogposting\",\"name\":\"La Polic\\u00eda no descarta m\\u00e1s muertos por la ca\\u00edda del helic\\u00f3ptero en Glasgow - El Digital de Asturias\",\"headline\":\"La Polic\\u00eda no descarta m\\u00e1s muertos por la ca\\u00edda del helic\\u00f3ptero en Glasgow\",\"author\":{\"@id\":\"https:\\\/\\\/www.eldigitaldeasturias.com\\\/noticias\\\/author\\\/admin\\\/#author\"},\"publisher\":{\"@id\":\"https:\\\/\\\/www.eldigitaldeasturias.com\\\/noticias\\\/#organization\"},\"image\":{\"@type\":\"ImageObject\",\"url\":456657},\"datePublished\":\"2013-12-01T22:25:45+01:00\",\"dateModified\":\"2013-12-01T22:25:45+01:00\",\"inLanguage\":\"es-ES\",\"mainEntityOfPage\":{\"@id\":\"https:\\\/\\\/www.eldigitaldeasturias.com\\\/noticias\\\/la-policia-no-descarta-mas-muertos-por-la-caida-del-helicoptero-en-glasgow\\\/#webpage\"},\"isPartOf\":{\"@id\":\"https:\\\/\\\/www.eldigitaldeasturias.com\\\/noticias\\\/la-policia-no-descarta-mas-muertos-por-la-caida-del-helicoptero-en-glasgow\\\/#webpage\"},\"articleSection\":\"Sucesos\"},{\"@type\":\"BreadcrumbList\",\"@id\":\"https:\\\/\\\/www.eldigitaldeasturias.com\\\/noticias\\\/la-policia-no-descarta-mas-muertos-por-la-caida-del-helicoptero-en-glasgow\\\/#breadcrumblist\",\"itemListElement\":[{\"@type\":\"ListItem\",\"@id\":\"https:\\\/\\\/www.eldigitaldeasturias.com\\\/noticias#listItem\",\"position\":1,\"name\":\"Home\",\"item\":\"https:\\\/\\\/www.eldigitaldeasturias.com\\\/noticias\",\"nextItem\":{\"@type\":\"ListItem\",\"@id\":\"https:\\\/\\\/www.eldigitaldeasturias.com\\\/noticias\\\/category\\\/sucesos\\\/#listItem\",\"name\":\"Sucesos\"}},{\"@type\":\"ListItem\",\"@id\":\"https:\\\/\\\/www.eldigitaldeasturias.com\\\/noticias\\\/category\\\/sucesos\\\/#listItem\",\"position\":2,\"name\":\"Sucesos\",\"item\":\"https:\\\/\\\/www.eldigitaldeasturias.com\\\/noticias\\\/category\\\/sucesos\\\/\",\"nextItem\":{\"@type\":\"ListItem\",\"@id\":\"https:\\\/\\\/www.eldigitaldeasturias.com\\\/noticias\\\/la-policia-no-descarta-mas-muertos-por-la-caida-del-helicoptero-en-glasgow\\\/#listItem\",\"name\":\"La Polic\\u00eda no descarta m\\u00e1s muertos por la ca\\u00edda del helic\\u00f3ptero en Glasgow\"},\"previousItem\":{\"@type\":\"ListItem\",\"@id\":\"https:\\\/\\\/www.eldigitaldeasturias.com\\\/noticias#listItem\",\"name\":\"Home\"}},{\"@type\":\"ListItem\",\"@id\":\"https:\\\/\\\/www.eldigitaldeasturias.com\\\/noticias\\\/la-policia-no-descarta-mas-muertos-por-la-caida-del-helicoptero-en-glasgow\\\/#listItem\",\"position\":3,\"name\":\"La Polic\\u00eda no descarta m\\u00e1s muertos por la ca\\u00edda del helic\\u00f3ptero en Glasgow\",\"previousItem\":{\"@type\":\"ListItem\",\"@id\":\"https:\\\/\\\/www.eldigitaldeasturias.com\\\/noticias\\\/category\\\/sucesos\\\/#listItem\",\"name\":\"Sucesos\"}}]},{\"@type\":\"Organization\",\"@id\":\"https:\\\/\\\/www.eldigitaldeasturias.com\\\/noticias\\\/#organization\",\"name\":\"El Digital de Asturias\",\"description\":\"Hemeroteca\",\"url\":\"https:\\\/\\\/www.eldigitaldeasturias.com\\\/noticias\\\/\",\"email\":\"info@eldigitaldeasturias.com\",\"telephone\":\"+34652131393\",\"logo\":{\"@type\":\"ImageObject\",\"url\":\"https:\\\/\\\/www.eldigitaldeasturias.com\\\/noticias\\\/wp-content\\\/uploads\\\/2020\\\/12\\\/EDA.jpg\",\"@id\":\"https:\\\/\\\/www.eldigitaldeasturias.com\\\/noticias\\\/la-policia-no-descarta-mas-muertos-por-la-caida-del-helicoptero-en-glasgow\\\/#organizationLogo\"},\"image\":{\"@id\":\"https:\\\/\\\/www.eldigitaldeasturias.com\\\/noticias\\\/la-policia-no-descarta-mas-muertos-por-la-caida-del-helicoptero-en-glasgow\\\/#organizationLogo\"},\"sameAs\":[\"https:\\\/\\\/facebook.com\\\/eldigitaldeasturias\",\"https:\\\/\\\/www.youtube.com\\\/channel\\\/UCZP-2wLEB9Rv6erhFmqVnvg\"],\"address\":{\"@id\":\"https:\\\/\\\/www.eldigitaldeasturias.com\\\/noticias\\\/#postaladdress\",\"@type\":\"PostalAddress\",\"streetAddress\":\"san antonio 4\",\"postalCode\":\"33430\",\"addressLocality\":\"Cand\\u00e1s\",\"addressRegion\":\"Asturias\",\"addressCountry\":\"ES\"}},{\"@type\":\"Person\",\"@id\":\"https:\\\/\\\/www.eldigitaldeasturias.com\\\/noticias\\\/author\\\/admin\\\/#author\",\"url\":\"https:\\\/\\\/www.eldigitaldeasturias.com\\\/noticias\\\/author\\\/admin\\\/\",\"name\":\"El Digital de Asturias\",\"image\":{\"@type\":\"ImageObject\",\"@id\":\"https:\\\/\\\/www.eldigitaldeasturias.com\\\/noticias\\\/la-policia-no-descarta-mas-muertos-por-la-caida-del-helicoptero-en-glasgow\\\/#authorImage\",\"url\":\"https:\\\/\\\/secure.gravatar.com\\\/avatar\\\/df2aeffc32bcd13f8d26072ef8a91b623d677766deac7f97ca815868cd41bf5e?s=96&d=mm&r=g\",\"width\":96,\"height\":96,\"caption\":\"El Digital de Asturias\"}},{\"@type\":\"WebPage\",\"@id\":\"https:\\\/\\\/www.eldigitaldeasturias.com\\\/noticias\\\/la-policia-no-descarta-mas-muertos-por-la-caida-del-helicoptero-en-glasgow\\\/#webpage\",\"url\":\"https:\\\/\\\/www.eldigitaldeasturias.com\\\/noticias\\\/la-policia-no-descarta-mas-muertos-por-la-caida-del-helicoptero-en-glasgow\\\/\",\"name\":\"La Polic\\u00eda no descarta m\\u00e1s muertos por la ca\\u00edda del helic\\u00f3ptero en Glasgow - El Digital de Asturias\",\"description\":\"Londres, 1 dic (EFE).- La Polic\\u00eda escocesa dijo hoy que no descarta que aparezcan m\\u00e1s cad\\u00e1veres entre los escombros del pub de Glasgow sobre el que el viernes cay\\u00f3 un helic\\u00f3ptero policial, causando ocho muertos y 32 heridos. El inspector jefe Stephen House se\\u00f1al\\u00f3 en una rueda de prensa que la posibilidad de que aumente\",\"inLanguage\":\"es-ES\",\"isPartOf\":{\"@id\":\"https:\\\/\\\/www.eldigitaldeasturias.com\\\/noticias\\\/#website\"},\"breadcrumb\":{\"@id\":\"https:\\\/\\\/www.eldigitaldeasturias.com\\\/noticias\\\/la-policia-no-descarta-mas-muertos-por-la-caida-del-helicoptero-en-glasgow\\\/#breadcrumblist\"},\"author\":{\"@id\":\"https:\\\/\\\/www.eldigitaldeasturias.com\\\/noticias\\\/author\\\/admin\\\/#author\"},\"creator\":{\"@id\":\"https:\\\/\\\/www.eldigitaldeasturias.com\\\/noticias\\\/author\\\/admin\\\/#author\"},\"image\":{\"@type\":\"ImageObject\",\"url\":456657,\"@id\":\"https:\\\/\\\/www.eldigitaldeasturias.com\\\/noticias\\\/la-policia-no-descarta-mas-muertos-por-la-caida-del-helicoptero-en-glasgow\\\/#mainImage\"},\"primaryImageOfPage\":{\"@id\":\"https:\\\/\\\/www.eldigitaldeasturias.com\\\/noticias\\\/la-policia-no-descarta-mas-muertos-por-la-caida-del-helicoptero-en-glasgow\\\/#mainImage\"},\"datePublished\":\"2013-12-01T22:25:45+01:00\",\"dateModified\":\"2013-12-01T22:25:45+01:00\"},{\"@type\":\"WebSite\",\"@id\":\"https:\\\/\\\/www.eldigitaldeasturias.com\\\/noticias\\\/#website\",\"url\":\"https:\\\/\\\/www.eldigitaldeasturias.com\\\/noticias\\\/\",\"name\":\"El Digital de Asturias - Diario de actualidad y noticias\",\"alternateName\":\"El Digital de Asturias - Diario de actualidad y noticias\",\"description\":\"Hemeroteca\",\"inLanguage\":\"es-ES\",\"publisher\":{\"@id\":\"https:\\\/\\\/www.eldigitaldeasturias.com\\\/noticias\\\/#organization\"}}]}\n\t\t<\/script>\n\t\t<!-- All in One SEO Pro -->\r\n\t\t<title>La Polic\u00eda no descarta m\u00e1s muertos por la ca\u00edda del helic\u00f3ptero en Glasgow - El Digital de Asturias<\/title>\n\n","aioseo_head_json":{"title":"La Polic\u00eda no descarta m\u00e1s muertos por la ca\u00edda del helic\u00f3ptero en Glasgow - El Digital de Asturias","description":"Londres, 1 dic (EFE).- La Polic\u00eda escocesa dijo hoy que no descarta que aparezcan m\u00e1s cad\u00e1veres entre los escombros del pub de Glasgow sobre el que el viernes cay\u00f3 un helic\u00f3ptero policial, causando ocho muertos y 32 heridos. El inspector jefe Stephen House se\u00f1al\u00f3 en una rueda de prensa que la posibilidad de que aumente","canonical_url":"https:\/\/www.eldigitaldeasturias.com\/noticias\/la-policia-no-descarta-mas-muertos-por-la-caida-del-helicoptero-en-glasgow\/","robots":"max-image-preview:large","keywords":"sucesos","webmasterTools":{"google-site-verification":"UA-38556648-1","msvalidate.01":"7dfe9f3f1b24437ab69f4f2559babe99","miscellaneous":""},"schema":{"@context":"https:\/\/schema.org","@graph":[{"@type":"BlogPosting","@id":"https:\/\/www.eldigitaldeasturias.com\/noticias\/la-policia-no-descarta-mas-muertos-por-la-caida-del-helicoptero-en-glasgow\/#blogposting","name":"La Polic\u00eda no descarta m\u00e1s muertos por la ca\u00edda del helic\u00f3ptero en Glasgow - El Digital de Asturias","headline":"La Polic\u00eda no descarta m\u00e1s muertos por la ca\u00edda del helic\u00f3ptero en Glasgow","author":{"@id":"https:\/\/www.eldigitaldeasturias.com\/noticias\/author\/admin\/#author"},"publisher":{"@id":"https:\/\/www.eldigitaldeasturias.com\/noticias\/#organization"},"image":{"@type":"ImageObject","url":456657},"datePublished":"2013-12-01T22:25:45+01:00","dateModified":"2013-12-01T22:25:45+01:00","inLanguage":"es-ES","mainEntityOfPage":{"@id":"https:\/\/www.eldigitaldeasturias.com\/noticias\/la-policia-no-descarta-mas-muertos-por-la-caida-del-helicoptero-en-glasgow\/#webpage"},"isPartOf":{"@id":"https:\/\/www.eldigitaldeasturias.com\/noticias\/la-policia-no-descarta-mas-muertos-por-la-caida-del-helicoptero-en-glasgow\/#webpage"},"articleSection":"Sucesos"},{"@type":"BreadcrumbList","@id":"https:\/\/www.eldigitaldeasturias.com\/noticias\/la-policia-no-descarta-mas-muertos-por-la-caida-del-helicoptero-en-glasgow\/#breadcrumblist","itemListElement":[{"@type":"ListItem","@id":"https:\/\/www.eldigitaldeasturias.com\/noticias#listItem","position":1,"name":"Home","item":"https:\/\/www.eldigitaldeasturias.com\/noticias","nextItem":{"@type":"ListItem","@id":"https:\/\/www.eldigitaldeasturias.com\/noticias\/category\/sucesos\/#listItem","name":"Sucesos"}},{"@type":"ListItem","@id":"https:\/\/www.eldigitaldeasturias.com\/noticias\/category\/sucesos\/#listItem","position":2,"name":"Sucesos","item":"https:\/\/www.eldigitaldeasturias.com\/noticias\/category\/sucesos\/","nextItem":{"@type":"ListItem","@id":"https:\/\/www.eldigitaldeasturias.com\/noticias\/la-policia-no-descarta-mas-muertos-por-la-caida-del-helicoptero-en-glasgow\/#listItem","name":"La Polic\u00eda no descarta m\u00e1s muertos por la ca\u00edda del helic\u00f3ptero en Glasgow"},"previousItem":{"@type":"ListItem","@id":"https:\/\/www.eldigitaldeasturias.com\/noticias#listItem","name":"Home"}},{"@type":"ListItem","@id":"https:\/\/www.eldigitaldeasturias.com\/noticias\/la-policia-no-descarta-mas-muertos-por-la-caida-del-helicoptero-en-glasgow\/#listItem","position":3,"name":"La Polic\u00eda no descarta m\u00e1s muertos por la ca\u00edda del helic\u00f3ptero en Glasgow","previousItem":{"@type":"ListItem","@id":"https:\/\/www.eldigitaldeasturias.com\/noticias\/category\/sucesos\/#listItem","name":"Sucesos"}}]},{"@type":"Organization","@id":"https:\/\/www.eldigitaldeasturias.com\/noticias\/#organization","name":"El Digital de Asturias","description":"Hemeroteca","url":"https:\/\/www.eldigitaldeasturias.com\/noticias\/","email":"info@eldigitaldeasturias.com","telephone":"+34652131393","logo":{"@type":"ImageObject","url":"https:\/\/www.eldigitaldeasturias.com\/noticias\/wp-content\/uploads\/2020\/12\/EDA.jpg","@id":"https:\/\/www.eldigitaldeasturias.com\/noticias\/la-policia-no-descarta-mas-muertos-por-la-caida-del-helicoptero-en-glasgow\/#organizationLogo"},"image":{"@id":"https:\/\/www.eldigitaldeasturias.com\/noticias\/la-policia-no-descarta-mas-muertos-por-la-caida-del-helicoptero-en-glasgow\/#organizationLogo"},"sameAs":["https:\/\/facebook.com\/eldigitaldeasturias","https:\/\/www.youtube.com\/channel\/UCZP-2wLEB9Rv6erhFmqVnvg"],"address":{"@id":"https:\/\/www.eldigitaldeasturias.com\/noticias\/#postaladdress","@type":"PostalAddress","streetAddress":"san antonio 4","postalCode":"33430","addressLocality":"Cand\u00e1s","addressRegion":"Asturias","addressCountry":"ES"}},{"@type":"Person","@id":"https:\/\/www.eldigitaldeasturias.com\/noticias\/author\/admin\/#author","url":"https:\/\/www.eldigitaldeasturias.com\/noticias\/author\/admin\/","name":"El Digital de Asturias","image":{"@type":"ImageObject","@id":"https:\/\/www.eldigitaldeasturias.com\/noticias\/la-policia-no-descarta-mas-muertos-por-la-caida-del-helicoptero-en-glasgow\/#authorImage","url":"https:\/\/secure.gravatar.com\/avatar\/df2aeffc32bcd13f8d26072ef8a91b623d677766deac7f97ca815868cd41bf5e?s=96&d=mm&r=g","width":96,"height":96,"caption":"El Digital de Asturias"}},{"@type":"WebPage","@id":"https:\/\/www.eldigitaldeasturias.com\/noticias\/la-policia-no-descarta-mas-muertos-por-la-caida-del-helicoptero-en-glasgow\/#webpage","url":"https:\/\/www.eldigitaldeasturias.com\/noticias\/la-policia-no-descarta-mas-muertos-por-la-caida-del-helicoptero-en-glasgow\/","name":"La Polic\u00eda no descarta m\u00e1s muertos por la ca\u00edda del helic\u00f3ptero en Glasgow - El Digital de Asturias","description":"Londres, 1 dic (EFE).- La Polic\u00eda escocesa dijo hoy que no descarta que aparezcan m\u00e1s cad\u00e1veres entre los escombros del pub de Glasgow sobre el que el viernes cay\u00f3 un helic\u00f3ptero policial, causando ocho muertos y 32 heridos. El inspector jefe Stephen House se\u00f1al\u00f3 en una rueda de prensa que la posibilidad de que aumente","inLanguage":"es-ES","isPartOf":{"@id":"https:\/\/www.eldigitaldeasturias.com\/noticias\/#website"},"breadcrumb":{"@id":"https:\/\/www.eldigitaldeasturias.com\/noticias\/la-policia-no-descarta-mas-muertos-por-la-caida-del-helicoptero-en-glasgow\/#breadcrumblist"},"author":{"@id":"https:\/\/www.eldigitaldeasturias.com\/noticias\/author\/admin\/#author"},"creator":{"@id":"https:\/\/www.eldigitaldeasturias.com\/noticias\/author\/admin\/#author"},"image":{"@type":"ImageObject","url":456657,"@id":"https:\/\/www.eldigitaldeasturias.com\/noticias\/la-policia-no-descarta-mas-muertos-por-la-caida-del-helicoptero-en-glasgow\/#mainImage"},"primaryImageOfPage":{"@id":"https:\/\/www.eldigitaldeasturias.com\/noticias\/la-policia-no-descarta-mas-muertos-por-la-caida-del-helicoptero-en-glasgow\/#mainImage"},"datePublished":"2013-12-01T22:25:45+01:00","dateModified":"2013-12-01T22:25:45+01:00"},{"@type":"WebSite","@id":"https:\/\/www.eldigitaldeasturias.com\/noticias\/#website","url":"https:\/\/www.eldigitaldeasturias.com\/noticias\/","name":"El Digital de Asturias - Diario de actualidad y noticias","alternateName":"El Digital de Asturias - Diario de actualidad y noticias","description":"Hemeroteca","inLanguage":"es-ES","publisher":{"@id":"https:\/\/www.eldigitaldeasturias.com\/noticias\/#organization"}}]},"og:locale":"es_ES","og:site_name":"El Digital de Asturias","og:type":"article","og:title":"La Polic\u00eda no descarta m\u00e1s muertos por la ca\u00edda del helic\u00f3ptero en Glasgow - El Digital de Asturias","og:description":"Londres, 1 dic (EFE).- La Polic\u00eda escocesa dijo hoy que no descarta que aparezcan m\u00e1s cad\u00e1veres entre los escombros del pub de Glasgow sobre el que el viernes cay\u00f3 un helic\u00f3ptero policial, causando ocho muertos y 32 heridos. El inspector jefe Stephen House se\u00f1al\u00f3 en una rueda de prensa que la posibilidad de que aumente","og:url":"https:\/\/www.eldigitaldeasturias.com\/noticias\/la-policia-no-descarta-mas-muertos-por-la-caida-del-helicoptero-en-glasgow\/","article:tag":["sucesos"],"article:published_time":"2013-12-01T23:25:45+00:00","article:modified_time":"2013-12-01T23:25:45+00:00","article:publisher":"https:\/\/facebook.com\/eldigitaldeasturias","twitter:card":"summary_large_image","twitter:title":"La Polic\u00eda no descarta m\u00e1s muertos por la ca\u00edda del helic\u00f3ptero en Glasgow - El Digital de Asturias","twitter:description":"Londres, 1 dic (EFE).- La Polic\u00eda escocesa dijo hoy que no descarta que aparezcan m\u00e1s cad\u00e1veres entre los escombros del pub de Glasgow sobre el que el viernes cay\u00f3 un helic\u00f3ptero policial, causando ocho muertos y 32 heridos. El inspector jefe Stephen House se\u00f1al\u00f3 en una rueda de prensa que la posibilidad de que aumente","twitter:label1":"Escrito por","twitter:data1":"El Digital de Asturias","twitter:label2":"Tiempo de lectura estimado","twitter:data2":"3 minutos"},"aioseo_meta_data":{"post_id":"456656","title":null,"description":null,"keywords":null,"keyphrases":null,"primary_term":null,"canonical_url":null,"og_title":null,"og_description":null,"og_object_type":"default","og_image_type":"default","og_image_url":null,"og_image_width":null,"og_image_height":null,"og_image_custom_url":null,"og_image_custom_fields":null,"og_video":null,"og_custom_url":null,"og_article_section":null,"og_article_tags":null,"twitter_use_og":true,"twitter_card":"default","twitter_image_type":"default","twitter_image_url":null,"twitter_image_custom_url":null,"twitter_image_custom_fields":null,"twitter_title":null,"twitter_description":null,"schema":{"blockGraphs":[],"customGraphs":[],"default":{"data":{"Article":[],"Course":[],"Dataset":[],"FAQPage":[],"Movie":[],"Person":[],"Product":[],"ProductReview":[],"Car":[],"Recipe":[],"Service":[],"SoftwareApplication":[],"WebPage":[]},"graphName":"","isEnabled":true},"graphs":[],"defaultGraph":"","defaultPostTypeGraph":""},"schema_type":null,"schema_type_options":null,"pillar_content":false,"robots_default":true,"robots_noindex":false,"robots_noarchive":false,"robots_nosnippet":false,"robots_nofollow":false,"robots_noimageindex":false,"robots_noodp":false,"robots_notranslate":false,"robots_max_snippet":null,"robots_max_videopreview":null,"robots_max_imagepreview":"none","priority":null,"frequency":null,"local_seo":null,"seo_analyzer_scan_date":"2026-05-29 22:46:15","breadcrumb_settings":null,"limit_modified_date":false,"open_ai":null,"ai":null,"created":"2020-11-14 22:46:01","updated":"2026-05-29 22:46:15","focus_keyword":null,"additional_keywords":null,"truseo_locale":null},"aioseo_breadcrumb":"<div class=\"aioseo-breadcrumbs\"><span class=\"aioseo-breadcrumb\">\n\t<a href=\"https:\/\/www.eldigitaldeasturias.com\/noticias\" title=\"Home\">Home<\/a>\n<\/span><span class=\"aioseo-breadcrumb-separator\">\u2013<\/span><span class=\"aioseo-breadcrumb\">\n\t<a href=\"https:\/\/www.eldigitaldeasturias.com\/noticias\/category\/sucesos\/\" title=\"Sucesos\">Sucesos<\/a>\n<\/span><span class=\"aioseo-breadcrumb-separator\">\u2013<\/span><span class=\"aioseo-breadcrumb\">\n\t<a href=\"https:\/\/www.eldigitaldeasturias.com\/noticias\/la-policia-no-descarta-mas-muertos-por-la-caida-del-helicoptero-en-glasgow\/\" title=\"La Polic\u00eda no descarta m\u00e1s muertos por la ca\u00edda del helic\u00f3ptero en Glasgow\">La Polic\u00eda no descarta m\u00e1s muertos por la ca\u00edda del helic\u00f3ptero en Glasgow<\/a>\n<\/span><\/div>","aioseo_breadcrumb_json":[{"label":"Home","link":"https:\/\/www.eldigitaldeasturias.com\/noticias"},{"label":"Sucesos","link":"https:\/\/www.eldigitaldeasturias.com\/noticias\/category\/sucesos\/"},{"label":"La Polic\u00eda no descarta m\u00e1s muertos por la ca\u00edda del helic\u00f3ptero en Glasgow","link":"https:\/\/www.eldigitaldeasturias.com\/noticias\/la-policia-no-descarta-mas-muertos-por-la-caida-del-helicoptero-en-glasgow\/"}],"_links":{"self":[{"href":"https:\/\/www.eldigitaldeasturias.com\/noticias\/wp-json\/wp\/v2\/posts\/456656","targetHints":{"allow":["GET"]}}],"collection":[{"href":"https:\/\/www.eldigitaldeasturias.com\/noticias\/wp-json\/wp\/v2\/posts"}],"about":[{"href":"https:\/\/www.eldigitaldeasturias.com\/noticias\/wp-json\/wp\/v2\/types\/post"}],"author":[{"embeddable":true,"href":"https:\/\/www.eldigitaldeasturias.com\/noticias\/wp-json\/wp\/v2\/users\/1"}],"replies":[{"embeddable":true,"href":"https:\/\/www.eldigitaldeasturias.com\/noticias\/wp-json\/wp\/v2\/comments?post=456656"}],"version-history":[{"count":0,"href":"https:\/\/www.eldigitaldeasturias.com\/noticias\/wp-json\/wp\/v2\/posts\/456656\/revisions"}],"wp:attachment":[{"href":"https:\/\/www.eldigitaldeasturias.com\/noticias\/wp-json\/wp\/v2\/media?parent=456656"}],"wp:term":[{"taxonomy":"category","embeddable":true,"href":"https:\/\/www.eldigitaldeasturias.com\/noticias\/wp-json\/wp\/v2\/categories?post=456656"},{"taxonomy":"post_tag","embeddable":true,"href":"https:\/\/www.eldigitaldeasturias.com\/noticias\/wp-json\/wp\/v2\/tags?post=456656"}],"curies":[{"name":"wp","href":"https:\/\/api.w.org\/{rel}","templated":true}]}}