{"id":456643,"date":"2013-12-01T22:09:28","date_gmt":"2013-12-01T23:09:28","guid":{"rendered":"http:\/\/www.eldigitaldeasturias.com\/noticias\/?p=456643"},"modified":"2013-12-01T22:09:28","modified_gmt":"2013-12-01T23:09:28","slug":"muere-paul-walker-actor-de-fast-and-furious","status":"publish","type":"post","link":"https:\/\/www.eldigitaldeasturias.com\/noticias\/muere-paul-walker-actor-de-fast-and-furious\/","title":{"rendered":"Muere Paul Walker, actor de \u00abFast and Furious\u00bb"},"content":{"rendered":"<p><img loading=\"lazy\" decoding=\"async\" class=\"alignleft size-medium wp-image-456644\" alt=\"Muere-Paul-Walker-Fast-Furious_EDIIMA20131201_0014_4\" src=\"https:\/\/www.eldigitaldeasturias.com\/noticias\/wp-content\/uploads\/2013\/12\/Muere-Paul-Walker-Fast-Furious_EDIIMA20131201_0014_4-360x202.jpg\" width=\"360\" height=\"202\" \/>Los Angeles, 1 dic (dpa) &#8211; El actor estadounidense Paul Walker, conocido por protagonizar la saga de carreras de coches ilegales \u00abThe Fast and the Furious\u00bb, muri\u00f3 en un accidente automovil\u00edstico en California, anunciaron hoy sus portavoces en su p\u00e1gina de Facebook.<\/p>\n<p>El artista de 40 a\u00f1os iba en un Porsche Carrera que era conducido por un amigo cuando el veh\u00edculo se estrell\u00f3 y se prendi\u00f3 fuego en el norte de California, informa TMZ.com.<\/p>\n<p>\u00abTenemos que confirmar con tristeza que Paul Walker ha fallecido en un tr\u00e1gico accidente de coche cuando asist\u00eda a un evento ben\u00e9fico para su organizaci\u00f3n Reach Out Worldwide\u00bb, se\u00f1ala el texto en Facebook.<\/p>\n<p>\u00abIba como pasajero en el coche de un amigo, en el que ambos perdieron la vida. Apreciamos su paciencia ya que nosotros tambi\u00e9n estamos incre\u00edblemente aturdidos y tristes por esta noticia\u00bb, a\u00f1ade.<\/p>\n<p>TMZ.com se\u00f1al\u00f3 que el evento ben\u00e9fico en Santa Clarita, una muestra de autom\u00f3viles, se realiz\u00f3 para recaudar fondos para los supervivientes del tif\u00f3n \u00abHaiyan\u00bb en Filipinas.<\/p>\n<p>Todo apunta a que el conductor perdi\u00f3 el control del veh\u00edculo, que se sali\u00f3 de la carretera y se estrell\u00f3 contra un \u00e1rbol antes de incendiarse, inform\u00f3 TMZ.<\/p>\n<p>Walker, que encarna al polic\u00eda encubierto Brian O&#8217;Conner en la saga \u00abThe Fast and the Furious\u00bb, estaba rodando la s\u00e9ptima entrega de la popular saga.<\/p>\n<p>El actor hab\u00eda creado su organizaci\u00f3n ben\u00e9fica en 2010, tras el terremoto en Hait\u00ed, para ayudar a las v\u00edctimas de cat\u00e1strofes naturales.<\/p>\n","protected":false},"excerpt":{"rendered":"<p>Los Angeles, 1 dic (dpa) &#8211; El actor estadounidense Paul Walker, conocido por protagonizar la saga de carreras de coches ilegales \u00abThe Fast and the Furious\u00bb, muri\u00f3 en un accidente automovil\u00edstico en California, anunciaron hoy sus portavoces en su p\u00e1gina de Facebook. El artista de 40 a\u00f1os iba en un Porsche Carrera que era conducido [&hellip;]<\/p>\n","protected":false},"author":1,"featured_media":456644,"comment_status":"closed","ping_status":"open","sticky":false,"template":"","format":"standard","meta":{"footnotes":""},"categories":[28],"tags":[],"class_list":["post-456643","post","type-post","status-publish","format-standard","has-post-thumbnail","hentry","category-sociedad"],"aioseo_notices":[],"aioseo_head":"\n\t\t<!-- All in One SEO Pro 5.0.1 - aioseo.com -->\n\t<meta name=\"description\" content=\"Los Angeles, 1 dic (dpa) - El actor estadounidense Paul Walker, conocido por protagonizar la saga de carreras de coches ilegales &quot;The Fast and the Furious&quot;, muri\u00f3 en un accidente automovil\u00edstico en California, anunciaron hoy sus portavoces en su p\u00e1gina de Facebook. El artista de 40 a\u00f1os iba en un Porsche Carrera que era conducido\" \/>\n\t<meta name=\"robots\" content=\"max-image-preview:large\" \/>\n\t<meta name=\"author\" content=\"El Digital de Asturias\"\/>\n\t<meta name=\"google-site-verification\" content=\"UA-38556648-1\" \/>\n\t<meta name=\"msvalidate.01\" content=\"7dfe9f3f1b24437ab69f4f2559babe99\" \/>\n\t<meta name=\"keywords\" content=\"sociedad\" \/>\n\t<link rel=\"canonical\" href=\"https:\/\/www.eldigitaldeasturias.com\/noticias\/muere-paul-walker-actor-de-fast-and-furious\/\" \/>\n\t<meta name=\"generator\" content=\"All in One SEO Pro (AIOSEO) 5.0.1\" \/>\n\t\t<meta property=\"og:locale\" content=\"es_ES\" \/>\n\t\t<meta property=\"og:site_name\" content=\"El Digital de Asturias\" \/>\n\t\t<meta property=\"og:type\" content=\"article\" \/>\n\t\t<meta property=\"og:title\" content=\"Muere Paul Walker, actor de \u00abFast and Furious\u00bb - El Digital de Asturias\" \/>\n\t\t<meta property=\"og:description\" content=\"Los Angeles, 1 dic (dpa) - El actor estadounidense Paul Walker, conocido por protagonizar la saga de carreras de coches ilegales &quot;The Fast and the Furious&quot;, muri\u00f3 en un accidente automovil\u00edstico en California, anunciaron hoy sus portavoces en su p\u00e1gina de Facebook. El artista de 40 a\u00f1os iba en un Porsche Carrera que era conducido\" \/>\n\t\t<meta property=\"og:url\" content=\"https:\/\/www.eldigitaldeasturias.com\/noticias\/muere-paul-walker-actor-de-fast-and-furious\/\" \/>\n\t\t<meta property=\"article:tag\" content=\"sociedad\" \/>\n\t\t<meta property=\"article:published_time\" content=\"2013-12-01T23:09:28+00:00\" \/>\n\t\t<meta property=\"article:modified_time\" content=\"2013-12-01T23:09:28+00:00\" \/>\n\t\t<meta property=\"article:publisher\" content=\"https:\/\/facebook.com\/eldigitaldeasturias\" \/>\n\t\t<meta name=\"twitter:card\" content=\"summary_large_image\" \/>\n\t\t<meta name=\"twitter:title\" content=\"Muere Paul Walker, actor de \u00abFast and Furious\u00bb - El Digital de Asturias\" \/>\n\t\t<meta name=\"twitter:description\" content=\"Los Angeles, 1 dic (dpa) - El actor estadounidense Paul Walker, conocido por protagonizar la saga de carreras de coches ilegales &quot;The Fast and the Furious&quot;, muri\u00f3 en un accidente automovil\u00edstico en California, anunciaron hoy sus portavoces en su p\u00e1gina de Facebook. El artista de 40 a\u00f1os iba en un Porsche Carrera que era conducido\" \/>\n\t\t<meta name=\"twitter:label1\" content=\"Escrito por\" \/>\n\t\t<meta name=\"twitter:data1\" content=\"El Digital de Asturias\" \/>\n\t\t<meta name=\"twitter:label2\" content=\"Tiempo de lectura estimado\" \/>\n\t\t<meta name=\"twitter:data2\" content=\"1 minuto\" \/>\n\t\t<script type=\"application\/ld+json\" class=\"aioseo-schema\">\n\t\t\t{\"@context\":\"https:\\\/\\\/schema.org\",\"@graph\":[{\"@type\":\"BlogPosting\",\"@id\":\"https:\\\/\\\/www.eldigitaldeasturias.com\\\/noticias\\\/muere-paul-walker-actor-de-fast-and-furious\\\/#blogposting\",\"name\":\"Muere Paul Walker, actor de \\u00abFast and Furious\\u00bb - El Digital de Asturias\",\"headline\":\"Muere Paul Walker, actor de \\u00abFast and Furious\\u00bb\",\"author\":{\"@id\":\"https:\\\/\\\/www.eldigitaldeasturias.com\\\/noticias\\\/author\\\/admin\\\/#author\"},\"publisher\":{\"@id\":\"https:\\\/\\\/www.eldigitaldeasturias.com\\\/noticias\\\/#organization\"},\"image\":{\"@type\":\"ImageObject\",\"url\":456644},\"datePublished\":\"2013-12-01T22:09:28+01:00\",\"dateModified\":\"2013-12-01T22:09:28+01:00\",\"inLanguage\":\"es-ES\",\"mainEntityOfPage\":{\"@id\":\"https:\\\/\\\/www.eldigitaldeasturias.com\\\/noticias\\\/muere-paul-walker-actor-de-fast-and-furious\\\/#webpage\"},\"isPartOf\":{\"@id\":\"https:\\\/\\\/www.eldigitaldeasturias.com\\\/noticias\\\/muere-paul-walker-actor-de-fast-and-furious\\\/#webpage\"},\"articleSection\":\"Sociedad\"},{\"@type\":\"BreadcrumbList\",\"@id\":\"https:\\\/\\\/www.eldigitaldeasturias.com\\\/noticias\\\/muere-paul-walker-actor-de-fast-and-furious\\\/#breadcrumblist\",\"itemListElement\":[{\"@type\":\"ListItem\",\"@id\":\"https:\\\/\\\/www.eldigitaldeasturias.com\\\/noticias#listItem\",\"position\":1,\"name\":\"Home\",\"item\":\"https:\\\/\\\/www.eldigitaldeasturias.com\\\/noticias\",\"nextItem\":{\"@type\":\"ListItem\",\"@id\":\"https:\\\/\\\/www.eldigitaldeasturias.com\\\/noticias\\\/category\\\/sociedad\\\/#listItem\",\"name\":\"Sociedad\"}},{\"@type\":\"ListItem\",\"@id\":\"https:\\\/\\\/www.eldigitaldeasturias.com\\\/noticias\\\/category\\\/sociedad\\\/#listItem\",\"position\":2,\"name\":\"Sociedad\",\"item\":\"https:\\\/\\\/www.eldigitaldeasturias.com\\\/noticias\\\/category\\\/sociedad\\\/\",\"nextItem\":{\"@type\":\"ListItem\",\"@id\":\"https:\\\/\\\/www.eldigitaldeasturias.com\\\/noticias\\\/muere-paul-walker-actor-de-fast-and-furious\\\/#listItem\",\"name\":\"Muere Paul Walker, actor de \\u00abFast and Furious\\u00bb\"},\"previousItem\":{\"@type\":\"ListItem\",\"@id\":\"https:\\\/\\\/www.eldigitaldeasturias.com\\\/noticias#listItem\",\"name\":\"Home\"}},{\"@type\":\"ListItem\",\"@id\":\"https:\\\/\\\/www.eldigitaldeasturias.com\\\/noticias\\\/muere-paul-walker-actor-de-fast-and-furious\\\/#listItem\",\"position\":3,\"name\":\"Muere Paul Walker, actor de \\u00abFast and Furious\\u00bb\",\"previousItem\":{\"@type\":\"ListItem\",\"@id\":\"https:\\\/\\\/www.eldigitaldeasturias.com\\\/noticias\\\/category\\\/sociedad\\\/#listItem\",\"name\":\"Sociedad\"}}]},{\"@type\":\"Organization\",\"@id\":\"https:\\\/\\\/www.eldigitaldeasturias.com\\\/noticias\\\/#organization\",\"name\":\"El Digital de Asturias\",\"description\":\"Hemeroteca\",\"url\":\"https:\\\/\\\/www.eldigitaldeasturias.com\\\/noticias\\\/\",\"email\":\"info@eldigitaldeasturias.com\",\"telephone\":\"+34652131393\",\"logo\":{\"@type\":\"ImageObject\",\"url\":\"https:\\\/\\\/www.eldigitaldeasturias.com\\\/noticias\\\/wp-content\\\/uploads\\\/2020\\\/12\\\/EDA.jpg\",\"@id\":\"https:\\\/\\\/www.eldigitaldeasturias.com\\\/noticias\\\/muere-paul-walker-actor-de-fast-and-furious\\\/#organizationLogo\"},\"image\":{\"@id\":\"https:\\\/\\\/www.eldigitaldeasturias.com\\\/noticias\\\/muere-paul-walker-actor-de-fast-and-furious\\\/#organizationLogo\"},\"sameAs\":[\"https:\\\/\\\/facebook.com\\\/eldigitaldeasturias\",\"https:\\\/\\\/www.youtube.com\\\/channel\\\/UCZP-2wLEB9Rv6erhFmqVnvg\"],\"address\":{\"@id\":\"https:\\\/\\\/www.eldigitaldeasturias.com\\\/noticias\\\/#postaladdress\",\"@type\":\"PostalAddress\",\"streetAddress\":\"san antonio 4\",\"postalCode\":\"33430\",\"addressLocality\":\"Cand\\u00e1s\",\"addressRegion\":\"Asturias\",\"addressCountry\":\"ES\"}},{\"@type\":\"Person\",\"@id\":\"https:\\\/\\\/www.eldigitaldeasturias.com\\\/noticias\\\/author\\\/admin\\\/#author\",\"url\":\"https:\\\/\\\/www.eldigitaldeasturias.com\\\/noticias\\\/author\\\/admin\\\/\",\"name\":\"El Digital de Asturias\",\"image\":{\"@type\":\"ImageObject\",\"@id\":\"https:\\\/\\\/www.eldigitaldeasturias.com\\\/noticias\\\/muere-paul-walker-actor-de-fast-and-furious\\\/#authorImage\",\"url\":\"https:\\\/\\\/secure.gravatar.com\\\/avatar\\\/df2aeffc32bcd13f8d26072ef8a91b623d677766deac7f97ca815868cd41bf5e?s=96&d=mm&r=g\",\"width\":96,\"height\":96,\"caption\":\"El Digital de Asturias\"}},{\"@type\":\"WebPage\",\"@id\":\"https:\\\/\\\/www.eldigitaldeasturias.com\\\/noticias\\\/muere-paul-walker-actor-de-fast-and-furious\\\/#webpage\",\"url\":\"https:\\\/\\\/www.eldigitaldeasturias.com\\\/noticias\\\/muere-paul-walker-actor-de-fast-and-furious\\\/\",\"name\":\"Muere Paul Walker, actor de \\u00abFast and Furious\\u00bb - El Digital de Asturias\",\"description\":\"Los Angeles, 1 dic (dpa) - El actor estadounidense Paul Walker, conocido por protagonizar la saga de carreras de coches ilegales \\\"The Fast and the Furious\\\", muri\\u00f3 en un accidente automovil\\u00edstico en California, anunciaron hoy sus portavoces en su p\\u00e1gina de Facebook. El artista de 40 a\\u00f1os iba en un Porsche Carrera que era conducido\",\"inLanguage\":\"es-ES\",\"isPartOf\":{\"@id\":\"https:\\\/\\\/www.eldigitaldeasturias.com\\\/noticias\\\/#website\"},\"breadcrumb\":{\"@id\":\"https:\\\/\\\/www.eldigitaldeasturias.com\\\/noticias\\\/muere-paul-walker-actor-de-fast-and-furious\\\/#breadcrumblist\"},\"author\":{\"@id\":\"https:\\\/\\\/www.eldigitaldeasturias.com\\\/noticias\\\/author\\\/admin\\\/#author\"},\"creator\":{\"@id\":\"https:\\\/\\\/www.eldigitaldeasturias.com\\\/noticias\\\/author\\\/admin\\\/#author\"},\"image\":{\"@type\":\"ImageObject\",\"url\":456644,\"@id\":\"https:\\\/\\\/www.eldigitaldeasturias.com\\\/noticias\\\/muere-paul-walker-actor-de-fast-and-furious\\\/#mainImage\"},\"primaryImageOfPage\":{\"@id\":\"https:\\\/\\\/www.eldigitaldeasturias.com\\\/noticias\\\/muere-paul-walker-actor-de-fast-and-furious\\\/#mainImage\"},\"datePublished\":\"2013-12-01T22:09:28+01:00\",\"dateModified\":\"2013-12-01T22:09:28+01:00\"},{\"@type\":\"WebSite\",\"@id\":\"https:\\\/\\\/www.eldigitaldeasturias.com\\\/noticias\\\/#website\",\"url\":\"https:\\\/\\\/www.eldigitaldeasturias.com\\\/noticias\\\/\",\"name\":\"El Digital de Asturias - Diario de actualidad y noticias\",\"alternateName\":\"El Digital de Asturias - Diario de actualidad y noticias\",\"description\":\"Hemeroteca\",\"inLanguage\":\"es-ES\",\"publisher\":{\"@id\":\"https:\\\/\\\/www.eldigitaldeasturias.com\\\/noticias\\\/#organization\"}}]}\n\t\t<\/script>\n\t\t<!-- All in One SEO Pro -->\r\n\t\t<title>Muere Paul Walker, actor de \u00abFast and Furious\u00bb - El Digital de Asturias<\/title>\n\n","aioseo_head_json":{"title":"Muere Paul Walker, actor de \u00abFast and Furious\u00bb - El Digital de Asturias","description":"Los Angeles, 1 dic (dpa) - El actor estadounidense Paul Walker, conocido por protagonizar la saga de carreras de coches ilegales \"The Fast and the Furious\", muri\u00f3 en un accidente automovil\u00edstico en California, anunciaron hoy sus portavoces en su p\u00e1gina de Facebook. El artista de 40 a\u00f1os iba en un Porsche Carrera que era conducido","canonical_url":"https:\/\/www.eldigitaldeasturias.com\/noticias\/muere-paul-walker-actor-de-fast-and-furious\/","robots":"max-image-preview:large","keywords":"sociedad","webmasterTools":{"google-site-verification":"UA-38556648-1","msvalidate.01":"7dfe9f3f1b24437ab69f4f2559babe99","miscellaneous":""},"schema":{"@context":"https:\/\/schema.org","@graph":[{"@type":"BlogPosting","@id":"https:\/\/www.eldigitaldeasturias.com\/noticias\/muere-paul-walker-actor-de-fast-and-furious\/#blogposting","name":"Muere Paul Walker, actor de \u00abFast and Furious\u00bb - El Digital de Asturias","headline":"Muere Paul Walker, actor de \u00abFast and Furious\u00bb","author":{"@id":"https:\/\/www.eldigitaldeasturias.com\/noticias\/author\/admin\/#author"},"publisher":{"@id":"https:\/\/www.eldigitaldeasturias.com\/noticias\/#organization"},"image":{"@type":"ImageObject","url":456644},"datePublished":"2013-12-01T22:09:28+01:00","dateModified":"2013-12-01T22:09:28+01:00","inLanguage":"es-ES","mainEntityOfPage":{"@id":"https:\/\/www.eldigitaldeasturias.com\/noticias\/muere-paul-walker-actor-de-fast-and-furious\/#webpage"},"isPartOf":{"@id":"https:\/\/www.eldigitaldeasturias.com\/noticias\/muere-paul-walker-actor-de-fast-and-furious\/#webpage"},"articleSection":"Sociedad"},{"@type":"BreadcrumbList","@id":"https:\/\/www.eldigitaldeasturias.com\/noticias\/muere-paul-walker-actor-de-fast-and-furious\/#breadcrumblist","itemListElement":[{"@type":"ListItem","@id":"https:\/\/www.eldigitaldeasturias.com\/noticias#listItem","position":1,"name":"Home","item":"https:\/\/www.eldigitaldeasturias.com\/noticias","nextItem":{"@type":"ListItem","@id":"https:\/\/www.eldigitaldeasturias.com\/noticias\/category\/sociedad\/#listItem","name":"Sociedad"}},{"@type":"ListItem","@id":"https:\/\/www.eldigitaldeasturias.com\/noticias\/category\/sociedad\/#listItem","position":2,"name":"Sociedad","item":"https:\/\/www.eldigitaldeasturias.com\/noticias\/category\/sociedad\/","nextItem":{"@type":"ListItem","@id":"https:\/\/www.eldigitaldeasturias.com\/noticias\/muere-paul-walker-actor-de-fast-and-furious\/#listItem","name":"Muere Paul Walker, actor de \u00abFast and Furious\u00bb"},"previousItem":{"@type":"ListItem","@id":"https:\/\/www.eldigitaldeasturias.com\/noticias#listItem","name":"Home"}},{"@type":"ListItem","@id":"https:\/\/www.eldigitaldeasturias.com\/noticias\/muere-paul-walker-actor-de-fast-and-furious\/#listItem","position":3,"name":"Muere Paul Walker, actor de \u00abFast and Furious\u00bb","previousItem":{"@type":"ListItem","@id":"https:\/\/www.eldigitaldeasturias.com\/noticias\/category\/sociedad\/#listItem","name":"Sociedad"}}]},{"@type":"Organization","@id":"https:\/\/www.eldigitaldeasturias.com\/noticias\/#organization","name":"El Digital de Asturias","description":"Hemeroteca","url":"https:\/\/www.eldigitaldeasturias.com\/noticias\/","email":"info@eldigitaldeasturias.com","telephone":"+34652131393","logo":{"@type":"ImageObject","url":"https:\/\/www.eldigitaldeasturias.com\/noticias\/wp-content\/uploads\/2020\/12\/EDA.jpg","@id":"https:\/\/www.eldigitaldeasturias.com\/noticias\/muere-paul-walker-actor-de-fast-and-furious\/#organizationLogo"},"image":{"@id":"https:\/\/www.eldigitaldeasturias.com\/noticias\/muere-paul-walker-actor-de-fast-and-furious\/#organizationLogo"},"sameAs":["https:\/\/facebook.com\/eldigitaldeasturias","https:\/\/www.youtube.com\/channel\/UCZP-2wLEB9Rv6erhFmqVnvg"],"address":{"@id":"https:\/\/www.eldigitaldeasturias.com\/noticias\/#postaladdress","@type":"PostalAddress","streetAddress":"san antonio 4","postalCode":"33430","addressLocality":"Cand\u00e1s","addressRegion":"Asturias","addressCountry":"ES"}},{"@type":"Person","@id":"https:\/\/www.eldigitaldeasturias.com\/noticias\/author\/admin\/#author","url":"https:\/\/www.eldigitaldeasturias.com\/noticias\/author\/admin\/","name":"El Digital de Asturias","image":{"@type":"ImageObject","@id":"https:\/\/www.eldigitaldeasturias.com\/noticias\/muere-paul-walker-actor-de-fast-and-furious\/#authorImage","url":"https:\/\/secure.gravatar.com\/avatar\/df2aeffc32bcd13f8d26072ef8a91b623d677766deac7f97ca815868cd41bf5e?s=96&d=mm&r=g","width":96,"height":96,"caption":"El Digital de Asturias"}},{"@type":"WebPage","@id":"https:\/\/www.eldigitaldeasturias.com\/noticias\/muere-paul-walker-actor-de-fast-and-furious\/#webpage","url":"https:\/\/www.eldigitaldeasturias.com\/noticias\/muere-paul-walker-actor-de-fast-and-furious\/","name":"Muere Paul Walker, actor de \u00abFast and Furious\u00bb - El Digital de Asturias","description":"Los Angeles, 1 dic (dpa) - El actor estadounidense Paul Walker, conocido por protagonizar la saga de carreras de coches ilegales \"The Fast and the Furious\", muri\u00f3 en un accidente automovil\u00edstico en California, anunciaron hoy sus portavoces en su p\u00e1gina de Facebook. El artista de 40 a\u00f1os iba en un Porsche Carrera que era conducido","inLanguage":"es-ES","isPartOf":{"@id":"https:\/\/www.eldigitaldeasturias.com\/noticias\/#website"},"breadcrumb":{"@id":"https:\/\/www.eldigitaldeasturias.com\/noticias\/muere-paul-walker-actor-de-fast-and-furious\/#breadcrumblist"},"author":{"@id":"https:\/\/www.eldigitaldeasturias.com\/noticias\/author\/admin\/#author"},"creator":{"@id":"https:\/\/www.eldigitaldeasturias.com\/noticias\/author\/admin\/#author"},"image":{"@type":"ImageObject","url":456644,"@id":"https:\/\/www.eldigitaldeasturias.com\/noticias\/muere-paul-walker-actor-de-fast-and-furious\/#mainImage"},"primaryImageOfPage":{"@id":"https:\/\/www.eldigitaldeasturias.com\/noticias\/muere-paul-walker-actor-de-fast-and-furious\/#mainImage"},"datePublished":"2013-12-01T22:09:28+01:00","dateModified":"2013-12-01T22:09:28+01:00"},{"@type":"WebSite","@id":"https:\/\/www.eldigitaldeasturias.com\/noticias\/#website","url":"https:\/\/www.eldigitaldeasturias.com\/noticias\/","name":"El Digital de Asturias - Diario de actualidad y noticias","alternateName":"El Digital de Asturias - Diario de actualidad y noticias","description":"Hemeroteca","inLanguage":"es-ES","publisher":{"@id":"https:\/\/www.eldigitaldeasturias.com\/noticias\/#organization"}}]},"og:locale":"es_ES","og:site_name":"El Digital de Asturias","og:type":"article","og:title":"Muere Paul Walker, actor de \u00abFast and Furious\u00bb - El Digital de Asturias","og:description":"Los Angeles, 1 dic (dpa) - El actor estadounidense Paul Walker, conocido por protagonizar la saga de carreras de coches ilegales &quot;The Fast and the Furious&quot;, muri\u00f3 en un accidente automovil\u00edstico en California, anunciaron hoy sus portavoces en su p\u00e1gina de Facebook. El artista de 40 a\u00f1os iba en un Porsche Carrera que era conducido","og:url":"https:\/\/www.eldigitaldeasturias.com\/noticias\/muere-paul-walker-actor-de-fast-and-furious\/","article:tag":["sociedad"],"article:published_time":"2013-12-01T23:09:28+00:00","article:modified_time":"2013-12-01T23:09:28+00:00","article:publisher":"https:\/\/facebook.com\/eldigitaldeasturias","twitter:card":"summary_large_image","twitter:title":"Muere Paul Walker, actor de \u00abFast and Furious\u00bb - El Digital de Asturias","twitter:description":"Los Angeles, 1 dic (dpa) - El actor estadounidense Paul Walker, conocido por protagonizar la saga de carreras de coches ilegales &quot;The Fast and the Furious&quot;, muri\u00f3 en un accidente automovil\u00edstico en California, anunciaron hoy sus portavoces en su p\u00e1gina de Facebook. El artista de 40 a\u00f1os iba en un Porsche Carrera que era conducido","twitter:label1":"Escrito por","twitter:data1":"El Digital de Asturias","twitter:label2":"Tiempo de lectura estimado","twitter:data2":"1 minuto"},"aioseo_meta_data":{"post_id":"456643","title":null,"description":null,"keywords":null,"keyphrases":null,"primary_term":null,"canonical_url":null,"og_title":null,"og_description":null,"og_object_type":"default","og_image_type":"default","og_image_url":null,"og_image_width":null,"og_image_height":null,"og_image_custom_url":null,"og_image_custom_fields":null,"og_video":null,"og_custom_url":null,"og_article_section":null,"og_article_tags":null,"twitter_use_og":true,"twitter_card":"default","twitter_image_type":"default","twitter_image_url":null,"twitter_image_custom_url":null,"twitter_image_custom_fields":null,"twitter_title":null,"twitter_description":null,"schema":{"blockGraphs":[],"customGraphs":[],"default":{"data":{"Article":[],"Course":[],"Dataset":[],"FAQPage":[],"Movie":[],"Person":[],"Product":[],"ProductReview":[],"Car":[],"Recipe":[],"Service":[],"SoftwareApplication":[],"WebPage":[]},"graphName":"","isEnabled":true},"graphs":[],"defaultGraph":"","defaultPostTypeGraph":""},"schema_type":null,"schema_type_options":null,"pillar_content":false,"robots_default":true,"robots_noindex":false,"robots_noarchive":false,"robots_nosnippet":false,"robots_nofollow":false,"robots_noimageindex":false,"robots_noodp":false,"robots_notranslate":false,"robots_max_snippet":null,"robots_max_videopreview":null,"robots_max_imagepreview":"none","priority":null,"frequency":null,"local_seo":null,"seo_analyzer_scan_date":"2026-05-29 22:41:13","breadcrumb_settings":null,"limit_modified_date":false,"open_ai":null,"ai":null,"created":"2020-11-14 22:46:01","updated":"2026-05-29 22:41:13","focus_keyword":null,"additional_keywords":null,"truseo_locale":null},"aioseo_breadcrumb":"<div class=\"aioseo-breadcrumbs\"><span class=\"aioseo-breadcrumb\">\n\t<a href=\"https:\/\/www.eldigitaldeasturias.com\/noticias\" title=\"Home\">Home<\/a>\n<\/span><span class=\"aioseo-breadcrumb-separator\">\u2013<\/span><span class=\"aioseo-breadcrumb\">\n\t<a href=\"https:\/\/www.eldigitaldeasturias.com\/noticias\/category\/sociedad\/\" title=\"Sociedad\">Sociedad<\/a>\n<\/span><span class=\"aioseo-breadcrumb-separator\">\u2013<\/span><span class=\"aioseo-breadcrumb\">\n\t<a href=\"https:\/\/www.eldigitaldeasturias.com\/noticias\/muere-paul-walker-actor-de-fast-and-furious\/\" title=\"Muere Paul Walker, actor de \u00abFast and Furious\u00bb\">Muere Paul Walker, actor de \u00abFast and Furious\u00bb<\/a>\n<\/span><\/div>","aioseo_breadcrumb_json":[{"label":"Home","link":"https:\/\/www.eldigitaldeasturias.com\/noticias"},{"label":"Sociedad","link":"https:\/\/www.eldigitaldeasturias.com\/noticias\/category\/sociedad\/"},{"label":"Muere Paul Walker, actor de \u00abFast and Furious\u00bb","link":"https:\/\/www.eldigitaldeasturias.com\/noticias\/muere-paul-walker-actor-de-fast-and-furious\/"}],"_links":{"self":[{"href":"https:\/\/www.eldigitaldeasturias.com\/noticias\/wp-json\/wp\/v2\/posts\/456643","targetHints":{"allow":["GET"]}}],"collection":[{"href":"https:\/\/www.eldigitaldeasturias.com\/noticias\/wp-json\/wp\/v2\/posts"}],"about":[{"href":"https:\/\/www.eldigitaldeasturias.com\/noticias\/wp-json\/wp\/v2\/types\/post"}],"author":[{"embeddable":true,"href":"https:\/\/www.eldigitaldeasturias.com\/noticias\/wp-json\/wp\/v2\/users\/1"}],"replies":[{"embeddable":true,"href":"https:\/\/www.eldigitaldeasturias.com\/noticias\/wp-json\/wp\/v2\/comments?post=456643"}],"version-history":[{"count":0,"href":"https:\/\/www.eldigitaldeasturias.com\/noticias\/wp-json\/wp\/v2\/posts\/456643\/revisions"}],"wp:attachment":[{"href":"https:\/\/www.eldigitaldeasturias.com\/noticias\/wp-json\/wp\/v2\/media?parent=456643"}],"wp:term":[{"taxonomy":"category","embeddable":true,"href":"https:\/\/www.eldigitaldeasturias.com\/noticias\/wp-json\/wp\/v2\/categories?post=456643"},{"taxonomy":"post_tag","embeddable":true,"href":"https:\/\/www.eldigitaldeasturias.com\/noticias\/wp-json\/wp\/v2\/tags?post=456643"}],"curies":[{"name":"wp","href":"https:\/\/api.w.org\/{rel}","templated":true}]}}