{"id":456637,"date":"2013-12-01T22:04:52","date_gmt":"2013-12-01T23:04:52","guid":{"rendered":"http:\/\/www.eldigitaldeasturias.com\/noticias\/?p=456637"},"modified":"2013-12-01T22:04:52","modified_gmt":"2013-12-01T23:04:52","slug":"tomorrow-one-year-gana-el-festival-zoom-2013","status":"publish","type":"post","link":"https:\/\/www.eldigitaldeasturias.com\/noticias\/tomorrow-one-year-gana-el-festival-zoom-2013\/","title":{"rendered":"\u00abTomorrow one year\u00bb gana el festival Zoom 2013"},"content":{"rendered":"<p><img loading=\"lazy\" decoding=\"async\" class=\"alignleft size-medium wp-image-456638\" alt=\"5765136w\" src=\"https:\/\/www.eldigitaldeasturias.com\/noticias\/wp-content\/uploads\/2013\/12\/5765136w-360x286.jpg\" width=\"360\" height=\"286\" \/>Barcelona, 2 dic (EFE).- La producci\u00f3n alemana \u00abTomorrow one year\u00bb, de Aelrun Goette, ha sido escogida como la mejor pel\u00edcula del XI Festival Europeo de Cine para Televisi\u00f3n Zoom 2013, que se ha celebrado en Igualada (Barcelona) y que tambi\u00e9n ha distinguido con una menci\u00f3n especial al filme \u00abVicente Ferrer\u00bb, de Agust\u00edn Crespi.<\/p>\n<p>\u00abDescal\u00e7 sobre la terra vermella\u00bb (Descalzo sobre la tierra roja), de Oriol Ferrer, sobre la vida del obispo Pere Casald\u00e0liga, se ha llevado el premio a la mejor miniserie; el director Thorsten Schimidt ha sido escogido mejor director por \u00abArne&#8217;s Legacy\u00bb y Lloren\u00e7 Casta\u00f1er ha obtenido el premio al mejor gui\u00f3n por \u00abCenizas\u00bb.<\/p>\n<p>El mejor cortometraje de esta edici\u00f3n ha reca\u00eddo en \u00abElefante\u00bb, de Pablo Larcuen, y la catalana \u00abLes Coses Grans\u00bb (Las cosas grandes), de Roger Coma ha sido la mejor webserie, un premio que se entrega por primera vez.<\/p>\n<p>El jurado estaba compuesto en esta ocasi\u00f3n por David Trueba, Llu\u00eds Maria G\u00fcell, Pau Freixas, Sergi Schaaff y la actriz Merc\u00e8 Pons.<\/p>\n<p>Por su parte, el jurado joven, presidido por el actor Roger Pera y formado por estudiantes de diferentes institutos de Igualada, ha premiado a \u00abArne&#8217;s Legacy\u00bb como mejor pel\u00edcula.<\/p>\n<p>El jurado de la cr\u00edtica, compuesto por Toni de la Torre, Cipriano Torres y Manuel de Luna, ha otorgado el premio a la mejor serie espa\u00f1ola estrenada en la temporada 2012-2013 a \u00abVivir Cantando\u00bb.<\/p>\n<p>Asimismo, el certamen entreg\u00f3 anoche los premios a la trayectoria profesional a los actores Antonio Resines y Montserrat Salvador y a TVE.<\/p>\n<p>La joven actriz Joana Vilapuig se llev\u00f3 el premio Augurio Sita Murt y otra de las personas que ha sido reconocida estos d\u00edas en la ciudad catalana es Josep Maria Bachs por su larga trayectoria en el mundo de la televisi\u00f3n.<\/p>\n<p>El Festival Zoom, el \u00fanico de Espa\u00f1a dedicado a reconocer el cine para televisi\u00f3n que se hace en Europa, naci\u00f3 en 2003 como Muestra Europea de Telefilmes y Cine y con la voluntad de ser un escaparate de los trabajos de ficci\u00f3n televisiva emergente.<\/p>\n","protected":false},"excerpt":{"rendered":"<p>Barcelona, 2 dic (EFE).- La producci\u00f3n alemana \u00abTomorrow one year\u00bb, de Aelrun Goette, ha sido escogida como la mejor pel\u00edcula del XI Festival Europeo de Cine para Televisi\u00f3n Zoom 2013, que se ha celebrado en Igualada (Barcelona) y que tambi\u00e9n ha distinguido con una menci\u00f3n especial al filme \u00abVicente Ferrer\u00bb, de Agust\u00edn Crespi. \u00abDescal\u00e7 sobre [&hellip;]<\/p>\n","protected":false},"author":1,"featured_media":456638,"comment_status":"closed","ping_status":"open","sticky":false,"template":"","format":"standard","meta":{"footnotes":""},"categories":[50],"tags":[],"class_list":["post-456637","post","type-post","status-publish","format-standard","has-post-thumbnail","hentry","category-revista-de-ocio"],"aioseo_notices":[],"aioseo_head":"\n\t\t<!-- All in One SEO Pro 5.0.1 - aioseo.com -->\n\t<meta name=\"description\" content=\"Barcelona, 2 dic (EFE).- La producci\u00f3n alemana &quot;Tomorrow one year&quot;, de Aelrun Goette, ha sido escogida como la mejor pel\u00edcula del XI Festival Europeo de Cine para Televisi\u00f3n Zoom 2013, que se ha celebrado en Igualada (Barcelona) y que tambi\u00e9n ha distinguido con una menci\u00f3n especial al filme &quot;Vicente Ferrer&quot;, de Agust\u00edn Crespi. &quot;Descal\u00e7 sobre\" \/>\n\t<meta name=\"robots\" content=\"max-image-preview:large\" \/>\n\t<meta name=\"author\" content=\"El Digital de Asturias\"\/>\n\t<meta name=\"google-site-verification\" content=\"UA-38556648-1\" \/>\n\t<meta name=\"msvalidate.01\" content=\"7dfe9f3f1b24437ab69f4f2559babe99\" \/>\n\t<meta name=\"keywords\" content=\"revista de ocio\" \/>\n\t<link rel=\"canonical\" href=\"https:\/\/www.eldigitaldeasturias.com\/noticias\/tomorrow-one-year-gana-el-festival-zoom-2013\/\" \/>\n\t<meta name=\"generator\" content=\"All in One SEO Pro (AIOSEO) 5.0.1\" \/>\n\t\t<meta property=\"og:locale\" content=\"es_ES\" \/>\n\t\t<meta property=\"og:site_name\" content=\"El Digital de Asturias\" \/>\n\t\t<meta property=\"og:type\" content=\"article\" \/>\n\t\t<meta property=\"og:title\" content=\"\u00abTomorrow one year\u00bb gana el festival Zoom 2013 - El Digital de Asturias\" \/>\n\t\t<meta property=\"og:description\" content=\"Barcelona, 2 dic (EFE).- La producci\u00f3n alemana &quot;Tomorrow one year&quot;, de Aelrun Goette, ha sido escogida como la mejor pel\u00edcula del XI Festival Europeo de Cine para Televisi\u00f3n Zoom 2013, que se ha celebrado en Igualada (Barcelona) y que tambi\u00e9n ha distinguido con una menci\u00f3n especial al filme &quot;Vicente Ferrer&quot;, de Agust\u00edn Crespi. &quot;Descal\u00e7 sobre\" \/>\n\t\t<meta property=\"og:url\" content=\"https:\/\/www.eldigitaldeasturias.com\/noticias\/tomorrow-one-year-gana-el-festival-zoom-2013\/\" \/>\n\t\t<meta property=\"article:tag\" content=\"revista de ocio\" \/>\n\t\t<meta property=\"article:published_time\" content=\"2013-12-01T23:04:52+00:00\" \/>\n\t\t<meta property=\"article:modified_time\" content=\"2013-12-01T23:04:52+00:00\" \/>\n\t\t<meta property=\"article:publisher\" content=\"https:\/\/facebook.com\/eldigitaldeasturias\" \/>\n\t\t<meta name=\"twitter:card\" content=\"summary_large_image\" \/>\n\t\t<meta name=\"twitter:title\" content=\"\u00abTomorrow one year\u00bb gana el festival Zoom 2013 - El Digital de Asturias\" \/>\n\t\t<meta name=\"twitter:description\" content=\"Barcelona, 2 dic (EFE).- La producci\u00f3n alemana &quot;Tomorrow one year&quot;, de Aelrun Goette, ha sido escogida como la mejor pel\u00edcula del XI Festival Europeo de Cine para Televisi\u00f3n Zoom 2013, que se ha celebrado en Igualada (Barcelona) y que tambi\u00e9n ha distinguido con una menci\u00f3n especial al filme &quot;Vicente Ferrer&quot;, de Agust\u00edn Crespi. &quot;Descal\u00e7 sobre\" \/>\n\t\t<meta name=\"twitter:label1\" content=\"Escrito por\" \/>\n\t\t<meta name=\"twitter:data1\" content=\"El Digital de Asturias\" \/>\n\t\t<meta name=\"twitter:label2\" content=\"Tiempo de lectura estimado\" \/>\n\t\t<meta name=\"twitter:data2\" content=\"2 minutos\" \/>\n\t\t<script type=\"application\/ld+json\" class=\"aioseo-schema\">\n\t\t\t{\"@context\":\"https:\\\/\\\/schema.org\",\"@graph\":[{\"@type\":\"BlogPosting\",\"@id\":\"https:\\\/\\\/www.eldigitaldeasturias.com\\\/noticias\\\/tomorrow-one-year-gana-el-festival-zoom-2013\\\/#blogposting\",\"name\":\"\\u00abTomorrow one year\\u00bb gana el festival Zoom 2013 - El Digital de Asturias\",\"headline\":\"\\u00abTomorrow one year\\u00bb gana el festival Zoom 2013\",\"author\":{\"@id\":\"https:\\\/\\\/www.eldigitaldeasturias.com\\\/noticias\\\/author\\\/admin\\\/#author\"},\"publisher\":{\"@id\":\"https:\\\/\\\/www.eldigitaldeasturias.com\\\/noticias\\\/#organization\"},\"image\":{\"@type\":\"ImageObject\",\"url\":456638},\"datePublished\":\"2013-12-01T22:04:52+01:00\",\"dateModified\":\"2013-12-01T22:04:52+01:00\",\"inLanguage\":\"es-ES\",\"mainEntityOfPage\":{\"@id\":\"https:\\\/\\\/www.eldigitaldeasturias.com\\\/noticias\\\/tomorrow-one-year-gana-el-festival-zoom-2013\\\/#webpage\"},\"isPartOf\":{\"@id\":\"https:\\\/\\\/www.eldigitaldeasturias.com\\\/noticias\\\/tomorrow-one-year-gana-el-festival-zoom-2013\\\/#webpage\"},\"articleSection\":\"Revista de Ocio\"},{\"@type\":\"BreadcrumbList\",\"@id\":\"https:\\\/\\\/www.eldigitaldeasturias.com\\\/noticias\\\/tomorrow-one-year-gana-el-festival-zoom-2013\\\/#breadcrumblist\",\"itemListElement\":[{\"@type\":\"ListItem\",\"@id\":\"https:\\\/\\\/www.eldigitaldeasturias.com\\\/noticias#listItem\",\"position\":1,\"name\":\"Home\",\"item\":\"https:\\\/\\\/www.eldigitaldeasturias.com\\\/noticias\",\"nextItem\":{\"@type\":\"ListItem\",\"@id\":\"https:\\\/\\\/www.eldigitaldeasturias.com\\\/noticias\\\/category\\\/revista-de-ocio\\\/#listItem\",\"name\":\"Revista de Ocio\"}},{\"@type\":\"ListItem\",\"@id\":\"https:\\\/\\\/www.eldigitaldeasturias.com\\\/noticias\\\/category\\\/revista-de-ocio\\\/#listItem\",\"position\":2,\"name\":\"Revista de Ocio\",\"item\":\"https:\\\/\\\/www.eldigitaldeasturias.com\\\/noticias\\\/category\\\/revista-de-ocio\\\/\",\"nextItem\":{\"@type\":\"ListItem\",\"@id\":\"https:\\\/\\\/www.eldigitaldeasturias.com\\\/noticias\\\/tomorrow-one-year-gana-el-festival-zoom-2013\\\/#listItem\",\"name\":\"\\u00abTomorrow one year\\u00bb gana el festival Zoom 2013\"},\"previousItem\":{\"@type\":\"ListItem\",\"@id\":\"https:\\\/\\\/www.eldigitaldeasturias.com\\\/noticias#listItem\",\"name\":\"Home\"}},{\"@type\":\"ListItem\",\"@id\":\"https:\\\/\\\/www.eldigitaldeasturias.com\\\/noticias\\\/tomorrow-one-year-gana-el-festival-zoom-2013\\\/#listItem\",\"position\":3,\"name\":\"\\u00abTomorrow one year\\u00bb gana el festival Zoom 2013\",\"previousItem\":{\"@type\":\"ListItem\",\"@id\":\"https:\\\/\\\/www.eldigitaldeasturias.com\\\/noticias\\\/category\\\/revista-de-ocio\\\/#listItem\",\"name\":\"Revista de Ocio\"}}]},{\"@type\":\"Organization\",\"@id\":\"https:\\\/\\\/www.eldigitaldeasturias.com\\\/noticias\\\/#organization\",\"name\":\"El Digital de Asturias\",\"description\":\"Hemeroteca\",\"url\":\"https:\\\/\\\/www.eldigitaldeasturias.com\\\/noticias\\\/\",\"email\":\"info@eldigitaldeasturias.com\",\"telephone\":\"+34652131393\",\"logo\":{\"@type\":\"ImageObject\",\"url\":\"https:\\\/\\\/www.eldigitaldeasturias.com\\\/noticias\\\/wp-content\\\/uploads\\\/2020\\\/12\\\/EDA.jpg\",\"@id\":\"https:\\\/\\\/www.eldigitaldeasturias.com\\\/noticias\\\/tomorrow-one-year-gana-el-festival-zoom-2013\\\/#organizationLogo\"},\"image\":{\"@id\":\"https:\\\/\\\/www.eldigitaldeasturias.com\\\/noticias\\\/tomorrow-one-year-gana-el-festival-zoom-2013\\\/#organizationLogo\"},\"sameAs\":[\"https:\\\/\\\/facebook.com\\\/eldigitaldeasturias\",\"https:\\\/\\\/www.youtube.com\\\/channel\\\/UCZP-2wLEB9Rv6erhFmqVnvg\"],\"address\":{\"@id\":\"https:\\\/\\\/www.eldigitaldeasturias.com\\\/noticias\\\/#postaladdress\",\"@type\":\"PostalAddress\",\"streetAddress\":\"san antonio 4\",\"postalCode\":\"33430\",\"addressLocality\":\"Cand\\u00e1s\",\"addressRegion\":\"Asturias\",\"addressCountry\":\"ES\"}},{\"@type\":\"Person\",\"@id\":\"https:\\\/\\\/www.eldigitaldeasturias.com\\\/noticias\\\/author\\\/admin\\\/#author\",\"url\":\"https:\\\/\\\/www.eldigitaldeasturias.com\\\/noticias\\\/author\\\/admin\\\/\",\"name\":\"El Digital de Asturias\",\"image\":{\"@type\":\"ImageObject\",\"@id\":\"https:\\\/\\\/www.eldigitaldeasturias.com\\\/noticias\\\/tomorrow-one-year-gana-el-festival-zoom-2013\\\/#authorImage\",\"url\":\"https:\\\/\\\/secure.gravatar.com\\\/avatar\\\/df2aeffc32bcd13f8d26072ef8a91b623d677766deac7f97ca815868cd41bf5e?s=96&d=mm&r=g\",\"width\":96,\"height\":96,\"caption\":\"El Digital de Asturias\"}},{\"@type\":\"WebPage\",\"@id\":\"https:\\\/\\\/www.eldigitaldeasturias.com\\\/noticias\\\/tomorrow-one-year-gana-el-festival-zoom-2013\\\/#webpage\",\"url\":\"https:\\\/\\\/www.eldigitaldeasturias.com\\\/noticias\\\/tomorrow-one-year-gana-el-festival-zoom-2013\\\/\",\"name\":\"\\u00abTomorrow one year\\u00bb gana el festival Zoom 2013 - El Digital de Asturias\",\"description\":\"Barcelona, 2 dic (EFE).- La producci\\u00f3n alemana \\\"Tomorrow one year\\\", de Aelrun Goette, ha sido escogida como la mejor pel\\u00edcula del XI Festival Europeo de Cine para Televisi\\u00f3n Zoom 2013, que se ha celebrado en Igualada (Barcelona) y que tambi\\u00e9n ha distinguido con una menci\\u00f3n especial al filme \\\"Vicente Ferrer\\\", de Agust\\u00edn Crespi. \\\"Descal\\u00e7 sobre\",\"inLanguage\":\"es-ES\",\"isPartOf\":{\"@id\":\"https:\\\/\\\/www.eldigitaldeasturias.com\\\/noticias\\\/#website\"},\"breadcrumb\":{\"@id\":\"https:\\\/\\\/www.eldigitaldeasturias.com\\\/noticias\\\/tomorrow-one-year-gana-el-festival-zoom-2013\\\/#breadcrumblist\"},\"author\":{\"@id\":\"https:\\\/\\\/www.eldigitaldeasturias.com\\\/noticias\\\/author\\\/admin\\\/#author\"},\"creator\":{\"@id\":\"https:\\\/\\\/www.eldigitaldeasturias.com\\\/noticias\\\/author\\\/admin\\\/#author\"},\"image\":{\"@type\":\"ImageObject\",\"url\":456638,\"@id\":\"https:\\\/\\\/www.eldigitaldeasturias.com\\\/noticias\\\/tomorrow-one-year-gana-el-festival-zoom-2013\\\/#mainImage\"},\"primaryImageOfPage\":{\"@id\":\"https:\\\/\\\/www.eldigitaldeasturias.com\\\/noticias\\\/tomorrow-one-year-gana-el-festival-zoom-2013\\\/#mainImage\"},\"datePublished\":\"2013-12-01T22:04:52+01:00\",\"dateModified\":\"2013-12-01T22:04:52+01:00\"},{\"@type\":\"WebSite\",\"@id\":\"https:\\\/\\\/www.eldigitaldeasturias.com\\\/noticias\\\/#website\",\"url\":\"https:\\\/\\\/www.eldigitaldeasturias.com\\\/noticias\\\/\",\"name\":\"El Digital de Asturias - Diario de actualidad y noticias\",\"alternateName\":\"El Digital de Asturias - Diario de actualidad y noticias\",\"description\":\"Hemeroteca\",\"inLanguage\":\"es-ES\",\"publisher\":{\"@id\":\"https:\\\/\\\/www.eldigitaldeasturias.com\\\/noticias\\\/#organization\"}}]}\n\t\t<\/script>\n\t\t<!-- All in One SEO Pro -->\r\n\t\t<title>\u00abTomorrow one year\u00bb gana el festival Zoom 2013 - El Digital de Asturias<\/title>\n\n","aioseo_head_json":{"title":"\u00abTomorrow one year\u00bb gana el festival Zoom 2013 - El Digital de Asturias","description":"Barcelona, 2 dic (EFE).- La producci\u00f3n alemana \"Tomorrow one year\", de Aelrun Goette, ha sido escogida como la mejor pel\u00edcula del XI Festival Europeo de Cine para Televisi\u00f3n Zoom 2013, que se ha celebrado en Igualada (Barcelona) y que tambi\u00e9n ha distinguido con una menci\u00f3n especial al filme \"Vicente Ferrer\", de Agust\u00edn Crespi. \"Descal\u00e7 sobre","canonical_url":"https:\/\/www.eldigitaldeasturias.com\/noticias\/tomorrow-one-year-gana-el-festival-zoom-2013\/","robots":"max-image-preview:large","keywords":"revista de ocio","webmasterTools":{"google-site-verification":"UA-38556648-1","msvalidate.01":"7dfe9f3f1b24437ab69f4f2559babe99","miscellaneous":""},"schema":{"@context":"https:\/\/schema.org","@graph":[{"@type":"BlogPosting","@id":"https:\/\/www.eldigitaldeasturias.com\/noticias\/tomorrow-one-year-gana-el-festival-zoom-2013\/#blogposting","name":"\u00abTomorrow one year\u00bb gana el festival Zoom 2013 - El Digital de Asturias","headline":"\u00abTomorrow one year\u00bb gana el festival Zoom 2013","author":{"@id":"https:\/\/www.eldigitaldeasturias.com\/noticias\/author\/admin\/#author"},"publisher":{"@id":"https:\/\/www.eldigitaldeasturias.com\/noticias\/#organization"},"image":{"@type":"ImageObject","url":456638},"datePublished":"2013-12-01T22:04:52+01:00","dateModified":"2013-12-01T22:04:52+01:00","inLanguage":"es-ES","mainEntityOfPage":{"@id":"https:\/\/www.eldigitaldeasturias.com\/noticias\/tomorrow-one-year-gana-el-festival-zoom-2013\/#webpage"},"isPartOf":{"@id":"https:\/\/www.eldigitaldeasturias.com\/noticias\/tomorrow-one-year-gana-el-festival-zoom-2013\/#webpage"},"articleSection":"Revista de Ocio"},{"@type":"BreadcrumbList","@id":"https:\/\/www.eldigitaldeasturias.com\/noticias\/tomorrow-one-year-gana-el-festival-zoom-2013\/#breadcrumblist","itemListElement":[{"@type":"ListItem","@id":"https:\/\/www.eldigitaldeasturias.com\/noticias#listItem","position":1,"name":"Home","item":"https:\/\/www.eldigitaldeasturias.com\/noticias","nextItem":{"@type":"ListItem","@id":"https:\/\/www.eldigitaldeasturias.com\/noticias\/category\/revista-de-ocio\/#listItem","name":"Revista de Ocio"}},{"@type":"ListItem","@id":"https:\/\/www.eldigitaldeasturias.com\/noticias\/category\/revista-de-ocio\/#listItem","position":2,"name":"Revista de Ocio","item":"https:\/\/www.eldigitaldeasturias.com\/noticias\/category\/revista-de-ocio\/","nextItem":{"@type":"ListItem","@id":"https:\/\/www.eldigitaldeasturias.com\/noticias\/tomorrow-one-year-gana-el-festival-zoom-2013\/#listItem","name":"\u00abTomorrow one year\u00bb gana el festival Zoom 2013"},"previousItem":{"@type":"ListItem","@id":"https:\/\/www.eldigitaldeasturias.com\/noticias#listItem","name":"Home"}},{"@type":"ListItem","@id":"https:\/\/www.eldigitaldeasturias.com\/noticias\/tomorrow-one-year-gana-el-festival-zoom-2013\/#listItem","position":3,"name":"\u00abTomorrow one year\u00bb gana el festival Zoom 2013","previousItem":{"@type":"ListItem","@id":"https:\/\/www.eldigitaldeasturias.com\/noticias\/category\/revista-de-ocio\/#listItem","name":"Revista de Ocio"}}]},{"@type":"Organization","@id":"https:\/\/www.eldigitaldeasturias.com\/noticias\/#organization","name":"El Digital de Asturias","description":"Hemeroteca","url":"https:\/\/www.eldigitaldeasturias.com\/noticias\/","email":"info@eldigitaldeasturias.com","telephone":"+34652131393","logo":{"@type":"ImageObject","url":"https:\/\/www.eldigitaldeasturias.com\/noticias\/wp-content\/uploads\/2020\/12\/EDA.jpg","@id":"https:\/\/www.eldigitaldeasturias.com\/noticias\/tomorrow-one-year-gana-el-festival-zoom-2013\/#organizationLogo"},"image":{"@id":"https:\/\/www.eldigitaldeasturias.com\/noticias\/tomorrow-one-year-gana-el-festival-zoom-2013\/#organizationLogo"},"sameAs":["https:\/\/facebook.com\/eldigitaldeasturias","https:\/\/www.youtube.com\/channel\/UCZP-2wLEB9Rv6erhFmqVnvg"],"address":{"@id":"https:\/\/www.eldigitaldeasturias.com\/noticias\/#postaladdress","@type":"PostalAddress","streetAddress":"san antonio 4","postalCode":"33430","addressLocality":"Cand\u00e1s","addressRegion":"Asturias","addressCountry":"ES"}},{"@type":"Person","@id":"https:\/\/www.eldigitaldeasturias.com\/noticias\/author\/admin\/#author","url":"https:\/\/www.eldigitaldeasturias.com\/noticias\/author\/admin\/","name":"El Digital de Asturias","image":{"@type":"ImageObject","@id":"https:\/\/www.eldigitaldeasturias.com\/noticias\/tomorrow-one-year-gana-el-festival-zoom-2013\/#authorImage","url":"https:\/\/secure.gravatar.com\/avatar\/df2aeffc32bcd13f8d26072ef8a91b623d677766deac7f97ca815868cd41bf5e?s=96&d=mm&r=g","width":96,"height":96,"caption":"El Digital de Asturias"}},{"@type":"WebPage","@id":"https:\/\/www.eldigitaldeasturias.com\/noticias\/tomorrow-one-year-gana-el-festival-zoom-2013\/#webpage","url":"https:\/\/www.eldigitaldeasturias.com\/noticias\/tomorrow-one-year-gana-el-festival-zoom-2013\/","name":"\u00abTomorrow one year\u00bb gana el festival Zoom 2013 - El Digital de Asturias","description":"Barcelona, 2 dic (EFE).- La producci\u00f3n alemana \"Tomorrow one year\", de Aelrun Goette, ha sido escogida como la mejor pel\u00edcula del XI Festival Europeo de Cine para Televisi\u00f3n Zoom 2013, que se ha celebrado en Igualada (Barcelona) y que tambi\u00e9n ha distinguido con una menci\u00f3n especial al filme \"Vicente Ferrer\", de Agust\u00edn Crespi. \"Descal\u00e7 sobre","inLanguage":"es-ES","isPartOf":{"@id":"https:\/\/www.eldigitaldeasturias.com\/noticias\/#website"},"breadcrumb":{"@id":"https:\/\/www.eldigitaldeasturias.com\/noticias\/tomorrow-one-year-gana-el-festival-zoom-2013\/#breadcrumblist"},"author":{"@id":"https:\/\/www.eldigitaldeasturias.com\/noticias\/author\/admin\/#author"},"creator":{"@id":"https:\/\/www.eldigitaldeasturias.com\/noticias\/author\/admin\/#author"},"image":{"@type":"ImageObject","url":456638,"@id":"https:\/\/www.eldigitaldeasturias.com\/noticias\/tomorrow-one-year-gana-el-festival-zoom-2013\/#mainImage"},"primaryImageOfPage":{"@id":"https:\/\/www.eldigitaldeasturias.com\/noticias\/tomorrow-one-year-gana-el-festival-zoom-2013\/#mainImage"},"datePublished":"2013-12-01T22:04:52+01:00","dateModified":"2013-12-01T22:04:52+01:00"},{"@type":"WebSite","@id":"https:\/\/www.eldigitaldeasturias.com\/noticias\/#website","url":"https:\/\/www.eldigitaldeasturias.com\/noticias\/","name":"El Digital de Asturias - Diario de actualidad y noticias","alternateName":"El Digital de Asturias - Diario de actualidad y noticias","description":"Hemeroteca","inLanguage":"es-ES","publisher":{"@id":"https:\/\/www.eldigitaldeasturias.com\/noticias\/#organization"}}]},"og:locale":"es_ES","og:site_name":"El Digital de Asturias","og:type":"article","og:title":"\u00abTomorrow one year\u00bb gana el festival Zoom 2013 - El Digital de Asturias","og:description":"Barcelona, 2 dic (EFE).- La producci\u00f3n alemana &quot;Tomorrow one year&quot;, de Aelrun Goette, ha sido escogida como la mejor pel\u00edcula del XI Festival Europeo de Cine para Televisi\u00f3n Zoom 2013, que se ha celebrado en Igualada (Barcelona) y que tambi\u00e9n ha distinguido con una menci\u00f3n especial al filme &quot;Vicente Ferrer&quot;, de Agust\u00edn Crespi. &quot;Descal\u00e7 sobre","og:url":"https:\/\/www.eldigitaldeasturias.com\/noticias\/tomorrow-one-year-gana-el-festival-zoom-2013\/","article:tag":["revista de ocio"],"article:published_time":"2013-12-01T23:04:52+00:00","article:modified_time":"2013-12-01T23:04:52+00:00","article:publisher":"https:\/\/facebook.com\/eldigitaldeasturias","twitter:card":"summary_large_image","twitter:title":"\u00abTomorrow one year\u00bb gana el festival Zoom 2013 - El Digital de Asturias","twitter:description":"Barcelona, 2 dic (EFE).- La producci\u00f3n alemana &quot;Tomorrow one year&quot;, de Aelrun Goette, ha sido escogida como la mejor pel\u00edcula del XI Festival Europeo de Cine para Televisi\u00f3n Zoom 2013, que se ha celebrado en Igualada (Barcelona) y que tambi\u00e9n ha distinguido con una menci\u00f3n especial al filme &quot;Vicente Ferrer&quot;, de Agust\u00edn Crespi. &quot;Descal\u00e7 sobre","twitter:label1":"Escrito por","twitter:data1":"El Digital de Asturias","twitter:label2":"Tiempo de lectura estimado","twitter:data2":"2 minutos"},"aioseo_meta_data":{"post_id":"456637","title":null,"description":null,"keywords":null,"keyphrases":null,"primary_term":null,"canonical_url":null,"og_title":null,"og_description":null,"og_object_type":"default","og_image_type":"default","og_image_url":null,"og_image_width":null,"og_image_height":null,"og_image_custom_url":null,"og_image_custom_fields":null,"og_video":null,"og_custom_url":null,"og_article_section":null,"og_article_tags":null,"twitter_use_og":true,"twitter_card":"default","twitter_image_type":"default","twitter_image_url":null,"twitter_image_custom_url":null,"twitter_image_custom_fields":null,"twitter_title":null,"twitter_description":null,"schema":{"blockGraphs":[],"customGraphs":[],"default":{"data":{"Article":[],"Course":[],"Dataset":[],"FAQPage":[],"Movie":[],"Person":[],"Product":[],"ProductReview":[],"Car":[],"Recipe":[],"Service":[],"SoftwareApplication":[],"WebPage":[]},"graphName":"","isEnabled":true},"graphs":[],"defaultGraph":"","defaultPostTypeGraph":""},"schema_type":null,"schema_type_options":null,"pillar_content":false,"robots_default":true,"robots_noindex":false,"robots_noarchive":false,"robots_nosnippet":false,"robots_nofollow":false,"robots_noimageindex":false,"robots_noodp":false,"robots_notranslate":false,"robots_max_snippet":null,"robots_max_videopreview":null,"robots_max_imagepreview":"none","priority":null,"frequency":null,"local_seo":null,"seo_analyzer_scan_date":"2026-05-29 22:41:12","breadcrumb_settings":null,"limit_modified_date":false,"open_ai":null,"ai":null,"created":"2020-11-14 22:46:01","updated":"2026-05-29 22:41:12","focus_keyword":null,"additional_keywords":null,"truseo_locale":null},"aioseo_breadcrumb":"<div class=\"aioseo-breadcrumbs\"><span class=\"aioseo-breadcrumb\">\n\t<a href=\"https:\/\/www.eldigitaldeasturias.com\/noticias\" title=\"Home\">Home<\/a>\n<\/span><span class=\"aioseo-breadcrumb-separator\">\u2013<\/span><span class=\"aioseo-breadcrumb\">\n\t<a href=\"https:\/\/www.eldigitaldeasturias.com\/noticias\/category\/revista-de-ocio\/\" title=\"Revista de Ocio\">Revista de Ocio<\/a>\n<\/span><span class=\"aioseo-breadcrumb-separator\">\u2013<\/span><span class=\"aioseo-breadcrumb\">\n\t<a href=\"https:\/\/www.eldigitaldeasturias.com\/noticias\/tomorrow-one-year-gana-el-festival-zoom-2013\/\" title=\"\u00abTomorrow one year\u00bb gana el festival Zoom 2013\">\u00abTomorrow one year\u00bb gana el festival Zoom 2013<\/a>\n<\/span><\/div>","aioseo_breadcrumb_json":[{"label":"Home","link":"https:\/\/www.eldigitaldeasturias.com\/noticias"},{"label":"Revista de Ocio","link":"https:\/\/www.eldigitaldeasturias.com\/noticias\/category\/revista-de-ocio\/"},{"label":"\u00abTomorrow one year\u00bb gana el festival Zoom 2013","link":"https:\/\/www.eldigitaldeasturias.com\/noticias\/tomorrow-one-year-gana-el-festival-zoom-2013\/"}],"_links":{"self":[{"href":"https:\/\/www.eldigitaldeasturias.com\/noticias\/wp-json\/wp\/v2\/posts\/456637","targetHints":{"allow":["GET"]}}],"collection":[{"href":"https:\/\/www.eldigitaldeasturias.com\/noticias\/wp-json\/wp\/v2\/posts"}],"about":[{"href":"https:\/\/www.eldigitaldeasturias.com\/noticias\/wp-json\/wp\/v2\/types\/post"}],"author":[{"embeddable":true,"href":"https:\/\/www.eldigitaldeasturias.com\/noticias\/wp-json\/wp\/v2\/users\/1"}],"replies":[{"embeddable":true,"href":"https:\/\/www.eldigitaldeasturias.com\/noticias\/wp-json\/wp\/v2\/comments?post=456637"}],"version-history":[{"count":0,"href":"https:\/\/www.eldigitaldeasturias.com\/noticias\/wp-json\/wp\/v2\/posts\/456637\/revisions"}],"wp:attachment":[{"href":"https:\/\/www.eldigitaldeasturias.com\/noticias\/wp-json\/wp\/v2\/media?parent=456637"}],"wp:term":[{"taxonomy":"category","embeddable":true,"href":"https:\/\/www.eldigitaldeasturias.com\/noticias\/wp-json\/wp\/v2\/categories?post=456637"},{"taxonomy":"post_tag","embeddable":true,"href":"https:\/\/www.eldigitaldeasturias.com\/noticias\/wp-json\/wp\/v2\/tags?post=456637"}],"curies":[{"name":"wp","href":"https:\/\/api.w.org\/{rel}","templated":true}]}}