{"id":456622,"date":"2013-12-01T21:55:45","date_gmt":"2013-12-01T22:55:45","guid":{"rendered":"http:\/\/www.eldigitaldeasturias.com\/noticias\/?p=456622"},"modified":"2013-12-01T21:55:45","modified_gmt":"2013-12-01T22:55:45","slug":"herido-grave-de-un-disparo-el-propietario-de-un-bar-de-bilbao","status":"publish","type":"post","link":"https:\/\/www.eldigitaldeasturias.com\/noticias\/herido-grave-de-un-disparo-el-propietario-de-un-bar-de-bilbao\/","title":{"rendered":"Herido grave de un disparo el propietario de un bar de Bilbao"},"content":{"rendered":"<p><img loading=\"lazy\" decoding=\"async\" class=\"alignleft size-medium wp-image-456623\" alt=\"5764955w\" src=\"https:\/\/www.eldigitaldeasturias.com\/noticias\/wp-content\/uploads\/2013\/12\/5764955w-238x320.jpg\" width=\"238\" height=\"320\" \/>Bilbao, 1 dic (EFE).- El propietario de un bar de Bilbao ha resultado hoy herido de gravedad al recibir uno de varios disparos que un individuo que ha accedido al local ha realizado contra \u00e9l, han informado fuentes del departamento vasco de Seguridad.<\/p>\n<p>Los hechos se han registrado sobre las 12.20 horas en un bar de la calle Biarritz del barrio bilba\u00edno de Rekalde.<\/p>\n<p>Un hombre ha accedido al establecimiento y ha efectuado varios disparos contra el propietario del local y no uno solo, como inicialmente ha se\u00f1alado la fuente informante.<\/p>\n<p>Uno de los disparos le ha dado en un costado al responsable del bar, que ha resultado herido grave y ha sido trasladado al hospital de Cruces, en Barakaldo (Bizkaia).<\/p>\n<p>La Ertzaintza considera que el suceso es un caso de delincuencia com\u00fan y que se tratar\u00eda de un asunto entre particulares.<\/p>\n<p>Agentes de la Polic\u00eda Aut\u00f3noma Vasca contin\u00faan trabajando para localizar al autor de los disparos, que ha huido del lugar.<\/p>\n","protected":false},"excerpt":{"rendered":"<p>Bilbao, 1 dic (EFE).- El propietario de un bar de Bilbao ha resultado hoy herido de gravedad al recibir uno de varios disparos que un individuo que ha accedido al local ha realizado contra \u00e9l, han informado fuentes del departamento vasco de Seguridad. Los hechos se han registrado sobre las 12.20 horas en un bar [&hellip;]<\/p>\n","protected":false},"author":1,"featured_media":456623,"comment_status":"closed","ping_status":"open","sticky":false,"template":"","format":"standard","meta":{"footnotes":""},"categories":[5],"tags":[],"class_list":["post-456622","post","type-post","status-publish","format-standard","has-post-thumbnail","hentry","category-sucesos"],"aioseo_notices":[],"aioseo_head":"\n\t\t<!-- All in One SEO Pro 5.0.1 - aioseo.com -->\n\t<meta name=\"description\" content=\"Bilbao, 1 dic (EFE).- El propietario de un bar de Bilbao ha resultado hoy herido de gravedad al recibir uno de varios disparos que un individuo que ha accedido al local ha realizado contra \u00e9l, han informado fuentes del departamento vasco de Seguridad. Los hechos se han registrado sobre las 12.20 horas en un bar\" \/>\n\t<meta name=\"robots\" content=\"max-image-preview:large\" \/>\n\t<meta name=\"author\" content=\"El Digital de Asturias\"\/>\n\t<meta name=\"google-site-verification\" content=\"UA-38556648-1\" \/>\n\t<meta name=\"msvalidate.01\" content=\"7dfe9f3f1b24437ab69f4f2559babe99\" \/>\n\t<meta name=\"keywords\" content=\"sucesos\" \/>\n\t<link rel=\"canonical\" href=\"https:\/\/www.eldigitaldeasturias.com\/noticias\/herido-grave-de-un-disparo-el-propietario-de-un-bar-de-bilbao\/\" \/>\n\t<meta name=\"generator\" content=\"All in One SEO Pro (AIOSEO) 5.0.1\" \/>\n\t\t<meta property=\"og:locale\" content=\"es_ES\" \/>\n\t\t<meta property=\"og:site_name\" content=\"El Digital de Asturias\" \/>\n\t\t<meta property=\"og:type\" content=\"article\" \/>\n\t\t<meta property=\"og:title\" content=\"Herido grave de un disparo el propietario de un bar de Bilbao - El Digital de Asturias\" \/>\n\t\t<meta property=\"og:description\" content=\"Bilbao, 1 dic (EFE).- El propietario de un bar de Bilbao ha resultado hoy herido de gravedad al recibir uno de varios disparos que un individuo que ha accedido al local ha realizado contra \u00e9l, han informado fuentes del departamento vasco de Seguridad. Los hechos se han registrado sobre las 12.20 horas en un bar\" \/>\n\t\t<meta property=\"og:url\" content=\"https:\/\/www.eldigitaldeasturias.com\/noticias\/herido-grave-de-un-disparo-el-propietario-de-un-bar-de-bilbao\/\" \/>\n\t\t<meta property=\"article:tag\" content=\"sucesos\" \/>\n\t\t<meta property=\"article:published_time\" content=\"2013-12-01T22:55:45+00:00\" \/>\n\t\t<meta property=\"article:modified_time\" content=\"2013-12-01T22:55:45+00:00\" \/>\n\t\t<meta property=\"article:publisher\" content=\"https:\/\/facebook.com\/eldigitaldeasturias\" \/>\n\t\t<meta name=\"twitter:card\" content=\"summary_large_image\" \/>\n\t\t<meta name=\"twitter:title\" content=\"Herido grave de un disparo el propietario de un bar de Bilbao - El Digital de Asturias\" \/>\n\t\t<meta name=\"twitter:description\" content=\"Bilbao, 1 dic (EFE).- El propietario de un bar de Bilbao ha resultado hoy herido de gravedad al recibir uno de varios disparos que un individuo que ha accedido al local ha realizado contra \u00e9l, han informado fuentes del departamento vasco de Seguridad. Los hechos se han registrado sobre las 12.20 horas en un bar\" \/>\n\t\t<meta name=\"twitter:label1\" content=\"Escrito por\" \/>\n\t\t<meta name=\"twitter:data1\" content=\"El Digital de Asturias\" \/>\n\t\t<meta name=\"twitter:label2\" content=\"Tiempo de lectura estimado\" \/>\n\t\t<meta name=\"twitter:data2\" content=\"1 minuto\" \/>\n\t\t<script type=\"application\/ld+json\" class=\"aioseo-schema\">\n\t\t\t{\"@context\":\"https:\\\/\\\/schema.org\",\"@graph\":[{\"@type\":\"BlogPosting\",\"@id\":\"https:\\\/\\\/www.eldigitaldeasturias.com\\\/noticias\\\/herido-grave-de-un-disparo-el-propietario-de-un-bar-de-bilbao\\\/#blogposting\",\"name\":\"Herido grave de un disparo el propietario de un bar de Bilbao - El Digital de Asturias\",\"headline\":\"Herido grave de un disparo el propietario de un bar de Bilbao\",\"author\":{\"@id\":\"https:\\\/\\\/www.eldigitaldeasturias.com\\\/noticias\\\/author\\\/admin\\\/#author\"},\"publisher\":{\"@id\":\"https:\\\/\\\/www.eldigitaldeasturias.com\\\/noticias\\\/#organization\"},\"image\":{\"@type\":\"ImageObject\",\"url\":456623},\"datePublished\":\"2013-12-01T21:55:45+01:00\",\"dateModified\":\"2013-12-01T21:55:45+01:00\",\"inLanguage\":\"es-ES\",\"mainEntityOfPage\":{\"@id\":\"https:\\\/\\\/www.eldigitaldeasturias.com\\\/noticias\\\/herido-grave-de-un-disparo-el-propietario-de-un-bar-de-bilbao\\\/#webpage\"},\"isPartOf\":{\"@id\":\"https:\\\/\\\/www.eldigitaldeasturias.com\\\/noticias\\\/herido-grave-de-un-disparo-el-propietario-de-un-bar-de-bilbao\\\/#webpage\"},\"articleSection\":\"Sucesos\"},{\"@type\":\"BreadcrumbList\",\"@id\":\"https:\\\/\\\/www.eldigitaldeasturias.com\\\/noticias\\\/herido-grave-de-un-disparo-el-propietario-de-un-bar-de-bilbao\\\/#breadcrumblist\",\"itemListElement\":[{\"@type\":\"ListItem\",\"@id\":\"https:\\\/\\\/www.eldigitaldeasturias.com\\\/noticias#listItem\",\"position\":1,\"name\":\"Home\",\"item\":\"https:\\\/\\\/www.eldigitaldeasturias.com\\\/noticias\",\"nextItem\":{\"@type\":\"ListItem\",\"@id\":\"https:\\\/\\\/www.eldigitaldeasturias.com\\\/noticias\\\/category\\\/sucesos\\\/#listItem\",\"name\":\"Sucesos\"}},{\"@type\":\"ListItem\",\"@id\":\"https:\\\/\\\/www.eldigitaldeasturias.com\\\/noticias\\\/category\\\/sucesos\\\/#listItem\",\"position\":2,\"name\":\"Sucesos\",\"item\":\"https:\\\/\\\/www.eldigitaldeasturias.com\\\/noticias\\\/category\\\/sucesos\\\/\",\"nextItem\":{\"@type\":\"ListItem\",\"@id\":\"https:\\\/\\\/www.eldigitaldeasturias.com\\\/noticias\\\/herido-grave-de-un-disparo-el-propietario-de-un-bar-de-bilbao\\\/#listItem\",\"name\":\"Herido grave de un disparo el propietario de un bar de Bilbao\"},\"previousItem\":{\"@type\":\"ListItem\",\"@id\":\"https:\\\/\\\/www.eldigitaldeasturias.com\\\/noticias#listItem\",\"name\":\"Home\"}},{\"@type\":\"ListItem\",\"@id\":\"https:\\\/\\\/www.eldigitaldeasturias.com\\\/noticias\\\/herido-grave-de-un-disparo-el-propietario-de-un-bar-de-bilbao\\\/#listItem\",\"position\":3,\"name\":\"Herido grave de un disparo el propietario de un bar de Bilbao\",\"previousItem\":{\"@type\":\"ListItem\",\"@id\":\"https:\\\/\\\/www.eldigitaldeasturias.com\\\/noticias\\\/category\\\/sucesos\\\/#listItem\",\"name\":\"Sucesos\"}}]},{\"@type\":\"Organization\",\"@id\":\"https:\\\/\\\/www.eldigitaldeasturias.com\\\/noticias\\\/#organization\",\"name\":\"El Digital de Asturias\",\"description\":\"Hemeroteca\",\"url\":\"https:\\\/\\\/www.eldigitaldeasturias.com\\\/noticias\\\/\",\"email\":\"info@eldigitaldeasturias.com\",\"telephone\":\"+34652131393\",\"logo\":{\"@type\":\"ImageObject\",\"url\":\"https:\\\/\\\/www.eldigitaldeasturias.com\\\/noticias\\\/wp-content\\\/uploads\\\/2020\\\/12\\\/EDA.jpg\",\"@id\":\"https:\\\/\\\/www.eldigitaldeasturias.com\\\/noticias\\\/herido-grave-de-un-disparo-el-propietario-de-un-bar-de-bilbao\\\/#organizationLogo\"},\"image\":{\"@id\":\"https:\\\/\\\/www.eldigitaldeasturias.com\\\/noticias\\\/herido-grave-de-un-disparo-el-propietario-de-un-bar-de-bilbao\\\/#organizationLogo\"},\"sameAs\":[\"https:\\\/\\\/facebook.com\\\/eldigitaldeasturias\",\"https:\\\/\\\/www.youtube.com\\\/channel\\\/UCZP-2wLEB9Rv6erhFmqVnvg\"],\"address\":{\"@id\":\"https:\\\/\\\/www.eldigitaldeasturias.com\\\/noticias\\\/#postaladdress\",\"@type\":\"PostalAddress\",\"streetAddress\":\"san antonio 4\",\"postalCode\":\"33430\",\"addressLocality\":\"Cand\\u00e1s\",\"addressRegion\":\"Asturias\",\"addressCountry\":\"ES\"}},{\"@type\":\"Person\",\"@id\":\"https:\\\/\\\/www.eldigitaldeasturias.com\\\/noticias\\\/author\\\/admin\\\/#author\",\"url\":\"https:\\\/\\\/www.eldigitaldeasturias.com\\\/noticias\\\/author\\\/admin\\\/\",\"name\":\"El Digital de Asturias\",\"image\":{\"@type\":\"ImageObject\",\"@id\":\"https:\\\/\\\/www.eldigitaldeasturias.com\\\/noticias\\\/herido-grave-de-un-disparo-el-propietario-de-un-bar-de-bilbao\\\/#authorImage\",\"url\":\"https:\\\/\\\/secure.gravatar.com\\\/avatar\\\/df2aeffc32bcd13f8d26072ef8a91b623d677766deac7f97ca815868cd41bf5e?s=96&d=mm&r=g\",\"width\":96,\"height\":96,\"caption\":\"El Digital de Asturias\"}},{\"@type\":\"WebPage\",\"@id\":\"https:\\\/\\\/www.eldigitaldeasturias.com\\\/noticias\\\/herido-grave-de-un-disparo-el-propietario-de-un-bar-de-bilbao\\\/#webpage\",\"url\":\"https:\\\/\\\/www.eldigitaldeasturias.com\\\/noticias\\\/herido-grave-de-un-disparo-el-propietario-de-un-bar-de-bilbao\\\/\",\"name\":\"Herido grave de un disparo el propietario de un bar de Bilbao - El Digital de Asturias\",\"description\":\"Bilbao, 1 dic (EFE).- El propietario de un bar de Bilbao ha resultado hoy herido de gravedad al recibir uno de varios disparos que un individuo que ha accedido al local ha realizado contra \\u00e9l, han informado fuentes del departamento vasco de Seguridad. Los hechos se han registrado sobre las 12.20 horas en un bar\",\"inLanguage\":\"es-ES\",\"isPartOf\":{\"@id\":\"https:\\\/\\\/www.eldigitaldeasturias.com\\\/noticias\\\/#website\"},\"breadcrumb\":{\"@id\":\"https:\\\/\\\/www.eldigitaldeasturias.com\\\/noticias\\\/herido-grave-de-un-disparo-el-propietario-de-un-bar-de-bilbao\\\/#breadcrumblist\"},\"author\":{\"@id\":\"https:\\\/\\\/www.eldigitaldeasturias.com\\\/noticias\\\/author\\\/admin\\\/#author\"},\"creator\":{\"@id\":\"https:\\\/\\\/www.eldigitaldeasturias.com\\\/noticias\\\/author\\\/admin\\\/#author\"},\"image\":{\"@type\":\"ImageObject\",\"url\":456623,\"@id\":\"https:\\\/\\\/www.eldigitaldeasturias.com\\\/noticias\\\/herido-grave-de-un-disparo-el-propietario-de-un-bar-de-bilbao\\\/#mainImage\"},\"primaryImageOfPage\":{\"@id\":\"https:\\\/\\\/www.eldigitaldeasturias.com\\\/noticias\\\/herido-grave-de-un-disparo-el-propietario-de-un-bar-de-bilbao\\\/#mainImage\"},\"datePublished\":\"2013-12-01T21:55:45+01:00\",\"dateModified\":\"2013-12-01T21:55:45+01:00\"},{\"@type\":\"WebSite\",\"@id\":\"https:\\\/\\\/www.eldigitaldeasturias.com\\\/noticias\\\/#website\",\"url\":\"https:\\\/\\\/www.eldigitaldeasturias.com\\\/noticias\\\/\",\"name\":\"El Digital de Asturias - Diario de actualidad y noticias\",\"alternateName\":\"El Digital de Asturias - Diario de actualidad y noticias\",\"description\":\"Hemeroteca\",\"inLanguage\":\"es-ES\",\"publisher\":{\"@id\":\"https:\\\/\\\/www.eldigitaldeasturias.com\\\/noticias\\\/#organization\"}}]}\n\t\t<\/script>\n\t\t<!-- All in One SEO Pro -->\r\n\t\t<title>Herido grave de un disparo el propietario de un bar de Bilbao - El Digital de Asturias<\/title>\n\n","aioseo_head_json":{"title":"Herido grave de un disparo el propietario de un bar de Bilbao - El Digital de Asturias","description":"Bilbao, 1 dic (EFE).- El propietario de un bar de Bilbao ha resultado hoy herido de gravedad al recibir uno de varios disparos que un individuo que ha accedido al local ha realizado contra \u00e9l, han informado fuentes del departamento vasco de Seguridad. Los hechos se han registrado sobre las 12.20 horas en un bar","canonical_url":"https:\/\/www.eldigitaldeasturias.com\/noticias\/herido-grave-de-un-disparo-el-propietario-de-un-bar-de-bilbao\/","robots":"max-image-preview:large","keywords":"sucesos","webmasterTools":{"google-site-verification":"UA-38556648-1","msvalidate.01":"7dfe9f3f1b24437ab69f4f2559babe99","miscellaneous":""},"schema":{"@context":"https:\/\/schema.org","@graph":[{"@type":"BlogPosting","@id":"https:\/\/www.eldigitaldeasturias.com\/noticias\/herido-grave-de-un-disparo-el-propietario-de-un-bar-de-bilbao\/#blogposting","name":"Herido grave de un disparo el propietario de un bar de Bilbao - El Digital de Asturias","headline":"Herido grave de un disparo el propietario de un bar de Bilbao","author":{"@id":"https:\/\/www.eldigitaldeasturias.com\/noticias\/author\/admin\/#author"},"publisher":{"@id":"https:\/\/www.eldigitaldeasturias.com\/noticias\/#organization"},"image":{"@type":"ImageObject","url":456623},"datePublished":"2013-12-01T21:55:45+01:00","dateModified":"2013-12-01T21:55:45+01:00","inLanguage":"es-ES","mainEntityOfPage":{"@id":"https:\/\/www.eldigitaldeasturias.com\/noticias\/herido-grave-de-un-disparo-el-propietario-de-un-bar-de-bilbao\/#webpage"},"isPartOf":{"@id":"https:\/\/www.eldigitaldeasturias.com\/noticias\/herido-grave-de-un-disparo-el-propietario-de-un-bar-de-bilbao\/#webpage"},"articleSection":"Sucesos"},{"@type":"BreadcrumbList","@id":"https:\/\/www.eldigitaldeasturias.com\/noticias\/herido-grave-de-un-disparo-el-propietario-de-un-bar-de-bilbao\/#breadcrumblist","itemListElement":[{"@type":"ListItem","@id":"https:\/\/www.eldigitaldeasturias.com\/noticias#listItem","position":1,"name":"Home","item":"https:\/\/www.eldigitaldeasturias.com\/noticias","nextItem":{"@type":"ListItem","@id":"https:\/\/www.eldigitaldeasturias.com\/noticias\/category\/sucesos\/#listItem","name":"Sucesos"}},{"@type":"ListItem","@id":"https:\/\/www.eldigitaldeasturias.com\/noticias\/category\/sucesos\/#listItem","position":2,"name":"Sucesos","item":"https:\/\/www.eldigitaldeasturias.com\/noticias\/category\/sucesos\/","nextItem":{"@type":"ListItem","@id":"https:\/\/www.eldigitaldeasturias.com\/noticias\/herido-grave-de-un-disparo-el-propietario-de-un-bar-de-bilbao\/#listItem","name":"Herido grave de un disparo el propietario de un bar de Bilbao"},"previousItem":{"@type":"ListItem","@id":"https:\/\/www.eldigitaldeasturias.com\/noticias#listItem","name":"Home"}},{"@type":"ListItem","@id":"https:\/\/www.eldigitaldeasturias.com\/noticias\/herido-grave-de-un-disparo-el-propietario-de-un-bar-de-bilbao\/#listItem","position":3,"name":"Herido grave de un disparo el propietario de un bar de Bilbao","previousItem":{"@type":"ListItem","@id":"https:\/\/www.eldigitaldeasturias.com\/noticias\/category\/sucesos\/#listItem","name":"Sucesos"}}]},{"@type":"Organization","@id":"https:\/\/www.eldigitaldeasturias.com\/noticias\/#organization","name":"El Digital de Asturias","description":"Hemeroteca","url":"https:\/\/www.eldigitaldeasturias.com\/noticias\/","email":"info@eldigitaldeasturias.com","telephone":"+34652131393","logo":{"@type":"ImageObject","url":"https:\/\/www.eldigitaldeasturias.com\/noticias\/wp-content\/uploads\/2020\/12\/EDA.jpg","@id":"https:\/\/www.eldigitaldeasturias.com\/noticias\/herido-grave-de-un-disparo-el-propietario-de-un-bar-de-bilbao\/#organizationLogo"},"image":{"@id":"https:\/\/www.eldigitaldeasturias.com\/noticias\/herido-grave-de-un-disparo-el-propietario-de-un-bar-de-bilbao\/#organizationLogo"},"sameAs":["https:\/\/facebook.com\/eldigitaldeasturias","https:\/\/www.youtube.com\/channel\/UCZP-2wLEB9Rv6erhFmqVnvg"],"address":{"@id":"https:\/\/www.eldigitaldeasturias.com\/noticias\/#postaladdress","@type":"PostalAddress","streetAddress":"san antonio 4","postalCode":"33430","addressLocality":"Cand\u00e1s","addressRegion":"Asturias","addressCountry":"ES"}},{"@type":"Person","@id":"https:\/\/www.eldigitaldeasturias.com\/noticias\/author\/admin\/#author","url":"https:\/\/www.eldigitaldeasturias.com\/noticias\/author\/admin\/","name":"El Digital de Asturias","image":{"@type":"ImageObject","@id":"https:\/\/www.eldigitaldeasturias.com\/noticias\/herido-grave-de-un-disparo-el-propietario-de-un-bar-de-bilbao\/#authorImage","url":"https:\/\/secure.gravatar.com\/avatar\/df2aeffc32bcd13f8d26072ef8a91b623d677766deac7f97ca815868cd41bf5e?s=96&d=mm&r=g","width":96,"height":96,"caption":"El Digital de Asturias"}},{"@type":"WebPage","@id":"https:\/\/www.eldigitaldeasturias.com\/noticias\/herido-grave-de-un-disparo-el-propietario-de-un-bar-de-bilbao\/#webpage","url":"https:\/\/www.eldigitaldeasturias.com\/noticias\/herido-grave-de-un-disparo-el-propietario-de-un-bar-de-bilbao\/","name":"Herido grave de un disparo el propietario de un bar de Bilbao - El Digital de Asturias","description":"Bilbao, 1 dic (EFE).- El propietario de un bar de Bilbao ha resultado hoy herido de gravedad al recibir uno de varios disparos que un individuo que ha accedido al local ha realizado contra \u00e9l, han informado fuentes del departamento vasco de Seguridad. Los hechos se han registrado sobre las 12.20 horas en un bar","inLanguage":"es-ES","isPartOf":{"@id":"https:\/\/www.eldigitaldeasturias.com\/noticias\/#website"},"breadcrumb":{"@id":"https:\/\/www.eldigitaldeasturias.com\/noticias\/herido-grave-de-un-disparo-el-propietario-de-un-bar-de-bilbao\/#breadcrumblist"},"author":{"@id":"https:\/\/www.eldigitaldeasturias.com\/noticias\/author\/admin\/#author"},"creator":{"@id":"https:\/\/www.eldigitaldeasturias.com\/noticias\/author\/admin\/#author"},"image":{"@type":"ImageObject","url":456623,"@id":"https:\/\/www.eldigitaldeasturias.com\/noticias\/herido-grave-de-un-disparo-el-propietario-de-un-bar-de-bilbao\/#mainImage"},"primaryImageOfPage":{"@id":"https:\/\/www.eldigitaldeasturias.com\/noticias\/herido-grave-de-un-disparo-el-propietario-de-un-bar-de-bilbao\/#mainImage"},"datePublished":"2013-12-01T21:55:45+01:00","dateModified":"2013-12-01T21:55:45+01:00"},{"@type":"WebSite","@id":"https:\/\/www.eldigitaldeasturias.com\/noticias\/#website","url":"https:\/\/www.eldigitaldeasturias.com\/noticias\/","name":"El Digital de Asturias - Diario de actualidad y noticias","alternateName":"El Digital de Asturias - Diario de actualidad y noticias","description":"Hemeroteca","inLanguage":"es-ES","publisher":{"@id":"https:\/\/www.eldigitaldeasturias.com\/noticias\/#organization"}}]},"og:locale":"es_ES","og:site_name":"El Digital de Asturias","og:type":"article","og:title":"Herido grave de un disparo el propietario de un bar de Bilbao - El Digital de Asturias","og:description":"Bilbao, 1 dic (EFE).- El propietario de un bar de Bilbao ha resultado hoy herido de gravedad al recibir uno de varios disparos que un individuo que ha accedido al local ha realizado contra \u00e9l, han informado fuentes del departamento vasco de Seguridad. Los hechos se han registrado sobre las 12.20 horas en un bar","og:url":"https:\/\/www.eldigitaldeasturias.com\/noticias\/herido-grave-de-un-disparo-el-propietario-de-un-bar-de-bilbao\/","article:tag":["sucesos"],"article:published_time":"2013-12-01T22:55:45+00:00","article:modified_time":"2013-12-01T22:55:45+00:00","article:publisher":"https:\/\/facebook.com\/eldigitaldeasturias","twitter:card":"summary_large_image","twitter:title":"Herido grave de un disparo el propietario de un bar de Bilbao - El Digital de Asturias","twitter:description":"Bilbao, 1 dic (EFE).- El propietario de un bar de Bilbao ha resultado hoy herido de gravedad al recibir uno de varios disparos que un individuo que ha accedido al local ha realizado contra \u00e9l, han informado fuentes del departamento vasco de Seguridad. Los hechos se han registrado sobre las 12.20 horas en un bar","twitter:label1":"Escrito por","twitter:data1":"El Digital de Asturias","twitter:label2":"Tiempo de lectura estimado","twitter:data2":"1 minuto"},"aioseo_meta_data":{"post_id":"456622","title":null,"description":null,"keywords":null,"keyphrases":null,"primary_term":null,"canonical_url":null,"og_title":null,"og_description":null,"og_object_type":"default","og_image_type":"default","og_image_url":null,"og_image_width":null,"og_image_height":null,"og_image_custom_url":null,"og_image_custom_fields":null,"og_video":null,"og_custom_url":null,"og_article_section":null,"og_article_tags":null,"twitter_use_og":true,"twitter_card":"default","twitter_image_type":"default","twitter_image_url":null,"twitter_image_custom_url":null,"twitter_image_custom_fields":null,"twitter_title":null,"twitter_description":null,"schema":{"blockGraphs":[],"customGraphs":[],"default":{"data":{"Article":[],"Course":[],"Dataset":[],"FAQPage":[],"Movie":[],"Person":[],"Product":[],"ProductReview":[],"Car":[],"Recipe":[],"Service":[],"SoftwareApplication":[],"WebPage":[]},"graphName":"","isEnabled":true},"graphs":[],"defaultGraph":"","defaultPostTypeGraph":""},"schema_type":null,"schema_type_options":null,"pillar_content":false,"robots_default":true,"robots_noindex":false,"robots_noarchive":false,"robots_nosnippet":false,"robots_nofollow":false,"robots_noimageindex":false,"robots_noodp":false,"robots_notranslate":false,"robots_max_snippet":null,"robots_max_videopreview":null,"robots_max_imagepreview":"none","priority":null,"frequency":null,"local_seo":null,"seo_analyzer_scan_date":"2026-05-29 22:37:06","breadcrumb_settings":null,"limit_modified_date":false,"open_ai":null,"ai":null,"created":"2020-11-14 22:46:01","updated":"2026-05-29 22:37:06","focus_keyword":null,"additional_keywords":null,"truseo_locale":null},"aioseo_breadcrumb":"<div class=\"aioseo-breadcrumbs\"><span class=\"aioseo-breadcrumb\">\n\t<a href=\"https:\/\/www.eldigitaldeasturias.com\/noticias\" title=\"Home\">Home<\/a>\n<\/span><span class=\"aioseo-breadcrumb-separator\">\u2013<\/span><span class=\"aioseo-breadcrumb\">\n\t<a href=\"https:\/\/www.eldigitaldeasturias.com\/noticias\/category\/sucesos\/\" title=\"Sucesos\">Sucesos<\/a>\n<\/span><span class=\"aioseo-breadcrumb-separator\">\u2013<\/span><span class=\"aioseo-breadcrumb\">\n\t<a href=\"https:\/\/www.eldigitaldeasturias.com\/noticias\/herido-grave-de-un-disparo-el-propietario-de-un-bar-de-bilbao\/\" title=\"Herido grave de un disparo el propietario de un bar de Bilbao\">Herido grave de un disparo el propietario de un bar de Bilbao<\/a>\n<\/span><\/div>","aioseo_breadcrumb_json":[{"label":"Home","link":"https:\/\/www.eldigitaldeasturias.com\/noticias"},{"label":"Sucesos","link":"https:\/\/www.eldigitaldeasturias.com\/noticias\/category\/sucesos\/"},{"label":"Herido grave de un disparo el propietario de un bar de Bilbao","link":"https:\/\/www.eldigitaldeasturias.com\/noticias\/herido-grave-de-un-disparo-el-propietario-de-un-bar-de-bilbao\/"}],"_links":{"self":[{"href":"https:\/\/www.eldigitaldeasturias.com\/noticias\/wp-json\/wp\/v2\/posts\/456622","targetHints":{"allow":["GET"]}}],"collection":[{"href":"https:\/\/www.eldigitaldeasturias.com\/noticias\/wp-json\/wp\/v2\/posts"}],"about":[{"href":"https:\/\/www.eldigitaldeasturias.com\/noticias\/wp-json\/wp\/v2\/types\/post"}],"author":[{"embeddable":true,"href":"https:\/\/www.eldigitaldeasturias.com\/noticias\/wp-json\/wp\/v2\/users\/1"}],"replies":[{"embeddable":true,"href":"https:\/\/www.eldigitaldeasturias.com\/noticias\/wp-json\/wp\/v2\/comments?post=456622"}],"version-history":[{"count":0,"href":"https:\/\/www.eldigitaldeasturias.com\/noticias\/wp-json\/wp\/v2\/posts\/456622\/revisions"}],"wp:attachment":[{"href":"https:\/\/www.eldigitaldeasturias.com\/noticias\/wp-json\/wp\/v2\/media?parent=456622"}],"wp:term":[{"taxonomy":"category","embeddable":true,"href":"https:\/\/www.eldigitaldeasturias.com\/noticias\/wp-json\/wp\/v2\/categories?post=456622"},{"taxonomy":"post_tag","embeddable":true,"href":"https:\/\/www.eldigitaldeasturias.com\/noticias\/wp-json\/wp\/v2\/tags?post=456622"}],"curies":[{"name":"wp","href":"https:\/\/api.w.org\/{rel}","templated":true}]}}