{"id":456616,"date":"2013-12-01T21:50:58","date_gmt":"2013-12-01T22:50:58","guid":{"rendered":"http:\/\/www.eldigitaldeasturias.com\/noticias\/?p=456616"},"modified":"2013-12-01T21:50:58","modified_gmt":"2013-12-01T22:50:58","slug":"el-asturiano-que-ayudo-a-rescatar-a-los-heridos-en-glasgow-evita-pensar-en-la-tragedia","status":"publish","type":"post","link":"https:\/\/www.eldigitaldeasturias.com\/noticias\/el-asturiano-que-ayudo-a-rescatar-a-los-heridos-en-glasgow-evita-pensar-en-la-tragedia\/","title":{"rendered":"El Asturiano que ayud\u00f3 a rescatar a los heridos en Glasgow evita \u00abpensar en la tragedia\u00bb"},"content":{"rendered":"<p><img loading=\"lazy\" decoding=\"async\" class=\"alignleft size-medium wp-image-456617\" alt=\"5764952w\" src=\"https:\/\/www.eldigitaldeasturias.com\/noticias\/wp-content\/uploads\/2013\/12\/5764952w-360x262.jpg\" width=\"360\" height=\"262\" \/>Oviedo, 1 dic (EFE).- El espa\u00f1ol Manuel Cueto, que ayud\u00f3 a rescatar a dos de los heridos en el siniestro del pasado viernes en un pub de Glasgow en el que fallecieron ocho personas por la ca\u00edda de un helic\u00f3ptero, ha declarado hoy a Efe que intenta \u00abhacer deporte y mantener la mente ocupada\u00bb para evitar pensar en la tragedia.<\/p>\n<p>Cueto, ovetense de 24 a\u00f1os y licenciado en Odontolog\u00eda, era una de las 120 personas que el pasado viernes se encontraba en el pub The Clutha de Glasgow en el momento en el que un Eurocopter EC135 de la Polic\u00eda de Escocia se precipit\u00f3 sobre el techo del local de una planta, causando ocho muertos y m\u00e1s de una treintena de heridos.<\/p>\n<p>El asturiano, que desde hace tres meses trabaja en una cl\u00ednica dental de Glasgow, hab\u00eda acudido por primera vez al pub The Clutha para escuchar m\u00fasica en directo junto a un grupo de amigos de varias nacionalidades, adem\u00e1s de una chica ovetense.<\/p>\n<p>\u00abFue horrible; ver lo que all\u00ed hab\u00eda ocurrido en cuesti\u00f3n de minutos era una imagen que no se pod\u00eda soportar\u00bb, ha dicho Cueto a Efe en conversaci\u00f3n telef\u00f3nica, visiblemente afectado y \u00abapenado\u00bb por los fallecidos y heridos.<\/p>\n<p>Ha explicado que, despu\u00e9s de salir un rato afuera porque dentro del local hac\u00eda mucho calor, regres\u00f3 al interior del pub y se coloc\u00f3 en la zona de la barra, que junto a los servicios, ha sido el lugar afectado por el desprendimiento del techo.<\/p>\n<p>\u00abEstaba en la barra cuando de repente entr\u00f3 una bocanada de aire por un lado, pens\u00e9 que eran los altavoces que hab\u00edan explotado\u00bb, ha relatado el joven, que recuerda que \u00abocurri\u00f3 todo muy r\u00e1pido\u00bb.<\/p>\n<p>Ha relevado que le ha costado muchas horas \u00abpoder verbalizar\u00bb lo que le ha supuesto el suceso en el que el desplome del tejado, entre otros, cay\u00f3 sobre la persona que estaba a su lado en la barra, un \u00abchico de melena\u00bb, al que no conoc\u00eda.<\/p>\n<p>\u00abDe repente se cay\u00f3 el tejado, hubo estruendo, mucho humo y todo el mundo empez\u00f3 a correr; yo qued\u00e9 paralizado y cuando comenz\u00f3 a desaparecer un poco el humo, vi gente, me agach\u00e9 a tientas, toqu\u00e9 a una persona que ten\u00eda la cabeza llena de sangre, le levant\u00e9, y otro chico le sac\u00f3 al exterior\u00bb, ha a\u00f1adido.<\/p>\n<p>A continuaci\u00f3n, ha subrayado, ayud\u00f3 a evacuar a otro de los heridos aunque le result\u00f3 \u00abimposible rescatar\u00bb a m\u00e1s, pese a intentar ayudar a liberar a las personas que se encontraban atrapadas en la zona de la barra.<\/p>\n<p>\u00abEra f\u00edsicamente imposible porque la madera les atrapaba\u00bb, ha dicho el espa\u00f1ol en referencia a las personas que se encontraban junto a \u00e9l en la barra, ocupada en la mayor parte por varones con edades comprendidas entre 40 y 50 a\u00f1os.<\/p>\n<p>Los primeros movimientos tras el desplome del techo llevaron a algunas de las personas que se encontraban en su entorno a intentar empujar la estructura ca\u00edda, ha manifestado Cueto, quien ha apuntado que la oscuridad de la noche les permiti\u00f3 ver un aspa del helic\u00f3ptero siniestrado hasta que, ya en el exterior, se percataron de la cola del aparato con el rotulo de la Polic\u00eda.<\/p>\n","protected":false},"excerpt":{"rendered":"<p>Oviedo, 1 dic (EFE).- El espa\u00f1ol Manuel Cueto, que ayud\u00f3 a rescatar a dos de los heridos en el siniestro del pasado viernes en un pub de Glasgow en el que fallecieron ocho personas por la ca\u00edda de un helic\u00f3ptero, ha declarado hoy a Efe que intenta \u00abhacer deporte y mantener la mente ocupada\u00bb para [&hellip;]<\/p>\n","protected":false},"author":1,"featured_media":456617,"comment_status":"closed","ping_status":"open","sticky":false,"template":"","format":"standard","meta":{"footnotes":""},"categories":[12],"tags":[],"class_list":["post-456616","post","type-post","status-publish","format-standard","has-post-thumbnail","hentry","category-actualidad-asturias"],"aioseo_notices":[],"aioseo_head":"\n\t\t<!-- All in One SEO Pro 5.0.1 - aioseo.com -->\n\t<meta name=\"description\" content=\"Oviedo, 1 dic (EFE).- El espa\u00f1ol Manuel Cueto, que ayud\u00f3 a rescatar a dos de los heridos en el siniestro del pasado viernes en un pub de Glasgow en el que fallecieron ocho personas por la ca\u00edda de un helic\u00f3ptero, ha declarado hoy a Efe que intenta &quot;hacer deporte y mantener la mente ocupada&quot; para\" \/>\n\t<meta name=\"robots\" content=\"max-image-preview:large\" \/>\n\t<meta name=\"author\" content=\"El Digital de Asturias\"\/>\n\t<meta name=\"google-site-verification\" content=\"UA-38556648-1\" \/>\n\t<meta name=\"msvalidate.01\" content=\"7dfe9f3f1b24437ab69f4f2559babe99\" \/>\n\t<meta name=\"keywords\" content=\"actualidad asturias\" \/>\n\t<link rel=\"canonical\" href=\"https:\/\/www.eldigitaldeasturias.com\/noticias\/el-asturiano-que-ayudo-a-rescatar-a-los-heridos-en-glasgow-evita-pensar-en-la-tragedia\/\" \/>\n\t<meta name=\"generator\" content=\"All in One SEO Pro (AIOSEO) 5.0.1\" \/>\n\t\t<meta property=\"og:locale\" content=\"es_ES\" \/>\n\t\t<meta property=\"og:site_name\" content=\"El Digital de Asturias\" \/>\n\t\t<meta property=\"og:type\" content=\"article\" \/>\n\t\t<meta property=\"og:title\" content=\"El Asturiano que ayud\u00f3 a rescatar a los heridos en Glasgow evita \u00abpensar en la tragedia\u00bb - El Digital de Asturias\" \/>\n\t\t<meta property=\"og:description\" content=\"Oviedo, 1 dic (EFE).- El espa\u00f1ol Manuel Cueto, que ayud\u00f3 a rescatar a dos de los heridos en el siniestro del pasado viernes en un pub de Glasgow en el que fallecieron ocho personas por la ca\u00edda de un helic\u00f3ptero, ha declarado hoy a Efe que intenta &quot;hacer deporte y mantener la mente ocupada&quot; para\" \/>\n\t\t<meta property=\"og:url\" content=\"https:\/\/www.eldigitaldeasturias.com\/noticias\/el-asturiano-que-ayudo-a-rescatar-a-los-heridos-en-glasgow-evita-pensar-en-la-tragedia\/\" \/>\n\t\t<meta property=\"article:tag\" content=\"actualidad asturias\" \/>\n\t\t<meta property=\"article:published_time\" content=\"2013-12-01T22:50:58+00:00\" \/>\n\t\t<meta property=\"article:modified_time\" content=\"2013-12-01T22:50:58+00:00\" \/>\n\t\t<meta property=\"article:publisher\" content=\"https:\/\/facebook.com\/eldigitaldeasturias\" \/>\n\t\t<meta name=\"twitter:card\" content=\"summary_large_image\" \/>\n\t\t<meta name=\"twitter:title\" content=\"El Asturiano que ayud\u00f3 a rescatar a los heridos en Glasgow evita \u00abpensar en la tragedia\u00bb - El Digital de Asturias\" \/>\n\t\t<meta name=\"twitter:description\" content=\"Oviedo, 1 dic (EFE).- El espa\u00f1ol Manuel Cueto, que ayud\u00f3 a rescatar a dos de los heridos en el siniestro del pasado viernes en un pub de Glasgow en el que fallecieron ocho personas por la ca\u00edda de un helic\u00f3ptero, ha declarado hoy a Efe que intenta &quot;hacer deporte y mantener la mente ocupada&quot; para\" \/>\n\t\t<meta name=\"twitter:label1\" content=\"Escrito por\" \/>\n\t\t<meta name=\"twitter:data1\" content=\"El Digital de Asturias\" \/>\n\t\t<meta name=\"twitter:label2\" content=\"Tiempo de lectura estimado\" \/>\n\t\t<meta name=\"twitter:data2\" content=\"3 minutos\" \/>\n\t\t<script type=\"application\/ld+json\" class=\"aioseo-schema\">\n\t\t\t{\"@context\":\"https:\\\/\\\/schema.org\",\"@graph\":[{\"@type\":\"BlogPosting\",\"@id\":\"https:\\\/\\\/www.eldigitaldeasturias.com\\\/noticias\\\/el-asturiano-que-ayudo-a-rescatar-a-los-heridos-en-glasgow-evita-pensar-en-la-tragedia\\\/#blogposting\",\"name\":\"El Asturiano que ayud\\u00f3 a rescatar a los heridos en Glasgow evita \\u00abpensar en la tragedia\\u00bb - El Digital de Asturias\",\"headline\":\"El Asturiano que ayud\\u00f3 a rescatar a los heridos en Glasgow evita \\u00abpensar en la tragedia\\u00bb\",\"author\":{\"@id\":\"https:\\\/\\\/www.eldigitaldeasturias.com\\\/noticias\\\/author\\\/admin\\\/#author\"},\"publisher\":{\"@id\":\"https:\\\/\\\/www.eldigitaldeasturias.com\\\/noticias\\\/#organization\"},\"image\":{\"@type\":\"ImageObject\",\"url\":456617},\"datePublished\":\"2013-12-01T21:50:58+01:00\",\"dateModified\":\"2013-12-01T21:50:58+01:00\",\"inLanguage\":\"es-ES\",\"mainEntityOfPage\":{\"@id\":\"https:\\\/\\\/www.eldigitaldeasturias.com\\\/noticias\\\/el-asturiano-que-ayudo-a-rescatar-a-los-heridos-en-glasgow-evita-pensar-en-la-tragedia\\\/#webpage\"},\"isPartOf\":{\"@id\":\"https:\\\/\\\/www.eldigitaldeasturias.com\\\/noticias\\\/el-asturiano-que-ayudo-a-rescatar-a-los-heridos-en-glasgow-evita-pensar-en-la-tragedia\\\/#webpage\"},\"articleSection\":\"Actualidad Asturias\"},{\"@type\":\"BreadcrumbList\",\"@id\":\"https:\\\/\\\/www.eldigitaldeasturias.com\\\/noticias\\\/el-asturiano-que-ayudo-a-rescatar-a-los-heridos-en-glasgow-evita-pensar-en-la-tragedia\\\/#breadcrumblist\",\"itemListElement\":[{\"@type\":\"ListItem\",\"@id\":\"https:\\\/\\\/www.eldigitaldeasturias.com\\\/noticias#listItem\",\"position\":1,\"name\":\"Home\",\"item\":\"https:\\\/\\\/www.eldigitaldeasturias.com\\\/noticias\",\"nextItem\":{\"@type\":\"ListItem\",\"@id\":\"https:\\\/\\\/www.eldigitaldeasturias.com\\\/noticias\\\/category\\\/actualidad-asturias\\\/#listItem\",\"name\":\"Actualidad Asturias\"}},{\"@type\":\"ListItem\",\"@id\":\"https:\\\/\\\/www.eldigitaldeasturias.com\\\/noticias\\\/category\\\/actualidad-asturias\\\/#listItem\",\"position\":2,\"name\":\"Actualidad Asturias\",\"item\":\"https:\\\/\\\/www.eldigitaldeasturias.com\\\/noticias\\\/category\\\/actualidad-asturias\\\/\",\"nextItem\":{\"@type\":\"ListItem\",\"@id\":\"https:\\\/\\\/www.eldigitaldeasturias.com\\\/noticias\\\/el-asturiano-que-ayudo-a-rescatar-a-los-heridos-en-glasgow-evita-pensar-en-la-tragedia\\\/#listItem\",\"name\":\"El Asturiano que ayud\\u00f3 a rescatar a los heridos en Glasgow evita \\u00abpensar en la tragedia\\u00bb\"},\"previousItem\":{\"@type\":\"ListItem\",\"@id\":\"https:\\\/\\\/www.eldigitaldeasturias.com\\\/noticias#listItem\",\"name\":\"Home\"}},{\"@type\":\"ListItem\",\"@id\":\"https:\\\/\\\/www.eldigitaldeasturias.com\\\/noticias\\\/el-asturiano-que-ayudo-a-rescatar-a-los-heridos-en-glasgow-evita-pensar-en-la-tragedia\\\/#listItem\",\"position\":3,\"name\":\"El Asturiano que ayud\\u00f3 a rescatar a los heridos en Glasgow evita \\u00abpensar en la tragedia\\u00bb\",\"previousItem\":{\"@type\":\"ListItem\",\"@id\":\"https:\\\/\\\/www.eldigitaldeasturias.com\\\/noticias\\\/category\\\/actualidad-asturias\\\/#listItem\",\"name\":\"Actualidad Asturias\"}}]},{\"@type\":\"Organization\",\"@id\":\"https:\\\/\\\/www.eldigitaldeasturias.com\\\/noticias\\\/#organization\",\"name\":\"El Digital de Asturias\",\"description\":\"Hemeroteca\",\"url\":\"https:\\\/\\\/www.eldigitaldeasturias.com\\\/noticias\\\/\",\"email\":\"info@eldigitaldeasturias.com\",\"telephone\":\"+34652131393\",\"logo\":{\"@type\":\"ImageObject\",\"url\":\"https:\\\/\\\/www.eldigitaldeasturias.com\\\/noticias\\\/wp-content\\\/uploads\\\/2020\\\/12\\\/EDA.jpg\",\"@id\":\"https:\\\/\\\/www.eldigitaldeasturias.com\\\/noticias\\\/el-asturiano-que-ayudo-a-rescatar-a-los-heridos-en-glasgow-evita-pensar-en-la-tragedia\\\/#organizationLogo\"},\"image\":{\"@id\":\"https:\\\/\\\/www.eldigitaldeasturias.com\\\/noticias\\\/el-asturiano-que-ayudo-a-rescatar-a-los-heridos-en-glasgow-evita-pensar-en-la-tragedia\\\/#organizationLogo\"},\"sameAs\":[\"https:\\\/\\\/facebook.com\\\/eldigitaldeasturias\",\"https:\\\/\\\/www.youtube.com\\\/channel\\\/UCZP-2wLEB9Rv6erhFmqVnvg\"],\"address\":{\"@id\":\"https:\\\/\\\/www.eldigitaldeasturias.com\\\/noticias\\\/#postaladdress\",\"@type\":\"PostalAddress\",\"streetAddress\":\"san antonio 4\",\"postalCode\":\"33430\",\"addressLocality\":\"Cand\\u00e1s\",\"addressRegion\":\"Asturias\",\"addressCountry\":\"ES\"}},{\"@type\":\"Person\",\"@id\":\"https:\\\/\\\/www.eldigitaldeasturias.com\\\/noticias\\\/author\\\/admin\\\/#author\",\"url\":\"https:\\\/\\\/www.eldigitaldeasturias.com\\\/noticias\\\/author\\\/admin\\\/\",\"name\":\"El Digital de Asturias\",\"image\":{\"@type\":\"ImageObject\",\"@id\":\"https:\\\/\\\/www.eldigitaldeasturias.com\\\/noticias\\\/el-asturiano-que-ayudo-a-rescatar-a-los-heridos-en-glasgow-evita-pensar-en-la-tragedia\\\/#authorImage\",\"url\":\"https:\\\/\\\/secure.gravatar.com\\\/avatar\\\/df2aeffc32bcd13f8d26072ef8a91b623d677766deac7f97ca815868cd41bf5e?s=96&d=mm&r=g\",\"width\":96,\"height\":96,\"caption\":\"El Digital de Asturias\"}},{\"@type\":\"WebPage\",\"@id\":\"https:\\\/\\\/www.eldigitaldeasturias.com\\\/noticias\\\/el-asturiano-que-ayudo-a-rescatar-a-los-heridos-en-glasgow-evita-pensar-en-la-tragedia\\\/#webpage\",\"url\":\"https:\\\/\\\/www.eldigitaldeasturias.com\\\/noticias\\\/el-asturiano-que-ayudo-a-rescatar-a-los-heridos-en-glasgow-evita-pensar-en-la-tragedia\\\/\",\"name\":\"El Asturiano que ayud\\u00f3 a rescatar a los heridos en Glasgow evita \\u00abpensar en la tragedia\\u00bb - El Digital de Asturias\",\"description\":\"Oviedo, 1 dic (EFE).- El espa\\u00f1ol Manuel Cueto, que ayud\\u00f3 a rescatar a dos de los heridos en el siniestro del pasado viernes en un pub de Glasgow en el que fallecieron ocho personas por la ca\\u00edda de un helic\\u00f3ptero, ha declarado hoy a Efe que intenta \\\"hacer deporte y mantener la mente ocupada\\\" para\",\"inLanguage\":\"es-ES\",\"isPartOf\":{\"@id\":\"https:\\\/\\\/www.eldigitaldeasturias.com\\\/noticias\\\/#website\"},\"breadcrumb\":{\"@id\":\"https:\\\/\\\/www.eldigitaldeasturias.com\\\/noticias\\\/el-asturiano-que-ayudo-a-rescatar-a-los-heridos-en-glasgow-evita-pensar-en-la-tragedia\\\/#breadcrumblist\"},\"author\":{\"@id\":\"https:\\\/\\\/www.eldigitaldeasturias.com\\\/noticias\\\/author\\\/admin\\\/#author\"},\"creator\":{\"@id\":\"https:\\\/\\\/www.eldigitaldeasturias.com\\\/noticias\\\/author\\\/admin\\\/#author\"},\"image\":{\"@type\":\"ImageObject\",\"url\":456617,\"@id\":\"https:\\\/\\\/www.eldigitaldeasturias.com\\\/noticias\\\/el-asturiano-que-ayudo-a-rescatar-a-los-heridos-en-glasgow-evita-pensar-en-la-tragedia\\\/#mainImage\"},\"primaryImageOfPage\":{\"@id\":\"https:\\\/\\\/www.eldigitaldeasturias.com\\\/noticias\\\/el-asturiano-que-ayudo-a-rescatar-a-los-heridos-en-glasgow-evita-pensar-en-la-tragedia\\\/#mainImage\"},\"datePublished\":\"2013-12-01T21:50:58+01:00\",\"dateModified\":\"2013-12-01T21:50:58+01:00\"},{\"@type\":\"WebSite\",\"@id\":\"https:\\\/\\\/www.eldigitaldeasturias.com\\\/noticias\\\/#website\",\"url\":\"https:\\\/\\\/www.eldigitaldeasturias.com\\\/noticias\\\/\",\"name\":\"El Digital de Asturias - Diario de actualidad y noticias\",\"alternateName\":\"El Digital de Asturias - Diario de actualidad y noticias\",\"description\":\"Hemeroteca\",\"inLanguage\":\"es-ES\",\"publisher\":{\"@id\":\"https:\\\/\\\/www.eldigitaldeasturias.com\\\/noticias\\\/#organization\"}}]}\n\t\t<\/script>\n\t\t<!-- All in One SEO Pro -->\r\n\t\t<title>El Asturiano que ayud\u00f3 a rescatar a los heridos en Glasgow evita \u00abpensar en la tragedia\u00bb - El Digital de Asturias<\/title>\n\n","aioseo_head_json":{"title":"El Asturiano que ayud\u00f3 a rescatar a los heridos en Glasgow evita \u00abpensar en la tragedia\u00bb - El Digital de Asturias","description":"Oviedo, 1 dic (EFE).- El espa\u00f1ol Manuel Cueto, que ayud\u00f3 a rescatar a dos de los heridos en el siniestro del pasado viernes en un pub de Glasgow en el que fallecieron ocho personas por la ca\u00edda de un helic\u00f3ptero, ha declarado hoy a Efe que intenta \"hacer deporte y mantener la mente ocupada\" para","canonical_url":"https:\/\/www.eldigitaldeasturias.com\/noticias\/el-asturiano-que-ayudo-a-rescatar-a-los-heridos-en-glasgow-evita-pensar-en-la-tragedia\/","robots":"max-image-preview:large","keywords":"actualidad asturias","webmasterTools":{"google-site-verification":"UA-38556648-1","msvalidate.01":"7dfe9f3f1b24437ab69f4f2559babe99","miscellaneous":""},"schema":{"@context":"https:\/\/schema.org","@graph":[{"@type":"BlogPosting","@id":"https:\/\/www.eldigitaldeasturias.com\/noticias\/el-asturiano-que-ayudo-a-rescatar-a-los-heridos-en-glasgow-evita-pensar-en-la-tragedia\/#blogposting","name":"El Asturiano que ayud\u00f3 a rescatar a los heridos en Glasgow evita \u00abpensar en la tragedia\u00bb - El Digital de Asturias","headline":"El Asturiano que ayud\u00f3 a rescatar a los heridos en Glasgow evita \u00abpensar en la tragedia\u00bb","author":{"@id":"https:\/\/www.eldigitaldeasturias.com\/noticias\/author\/admin\/#author"},"publisher":{"@id":"https:\/\/www.eldigitaldeasturias.com\/noticias\/#organization"},"image":{"@type":"ImageObject","url":456617},"datePublished":"2013-12-01T21:50:58+01:00","dateModified":"2013-12-01T21:50:58+01:00","inLanguage":"es-ES","mainEntityOfPage":{"@id":"https:\/\/www.eldigitaldeasturias.com\/noticias\/el-asturiano-que-ayudo-a-rescatar-a-los-heridos-en-glasgow-evita-pensar-en-la-tragedia\/#webpage"},"isPartOf":{"@id":"https:\/\/www.eldigitaldeasturias.com\/noticias\/el-asturiano-que-ayudo-a-rescatar-a-los-heridos-en-glasgow-evita-pensar-en-la-tragedia\/#webpage"},"articleSection":"Actualidad Asturias"},{"@type":"BreadcrumbList","@id":"https:\/\/www.eldigitaldeasturias.com\/noticias\/el-asturiano-que-ayudo-a-rescatar-a-los-heridos-en-glasgow-evita-pensar-en-la-tragedia\/#breadcrumblist","itemListElement":[{"@type":"ListItem","@id":"https:\/\/www.eldigitaldeasturias.com\/noticias#listItem","position":1,"name":"Home","item":"https:\/\/www.eldigitaldeasturias.com\/noticias","nextItem":{"@type":"ListItem","@id":"https:\/\/www.eldigitaldeasturias.com\/noticias\/category\/actualidad-asturias\/#listItem","name":"Actualidad Asturias"}},{"@type":"ListItem","@id":"https:\/\/www.eldigitaldeasturias.com\/noticias\/category\/actualidad-asturias\/#listItem","position":2,"name":"Actualidad Asturias","item":"https:\/\/www.eldigitaldeasturias.com\/noticias\/category\/actualidad-asturias\/","nextItem":{"@type":"ListItem","@id":"https:\/\/www.eldigitaldeasturias.com\/noticias\/el-asturiano-que-ayudo-a-rescatar-a-los-heridos-en-glasgow-evita-pensar-en-la-tragedia\/#listItem","name":"El Asturiano que ayud\u00f3 a rescatar a los heridos en Glasgow evita \u00abpensar en la tragedia\u00bb"},"previousItem":{"@type":"ListItem","@id":"https:\/\/www.eldigitaldeasturias.com\/noticias#listItem","name":"Home"}},{"@type":"ListItem","@id":"https:\/\/www.eldigitaldeasturias.com\/noticias\/el-asturiano-que-ayudo-a-rescatar-a-los-heridos-en-glasgow-evita-pensar-en-la-tragedia\/#listItem","position":3,"name":"El Asturiano que ayud\u00f3 a rescatar a los heridos en Glasgow evita \u00abpensar en la tragedia\u00bb","previousItem":{"@type":"ListItem","@id":"https:\/\/www.eldigitaldeasturias.com\/noticias\/category\/actualidad-asturias\/#listItem","name":"Actualidad Asturias"}}]},{"@type":"Organization","@id":"https:\/\/www.eldigitaldeasturias.com\/noticias\/#organization","name":"El Digital de Asturias","description":"Hemeroteca","url":"https:\/\/www.eldigitaldeasturias.com\/noticias\/","email":"info@eldigitaldeasturias.com","telephone":"+34652131393","logo":{"@type":"ImageObject","url":"https:\/\/www.eldigitaldeasturias.com\/noticias\/wp-content\/uploads\/2020\/12\/EDA.jpg","@id":"https:\/\/www.eldigitaldeasturias.com\/noticias\/el-asturiano-que-ayudo-a-rescatar-a-los-heridos-en-glasgow-evita-pensar-en-la-tragedia\/#organizationLogo"},"image":{"@id":"https:\/\/www.eldigitaldeasturias.com\/noticias\/el-asturiano-que-ayudo-a-rescatar-a-los-heridos-en-glasgow-evita-pensar-en-la-tragedia\/#organizationLogo"},"sameAs":["https:\/\/facebook.com\/eldigitaldeasturias","https:\/\/www.youtube.com\/channel\/UCZP-2wLEB9Rv6erhFmqVnvg"],"address":{"@id":"https:\/\/www.eldigitaldeasturias.com\/noticias\/#postaladdress","@type":"PostalAddress","streetAddress":"san antonio 4","postalCode":"33430","addressLocality":"Cand\u00e1s","addressRegion":"Asturias","addressCountry":"ES"}},{"@type":"Person","@id":"https:\/\/www.eldigitaldeasturias.com\/noticias\/author\/admin\/#author","url":"https:\/\/www.eldigitaldeasturias.com\/noticias\/author\/admin\/","name":"El Digital de Asturias","image":{"@type":"ImageObject","@id":"https:\/\/www.eldigitaldeasturias.com\/noticias\/el-asturiano-que-ayudo-a-rescatar-a-los-heridos-en-glasgow-evita-pensar-en-la-tragedia\/#authorImage","url":"https:\/\/secure.gravatar.com\/avatar\/df2aeffc32bcd13f8d26072ef8a91b623d677766deac7f97ca815868cd41bf5e?s=96&d=mm&r=g","width":96,"height":96,"caption":"El Digital de Asturias"}},{"@type":"WebPage","@id":"https:\/\/www.eldigitaldeasturias.com\/noticias\/el-asturiano-que-ayudo-a-rescatar-a-los-heridos-en-glasgow-evita-pensar-en-la-tragedia\/#webpage","url":"https:\/\/www.eldigitaldeasturias.com\/noticias\/el-asturiano-que-ayudo-a-rescatar-a-los-heridos-en-glasgow-evita-pensar-en-la-tragedia\/","name":"El Asturiano que ayud\u00f3 a rescatar a los heridos en Glasgow evita \u00abpensar en la tragedia\u00bb - El Digital de Asturias","description":"Oviedo, 1 dic (EFE).- El espa\u00f1ol Manuel Cueto, que ayud\u00f3 a rescatar a dos de los heridos en el siniestro del pasado viernes en un pub de Glasgow en el que fallecieron ocho personas por la ca\u00edda de un helic\u00f3ptero, ha declarado hoy a Efe que intenta \"hacer deporte y mantener la mente ocupada\" para","inLanguage":"es-ES","isPartOf":{"@id":"https:\/\/www.eldigitaldeasturias.com\/noticias\/#website"},"breadcrumb":{"@id":"https:\/\/www.eldigitaldeasturias.com\/noticias\/el-asturiano-que-ayudo-a-rescatar-a-los-heridos-en-glasgow-evita-pensar-en-la-tragedia\/#breadcrumblist"},"author":{"@id":"https:\/\/www.eldigitaldeasturias.com\/noticias\/author\/admin\/#author"},"creator":{"@id":"https:\/\/www.eldigitaldeasturias.com\/noticias\/author\/admin\/#author"},"image":{"@type":"ImageObject","url":456617,"@id":"https:\/\/www.eldigitaldeasturias.com\/noticias\/el-asturiano-que-ayudo-a-rescatar-a-los-heridos-en-glasgow-evita-pensar-en-la-tragedia\/#mainImage"},"primaryImageOfPage":{"@id":"https:\/\/www.eldigitaldeasturias.com\/noticias\/el-asturiano-que-ayudo-a-rescatar-a-los-heridos-en-glasgow-evita-pensar-en-la-tragedia\/#mainImage"},"datePublished":"2013-12-01T21:50:58+01:00","dateModified":"2013-12-01T21:50:58+01:00"},{"@type":"WebSite","@id":"https:\/\/www.eldigitaldeasturias.com\/noticias\/#website","url":"https:\/\/www.eldigitaldeasturias.com\/noticias\/","name":"El Digital de Asturias - Diario de actualidad y noticias","alternateName":"El Digital de Asturias - Diario de actualidad y noticias","description":"Hemeroteca","inLanguage":"es-ES","publisher":{"@id":"https:\/\/www.eldigitaldeasturias.com\/noticias\/#organization"}}]},"og:locale":"es_ES","og:site_name":"El Digital de Asturias","og:type":"article","og:title":"El Asturiano que ayud\u00f3 a rescatar a los heridos en Glasgow evita \u00abpensar en la tragedia\u00bb - El Digital de Asturias","og:description":"Oviedo, 1 dic (EFE).- El espa\u00f1ol Manuel Cueto, que ayud\u00f3 a rescatar a dos de los heridos en el siniestro del pasado viernes en un pub de Glasgow en el que fallecieron ocho personas por la ca\u00edda de un helic\u00f3ptero, ha declarado hoy a Efe que intenta &quot;hacer deporte y mantener la mente ocupada&quot; para","og:url":"https:\/\/www.eldigitaldeasturias.com\/noticias\/el-asturiano-que-ayudo-a-rescatar-a-los-heridos-en-glasgow-evita-pensar-en-la-tragedia\/","article:tag":["actualidad asturias"],"article:published_time":"2013-12-01T22:50:58+00:00","article:modified_time":"2013-12-01T22:50:58+00:00","article:publisher":"https:\/\/facebook.com\/eldigitaldeasturias","twitter:card":"summary_large_image","twitter:title":"El Asturiano que ayud\u00f3 a rescatar a los heridos en Glasgow evita \u00abpensar en la tragedia\u00bb - El Digital de Asturias","twitter:description":"Oviedo, 1 dic (EFE).- El espa\u00f1ol Manuel Cueto, que ayud\u00f3 a rescatar a dos de los heridos en el siniestro del pasado viernes en un pub de Glasgow en el que fallecieron ocho personas por la ca\u00edda de un helic\u00f3ptero, ha declarado hoy a Efe que intenta &quot;hacer deporte y mantener la mente ocupada&quot; para","twitter:label1":"Escrito por","twitter:data1":"El Digital de Asturias","twitter:label2":"Tiempo de lectura estimado","twitter:data2":"3 minutos"},"aioseo_meta_data":{"post_id":"456616","title":null,"description":null,"keywords":null,"keyphrases":null,"primary_term":null,"canonical_url":null,"og_title":null,"og_description":null,"og_object_type":"default","og_image_type":"default","og_image_url":null,"og_image_width":null,"og_image_height":null,"og_image_custom_url":null,"og_image_custom_fields":null,"og_video":null,"og_custom_url":null,"og_article_section":null,"og_article_tags":null,"twitter_use_og":true,"twitter_card":"default","twitter_image_type":"default","twitter_image_url":null,"twitter_image_custom_url":null,"twitter_image_custom_fields":null,"twitter_title":null,"twitter_description":null,"schema":{"blockGraphs":[],"customGraphs":[],"default":{"data":{"Article":[],"Course":[],"Dataset":[],"FAQPage":[],"Movie":[],"Person":[],"Product":[],"ProductReview":[],"Car":[],"Recipe":[],"Service":[],"SoftwareApplication":[],"WebPage":[]},"graphName":"","isEnabled":true},"graphs":[],"defaultGraph":"","defaultPostTypeGraph":""},"schema_type":null,"schema_type_options":null,"pillar_content":false,"robots_default":true,"robots_noindex":false,"robots_noarchive":false,"robots_nosnippet":false,"robots_nofollow":false,"robots_noimageindex":false,"robots_noodp":false,"robots_notranslate":false,"robots_max_snippet":null,"robots_max_videopreview":null,"robots_max_imagepreview":"none","priority":null,"frequency":null,"local_seo":null,"seo_analyzer_scan_date":"2026-05-29 22:37:04","breadcrumb_settings":null,"limit_modified_date":false,"open_ai":null,"ai":null,"created":"2020-11-14 22:46:01","updated":"2026-05-29 22:37:04","focus_keyword":null,"additional_keywords":null,"truseo_locale":null},"aioseo_breadcrumb":"<div class=\"aioseo-breadcrumbs\"><span class=\"aioseo-breadcrumb\">\n\t<a href=\"https:\/\/www.eldigitaldeasturias.com\/noticias\" title=\"Home\">Home<\/a>\n<\/span><span class=\"aioseo-breadcrumb-separator\">\u2013<\/span><span class=\"aioseo-breadcrumb\">\n\t<a href=\"https:\/\/www.eldigitaldeasturias.com\/noticias\/category\/actualidad-asturias\/\" title=\"Actualidad Asturias\">Actualidad Asturias<\/a>\n<\/span><span class=\"aioseo-breadcrumb-separator\">\u2013<\/span><span class=\"aioseo-breadcrumb\">\n\t<a href=\"https:\/\/www.eldigitaldeasturias.com\/noticias\/el-asturiano-que-ayudo-a-rescatar-a-los-heridos-en-glasgow-evita-pensar-en-la-tragedia\/\" title=\"El Asturiano que ayud\u00f3 a rescatar a los heridos en Glasgow evita \u00abpensar en la tragedia\u00bb\">El Asturiano que ayud\u00f3 a rescatar a los heridos en Glasgow evita \u00abpensar en la tragedia\u00bb<\/a>\n<\/span><\/div>","aioseo_breadcrumb_json":[{"label":"Home","link":"https:\/\/www.eldigitaldeasturias.com\/noticias"},{"label":"Actualidad Asturias","link":"https:\/\/www.eldigitaldeasturias.com\/noticias\/category\/actualidad-asturias\/"},{"label":"El Asturiano que ayud\u00f3 a rescatar a los heridos en Glasgow evita \u00abpensar en la tragedia\u00bb","link":"https:\/\/www.eldigitaldeasturias.com\/noticias\/el-asturiano-que-ayudo-a-rescatar-a-los-heridos-en-glasgow-evita-pensar-en-la-tragedia\/"}],"_links":{"self":[{"href":"https:\/\/www.eldigitaldeasturias.com\/noticias\/wp-json\/wp\/v2\/posts\/456616","targetHints":{"allow":["GET"]}}],"collection":[{"href":"https:\/\/www.eldigitaldeasturias.com\/noticias\/wp-json\/wp\/v2\/posts"}],"about":[{"href":"https:\/\/www.eldigitaldeasturias.com\/noticias\/wp-json\/wp\/v2\/types\/post"}],"author":[{"embeddable":true,"href":"https:\/\/www.eldigitaldeasturias.com\/noticias\/wp-json\/wp\/v2\/users\/1"}],"replies":[{"embeddable":true,"href":"https:\/\/www.eldigitaldeasturias.com\/noticias\/wp-json\/wp\/v2\/comments?post=456616"}],"version-history":[{"count":0,"href":"https:\/\/www.eldigitaldeasturias.com\/noticias\/wp-json\/wp\/v2\/posts\/456616\/revisions"}],"wp:attachment":[{"href":"https:\/\/www.eldigitaldeasturias.com\/noticias\/wp-json\/wp\/v2\/media?parent=456616"}],"wp:term":[{"taxonomy":"category","embeddable":true,"href":"https:\/\/www.eldigitaldeasturias.com\/noticias\/wp-json\/wp\/v2\/categories?post=456616"},{"taxonomy":"post_tag","embeddable":true,"href":"https:\/\/www.eldigitaldeasturias.com\/noticias\/wp-json\/wp\/v2\/tags?post=456616"}],"curies":[{"name":"wp","href":"https:\/\/api.w.org\/{rel}","templated":true}]}}