{"id":456601,"date":"2013-12-01T21:40:25","date_gmt":"2013-12-01T22:40:25","guid":{"rendered":"http:\/\/www.eldigitaldeasturias.com\/noticias\/?p=456601"},"modified":"2013-12-01T21:40:25","modified_gmt":"2013-12-01T22:40:25","slug":"cara-a-cara-con-el-trastorno-mental","status":"publish","type":"post","link":"https:\/\/www.eldigitaldeasturias.com\/noticias\/cara-a-cara-con-el-trastorno-mental\/","title":{"rendered":"Cara a cara con el trastorno mental"},"content":{"rendered":"<p><img loading=\"lazy\" decoding=\"async\" class=\"alignleft size-medium wp-image-456602\" alt=\"5764790w\" src=\"https:\/\/www.eldigitaldeasturias.com\/noticias\/wp-content\/uploads\/2013\/12\/5764790w-360x239.jpg\" width=\"360\" height=\"239\" \/>Madrid, 1 dic (EFE).- \u00abQue me juzguen por lo que soy y no por la enfermedad que tengo\u00bb. Es lo que piden Guido, Mercedes, F\u00e9lix y Manuel, cuatro ejemplos de una vida marcada por la lucha contra el estigma y la exclusi\u00f3n social. Efe presenta las historias que hay detr\u00e1s de trastornos como la anhedonia o la psicosis esquizofr\u00e9nica.<\/p>\n<p>Manuel lleva 60 a\u00f1os conviviendo con la psicosis esquizofr\u00e9nica paranoide, una enfermedad mental que afecta a medio mill\u00f3n de personas en Espa\u00f1a y provoca delirios, alucinaciones o dificultad para percibir la realidad. \u00abDe acuerdo con el estigma, vivo en mi mundo extravagante desde los cinco a\u00f1os\u00bb, relata.<\/p>\n<p>Seg\u00fan la Estrategia en Salud Mental del Sistema Nacional de Salud, casi tres de cada cien adultos padecen un trastorno mental grave.<\/p>\n<p>La etiqueta de \u00abbicho raro\u00bb acompa\u00f1a a buena parte de los pacientes, y Mercedes lo sabe bien: \u00abLa gente es muy cruel y no tiene piedad. Se aparta, como si no hubiera sitio para ti\u00bb, lamenta esta mujer de 42 a\u00f1os, con una discapacidad del 52 % causada por depresi\u00f3n.<\/p>\n<p>\u00abMuchas veces los problemas no est\u00e1n tanto en los s\u00edntomas que presentan los enfermos, sino en las dificultades de participaci\u00f3n y reinserci\u00f3n social\u00bb, explica Jos\u00e9 Garc\u00eda, psiquiatra y asesor cient\u00edfico de la Confederaci\u00f3n Espa\u00f1ola de Agrupaciones de Familiares y Personas con Enfermedad Mental (FEAFES).<\/p>\n<p>Los amigos de F\u00e9lix dejaron de llamarle cuando olieron que algo iba mal. \u00abEmpec\u00e9 a huir del trabajo y de la gente. Quer\u00eda que me quitaran las obsesiones\u00bb, describe este hombre de 56 a\u00f1os.<\/p>\n<p>El \u00abruido de voces\u00bb y la eterna sospecha de que los dem\u00e1s estaban hablando de \u00e9l eran insoportables. \u00abEn un primer momento me dijeron que ten\u00eda una depresi\u00f3n profunda (&#8230;) pero un d\u00eda agred\u00ed a mi hija, cruc\u00e9 el l\u00edmite.\u00bb<\/p>\n<p>Y un nuevo diagn\u00f3stico lleg\u00f3. F\u00e9lix supo por fin que padec\u00eda un trastorno obsesivo-compulsivo. La denominada \u00abbrecha terap\u00e9utica\u00bb supone un obst\u00e1culo a\u00f1adido, tal y como argumenta el doctor Garc\u00eda: \u00abEl 30 % de los enfermos no recibe el tratamiento adecuado\u00bb y al menos la mitad no toma ning\u00fan tipo de medicaci\u00f3n.<\/p>\n<p>La dificultad para acceder a un empleo es uno de los motivos por los que Guido, de 34 a\u00f1os, no cuenta con experiencia laboral. Este joven padece anhedonia, tambi\u00e9n conocida como la incapacidad para sentir placer o satisfacci\u00f3n. \u00abEs como si te tomaras un caf\u00e9 sin az\u00facar\u00bb, explica.<\/p>\n<p>Apenas el 5 % de las personas con trastornos mentales tiene trabajo. \u00abCuando se enteran de que vas al psic\u00f3logo o psiquiatra te echan para atr\u00e1s, como si fueras una cosa que no sirve\u00bb, se queja Mercedes. Desempleada y con un marido en paro, los problemas econ\u00f3micos agravan su enfermedad.<\/p>\n<p>Seg\u00fan el doctor Garc\u00eda, la tensi\u00f3n que genera la crisis econ\u00f3mica \u00abagudiza los s\u00edntomas de la enfermedad\u00bb y potencia su evoluci\u00f3n negativa, al igual que lo hace el aislamiento o la marginaci\u00f3n.<\/p>\n<p>En la Asociaci\u00f3n de Salud y Alternativas de Vida de Legan\u00e9s (ASAV), un grupo de monitores y voluntarios trabaja cada tarde para que unos 120 usuarios participen en talleres de pintura, cine, baile, creaci\u00f3n literaria&#8230; \u00abSomos una gran familia\u00bb, asegura Mercedes con una sonrisa.<\/p>\n<p>\u00abAqu\u00ed no quiero una identidad de enfermo mental, sino de persona que quiere ser aceptada, disfrutar y conocer gente\u00bb, explica Ismael Anaya, pedagogo social y coordinador de actividades y voluntariado de ASAV.<\/p>\n<p>La \u00abescuela de padres\u00bb que ofrece la asociaci\u00f3n asiste a madres como Lola, quien admite que a veces necesita \u00abm\u00e1s ayuda\u00bb que su hijo -que padece esquizofrenia- para asumir y afrontar la enfermedad.<\/p>\n<p>Lola insiste en la importancia de que la familia permanezca unida: \u00abEn caso contrario, ellos se dan cuenta de lo que ocurre y lo pasan fatal\u00bb.<\/p>\n<p>En este sentido, Manuel est\u00e1 seguro de que no hay nada peor que \u00abver sufrir a las personas que uno quiere\u00bb, y lo dice quien ha pasado por dur\u00edsimos episodios como una violaci\u00f3n cuando era peque\u00f1o o el acoso de muchos vecinos del barrio a lo largo de toda su vida.<\/p>\n<p>\u00abSoy buena persona, nunca me he metido con nadie y siempre voy de buen rollo con todo el mundo. A\u00fan as\u00ed, me han depredado\u00bb. Manuel es muy cr\u00edtico con los prejuicios que tanto da\u00f1o le han hecho, aunque cree que son fruto de la \u00abignorancia\u00bb.<\/p>\n<p>\u00abSon agresivos, no se dan cuenta de la realidad&#8230;\u00bb La lista de ideas sin fundamento que a menudo difunden los medios de comunicaci\u00f3n no tiene fin. Seg\u00fan la OMS, el porcentaje de personas con esquizofrenia que han cometido alg\u00fan acto de violencia ni siquiera alcanza el 3 %.<\/p>\n<p>Guido tambi\u00e9n percibe c\u00f3mo la mayor\u00eda de la sociedad le rechaza debido a su trastorno. \u00abNunca tuve novia. Las chicas saben que padezco un problema grave y no quieren meterse en esas historias. Es m\u00e1s, una de ellas me contest\u00f3 que no sal\u00eda con mutantes\u00bb, recuerda con amargura.<\/p>\n<p>Lola censura con firmeza este tipo de expresiones: \u00abSi alguien padece c\u00e1ncer, no decimos \u00abese canceroso\u00bb. \u00bfPor qu\u00e9 a uno que tenga una enfermedad mental hay que darle m\u00e1s ca\u00f1a todav\u00eda con t\u00e9rminos despectivos?\u00bb<\/p>\n<p>\u00abMe gustar\u00eda ser una g\u00e1rgola. \u00bfQui\u00e9n no se sentir\u00eda bien siendo una de ellas? No tienen problemas, nadie se mete con ellas\u00bb, suspira Guido. A\u00fan as\u00ed, reconoce que desde que visita ASAV recibe un apoyo \u00abincre\u00edble\u00bb por parte de sus nuevos amigos y amigas.<\/p>\n<p>Marina Valero.<\/p>\n","protected":false},"excerpt":{"rendered":"<p>Madrid, 1 dic (EFE).- \u00abQue me juzguen por lo que soy y no por la enfermedad que tengo\u00bb. Es lo que piden Guido, Mercedes, F\u00e9lix y Manuel, cuatro ejemplos de una vida marcada por la lucha contra el estigma y la exclusi\u00f3n social. Efe presenta las historias que hay detr\u00e1s de trastornos como la anhedonia [&hellip;]<\/p>\n","protected":false},"author":1,"featured_media":456602,"comment_status":"closed","ping_status":"open","sticky":false,"template":"","format":"standard","meta":{"footnotes":""},"categories":[28],"tags":[],"class_list":["post-456601","post","type-post","status-publish","format-standard","has-post-thumbnail","hentry","category-sociedad"],"aioseo_notices":[],"aioseo_head":"\n\t\t<!-- All in One SEO Pro 5.0.1 - aioseo.com -->\n\t<meta name=\"description\" content=\"Madrid, 1 dic (EFE).- &quot;Que me juzguen por lo que soy y no por la enfermedad que tengo&quot;. Es lo que piden Guido, Mercedes, F\u00e9lix y Manuel, cuatro ejemplos de una vida marcada por la lucha contra el estigma y la exclusi\u00f3n social. Efe presenta las historias que hay detr\u00e1s de trastornos como la anhedonia\" \/>\n\t<meta name=\"robots\" content=\"max-image-preview:large\" \/>\n\t<meta name=\"author\" content=\"El Digital de Asturias\"\/>\n\t<meta name=\"google-site-verification\" content=\"UA-38556648-1\" \/>\n\t<meta name=\"msvalidate.01\" content=\"7dfe9f3f1b24437ab69f4f2559babe99\" \/>\n\t<meta name=\"keywords\" content=\"sociedad\" \/>\n\t<link rel=\"canonical\" href=\"https:\/\/www.eldigitaldeasturias.com\/noticias\/cara-a-cara-con-el-trastorno-mental\/\" \/>\n\t<meta name=\"generator\" content=\"All in One SEO Pro (AIOSEO) 5.0.1\" \/>\n\t\t<meta property=\"og:locale\" content=\"es_ES\" \/>\n\t\t<meta property=\"og:site_name\" content=\"El Digital de Asturias\" \/>\n\t\t<meta property=\"og:type\" content=\"article\" \/>\n\t\t<meta property=\"og:title\" content=\"Cara a cara con el trastorno mental - El Digital de Asturias\" \/>\n\t\t<meta property=\"og:description\" content=\"Madrid, 1 dic (EFE).- &quot;Que me juzguen por lo que soy y no por la enfermedad que tengo&quot;. Es lo que piden Guido, Mercedes, F\u00e9lix y Manuel, cuatro ejemplos de una vida marcada por la lucha contra el estigma y la exclusi\u00f3n social. Efe presenta las historias que hay detr\u00e1s de trastornos como la anhedonia\" \/>\n\t\t<meta property=\"og:url\" content=\"https:\/\/www.eldigitaldeasturias.com\/noticias\/cara-a-cara-con-el-trastorno-mental\/\" \/>\n\t\t<meta property=\"article:tag\" content=\"sociedad\" \/>\n\t\t<meta property=\"article:published_time\" content=\"2013-12-01T22:40:25+00:00\" \/>\n\t\t<meta property=\"article:modified_time\" content=\"2013-12-01T22:40:25+00:00\" \/>\n\t\t<meta property=\"article:publisher\" content=\"https:\/\/facebook.com\/eldigitaldeasturias\" \/>\n\t\t<meta name=\"twitter:card\" content=\"summary_large_image\" \/>\n\t\t<meta name=\"twitter:title\" content=\"Cara a cara con el trastorno mental - El Digital de Asturias\" \/>\n\t\t<meta name=\"twitter:description\" content=\"Madrid, 1 dic (EFE).- &quot;Que me juzguen por lo que soy y no por la enfermedad que tengo&quot;. Es lo que piden Guido, Mercedes, F\u00e9lix y Manuel, cuatro ejemplos de una vida marcada por la lucha contra el estigma y la exclusi\u00f3n social. Efe presenta las historias que hay detr\u00e1s de trastornos como la anhedonia\" \/>\n\t\t<meta name=\"twitter:label1\" content=\"Escrito por\" \/>\n\t\t<meta name=\"twitter:data1\" content=\"El Digital de Asturias\" \/>\n\t\t<meta name=\"twitter:label2\" content=\"Tiempo de lectura estimado\" \/>\n\t\t<meta name=\"twitter:data2\" content=\"5 minutos\" \/>\n\t\t<script type=\"application\/ld+json\" class=\"aioseo-schema\">\n\t\t\t{\"@context\":\"https:\\\/\\\/schema.org\",\"@graph\":[{\"@type\":\"BlogPosting\",\"@id\":\"https:\\\/\\\/www.eldigitaldeasturias.com\\\/noticias\\\/cara-a-cara-con-el-trastorno-mental\\\/#blogposting\",\"name\":\"Cara a cara con el trastorno mental - El Digital de Asturias\",\"headline\":\"Cara a cara con el trastorno mental\",\"author\":{\"@id\":\"https:\\\/\\\/www.eldigitaldeasturias.com\\\/noticias\\\/author\\\/admin\\\/#author\"},\"publisher\":{\"@id\":\"https:\\\/\\\/www.eldigitaldeasturias.com\\\/noticias\\\/#organization\"},\"image\":{\"@type\":\"ImageObject\",\"url\":456602},\"datePublished\":\"2013-12-01T21:40:25+01:00\",\"dateModified\":\"2013-12-01T21:40:25+01:00\",\"inLanguage\":\"es-ES\",\"mainEntityOfPage\":{\"@id\":\"https:\\\/\\\/www.eldigitaldeasturias.com\\\/noticias\\\/cara-a-cara-con-el-trastorno-mental\\\/#webpage\"},\"isPartOf\":{\"@id\":\"https:\\\/\\\/www.eldigitaldeasturias.com\\\/noticias\\\/cara-a-cara-con-el-trastorno-mental\\\/#webpage\"},\"articleSection\":\"Sociedad\"},{\"@type\":\"BreadcrumbList\",\"@id\":\"https:\\\/\\\/www.eldigitaldeasturias.com\\\/noticias\\\/cara-a-cara-con-el-trastorno-mental\\\/#breadcrumblist\",\"itemListElement\":[{\"@type\":\"ListItem\",\"@id\":\"https:\\\/\\\/www.eldigitaldeasturias.com\\\/noticias#listItem\",\"position\":1,\"name\":\"Home\",\"item\":\"https:\\\/\\\/www.eldigitaldeasturias.com\\\/noticias\",\"nextItem\":{\"@type\":\"ListItem\",\"@id\":\"https:\\\/\\\/www.eldigitaldeasturias.com\\\/noticias\\\/category\\\/sociedad\\\/#listItem\",\"name\":\"Sociedad\"}},{\"@type\":\"ListItem\",\"@id\":\"https:\\\/\\\/www.eldigitaldeasturias.com\\\/noticias\\\/category\\\/sociedad\\\/#listItem\",\"position\":2,\"name\":\"Sociedad\",\"item\":\"https:\\\/\\\/www.eldigitaldeasturias.com\\\/noticias\\\/category\\\/sociedad\\\/\",\"nextItem\":{\"@type\":\"ListItem\",\"@id\":\"https:\\\/\\\/www.eldigitaldeasturias.com\\\/noticias\\\/cara-a-cara-con-el-trastorno-mental\\\/#listItem\",\"name\":\"Cara a cara con el trastorno mental\"},\"previousItem\":{\"@type\":\"ListItem\",\"@id\":\"https:\\\/\\\/www.eldigitaldeasturias.com\\\/noticias#listItem\",\"name\":\"Home\"}},{\"@type\":\"ListItem\",\"@id\":\"https:\\\/\\\/www.eldigitaldeasturias.com\\\/noticias\\\/cara-a-cara-con-el-trastorno-mental\\\/#listItem\",\"position\":3,\"name\":\"Cara a cara con el trastorno mental\",\"previousItem\":{\"@type\":\"ListItem\",\"@id\":\"https:\\\/\\\/www.eldigitaldeasturias.com\\\/noticias\\\/category\\\/sociedad\\\/#listItem\",\"name\":\"Sociedad\"}}]},{\"@type\":\"Organization\",\"@id\":\"https:\\\/\\\/www.eldigitaldeasturias.com\\\/noticias\\\/#organization\",\"name\":\"El Digital de Asturias\",\"description\":\"Hemeroteca\",\"url\":\"https:\\\/\\\/www.eldigitaldeasturias.com\\\/noticias\\\/\",\"email\":\"info@eldigitaldeasturias.com\",\"telephone\":\"+34652131393\",\"logo\":{\"@type\":\"ImageObject\",\"url\":\"https:\\\/\\\/www.eldigitaldeasturias.com\\\/noticias\\\/wp-content\\\/uploads\\\/2020\\\/12\\\/EDA.jpg\",\"@id\":\"https:\\\/\\\/www.eldigitaldeasturias.com\\\/noticias\\\/cara-a-cara-con-el-trastorno-mental\\\/#organizationLogo\"},\"image\":{\"@id\":\"https:\\\/\\\/www.eldigitaldeasturias.com\\\/noticias\\\/cara-a-cara-con-el-trastorno-mental\\\/#organizationLogo\"},\"sameAs\":[\"https:\\\/\\\/facebook.com\\\/eldigitaldeasturias\",\"https:\\\/\\\/www.youtube.com\\\/channel\\\/UCZP-2wLEB9Rv6erhFmqVnvg\"],\"address\":{\"@id\":\"https:\\\/\\\/www.eldigitaldeasturias.com\\\/noticias\\\/#postaladdress\",\"@type\":\"PostalAddress\",\"streetAddress\":\"san antonio 4\",\"postalCode\":\"33430\",\"addressLocality\":\"Cand\\u00e1s\",\"addressRegion\":\"Asturias\",\"addressCountry\":\"ES\"}},{\"@type\":\"Person\",\"@id\":\"https:\\\/\\\/www.eldigitaldeasturias.com\\\/noticias\\\/author\\\/admin\\\/#author\",\"url\":\"https:\\\/\\\/www.eldigitaldeasturias.com\\\/noticias\\\/author\\\/admin\\\/\",\"name\":\"El Digital de Asturias\",\"image\":{\"@type\":\"ImageObject\",\"@id\":\"https:\\\/\\\/www.eldigitaldeasturias.com\\\/noticias\\\/cara-a-cara-con-el-trastorno-mental\\\/#authorImage\",\"url\":\"https:\\\/\\\/secure.gravatar.com\\\/avatar\\\/df2aeffc32bcd13f8d26072ef8a91b623d677766deac7f97ca815868cd41bf5e?s=96&d=mm&r=g\",\"width\":96,\"height\":96,\"caption\":\"El Digital de Asturias\"}},{\"@type\":\"WebPage\",\"@id\":\"https:\\\/\\\/www.eldigitaldeasturias.com\\\/noticias\\\/cara-a-cara-con-el-trastorno-mental\\\/#webpage\",\"url\":\"https:\\\/\\\/www.eldigitaldeasturias.com\\\/noticias\\\/cara-a-cara-con-el-trastorno-mental\\\/\",\"name\":\"Cara a cara con el trastorno mental - El Digital de Asturias\",\"description\":\"Madrid, 1 dic (EFE).- \\\"Que me juzguen por lo que soy y no por la enfermedad que tengo\\\". Es lo que piden Guido, Mercedes, F\\u00e9lix y Manuel, cuatro ejemplos de una vida marcada por la lucha contra el estigma y la exclusi\\u00f3n social. Efe presenta las historias que hay detr\\u00e1s de trastornos como la anhedonia\",\"inLanguage\":\"es-ES\",\"isPartOf\":{\"@id\":\"https:\\\/\\\/www.eldigitaldeasturias.com\\\/noticias\\\/#website\"},\"breadcrumb\":{\"@id\":\"https:\\\/\\\/www.eldigitaldeasturias.com\\\/noticias\\\/cara-a-cara-con-el-trastorno-mental\\\/#breadcrumblist\"},\"author\":{\"@id\":\"https:\\\/\\\/www.eldigitaldeasturias.com\\\/noticias\\\/author\\\/admin\\\/#author\"},\"creator\":{\"@id\":\"https:\\\/\\\/www.eldigitaldeasturias.com\\\/noticias\\\/author\\\/admin\\\/#author\"},\"image\":{\"@type\":\"ImageObject\",\"url\":456602,\"@id\":\"https:\\\/\\\/www.eldigitaldeasturias.com\\\/noticias\\\/cara-a-cara-con-el-trastorno-mental\\\/#mainImage\"},\"primaryImageOfPage\":{\"@id\":\"https:\\\/\\\/www.eldigitaldeasturias.com\\\/noticias\\\/cara-a-cara-con-el-trastorno-mental\\\/#mainImage\"},\"datePublished\":\"2013-12-01T21:40:25+01:00\",\"dateModified\":\"2013-12-01T21:40:25+01:00\"},{\"@type\":\"WebSite\",\"@id\":\"https:\\\/\\\/www.eldigitaldeasturias.com\\\/noticias\\\/#website\",\"url\":\"https:\\\/\\\/www.eldigitaldeasturias.com\\\/noticias\\\/\",\"name\":\"El Digital de Asturias - Diario de actualidad y noticias\",\"alternateName\":\"El Digital de Asturias - Diario de actualidad y noticias\",\"description\":\"Hemeroteca\",\"inLanguage\":\"es-ES\",\"publisher\":{\"@id\":\"https:\\\/\\\/www.eldigitaldeasturias.com\\\/noticias\\\/#organization\"}}]}\n\t\t<\/script>\n\t\t<!-- All in One SEO Pro -->\r\n\t\t<title>Cara a cara con el trastorno mental - El Digital de Asturias<\/title>\n\n","aioseo_head_json":{"title":"Cara a cara con el trastorno mental - El Digital de Asturias","description":"Madrid, 1 dic (EFE).- \"Que me juzguen por lo que soy y no por la enfermedad que tengo\". Es lo que piden Guido, Mercedes, F\u00e9lix y Manuel, cuatro ejemplos de una vida marcada por la lucha contra el estigma y la exclusi\u00f3n social. Efe presenta las historias que hay detr\u00e1s de trastornos como la anhedonia","canonical_url":"https:\/\/www.eldigitaldeasturias.com\/noticias\/cara-a-cara-con-el-trastorno-mental\/","robots":"max-image-preview:large","keywords":"sociedad","webmasterTools":{"google-site-verification":"UA-38556648-1","msvalidate.01":"7dfe9f3f1b24437ab69f4f2559babe99","miscellaneous":""},"schema":{"@context":"https:\/\/schema.org","@graph":[{"@type":"BlogPosting","@id":"https:\/\/www.eldigitaldeasturias.com\/noticias\/cara-a-cara-con-el-trastorno-mental\/#blogposting","name":"Cara a cara con el trastorno mental - El Digital de Asturias","headline":"Cara a cara con el trastorno mental","author":{"@id":"https:\/\/www.eldigitaldeasturias.com\/noticias\/author\/admin\/#author"},"publisher":{"@id":"https:\/\/www.eldigitaldeasturias.com\/noticias\/#organization"},"image":{"@type":"ImageObject","url":456602},"datePublished":"2013-12-01T21:40:25+01:00","dateModified":"2013-12-01T21:40:25+01:00","inLanguage":"es-ES","mainEntityOfPage":{"@id":"https:\/\/www.eldigitaldeasturias.com\/noticias\/cara-a-cara-con-el-trastorno-mental\/#webpage"},"isPartOf":{"@id":"https:\/\/www.eldigitaldeasturias.com\/noticias\/cara-a-cara-con-el-trastorno-mental\/#webpage"},"articleSection":"Sociedad"},{"@type":"BreadcrumbList","@id":"https:\/\/www.eldigitaldeasturias.com\/noticias\/cara-a-cara-con-el-trastorno-mental\/#breadcrumblist","itemListElement":[{"@type":"ListItem","@id":"https:\/\/www.eldigitaldeasturias.com\/noticias#listItem","position":1,"name":"Home","item":"https:\/\/www.eldigitaldeasturias.com\/noticias","nextItem":{"@type":"ListItem","@id":"https:\/\/www.eldigitaldeasturias.com\/noticias\/category\/sociedad\/#listItem","name":"Sociedad"}},{"@type":"ListItem","@id":"https:\/\/www.eldigitaldeasturias.com\/noticias\/category\/sociedad\/#listItem","position":2,"name":"Sociedad","item":"https:\/\/www.eldigitaldeasturias.com\/noticias\/category\/sociedad\/","nextItem":{"@type":"ListItem","@id":"https:\/\/www.eldigitaldeasturias.com\/noticias\/cara-a-cara-con-el-trastorno-mental\/#listItem","name":"Cara a cara con el trastorno mental"},"previousItem":{"@type":"ListItem","@id":"https:\/\/www.eldigitaldeasturias.com\/noticias#listItem","name":"Home"}},{"@type":"ListItem","@id":"https:\/\/www.eldigitaldeasturias.com\/noticias\/cara-a-cara-con-el-trastorno-mental\/#listItem","position":3,"name":"Cara a cara con el trastorno mental","previousItem":{"@type":"ListItem","@id":"https:\/\/www.eldigitaldeasturias.com\/noticias\/category\/sociedad\/#listItem","name":"Sociedad"}}]},{"@type":"Organization","@id":"https:\/\/www.eldigitaldeasturias.com\/noticias\/#organization","name":"El Digital de Asturias","description":"Hemeroteca","url":"https:\/\/www.eldigitaldeasturias.com\/noticias\/","email":"info@eldigitaldeasturias.com","telephone":"+34652131393","logo":{"@type":"ImageObject","url":"https:\/\/www.eldigitaldeasturias.com\/noticias\/wp-content\/uploads\/2020\/12\/EDA.jpg","@id":"https:\/\/www.eldigitaldeasturias.com\/noticias\/cara-a-cara-con-el-trastorno-mental\/#organizationLogo"},"image":{"@id":"https:\/\/www.eldigitaldeasturias.com\/noticias\/cara-a-cara-con-el-trastorno-mental\/#organizationLogo"},"sameAs":["https:\/\/facebook.com\/eldigitaldeasturias","https:\/\/www.youtube.com\/channel\/UCZP-2wLEB9Rv6erhFmqVnvg"],"address":{"@id":"https:\/\/www.eldigitaldeasturias.com\/noticias\/#postaladdress","@type":"PostalAddress","streetAddress":"san antonio 4","postalCode":"33430","addressLocality":"Cand\u00e1s","addressRegion":"Asturias","addressCountry":"ES"}},{"@type":"Person","@id":"https:\/\/www.eldigitaldeasturias.com\/noticias\/author\/admin\/#author","url":"https:\/\/www.eldigitaldeasturias.com\/noticias\/author\/admin\/","name":"El Digital de Asturias","image":{"@type":"ImageObject","@id":"https:\/\/www.eldigitaldeasturias.com\/noticias\/cara-a-cara-con-el-trastorno-mental\/#authorImage","url":"https:\/\/secure.gravatar.com\/avatar\/df2aeffc32bcd13f8d26072ef8a91b623d677766deac7f97ca815868cd41bf5e?s=96&d=mm&r=g","width":96,"height":96,"caption":"El Digital de Asturias"}},{"@type":"WebPage","@id":"https:\/\/www.eldigitaldeasturias.com\/noticias\/cara-a-cara-con-el-trastorno-mental\/#webpage","url":"https:\/\/www.eldigitaldeasturias.com\/noticias\/cara-a-cara-con-el-trastorno-mental\/","name":"Cara a cara con el trastorno mental - El Digital de Asturias","description":"Madrid, 1 dic (EFE).- \"Que me juzguen por lo que soy y no por la enfermedad que tengo\". Es lo que piden Guido, Mercedes, F\u00e9lix y Manuel, cuatro ejemplos de una vida marcada por la lucha contra el estigma y la exclusi\u00f3n social. Efe presenta las historias que hay detr\u00e1s de trastornos como la anhedonia","inLanguage":"es-ES","isPartOf":{"@id":"https:\/\/www.eldigitaldeasturias.com\/noticias\/#website"},"breadcrumb":{"@id":"https:\/\/www.eldigitaldeasturias.com\/noticias\/cara-a-cara-con-el-trastorno-mental\/#breadcrumblist"},"author":{"@id":"https:\/\/www.eldigitaldeasturias.com\/noticias\/author\/admin\/#author"},"creator":{"@id":"https:\/\/www.eldigitaldeasturias.com\/noticias\/author\/admin\/#author"},"image":{"@type":"ImageObject","url":456602,"@id":"https:\/\/www.eldigitaldeasturias.com\/noticias\/cara-a-cara-con-el-trastorno-mental\/#mainImage"},"primaryImageOfPage":{"@id":"https:\/\/www.eldigitaldeasturias.com\/noticias\/cara-a-cara-con-el-trastorno-mental\/#mainImage"},"datePublished":"2013-12-01T21:40:25+01:00","dateModified":"2013-12-01T21:40:25+01:00"},{"@type":"WebSite","@id":"https:\/\/www.eldigitaldeasturias.com\/noticias\/#website","url":"https:\/\/www.eldigitaldeasturias.com\/noticias\/","name":"El Digital de Asturias - Diario de actualidad y noticias","alternateName":"El Digital de Asturias - Diario de actualidad y noticias","description":"Hemeroteca","inLanguage":"es-ES","publisher":{"@id":"https:\/\/www.eldigitaldeasturias.com\/noticias\/#organization"}}]},"og:locale":"es_ES","og:site_name":"El Digital de Asturias","og:type":"article","og:title":"Cara a cara con el trastorno mental - El Digital de Asturias","og:description":"Madrid, 1 dic (EFE).- &quot;Que me juzguen por lo que soy y no por la enfermedad que tengo&quot;. Es lo que piden Guido, Mercedes, F\u00e9lix y Manuel, cuatro ejemplos de una vida marcada por la lucha contra el estigma y la exclusi\u00f3n social. Efe presenta las historias que hay detr\u00e1s de trastornos como la anhedonia","og:url":"https:\/\/www.eldigitaldeasturias.com\/noticias\/cara-a-cara-con-el-trastorno-mental\/","article:tag":["sociedad"],"article:published_time":"2013-12-01T22:40:25+00:00","article:modified_time":"2013-12-01T22:40:25+00:00","article:publisher":"https:\/\/facebook.com\/eldigitaldeasturias","twitter:card":"summary_large_image","twitter:title":"Cara a cara con el trastorno mental - El Digital de Asturias","twitter:description":"Madrid, 1 dic (EFE).- &quot;Que me juzguen por lo que soy y no por la enfermedad que tengo&quot;. Es lo que piden Guido, Mercedes, F\u00e9lix y Manuel, cuatro ejemplos de una vida marcada por la lucha contra el estigma y la exclusi\u00f3n social. Efe presenta las historias que hay detr\u00e1s de trastornos como la anhedonia","twitter:label1":"Escrito por","twitter:data1":"El Digital de Asturias","twitter:label2":"Tiempo de lectura estimado","twitter:data2":"5 minutos"},"aioseo_meta_data":{"post_id":"456601","title":null,"description":null,"keywords":null,"keyphrases":null,"primary_term":null,"canonical_url":null,"og_title":null,"og_description":null,"og_object_type":"default","og_image_type":"default","og_image_url":null,"og_image_width":null,"og_image_height":null,"og_image_custom_url":null,"og_image_custom_fields":null,"og_video":null,"og_custom_url":null,"og_article_section":null,"og_article_tags":null,"twitter_use_og":true,"twitter_card":"default","twitter_image_type":"default","twitter_image_url":null,"twitter_image_custom_url":null,"twitter_image_custom_fields":null,"twitter_title":null,"twitter_description":null,"schema":{"blockGraphs":[],"customGraphs":[],"default":{"data":{"Article":[],"Course":[],"Dataset":[],"FAQPage":[],"Movie":[],"Person":[],"Product":[],"ProductReview":[],"Car":[],"Recipe":[],"Service":[],"SoftwareApplication":[],"WebPage":[]},"graphName":"","isEnabled":true},"graphs":[],"defaultGraph":"","defaultPostTypeGraph":""},"schema_type":null,"schema_type_options":null,"pillar_content":false,"robots_default":true,"robots_noindex":false,"robots_noarchive":false,"robots_nosnippet":false,"robots_nofollow":false,"robots_noimageindex":false,"robots_noodp":false,"robots_notranslate":false,"robots_max_snippet":null,"robots_max_videopreview":null,"robots_max_imagepreview":"none","priority":null,"frequency":null,"local_seo":null,"seo_analyzer_scan_date":"2026-05-29 22:35:03","breadcrumb_settings":null,"limit_modified_date":false,"open_ai":null,"ai":null,"created":"2020-11-14 22:46:01","updated":"2026-05-29 22:35:03","focus_keyword":null,"additional_keywords":null,"truseo_locale":null},"aioseo_breadcrumb":"<div class=\"aioseo-breadcrumbs\"><span class=\"aioseo-breadcrumb\">\n\t<a href=\"https:\/\/www.eldigitaldeasturias.com\/noticias\" title=\"Home\">Home<\/a>\n<\/span><span class=\"aioseo-breadcrumb-separator\">\u2013<\/span><span class=\"aioseo-breadcrumb\">\n\t<a href=\"https:\/\/www.eldigitaldeasturias.com\/noticias\/category\/sociedad\/\" title=\"Sociedad\">Sociedad<\/a>\n<\/span><span class=\"aioseo-breadcrumb-separator\">\u2013<\/span><span class=\"aioseo-breadcrumb\">\n\t<a href=\"https:\/\/www.eldigitaldeasturias.com\/noticias\/cara-a-cara-con-el-trastorno-mental\/\" title=\"Cara a cara con el trastorno mental\">Cara a cara con el trastorno mental<\/a>\n<\/span><\/div>","aioseo_breadcrumb_json":[{"label":"Home","link":"https:\/\/www.eldigitaldeasturias.com\/noticias"},{"label":"Sociedad","link":"https:\/\/www.eldigitaldeasturias.com\/noticias\/category\/sociedad\/"},{"label":"Cara a cara con el trastorno mental","link":"https:\/\/www.eldigitaldeasturias.com\/noticias\/cara-a-cara-con-el-trastorno-mental\/"}],"_links":{"self":[{"href":"https:\/\/www.eldigitaldeasturias.com\/noticias\/wp-json\/wp\/v2\/posts\/456601","targetHints":{"allow":["GET"]}}],"collection":[{"href":"https:\/\/www.eldigitaldeasturias.com\/noticias\/wp-json\/wp\/v2\/posts"}],"about":[{"href":"https:\/\/www.eldigitaldeasturias.com\/noticias\/wp-json\/wp\/v2\/types\/post"}],"author":[{"embeddable":true,"href":"https:\/\/www.eldigitaldeasturias.com\/noticias\/wp-json\/wp\/v2\/users\/1"}],"replies":[{"embeddable":true,"href":"https:\/\/www.eldigitaldeasturias.com\/noticias\/wp-json\/wp\/v2\/comments?post=456601"}],"version-history":[{"count":0,"href":"https:\/\/www.eldigitaldeasturias.com\/noticias\/wp-json\/wp\/v2\/posts\/456601\/revisions"}],"wp:attachment":[{"href":"https:\/\/www.eldigitaldeasturias.com\/noticias\/wp-json\/wp\/v2\/media?parent=456601"}],"wp:term":[{"taxonomy":"category","embeddable":true,"href":"https:\/\/www.eldigitaldeasturias.com\/noticias\/wp-json\/wp\/v2\/categories?post=456601"},{"taxonomy":"post_tag","embeddable":true,"href":"https:\/\/www.eldigitaldeasturias.com\/noticias\/wp-json\/wp\/v2\/tags?post=456601"}],"curies":[{"name":"wp","href":"https:\/\/api.w.org\/{rel}","templated":true}]}}