{"id":456583,"date":"2013-12-01T21:18:04","date_gmt":"2013-12-01T22:18:04","guid":{"rendered":"http:\/\/www.eldigitaldeasturias.com\/noticias\/?p=456583"},"modified":"2013-12-01T21:18:04","modified_gmt":"2013-12-01T22:18:04","slug":"nava-cinco-personas-han-resultado-heridas-en-un-accidente-de-trafico-en-ceceda","status":"publish","type":"post","link":"https:\/\/www.eldigitaldeasturias.com\/noticias\/nava-cinco-personas-han-resultado-heridas-en-un-accidente-de-trafico-en-ceceda\/","title":{"rendered":"Nava : Cinco personas han resultado heridas en un accidente de tr\u00e1fico, en Ceceda."},"content":{"rendered":"<p><img loading=\"lazy\" decoding=\"async\" class=\"alignleft size-medium wp-image-242\" alt=\"SamuAsturias\" src=\"https:\/\/www.eldigitaldeasturias.com\/noticias\/wp-content\/uploads\/2013\/09\/SamuAsturias-360x269.jpg\" width=\"360\" height=\"269\" \/>Cinco personas, 2 varones y 3 mujeres, han resultado heridos en un accidente de tr\u00e1fico, en el que se han visto implicados 2 veh\u00edculos, en la Nacional 634, a la altura del PK 371, en Ceceda, en Nava. Seg\u00fan los datos facilitados por el Servicio de Atenci\u00f3n M\u00e9dica Urgente (SAMU) un var\u00f3n, cuya identidad se corresponde con las iniciales G.C.G. de 68 a\u00f1os, presentaba un politraumatismo y ha sido trasladado al HUCA por la UVI-M\u00f3vil de Arriondas, otro var\u00f3n, cuya identidad se corresponde con las iniciales, J.B.C.S. de 51 a\u00f1os, presentaba un trauma costal y en un pie y ha sido trasladado al HUCA por la ambulancia de soporte vital b\u00e1sico de Infiesto. El resto de las afectadas, tres mujeres cuyas identidades se corresponden con las iniciales J.M.N. de 64 a\u00f1os, C.E.V.F. de 69 a\u00f1os y A.P.M de 68 a\u00f1os, presentaban contusi\u00f3n costal y dolor cervical. Las tres han sido trasladadas por la ambulancia de Nava al HUCA.<\/p>\n<p>A expensas de m\u00e1s pruebas y hasta nueva valoraci\u00f3n m\u00e9dica sus pron\u00f3sticos son reservados.<\/p>\n<p>El Centro de Coordinaci\u00f3n de Emergencias recibi\u00f3 el aviso a las 17:17 horas. En la llamada se indicaba que se hab\u00eda producido un accidente entre dos coches y hab\u00eda una persona atrapada. Posteriormente se comprob\u00f3 que los atrapados eran dos personas, por lo que se moviliz\u00f3 a 6 efectivos de bomberos del Servicio de Emergencias del Principado (SEPA), con base en Pilo\u00f1a y en La Morgal, que se trasladaron con dos furgones multisocorro y una autobomba urbana ligera.<\/p>\n<p>Una vez en el lugar, los bomberos comprobaron que los conductores de los 2 turismos estaban atrapados y procedieron a su excarcelaci\u00f3n. Uno de autom\u00f3viles se encontraba contra el quitamiedos de la calzada y tras una ardua operaci\u00f3n para cortar la puerta del turismo, los bomberos accedieron hasta el conductor. Tras inmovilizarle con la tabla de rescate y el collar\u00edn, abatieron los asientos traseros y el del copiloto y sacaron al herido por la puerta trasera del veh\u00edculo. Pr\u00e1cticamente la misma operaci\u00f3n se llev\u00f3 a cabo con el conductor atrapado del segundo veh\u00edculo. Tras llegar hasta el herido se procedi\u00f3 a su inmovilizaci\u00f3n y se sac\u00f3 del coche por la puerta trasera. En ambos casos se trabaj\u00f3 con el equipo de servicios sanitarios trasladado hasta el lugar.<\/p>\n<p>Tras realizar tareas de limpieza de la v\u00eda, los efectivos de bomberos del SEPA dieron por finalizada la intervenci\u00f3n a su llegada a base, a las 19:04 horas, en el caso de La Morgal, y de las 19:43 horas en el caso de Pilo\u00f1a.<\/p>\n","protected":false},"excerpt":{"rendered":"<p>Cinco personas, 2 varones y 3 mujeres, han resultado heridos en un accidente de tr\u00e1fico, en el que se han visto implicados 2 veh\u00edculos, en la Nacional 634, a la altura del PK 371, en Ceceda, en Nava. Seg\u00fan los datos facilitados por el Servicio de Atenci\u00f3n M\u00e9dica Urgente (SAMU) un var\u00f3n, cuya identidad se [&hellip;]<\/p>\n","protected":false},"author":1,"featured_media":1132184,"comment_status":"closed","ping_status":"open","sticky":false,"template":"","format":"standard","meta":{"footnotes":""},"categories":[12],"tags":[],"class_list":["post-456583","post","type-post","status-publish","format-standard","has-post-thumbnail","hentry","category-actualidad-asturias"],"aioseo_notices":[],"aioseo_head":"\n\t\t<!-- All in One SEO Pro 5.0.1 - aioseo.com -->\n\t<meta name=\"description\" content=\"Cinco personas, 2 varones y 3 mujeres, han resultado heridos en un accidente de tr\u00e1fico, en el que se han visto implicados 2 veh\u00edculos, en la Nacional 634, a la altura del PK 371, en Ceceda, en Nava. Seg\u00fan los datos facilitados por el Servicio de Atenci\u00f3n M\u00e9dica Urgente (SAMU) un var\u00f3n, cuya identidad se\" \/>\n\t<meta name=\"robots\" content=\"max-image-preview:large\" \/>\n\t<meta name=\"author\" content=\"El Digital de Asturias\"\/>\n\t<meta name=\"google-site-verification\" content=\"UA-38556648-1\" \/>\n\t<meta name=\"msvalidate.01\" content=\"7dfe9f3f1b24437ab69f4f2559babe99\" \/>\n\t<meta name=\"keywords\" content=\"actualidad asturias\" \/>\n\t<link rel=\"canonical\" href=\"https:\/\/www.eldigitaldeasturias.com\/noticias\/nava-cinco-personas-han-resultado-heridas-en-un-accidente-de-trafico-en-ceceda\/\" \/>\n\t<meta name=\"generator\" content=\"All in One SEO Pro (AIOSEO) 5.0.1\" \/>\n\t\t<meta property=\"og:locale\" content=\"es_ES\" \/>\n\t\t<meta property=\"og:site_name\" content=\"El Digital de Asturias\" \/>\n\t\t<meta property=\"og:type\" content=\"article\" \/>\n\t\t<meta property=\"og:title\" content=\"Nava : Cinco personas han resultado heridas en un accidente de tr\u00e1fico, en Ceceda. - El Digital de Asturias\" \/>\n\t\t<meta property=\"og:description\" content=\"Cinco personas, 2 varones y 3 mujeres, han resultado heridos en un accidente de tr\u00e1fico, en el que se han visto implicados 2 veh\u00edculos, en la Nacional 634, a la altura del PK 371, en Ceceda, en Nava. Seg\u00fan los datos facilitados por el Servicio de Atenci\u00f3n M\u00e9dica Urgente (SAMU) un var\u00f3n, cuya identidad se\" \/>\n\t\t<meta property=\"og:url\" content=\"https:\/\/www.eldigitaldeasturias.com\/noticias\/nava-cinco-personas-han-resultado-heridas-en-un-accidente-de-trafico-en-ceceda\/\" \/>\n\t\t<meta property=\"og:image\" content=\"https:\/\/www.eldigitaldeasturias.com\/noticias\/wp-content\/uploads\/2026\/06\/Contenidos.jpg\" \/>\n\t\t<meta property=\"og:image:secure_url\" content=\"https:\/\/www.eldigitaldeasturias.com\/noticias\/wp-content\/uploads\/2026\/06\/Contenidos.jpg\" \/>\n\t\t<meta property=\"og:image:width\" content=\"1265\" \/>\n\t\t<meta property=\"og:image:height\" content=\"697\" \/>\n\t\t<meta property=\"article:tag\" content=\"actualidad asturias\" \/>\n\t\t<meta property=\"article:published_time\" content=\"2013-12-01T22:18:04+00:00\" \/>\n\t\t<meta property=\"article:modified_time\" content=\"2013-12-01T22:18:04+00:00\" \/>\n\t\t<meta property=\"article:publisher\" content=\"https:\/\/facebook.com\/eldigitaldeasturias\" \/>\n\t\t<meta name=\"twitter:card\" content=\"summary_large_image\" \/>\n\t\t<meta name=\"twitter:title\" content=\"Nava : Cinco personas han resultado heridas en un accidente de tr\u00e1fico, en Ceceda. - El Digital de Asturias\" \/>\n\t\t<meta name=\"twitter:description\" content=\"Cinco personas, 2 varones y 3 mujeres, han resultado heridos en un accidente de tr\u00e1fico, en el que se han visto implicados 2 veh\u00edculos, en la Nacional 634, a la altura del PK 371, en Ceceda, en Nava. Seg\u00fan los datos facilitados por el Servicio de Atenci\u00f3n M\u00e9dica Urgente (SAMU) un var\u00f3n, cuya identidad se\" \/>\n\t\t<meta name=\"twitter:image\" content=\"https:\/\/www.eldigitaldeasturias.com\/noticias\/wp-content\/uploads\/2026\/06\/Contenidos.jpg\" \/>\n\t\t<meta name=\"twitter:label1\" content=\"Escrito por\" \/>\n\t\t<meta name=\"twitter:data1\" content=\"El Digital de Asturias\" \/>\n\t\t<meta name=\"twitter:label2\" content=\"Tiempo de lectura estimado\" \/>\n\t\t<meta name=\"twitter:data2\" content=\"2 minutos\" \/>\n\t\t<script type=\"application\/ld+json\" class=\"aioseo-schema\">\n\t\t\t{\"@context\":\"https:\\\/\\\/schema.org\",\"@graph\":[{\"@type\":\"BlogPosting\",\"@id\":\"https:\\\/\\\/www.eldigitaldeasturias.com\\\/noticias\\\/nava-cinco-personas-han-resultado-heridas-en-un-accidente-de-trafico-en-ceceda\\\/#blogposting\",\"name\":\"Nava : Cinco personas han resultado heridas en un accidente de tr\\u00e1fico, en Ceceda. - El Digital de Asturias\",\"headline\":\"Nava : Cinco personas han resultado heridas en un accidente de tr\\u00e1fico, en Ceceda.\",\"author\":{\"@id\":\"https:\\\/\\\/www.eldigitaldeasturias.com\\\/noticias\\\/author\\\/admin\\\/#author\"},\"publisher\":{\"@id\":\"https:\\\/\\\/www.eldigitaldeasturias.com\\\/noticias\\\/#organization\"},\"image\":{\"@type\":\"ImageObject\",\"url\":\"https:\\\/\\\/www.eldigitaldeasturias.com\\\/noticias\\\/wp-content\\\/uploads\\\/2026\\\/06\\\/Contenidos.jpg\",\"width\":1265,\"height\":697,\"caption\":\"Contenidos\"},\"datePublished\":\"2013-12-01T21:18:04+01:00\",\"dateModified\":\"2013-12-01T21:18:04+01:00\",\"inLanguage\":\"es-ES\",\"mainEntityOfPage\":{\"@id\":\"https:\\\/\\\/www.eldigitaldeasturias.com\\\/noticias\\\/nava-cinco-personas-han-resultado-heridas-en-un-accidente-de-trafico-en-ceceda\\\/#webpage\"},\"isPartOf\":{\"@id\":\"https:\\\/\\\/www.eldigitaldeasturias.com\\\/noticias\\\/nava-cinco-personas-han-resultado-heridas-en-un-accidente-de-trafico-en-ceceda\\\/#webpage\"},\"articleSection\":\"Actualidad Asturias\"},{\"@type\":\"BreadcrumbList\",\"@id\":\"https:\\\/\\\/www.eldigitaldeasturias.com\\\/noticias\\\/nava-cinco-personas-han-resultado-heridas-en-un-accidente-de-trafico-en-ceceda\\\/#breadcrumblist\",\"itemListElement\":[{\"@type\":\"ListItem\",\"@id\":\"https:\\\/\\\/www.eldigitaldeasturias.com\\\/noticias#listItem\",\"position\":1,\"name\":\"Home\",\"item\":\"https:\\\/\\\/www.eldigitaldeasturias.com\\\/noticias\",\"nextItem\":{\"@type\":\"ListItem\",\"@id\":\"https:\\\/\\\/www.eldigitaldeasturias.com\\\/noticias\\\/category\\\/actualidad-asturias\\\/#listItem\",\"name\":\"Actualidad Asturias\"}},{\"@type\":\"ListItem\",\"@id\":\"https:\\\/\\\/www.eldigitaldeasturias.com\\\/noticias\\\/category\\\/actualidad-asturias\\\/#listItem\",\"position\":2,\"name\":\"Actualidad Asturias\",\"item\":\"https:\\\/\\\/www.eldigitaldeasturias.com\\\/noticias\\\/category\\\/actualidad-asturias\\\/\",\"nextItem\":{\"@type\":\"ListItem\",\"@id\":\"https:\\\/\\\/www.eldigitaldeasturias.com\\\/noticias\\\/nava-cinco-personas-han-resultado-heridas-en-un-accidente-de-trafico-en-ceceda\\\/#listItem\",\"name\":\"Nava : Cinco personas han resultado heridas en un accidente de tr\\u00e1fico, en Ceceda.\"},\"previousItem\":{\"@type\":\"ListItem\",\"@id\":\"https:\\\/\\\/www.eldigitaldeasturias.com\\\/noticias#listItem\",\"name\":\"Home\"}},{\"@type\":\"ListItem\",\"@id\":\"https:\\\/\\\/www.eldigitaldeasturias.com\\\/noticias\\\/nava-cinco-personas-han-resultado-heridas-en-un-accidente-de-trafico-en-ceceda\\\/#listItem\",\"position\":3,\"name\":\"Nava : Cinco personas han resultado heridas en un accidente de tr\\u00e1fico, en Ceceda.\",\"previousItem\":{\"@type\":\"ListItem\",\"@id\":\"https:\\\/\\\/www.eldigitaldeasturias.com\\\/noticias\\\/category\\\/actualidad-asturias\\\/#listItem\",\"name\":\"Actualidad Asturias\"}}]},{\"@type\":\"Organization\",\"@id\":\"https:\\\/\\\/www.eldigitaldeasturias.com\\\/noticias\\\/#organization\",\"name\":\"El Digital de Asturias\",\"description\":\"Hemeroteca\",\"url\":\"https:\\\/\\\/www.eldigitaldeasturias.com\\\/noticias\\\/\",\"email\":\"info@eldigitaldeasturias.com\",\"telephone\":\"+34652131393\",\"logo\":{\"@type\":\"ImageObject\",\"url\":\"https:\\\/\\\/www.eldigitaldeasturias.com\\\/noticias\\\/wp-content\\\/uploads\\\/2020\\\/12\\\/EDA.jpg\",\"@id\":\"https:\\\/\\\/www.eldigitaldeasturias.com\\\/noticias\\\/nava-cinco-personas-han-resultado-heridas-en-un-accidente-de-trafico-en-ceceda\\\/#organizationLogo\"},\"image\":{\"@id\":\"https:\\\/\\\/www.eldigitaldeasturias.com\\\/noticias\\\/nava-cinco-personas-han-resultado-heridas-en-un-accidente-de-trafico-en-ceceda\\\/#organizationLogo\"},\"sameAs\":[\"https:\\\/\\\/facebook.com\\\/eldigitaldeasturias\",\"https:\\\/\\\/www.youtube.com\\\/channel\\\/UCZP-2wLEB9Rv6erhFmqVnvg\"],\"address\":{\"@id\":\"https:\\\/\\\/www.eldigitaldeasturias.com\\\/noticias\\\/#postaladdress\",\"@type\":\"PostalAddress\",\"streetAddress\":\"san antonio 4\",\"postalCode\":\"33430\",\"addressLocality\":\"Cand\\u00e1s\",\"addressRegion\":\"Asturias\",\"addressCountry\":\"ES\"}},{\"@type\":\"Person\",\"@id\":\"https:\\\/\\\/www.eldigitaldeasturias.com\\\/noticias\\\/author\\\/admin\\\/#author\",\"url\":\"https:\\\/\\\/www.eldigitaldeasturias.com\\\/noticias\\\/author\\\/admin\\\/\",\"name\":\"El Digital de Asturias\",\"image\":{\"@type\":\"ImageObject\",\"@id\":\"https:\\\/\\\/www.eldigitaldeasturias.com\\\/noticias\\\/nava-cinco-personas-han-resultado-heridas-en-un-accidente-de-trafico-en-ceceda\\\/#authorImage\",\"url\":\"https:\\\/\\\/secure.gravatar.com\\\/avatar\\\/df2aeffc32bcd13f8d26072ef8a91b623d677766deac7f97ca815868cd41bf5e?s=96&d=mm&r=g\",\"width\":96,\"height\":96,\"caption\":\"El Digital de Asturias\"}},{\"@type\":\"WebPage\",\"@id\":\"https:\\\/\\\/www.eldigitaldeasturias.com\\\/noticias\\\/nava-cinco-personas-han-resultado-heridas-en-un-accidente-de-trafico-en-ceceda\\\/#webpage\",\"url\":\"https:\\\/\\\/www.eldigitaldeasturias.com\\\/noticias\\\/nava-cinco-personas-han-resultado-heridas-en-un-accidente-de-trafico-en-ceceda\\\/\",\"name\":\"Nava : Cinco personas han resultado heridas en un accidente de tr\\u00e1fico, en Ceceda. - El Digital de Asturias\",\"description\":\"Cinco personas, 2 varones y 3 mujeres, han resultado heridos en un accidente de tr\\u00e1fico, en el que se han visto implicados 2 veh\\u00edculos, en la Nacional 634, a la altura del PK 371, en Ceceda, en Nava. Seg\\u00fan los datos facilitados por el Servicio de Atenci\\u00f3n M\\u00e9dica Urgente (SAMU) un var\\u00f3n, cuya identidad se\",\"inLanguage\":\"es-ES\",\"isPartOf\":{\"@id\":\"https:\\\/\\\/www.eldigitaldeasturias.com\\\/noticias\\\/#website\"},\"breadcrumb\":{\"@id\":\"https:\\\/\\\/www.eldigitaldeasturias.com\\\/noticias\\\/nava-cinco-personas-han-resultado-heridas-en-un-accidente-de-trafico-en-ceceda\\\/#breadcrumblist\"},\"author\":{\"@id\":\"https:\\\/\\\/www.eldigitaldeasturias.com\\\/noticias\\\/author\\\/admin\\\/#author\"},\"creator\":{\"@id\":\"https:\\\/\\\/www.eldigitaldeasturias.com\\\/noticias\\\/author\\\/admin\\\/#author\"},\"image\":{\"@type\":\"ImageObject\",\"url\":\"https:\\\/\\\/www.eldigitaldeasturias.com\\\/noticias\\\/wp-content\\\/uploads\\\/2026\\\/06\\\/Contenidos.jpg\",\"@id\":\"https:\\\/\\\/www.eldigitaldeasturias.com\\\/noticias\\\/nava-cinco-personas-han-resultado-heridas-en-un-accidente-de-trafico-en-ceceda\\\/#mainImage\",\"width\":1265,\"height\":697,\"caption\":\"Contenidos\"},\"primaryImageOfPage\":{\"@id\":\"https:\\\/\\\/www.eldigitaldeasturias.com\\\/noticias\\\/nava-cinco-personas-han-resultado-heridas-en-un-accidente-de-trafico-en-ceceda\\\/#mainImage\"},\"datePublished\":\"2013-12-01T21:18:04+01:00\",\"dateModified\":\"2013-12-01T21:18:04+01:00\"},{\"@type\":\"WebSite\",\"@id\":\"https:\\\/\\\/www.eldigitaldeasturias.com\\\/noticias\\\/#website\",\"url\":\"https:\\\/\\\/www.eldigitaldeasturias.com\\\/noticias\\\/\",\"name\":\"El Digital de Asturias - Diario de actualidad y noticias\",\"alternateName\":\"El Digital de Asturias - Diario de actualidad y noticias\",\"description\":\"Hemeroteca\",\"inLanguage\":\"es-ES\",\"publisher\":{\"@id\":\"https:\\\/\\\/www.eldigitaldeasturias.com\\\/noticias\\\/#organization\"}}]}\n\t\t<\/script>\n\t\t<!-- All in One SEO Pro -->\r\n\t\t<title>Nava : Cinco personas han resultado heridas en un accidente de tr\u00e1fico, en Ceceda. - El Digital de Asturias<\/title>\n\n","aioseo_head_json":{"title":"Nava : Cinco personas han resultado heridas en un accidente de tr\u00e1fico, en Ceceda. - El Digital de Asturias","description":"Cinco personas, 2 varones y 3 mujeres, han resultado heridos en un accidente de tr\u00e1fico, en el que se han visto implicados 2 veh\u00edculos, en la Nacional 634, a la altura del PK 371, en Ceceda, en Nava. Seg\u00fan los datos facilitados por el Servicio de Atenci\u00f3n M\u00e9dica Urgente (SAMU) un var\u00f3n, cuya identidad se","canonical_url":"https:\/\/www.eldigitaldeasturias.com\/noticias\/nava-cinco-personas-han-resultado-heridas-en-un-accidente-de-trafico-en-ceceda\/","robots":"max-image-preview:large","keywords":"actualidad asturias","webmasterTools":{"google-site-verification":"UA-38556648-1","msvalidate.01":"7dfe9f3f1b24437ab69f4f2559babe99","miscellaneous":""},"schema":{"@context":"https:\/\/schema.org","@graph":[{"@type":"BlogPosting","@id":"https:\/\/www.eldigitaldeasturias.com\/noticias\/nava-cinco-personas-han-resultado-heridas-en-un-accidente-de-trafico-en-ceceda\/#blogposting","name":"Nava : Cinco personas han resultado heridas en un accidente de tr\u00e1fico, en Ceceda. - El Digital de Asturias","headline":"Nava : Cinco personas han resultado heridas en un accidente de tr\u00e1fico, en Ceceda.","author":{"@id":"https:\/\/www.eldigitaldeasturias.com\/noticias\/author\/admin\/#author"},"publisher":{"@id":"https:\/\/www.eldigitaldeasturias.com\/noticias\/#organization"},"image":{"@type":"ImageObject","url":"https:\/\/www.eldigitaldeasturias.com\/noticias\/wp-content\/uploads\/2026\/06\/Contenidos.jpg","width":1265,"height":697,"caption":"Contenidos"},"datePublished":"2013-12-01T21:18:04+01:00","dateModified":"2013-12-01T21:18:04+01:00","inLanguage":"es-ES","mainEntityOfPage":{"@id":"https:\/\/www.eldigitaldeasturias.com\/noticias\/nava-cinco-personas-han-resultado-heridas-en-un-accidente-de-trafico-en-ceceda\/#webpage"},"isPartOf":{"@id":"https:\/\/www.eldigitaldeasturias.com\/noticias\/nava-cinco-personas-han-resultado-heridas-en-un-accidente-de-trafico-en-ceceda\/#webpage"},"articleSection":"Actualidad Asturias"},{"@type":"BreadcrumbList","@id":"https:\/\/www.eldigitaldeasturias.com\/noticias\/nava-cinco-personas-han-resultado-heridas-en-un-accidente-de-trafico-en-ceceda\/#breadcrumblist","itemListElement":[{"@type":"ListItem","@id":"https:\/\/www.eldigitaldeasturias.com\/noticias#listItem","position":1,"name":"Home","item":"https:\/\/www.eldigitaldeasturias.com\/noticias","nextItem":{"@type":"ListItem","@id":"https:\/\/www.eldigitaldeasturias.com\/noticias\/category\/actualidad-asturias\/#listItem","name":"Actualidad Asturias"}},{"@type":"ListItem","@id":"https:\/\/www.eldigitaldeasturias.com\/noticias\/category\/actualidad-asturias\/#listItem","position":2,"name":"Actualidad Asturias","item":"https:\/\/www.eldigitaldeasturias.com\/noticias\/category\/actualidad-asturias\/","nextItem":{"@type":"ListItem","@id":"https:\/\/www.eldigitaldeasturias.com\/noticias\/nava-cinco-personas-han-resultado-heridas-en-un-accidente-de-trafico-en-ceceda\/#listItem","name":"Nava : Cinco personas han resultado heridas en un accidente de tr\u00e1fico, en Ceceda."},"previousItem":{"@type":"ListItem","@id":"https:\/\/www.eldigitaldeasturias.com\/noticias#listItem","name":"Home"}},{"@type":"ListItem","@id":"https:\/\/www.eldigitaldeasturias.com\/noticias\/nava-cinco-personas-han-resultado-heridas-en-un-accidente-de-trafico-en-ceceda\/#listItem","position":3,"name":"Nava : Cinco personas han resultado heridas en un accidente de tr\u00e1fico, en Ceceda.","previousItem":{"@type":"ListItem","@id":"https:\/\/www.eldigitaldeasturias.com\/noticias\/category\/actualidad-asturias\/#listItem","name":"Actualidad Asturias"}}]},{"@type":"Organization","@id":"https:\/\/www.eldigitaldeasturias.com\/noticias\/#organization","name":"El Digital de Asturias","description":"Hemeroteca","url":"https:\/\/www.eldigitaldeasturias.com\/noticias\/","email":"info@eldigitaldeasturias.com","telephone":"+34652131393","logo":{"@type":"ImageObject","url":"https:\/\/www.eldigitaldeasturias.com\/noticias\/wp-content\/uploads\/2020\/12\/EDA.jpg","@id":"https:\/\/www.eldigitaldeasturias.com\/noticias\/nava-cinco-personas-han-resultado-heridas-en-un-accidente-de-trafico-en-ceceda\/#organizationLogo"},"image":{"@id":"https:\/\/www.eldigitaldeasturias.com\/noticias\/nava-cinco-personas-han-resultado-heridas-en-un-accidente-de-trafico-en-ceceda\/#organizationLogo"},"sameAs":["https:\/\/facebook.com\/eldigitaldeasturias","https:\/\/www.youtube.com\/channel\/UCZP-2wLEB9Rv6erhFmqVnvg"],"address":{"@id":"https:\/\/www.eldigitaldeasturias.com\/noticias\/#postaladdress","@type":"PostalAddress","streetAddress":"san antonio 4","postalCode":"33430","addressLocality":"Cand\u00e1s","addressRegion":"Asturias","addressCountry":"ES"}},{"@type":"Person","@id":"https:\/\/www.eldigitaldeasturias.com\/noticias\/author\/admin\/#author","url":"https:\/\/www.eldigitaldeasturias.com\/noticias\/author\/admin\/","name":"El Digital de Asturias","image":{"@type":"ImageObject","@id":"https:\/\/www.eldigitaldeasturias.com\/noticias\/nava-cinco-personas-han-resultado-heridas-en-un-accidente-de-trafico-en-ceceda\/#authorImage","url":"https:\/\/secure.gravatar.com\/avatar\/df2aeffc32bcd13f8d26072ef8a91b623d677766deac7f97ca815868cd41bf5e?s=96&d=mm&r=g","width":96,"height":96,"caption":"El Digital de Asturias"}},{"@type":"WebPage","@id":"https:\/\/www.eldigitaldeasturias.com\/noticias\/nava-cinco-personas-han-resultado-heridas-en-un-accidente-de-trafico-en-ceceda\/#webpage","url":"https:\/\/www.eldigitaldeasturias.com\/noticias\/nava-cinco-personas-han-resultado-heridas-en-un-accidente-de-trafico-en-ceceda\/","name":"Nava : Cinco personas han resultado heridas en un accidente de tr\u00e1fico, en Ceceda. - El Digital de Asturias","description":"Cinco personas, 2 varones y 3 mujeres, han resultado heridos en un accidente de tr\u00e1fico, en el que se han visto implicados 2 veh\u00edculos, en la Nacional 634, a la altura del PK 371, en Ceceda, en Nava. Seg\u00fan los datos facilitados por el Servicio de Atenci\u00f3n M\u00e9dica Urgente (SAMU) un var\u00f3n, cuya identidad se","inLanguage":"es-ES","isPartOf":{"@id":"https:\/\/www.eldigitaldeasturias.com\/noticias\/#website"},"breadcrumb":{"@id":"https:\/\/www.eldigitaldeasturias.com\/noticias\/nava-cinco-personas-han-resultado-heridas-en-un-accidente-de-trafico-en-ceceda\/#breadcrumblist"},"author":{"@id":"https:\/\/www.eldigitaldeasturias.com\/noticias\/author\/admin\/#author"},"creator":{"@id":"https:\/\/www.eldigitaldeasturias.com\/noticias\/author\/admin\/#author"},"image":{"@type":"ImageObject","url":"https:\/\/www.eldigitaldeasturias.com\/noticias\/wp-content\/uploads\/2026\/06\/Contenidos.jpg","@id":"https:\/\/www.eldigitaldeasturias.com\/noticias\/nava-cinco-personas-han-resultado-heridas-en-un-accidente-de-trafico-en-ceceda\/#mainImage","width":1265,"height":697,"caption":"Contenidos"},"primaryImageOfPage":{"@id":"https:\/\/www.eldigitaldeasturias.com\/noticias\/nava-cinco-personas-han-resultado-heridas-en-un-accidente-de-trafico-en-ceceda\/#mainImage"},"datePublished":"2013-12-01T21:18:04+01:00","dateModified":"2013-12-01T21:18:04+01:00"},{"@type":"WebSite","@id":"https:\/\/www.eldigitaldeasturias.com\/noticias\/#website","url":"https:\/\/www.eldigitaldeasturias.com\/noticias\/","name":"El Digital de Asturias - Diario de actualidad y noticias","alternateName":"El Digital de Asturias - Diario de actualidad y noticias","description":"Hemeroteca","inLanguage":"es-ES","publisher":{"@id":"https:\/\/www.eldigitaldeasturias.com\/noticias\/#organization"}}]},"og:locale":"es_ES","og:site_name":"El Digital de Asturias","og:type":"article","og:title":"Nava : Cinco personas han resultado heridas en un accidente de tr\u00e1fico, en Ceceda. - El Digital de Asturias","og:description":"Cinco personas, 2 varones y 3 mujeres, han resultado heridos en un accidente de tr\u00e1fico, en el que se han visto implicados 2 veh\u00edculos, en la Nacional 634, a la altura del PK 371, en Ceceda, en Nava. Seg\u00fan los datos facilitados por el Servicio de Atenci\u00f3n M\u00e9dica Urgente (SAMU) un var\u00f3n, cuya identidad se","og:url":"https:\/\/www.eldigitaldeasturias.com\/noticias\/nava-cinco-personas-han-resultado-heridas-en-un-accidente-de-trafico-en-ceceda\/","og:image":"https:\/\/www.eldigitaldeasturias.com\/noticias\/wp-content\/uploads\/2026\/06\/Contenidos.jpg","og:image:secure_url":"https:\/\/www.eldigitaldeasturias.com\/noticias\/wp-content\/uploads\/2026\/06\/Contenidos.jpg","og:image:width":1265,"og:image:height":697,"article:tag":["actualidad asturias"],"article:published_time":"2013-12-01T22:18:04+00:00","article:modified_time":"2013-12-01T22:18:04+00:00","article:publisher":"https:\/\/facebook.com\/eldigitaldeasturias","twitter:card":"summary_large_image","twitter:title":"Nava : Cinco personas han resultado heridas en un accidente de tr\u00e1fico, en Ceceda. - El Digital de Asturias","twitter:description":"Cinco personas, 2 varones y 3 mujeres, han resultado heridos en un accidente de tr\u00e1fico, en el que se han visto implicados 2 veh\u00edculos, en la Nacional 634, a la altura del PK 371, en Ceceda, en Nava. Seg\u00fan los datos facilitados por el Servicio de Atenci\u00f3n M\u00e9dica Urgente (SAMU) un var\u00f3n, cuya identidad se","twitter:image":"https:\/\/www.eldigitaldeasturias.com\/noticias\/wp-content\/uploads\/2026\/06\/Contenidos.jpg","twitter:label1":"Escrito por","twitter:data1":"El Digital de Asturias","twitter:label2":"Tiempo de lectura estimado","twitter:data2":"2 minutos"},"aioseo_meta_data":{"post_id":"456583","title":null,"description":null,"keywords":null,"keyphrases":null,"primary_term":null,"canonical_url":null,"og_title":null,"og_description":null,"og_object_type":"default","og_image_type":"default","og_image_url":null,"og_image_width":null,"og_image_height":null,"og_image_custom_url":null,"og_image_custom_fields":null,"og_video":null,"og_custom_url":null,"og_article_section":null,"og_article_tags":null,"twitter_use_og":true,"twitter_card":"default","twitter_image_type":"default","twitter_image_url":null,"twitter_image_custom_url":null,"twitter_image_custom_fields":null,"twitter_title":null,"twitter_description":null,"schema":{"blockGraphs":[],"customGraphs":[],"default":{"data":{"Article":[],"Course":[],"Dataset":[],"FAQPage":[],"Movie":[],"Person":[],"Product":[],"ProductReview":[],"Car":[],"Recipe":[],"Service":[],"SoftwareApplication":[],"WebPage":[]},"graphName":"","isEnabled":true},"graphs":[],"defaultGraph":"","defaultPostTypeGraph":""},"schema_type":null,"schema_type_options":null,"pillar_content":false,"robots_default":true,"robots_noindex":false,"robots_noarchive":false,"robots_nosnippet":false,"robots_nofollow":false,"robots_noimageindex":false,"robots_noodp":false,"robots_notranslate":false,"robots_max_snippet":null,"robots_max_videopreview":null,"robots_max_imagepreview":"none","priority":null,"frequency":null,"local_seo":null,"seo_analyzer_scan_date":"2026-05-29 22:29:53","breadcrumb_settings":null,"limit_modified_date":false,"open_ai":null,"ai":null,"created":"2020-11-14 22:45:59","updated":"2026-05-29 22:29:53","focus_keyword":null,"additional_keywords":null,"truseo_locale":null},"aioseo_breadcrumb":"<div class=\"aioseo-breadcrumbs\"><span class=\"aioseo-breadcrumb\">\n\t<a href=\"https:\/\/www.eldigitaldeasturias.com\/noticias\" title=\"Home\">Home<\/a>\n<\/span><span class=\"aioseo-breadcrumb-separator\">\u2013<\/span><span class=\"aioseo-breadcrumb\">\n\t<a href=\"https:\/\/www.eldigitaldeasturias.com\/noticias\/category\/actualidad-asturias\/\" title=\"Actualidad Asturias\">Actualidad Asturias<\/a>\n<\/span><span class=\"aioseo-breadcrumb-separator\">\u2013<\/span><span class=\"aioseo-breadcrumb\">\n\t<a href=\"https:\/\/www.eldigitaldeasturias.com\/noticias\/nava-cinco-personas-han-resultado-heridas-en-un-accidente-de-trafico-en-ceceda\/\" title=\"Nava : Cinco personas han resultado heridas en un accidente de tr\u00e1fico, en Ceceda.\">Nava : Cinco personas han resultado heridas en un accidente de tr\u00e1fico, en Ceceda.<\/a>\n<\/span><\/div>","aioseo_breadcrumb_json":[{"label":"Home","link":"https:\/\/www.eldigitaldeasturias.com\/noticias"},{"label":"Actualidad Asturias","link":"https:\/\/www.eldigitaldeasturias.com\/noticias\/category\/actualidad-asturias\/"},{"label":"Nava : Cinco personas han resultado heridas en un accidente de tr\u00e1fico, en Ceceda.","link":"https:\/\/www.eldigitaldeasturias.com\/noticias\/nava-cinco-personas-han-resultado-heridas-en-un-accidente-de-trafico-en-ceceda\/"}],"_links":{"self":[{"href":"https:\/\/www.eldigitaldeasturias.com\/noticias\/wp-json\/wp\/v2\/posts\/456583","targetHints":{"allow":["GET"]}}],"collection":[{"href":"https:\/\/www.eldigitaldeasturias.com\/noticias\/wp-json\/wp\/v2\/posts"}],"about":[{"href":"https:\/\/www.eldigitaldeasturias.com\/noticias\/wp-json\/wp\/v2\/types\/post"}],"author":[{"embeddable":true,"href":"https:\/\/www.eldigitaldeasturias.com\/noticias\/wp-json\/wp\/v2\/users\/1"}],"replies":[{"embeddable":true,"href":"https:\/\/www.eldigitaldeasturias.com\/noticias\/wp-json\/wp\/v2\/comments?post=456583"}],"version-history":[{"count":0,"href":"https:\/\/www.eldigitaldeasturias.com\/noticias\/wp-json\/wp\/v2\/posts\/456583\/revisions"}],"wp:featuredmedia":[{"embeddable":true,"href":"https:\/\/www.eldigitaldeasturias.com\/noticias\/wp-json\/wp\/v2\/media\/1132184"}],"wp:attachment":[{"href":"https:\/\/www.eldigitaldeasturias.com\/noticias\/wp-json\/wp\/v2\/media?parent=456583"}],"wp:term":[{"taxonomy":"category","embeddable":true,"href":"https:\/\/www.eldigitaldeasturias.com\/noticias\/wp-json\/wp\/v2\/categories?post=456583"},{"taxonomy":"post_tag","embeddable":true,"href":"https:\/\/www.eldigitaldeasturias.com\/noticias\/wp-json\/wp\/v2\/tags?post=456583"}],"curies":[{"name":"wp","href":"https:\/\/api.w.org\/{rel}","templated":true}]}}