{"id":456577,"date":"2013-12-01T21:13:03","date_gmt":"2013-12-01T22:13:03","guid":{"rendered":"http:\/\/www.eldigitaldeasturias.com\/noticias\/?p=456577"},"modified":"2013-12-01T21:13:03","modified_gmt":"2013-12-01T22:13:03","slug":"luz-color-y-mucha-magia-en-la-gambia-fashionnight","status":"publish","type":"post","link":"https:\/\/www.eldigitaldeasturias.com\/noticias\/luz-color-y-mucha-magia-en-la-gambia-fashionnight\/","title":{"rendered":"Luz, color y mucha magia en la \u00abGambia FashionNight\u00bb"},"content":{"rendered":"<p><img loading=\"lazy\" decoding=\"async\" class=\"alignleft size-medium wp-image-456578\" alt=\"5764731w\" src=\"https:\/\/www.eldigitaldeasturias.com\/noticias\/wp-content\/uploads\/2013\/12\/5764731w-230x320.jpg\" width=\"230\" height=\"320\" \/>Banjul, 1 dic (EFE).- La luz y el color de Agatha Ruiz de la Prada, el sello sofisticado de Adama Paris y las propuestas vanguardistas de FilipRoth han llenado de magia y est\u00e9tica la segunda edici\u00f3n de la \u00abGambia FashionNight\u00bb.<\/p>\n<p>En los jardines de un lujoso hotel frente al Oc\u00e9ano Atl\u00e1ntico, Gambia ha celebrado su fiesta de la moda, que ha reunido a personalidad del escenario pol\u00edtico y cultural.<\/p>\n<p>Tambi\u00e9n a los amantes de las tendencias, que ataviados con sus mejores galas, han disfrutado de las creaciones de dise\u00f1adores consagrados como la espa\u00f1ola \u00c1gatha Ruiz de la Prada y del buen hacer de sastres artesanos gambianos.<\/p>\n<p>La dise\u00f1adora ha tra\u00eddo a la \u00abGambia FashionNight\u00bb una colecci\u00f3n impregnada de una est\u00e9tica \u00abochentera\u00bb, prendas que recreaban aquellos vestidos pintados a mano con los que debut\u00f3. \u00abHe querido traer a \u00c1frica prendas que recuerdan mis primeros a\u00f1os en la moda\u00bb, ha dicho la dise\u00f1adora.<\/p>\n<p>Con el color como bandera, la propuesta para la pr\u00f3xima primavera-verano 2014 de Agatha Ruiz de la Prada arranc\u00f3 con un vestido largo blanco con pinceladas rosas.<\/p>\n<p>A lo largo de las veinticinco salidas se ha podido ver su universo estil\u00edstico, en el que han destacado las estrellas, los corazones, el grafiti, los trazos desiguales y las rayas verticales y horizontales.<\/p>\n<p>Coherente y fiel a su estilo, se sucedieron una serie de prendas c\u00f3modas, pr\u00e1cticas y optimistas ba\u00f1adas con una paleta crom\u00e1tica que va desde el rosa fucsia hasta el azul mar, pasando por el naranja, el amarillo lim\u00f3n, el verde lima o el rojo cereza.<\/p>\n<p>Dise\u00f1os atemporales que no pasan de moda, porque las creaciones con sello Agatha Ruiz de la Prada \u00abni est\u00e1n de moda, ni se pasan de moda\u00bb, son una apuesta segura de luz y de color que trasmite optimismo.<\/p>\n<p>Temporada tras temporada, la dise\u00f1adora apuesta por dise\u00f1os contempor\u00e1neos, abstractos, \u00abpoperos\u00bb y tambi\u00e9n surrealistas, como un vestido confeccionado con aros te\u00f1idos en azul, verde, rojo, naranja y amarillo, dise\u00f1o que fue muy aplaudido por un p\u00fablico entregado.<\/p>\n<p>Esta dise\u00f1adora ha conseguido que camisetas, faldas, vestidos, pantalones, americanas y blusas se realcen gracias a sus pespuntes frescos y desenfadados.<\/p>\n<p>Y es que esta espa\u00f1ola ha decidido ser optimista sobre todas las cosas. \u00abLo mejor es vestirse con prendas luminosos, tan solo se tiene que ver c\u00f3mo viste la mujer africana\u00bb, dice.<\/p>\n<p>Sobre la pasarela gambiana se ha visto un peque\u00f1o testimonio de la creatividad de esta madrile\u00f1a, que lleva m\u00e1s de treinta a\u00f1os en el mundo de la moda. \u00abSoy una dise\u00f1adora con estilo propio que puede gustar o no\u00bb.<\/p>\n<p>Aunque nerviosas, las modelos gambianas, la mayor\u00eda de las cuales desfilaba por vez primera, se mostraron alegres, juguetonas y no dudaron en lanzar besos mientras luc\u00edan la colecci\u00f3n de la madrile\u00f1a.<\/p>\n<p>Los dise\u00f1os, la mayor\u00eda de ellos con estampados cargados de energ\u00eda y adornados con divertidas gafas en forma de estrella, empaparon de feminidad la pasarela.<\/p>\n<p>Para Ru\u00edz de la Prada, desfilar en Gambia ha sido una experiencia fascinante. \u00abEs un lujo poder mostrar mi colecci\u00f3n m\u00e1s bonita, m\u00e1s ponible y m\u00e1s comercial en \u00c1frica\u00bb ha dicho.<\/p>\n<p>Antes, el dise\u00f1ador polaco Filip Roth subi\u00f3 a la pasarela una colecci\u00f3n para hombre y mujer te\u00f1ida en negro y salpicada por puntos de luz naranja.<\/p>\n<p>Con cuero y lana, junto con materiales sint\u00e9ticos que imitaban la napa, el creador trabaj\u00f3 una abrigada colecci\u00f3n en la que sobresalieron unos minivestidos con pespuntes vanguardistas.<\/p>\n<p>Por su parte, la dise\u00f1adora parisina Adama Paris present\u00f3 una serie de vistosos vestidos, de corte \u00ablady\u00bbcon sutiles apuntes que recreaban la cultura y la est\u00e9tica africana.<\/p>\n<p>Apuntes que llegaron de la mano de tejidos, texturas y colores tierra, ocres y dorados que dieron forma a pantalones, vestidos de noche con escote palabra de honor y faldas largas conjuntadas con tops.<\/p>\n<p>Junto a las de estos modistos, se vieron las creaciones de dise\u00f1adores locales emergentes y sastres artesanos, entre ellos se encontraban dos espa\u00f1olas, Eva Grados y Adriana Garay, que dan vida a la firma Kair\u00f3.<\/p>\n<p>\u00abNuestras prendas est\u00e1n realizadas con tejidos de \u00c1frica y confeccionados con mano de obra local, pero con un dise\u00f1o m\u00e1s actual, m\u00e1s europeo\u00bb, han detallado las creadoras espa\u00f1olas que, hoy por hoy, venden su ropa on-line.<\/p>\n","protected":false},"excerpt":{"rendered":"<p>Banjul, 1 dic (EFE).- La luz y el color de Agatha Ruiz de la Prada, el sello sofisticado de Adama Paris y las propuestas vanguardistas de FilipRoth han llenado de magia y est\u00e9tica la segunda edici\u00f3n de la \u00abGambia FashionNight\u00bb. En los jardines de un lujoso hotel frente al Oc\u00e9ano Atl\u00e1ntico, Gambia ha celebrado su [&hellip;]<\/p>\n","protected":false},"author":1,"featured_media":456578,"comment_status":"closed","ping_status":"open","sticky":false,"template":"","format":"standard","meta":{"footnotes":""},"categories":[50],"tags":[],"class_list":["post-456577","post","type-post","status-publish","format-standard","has-post-thumbnail","hentry","category-revista-de-ocio"],"aioseo_notices":[],"aioseo_head":"\n\t\t<!-- All in One SEO Pro 5.0.1 - aioseo.com -->\n\t<meta name=\"description\" content=\"Banjul, 1 dic (EFE).- La luz y el color de Agatha Ruiz de la Prada, el sello sofisticado de Adama Paris y las propuestas vanguardistas de FilipRoth han llenado de magia y est\u00e9tica la segunda edici\u00f3n de la &quot;Gambia FashionNight&quot;. En los jardines de un lujoso hotel frente al Oc\u00e9ano Atl\u00e1ntico, Gambia ha celebrado su\" \/>\n\t<meta name=\"robots\" content=\"max-image-preview:large\" \/>\n\t<meta name=\"author\" content=\"El Digital de Asturias\"\/>\n\t<meta name=\"google-site-verification\" content=\"UA-38556648-1\" \/>\n\t<meta name=\"msvalidate.01\" content=\"7dfe9f3f1b24437ab69f4f2559babe99\" \/>\n\t<meta name=\"keywords\" content=\"revista de ocio\" \/>\n\t<link rel=\"canonical\" href=\"https:\/\/www.eldigitaldeasturias.com\/noticias\/luz-color-y-mucha-magia-en-la-gambia-fashionnight\/\" \/>\n\t<meta name=\"generator\" content=\"All in One SEO Pro (AIOSEO) 5.0.1\" \/>\n\t\t<meta property=\"og:locale\" content=\"es_ES\" \/>\n\t\t<meta property=\"og:site_name\" content=\"El Digital de Asturias\" \/>\n\t\t<meta property=\"og:type\" content=\"article\" \/>\n\t\t<meta property=\"og:title\" content=\"Luz, color y mucha magia en la \u00abGambia FashionNight\u00bb - El Digital de Asturias\" \/>\n\t\t<meta property=\"og:description\" content=\"Banjul, 1 dic (EFE).- La luz y el color de Agatha Ruiz de la Prada, el sello sofisticado de Adama Paris y las propuestas vanguardistas de FilipRoth han llenado de magia y est\u00e9tica la segunda edici\u00f3n de la &quot;Gambia FashionNight&quot;. En los jardines de un lujoso hotel frente al Oc\u00e9ano Atl\u00e1ntico, Gambia ha celebrado su\" \/>\n\t\t<meta property=\"og:url\" content=\"https:\/\/www.eldigitaldeasturias.com\/noticias\/luz-color-y-mucha-magia-en-la-gambia-fashionnight\/\" \/>\n\t\t<meta property=\"article:tag\" content=\"revista de ocio\" \/>\n\t\t<meta property=\"article:published_time\" content=\"2013-12-01T22:13:03+00:00\" \/>\n\t\t<meta property=\"article:modified_time\" content=\"2013-12-01T22:13:03+00:00\" \/>\n\t\t<meta property=\"article:publisher\" content=\"https:\/\/facebook.com\/eldigitaldeasturias\" \/>\n\t\t<meta name=\"twitter:card\" content=\"summary_large_image\" \/>\n\t\t<meta name=\"twitter:title\" content=\"Luz, color y mucha magia en la \u00abGambia FashionNight\u00bb - El Digital de Asturias\" \/>\n\t\t<meta name=\"twitter:description\" content=\"Banjul, 1 dic (EFE).- La luz y el color de Agatha Ruiz de la Prada, el sello sofisticado de Adama Paris y las propuestas vanguardistas de FilipRoth han llenado de magia y est\u00e9tica la segunda edici\u00f3n de la &quot;Gambia FashionNight&quot;. En los jardines de un lujoso hotel frente al Oc\u00e9ano Atl\u00e1ntico, Gambia ha celebrado su\" \/>\n\t\t<meta name=\"twitter:label1\" content=\"Escrito por\" \/>\n\t\t<meta name=\"twitter:data1\" content=\"El Digital de Asturias\" \/>\n\t\t<meta name=\"twitter:label2\" content=\"Tiempo de lectura estimado\" \/>\n\t\t<meta name=\"twitter:data2\" content=\"4 minutos\" \/>\n\t\t<script type=\"application\/ld+json\" class=\"aioseo-schema\">\n\t\t\t{\"@context\":\"https:\\\/\\\/schema.org\",\"@graph\":[{\"@type\":\"BlogPosting\",\"@id\":\"https:\\\/\\\/www.eldigitaldeasturias.com\\\/noticias\\\/luz-color-y-mucha-magia-en-la-gambia-fashionnight\\\/#blogposting\",\"name\":\"Luz, color y mucha magia en la \\u00abGambia FashionNight\\u00bb - El Digital de Asturias\",\"headline\":\"Luz, color y mucha magia en la \\u00abGambia FashionNight\\u00bb\",\"author\":{\"@id\":\"https:\\\/\\\/www.eldigitaldeasturias.com\\\/noticias\\\/author\\\/admin\\\/#author\"},\"publisher\":{\"@id\":\"https:\\\/\\\/www.eldigitaldeasturias.com\\\/noticias\\\/#organization\"},\"image\":{\"@type\":\"ImageObject\",\"url\":456578},\"datePublished\":\"2013-12-01T21:13:03+01:00\",\"dateModified\":\"2013-12-01T21:13:03+01:00\",\"inLanguage\":\"es-ES\",\"mainEntityOfPage\":{\"@id\":\"https:\\\/\\\/www.eldigitaldeasturias.com\\\/noticias\\\/luz-color-y-mucha-magia-en-la-gambia-fashionnight\\\/#webpage\"},\"isPartOf\":{\"@id\":\"https:\\\/\\\/www.eldigitaldeasturias.com\\\/noticias\\\/luz-color-y-mucha-magia-en-la-gambia-fashionnight\\\/#webpage\"},\"articleSection\":\"Revista de Ocio\"},{\"@type\":\"BreadcrumbList\",\"@id\":\"https:\\\/\\\/www.eldigitaldeasturias.com\\\/noticias\\\/luz-color-y-mucha-magia-en-la-gambia-fashionnight\\\/#breadcrumblist\",\"itemListElement\":[{\"@type\":\"ListItem\",\"@id\":\"https:\\\/\\\/www.eldigitaldeasturias.com\\\/noticias#listItem\",\"position\":1,\"name\":\"Home\",\"item\":\"https:\\\/\\\/www.eldigitaldeasturias.com\\\/noticias\",\"nextItem\":{\"@type\":\"ListItem\",\"@id\":\"https:\\\/\\\/www.eldigitaldeasturias.com\\\/noticias\\\/category\\\/revista-de-ocio\\\/#listItem\",\"name\":\"Revista de Ocio\"}},{\"@type\":\"ListItem\",\"@id\":\"https:\\\/\\\/www.eldigitaldeasturias.com\\\/noticias\\\/category\\\/revista-de-ocio\\\/#listItem\",\"position\":2,\"name\":\"Revista de Ocio\",\"item\":\"https:\\\/\\\/www.eldigitaldeasturias.com\\\/noticias\\\/category\\\/revista-de-ocio\\\/\",\"nextItem\":{\"@type\":\"ListItem\",\"@id\":\"https:\\\/\\\/www.eldigitaldeasturias.com\\\/noticias\\\/luz-color-y-mucha-magia-en-la-gambia-fashionnight\\\/#listItem\",\"name\":\"Luz, color y mucha magia en la \\u00abGambia FashionNight\\u00bb\"},\"previousItem\":{\"@type\":\"ListItem\",\"@id\":\"https:\\\/\\\/www.eldigitaldeasturias.com\\\/noticias#listItem\",\"name\":\"Home\"}},{\"@type\":\"ListItem\",\"@id\":\"https:\\\/\\\/www.eldigitaldeasturias.com\\\/noticias\\\/luz-color-y-mucha-magia-en-la-gambia-fashionnight\\\/#listItem\",\"position\":3,\"name\":\"Luz, color y mucha magia en la \\u00abGambia FashionNight\\u00bb\",\"previousItem\":{\"@type\":\"ListItem\",\"@id\":\"https:\\\/\\\/www.eldigitaldeasturias.com\\\/noticias\\\/category\\\/revista-de-ocio\\\/#listItem\",\"name\":\"Revista de Ocio\"}}]},{\"@type\":\"Organization\",\"@id\":\"https:\\\/\\\/www.eldigitaldeasturias.com\\\/noticias\\\/#organization\",\"name\":\"El Digital de Asturias\",\"description\":\"Hemeroteca\",\"url\":\"https:\\\/\\\/www.eldigitaldeasturias.com\\\/noticias\\\/\",\"email\":\"info@eldigitaldeasturias.com\",\"telephone\":\"+34652131393\",\"logo\":{\"@type\":\"ImageObject\",\"url\":\"https:\\\/\\\/www.eldigitaldeasturias.com\\\/noticias\\\/wp-content\\\/uploads\\\/2020\\\/12\\\/EDA.jpg\",\"@id\":\"https:\\\/\\\/www.eldigitaldeasturias.com\\\/noticias\\\/luz-color-y-mucha-magia-en-la-gambia-fashionnight\\\/#organizationLogo\"},\"image\":{\"@id\":\"https:\\\/\\\/www.eldigitaldeasturias.com\\\/noticias\\\/luz-color-y-mucha-magia-en-la-gambia-fashionnight\\\/#organizationLogo\"},\"sameAs\":[\"https:\\\/\\\/facebook.com\\\/eldigitaldeasturias\",\"https:\\\/\\\/www.youtube.com\\\/channel\\\/UCZP-2wLEB9Rv6erhFmqVnvg\"],\"address\":{\"@id\":\"https:\\\/\\\/www.eldigitaldeasturias.com\\\/noticias\\\/#postaladdress\",\"@type\":\"PostalAddress\",\"streetAddress\":\"san antonio 4\",\"postalCode\":\"33430\",\"addressLocality\":\"Cand\\u00e1s\",\"addressRegion\":\"Asturias\",\"addressCountry\":\"ES\"}},{\"@type\":\"Person\",\"@id\":\"https:\\\/\\\/www.eldigitaldeasturias.com\\\/noticias\\\/author\\\/admin\\\/#author\",\"url\":\"https:\\\/\\\/www.eldigitaldeasturias.com\\\/noticias\\\/author\\\/admin\\\/\",\"name\":\"El Digital de Asturias\",\"image\":{\"@type\":\"ImageObject\",\"@id\":\"https:\\\/\\\/www.eldigitaldeasturias.com\\\/noticias\\\/luz-color-y-mucha-magia-en-la-gambia-fashionnight\\\/#authorImage\",\"url\":\"https:\\\/\\\/secure.gravatar.com\\\/avatar\\\/df2aeffc32bcd13f8d26072ef8a91b623d677766deac7f97ca815868cd41bf5e?s=96&d=mm&r=g\",\"width\":96,\"height\":96,\"caption\":\"El Digital de Asturias\"}},{\"@type\":\"WebPage\",\"@id\":\"https:\\\/\\\/www.eldigitaldeasturias.com\\\/noticias\\\/luz-color-y-mucha-magia-en-la-gambia-fashionnight\\\/#webpage\",\"url\":\"https:\\\/\\\/www.eldigitaldeasturias.com\\\/noticias\\\/luz-color-y-mucha-magia-en-la-gambia-fashionnight\\\/\",\"name\":\"Luz, color y mucha magia en la \\u00abGambia FashionNight\\u00bb - El Digital de Asturias\",\"description\":\"Banjul, 1 dic (EFE).- La luz y el color de Agatha Ruiz de la Prada, el sello sofisticado de Adama Paris y las propuestas vanguardistas de FilipRoth han llenado de magia y est\\u00e9tica la segunda edici\\u00f3n de la \\\"Gambia FashionNight\\\". En los jardines de un lujoso hotel frente al Oc\\u00e9ano Atl\\u00e1ntico, Gambia ha celebrado su\",\"inLanguage\":\"es-ES\",\"isPartOf\":{\"@id\":\"https:\\\/\\\/www.eldigitaldeasturias.com\\\/noticias\\\/#website\"},\"breadcrumb\":{\"@id\":\"https:\\\/\\\/www.eldigitaldeasturias.com\\\/noticias\\\/luz-color-y-mucha-magia-en-la-gambia-fashionnight\\\/#breadcrumblist\"},\"author\":{\"@id\":\"https:\\\/\\\/www.eldigitaldeasturias.com\\\/noticias\\\/author\\\/admin\\\/#author\"},\"creator\":{\"@id\":\"https:\\\/\\\/www.eldigitaldeasturias.com\\\/noticias\\\/author\\\/admin\\\/#author\"},\"image\":{\"@type\":\"ImageObject\",\"url\":456578,\"@id\":\"https:\\\/\\\/www.eldigitaldeasturias.com\\\/noticias\\\/luz-color-y-mucha-magia-en-la-gambia-fashionnight\\\/#mainImage\"},\"primaryImageOfPage\":{\"@id\":\"https:\\\/\\\/www.eldigitaldeasturias.com\\\/noticias\\\/luz-color-y-mucha-magia-en-la-gambia-fashionnight\\\/#mainImage\"},\"datePublished\":\"2013-12-01T21:13:03+01:00\",\"dateModified\":\"2013-12-01T21:13:03+01:00\"},{\"@type\":\"WebSite\",\"@id\":\"https:\\\/\\\/www.eldigitaldeasturias.com\\\/noticias\\\/#website\",\"url\":\"https:\\\/\\\/www.eldigitaldeasturias.com\\\/noticias\\\/\",\"name\":\"El Digital de Asturias - Diario de actualidad y noticias\",\"alternateName\":\"El Digital de Asturias - Diario de actualidad y noticias\",\"description\":\"Hemeroteca\",\"inLanguage\":\"es-ES\",\"publisher\":{\"@id\":\"https:\\\/\\\/www.eldigitaldeasturias.com\\\/noticias\\\/#organization\"}}]}\n\t\t<\/script>\n\t\t<!-- All in One SEO Pro -->\r\n\t\t<title>Luz, color y mucha magia en la \u00abGambia FashionNight\u00bb - El Digital de Asturias<\/title>\n\n","aioseo_head_json":{"title":"Luz, color y mucha magia en la \u00abGambia FashionNight\u00bb - El Digital de Asturias","description":"Banjul, 1 dic (EFE).- La luz y el color de Agatha Ruiz de la Prada, el sello sofisticado de Adama Paris y las propuestas vanguardistas de FilipRoth han llenado de magia y est\u00e9tica la segunda edici\u00f3n de la \"Gambia FashionNight\". En los jardines de un lujoso hotel frente al Oc\u00e9ano Atl\u00e1ntico, Gambia ha celebrado su","canonical_url":"https:\/\/www.eldigitaldeasturias.com\/noticias\/luz-color-y-mucha-magia-en-la-gambia-fashionnight\/","robots":"max-image-preview:large","keywords":"revista de ocio","webmasterTools":{"google-site-verification":"UA-38556648-1","msvalidate.01":"7dfe9f3f1b24437ab69f4f2559babe99","miscellaneous":""},"schema":{"@context":"https:\/\/schema.org","@graph":[{"@type":"BlogPosting","@id":"https:\/\/www.eldigitaldeasturias.com\/noticias\/luz-color-y-mucha-magia-en-la-gambia-fashionnight\/#blogposting","name":"Luz, color y mucha magia en la \u00abGambia FashionNight\u00bb - El Digital de Asturias","headline":"Luz, color y mucha magia en la \u00abGambia FashionNight\u00bb","author":{"@id":"https:\/\/www.eldigitaldeasturias.com\/noticias\/author\/admin\/#author"},"publisher":{"@id":"https:\/\/www.eldigitaldeasturias.com\/noticias\/#organization"},"image":{"@type":"ImageObject","url":456578},"datePublished":"2013-12-01T21:13:03+01:00","dateModified":"2013-12-01T21:13:03+01:00","inLanguage":"es-ES","mainEntityOfPage":{"@id":"https:\/\/www.eldigitaldeasturias.com\/noticias\/luz-color-y-mucha-magia-en-la-gambia-fashionnight\/#webpage"},"isPartOf":{"@id":"https:\/\/www.eldigitaldeasturias.com\/noticias\/luz-color-y-mucha-magia-en-la-gambia-fashionnight\/#webpage"},"articleSection":"Revista de Ocio"},{"@type":"BreadcrumbList","@id":"https:\/\/www.eldigitaldeasturias.com\/noticias\/luz-color-y-mucha-magia-en-la-gambia-fashionnight\/#breadcrumblist","itemListElement":[{"@type":"ListItem","@id":"https:\/\/www.eldigitaldeasturias.com\/noticias#listItem","position":1,"name":"Home","item":"https:\/\/www.eldigitaldeasturias.com\/noticias","nextItem":{"@type":"ListItem","@id":"https:\/\/www.eldigitaldeasturias.com\/noticias\/category\/revista-de-ocio\/#listItem","name":"Revista de Ocio"}},{"@type":"ListItem","@id":"https:\/\/www.eldigitaldeasturias.com\/noticias\/category\/revista-de-ocio\/#listItem","position":2,"name":"Revista de Ocio","item":"https:\/\/www.eldigitaldeasturias.com\/noticias\/category\/revista-de-ocio\/","nextItem":{"@type":"ListItem","@id":"https:\/\/www.eldigitaldeasturias.com\/noticias\/luz-color-y-mucha-magia-en-la-gambia-fashionnight\/#listItem","name":"Luz, color y mucha magia en la \u00abGambia FashionNight\u00bb"},"previousItem":{"@type":"ListItem","@id":"https:\/\/www.eldigitaldeasturias.com\/noticias#listItem","name":"Home"}},{"@type":"ListItem","@id":"https:\/\/www.eldigitaldeasturias.com\/noticias\/luz-color-y-mucha-magia-en-la-gambia-fashionnight\/#listItem","position":3,"name":"Luz, color y mucha magia en la \u00abGambia FashionNight\u00bb","previousItem":{"@type":"ListItem","@id":"https:\/\/www.eldigitaldeasturias.com\/noticias\/category\/revista-de-ocio\/#listItem","name":"Revista de Ocio"}}]},{"@type":"Organization","@id":"https:\/\/www.eldigitaldeasturias.com\/noticias\/#organization","name":"El Digital de Asturias","description":"Hemeroteca","url":"https:\/\/www.eldigitaldeasturias.com\/noticias\/","email":"info@eldigitaldeasturias.com","telephone":"+34652131393","logo":{"@type":"ImageObject","url":"https:\/\/www.eldigitaldeasturias.com\/noticias\/wp-content\/uploads\/2020\/12\/EDA.jpg","@id":"https:\/\/www.eldigitaldeasturias.com\/noticias\/luz-color-y-mucha-magia-en-la-gambia-fashionnight\/#organizationLogo"},"image":{"@id":"https:\/\/www.eldigitaldeasturias.com\/noticias\/luz-color-y-mucha-magia-en-la-gambia-fashionnight\/#organizationLogo"},"sameAs":["https:\/\/facebook.com\/eldigitaldeasturias","https:\/\/www.youtube.com\/channel\/UCZP-2wLEB9Rv6erhFmqVnvg"],"address":{"@id":"https:\/\/www.eldigitaldeasturias.com\/noticias\/#postaladdress","@type":"PostalAddress","streetAddress":"san antonio 4","postalCode":"33430","addressLocality":"Cand\u00e1s","addressRegion":"Asturias","addressCountry":"ES"}},{"@type":"Person","@id":"https:\/\/www.eldigitaldeasturias.com\/noticias\/author\/admin\/#author","url":"https:\/\/www.eldigitaldeasturias.com\/noticias\/author\/admin\/","name":"El Digital de Asturias","image":{"@type":"ImageObject","@id":"https:\/\/www.eldigitaldeasturias.com\/noticias\/luz-color-y-mucha-magia-en-la-gambia-fashionnight\/#authorImage","url":"https:\/\/secure.gravatar.com\/avatar\/df2aeffc32bcd13f8d26072ef8a91b623d677766deac7f97ca815868cd41bf5e?s=96&d=mm&r=g","width":96,"height":96,"caption":"El Digital de Asturias"}},{"@type":"WebPage","@id":"https:\/\/www.eldigitaldeasturias.com\/noticias\/luz-color-y-mucha-magia-en-la-gambia-fashionnight\/#webpage","url":"https:\/\/www.eldigitaldeasturias.com\/noticias\/luz-color-y-mucha-magia-en-la-gambia-fashionnight\/","name":"Luz, color y mucha magia en la \u00abGambia FashionNight\u00bb - El Digital de Asturias","description":"Banjul, 1 dic (EFE).- La luz y el color de Agatha Ruiz de la Prada, el sello sofisticado de Adama Paris y las propuestas vanguardistas de FilipRoth han llenado de magia y est\u00e9tica la segunda edici\u00f3n de la \"Gambia FashionNight\". En los jardines de un lujoso hotel frente al Oc\u00e9ano Atl\u00e1ntico, Gambia ha celebrado su","inLanguage":"es-ES","isPartOf":{"@id":"https:\/\/www.eldigitaldeasturias.com\/noticias\/#website"},"breadcrumb":{"@id":"https:\/\/www.eldigitaldeasturias.com\/noticias\/luz-color-y-mucha-magia-en-la-gambia-fashionnight\/#breadcrumblist"},"author":{"@id":"https:\/\/www.eldigitaldeasturias.com\/noticias\/author\/admin\/#author"},"creator":{"@id":"https:\/\/www.eldigitaldeasturias.com\/noticias\/author\/admin\/#author"},"image":{"@type":"ImageObject","url":456578,"@id":"https:\/\/www.eldigitaldeasturias.com\/noticias\/luz-color-y-mucha-magia-en-la-gambia-fashionnight\/#mainImage"},"primaryImageOfPage":{"@id":"https:\/\/www.eldigitaldeasturias.com\/noticias\/luz-color-y-mucha-magia-en-la-gambia-fashionnight\/#mainImage"},"datePublished":"2013-12-01T21:13:03+01:00","dateModified":"2013-12-01T21:13:03+01:00"},{"@type":"WebSite","@id":"https:\/\/www.eldigitaldeasturias.com\/noticias\/#website","url":"https:\/\/www.eldigitaldeasturias.com\/noticias\/","name":"El Digital de Asturias - Diario de actualidad y noticias","alternateName":"El Digital de Asturias - Diario de actualidad y noticias","description":"Hemeroteca","inLanguage":"es-ES","publisher":{"@id":"https:\/\/www.eldigitaldeasturias.com\/noticias\/#organization"}}]},"og:locale":"es_ES","og:site_name":"El Digital de Asturias","og:type":"article","og:title":"Luz, color y mucha magia en la \u00abGambia FashionNight\u00bb - El Digital de Asturias","og:description":"Banjul, 1 dic (EFE).- La luz y el color de Agatha Ruiz de la Prada, el sello sofisticado de Adama Paris y las propuestas vanguardistas de FilipRoth han llenado de magia y est\u00e9tica la segunda edici\u00f3n de la &quot;Gambia FashionNight&quot;. En los jardines de un lujoso hotel frente al Oc\u00e9ano Atl\u00e1ntico, Gambia ha celebrado su","og:url":"https:\/\/www.eldigitaldeasturias.com\/noticias\/luz-color-y-mucha-magia-en-la-gambia-fashionnight\/","article:tag":["revista de ocio"],"article:published_time":"2013-12-01T22:13:03+00:00","article:modified_time":"2013-12-01T22:13:03+00:00","article:publisher":"https:\/\/facebook.com\/eldigitaldeasturias","twitter:card":"summary_large_image","twitter:title":"Luz, color y mucha magia en la \u00abGambia FashionNight\u00bb - El Digital de Asturias","twitter:description":"Banjul, 1 dic (EFE).- La luz y el color de Agatha Ruiz de la Prada, el sello sofisticado de Adama Paris y las propuestas vanguardistas de FilipRoth han llenado de magia y est\u00e9tica la segunda edici\u00f3n de la &quot;Gambia FashionNight&quot;. En los jardines de un lujoso hotel frente al Oc\u00e9ano Atl\u00e1ntico, Gambia ha celebrado su","twitter:label1":"Escrito por","twitter:data1":"El Digital de Asturias","twitter:label2":"Tiempo de lectura estimado","twitter:data2":"4 minutos"},"aioseo_meta_data":{"post_id":"456577","title":null,"description":null,"keywords":null,"keyphrases":null,"primary_term":null,"canonical_url":null,"og_title":null,"og_description":null,"og_object_type":"default","og_image_type":"default","og_image_url":null,"og_image_width":null,"og_image_height":null,"og_image_custom_url":null,"og_image_custom_fields":null,"og_video":null,"og_custom_url":null,"og_article_section":null,"og_article_tags":null,"twitter_use_og":true,"twitter_card":"default","twitter_image_type":"default","twitter_image_url":null,"twitter_image_custom_url":null,"twitter_image_custom_fields":null,"twitter_title":null,"twitter_description":null,"schema":{"blockGraphs":[],"customGraphs":[],"default":{"data":{"Article":[],"Course":[],"Dataset":[],"FAQPage":[],"Movie":[],"Person":[],"Product":[],"ProductReview":[],"Car":[],"Recipe":[],"Service":[],"SoftwareApplication":[],"WebPage":[]},"graphName":"","isEnabled":true},"graphs":[],"defaultGraph":"","defaultPostTypeGraph":""},"schema_type":null,"schema_type_options":null,"pillar_content":false,"robots_default":true,"robots_noindex":false,"robots_noarchive":false,"robots_nosnippet":false,"robots_nofollow":false,"robots_noimageindex":false,"robots_noodp":false,"robots_notranslate":false,"robots_max_snippet":null,"robots_max_videopreview":null,"robots_max_imagepreview":"none","priority":null,"frequency":null,"local_seo":null,"seo_analyzer_scan_date":"2026-05-29 22:29:51","breadcrumb_settings":null,"limit_modified_date":false,"open_ai":null,"ai":null,"created":"2020-11-14 22:45:59","updated":"2026-05-29 22:29:51","focus_keyword":null,"additional_keywords":null,"truseo_locale":null},"aioseo_breadcrumb":"<div class=\"aioseo-breadcrumbs\"><span class=\"aioseo-breadcrumb\">\n\t<a href=\"https:\/\/www.eldigitaldeasturias.com\/noticias\" title=\"Home\">Home<\/a>\n<\/span><span class=\"aioseo-breadcrumb-separator\">\u2013<\/span><span class=\"aioseo-breadcrumb\">\n\t<a href=\"https:\/\/www.eldigitaldeasturias.com\/noticias\/category\/revista-de-ocio\/\" title=\"Revista de Ocio\">Revista de Ocio<\/a>\n<\/span><span class=\"aioseo-breadcrumb-separator\">\u2013<\/span><span class=\"aioseo-breadcrumb\">\n\t<a href=\"https:\/\/www.eldigitaldeasturias.com\/noticias\/luz-color-y-mucha-magia-en-la-gambia-fashionnight\/\" title=\"Luz, color y mucha magia en la \u00abGambia FashionNight\u00bb\">Luz, color y mucha magia en la \u00abGambia FashionNight\u00bb<\/a>\n<\/span><\/div>","aioseo_breadcrumb_json":[{"label":"Home","link":"https:\/\/www.eldigitaldeasturias.com\/noticias"},{"label":"Revista de Ocio","link":"https:\/\/www.eldigitaldeasturias.com\/noticias\/category\/revista-de-ocio\/"},{"label":"Luz, color y mucha magia en la \u00abGambia FashionNight\u00bb","link":"https:\/\/www.eldigitaldeasturias.com\/noticias\/luz-color-y-mucha-magia-en-la-gambia-fashionnight\/"}],"_links":{"self":[{"href":"https:\/\/www.eldigitaldeasturias.com\/noticias\/wp-json\/wp\/v2\/posts\/456577","targetHints":{"allow":["GET"]}}],"collection":[{"href":"https:\/\/www.eldigitaldeasturias.com\/noticias\/wp-json\/wp\/v2\/posts"}],"about":[{"href":"https:\/\/www.eldigitaldeasturias.com\/noticias\/wp-json\/wp\/v2\/types\/post"}],"author":[{"embeddable":true,"href":"https:\/\/www.eldigitaldeasturias.com\/noticias\/wp-json\/wp\/v2\/users\/1"}],"replies":[{"embeddable":true,"href":"https:\/\/www.eldigitaldeasturias.com\/noticias\/wp-json\/wp\/v2\/comments?post=456577"}],"version-history":[{"count":0,"href":"https:\/\/www.eldigitaldeasturias.com\/noticias\/wp-json\/wp\/v2\/posts\/456577\/revisions"}],"wp:attachment":[{"href":"https:\/\/www.eldigitaldeasturias.com\/noticias\/wp-json\/wp\/v2\/media?parent=456577"}],"wp:term":[{"taxonomy":"category","embeddable":true,"href":"https:\/\/www.eldigitaldeasturias.com\/noticias\/wp-json\/wp\/v2\/categories?post=456577"},{"taxonomy":"post_tag","embeddable":true,"href":"https:\/\/www.eldigitaldeasturias.com\/noticias\/wp-json\/wp\/v2\/tags?post=456577"}],"curies":[{"name":"wp","href":"https:\/\/api.w.org\/{rel}","templated":true}]}}