{"id":456569,"date":"2013-12-01T21:02:02","date_gmt":"2013-12-01T22:02:02","guid":{"rendered":"http:\/\/www.eldigitaldeasturias.com\/noticias\/?p=456569"},"modified":"2013-12-01T21:02:02","modified_gmt":"2013-12-01T22:02:02","slug":"el-gobierno-de-asturias-lamenta-la-muerte-de-uno-de-los-grandes-empresarios-contemporaneos","status":"publish","type":"post","link":"https:\/\/www.eldigitaldeasturias.com\/noticias\/el-gobierno-de-asturias-lamenta-la-muerte-de-uno-de-los-grandes-empresarios-contemporaneos\/","title":{"rendered":"El gobierno de Asturias lamenta la muerte de \u00abuno de los grandes empresarios contempor\u00e1neos\u00bb"},"content":{"rendered":"<p><img loading=\"lazy\" decoding=\"async\" class=\"alignleft size-medium wp-image-451220\" alt=\"2013_11_20 Consejero Presidencia rueda prensa CG\" src=\"https:\/\/www.eldigitaldeasturias.com\/noticias\/wp-content\/uploads\/2013\/11\/2013_11_20-Consejero-Presidencia-rueda-prensa-CG-360x255.jpg\" width=\"360\" height=\"255\" \/>Oviedo, 1 dic (EFE).- El portavoz del Gobierno del Principado, Guillermo Mart\u00ednez, ha expresado hoy el pesar del Ejecutivo auton\u00f3mico por el fallecimiento de Jos\u00e9 Cosmen, al que ha calificado como \u00abuno de los grandes empresarios contempor\u00e1neos\u00bb de Asturias.<\/p>\n<p>Ha transmitido la condolencia del equipo de gobierno a la familia del empresario, muerto esta tarde en Oviedo, cuyo fallecimiento considera una \u00abmala noticia\u00bb.<\/p>\n<p>Cosmen era \u00abuno de los capitales de empresa, como se le reconoci\u00f3 en otro tiempo, m\u00e1s prestigiosos de la comunidad\u00bb, ha dicho Mart\u00ednez sobre quien pose\u00eda \u00abm\u00e9ritos sobrados para ello\u00bb.<\/p>\n<p>Tambi\u00e9n ha afirmado que quien fuera impulsor de la empresa ALSA estaba vinculado a Asturias \u00abno solo por nacimiento sino por una actividad ligada al desarrollo econ\u00f3mico de la comunidad y de la evoluci\u00f3n de Asturias por todos y cada uno de sus caminos\u00bb.<\/p>\n<p>Ha subrayado que Cosmen \u00absupo modernizar y transformar su actividad empresarial para convertirse en una referencia nacional e internacional\u00bb, razones \u00abm\u00e1s que suficientes\u00bb para que el Gobierno regional \u00ablamente p\u00fablicamente la muerte de este asturiano ilustre y ejemplar\u00bb.<\/p>\n","protected":false},"excerpt":{"rendered":"<p>Oviedo, 1 dic (EFE).- El portavoz del Gobierno del Principado, Guillermo Mart\u00ednez, ha expresado hoy el pesar del Ejecutivo auton\u00f3mico por el fallecimiento de Jos\u00e9 Cosmen, al que ha calificado como \u00abuno de los grandes empresarios contempor\u00e1neos\u00bb de Asturias. Ha transmitido la condolencia del equipo de gobierno a la familia del empresario, muerto esta tarde [&hellip;]<\/p>\n","protected":false},"author":1,"featured_media":451220,"comment_status":"closed","ping_status":"open","sticky":false,"template":"","format":"standard","meta":{"footnotes":""},"categories":[12],"tags":[],"class_list":["post-456569","post","type-post","status-publish","format-standard","has-post-thumbnail","hentry","category-actualidad-asturias"],"aioseo_notices":[],"aioseo_head":"\n\t\t<!-- All in One SEO Pro 5.0.1 - aioseo.com -->\n\t<meta name=\"description\" content=\"Oviedo, 1 dic (EFE).- El portavoz del Gobierno del Principado, Guillermo Mart\u00ednez, ha expresado hoy el pesar del Ejecutivo auton\u00f3mico por el fallecimiento de Jos\u00e9 Cosmen, al que ha calificado como &quot;uno de los grandes empresarios contempor\u00e1neos&quot; de Asturias. Ha transmitido la condolencia del equipo de gobierno a la familia del empresario, muerto esta tarde\" \/>\n\t<meta name=\"robots\" content=\"max-image-preview:large\" \/>\n\t<meta name=\"author\" content=\"El Digital de Asturias\"\/>\n\t<meta name=\"google-site-verification\" content=\"UA-38556648-1\" \/>\n\t<meta name=\"msvalidate.01\" content=\"7dfe9f3f1b24437ab69f4f2559babe99\" \/>\n\t<meta name=\"keywords\" content=\"actualidad asturias\" \/>\n\t<link rel=\"canonical\" href=\"https:\/\/www.eldigitaldeasturias.com\/noticias\/el-gobierno-de-asturias-lamenta-la-muerte-de-uno-de-los-grandes-empresarios-contemporaneos\/\" \/>\n\t<meta name=\"generator\" content=\"All in One SEO Pro (AIOSEO) 5.0.1\" \/>\n\t\t<meta property=\"og:locale\" content=\"es_ES\" \/>\n\t\t<meta property=\"og:site_name\" content=\"El Digital de Asturias\" \/>\n\t\t<meta property=\"og:type\" content=\"article\" \/>\n\t\t<meta property=\"og:title\" content=\"El gobierno de Asturias lamenta la muerte de \u00abuno de los grandes empresarios contempor\u00e1neos\u00bb - El Digital de Asturias\" \/>\n\t\t<meta property=\"og:description\" content=\"Oviedo, 1 dic (EFE).- El portavoz del Gobierno del Principado, Guillermo Mart\u00ednez, ha expresado hoy el pesar del Ejecutivo auton\u00f3mico por el fallecimiento de Jos\u00e9 Cosmen, al que ha calificado como &quot;uno de los grandes empresarios contempor\u00e1neos&quot; de Asturias. Ha transmitido la condolencia del equipo de gobierno a la familia del empresario, muerto esta tarde\" \/>\n\t\t<meta property=\"og:url\" content=\"https:\/\/www.eldigitaldeasturias.com\/noticias\/el-gobierno-de-asturias-lamenta-la-muerte-de-uno-de-los-grandes-empresarios-contemporaneos\/\" \/>\n\t\t<meta property=\"article:tag\" content=\"actualidad asturias\" \/>\n\t\t<meta property=\"article:published_time\" content=\"2013-12-01T22:02:02+00:00\" \/>\n\t\t<meta property=\"article:modified_time\" content=\"2013-12-01T22:02:02+00:00\" \/>\n\t\t<meta property=\"article:publisher\" content=\"https:\/\/facebook.com\/eldigitaldeasturias\" \/>\n\t\t<meta name=\"twitter:card\" content=\"summary_large_image\" \/>\n\t\t<meta name=\"twitter:title\" content=\"El gobierno de Asturias lamenta la muerte de \u00abuno de los grandes empresarios contempor\u00e1neos\u00bb - El Digital de Asturias\" \/>\n\t\t<meta name=\"twitter:description\" content=\"Oviedo, 1 dic (EFE).- El portavoz del Gobierno del Principado, Guillermo Mart\u00ednez, ha expresado hoy el pesar del Ejecutivo auton\u00f3mico por el fallecimiento de Jos\u00e9 Cosmen, al que ha calificado como &quot;uno de los grandes empresarios contempor\u00e1neos&quot; de Asturias. Ha transmitido la condolencia del equipo de gobierno a la familia del empresario, muerto esta tarde\" \/>\n\t\t<meta name=\"twitter:label1\" content=\"Escrito por\" \/>\n\t\t<meta name=\"twitter:data1\" content=\"El Digital de Asturias\" \/>\n\t\t<meta name=\"twitter:label2\" content=\"Tiempo de lectura estimado\" \/>\n\t\t<meta name=\"twitter:data2\" content=\"1 minuto\" \/>\n\t\t<script type=\"application\/ld+json\" class=\"aioseo-schema\">\n\t\t\t{\"@context\":\"https:\\\/\\\/schema.org\",\"@graph\":[{\"@type\":\"BlogPosting\",\"@id\":\"https:\\\/\\\/www.eldigitaldeasturias.com\\\/noticias\\\/el-gobierno-de-asturias-lamenta-la-muerte-de-uno-de-los-grandes-empresarios-contemporaneos\\\/#blogposting\",\"name\":\"El gobierno de Asturias lamenta la muerte de \\u00abuno de los grandes empresarios contempor\\u00e1neos\\u00bb - El Digital de Asturias\",\"headline\":\"El gobierno de Asturias lamenta la muerte de \\u00abuno de los grandes empresarios contempor\\u00e1neos\\u00bb\",\"author\":{\"@id\":\"https:\\\/\\\/www.eldigitaldeasturias.com\\\/noticias\\\/author\\\/admin\\\/#author\"},\"publisher\":{\"@id\":\"https:\\\/\\\/www.eldigitaldeasturias.com\\\/noticias\\\/#organization\"},\"image\":{\"@type\":\"ImageObject\",\"url\":451220},\"datePublished\":\"2013-12-01T21:02:02+01:00\",\"dateModified\":\"2013-12-01T21:02:02+01:00\",\"inLanguage\":\"es-ES\",\"mainEntityOfPage\":{\"@id\":\"https:\\\/\\\/www.eldigitaldeasturias.com\\\/noticias\\\/el-gobierno-de-asturias-lamenta-la-muerte-de-uno-de-los-grandes-empresarios-contemporaneos\\\/#webpage\"},\"isPartOf\":{\"@id\":\"https:\\\/\\\/www.eldigitaldeasturias.com\\\/noticias\\\/el-gobierno-de-asturias-lamenta-la-muerte-de-uno-de-los-grandes-empresarios-contemporaneos\\\/#webpage\"},\"articleSection\":\"Actualidad Asturias\"},{\"@type\":\"BreadcrumbList\",\"@id\":\"https:\\\/\\\/www.eldigitaldeasturias.com\\\/noticias\\\/el-gobierno-de-asturias-lamenta-la-muerte-de-uno-de-los-grandes-empresarios-contemporaneos\\\/#breadcrumblist\",\"itemListElement\":[{\"@type\":\"ListItem\",\"@id\":\"https:\\\/\\\/www.eldigitaldeasturias.com\\\/noticias#listItem\",\"position\":1,\"name\":\"Home\",\"item\":\"https:\\\/\\\/www.eldigitaldeasturias.com\\\/noticias\",\"nextItem\":{\"@type\":\"ListItem\",\"@id\":\"https:\\\/\\\/www.eldigitaldeasturias.com\\\/noticias\\\/category\\\/actualidad-asturias\\\/#listItem\",\"name\":\"Actualidad Asturias\"}},{\"@type\":\"ListItem\",\"@id\":\"https:\\\/\\\/www.eldigitaldeasturias.com\\\/noticias\\\/category\\\/actualidad-asturias\\\/#listItem\",\"position\":2,\"name\":\"Actualidad Asturias\",\"item\":\"https:\\\/\\\/www.eldigitaldeasturias.com\\\/noticias\\\/category\\\/actualidad-asturias\\\/\",\"nextItem\":{\"@type\":\"ListItem\",\"@id\":\"https:\\\/\\\/www.eldigitaldeasturias.com\\\/noticias\\\/el-gobierno-de-asturias-lamenta-la-muerte-de-uno-de-los-grandes-empresarios-contemporaneos\\\/#listItem\",\"name\":\"El gobierno de Asturias lamenta la muerte de \\u00abuno de los grandes empresarios contempor\\u00e1neos\\u00bb\"},\"previousItem\":{\"@type\":\"ListItem\",\"@id\":\"https:\\\/\\\/www.eldigitaldeasturias.com\\\/noticias#listItem\",\"name\":\"Home\"}},{\"@type\":\"ListItem\",\"@id\":\"https:\\\/\\\/www.eldigitaldeasturias.com\\\/noticias\\\/el-gobierno-de-asturias-lamenta-la-muerte-de-uno-de-los-grandes-empresarios-contemporaneos\\\/#listItem\",\"position\":3,\"name\":\"El gobierno de Asturias lamenta la muerte de \\u00abuno de los grandes empresarios contempor\\u00e1neos\\u00bb\",\"previousItem\":{\"@type\":\"ListItem\",\"@id\":\"https:\\\/\\\/www.eldigitaldeasturias.com\\\/noticias\\\/category\\\/actualidad-asturias\\\/#listItem\",\"name\":\"Actualidad Asturias\"}}]},{\"@type\":\"Organization\",\"@id\":\"https:\\\/\\\/www.eldigitaldeasturias.com\\\/noticias\\\/#organization\",\"name\":\"El Digital de Asturias\",\"description\":\"Hemeroteca\",\"url\":\"https:\\\/\\\/www.eldigitaldeasturias.com\\\/noticias\\\/\",\"email\":\"info@eldigitaldeasturias.com\",\"telephone\":\"+34652131393\",\"logo\":{\"@type\":\"ImageObject\",\"url\":\"https:\\\/\\\/www.eldigitaldeasturias.com\\\/noticias\\\/wp-content\\\/uploads\\\/2020\\\/12\\\/EDA.jpg\",\"@id\":\"https:\\\/\\\/www.eldigitaldeasturias.com\\\/noticias\\\/el-gobierno-de-asturias-lamenta-la-muerte-de-uno-de-los-grandes-empresarios-contemporaneos\\\/#organizationLogo\"},\"image\":{\"@id\":\"https:\\\/\\\/www.eldigitaldeasturias.com\\\/noticias\\\/el-gobierno-de-asturias-lamenta-la-muerte-de-uno-de-los-grandes-empresarios-contemporaneos\\\/#organizationLogo\"},\"sameAs\":[\"https:\\\/\\\/facebook.com\\\/eldigitaldeasturias\",\"https:\\\/\\\/www.youtube.com\\\/channel\\\/UCZP-2wLEB9Rv6erhFmqVnvg\"],\"address\":{\"@id\":\"https:\\\/\\\/www.eldigitaldeasturias.com\\\/noticias\\\/#postaladdress\",\"@type\":\"PostalAddress\",\"streetAddress\":\"san antonio 4\",\"postalCode\":\"33430\",\"addressLocality\":\"Cand\\u00e1s\",\"addressRegion\":\"Asturias\",\"addressCountry\":\"ES\"}},{\"@type\":\"Person\",\"@id\":\"https:\\\/\\\/www.eldigitaldeasturias.com\\\/noticias\\\/author\\\/admin\\\/#author\",\"url\":\"https:\\\/\\\/www.eldigitaldeasturias.com\\\/noticias\\\/author\\\/admin\\\/\",\"name\":\"El Digital de Asturias\",\"image\":{\"@type\":\"ImageObject\",\"@id\":\"https:\\\/\\\/www.eldigitaldeasturias.com\\\/noticias\\\/el-gobierno-de-asturias-lamenta-la-muerte-de-uno-de-los-grandes-empresarios-contemporaneos\\\/#authorImage\",\"url\":\"https:\\\/\\\/secure.gravatar.com\\\/avatar\\\/df2aeffc32bcd13f8d26072ef8a91b623d677766deac7f97ca815868cd41bf5e?s=96&d=mm&r=g\",\"width\":96,\"height\":96,\"caption\":\"El Digital de Asturias\"}},{\"@type\":\"WebPage\",\"@id\":\"https:\\\/\\\/www.eldigitaldeasturias.com\\\/noticias\\\/el-gobierno-de-asturias-lamenta-la-muerte-de-uno-de-los-grandes-empresarios-contemporaneos\\\/#webpage\",\"url\":\"https:\\\/\\\/www.eldigitaldeasturias.com\\\/noticias\\\/el-gobierno-de-asturias-lamenta-la-muerte-de-uno-de-los-grandes-empresarios-contemporaneos\\\/\",\"name\":\"El gobierno de Asturias lamenta la muerte de \\u00abuno de los grandes empresarios contempor\\u00e1neos\\u00bb - El Digital de Asturias\",\"description\":\"Oviedo, 1 dic (EFE).- El portavoz del Gobierno del Principado, Guillermo Mart\\u00ednez, ha expresado hoy el pesar del Ejecutivo auton\\u00f3mico por el fallecimiento de Jos\\u00e9 Cosmen, al que ha calificado como \\\"uno de los grandes empresarios contempor\\u00e1neos\\\" de Asturias. Ha transmitido la condolencia del equipo de gobierno a la familia del empresario, muerto esta tarde\",\"inLanguage\":\"es-ES\",\"isPartOf\":{\"@id\":\"https:\\\/\\\/www.eldigitaldeasturias.com\\\/noticias\\\/#website\"},\"breadcrumb\":{\"@id\":\"https:\\\/\\\/www.eldigitaldeasturias.com\\\/noticias\\\/el-gobierno-de-asturias-lamenta-la-muerte-de-uno-de-los-grandes-empresarios-contemporaneos\\\/#breadcrumblist\"},\"author\":{\"@id\":\"https:\\\/\\\/www.eldigitaldeasturias.com\\\/noticias\\\/author\\\/admin\\\/#author\"},\"creator\":{\"@id\":\"https:\\\/\\\/www.eldigitaldeasturias.com\\\/noticias\\\/author\\\/admin\\\/#author\"},\"image\":{\"@type\":\"ImageObject\",\"url\":451220,\"@id\":\"https:\\\/\\\/www.eldigitaldeasturias.com\\\/noticias\\\/el-gobierno-de-asturias-lamenta-la-muerte-de-uno-de-los-grandes-empresarios-contemporaneos\\\/#mainImage\"},\"primaryImageOfPage\":{\"@id\":\"https:\\\/\\\/www.eldigitaldeasturias.com\\\/noticias\\\/el-gobierno-de-asturias-lamenta-la-muerte-de-uno-de-los-grandes-empresarios-contemporaneos\\\/#mainImage\"},\"datePublished\":\"2013-12-01T21:02:02+01:00\",\"dateModified\":\"2013-12-01T21:02:02+01:00\"},{\"@type\":\"WebSite\",\"@id\":\"https:\\\/\\\/www.eldigitaldeasturias.com\\\/noticias\\\/#website\",\"url\":\"https:\\\/\\\/www.eldigitaldeasturias.com\\\/noticias\\\/\",\"name\":\"El Digital de Asturias - Diario de actualidad y noticias\",\"alternateName\":\"El Digital de Asturias - Diario de actualidad y noticias\",\"description\":\"Hemeroteca\",\"inLanguage\":\"es-ES\",\"publisher\":{\"@id\":\"https:\\\/\\\/www.eldigitaldeasturias.com\\\/noticias\\\/#organization\"}}]}\n\t\t<\/script>\n\t\t<!-- All in One SEO Pro -->\r\n\t\t<title>El gobierno de Asturias lamenta la muerte de \u00abuno de los grandes empresarios contempor\u00e1neos\u00bb - El Digital de Asturias<\/title>\n\n","aioseo_head_json":{"title":"El gobierno de Asturias lamenta la muerte de \u00abuno de los grandes empresarios contempor\u00e1neos\u00bb - El Digital de Asturias","description":"Oviedo, 1 dic (EFE).- El portavoz del Gobierno del Principado, Guillermo Mart\u00ednez, ha expresado hoy el pesar del Ejecutivo auton\u00f3mico por el fallecimiento de Jos\u00e9 Cosmen, al que ha calificado como \"uno de los grandes empresarios contempor\u00e1neos\" de Asturias. Ha transmitido la condolencia del equipo de gobierno a la familia del empresario, muerto esta tarde","canonical_url":"https:\/\/www.eldigitaldeasturias.com\/noticias\/el-gobierno-de-asturias-lamenta-la-muerte-de-uno-de-los-grandes-empresarios-contemporaneos\/","robots":"max-image-preview:large","keywords":"actualidad asturias","webmasterTools":{"google-site-verification":"UA-38556648-1","msvalidate.01":"7dfe9f3f1b24437ab69f4f2559babe99","miscellaneous":""},"schema":{"@context":"https:\/\/schema.org","@graph":[{"@type":"BlogPosting","@id":"https:\/\/www.eldigitaldeasturias.com\/noticias\/el-gobierno-de-asturias-lamenta-la-muerte-de-uno-de-los-grandes-empresarios-contemporaneos\/#blogposting","name":"El gobierno de Asturias lamenta la muerte de \u00abuno de los grandes empresarios contempor\u00e1neos\u00bb - El Digital de Asturias","headline":"El gobierno de Asturias lamenta la muerte de \u00abuno de los grandes empresarios contempor\u00e1neos\u00bb","author":{"@id":"https:\/\/www.eldigitaldeasturias.com\/noticias\/author\/admin\/#author"},"publisher":{"@id":"https:\/\/www.eldigitaldeasturias.com\/noticias\/#organization"},"image":{"@type":"ImageObject","url":451220},"datePublished":"2013-12-01T21:02:02+01:00","dateModified":"2013-12-01T21:02:02+01:00","inLanguage":"es-ES","mainEntityOfPage":{"@id":"https:\/\/www.eldigitaldeasturias.com\/noticias\/el-gobierno-de-asturias-lamenta-la-muerte-de-uno-de-los-grandes-empresarios-contemporaneos\/#webpage"},"isPartOf":{"@id":"https:\/\/www.eldigitaldeasturias.com\/noticias\/el-gobierno-de-asturias-lamenta-la-muerte-de-uno-de-los-grandes-empresarios-contemporaneos\/#webpage"},"articleSection":"Actualidad Asturias"},{"@type":"BreadcrumbList","@id":"https:\/\/www.eldigitaldeasturias.com\/noticias\/el-gobierno-de-asturias-lamenta-la-muerte-de-uno-de-los-grandes-empresarios-contemporaneos\/#breadcrumblist","itemListElement":[{"@type":"ListItem","@id":"https:\/\/www.eldigitaldeasturias.com\/noticias#listItem","position":1,"name":"Home","item":"https:\/\/www.eldigitaldeasturias.com\/noticias","nextItem":{"@type":"ListItem","@id":"https:\/\/www.eldigitaldeasturias.com\/noticias\/category\/actualidad-asturias\/#listItem","name":"Actualidad Asturias"}},{"@type":"ListItem","@id":"https:\/\/www.eldigitaldeasturias.com\/noticias\/category\/actualidad-asturias\/#listItem","position":2,"name":"Actualidad Asturias","item":"https:\/\/www.eldigitaldeasturias.com\/noticias\/category\/actualidad-asturias\/","nextItem":{"@type":"ListItem","@id":"https:\/\/www.eldigitaldeasturias.com\/noticias\/el-gobierno-de-asturias-lamenta-la-muerte-de-uno-de-los-grandes-empresarios-contemporaneos\/#listItem","name":"El gobierno de Asturias lamenta la muerte de \u00abuno de los grandes empresarios contempor\u00e1neos\u00bb"},"previousItem":{"@type":"ListItem","@id":"https:\/\/www.eldigitaldeasturias.com\/noticias#listItem","name":"Home"}},{"@type":"ListItem","@id":"https:\/\/www.eldigitaldeasturias.com\/noticias\/el-gobierno-de-asturias-lamenta-la-muerte-de-uno-de-los-grandes-empresarios-contemporaneos\/#listItem","position":3,"name":"El gobierno de Asturias lamenta la muerte de \u00abuno de los grandes empresarios contempor\u00e1neos\u00bb","previousItem":{"@type":"ListItem","@id":"https:\/\/www.eldigitaldeasturias.com\/noticias\/category\/actualidad-asturias\/#listItem","name":"Actualidad Asturias"}}]},{"@type":"Organization","@id":"https:\/\/www.eldigitaldeasturias.com\/noticias\/#organization","name":"El Digital de Asturias","description":"Hemeroteca","url":"https:\/\/www.eldigitaldeasturias.com\/noticias\/","email":"info@eldigitaldeasturias.com","telephone":"+34652131393","logo":{"@type":"ImageObject","url":"https:\/\/www.eldigitaldeasturias.com\/noticias\/wp-content\/uploads\/2020\/12\/EDA.jpg","@id":"https:\/\/www.eldigitaldeasturias.com\/noticias\/el-gobierno-de-asturias-lamenta-la-muerte-de-uno-de-los-grandes-empresarios-contemporaneos\/#organizationLogo"},"image":{"@id":"https:\/\/www.eldigitaldeasturias.com\/noticias\/el-gobierno-de-asturias-lamenta-la-muerte-de-uno-de-los-grandes-empresarios-contemporaneos\/#organizationLogo"},"sameAs":["https:\/\/facebook.com\/eldigitaldeasturias","https:\/\/www.youtube.com\/channel\/UCZP-2wLEB9Rv6erhFmqVnvg"],"address":{"@id":"https:\/\/www.eldigitaldeasturias.com\/noticias\/#postaladdress","@type":"PostalAddress","streetAddress":"san antonio 4","postalCode":"33430","addressLocality":"Cand\u00e1s","addressRegion":"Asturias","addressCountry":"ES"}},{"@type":"Person","@id":"https:\/\/www.eldigitaldeasturias.com\/noticias\/author\/admin\/#author","url":"https:\/\/www.eldigitaldeasturias.com\/noticias\/author\/admin\/","name":"El Digital de Asturias","image":{"@type":"ImageObject","@id":"https:\/\/www.eldigitaldeasturias.com\/noticias\/el-gobierno-de-asturias-lamenta-la-muerte-de-uno-de-los-grandes-empresarios-contemporaneos\/#authorImage","url":"https:\/\/secure.gravatar.com\/avatar\/df2aeffc32bcd13f8d26072ef8a91b623d677766deac7f97ca815868cd41bf5e?s=96&d=mm&r=g","width":96,"height":96,"caption":"El Digital de Asturias"}},{"@type":"WebPage","@id":"https:\/\/www.eldigitaldeasturias.com\/noticias\/el-gobierno-de-asturias-lamenta-la-muerte-de-uno-de-los-grandes-empresarios-contemporaneos\/#webpage","url":"https:\/\/www.eldigitaldeasturias.com\/noticias\/el-gobierno-de-asturias-lamenta-la-muerte-de-uno-de-los-grandes-empresarios-contemporaneos\/","name":"El gobierno de Asturias lamenta la muerte de \u00abuno de los grandes empresarios contempor\u00e1neos\u00bb - El Digital de Asturias","description":"Oviedo, 1 dic (EFE).- El portavoz del Gobierno del Principado, Guillermo Mart\u00ednez, ha expresado hoy el pesar del Ejecutivo auton\u00f3mico por el fallecimiento de Jos\u00e9 Cosmen, al que ha calificado como \"uno de los grandes empresarios contempor\u00e1neos\" de Asturias. Ha transmitido la condolencia del equipo de gobierno a la familia del empresario, muerto esta tarde","inLanguage":"es-ES","isPartOf":{"@id":"https:\/\/www.eldigitaldeasturias.com\/noticias\/#website"},"breadcrumb":{"@id":"https:\/\/www.eldigitaldeasturias.com\/noticias\/el-gobierno-de-asturias-lamenta-la-muerte-de-uno-de-los-grandes-empresarios-contemporaneos\/#breadcrumblist"},"author":{"@id":"https:\/\/www.eldigitaldeasturias.com\/noticias\/author\/admin\/#author"},"creator":{"@id":"https:\/\/www.eldigitaldeasturias.com\/noticias\/author\/admin\/#author"},"image":{"@type":"ImageObject","url":451220,"@id":"https:\/\/www.eldigitaldeasturias.com\/noticias\/el-gobierno-de-asturias-lamenta-la-muerte-de-uno-de-los-grandes-empresarios-contemporaneos\/#mainImage"},"primaryImageOfPage":{"@id":"https:\/\/www.eldigitaldeasturias.com\/noticias\/el-gobierno-de-asturias-lamenta-la-muerte-de-uno-de-los-grandes-empresarios-contemporaneos\/#mainImage"},"datePublished":"2013-12-01T21:02:02+01:00","dateModified":"2013-12-01T21:02:02+01:00"},{"@type":"WebSite","@id":"https:\/\/www.eldigitaldeasturias.com\/noticias\/#website","url":"https:\/\/www.eldigitaldeasturias.com\/noticias\/","name":"El Digital de Asturias - Diario de actualidad y noticias","alternateName":"El Digital de Asturias - Diario de actualidad y noticias","description":"Hemeroteca","inLanguage":"es-ES","publisher":{"@id":"https:\/\/www.eldigitaldeasturias.com\/noticias\/#organization"}}]},"og:locale":"es_ES","og:site_name":"El Digital de Asturias","og:type":"article","og:title":"El gobierno de Asturias lamenta la muerte de \u00abuno de los grandes empresarios contempor\u00e1neos\u00bb - El Digital de Asturias","og:description":"Oviedo, 1 dic (EFE).- El portavoz del Gobierno del Principado, Guillermo Mart\u00ednez, ha expresado hoy el pesar del Ejecutivo auton\u00f3mico por el fallecimiento de Jos\u00e9 Cosmen, al que ha calificado como &quot;uno de los grandes empresarios contempor\u00e1neos&quot; de Asturias. Ha transmitido la condolencia del equipo de gobierno a la familia del empresario, muerto esta tarde","og:url":"https:\/\/www.eldigitaldeasturias.com\/noticias\/el-gobierno-de-asturias-lamenta-la-muerte-de-uno-de-los-grandes-empresarios-contemporaneos\/","article:tag":["actualidad asturias"],"article:published_time":"2013-12-01T22:02:02+00:00","article:modified_time":"2013-12-01T22:02:02+00:00","article:publisher":"https:\/\/facebook.com\/eldigitaldeasturias","twitter:card":"summary_large_image","twitter:title":"El gobierno de Asturias lamenta la muerte de \u00abuno de los grandes empresarios contempor\u00e1neos\u00bb - El Digital de Asturias","twitter:description":"Oviedo, 1 dic (EFE).- El portavoz del Gobierno del Principado, Guillermo Mart\u00ednez, ha expresado hoy el pesar del Ejecutivo auton\u00f3mico por el fallecimiento de Jos\u00e9 Cosmen, al que ha calificado como &quot;uno de los grandes empresarios contempor\u00e1neos&quot; de Asturias. Ha transmitido la condolencia del equipo de gobierno a la familia del empresario, muerto esta tarde","twitter:label1":"Escrito por","twitter:data1":"El Digital de Asturias","twitter:label2":"Tiempo de lectura estimado","twitter:data2":"1 minuto"},"aioseo_meta_data":{"post_id":"456569","title":null,"description":null,"keywords":null,"keyphrases":null,"primary_term":null,"canonical_url":null,"og_title":null,"og_description":null,"og_object_type":"default","og_image_type":"default","og_image_url":null,"og_image_width":null,"og_image_height":null,"og_image_custom_url":null,"og_image_custom_fields":null,"og_video":null,"og_custom_url":null,"og_article_section":null,"og_article_tags":null,"twitter_use_og":true,"twitter_card":"default","twitter_image_type":"default","twitter_image_url":null,"twitter_image_custom_url":null,"twitter_image_custom_fields":null,"twitter_title":null,"twitter_description":null,"schema":{"blockGraphs":[],"customGraphs":[],"default":{"data":{"Article":[],"Course":[],"Dataset":[],"FAQPage":[],"Movie":[],"Person":[],"Product":[],"ProductReview":[],"Car":[],"Recipe":[],"Service":[],"SoftwareApplication":[],"WebPage":[]},"graphName":"","isEnabled":true},"graphs":[],"defaultGraph":"","defaultPostTypeGraph":""},"schema_type":null,"schema_type_options":null,"pillar_content":false,"robots_default":true,"robots_noindex":false,"robots_noarchive":false,"robots_nosnippet":false,"robots_nofollow":false,"robots_noimageindex":false,"robots_noodp":false,"robots_notranslate":false,"robots_max_snippet":null,"robots_max_videopreview":null,"robots_max_imagepreview":"none","priority":null,"frequency":null,"local_seo":null,"seo_analyzer_scan_date":"2026-05-29 22:26:58","breadcrumb_settings":null,"limit_modified_date":false,"open_ai":null,"ai":null,"created":"2020-11-14 22:45:59","updated":"2026-05-29 22:26:58","focus_keyword":null,"additional_keywords":null,"truseo_locale":null},"aioseo_breadcrumb":"<div class=\"aioseo-breadcrumbs\"><span class=\"aioseo-breadcrumb\">\n\t<a href=\"https:\/\/www.eldigitaldeasturias.com\/noticias\" title=\"Home\">Home<\/a>\n<\/span><span class=\"aioseo-breadcrumb-separator\">\u2013<\/span><span class=\"aioseo-breadcrumb\">\n\t<a href=\"https:\/\/www.eldigitaldeasturias.com\/noticias\/category\/actualidad-asturias\/\" title=\"Actualidad Asturias\">Actualidad Asturias<\/a>\n<\/span><span class=\"aioseo-breadcrumb-separator\">\u2013<\/span><span class=\"aioseo-breadcrumb\">\n\t<a href=\"https:\/\/www.eldigitaldeasturias.com\/noticias\/el-gobierno-de-asturias-lamenta-la-muerte-de-uno-de-los-grandes-empresarios-contemporaneos\/\" title=\"El gobierno de Asturias lamenta la muerte de \u00abuno de los grandes empresarios contempor\u00e1neos\u00bb\">El gobierno de Asturias lamenta la muerte de \u00abuno de los grandes empresarios contempor\u00e1neos\u00bb<\/a>\n<\/span><\/div>","aioseo_breadcrumb_json":[{"label":"Home","link":"https:\/\/www.eldigitaldeasturias.com\/noticias"},{"label":"Actualidad Asturias","link":"https:\/\/www.eldigitaldeasturias.com\/noticias\/category\/actualidad-asturias\/"},{"label":"El gobierno de Asturias lamenta la muerte de \u00abuno de los grandes empresarios contempor\u00e1neos\u00bb","link":"https:\/\/www.eldigitaldeasturias.com\/noticias\/el-gobierno-de-asturias-lamenta-la-muerte-de-uno-de-los-grandes-empresarios-contemporaneos\/"}],"_links":{"self":[{"href":"https:\/\/www.eldigitaldeasturias.com\/noticias\/wp-json\/wp\/v2\/posts\/456569","targetHints":{"allow":["GET"]}}],"collection":[{"href":"https:\/\/www.eldigitaldeasturias.com\/noticias\/wp-json\/wp\/v2\/posts"}],"about":[{"href":"https:\/\/www.eldigitaldeasturias.com\/noticias\/wp-json\/wp\/v2\/types\/post"}],"author":[{"embeddable":true,"href":"https:\/\/www.eldigitaldeasturias.com\/noticias\/wp-json\/wp\/v2\/users\/1"}],"replies":[{"embeddable":true,"href":"https:\/\/www.eldigitaldeasturias.com\/noticias\/wp-json\/wp\/v2\/comments?post=456569"}],"version-history":[{"count":0,"href":"https:\/\/www.eldigitaldeasturias.com\/noticias\/wp-json\/wp\/v2\/posts\/456569\/revisions"}],"wp:attachment":[{"href":"https:\/\/www.eldigitaldeasturias.com\/noticias\/wp-json\/wp\/v2\/media?parent=456569"}],"wp:term":[{"taxonomy":"category","embeddable":true,"href":"https:\/\/www.eldigitaldeasturias.com\/noticias\/wp-json\/wp\/v2\/categories?post=456569"},{"taxonomy":"post_tag","embeddable":true,"href":"https:\/\/www.eldigitaldeasturias.com\/noticias\/wp-json\/wp\/v2\/tags?post=456569"}],"curies":[{"name":"wp","href":"https:\/\/api.w.org\/{rel}","templated":true}]}}