{"id":456564,"date":"2013-12-01T20:56:37","date_gmt":"2013-12-01T21:56:37","guid":{"rendered":"http:\/\/www.eldigitaldeasturias.com\/noticias\/?p=456564"},"modified":"2013-12-01T20:56:37","modified_gmt":"2013-12-01T21:56:37","slug":"fade-subraya-que-con-cosmen-se-va-un-ejemplo-empresarial-unico","status":"publish","type":"post","link":"https:\/\/www.eldigitaldeasturias.com\/noticias\/fade-subraya-que-con-cosmen-se-va-un-ejemplo-empresarial-unico\/","title":{"rendered":"FADE subraya que con Cosmen \u00abse va un ejemplo empresarial \u00fanico\u00bb"},"content":{"rendered":"<p><img loading=\"lazy\" decoding=\"async\" class=\"alignleft size-medium wp-image-456471\" alt=\"5765184w\" src=\"https:\/\/www.eldigitaldeasturias.com\/noticias\/wp-content\/uploads\/2013\/12\/5765184w-220x320.jpg\" width=\"220\" height=\"320\" \/>Oviedo, 1 dic (EFE).- El presidente en funciones de la Federaci\u00f3n Asturiana de Empresarios (FADE), C\u00e9sar Figaredo de la Mora, ha subrayado que con la muerte de Jos\u00e9 Cosmen \u00abse va un ejemplo empresarial \u00fanico que dif\u00edcilmente se volver\u00e1 a repetir\u00bb.<\/p>\n<p>\u00abLa noticia del fallecimiento de Jos\u00e9 Cosmen nos deja totalmente consternados\u00bb, ha declarado el tambi\u00e9n presidente de Femetal.<\/p>\n<p>A su juicio, se trata de \u00abuna p\u00e9rdida muy importante para Asturias en todos los sentidos\u00bb, ya que con Jos\u00e9 Cosmen \u00abse va una persona y un trabajador incansable, un hombre que ha dejado huella en la sociedad y en el mundo empresarial asturiano\u00bb.<\/p>\n<p>\u00abComo empresario solo sirven las buenas palabras para describirlo: impecable, emprendedor nato y, por encima de todo, una persona que lo que ha conseguido en la vida lo ha hecho trabajando\u00bb, ha concluido.<\/p>\n","protected":false},"excerpt":{"rendered":"<p>Oviedo, 1 dic (EFE).- El presidente en funciones de la Federaci\u00f3n Asturiana de Empresarios (FADE), C\u00e9sar Figaredo de la Mora, ha subrayado que con la muerte de Jos\u00e9 Cosmen \u00abse va un ejemplo empresarial \u00fanico que dif\u00edcilmente se volver\u00e1 a repetir\u00bb. \u00abLa noticia del fallecimiento de Jos\u00e9 Cosmen nos deja totalmente consternados\u00bb, ha declarado el [&hellip;]<\/p>\n","protected":false},"author":1,"featured_media":456471,"comment_status":"closed","ping_status":"open","sticky":false,"template":"","format":"standard","meta":{"footnotes":""},"categories":[12],"tags":[],"class_list":["post-456564","post","type-post","status-publish","format-standard","has-post-thumbnail","hentry","category-actualidad-asturias"],"aioseo_notices":[],"aioseo_head":"\n\t\t<!-- All in One SEO Pro 5.0.1 - aioseo.com -->\n\t<meta name=\"description\" content=\"Oviedo, 1 dic (EFE).- El presidente en funciones de la Federaci\u00f3n Asturiana de Empresarios (FADE), C\u00e9sar Figaredo de la Mora, ha subrayado que con la muerte de Jos\u00e9 Cosmen &quot;se va un ejemplo empresarial \u00fanico que dif\u00edcilmente se volver\u00e1 a repetir&quot;. &quot;La noticia del fallecimiento de Jos\u00e9 Cosmen nos deja totalmente consternados&quot;, ha declarado el\" \/>\n\t<meta name=\"robots\" content=\"max-image-preview:large\" \/>\n\t<meta name=\"author\" content=\"El Digital de Asturias\"\/>\n\t<meta name=\"google-site-verification\" content=\"UA-38556648-1\" \/>\n\t<meta name=\"msvalidate.01\" content=\"7dfe9f3f1b24437ab69f4f2559babe99\" \/>\n\t<meta name=\"keywords\" content=\"actualidad asturias\" \/>\n\t<link rel=\"canonical\" href=\"https:\/\/www.eldigitaldeasturias.com\/noticias\/fade-subraya-que-con-cosmen-se-va-un-ejemplo-empresarial-unico\/\" \/>\n\t<meta name=\"generator\" content=\"All in One SEO Pro (AIOSEO) 5.0.1\" \/>\n\t\t<meta property=\"og:locale\" content=\"es_ES\" \/>\n\t\t<meta property=\"og:site_name\" content=\"El Digital de Asturias\" \/>\n\t\t<meta property=\"og:type\" content=\"article\" \/>\n\t\t<meta property=\"og:title\" content=\"FADE subraya que con Cosmen \u00abse va un ejemplo empresarial \u00fanico\u00bb - El Digital de Asturias\" \/>\n\t\t<meta property=\"og:description\" content=\"Oviedo, 1 dic (EFE).- El presidente en funciones de la Federaci\u00f3n Asturiana de Empresarios (FADE), C\u00e9sar Figaredo de la Mora, ha subrayado que con la muerte de Jos\u00e9 Cosmen &quot;se va un ejemplo empresarial \u00fanico que dif\u00edcilmente se volver\u00e1 a repetir&quot;. &quot;La noticia del fallecimiento de Jos\u00e9 Cosmen nos deja totalmente consternados&quot;, ha declarado el\" \/>\n\t\t<meta property=\"og:url\" content=\"https:\/\/www.eldigitaldeasturias.com\/noticias\/fade-subraya-que-con-cosmen-se-va-un-ejemplo-empresarial-unico\/\" \/>\n\t\t<meta property=\"article:tag\" content=\"actualidad asturias\" \/>\n\t\t<meta property=\"article:published_time\" content=\"2013-12-01T21:56:37+00:00\" \/>\n\t\t<meta property=\"article:modified_time\" content=\"2013-12-01T21:56:37+00:00\" \/>\n\t\t<meta property=\"article:publisher\" content=\"https:\/\/facebook.com\/eldigitaldeasturias\" \/>\n\t\t<meta name=\"twitter:card\" content=\"summary_large_image\" \/>\n\t\t<meta name=\"twitter:title\" content=\"FADE subraya que con Cosmen \u00abse va un ejemplo empresarial \u00fanico\u00bb - El Digital de Asturias\" \/>\n\t\t<meta name=\"twitter:description\" content=\"Oviedo, 1 dic (EFE).- El presidente en funciones de la Federaci\u00f3n Asturiana de Empresarios (FADE), C\u00e9sar Figaredo de la Mora, ha subrayado que con la muerte de Jos\u00e9 Cosmen &quot;se va un ejemplo empresarial \u00fanico que dif\u00edcilmente se volver\u00e1 a repetir&quot;. &quot;La noticia del fallecimiento de Jos\u00e9 Cosmen nos deja totalmente consternados&quot;, ha declarado el\" \/>\n\t\t<meta name=\"twitter:label1\" content=\"Escrito por\" \/>\n\t\t<meta name=\"twitter:data1\" content=\"El Digital de Asturias\" \/>\n\t\t<meta name=\"twitter:label2\" content=\"Tiempo de lectura estimado\" \/>\n\t\t<meta name=\"twitter:data2\" content=\"1 minuto\" \/>\n\t\t<script type=\"application\/ld+json\" class=\"aioseo-schema\">\n\t\t\t{\"@context\":\"https:\\\/\\\/schema.org\",\"@graph\":[{\"@type\":\"BlogPosting\",\"@id\":\"https:\\\/\\\/www.eldigitaldeasturias.com\\\/noticias\\\/fade-subraya-que-con-cosmen-se-va-un-ejemplo-empresarial-unico\\\/#blogposting\",\"name\":\"FADE subraya que con Cosmen \\u00abse va un ejemplo empresarial \\u00fanico\\u00bb - El Digital de Asturias\",\"headline\":\"FADE subraya que con Cosmen \\u00abse va un ejemplo empresarial \\u00fanico\\u00bb\",\"author\":{\"@id\":\"https:\\\/\\\/www.eldigitaldeasturias.com\\\/noticias\\\/author\\\/admin\\\/#author\"},\"publisher\":{\"@id\":\"https:\\\/\\\/www.eldigitaldeasturias.com\\\/noticias\\\/#organization\"},\"image\":{\"@type\":\"ImageObject\",\"url\":456471},\"datePublished\":\"2013-12-01T20:56:37+01:00\",\"dateModified\":\"2013-12-01T20:56:37+01:00\",\"inLanguage\":\"es-ES\",\"mainEntityOfPage\":{\"@id\":\"https:\\\/\\\/www.eldigitaldeasturias.com\\\/noticias\\\/fade-subraya-que-con-cosmen-se-va-un-ejemplo-empresarial-unico\\\/#webpage\"},\"isPartOf\":{\"@id\":\"https:\\\/\\\/www.eldigitaldeasturias.com\\\/noticias\\\/fade-subraya-que-con-cosmen-se-va-un-ejemplo-empresarial-unico\\\/#webpage\"},\"articleSection\":\"Actualidad Asturias\"},{\"@type\":\"BreadcrumbList\",\"@id\":\"https:\\\/\\\/www.eldigitaldeasturias.com\\\/noticias\\\/fade-subraya-que-con-cosmen-se-va-un-ejemplo-empresarial-unico\\\/#breadcrumblist\",\"itemListElement\":[{\"@type\":\"ListItem\",\"@id\":\"https:\\\/\\\/www.eldigitaldeasturias.com\\\/noticias#listItem\",\"position\":1,\"name\":\"Home\",\"item\":\"https:\\\/\\\/www.eldigitaldeasturias.com\\\/noticias\",\"nextItem\":{\"@type\":\"ListItem\",\"@id\":\"https:\\\/\\\/www.eldigitaldeasturias.com\\\/noticias\\\/category\\\/actualidad-asturias\\\/#listItem\",\"name\":\"Actualidad Asturias\"}},{\"@type\":\"ListItem\",\"@id\":\"https:\\\/\\\/www.eldigitaldeasturias.com\\\/noticias\\\/category\\\/actualidad-asturias\\\/#listItem\",\"position\":2,\"name\":\"Actualidad Asturias\",\"item\":\"https:\\\/\\\/www.eldigitaldeasturias.com\\\/noticias\\\/category\\\/actualidad-asturias\\\/\",\"nextItem\":{\"@type\":\"ListItem\",\"@id\":\"https:\\\/\\\/www.eldigitaldeasturias.com\\\/noticias\\\/fade-subraya-que-con-cosmen-se-va-un-ejemplo-empresarial-unico\\\/#listItem\",\"name\":\"FADE subraya que con Cosmen \\u00abse va un ejemplo empresarial \\u00fanico\\u00bb\"},\"previousItem\":{\"@type\":\"ListItem\",\"@id\":\"https:\\\/\\\/www.eldigitaldeasturias.com\\\/noticias#listItem\",\"name\":\"Home\"}},{\"@type\":\"ListItem\",\"@id\":\"https:\\\/\\\/www.eldigitaldeasturias.com\\\/noticias\\\/fade-subraya-que-con-cosmen-se-va-un-ejemplo-empresarial-unico\\\/#listItem\",\"position\":3,\"name\":\"FADE subraya que con Cosmen \\u00abse va un ejemplo empresarial \\u00fanico\\u00bb\",\"previousItem\":{\"@type\":\"ListItem\",\"@id\":\"https:\\\/\\\/www.eldigitaldeasturias.com\\\/noticias\\\/category\\\/actualidad-asturias\\\/#listItem\",\"name\":\"Actualidad Asturias\"}}]},{\"@type\":\"Organization\",\"@id\":\"https:\\\/\\\/www.eldigitaldeasturias.com\\\/noticias\\\/#organization\",\"name\":\"El Digital de Asturias\",\"description\":\"Hemeroteca\",\"url\":\"https:\\\/\\\/www.eldigitaldeasturias.com\\\/noticias\\\/\",\"email\":\"info@eldigitaldeasturias.com\",\"telephone\":\"+34652131393\",\"logo\":{\"@type\":\"ImageObject\",\"url\":\"https:\\\/\\\/www.eldigitaldeasturias.com\\\/noticias\\\/wp-content\\\/uploads\\\/2020\\\/12\\\/EDA.jpg\",\"@id\":\"https:\\\/\\\/www.eldigitaldeasturias.com\\\/noticias\\\/fade-subraya-que-con-cosmen-se-va-un-ejemplo-empresarial-unico\\\/#organizationLogo\"},\"image\":{\"@id\":\"https:\\\/\\\/www.eldigitaldeasturias.com\\\/noticias\\\/fade-subraya-que-con-cosmen-se-va-un-ejemplo-empresarial-unico\\\/#organizationLogo\"},\"sameAs\":[\"https:\\\/\\\/facebook.com\\\/eldigitaldeasturias\",\"https:\\\/\\\/www.youtube.com\\\/channel\\\/UCZP-2wLEB9Rv6erhFmqVnvg\"],\"address\":{\"@id\":\"https:\\\/\\\/www.eldigitaldeasturias.com\\\/noticias\\\/#postaladdress\",\"@type\":\"PostalAddress\",\"streetAddress\":\"san antonio 4\",\"postalCode\":\"33430\",\"addressLocality\":\"Cand\\u00e1s\",\"addressRegion\":\"Asturias\",\"addressCountry\":\"ES\"}},{\"@type\":\"Person\",\"@id\":\"https:\\\/\\\/www.eldigitaldeasturias.com\\\/noticias\\\/author\\\/admin\\\/#author\",\"url\":\"https:\\\/\\\/www.eldigitaldeasturias.com\\\/noticias\\\/author\\\/admin\\\/\",\"name\":\"El Digital de Asturias\",\"image\":{\"@type\":\"ImageObject\",\"@id\":\"https:\\\/\\\/www.eldigitaldeasturias.com\\\/noticias\\\/fade-subraya-que-con-cosmen-se-va-un-ejemplo-empresarial-unico\\\/#authorImage\",\"url\":\"https:\\\/\\\/secure.gravatar.com\\\/avatar\\\/df2aeffc32bcd13f8d26072ef8a91b623d677766deac7f97ca815868cd41bf5e?s=96&d=mm&r=g\",\"width\":96,\"height\":96,\"caption\":\"El Digital de Asturias\"}},{\"@type\":\"WebPage\",\"@id\":\"https:\\\/\\\/www.eldigitaldeasturias.com\\\/noticias\\\/fade-subraya-que-con-cosmen-se-va-un-ejemplo-empresarial-unico\\\/#webpage\",\"url\":\"https:\\\/\\\/www.eldigitaldeasturias.com\\\/noticias\\\/fade-subraya-que-con-cosmen-se-va-un-ejemplo-empresarial-unico\\\/\",\"name\":\"FADE subraya que con Cosmen \\u00abse va un ejemplo empresarial \\u00fanico\\u00bb - El Digital de Asturias\",\"description\":\"Oviedo, 1 dic (EFE).- El presidente en funciones de la Federaci\\u00f3n Asturiana de Empresarios (FADE), C\\u00e9sar Figaredo de la Mora, ha subrayado que con la muerte de Jos\\u00e9 Cosmen \\\"se va un ejemplo empresarial \\u00fanico que dif\\u00edcilmente se volver\\u00e1 a repetir\\\". \\\"La noticia del fallecimiento de Jos\\u00e9 Cosmen nos deja totalmente consternados\\\", ha declarado el\",\"inLanguage\":\"es-ES\",\"isPartOf\":{\"@id\":\"https:\\\/\\\/www.eldigitaldeasturias.com\\\/noticias\\\/#website\"},\"breadcrumb\":{\"@id\":\"https:\\\/\\\/www.eldigitaldeasturias.com\\\/noticias\\\/fade-subraya-que-con-cosmen-se-va-un-ejemplo-empresarial-unico\\\/#breadcrumblist\"},\"author\":{\"@id\":\"https:\\\/\\\/www.eldigitaldeasturias.com\\\/noticias\\\/author\\\/admin\\\/#author\"},\"creator\":{\"@id\":\"https:\\\/\\\/www.eldigitaldeasturias.com\\\/noticias\\\/author\\\/admin\\\/#author\"},\"image\":{\"@type\":\"ImageObject\",\"url\":456471,\"@id\":\"https:\\\/\\\/www.eldigitaldeasturias.com\\\/noticias\\\/fade-subraya-que-con-cosmen-se-va-un-ejemplo-empresarial-unico\\\/#mainImage\"},\"primaryImageOfPage\":{\"@id\":\"https:\\\/\\\/www.eldigitaldeasturias.com\\\/noticias\\\/fade-subraya-que-con-cosmen-se-va-un-ejemplo-empresarial-unico\\\/#mainImage\"},\"datePublished\":\"2013-12-01T20:56:37+01:00\",\"dateModified\":\"2013-12-01T20:56:37+01:00\"},{\"@type\":\"WebSite\",\"@id\":\"https:\\\/\\\/www.eldigitaldeasturias.com\\\/noticias\\\/#website\",\"url\":\"https:\\\/\\\/www.eldigitaldeasturias.com\\\/noticias\\\/\",\"name\":\"El Digital de Asturias - Diario de actualidad y noticias\",\"alternateName\":\"El Digital de Asturias - Diario de actualidad y noticias\",\"description\":\"Hemeroteca\",\"inLanguage\":\"es-ES\",\"publisher\":{\"@id\":\"https:\\\/\\\/www.eldigitaldeasturias.com\\\/noticias\\\/#organization\"}}]}\n\t\t<\/script>\n\t\t<!-- All in One SEO Pro -->\r\n\t\t<title>FADE subraya que con Cosmen \u00abse va un ejemplo empresarial \u00fanico\u00bb - El Digital de Asturias<\/title>\n\n","aioseo_head_json":{"title":"FADE subraya que con Cosmen \u00abse va un ejemplo empresarial \u00fanico\u00bb - El Digital de Asturias","description":"Oviedo, 1 dic (EFE).- El presidente en funciones de la Federaci\u00f3n Asturiana de Empresarios (FADE), C\u00e9sar Figaredo de la Mora, ha subrayado que con la muerte de Jos\u00e9 Cosmen \"se va un ejemplo empresarial \u00fanico que dif\u00edcilmente se volver\u00e1 a repetir\". \"La noticia del fallecimiento de Jos\u00e9 Cosmen nos deja totalmente consternados\", ha declarado el","canonical_url":"https:\/\/www.eldigitaldeasturias.com\/noticias\/fade-subraya-que-con-cosmen-se-va-un-ejemplo-empresarial-unico\/","robots":"max-image-preview:large","keywords":"actualidad asturias","webmasterTools":{"google-site-verification":"UA-38556648-1","msvalidate.01":"7dfe9f3f1b24437ab69f4f2559babe99","miscellaneous":""},"schema":{"@context":"https:\/\/schema.org","@graph":[{"@type":"BlogPosting","@id":"https:\/\/www.eldigitaldeasturias.com\/noticias\/fade-subraya-que-con-cosmen-se-va-un-ejemplo-empresarial-unico\/#blogposting","name":"FADE subraya que con Cosmen \u00abse va un ejemplo empresarial \u00fanico\u00bb - El Digital de Asturias","headline":"FADE subraya que con Cosmen \u00abse va un ejemplo empresarial \u00fanico\u00bb","author":{"@id":"https:\/\/www.eldigitaldeasturias.com\/noticias\/author\/admin\/#author"},"publisher":{"@id":"https:\/\/www.eldigitaldeasturias.com\/noticias\/#organization"},"image":{"@type":"ImageObject","url":456471},"datePublished":"2013-12-01T20:56:37+01:00","dateModified":"2013-12-01T20:56:37+01:00","inLanguage":"es-ES","mainEntityOfPage":{"@id":"https:\/\/www.eldigitaldeasturias.com\/noticias\/fade-subraya-que-con-cosmen-se-va-un-ejemplo-empresarial-unico\/#webpage"},"isPartOf":{"@id":"https:\/\/www.eldigitaldeasturias.com\/noticias\/fade-subraya-que-con-cosmen-se-va-un-ejemplo-empresarial-unico\/#webpage"},"articleSection":"Actualidad Asturias"},{"@type":"BreadcrumbList","@id":"https:\/\/www.eldigitaldeasturias.com\/noticias\/fade-subraya-que-con-cosmen-se-va-un-ejemplo-empresarial-unico\/#breadcrumblist","itemListElement":[{"@type":"ListItem","@id":"https:\/\/www.eldigitaldeasturias.com\/noticias#listItem","position":1,"name":"Home","item":"https:\/\/www.eldigitaldeasturias.com\/noticias","nextItem":{"@type":"ListItem","@id":"https:\/\/www.eldigitaldeasturias.com\/noticias\/category\/actualidad-asturias\/#listItem","name":"Actualidad Asturias"}},{"@type":"ListItem","@id":"https:\/\/www.eldigitaldeasturias.com\/noticias\/category\/actualidad-asturias\/#listItem","position":2,"name":"Actualidad Asturias","item":"https:\/\/www.eldigitaldeasturias.com\/noticias\/category\/actualidad-asturias\/","nextItem":{"@type":"ListItem","@id":"https:\/\/www.eldigitaldeasturias.com\/noticias\/fade-subraya-que-con-cosmen-se-va-un-ejemplo-empresarial-unico\/#listItem","name":"FADE subraya que con Cosmen \u00abse va un ejemplo empresarial \u00fanico\u00bb"},"previousItem":{"@type":"ListItem","@id":"https:\/\/www.eldigitaldeasturias.com\/noticias#listItem","name":"Home"}},{"@type":"ListItem","@id":"https:\/\/www.eldigitaldeasturias.com\/noticias\/fade-subraya-que-con-cosmen-se-va-un-ejemplo-empresarial-unico\/#listItem","position":3,"name":"FADE subraya que con Cosmen \u00abse va un ejemplo empresarial \u00fanico\u00bb","previousItem":{"@type":"ListItem","@id":"https:\/\/www.eldigitaldeasturias.com\/noticias\/category\/actualidad-asturias\/#listItem","name":"Actualidad Asturias"}}]},{"@type":"Organization","@id":"https:\/\/www.eldigitaldeasturias.com\/noticias\/#organization","name":"El Digital de Asturias","description":"Hemeroteca","url":"https:\/\/www.eldigitaldeasturias.com\/noticias\/","email":"info@eldigitaldeasturias.com","telephone":"+34652131393","logo":{"@type":"ImageObject","url":"https:\/\/www.eldigitaldeasturias.com\/noticias\/wp-content\/uploads\/2020\/12\/EDA.jpg","@id":"https:\/\/www.eldigitaldeasturias.com\/noticias\/fade-subraya-que-con-cosmen-se-va-un-ejemplo-empresarial-unico\/#organizationLogo"},"image":{"@id":"https:\/\/www.eldigitaldeasturias.com\/noticias\/fade-subraya-que-con-cosmen-se-va-un-ejemplo-empresarial-unico\/#organizationLogo"},"sameAs":["https:\/\/facebook.com\/eldigitaldeasturias","https:\/\/www.youtube.com\/channel\/UCZP-2wLEB9Rv6erhFmqVnvg"],"address":{"@id":"https:\/\/www.eldigitaldeasturias.com\/noticias\/#postaladdress","@type":"PostalAddress","streetAddress":"san antonio 4","postalCode":"33430","addressLocality":"Cand\u00e1s","addressRegion":"Asturias","addressCountry":"ES"}},{"@type":"Person","@id":"https:\/\/www.eldigitaldeasturias.com\/noticias\/author\/admin\/#author","url":"https:\/\/www.eldigitaldeasturias.com\/noticias\/author\/admin\/","name":"El Digital de Asturias","image":{"@type":"ImageObject","@id":"https:\/\/www.eldigitaldeasturias.com\/noticias\/fade-subraya-que-con-cosmen-se-va-un-ejemplo-empresarial-unico\/#authorImage","url":"https:\/\/secure.gravatar.com\/avatar\/df2aeffc32bcd13f8d26072ef8a91b623d677766deac7f97ca815868cd41bf5e?s=96&d=mm&r=g","width":96,"height":96,"caption":"El Digital de Asturias"}},{"@type":"WebPage","@id":"https:\/\/www.eldigitaldeasturias.com\/noticias\/fade-subraya-que-con-cosmen-se-va-un-ejemplo-empresarial-unico\/#webpage","url":"https:\/\/www.eldigitaldeasturias.com\/noticias\/fade-subraya-que-con-cosmen-se-va-un-ejemplo-empresarial-unico\/","name":"FADE subraya que con Cosmen \u00abse va un ejemplo empresarial \u00fanico\u00bb - El Digital de Asturias","description":"Oviedo, 1 dic (EFE).- El presidente en funciones de la Federaci\u00f3n Asturiana de Empresarios (FADE), C\u00e9sar Figaredo de la Mora, ha subrayado que con la muerte de Jos\u00e9 Cosmen \"se va un ejemplo empresarial \u00fanico que dif\u00edcilmente se volver\u00e1 a repetir\". \"La noticia del fallecimiento de Jos\u00e9 Cosmen nos deja totalmente consternados\", ha declarado el","inLanguage":"es-ES","isPartOf":{"@id":"https:\/\/www.eldigitaldeasturias.com\/noticias\/#website"},"breadcrumb":{"@id":"https:\/\/www.eldigitaldeasturias.com\/noticias\/fade-subraya-que-con-cosmen-se-va-un-ejemplo-empresarial-unico\/#breadcrumblist"},"author":{"@id":"https:\/\/www.eldigitaldeasturias.com\/noticias\/author\/admin\/#author"},"creator":{"@id":"https:\/\/www.eldigitaldeasturias.com\/noticias\/author\/admin\/#author"},"image":{"@type":"ImageObject","url":456471,"@id":"https:\/\/www.eldigitaldeasturias.com\/noticias\/fade-subraya-que-con-cosmen-se-va-un-ejemplo-empresarial-unico\/#mainImage"},"primaryImageOfPage":{"@id":"https:\/\/www.eldigitaldeasturias.com\/noticias\/fade-subraya-que-con-cosmen-se-va-un-ejemplo-empresarial-unico\/#mainImage"},"datePublished":"2013-12-01T20:56:37+01:00","dateModified":"2013-12-01T20:56:37+01:00"},{"@type":"WebSite","@id":"https:\/\/www.eldigitaldeasturias.com\/noticias\/#website","url":"https:\/\/www.eldigitaldeasturias.com\/noticias\/","name":"El Digital de Asturias - Diario de actualidad y noticias","alternateName":"El Digital de Asturias - Diario de actualidad y noticias","description":"Hemeroteca","inLanguage":"es-ES","publisher":{"@id":"https:\/\/www.eldigitaldeasturias.com\/noticias\/#organization"}}]},"og:locale":"es_ES","og:site_name":"El Digital de Asturias","og:type":"article","og:title":"FADE subraya que con Cosmen \u00abse va un ejemplo empresarial \u00fanico\u00bb - El Digital de Asturias","og:description":"Oviedo, 1 dic (EFE).- El presidente en funciones de la Federaci\u00f3n Asturiana de Empresarios (FADE), C\u00e9sar Figaredo de la Mora, ha subrayado que con la muerte de Jos\u00e9 Cosmen &quot;se va un ejemplo empresarial \u00fanico que dif\u00edcilmente se volver\u00e1 a repetir&quot;. &quot;La noticia del fallecimiento de Jos\u00e9 Cosmen nos deja totalmente consternados&quot;, ha declarado el","og:url":"https:\/\/www.eldigitaldeasturias.com\/noticias\/fade-subraya-que-con-cosmen-se-va-un-ejemplo-empresarial-unico\/","article:tag":["actualidad asturias"],"article:published_time":"2013-12-01T21:56:37+00:00","article:modified_time":"2013-12-01T21:56:37+00:00","article:publisher":"https:\/\/facebook.com\/eldigitaldeasturias","twitter:card":"summary_large_image","twitter:title":"FADE subraya que con Cosmen \u00abse va un ejemplo empresarial \u00fanico\u00bb - El Digital de Asturias","twitter:description":"Oviedo, 1 dic (EFE).- El presidente en funciones de la Federaci\u00f3n Asturiana de Empresarios (FADE), C\u00e9sar Figaredo de la Mora, ha subrayado que con la muerte de Jos\u00e9 Cosmen &quot;se va un ejemplo empresarial \u00fanico que dif\u00edcilmente se volver\u00e1 a repetir&quot;. &quot;La noticia del fallecimiento de Jos\u00e9 Cosmen nos deja totalmente consternados&quot;, ha declarado el","twitter:label1":"Escrito por","twitter:data1":"El Digital de Asturias","twitter:label2":"Tiempo de lectura estimado","twitter:data2":"1 minuto"},"aioseo_meta_data":{"post_id":"456564","title":null,"description":null,"keywords":null,"keyphrases":null,"primary_term":null,"canonical_url":null,"og_title":null,"og_description":null,"og_object_type":"default","og_image_type":"default","og_image_url":null,"og_image_width":null,"og_image_height":null,"og_image_custom_url":null,"og_image_custom_fields":null,"og_video":null,"og_custom_url":null,"og_article_section":null,"og_article_tags":null,"twitter_use_og":true,"twitter_card":"default","twitter_image_type":"default","twitter_image_url":null,"twitter_image_custom_url":null,"twitter_image_custom_fields":null,"twitter_title":null,"twitter_description":null,"schema":{"blockGraphs":[],"customGraphs":[],"default":{"data":{"Article":[],"Course":[],"Dataset":[],"FAQPage":[],"Movie":[],"Person":[],"Product":[],"ProductReview":[],"Car":[],"Recipe":[],"Service":[],"SoftwareApplication":[],"WebPage":[]},"graphName":"","isEnabled":true},"graphs":[],"defaultGraph":"","defaultPostTypeGraph":""},"schema_type":null,"schema_type_options":null,"pillar_content":false,"robots_default":true,"robots_noindex":false,"robots_noarchive":false,"robots_nosnippet":false,"robots_nofollow":false,"robots_noimageindex":false,"robots_noodp":false,"robots_notranslate":false,"robots_max_snippet":null,"robots_max_videopreview":null,"robots_max_imagepreview":"none","priority":null,"frequency":null,"local_seo":null,"seo_analyzer_scan_date":"2026-05-29 22:25:07","breadcrumb_settings":null,"limit_modified_date":false,"open_ai":null,"ai":null,"created":"2020-11-14 22:45:59","updated":"2026-05-29 22:25:07","focus_keyword":null,"additional_keywords":null,"truseo_locale":null},"aioseo_breadcrumb":"<div class=\"aioseo-breadcrumbs\"><span class=\"aioseo-breadcrumb\">\n\t<a href=\"https:\/\/www.eldigitaldeasturias.com\/noticias\" title=\"Home\">Home<\/a>\n<\/span><span class=\"aioseo-breadcrumb-separator\">\u2013<\/span><span class=\"aioseo-breadcrumb\">\n\t<a href=\"https:\/\/www.eldigitaldeasturias.com\/noticias\/category\/actualidad-asturias\/\" title=\"Actualidad Asturias\">Actualidad Asturias<\/a>\n<\/span><span class=\"aioseo-breadcrumb-separator\">\u2013<\/span><span class=\"aioseo-breadcrumb\">\n\t<a href=\"https:\/\/www.eldigitaldeasturias.com\/noticias\/fade-subraya-que-con-cosmen-se-va-un-ejemplo-empresarial-unico\/\" title=\"FADE subraya que con Cosmen \u00abse va un ejemplo empresarial \u00fanico\u00bb\">FADE subraya que con Cosmen \u00abse va un ejemplo empresarial \u00fanico\u00bb<\/a>\n<\/span><\/div>","aioseo_breadcrumb_json":[{"label":"Home","link":"https:\/\/www.eldigitaldeasturias.com\/noticias"},{"label":"Actualidad Asturias","link":"https:\/\/www.eldigitaldeasturias.com\/noticias\/category\/actualidad-asturias\/"},{"label":"FADE subraya que con Cosmen \u00abse va un ejemplo empresarial \u00fanico\u00bb","link":"https:\/\/www.eldigitaldeasturias.com\/noticias\/fade-subraya-que-con-cosmen-se-va-un-ejemplo-empresarial-unico\/"}],"_links":{"self":[{"href":"https:\/\/www.eldigitaldeasturias.com\/noticias\/wp-json\/wp\/v2\/posts\/456564","targetHints":{"allow":["GET"]}}],"collection":[{"href":"https:\/\/www.eldigitaldeasturias.com\/noticias\/wp-json\/wp\/v2\/posts"}],"about":[{"href":"https:\/\/www.eldigitaldeasturias.com\/noticias\/wp-json\/wp\/v2\/types\/post"}],"author":[{"embeddable":true,"href":"https:\/\/www.eldigitaldeasturias.com\/noticias\/wp-json\/wp\/v2\/users\/1"}],"replies":[{"embeddable":true,"href":"https:\/\/www.eldigitaldeasturias.com\/noticias\/wp-json\/wp\/v2\/comments?post=456564"}],"version-history":[{"count":0,"href":"https:\/\/www.eldigitaldeasturias.com\/noticias\/wp-json\/wp\/v2\/posts\/456564\/revisions"}],"wp:attachment":[{"href":"https:\/\/www.eldigitaldeasturias.com\/noticias\/wp-json\/wp\/v2\/media?parent=456564"}],"wp:term":[{"taxonomy":"category","embeddable":true,"href":"https:\/\/www.eldigitaldeasturias.com\/noticias\/wp-json\/wp\/v2\/categories?post=456564"},{"taxonomy":"post_tag","embeddable":true,"href":"https:\/\/www.eldigitaldeasturias.com\/noticias\/wp-json\/wp\/v2\/tags?post=456564"}],"curies":[{"name":"wp","href":"https:\/\/api.w.org\/{rel}","templated":true}]}}