{"id":456561,"date":"2013-12-01T20:51:58","date_gmt":"2013-12-01T21:51:58","guid":{"rendered":"http:\/\/www.eldigitaldeasturias.com\/noticias\/?p=456561"},"modified":"2013-12-01T20:51:58","modified_gmt":"2013-12-01T21:51:58","slug":"la-piedra-de-axlor-aviva-el-debate-de-la-capacidad-artistica-del-neandertal","status":"publish","type":"post","link":"https:\/\/www.eldigitaldeasturias.com\/noticias\/la-piedra-de-axlor-aviva-el-debate-de-la-capacidad-artistica-del-neandertal\/","title":{"rendered":"La piedra de Axlor aviva el debate de la capacidad art\u00edstica del neandertal"},"content":{"rendered":"<p><img loading=\"lazy\" decoding=\"async\" class=\"alignleft size-medium wp-image-456562\" alt=\"5764725w\" src=\"https:\/\/www.eldigitaldeasturias.com\/noticias\/wp-content\/uploads\/2013\/12\/5764725w-358x320.jpg\" width=\"358\" height=\"320\" \/>San Sebasti\u00e1n, 1 dic (EFE).- Un peque\u00f1o canto hallado en los 70 en la cueva de Axlor (Bizkaia) con una sencilla equis grabada por un neandertal ha contribuido ahora, m\u00e1s de 40 a\u00f1os despu\u00e9s de su descubrimiento, a avivar con fuerza el debate sobre la capacidad art\u00edstica de esta especie, gracias a un estudio de la UPV-EHU.<\/p>\n<p>El trabajo, elaborado por el profesor titular del departamento de Geograf\u00eda, Prehistoria y Arqueolog\u00eda de la Universidad del Pa\u00eds Vasco Marcos Garc\u00eda-D\u00edez, el catedr\u00e1tico Ignacio Barandiaran y la profesora Blanca Ochoa, defiende que el \u00abcomportamiento gr\u00e1fico\u00bb no es una caracter\u00edstica asociada \u00fanicamente al Homo sapiens, como se pensaba hasta ahora sino que tambi\u00e9n es propio de otras especies humanas anteriores, especialmente del neandertal.<\/p>\n<p>El art\u00edculo, que ha sido publicado en la prestigiosa revista cient\u00edfica estadounidense \u00abJournal of Antropological Research\u00bb, incide asimismo en el actual debate cient\u00edfico sobre si nuestros \u00abprimos\u00bb neandertales podr\u00edan ser los autores de algunas formas simb\u00f3licas muy sencillas, con edades situadas en torno a los 41.000 a\u00f1os de antig\u00fcedad, pintadas en varias cuevas europeas.<\/p>\n<p>Seg\u00fan explica a EFE uno de los autores del estudio, Marcos Garc\u00eda-D\u00edez, este debate es de gran relevancia porque da idea de la complejidad de la mente neandertal y porque el comportamiento art\u00edstico forma parte del simbolismo, vinculado a su vez al origen de la m\u00fasica, el lenguaje y los enterramientos, entre otros aspectos culturales que consideramos \u00abmodernos\u00bb y que \u00abtradicionalmente\u00bb han sido atribuidos en exclusiva al Homo sapiens.<\/p>\n<p>Un \u00abparadigma\u00bb que, en opini\u00f3n de Garc\u00eda-D\u00edez, est\u00e1 \u00abempezando a verse fracturado\u00bb en los \u00faltimos a\u00f1os por el estudio de piezas como la piedra de Axlor, un canto de arenisca de unos seis cent\u00edmetros de di\u00e1metro, recuperado por el antrop\u00f3logo Jos\u00e9 Miguel de Barandiaran en una cueva de Dima (Bizkaia) y revisado ahora por el grupo de Prehistoria de la UPV-EHU.<\/p>\n<p>La piedra, de factura neandertal y de forma esf\u00e9rica en sus or\u00edgenes, fue hallada en un nivel de hace al menos 48.000 a\u00f1os. Su autor le dio un golpe para crear una superficie plana y grabar en ella, a base de peque\u00f1os golpes, dos l\u00edneas que se cruzan.<\/p>\n<p>\u00abEsto -explica Garc\u00eda-D\u00edez- es lo que dentro del mundo del neandertal se conoce como comportamiento gr\u00e1fico. No es arte figurativo en ning\u00fan momento. No representa una figura humana o animal sino que son siempre composiciones de l\u00edneas\u00bb, aclara el investigador, quien cree que el grafismo neandertal podr\u00eda responder a \u00abcuestiones de reorganizaci\u00f3n social\u00bb e \u00abidentidad colectiva\u00bb.<\/p>\n<p>El catedr\u00e1tico de Prehistoria de la Universidad de Valencia, Valent\u00edn Villaverde, comparte esta tesis sobre la capacidad de los neandertales para el \u00abgrafismo\u00bb, algo que ve \u00abperfectamente posible\u00bb, pues el canto de Axlor es s\u00f3lo una entre \u00abotras piezas halladas en contextos cronol\u00f3gicos similares\u00bb que tienen tambi\u00e9n \u00absistemas de cruces y l\u00edneas paralelas\u00bb.<\/p>\n<p>Villaverde considera que, con este tipo de evidencias, \u00abhoy en d\u00eda\u00bb tiene que \u00abasumirse\u00bb que la \u00abcapacidad de expresi\u00f3n simb\u00f3lica en todas sus manifestaciones posibles, como los enterramientos y el lenguaje\u00bb tambi\u00e9n \u00abforma parte\u00bb de los neandertales.<\/p>\n<p>Un paso m\u00e1s all\u00e1 va el profesor de Antropolog\u00eda de la Universidad de Nuevo M\u00e9xico (EEUU) Lawrence Guy Straus al considerar que \u00ablos primeros pasos del arte\u00bb fueron dados por los neandertales y los Homo sapiens m\u00e1s antiguos, e \u00abincluso antes\u00bb por el Homo heidelbergensis.<\/p>\n<p>Guy Straus constata que \u00abmarcar\u00bb objetos como piedras o huesos con puntos, rayas o c\u00edrculos fue \u00abun comportamiento espor\u00e1dico entre humanos tempranos\u00bb anteriores a hace 40.000. Algo que no se generaliz\u00f3, porque \u00abno hab\u00eda mucha gente con quienes compartir o a quienes ense\u00f1ar en una situaci\u00f3n de demograf\u00eda muy baja\u00bb, concreta.<\/p>\n<p>El miembro del Centro Nacional de Investigaci\u00f3n sobre la Evoluci\u00f3n Humana (CENIEH) Joseba R\u00edos es m\u00e1s cr\u00edtico con evidencias como el canto de Axlor, en el que reconoce \u00abuna serie de huellas de manipulaci\u00f3n intencional\u00bb que sin embargo \u00e9l no entiende que \u00abdeban ser interpretadas necesariamente como una representaci\u00f3n simb\u00f3lica\u00bb.<\/p>\n<p>\u00abEs cierto que el comportamiento simb\u00f3lico en los neandertales est\u00e1 acreditado, porque hay evidencias bastante s\u00f3lidas de que practicaban enterramientos y hay yacimientos en los que incluso se han encontrado objetos de adorno\u00bb, explica R\u00edos, quien no obstante aclara que \u00abla manifestaci\u00f3n f\u00edsica de esas capacidades simb\u00f3licas es siempre muy elusiva\u00bb en esta especie, lo que le hace ser \u00abesc\u00e9ptico\u00bb respecto a ellas.<\/p>\n<p>Asimismo, el profesor de la UPV \u00c1lvaro Arrizabalaga recuerda que en Europa hay una \u00abmedia docena de objetos curiosos y llamativos\u00bb asociados a neandertales y a grupos incluso anteriores, entre los que, a su juicio, el canto de Axlor ser\u00eda \u00abuno m\u00e1s\u00bb.<\/p>\n<p>Se trata de piezas que \u00abprobablemente requieren una reflexi\u00f3n pero que todav\u00eda no marcan una tendencia irreversible\u00bb sobre el comportamiento gr\u00e1fico neandertal. \u00abA\u00fan falta por lo menos otra media docena de objetos peculiares en contextos indiscutibles y en circunstancias incontestables para empezar a hablar de esto con un poquito de seguridad\u00bb, insiste.<\/p>\n<p>\u00abYo voy a ser el primero que, en cuanto tenga una prueba incontestable de que los neandertales hac\u00edan este tipo de cosas, me voy a subir muy contento a ese tren. Pero ahora mismo creo sinceramente que todav\u00eda estamos a distancia de que llegue ese momento\u00bb, concluye Arrizabalaga.<\/p>\n<p>Carlos L\u00f3pez.<\/p>\n","protected":false},"excerpt":{"rendered":"<p>San Sebasti\u00e1n, 1 dic (EFE).- Un peque\u00f1o canto hallado en los 70 en la cueva de Axlor (Bizkaia) con una sencilla equis grabada por un neandertal ha contribuido ahora, m\u00e1s de 40 a\u00f1os despu\u00e9s de su descubrimiento, a avivar con fuerza el debate sobre la capacidad art\u00edstica de esta especie, gracias a un estudio de [&hellip;]<\/p>\n","protected":false},"author":1,"featured_media":456562,"comment_status":"closed","ping_status":"open","sticky":false,"template":"","format":"standard","meta":{"footnotes":""},"categories":[28],"tags":[],"class_list":["post-456561","post","type-post","status-publish","format-standard","has-post-thumbnail","hentry","category-sociedad"],"aioseo_notices":[],"aioseo_head":"\n\t\t<!-- All in One SEO Pro 5.0.1 - aioseo.com -->\n\t<meta name=\"description\" content=\"San Sebasti\u00e1n, 1 dic (EFE).- Un peque\u00f1o canto hallado en los 70 en la cueva de Axlor (Bizkaia) con una sencilla equis grabada por un neandertal ha contribuido ahora, m\u00e1s de 40 a\u00f1os despu\u00e9s de su descubrimiento, a avivar con fuerza el debate sobre la capacidad art\u00edstica de esta especie, gracias a un estudio de\" \/>\n\t<meta name=\"robots\" content=\"max-image-preview:large\" \/>\n\t<meta name=\"author\" content=\"El Digital de Asturias\"\/>\n\t<meta name=\"google-site-verification\" content=\"UA-38556648-1\" \/>\n\t<meta name=\"msvalidate.01\" content=\"7dfe9f3f1b24437ab69f4f2559babe99\" \/>\n\t<meta name=\"keywords\" content=\"sociedad\" \/>\n\t<link rel=\"canonical\" href=\"https:\/\/www.eldigitaldeasturias.com\/noticias\/la-piedra-de-axlor-aviva-el-debate-de-la-capacidad-artistica-del-neandertal\/\" \/>\n\t<meta name=\"generator\" content=\"All in One SEO Pro (AIOSEO) 5.0.1\" \/>\n\t\t<meta property=\"og:locale\" content=\"es_ES\" \/>\n\t\t<meta property=\"og:site_name\" content=\"El Digital de Asturias\" \/>\n\t\t<meta property=\"og:type\" content=\"article\" \/>\n\t\t<meta property=\"og:title\" content=\"La piedra de Axlor aviva el debate de la capacidad art\u00edstica del neandertal - El Digital de Asturias\" \/>\n\t\t<meta property=\"og:description\" content=\"San Sebasti\u00e1n, 1 dic (EFE).- Un peque\u00f1o canto hallado en los 70 en la cueva de Axlor (Bizkaia) con una sencilla equis grabada por un neandertal ha contribuido ahora, m\u00e1s de 40 a\u00f1os despu\u00e9s de su descubrimiento, a avivar con fuerza el debate sobre la capacidad art\u00edstica de esta especie, gracias a un estudio de\" \/>\n\t\t<meta property=\"og:url\" content=\"https:\/\/www.eldigitaldeasturias.com\/noticias\/la-piedra-de-axlor-aviva-el-debate-de-la-capacidad-artistica-del-neandertal\/\" \/>\n\t\t<meta property=\"article:tag\" content=\"sociedad\" \/>\n\t\t<meta property=\"article:published_time\" content=\"2013-12-01T21:51:58+00:00\" \/>\n\t\t<meta property=\"article:modified_time\" content=\"2013-12-01T21:51:58+00:00\" \/>\n\t\t<meta property=\"article:publisher\" content=\"https:\/\/facebook.com\/eldigitaldeasturias\" \/>\n\t\t<meta name=\"twitter:card\" content=\"summary_large_image\" \/>\n\t\t<meta name=\"twitter:title\" content=\"La piedra de Axlor aviva el debate de la capacidad art\u00edstica del neandertal - El Digital de Asturias\" \/>\n\t\t<meta name=\"twitter:description\" content=\"San Sebasti\u00e1n, 1 dic (EFE).- Un peque\u00f1o canto hallado en los 70 en la cueva de Axlor (Bizkaia) con una sencilla equis grabada por un neandertal ha contribuido ahora, m\u00e1s de 40 a\u00f1os despu\u00e9s de su descubrimiento, a avivar con fuerza el debate sobre la capacidad art\u00edstica de esta especie, gracias a un estudio de\" \/>\n\t\t<meta name=\"twitter:label1\" content=\"Escrito por\" \/>\n\t\t<meta name=\"twitter:data1\" content=\"El Digital de Asturias\" \/>\n\t\t<meta name=\"twitter:label2\" content=\"Tiempo de lectura estimado\" \/>\n\t\t<meta name=\"twitter:data2\" content=\"5 minutos\" \/>\n\t\t<script type=\"application\/ld+json\" class=\"aioseo-schema\">\n\t\t\t{\"@context\":\"https:\\\/\\\/schema.org\",\"@graph\":[{\"@type\":\"BlogPosting\",\"@id\":\"https:\\\/\\\/www.eldigitaldeasturias.com\\\/noticias\\\/la-piedra-de-axlor-aviva-el-debate-de-la-capacidad-artistica-del-neandertal\\\/#blogposting\",\"name\":\"La piedra de Axlor aviva el debate de la capacidad art\\u00edstica del neandertal - El Digital de Asturias\",\"headline\":\"La piedra de Axlor aviva el debate de la capacidad art\\u00edstica del neandertal\",\"author\":{\"@id\":\"https:\\\/\\\/www.eldigitaldeasturias.com\\\/noticias\\\/author\\\/admin\\\/#author\"},\"publisher\":{\"@id\":\"https:\\\/\\\/www.eldigitaldeasturias.com\\\/noticias\\\/#organization\"},\"image\":{\"@type\":\"ImageObject\",\"url\":456562},\"datePublished\":\"2013-12-01T20:51:58+01:00\",\"dateModified\":\"2013-12-01T20:51:58+01:00\",\"inLanguage\":\"es-ES\",\"mainEntityOfPage\":{\"@id\":\"https:\\\/\\\/www.eldigitaldeasturias.com\\\/noticias\\\/la-piedra-de-axlor-aviva-el-debate-de-la-capacidad-artistica-del-neandertal\\\/#webpage\"},\"isPartOf\":{\"@id\":\"https:\\\/\\\/www.eldigitaldeasturias.com\\\/noticias\\\/la-piedra-de-axlor-aviva-el-debate-de-la-capacidad-artistica-del-neandertal\\\/#webpage\"},\"articleSection\":\"Sociedad\"},{\"@type\":\"BreadcrumbList\",\"@id\":\"https:\\\/\\\/www.eldigitaldeasturias.com\\\/noticias\\\/la-piedra-de-axlor-aviva-el-debate-de-la-capacidad-artistica-del-neandertal\\\/#breadcrumblist\",\"itemListElement\":[{\"@type\":\"ListItem\",\"@id\":\"https:\\\/\\\/www.eldigitaldeasturias.com\\\/noticias#listItem\",\"position\":1,\"name\":\"Home\",\"item\":\"https:\\\/\\\/www.eldigitaldeasturias.com\\\/noticias\",\"nextItem\":{\"@type\":\"ListItem\",\"@id\":\"https:\\\/\\\/www.eldigitaldeasturias.com\\\/noticias\\\/category\\\/sociedad\\\/#listItem\",\"name\":\"Sociedad\"}},{\"@type\":\"ListItem\",\"@id\":\"https:\\\/\\\/www.eldigitaldeasturias.com\\\/noticias\\\/category\\\/sociedad\\\/#listItem\",\"position\":2,\"name\":\"Sociedad\",\"item\":\"https:\\\/\\\/www.eldigitaldeasturias.com\\\/noticias\\\/category\\\/sociedad\\\/\",\"nextItem\":{\"@type\":\"ListItem\",\"@id\":\"https:\\\/\\\/www.eldigitaldeasturias.com\\\/noticias\\\/la-piedra-de-axlor-aviva-el-debate-de-la-capacidad-artistica-del-neandertal\\\/#listItem\",\"name\":\"La piedra de Axlor aviva el debate de la capacidad art\\u00edstica del neandertal\"},\"previousItem\":{\"@type\":\"ListItem\",\"@id\":\"https:\\\/\\\/www.eldigitaldeasturias.com\\\/noticias#listItem\",\"name\":\"Home\"}},{\"@type\":\"ListItem\",\"@id\":\"https:\\\/\\\/www.eldigitaldeasturias.com\\\/noticias\\\/la-piedra-de-axlor-aviva-el-debate-de-la-capacidad-artistica-del-neandertal\\\/#listItem\",\"position\":3,\"name\":\"La piedra de Axlor aviva el debate de la capacidad art\\u00edstica del neandertal\",\"previousItem\":{\"@type\":\"ListItem\",\"@id\":\"https:\\\/\\\/www.eldigitaldeasturias.com\\\/noticias\\\/category\\\/sociedad\\\/#listItem\",\"name\":\"Sociedad\"}}]},{\"@type\":\"Organization\",\"@id\":\"https:\\\/\\\/www.eldigitaldeasturias.com\\\/noticias\\\/#organization\",\"name\":\"El Digital de Asturias\",\"description\":\"Hemeroteca\",\"url\":\"https:\\\/\\\/www.eldigitaldeasturias.com\\\/noticias\\\/\",\"email\":\"info@eldigitaldeasturias.com\",\"telephone\":\"+34652131393\",\"logo\":{\"@type\":\"ImageObject\",\"url\":\"https:\\\/\\\/www.eldigitaldeasturias.com\\\/noticias\\\/wp-content\\\/uploads\\\/2020\\\/12\\\/EDA.jpg\",\"@id\":\"https:\\\/\\\/www.eldigitaldeasturias.com\\\/noticias\\\/la-piedra-de-axlor-aviva-el-debate-de-la-capacidad-artistica-del-neandertal\\\/#organizationLogo\"},\"image\":{\"@id\":\"https:\\\/\\\/www.eldigitaldeasturias.com\\\/noticias\\\/la-piedra-de-axlor-aviva-el-debate-de-la-capacidad-artistica-del-neandertal\\\/#organizationLogo\"},\"sameAs\":[\"https:\\\/\\\/facebook.com\\\/eldigitaldeasturias\",\"https:\\\/\\\/www.youtube.com\\\/channel\\\/UCZP-2wLEB9Rv6erhFmqVnvg\"],\"address\":{\"@id\":\"https:\\\/\\\/www.eldigitaldeasturias.com\\\/noticias\\\/#postaladdress\",\"@type\":\"PostalAddress\",\"streetAddress\":\"san antonio 4\",\"postalCode\":\"33430\",\"addressLocality\":\"Cand\\u00e1s\",\"addressRegion\":\"Asturias\",\"addressCountry\":\"ES\"}},{\"@type\":\"Person\",\"@id\":\"https:\\\/\\\/www.eldigitaldeasturias.com\\\/noticias\\\/author\\\/admin\\\/#author\",\"url\":\"https:\\\/\\\/www.eldigitaldeasturias.com\\\/noticias\\\/author\\\/admin\\\/\",\"name\":\"El Digital de Asturias\",\"image\":{\"@type\":\"ImageObject\",\"@id\":\"https:\\\/\\\/www.eldigitaldeasturias.com\\\/noticias\\\/la-piedra-de-axlor-aviva-el-debate-de-la-capacidad-artistica-del-neandertal\\\/#authorImage\",\"url\":\"https:\\\/\\\/secure.gravatar.com\\\/avatar\\\/df2aeffc32bcd13f8d26072ef8a91b623d677766deac7f97ca815868cd41bf5e?s=96&d=mm&r=g\",\"width\":96,\"height\":96,\"caption\":\"El Digital de Asturias\"}},{\"@type\":\"WebPage\",\"@id\":\"https:\\\/\\\/www.eldigitaldeasturias.com\\\/noticias\\\/la-piedra-de-axlor-aviva-el-debate-de-la-capacidad-artistica-del-neandertal\\\/#webpage\",\"url\":\"https:\\\/\\\/www.eldigitaldeasturias.com\\\/noticias\\\/la-piedra-de-axlor-aviva-el-debate-de-la-capacidad-artistica-del-neandertal\\\/\",\"name\":\"La piedra de Axlor aviva el debate de la capacidad art\\u00edstica del neandertal - El Digital de Asturias\",\"description\":\"San Sebasti\\u00e1n, 1 dic (EFE).- Un peque\\u00f1o canto hallado en los 70 en la cueva de Axlor (Bizkaia) con una sencilla equis grabada por un neandertal ha contribuido ahora, m\\u00e1s de 40 a\\u00f1os despu\\u00e9s de su descubrimiento, a avivar con fuerza el debate sobre la capacidad art\\u00edstica de esta especie, gracias a un estudio de\",\"inLanguage\":\"es-ES\",\"isPartOf\":{\"@id\":\"https:\\\/\\\/www.eldigitaldeasturias.com\\\/noticias\\\/#website\"},\"breadcrumb\":{\"@id\":\"https:\\\/\\\/www.eldigitaldeasturias.com\\\/noticias\\\/la-piedra-de-axlor-aviva-el-debate-de-la-capacidad-artistica-del-neandertal\\\/#breadcrumblist\"},\"author\":{\"@id\":\"https:\\\/\\\/www.eldigitaldeasturias.com\\\/noticias\\\/author\\\/admin\\\/#author\"},\"creator\":{\"@id\":\"https:\\\/\\\/www.eldigitaldeasturias.com\\\/noticias\\\/author\\\/admin\\\/#author\"},\"image\":{\"@type\":\"ImageObject\",\"url\":456562,\"@id\":\"https:\\\/\\\/www.eldigitaldeasturias.com\\\/noticias\\\/la-piedra-de-axlor-aviva-el-debate-de-la-capacidad-artistica-del-neandertal\\\/#mainImage\"},\"primaryImageOfPage\":{\"@id\":\"https:\\\/\\\/www.eldigitaldeasturias.com\\\/noticias\\\/la-piedra-de-axlor-aviva-el-debate-de-la-capacidad-artistica-del-neandertal\\\/#mainImage\"},\"datePublished\":\"2013-12-01T20:51:58+01:00\",\"dateModified\":\"2013-12-01T20:51:58+01:00\"},{\"@type\":\"WebSite\",\"@id\":\"https:\\\/\\\/www.eldigitaldeasturias.com\\\/noticias\\\/#website\",\"url\":\"https:\\\/\\\/www.eldigitaldeasturias.com\\\/noticias\\\/\",\"name\":\"El Digital de Asturias - Diario de actualidad y noticias\",\"alternateName\":\"El Digital de Asturias - Diario de actualidad y noticias\",\"description\":\"Hemeroteca\",\"inLanguage\":\"es-ES\",\"publisher\":{\"@id\":\"https:\\\/\\\/www.eldigitaldeasturias.com\\\/noticias\\\/#organization\"}}]}\n\t\t<\/script>\n\t\t<!-- All in One SEO Pro -->\r\n\t\t<title>La piedra de Axlor aviva el debate de la capacidad art\u00edstica del neandertal - El Digital de Asturias<\/title>\n\n","aioseo_head_json":{"title":"La piedra de Axlor aviva el debate de la capacidad art\u00edstica del neandertal - El Digital de Asturias","description":"San Sebasti\u00e1n, 1 dic (EFE).- Un peque\u00f1o canto hallado en los 70 en la cueva de Axlor (Bizkaia) con una sencilla equis grabada por un neandertal ha contribuido ahora, m\u00e1s de 40 a\u00f1os despu\u00e9s de su descubrimiento, a avivar con fuerza el debate sobre la capacidad art\u00edstica de esta especie, gracias a un estudio de","canonical_url":"https:\/\/www.eldigitaldeasturias.com\/noticias\/la-piedra-de-axlor-aviva-el-debate-de-la-capacidad-artistica-del-neandertal\/","robots":"max-image-preview:large","keywords":"sociedad","webmasterTools":{"google-site-verification":"UA-38556648-1","msvalidate.01":"7dfe9f3f1b24437ab69f4f2559babe99","miscellaneous":""},"schema":{"@context":"https:\/\/schema.org","@graph":[{"@type":"BlogPosting","@id":"https:\/\/www.eldigitaldeasturias.com\/noticias\/la-piedra-de-axlor-aviva-el-debate-de-la-capacidad-artistica-del-neandertal\/#blogposting","name":"La piedra de Axlor aviva el debate de la capacidad art\u00edstica del neandertal - El Digital de Asturias","headline":"La piedra de Axlor aviva el debate de la capacidad art\u00edstica del neandertal","author":{"@id":"https:\/\/www.eldigitaldeasturias.com\/noticias\/author\/admin\/#author"},"publisher":{"@id":"https:\/\/www.eldigitaldeasturias.com\/noticias\/#organization"},"image":{"@type":"ImageObject","url":456562},"datePublished":"2013-12-01T20:51:58+01:00","dateModified":"2013-12-01T20:51:58+01:00","inLanguage":"es-ES","mainEntityOfPage":{"@id":"https:\/\/www.eldigitaldeasturias.com\/noticias\/la-piedra-de-axlor-aviva-el-debate-de-la-capacidad-artistica-del-neandertal\/#webpage"},"isPartOf":{"@id":"https:\/\/www.eldigitaldeasturias.com\/noticias\/la-piedra-de-axlor-aviva-el-debate-de-la-capacidad-artistica-del-neandertal\/#webpage"},"articleSection":"Sociedad"},{"@type":"BreadcrumbList","@id":"https:\/\/www.eldigitaldeasturias.com\/noticias\/la-piedra-de-axlor-aviva-el-debate-de-la-capacidad-artistica-del-neandertal\/#breadcrumblist","itemListElement":[{"@type":"ListItem","@id":"https:\/\/www.eldigitaldeasturias.com\/noticias#listItem","position":1,"name":"Home","item":"https:\/\/www.eldigitaldeasturias.com\/noticias","nextItem":{"@type":"ListItem","@id":"https:\/\/www.eldigitaldeasturias.com\/noticias\/category\/sociedad\/#listItem","name":"Sociedad"}},{"@type":"ListItem","@id":"https:\/\/www.eldigitaldeasturias.com\/noticias\/category\/sociedad\/#listItem","position":2,"name":"Sociedad","item":"https:\/\/www.eldigitaldeasturias.com\/noticias\/category\/sociedad\/","nextItem":{"@type":"ListItem","@id":"https:\/\/www.eldigitaldeasturias.com\/noticias\/la-piedra-de-axlor-aviva-el-debate-de-la-capacidad-artistica-del-neandertal\/#listItem","name":"La piedra de Axlor aviva el debate de la capacidad art\u00edstica del neandertal"},"previousItem":{"@type":"ListItem","@id":"https:\/\/www.eldigitaldeasturias.com\/noticias#listItem","name":"Home"}},{"@type":"ListItem","@id":"https:\/\/www.eldigitaldeasturias.com\/noticias\/la-piedra-de-axlor-aviva-el-debate-de-la-capacidad-artistica-del-neandertal\/#listItem","position":3,"name":"La piedra de Axlor aviva el debate de la capacidad art\u00edstica del neandertal","previousItem":{"@type":"ListItem","@id":"https:\/\/www.eldigitaldeasturias.com\/noticias\/category\/sociedad\/#listItem","name":"Sociedad"}}]},{"@type":"Organization","@id":"https:\/\/www.eldigitaldeasturias.com\/noticias\/#organization","name":"El Digital de Asturias","description":"Hemeroteca","url":"https:\/\/www.eldigitaldeasturias.com\/noticias\/","email":"info@eldigitaldeasturias.com","telephone":"+34652131393","logo":{"@type":"ImageObject","url":"https:\/\/www.eldigitaldeasturias.com\/noticias\/wp-content\/uploads\/2020\/12\/EDA.jpg","@id":"https:\/\/www.eldigitaldeasturias.com\/noticias\/la-piedra-de-axlor-aviva-el-debate-de-la-capacidad-artistica-del-neandertal\/#organizationLogo"},"image":{"@id":"https:\/\/www.eldigitaldeasturias.com\/noticias\/la-piedra-de-axlor-aviva-el-debate-de-la-capacidad-artistica-del-neandertal\/#organizationLogo"},"sameAs":["https:\/\/facebook.com\/eldigitaldeasturias","https:\/\/www.youtube.com\/channel\/UCZP-2wLEB9Rv6erhFmqVnvg"],"address":{"@id":"https:\/\/www.eldigitaldeasturias.com\/noticias\/#postaladdress","@type":"PostalAddress","streetAddress":"san antonio 4","postalCode":"33430","addressLocality":"Cand\u00e1s","addressRegion":"Asturias","addressCountry":"ES"}},{"@type":"Person","@id":"https:\/\/www.eldigitaldeasturias.com\/noticias\/author\/admin\/#author","url":"https:\/\/www.eldigitaldeasturias.com\/noticias\/author\/admin\/","name":"El Digital de Asturias","image":{"@type":"ImageObject","@id":"https:\/\/www.eldigitaldeasturias.com\/noticias\/la-piedra-de-axlor-aviva-el-debate-de-la-capacidad-artistica-del-neandertal\/#authorImage","url":"https:\/\/secure.gravatar.com\/avatar\/df2aeffc32bcd13f8d26072ef8a91b623d677766deac7f97ca815868cd41bf5e?s=96&d=mm&r=g","width":96,"height":96,"caption":"El Digital de Asturias"}},{"@type":"WebPage","@id":"https:\/\/www.eldigitaldeasturias.com\/noticias\/la-piedra-de-axlor-aviva-el-debate-de-la-capacidad-artistica-del-neandertal\/#webpage","url":"https:\/\/www.eldigitaldeasturias.com\/noticias\/la-piedra-de-axlor-aviva-el-debate-de-la-capacidad-artistica-del-neandertal\/","name":"La piedra de Axlor aviva el debate de la capacidad art\u00edstica del neandertal - El Digital de Asturias","description":"San Sebasti\u00e1n, 1 dic (EFE).- Un peque\u00f1o canto hallado en los 70 en la cueva de Axlor (Bizkaia) con una sencilla equis grabada por un neandertal ha contribuido ahora, m\u00e1s de 40 a\u00f1os despu\u00e9s de su descubrimiento, a avivar con fuerza el debate sobre la capacidad art\u00edstica de esta especie, gracias a un estudio de","inLanguage":"es-ES","isPartOf":{"@id":"https:\/\/www.eldigitaldeasturias.com\/noticias\/#website"},"breadcrumb":{"@id":"https:\/\/www.eldigitaldeasturias.com\/noticias\/la-piedra-de-axlor-aviva-el-debate-de-la-capacidad-artistica-del-neandertal\/#breadcrumblist"},"author":{"@id":"https:\/\/www.eldigitaldeasturias.com\/noticias\/author\/admin\/#author"},"creator":{"@id":"https:\/\/www.eldigitaldeasturias.com\/noticias\/author\/admin\/#author"},"image":{"@type":"ImageObject","url":456562,"@id":"https:\/\/www.eldigitaldeasturias.com\/noticias\/la-piedra-de-axlor-aviva-el-debate-de-la-capacidad-artistica-del-neandertal\/#mainImage"},"primaryImageOfPage":{"@id":"https:\/\/www.eldigitaldeasturias.com\/noticias\/la-piedra-de-axlor-aviva-el-debate-de-la-capacidad-artistica-del-neandertal\/#mainImage"},"datePublished":"2013-12-01T20:51:58+01:00","dateModified":"2013-12-01T20:51:58+01:00"},{"@type":"WebSite","@id":"https:\/\/www.eldigitaldeasturias.com\/noticias\/#website","url":"https:\/\/www.eldigitaldeasturias.com\/noticias\/","name":"El Digital de Asturias - Diario de actualidad y noticias","alternateName":"El Digital de Asturias - Diario de actualidad y noticias","description":"Hemeroteca","inLanguage":"es-ES","publisher":{"@id":"https:\/\/www.eldigitaldeasturias.com\/noticias\/#organization"}}]},"og:locale":"es_ES","og:site_name":"El Digital de Asturias","og:type":"article","og:title":"La piedra de Axlor aviva el debate de la capacidad art\u00edstica del neandertal - El Digital de Asturias","og:description":"San Sebasti\u00e1n, 1 dic (EFE).- Un peque\u00f1o canto hallado en los 70 en la cueva de Axlor (Bizkaia) con una sencilla equis grabada por un neandertal ha contribuido ahora, m\u00e1s de 40 a\u00f1os despu\u00e9s de su descubrimiento, a avivar con fuerza el debate sobre la capacidad art\u00edstica de esta especie, gracias a un estudio de","og:url":"https:\/\/www.eldigitaldeasturias.com\/noticias\/la-piedra-de-axlor-aviva-el-debate-de-la-capacidad-artistica-del-neandertal\/","article:tag":["sociedad"],"article:published_time":"2013-12-01T21:51:58+00:00","article:modified_time":"2013-12-01T21:51:58+00:00","article:publisher":"https:\/\/facebook.com\/eldigitaldeasturias","twitter:card":"summary_large_image","twitter:title":"La piedra de Axlor aviva el debate de la capacidad art\u00edstica del neandertal - El Digital de Asturias","twitter:description":"San Sebasti\u00e1n, 1 dic (EFE).- Un peque\u00f1o canto hallado en los 70 en la cueva de Axlor (Bizkaia) con una sencilla equis grabada por un neandertal ha contribuido ahora, m\u00e1s de 40 a\u00f1os despu\u00e9s de su descubrimiento, a avivar con fuerza el debate sobre la capacidad art\u00edstica de esta especie, gracias a un estudio de","twitter:label1":"Escrito por","twitter:data1":"El Digital de Asturias","twitter:label2":"Tiempo de lectura estimado","twitter:data2":"5 minutos"},"aioseo_meta_data":{"post_id":"456561","title":null,"description":null,"keywords":null,"keyphrases":null,"primary_term":null,"canonical_url":null,"og_title":null,"og_description":null,"og_object_type":"default","og_image_type":"default","og_image_url":null,"og_image_width":null,"og_image_height":null,"og_image_custom_url":null,"og_image_custom_fields":null,"og_video":null,"og_custom_url":null,"og_article_section":null,"og_article_tags":null,"twitter_use_og":true,"twitter_card":"default","twitter_image_type":"default","twitter_image_url":null,"twitter_image_custom_url":null,"twitter_image_custom_fields":null,"twitter_title":null,"twitter_description":null,"schema":{"blockGraphs":[],"customGraphs":[],"default":{"data":{"Article":[],"Course":[],"Dataset":[],"FAQPage":[],"Movie":[],"Person":[],"Product":[],"ProductReview":[],"Car":[],"Recipe":[],"Service":[],"SoftwareApplication":[],"WebPage":[]},"graphName":"","isEnabled":true},"graphs":[],"defaultGraph":"","defaultPostTypeGraph":""},"schema_type":null,"schema_type_options":null,"pillar_content":false,"robots_default":true,"robots_noindex":false,"robots_noarchive":false,"robots_nosnippet":false,"robots_nofollow":false,"robots_noimageindex":false,"robots_noodp":false,"robots_notranslate":false,"robots_max_snippet":null,"robots_max_videopreview":null,"robots_max_imagepreview":"none","priority":null,"frequency":null,"local_seo":null,"seo_analyzer_scan_date":"2026-05-29 22:25:06","breadcrumb_settings":null,"limit_modified_date":false,"open_ai":null,"ai":null,"created":"2020-11-14 22:45:59","updated":"2026-05-29 22:25:06","focus_keyword":null,"additional_keywords":null,"truseo_locale":null},"aioseo_breadcrumb":"<div class=\"aioseo-breadcrumbs\"><span class=\"aioseo-breadcrumb\">\n\t<a href=\"https:\/\/www.eldigitaldeasturias.com\/noticias\" title=\"Home\">Home<\/a>\n<\/span><span class=\"aioseo-breadcrumb-separator\">\u2013<\/span><span class=\"aioseo-breadcrumb\">\n\t<a href=\"https:\/\/www.eldigitaldeasturias.com\/noticias\/category\/sociedad\/\" title=\"Sociedad\">Sociedad<\/a>\n<\/span><span class=\"aioseo-breadcrumb-separator\">\u2013<\/span><span class=\"aioseo-breadcrumb\">\n\t<a href=\"https:\/\/www.eldigitaldeasturias.com\/noticias\/la-piedra-de-axlor-aviva-el-debate-de-la-capacidad-artistica-del-neandertal\/\" title=\"La piedra de Axlor aviva el debate de la capacidad art\u00edstica del neandertal\">La piedra de Axlor aviva el debate de la capacidad art\u00edstica del neandertal<\/a>\n<\/span><\/div>","aioseo_breadcrumb_json":[{"label":"Home","link":"https:\/\/www.eldigitaldeasturias.com\/noticias"},{"label":"Sociedad","link":"https:\/\/www.eldigitaldeasturias.com\/noticias\/category\/sociedad\/"},{"label":"La piedra de Axlor aviva el debate de la capacidad art\u00edstica del neandertal","link":"https:\/\/www.eldigitaldeasturias.com\/noticias\/la-piedra-de-axlor-aviva-el-debate-de-la-capacidad-artistica-del-neandertal\/"}],"_links":{"self":[{"href":"https:\/\/www.eldigitaldeasturias.com\/noticias\/wp-json\/wp\/v2\/posts\/456561","targetHints":{"allow":["GET"]}}],"collection":[{"href":"https:\/\/www.eldigitaldeasturias.com\/noticias\/wp-json\/wp\/v2\/posts"}],"about":[{"href":"https:\/\/www.eldigitaldeasturias.com\/noticias\/wp-json\/wp\/v2\/types\/post"}],"author":[{"embeddable":true,"href":"https:\/\/www.eldigitaldeasturias.com\/noticias\/wp-json\/wp\/v2\/users\/1"}],"replies":[{"embeddable":true,"href":"https:\/\/www.eldigitaldeasturias.com\/noticias\/wp-json\/wp\/v2\/comments?post=456561"}],"version-history":[{"count":0,"href":"https:\/\/www.eldigitaldeasturias.com\/noticias\/wp-json\/wp\/v2\/posts\/456561\/revisions"}],"wp:attachment":[{"href":"https:\/\/www.eldigitaldeasturias.com\/noticias\/wp-json\/wp\/v2\/media?parent=456561"}],"wp:term":[{"taxonomy":"category","embeddable":true,"href":"https:\/\/www.eldigitaldeasturias.com\/noticias\/wp-json\/wp\/v2\/categories?post=456561"},{"taxonomy":"post_tag","embeddable":true,"href":"https:\/\/www.eldigitaldeasturias.com\/noticias\/wp-json\/wp\/v2\/tags?post=456561"}],"curies":[{"name":"wp","href":"https:\/\/api.w.org\/{rel}","templated":true}]}}