{"id":456555,"date":"2013-12-01T20:47:23","date_gmt":"2013-12-01T21:47:23","guid":{"rendered":"http:\/\/www.eldigitaldeasturias.com\/noticias\/?p=456555"},"modified":"2013-12-01T20:47:23","modified_gmt":"2013-12-01T21:47:23","slug":"okupas-por-desesperacion","status":"publish","type":"post","link":"https:\/\/www.eldigitaldeasturias.com\/noticias\/okupas-por-desesperacion\/","title":{"rendered":"Okupas por desesperaci\u00f3n"},"content":{"rendered":"<p><img loading=\"lazy\" decoding=\"async\" class=\"alignleft size-medium wp-image-456556\" alt=\"5764706w\" src=\"https:\/\/www.eldigitaldeasturias.com\/noticias\/wp-content\/uploads\/2013\/12\/5764706w-360x270.jpg\" width=\"360\" height=\"270\" \/>C\u00e1diz, 1 dic (EFE).- Llevan meses de ventanilla en ventanilla, contando su historia a los servicios sociales de las administraciones sin que nadie, hasta el momento, les haya dado una soluci\u00f3n.<\/p>\n<p>Son los rostros de la crisis, nueve familias gaditanas, entre ellos trece menores, que han ocupado al completo una finca en el n\u00famero 43 de la avenida de San Severiano, en la capital de C\u00e1diz.<\/p>\n<p>Llegaron a concentrarse hasta doce familias y m\u00e1s de una veintena de menores y hab\u00edan aguantado en silencio hasta que el lunes les cortaron el suministro el\u00e9ctrico y se echaron a la calle para hacer visible su situaci\u00f3n.<\/p>\n<p>Porque cuando cae la noche, poco despu\u00e9s de las seis de la tarde, las viviendas se convierten en oscuras cuevas en las que los peque\u00f1os tienen que hacer los deberes con velas o linternas y el miedo apenas les permite salir a la calle, ya que son constantes las incursiones de toxic\u00f3manos que aprovechan lo tenebroso del portal para drogarse.<\/p>\n<p>Su historia arranca el pasado mayo cuando algunas familias de la barriada de Guill\u00e9n Moreno, una de las m\u00e1s humildes de la ciudad, decidieron que no pod\u00edan m\u00e1s y ocuparon algunas de las viviendas de este edificio de titularidad privada pero utilizado hasta entonces, gracias a un convenio con la Junta de Andaluc\u00eda, para el realojo de familias necesitadas.<\/p>\n<p>Se corri\u00f3 la voz en una zona en la que hace menos de un mes la polic\u00eda desarticul\u00f3 una red de venta de hero\u00edna y as\u00ed fueron llegando poco a poco ciudadanos con historias muy diversas pero con algo en com\u00fan: la desesperaci\u00f3n y la necesidad de huir.<\/p>\n<p>Una de ellas es Teresa Fern\u00e1ndez, de 61 a\u00f1os, desahuciada de una vivienda de alquiler y que ahora vive con su marido, sus tres hijos y su yerno, en este inmueble.<\/p>\n<p>En \u00e9l cocina muchas veces para buena parte de sus vecinos convertidos en una gran familia en la que se ayuda cuando hay que subir o bajar por una maltrecha escalera a la que le falta buena parte de la barandilla.<\/p>\n<p>Cuenta esperanzada que a su marido le han ofrecido un contrato de camarero, de apenas dos horas, pero que al menos les servir\u00e1 para comprar comida y \u00abtirar hasta que la cosa mejore\u00bb.<\/p>\n<p>Otros como Ana Mar\u00eda \u00c1lvarez, de 32 a\u00f1os, huyen de un pasado conflictivo y buscan un futuro mejor. Lleva ocho a\u00f1os con un tratamiento de metadona y convive con su pareja en esta casa con la esperanza de tener alg\u00fan d\u00eda un hogar propio.<\/p>\n<p>Nazaret Salido es una chica guapa, presumida, que a sus 23 a\u00f1os saca adelante totalmente sola a dos peque\u00f1os, uno de 4 a\u00f1os y un beb\u00e9 de apenas 12 meses trabajando por horas como empleada de hogar. Aisla su colch\u00f3n del fr\u00edo suelo con cajas de pl\u00e1stico y comparte edad y situaci\u00f3n con Aysha Elmortada que ocupa una vivienda del primer piso.<\/p>\n<p>Tambi\u00e9n madre soltera, Aysha ha tenido que llevar esta misma semana al hospital a su peque\u00f1o aquejado de problemas respiratorios.<\/p>\n<p>Ella vive muy cerca de las humedades y las goteras que invaden el portal y que comparten espacio con los triciclos y cochecitos de los m\u00e1s peque\u00f1os. Es la \u00fanica con fecha de salida, el 16 de diciembre, que es para cuando le han notificado que ser\u00e1 desalojada.<\/p>\n<p>Para Pilar Mediavilla era esencial salir de una casa en la que eran demasiados, 12 en total, entre ellos su hermana y su cu\u00f1ado con problemas de drogadicci\u00f3n y Luc\u00eda D\u00edaz viv\u00eda con su pareja y sus dos hijos en casa de su madre hasta que el comportamiento del mayor, un adolescente conflictivo de 17 a\u00f1os, la oblig\u00f3 a instalarse por su cuenta \u00abporque si no, mi madre se me iba a morir de los disgustos\u00bb.<\/p>\n<p>Hasta hace cuatro meses trabajaba como auxiliar de cl\u00ednica y ahora es su marido el que ha logrado un contrato municipal de tres meses de duraci\u00f3n. Al igual que el resto no se niega a pagar un alquiler pero que est\u00e9 \u00abdentro de sus posibilidades\u00bb.<\/p>\n<p>Hasta el momento s\u00f3lo C\u00e1ritas ha prestado ayuda a estas familias y todos se agarran a la esperanza que les ha dado el Ayuntamiento, que ha requerido de manera urgente a la Junta que les \u00abde cuenta de la situaci\u00f3n jur\u00eddica, urban\u00edstica y de rehabilitaci\u00f3n de la finca\u00bb.<\/p>\n<p>Cada uno ha aportado un euro para comprar en el mercadillo ambulante una cerradura para el portal, y ser\u00e1 la tercera, que evite \u00abvisitas indeseadas\u00bb en el bloque aunque su m\u00e1s urgente reivindicaci\u00f3n es que les devuelvan la luz.<\/p>\n<p>Paz Guti\u00e9rrez.<\/p>\n","protected":false},"excerpt":{"rendered":"<p>C\u00e1diz, 1 dic (EFE).- Llevan meses de ventanilla en ventanilla, contando su historia a los servicios sociales de las administraciones sin que nadie, hasta el momento, les haya dado una soluci\u00f3n. Son los rostros de la crisis, nueve familias gaditanas, entre ellos trece menores, que han ocupado al completo una finca en el n\u00famero 43 [&hellip;]<\/p>\n","protected":false},"author":1,"featured_media":456556,"comment_status":"closed","ping_status":"open","sticky":false,"template":"","format":"standard","meta":{"footnotes":""},"categories":[28],"tags":[],"class_list":["post-456555","post","type-post","status-publish","format-standard","has-post-thumbnail","hentry","category-sociedad"],"aioseo_notices":[],"aioseo_head":"\n\t\t<!-- All in One SEO Pro 5.0.1 - aioseo.com -->\n\t<meta name=\"description\" content=\"C\u00e1diz, 1 dic (EFE).- Llevan meses de ventanilla en ventanilla, contando su historia a los servicios sociales de las administraciones sin que nadie, hasta el momento, les haya dado una soluci\u00f3n. Son los rostros de la crisis, nueve familias gaditanas, entre ellos trece menores, que han ocupado al completo una finca en el n\u00famero 43\" \/>\n\t<meta name=\"robots\" content=\"max-image-preview:large\" \/>\n\t<meta name=\"author\" content=\"El Digital de Asturias\"\/>\n\t<meta name=\"google-site-verification\" content=\"UA-38556648-1\" \/>\n\t<meta name=\"msvalidate.01\" content=\"7dfe9f3f1b24437ab69f4f2559babe99\" \/>\n\t<meta name=\"keywords\" content=\"sociedad\" \/>\n\t<link rel=\"canonical\" href=\"https:\/\/www.eldigitaldeasturias.com\/noticias\/okupas-por-desesperacion\/\" \/>\n\t<meta name=\"generator\" content=\"All in One SEO Pro (AIOSEO) 5.0.1\" \/>\n\t\t<meta property=\"og:locale\" content=\"es_ES\" \/>\n\t\t<meta property=\"og:site_name\" content=\"El Digital de Asturias\" \/>\n\t\t<meta property=\"og:type\" content=\"article\" \/>\n\t\t<meta property=\"og:title\" content=\"Okupas por desesperaci\u00f3n - El Digital de Asturias\" \/>\n\t\t<meta property=\"og:description\" content=\"C\u00e1diz, 1 dic (EFE).- Llevan meses de ventanilla en ventanilla, contando su historia a los servicios sociales de las administraciones sin que nadie, hasta el momento, les haya dado una soluci\u00f3n. Son los rostros de la crisis, nueve familias gaditanas, entre ellos trece menores, que han ocupado al completo una finca en el n\u00famero 43\" \/>\n\t\t<meta property=\"og:url\" content=\"https:\/\/www.eldigitaldeasturias.com\/noticias\/okupas-por-desesperacion\/\" \/>\n\t\t<meta property=\"article:tag\" content=\"sociedad\" \/>\n\t\t<meta property=\"article:published_time\" content=\"2013-12-01T21:47:23+00:00\" \/>\n\t\t<meta property=\"article:modified_time\" content=\"2013-12-01T21:47:23+00:00\" \/>\n\t\t<meta property=\"article:publisher\" content=\"https:\/\/facebook.com\/eldigitaldeasturias\" \/>\n\t\t<meta name=\"twitter:card\" content=\"summary_large_image\" \/>\n\t\t<meta name=\"twitter:title\" content=\"Okupas por desesperaci\u00f3n - El Digital de Asturias\" \/>\n\t\t<meta name=\"twitter:description\" content=\"C\u00e1diz, 1 dic (EFE).- Llevan meses de ventanilla en ventanilla, contando su historia a los servicios sociales de las administraciones sin que nadie, hasta el momento, les haya dado una soluci\u00f3n. Son los rostros de la crisis, nueve familias gaditanas, entre ellos trece menores, que han ocupado al completo una finca en el n\u00famero 43\" \/>\n\t\t<meta name=\"twitter:label1\" content=\"Escrito por\" \/>\n\t\t<meta name=\"twitter:data1\" content=\"El Digital de Asturias\" \/>\n\t\t<meta name=\"twitter:label2\" content=\"Tiempo de lectura estimado\" \/>\n\t\t<meta name=\"twitter:data2\" content=\"4 minutos\" \/>\n\t\t<script type=\"application\/ld+json\" class=\"aioseo-schema\">\n\t\t\t{\"@context\":\"https:\\\/\\\/schema.org\",\"@graph\":[{\"@type\":\"BlogPosting\",\"@id\":\"https:\\\/\\\/www.eldigitaldeasturias.com\\\/noticias\\\/okupas-por-desesperacion\\\/#blogposting\",\"name\":\"Okupas por desesperaci\\u00f3n - El Digital de Asturias\",\"headline\":\"Okupas por desesperaci\\u00f3n\",\"author\":{\"@id\":\"https:\\\/\\\/www.eldigitaldeasturias.com\\\/noticias\\\/author\\\/admin\\\/#author\"},\"publisher\":{\"@id\":\"https:\\\/\\\/www.eldigitaldeasturias.com\\\/noticias\\\/#organization\"},\"image\":{\"@type\":\"ImageObject\",\"url\":456556},\"datePublished\":\"2013-12-01T20:47:23+01:00\",\"dateModified\":\"2013-12-01T20:47:23+01:00\",\"inLanguage\":\"es-ES\",\"mainEntityOfPage\":{\"@id\":\"https:\\\/\\\/www.eldigitaldeasturias.com\\\/noticias\\\/okupas-por-desesperacion\\\/#webpage\"},\"isPartOf\":{\"@id\":\"https:\\\/\\\/www.eldigitaldeasturias.com\\\/noticias\\\/okupas-por-desesperacion\\\/#webpage\"},\"articleSection\":\"Sociedad\"},{\"@type\":\"BreadcrumbList\",\"@id\":\"https:\\\/\\\/www.eldigitaldeasturias.com\\\/noticias\\\/okupas-por-desesperacion\\\/#breadcrumblist\",\"itemListElement\":[{\"@type\":\"ListItem\",\"@id\":\"https:\\\/\\\/www.eldigitaldeasturias.com\\\/noticias#listItem\",\"position\":1,\"name\":\"Home\",\"item\":\"https:\\\/\\\/www.eldigitaldeasturias.com\\\/noticias\",\"nextItem\":{\"@type\":\"ListItem\",\"@id\":\"https:\\\/\\\/www.eldigitaldeasturias.com\\\/noticias\\\/category\\\/sociedad\\\/#listItem\",\"name\":\"Sociedad\"}},{\"@type\":\"ListItem\",\"@id\":\"https:\\\/\\\/www.eldigitaldeasturias.com\\\/noticias\\\/category\\\/sociedad\\\/#listItem\",\"position\":2,\"name\":\"Sociedad\",\"item\":\"https:\\\/\\\/www.eldigitaldeasturias.com\\\/noticias\\\/category\\\/sociedad\\\/\",\"nextItem\":{\"@type\":\"ListItem\",\"@id\":\"https:\\\/\\\/www.eldigitaldeasturias.com\\\/noticias\\\/okupas-por-desesperacion\\\/#listItem\",\"name\":\"Okupas por desesperaci\\u00f3n\"},\"previousItem\":{\"@type\":\"ListItem\",\"@id\":\"https:\\\/\\\/www.eldigitaldeasturias.com\\\/noticias#listItem\",\"name\":\"Home\"}},{\"@type\":\"ListItem\",\"@id\":\"https:\\\/\\\/www.eldigitaldeasturias.com\\\/noticias\\\/okupas-por-desesperacion\\\/#listItem\",\"position\":3,\"name\":\"Okupas por desesperaci\\u00f3n\",\"previousItem\":{\"@type\":\"ListItem\",\"@id\":\"https:\\\/\\\/www.eldigitaldeasturias.com\\\/noticias\\\/category\\\/sociedad\\\/#listItem\",\"name\":\"Sociedad\"}}]},{\"@type\":\"Organization\",\"@id\":\"https:\\\/\\\/www.eldigitaldeasturias.com\\\/noticias\\\/#organization\",\"name\":\"El Digital de Asturias\",\"description\":\"Hemeroteca\",\"url\":\"https:\\\/\\\/www.eldigitaldeasturias.com\\\/noticias\\\/\",\"email\":\"info@eldigitaldeasturias.com\",\"telephone\":\"+34652131393\",\"logo\":{\"@type\":\"ImageObject\",\"url\":\"https:\\\/\\\/www.eldigitaldeasturias.com\\\/noticias\\\/wp-content\\\/uploads\\\/2020\\\/12\\\/EDA.jpg\",\"@id\":\"https:\\\/\\\/www.eldigitaldeasturias.com\\\/noticias\\\/okupas-por-desesperacion\\\/#organizationLogo\"},\"image\":{\"@id\":\"https:\\\/\\\/www.eldigitaldeasturias.com\\\/noticias\\\/okupas-por-desesperacion\\\/#organizationLogo\"},\"sameAs\":[\"https:\\\/\\\/facebook.com\\\/eldigitaldeasturias\",\"https:\\\/\\\/www.youtube.com\\\/channel\\\/UCZP-2wLEB9Rv6erhFmqVnvg\"],\"address\":{\"@id\":\"https:\\\/\\\/www.eldigitaldeasturias.com\\\/noticias\\\/#postaladdress\",\"@type\":\"PostalAddress\",\"streetAddress\":\"san antonio 4\",\"postalCode\":\"33430\",\"addressLocality\":\"Cand\\u00e1s\",\"addressRegion\":\"Asturias\",\"addressCountry\":\"ES\"}},{\"@type\":\"Person\",\"@id\":\"https:\\\/\\\/www.eldigitaldeasturias.com\\\/noticias\\\/author\\\/admin\\\/#author\",\"url\":\"https:\\\/\\\/www.eldigitaldeasturias.com\\\/noticias\\\/author\\\/admin\\\/\",\"name\":\"El Digital de Asturias\",\"image\":{\"@type\":\"ImageObject\",\"@id\":\"https:\\\/\\\/www.eldigitaldeasturias.com\\\/noticias\\\/okupas-por-desesperacion\\\/#authorImage\",\"url\":\"https:\\\/\\\/secure.gravatar.com\\\/avatar\\\/df2aeffc32bcd13f8d26072ef8a91b623d677766deac7f97ca815868cd41bf5e?s=96&d=mm&r=g\",\"width\":96,\"height\":96,\"caption\":\"El Digital de Asturias\"}},{\"@type\":\"WebPage\",\"@id\":\"https:\\\/\\\/www.eldigitaldeasturias.com\\\/noticias\\\/okupas-por-desesperacion\\\/#webpage\",\"url\":\"https:\\\/\\\/www.eldigitaldeasturias.com\\\/noticias\\\/okupas-por-desesperacion\\\/\",\"name\":\"Okupas por desesperaci\\u00f3n - El Digital de Asturias\",\"description\":\"C\\u00e1diz, 1 dic (EFE).- Llevan meses de ventanilla en ventanilla, contando su historia a los servicios sociales de las administraciones sin que nadie, hasta el momento, les haya dado una soluci\\u00f3n. Son los rostros de la crisis, nueve familias gaditanas, entre ellos trece menores, que han ocupado al completo una finca en el n\\u00famero 43\",\"inLanguage\":\"es-ES\",\"isPartOf\":{\"@id\":\"https:\\\/\\\/www.eldigitaldeasturias.com\\\/noticias\\\/#website\"},\"breadcrumb\":{\"@id\":\"https:\\\/\\\/www.eldigitaldeasturias.com\\\/noticias\\\/okupas-por-desesperacion\\\/#breadcrumblist\"},\"author\":{\"@id\":\"https:\\\/\\\/www.eldigitaldeasturias.com\\\/noticias\\\/author\\\/admin\\\/#author\"},\"creator\":{\"@id\":\"https:\\\/\\\/www.eldigitaldeasturias.com\\\/noticias\\\/author\\\/admin\\\/#author\"},\"image\":{\"@type\":\"ImageObject\",\"url\":456556,\"@id\":\"https:\\\/\\\/www.eldigitaldeasturias.com\\\/noticias\\\/okupas-por-desesperacion\\\/#mainImage\"},\"primaryImageOfPage\":{\"@id\":\"https:\\\/\\\/www.eldigitaldeasturias.com\\\/noticias\\\/okupas-por-desesperacion\\\/#mainImage\"},\"datePublished\":\"2013-12-01T20:47:23+01:00\",\"dateModified\":\"2013-12-01T20:47:23+01:00\"},{\"@type\":\"WebSite\",\"@id\":\"https:\\\/\\\/www.eldigitaldeasturias.com\\\/noticias\\\/#website\",\"url\":\"https:\\\/\\\/www.eldigitaldeasturias.com\\\/noticias\\\/\",\"name\":\"El Digital de Asturias - Diario de actualidad y noticias\",\"alternateName\":\"El Digital de Asturias - Diario de actualidad y noticias\",\"description\":\"Hemeroteca\",\"inLanguage\":\"es-ES\",\"publisher\":{\"@id\":\"https:\\\/\\\/www.eldigitaldeasturias.com\\\/noticias\\\/#organization\"}}]}\n\t\t<\/script>\n\t\t<!-- All in One SEO Pro -->\r\n\t\t<title>Okupas por desesperaci\u00f3n - El Digital de Asturias<\/title>\n\n","aioseo_head_json":{"title":"Okupas por desesperaci\u00f3n - El Digital de Asturias","description":"C\u00e1diz, 1 dic (EFE).- Llevan meses de ventanilla en ventanilla, contando su historia a los servicios sociales de las administraciones sin que nadie, hasta el momento, les haya dado una soluci\u00f3n. Son los rostros de la crisis, nueve familias gaditanas, entre ellos trece menores, que han ocupado al completo una finca en el n\u00famero 43","canonical_url":"https:\/\/www.eldigitaldeasturias.com\/noticias\/okupas-por-desesperacion\/","robots":"max-image-preview:large","keywords":"sociedad","webmasterTools":{"google-site-verification":"UA-38556648-1","msvalidate.01":"7dfe9f3f1b24437ab69f4f2559babe99","miscellaneous":""},"schema":{"@context":"https:\/\/schema.org","@graph":[{"@type":"BlogPosting","@id":"https:\/\/www.eldigitaldeasturias.com\/noticias\/okupas-por-desesperacion\/#blogposting","name":"Okupas por desesperaci\u00f3n - El Digital de Asturias","headline":"Okupas por desesperaci\u00f3n","author":{"@id":"https:\/\/www.eldigitaldeasturias.com\/noticias\/author\/admin\/#author"},"publisher":{"@id":"https:\/\/www.eldigitaldeasturias.com\/noticias\/#organization"},"image":{"@type":"ImageObject","url":456556},"datePublished":"2013-12-01T20:47:23+01:00","dateModified":"2013-12-01T20:47:23+01:00","inLanguage":"es-ES","mainEntityOfPage":{"@id":"https:\/\/www.eldigitaldeasturias.com\/noticias\/okupas-por-desesperacion\/#webpage"},"isPartOf":{"@id":"https:\/\/www.eldigitaldeasturias.com\/noticias\/okupas-por-desesperacion\/#webpage"},"articleSection":"Sociedad"},{"@type":"BreadcrumbList","@id":"https:\/\/www.eldigitaldeasturias.com\/noticias\/okupas-por-desesperacion\/#breadcrumblist","itemListElement":[{"@type":"ListItem","@id":"https:\/\/www.eldigitaldeasturias.com\/noticias#listItem","position":1,"name":"Home","item":"https:\/\/www.eldigitaldeasturias.com\/noticias","nextItem":{"@type":"ListItem","@id":"https:\/\/www.eldigitaldeasturias.com\/noticias\/category\/sociedad\/#listItem","name":"Sociedad"}},{"@type":"ListItem","@id":"https:\/\/www.eldigitaldeasturias.com\/noticias\/category\/sociedad\/#listItem","position":2,"name":"Sociedad","item":"https:\/\/www.eldigitaldeasturias.com\/noticias\/category\/sociedad\/","nextItem":{"@type":"ListItem","@id":"https:\/\/www.eldigitaldeasturias.com\/noticias\/okupas-por-desesperacion\/#listItem","name":"Okupas por desesperaci\u00f3n"},"previousItem":{"@type":"ListItem","@id":"https:\/\/www.eldigitaldeasturias.com\/noticias#listItem","name":"Home"}},{"@type":"ListItem","@id":"https:\/\/www.eldigitaldeasturias.com\/noticias\/okupas-por-desesperacion\/#listItem","position":3,"name":"Okupas por desesperaci\u00f3n","previousItem":{"@type":"ListItem","@id":"https:\/\/www.eldigitaldeasturias.com\/noticias\/category\/sociedad\/#listItem","name":"Sociedad"}}]},{"@type":"Organization","@id":"https:\/\/www.eldigitaldeasturias.com\/noticias\/#organization","name":"El Digital de Asturias","description":"Hemeroteca","url":"https:\/\/www.eldigitaldeasturias.com\/noticias\/","email":"info@eldigitaldeasturias.com","telephone":"+34652131393","logo":{"@type":"ImageObject","url":"https:\/\/www.eldigitaldeasturias.com\/noticias\/wp-content\/uploads\/2020\/12\/EDA.jpg","@id":"https:\/\/www.eldigitaldeasturias.com\/noticias\/okupas-por-desesperacion\/#organizationLogo"},"image":{"@id":"https:\/\/www.eldigitaldeasturias.com\/noticias\/okupas-por-desesperacion\/#organizationLogo"},"sameAs":["https:\/\/facebook.com\/eldigitaldeasturias","https:\/\/www.youtube.com\/channel\/UCZP-2wLEB9Rv6erhFmqVnvg"],"address":{"@id":"https:\/\/www.eldigitaldeasturias.com\/noticias\/#postaladdress","@type":"PostalAddress","streetAddress":"san antonio 4","postalCode":"33430","addressLocality":"Cand\u00e1s","addressRegion":"Asturias","addressCountry":"ES"}},{"@type":"Person","@id":"https:\/\/www.eldigitaldeasturias.com\/noticias\/author\/admin\/#author","url":"https:\/\/www.eldigitaldeasturias.com\/noticias\/author\/admin\/","name":"El Digital de Asturias","image":{"@type":"ImageObject","@id":"https:\/\/www.eldigitaldeasturias.com\/noticias\/okupas-por-desesperacion\/#authorImage","url":"https:\/\/secure.gravatar.com\/avatar\/df2aeffc32bcd13f8d26072ef8a91b623d677766deac7f97ca815868cd41bf5e?s=96&d=mm&r=g","width":96,"height":96,"caption":"El Digital de Asturias"}},{"@type":"WebPage","@id":"https:\/\/www.eldigitaldeasturias.com\/noticias\/okupas-por-desesperacion\/#webpage","url":"https:\/\/www.eldigitaldeasturias.com\/noticias\/okupas-por-desesperacion\/","name":"Okupas por desesperaci\u00f3n - El Digital de Asturias","description":"C\u00e1diz, 1 dic (EFE).- Llevan meses de ventanilla en ventanilla, contando su historia a los servicios sociales de las administraciones sin que nadie, hasta el momento, les haya dado una soluci\u00f3n. Son los rostros de la crisis, nueve familias gaditanas, entre ellos trece menores, que han ocupado al completo una finca en el n\u00famero 43","inLanguage":"es-ES","isPartOf":{"@id":"https:\/\/www.eldigitaldeasturias.com\/noticias\/#website"},"breadcrumb":{"@id":"https:\/\/www.eldigitaldeasturias.com\/noticias\/okupas-por-desesperacion\/#breadcrumblist"},"author":{"@id":"https:\/\/www.eldigitaldeasturias.com\/noticias\/author\/admin\/#author"},"creator":{"@id":"https:\/\/www.eldigitaldeasturias.com\/noticias\/author\/admin\/#author"},"image":{"@type":"ImageObject","url":456556,"@id":"https:\/\/www.eldigitaldeasturias.com\/noticias\/okupas-por-desesperacion\/#mainImage"},"primaryImageOfPage":{"@id":"https:\/\/www.eldigitaldeasturias.com\/noticias\/okupas-por-desesperacion\/#mainImage"},"datePublished":"2013-12-01T20:47:23+01:00","dateModified":"2013-12-01T20:47:23+01:00"},{"@type":"WebSite","@id":"https:\/\/www.eldigitaldeasturias.com\/noticias\/#website","url":"https:\/\/www.eldigitaldeasturias.com\/noticias\/","name":"El Digital de Asturias - Diario de actualidad y noticias","alternateName":"El Digital de Asturias - Diario de actualidad y noticias","description":"Hemeroteca","inLanguage":"es-ES","publisher":{"@id":"https:\/\/www.eldigitaldeasturias.com\/noticias\/#organization"}}]},"og:locale":"es_ES","og:site_name":"El Digital de Asturias","og:type":"article","og:title":"Okupas por desesperaci\u00f3n - El Digital de Asturias","og:description":"C\u00e1diz, 1 dic (EFE).- Llevan meses de ventanilla en ventanilla, contando su historia a los servicios sociales de las administraciones sin que nadie, hasta el momento, les haya dado una soluci\u00f3n. Son los rostros de la crisis, nueve familias gaditanas, entre ellos trece menores, que han ocupado al completo una finca en el n\u00famero 43","og:url":"https:\/\/www.eldigitaldeasturias.com\/noticias\/okupas-por-desesperacion\/","article:tag":["sociedad"],"article:published_time":"2013-12-01T21:47:23+00:00","article:modified_time":"2013-12-01T21:47:23+00:00","article:publisher":"https:\/\/facebook.com\/eldigitaldeasturias","twitter:card":"summary_large_image","twitter:title":"Okupas por desesperaci\u00f3n - El Digital de Asturias","twitter:description":"C\u00e1diz, 1 dic (EFE).- Llevan meses de ventanilla en ventanilla, contando su historia a los servicios sociales de las administraciones sin que nadie, hasta el momento, les haya dado una soluci\u00f3n. Son los rostros de la crisis, nueve familias gaditanas, entre ellos trece menores, que han ocupado al completo una finca en el n\u00famero 43","twitter:label1":"Escrito por","twitter:data1":"El Digital de Asturias","twitter:label2":"Tiempo de lectura estimado","twitter:data2":"4 minutos"},"aioseo_meta_data":{"post_id":"456555","title":null,"description":null,"keywords":null,"keyphrases":null,"primary_term":null,"canonical_url":null,"og_title":null,"og_description":null,"og_object_type":"default","og_image_type":"default","og_image_url":null,"og_image_width":null,"og_image_height":null,"og_image_custom_url":null,"og_image_custom_fields":null,"og_video":null,"og_custom_url":null,"og_article_section":null,"og_article_tags":null,"twitter_use_og":true,"twitter_card":"default","twitter_image_type":"default","twitter_image_url":null,"twitter_image_custom_url":null,"twitter_image_custom_fields":null,"twitter_title":null,"twitter_description":null,"schema":{"blockGraphs":[],"customGraphs":[],"default":{"data":{"Article":[],"Course":[],"Dataset":[],"FAQPage":[],"Movie":[],"Person":[],"Product":[],"ProductReview":[],"Car":[],"Recipe":[],"Service":[],"SoftwareApplication":[],"WebPage":[]},"graphName":"","isEnabled":true},"graphs":[],"defaultGraph":"","defaultPostTypeGraph":""},"schema_type":null,"schema_type_options":null,"pillar_content":false,"robots_default":true,"robots_noindex":false,"robots_noarchive":false,"robots_nosnippet":false,"robots_nofollow":false,"robots_noimageindex":false,"robots_noodp":false,"robots_notranslate":false,"robots_max_snippet":null,"robots_max_videopreview":null,"robots_max_imagepreview":"none","priority":null,"frequency":null,"local_seo":null,"seo_analyzer_scan_date":"2026-05-29 22:25:04","breadcrumb_settings":null,"limit_modified_date":false,"open_ai":null,"ai":null,"created":"2020-11-14 22:45:59","updated":"2026-05-29 22:25:04","focus_keyword":null,"additional_keywords":null,"truseo_locale":null},"aioseo_breadcrumb":"<div class=\"aioseo-breadcrumbs\"><span class=\"aioseo-breadcrumb\">\n\t<a href=\"https:\/\/www.eldigitaldeasturias.com\/noticias\" title=\"Home\">Home<\/a>\n<\/span><span class=\"aioseo-breadcrumb-separator\">\u2013<\/span><span class=\"aioseo-breadcrumb\">\n\t<a href=\"https:\/\/www.eldigitaldeasturias.com\/noticias\/category\/sociedad\/\" title=\"Sociedad\">Sociedad<\/a>\n<\/span><span class=\"aioseo-breadcrumb-separator\">\u2013<\/span><span class=\"aioseo-breadcrumb\">\n\t<a href=\"https:\/\/www.eldigitaldeasturias.com\/noticias\/okupas-por-desesperacion\/\" title=\"Okupas por desesperaci\u00f3n\">Okupas por desesperaci\u00f3n<\/a>\n<\/span><\/div>","aioseo_breadcrumb_json":[{"label":"Home","link":"https:\/\/www.eldigitaldeasturias.com\/noticias"},{"label":"Sociedad","link":"https:\/\/www.eldigitaldeasturias.com\/noticias\/category\/sociedad\/"},{"label":"Okupas por desesperaci\u00f3n","link":"https:\/\/www.eldigitaldeasturias.com\/noticias\/okupas-por-desesperacion\/"}],"_links":{"self":[{"href":"https:\/\/www.eldigitaldeasturias.com\/noticias\/wp-json\/wp\/v2\/posts\/456555","targetHints":{"allow":["GET"]}}],"collection":[{"href":"https:\/\/www.eldigitaldeasturias.com\/noticias\/wp-json\/wp\/v2\/posts"}],"about":[{"href":"https:\/\/www.eldigitaldeasturias.com\/noticias\/wp-json\/wp\/v2\/types\/post"}],"author":[{"embeddable":true,"href":"https:\/\/www.eldigitaldeasturias.com\/noticias\/wp-json\/wp\/v2\/users\/1"}],"replies":[{"embeddable":true,"href":"https:\/\/www.eldigitaldeasturias.com\/noticias\/wp-json\/wp\/v2\/comments?post=456555"}],"version-history":[{"count":0,"href":"https:\/\/www.eldigitaldeasturias.com\/noticias\/wp-json\/wp\/v2\/posts\/456555\/revisions"}],"wp:attachment":[{"href":"https:\/\/www.eldigitaldeasturias.com\/noticias\/wp-json\/wp\/v2\/media?parent=456555"}],"wp:term":[{"taxonomy":"category","embeddable":true,"href":"https:\/\/www.eldigitaldeasturias.com\/noticias\/wp-json\/wp\/v2\/categories?post=456555"},{"taxonomy":"post_tag","embeddable":true,"href":"https:\/\/www.eldigitaldeasturias.com\/noticias\/wp-json\/wp\/v2\/tags?post=456555"}],"curies":[{"name":"wp","href":"https:\/\/api.w.org\/{rel}","templated":true}]}}