{"id":456544,"date":"2013-12-01T20:40:30","date_gmt":"2013-12-01T21:40:30","guid":{"rendered":"http:\/\/www.eldigitaldeasturias.com\/noticias\/?p=456544"},"modified":"2013-12-01T20:40:30","modified_gmt":"2013-12-01T21:40:30","slug":"ponle-freno-congrega-a-17-000-corredores-en-favor-de-la-seguridad-vial","status":"publish","type":"post","link":"https:\/\/www.eldigitaldeasturias.com\/noticias\/ponle-freno-congrega-a-17-000-corredores-en-favor-de-la-seguridad-vial\/","title":{"rendered":"&#8216;Ponle Freno&#8217; congrega a 17.000 corredores en favor de la seguridad vial"},"content":{"rendered":"<p><img loading=\"lazy\" decoding=\"async\" class=\"alignleft size-medium wp-image-456545\" alt=\"5764672w\" src=\"https:\/\/www.eldigitaldeasturias.com\/noticias\/wp-content\/uploads\/2013\/12\/5764672w-360x239.jpg\" width=\"360\" height=\"239\" \/>Madrid, 1 dic (EFE).- La quinta carrera &#8216;Ponle Freno&#8217; ha batido hoy un nuevo r\u00e9cord de participaci\u00f3n con 17.000 personas que, enfundadas en camisetas azules y soportando un fr\u00edo intenso, han corrido por el centro de Madrid en favor de la seguridad vial.<\/p>\n<p>Esta iniciativa solidaria, organizada por el grupo de comunicaci\u00f3n Atresmedia, ha congregado a caras conocidas del periodismo, del deporte y de la pol\u00edtica, como el consejero de Transportes, Infraestructuras y Vivienda, Pablo Cavero.<\/p>\n<p>Antes de participar en la carrera, Cavero ha valorado esta iniciativa \u00abque salva vidas en carretera\u00bb y cuya recaudaci\u00f3n ir\u00e1 destinada a \u00abuna buena causa\u00bb como es el impulso de la accesibilidad y de la pr\u00e1ctica de deporte de las personas con lesi\u00f3n medular en el Hospital de Parapl\u00e9jicos de Toledo.<\/p>\n<p>El titular regional de Transportes se ha mostrado \u00abconvencido\u00bb de que una de las mejores formas de ahorrar en gasto p\u00fablico sanitario es \u00abhaciendo deporte y teniendo buenos h\u00e1bitos\u00bb, y ha aprovechado la ocasi\u00f3n para animar a los madrile\u00f1os a que se preparen ya para participar en la Marat\u00f3n de 2014.<\/p>\n<p>Adem\u00e1s, ha reiterado la apuesta del Gobierno regional por la seguridad vial, lo que ha permitido reducir en casi un 80 por ciento el n\u00famero de v\u00edctimas mortales en las carreteras madrile\u00f1as desde el a\u00f1o 2001.<\/p>\n<p>Los participantes han salido a las 9.00 horas del parque del Retiro y han optado por una de las dos modalidades que ofrec\u00eda la prueba, un recorrido de cinco kil\u00f3metro u otro m\u00e1s largo, de diez kil\u00f3metros, antes de alcanzar la meta en el mismo punto de partida.<\/p>\n<p>Un portavoz de Emergencias Madrid ha informado a Efe de que el SAMUR-Protecci\u00f3n Civil ha realizado ocho atenciones sanitarias, en su mayor\u00eda por ca\u00eddas, alguna lipotimia y una reacci\u00f3n al\u00e9rgica.<\/p>\n<p>Todos los corredores atendidos han sido dados de alta en el lugar y no ha sido necesario realizar ning\u00fan traslado hospitalario.<\/p>\n","protected":false},"excerpt":{"rendered":"<p>Madrid, 1 dic (EFE).- La quinta carrera &#8216;Ponle Freno&#8217; ha batido hoy un nuevo r\u00e9cord de participaci\u00f3n con 17.000 personas que, enfundadas en camisetas azules y soportando un fr\u00edo intenso, han corrido por el centro de Madrid en favor de la seguridad vial. Esta iniciativa solidaria, organizada por el grupo de comunicaci\u00f3n Atresmedia, ha congregado [&hellip;]<\/p>\n","protected":false},"author":1,"featured_media":456545,"comment_status":"closed","ping_status":"open","sticky":false,"template":"","format":"standard","meta":{"footnotes":""},"categories":[28],"tags":[],"class_list":["post-456544","post","type-post","status-publish","format-standard","has-post-thumbnail","hentry","category-sociedad"],"aioseo_notices":[],"aioseo_head":"\n\t\t<!-- All in One SEO Pro 5.0.1 - aioseo.com -->\n\t<meta name=\"description\" content=\"Madrid, 1 dic (EFE).- La quinta carrera &#039;Ponle Freno&#039; ha batido hoy un nuevo r\u00e9cord de participaci\u00f3n con 17.000 personas que, enfundadas en camisetas azules y soportando un fr\u00edo intenso, han corrido por el centro de Madrid en favor de la seguridad vial. Esta iniciativa solidaria, organizada por el grupo de comunicaci\u00f3n Atresmedia, ha congregado\" \/>\n\t<meta name=\"robots\" content=\"max-image-preview:large\" \/>\n\t<meta name=\"author\" content=\"El Digital de Asturias\"\/>\n\t<meta name=\"google-site-verification\" content=\"UA-38556648-1\" \/>\n\t<meta name=\"msvalidate.01\" content=\"7dfe9f3f1b24437ab69f4f2559babe99\" \/>\n\t<meta name=\"keywords\" content=\"sociedad\" \/>\n\t<link rel=\"canonical\" href=\"https:\/\/www.eldigitaldeasturias.com\/noticias\/ponle-freno-congrega-a-17-000-corredores-en-favor-de-la-seguridad-vial\/\" \/>\n\t<meta name=\"generator\" content=\"All in One SEO Pro (AIOSEO) 5.0.1\" \/>\n\t\t<meta property=\"og:locale\" content=\"es_ES\" \/>\n\t\t<meta property=\"og:site_name\" content=\"El Digital de Asturias\" \/>\n\t\t<meta property=\"og:type\" content=\"article\" \/>\n\t\t<meta property=\"og:title\" content=\"\u2018Ponle Freno\u2019 congrega a 17.000 corredores en favor de la seguridad vial - El Digital de Asturias\" \/>\n\t\t<meta property=\"og:description\" content=\"Madrid, 1 dic (EFE).- La quinta carrera &#039;Ponle Freno&#039; ha batido hoy un nuevo r\u00e9cord de participaci\u00f3n con 17.000 personas que, enfundadas en camisetas azules y soportando un fr\u00edo intenso, han corrido por el centro de Madrid en favor de la seguridad vial. Esta iniciativa solidaria, organizada por el grupo de comunicaci\u00f3n Atresmedia, ha congregado\" \/>\n\t\t<meta property=\"og:url\" content=\"https:\/\/www.eldigitaldeasturias.com\/noticias\/ponle-freno-congrega-a-17-000-corredores-en-favor-de-la-seguridad-vial\/\" \/>\n\t\t<meta property=\"article:tag\" content=\"sociedad\" \/>\n\t\t<meta property=\"article:published_time\" content=\"2013-12-01T21:40:30+00:00\" \/>\n\t\t<meta property=\"article:modified_time\" content=\"2013-12-01T21:40:30+00:00\" \/>\n\t\t<meta property=\"article:publisher\" content=\"https:\/\/facebook.com\/eldigitaldeasturias\" \/>\n\t\t<meta name=\"twitter:card\" content=\"summary_large_image\" \/>\n\t\t<meta name=\"twitter:title\" content=\"\u2018Ponle Freno\u2019 congrega a 17.000 corredores en favor de la seguridad vial - El Digital de Asturias\" \/>\n\t\t<meta name=\"twitter:description\" content=\"Madrid, 1 dic (EFE).- La quinta carrera &#039;Ponle Freno&#039; ha batido hoy un nuevo r\u00e9cord de participaci\u00f3n con 17.000 personas que, enfundadas en camisetas azules y soportando un fr\u00edo intenso, han corrido por el centro de Madrid en favor de la seguridad vial. Esta iniciativa solidaria, organizada por el grupo de comunicaci\u00f3n Atresmedia, ha congregado\" \/>\n\t\t<meta name=\"twitter:label1\" content=\"Escrito por\" \/>\n\t\t<meta name=\"twitter:data1\" content=\"El Digital de Asturias\" \/>\n\t\t<meta name=\"twitter:label2\" content=\"Tiempo de lectura estimado\" \/>\n\t\t<meta name=\"twitter:data2\" content=\"2 minutos\" \/>\n\t\t<script type=\"application\/ld+json\" class=\"aioseo-schema\">\n\t\t\t{\"@context\":\"https:\\\/\\\/schema.org\",\"@graph\":[{\"@type\":\"BlogPosting\",\"@id\":\"https:\\\/\\\/www.eldigitaldeasturias.com\\\/noticias\\\/ponle-freno-congrega-a-17-000-corredores-en-favor-de-la-seguridad-vial\\\/#blogposting\",\"name\":\"\\u2018Ponle Freno\\u2019 congrega a 17.000 corredores en favor de la seguridad vial - El Digital de Asturias\",\"headline\":\"&#8216;Ponle Freno&#8217; congrega a 17.000 corredores en favor de la seguridad vial\",\"author\":{\"@id\":\"https:\\\/\\\/www.eldigitaldeasturias.com\\\/noticias\\\/author\\\/admin\\\/#author\"},\"publisher\":{\"@id\":\"https:\\\/\\\/www.eldigitaldeasturias.com\\\/noticias\\\/#organization\"},\"image\":{\"@type\":\"ImageObject\",\"url\":456545},\"datePublished\":\"2013-12-01T20:40:30+01:00\",\"dateModified\":\"2013-12-01T20:40:30+01:00\",\"inLanguage\":\"es-ES\",\"mainEntityOfPage\":{\"@id\":\"https:\\\/\\\/www.eldigitaldeasturias.com\\\/noticias\\\/ponle-freno-congrega-a-17-000-corredores-en-favor-de-la-seguridad-vial\\\/#webpage\"},\"isPartOf\":{\"@id\":\"https:\\\/\\\/www.eldigitaldeasturias.com\\\/noticias\\\/ponle-freno-congrega-a-17-000-corredores-en-favor-de-la-seguridad-vial\\\/#webpage\"},\"articleSection\":\"Sociedad\"},{\"@type\":\"BreadcrumbList\",\"@id\":\"https:\\\/\\\/www.eldigitaldeasturias.com\\\/noticias\\\/ponle-freno-congrega-a-17-000-corredores-en-favor-de-la-seguridad-vial\\\/#breadcrumblist\",\"itemListElement\":[{\"@type\":\"ListItem\",\"@id\":\"https:\\\/\\\/www.eldigitaldeasturias.com\\\/noticias#listItem\",\"position\":1,\"name\":\"Home\",\"item\":\"https:\\\/\\\/www.eldigitaldeasturias.com\\\/noticias\",\"nextItem\":{\"@type\":\"ListItem\",\"@id\":\"https:\\\/\\\/www.eldigitaldeasturias.com\\\/noticias\\\/category\\\/sociedad\\\/#listItem\",\"name\":\"Sociedad\"}},{\"@type\":\"ListItem\",\"@id\":\"https:\\\/\\\/www.eldigitaldeasturias.com\\\/noticias\\\/category\\\/sociedad\\\/#listItem\",\"position\":2,\"name\":\"Sociedad\",\"item\":\"https:\\\/\\\/www.eldigitaldeasturias.com\\\/noticias\\\/category\\\/sociedad\\\/\",\"nextItem\":{\"@type\":\"ListItem\",\"@id\":\"https:\\\/\\\/www.eldigitaldeasturias.com\\\/noticias\\\/ponle-freno-congrega-a-17-000-corredores-en-favor-de-la-seguridad-vial\\\/#listItem\",\"name\":\"&#8216;Ponle Freno&#8217; congrega a 17.000 corredores en favor de la seguridad vial\"},\"previousItem\":{\"@type\":\"ListItem\",\"@id\":\"https:\\\/\\\/www.eldigitaldeasturias.com\\\/noticias#listItem\",\"name\":\"Home\"}},{\"@type\":\"ListItem\",\"@id\":\"https:\\\/\\\/www.eldigitaldeasturias.com\\\/noticias\\\/ponle-freno-congrega-a-17-000-corredores-en-favor-de-la-seguridad-vial\\\/#listItem\",\"position\":3,\"name\":\"&#8216;Ponle Freno&#8217; congrega a 17.000 corredores en favor de la seguridad vial\",\"previousItem\":{\"@type\":\"ListItem\",\"@id\":\"https:\\\/\\\/www.eldigitaldeasturias.com\\\/noticias\\\/category\\\/sociedad\\\/#listItem\",\"name\":\"Sociedad\"}}]},{\"@type\":\"Organization\",\"@id\":\"https:\\\/\\\/www.eldigitaldeasturias.com\\\/noticias\\\/#organization\",\"name\":\"El Digital de Asturias\",\"description\":\"Hemeroteca\",\"url\":\"https:\\\/\\\/www.eldigitaldeasturias.com\\\/noticias\\\/\",\"email\":\"info@eldigitaldeasturias.com\",\"telephone\":\"+34652131393\",\"logo\":{\"@type\":\"ImageObject\",\"url\":\"https:\\\/\\\/www.eldigitaldeasturias.com\\\/noticias\\\/wp-content\\\/uploads\\\/2020\\\/12\\\/EDA.jpg\",\"@id\":\"https:\\\/\\\/www.eldigitaldeasturias.com\\\/noticias\\\/ponle-freno-congrega-a-17-000-corredores-en-favor-de-la-seguridad-vial\\\/#organizationLogo\"},\"image\":{\"@id\":\"https:\\\/\\\/www.eldigitaldeasturias.com\\\/noticias\\\/ponle-freno-congrega-a-17-000-corredores-en-favor-de-la-seguridad-vial\\\/#organizationLogo\"},\"sameAs\":[\"https:\\\/\\\/facebook.com\\\/eldigitaldeasturias\",\"https:\\\/\\\/www.youtube.com\\\/channel\\\/UCZP-2wLEB9Rv6erhFmqVnvg\"],\"address\":{\"@id\":\"https:\\\/\\\/www.eldigitaldeasturias.com\\\/noticias\\\/#postaladdress\",\"@type\":\"PostalAddress\",\"streetAddress\":\"san antonio 4\",\"postalCode\":\"33430\",\"addressLocality\":\"Cand\\u00e1s\",\"addressRegion\":\"Asturias\",\"addressCountry\":\"ES\"}},{\"@type\":\"Person\",\"@id\":\"https:\\\/\\\/www.eldigitaldeasturias.com\\\/noticias\\\/author\\\/admin\\\/#author\",\"url\":\"https:\\\/\\\/www.eldigitaldeasturias.com\\\/noticias\\\/author\\\/admin\\\/\",\"name\":\"El Digital de Asturias\",\"image\":{\"@type\":\"ImageObject\",\"@id\":\"https:\\\/\\\/www.eldigitaldeasturias.com\\\/noticias\\\/ponle-freno-congrega-a-17-000-corredores-en-favor-de-la-seguridad-vial\\\/#authorImage\",\"url\":\"https:\\\/\\\/secure.gravatar.com\\\/avatar\\\/df2aeffc32bcd13f8d26072ef8a91b623d677766deac7f97ca815868cd41bf5e?s=96&d=mm&r=g\",\"width\":96,\"height\":96,\"caption\":\"El Digital de Asturias\"}},{\"@type\":\"WebPage\",\"@id\":\"https:\\\/\\\/www.eldigitaldeasturias.com\\\/noticias\\\/ponle-freno-congrega-a-17-000-corredores-en-favor-de-la-seguridad-vial\\\/#webpage\",\"url\":\"https:\\\/\\\/www.eldigitaldeasturias.com\\\/noticias\\\/ponle-freno-congrega-a-17-000-corredores-en-favor-de-la-seguridad-vial\\\/\",\"name\":\"\\u2018Ponle Freno\\u2019 congrega a 17.000 corredores en favor de la seguridad vial - El Digital de Asturias\",\"description\":\"Madrid, 1 dic (EFE).- La quinta carrera 'Ponle Freno' ha batido hoy un nuevo r\\u00e9cord de participaci\\u00f3n con 17.000 personas que, enfundadas en camisetas azules y soportando un fr\\u00edo intenso, han corrido por el centro de Madrid en favor de la seguridad vial. Esta iniciativa solidaria, organizada por el grupo de comunicaci\\u00f3n Atresmedia, ha congregado\",\"inLanguage\":\"es-ES\",\"isPartOf\":{\"@id\":\"https:\\\/\\\/www.eldigitaldeasturias.com\\\/noticias\\\/#website\"},\"breadcrumb\":{\"@id\":\"https:\\\/\\\/www.eldigitaldeasturias.com\\\/noticias\\\/ponle-freno-congrega-a-17-000-corredores-en-favor-de-la-seguridad-vial\\\/#breadcrumblist\"},\"author\":{\"@id\":\"https:\\\/\\\/www.eldigitaldeasturias.com\\\/noticias\\\/author\\\/admin\\\/#author\"},\"creator\":{\"@id\":\"https:\\\/\\\/www.eldigitaldeasturias.com\\\/noticias\\\/author\\\/admin\\\/#author\"},\"image\":{\"@type\":\"ImageObject\",\"url\":456545,\"@id\":\"https:\\\/\\\/www.eldigitaldeasturias.com\\\/noticias\\\/ponle-freno-congrega-a-17-000-corredores-en-favor-de-la-seguridad-vial\\\/#mainImage\"},\"primaryImageOfPage\":{\"@id\":\"https:\\\/\\\/www.eldigitaldeasturias.com\\\/noticias\\\/ponle-freno-congrega-a-17-000-corredores-en-favor-de-la-seguridad-vial\\\/#mainImage\"},\"datePublished\":\"2013-12-01T20:40:30+01:00\",\"dateModified\":\"2013-12-01T20:40:30+01:00\"},{\"@type\":\"WebSite\",\"@id\":\"https:\\\/\\\/www.eldigitaldeasturias.com\\\/noticias\\\/#website\",\"url\":\"https:\\\/\\\/www.eldigitaldeasturias.com\\\/noticias\\\/\",\"name\":\"El Digital de Asturias - Diario de actualidad y noticias\",\"alternateName\":\"El Digital de Asturias - Diario de actualidad y noticias\",\"description\":\"Hemeroteca\",\"inLanguage\":\"es-ES\",\"publisher\":{\"@id\":\"https:\\\/\\\/www.eldigitaldeasturias.com\\\/noticias\\\/#organization\"}}]}\n\t\t<\/script>\n\t\t<!-- All in One SEO Pro -->\r\n\t\t<title>\u2018Ponle Freno\u2019 congrega a 17.000 corredores en favor de la seguridad vial - El Digital de Asturias<\/title>\n\n","aioseo_head_json":{"title":"\u2018Ponle Freno\u2019 congrega a 17.000 corredores en favor de la seguridad vial - El Digital de Asturias","description":"Madrid, 1 dic (EFE).- La quinta carrera 'Ponle Freno' ha batido hoy un nuevo r\u00e9cord de participaci\u00f3n con 17.000 personas que, enfundadas en camisetas azules y soportando un fr\u00edo intenso, han corrido por el centro de Madrid en favor de la seguridad vial. Esta iniciativa solidaria, organizada por el grupo de comunicaci\u00f3n Atresmedia, ha congregado","canonical_url":"https:\/\/www.eldigitaldeasturias.com\/noticias\/ponle-freno-congrega-a-17-000-corredores-en-favor-de-la-seguridad-vial\/","robots":"max-image-preview:large","keywords":"sociedad","webmasterTools":{"google-site-verification":"UA-38556648-1","msvalidate.01":"7dfe9f3f1b24437ab69f4f2559babe99","miscellaneous":""},"schema":{"@context":"https:\/\/schema.org","@graph":[{"@type":"BlogPosting","@id":"https:\/\/www.eldigitaldeasturias.com\/noticias\/ponle-freno-congrega-a-17-000-corredores-en-favor-de-la-seguridad-vial\/#blogposting","name":"\u2018Ponle Freno\u2019 congrega a 17.000 corredores en favor de la seguridad vial - El Digital de Asturias","headline":"&#8216;Ponle Freno&#8217; congrega a 17.000 corredores en favor de la seguridad vial","author":{"@id":"https:\/\/www.eldigitaldeasturias.com\/noticias\/author\/admin\/#author"},"publisher":{"@id":"https:\/\/www.eldigitaldeasturias.com\/noticias\/#organization"},"image":{"@type":"ImageObject","url":456545},"datePublished":"2013-12-01T20:40:30+01:00","dateModified":"2013-12-01T20:40:30+01:00","inLanguage":"es-ES","mainEntityOfPage":{"@id":"https:\/\/www.eldigitaldeasturias.com\/noticias\/ponle-freno-congrega-a-17-000-corredores-en-favor-de-la-seguridad-vial\/#webpage"},"isPartOf":{"@id":"https:\/\/www.eldigitaldeasturias.com\/noticias\/ponle-freno-congrega-a-17-000-corredores-en-favor-de-la-seguridad-vial\/#webpage"},"articleSection":"Sociedad"},{"@type":"BreadcrumbList","@id":"https:\/\/www.eldigitaldeasturias.com\/noticias\/ponle-freno-congrega-a-17-000-corredores-en-favor-de-la-seguridad-vial\/#breadcrumblist","itemListElement":[{"@type":"ListItem","@id":"https:\/\/www.eldigitaldeasturias.com\/noticias#listItem","position":1,"name":"Home","item":"https:\/\/www.eldigitaldeasturias.com\/noticias","nextItem":{"@type":"ListItem","@id":"https:\/\/www.eldigitaldeasturias.com\/noticias\/category\/sociedad\/#listItem","name":"Sociedad"}},{"@type":"ListItem","@id":"https:\/\/www.eldigitaldeasturias.com\/noticias\/category\/sociedad\/#listItem","position":2,"name":"Sociedad","item":"https:\/\/www.eldigitaldeasturias.com\/noticias\/category\/sociedad\/","nextItem":{"@type":"ListItem","@id":"https:\/\/www.eldigitaldeasturias.com\/noticias\/ponle-freno-congrega-a-17-000-corredores-en-favor-de-la-seguridad-vial\/#listItem","name":"&#8216;Ponle Freno&#8217; congrega a 17.000 corredores en favor de la seguridad vial"},"previousItem":{"@type":"ListItem","@id":"https:\/\/www.eldigitaldeasturias.com\/noticias#listItem","name":"Home"}},{"@type":"ListItem","@id":"https:\/\/www.eldigitaldeasturias.com\/noticias\/ponle-freno-congrega-a-17-000-corredores-en-favor-de-la-seguridad-vial\/#listItem","position":3,"name":"&#8216;Ponle Freno&#8217; congrega a 17.000 corredores en favor de la seguridad vial","previousItem":{"@type":"ListItem","@id":"https:\/\/www.eldigitaldeasturias.com\/noticias\/category\/sociedad\/#listItem","name":"Sociedad"}}]},{"@type":"Organization","@id":"https:\/\/www.eldigitaldeasturias.com\/noticias\/#organization","name":"El Digital de Asturias","description":"Hemeroteca","url":"https:\/\/www.eldigitaldeasturias.com\/noticias\/","email":"info@eldigitaldeasturias.com","telephone":"+34652131393","logo":{"@type":"ImageObject","url":"https:\/\/www.eldigitaldeasturias.com\/noticias\/wp-content\/uploads\/2020\/12\/EDA.jpg","@id":"https:\/\/www.eldigitaldeasturias.com\/noticias\/ponle-freno-congrega-a-17-000-corredores-en-favor-de-la-seguridad-vial\/#organizationLogo"},"image":{"@id":"https:\/\/www.eldigitaldeasturias.com\/noticias\/ponle-freno-congrega-a-17-000-corredores-en-favor-de-la-seguridad-vial\/#organizationLogo"},"sameAs":["https:\/\/facebook.com\/eldigitaldeasturias","https:\/\/www.youtube.com\/channel\/UCZP-2wLEB9Rv6erhFmqVnvg"],"address":{"@id":"https:\/\/www.eldigitaldeasturias.com\/noticias\/#postaladdress","@type":"PostalAddress","streetAddress":"san antonio 4","postalCode":"33430","addressLocality":"Cand\u00e1s","addressRegion":"Asturias","addressCountry":"ES"}},{"@type":"Person","@id":"https:\/\/www.eldigitaldeasturias.com\/noticias\/author\/admin\/#author","url":"https:\/\/www.eldigitaldeasturias.com\/noticias\/author\/admin\/","name":"El Digital de Asturias","image":{"@type":"ImageObject","@id":"https:\/\/www.eldigitaldeasturias.com\/noticias\/ponle-freno-congrega-a-17-000-corredores-en-favor-de-la-seguridad-vial\/#authorImage","url":"https:\/\/secure.gravatar.com\/avatar\/df2aeffc32bcd13f8d26072ef8a91b623d677766deac7f97ca815868cd41bf5e?s=96&d=mm&r=g","width":96,"height":96,"caption":"El Digital de Asturias"}},{"@type":"WebPage","@id":"https:\/\/www.eldigitaldeasturias.com\/noticias\/ponle-freno-congrega-a-17-000-corredores-en-favor-de-la-seguridad-vial\/#webpage","url":"https:\/\/www.eldigitaldeasturias.com\/noticias\/ponle-freno-congrega-a-17-000-corredores-en-favor-de-la-seguridad-vial\/","name":"\u2018Ponle Freno\u2019 congrega a 17.000 corredores en favor de la seguridad vial - El Digital de Asturias","description":"Madrid, 1 dic (EFE).- La quinta carrera 'Ponle Freno' ha batido hoy un nuevo r\u00e9cord de participaci\u00f3n con 17.000 personas que, enfundadas en camisetas azules y soportando un fr\u00edo intenso, han corrido por el centro de Madrid en favor de la seguridad vial. Esta iniciativa solidaria, organizada por el grupo de comunicaci\u00f3n Atresmedia, ha congregado","inLanguage":"es-ES","isPartOf":{"@id":"https:\/\/www.eldigitaldeasturias.com\/noticias\/#website"},"breadcrumb":{"@id":"https:\/\/www.eldigitaldeasturias.com\/noticias\/ponle-freno-congrega-a-17-000-corredores-en-favor-de-la-seguridad-vial\/#breadcrumblist"},"author":{"@id":"https:\/\/www.eldigitaldeasturias.com\/noticias\/author\/admin\/#author"},"creator":{"@id":"https:\/\/www.eldigitaldeasturias.com\/noticias\/author\/admin\/#author"},"image":{"@type":"ImageObject","url":456545,"@id":"https:\/\/www.eldigitaldeasturias.com\/noticias\/ponle-freno-congrega-a-17-000-corredores-en-favor-de-la-seguridad-vial\/#mainImage"},"primaryImageOfPage":{"@id":"https:\/\/www.eldigitaldeasturias.com\/noticias\/ponle-freno-congrega-a-17-000-corredores-en-favor-de-la-seguridad-vial\/#mainImage"},"datePublished":"2013-12-01T20:40:30+01:00","dateModified":"2013-12-01T20:40:30+01:00"},{"@type":"WebSite","@id":"https:\/\/www.eldigitaldeasturias.com\/noticias\/#website","url":"https:\/\/www.eldigitaldeasturias.com\/noticias\/","name":"El Digital de Asturias - Diario de actualidad y noticias","alternateName":"El Digital de Asturias - Diario de actualidad y noticias","description":"Hemeroteca","inLanguage":"es-ES","publisher":{"@id":"https:\/\/www.eldigitaldeasturias.com\/noticias\/#organization"}}]},"og:locale":"es_ES","og:site_name":"El Digital de Asturias","og:type":"article","og:title":"\u2018Ponle Freno\u2019 congrega a 17.000 corredores en favor de la seguridad vial - El Digital de Asturias","og:description":"Madrid, 1 dic (EFE).- La quinta carrera 'Ponle Freno' ha batido hoy un nuevo r\u00e9cord de participaci\u00f3n con 17.000 personas que, enfundadas en camisetas azules y soportando un fr\u00edo intenso, han corrido por el centro de Madrid en favor de la seguridad vial. Esta iniciativa solidaria, organizada por el grupo de comunicaci\u00f3n Atresmedia, ha congregado","og:url":"https:\/\/www.eldigitaldeasturias.com\/noticias\/ponle-freno-congrega-a-17-000-corredores-en-favor-de-la-seguridad-vial\/","article:tag":["sociedad"],"article:published_time":"2013-12-01T21:40:30+00:00","article:modified_time":"2013-12-01T21:40:30+00:00","article:publisher":"https:\/\/facebook.com\/eldigitaldeasturias","twitter:card":"summary_large_image","twitter:title":"\u2018Ponle Freno\u2019 congrega a 17.000 corredores en favor de la seguridad vial - El Digital de Asturias","twitter:description":"Madrid, 1 dic (EFE).- La quinta carrera 'Ponle Freno' ha batido hoy un nuevo r\u00e9cord de participaci\u00f3n con 17.000 personas que, enfundadas en camisetas azules y soportando un fr\u00edo intenso, han corrido por el centro de Madrid en favor de la seguridad vial. Esta iniciativa solidaria, organizada por el grupo de comunicaci\u00f3n Atresmedia, ha congregado","twitter:label1":"Escrito por","twitter:data1":"El Digital de Asturias","twitter:label2":"Tiempo de lectura estimado","twitter:data2":"2 minutos"},"aioseo_meta_data":{"post_id":"456544","title":null,"description":null,"keywords":null,"keyphrases":null,"primary_term":null,"canonical_url":null,"og_title":null,"og_description":null,"og_object_type":"default","og_image_type":"default","og_image_url":null,"og_image_width":null,"og_image_height":null,"og_image_custom_url":null,"og_image_custom_fields":null,"og_video":null,"og_custom_url":null,"og_article_section":null,"og_article_tags":null,"twitter_use_og":true,"twitter_card":"default","twitter_image_type":"default","twitter_image_url":null,"twitter_image_custom_url":null,"twitter_image_custom_fields":null,"twitter_title":null,"twitter_description":null,"schema":{"blockGraphs":[],"customGraphs":[],"default":{"data":{"Article":[],"Course":[],"Dataset":[],"FAQPage":[],"Movie":[],"Person":[],"Product":[],"ProductReview":[],"Car":[],"Recipe":[],"Service":[],"SoftwareApplication":[],"WebPage":[]},"graphName":"","isEnabled":true},"graphs":[],"defaultGraph":"","defaultPostTypeGraph":""},"schema_type":null,"schema_type_options":null,"pillar_content":false,"robots_default":true,"robots_noindex":false,"robots_noarchive":false,"robots_nosnippet":false,"robots_nofollow":false,"robots_noimageindex":false,"robots_noodp":false,"robots_notranslate":false,"robots_max_snippet":null,"robots_max_videopreview":null,"robots_max_imagepreview":"none","priority":null,"frequency":null,"local_seo":null,"seo_analyzer_scan_date":"2026-05-29 22:22:18","breadcrumb_settings":null,"limit_modified_date":false,"open_ai":null,"ai":null,"created":"2020-11-14 22:45:59","updated":"2026-05-29 22:22:18","focus_keyword":null,"additional_keywords":null,"truseo_locale":null},"aioseo_breadcrumb":"<div class=\"aioseo-breadcrumbs\"><span class=\"aioseo-breadcrumb\">\n\t<a href=\"https:\/\/www.eldigitaldeasturias.com\/noticias\" title=\"Home\">Home<\/a>\n<\/span><span class=\"aioseo-breadcrumb-separator\">\u2013<\/span><span class=\"aioseo-breadcrumb\">\n\t<a href=\"https:\/\/www.eldigitaldeasturias.com\/noticias\/category\/sociedad\/\" title=\"Sociedad\">Sociedad<\/a>\n<\/span><span class=\"aioseo-breadcrumb-separator\">\u2013<\/span><span class=\"aioseo-breadcrumb\">\n\t<a href=\"https:\/\/www.eldigitaldeasturias.com\/noticias\/ponle-freno-congrega-a-17-000-corredores-en-favor-de-la-seguridad-vial\/\" title=\"\u2018Ponle Freno\u2019 congrega a 17.000 corredores en favor de la seguridad vial\">\u2018Ponle Freno\u2019 congrega a 17.000 corredores en favor de la seguridad vial<\/a>\n<\/span><\/div>","aioseo_breadcrumb_json":[{"label":"Home","link":"https:\/\/www.eldigitaldeasturias.com\/noticias"},{"label":"Sociedad","link":"https:\/\/www.eldigitaldeasturias.com\/noticias\/category\/sociedad\/"},{"label":"&#8216;Ponle Freno&#8217; congrega a 17.000 corredores en favor de la seguridad vial","link":"https:\/\/www.eldigitaldeasturias.com\/noticias\/ponle-freno-congrega-a-17-000-corredores-en-favor-de-la-seguridad-vial\/"}],"_links":{"self":[{"href":"https:\/\/www.eldigitaldeasturias.com\/noticias\/wp-json\/wp\/v2\/posts\/456544","targetHints":{"allow":["GET"]}}],"collection":[{"href":"https:\/\/www.eldigitaldeasturias.com\/noticias\/wp-json\/wp\/v2\/posts"}],"about":[{"href":"https:\/\/www.eldigitaldeasturias.com\/noticias\/wp-json\/wp\/v2\/types\/post"}],"author":[{"embeddable":true,"href":"https:\/\/www.eldigitaldeasturias.com\/noticias\/wp-json\/wp\/v2\/users\/1"}],"replies":[{"embeddable":true,"href":"https:\/\/www.eldigitaldeasturias.com\/noticias\/wp-json\/wp\/v2\/comments?post=456544"}],"version-history":[{"count":0,"href":"https:\/\/www.eldigitaldeasturias.com\/noticias\/wp-json\/wp\/v2\/posts\/456544\/revisions"}],"wp:attachment":[{"href":"https:\/\/www.eldigitaldeasturias.com\/noticias\/wp-json\/wp\/v2\/media?parent=456544"}],"wp:term":[{"taxonomy":"category","embeddable":true,"href":"https:\/\/www.eldigitaldeasturias.com\/noticias\/wp-json\/wp\/v2\/categories?post=456544"},{"taxonomy":"post_tag","embeddable":true,"href":"https:\/\/www.eldigitaldeasturias.com\/noticias\/wp-json\/wp\/v2\/tags?post=456544"}],"curies":[{"name":"wp","href":"https:\/\/api.w.org\/{rel}","templated":true}]}}