{"id":456532,"date":"2013-12-01T20:32:31","date_gmt":"2013-12-01T21:32:31","guid":{"rendered":"http:\/\/www.eldigitaldeasturias.com\/noticias\/?p=456532"},"modified":"2013-12-01T20:32:31","modified_gmt":"2013-12-01T21:32:31","slug":"un-parque-nacional-de-zonas-aridas-en-los-suenos-de-los-majoreros","status":"publish","type":"post","link":"https:\/\/www.eldigitaldeasturias.com\/noticias\/un-parque-nacional-de-zonas-aridas-en-los-suenos-de-los-majoreros\/","title":{"rendered":"Un Parque Nacional de Zonas \u00c1ridas en los sue\u00f1os de los majoreros"},"content":{"rendered":"<p><img loading=\"lazy\" decoding=\"async\" class=\"alignleft size-medium wp-image-456533\" alt=\"5764638w\" src=\"https:\/\/www.eldigitaldeasturias.com\/noticias\/wp-content\/uploads\/2013\/12\/5764638w-360x238.jpg\" width=\"360\" height=\"238\" \/>Puerto del Rosario, 1 dic (EFE).- Una d\u00e9cada despu\u00e9s de que el Cabildo de Fuerteventura encargara a sus servicios t\u00e9cnicos estudiar la posible creaci\u00f3n en la isla del Primer Parque Nacional de Zonas \u00c1ridas de Espa\u00f1a para presentarlo al Gobierno canario, esta posibilidad sigue siendo s\u00f3lo un sue\u00f1o en el coraz\u00f3n de los majoreros.<\/p>\n<p>Con un clima \u00e1rido y seco y una precipitaci\u00f3n media anual que ronda los 60 mil\u00edmetros, Fuerteventura re\u00fane todos los requisitos para ello, como comprob\u00f3 el propio presidente del Cabildo, Mario Cabrera, al recibir los primeros informes de sus t\u00e9cnicos.<\/p>\n<p>Informes que ponen en valor, seg\u00fan ha explicado Cabrera a Efe, caracter\u00edsticas de la isla que los propios locales no son capaces de percibir, \u00abm\u00e1s all\u00e1 de las enormes playas, las zonas de acantilados, las \u00e1reas des\u00e9rticas y las especies singulares que habitan en ellas\u00bb.<\/p>\n<p>Y esas caracter\u00edsticas est\u00e1n recogidas en el estudio preliminar encargado por el Cabildo y aprobado en julio de 2012, que responde a las indicaciones sobre las l\u00edneas b\u00e1sicas que definen un Parque Nacional.<\/p>\n<p>Estas son que se trate de un espacio de alto valor natural y cultural, representativo del patrimonio espa\u00f1ol, poco alterado por la actividad humana que, en raz\u00f3n de sus excepcionales valores naturales, de su car\u00e1cter representativo, de la singularidad de su flora y de su fauna o de sus formaciones geomorfol\u00f3gicas, merece una atenci\u00f3n preferente.<\/p>\n<p>Adem\u00e1s, en un Parque Nacional de zonas \u00e1ridas la componente paisaj\u00edstica adquiere una importancia m\u00e1s destacada que en otros parques de caracter\u00edsticas distintas y las \u00e1reas de Fuerteventura se caracterizan por una escasa presencia de agua y por unos flujos h\u00eddricos superficiales irregulares, pr\u00e1cticamente inexistentes y poco prolongados en el tiempo.<\/p>\n<p>De llevarse a cabo su aprobaci\u00f3n, el Parque Nacional abarcar\u00eda en principio 44.000 hect\u00e1reas distribuidas a lo largo de la isla, en su mayor parte el espacio costero de barlovento, incluidos unos 150 kil\u00f3metros de costa.<\/p>\n<p>El Cabildo recuerda que para que un territorio sea clasificado como Parque Nacional debe ser representativo del sistema natural al que aspira a albergar, tener una superficie suficiente para permitir todos y cada uno de los procesos ecol\u00f3gicos, que prevalezcan sus valores naturales y una escasa intervenci\u00f3n sobre los mismos, la continuidad territorial y que no abunden los n\u00facleos habitados.<\/p>\n<p>Mario Cabrera ha recordado que Fuerteventura \u00abcompite con Almer\u00eda\u00bb para albergar ese espacio protegido, \u00abpero aqu\u00ed se dan las condiciones de mucho espacio donde toda la costa oeste de la isla es \u00e1rida des\u00e9rtica\u00bb y donde habitan especies end\u00e9micas como la hubara, s\u00edmbolo de la isla, o el card\u00f3n de jand\u00eda.<\/p>\n<p>Fuerteventura ser\u00eda adem\u00e1s el primer Parque Nacional de Zonas \u00c1ridas mar\u00edtimo-terrestre de Europa; y en Europa paisajistas y antrop\u00f3logos tendr\u00e1n especialmente en cuenta c\u00f3mo afecta la vida de la poblaci\u00f3n local en el ambiente, y viceversa.<\/p>\n<p>\u00abNosotros creemos que, adem\u00e1s de la protecci\u00f3n, tenemos mucho suelo tambi\u00e9n para nuestro nivel de desarrollo, y elevarle el nivel de protecci\u00f3n es elevar tambi\u00e9n el valor de la isla y c\u00f3mo no vincularlo al turismo\u00bb, ha explicado Cabrera.<\/p>\n<p>Con este Parque Nacional se pretende avanzar en el cambio de modelo de desarrollo de la isla, que persiga regular actividades tradicionales como la agricultura o la ganader\u00eda e impulsar un turismo basado en el arte, la cultura y la naturaleza.<\/p>\n<p>\u00abLo que queremos -ha explicado el presidente del Cabildo- es que el parque ponga en valor el resto del territorio; nuestra apuesta est\u00e1 en ese modelo de desarrollo sostenible en que juegue un papel muy importante el territorio y el paisaje\u00bb.<\/p>\n<p>Aunque de momento contin\u00faan los tr\u00e1mites y que sea finalmente Almer\u00eda o Fuerteventura el territorio que se lleve la declaraci\u00f3n de Parque Nacional depender\u00e1 de c\u00f3mo se valore la singularidad medioambiental, econ\u00f3mica, social y cultural de cada uno.<\/p>\n<p>Para el Cabildo de Fuerteventura, la clave irrenunciable ser\u00e1 que la propuesta sea compatible con el desarrollo l\u00f3gico de los n\u00facleos poblaciones y de la econom\u00eda de la isla, para que el Parque Nacional de Zonas \u00c1ridas se convierta tambi\u00e9n en un elemento que favorezca la dinamizaci\u00f3n econ\u00f3mica y contribuya a generar riqueza.<\/p>\n<p>Cristina Yuste.<\/p>\n","protected":false},"excerpt":{"rendered":"<p>Puerto del Rosario, 1 dic (EFE).- Una d\u00e9cada despu\u00e9s de que el Cabildo de Fuerteventura encargara a sus servicios t\u00e9cnicos estudiar la posible creaci\u00f3n en la isla del Primer Parque Nacional de Zonas \u00c1ridas de Espa\u00f1a para presentarlo al Gobierno canario, esta posibilidad sigue siendo s\u00f3lo un sue\u00f1o en el coraz\u00f3n de los majoreros. Con [&hellip;]<\/p>\n","protected":false},"author":1,"featured_media":456533,"comment_status":"closed","ping_status":"open","sticky":false,"template":"","format":"standard","meta":{"footnotes":""},"categories":[28],"tags":[],"class_list":["post-456532","post","type-post","status-publish","format-standard","has-post-thumbnail","hentry","category-sociedad"],"aioseo_notices":[],"aioseo_head":"\n\t\t<!-- All in One SEO Pro 5.0.1 - aioseo.com -->\n\t<meta name=\"description\" content=\"Puerto del Rosario, 1 dic (EFE).- Una d\u00e9cada despu\u00e9s de que el Cabildo de Fuerteventura encargara a sus servicios t\u00e9cnicos estudiar la posible creaci\u00f3n en la isla del Primer Parque Nacional de Zonas \u00c1ridas de Espa\u00f1a para presentarlo al Gobierno canario, esta posibilidad sigue siendo s\u00f3lo un sue\u00f1o en el coraz\u00f3n de los majoreros. Con\" \/>\n\t<meta name=\"robots\" content=\"max-image-preview:large\" \/>\n\t<meta name=\"author\" content=\"El Digital de Asturias\"\/>\n\t<meta name=\"google-site-verification\" content=\"UA-38556648-1\" \/>\n\t<meta name=\"msvalidate.01\" content=\"7dfe9f3f1b24437ab69f4f2559babe99\" \/>\n\t<meta name=\"keywords\" content=\"sociedad\" \/>\n\t<link rel=\"canonical\" href=\"https:\/\/www.eldigitaldeasturias.com\/noticias\/un-parque-nacional-de-zonas-aridas-en-los-suenos-de-los-majoreros\/\" \/>\n\t<meta name=\"generator\" content=\"All in One SEO Pro (AIOSEO) 5.0.1\" \/>\n\t\t<meta property=\"og:locale\" content=\"es_ES\" \/>\n\t\t<meta property=\"og:site_name\" content=\"El Digital de Asturias\" \/>\n\t\t<meta property=\"og:type\" content=\"article\" \/>\n\t\t<meta property=\"og:title\" content=\"Un Parque Nacional de Zonas \u00c1ridas en los sue\u00f1os de los majoreros - El Digital de Asturias\" \/>\n\t\t<meta property=\"og:description\" content=\"Puerto del Rosario, 1 dic (EFE).- Una d\u00e9cada despu\u00e9s de que el Cabildo de Fuerteventura encargara a sus servicios t\u00e9cnicos estudiar la posible creaci\u00f3n en la isla del Primer Parque Nacional de Zonas \u00c1ridas de Espa\u00f1a para presentarlo al Gobierno canario, esta posibilidad sigue siendo s\u00f3lo un sue\u00f1o en el coraz\u00f3n de los majoreros. Con\" \/>\n\t\t<meta property=\"og:url\" content=\"https:\/\/www.eldigitaldeasturias.com\/noticias\/un-parque-nacional-de-zonas-aridas-en-los-suenos-de-los-majoreros\/\" \/>\n\t\t<meta property=\"article:tag\" content=\"sociedad\" \/>\n\t\t<meta property=\"article:published_time\" content=\"2013-12-01T21:32:31+00:00\" \/>\n\t\t<meta property=\"article:modified_time\" content=\"2013-12-01T21:32:31+00:00\" \/>\n\t\t<meta property=\"article:publisher\" content=\"https:\/\/facebook.com\/eldigitaldeasturias\" \/>\n\t\t<meta name=\"twitter:card\" content=\"summary_large_image\" \/>\n\t\t<meta name=\"twitter:title\" content=\"Un Parque Nacional de Zonas \u00c1ridas en los sue\u00f1os de los majoreros - El Digital de Asturias\" \/>\n\t\t<meta name=\"twitter:description\" content=\"Puerto del Rosario, 1 dic (EFE).- Una d\u00e9cada despu\u00e9s de que el Cabildo de Fuerteventura encargara a sus servicios t\u00e9cnicos estudiar la posible creaci\u00f3n en la isla del Primer Parque Nacional de Zonas \u00c1ridas de Espa\u00f1a para presentarlo al Gobierno canario, esta posibilidad sigue siendo s\u00f3lo un sue\u00f1o en el coraz\u00f3n de los majoreros. Con\" \/>\n\t\t<meta name=\"twitter:label1\" content=\"Escrito por\" \/>\n\t\t<meta name=\"twitter:data1\" content=\"El Digital de Asturias\" \/>\n\t\t<meta name=\"twitter:label2\" content=\"Tiempo de lectura estimado\" \/>\n\t\t<meta name=\"twitter:data2\" content=\"4 minutos\" \/>\n\t\t<script type=\"application\/ld+json\" class=\"aioseo-schema\">\n\t\t\t{\"@context\":\"https:\\\/\\\/schema.org\",\"@graph\":[{\"@type\":\"BlogPosting\",\"@id\":\"https:\\\/\\\/www.eldigitaldeasturias.com\\\/noticias\\\/un-parque-nacional-de-zonas-aridas-en-los-suenos-de-los-majoreros\\\/#blogposting\",\"name\":\"Un Parque Nacional de Zonas \\u00c1ridas en los sue\\u00f1os de los majoreros - El Digital de Asturias\",\"headline\":\"Un Parque Nacional de Zonas \\u00c1ridas en los sue\\u00f1os de los majoreros\",\"author\":{\"@id\":\"https:\\\/\\\/www.eldigitaldeasturias.com\\\/noticias\\\/author\\\/admin\\\/#author\"},\"publisher\":{\"@id\":\"https:\\\/\\\/www.eldigitaldeasturias.com\\\/noticias\\\/#organization\"},\"image\":{\"@type\":\"ImageObject\",\"url\":456533},\"datePublished\":\"2013-12-01T20:32:31+01:00\",\"dateModified\":\"2013-12-01T20:32:31+01:00\",\"inLanguage\":\"es-ES\",\"mainEntityOfPage\":{\"@id\":\"https:\\\/\\\/www.eldigitaldeasturias.com\\\/noticias\\\/un-parque-nacional-de-zonas-aridas-en-los-suenos-de-los-majoreros\\\/#webpage\"},\"isPartOf\":{\"@id\":\"https:\\\/\\\/www.eldigitaldeasturias.com\\\/noticias\\\/un-parque-nacional-de-zonas-aridas-en-los-suenos-de-los-majoreros\\\/#webpage\"},\"articleSection\":\"Sociedad\"},{\"@type\":\"BreadcrumbList\",\"@id\":\"https:\\\/\\\/www.eldigitaldeasturias.com\\\/noticias\\\/un-parque-nacional-de-zonas-aridas-en-los-suenos-de-los-majoreros\\\/#breadcrumblist\",\"itemListElement\":[{\"@type\":\"ListItem\",\"@id\":\"https:\\\/\\\/www.eldigitaldeasturias.com\\\/noticias#listItem\",\"position\":1,\"name\":\"Home\",\"item\":\"https:\\\/\\\/www.eldigitaldeasturias.com\\\/noticias\",\"nextItem\":{\"@type\":\"ListItem\",\"@id\":\"https:\\\/\\\/www.eldigitaldeasturias.com\\\/noticias\\\/category\\\/sociedad\\\/#listItem\",\"name\":\"Sociedad\"}},{\"@type\":\"ListItem\",\"@id\":\"https:\\\/\\\/www.eldigitaldeasturias.com\\\/noticias\\\/category\\\/sociedad\\\/#listItem\",\"position\":2,\"name\":\"Sociedad\",\"item\":\"https:\\\/\\\/www.eldigitaldeasturias.com\\\/noticias\\\/category\\\/sociedad\\\/\",\"nextItem\":{\"@type\":\"ListItem\",\"@id\":\"https:\\\/\\\/www.eldigitaldeasturias.com\\\/noticias\\\/un-parque-nacional-de-zonas-aridas-en-los-suenos-de-los-majoreros\\\/#listItem\",\"name\":\"Un Parque Nacional de Zonas \\u00c1ridas en los sue\\u00f1os de los majoreros\"},\"previousItem\":{\"@type\":\"ListItem\",\"@id\":\"https:\\\/\\\/www.eldigitaldeasturias.com\\\/noticias#listItem\",\"name\":\"Home\"}},{\"@type\":\"ListItem\",\"@id\":\"https:\\\/\\\/www.eldigitaldeasturias.com\\\/noticias\\\/un-parque-nacional-de-zonas-aridas-en-los-suenos-de-los-majoreros\\\/#listItem\",\"position\":3,\"name\":\"Un Parque Nacional de Zonas \\u00c1ridas en los sue\\u00f1os de los majoreros\",\"previousItem\":{\"@type\":\"ListItem\",\"@id\":\"https:\\\/\\\/www.eldigitaldeasturias.com\\\/noticias\\\/category\\\/sociedad\\\/#listItem\",\"name\":\"Sociedad\"}}]},{\"@type\":\"Organization\",\"@id\":\"https:\\\/\\\/www.eldigitaldeasturias.com\\\/noticias\\\/#organization\",\"name\":\"El Digital de Asturias\",\"description\":\"Hemeroteca\",\"url\":\"https:\\\/\\\/www.eldigitaldeasturias.com\\\/noticias\\\/\",\"email\":\"info@eldigitaldeasturias.com\",\"telephone\":\"+34652131393\",\"logo\":{\"@type\":\"ImageObject\",\"url\":\"https:\\\/\\\/www.eldigitaldeasturias.com\\\/noticias\\\/wp-content\\\/uploads\\\/2020\\\/12\\\/EDA.jpg\",\"@id\":\"https:\\\/\\\/www.eldigitaldeasturias.com\\\/noticias\\\/un-parque-nacional-de-zonas-aridas-en-los-suenos-de-los-majoreros\\\/#organizationLogo\"},\"image\":{\"@id\":\"https:\\\/\\\/www.eldigitaldeasturias.com\\\/noticias\\\/un-parque-nacional-de-zonas-aridas-en-los-suenos-de-los-majoreros\\\/#organizationLogo\"},\"sameAs\":[\"https:\\\/\\\/facebook.com\\\/eldigitaldeasturias\",\"https:\\\/\\\/www.youtube.com\\\/channel\\\/UCZP-2wLEB9Rv6erhFmqVnvg\"],\"address\":{\"@id\":\"https:\\\/\\\/www.eldigitaldeasturias.com\\\/noticias\\\/#postaladdress\",\"@type\":\"PostalAddress\",\"streetAddress\":\"san antonio 4\",\"postalCode\":\"33430\",\"addressLocality\":\"Cand\\u00e1s\",\"addressRegion\":\"Asturias\",\"addressCountry\":\"ES\"}},{\"@type\":\"Person\",\"@id\":\"https:\\\/\\\/www.eldigitaldeasturias.com\\\/noticias\\\/author\\\/admin\\\/#author\",\"url\":\"https:\\\/\\\/www.eldigitaldeasturias.com\\\/noticias\\\/author\\\/admin\\\/\",\"name\":\"El Digital de Asturias\",\"image\":{\"@type\":\"ImageObject\",\"@id\":\"https:\\\/\\\/www.eldigitaldeasturias.com\\\/noticias\\\/un-parque-nacional-de-zonas-aridas-en-los-suenos-de-los-majoreros\\\/#authorImage\",\"url\":\"https:\\\/\\\/secure.gravatar.com\\\/avatar\\\/df2aeffc32bcd13f8d26072ef8a91b623d677766deac7f97ca815868cd41bf5e?s=96&d=mm&r=g\",\"width\":96,\"height\":96,\"caption\":\"El Digital de Asturias\"}},{\"@type\":\"WebPage\",\"@id\":\"https:\\\/\\\/www.eldigitaldeasturias.com\\\/noticias\\\/un-parque-nacional-de-zonas-aridas-en-los-suenos-de-los-majoreros\\\/#webpage\",\"url\":\"https:\\\/\\\/www.eldigitaldeasturias.com\\\/noticias\\\/un-parque-nacional-de-zonas-aridas-en-los-suenos-de-los-majoreros\\\/\",\"name\":\"Un Parque Nacional de Zonas \\u00c1ridas en los sue\\u00f1os de los majoreros - El Digital de Asturias\",\"description\":\"Puerto del Rosario, 1 dic (EFE).- Una d\\u00e9cada despu\\u00e9s de que el Cabildo de Fuerteventura encargara a sus servicios t\\u00e9cnicos estudiar la posible creaci\\u00f3n en la isla del Primer Parque Nacional de Zonas \\u00c1ridas de Espa\\u00f1a para presentarlo al Gobierno canario, esta posibilidad sigue siendo s\\u00f3lo un sue\\u00f1o en el coraz\\u00f3n de los majoreros. Con\",\"inLanguage\":\"es-ES\",\"isPartOf\":{\"@id\":\"https:\\\/\\\/www.eldigitaldeasturias.com\\\/noticias\\\/#website\"},\"breadcrumb\":{\"@id\":\"https:\\\/\\\/www.eldigitaldeasturias.com\\\/noticias\\\/un-parque-nacional-de-zonas-aridas-en-los-suenos-de-los-majoreros\\\/#breadcrumblist\"},\"author\":{\"@id\":\"https:\\\/\\\/www.eldigitaldeasturias.com\\\/noticias\\\/author\\\/admin\\\/#author\"},\"creator\":{\"@id\":\"https:\\\/\\\/www.eldigitaldeasturias.com\\\/noticias\\\/author\\\/admin\\\/#author\"},\"image\":{\"@type\":\"ImageObject\",\"url\":456533,\"@id\":\"https:\\\/\\\/www.eldigitaldeasturias.com\\\/noticias\\\/un-parque-nacional-de-zonas-aridas-en-los-suenos-de-los-majoreros\\\/#mainImage\"},\"primaryImageOfPage\":{\"@id\":\"https:\\\/\\\/www.eldigitaldeasturias.com\\\/noticias\\\/un-parque-nacional-de-zonas-aridas-en-los-suenos-de-los-majoreros\\\/#mainImage\"},\"datePublished\":\"2013-12-01T20:32:31+01:00\",\"dateModified\":\"2013-12-01T20:32:31+01:00\"},{\"@type\":\"WebSite\",\"@id\":\"https:\\\/\\\/www.eldigitaldeasturias.com\\\/noticias\\\/#website\",\"url\":\"https:\\\/\\\/www.eldigitaldeasturias.com\\\/noticias\\\/\",\"name\":\"El Digital de Asturias - Diario de actualidad y noticias\",\"alternateName\":\"El Digital de Asturias - Diario de actualidad y noticias\",\"description\":\"Hemeroteca\",\"inLanguage\":\"es-ES\",\"publisher\":{\"@id\":\"https:\\\/\\\/www.eldigitaldeasturias.com\\\/noticias\\\/#organization\"}}]}\n\t\t<\/script>\n\t\t<!-- All in One SEO Pro -->\r\n\t\t<title>Un Parque Nacional de Zonas \u00c1ridas en los sue\u00f1os de los majoreros - El Digital de Asturias<\/title>\n\n","aioseo_head_json":{"title":"Un Parque Nacional de Zonas \u00c1ridas en los sue\u00f1os de los majoreros - El Digital de Asturias","description":"Puerto del Rosario, 1 dic (EFE).- Una d\u00e9cada despu\u00e9s de que el Cabildo de Fuerteventura encargara a sus servicios t\u00e9cnicos estudiar la posible creaci\u00f3n en la isla del Primer Parque Nacional de Zonas \u00c1ridas de Espa\u00f1a para presentarlo al Gobierno canario, esta posibilidad sigue siendo s\u00f3lo un sue\u00f1o en el coraz\u00f3n de los majoreros. Con","canonical_url":"https:\/\/www.eldigitaldeasturias.com\/noticias\/un-parque-nacional-de-zonas-aridas-en-los-suenos-de-los-majoreros\/","robots":"max-image-preview:large","keywords":"sociedad","webmasterTools":{"google-site-verification":"UA-38556648-1","msvalidate.01":"7dfe9f3f1b24437ab69f4f2559babe99","miscellaneous":""},"schema":{"@context":"https:\/\/schema.org","@graph":[{"@type":"BlogPosting","@id":"https:\/\/www.eldigitaldeasturias.com\/noticias\/un-parque-nacional-de-zonas-aridas-en-los-suenos-de-los-majoreros\/#blogposting","name":"Un Parque Nacional de Zonas \u00c1ridas en los sue\u00f1os de los majoreros - El Digital de Asturias","headline":"Un Parque Nacional de Zonas \u00c1ridas en los sue\u00f1os de los majoreros","author":{"@id":"https:\/\/www.eldigitaldeasturias.com\/noticias\/author\/admin\/#author"},"publisher":{"@id":"https:\/\/www.eldigitaldeasturias.com\/noticias\/#organization"},"image":{"@type":"ImageObject","url":456533},"datePublished":"2013-12-01T20:32:31+01:00","dateModified":"2013-12-01T20:32:31+01:00","inLanguage":"es-ES","mainEntityOfPage":{"@id":"https:\/\/www.eldigitaldeasturias.com\/noticias\/un-parque-nacional-de-zonas-aridas-en-los-suenos-de-los-majoreros\/#webpage"},"isPartOf":{"@id":"https:\/\/www.eldigitaldeasturias.com\/noticias\/un-parque-nacional-de-zonas-aridas-en-los-suenos-de-los-majoreros\/#webpage"},"articleSection":"Sociedad"},{"@type":"BreadcrumbList","@id":"https:\/\/www.eldigitaldeasturias.com\/noticias\/un-parque-nacional-de-zonas-aridas-en-los-suenos-de-los-majoreros\/#breadcrumblist","itemListElement":[{"@type":"ListItem","@id":"https:\/\/www.eldigitaldeasturias.com\/noticias#listItem","position":1,"name":"Home","item":"https:\/\/www.eldigitaldeasturias.com\/noticias","nextItem":{"@type":"ListItem","@id":"https:\/\/www.eldigitaldeasturias.com\/noticias\/category\/sociedad\/#listItem","name":"Sociedad"}},{"@type":"ListItem","@id":"https:\/\/www.eldigitaldeasturias.com\/noticias\/category\/sociedad\/#listItem","position":2,"name":"Sociedad","item":"https:\/\/www.eldigitaldeasturias.com\/noticias\/category\/sociedad\/","nextItem":{"@type":"ListItem","@id":"https:\/\/www.eldigitaldeasturias.com\/noticias\/un-parque-nacional-de-zonas-aridas-en-los-suenos-de-los-majoreros\/#listItem","name":"Un Parque Nacional de Zonas \u00c1ridas en los sue\u00f1os de los majoreros"},"previousItem":{"@type":"ListItem","@id":"https:\/\/www.eldigitaldeasturias.com\/noticias#listItem","name":"Home"}},{"@type":"ListItem","@id":"https:\/\/www.eldigitaldeasturias.com\/noticias\/un-parque-nacional-de-zonas-aridas-en-los-suenos-de-los-majoreros\/#listItem","position":3,"name":"Un Parque Nacional de Zonas \u00c1ridas en los sue\u00f1os de los majoreros","previousItem":{"@type":"ListItem","@id":"https:\/\/www.eldigitaldeasturias.com\/noticias\/category\/sociedad\/#listItem","name":"Sociedad"}}]},{"@type":"Organization","@id":"https:\/\/www.eldigitaldeasturias.com\/noticias\/#organization","name":"El Digital de Asturias","description":"Hemeroteca","url":"https:\/\/www.eldigitaldeasturias.com\/noticias\/","email":"info@eldigitaldeasturias.com","telephone":"+34652131393","logo":{"@type":"ImageObject","url":"https:\/\/www.eldigitaldeasturias.com\/noticias\/wp-content\/uploads\/2020\/12\/EDA.jpg","@id":"https:\/\/www.eldigitaldeasturias.com\/noticias\/un-parque-nacional-de-zonas-aridas-en-los-suenos-de-los-majoreros\/#organizationLogo"},"image":{"@id":"https:\/\/www.eldigitaldeasturias.com\/noticias\/un-parque-nacional-de-zonas-aridas-en-los-suenos-de-los-majoreros\/#organizationLogo"},"sameAs":["https:\/\/facebook.com\/eldigitaldeasturias","https:\/\/www.youtube.com\/channel\/UCZP-2wLEB9Rv6erhFmqVnvg"],"address":{"@id":"https:\/\/www.eldigitaldeasturias.com\/noticias\/#postaladdress","@type":"PostalAddress","streetAddress":"san antonio 4","postalCode":"33430","addressLocality":"Cand\u00e1s","addressRegion":"Asturias","addressCountry":"ES"}},{"@type":"Person","@id":"https:\/\/www.eldigitaldeasturias.com\/noticias\/author\/admin\/#author","url":"https:\/\/www.eldigitaldeasturias.com\/noticias\/author\/admin\/","name":"El Digital de Asturias","image":{"@type":"ImageObject","@id":"https:\/\/www.eldigitaldeasturias.com\/noticias\/un-parque-nacional-de-zonas-aridas-en-los-suenos-de-los-majoreros\/#authorImage","url":"https:\/\/secure.gravatar.com\/avatar\/df2aeffc32bcd13f8d26072ef8a91b623d677766deac7f97ca815868cd41bf5e?s=96&d=mm&r=g","width":96,"height":96,"caption":"El Digital de Asturias"}},{"@type":"WebPage","@id":"https:\/\/www.eldigitaldeasturias.com\/noticias\/un-parque-nacional-de-zonas-aridas-en-los-suenos-de-los-majoreros\/#webpage","url":"https:\/\/www.eldigitaldeasturias.com\/noticias\/un-parque-nacional-de-zonas-aridas-en-los-suenos-de-los-majoreros\/","name":"Un Parque Nacional de Zonas \u00c1ridas en los sue\u00f1os de los majoreros - El Digital de Asturias","description":"Puerto del Rosario, 1 dic (EFE).- Una d\u00e9cada despu\u00e9s de que el Cabildo de Fuerteventura encargara a sus servicios t\u00e9cnicos estudiar la posible creaci\u00f3n en la isla del Primer Parque Nacional de Zonas \u00c1ridas de Espa\u00f1a para presentarlo al Gobierno canario, esta posibilidad sigue siendo s\u00f3lo un sue\u00f1o en el coraz\u00f3n de los majoreros. Con","inLanguage":"es-ES","isPartOf":{"@id":"https:\/\/www.eldigitaldeasturias.com\/noticias\/#website"},"breadcrumb":{"@id":"https:\/\/www.eldigitaldeasturias.com\/noticias\/un-parque-nacional-de-zonas-aridas-en-los-suenos-de-los-majoreros\/#breadcrumblist"},"author":{"@id":"https:\/\/www.eldigitaldeasturias.com\/noticias\/author\/admin\/#author"},"creator":{"@id":"https:\/\/www.eldigitaldeasturias.com\/noticias\/author\/admin\/#author"},"image":{"@type":"ImageObject","url":456533,"@id":"https:\/\/www.eldigitaldeasturias.com\/noticias\/un-parque-nacional-de-zonas-aridas-en-los-suenos-de-los-majoreros\/#mainImage"},"primaryImageOfPage":{"@id":"https:\/\/www.eldigitaldeasturias.com\/noticias\/un-parque-nacional-de-zonas-aridas-en-los-suenos-de-los-majoreros\/#mainImage"},"datePublished":"2013-12-01T20:32:31+01:00","dateModified":"2013-12-01T20:32:31+01:00"},{"@type":"WebSite","@id":"https:\/\/www.eldigitaldeasturias.com\/noticias\/#website","url":"https:\/\/www.eldigitaldeasturias.com\/noticias\/","name":"El Digital de Asturias - Diario de actualidad y noticias","alternateName":"El Digital de Asturias - Diario de actualidad y noticias","description":"Hemeroteca","inLanguage":"es-ES","publisher":{"@id":"https:\/\/www.eldigitaldeasturias.com\/noticias\/#organization"}}]},"og:locale":"es_ES","og:site_name":"El Digital de Asturias","og:type":"article","og:title":"Un Parque Nacional de Zonas \u00c1ridas en los sue\u00f1os de los majoreros - El Digital de Asturias","og:description":"Puerto del Rosario, 1 dic (EFE).- Una d\u00e9cada despu\u00e9s de que el Cabildo de Fuerteventura encargara a sus servicios t\u00e9cnicos estudiar la posible creaci\u00f3n en la isla del Primer Parque Nacional de Zonas \u00c1ridas de Espa\u00f1a para presentarlo al Gobierno canario, esta posibilidad sigue siendo s\u00f3lo un sue\u00f1o en el coraz\u00f3n de los majoreros. Con","og:url":"https:\/\/www.eldigitaldeasturias.com\/noticias\/un-parque-nacional-de-zonas-aridas-en-los-suenos-de-los-majoreros\/","article:tag":["sociedad"],"article:published_time":"2013-12-01T21:32:31+00:00","article:modified_time":"2013-12-01T21:32:31+00:00","article:publisher":"https:\/\/facebook.com\/eldigitaldeasturias","twitter:card":"summary_large_image","twitter:title":"Un Parque Nacional de Zonas \u00c1ridas en los sue\u00f1os de los majoreros - El Digital de Asturias","twitter:description":"Puerto del Rosario, 1 dic (EFE).- Una d\u00e9cada despu\u00e9s de que el Cabildo de Fuerteventura encargara a sus servicios t\u00e9cnicos estudiar la posible creaci\u00f3n en la isla del Primer Parque Nacional de Zonas \u00c1ridas de Espa\u00f1a para presentarlo al Gobierno canario, esta posibilidad sigue siendo s\u00f3lo un sue\u00f1o en el coraz\u00f3n de los majoreros. Con","twitter:label1":"Escrito por","twitter:data1":"El Digital de Asturias","twitter:label2":"Tiempo de lectura estimado","twitter:data2":"4 minutos"},"aioseo_meta_data":{"post_id":"456532","title":null,"description":null,"keywords":null,"keyphrases":null,"primary_term":null,"canonical_url":null,"og_title":null,"og_description":null,"og_object_type":"default","og_image_type":"default","og_image_url":null,"og_image_width":null,"og_image_height":null,"og_image_custom_url":null,"og_image_custom_fields":null,"og_video":null,"og_custom_url":null,"og_article_section":null,"og_article_tags":null,"twitter_use_og":true,"twitter_card":"default","twitter_image_type":"default","twitter_image_url":null,"twitter_image_custom_url":null,"twitter_image_custom_fields":null,"twitter_title":null,"twitter_description":null,"schema":{"blockGraphs":[],"customGraphs":[],"default":{"data":{"Article":[],"Course":[],"Dataset":[],"FAQPage":[],"Movie":[],"Person":[],"Product":[],"ProductReview":[],"Car":[],"Recipe":[],"Service":[],"SoftwareApplication":[],"WebPage":[]},"graphName":"","isEnabled":true},"graphs":[],"defaultGraph":"","defaultPostTypeGraph":""},"schema_type":null,"schema_type_options":null,"pillar_content":false,"robots_default":true,"robots_noindex":false,"robots_noarchive":false,"robots_nosnippet":false,"robots_nofollow":false,"robots_noimageindex":false,"robots_noodp":false,"robots_notranslate":false,"robots_max_snippet":null,"robots_max_videopreview":null,"robots_max_imagepreview":"none","priority":null,"frequency":null,"local_seo":null,"seo_analyzer_scan_date":"2026-05-29 22:18:56","breadcrumb_settings":null,"limit_modified_date":false,"open_ai":null,"ai":null,"created":"2020-11-14 22:45:59","updated":"2026-05-29 22:18:56","focus_keyword":null,"additional_keywords":null,"truseo_locale":null},"aioseo_breadcrumb":"<div class=\"aioseo-breadcrumbs\"><span class=\"aioseo-breadcrumb\">\n\t<a href=\"https:\/\/www.eldigitaldeasturias.com\/noticias\" title=\"Home\">Home<\/a>\n<\/span><span class=\"aioseo-breadcrumb-separator\">\u2013<\/span><span class=\"aioseo-breadcrumb\">\n\t<a href=\"https:\/\/www.eldigitaldeasturias.com\/noticias\/category\/sociedad\/\" title=\"Sociedad\">Sociedad<\/a>\n<\/span><span class=\"aioseo-breadcrumb-separator\">\u2013<\/span><span class=\"aioseo-breadcrumb\">\n\t<a href=\"https:\/\/www.eldigitaldeasturias.com\/noticias\/un-parque-nacional-de-zonas-aridas-en-los-suenos-de-los-majoreros\/\" title=\"Un Parque Nacional de Zonas \u00c1ridas en los sue\u00f1os de los majoreros\">Un Parque Nacional de Zonas \u00c1ridas en los sue\u00f1os de los majoreros<\/a>\n<\/span><\/div>","aioseo_breadcrumb_json":[{"label":"Home","link":"https:\/\/www.eldigitaldeasturias.com\/noticias"},{"label":"Sociedad","link":"https:\/\/www.eldigitaldeasturias.com\/noticias\/category\/sociedad\/"},{"label":"Un Parque Nacional de Zonas \u00c1ridas en los sue\u00f1os de los majoreros","link":"https:\/\/www.eldigitaldeasturias.com\/noticias\/un-parque-nacional-de-zonas-aridas-en-los-suenos-de-los-majoreros\/"}],"_links":{"self":[{"href":"https:\/\/www.eldigitaldeasturias.com\/noticias\/wp-json\/wp\/v2\/posts\/456532","targetHints":{"allow":["GET"]}}],"collection":[{"href":"https:\/\/www.eldigitaldeasturias.com\/noticias\/wp-json\/wp\/v2\/posts"}],"about":[{"href":"https:\/\/www.eldigitaldeasturias.com\/noticias\/wp-json\/wp\/v2\/types\/post"}],"author":[{"embeddable":true,"href":"https:\/\/www.eldigitaldeasturias.com\/noticias\/wp-json\/wp\/v2\/users\/1"}],"replies":[{"embeddable":true,"href":"https:\/\/www.eldigitaldeasturias.com\/noticias\/wp-json\/wp\/v2\/comments?post=456532"}],"version-history":[{"count":0,"href":"https:\/\/www.eldigitaldeasturias.com\/noticias\/wp-json\/wp\/v2\/posts\/456532\/revisions"}],"wp:attachment":[{"href":"https:\/\/www.eldigitaldeasturias.com\/noticias\/wp-json\/wp\/v2\/media?parent=456532"}],"wp:term":[{"taxonomy":"category","embeddable":true,"href":"https:\/\/www.eldigitaldeasturias.com\/noticias\/wp-json\/wp\/v2\/categories?post=456532"},{"taxonomy":"post_tag","embeddable":true,"href":"https:\/\/www.eldigitaldeasturias.com\/noticias\/wp-json\/wp\/v2\/tags?post=456532"}],"curies":[{"name":"wp","href":"https:\/\/api.w.org\/{rel}","templated":true}]}}