{"id":456526,"date":"2013-12-01T20:26:00","date_gmt":"2013-12-01T21:26:00","guid":{"rendered":"http:\/\/www.eldigitaldeasturias.com\/noticias\/?p=456526"},"modified":"2013-12-01T20:26:00","modified_gmt":"2013-12-01T21:26:00","slug":"entrevista-a-garcia-ferreras-yo-este-oficio-lo-tengo-pegado-a-la-piel","status":"publish","type":"post","link":"https:\/\/www.eldigitaldeasturias.com\/noticias\/entrevista-a-garcia-ferreras-yo-este-oficio-lo-tengo-pegado-a-la-piel\/","title":{"rendered":"Entrevista a Garc\u00eda Ferreras : \u00abYo este oficio lo tengo pegado a la piel\u00bb."},"content":{"rendered":"<p><img loading=\"lazy\" decoding=\"async\" class=\"alignleft size-medium wp-image-456527\" alt=\"5764634w\" src=\"https:\/\/www.eldigitaldeasturias.com\/noticias\/wp-content\/uploads\/2013\/12\/5764634w-360x239.jpg\" width=\"360\" height=\"239\" \/>Madrid, 1 dic (EFE).- Con m\u00e1s de 25 a\u00f1os de carrera a sus espaldas y vinculado siempre a radio y televisi\u00f3n, Antonio Garc\u00eda Ferreras declara su amor al periodismo y lo compara con trabajar en una mina de carb\u00f3n: \u00abLlegas a casa, pero por mucho que te laves, el carb\u00f3n sigue pegado a la piel. Yo este oficio lo tengo pegado a la piel\u00bb.<\/p>\n<p>Garc\u00eda Ferreras (Le\u00f3n, 1966), que reflexiona sobre los medios de comunicaci\u00f3n y su trayectoria en una entrevista con EFE, reivindica al periodista rebelde que incomoda al poder y se \u00abdesconcierta\u00bb con aquellos colegas que \u00abllevan puesta la camiseta\u00bb de alg\u00fan partido pol\u00edtico.<\/p>\n<p>Actualmente ocupa la direcci\u00f3n editorial y del \u00e1rea de informativos de La Sexta y asegura que se siente c\u00f3modo contando lo que ocurre, pero rememora sus a\u00f1os de enviado especial en conflictos b\u00e9licos y confiesa que es ah\u00ed donde realmente se sinti\u00f3 periodista.<\/p>\n<p><strong><em>PREGUNTA: La audiencia responde a su programa \u00abAl Rojo Vivo\u00bb \u00bfqu\u00e9 encuentra el p\u00fablico en \u00e9l que no hay en los de la competencia?<\/em><\/strong><\/p>\n<p>RESPUESTA: Nosotros apostamos por un periodismo que incomoda, buscando las respuestas, los porqu\u00e9, queremos contar los hechos y contarle a los ciudadanos lo que creemos que tienen derecho a saber. La audiencia me preocupa pero no me obsesiona porque la televisi\u00f3n y, sobre todo, la apuesta por la actualidad en televisi\u00f3n, tiene un h\u00e1ndicap y es que a veces piensas tanto en ganar audiencia, que te puedes perder a ti mismo y yo estoy obsesionado por no perder la esencia de \u00abAl Rojo Vivo\u00bb.<\/p>\n<p><strong><em>P: \u00bfLa audiencia entonces no lo justifica todo?<\/em><\/strong><\/p>\n<p>R: No justifica absolutamente nada.<\/p>\n<p><strong><em>P: Usted ha trabajado en radio y televisi\u00f3n, pero tambi\u00e9n ha sido el m\u00e1ximo responsable de la comunicaci\u00f3n del Real Madrid durante tres a\u00f1os. \u00bfEn qu\u00e9 lado prefiere trabajar?<\/em><\/strong><\/p>\n<p>R: En el que estoy ahora. Yo amo el periodismo. Yo que soy de familia minera, creo que este oficio es como trabajar en una mina de carb\u00f3n: llegas a casa pero por mucho que te laves, el carb\u00f3n sigue pegado a la piel. Yo este oficio lo tengo pegado a la piel, lo amo m\u00e1s que un tibur\u00f3n a la sangre y donde me siento c\u00f3modo es contando lo que ocurre, en este lado de la trinchera.<\/p>\n<p><strong><em>P: \u00bfPrefiere radio o televisi\u00f3n?<\/em><\/strong><\/p>\n<p>R. Me apasionan los dos medios. Me apasiona la velocidad y la calidez de la radio, pero creo que cada vez la actualidad en televisi\u00f3n tiene m\u00e1s de radio respecto a esa capacidad de llegar con enorme rapidez. Para mi son absolutamente compatibles y ambas apasionantes. Amo la radio y admiro la televisi\u00f3n.<\/p>\n<p><strong><em>P: Fue enviado especial en diversos conflictos b\u00e9licos \u00bfEcha de menos ese periodismo?<\/em><\/strong><\/p>\n<p>R: El momento en el que yo m\u00e1s plenamente me he sentido periodista ha sido en la guerra de Yugoslavia, en Ruanda, en el Congo o en Hait\u00ed. Es realmente donde me he sentido periodista en su totalidad porque todo se vive con una enorme intensidad; cada minuto, cada segundo, la vida tiene una fuerza y una potencia impresionante y te encuentras lo mejor y lo peor del ser humano.<\/p>\n<p><strong><em>P: \u00bfEstamos ahora m\u00e1s acomodados los periodistas?<\/em><\/strong><\/p>\n<p>R: No, creo que cada uno tiene que hacer un tipo de trabajo. No todo el mundo puede ser corresponsal de guerra o enviado especial, que requiere de un valor, de una honestidad y de una fuerza especial. No debemos olvidar que ahora mismo tenemos secuestrado a Marc Marginedas, corresponsal de El Peri\u00f3dico de Catalunya en Siria<\/p>\n<p>Pero tambi\u00e9n hay un periodismo valiente que se realiza d\u00eda a d\u00eda, no s\u00f3lo los que somos cr\u00edticos con el poder y damos la cara en televisi\u00f3n; un periodismo valiente que se desarrolla en peque\u00f1as capitales de provincia donde un periodista tiene que incomodar al alcalde o al presidente auton\u00f3mico, que son aut\u00e9nticos poderes econ\u00f3micos y f\u00e1cticos de esa regi\u00f3n.<\/p>\n<p>Esta es una profesi\u00f3n que requiere much\u00edsima dignidad (&#8230;) y hay muchos periodistas que cada d\u00eda defienden con honestidad esta profesi\u00f3n y no lo hacen saliendo en la tele ni son estrellas de televisi\u00f3n, sino que lo hacen en sus ciudades y pueblos.<\/p>\n<p><strong><em>P: \u00bfA qu\u00e9 achacar\u00eda la escasa valoraci\u00f3n que hacen los ciudadanos de los periodistas en las \u00faltimas encuestas del CIS?<\/em><\/strong><\/p>\n<p>R: Porque perciben que muchos periodistas y medios de comunicaci\u00f3n son suaves, comprensivos y c\u00f3mplices de los errores del poder pol\u00edtico y empresarial. La gente quiere periodistas que no militen en los partidos. Respeto que cada tertuliano o medio tenga una l\u00ednea ideol\u00f3gica pero los periodistas debemos militar en un equipo: el de los votantes, el de los ciudadanos.<\/p>\n<p><strong><em>P: \u00bfHay autocr\u00edtica en la profesi\u00f3n?<\/em><\/strong><\/p>\n<p>R. S\u00ed, creo que hay, pero no es suficiente.<\/p>\n<p><strong><em>P: \u00bfCu\u00e1l es el estado de salud de la televisi\u00f3n en Espa\u00f1a?<\/em><\/strong><\/p>\n<p>R: Yo soy un apasionado de la televisi\u00f3n y creo que en Espa\u00f1a se hace una gran televisi\u00f3n, lo que ocurre es que hay una gran oferta: nunca en la historia de este pa\u00eds ha habido una oferta tan espectacular. En todos los canales encuentras opciones muy atractivas, no s\u00f3lo informativas, tambi\u00e9n hay una gran producci\u00f3n audiovisual nacional y creo que la apuesta por series de calidad son una muestra de que la televisi\u00f3n en este pa\u00eds est\u00e1 viva. Evidentemente, en este panorama encontramos productos menos atractivos o de peor calidad, pero se hace una buena televisi\u00f3n.<\/p>\n<p><strong><em>P: \u00bfCrees que hay sobreabundancia de tertulias? \u00bfSe debe a que tiene un coste de producci\u00f3n menor que otro tipo de programas?<\/em><\/strong><\/p>\n<p>R: Es verdad que un programa simplemente basado en el debate puede resultar barato porque puedes tener horas y horas en un plat\u00f3 a gente hablando de todo tipo de contenidos y no es precisamente una producci\u00f3n cara. La clave est\u00e1 en si t\u00fa ofreces algo m\u00e1s. Nosotros siempre buscamos que haya pluralidad absoluta en los invitados, buscamos expertos, las claves, estar en el lugar de los hechos, entrevistar a los protagonistas&#8230; Creo que, como en todo, hay programas de actualidad que se basan s\u00f3lo en la confrontaci\u00f3n de opiniones y otros que se basan m\u00e1s en la b\u00fasqueda de las claves y en la opini\u00f3n de los expertos y los protagonistas.<\/p>\n<p><strong><em>P: \u00bfQu\u00e9 opina de los tertulianos que van con la camiseta del partido pol\u00edtico puesta?<\/em><\/strong><\/p>\n<p>R: Cada uno puede hacer lo que quiera. Hay tertulianos que forman parte de los partidos pol\u00edticos y en este pa\u00eds cuando alguien forma parte de un partido, dif\u00edcilmente tiene un punto de heterodoxia. Me cuesta m\u00e1s entenderlo en alguien que es periodista porque creo que un periodista tiene que tener un punto de rebeld\u00eda. El periodismo es un oficio maravilloso pero es un oficio maravilloso cuando incomoda al poderoso, cuando se muestra rebelde, cuando pregunta lo que no quiere el poder que preguntes, cuando desvela lo que est\u00e1 oculto. A mi me desconcierta cuando periodistas llevan esa camiseta.<\/p>\n<p><strong><em>P: \u00bfEs compatible la calidad de la televisi\u00f3n p\u00fablica con la financiaci\u00f3n sin publicidad?<\/em><\/strong><\/p>\n<p>R: Es absolutamente compatible. Yo creo en la televisi\u00f3n p\u00fablica y en los medios p\u00fablicos, pero con un determinado modelo, una determinada apuesta y con una determinada financiaci\u00f3n. Tienen que tener un buen presupuesto, no pueden vivir en el despilfarro continuo y apostar por una programaci\u00f3n que nada tiene que ver con los objetivos que debe tener una televisi\u00f3n p\u00fablica.<\/p>\n<p>Yo entender\u00eda una televisi\u00f3n p\u00fablica que hiciera grandes inversiones en cine espa\u00f1ol o en producci\u00f3n audiovisual de series espa\u00f1olas, pero no entiendo que se gaste decenas de millones de euros en comprar la \u00faltima de Stallone o la \u00faltima superproducci\u00f3n americana. Creo que los medios audiovisuales p\u00fablicos deber\u00edan apostar por la producci\u00f3n nacional, por el cine espa\u00f1ol, por la actualidad, por la informaci\u00f3n plural&#8230; En esa televisi\u00f3n p\u00fablica, s\u00ed que creo.<\/p>\n<p><strong><em>P: \u00bfCree que la f\u00f3rmula de patrocinio cultural encubre una competencia desleal?<\/em><\/strong><\/p>\n<p>R: No s\u00e9 si es una competencia desleal, lo que pienso es que tendr\u00eda que estar m\u00e1s definido y que una radiotelevisi\u00f3n p\u00fablica, tanto auton\u00f3mica como estatal, debe tener un buen presupuesto pero no debe ser compatible con la publicidad porque no se puede jugar en los dos terrenos de juego. Deben tener un buen presupuesto para hacer una televisi\u00f3n atractiva, de calidad y con audiencia, pero tener financiaci\u00f3n p\u00fablica y a la vez jugar en el territorio de publicidad privada, me parece jugar con ventaja.<\/p>\n<p>Raquel de Blas<\/p>\n","protected":false},"excerpt":{"rendered":"<p>Madrid, 1 dic (EFE).- Con m\u00e1s de 25 a\u00f1os de carrera a sus espaldas y vinculado siempre a radio y televisi\u00f3n, Antonio Garc\u00eda Ferreras declara su amor al periodismo y lo compara con trabajar en una mina de carb\u00f3n: \u00abLlegas a casa, pero por mucho que te laves, el carb\u00f3n sigue pegado a la piel. [&hellip;]<\/p>\n","protected":false},"author":1,"featured_media":456527,"comment_status":"closed","ping_status":"open","sticky":false,"template":"","format":"standard","meta":{"footnotes":""},"categories":[28],"tags":[],"class_list":["post-456526","post","type-post","status-publish","format-standard","has-post-thumbnail","hentry","category-sociedad"],"aioseo_notices":[],"aioseo_head":"\n\t\t<!-- All in One SEO Pro 5.0.1 - aioseo.com -->\n\t<meta name=\"description\" content=\"Madrid, 1 dic (EFE).- Con m\u00e1s de 25 a\u00f1os de carrera a sus espaldas y vinculado siempre a radio y televisi\u00f3n, Antonio Garc\u00eda Ferreras declara su amor al periodismo y lo compara con trabajar en una mina de carb\u00f3n: &quot;Llegas a casa, pero por mucho que te laves, el carb\u00f3n sigue pegado a la piel.\" \/>\n\t<meta name=\"robots\" content=\"max-image-preview:large\" \/>\n\t<meta name=\"author\" content=\"El Digital de Asturias\"\/>\n\t<meta name=\"google-site-verification\" content=\"UA-38556648-1\" \/>\n\t<meta name=\"msvalidate.01\" content=\"7dfe9f3f1b24437ab69f4f2559babe99\" \/>\n\t<meta name=\"keywords\" content=\"sociedad\" \/>\n\t<link rel=\"canonical\" href=\"https:\/\/www.eldigitaldeasturias.com\/noticias\/entrevista-a-garcia-ferreras-yo-este-oficio-lo-tengo-pegado-a-la-piel\/\" \/>\n\t<meta name=\"generator\" content=\"All in One SEO Pro (AIOSEO) 5.0.1\" \/>\n\t\t<meta property=\"og:locale\" content=\"es_ES\" \/>\n\t\t<meta property=\"og:site_name\" content=\"El Digital de Asturias\" \/>\n\t\t<meta property=\"og:type\" content=\"article\" \/>\n\t\t<meta property=\"og:title\" content=\"Entrevista a Garc\u00eda Ferreras : \u00abYo este oficio lo tengo pegado a la piel\u00bb. - El Digital de Asturias\" \/>\n\t\t<meta property=\"og:description\" content=\"Madrid, 1 dic (EFE).- Con m\u00e1s de 25 a\u00f1os de carrera a sus espaldas y vinculado siempre a radio y televisi\u00f3n, Antonio Garc\u00eda Ferreras declara su amor al periodismo y lo compara con trabajar en una mina de carb\u00f3n: &quot;Llegas a casa, pero por mucho que te laves, el carb\u00f3n sigue pegado a la piel.\" \/>\n\t\t<meta property=\"og:url\" content=\"https:\/\/www.eldigitaldeasturias.com\/noticias\/entrevista-a-garcia-ferreras-yo-este-oficio-lo-tengo-pegado-a-la-piel\/\" \/>\n\t\t<meta property=\"article:tag\" content=\"sociedad\" \/>\n\t\t<meta property=\"article:published_time\" content=\"2013-12-01T21:26:00+00:00\" \/>\n\t\t<meta property=\"article:modified_time\" content=\"2013-12-01T21:26:00+00:00\" \/>\n\t\t<meta property=\"article:publisher\" content=\"https:\/\/facebook.com\/eldigitaldeasturias\" \/>\n\t\t<meta name=\"twitter:card\" content=\"summary_large_image\" \/>\n\t\t<meta name=\"twitter:title\" content=\"Entrevista a Garc\u00eda Ferreras : \u00abYo este oficio lo tengo pegado a la piel\u00bb. - El Digital de Asturias\" \/>\n\t\t<meta name=\"twitter:description\" content=\"Madrid, 1 dic (EFE).- Con m\u00e1s de 25 a\u00f1os de carrera a sus espaldas y vinculado siempre a radio y televisi\u00f3n, Antonio Garc\u00eda Ferreras declara su amor al periodismo y lo compara con trabajar en una mina de carb\u00f3n: &quot;Llegas a casa, pero por mucho que te laves, el carb\u00f3n sigue pegado a la piel.\" \/>\n\t\t<meta name=\"twitter:label1\" content=\"Escrito por\" \/>\n\t\t<meta name=\"twitter:data1\" content=\"El Digital de Asturias\" \/>\n\t\t<meta name=\"twitter:label2\" content=\"Tiempo de lectura estimado\" \/>\n\t\t<meta name=\"twitter:data2\" content=\"8 minutos\" \/>\n\t\t<script type=\"application\/ld+json\" class=\"aioseo-schema\">\n\t\t\t{\"@context\":\"https:\\\/\\\/schema.org\",\"@graph\":[{\"@type\":\"BlogPosting\",\"@id\":\"https:\\\/\\\/www.eldigitaldeasturias.com\\\/noticias\\\/entrevista-a-garcia-ferreras-yo-este-oficio-lo-tengo-pegado-a-la-piel\\\/#blogposting\",\"name\":\"Entrevista a Garc\\u00eda Ferreras : \\u00abYo este oficio lo tengo pegado a la piel\\u00bb. - El Digital de Asturias\",\"headline\":\"Entrevista a Garc\\u00eda Ferreras : \\u00abYo este oficio lo tengo pegado a la piel\\u00bb.\",\"author\":{\"@id\":\"https:\\\/\\\/www.eldigitaldeasturias.com\\\/noticias\\\/author\\\/admin\\\/#author\"},\"publisher\":{\"@id\":\"https:\\\/\\\/www.eldigitaldeasturias.com\\\/noticias\\\/#organization\"},\"image\":{\"@type\":\"ImageObject\",\"url\":456527},\"datePublished\":\"2013-12-01T20:26:00+01:00\",\"dateModified\":\"2013-12-01T20:26:00+01:00\",\"inLanguage\":\"es-ES\",\"mainEntityOfPage\":{\"@id\":\"https:\\\/\\\/www.eldigitaldeasturias.com\\\/noticias\\\/entrevista-a-garcia-ferreras-yo-este-oficio-lo-tengo-pegado-a-la-piel\\\/#webpage\"},\"isPartOf\":{\"@id\":\"https:\\\/\\\/www.eldigitaldeasturias.com\\\/noticias\\\/entrevista-a-garcia-ferreras-yo-este-oficio-lo-tengo-pegado-a-la-piel\\\/#webpage\"},\"articleSection\":\"Sociedad\"},{\"@type\":\"BreadcrumbList\",\"@id\":\"https:\\\/\\\/www.eldigitaldeasturias.com\\\/noticias\\\/entrevista-a-garcia-ferreras-yo-este-oficio-lo-tengo-pegado-a-la-piel\\\/#breadcrumblist\",\"itemListElement\":[{\"@type\":\"ListItem\",\"@id\":\"https:\\\/\\\/www.eldigitaldeasturias.com\\\/noticias#listItem\",\"position\":1,\"name\":\"Home\",\"item\":\"https:\\\/\\\/www.eldigitaldeasturias.com\\\/noticias\",\"nextItem\":{\"@type\":\"ListItem\",\"@id\":\"https:\\\/\\\/www.eldigitaldeasturias.com\\\/noticias\\\/category\\\/sociedad\\\/#listItem\",\"name\":\"Sociedad\"}},{\"@type\":\"ListItem\",\"@id\":\"https:\\\/\\\/www.eldigitaldeasturias.com\\\/noticias\\\/category\\\/sociedad\\\/#listItem\",\"position\":2,\"name\":\"Sociedad\",\"item\":\"https:\\\/\\\/www.eldigitaldeasturias.com\\\/noticias\\\/category\\\/sociedad\\\/\",\"nextItem\":{\"@type\":\"ListItem\",\"@id\":\"https:\\\/\\\/www.eldigitaldeasturias.com\\\/noticias\\\/entrevista-a-garcia-ferreras-yo-este-oficio-lo-tengo-pegado-a-la-piel\\\/#listItem\",\"name\":\"Entrevista a Garc\\u00eda Ferreras : \\u00abYo este oficio lo tengo pegado a la piel\\u00bb.\"},\"previousItem\":{\"@type\":\"ListItem\",\"@id\":\"https:\\\/\\\/www.eldigitaldeasturias.com\\\/noticias#listItem\",\"name\":\"Home\"}},{\"@type\":\"ListItem\",\"@id\":\"https:\\\/\\\/www.eldigitaldeasturias.com\\\/noticias\\\/entrevista-a-garcia-ferreras-yo-este-oficio-lo-tengo-pegado-a-la-piel\\\/#listItem\",\"position\":3,\"name\":\"Entrevista a Garc\\u00eda Ferreras : \\u00abYo este oficio lo tengo pegado a la piel\\u00bb.\",\"previousItem\":{\"@type\":\"ListItem\",\"@id\":\"https:\\\/\\\/www.eldigitaldeasturias.com\\\/noticias\\\/category\\\/sociedad\\\/#listItem\",\"name\":\"Sociedad\"}}]},{\"@type\":\"Organization\",\"@id\":\"https:\\\/\\\/www.eldigitaldeasturias.com\\\/noticias\\\/#organization\",\"name\":\"El Digital de Asturias\",\"description\":\"Hemeroteca\",\"url\":\"https:\\\/\\\/www.eldigitaldeasturias.com\\\/noticias\\\/\",\"email\":\"info@eldigitaldeasturias.com\",\"telephone\":\"+34652131393\",\"logo\":{\"@type\":\"ImageObject\",\"url\":\"https:\\\/\\\/www.eldigitaldeasturias.com\\\/noticias\\\/wp-content\\\/uploads\\\/2020\\\/12\\\/EDA.jpg\",\"@id\":\"https:\\\/\\\/www.eldigitaldeasturias.com\\\/noticias\\\/entrevista-a-garcia-ferreras-yo-este-oficio-lo-tengo-pegado-a-la-piel\\\/#organizationLogo\"},\"image\":{\"@id\":\"https:\\\/\\\/www.eldigitaldeasturias.com\\\/noticias\\\/entrevista-a-garcia-ferreras-yo-este-oficio-lo-tengo-pegado-a-la-piel\\\/#organizationLogo\"},\"sameAs\":[\"https:\\\/\\\/facebook.com\\\/eldigitaldeasturias\",\"https:\\\/\\\/www.youtube.com\\\/channel\\\/UCZP-2wLEB9Rv6erhFmqVnvg\"],\"address\":{\"@id\":\"https:\\\/\\\/www.eldigitaldeasturias.com\\\/noticias\\\/#postaladdress\",\"@type\":\"PostalAddress\",\"streetAddress\":\"san antonio 4\",\"postalCode\":\"33430\",\"addressLocality\":\"Cand\\u00e1s\",\"addressRegion\":\"Asturias\",\"addressCountry\":\"ES\"}},{\"@type\":\"Person\",\"@id\":\"https:\\\/\\\/www.eldigitaldeasturias.com\\\/noticias\\\/author\\\/admin\\\/#author\",\"url\":\"https:\\\/\\\/www.eldigitaldeasturias.com\\\/noticias\\\/author\\\/admin\\\/\",\"name\":\"El Digital de Asturias\",\"image\":{\"@type\":\"ImageObject\",\"@id\":\"https:\\\/\\\/www.eldigitaldeasturias.com\\\/noticias\\\/entrevista-a-garcia-ferreras-yo-este-oficio-lo-tengo-pegado-a-la-piel\\\/#authorImage\",\"url\":\"https:\\\/\\\/secure.gravatar.com\\\/avatar\\\/df2aeffc32bcd13f8d26072ef8a91b623d677766deac7f97ca815868cd41bf5e?s=96&d=mm&r=g\",\"width\":96,\"height\":96,\"caption\":\"El Digital de Asturias\"}},{\"@type\":\"WebPage\",\"@id\":\"https:\\\/\\\/www.eldigitaldeasturias.com\\\/noticias\\\/entrevista-a-garcia-ferreras-yo-este-oficio-lo-tengo-pegado-a-la-piel\\\/#webpage\",\"url\":\"https:\\\/\\\/www.eldigitaldeasturias.com\\\/noticias\\\/entrevista-a-garcia-ferreras-yo-este-oficio-lo-tengo-pegado-a-la-piel\\\/\",\"name\":\"Entrevista a Garc\\u00eda Ferreras : \\u00abYo este oficio lo tengo pegado a la piel\\u00bb. - El Digital de Asturias\",\"description\":\"Madrid, 1 dic (EFE).- Con m\\u00e1s de 25 a\\u00f1os de carrera a sus espaldas y vinculado siempre a radio y televisi\\u00f3n, Antonio Garc\\u00eda Ferreras declara su amor al periodismo y lo compara con trabajar en una mina de carb\\u00f3n: \\\"Llegas a casa, pero por mucho que te laves, el carb\\u00f3n sigue pegado a la piel.\",\"inLanguage\":\"es-ES\",\"isPartOf\":{\"@id\":\"https:\\\/\\\/www.eldigitaldeasturias.com\\\/noticias\\\/#website\"},\"breadcrumb\":{\"@id\":\"https:\\\/\\\/www.eldigitaldeasturias.com\\\/noticias\\\/entrevista-a-garcia-ferreras-yo-este-oficio-lo-tengo-pegado-a-la-piel\\\/#breadcrumblist\"},\"author\":{\"@id\":\"https:\\\/\\\/www.eldigitaldeasturias.com\\\/noticias\\\/author\\\/admin\\\/#author\"},\"creator\":{\"@id\":\"https:\\\/\\\/www.eldigitaldeasturias.com\\\/noticias\\\/author\\\/admin\\\/#author\"},\"image\":{\"@type\":\"ImageObject\",\"url\":456527,\"@id\":\"https:\\\/\\\/www.eldigitaldeasturias.com\\\/noticias\\\/entrevista-a-garcia-ferreras-yo-este-oficio-lo-tengo-pegado-a-la-piel\\\/#mainImage\"},\"primaryImageOfPage\":{\"@id\":\"https:\\\/\\\/www.eldigitaldeasturias.com\\\/noticias\\\/entrevista-a-garcia-ferreras-yo-este-oficio-lo-tengo-pegado-a-la-piel\\\/#mainImage\"},\"datePublished\":\"2013-12-01T20:26:00+01:00\",\"dateModified\":\"2013-12-01T20:26:00+01:00\"},{\"@type\":\"WebSite\",\"@id\":\"https:\\\/\\\/www.eldigitaldeasturias.com\\\/noticias\\\/#website\",\"url\":\"https:\\\/\\\/www.eldigitaldeasturias.com\\\/noticias\\\/\",\"name\":\"El Digital de Asturias - Diario de actualidad y noticias\",\"alternateName\":\"El Digital de Asturias - Diario de actualidad y noticias\",\"description\":\"Hemeroteca\",\"inLanguage\":\"es-ES\",\"publisher\":{\"@id\":\"https:\\\/\\\/www.eldigitaldeasturias.com\\\/noticias\\\/#organization\"}}]}\n\t\t<\/script>\n\t\t<!-- All in One SEO Pro -->\r\n\t\t<title>Entrevista a Garc\u00eda Ferreras : \u00abYo este oficio lo tengo pegado a la piel\u00bb. - El Digital de Asturias<\/title>\n\n","aioseo_head_json":{"title":"Entrevista a Garc\u00eda Ferreras : \u00abYo este oficio lo tengo pegado a la piel\u00bb. - El Digital de Asturias","description":"Madrid, 1 dic (EFE).- Con m\u00e1s de 25 a\u00f1os de carrera a sus espaldas y vinculado siempre a radio y televisi\u00f3n, Antonio Garc\u00eda Ferreras declara su amor al periodismo y lo compara con trabajar en una mina de carb\u00f3n: \"Llegas a casa, pero por mucho que te laves, el carb\u00f3n sigue pegado a la piel.","canonical_url":"https:\/\/www.eldigitaldeasturias.com\/noticias\/entrevista-a-garcia-ferreras-yo-este-oficio-lo-tengo-pegado-a-la-piel\/","robots":"max-image-preview:large","keywords":"sociedad","webmasterTools":{"google-site-verification":"UA-38556648-1","msvalidate.01":"7dfe9f3f1b24437ab69f4f2559babe99","miscellaneous":""},"schema":{"@context":"https:\/\/schema.org","@graph":[{"@type":"BlogPosting","@id":"https:\/\/www.eldigitaldeasturias.com\/noticias\/entrevista-a-garcia-ferreras-yo-este-oficio-lo-tengo-pegado-a-la-piel\/#blogposting","name":"Entrevista a Garc\u00eda Ferreras : \u00abYo este oficio lo tengo pegado a la piel\u00bb. - El Digital de Asturias","headline":"Entrevista a Garc\u00eda Ferreras : \u00abYo este oficio lo tengo pegado a la piel\u00bb.","author":{"@id":"https:\/\/www.eldigitaldeasturias.com\/noticias\/author\/admin\/#author"},"publisher":{"@id":"https:\/\/www.eldigitaldeasturias.com\/noticias\/#organization"},"image":{"@type":"ImageObject","url":456527},"datePublished":"2013-12-01T20:26:00+01:00","dateModified":"2013-12-01T20:26:00+01:00","inLanguage":"es-ES","mainEntityOfPage":{"@id":"https:\/\/www.eldigitaldeasturias.com\/noticias\/entrevista-a-garcia-ferreras-yo-este-oficio-lo-tengo-pegado-a-la-piel\/#webpage"},"isPartOf":{"@id":"https:\/\/www.eldigitaldeasturias.com\/noticias\/entrevista-a-garcia-ferreras-yo-este-oficio-lo-tengo-pegado-a-la-piel\/#webpage"},"articleSection":"Sociedad"},{"@type":"BreadcrumbList","@id":"https:\/\/www.eldigitaldeasturias.com\/noticias\/entrevista-a-garcia-ferreras-yo-este-oficio-lo-tengo-pegado-a-la-piel\/#breadcrumblist","itemListElement":[{"@type":"ListItem","@id":"https:\/\/www.eldigitaldeasturias.com\/noticias#listItem","position":1,"name":"Home","item":"https:\/\/www.eldigitaldeasturias.com\/noticias","nextItem":{"@type":"ListItem","@id":"https:\/\/www.eldigitaldeasturias.com\/noticias\/category\/sociedad\/#listItem","name":"Sociedad"}},{"@type":"ListItem","@id":"https:\/\/www.eldigitaldeasturias.com\/noticias\/category\/sociedad\/#listItem","position":2,"name":"Sociedad","item":"https:\/\/www.eldigitaldeasturias.com\/noticias\/category\/sociedad\/","nextItem":{"@type":"ListItem","@id":"https:\/\/www.eldigitaldeasturias.com\/noticias\/entrevista-a-garcia-ferreras-yo-este-oficio-lo-tengo-pegado-a-la-piel\/#listItem","name":"Entrevista a Garc\u00eda Ferreras : \u00abYo este oficio lo tengo pegado a la piel\u00bb."},"previousItem":{"@type":"ListItem","@id":"https:\/\/www.eldigitaldeasturias.com\/noticias#listItem","name":"Home"}},{"@type":"ListItem","@id":"https:\/\/www.eldigitaldeasturias.com\/noticias\/entrevista-a-garcia-ferreras-yo-este-oficio-lo-tengo-pegado-a-la-piel\/#listItem","position":3,"name":"Entrevista a Garc\u00eda Ferreras : \u00abYo este oficio lo tengo pegado a la piel\u00bb.","previousItem":{"@type":"ListItem","@id":"https:\/\/www.eldigitaldeasturias.com\/noticias\/category\/sociedad\/#listItem","name":"Sociedad"}}]},{"@type":"Organization","@id":"https:\/\/www.eldigitaldeasturias.com\/noticias\/#organization","name":"El Digital de Asturias","description":"Hemeroteca","url":"https:\/\/www.eldigitaldeasturias.com\/noticias\/","email":"info@eldigitaldeasturias.com","telephone":"+34652131393","logo":{"@type":"ImageObject","url":"https:\/\/www.eldigitaldeasturias.com\/noticias\/wp-content\/uploads\/2020\/12\/EDA.jpg","@id":"https:\/\/www.eldigitaldeasturias.com\/noticias\/entrevista-a-garcia-ferreras-yo-este-oficio-lo-tengo-pegado-a-la-piel\/#organizationLogo"},"image":{"@id":"https:\/\/www.eldigitaldeasturias.com\/noticias\/entrevista-a-garcia-ferreras-yo-este-oficio-lo-tengo-pegado-a-la-piel\/#organizationLogo"},"sameAs":["https:\/\/facebook.com\/eldigitaldeasturias","https:\/\/www.youtube.com\/channel\/UCZP-2wLEB9Rv6erhFmqVnvg"],"address":{"@id":"https:\/\/www.eldigitaldeasturias.com\/noticias\/#postaladdress","@type":"PostalAddress","streetAddress":"san antonio 4","postalCode":"33430","addressLocality":"Cand\u00e1s","addressRegion":"Asturias","addressCountry":"ES"}},{"@type":"Person","@id":"https:\/\/www.eldigitaldeasturias.com\/noticias\/author\/admin\/#author","url":"https:\/\/www.eldigitaldeasturias.com\/noticias\/author\/admin\/","name":"El Digital de Asturias","image":{"@type":"ImageObject","@id":"https:\/\/www.eldigitaldeasturias.com\/noticias\/entrevista-a-garcia-ferreras-yo-este-oficio-lo-tengo-pegado-a-la-piel\/#authorImage","url":"https:\/\/secure.gravatar.com\/avatar\/df2aeffc32bcd13f8d26072ef8a91b623d677766deac7f97ca815868cd41bf5e?s=96&d=mm&r=g","width":96,"height":96,"caption":"El Digital de Asturias"}},{"@type":"WebPage","@id":"https:\/\/www.eldigitaldeasturias.com\/noticias\/entrevista-a-garcia-ferreras-yo-este-oficio-lo-tengo-pegado-a-la-piel\/#webpage","url":"https:\/\/www.eldigitaldeasturias.com\/noticias\/entrevista-a-garcia-ferreras-yo-este-oficio-lo-tengo-pegado-a-la-piel\/","name":"Entrevista a Garc\u00eda Ferreras : \u00abYo este oficio lo tengo pegado a la piel\u00bb. - El Digital de Asturias","description":"Madrid, 1 dic (EFE).- Con m\u00e1s de 25 a\u00f1os de carrera a sus espaldas y vinculado siempre a radio y televisi\u00f3n, Antonio Garc\u00eda Ferreras declara su amor al periodismo y lo compara con trabajar en una mina de carb\u00f3n: \"Llegas a casa, pero por mucho que te laves, el carb\u00f3n sigue pegado a la piel.","inLanguage":"es-ES","isPartOf":{"@id":"https:\/\/www.eldigitaldeasturias.com\/noticias\/#website"},"breadcrumb":{"@id":"https:\/\/www.eldigitaldeasturias.com\/noticias\/entrevista-a-garcia-ferreras-yo-este-oficio-lo-tengo-pegado-a-la-piel\/#breadcrumblist"},"author":{"@id":"https:\/\/www.eldigitaldeasturias.com\/noticias\/author\/admin\/#author"},"creator":{"@id":"https:\/\/www.eldigitaldeasturias.com\/noticias\/author\/admin\/#author"},"image":{"@type":"ImageObject","url":456527,"@id":"https:\/\/www.eldigitaldeasturias.com\/noticias\/entrevista-a-garcia-ferreras-yo-este-oficio-lo-tengo-pegado-a-la-piel\/#mainImage"},"primaryImageOfPage":{"@id":"https:\/\/www.eldigitaldeasturias.com\/noticias\/entrevista-a-garcia-ferreras-yo-este-oficio-lo-tengo-pegado-a-la-piel\/#mainImage"},"datePublished":"2013-12-01T20:26:00+01:00","dateModified":"2013-12-01T20:26:00+01:00"},{"@type":"WebSite","@id":"https:\/\/www.eldigitaldeasturias.com\/noticias\/#website","url":"https:\/\/www.eldigitaldeasturias.com\/noticias\/","name":"El Digital de Asturias - Diario de actualidad y noticias","alternateName":"El Digital de Asturias - Diario de actualidad y noticias","description":"Hemeroteca","inLanguage":"es-ES","publisher":{"@id":"https:\/\/www.eldigitaldeasturias.com\/noticias\/#organization"}}]},"og:locale":"es_ES","og:site_name":"El Digital de Asturias","og:type":"article","og:title":"Entrevista a Garc\u00eda Ferreras : \u00abYo este oficio lo tengo pegado a la piel\u00bb. - El Digital de Asturias","og:description":"Madrid, 1 dic (EFE).- Con m\u00e1s de 25 a\u00f1os de carrera a sus espaldas y vinculado siempre a radio y televisi\u00f3n, Antonio Garc\u00eda Ferreras declara su amor al periodismo y lo compara con trabajar en una mina de carb\u00f3n: &quot;Llegas a casa, pero por mucho que te laves, el carb\u00f3n sigue pegado a la piel.","og:url":"https:\/\/www.eldigitaldeasturias.com\/noticias\/entrevista-a-garcia-ferreras-yo-este-oficio-lo-tengo-pegado-a-la-piel\/","article:tag":["sociedad"],"article:published_time":"2013-12-01T21:26:00+00:00","article:modified_time":"2013-12-01T21:26:00+00:00","article:publisher":"https:\/\/facebook.com\/eldigitaldeasturias","twitter:card":"summary_large_image","twitter:title":"Entrevista a Garc\u00eda Ferreras : \u00abYo este oficio lo tengo pegado a la piel\u00bb. - El Digital de Asturias","twitter:description":"Madrid, 1 dic (EFE).- Con m\u00e1s de 25 a\u00f1os de carrera a sus espaldas y vinculado siempre a radio y televisi\u00f3n, Antonio Garc\u00eda Ferreras declara su amor al periodismo y lo compara con trabajar en una mina de carb\u00f3n: &quot;Llegas a casa, pero por mucho que te laves, el carb\u00f3n sigue pegado a la piel.","twitter:label1":"Escrito por","twitter:data1":"El Digital de Asturias","twitter:label2":"Tiempo de lectura estimado","twitter:data2":"8 minutos"},"aioseo_meta_data":{"post_id":"456526","title":null,"description":null,"keywords":null,"keyphrases":null,"primary_term":null,"canonical_url":null,"og_title":null,"og_description":null,"og_object_type":"default","og_image_type":"default","og_image_url":null,"og_image_width":null,"og_image_height":null,"og_image_custom_url":null,"og_image_custom_fields":null,"og_video":null,"og_custom_url":null,"og_article_section":null,"og_article_tags":null,"twitter_use_og":true,"twitter_card":"default","twitter_image_type":"default","twitter_image_url":null,"twitter_image_custom_url":null,"twitter_image_custom_fields":null,"twitter_title":null,"twitter_description":null,"schema":{"blockGraphs":[],"customGraphs":[],"default":{"data":{"Article":[],"Course":[],"Dataset":[],"FAQPage":[],"Movie":[],"Person":[],"Product":[],"ProductReview":[],"Car":[],"Recipe":[],"Service":[],"SoftwareApplication":[],"WebPage":[]},"graphName":"","isEnabled":true},"graphs":[],"defaultGraph":"","defaultPostTypeGraph":""},"schema_type":null,"schema_type_options":null,"pillar_content":false,"robots_default":true,"robots_noindex":false,"robots_noarchive":false,"robots_nosnippet":false,"robots_nofollow":false,"robots_noimageindex":false,"robots_noodp":false,"robots_notranslate":false,"robots_max_snippet":null,"robots_max_videopreview":null,"robots_max_imagepreview":"none","priority":null,"frequency":null,"local_seo":null,"seo_analyzer_scan_date":"2026-05-29 22:17:06","breadcrumb_settings":null,"limit_modified_date":false,"open_ai":null,"ai":null,"created":"2020-11-14 22:45:59","updated":"2026-05-29 22:17:06","focus_keyword":null,"additional_keywords":null,"truseo_locale":null},"aioseo_breadcrumb":"<div class=\"aioseo-breadcrumbs\"><span class=\"aioseo-breadcrumb\">\n\t<a href=\"https:\/\/www.eldigitaldeasturias.com\/noticias\" title=\"Home\">Home<\/a>\n<\/span><span class=\"aioseo-breadcrumb-separator\">\u2013<\/span><span class=\"aioseo-breadcrumb\">\n\t<a href=\"https:\/\/www.eldigitaldeasturias.com\/noticias\/category\/sociedad\/\" title=\"Sociedad\">Sociedad<\/a>\n<\/span><span class=\"aioseo-breadcrumb-separator\">\u2013<\/span><span class=\"aioseo-breadcrumb\">\n\t<a href=\"https:\/\/www.eldigitaldeasturias.com\/noticias\/entrevista-a-garcia-ferreras-yo-este-oficio-lo-tengo-pegado-a-la-piel\/\" title=\"Entrevista a Garc\u00eda Ferreras : \u00abYo este oficio lo tengo pegado a la piel\u00bb.\">Entrevista a Garc\u00eda Ferreras : \u00abYo este oficio lo tengo pegado a la piel\u00bb.<\/a>\n<\/span><\/div>","aioseo_breadcrumb_json":[{"label":"Home","link":"https:\/\/www.eldigitaldeasturias.com\/noticias"},{"label":"Sociedad","link":"https:\/\/www.eldigitaldeasturias.com\/noticias\/category\/sociedad\/"},{"label":"Entrevista a Garc\u00eda Ferreras : \u00abYo este oficio lo tengo pegado a la piel\u00bb.","link":"https:\/\/www.eldigitaldeasturias.com\/noticias\/entrevista-a-garcia-ferreras-yo-este-oficio-lo-tengo-pegado-a-la-piel\/"}],"_links":{"self":[{"href":"https:\/\/www.eldigitaldeasturias.com\/noticias\/wp-json\/wp\/v2\/posts\/456526","targetHints":{"allow":["GET"]}}],"collection":[{"href":"https:\/\/www.eldigitaldeasturias.com\/noticias\/wp-json\/wp\/v2\/posts"}],"about":[{"href":"https:\/\/www.eldigitaldeasturias.com\/noticias\/wp-json\/wp\/v2\/types\/post"}],"author":[{"embeddable":true,"href":"https:\/\/www.eldigitaldeasturias.com\/noticias\/wp-json\/wp\/v2\/users\/1"}],"replies":[{"embeddable":true,"href":"https:\/\/www.eldigitaldeasturias.com\/noticias\/wp-json\/wp\/v2\/comments?post=456526"}],"version-history":[{"count":0,"href":"https:\/\/www.eldigitaldeasturias.com\/noticias\/wp-json\/wp\/v2\/posts\/456526\/revisions"}],"wp:attachment":[{"href":"https:\/\/www.eldigitaldeasturias.com\/noticias\/wp-json\/wp\/v2\/media?parent=456526"}],"wp:term":[{"taxonomy":"category","embeddable":true,"href":"https:\/\/www.eldigitaldeasturias.com\/noticias\/wp-json\/wp\/v2\/categories?post=456526"},{"taxonomy":"post_tag","embeddable":true,"href":"https:\/\/www.eldigitaldeasturias.com\/noticias\/wp-json\/wp\/v2\/tags?post=456526"}],"curies":[{"name":"wp","href":"https:\/\/api.w.org\/{rel}","templated":true}]}}