{"id":456523,"date":"2013-12-01T20:20:28","date_gmt":"2013-12-01T21:20:28","guid":{"rendered":"http:\/\/www.eldigitaldeasturias.com\/noticias\/?p=456523"},"modified":"2013-12-01T20:20:28","modified_gmt":"2013-12-01T21:20:28","slug":"congreso-vuelve-a-abrir-sus-puertas-a-los-ciudadanos-tras-un-ano-de-obras","status":"publish","type":"post","link":"https:\/\/www.eldigitaldeasturias.com\/noticias\/congreso-vuelve-a-abrir-sus-puertas-a-los-ciudadanos-tras-un-ano-de-obras\/","title":{"rendered":"Congreso vuelve a abrir sus puertas a los ciudadanos tras un a\u00f1o de obras"},"content":{"rendered":"<p><img loading=\"lazy\" decoding=\"async\" class=\"alignleft size-medium wp-image-456524\" alt=\"5764631w\" src=\"https:\/\/www.eldigitaldeasturias.com\/noticias\/wp-content\/uploads\/2013\/12\/5764631w-360x273.jpg\" width=\"360\" height=\"273\" \/>Madrid, 1 dic (EFE).- El Congreso de los Diputados se prepara para volver a recibir a los ciudadanos en sus tradicionales jornadas de puertas abiertas, que tienen lugar, como es habitual, en la misma semana en la que se conmemora el aniversario de la Constituci\u00f3n y que el a\u00f1o pasado no celebr\u00f3 por las obras de la C\u00e1mara Baja.<\/p>\n<p>Las obras de acondicionamiento de las cubiertas del Palacio de la Carrera de San Jer\u00f3nimo, a las que se sumaron despu\u00e9s otros trabajos, ya hab\u00edan comenzado por las mismas fechas el a\u00f1o pasado, por lo que s\u00f3lo el Senado pudo celebrar sus jornadas de puertas abiertas.<\/p>\n<p>Este a\u00f1o vuelven a ser las dos C\u00e1maras las que se abren para la ciudadan\u00eda: en el caso del Congreso ser\u00e1 el martes 3 y el mi\u00e9rcoles 4 de diciembre, y en el del Senado el mi\u00e9rcoles y el jueves 5.<\/p>\n<p>El patio de Floridablanca, por el que habitualmente entran y salen los diputados del Congreso y los miembros del Gobierno, est\u00e1 ya preparado con una gran carpa que recibe a todos los ciudadanos que quieran acudir a conocer las principales estancias del Congreso.<\/p>\n<p>Desde las nueve y media de la ma\u00f1ana y hasta las siete de la tarde de ambas jornadas, quienes quieran conocer la C\u00e1mara Baja podr\u00e1n acceder a ella desde la calle Zorrilla al citado patio.<\/p>\n<p>En la carpa los visitantes podr\u00e1n degustar chocolate caliente, caf\u00e9 o un vaso de caldo para combatir las fr\u00edas temperaturas mientras hacen cola camino de la Puerta de los Leones, que se abre en esta ocasi\u00f3n solemne.<\/p>\n<p>El recorrido comienza en el Vest\u00edbulo principal o Vest\u00edbulo de la Reina, que preside una estatua de la Isabel II realizado en m\u00e1rmol de Carrara, obra de Jos\u00e9 Piquer y Duart.<\/p>\n<p>Una vez visitado el Vest\u00edbulo, los ciudadanos podr\u00e1n contemplar el Sal\u00f3n de Conferencias, conocido como Sal\u00f3n de Pasos Perdidos; los Escritorios del Reloj y la Constituci\u00f3n; y el Hemiciclo, que acoge las sesiones plenarias, as\u00ed como sesiones conjuntas del Congreso y el Senado, como es el caso de la Solemne Sesi\u00f3n de Apertura de cada Legislatura.<\/p>\n<p>Este a\u00f1o, adem\u00e1s, podr\u00e1n ver por primera vez la rejilla de ventilaci\u00f3n que muestra un impacto de bala producido durante el intento de golpe de Estado del 23 de febrero de 1981, y que se exhibe desde el 25 de noviembre en una urna de cristal en uno de los pasillos de la C\u00e1mara Baja, acompa\u00f1ada por una leyenda que recuerda el triunfo de la democracia.<\/p>\n<p>Esta pieza ha quedado instalada muy cerca de la Puerta de los Leones y del sal\u00f3n de Pasos Perdidos, y no muy lejos de la Constituci\u00f3n de 1978 o de un bast\u00f3n de Nicol\u00e1s Salmer\u00f3n, presidente de las Cortes en la I Rep\u00fablica.<\/p>\n<p>Tras visitar las estancias m\u00e1s emblem\u00e1ticas de la planta principal, los visitantes subir\u00e1n a la primera planta para conocer la Sala Mariana Pineda, en la que se re\u00fane la Junta de Portavoces.<\/p>\n<p>Despu\u00e9s conocer\u00e1n tambi\u00e9n la Sala Constitucional, denominada as\u00ed en homenaje a los ponentes de la Constituci\u00f3n Espa\u00f1ola de 1978, cuyos retratos cuelgan de la pared principal de esta estancia.<\/p>\n<p>Es habitual que el martes, en el inicio de las Jornadas, el presidente del Congreso y miembros de la Mesa reciban a los primeros en entrar por la Puerta de los Leones.<\/p>\n<p>Adem\u00e1s de recibir la visita de los ciudadanos, durante estas dos jornadas el Congreso acoge la emisi\u00f3n en directo de varios programas de televisi\u00f3n y radio.<\/p>\n<p>El martes por la ma\u00f1ana se emitir\u00e1 desde la C\u00e1mara \u00abHoy por Hoy\u00bb, de la cadena Ser, y \u00abLos Desayunos de TVE\u00bb, de Televisi\u00f3n Espa\u00f1ola.<\/p>\n<p>A partir de las 20.00 horas, ser\u00e1 el turno del programa \u00ab24 horas\u00bb de Radio Nacional.<\/p>\n<p>El mi\u00e9rcoles, a las 08.00 comenzar\u00e1 \u00abLas Ma\u00f1anas\u00bb de RNE y, a las 14.00 horas, los informativos de la cadena Cope.<\/p>\n<p>Este a\u00f1o se distribuir\u00e1 por primera vez una publicaci\u00f3n sobre el Congreso de los Diputados en braille, fruto de un convenio de colaboraci\u00f3n firmado con la ONCE y aprobado en la \u00faltima reuni\u00f3n de la Mesa del Congreso, con el objetivo de eliminar las barreras de comunicaci\u00f3n en la C\u00e1mara.<\/p>\n<p>Para entrar en el Congreso durante las Jornadas de Puertas Abiertas -para las que no se reservan horas de visita- es necesario presentar el Documento Nacional de Identidad, el pasaporte o la tarjeta de residencia.<\/p>\n<p>La visita de grupos no se puede reservar estos d\u00edas, s\u00f3lo en casos de personas con alg\u00fan grado de discapacidad.<\/p>\n<p>En el caso del Senado, que celebra sus jornadas de puertas abiertas el mi\u00e9rcoles y el jueves, en horario de diez de la ma\u00f1ana a siete de la tarde, la visita comienza en la Plaza de la Marina Espa\u00f1ola, con la entrada al Palacio por la Puerta del Rey.<\/p>\n<p>Desde all\u00ed se inicia un recorrido que incluye, entre otras dependencias, el Antiguo Sal\u00f3n de Plenos, los \u00abDespachos de Honor\u00bb de la Presidencia, el Sal\u00f3n de Pasos Perdidos, las Salas Manuel Broseta Pont y Manuel Gim\u00e9nez Abad y la Biblioteca.<\/p>\n<p>Para visitar el Senado s\u00ed se pueden concertar horarios para grupos.<\/p>\n<p>Las jornadas de puertas abiertas preceder\u00e1n a la celebraci\u00f3n del 35 aniversario de la Constituci\u00f3n Espa\u00f1ola, el viernes 6 en el Congreso.<\/p>\n<p>El presidente del Congreso de los Diputados, Jes\u00fas Posada, y el del Senado, P\u00edo Garc\u00eda Escudero, presiden este acto solemne al que han sido invitados representantes de las altas instituciones del Estado.<\/p>\n","protected":false},"excerpt":{"rendered":"<p>Madrid, 1 dic (EFE).- El Congreso de los Diputados se prepara para volver a recibir a los ciudadanos en sus tradicionales jornadas de puertas abiertas, que tienen lugar, como es habitual, en la misma semana en la que se conmemora el aniversario de la Constituci\u00f3n y que el a\u00f1o pasado no celebr\u00f3 por las obras [&hellip;]<\/p>\n","protected":false},"author":1,"featured_media":456524,"comment_status":"closed","ping_status":"open","sticky":false,"template":"","format":"standard","meta":{"footnotes":""},"categories":[2],"tags":[],"class_list":["post-456523","post","type-post","status-publish","format-standard","has-post-thumbnail","hentry","category-agenda"],"aioseo_notices":[],"aioseo_head":"\n\t\t<!-- All in One SEO Pro 5.0.1 - aioseo.com -->\n\t<meta name=\"description\" content=\"Madrid, 1 dic (EFE).- El Congreso de los Diputados se prepara para volver a recibir a los ciudadanos en sus tradicionales jornadas de puertas abiertas, que tienen lugar, como es habitual, en la misma semana en la que se conmemora el aniversario de la Constituci\u00f3n y que el a\u00f1o pasado no celebr\u00f3 por las obras\" \/>\n\t<meta name=\"robots\" content=\"max-image-preview:large\" \/>\n\t<meta name=\"author\" content=\"El Digital de Asturias\"\/>\n\t<meta name=\"google-site-verification\" content=\"UA-38556648-1\" \/>\n\t<meta name=\"msvalidate.01\" content=\"7dfe9f3f1b24437ab69f4f2559babe99\" \/>\n\t<meta name=\"keywords\" content=\"agenda\" \/>\n\t<link rel=\"canonical\" href=\"https:\/\/www.eldigitaldeasturias.com\/noticias\/congreso-vuelve-a-abrir-sus-puertas-a-los-ciudadanos-tras-un-ano-de-obras\/\" \/>\n\t<meta name=\"generator\" content=\"All in One SEO Pro (AIOSEO) 5.0.1\" \/>\n\t\t<meta property=\"og:locale\" content=\"es_ES\" \/>\n\t\t<meta property=\"og:site_name\" content=\"El Digital de Asturias\" \/>\n\t\t<meta property=\"og:type\" content=\"article\" \/>\n\t\t<meta property=\"og:title\" content=\"Congreso vuelve a abrir sus puertas a los ciudadanos tras un a\u00f1o de obras - El Digital de Asturias\" \/>\n\t\t<meta property=\"og:description\" content=\"Madrid, 1 dic (EFE).- El Congreso de los Diputados se prepara para volver a recibir a los ciudadanos en sus tradicionales jornadas de puertas abiertas, que tienen lugar, como es habitual, en la misma semana en la que se conmemora el aniversario de la Constituci\u00f3n y que el a\u00f1o pasado no celebr\u00f3 por las obras\" \/>\n\t\t<meta property=\"og:url\" content=\"https:\/\/www.eldigitaldeasturias.com\/noticias\/congreso-vuelve-a-abrir-sus-puertas-a-los-ciudadanos-tras-un-ano-de-obras\/\" \/>\n\t\t<meta property=\"article:tag\" content=\"agenda\" \/>\n\t\t<meta property=\"article:published_time\" content=\"2013-12-01T21:20:28+00:00\" \/>\n\t\t<meta property=\"article:modified_time\" content=\"2013-12-01T21:20:28+00:00\" \/>\n\t\t<meta property=\"article:publisher\" content=\"https:\/\/facebook.com\/eldigitaldeasturias\" \/>\n\t\t<meta name=\"twitter:card\" content=\"summary_large_image\" \/>\n\t\t<meta name=\"twitter:title\" content=\"Congreso vuelve a abrir sus puertas a los ciudadanos tras un a\u00f1o de obras - El Digital de Asturias\" \/>\n\t\t<meta name=\"twitter:description\" content=\"Madrid, 1 dic (EFE).- El Congreso de los Diputados se prepara para volver a recibir a los ciudadanos en sus tradicionales jornadas de puertas abiertas, que tienen lugar, como es habitual, en la misma semana en la que se conmemora el aniversario de la Constituci\u00f3n y que el a\u00f1o pasado no celebr\u00f3 por las obras\" \/>\n\t\t<meta name=\"twitter:label1\" content=\"Escrito por\" \/>\n\t\t<meta name=\"twitter:data1\" content=\"El Digital de Asturias\" \/>\n\t\t<meta name=\"twitter:label2\" content=\"Tiempo de lectura estimado\" \/>\n\t\t<meta name=\"twitter:data2\" content=\"5 minutos\" \/>\n\t\t<script type=\"application\/ld+json\" class=\"aioseo-schema\">\n\t\t\t{\"@context\":\"https:\\\/\\\/schema.org\",\"@graph\":[{\"@type\":\"BlogPosting\",\"@id\":\"https:\\\/\\\/www.eldigitaldeasturias.com\\\/noticias\\\/congreso-vuelve-a-abrir-sus-puertas-a-los-ciudadanos-tras-un-ano-de-obras\\\/#blogposting\",\"name\":\"Congreso vuelve a abrir sus puertas a los ciudadanos tras un a\\u00f1o de obras - El Digital de Asturias\",\"headline\":\"Congreso vuelve a abrir sus puertas a los ciudadanos tras un a\\u00f1o de obras\",\"author\":{\"@id\":\"https:\\\/\\\/www.eldigitaldeasturias.com\\\/noticias\\\/author\\\/admin\\\/#author\"},\"publisher\":{\"@id\":\"https:\\\/\\\/www.eldigitaldeasturias.com\\\/noticias\\\/#organization\"},\"image\":{\"@type\":\"ImageObject\",\"url\":456524},\"datePublished\":\"2013-12-01T20:20:28+01:00\",\"dateModified\":\"2013-12-01T20:20:28+01:00\",\"inLanguage\":\"es-ES\",\"mainEntityOfPage\":{\"@id\":\"https:\\\/\\\/www.eldigitaldeasturias.com\\\/noticias\\\/congreso-vuelve-a-abrir-sus-puertas-a-los-ciudadanos-tras-un-ano-de-obras\\\/#webpage\"},\"isPartOf\":{\"@id\":\"https:\\\/\\\/www.eldigitaldeasturias.com\\\/noticias\\\/congreso-vuelve-a-abrir-sus-puertas-a-los-ciudadanos-tras-un-ano-de-obras\\\/#webpage\"},\"articleSection\":\"Agenda\"},{\"@type\":\"BreadcrumbList\",\"@id\":\"https:\\\/\\\/www.eldigitaldeasturias.com\\\/noticias\\\/congreso-vuelve-a-abrir-sus-puertas-a-los-ciudadanos-tras-un-ano-de-obras\\\/#breadcrumblist\",\"itemListElement\":[{\"@type\":\"ListItem\",\"@id\":\"https:\\\/\\\/www.eldigitaldeasturias.com\\\/noticias#listItem\",\"position\":1,\"name\":\"Home\",\"item\":\"https:\\\/\\\/www.eldigitaldeasturias.com\\\/noticias\",\"nextItem\":{\"@type\":\"ListItem\",\"@id\":\"https:\\\/\\\/www.eldigitaldeasturias.com\\\/noticias\\\/category\\\/agenda\\\/#listItem\",\"name\":\"Agenda\"}},{\"@type\":\"ListItem\",\"@id\":\"https:\\\/\\\/www.eldigitaldeasturias.com\\\/noticias\\\/category\\\/agenda\\\/#listItem\",\"position\":2,\"name\":\"Agenda\",\"item\":\"https:\\\/\\\/www.eldigitaldeasturias.com\\\/noticias\\\/category\\\/agenda\\\/\",\"nextItem\":{\"@type\":\"ListItem\",\"@id\":\"https:\\\/\\\/www.eldigitaldeasturias.com\\\/noticias\\\/congreso-vuelve-a-abrir-sus-puertas-a-los-ciudadanos-tras-un-ano-de-obras\\\/#listItem\",\"name\":\"Congreso vuelve a abrir sus puertas a los ciudadanos tras un a\\u00f1o de obras\"},\"previousItem\":{\"@type\":\"ListItem\",\"@id\":\"https:\\\/\\\/www.eldigitaldeasturias.com\\\/noticias#listItem\",\"name\":\"Home\"}},{\"@type\":\"ListItem\",\"@id\":\"https:\\\/\\\/www.eldigitaldeasturias.com\\\/noticias\\\/congreso-vuelve-a-abrir-sus-puertas-a-los-ciudadanos-tras-un-ano-de-obras\\\/#listItem\",\"position\":3,\"name\":\"Congreso vuelve a abrir sus puertas a los ciudadanos tras un a\\u00f1o de obras\",\"previousItem\":{\"@type\":\"ListItem\",\"@id\":\"https:\\\/\\\/www.eldigitaldeasturias.com\\\/noticias\\\/category\\\/agenda\\\/#listItem\",\"name\":\"Agenda\"}}]},{\"@type\":\"Organization\",\"@id\":\"https:\\\/\\\/www.eldigitaldeasturias.com\\\/noticias\\\/#organization\",\"name\":\"El Digital de Asturias\",\"description\":\"Hemeroteca\",\"url\":\"https:\\\/\\\/www.eldigitaldeasturias.com\\\/noticias\\\/\",\"email\":\"info@eldigitaldeasturias.com\",\"telephone\":\"+34652131393\",\"logo\":{\"@type\":\"ImageObject\",\"url\":\"https:\\\/\\\/www.eldigitaldeasturias.com\\\/noticias\\\/wp-content\\\/uploads\\\/2020\\\/12\\\/EDA.jpg\",\"@id\":\"https:\\\/\\\/www.eldigitaldeasturias.com\\\/noticias\\\/congreso-vuelve-a-abrir-sus-puertas-a-los-ciudadanos-tras-un-ano-de-obras\\\/#organizationLogo\"},\"image\":{\"@id\":\"https:\\\/\\\/www.eldigitaldeasturias.com\\\/noticias\\\/congreso-vuelve-a-abrir-sus-puertas-a-los-ciudadanos-tras-un-ano-de-obras\\\/#organizationLogo\"},\"sameAs\":[\"https:\\\/\\\/facebook.com\\\/eldigitaldeasturias\",\"https:\\\/\\\/www.youtube.com\\\/channel\\\/UCZP-2wLEB9Rv6erhFmqVnvg\"],\"address\":{\"@id\":\"https:\\\/\\\/www.eldigitaldeasturias.com\\\/noticias\\\/#postaladdress\",\"@type\":\"PostalAddress\",\"streetAddress\":\"san antonio 4\",\"postalCode\":\"33430\",\"addressLocality\":\"Cand\\u00e1s\",\"addressRegion\":\"Asturias\",\"addressCountry\":\"ES\"}},{\"@type\":\"Person\",\"@id\":\"https:\\\/\\\/www.eldigitaldeasturias.com\\\/noticias\\\/author\\\/admin\\\/#author\",\"url\":\"https:\\\/\\\/www.eldigitaldeasturias.com\\\/noticias\\\/author\\\/admin\\\/\",\"name\":\"El Digital de Asturias\",\"image\":{\"@type\":\"ImageObject\",\"@id\":\"https:\\\/\\\/www.eldigitaldeasturias.com\\\/noticias\\\/congreso-vuelve-a-abrir-sus-puertas-a-los-ciudadanos-tras-un-ano-de-obras\\\/#authorImage\",\"url\":\"https:\\\/\\\/secure.gravatar.com\\\/avatar\\\/df2aeffc32bcd13f8d26072ef8a91b623d677766deac7f97ca815868cd41bf5e?s=96&d=mm&r=g\",\"width\":96,\"height\":96,\"caption\":\"El Digital de Asturias\"}},{\"@type\":\"WebPage\",\"@id\":\"https:\\\/\\\/www.eldigitaldeasturias.com\\\/noticias\\\/congreso-vuelve-a-abrir-sus-puertas-a-los-ciudadanos-tras-un-ano-de-obras\\\/#webpage\",\"url\":\"https:\\\/\\\/www.eldigitaldeasturias.com\\\/noticias\\\/congreso-vuelve-a-abrir-sus-puertas-a-los-ciudadanos-tras-un-ano-de-obras\\\/\",\"name\":\"Congreso vuelve a abrir sus puertas a los ciudadanos tras un a\\u00f1o de obras - El Digital de Asturias\",\"description\":\"Madrid, 1 dic (EFE).- El Congreso de los Diputados se prepara para volver a recibir a los ciudadanos en sus tradicionales jornadas de puertas abiertas, que tienen lugar, como es habitual, en la misma semana en la que se conmemora el aniversario de la Constituci\\u00f3n y que el a\\u00f1o pasado no celebr\\u00f3 por las obras\",\"inLanguage\":\"es-ES\",\"isPartOf\":{\"@id\":\"https:\\\/\\\/www.eldigitaldeasturias.com\\\/noticias\\\/#website\"},\"breadcrumb\":{\"@id\":\"https:\\\/\\\/www.eldigitaldeasturias.com\\\/noticias\\\/congreso-vuelve-a-abrir-sus-puertas-a-los-ciudadanos-tras-un-ano-de-obras\\\/#breadcrumblist\"},\"author\":{\"@id\":\"https:\\\/\\\/www.eldigitaldeasturias.com\\\/noticias\\\/author\\\/admin\\\/#author\"},\"creator\":{\"@id\":\"https:\\\/\\\/www.eldigitaldeasturias.com\\\/noticias\\\/author\\\/admin\\\/#author\"},\"image\":{\"@type\":\"ImageObject\",\"url\":456524,\"@id\":\"https:\\\/\\\/www.eldigitaldeasturias.com\\\/noticias\\\/congreso-vuelve-a-abrir-sus-puertas-a-los-ciudadanos-tras-un-ano-de-obras\\\/#mainImage\"},\"primaryImageOfPage\":{\"@id\":\"https:\\\/\\\/www.eldigitaldeasturias.com\\\/noticias\\\/congreso-vuelve-a-abrir-sus-puertas-a-los-ciudadanos-tras-un-ano-de-obras\\\/#mainImage\"},\"datePublished\":\"2013-12-01T20:20:28+01:00\",\"dateModified\":\"2013-12-01T20:20:28+01:00\"},{\"@type\":\"WebSite\",\"@id\":\"https:\\\/\\\/www.eldigitaldeasturias.com\\\/noticias\\\/#website\",\"url\":\"https:\\\/\\\/www.eldigitaldeasturias.com\\\/noticias\\\/\",\"name\":\"El Digital de Asturias - Diario de actualidad y noticias\",\"alternateName\":\"El Digital de Asturias - Diario de actualidad y noticias\",\"description\":\"Hemeroteca\",\"inLanguage\":\"es-ES\",\"publisher\":{\"@id\":\"https:\\\/\\\/www.eldigitaldeasturias.com\\\/noticias\\\/#organization\"}}]}\n\t\t<\/script>\n\t\t<!-- All in One SEO Pro -->\r\n\t\t<title>Congreso vuelve a abrir sus puertas a los ciudadanos tras un a\u00f1o de obras - El Digital de Asturias<\/title>\n\n","aioseo_head_json":{"title":"Congreso vuelve a abrir sus puertas a los ciudadanos tras un a\u00f1o de obras - El Digital de Asturias","description":"Madrid, 1 dic (EFE).- El Congreso de los Diputados se prepara para volver a recibir a los ciudadanos en sus tradicionales jornadas de puertas abiertas, que tienen lugar, como es habitual, en la misma semana en la que se conmemora el aniversario de la Constituci\u00f3n y que el a\u00f1o pasado no celebr\u00f3 por las obras","canonical_url":"https:\/\/www.eldigitaldeasturias.com\/noticias\/congreso-vuelve-a-abrir-sus-puertas-a-los-ciudadanos-tras-un-ano-de-obras\/","robots":"max-image-preview:large","keywords":"agenda","webmasterTools":{"google-site-verification":"UA-38556648-1","msvalidate.01":"7dfe9f3f1b24437ab69f4f2559babe99","miscellaneous":""},"schema":{"@context":"https:\/\/schema.org","@graph":[{"@type":"BlogPosting","@id":"https:\/\/www.eldigitaldeasturias.com\/noticias\/congreso-vuelve-a-abrir-sus-puertas-a-los-ciudadanos-tras-un-ano-de-obras\/#blogposting","name":"Congreso vuelve a abrir sus puertas a los ciudadanos tras un a\u00f1o de obras - El Digital de Asturias","headline":"Congreso vuelve a abrir sus puertas a los ciudadanos tras un a\u00f1o de obras","author":{"@id":"https:\/\/www.eldigitaldeasturias.com\/noticias\/author\/admin\/#author"},"publisher":{"@id":"https:\/\/www.eldigitaldeasturias.com\/noticias\/#organization"},"image":{"@type":"ImageObject","url":456524},"datePublished":"2013-12-01T20:20:28+01:00","dateModified":"2013-12-01T20:20:28+01:00","inLanguage":"es-ES","mainEntityOfPage":{"@id":"https:\/\/www.eldigitaldeasturias.com\/noticias\/congreso-vuelve-a-abrir-sus-puertas-a-los-ciudadanos-tras-un-ano-de-obras\/#webpage"},"isPartOf":{"@id":"https:\/\/www.eldigitaldeasturias.com\/noticias\/congreso-vuelve-a-abrir-sus-puertas-a-los-ciudadanos-tras-un-ano-de-obras\/#webpage"},"articleSection":"Agenda"},{"@type":"BreadcrumbList","@id":"https:\/\/www.eldigitaldeasturias.com\/noticias\/congreso-vuelve-a-abrir-sus-puertas-a-los-ciudadanos-tras-un-ano-de-obras\/#breadcrumblist","itemListElement":[{"@type":"ListItem","@id":"https:\/\/www.eldigitaldeasturias.com\/noticias#listItem","position":1,"name":"Home","item":"https:\/\/www.eldigitaldeasturias.com\/noticias","nextItem":{"@type":"ListItem","@id":"https:\/\/www.eldigitaldeasturias.com\/noticias\/category\/agenda\/#listItem","name":"Agenda"}},{"@type":"ListItem","@id":"https:\/\/www.eldigitaldeasturias.com\/noticias\/category\/agenda\/#listItem","position":2,"name":"Agenda","item":"https:\/\/www.eldigitaldeasturias.com\/noticias\/category\/agenda\/","nextItem":{"@type":"ListItem","@id":"https:\/\/www.eldigitaldeasturias.com\/noticias\/congreso-vuelve-a-abrir-sus-puertas-a-los-ciudadanos-tras-un-ano-de-obras\/#listItem","name":"Congreso vuelve a abrir sus puertas a los ciudadanos tras un a\u00f1o de obras"},"previousItem":{"@type":"ListItem","@id":"https:\/\/www.eldigitaldeasturias.com\/noticias#listItem","name":"Home"}},{"@type":"ListItem","@id":"https:\/\/www.eldigitaldeasturias.com\/noticias\/congreso-vuelve-a-abrir-sus-puertas-a-los-ciudadanos-tras-un-ano-de-obras\/#listItem","position":3,"name":"Congreso vuelve a abrir sus puertas a los ciudadanos tras un a\u00f1o de obras","previousItem":{"@type":"ListItem","@id":"https:\/\/www.eldigitaldeasturias.com\/noticias\/category\/agenda\/#listItem","name":"Agenda"}}]},{"@type":"Organization","@id":"https:\/\/www.eldigitaldeasturias.com\/noticias\/#organization","name":"El Digital de Asturias","description":"Hemeroteca","url":"https:\/\/www.eldigitaldeasturias.com\/noticias\/","email":"info@eldigitaldeasturias.com","telephone":"+34652131393","logo":{"@type":"ImageObject","url":"https:\/\/www.eldigitaldeasturias.com\/noticias\/wp-content\/uploads\/2020\/12\/EDA.jpg","@id":"https:\/\/www.eldigitaldeasturias.com\/noticias\/congreso-vuelve-a-abrir-sus-puertas-a-los-ciudadanos-tras-un-ano-de-obras\/#organizationLogo"},"image":{"@id":"https:\/\/www.eldigitaldeasturias.com\/noticias\/congreso-vuelve-a-abrir-sus-puertas-a-los-ciudadanos-tras-un-ano-de-obras\/#organizationLogo"},"sameAs":["https:\/\/facebook.com\/eldigitaldeasturias","https:\/\/www.youtube.com\/channel\/UCZP-2wLEB9Rv6erhFmqVnvg"],"address":{"@id":"https:\/\/www.eldigitaldeasturias.com\/noticias\/#postaladdress","@type":"PostalAddress","streetAddress":"san antonio 4","postalCode":"33430","addressLocality":"Cand\u00e1s","addressRegion":"Asturias","addressCountry":"ES"}},{"@type":"Person","@id":"https:\/\/www.eldigitaldeasturias.com\/noticias\/author\/admin\/#author","url":"https:\/\/www.eldigitaldeasturias.com\/noticias\/author\/admin\/","name":"El Digital de Asturias","image":{"@type":"ImageObject","@id":"https:\/\/www.eldigitaldeasturias.com\/noticias\/congreso-vuelve-a-abrir-sus-puertas-a-los-ciudadanos-tras-un-ano-de-obras\/#authorImage","url":"https:\/\/secure.gravatar.com\/avatar\/df2aeffc32bcd13f8d26072ef8a91b623d677766deac7f97ca815868cd41bf5e?s=96&d=mm&r=g","width":96,"height":96,"caption":"El Digital de Asturias"}},{"@type":"WebPage","@id":"https:\/\/www.eldigitaldeasturias.com\/noticias\/congreso-vuelve-a-abrir-sus-puertas-a-los-ciudadanos-tras-un-ano-de-obras\/#webpage","url":"https:\/\/www.eldigitaldeasturias.com\/noticias\/congreso-vuelve-a-abrir-sus-puertas-a-los-ciudadanos-tras-un-ano-de-obras\/","name":"Congreso vuelve a abrir sus puertas a los ciudadanos tras un a\u00f1o de obras - El Digital de Asturias","description":"Madrid, 1 dic (EFE).- El Congreso de los Diputados se prepara para volver a recibir a los ciudadanos en sus tradicionales jornadas de puertas abiertas, que tienen lugar, como es habitual, en la misma semana en la que se conmemora el aniversario de la Constituci\u00f3n y que el a\u00f1o pasado no celebr\u00f3 por las obras","inLanguage":"es-ES","isPartOf":{"@id":"https:\/\/www.eldigitaldeasturias.com\/noticias\/#website"},"breadcrumb":{"@id":"https:\/\/www.eldigitaldeasturias.com\/noticias\/congreso-vuelve-a-abrir-sus-puertas-a-los-ciudadanos-tras-un-ano-de-obras\/#breadcrumblist"},"author":{"@id":"https:\/\/www.eldigitaldeasturias.com\/noticias\/author\/admin\/#author"},"creator":{"@id":"https:\/\/www.eldigitaldeasturias.com\/noticias\/author\/admin\/#author"},"image":{"@type":"ImageObject","url":456524,"@id":"https:\/\/www.eldigitaldeasturias.com\/noticias\/congreso-vuelve-a-abrir-sus-puertas-a-los-ciudadanos-tras-un-ano-de-obras\/#mainImage"},"primaryImageOfPage":{"@id":"https:\/\/www.eldigitaldeasturias.com\/noticias\/congreso-vuelve-a-abrir-sus-puertas-a-los-ciudadanos-tras-un-ano-de-obras\/#mainImage"},"datePublished":"2013-12-01T20:20:28+01:00","dateModified":"2013-12-01T20:20:28+01:00"},{"@type":"WebSite","@id":"https:\/\/www.eldigitaldeasturias.com\/noticias\/#website","url":"https:\/\/www.eldigitaldeasturias.com\/noticias\/","name":"El Digital de Asturias - Diario de actualidad y noticias","alternateName":"El Digital de Asturias - Diario de actualidad y noticias","description":"Hemeroteca","inLanguage":"es-ES","publisher":{"@id":"https:\/\/www.eldigitaldeasturias.com\/noticias\/#organization"}}]},"og:locale":"es_ES","og:site_name":"El Digital de Asturias","og:type":"article","og:title":"Congreso vuelve a abrir sus puertas a los ciudadanos tras un a\u00f1o de obras - El Digital de Asturias","og:description":"Madrid, 1 dic (EFE).- El Congreso de los Diputados se prepara para volver a recibir a los ciudadanos en sus tradicionales jornadas de puertas abiertas, que tienen lugar, como es habitual, en la misma semana en la que se conmemora el aniversario de la Constituci\u00f3n y que el a\u00f1o pasado no celebr\u00f3 por las obras","og:url":"https:\/\/www.eldigitaldeasturias.com\/noticias\/congreso-vuelve-a-abrir-sus-puertas-a-los-ciudadanos-tras-un-ano-de-obras\/","article:tag":["agenda"],"article:published_time":"2013-12-01T21:20:28+00:00","article:modified_time":"2013-12-01T21:20:28+00:00","article:publisher":"https:\/\/facebook.com\/eldigitaldeasturias","twitter:card":"summary_large_image","twitter:title":"Congreso vuelve a abrir sus puertas a los ciudadanos tras un a\u00f1o de obras - El Digital de Asturias","twitter:description":"Madrid, 1 dic (EFE).- El Congreso de los Diputados se prepara para volver a recibir a los ciudadanos en sus tradicionales jornadas de puertas abiertas, que tienen lugar, como es habitual, en la misma semana en la que se conmemora el aniversario de la Constituci\u00f3n y que el a\u00f1o pasado no celebr\u00f3 por las obras","twitter:label1":"Escrito por","twitter:data1":"El Digital de Asturias","twitter:label2":"Tiempo de lectura estimado","twitter:data2":"5 minutos"},"aioseo_meta_data":{"post_id":"456523","title":null,"description":null,"keywords":null,"keyphrases":null,"primary_term":null,"canonical_url":null,"og_title":null,"og_description":null,"og_object_type":"default","og_image_type":"default","og_image_url":null,"og_image_width":null,"og_image_height":null,"og_image_custom_url":null,"og_image_custom_fields":null,"og_video":null,"og_custom_url":null,"og_article_section":null,"og_article_tags":null,"twitter_use_og":true,"twitter_card":"default","twitter_image_type":"default","twitter_image_url":null,"twitter_image_custom_url":null,"twitter_image_custom_fields":null,"twitter_title":null,"twitter_description":null,"schema":{"blockGraphs":[],"customGraphs":[],"default":{"data":{"Article":[],"Course":[],"Dataset":[],"FAQPage":[],"Movie":[],"Person":[],"Product":[],"ProductReview":[],"Car":[],"Recipe":[],"Service":[],"SoftwareApplication":[],"WebPage":[]},"graphName":"","isEnabled":true},"graphs":[],"defaultGraph":"","defaultPostTypeGraph":""},"schema_type":null,"schema_type_options":null,"pillar_content":false,"robots_default":true,"robots_noindex":false,"robots_noarchive":false,"robots_nosnippet":false,"robots_nofollow":false,"robots_noimageindex":false,"robots_noodp":false,"robots_notranslate":false,"robots_max_snippet":null,"robots_max_videopreview":null,"robots_max_imagepreview":"none","priority":null,"frequency":null,"local_seo":null,"seo_analyzer_scan_date":"2026-05-29 22:17:05","breadcrumb_settings":null,"limit_modified_date":false,"open_ai":null,"ai":null,"created":"2020-11-14 22:45:59","updated":"2026-05-29 22:17:05","focus_keyword":null,"additional_keywords":null,"truseo_locale":null},"aioseo_breadcrumb":"<div class=\"aioseo-breadcrumbs\"><span class=\"aioseo-breadcrumb\">\n\t<a href=\"https:\/\/www.eldigitaldeasturias.com\/noticias\" title=\"Home\">Home<\/a>\n<\/span><span class=\"aioseo-breadcrumb-separator\">\u2013<\/span><span class=\"aioseo-breadcrumb\">\n\t<a href=\"https:\/\/www.eldigitaldeasturias.com\/noticias\/category\/agenda\/\" title=\"Agenda\">Agenda<\/a>\n<\/span><span class=\"aioseo-breadcrumb-separator\">\u2013<\/span><span class=\"aioseo-breadcrumb\">\n\t<a href=\"https:\/\/www.eldigitaldeasturias.com\/noticias\/congreso-vuelve-a-abrir-sus-puertas-a-los-ciudadanos-tras-un-ano-de-obras\/\" title=\"Congreso vuelve a abrir sus puertas a los ciudadanos tras un a\u00f1o de obras\">Congreso vuelve a abrir sus puertas a los ciudadanos tras un a\u00f1o de obras<\/a>\n<\/span><\/div>","aioseo_breadcrumb_json":[{"label":"Home","link":"https:\/\/www.eldigitaldeasturias.com\/noticias"},{"label":"Agenda","link":"https:\/\/www.eldigitaldeasturias.com\/noticias\/category\/agenda\/"},{"label":"Congreso vuelve a abrir sus puertas a los ciudadanos tras un a\u00f1o de obras","link":"https:\/\/www.eldigitaldeasturias.com\/noticias\/congreso-vuelve-a-abrir-sus-puertas-a-los-ciudadanos-tras-un-ano-de-obras\/"}],"_links":{"self":[{"href":"https:\/\/www.eldigitaldeasturias.com\/noticias\/wp-json\/wp\/v2\/posts\/456523","targetHints":{"allow":["GET"]}}],"collection":[{"href":"https:\/\/www.eldigitaldeasturias.com\/noticias\/wp-json\/wp\/v2\/posts"}],"about":[{"href":"https:\/\/www.eldigitaldeasturias.com\/noticias\/wp-json\/wp\/v2\/types\/post"}],"author":[{"embeddable":true,"href":"https:\/\/www.eldigitaldeasturias.com\/noticias\/wp-json\/wp\/v2\/users\/1"}],"replies":[{"embeddable":true,"href":"https:\/\/www.eldigitaldeasturias.com\/noticias\/wp-json\/wp\/v2\/comments?post=456523"}],"version-history":[{"count":0,"href":"https:\/\/www.eldigitaldeasturias.com\/noticias\/wp-json\/wp\/v2\/posts\/456523\/revisions"}],"wp:attachment":[{"href":"https:\/\/www.eldigitaldeasturias.com\/noticias\/wp-json\/wp\/v2\/media?parent=456523"}],"wp:term":[{"taxonomy":"category","embeddable":true,"href":"https:\/\/www.eldigitaldeasturias.com\/noticias\/wp-json\/wp\/v2\/categories?post=456523"},{"taxonomy":"post_tag","embeddable":true,"href":"https:\/\/www.eldigitaldeasturias.com\/noticias\/wp-json\/wp\/v2\/tags?post=456523"}],"curies":[{"name":"wp","href":"https:\/\/api.w.org\/{rel}","templated":true}]}}