{"id":456520,"date":"2013-12-01T20:19:17","date_gmt":"2013-12-01T21:19:17","guid":{"rendered":"http:\/\/www.eldigitaldeasturias.com\/noticias\/?p=456520"},"modified":"2013-12-01T20:19:17","modified_gmt":"2013-12-01T21:19:17","slug":"la-soprano-pilar-jurado-actuara-en-el-concierto-contra-el-trabajo-infantil","status":"publish","type":"post","link":"https:\/\/www.eldigitaldeasturias.com\/noticias\/la-soprano-pilar-jurado-actuara-en-el-concierto-contra-el-trabajo-infantil\/","title":{"rendered":"La soprano Pilar Jurado actuar\u00e1 en el concierto contra el trabajo infantil"},"content":{"rendered":"<p><img loading=\"lazy\" decoding=\"async\" class=\"alignleft size-medium wp-image-456521\" alt=\"5764636w\" src=\"https:\/\/www.eldigitaldeasturias.com\/noticias\/wp-content\/uploads\/2013\/12\/5764636w-360x239.jpg\" width=\"360\" height=\"239\" \/>Madrid, 1 dic (EFE).- La soprano y directora de orquesta Pilar Jurado actuar\u00e1 en el pr\u00f3ximo 4 de diciembre en el \u00abConcierto por la erradicaci\u00f3n del trabajo infantil\u00bb, que se celebrar\u00e1 en el Auditorio Caja de M\u00fasica, en el Palacio de Cibeles.<\/p>\n<p>El recital, organizado por la Oficina de la Organizaci\u00f3n Internacional del Trabajo (OIT) para Espa\u00f1a, es una de las iniciativas impulsadas para concienciar a la sociedad acerca del problema del trabajo infantil, que afecta a 168 millones de ni\u00f1os en todo el mundo.<\/p>\n<p>Esos ni\u00f1os, que son el 11 por ciento de la poblaci\u00f3n infantil mundial, realizan trabajos que les privan del disfrute adecuado de su ni\u00f1ez y que pueden provocarles da\u00f1os f\u00edsicos y psicol\u00f3gicos irreparables, explica la OIT.<\/p>\n<p>Adem\u00e1s, 85 millones de ni\u00f1os hacen trabajos peligrosos, son explotados sexualmente o utilizados en las guerras como ni\u00f1os soldado.<\/p>\n<p>Gracias a la cooperaci\u00f3n internacional, desde el a\u00f1o 2000 el trabajo infantil se ha reducido en casi un tercio, a la mitad en el caso de trabajos peligrosos y en un 60 por ciento en el caso de las ni\u00f1as.<\/p>\n<p>Esta campa\u00f1a de denuncia y concienciaci\u00f3n se enmarca tambi\u00e9n en el 25\u00ba aniversario de la Agencia Espa\u00f1ola de Cooperaci\u00f3n Internacional para el Desarrollo (AECID), que ha hecho de la lucha contra el trabajo infantil uno de sus campos prioritarios de actuaci\u00f3n, tal y como puede verse en una exposici\u00f3n en el Centro Conde Duque de Madrid.<\/p>\n<p>Pilar Jurado, destacada cantante y compositora del panorama musical l\u00edrico espa\u00f1ol, es colaboradora especial de la OIT para el \u00abPrograma Internacional para la Erradicaci\u00f3n del Trabajo Infantil\u00bb, en el que, tambi\u00e9n participan m\u00fasicos y directores de orquesta como Barenboim, Abbado y Abreu -promotores de la iniciativa \u00abLa m\u00fasica contra el trabajo infantil\u00bb-, y artistas como Cher, Susan Sarandon o Tim Roth.<\/p>\n<p>Al inicio y al final del concierto se podr\u00e1 visitar la exposici\u00f3n fotogr\u00e1fica \u00abLa lucha de la OIT contra el trabajo infantil: un sue\u00f1o de libertad\u00bb, en la que se muestran las diferentes estrategias que ha desarrollado la organizaci\u00f3n en todo el mundo para combatir este tipo de explotaci\u00f3n infantil.<\/p>\n","protected":false},"excerpt":{"rendered":"<p>Madrid, 1 dic (EFE).- La soprano y directora de orquesta Pilar Jurado actuar\u00e1 en el pr\u00f3ximo 4 de diciembre en el \u00abConcierto por la erradicaci\u00f3n del trabajo infantil\u00bb, que se celebrar\u00e1 en el Auditorio Caja de M\u00fasica, en el Palacio de Cibeles. El recital, organizado por la Oficina de la Organizaci\u00f3n Internacional del Trabajo (OIT) [&hellip;]<\/p>\n","protected":false},"author":1,"featured_media":456521,"comment_status":"closed","ping_status":"open","sticky":false,"template":"","format":"standard","meta":{"footnotes":""},"categories":[50],"tags":[],"class_list":["post-456520","post","type-post","status-publish","format-standard","has-post-thumbnail","hentry","category-revista-de-ocio"],"aioseo_notices":[],"aioseo_head":"\n\t\t<!-- All in One SEO Pro 5.0.1 - aioseo.com -->\n\t<meta name=\"description\" content=\"Madrid, 1 dic (EFE).- La soprano y directora de orquesta Pilar Jurado actuar\u00e1 en el pr\u00f3ximo 4 de diciembre en el &quot;Concierto por la erradicaci\u00f3n del trabajo infantil&quot;, que se celebrar\u00e1 en el Auditorio Caja de M\u00fasica, en el Palacio de Cibeles. El recital, organizado por la Oficina de la Organizaci\u00f3n Internacional del Trabajo (OIT)\" \/>\n\t<meta name=\"robots\" content=\"max-image-preview:large\" \/>\n\t<meta name=\"author\" content=\"El Digital de Asturias\"\/>\n\t<meta name=\"google-site-verification\" content=\"UA-38556648-1\" \/>\n\t<meta name=\"msvalidate.01\" content=\"7dfe9f3f1b24437ab69f4f2559babe99\" \/>\n\t<meta name=\"keywords\" content=\"revista de ocio\" \/>\n\t<link rel=\"canonical\" href=\"https:\/\/www.eldigitaldeasturias.com\/noticias\/la-soprano-pilar-jurado-actuara-en-el-concierto-contra-el-trabajo-infantil\/\" \/>\n\t<meta name=\"generator\" content=\"All in One SEO Pro (AIOSEO) 5.0.1\" \/>\n\t\t<meta property=\"og:locale\" content=\"es_ES\" \/>\n\t\t<meta property=\"og:site_name\" content=\"El Digital de Asturias\" \/>\n\t\t<meta property=\"og:type\" content=\"article\" \/>\n\t\t<meta property=\"og:title\" content=\"La soprano Pilar Jurado actuar\u00e1 en el concierto contra el trabajo infantil - El Digital de Asturias\" \/>\n\t\t<meta property=\"og:description\" content=\"Madrid, 1 dic (EFE).- La soprano y directora de orquesta Pilar Jurado actuar\u00e1 en el pr\u00f3ximo 4 de diciembre en el &quot;Concierto por la erradicaci\u00f3n del trabajo infantil&quot;, que se celebrar\u00e1 en el Auditorio Caja de M\u00fasica, en el Palacio de Cibeles. El recital, organizado por la Oficina de la Organizaci\u00f3n Internacional del Trabajo (OIT)\" \/>\n\t\t<meta property=\"og:url\" content=\"https:\/\/www.eldigitaldeasturias.com\/noticias\/la-soprano-pilar-jurado-actuara-en-el-concierto-contra-el-trabajo-infantil\/\" \/>\n\t\t<meta property=\"article:tag\" content=\"revista de ocio\" \/>\n\t\t<meta property=\"article:published_time\" content=\"2013-12-01T21:19:17+00:00\" \/>\n\t\t<meta property=\"article:modified_time\" content=\"2013-12-01T21:19:17+00:00\" \/>\n\t\t<meta property=\"article:publisher\" content=\"https:\/\/facebook.com\/eldigitaldeasturias\" \/>\n\t\t<meta name=\"twitter:card\" content=\"summary_large_image\" \/>\n\t\t<meta name=\"twitter:title\" content=\"La soprano Pilar Jurado actuar\u00e1 en el concierto contra el trabajo infantil - El Digital de Asturias\" \/>\n\t\t<meta name=\"twitter:description\" content=\"Madrid, 1 dic (EFE).- La soprano y directora de orquesta Pilar Jurado actuar\u00e1 en el pr\u00f3ximo 4 de diciembre en el &quot;Concierto por la erradicaci\u00f3n del trabajo infantil&quot;, que se celebrar\u00e1 en el Auditorio Caja de M\u00fasica, en el Palacio de Cibeles. El recital, organizado por la Oficina de la Organizaci\u00f3n Internacional del Trabajo (OIT)\" \/>\n\t\t<meta name=\"twitter:label1\" content=\"Escrito por\" \/>\n\t\t<meta name=\"twitter:data1\" content=\"El Digital de Asturias\" \/>\n\t\t<meta name=\"twitter:label2\" content=\"Tiempo de lectura estimado\" \/>\n\t\t<meta name=\"twitter:data2\" content=\"2 minutos\" \/>\n\t\t<script type=\"application\/ld+json\" class=\"aioseo-schema\">\n\t\t\t{\"@context\":\"https:\\\/\\\/schema.org\",\"@graph\":[{\"@type\":\"BlogPosting\",\"@id\":\"https:\\\/\\\/www.eldigitaldeasturias.com\\\/noticias\\\/la-soprano-pilar-jurado-actuara-en-el-concierto-contra-el-trabajo-infantil\\\/#blogposting\",\"name\":\"La soprano Pilar Jurado actuar\\u00e1 en el concierto contra el trabajo infantil - El Digital de Asturias\",\"headline\":\"La soprano Pilar Jurado actuar\\u00e1 en el concierto contra el trabajo infantil\",\"author\":{\"@id\":\"https:\\\/\\\/www.eldigitaldeasturias.com\\\/noticias\\\/author\\\/admin\\\/#author\"},\"publisher\":{\"@id\":\"https:\\\/\\\/www.eldigitaldeasturias.com\\\/noticias\\\/#organization\"},\"image\":{\"@type\":\"ImageObject\",\"url\":456521},\"datePublished\":\"2013-12-01T20:19:17+01:00\",\"dateModified\":\"2013-12-01T20:19:17+01:00\",\"inLanguage\":\"es-ES\",\"mainEntityOfPage\":{\"@id\":\"https:\\\/\\\/www.eldigitaldeasturias.com\\\/noticias\\\/la-soprano-pilar-jurado-actuara-en-el-concierto-contra-el-trabajo-infantil\\\/#webpage\"},\"isPartOf\":{\"@id\":\"https:\\\/\\\/www.eldigitaldeasturias.com\\\/noticias\\\/la-soprano-pilar-jurado-actuara-en-el-concierto-contra-el-trabajo-infantil\\\/#webpage\"},\"articleSection\":\"Revista de Ocio\"},{\"@type\":\"BreadcrumbList\",\"@id\":\"https:\\\/\\\/www.eldigitaldeasturias.com\\\/noticias\\\/la-soprano-pilar-jurado-actuara-en-el-concierto-contra-el-trabajo-infantil\\\/#breadcrumblist\",\"itemListElement\":[{\"@type\":\"ListItem\",\"@id\":\"https:\\\/\\\/www.eldigitaldeasturias.com\\\/noticias#listItem\",\"position\":1,\"name\":\"Home\",\"item\":\"https:\\\/\\\/www.eldigitaldeasturias.com\\\/noticias\",\"nextItem\":{\"@type\":\"ListItem\",\"@id\":\"https:\\\/\\\/www.eldigitaldeasturias.com\\\/noticias\\\/category\\\/revista-de-ocio\\\/#listItem\",\"name\":\"Revista de Ocio\"}},{\"@type\":\"ListItem\",\"@id\":\"https:\\\/\\\/www.eldigitaldeasturias.com\\\/noticias\\\/category\\\/revista-de-ocio\\\/#listItem\",\"position\":2,\"name\":\"Revista de Ocio\",\"item\":\"https:\\\/\\\/www.eldigitaldeasturias.com\\\/noticias\\\/category\\\/revista-de-ocio\\\/\",\"nextItem\":{\"@type\":\"ListItem\",\"@id\":\"https:\\\/\\\/www.eldigitaldeasturias.com\\\/noticias\\\/la-soprano-pilar-jurado-actuara-en-el-concierto-contra-el-trabajo-infantil\\\/#listItem\",\"name\":\"La soprano Pilar Jurado actuar\\u00e1 en el concierto contra el trabajo infantil\"},\"previousItem\":{\"@type\":\"ListItem\",\"@id\":\"https:\\\/\\\/www.eldigitaldeasturias.com\\\/noticias#listItem\",\"name\":\"Home\"}},{\"@type\":\"ListItem\",\"@id\":\"https:\\\/\\\/www.eldigitaldeasturias.com\\\/noticias\\\/la-soprano-pilar-jurado-actuara-en-el-concierto-contra-el-trabajo-infantil\\\/#listItem\",\"position\":3,\"name\":\"La soprano Pilar Jurado actuar\\u00e1 en el concierto contra el trabajo infantil\",\"previousItem\":{\"@type\":\"ListItem\",\"@id\":\"https:\\\/\\\/www.eldigitaldeasturias.com\\\/noticias\\\/category\\\/revista-de-ocio\\\/#listItem\",\"name\":\"Revista de Ocio\"}}]},{\"@type\":\"Organization\",\"@id\":\"https:\\\/\\\/www.eldigitaldeasturias.com\\\/noticias\\\/#organization\",\"name\":\"El Digital de Asturias\",\"description\":\"Hemeroteca\",\"url\":\"https:\\\/\\\/www.eldigitaldeasturias.com\\\/noticias\\\/\",\"email\":\"info@eldigitaldeasturias.com\",\"telephone\":\"+34652131393\",\"logo\":{\"@type\":\"ImageObject\",\"url\":\"https:\\\/\\\/www.eldigitaldeasturias.com\\\/noticias\\\/wp-content\\\/uploads\\\/2020\\\/12\\\/EDA.jpg\",\"@id\":\"https:\\\/\\\/www.eldigitaldeasturias.com\\\/noticias\\\/la-soprano-pilar-jurado-actuara-en-el-concierto-contra-el-trabajo-infantil\\\/#organizationLogo\"},\"image\":{\"@id\":\"https:\\\/\\\/www.eldigitaldeasturias.com\\\/noticias\\\/la-soprano-pilar-jurado-actuara-en-el-concierto-contra-el-trabajo-infantil\\\/#organizationLogo\"},\"sameAs\":[\"https:\\\/\\\/facebook.com\\\/eldigitaldeasturias\",\"https:\\\/\\\/www.youtube.com\\\/channel\\\/UCZP-2wLEB9Rv6erhFmqVnvg\"],\"address\":{\"@id\":\"https:\\\/\\\/www.eldigitaldeasturias.com\\\/noticias\\\/#postaladdress\",\"@type\":\"PostalAddress\",\"streetAddress\":\"san antonio 4\",\"postalCode\":\"33430\",\"addressLocality\":\"Cand\\u00e1s\",\"addressRegion\":\"Asturias\",\"addressCountry\":\"ES\"}},{\"@type\":\"Person\",\"@id\":\"https:\\\/\\\/www.eldigitaldeasturias.com\\\/noticias\\\/author\\\/admin\\\/#author\",\"url\":\"https:\\\/\\\/www.eldigitaldeasturias.com\\\/noticias\\\/author\\\/admin\\\/\",\"name\":\"El Digital de Asturias\",\"image\":{\"@type\":\"ImageObject\",\"@id\":\"https:\\\/\\\/www.eldigitaldeasturias.com\\\/noticias\\\/la-soprano-pilar-jurado-actuara-en-el-concierto-contra-el-trabajo-infantil\\\/#authorImage\",\"url\":\"https:\\\/\\\/secure.gravatar.com\\\/avatar\\\/df2aeffc32bcd13f8d26072ef8a91b623d677766deac7f97ca815868cd41bf5e?s=96&d=mm&r=g\",\"width\":96,\"height\":96,\"caption\":\"El Digital de Asturias\"}},{\"@type\":\"WebPage\",\"@id\":\"https:\\\/\\\/www.eldigitaldeasturias.com\\\/noticias\\\/la-soprano-pilar-jurado-actuara-en-el-concierto-contra-el-trabajo-infantil\\\/#webpage\",\"url\":\"https:\\\/\\\/www.eldigitaldeasturias.com\\\/noticias\\\/la-soprano-pilar-jurado-actuara-en-el-concierto-contra-el-trabajo-infantil\\\/\",\"name\":\"La soprano Pilar Jurado actuar\\u00e1 en el concierto contra el trabajo infantil - El Digital de Asturias\",\"description\":\"Madrid, 1 dic (EFE).- La soprano y directora de orquesta Pilar Jurado actuar\\u00e1 en el pr\\u00f3ximo 4 de diciembre en el \\\"Concierto por la erradicaci\\u00f3n del trabajo infantil\\\", que se celebrar\\u00e1 en el Auditorio Caja de M\\u00fasica, en el Palacio de Cibeles. El recital, organizado por la Oficina de la Organizaci\\u00f3n Internacional del Trabajo (OIT)\",\"inLanguage\":\"es-ES\",\"isPartOf\":{\"@id\":\"https:\\\/\\\/www.eldigitaldeasturias.com\\\/noticias\\\/#website\"},\"breadcrumb\":{\"@id\":\"https:\\\/\\\/www.eldigitaldeasturias.com\\\/noticias\\\/la-soprano-pilar-jurado-actuara-en-el-concierto-contra-el-trabajo-infantil\\\/#breadcrumblist\"},\"author\":{\"@id\":\"https:\\\/\\\/www.eldigitaldeasturias.com\\\/noticias\\\/author\\\/admin\\\/#author\"},\"creator\":{\"@id\":\"https:\\\/\\\/www.eldigitaldeasturias.com\\\/noticias\\\/author\\\/admin\\\/#author\"},\"image\":{\"@type\":\"ImageObject\",\"url\":456521,\"@id\":\"https:\\\/\\\/www.eldigitaldeasturias.com\\\/noticias\\\/la-soprano-pilar-jurado-actuara-en-el-concierto-contra-el-trabajo-infantil\\\/#mainImage\"},\"primaryImageOfPage\":{\"@id\":\"https:\\\/\\\/www.eldigitaldeasturias.com\\\/noticias\\\/la-soprano-pilar-jurado-actuara-en-el-concierto-contra-el-trabajo-infantil\\\/#mainImage\"},\"datePublished\":\"2013-12-01T20:19:17+01:00\",\"dateModified\":\"2013-12-01T20:19:17+01:00\"},{\"@type\":\"WebSite\",\"@id\":\"https:\\\/\\\/www.eldigitaldeasturias.com\\\/noticias\\\/#website\",\"url\":\"https:\\\/\\\/www.eldigitaldeasturias.com\\\/noticias\\\/\",\"name\":\"El Digital de Asturias - Diario de actualidad y noticias\",\"alternateName\":\"El Digital de Asturias - Diario de actualidad y noticias\",\"description\":\"Hemeroteca\",\"inLanguage\":\"es-ES\",\"publisher\":{\"@id\":\"https:\\\/\\\/www.eldigitaldeasturias.com\\\/noticias\\\/#organization\"}}]}\n\t\t<\/script>\n\t\t<!-- All in One SEO Pro -->\r\n\t\t<title>La soprano Pilar Jurado actuar\u00e1 en el concierto contra el trabajo infantil - El Digital de Asturias<\/title>\n\n","aioseo_head_json":{"title":"La soprano Pilar Jurado actuar\u00e1 en el concierto contra el trabajo infantil - El Digital de Asturias","description":"Madrid, 1 dic (EFE).- La soprano y directora de orquesta Pilar Jurado actuar\u00e1 en el pr\u00f3ximo 4 de diciembre en el \"Concierto por la erradicaci\u00f3n del trabajo infantil\", que se celebrar\u00e1 en el Auditorio Caja de M\u00fasica, en el Palacio de Cibeles. El recital, organizado por la Oficina de la Organizaci\u00f3n Internacional del Trabajo (OIT)","canonical_url":"https:\/\/www.eldigitaldeasturias.com\/noticias\/la-soprano-pilar-jurado-actuara-en-el-concierto-contra-el-trabajo-infantil\/","robots":"max-image-preview:large","keywords":"revista de ocio","webmasterTools":{"google-site-verification":"UA-38556648-1","msvalidate.01":"7dfe9f3f1b24437ab69f4f2559babe99","miscellaneous":""},"schema":{"@context":"https:\/\/schema.org","@graph":[{"@type":"BlogPosting","@id":"https:\/\/www.eldigitaldeasturias.com\/noticias\/la-soprano-pilar-jurado-actuara-en-el-concierto-contra-el-trabajo-infantil\/#blogposting","name":"La soprano Pilar Jurado actuar\u00e1 en el concierto contra el trabajo infantil - El Digital de Asturias","headline":"La soprano Pilar Jurado actuar\u00e1 en el concierto contra el trabajo infantil","author":{"@id":"https:\/\/www.eldigitaldeasturias.com\/noticias\/author\/admin\/#author"},"publisher":{"@id":"https:\/\/www.eldigitaldeasturias.com\/noticias\/#organization"},"image":{"@type":"ImageObject","url":456521},"datePublished":"2013-12-01T20:19:17+01:00","dateModified":"2013-12-01T20:19:17+01:00","inLanguage":"es-ES","mainEntityOfPage":{"@id":"https:\/\/www.eldigitaldeasturias.com\/noticias\/la-soprano-pilar-jurado-actuara-en-el-concierto-contra-el-trabajo-infantil\/#webpage"},"isPartOf":{"@id":"https:\/\/www.eldigitaldeasturias.com\/noticias\/la-soprano-pilar-jurado-actuara-en-el-concierto-contra-el-trabajo-infantil\/#webpage"},"articleSection":"Revista de Ocio"},{"@type":"BreadcrumbList","@id":"https:\/\/www.eldigitaldeasturias.com\/noticias\/la-soprano-pilar-jurado-actuara-en-el-concierto-contra-el-trabajo-infantil\/#breadcrumblist","itemListElement":[{"@type":"ListItem","@id":"https:\/\/www.eldigitaldeasturias.com\/noticias#listItem","position":1,"name":"Home","item":"https:\/\/www.eldigitaldeasturias.com\/noticias","nextItem":{"@type":"ListItem","@id":"https:\/\/www.eldigitaldeasturias.com\/noticias\/category\/revista-de-ocio\/#listItem","name":"Revista de Ocio"}},{"@type":"ListItem","@id":"https:\/\/www.eldigitaldeasturias.com\/noticias\/category\/revista-de-ocio\/#listItem","position":2,"name":"Revista de Ocio","item":"https:\/\/www.eldigitaldeasturias.com\/noticias\/category\/revista-de-ocio\/","nextItem":{"@type":"ListItem","@id":"https:\/\/www.eldigitaldeasturias.com\/noticias\/la-soprano-pilar-jurado-actuara-en-el-concierto-contra-el-trabajo-infantil\/#listItem","name":"La soprano Pilar Jurado actuar\u00e1 en el concierto contra el trabajo infantil"},"previousItem":{"@type":"ListItem","@id":"https:\/\/www.eldigitaldeasturias.com\/noticias#listItem","name":"Home"}},{"@type":"ListItem","@id":"https:\/\/www.eldigitaldeasturias.com\/noticias\/la-soprano-pilar-jurado-actuara-en-el-concierto-contra-el-trabajo-infantil\/#listItem","position":3,"name":"La soprano Pilar Jurado actuar\u00e1 en el concierto contra el trabajo infantil","previousItem":{"@type":"ListItem","@id":"https:\/\/www.eldigitaldeasturias.com\/noticias\/category\/revista-de-ocio\/#listItem","name":"Revista de Ocio"}}]},{"@type":"Organization","@id":"https:\/\/www.eldigitaldeasturias.com\/noticias\/#organization","name":"El Digital de Asturias","description":"Hemeroteca","url":"https:\/\/www.eldigitaldeasturias.com\/noticias\/","email":"info@eldigitaldeasturias.com","telephone":"+34652131393","logo":{"@type":"ImageObject","url":"https:\/\/www.eldigitaldeasturias.com\/noticias\/wp-content\/uploads\/2020\/12\/EDA.jpg","@id":"https:\/\/www.eldigitaldeasturias.com\/noticias\/la-soprano-pilar-jurado-actuara-en-el-concierto-contra-el-trabajo-infantil\/#organizationLogo"},"image":{"@id":"https:\/\/www.eldigitaldeasturias.com\/noticias\/la-soprano-pilar-jurado-actuara-en-el-concierto-contra-el-trabajo-infantil\/#organizationLogo"},"sameAs":["https:\/\/facebook.com\/eldigitaldeasturias","https:\/\/www.youtube.com\/channel\/UCZP-2wLEB9Rv6erhFmqVnvg"],"address":{"@id":"https:\/\/www.eldigitaldeasturias.com\/noticias\/#postaladdress","@type":"PostalAddress","streetAddress":"san antonio 4","postalCode":"33430","addressLocality":"Cand\u00e1s","addressRegion":"Asturias","addressCountry":"ES"}},{"@type":"Person","@id":"https:\/\/www.eldigitaldeasturias.com\/noticias\/author\/admin\/#author","url":"https:\/\/www.eldigitaldeasturias.com\/noticias\/author\/admin\/","name":"El Digital de Asturias","image":{"@type":"ImageObject","@id":"https:\/\/www.eldigitaldeasturias.com\/noticias\/la-soprano-pilar-jurado-actuara-en-el-concierto-contra-el-trabajo-infantil\/#authorImage","url":"https:\/\/secure.gravatar.com\/avatar\/df2aeffc32bcd13f8d26072ef8a91b623d677766deac7f97ca815868cd41bf5e?s=96&d=mm&r=g","width":96,"height":96,"caption":"El Digital de Asturias"}},{"@type":"WebPage","@id":"https:\/\/www.eldigitaldeasturias.com\/noticias\/la-soprano-pilar-jurado-actuara-en-el-concierto-contra-el-trabajo-infantil\/#webpage","url":"https:\/\/www.eldigitaldeasturias.com\/noticias\/la-soprano-pilar-jurado-actuara-en-el-concierto-contra-el-trabajo-infantil\/","name":"La soprano Pilar Jurado actuar\u00e1 en el concierto contra el trabajo infantil - El Digital de Asturias","description":"Madrid, 1 dic (EFE).- La soprano y directora de orquesta Pilar Jurado actuar\u00e1 en el pr\u00f3ximo 4 de diciembre en el \"Concierto por la erradicaci\u00f3n del trabajo infantil\", que se celebrar\u00e1 en el Auditorio Caja de M\u00fasica, en el Palacio de Cibeles. El recital, organizado por la Oficina de la Organizaci\u00f3n Internacional del Trabajo (OIT)","inLanguage":"es-ES","isPartOf":{"@id":"https:\/\/www.eldigitaldeasturias.com\/noticias\/#website"},"breadcrumb":{"@id":"https:\/\/www.eldigitaldeasturias.com\/noticias\/la-soprano-pilar-jurado-actuara-en-el-concierto-contra-el-trabajo-infantil\/#breadcrumblist"},"author":{"@id":"https:\/\/www.eldigitaldeasturias.com\/noticias\/author\/admin\/#author"},"creator":{"@id":"https:\/\/www.eldigitaldeasturias.com\/noticias\/author\/admin\/#author"},"image":{"@type":"ImageObject","url":456521,"@id":"https:\/\/www.eldigitaldeasturias.com\/noticias\/la-soprano-pilar-jurado-actuara-en-el-concierto-contra-el-trabajo-infantil\/#mainImage"},"primaryImageOfPage":{"@id":"https:\/\/www.eldigitaldeasturias.com\/noticias\/la-soprano-pilar-jurado-actuara-en-el-concierto-contra-el-trabajo-infantil\/#mainImage"},"datePublished":"2013-12-01T20:19:17+01:00","dateModified":"2013-12-01T20:19:17+01:00"},{"@type":"WebSite","@id":"https:\/\/www.eldigitaldeasturias.com\/noticias\/#website","url":"https:\/\/www.eldigitaldeasturias.com\/noticias\/","name":"El Digital de Asturias - Diario de actualidad y noticias","alternateName":"El Digital de Asturias - Diario de actualidad y noticias","description":"Hemeroteca","inLanguage":"es-ES","publisher":{"@id":"https:\/\/www.eldigitaldeasturias.com\/noticias\/#organization"}}]},"og:locale":"es_ES","og:site_name":"El Digital de Asturias","og:type":"article","og:title":"La soprano Pilar Jurado actuar\u00e1 en el concierto contra el trabajo infantil - El Digital de Asturias","og:description":"Madrid, 1 dic (EFE).- La soprano y directora de orquesta Pilar Jurado actuar\u00e1 en el pr\u00f3ximo 4 de diciembre en el &quot;Concierto por la erradicaci\u00f3n del trabajo infantil&quot;, que se celebrar\u00e1 en el Auditorio Caja de M\u00fasica, en el Palacio de Cibeles. El recital, organizado por la Oficina de la Organizaci\u00f3n Internacional del Trabajo (OIT)","og:url":"https:\/\/www.eldigitaldeasturias.com\/noticias\/la-soprano-pilar-jurado-actuara-en-el-concierto-contra-el-trabajo-infantil\/","article:tag":["revista de ocio"],"article:published_time":"2013-12-01T21:19:17+00:00","article:modified_time":"2013-12-01T21:19:17+00:00","article:publisher":"https:\/\/facebook.com\/eldigitaldeasturias","twitter:card":"summary_large_image","twitter:title":"La soprano Pilar Jurado actuar\u00e1 en el concierto contra el trabajo infantil - El Digital de Asturias","twitter:description":"Madrid, 1 dic (EFE).- La soprano y directora de orquesta Pilar Jurado actuar\u00e1 en el pr\u00f3ximo 4 de diciembre en el &quot;Concierto por la erradicaci\u00f3n del trabajo infantil&quot;, que se celebrar\u00e1 en el Auditorio Caja de M\u00fasica, en el Palacio de Cibeles. El recital, organizado por la Oficina de la Organizaci\u00f3n Internacional del Trabajo (OIT)","twitter:label1":"Escrito por","twitter:data1":"El Digital de Asturias","twitter:label2":"Tiempo de lectura estimado","twitter:data2":"2 minutos"},"aioseo_meta_data":{"post_id":"456520","title":null,"description":null,"keywords":null,"keyphrases":null,"primary_term":null,"canonical_url":null,"og_title":null,"og_description":null,"og_object_type":"default","og_image_type":"default","og_image_url":null,"og_image_width":null,"og_image_height":null,"og_image_custom_url":null,"og_image_custom_fields":null,"og_video":null,"og_custom_url":null,"og_article_section":null,"og_article_tags":null,"twitter_use_og":true,"twitter_card":"default","twitter_image_type":"default","twitter_image_url":null,"twitter_image_custom_url":null,"twitter_image_custom_fields":null,"twitter_title":null,"twitter_description":null,"schema":{"blockGraphs":[],"customGraphs":[],"default":{"data":{"Article":[],"Course":[],"Dataset":[],"FAQPage":[],"Movie":[],"Person":[],"Product":[],"ProductReview":[],"Car":[],"Recipe":[],"Service":[],"SoftwareApplication":[],"WebPage":[]},"graphName":"","isEnabled":true},"graphs":[],"defaultGraph":"","defaultPostTypeGraph":""},"schema_type":null,"schema_type_options":null,"pillar_content":false,"robots_default":true,"robots_noindex":false,"robots_noarchive":false,"robots_nosnippet":false,"robots_nofollow":false,"robots_noimageindex":false,"robots_noodp":false,"robots_notranslate":false,"robots_max_snippet":null,"robots_max_videopreview":null,"robots_max_imagepreview":"none","priority":null,"frequency":null,"local_seo":null,"seo_analyzer_scan_date":"2026-05-29 22:17:05","breadcrumb_settings":null,"limit_modified_date":false,"open_ai":null,"ai":null,"created":"2020-11-14 22:45:59","updated":"2026-05-29 22:17:05","focus_keyword":null,"additional_keywords":null,"truseo_locale":null},"aioseo_breadcrumb":"<div class=\"aioseo-breadcrumbs\"><span class=\"aioseo-breadcrumb\">\n\t<a href=\"https:\/\/www.eldigitaldeasturias.com\/noticias\" title=\"Home\">Home<\/a>\n<\/span><span class=\"aioseo-breadcrumb-separator\">\u2013<\/span><span class=\"aioseo-breadcrumb\">\n\t<a href=\"https:\/\/www.eldigitaldeasturias.com\/noticias\/category\/revista-de-ocio\/\" title=\"Revista de Ocio\">Revista de Ocio<\/a>\n<\/span><span class=\"aioseo-breadcrumb-separator\">\u2013<\/span><span class=\"aioseo-breadcrumb\">\n\t<a href=\"https:\/\/www.eldigitaldeasturias.com\/noticias\/la-soprano-pilar-jurado-actuara-en-el-concierto-contra-el-trabajo-infantil\/\" title=\"La soprano Pilar Jurado actuar\u00e1 en el concierto contra el trabajo infantil\">La soprano Pilar Jurado actuar\u00e1 en el concierto contra el trabajo infantil<\/a>\n<\/span><\/div>","aioseo_breadcrumb_json":[{"label":"Home","link":"https:\/\/www.eldigitaldeasturias.com\/noticias"},{"label":"Revista de Ocio","link":"https:\/\/www.eldigitaldeasturias.com\/noticias\/category\/revista-de-ocio\/"},{"label":"La soprano Pilar Jurado actuar\u00e1 en el concierto contra el trabajo infantil","link":"https:\/\/www.eldigitaldeasturias.com\/noticias\/la-soprano-pilar-jurado-actuara-en-el-concierto-contra-el-trabajo-infantil\/"}],"_links":{"self":[{"href":"https:\/\/www.eldigitaldeasturias.com\/noticias\/wp-json\/wp\/v2\/posts\/456520","targetHints":{"allow":["GET"]}}],"collection":[{"href":"https:\/\/www.eldigitaldeasturias.com\/noticias\/wp-json\/wp\/v2\/posts"}],"about":[{"href":"https:\/\/www.eldigitaldeasturias.com\/noticias\/wp-json\/wp\/v2\/types\/post"}],"author":[{"embeddable":true,"href":"https:\/\/www.eldigitaldeasturias.com\/noticias\/wp-json\/wp\/v2\/users\/1"}],"replies":[{"embeddable":true,"href":"https:\/\/www.eldigitaldeasturias.com\/noticias\/wp-json\/wp\/v2\/comments?post=456520"}],"version-history":[{"count":0,"href":"https:\/\/www.eldigitaldeasturias.com\/noticias\/wp-json\/wp\/v2\/posts\/456520\/revisions"}],"wp:attachment":[{"href":"https:\/\/www.eldigitaldeasturias.com\/noticias\/wp-json\/wp\/v2\/media?parent=456520"}],"wp:term":[{"taxonomy":"category","embeddable":true,"href":"https:\/\/www.eldigitaldeasturias.com\/noticias\/wp-json\/wp\/v2\/categories?post=456520"},{"taxonomy":"post_tag","embeddable":true,"href":"https:\/\/www.eldigitaldeasturias.com\/noticias\/wp-json\/wp\/v2\/tags?post=456520"}],"curies":[{"name":"wp","href":"https:\/\/api.w.org\/{rel}","templated":true}]}}