{"id":456502,"date":"2013-12-01T20:11:25","date_gmt":"2013-12-01T21:11:25","guid":{"rendered":"http:\/\/www.eldigitaldeasturias.com\/noticias\/?p=456502"},"modified":"2013-12-01T20:11:25","modified_gmt":"2013-12-01T21:11:25","slug":"la-audiencia-nacional-concluye-manana-el-juicio-a-diaz-ferran-por-fraude-fiscal","status":"publish","type":"post","link":"https:\/\/www.eldigitaldeasturias.com\/noticias\/la-audiencia-nacional-concluye-manana-el-juicio-a-diaz-ferran-por-fraude-fiscal\/","title":{"rendered":"La Audiencia Nacional concluye ma\u00f1ana el juicio a D\u00edaz Ferr\u00e1n por fraude fiscal"},"content":{"rendered":"<p><img loading=\"lazy\" decoding=\"async\" class=\"alignleft size-medium wp-image-456503\" alt=\"5764602w\" src=\"https:\/\/www.eldigitaldeasturias.com\/noticias\/wp-content\/uploads\/2013\/12\/5764602w-360x239.jpg\" width=\"360\" height=\"239\" \/>Madrid, 1 dic (EFE).- La Audiencia Nacional concluir\u00e1 ma\u00f1ana el juicio al expresidente de la CEOE Gerardo D\u00edaz Ferr\u00e1n por un delito de fraude fiscal en la operaci\u00f3n de compra de Aerol\u00edneas Argentinas por Air Comet, por el que la Fiscal\u00eda reclama para \u00e9l dos a\u00f1os y cuatro meses de prisi\u00f3n.<\/p>\n<p>Por este mismo delito est\u00e1 acusado el expresidente de Air Comet Antonio Mata, para el que el Ministerio P\u00fablico pide la misma condena, que incluye adem\u00e1s una multa igual a la cuota defraudada, 99 millones de euros, y que se indemnice al fisco con esa cantidad m\u00e1s los intereses.<\/p>\n<p>La \u00faltima sesi\u00f3n de la vista comenzar\u00e1 a partir de las 12:00 horas con el informe final de sus defensas, que dar\u00e1 paso al turno de \u00faltima palabra de los dos acusados.<\/p>\n<p>El pasado mi\u00e9rcoles, el que fuera m\u00e1ximo responsable de la patronal espa\u00f1ola, que el pr\u00f3ximo jueves cumplir\u00e1 su primer a\u00f1o en prisi\u00f3n preventiva, defendi\u00f3 que no cometi\u00f3 ning\u00fan fraude a Hacienda, ya que pensaba que \u00abno hab\u00eda que tributar en el Estado espa\u00f1ol\u00bb por esa adquisici\u00f3n.<\/p>\n<p>Por su parte, Mata asegur\u00f3 que la empresa no tuvo \u00abni beneficios ni p\u00e9rdidas\u00bb fiscales\u00bb y que si la operaci\u00f3n hubiera tenido \u00abconsecuencias fiscales\u00bb se las habr\u00edan \u00abrepercutido\u00bb al vendedor, la Sociedad Estatal de Participaciones Industriales (SEPI).<\/p>\n<p>Los hechos se remontan a 2001, cuando la SEPI vendi\u00f3 a Air Comet el 99,2 % de Interinvest, una mercantil domiciliada en Argentina que a su vez era propietaria del 92,1 % del capital de Aerol\u00edneas Argentinas.<\/p>\n<p>El precio de venta fue de un d\u00f3lar, pero la SEPI se comprometi\u00f3 tambi\u00e9n a aportar a Interinvest hasta 300 millones de d\u00f3lares que Air Comet deber\u00eda destinar a satisfacer pagos a los acreedores de la sociedad adquirida.<\/p>\n<p>Air Comet, sin embargo, utiliz\u00f3 el dinero no para pagar a los acreedores, sino para subrogarse en su posici\u00f3n en el proceso de suspensi\u00f3n de pagos, lo que le permiti\u00f3 posteriormente recuperar el 40 % de lo invertido gracias al convenio aprobado por Aerol\u00edneas Argentinas para saldar sus deudas.<\/p>\n<p>Por todo ello, la Fiscal\u00eda tambi\u00e9n solicita que D\u00edaz Ferr\u00e1n y Mata pierdan la posibilidad de obtener subvenciones o ayudas p\u00fablicas, el derecho a gozar de incentivos fiscales o de la Seguridad Social durante cinco a\u00f1os y que sean condenados a abonar las costas del proceso.<\/p>\n<p>D\u00edaz Ferr\u00e1n volver\u00e1 a ser conducido al tribunal desde la c\u00e1rcel madrile\u00f1a de Soto del Real, donde permanece bajo fianza de 5 millones desde el 5 de diciembre del a\u00f1o pasado por delitos de alzamiento de bienes, insolvencia punible y blanqueo de capitales, entre otros, por el vaciamiento patrimonial del grupo Marsans.<\/p>\n<p>Sin embargo, el exdue\u00f1o del grupo tur\u00edstico, que lleg\u00f3 a acumular bienes por valor de 88 millones de euros, ha reiterado que no puede reunir ese dinero.<\/p>\n<p>Y no s\u00f3lo alega que no dispone de esa cantidad para abonar la fianza -que inicialmente fue de 30 millones-, sino que el pasado octubre solicit\u00f3 al Juzgado que tramit\u00f3 su concurso de acreedores que le asigne una cantidad mensual para productos alimenticios y de higiene personal \u00abindispensables y necesarios para su supervivencia\u00bb y la de su esposa.<\/p>\n<p>Recientemente, adem\u00e1s, ha reclamado al Colegio de Abogados de Madrid que le conceda el derecho a la justicia gratuita y al Juzgado de lo Mercantil n\u00famero 12 de Madrid que paralice el recurso que \u00e9l mismo interpuso ante la Audiencia Provincial de Madrid contra la sentencia que declar\u00f3 culpable el concurso de Marsans para no tener as\u00ed que hacer frente al pago de las tasas.<\/p>\n","protected":false},"excerpt":{"rendered":"<p>Madrid, 1 dic (EFE).- La Audiencia Nacional concluir\u00e1 ma\u00f1ana el juicio al expresidente de la CEOE Gerardo D\u00edaz Ferr\u00e1n por un delito de fraude fiscal en la operaci\u00f3n de compra de Aerol\u00edneas Argentinas por Air Comet, por el que la Fiscal\u00eda reclama para \u00e9l dos a\u00f1os y cuatro meses de prisi\u00f3n. Por este mismo delito [&hellip;]<\/p>\n","protected":false},"author":1,"featured_media":456503,"comment_status":"closed","ping_status":"open","sticky":false,"template":"","format":"standard","meta":{"footnotes":""},"categories":[5],"tags":[],"class_list":["post-456502","post","type-post","status-publish","format-standard","has-post-thumbnail","hentry","category-sucesos"],"aioseo_notices":[],"aioseo_head":"\n\t\t<!-- All in One SEO Pro 5.0.1 - aioseo.com -->\n\t<meta name=\"description\" content=\"Madrid, 1 dic (EFE).- La Audiencia Nacional concluir\u00e1 ma\u00f1ana el juicio al expresidente de la CEOE Gerardo D\u00edaz Ferr\u00e1n por un delito de fraude fiscal en la operaci\u00f3n de compra de Aerol\u00edneas Argentinas por Air Comet, por el que la Fiscal\u00eda reclama para \u00e9l dos a\u00f1os y cuatro meses de prisi\u00f3n. Por este mismo delito\" \/>\n\t<meta name=\"robots\" content=\"max-image-preview:large\" \/>\n\t<meta name=\"author\" content=\"El Digital de Asturias\"\/>\n\t<meta name=\"google-site-verification\" content=\"UA-38556648-1\" \/>\n\t<meta name=\"msvalidate.01\" content=\"7dfe9f3f1b24437ab69f4f2559babe99\" \/>\n\t<meta name=\"keywords\" content=\"sucesos\" \/>\n\t<link rel=\"canonical\" href=\"https:\/\/www.eldigitaldeasturias.com\/noticias\/la-audiencia-nacional-concluye-manana-el-juicio-a-diaz-ferran-por-fraude-fiscal\/\" \/>\n\t<meta name=\"generator\" content=\"All in One SEO Pro (AIOSEO) 5.0.1\" \/>\n\t\t<meta property=\"og:locale\" content=\"es_ES\" \/>\n\t\t<meta property=\"og:site_name\" content=\"El Digital de Asturias\" \/>\n\t\t<meta property=\"og:type\" content=\"article\" \/>\n\t\t<meta property=\"og:title\" content=\"La Audiencia Nacional concluye ma\u00f1ana el juicio a D\u00edaz Ferr\u00e1n por fraude fiscal - El Digital de Asturias\" \/>\n\t\t<meta property=\"og:description\" content=\"Madrid, 1 dic (EFE).- La Audiencia Nacional concluir\u00e1 ma\u00f1ana el juicio al expresidente de la CEOE Gerardo D\u00edaz Ferr\u00e1n por un delito de fraude fiscal en la operaci\u00f3n de compra de Aerol\u00edneas Argentinas por Air Comet, por el que la Fiscal\u00eda reclama para \u00e9l dos a\u00f1os y cuatro meses de prisi\u00f3n. Por este mismo delito\" \/>\n\t\t<meta property=\"og:url\" content=\"https:\/\/www.eldigitaldeasturias.com\/noticias\/la-audiencia-nacional-concluye-manana-el-juicio-a-diaz-ferran-por-fraude-fiscal\/\" \/>\n\t\t<meta property=\"article:tag\" content=\"sucesos\" \/>\n\t\t<meta property=\"article:published_time\" content=\"2013-12-01T21:11:25+00:00\" \/>\n\t\t<meta property=\"article:modified_time\" content=\"2013-12-01T21:11:25+00:00\" \/>\n\t\t<meta property=\"article:publisher\" content=\"https:\/\/facebook.com\/eldigitaldeasturias\" \/>\n\t\t<meta name=\"twitter:card\" content=\"summary_large_image\" \/>\n\t\t<meta name=\"twitter:title\" content=\"La Audiencia Nacional concluye ma\u00f1ana el juicio a D\u00edaz Ferr\u00e1n por fraude fiscal - El Digital de Asturias\" \/>\n\t\t<meta name=\"twitter:description\" content=\"Madrid, 1 dic (EFE).- La Audiencia Nacional concluir\u00e1 ma\u00f1ana el juicio al expresidente de la CEOE Gerardo D\u00edaz Ferr\u00e1n por un delito de fraude fiscal en la operaci\u00f3n de compra de Aerol\u00edneas Argentinas por Air Comet, por el que la Fiscal\u00eda reclama para \u00e9l dos a\u00f1os y cuatro meses de prisi\u00f3n. Por este mismo delito\" \/>\n\t\t<meta name=\"twitter:label1\" content=\"Escrito por\" \/>\n\t\t<meta name=\"twitter:data1\" content=\"El Digital de Asturias\" \/>\n\t\t<meta name=\"twitter:label2\" content=\"Tiempo de lectura estimado\" \/>\n\t\t<meta name=\"twitter:data2\" content=\"3 minutos\" \/>\n\t\t<script type=\"application\/ld+json\" class=\"aioseo-schema\">\n\t\t\t{\"@context\":\"https:\\\/\\\/schema.org\",\"@graph\":[{\"@type\":\"BlogPosting\",\"@id\":\"https:\\\/\\\/www.eldigitaldeasturias.com\\\/noticias\\\/la-audiencia-nacional-concluye-manana-el-juicio-a-diaz-ferran-por-fraude-fiscal\\\/#blogposting\",\"name\":\"La Audiencia Nacional concluye ma\\u00f1ana el juicio a D\\u00edaz Ferr\\u00e1n por fraude fiscal - El Digital de Asturias\",\"headline\":\"La Audiencia Nacional concluye ma\\u00f1ana el juicio a D\\u00edaz Ferr\\u00e1n por fraude fiscal\",\"author\":{\"@id\":\"https:\\\/\\\/www.eldigitaldeasturias.com\\\/noticias\\\/author\\\/admin\\\/#author\"},\"publisher\":{\"@id\":\"https:\\\/\\\/www.eldigitaldeasturias.com\\\/noticias\\\/#organization\"},\"image\":{\"@type\":\"ImageObject\",\"url\":456503},\"datePublished\":\"2013-12-01T20:11:25+01:00\",\"dateModified\":\"2013-12-01T20:11:25+01:00\",\"inLanguage\":\"es-ES\",\"mainEntityOfPage\":{\"@id\":\"https:\\\/\\\/www.eldigitaldeasturias.com\\\/noticias\\\/la-audiencia-nacional-concluye-manana-el-juicio-a-diaz-ferran-por-fraude-fiscal\\\/#webpage\"},\"isPartOf\":{\"@id\":\"https:\\\/\\\/www.eldigitaldeasturias.com\\\/noticias\\\/la-audiencia-nacional-concluye-manana-el-juicio-a-diaz-ferran-por-fraude-fiscal\\\/#webpage\"},\"articleSection\":\"Sucesos\"},{\"@type\":\"BreadcrumbList\",\"@id\":\"https:\\\/\\\/www.eldigitaldeasturias.com\\\/noticias\\\/la-audiencia-nacional-concluye-manana-el-juicio-a-diaz-ferran-por-fraude-fiscal\\\/#breadcrumblist\",\"itemListElement\":[{\"@type\":\"ListItem\",\"@id\":\"https:\\\/\\\/www.eldigitaldeasturias.com\\\/noticias#listItem\",\"position\":1,\"name\":\"Home\",\"item\":\"https:\\\/\\\/www.eldigitaldeasturias.com\\\/noticias\",\"nextItem\":{\"@type\":\"ListItem\",\"@id\":\"https:\\\/\\\/www.eldigitaldeasturias.com\\\/noticias\\\/category\\\/sucesos\\\/#listItem\",\"name\":\"Sucesos\"}},{\"@type\":\"ListItem\",\"@id\":\"https:\\\/\\\/www.eldigitaldeasturias.com\\\/noticias\\\/category\\\/sucesos\\\/#listItem\",\"position\":2,\"name\":\"Sucesos\",\"item\":\"https:\\\/\\\/www.eldigitaldeasturias.com\\\/noticias\\\/category\\\/sucesos\\\/\",\"nextItem\":{\"@type\":\"ListItem\",\"@id\":\"https:\\\/\\\/www.eldigitaldeasturias.com\\\/noticias\\\/la-audiencia-nacional-concluye-manana-el-juicio-a-diaz-ferran-por-fraude-fiscal\\\/#listItem\",\"name\":\"La Audiencia Nacional concluye ma\\u00f1ana el juicio a D\\u00edaz Ferr\\u00e1n por fraude fiscal\"},\"previousItem\":{\"@type\":\"ListItem\",\"@id\":\"https:\\\/\\\/www.eldigitaldeasturias.com\\\/noticias#listItem\",\"name\":\"Home\"}},{\"@type\":\"ListItem\",\"@id\":\"https:\\\/\\\/www.eldigitaldeasturias.com\\\/noticias\\\/la-audiencia-nacional-concluye-manana-el-juicio-a-diaz-ferran-por-fraude-fiscal\\\/#listItem\",\"position\":3,\"name\":\"La Audiencia Nacional concluye ma\\u00f1ana el juicio a D\\u00edaz Ferr\\u00e1n por fraude fiscal\",\"previousItem\":{\"@type\":\"ListItem\",\"@id\":\"https:\\\/\\\/www.eldigitaldeasturias.com\\\/noticias\\\/category\\\/sucesos\\\/#listItem\",\"name\":\"Sucesos\"}}]},{\"@type\":\"Organization\",\"@id\":\"https:\\\/\\\/www.eldigitaldeasturias.com\\\/noticias\\\/#organization\",\"name\":\"El Digital de Asturias\",\"description\":\"Hemeroteca\",\"url\":\"https:\\\/\\\/www.eldigitaldeasturias.com\\\/noticias\\\/\",\"email\":\"info@eldigitaldeasturias.com\",\"telephone\":\"+34652131393\",\"logo\":{\"@type\":\"ImageObject\",\"url\":\"https:\\\/\\\/www.eldigitaldeasturias.com\\\/noticias\\\/wp-content\\\/uploads\\\/2020\\\/12\\\/EDA.jpg\",\"@id\":\"https:\\\/\\\/www.eldigitaldeasturias.com\\\/noticias\\\/la-audiencia-nacional-concluye-manana-el-juicio-a-diaz-ferran-por-fraude-fiscal\\\/#organizationLogo\"},\"image\":{\"@id\":\"https:\\\/\\\/www.eldigitaldeasturias.com\\\/noticias\\\/la-audiencia-nacional-concluye-manana-el-juicio-a-diaz-ferran-por-fraude-fiscal\\\/#organizationLogo\"},\"sameAs\":[\"https:\\\/\\\/facebook.com\\\/eldigitaldeasturias\",\"https:\\\/\\\/www.youtube.com\\\/channel\\\/UCZP-2wLEB9Rv6erhFmqVnvg\"],\"address\":{\"@id\":\"https:\\\/\\\/www.eldigitaldeasturias.com\\\/noticias\\\/#postaladdress\",\"@type\":\"PostalAddress\",\"streetAddress\":\"san antonio 4\",\"postalCode\":\"33430\",\"addressLocality\":\"Cand\\u00e1s\",\"addressRegion\":\"Asturias\",\"addressCountry\":\"ES\"}},{\"@type\":\"Person\",\"@id\":\"https:\\\/\\\/www.eldigitaldeasturias.com\\\/noticias\\\/author\\\/admin\\\/#author\",\"url\":\"https:\\\/\\\/www.eldigitaldeasturias.com\\\/noticias\\\/author\\\/admin\\\/\",\"name\":\"El Digital de Asturias\",\"image\":{\"@type\":\"ImageObject\",\"@id\":\"https:\\\/\\\/www.eldigitaldeasturias.com\\\/noticias\\\/la-audiencia-nacional-concluye-manana-el-juicio-a-diaz-ferran-por-fraude-fiscal\\\/#authorImage\",\"url\":\"https:\\\/\\\/secure.gravatar.com\\\/avatar\\\/df2aeffc32bcd13f8d26072ef8a91b623d677766deac7f97ca815868cd41bf5e?s=96&d=mm&r=g\",\"width\":96,\"height\":96,\"caption\":\"El Digital de Asturias\"}},{\"@type\":\"WebPage\",\"@id\":\"https:\\\/\\\/www.eldigitaldeasturias.com\\\/noticias\\\/la-audiencia-nacional-concluye-manana-el-juicio-a-diaz-ferran-por-fraude-fiscal\\\/#webpage\",\"url\":\"https:\\\/\\\/www.eldigitaldeasturias.com\\\/noticias\\\/la-audiencia-nacional-concluye-manana-el-juicio-a-diaz-ferran-por-fraude-fiscal\\\/\",\"name\":\"La Audiencia Nacional concluye ma\\u00f1ana el juicio a D\\u00edaz Ferr\\u00e1n por fraude fiscal - El Digital de Asturias\",\"description\":\"Madrid, 1 dic (EFE).- La Audiencia Nacional concluir\\u00e1 ma\\u00f1ana el juicio al expresidente de la CEOE Gerardo D\\u00edaz Ferr\\u00e1n por un delito de fraude fiscal en la operaci\\u00f3n de compra de Aerol\\u00edneas Argentinas por Air Comet, por el que la Fiscal\\u00eda reclama para \\u00e9l dos a\\u00f1os y cuatro meses de prisi\\u00f3n. Por este mismo delito\",\"inLanguage\":\"es-ES\",\"isPartOf\":{\"@id\":\"https:\\\/\\\/www.eldigitaldeasturias.com\\\/noticias\\\/#website\"},\"breadcrumb\":{\"@id\":\"https:\\\/\\\/www.eldigitaldeasturias.com\\\/noticias\\\/la-audiencia-nacional-concluye-manana-el-juicio-a-diaz-ferran-por-fraude-fiscal\\\/#breadcrumblist\"},\"author\":{\"@id\":\"https:\\\/\\\/www.eldigitaldeasturias.com\\\/noticias\\\/author\\\/admin\\\/#author\"},\"creator\":{\"@id\":\"https:\\\/\\\/www.eldigitaldeasturias.com\\\/noticias\\\/author\\\/admin\\\/#author\"},\"image\":{\"@type\":\"ImageObject\",\"url\":456503,\"@id\":\"https:\\\/\\\/www.eldigitaldeasturias.com\\\/noticias\\\/la-audiencia-nacional-concluye-manana-el-juicio-a-diaz-ferran-por-fraude-fiscal\\\/#mainImage\"},\"primaryImageOfPage\":{\"@id\":\"https:\\\/\\\/www.eldigitaldeasturias.com\\\/noticias\\\/la-audiencia-nacional-concluye-manana-el-juicio-a-diaz-ferran-por-fraude-fiscal\\\/#mainImage\"},\"datePublished\":\"2013-12-01T20:11:25+01:00\",\"dateModified\":\"2013-12-01T20:11:25+01:00\"},{\"@type\":\"WebSite\",\"@id\":\"https:\\\/\\\/www.eldigitaldeasturias.com\\\/noticias\\\/#website\",\"url\":\"https:\\\/\\\/www.eldigitaldeasturias.com\\\/noticias\\\/\",\"name\":\"El Digital de Asturias - Diario de actualidad y noticias\",\"alternateName\":\"El Digital de Asturias - Diario de actualidad y noticias\",\"description\":\"Hemeroteca\",\"inLanguage\":\"es-ES\",\"publisher\":{\"@id\":\"https:\\\/\\\/www.eldigitaldeasturias.com\\\/noticias\\\/#organization\"}}]}\n\t\t<\/script>\n\t\t<!-- All in One SEO Pro -->\r\n\t\t<title>La Audiencia Nacional concluye ma\u00f1ana el juicio a D\u00edaz Ferr\u00e1n por fraude fiscal - El Digital de Asturias<\/title>\n\n","aioseo_head_json":{"title":"La Audiencia Nacional concluye ma\u00f1ana el juicio a D\u00edaz Ferr\u00e1n por fraude fiscal - El Digital de Asturias","description":"Madrid, 1 dic (EFE).- La Audiencia Nacional concluir\u00e1 ma\u00f1ana el juicio al expresidente de la CEOE Gerardo D\u00edaz Ferr\u00e1n por un delito de fraude fiscal en la operaci\u00f3n de compra de Aerol\u00edneas Argentinas por Air Comet, por el que la Fiscal\u00eda reclama para \u00e9l dos a\u00f1os y cuatro meses de prisi\u00f3n. Por este mismo delito","canonical_url":"https:\/\/www.eldigitaldeasturias.com\/noticias\/la-audiencia-nacional-concluye-manana-el-juicio-a-diaz-ferran-por-fraude-fiscal\/","robots":"max-image-preview:large","keywords":"sucesos","webmasterTools":{"google-site-verification":"UA-38556648-1","msvalidate.01":"7dfe9f3f1b24437ab69f4f2559babe99","miscellaneous":""},"schema":{"@context":"https:\/\/schema.org","@graph":[{"@type":"BlogPosting","@id":"https:\/\/www.eldigitaldeasturias.com\/noticias\/la-audiencia-nacional-concluye-manana-el-juicio-a-diaz-ferran-por-fraude-fiscal\/#blogposting","name":"La Audiencia Nacional concluye ma\u00f1ana el juicio a D\u00edaz Ferr\u00e1n por fraude fiscal - El Digital de Asturias","headline":"La Audiencia Nacional concluye ma\u00f1ana el juicio a D\u00edaz Ferr\u00e1n por fraude fiscal","author":{"@id":"https:\/\/www.eldigitaldeasturias.com\/noticias\/author\/admin\/#author"},"publisher":{"@id":"https:\/\/www.eldigitaldeasturias.com\/noticias\/#organization"},"image":{"@type":"ImageObject","url":456503},"datePublished":"2013-12-01T20:11:25+01:00","dateModified":"2013-12-01T20:11:25+01:00","inLanguage":"es-ES","mainEntityOfPage":{"@id":"https:\/\/www.eldigitaldeasturias.com\/noticias\/la-audiencia-nacional-concluye-manana-el-juicio-a-diaz-ferran-por-fraude-fiscal\/#webpage"},"isPartOf":{"@id":"https:\/\/www.eldigitaldeasturias.com\/noticias\/la-audiencia-nacional-concluye-manana-el-juicio-a-diaz-ferran-por-fraude-fiscal\/#webpage"},"articleSection":"Sucesos"},{"@type":"BreadcrumbList","@id":"https:\/\/www.eldigitaldeasturias.com\/noticias\/la-audiencia-nacional-concluye-manana-el-juicio-a-diaz-ferran-por-fraude-fiscal\/#breadcrumblist","itemListElement":[{"@type":"ListItem","@id":"https:\/\/www.eldigitaldeasturias.com\/noticias#listItem","position":1,"name":"Home","item":"https:\/\/www.eldigitaldeasturias.com\/noticias","nextItem":{"@type":"ListItem","@id":"https:\/\/www.eldigitaldeasturias.com\/noticias\/category\/sucesos\/#listItem","name":"Sucesos"}},{"@type":"ListItem","@id":"https:\/\/www.eldigitaldeasturias.com\/noticias\/category\/sucesos\/#listItem","position":2,"name":"Sucesos","item":"https:\/\/www.eldigitaldeasturias.com\/noticias\/category\/sucesos\/","nextItem":{"@type":"ListItem","@id":"https:\/\/www.eldigitaldeasturias.com\/noticias\/la-audiencia-nacional-concluye-manana-el-juicio-a-diaz-ferran-por-fraude-fiscal\/#listItem","name":"La Audiencia Nacional concluye ma\u00f1ana el juicio a D\u00edaz Ferr\u00e1n por fraude fiscal"},"previousItem":{"@type":"ListItem","@id":"https:\/\/www.eldigitaldeasturias.com\/noticias#listItem","name":"Home"}},{"@type":"ListItem","@id":"https:\/\/www.eldigitaldeasturias.com\/noticias\/la-audiencia-nacional-concluye-manana-el-juicio-a-diaz-ferran-por-fraude-fiscal\/#listItem","position":3,"name":"La Audiencia Nacional concluye ma\u00f1ana el juicio a D\u00edaz Ferr\u00e1n por fraude fiscal","previousItem":{"@type":"ListItem","@id":"https:\/\/www.eldigitaldeasturias.com\/noticias\/category\/sucesos\/#listItem","name":"Sucesos"}}]},{"@type":"Organization","@id":"https:\/\/www.eldigitaldeasturias.com\/noticias\/#organization","name":"El Digital de Asturias","description":"Hemeroteca","url":"https:\/\/www.eldigitaldeasturias.com\/noticias\/","email":"info@eldigitaldeasturias.com","telephone":"+34652131393","logo":{"@type":"ImageObject","url":"https:\/\/www.eldigitaldeasturias.com\/noticias\/wp-content\/uploads\/2020\/12\/EDA.jpg","@id":"https:\/\/www.eldigitaldeasturias.com\/noticias\/la-audiencia-nacional-concluye-manana-el-juicio-a-diaz-ferran-por-fraude-fiscal\/#organizationLogo"},"image":{"@id":"https:\/\/www.eldigitaldeasturias.com\/noticias\/la-audiencia-nacional-concluye-manana-el-juicio-a-diaz-ferran-por-fraude-fiscal\/#organizationLogo"},"sameAs":["https:\/\/facebook.com\/eldigitaldeasturias","https:\/\/www.youtube.com\/channel\/UCZP-2wLEB9Rv6erhFmqVnvg"],"address":{"@id":"https:\/\/www.eldigitaldeasturias.com\/noticias\/#postaladdress","@type":"PostalAddress","streetAddress":"san antonio 4","postalCode":"33430","addressLocality":"Cand\u00e1s","addressRegion":"Asturias","addressCountry":"ES"}},{"@type":"Person","@id":"https:\/\/www.eldigitaldeasturias.com\/noticias\/author\/admin\/#author","url":"https:\/\/www.eldigitaldeasturias.com\/noticias\/author\/admin\/","name":"El Digital de Asturias","image":{"@type":"ImageObject","@id":"https:\/\/www.eldigitaldeasturias.com\/noticias\/la-audiencia-nacional-concluye-manana-el-juicio-a-diaz-ferran-por-fraude-fiscal\/#authorImage","url":"https:\/\/secure.gravatar.com\/avatar\/df2aeffc32bcd13f8d26072ef8a91b623d677766deac7f97ca815868cd41bf5e?s=96&d=mm&r=g","width":96,"height":96,"caption":"El Digital de Asturias"}},{"@type":"WebPage","@id":"https:\/\/www.eldigitaldeasturias.com\/noticias\/la-audiencia-nacional-concluye-manana-el-juicio-a-diaz-ferran-por-fraude-fiscal\/#webpage","url":"https:\/\/www.eldigitaldeasturias.com\/noticias\/la-audiencia-nacional-concluye-manana-el-juicio-a-diaz-ferran-por-fraude-fiscal\/","name":"La Audiencia Nacional concluye ma\u00f1ana el juicio a D\u00edaz Ferr\u00e1n por fraude fiscal - El Digital de Asturias","description":"Madrid, 1 dic (EFE).- La Audiencia Nacional concluir\u00e1 ma\u00f1ana el juicio al expresidente de la CEOE Gerardo D\u00edaz Ferr\u00e1n por un delito de fraude fiscal en la operaci\u00f3n de compra de Aerol\u00edneas Argentinas por Air Comet, por el que la Fiscal\u00eda reclama para \u00e9l dos a\u00f1os y cuatro meses de prisi\u00f3n. Por este mismo delito","inLanguage":"es-ES","isPartOf":{"@id":"https:\/\/www.eldigitaldeasturias.com\/noticias\/#website"},"breadcrumb":{"@id":"https:\/\/www.eldigitaldeasturias.com\/noticias\/la-audiencia-nacional-concluye-manana-el-juicio-a-diaz-ferran-por-fraude-fiscal\/#breadcrumblist"},"author":{"@id":"https:\/\/www.eldigitaldeasturias.com\/noticias\/author\/admin\/#author"},"creator":{"@id":"https:\/\/www.eldigitaldeasturias.com\/noticias\/author\/admin\/#author"},"image":{"@type":"ImageObject","url":456503,"@id":"https:\/\/www.eldigitaldeasturias.com\/noticias\/la-audiencia-nacional-concluye-manana-el-juicio-a-diaz-ferran-por-fraude-fiscal\/#mainImage"},"primaryImageOfPage":{"@id":"https:\/\/www.eldigitaldeasturias.com\/noticias\/la-audiencia-nacional-concluye-manana-el-juicio-a-diaz-ferran-por-fraude-fiscal\/#mainImage"},"datePublished":"2013-12-01T20:11:25+01:00","dateModified":"2013-12-01T20:11:25+01:00"},{"@type":"WebSite","@id":"https:\/\/www.eldigitaldeasturias.com\/noticias\/#website","url":"https:\/\/www.eldigitaldeasturias.com\/noticias\/","name":"El Digital de Asturias - Diario de actualidad y noticias","alternateName":"El Digital de Asturias - Diario de actualidad y noticias","description":"Hemeroteca","inLanguage":"es-ES","publisher":{"@id":"https:\/\/www.eldigitaldeasturias.com\/noticias\/#organization"}}]},"og:locale":"es_ES","og:site_name":"El Digital de Asturias","og:type":"article","og:title":"La Audiencia Nacional concluye ma\u00f1ana el juicio a D\u00edaz Ferr\u00e1n por fraude fiscal - El Digital de Asturias","og:description":"Madrid, 1 dic (EFE).- La Audiencia Nacional concluir\u00e1 ma\u00f1ana el juicio al expresidente de la CEOE Gerardo D\u00edaz Ferr\u00e1n por un delito de fraude fiscal en la operaci\u00f3n de compra de Aerol\u00edneas Argentinas por Air Comet, por el que la Fiscal\u00eda reclama para \u00e9l dos a\u00f1os y cuatro meses de prisi\u00f3n. Por este mismo delito","og:url":"https:\/\/www.eldigitaldeasturias.com\/noticias\/la-audiencia-nacional-concluye-manana-el-juicio-a-diaz-ferran-por-fraude-fiscal\/","article:tag":["sucesos"],"article:published_time":"2013-12-01T21:11:25+00:00","article:modified_time":"2013-12-01T21:11:25+00:00","article:publisher":"https:\/\/facebook.com\/eldigitaldeasturias","twitter:card":"summary_large_image","twitter:title":"La Audiencia Nacional concluye ma\u00f1ana el juicio a D\u00edaz Ferr\u00e1n por fraude fiscal - El Digital de Asturias","twitter:description":"Madrid, 1 dic (EFE).- La Audiencia Nacional concluir\u00e1 ma\u00f1ana el juicio al expresidente de la CEOE Gerardo D\u00edaz Ferr\u00e1n por un delito de fraude fiscal en la operaci\u00f3n de compra de Aerol\u00edneas Argentinas por Air Comet, por el que la Fiscal\u00eda reclama para \u00e9l dos a\u00f1os y cuatro meses de prisi\u00f3n. Por este mismo delito","twitter:label1":"Escrito por","twitter:data1":"El Digital de Asturias","twitter:label2":"Tiempo de lectura estimado","twitter:data2":"3 minutos"},"aioseo_meta_data":{"post_id":"456502","title":null,"description":null,"keywords":null,"keyphrases":null,"primary_term":null,"canonical_url":null,"og_title":null,"og_description":null,"og_object_type":"default","og_image_type":"default","og_image_url":null,"og_image_width":null,"og_image_height":null,"og_image_custom_url":null,"og_image_custom_fields":null,"og_video":null,"og_custom_url":null,"og_article_section":null,"og_article_tags":null,"twitter_use_og":true,"twitter_card":"default","twitter_image_type":"default","twitter_image_url":null,"twitter_image_custom_url":null,"twitter_image_custom_fields":null,"twitter_title":null,"twitter_description":null,"schema":{"blockGraphs":[],"customGraphs":[],"default":{"data":{"Article":[],"Course":[],"Dataset":[],"FAQPage":[],"Movie":[],"Person":[],"Product":[],"ProductReview":[],"Car":[],"Recipe":[],"Service":[],"SoftwareApplication":[],"WebPage":[]},"graphName":"","isEnabled":true},"graphs":[],"defaultGraph":"","defaultPostTypeGraph":""},"schema_type":null,"schema_type_options":null,"pillar_content":false,"robots_default":true,"robots_noindex":false,"robots_noarchive":false,"robots_nosnippet":false,"robots_nofollow":false,"robots_noimageindex":false,"robots_noodp":false,"robots_notranslate":false,"robots_max_snippet":null,"robots_max_videopreview":null,"robots_max_imagepreview":"none","priority":null,"frequency":null,"local_seo":null,"seo_analyzer_scan_date":"2026-05-29 22:13:09","breadcrumb_settings":null,"limit_modified_date":false,"open_ai":null,"ai":null,"created":"2020-11-14 22:45:59","updated":"2026-05-29 22:13:09","focus_keyword":null,"additional_keywords":null,"truseo_locale":null},"aioseo_breadcrumb":"<div class=\"aioseo-breadcrumbs\"><span class=\"aioseo-breadcrumb\">\n\t<a href=\"https:\/\/www.eldigitaldeasturias.com\/noticias\" title=\"Home\">Home<\/a>\n<\/span><span class=\"aioseo-breadcrumb-separator\">\u2013<\/span><span class=\"aioseo-breadcrumb\">\n\t<a href=\"https:\/\/www.eldigitaldeasturias.com\/noticias\/category\/sucesos\/\" title=\"Sucesos\">Sucesos<\/a>\n<\/span><span class=\"aioseo-breadcrumb-separator\">\u2013<\/span><span class=\"aioseo-breadcrumb\">\n\t<a href=\"https:\/\/www.eldigitaldeasturias.com\/noticias\/la-audiencia-nacional-concluye-manana-el-juicio-a-diaz-ferran-por-fraude-fiscal\/\" title=\"La Audiencia Nacional concluye ma\u00f1ana el juicio a D\u00edaz Ferr\u00e1n por fraude fiscal\">La Audiencia Nacional concluye ma\u00f1ana el juicio a D\u00edaz Ferr\u00e1n por fraude fiscal<\/a>\n<\/span><\/div>","aioseo_breadcrumb_json":[{"label":"Home","link":"https:\/\/www.eldigitaldeasturias.com\/noticias"},{"label":"Sucesos","link":"https:\/\/www.eldigitaldeasturias.com\/noticias\/category\/sucesos\/"},{"label":"La Audiencia Nacional concluye ma\u00f1ana el juicio a D\u00edaz Ferr\u00e1n por fraude fiscal","link":"https:\/\/www.eldigitaldeasturias.com\/noticias\/la-audiencia-nacional-concluye-manana-el-juicio-a-diaz-ferran-por-fraude-fiscal\/"}],"_links":{"self":[{"href":"https:\/\/www.eldigitaldeasturias.com\/noticias\/wp-json\/wp\/v2\/posts\/456502","targetHints":{"allow":["GET"]}}],"collection":[{"href":"https:\/\/www.eldigitaldeasturias.com\/noticias\/wp-json\/wp\/v2\/posts"}],"about":[{"href":"https:\/\/www.eldigitaldeasturias.com\/noticias\/wp-json\/wp\/v2\/types\/post"}],"author":[{"embeddable":true,"href":"https:\/\/www.eldigitaldeasturias.com\/noticias\/wp-json\/wp\/v2\/users\/1"}],"replies":[{"embeddable":true,"href":"https:\/\/www.eldigitaldeasturias.com\/noticias\/wp-json\/wp\/v2\/comments?post=456502"}],"version-history":[{"count":0,"href":"https:\/\/www.eldigitaldeasturias.com\/noticias\/wp-json\/wp\/v2\/posts\/456502\/revisions"}],"wp:attachment":[{"href":"https:\/\/www.eldigitaldeasturias.com\/noticias\/wp-json\/wp\/v2\/media?parent=456502"}],"wp:term":[{"taxonomy":"category","embeddable":true,"href":"https:\/\/www.eldigitaldeasturias.com\/noticias\/wp-json\/wp\/v2\/categories?post=456502"},{"taxonomy":"post_tag","embeddable":true,"href":"https:\/\/www.eldigitaldeasturias.com\/noticias\/wp-json\/wp\/v2\/tags?post=456502"}],"curies":[{"name":"wp","href":"https:\/\/api.w.org\/{rel}","templated":true}]}}