{"id":456496,"date":"2013-12-01T20:08:48","date_gmt":"2013-12-01T21:08:48","guid":{"rendered":"http:\/\/www.eldigitaldeasturias.com\/noticias\/?p=456496"},"modified":"2013-12-01T20:08:48","modified_gmt":"2013-12-01T21:08:48","slug":"el-supremo-condena-a-un-abogado-a-pagar-268-000-euros-por-negligencia","status":"publish","type":"post","link":"https:\/\/www.eldigitaldeasturias.com\/noticias\/el-supremo-condena-a-un-abogado-a-pagar-268-000-euros-por-negligencia\/","title":{"rendered":"El Supremo condena a un abogado a pagar 268.000 euros por negligencia"},"content":{"rendered":"<p><img loading=\"lazy\" decoding=\"async\" class=\"alignleft size-medium wp-image-456497\" alt=\"5764570w\" src=\"https:\/\/www.eldigitaldeasturias.com\/noticias\/wp-content\/uploads\/2013\/12\/5764570w-360x239.jpg\" width=\"360\" height=\"239\" \/>Madrid, 1 dic (EFE).- Un abogado palentino que cometi\u00f3 una negligencia en la reclamaci\u00f3n de una indemnizaci\u00f3n por accidente de su defendida deber\u00e1 indemnizar a \u00e9sta con un total de 268.000 euros, que deber\u00e1n compensar no s\u00f3lo la propia negligencia, sino tambi\u00e9n la mitad de la indemnizaci\u00f3n que ella perdi\u00f3.<\/p>\n<p>As\u00ed lo ha dictaminado el Tribunal Supremo en una sentencia que impone el pago de 350.000 euros de manera solidaria entre la aseguradora Arch Insurance Company y el abogado Antonio Luiz V., pago que se sumar\u00e1 a la citada indemnizaci\u00f3n por negligencia, lo que supone una carga total para el letrado de 268.000 euros.<\/p>\n<p>Ver\u00f3nica N.G. encarg\u00f3 en 2006 a Antonio Luis V., como abogado suyo, su defensa en el procedimiento de reclamaci\u00f3n de indemnizaci\u00f3n por accidente de tr\u00e1fico y sus consecuencias, entre ellas la adaptaci\u00f3n de su vivienda para permitir habitarla despu\u00e9s del estado f\u00edsico en el que la v\u00edctima qued\u00f3 tras el siniestro.<\/p>\n<p>La reclamaci\u00f3n fracas\u00f3 por la mala praxis del letrado y as\u00ed lo reconoce el Supremo cuando dice que lo planteado por el abogado como estrategia procesal \u00abno es m\u00e1s que una actuaci\u00f3n negligente\u00bb por su parte \u00abque tuvo repercusiones indudablemente negativas para su cliente\u00bb.<\/p>\n<p>El abogado no lleg\u00f3 a plantear las reclamaciones a las que ten\u00eda derecho la v\u00edctima del accidente, resalta el Supremo, quien recuerda los errores del letrado en el manejo de los baremos adecuados para el caso: \u00abse han incumplido las reglas del oficio y se ha causado un da\u00f1o, causalmente vinculado a la conducta del abogado, y as\u00ed queda acreditado\u00bb, concluye el tribunal.<\/p>\n<p>Estos argumentos llevan al alto tribunal a confirmar la sentencia de la Audiencia Provincial de Palencia que conden\u00f3 a la aseguradora y al abogado, demandados por la v\u00edctima del accidente, a pagar solidariamente los 350.000 euros que debi\u00f3 recibir como compensaci\u00f3n por el siniestro; y al letrado, adem\u00e1s, a abonar 93.277 euros por negligencia en su actuaci\u00f3n.<\/p>\n","protected":false},"excerpt":{"rendered":"<p>Madrid, 1 dic (EFE).- Un abogado palentino que cometi\u00f3 una negligencia en la reclamaci\u00f3n de una indemnizaci\u00f3n por accidente de su defendida deber\u00e1 indemnizar a \u00e9sta con un total de 268.000 euros, que deber\u00e1n compensar no s\u00f3lo la propia negligencia, sino tambi\u00e9n la mitad de la indemnizaci\u00f3n que ella perdi\u00f3. As\u00ed lo ha dictaminado el [&hellip;]<\/p>\n","protected":false},"author":1,"featured_media":456497,"comment_status":"closed","ping_status":"open","sticky":false,"template":"","format":"standard","meta":{"footnotes":""},"categories":[5],"tags":[],"class_list":["post-456496","post","type-post","status-publish","format-standard","has-post-thumbnail","hentry","category-sucesos"],"aioseo_notices":[],"aioseo_head":"\n\t\t<!-- All in One SEO Pro 5.0.1 - aioseo.com -->\n\t<meta name=\"description\" content=\"Madrid, 1 dic (EFE).- Un abogado palentino que cometi\u00f3 una negligencia en la reclamaci\u00f3n de una indemnizaci\u00f3n por accidente de su defendida deber\u00e1 indemnizar a \u00e9sta con un total de 268.000 euros, que deber\u00e1n compensar no s\u00f3lo la propia negligencia, sino tambi\u00e9n la mitad de la indemnizaci\u00f3n que ella perdi\u00f3. As\u00ed lo ha dictaminado el\" \/>\n\t<meta name=\"robots\" content=\"max-image-preview:large\" \/>\n\t<meta name=\"author\" content=\"El Digital de Asturias\"\/>\n\t<meta name=\"google-site-verification\" content=\"UA-38556648-1\" \/>\n\t<meta name=\"msvalidate.01\" content=\"7dfe9f3f1b24437ab69f4f2559babe99\" \/>\n\t<meta name=\"keywords\" content=\"sucesos\" \/>\n\t<link rel=\"canonical\" href=\"https:\/\/www.eldigitaldeasturias.com\/noticias\/el-supremo-condena-a-un-abogado-a-pagar-268-000-euros-por-negligencia\/\" \/>\n\t<meta name=\"generator\" content=\"All in One SEO Pro (AIOSEO) 5.0.1\" \/>\n\t\t<meta property=\"og:locale\" content=\"es_ES\" \/>\n\t\t<meta property=\"og:site_name\" content=\"El Digital de Asturias\" \/>\n\t\t<meta property=\"og:type\" content=\"article\" \/>\n\t\t<meta property=\"og:title\" content=\"El Supremo condena a un abogado a pagar 268.000 euros por negligencia - El Digital de Asturias\" \/>\n\t\t<meta property=\"og:description\" content=\"Madrid, 1 dic (EFE).- Un abogado palentino que cometi\u00f3 una negligencia en la reclamaci\u00f3n de una indemnizaci\u00f3n por accidente de su defendida deber\u00e1 indemnizar a \u00e9sta con un total de 268.000 euros, que deber\u00e1n compensar no s\u00f3lo la propia negligencia, sino tambi\u00e9n la mitad de la indemnizaci\u00f3n que ella perdi\u00f3. As\u00ed lo ha dictaminado el\" \/>\n\t\t<meta property=\"og:url\" content=\"https:\/\/www.eldigitaldeasturias.com\/noticias\/el-supremo-condena-a-un-abogado-a-pagar-268-000-euros-por-negligencia\/\" \/>\n\t\t<meta property=\"article:tag\" content=\"sucesos\" \/>\n\t\t<meta property=\"article:published_time\" content=\"2013-12-01T21:08:48+00:00\" \/>\n\t\t<meta property=\"article:modified_time\" content=\"2013-12-01T21:08:48+00:00\" \/>\n\t\t<meta property=\"article:publisher\" content=\"https:\/\/facebook.com\/eldigitaldeasturias\" \/>\n\t\t<meta name=\"twitter:card\" content=\"summary_large_image\" \/>\n\t\t<meta name=\"twitter:title\" content=\"El Supremo condena a un abogado a pagar 268.000 euros por negligencia - El Digital de Asturias\" \/>\n\t\t<meta name=\"twitter:description\" content=\"Madrid, 1 dic (EFE).- Un abogado palentino que cometi\u00f3 una negligencia en la reclamaci\u00f3n de una indemnizaci\u00f3n por accidente de su defendida deber\u00e1 indemnizar a \u00e9sta con un total de 268.000 euros, que deber\u00e1n compensar no s\u00f3lo la propia negligencia, sino tambi\u00e9n la mitad de la indemnizaci\u00f3n que ella perdi\u00f3. As\u00ed lo ha dictaminado el\" \/>\n\t\t<meta name=\"twitter:label1\" content=\"Escrito por\" \/>\n\t\t<meta name=\"twitter:data1\" content=\"El Digital de Asturias\" \/>\n\t\t<meta name=\"twitter:label2\" content=\"Tiempo de lectura estimado\" \/>\n\t\t<meta name=\"twitter:data2\" content=\"2 minutos\" \/>\n\t\t<script type=\"application\/ld+json\" class=\"aioseo-schema\">\n\t\t\t{\"@context\":\"https:\\\/\\\/schema.org\",\"@graph\":[{\"@type\":\"BlogPosting\",\"@id\":\"https:\\\/\\\/www.eldigitaldeasturias.com\\\/noticias\\\/el-supremo-condena-a-un-abogado-a-pagar-268-000-euros-por-negligencia\\\/#blogposting\",\"name\":\"El Supremo condena a un abogado a pagar 268.000 euros por negligencia - El Digital de Asturias\",\"headline\":\"El Supremo condena a un abogado a pagar 268.000 euros por negligencia\",\"author\":{\"@id\":\"https:\\\/\\\/www.eldigitaldeasturias.com\\\/noticias\\\/author\\\/admin\\\/#author\"},\"publisher\":{\"@id\":\"https:\\\/\\\/www.eldigitaldeasturias.com\\\/noticias\\\/#organization\"},\"image\":{\"@type\":\"ImageObject\",\"url\":456497},\"datePublished\":\"2013-12-01T20:08:48+01:00\",\"dateModified\":\"2013-12-01T20:08:48+01:00\",\"inLanguage\":\"es-ES\",\"mainEntityOfPage\":{\"@id\":\"https:\\\/\\\/www.eldigitaldeasturias.com\\\/noticias\\\/el-supremo-condena-a-un-abogado-a-pagar-268-000-euros-por-negligencia\\\/#webpage\"},\"isPartOf\":{\"@id\":\"https:\\\/\\\/www.eldigitaldeasturias.com\\\/noticias\\\/el-supremo-condena-a-un-abogado-a-pagar-268-000-euros-por-negligencia\\\/#webpage\"},\"articleSection\":\"Sucesos\"},{\"@type\":\"BreadcrumbList\",\"@id\":\"https:\\\/\\\/www.eldigitaldeasturias.com\\\/noticias\\\/el-supremo-condena-a-un-abogado-a-pagar-268-000-euros-por-negligencia\\\/#breadcrumblist\",\"itemListElement\":[{\"@type\":\"ListItem\",\"@id\":\"https:\\\/\\\/www.eldigitaldeasturias.com\\\/noticias#listItem\",\"position\":1,\"name\":\"Home\",\"item\":\"https:\\\/\\\/www.eldigitaldeasturias.com\\\/noticias\",\"nextItem\":{\"@type\":\"ListItem\",\"@id\":\"https:\\\/\\\/www.eldigitaldeasturias.com\\\/noticias\\\/category\\\/sucesos\\\/#listItem\",\"name\":\"Sucesos\"}},{\"@type\":\"ListItem\",\"@id\":\"https:\\\/\\\/www.eldigitaldeasturias.com\\\/noticias\\\/category\\\/sucesos\\\/#listItem\",\"position\":2,\"name\":\"Sucesos\",\"item\":\"https:\\\/\\\/www.eldigitaldeasturias.com\\\/noticias\\\/category\\\/sucesos\\\/\",\"nextItem\":{\"@type\":\"ListItem\",\"@id\":\"https:\\\/\\\/www.eldigitaldeasturias.com\\\/noticias\\\/el-supremo-condena-a-un-abogado-a-pagar-268-000-euros-por-negligencia\\\/#listItem\",\"name\":\"El Supremo condena a un abogado a pagar 268.000 euros por negligencia\"},\"previousItem\":{\"@type\":\"ListItem\",\"@id\":\"https:\\\/\\\/www.eldigitaldeasturias.com\\\/noticias#listItem\",\"name\":\"Home\"}},{\"@type\":\"ListItem\",\"@id\":\"https:\\\/\\\/www.eldigitaldeasturias.com\\\/noticias\\\/el-supremo-condena-a-un-abogado-a-pagar-268-000-euros-por-negligencia\\\/#listItem\",\"position\":3,\"name\":\"El Supremo condena a un abogado a pagar 268.000 euros por negligencia\",\"previousItem\":{\"@type\":\"ListItem\",\"@id\":\"https:\\\/\\\/www.eldigitaldeasturias.com\\\/noticias\\\/category\\\/sucesos\\\/#listItem\",\"name\":\"Sucesos\"}}]},{\"@type\":\"Organization\",\"@id\":\"https:\\\/\\\/www.eldigitaldeasturias.com\\\/noticias\\\/#organization\",\"name\":\"El Digital de Asturias\",\"description\":\"Hemeroteca\",\"url\":\"https:\\\/\\\/www.eldigitaldeasturias.com\\\/noticias\\\/\",\"email\":\"info@eldigitaldeasturias.com\",\"telephone\":\"+34652131393\",\"logo\":{\"@type\":\"ImageObject\",\"url\":\"https:\\\/\\\/www.eldigitaldeasturias.com\\\/noticias\\\/wp-content\\\/uploads\\\/2020\\\/12\\\/EDA.jpg\",\"@id\":\"https:\\\/\\\/www.eldigitaldeasturias.com\\\/noticias\\\/el-supremo-condena-a-un-abogado-a-pagar-268-000-euros-por-negligencia\\\/#organizationLogo\"},\"image\":{\"@id\":\"https:\\\/\\\/www.eldigitaldeasturias.com\\\/noticias\\\/el-supremo-condena-a-un-abogado-a-pagar-268-000-euros-por-negligencia\\\/#organizationLogo\"},\"sameAs\":[\"https:\\\/\\\/facebook.com\\\/eldigitaldeasturias\",\"https:\\\/\\\/www.youtube.com\\\/channel\\\/UCZP-2wLEB9Rv6erhFmqVnvg\"],\"address\":{\"@id\":\"https:\\\/\\\/www.eldigitaldeasturias.com\\\/noticias\\\/#postaladdress\",\"@type\":\"PostalAddress\",\"streetAddress\":\"san antonio 4\",\"postalCode\":\"33430\",\"addressLocality\":\"Cand\\u00e1s\",\"addressRegion\":\"Asturias\",\"addressCountry\":\"ES\"}},{\"@type\":\"Person\",\"@id\":\"https:\\\/\\\/www.eldigitaldeasturias.com\\\/noticias\\\/author\\\/admin\\\/#author\",\"url\":\"https:\\\/\\\/www.eldigitaldeasturias.com\\\/noticias\\\/author\\\/admin\\\/\",\"name\":\"El Digital de Asturias\",\"image\":{\"@type\":\"ImageObject\",\"@id\":\"https:\\\/\\\/www.eldigitaldeasturias.com\\\/noticias\\\/el-supremo-condena-a-un-abogado-a-pagar-268-000-euros-por-negligencia\\\/#authorImage\",\"url\":\"https:\\\/\\\/secure.gravatar.com\\\/avatar\\\/df2aeffc32bcd13f8d26072ef8a91b623d677766deac7f97ca815868cd41bf5e?s=96&d=mm&r=g\",\"width\":96,\"height\":96,\"caption\":\"El Digital de Asturias\"}},{\"@type\":\"WebPage\",\"@id\":\"https:\\\/\\\/www.eldigitaldeasturias.com\\\/noticias\\\/el-supremo-condena-a-un-abogado-a-pagar-268-000-euros-por-negligencia\\\/#webpage\",\"url\":\"https:\\\/\\\/www.eldigitaldeasturias.com\\\/noticias\\\/el-supremo-condena-a-un-abogado-a-pagar-268-000-euros-por-negligencia\\\/\",\"name\":\"El Supremo condena a un abogado a pagar 268.000 euros por negligencia - El Digital de Asturias\",\"description\":\"Madrid, 1 dic (EFE).- Un abogado palentino que cometi\\u00f3 una negligencia en la reclamaci\\u00f3n de una indemnizaci\\u00f3n por accidente de su defendida deber\\u00e1 indemnizar a \\u00e9sta con un total de 268.000 euros, que deber\\u00e1n compensar no s\\u00f3lo la propia negligencia, sino tambi\\u00e9n la mitad de la indemnizaci\\u00f3n que ella perdi\\u00f3. As\\u00ed lo ha dictaminado el\",\"inLanguage\":\"es-ES\",\"isPartOf\":{\"@id\":\"https:\\\/\\\/www.eldigitaldeasturias.com\\\/noticias\\\/#website\"},\"breadcrumb\":{\"@id\":\"https:\\\/\\\/www.eldigitaldeasturias.com\\\/noticias\\\/el-supremo-condena-a-un-abogado-a-pagar-268-000-euros-por-negligencia\\\/#breadcrumblist\"},\"author\":{\"@id\":\"https:\\\/\\\/www.eldigitaldeasturias.com\\\/noticias\\\/author\\\/admin\\\/#author\"},\"creator\":{\"@id\":\"https:\\\/\\\/www.eldigitaldeasturias.com\\\/noticias\\\/author\\\/admin\\\/#author\"},\"image\":{\"@type\":\"ImageObject\",\"url\":456497,\"@id\":\"https:\\\/\\\/www.eldigitaldeasturias.com\\\/noticias\\\/el-supremo-condena-a-un-abogado-a-pagar-268-000-euros-por-negligencia\\\/#mainImage\"},\"primaryImageOfPage\":{\"@id\":\"https:\\\/\\\/www.eldigitaldeasturias.com\\\/noticias\\\/el-supremo-condena-a-un-abogado-a-pagar-268-000-euros-por-negligencia\\\/#mainImage\"},\"datePublished\":\"2013-12-01T20:08:48+01:00\",\"dateModified\":\"2013-12-01T20:08:48+01:00\"},{\"@type\":\"WebSite\",\"@id\":\"https:\\\/\\\/www.eldigitaldeasturias.com\\\/noticias\\\/#website\",\"url\":\"https:\\\/\\\/www.eldigitaldeasturias.com\\\/noticias\\\/\",\"name\":\"El Digital de Asturias - Diario de actualidad y noticias\",\"alternateName\":\"El Digital de Asturias - Diario de actualidad y noticias\",\"description\":\"Hemeroteca\",\"inLanguage\":\"es-ES\",\"publisher\":{\"@id\":\"https:\\\/\\\/www.eldigitaldeasturias.com\\\/noticias\\\/#organization\"}}]}\n\t\t<\/script>\n\t\t<!-- All in One SEO Pro -->\r\n\t\t<title>El Supremo condena a un abogado a pagar 268.000 euros por negligencia - El Digital de Asturias<\/title>\n\n","aioseo_head_json":{"title":"El Supremo condena a un abogado a pagar 268.000 euros por negligencia - El Digital de Asturias","description":"Madrid, 1 dic (EFE).- Un abogado palentino que cometi\u00f3 una negligencia en la reclamaci\u00f3n de una indemnizaci\u00f3n por accidente de su defendida deber\u00e1 indemnizar a \u00e9sta con un total de 268.000 euros, que deber\u00e1n compensar no s\u00f3lo la propia negligencia, sino tambi\u00e9n la mitad de la indemnizaci\u00f3n que ella perdi\u00f3. As\u00ed lo ha dictaminado el","canonical_url":"https:\/\/www.eldigitaldeasturias.com\/noticias\/el-supremo-condena-a-un-abogado-a-pagar-268-000-euros-por-negligencia\/","robots":"max-image-preview:large","keywords":"sucesos","webmasterTools":{"google-site-verification":"UA-38556648-1","msvalidate.01":"7dfe9f3f1b24437ab69f4f2559babe99","miscellaneous":""},"schema":{"@context":"https:\/\/schema.org","@graph":[{"@type":"BlogPosting","@id":"https:\/\/www.eldigitaldeasturias.com\/noticias\/el-supremo-condena-a-un-abogado-a-pagar-268-000-euros-por-negligencia\/#blogposting","name":"El Supremo condena a un abogado a pagar 268.000 euros por negligencia - El Digital de Asturias","headline":"El Supremo condena a un abogado a pagar 268.000 euros por negligencia","author":{"@id":"https:\/\/www.eldigitaldeasturias.com\/noticias\/author\/admin\/#author"},"publisher":{"@id":"https:\/\/www.eldigitaldeasturias.com\/noticias\/#organization"},"image":{"@type":"ImageObject","url":456497},"datePublished":"2013-12-01T20:08:48+01:00","dateModified":"2013-12-01T20:08:48+01:00","inLanguage":"es-ES","mainEntityOfPage":{"@id":"https:\/\/www.eldigitaldeasturias.com\/noticias\/el-supremo-condena-a-un-abogado-a-pagar-268-000-euros-por-negligencia\/#webpage"},"isPartOf":{"@id":"https:\/\/www.eldigitaldeasturias.com\/noticias\/el-supremo-condena-a-un-abogado-a-pagar-268-000-euros-por-negligencia\/#webpage"},"articleSection":"Sucesos"},{"@type":"BreadcrumbList","@id":"https:\/\/www.eldigitaldeasturias.com\/noticias\/el-supremo-condena-a-un-abogado-a-pagar-268-000-euros-por-negligencia\/#breadcrumblist","itemListElement":[{"@type":"ListItem","@id":"https:\/\/www.eldigitaldeasturias.com\/noticias#listItem","position":1,"name":"Home","item":"https:\/\/www.eldigitaldeasturias.com\/noticias","nextItem":{"@type":"ListItem","@id":"https:\/\/www.eldigitaldeasturias.com\/noticias\/category\/sucesos\/#listItem","name":"Sucesos"}},{"@type":"ListItem","@id":"https:\/\/www.eldigitaldeasturias.com\/noticias\/category\/sucesos\/#listItem","position":2,"name":"Sucesos","item":"https:\/\/www.eldigitaldeasturias.com\/noticias\/category\/sucesos\/","nextItem":{"@type":"ListItem","@id":"https:\/\/www.eldigitaldeasturias.com\/noticias\/el-supremo-condena-a-un-abogado-a-pagar-268-000-euros-por-negligencia\/#listItem","name":"El Supremo condena a un abogado a pagar 268.000 euros por negligencia"},"previousItem":{"@type":"ListItem","@id":"https:\/\/www.eldigitaldeasturias.com\/noticias#listItem","name":"Home"}},{"@type":"ListItem","@id":"https:\/\/www.eldigitaldeasturias.com\/noticias\/el-supremo-condena-a-un-abogado-a-pagar-268-000-euros-por-negligencia\/#listItem","position":3,"name":"El Supremo condena a un abogado a pagar 268.000 euros por negligencia","previousItem":{"@type":"ListItem","@id":"https:\/\/www.eldigitaldeasturias.com\/noticias\/category\/sucesos\/#listItem","name":"Sucesos"}}]},{"@type":"Organization","@id":"https:\/\/www.eldigitaldeasturias.com\/noticias\/#organization","name":"El Digital de Asturias","description":"Hemeroteca","url":"https:\/\/www.eldigitaldeasturias.com\/noticias\/","email":"info@eldigitaldeasturias.com","telephone":"+34652131393","logo":{"@type":"ImageObject","url":"https:\/\/www.eldigitaldeasturias.com\/noticias\/wp-content\/uploads\/2020\/12\/EDA.jpg","@id":"https:\/\/www.eldigitaldeasturias.com\/noticias\/el-supremo-condena-a-un-abogado-a-pagar-268-000-euros-por-negligencia\/#organizationLogo"},"image":{"@id":"https:\/\/www.eldigitaldeasturias.com\/noticias\/el-supremo-condena-a-un-abogado-a-pagar-268-000-euros-por-negligencia\/#organizationLogo"},"sameAs":["https:\/\/facebook.com\/eldigitaldeasturias","https:\/\/www.youtube.com\/channel\/UCZP-2wLEB9Rv6erhFmqVnvg"],"address":{"@id":"https:\/\/www.eldigitaldeasturias.com\/noticias\/#postaladdress","@type":"PostalAddress","streetAddress":"san antonio 4","postalCode":"33430","addressLocality":"Cand\u00e1s","addressRegion":"Asturias","addressCountry":"ES"}},{"@type":"Person","@id":"https:\/\/www.eldigitaldeasturias.com\/noticias\/author\/admin\/#author","url":"https:\/\/www.eldigitaldeasturias.com\/noticias\/author\/admin\/","name":"El Digital de Asturias","image":{"@type":"ImageObject","@id":"https:\/\/www.eldigitaldeasturias.com\/noticias\/el-supremo-condena-a-un-abogado-a-pagar-268-000-euros-por-negligencia\/#authorImage","url":"https:\/\/secure.gravatar.com\/avatar\/df2aeffc32bcd13f8d26072ef8a91b623d677766deac7f97ca815868cd41bf5e?s=96&d=mm&r=g","width":96,"height":96,"caption":"El Digital de Asturias"}},{"@type":"WebPage","@id":"https:\/\/www.eldigitaldeasturias.com\/noticias\/el-supremo-condena-a-un-abogado-a-pagar-268-000-euros-por-negligencia\/#webpage","url":"https:\/\/www.eldigitaldeasturias.com\/noticias\/el-supremo-condena-a-un-abogado-a-pagar-268-000-euros-por-negligencia\/","name":"El Supremo condena a un abogado a pagar 268.000 euros por negligencia - El Digital de Asturias","description":"Madrid, 1 dic (EFE).- Un abogado palentino que cometi\u00f3 una negligencia en la reclamaci\u00f3n de una indemnizaci\u00f3n por accidente de su defendida deber\u00e1 indemnizar a \u00e9sta con un total de 268.000 euros, que deber\u00e1n compensar no s\u00f3lo la propia negligencia, sino tambi\u00e9n la mitad de la indemnizaci\u00f3n que ella perdi\u00f3. As\u00ed lo ha dictaminado el","inLanguage":"es-ES","isPartOf":{"@id":"https:\/\/www.eldigitaldeasturias.com\/noticias\/#website"},"breadcrumb":{"@id":"https:\/\/www.eldigitaldeasturias.com\/noticias\/el-supremo-condena-a-un-abogado-a-pagar-268-000-euros-por-negligencia\/#breadcrumblist"},"author":{"@id":"https:\/\/www.eldigitaldeasturias.com\/noticias\/author\/admin\/#author"},"creator":{"@id":"https:\/\/www.eldigitaldeasturias.com\/noticias\/author\/admin\/#author"},"image":{"@type":"ImageObject","url":456497,"@id":"https:\/\/www.eldigitaldeasturias.com\/noticias\/el-supremo-condena-a-un-abogado-a-pagar-268-000-euros-por-negligencia\/#mainImage"},"primaryImageOfPage":{"@id":"https:\/\/www.eldigitaldeasturias.com\/noticias\/el-supremo-condena-a-un-abogado-a-pagar-268-000-euros-por-negligencia\/#mainImage"},"datePublished":"2013-12-01T20:08:48+01:00","dateModified":"2013-12-01T20:08:48+01:00"},{"@type":"WebSite","@id":"https:\/\/www.eldigitaldeasturias.com\/noticias\/#website","url":"https:\/\/www.eldigitaldeasturias.com\/noticias\/","name":"El Digital de Asturias - Diario de actualidad y noticias","alternateName":"El Digital de Asturias - Diario de actualidad y noticias","description":"Hemeroteca","inLanguage":"es-ES","publisher":{"@id":"https:\/\/www.eldigitaldeasturias.com\/noticias\/#organization"}}]},"og:locale":"es_ES","og:site_name":"El Digital de Asturias","og:type":"article","og:title":"El Supremo condena a un abogado a pagar 268.000 euros por negligencia - El Digital de Asturias","og:description":"Madrid, 1 dic (EFE).- Un abogado palentino que cometi\u00f3 una negligencia en la reclamaci\u00f3n de una indemnizaci\u00f3n por accidente de su defendida deber\u00e1 indemnizar a \u00e9sta con un total de 268.000 euros, que deber\u00e1n compensar no s\u00f3lo la propia negligencia, sino tambi\u00e9n la mitad de la indemnizaci\u00f3n que ella perdi\u00f3. As\u00ed lo ha dictaminado el","og:url":"https:\/\/www.eldigitaldeasturias.com\/noticias\/el-supremo-condena-a-un-abogado-a-pagar-268-000-euros-por-negligencia\/","article:tag":["sucesos"],"article:published_time":"2013-12-01T21:08:48+00:00","article:modified_time":"2013-12-01T21:08:48+00:00","article:publisher":"https:\/\/facebook.com\/eldigitaldeasturias","twitter:card":"summary_large_image","twitter:title":"El Supremo condena a un abogado a pagar 268.000 euros por negligencia - El Digital de Asturias","twitter:description":"Madrid, 1 dic (EFE).- Un abogado palentino que cometi\u00f3 una negligencia en la reclamaci\u00f3n de una indemnizaci\u00f3n por accidente de su defendida deber\u00e1 indemnizar a \u00e9sta con un total de 268.000 euros, que deber\u00e1n compensar no s\u00f3lo la propia negligencia, sino tambi\u00e9n la mitad de la indemnizaci\u00f3n que ella perdi\u00f3. As\u00ed lo ha dictaminado el","twitter:label1":"Escrito por","twitter:data1":"El Digital de Asturias","twitter:label2":"Tiempo de lectura estimado","twitter:data2":"2 minutos"},"aioseo_meta_data":{"post_id":"456496","title":null,"description":null,"keywords":null,"keyphrases":null,"primary_term":null,"canonical_url":null,"og_title":null,"og_description":null,"og_object_type":"default","og_image_type":"default","og_image_url":null,"og_image_width":null,"og_image_height":null,"og_image_custom_url":null,"og_image_custom_fields":null,"og_video":null,"og_custom_url":null,"og_article_section":null,"og_article_tags":null,"twitter_use_og":true,"twitter_card":"default","twitter_image_type":"default","twitter_image_url":null,"twitter_image_custom_url":null,"twitter_image_custom_fields":null,"twitter_title":null,"twitter_description":null,"schema":{"blockGraphs":[],"customGraphs":[],"default":{"data":{"Article":[],"Course":[],"Dataset":[],"FAQPage":[],"Movie":[],"Person":[],"Product":[],"ProductReview":[],"Car":[],"Recipe":[],"Service":[],"SoftwareApplication":[],"WebPage":[]},"graphName":"","isEnabled":true},"graphs":[],"defaultGraph":"","defaultPostTypeGraph":""},"schema_type":null,"schema_type_options":null,"pillar_content":false,"robots_default":true,"robots_noindex":false,"robots_noarchive":false,"robots_nosnippet":false,"robots_nofollow":false,"robots_noimageindex":false,"robots_noodp":false,"robots_notranslate":false,"robots_max_snippet":null,"robots_max_videopreview":null,"robots_max_imagepreview":"none","priority":null,"frequency":null,"local_seo":null,"seo_analyzer_scan_date":"2026-05-29 22:13:06","breadcrumb_settings":null,"limit_modified_date":false,"open_ai":null,"ai":null,"created":"2020-11-14 22:45:59","updated":"2026-05-29 22:13:06","focus_keyword":null,"additional_keywords":null,"truseo_locale":null},"aioseo_breadcrumb":"<div class=\"aioseo-breadcrumbs\"><span class=\"aioseo-breadcrumb\">\n\t<a href=\"https:\/\/www.eldigitaldeasturias.com\/noticias\" title=\"Home\">Home<\/a>\n<\/span><span class=\"aioseo-breadcrumb-separator\">\u2013<\/span><span class=\"aioseo-breadcrumb\">\n\t<a href=\"https:\/\/www.eldigitaldeasturias.com\/noticias\/category\/sucesos\/\" title=\"Sucesos\">Sucesos<\/a>\n<\/span><span class=\"aioseo-breadcrumb-separator\">\u2013<\/span><span class=\"aioseo-breadcrumb\">\n\t<a href=\"https:\/\/www.eldigitaldeasturias.com\/noticias\/el-supremo-condena-a-un-abogado-a-pagar-268-000-euros-por-negligencia\/\" title=\"El Supremo condena a un abogado a pagar 268.000 euros por negligencia\">El Supremo condena a un abogado a pagar 268.000 euros por negligencia<\/a>\n<\/span><\/div>","aioseo_breadcrumb_json":[{"label":"Home","link":"https:\/\/www.eldigitaldeasturias.com\/noticias"},{"label":"Sucesos","link":"https:\/\/www.eldigitaldeasturias.com\/noticias\/category\/sucesos\/"},{"label":"El Supremo condena a un abogado a pagar 268.000 euros por negligencia","link":"https:\/\/www.eldigitaldeasturias.com\/noticias\/el-supremo-condena-a-un-abogado-a-pagar-268-000-euros-por-negligencia\/"}],"_links":{"self":[{"href":"https:\/\/www.eldigitaldeasturias.com\/noticias\/wp-json\/wp\/v2\/posts\/456496","targetHints":{"allow":["GET"]}}],"collection":[{"href":"https:\/\/www.eldigitaldeasturias.com\/noticias\/wp-json\/wp\/v2\/posts"}],"about":[{"href":"https:\/\/www.eldigitaldeasturias.com\/noticias\/wp-json\/wp\/v2\/types\/post"}],"author":[{"embeddable":true,"href":"https:\/\/www.eldigitaldeasturias.com\/noticias\/wp-json\/wp\/v2\/users\/1"}],"replies":[{"embeddable":true,"href":"https:\/\/www.eldigitaldeasturias.com\/noticias\/wp-json\/wp\/v2\/comments?post=456496"}],"version-history":[{"count":0,"href":"https:\/\/www.eldigitaldeasturias.com\/noticias\/wp-json\/wp\/v2\/posts\/456496\/revisions"}],"wp:attachment":[{"href":"https:\/\/www.eldigitaldeasturias.com\/noticias\/wp-json\/wp\/v2\/media?parent=456496"}],"wp:term":[{"taxonomy":"category","embeddable":true,"href":"https:\/\/www.eldigitaldeasturias.com\/noticias\/wp-json\/wp\/v2\/categories?post=456496"},{"taxonomy":"post_tag","embeddable":true,"href":"https:\/\/www.eldigitaldeasturias.com\/noticias\/wp-json\/wp\/v2\/tags?post=456496"}],"curies":[{"name":"wp","href":"https:\/\/api.w.org\/{rel}","templated":true}]}}