{"id":456487,"date":"2013-12-01T20:03:51","date_gmt":"2013-12-01T21:03:51","guid":{"rendered":"http:\/\/www.eldigitaldeasturias.com\/noticias\/?p=456487"},"modified":"2013-12-01T20:03:51","modified_gmt":"2013-12-01T21:03:51","slug":"vargas-llosa-reconoce-que-ninguna-historia-suya-ha-nacido-de-pura-fantasia","status":"publish","type":"post","link":"https:\/\/www.eldigitaldeasturias.com\/noticias\/vargas-llosa-reconoce-que-ninguna-historia-suya-ha-nacido-de-pura-fantasia\/","title":{"rendered":"Vargas Llosa reconoce que ninguna historia suya \u00abha nacido de pura fantas\u00eda\u00bb"},"content":{"rendered":"<p><img loading=\"lazy\" decoding=\"async\" class=\"alignleft size-medium wp-image-456488\" alt=\"5764505w\" src=\"https:\/\/www.eldigitaldeasturias.com\/noticias\/wp-content\/uploads\/2013\/12\/5764505w-360x236.jpg\" width=\"360\" height=\"236\" \/>Guadalajara (M\u00e9xico), 30 nov (EFE).- El escritor peruano Mario Vargas Llosa reconoci\u00f3 hoy que ninguna de las novelas, obras de teatro o relatos que ha escrito ha nacido \u00abde la pura fantas\u00eda\u00bb, y que siempre su imaginaci\u00f3n va siempre de la mano de la memoria.<\/p>\n<p>En la presentaci\u00f3n de \u00abEl h\u00e9roe discreto\u00bb que hoy hizo en la XXVII edici\u00f3n de la Feria Internacional del Libro de Guadalajara (FIL) junto al periodista Juan Cruz y a su amigo Jos\u00e9 Miguel Oviedo, admiti\u00f3 que por ello tienen algo de raz\u00f3n quienes le consideran un autor \u00abrealista\u00bb.<\/p>\n<p>Antes de que comenzara la conversaci\u00f3n, de casi una hora, el presidente de la FIL, Ra\u00fal Padilla, present\u00f3 al escritor como \u00abun consentido de la FIL, y un h\u00e9roe discreto de todos nosotros conocido y admirado\u00bb.<\/p>\n<p>Padilla habl\u00f3 de la \u00faltima novela, en la que el personaje principal, Fel\u00edcito Yanaqu\u00e9, se rebela contra una mafia de extorsionadores y les planta cara haciendo p\u00fablica la extorsi\u00f3n a la que era sometido y gan\u00e1ndose a la vez el respeto de sus conciudadanos.<\/p>\n<p>\u00abNuestros pa\u00edses latinoamericanos est\u00e1n llenos de estos peque\u00f1os titanes que sostienen el mundo con el andamiaje de sus ideas y comportamientos, mujeres y hombres solidarios que soportan la carga y penurias de la vida estoica pero inteligentemente\u00bb, dijo Padilla.<\/p>\n<p>Posteriormente, en el di\u00e1logo con Cruz y Oviedo, Vargas Llosa reconoci\u00f3 que, como en otras ocasiones, fue el conocer esa historia real ocurrida en la ciudad de Trujillo (Per\u00fa) y recreada en Piura lo que dio vida a la \u00faltima novela.<\/p>\n<p>A partir de ah\u00ed, el nobel de literatura de 2010 reflexion\u00f3 sobre su propia relaci\u00f3n el realismo.<\/p>\n<p>\u00abAunque no creo mucho en esas clasificaciones de escritores realistas, fant\u00e1sticos, regionalistas, creo que si hay una raz\u00f3n por la que se me podr\u00eda llamar un escritor realista es porque creo que nunca, jam\u00e1s, alguna historia ha nacido en m\u00ed de la pura imaginaci\u00f3n, de la pura fantas\u00eda\u00bb, apunt\u00f3.<\/p>\n<p>Dijo que en alguna ocasi\u00f3n escuch\u00f3 a un autor franc\u00e9s muy popular decir que sus historias \u00able nac\u00edan primero como formas\u00bb a partir de \u00abcierta frase, un cierto ritmo, una cierta m\u00fasica\u00bb.<\/p>\n<p>\u00abEso no me ocurre a m\u00ed jam\u00e1s\u00bb, apunt\u00f3 el autor de \u00abLa fiesta del chivo\u00bb, \u00abLa casa verde\u00bb y \u00abEl sue\u00f1o del celta\u00bb, entre muchas otras historias.<\/p>\n<p>El escritor admiti\u00f3 que para \u00e9l \u00abla imaginaci\u00f3n necesita trabajar siempre sobre la memoria\u00bb.<\/p>\n<p>Los personajes de sus novelas nacen de algo que ocurri\u00f3, a\u00f1adi\u00f3, \u00abalguna persona que conoc\u00ed, algo que o\u00ed, algo que le\u00ed, algo que se convierte en un recuerdo, en una memoria que poco a poco, sin que yo lo advierta al principio muchas veces, genera como el embri\u00f3n de una historia\u00bb.<\/p>\n<p>\u00abCreo que todas las historias que he escrito, novelas, cuentos, obras de teatro, el punto de partida ha sido siempre algo que he vivido pero en un sentido muy amplio de la palabra\u00bb, apunt\u00f3.<\/p>\n<p>En el caso de \u00abEl hombre discreto\u00bb (2013) el protagonista es \u00abun peque\u00f1o empresario de transportes de origen muy humilde que hab\u00eda publicado un avisito en un peri\u00f3dico dirigi\u00e9ndose a la mafia local y advirti\u00e9ndole que no iba a pagar los cupos que le hab\u00edan pedido\u00bb.<\/p>\n<p>La presentaci\u00f3n de la novela precedi\u00f3 a la inauguraci\u00f3n que el escritor peruano har\u00e1 ma\u00f1ana del Sal\u00f3n Literario de la FIL, en un di\u00e1logo con el escritor israel\u00ed David Grossman, uno de los eventos m\u00e1s significativos de las ediciones de la Feria de Guadalajara de los \u00faltimos a\u00f1os.<\/p>\n","protected":false},"excerpt":{"rendered":"<p>Guadalajara (M\u00e9xico), 30 nov (EFE).- El escritor peruano Mario Vargas Llosa reconoci\u00f3 hoy que ninguna de las novelas, obras de teatro o relatos que ha escrito ha nacido \u00abde la pura fantas\u00eda\u00bb, y que siempre su imaginaci\u00f3n va siempre de la mano de la memoria. En la presentaci\u00f3n de \u00abEl h\u00e9roe discreto\u00bb que hoy hizo [&hellip;]<\/p>\n","protected":false},"author":1,"featured_media":456488,"comment_status":"closed","ping_status":"open","sticky":false,"template":"","format":"standard","meta":{"footnotes":""},"categories":[50],"tags":[],"class_list":["post-456487","post","type-post","status-publish","format-standard","has-post-thumbnail","hentry","category-revista-de-ocio"],"aioseo_notices":[],"aioseo_head":"\n\t\t<!-- All in One SEO Pro 5.0.1 - aioseo.com -->\n\t<meta name=\"description\" content=\"Guadalajara (M\u00e9xico), 30 nov (EFE).- El escritor peruano Mario Vargas Llosa reconoci\u00f3 hoy que ninguna de las novelas, obras de teatro o relatos que ha escrito ha nacido &quot;de la pura fantas\u00eda&quot;, y que siempre su imaginaci\u00f3n va siempre de la mano de la memoria. En la presentaci\u00f3n de &quot;El h\u00e9roe discreto&quot; que hoy hizo\" \/>\n\t<meta name=\"robots\" content=\"max-image-preview:large\" \/>\n\t<meta name=\"author\" content=\"El Digital de Asturias\"\/>\n\t<meta name=\"google-site-verification\" content=\"UA-38556648-1\" \/>\n\t<meta name=\"msvalidate.01\" content=\"7dfe9f3f1b24437ab69f4f2559babe99\" \/>\n\t<meta name=\"keywords\" content=\"revista de ocio\" \/>\n\t<link rel=\"canonical\" href=\"https:\/\/www.eldigitaldeasturias.com\/noticias\/vargas-llosa-reconoce-que-ninguna-historia-suya-ha-nacido-de-pura-fantasia\/\" \/>\n\t<meta name=\"generator\" content=\"All in One SEO Pro (AIOSEO) 5.0.1\" \/>\n\t\t<meta property=\"og:locale\" content=\"es_ES\" \/>\n\t\t<meta property=\"og:site_name\" content=\"El Digital de Asturias\" \/>\n\t\t<meta property=\"og:type\" content=\"article\" \/>\n\t\t<meta property=\"og:title\" content=\"Vargas Llosa reconoce que ninguna historia suya \u00abha nacido de pura fantas\u00eda\u00bb - El Digital de Asturias\" \/>\n\t\t<meta property=\"og:description\" content=\"Guadalajara (M\u00e9xico), 30 nov (EFE).- El escritor peruano Mario Vargas Llosa reconoci\u00f3 hoy que ninguna de las novelas, obras de teatro o relatos que ha escrito ha nacido &quot;de la pura fantas\u00eda&quot;, y que siempre su imaginaci\u00f3n va siempre de la mano de la memoria. En la presentaci\u00f3n de &quot;El h\u00e9roe discreto&quot; que hoy hizo\" \/>\n\t\t<meta property=\"og:url\" content=\"https:\/\/www.eldigitaldeasturias.com\/noticias\/vargas-llosa-reconoce-que-ninguna-historia-suya-ha-nacido-de-pura-fantasia\/\" \/>\n\t\t<meta property=\"article:tag\" content=\"revista de ocio\" \/>\n\t\t<meta property=\"article:published_time\" content=\"2013-12-01T21:03:51+00:00\" \/>\n\t\t<meta property=\"article:modified_time\" content=\"2013-12-01T21:03:51+00:00\" \/>\n\t\t<meta property=\"article:publisher\" content=\"https:\/\/facebook.com\/eldigitaldeasturias\" \/>\n\t\t<meta name=\"twitter:card\" content=\"summary_large_image\" \/>\n\t\t<meta name=\"twitter:title\" content=\"Vargas Llosa reconoce que ninguna historia suya \u00abha nacido de pura fantas\u00eda\u00bb - El Digital de Asturias\" \/>\n\t\t<meta name=\"twitter:description\" content=\"Guadalajara (M\u00e9xico), 30 nov (EFE).- El escritor peruano Mario Vargas Llosa reconoci\u00f3 hoy que ninguna de las novelas, obras de teatro o relatos que ha escrito ha nacido &quot;de la pura fantas\u00eda&quot;, y que siempre su imaginaci\u00f3n va siempre de la mano de la memoria. En la presentaci\u00f3n de &quot;El h\u00e9roe discreto&quot; que hoy hizo\" \/>\n\t\t<meta name=\"twitter:label1\" content=\"Escrito por\" \/>\n\t\t<meta name=\"twitter:data1\" content=\"El Digital de Asturias\" \/>\n\t\t<meta name=\"twitter:label2\" content=\"Tiempo de lectura estimado\" \/>\n\t\t<meta name=\"twitter:data2\" content=\"3 minutos\" \/>\n\t\t<script type=\"application\/ld+json\" class=\"aioseo-schema\">\n\t\t\t{\"@context\":\"https:\\\/\\\/schema.org\",\"@graph\":[{\"@type\":\"BlogPosting\",\"@id\":\"https:\\\/\\\/www.eldigitaldeasturias.com\\\/noticias\\\/vargas-llosa-reconoce-que-ninguna-historia-suya-ha-nacido-de-pura-fantasia\\\/#blogposting\",\"name\":\"Vargas Llosa reconoce que ninguna historia suya \\u00abha nacido de pura fantas\\u00eda\\u00bb - El Digital de Asturias\",\"headline\":\"Vargas Llosa reconoce que ninguna historia suya \\u00abha nacido de pura fantas\\u00eda\\u00bb\",\"author\":{\"@id\":\"https:\\\/\\\/www.eldigitaldeasturias.com\\\/noticias\\\/author\\\/admin\\\/#author\"},\"publisher\":{\"@id\":\"https:\\\/\\\/www.eldigitaldeasturias.com\\\/noticias\\\/#organization\"},\"image\":{\"@type\":\"ImageObject\",\"url\":456488},\"datePublished\":\"2013-12-01T20:03:51+01:00\",\"dateModified\":\"2013-12-01T20:03:51+01:00\",\"inLanguage\":\"es-ES\",\"mainEntityOfPage\":{\"@id\":\"https:\\\/\\\/www.eldigitaldeasturias.com\\\/noticias\\\/vargas-llosa-reconoce-que-ninguna-historia-suya-ha-nacido-de-pura-fantasia\\\/#webpage\"},\"isPartOf\":{\"@id\":\"https:\\\/\\\/www.eldigitaldeasturias.com\\\/noticias\\\/vargas-llosa-reconoce-que-ninguna-historia-suya-ha-nacido-de-pura-fantasia\\\/#webpage\"},\"articleSection\":\"Revista de Ocio\"},{\"@type\":\"BreadcrumbList\",\"@id\":\"https:\\\/\\\/www.eldigitaldeasturias.com\\\/noticias\\\/vargas-llosa-reconoce-que-ninguna-historia-suya-ha-nacido-de-pura-fantasia\\\/#breadcrumblist\",\"itemListElement\":[{\"@type\":\"ListItem\",\"@id\":\"https:\\\/\\\/www.eldigitaldeasturias.com\\\/noticias#listItem\",\"position\":1,\"name\":\"Home\",\"item\":\"https:\\\/\\\/www.eldigitaldeasturias.com\\\/noticias\",\"nextItem\":{\"@type\":\"ListItem\",\"@id\":\"https:\\\/\\\/www.eldigitaldeasturias.com\\\/noticias\\\/category\\\/revista-de-ocio\\\/#listItem\",\"name\":\"Revista de Ocio\"}},{\"@type\":\"ListItem\",\"@id\":\"https:\\\/\\\/www.eldigitaldeasturias.com\\\/noticias\\\/category\\\/revista-de-ocio\\\/#listItem\",\"position\":2,\"name\":\"Revista de Ocio\",\"item\":\"https:\\\/\\\/www.eldigitaldeasturias.com\\\/noticias\\\/category\\\/revista-de-ocio\\\/\",\"nextItem\":{\"@type\":\"ListItem\",\"@id\":\"https:\\\/\\\/www.eldigitaldeasturias.com\\\/noticias\\\/vargas-llosa-reconoce-que-ninguna-historia-suya-ha-nacido-de-pura-fantasia\\\/#listItem\",\"name\":\"Vargas Llosa reconoce que ninguna historia suya \\u00abha nacido de pura fantas\\u00eda\\u00bb\"},\"previousItem\":{\"@type\":\"ListItem\",\"@id\":\"https:\\\/\\\/www.eldigitaldeasturias.com\\\/noticias#listItem\",\"name\":\"Home\"}},{\"@type\":\"ListItem\",\"@id\":\"https:\\\/\\\/www.eldigitaldeasturias.com\\\/noticias\\\/vargas-llosa-reconoce-que-ninguna-historia-suya-ha-nacido-de-pura-fantasia\\\/#listItem\",\"position\":3,\"name\":\"Vargas Llosa reconoce que ninguna historia suya \\u00abha nacido de pura fantas\\u00eda\\u00bb\",\"previousItem\":{\"@type\":\"ListItem\",\"@id\":\"https:\\\/\\\/www.eldigitaldeasturias.com\\\/noticias\\\/category\\\/revista-de-ocio\\\/#listItem\",\"name\":\"Revista de Ocio\"}}]},{\"@type\":\"Organization\",\"@id\":\"https:\\\/\\\/www.eldigitaldeasturias.com\\\/noticias\\\/#organization\",\"name\":\"El Digital de Asturias\",\"description\":\"Hemeroteca\",\"url\":\"https:\\\/\\\/www.eldigitaldeasturias.com\\\/noticias\\\/\",\"email\":\"info@eldigitaldeasturias.com\",\"telephone\":\"+34652131393\",\"logo\":{\"@type\":\"ImageObject\",\"url\":\"https:\\\/\\\/www.eldigitaldeasturias.com\\\/noticias\\\/wp-content\\\/uploads\\\/2020\\\/12\\\/EDA.jpg\",\"@id\":\"https:\\\/\\\/www.eldigitaldeasturias.com\\\/noticias\\\/vargas-llosa-reconoce-que-ninguna-historia-suya-ha-nacido-de-pura-fantasia\\\/#organizationLogo\"},\"image\":{\"@id\":\"https:\\\/\\\/www.eldigitaldeasturias.com\\\/noticias\\\/vargas-llosa-reconoce-que-ninguna-historia-suya-ha-nacido-de-pura-fantasia\\\/#organizationLogo\"},\"sameAs\":[\"https:\\\/\\\/facebook.com\\\/eldigitaldeasturias\",\"https:\\\/\\\/www.youtube.com\\\/channel\\\/UCZP-2wLEB9Rv6erhFmqVnvg\"],\"address\":{\"@id\":\"https:\\\/\\\/www.eldigitaldeasturias.com\\\/noticias\\\/#postaladdress\",\"@type\":\"PostalAddress\",\"streetAddress\":\"san antonio 4\",\"postalCode\":\"33430\",\"addressLocality\":\"Cand\\u00e1s\",\"addressRegion\":\"Asturias\",\"addressCountry\":\"ES\"}},{\"@type\":\"Person\",\"@id\":\"https:\\\/\\\/www.eldigitaldeasturias.com\\\/noticias\\\/author\\\/admin\\\/#author\",\"url\":\"https:\\\/\\\/www.eldigitaldeasturias.com\\\/noticias\\\/author\\\/admin\\\/\",\"name\":\"El Digital de Asturias\",\"image\":{\"@type\":\"ImageObject\",\"@id\":\"https:\\\/\\\/www.eldigitaldeasturias.com\\\/noticias\\\/vargas-llosa-reconoce-que-ninguna-historia-suya-ha-nacido-de-pura-fantasia\\\/#authorImage\",\"url\":\"https:\\\/\\\/secure.gravatar.com\\\/avatar\\\/df2aeffc32bcd13f8d26072ef8a91b623d677766deac7f97ca815868cd41bf5e?s=96&d=mm&r=g\",\"width\":96,\"height\":96,\"caption\":\"El Digital de Asturias\"}},{\"@type\":\"WebPage\",\"@id\":\"https:\\\/\\\/www.eldigitaldeasturias.com\\\/noticias\\\/vargas-llosa-reconoce-que-ninguna-historia-suya-ha-nacido-de-pura-fantasia\\\/#webpage\",\"url\":\"https:\\\/\\\/www.eldigitaldeasturias.com\\\/noticias\\\/vargas-llosa-reconoce-que-ninguna-historia-suya-ha-nacido-de-pura-fantasia\\\/\",\"name\":\"Vargas Llosa reconoce que ninguna historia suya \\u00abha nacido de pura fantas\\u00eda\\u00bb - El Digital de Asturias\",\"description\":\"Guadalajara (M\\u00e9xico), 30 nov (EFE).- El escritor peruano Mario Vargas Llosa reconoci\\u00f3 hoy que ninguna de las novelas, obras de teatro o relatos que ha escrito ha nacido \\\"de la pura fantas\\u00eda\\\", y que siempre su imaginaci\\u00f3n va siempre de la mano de la memoria. En la presentaci\\u00f3n de \\\"El h\\u00e9roe discreto\\\" que hoy hizo\",\"inLanguage\":\"es-ES\",\"isPartOf\":{\"@id\":\"https:\\\/\\\/www.eldigitaldeasturias.com\\\/noticias\\\/#website\"},\"breadcrumb\":{\"@id\":\"https:\\\/\\\/www.eldigitaldeasturias.com\\\/noticias\\\/vargas-llosa-reconoce-que-ninguna-historia-suya-ha-nacido-de-pura-fantasia\\\/#breadcrumblist\"},\"author\":{\"@id\":\"https:\\\/\\\/www.eldigitaldeasturias.com\\\/noticias\\\/author\\\/admin\\\/#author\"},\"creator\":{\"@id\":\"https:\\\/\\\/www.eldigitaldeasturias.com\\\/noticias\\\/author\\\/admin\\\/#author\"},\"image\":{\"@type\":\"ImageObject\",\"url\":456488,\"@id\":\"https:\\\/\\\/www.eldigitaldeasturias.com\\\/noticias\\\/vargas-llosa-reconoce-que-ninguna-historia-suya-ha-nacido-de-pura-fantasia\\\/#mainImage\"},\"primaryImageOfPage\":{\"@id\":\"https:\\\/\\\/www.eldigitaldeasturias.com\\\/noticias\\\/vargas-llosa-reconoce-que-ninguna-historia-suya-ha-nacido-de-pura-fantasia\\\/#mainImage\"},\"datePublished\":\"2013-12-01T20:03:51+01:00\",\"dateModified\":\"2013-12-01T20:03:51+01:00\"},{\"@type\":\"WebSite\",\"@id\":\"https:\\\/\\\/www.eldigitaldeasturias.com\\\/noticias\\\/#website\",\"url\":\"https:\\\/\\\/www.eldigitaldeasturias.com\\\/noticias\\\/\",\"name\":\"El Digital de Asturias - Diario de actualidad y noticias\",\"alternateName\":\"El Digital de Asturias - Diario de actualidad y noticias\",\"description\":\"Hemeroteca\",\"inLanguage\":\"es-ES\",\"publisher\":{\"@id\":\"https:\\\/\\\/www.eldigitaldeasturias.com\\\/noticias\\\/#organization\"}}]}\n\t\t<\/script>\n\t\t<!-- All in One SEO Pro -->\r\n\t\t<title>Vargas Llosa reconoce que ninguna historia suya \u00abha nacido de pura fantas\u00eda\u00bb - El Digital de Asturias<\/title>\n\n","aioseo_head_json":{"title":"Vargas Llosa reconoce que ninguna historia suya \u00abha nacido de pura fantas\u00eda\u00bb - El Digital de Asturias","description":"Guadalajara (M\u00e9xico), 30 nov (EFE).- El escritor peruano Mario Vargas Llosa reconoci\u00f3 hoy que ninguna de las novelas, obras de teatro o relatos que ha escrito ha nacido \"de la pura fantas\u00eda\", y que siempre su imaginaci\u00f3n va siempre de la mano de la memoria. En la presentaci\u00f3n de \"El h\u00e9roe discreto\" que hoy hizo","canonical_url":"https:\/\/www.eldigitaldeasturias.com\/noticias\/vargas-llosa-reconoce-que-ninguna-historia-suya-ha-nacido-de-pura-fantasia\/","robots":"max-image-preview:large","keywords":"revista de ocio","webmasterTools":{"google-site-verification":"UA-38556648-1","msvalidate.01":"7dfe9f3f1b24437ab69f4f2559babe99","miscellaneous":""},"schema":{"@context":"https:\/\/schema.org","@graph":[{"@type":"BlogPosting","@id":"https:\/\/www.eldigitaldeasturias.com\/noticias\/vargas-llosa-reconoce-que-ninguna-historia-suya-ha-nacido-de-pura-fantasia\/#blogposting","name":"Vargas Llosa reconoce que ninguna historia suya \u00abha nacido de pura fantas\u00eda\u00bb - El Digital de Asturias","headline":"Vargas Llosa reconoce que ninguna historia suya \u00abha nacido de pura fantas\u00eda\u00bb","author":{"@id":"https:\/\/www.eldigitaldeasturias.com\/noticias\/author\/admin\/#author"},"publisher":{"@id":"https:\/\/www.eldigitaldeasturias.com\/noticias\/#organization"},"image":{"@type":"ImageObject","url":456488},"datePublished":"2013-12-01T20:03:51+01:00","dateModified":"2013-12-01T20:03:51+01:00","inLanguage":"es-ES","mainEntityOfPage":{"@id":"https:\/\/www.eldigitaldeasturias.com\/noticias\/vargas-llosa-reconoce-que-ninguna-historia-suya-ha-nacido-de-pura-fantasia\/#webpage"},"isPartOf":{"@id":"https:\/\/www.eldigitaldeasturias.com\/noticias\/vargas-llosa-reconoce-que-ninguna-historia-suya-ha-nacido-de-pura-fantasia\/#webpage"},"articleSection":"Revista de Ocio"},{"@type":"BreadcrumbList","@id":"https:\/\/www.eldigitaldeasturias.com\/noticias\/vargas-llosa-reconoce-que-ninguna-historia-suya-ha-nacido-de-pura-fantasia\/#breadcrumblist","itemListElement":[{"@type":"ListItem","@id":"https:\/\/www.eldigitaldeasturias.com\/noticias#listItem","position":1,"name":"Home","item":"https:\/\/www.eldigitaldeasturias.com\/noticias","nextItem":{"@type":"ListItem","@id":"https:\/\/www.eldigitaldeasturias.com\/noticias\/category\/revista-de-ocio\/#listItem","name":"Revista de Ocio"}},{"@type":"ListItem","@id":"https:\/\/www.eldigitaldeasturias.com\/noticias\/category\/revista-de-ocio\/#listItem","position":2,"name":"Revista de Ocio","item":"https:\/\/www.eldigitaldeasturias.com\/noticias\/category\/revista-de-ocio\/","nextItem":{"@type":"ListItem","@id":"https:\/\/www.eldigitaldeasturias.com\/noticias\/vargas-llosa-reconoce-que-ninguna-historia-suya-ha-nacido-de-pura-fantasia\/#listItem","name":"Vargas Llosa reconoce que ninguna historia suya \u00abha nacido de pura fantas\u00eda\u00bb"},"previousItem":{"@type":"ListItem","@id":"https:\/\/www.eldigitaldeasturias.com\/noticias#listItem","name":"Home"}},{"@type":"ListItem","@id":"https:\/\/www.eldigitaldeasturias.com\/noticias\/vargas-llosa-reconoce-que-ninguna-historia-suya-ha-nacido-de-pura-fantasia\/#listItem","position":3,"name":"Vargas Llosa reconoce que ninguna historia suya \u00abha nacido de pura fantas\u00eda\u00bb","previousItem":{"@type":"ListItem","@id":"https:\/\/www.eldigitaldeasturias.com\/noticias\/category\/revista-de-ocio\/#listItem","name":"Revista de Ocio"}}]},{"@type":"Organization","@id":"https:\/\/www.eldigitaldeasturias.com\/noticias\/#organization","name":"El Digital de Asturias","description":"Hemeroteca","url":"https:\/\/www.eldigitaldeasturias.com\/noticias\/","email":"info@eldigitaldeasturias.com","telephone":"+34652131393","logo":{"@type":"ImageObject","url":"https:\/\/www.eldigitaldeasturias.com\/noticias\/wp-content\/uploads\/2020\/12\/EDA.jpg","@id":"https:\/\/www.eldigitaldeasturias.com\/noticias\/vargas-llosa-reconoce-que-ninguna-historia-suya-ha-nacido-de-pura-fantasia\/#organizationLogo"},"image":{"@id":"https:\/\/www.eldigitaldeasturias.com\/noticias\/vargas-llosa-reconoce-que-ninguna-historia-suya-ha-nacido-de-pura-fantasia\/#organizationLogo"},"sameAs":["https:\/\/facebook.com\/eldigitaldeasturias","https:\/\/www.youtube.com\/channel\/UCZP-2wLEB9Rv6erhFmqVnvg"],"address":{"@id":"https:\/\/www.eldigitaldeasturias.com\/noticias\/#postaladdress","@type":"PostalAddress","streetAddress":"san antonio 4","postalCode":"33430","addressLocality":"Cand\u00e1s","addressRegion":"Asturias","addressCountry":"ES"}},{"@type":"Person","@id":"https:\/\/www.eldigitaldeasturias.com\/noticias\/author\/admin\/#author","url":"https:\/\/www.eldigitaldeasturias.com\/noticias\/author\/admin\/","name":"El Digital de Asturias","image":{"@type":"ImageObject","@id":"https:\/\/www.eldigitaldeasturias.com\/noticias\/vargas-llosa-reconoce-que-ninguna-historia-suya-ha-nacido-de-pura-fantasia\/#authorImage","url":"https:\/\/secure.gravatar.com\/avatar\/df2aeffc32bcd13f8d26072ef8a91b623d677766deac7f97ca815868cd41bf5e?s=96&d=mm&r=g","width":96,"height":96,"caption":"El Digital de Asturias"}},{"@type":"WebPage","@id":"https:\/\/www.eldigitaldeasturias.com\/noticias\/vargas-llosa-reconoce-que-ninguna-historia-suya-ha-nacido-de-pura-fantasia\/#webpage","url":"https:\/\/www.eldigitaldeasturias.com\/noticias\/vargas-llosa-reconoce-que-ninguna-historia-suya-ha-nacido-de-pura-fantasia\/","name":"Vargas Llosa reconoce que ninguna historia suya \u00abha nacido de pura fantas\u00eda\u00bb - El Digital de Asturias","description":"Guadalajara (M\u00e9xico), 30 nov (EFE).- El escritor peruano Mario Vargas Llosa reconoci\u00f3 hoy que ninguna de las novelas, obras de teatro o relatos que ha escrito ha nacido \"de la pura fantas\u00eda\", y que siempre su imaginaci\u00f3n va siempre de la mano de la memoria. En la presentaci\u00f3n de \"El h\u00e9roe discreto\" que hoy hizo","inLanguage":"es-ES","isPartOf":{"@id":"https:\/\/www.eldigitaldeasturias.com\/noticias\/#website"},"breadcrumb":{"@id":"https:\/\/www.eldigitaldeasturias.com\/noticias\/vargas-llosa-reconoce-que-ninguna-historia-suya-ha-nacido-de-pura-fantasia\/#breadcrumblist"},"author":{"@id":"https:\/\/www.eldigitaldeasturias.com\/noticias\/author\/admin\/#author"},"creator":{"@id":"https:\/\/www.eldigitaldeasturias.com\/noticias\/author\/admin\/#author"},"image":{"@type":"ImageObject","url":456488,"@id":"https:\/\/www.eldigitaldeasturias.com\/noticias\/vargas-llosa-reconoce-que-ninguna-historia-suya-ha-nacido-de-pura-fantasia\/#mainImage"},"primaryImageOfPage":{"@id":"https:\/\/www.eldigitaldeasturias.com\/noticias\/vargas-llosa-reconoce-que-ninguna-historia-suya-ha-nacido-de-pura-fantasia\/#mainImage"},"datePublished":"2013-12-01T20:03:51+01:00","dateModified":"2013-12-01T20:03:51+01:00"},{"@type":"WebSite","@id":"https:\/\/www.eldigitaldeasturias.com\/noticias\/#website","url":"https:\/\/www.eldigitaldeasturias.com\/noticias\/","name":"El Digital de Asturias - Diario de actualidad y noticias","alternateName":"El Digital de Asturias - Diario de actualidad y noticias","description":"Hemeroteca","inLanguage":"es-ES","publisher":{"@id":"https:\/\/www.eldigitaldeasturias.com\/noticias\/#organization"}}]},"og:locale":"es_ES","og:site_name":"El Digital de Asturias","og:type":"article","og:title":"Vargas Llosa reconoce que ninguna historia suya \u00abha nacido de pura fantas\u00eda\u00bb - El Digital de Asturias","og:description":"Guadalajara (M\u00e9xico), 30 nov (EFE).- El escritor peruano Mario Vargas Llosa reconoci\u00f3 hoy que ninguna de las novelas, obras de teatro o relatos que ha escrito ha nacido &quot;de la pura fantas\u00eda&quot;, y que siempre su imaginaci\u00f3n va siempre de la mano de la memoria. En la presentaci\u00f3n de &quot;El h\u00e9roe discreto&quot; que hoy hizo","og:url":"https:\/\/www.eldigitaldeasturias.com\/noticias\/vargas-llosa-reconoce-que-ninguna-historia-suya-ha-nacido-de-pura-fantasia\/","article:tag":["revista de ocio"],"article:published_time":"2013-12-01T21:03:51+00:00","article:modified_time":"2013-12-01T21:03:51+00:00","article:publisher":"https:\/\/facebook.com\/eldigitaldeasturias","twitter:card":"summary_large_image","twitter:title":"Vargas Llosa reconoce que ninguna historia suya \u00abha nacido de pura fantas\u00eda\u00bb - El Digital de Asturias","twitter:description":"Guadalajara (M\u00e9xico), 30 nov (EFE).- El escritor peruano Mario Vargas Llosa reconoci\u00f3 hoy que ninguna de las novelas, obras de teatro o relatos que ha escrito ha nacido &quot;de la pura fantas\u00eda&quot;, y que siempre su imaginaci\u00f3n va siempre de la mano de la memoria. En la presentaci\u00f3n de &quot;El h\u00e9roe discreto&quot; que hoy hizo","twitter:label1":"Escrito por","twitter:data1":"El Digital de Asturias","twitter:label2":"Tiempo de lectura estimado","twitter:data2":"3 minutos"},"aioseo_meta_data":{"post_id":"456487","title":null,"description":null,"keywords":null,"keyphrases":null,"primary_term":null,"canonical_url":null,"og_title":null,"og_description":null,"og_object_type":"default","og_image_type":"default","og_image_url":null,"og_image_width":null,"og_image_height":null,"og_image_custom_url":null,"og_image_custom_fields":null,"og_video":null,"og_custom_url":null,"og_article_section":null,"og_article_tags":null,"twitter_use_og":true,"twitter_card":"default","twitter_image_type":"default","twitter_image_url":null,"twitter_image_custom_url":null,"twitter_image_custom_fields":null,"twitter_title":null,"twitter_description":null,"schema":{"blockGraphs":[],"customGraphs":[],"default":{"data":{"Article":[],"Course":[],"Dataset":[],"FAQPage":[],"Movie":[],"Person":[],"Product":[],"ProductReview":[],"Car":[],"Recipe":[],"Service":[],"SoftwareApplication":[],"WebPage":[]},"graphName":"","isEnabled":true},"graphs":[],"defaultGraph":"","defaultPostTypeGraph":""},"schema_type":null,"schema_type_options":null,"pillar_content":false,"robots_default":true,"robots_noindex":false,"robots_noarchive":false,"robots_nosnippet":false,"robots_nofollow":false,"robots_noimageindex":false,"robots_noodp":false,"robots_notranslate":false,"robots_max_snippet":null,"robots_max_videopreview":null,"robots_max_imagepreview":"none","priority":null,"frequency":null,"local_seo":null,"seo_analyzer_scan_date":"2026-05-29 22:11:08","breadcrumb_settings":null,"limit_modified_date":false,"open_ai":null,"ai":null,"created":"2020-11-14 22:45:59","updated":"2026-05-29 22:11:08","focus_keyword":null,"additional_keywords":null,"truseo_locale":null},"aioseo_breadcrumb":"<div class=\"aioseo-breadcrumbs\"><span class=\"aioseo-breadcrumb\">\n\t<a href=\"https:\/\/www.eldigitaldeasturias.com\/noticias\" title=\"Home\">Home<\/a>\n<\/span><span class=\"aioseo-breadcrumb-separator\">\u2013<\/span><span class=\"aioseo-breadcrumb\">\n\t<a href=\"https:\/\/www.eldigitaldeasturias.com\/noticias\/category\/revista-de-ocio\/\" title=\"Revista de Ocio\">Revista de Ocio<\/a>\n<\/span><span class=\"aioseo-breadcrumb-separator\">\u2013<\/span><span class=\"aioseo-breadcrumb\">\n\t<a href=\"https:\/\/www.eldigitaldeasturias.com\/noticias\/vargas-llosa-reconoce-que-ninguna-historia-suya-ha-nacido-de-pura-fantasia\/\" title=\"Vargas Llosa reconoce que ninguna historia suya \u00abha nacido de pura fantas\u00eda\u00bb\">Vargas Llosa reconoce que ninguna historia suya \u00abha nacido de pura fantas\u00eda\u00bb<\/a>\n<\/span><\/div>","aioseo_breadcrumb_json":[{"label":"Home","link":"https:\/\/www.eldigitaldeasturias.com\/noticias"},{"label":"Revista de Ocio","link":"https:\/\/www.eldigitaldeasturias.com\/noticias\/category\/revista-de-ocio\/"},{"label":"Vargas Llosa reconoce que ninguna historia suya \u00abha nacido de pura fantas\u00eda\u00bb","link":"https:\/\/www.eldigitaldeasturias.com\/noticias\/vargas-llosa-reconoce-que-ninguna-historia-suya-ha-nacido-de-pura-fantasia\/"}],"_links":{"self":[{"href":"https:\/\/www.eldigitaldeasturias.com\/noticias\/wp-json\/wp\/v2\/posts\/456487","targetHints":{"allow":["GET"]}}],"collection":[{"href":"https:\/\/www.eldigitaldeasturias.com\/noticias\/wp-json\/wp\/v2\/posts"}],"about":[{"href":"https:\/\/www.eldigitaldeasturias.com\/noticias\/wp-json\/wp\/v2\/types\/post"}],"author":[{"embeddable":true,"href":"https:\/\/www.eldigitaldeasturias.com\/noticias\/wp-json\/wp\/v2\/users\/1"}],"replies":[{"embeddable":true,"href":"https:\/\/www.eldigitaldeasturias.com\/noticias\/wp-json\/wp\/v2\/comments?post=456487"}],"version-history":[{"count":0,"href":"https:\/\/www.eldigitaldeasturias.com\/noticias\/wp-json\/wp\/v2\/posts\/456487\/revisions"}],"wp:attachment":[{"href":"https:\/\/www.eldigitaldeasturias.com\/noticias\/wp-json\/wp\/v2\/media?parent=456487"}],"wp:term":[{"taxonomy":"category","embeddable":true,"href":"https:\/\/www.eldigitaldeasturias.com\/noticias\/wp-json\/wp\/v2\/categories?post=456487"},{"taxonomy":"post_tag","embeddable":true,"href":"https:\/\/www.eldigitaldeasturias.com\/noticias\/wp-json\/wp\/v2\/tags?post=456487"}],"curies":[{"name":"wp","href":"https:\/\/api.w.org\/{rel}","templated":true}]}}