{"id":456473,"date":"2013-12-01T19:48:04","date_gmt":"2013-12-01T20:48:04","guid":{"rendered":"http:\/\/www.eldigitaldeasturias.com\/noticias\/?p=456473"},"modified":"2013-12-01T19:48:04","modified_gmt":"2013-12-01T20:48:04","slug":"campo-afea-a-psoe-iu-y-upyd-su-falta-de-preocupacion-ante-los-problemas-ganaderos","status":"publish","type":"post","link":"https:\/\/www.eldigitaldeasturias.com\/noticias\/campo-afea-a-psoe-iu-y-upyd-su-falta-de-preocupacion-ante-los-problemas-ganaderos\/","title":{"rendered":"Campo afea a PSOE, IU y UPyD su \u00abfalta de preocupaci\u00f3n\u00bb ante los problemas ganaderos"},"content":{"rendered":"<p><img loading=\"lazy\" decoding=\"async\" class=\"alignleft size-full wp-image-4136\" alt=\"vacas\" src=\"https:\/\/www.eldigitaldeasturias.com\/noticias\/wp-content\/uploads\/2013\/09\/vacas.jpg\" width=\"350\" height=\"233\" \/>Oviedo, 1 dic (EFE).- El diputado y portavoz de Agroganader\u00eda de Foro en la Junta General, Juan Ram\u00f3n Campo, lamenta la \u00abausencia absoluta de representantes de PSOE, IU e UPyD\u00bb en la concentraci\u00f3n de ganaderos celebrada esta semana en Oviedo, que \u00abdeja claro su falta de preocupaci\u00f3n\u00bb ante la problem\u00e1tica denunciada.<\/p>\n<p>Campo asegura que las reivindicaciones que motivaron la concentraci\u00f3n \u00abfiguran en el ADN de Foro\u00bb, y a\u00f1ade que las iniciativas parlamentarias planteadas por su formaci\u00f3n, \u00absiempre han sido bloqueadas\u00bb por el Gobierno regional y sus \u00abhasta ahora aliados\u00bb.<\/p>\n<p>\u00abHemos reivindicado en m\u00faltiples ocasiones una soluci\u00f3n urgente para la problem\u00e1tica del lobo\u00bb, recuerda Campo, que advierte de que \u00abincluso\u00bb han defendido \u00abdirectamente las exigencias\u00bb del colectivo de ganaderos por \u00abcoincidir\u00bb con el programa electoral de su partido.<\/p>\n<p>El diputado recuerda que el pasado 19 de marzo se aprob\u00f3 en la Junta General, una propuesta de Foro para modificar el actual sistema de acotamientos al pastoreo en casos de incendio que \u00aba\u00fan no se ha cumplido, y que, a juzgar por lo informado al respecto por escrito, por la propia consejera del ramo, no tienen pensado cumplir\u00bb.<\/p>\n<p>A su juicio, si se cumpliesen algunas de las resoluciones aprobadas en la Junta General, propuestas por Foro, como la modificaci\u00f3n del sistema de acotamientos al pastoreo en caso de incendio, \u00abse solucionar\u00eda alguno de los problemas causantes de esta movilizaci\u00f3n\u00bb.<\/p>\n<p>Sostiene que\u00bbel PP \u00abparece querer apoyar\u00bb en el Principado al sector ganadero, pero sin embargo, recientemente en Madrid, ha rechazado una enmienda de Foro en la que se pretend\u00eda contemplar la peculiaridad de la ganader\u00eda ovina y caprina, en aquellos lugares en que, como en el caso de Asturias, hubiesen de soportar los ataques del lobo\u00bb.<\/p>\n<p>\u00abEse rechazo choca con el apoyo escenificado en Asturias al sector, d\u00f3nde ostentan el segundo lugar en la oposici\u00f3n, y predican lo contrario de lo que practican en Madrid, d\u00f3nde utilizan su rodillo parlamentario, para actuar en contra de las pr\u00e9dicas de la sucursal asturiana\u00bb, denuncia.<\/p>\n<p>Campo sostiene que los ganaderos reivindican \u00absimplemente que se les permita ejercer en paz su actividad tradicional y ancestral, precisamente ahora que tanto se habla del envejecimiento poblacional y la escasez de habitantes\u00bb en la regi\u00f3n.<\/p>\n<p>Por su parte, la diputada regional de Foro ORO Mar\u00eda del Mar Garc\u00eda Poo denuncia \u00abla par\u00e1lisis que sufre el mercado de la vivienda en Asturias, sin visos de equilibrarse en los pr\u00f3ximos a\u00f1os\u00bb, y que a\u00f1ade \u00abs\u00f3lo es equiparable a la que sufre el presidente del Principado, Javier Fern\u00e1ndez\u00bb.<\/p>\n<p>\u00abLa venta de vivienda sigue en receso y son muchos los factores que influyen en ello, entre los que destaca la falta de trabajo por culpa de un gobierno inmovilista que no invita a tener proyectos de futuro porque precisamente el futuro es incierto y el ejecutivo carece de proyectos y soluciones\u00bb, manifiesta Garc\u00eda Poo.<\/p>\n","protected":false},"excerpt":{"rendered":"<p>Oviedo, 1 dic (EFE).- El diputado y portavoz de Agroganader\u00eda de Foro en la Junta General, Juan Ram\u00f3n Campo, lamenta la \u00abausencia absoluta de representantes de PSOE, IU e UPyD\u00bb en la concentraci\u00f3n de ganaderos celebrada esta semana en Oviedo, que \u00abdeja claro su falta de preocupaci\u00f3n\u00bb ante la problem\u00e1tica denunciada. Campo asegura que las [&hellip;]<\/p>\n","protected":false},"author":1,"featured_media":1132184,"comment_status":"closed","ping_status":"open","sticky":false,"template":"","format":"standard","meta":{"footnotes":""},"categories":[12],"tags":[],"class_list":["post-456473","post","type-post","status-publish","format-standard","has-post-thumbnail","hentry","category-actualidad-asturias"],"aioseo_notices":[],"aioseo_head":"\n\t\t<!-- All in One SEO Pro 5.0.1 - aioseo.com -->\n\t<meta name=\"description\" content=\"Oviedo, 1 dic (EFE).- El diputado y portavoz de Agroganader\u00eda de Foro en la Junta General, Juan Ram\u00f3n Campo, lamenta la &quot;ausencia absoluta de representantes de PSOE, IU e UPyD&quot; en la concentraci\u00f3n de ganaderos celebrada esta semana en Oviedo, que &quot;deja claro su falta de preocupaci\u00f3n&quot; ante la problem\u00e1tica denunciada. Campo asegura que las\" \/>\n\t<meta name=\"robots\" content=\"max-image-preview:large\" \/>\n\t<meta name=\"author\" content=\"El Digital de Asturias\"\/>\n\t<meta name=\"google-site-verification\" content=\"UA-38556648-1\" \/>\n\t<meta name=\"msvalidate.01\" content=\"7dfe9f3f1b24437ab69f4f2559babe99\" \/>\n\t<meta name=\"keywords\" content=\"actualidad asturias\" \/>\n\t<link rel=\"canonical\" href=\"https:\/\/www.eldigitaldeasturias.com\/noticias\/campo-afea-a-psoe-iu-y-upyd-su-falta-de-preocupacion-ante-los-problemas-ganaderos\/\" \/>\n\t<meta name=\"generator\" content=\"All in One SEO Pro (AIOSEO) 5.0.1\" \/>\n\t\t<meta property=\"og:locale\" content=\"es_ES\" \/>\n\t\t<meta property=\"og:site_name\" content=\"El Digital de Asturias\" \/>\n\t\t<meta property=\"og:type\" content=\"article\" \/>\n\t\t<meta property=\"og:title\" content=\"Campo afea a PSOE, IU y UPyD su \u00abfalta de preocupaci\u00f3n\u00bb ante los problemas ganaderos - El Digital de Asturias\" \/>\n\t\t<meta property=\"og:description\" content=\"Oviedo, 1 dic (EFE).- El diputado y portavoz de Agroganader\u00eda de Foro en la Junta General, Juan Ram\u00f3n Campo, lamenta la &quot;ausencia absoluta de representantes de PSOE, IU e UPyD&quot; en la concentraci\u00f3n de ganaderos celebrada esta semana en Oviedo, que &quot;deja claro su falta de preocupaci\u00f3n&quot; ante la problem\u00e1tica denunciada. Campo asegura que las\" \/>\n\t\t<meta property=\"og:url\" content=\"https:\/\/www.eldigitaldeasturias.com\/noticias\/campo-afea-a-psoe-iu-y-upyd-su-falta-de-preocupacion-ante-los-problemas-ganaderos\/\" \/>\n\t\t<meta property=\"og:image\" content=\"https:\/\/www.eldigitaldeasturias.com\/noticias\/wp-content\/uploads\/2026\/06\/Contenidos.jpg\" \/>\n\t\t<meta property=\"og:image:secure_url\" content=\"https:\/\/www.eldigitaldeasturias.com\/noticias\/wp-content\/uploads\/2026\/06\/Contenidos.jpg\" \/>\n\t\t<meta property=\"og:image:width\" content=\"1265\" \/>\n\t\t<meta property=\"og:image:height\" content=\"697\" \/>\n\t\t<meta property=\"article:tag\" content=\"actualidad asturias\" \/>\n\t\t<meta property=\"article:published_time\" content=\"2013-12-01T20:48:04+00:00\" \/>\n\t\t<meta property=\"article:modified_time\" content=\"2013-12-01T20:48:04+00:00\" \/>\n\t\t<meta property=\"article:publisher\" content=\"https:\/\/facebook.com\/eldigitaldeasturias\" \/>\n\t\t<meta name=\"twitter:card\" content=\"summary_large_image\" \/>\n\t\t<meta name=\"twitter:title\" content=\"Campo afea a PSOE, IU y UPyD su \u00abfalta de preocupaci\u00f3n\u00bb ante los problemas ganaderos - El Digital de Asturias\" \/>\n\t\t<meta name=\"twitter:description\" content=\"Oviedo, 1 dic (EFE).- El diputado y portavoz de Agroganader\u00eda de Foro en la Junta General, Juan Ram\u00f3n Campo, lamenta la &quot;ausencia absoluta de representantes de PSOE, IU e UPyD&quot; en la concentraci\u00f3n de ganaderos celebrada esta semana en Oviedo, que &quot;deja claro su falta de preocupaci\u00f3n&quot; ante la problem\u00e1tica denunciada. Campo asegura que las\" \/>\n\t\t<meta name=\"twitter:image\" content=\"https:\/\/www.eldigitaldeasturias.com\/noticias\/wp-content\/uploads\/2026\/06\/Contenidos.jpg\" \/>\n\t\t<meta name=\"twitter:label1\" content=\"Escrito por\" \/>\n\t\t<meta name=\"twitter:data1\" content=\"El Digital de Asturias\" \/>\n\t\t<meta name=\"twitter:label2\" content=\"Tiempo de lectura estimado\" \/>\n\t\t<meta name=\"twitter:data2\" content=\"3 minutos\" \/>\n\t\t<script type=\"application\/ld+json\" class=\"aioseo-schema\">\n\t\t\t{\"@context\":\"https:\\\/\\\/schema.org\",\"@graph\":[{\"@type\":\"BlogPosting\",\"@id\":\"https:\\\/\\\/www.eldigitaldeasturias.com\\\/noticias\\\/campo-afea-a-psoe-iu-y-upyd-su-falta-de-preocupacion-ante-los-problemas-ganaderos\\\/#blogposting\",\"name\":\"Campo afea a PSOE, IU y UPyD su \\u00abfalta de preocupaci\\u00f3n\\u00bb ante los problemas ganaderos - El Digital de Asturias\",\"headline\":\"Campo afea a PSOE, IU y UPyD su \\u00abfalta de preocupaci\\u00f3n\\u00bb ante los problemas ganaderos\",\"author\":{\"@id\":\"https:\\\/\\\/www.eldigitaldeasturias.com\\\/noticias\\\/author\\\/admin\\\/#author\"},\"publisher\":{\"@id\":\"https:\\\/\\\/www.eldigitaldeasturias.com\\\/noticias\\\/#organization\"},\"image\":{\"@type\":\"ImageObject\",\"url\":\"https:\\\/\\\/www.eldigitaldeasturias.com\\\/noticias\\\/wp-content\\\/uploads\\\/2026\\\/06\\\/Contenidos.jpg\",\"width\":1265,\"height\":697,\"caption\":\"Contenidos\"},\"datePublished\":\"2013-12-01T19:48:04+01:00\",\"dateModified\":\"2013-12-01T19:48:04+01:00\",\"inLanguage\":\"es-ES\",\"mainEntityOfPage\":{\"@id\":\"https:\\\/\\\/www.eldigitaldeasturias.com\\\/noticias\\\/campo-afea-a-psoe-iu-y-upyd-su-falta-de-preocupacion-ante-los-problemas-ganaderos\\\/#webpage\"},\"isPartOf\":{\"@id\":\"https:\\\/\\\/www.eldigitaldeasturias.com\\\/noticias\\\/campo-afea-a-psoe-iu-y-upyd-su-falta-de-preocupacion-ante-los-problemas-ganaderos\\\/#webpage\"},\"articleSection\":\"Actualidad Asturias\"},{\"@type\":\"BreadcrumbList\",\"@id\":\"https:\\\/\\\/www.eldigitaldeasturias.com\\\/noticias\\\/campo-afea-a-psoe-iu-y-upyd-su-falta-de-preocupacion-ante-los-problemas-ganaderos\\\/#breadcrumblist\",\"itemListElement\":[{\"@type\":\"ListItem\",\"@id\":\"https:\\\/\\\/www.eldigitaldeasturias.com\\\/noticias#listItem\",\"position\":1,\"name\":\"Home\",\"item\":\"https:\\\/\\\/www.eldigitaldeasturias.com\\\/noticias\",\"nextItem\":{\"@type\":\"ListItem\",\"@id\":\"https:\\\/\\\/www.eldigitaldeasturias.com\\\/noticias\\\/category\\\/actualidad-asturias\\\/#listItem\",\"name\":\"Actualidad Asturias\"}},{\"@type\":\"ListItem\",\"@id\":\"https:\\\/\\\/www.eldigitaldeasturias.com\\\/noticias\\\/category\\\/actualidad-asturias\\\/#listItem\",\"position\":2,\"name\":\"Actualidad Asturias\",\"item\":\"https:\\\/\\\/www.eldigitaldeasturias.com\\\/noticias\\\/category\\\/actualidad-asturias\\\/\",\"nextItem\":{\"@type\":\"ListItem\",\"@id\":\"https:\\\/\\\/www.eldigitaldeasturias.com\\\/noticias\\\/campo-afea-a-psoe-iu-y-upyd-su-falta-de-preocupacion-ante-los-problemas-ganaderos\\\/#listItem\",\"name\":\"Campo afea a PSOE, IU y UPyD su \\u00abfalta de preocupaci\\u00f3n\\u00bb ante los problemas ganaderos\"},\"previousItem\":{\"@type\":\"ListItem\",\"@id\":\"https:\\\/\\\/www.eldigitaldeasturias.com\\\/noticias#listItem\",\"name\":\"Home\"}},{\"@type\":\"ListItem\",\"@id\":\"https:\\\/\\\/www.eldigitaldeasturias.com\\\/noticias\\\/campo-afea-a-psoe-iu-y-upyd-su-falta-de-preocupacion-ante-los-problemas-ganaderos\\\/#listItem\",\"position\":3,\"name\":\"Campo afea a PSOE, IU y UPyD su \\u00abfalta de preocupaci\\u00f3n\\u00bb ante los problemas ganaderos\",\"previousItem\":{\"@type\":\"ListItem\",\"@id\":\"https:\\\/\\\/www.eldigitaldeasturias.com\\\/noticias\\\/category\\\/actualidad-asturias\\\/#listItem\",\"name\":\"Actualidad Asturias\"}}]},{\"@type\":\"Organization\",\"@id\":\"https:\\\/\\\/www.eldigitaldeasturias.com\\\/noticias\\\/#organization\",\"name\":\"El Digital de Asturias\",\"description\":\"Hemeroteca\",\"url\":\"https:\\\/\\\/www.eldigitaldeasturias.com\\\/noticias\\\/\",\"email\":\"info@eldigitaldeasturias.com\",\"telephone\":\"+34652131393\",\"logo\":{\"@type\":\"ImageObject\",\"url\":\"https:\\\/\\\/www.eldigitaldeasturias.com\\\/noticias\\\/wp-content\\\/uploads\\\/2020\\\/12\\\/EDA.jpg\",\"@id\":\"https:\\\/\\\/www.eldigitaldeasturias.com\\\/noticias\\\/campo-afea-a-psoe-iu-y-upyd-su-falta-de-preocupacion-ante-los-problemas-ganaderos\\\/#organizationLogo\"},\"image\":{\"@id\":\"https:\\\/\\\/www.eldigitaldeasturias.com\\\/noticias\\\/campo-afea-a-psoe-iu-y-upyd-su-falta-de-preocupacion-ante-los-problemas-ganaderos\\\/#organizationLogo\"},\"sameAs\":[\"https:\\\/\\\/facebook.com\\\/eldigitaldeasturias\",\"https:\\\/\\\/www.youtube.com\\\/channel\\\/UCZP-2wLEB9Rv6erhFmqVnvg\"],\"address\":{\"@id\":\"https:\\\/\\\/www.eldigitaldeasturias.com\\\/noticias\\\/#postaladdress\",\"@type\":\"PostalAddress\",\"streetAddress\":\"san antonio 4\",\"postalCode\":\"33430\",\"addressLocality\":\"Cand\\u00e1s\",\"addressRegion\":\"Asturias\",\"addressCountry\":\"ES\"}},{\"@type\":\"Person\",\"@id\":\"https:\\\/\\\/www.eldigitaldeasturias.com\\\/noticias\\\/author\\\/admin\\\/#author\",\"url\":\"https:\\\/\\\/www.eldigitaldeasturias.com\\\/noticias\\\/author\\\/admin\\\/\",\"name\":\"El Digital de Asturias\",\"image\":{\"@type\":\"ImageObject\",\"@id\":\"https:\\\/\\\/www.eldigitaldeasturias.com\\\/noticias\\\/campo-afea-a-psoe-iu-y-upyd-su-falta-de-preocupacion-ante-los-problemas-ganaderos\\\/#authorImage\",\"url\":\"https:\\\/\\\/secure.gravatar.com\\\/avatar\\\/df2aeffc32bcd13f8d26072ef8a91b623d677766deac7f97ca815868cd41bf5e?s=96&d=mm&r=g\",\"width\":96,\"height\":96,\"caption\":\"El Digital de Asturias\"}},{\"@type\":\"WebPage\",\"@id\":\"https:\\\/\\\/www.eldigitaldeasturias.com\\\/noticias\\\/campo-afea-a-psoe-iu-y-upyd-su-falta-de-preocupacion-ante-los-problemas-ganaderos\\\/#webpage\",\"url\":\"https:\\\/\\\/www.eldigitaldeasturias.com\\\/noticias\\\/campo-afea-a-psoe-iu-y-upyd-su-falta-de-preocupacion-ante-los-problemas-ganaderos\\\/\",\"name\":\"Campo afea a PSOE, IU y UPyD su \\u00abfalta de preocupaci\\u00f3n\\u00bb ante los problemas ganaderos - El Digital de Asturias\",\"description\":\"Oviedo, 1 dic (EFE).- El diputado y portavoz de Agroganader\\u00eda de Foro en la Junta General, Juan Ram\\u00f3n Campo, lamenta la \\\"ausencia absoluta de representantes de PSOE, IU e UPyD\\\" en la concentraci\\u00f3n de ganaderos celebrada esta semana en Oviedo, que \\\"deja claro su falta de preocupaci\\u00f3n\\\" ante la problem\\u00e1tica denunciada. Campo asegura que las\",\"inLanguage\":\"es-ES\",\"isPartOf\":{\"@id\":\"https:\\\/\\\/www.eldigitaldeasturias.com\\\/noticias\\\/#website\"},\"breadcrumb\":{\"@id\":\"https:\\\/\\\/www.eldigitaldeasturias.com\\\/noticias\\\/campo-afea-a-psoe-iu-y-upyd-su-falta-de-preocupacion-ante-los-problemas-ganaderos\\\/#breadcrumblist\"},\"author\":{\"@id\":\"https:\\\/\\\/www.eldigitaldeasturias.com\\\/noticias\\\/author\\\/admin\\\/#author\"},\"creator\":{\"@id\":\"https:\\\/\\\/www.eldigitaldeasturias.com\\\/noticias\\\/author\\\/admin\\\/#author\"},\"image\":{\"@type\":\"ImageObject\",\"url\":\"https:\\\/\\\/www.eldigitaldeasturias.com\\\/noticias\\\/wp-content\\\/uploads\\\/2026\\\/06\\\/Contenidos.jpg\",\"@id\":\"https:\\\/\\\/www.eldigitaldeasturias.com\\\/noticias\\\/campo-afea-a-psoe-iu-y-upyd-su-falta-de-preocupacion-ante-los-problemas-ganaderos\\\/#mainImage\",\"width\":1265,\"height\":697,\"caption\":\"Contenidos\"},\"primaryImageOfPage\":{\"@id\":\"https:\\\/\\\/www.eldigitaldeasturias.com\\\/noticias\\\/campo-afea-a-psoe-iu-y-upyd-su-falta-de-preocupacion-ante-los-problemas-ganaderos\\\/#mainImage\"},\"datePublished\":\"2013-12-01T19:48:04+01:00\",\"dateModified\":\"2013-12-01T19:48:04+01:00\"},{\"@type\":\"WebSite\",\"@id\":\"https:\\\/\\\/www.eldigitaldeasturias.com\\\/noticias\\\/#website\",\"url\":\"https:\\\/\\\/www.eldigitaldeasturias.com\\\/noticias\\\/\",\"name\":\"El Digital de Asturias - Diario de actualidad y noticias\",\"alternateName\":\"El Digital de Asturias - Diario de actualidad y noticias\",\"description\":\"Hemeroteca\",\"inLanguage\":\"es-ES\",\"publisher\":{\"@id\":\"https:\\\/\\\/www.eldigitaldeasturias.com\\\/noticias\\\/#organization\"}}]}\n\t\t<\/script>\n\t\t<!-- All in One SEO Pro -->\r\n\t\t<title>Campo afea a PSOE, IU y UPyD su \u00abfalta de preocupaci\u00f3n\u00bb ante los problemas ganaderos - El Digital de Asturias<\/title>\n\n","aioseo_head_json":{"title":"Campo afea a PSOE, IU y UPyD su \u00abfalta de preocupaci\u00f3n\u00bb ante los problemas ganaderos - El Digital de Asturias","description":"Oviedo, 1 dic (EFE).- El diputado y portavoz de Agroganader\u00eda de Foro en la Junta General, Juan Ram\u00f3n Campo, lamenta la \"ausencia absoluta de representantes de PSOE, IU e UPyD\" en la concentraci\u00f3n de ganaderos celebrada esta semana en Oviedo, que \"deja claro su falta de preocupaci\u00f3n\" ante la problem\u00e1tica denunciada. Campo asegura que las","canonical_url":"https:\/\/www.eldigitaldeasturias.com\/noticias\/campo-afea-a-psoe-iu-y-upyd-su-falta-de-preocupacion-ante-los-problemas-ganaderos\/","robots":"max-image-preview:large","keywords":"actualidad asturias","webmasterTools":{"google-site-verification":"UA-38556648-1","msvalidate.01":"7dfe9f3f1b24437ab69f4f2559babe99","miscellaneous":""},"schema":{"@context":"https:\/\/schema.org","@graph":[{"@type":"BlogPosting","@id":"https:\/\/www.eldigitaldeasturias.com\/noticias\/campo-afea-a-psoe-iu-y-upyd-su-falta-de-preocupacion-ante-los-problemas-ganaderos\/#blogposting","name":"Campo afea a PSOE, IU y UPyD su \u00abfalta de preocupaci\u00f3n\u00bb ante los problemas ganaderos - El Digital de Asturias","headline":"Campo afea a PSOE, IU y UPyD su \u00abfalta de preocupaci\u00f3n\u00bb ante los problemas ganaderos","author":{"@id":"https:\/\/www.eldigitaldeasturias.com\/noticias\/author\/admin\/#author"},"publisher":{"@id":"https:\/\/www.eldigitaldeasturias.com\/noticias\/#organization"},"image":{"@type":"ImageObject","url":"https:\/\/www.eldigitaldeasturias.com\/noticias\/wp-content\/uploads\/2026\/06\/Contenidos.jpg","width":1265,"height":697,"caption":"Contenidos"},"datePublished":"2013-12-01T19:48:04+01:00","dateModified":"2013-12-01T19:48:04+01:00","inLanguage":"es-ES","mainEntityOfPage":{"@id":"https:\/\/www.eldigitaldeasturias.com\/noticias\/campo-afea-a-psoe-iu-y-upyd-su-falta-de-preocupacion-ante-los-problemas-ganaderos\/#webpage"},"isPartOf":{"@id":"https:\/\/www.eldigitaldeasturias.com\/noticias\/campo-afea-a-psoe-iu-y-upyd-su-falta-de-preocupacion-ante-los-problemas-ganaderos\/#webpage"},"articleSection":"Actualidad Asturias"},{"@type":"BreadcrumbList","@id":"https:\/\/www.eldigitaldeasturias.com\/noticias\/campo-afea-a-psoe-iu-y-upyd-su-falta-de-preocupacion-ante-los-problemas-ganaderos\/#breadcrumblist","itemListElement":[{"@type":"ListItem","@id":"https:\/\/www.eldigitaldeasturias.com\/noticias#listItem","position":1,"name":"Home","item":"https:\/\/www.eldigitaldeasturias.com\/noticias","nextItem":{"@type":"ListItem","@id":"https:\/\/www.eldigitaldeasturias.com\/noticias\/category\/actualidad-asturias\/#listItem","name":"Actualidad Asturias"}},{"@type":"ListItem","@id":"https:\/\/www.eldigitaldeasturias.com\/noticias\/category\/actualidad-asturias\/#listItem","position":2,"name":"Actualidad Asturias","item":"https:\/\/www.eldigitaldeasturias.com\/noticias\/category\/actualidad-asturias\/","nextItem":{"@type":"ListItem","@id":"https:\/\/www.eldigitaldeasturias.com\/noticias\/campo-afea-a-psoe-iu-y-upyd-su-falta-de-preocupacion-ante-los-problemas-ganaderos\/#listItem","name":"Campo afea a PSOE, IU y UPyD su \u00abfalta de preocupaci\u00f3n\u00bb ante los problemas ganaderos"},"previousItem":{"@type":"ListItem","@id":"https:\/\/www.eldigitaldeasturias.com\/noticias#listItem","name":"Home"}},{"@type":"ListItem","@id":"https:\/\/www.eldigitaldeasturias.com\/noticias\/campo-afea-a-psoe-iu-y-upyd-su-falta-de-preocupacion-ante-los-problemas-ganaderos\/#listItem","position":3,"name":"Campo afea a PSOE, IU y UPyD su \u00abfalta de preocupaci\u00f3n\u00bb ante los problemas ganaderos","previousItem":{"@type":"ListItem","@id":"https:\/\/www.eldigitaldeasturias.com\/noticias\/category\/actualidad-asturias\/#listItem","name":"Actualidad Asturias"}}]},{"@type":"Organization","@id":"https:\/\/www.eldigitaldeasturias.com\/noticias\/#organization","name":"El Digital de Asturias","description":"Hemeroteca","url":"https:\/\/www.eldigitaldeasturias.com\/noticias\/","email":"info@eldigitaldeasturias.com","telephone":"+34652131393","logo":{"@type":"ImageObject","url":"https:\/\/www.eldigitaldeasturias.com\/noticias\/wp-content\/uploads\/2020\/12\/EDA.jpg","@id":"https:\/\/www.eldigitaldeasturias.com\/noticias\/campo-afea-a-psoe-iu-y-upyd-su-falta-de-preocupacion-ante-los-problemas-ganaderos\/#organizationLogo"},"image":{"@id":"https:\/\/www.eldigitaldeasturias.com\/noticias\/campo-afea-a-psoe-iu-y-upyd-su-falta-de-preocupacion-ante-los-problemas-ganaderos\/#organizationLogo"},"sameAs":["https:\/\/facebook.com\/eldigitaldeasturias","https:\/\/www.youtube.com\/channel\/UCZP-2wLEB9Rv6erhFmqVnvg"],"address":{"@id":"https:\/\/www.eldigitaldeasturias.com\/noticias\/#postaladdress","@type":"PostalAddress","streetAddress":"san antonio 4","postalCode":"33430","addressLocality":"Cand\u00e1s","addressRegion":"Asturias","addressCountry":"ES"}},{"@type":"Person","@id":"https:\/\/www.eldigitaldeasturias.com\/noticias\/author\/admin\/#author","url":"https:\/\/www.eldigitaldeasturias.com\/noticias\/author\/admin\/","name":"El Digital de Asturias","image":{"@type":"ImageObject","@id":"https:\/\/www.eldigitaldeasturias.com\/noticias\/campo-afea-a-psoe-iu-y-upyd-su-falta-de-preocupacion-ante-los-problemas-ganaderos\/#authorImage","url":"https:\/\/secure.gravatar.com\/avatar\/df2aeffc32bcd13f8d26072ef8a91b623d677766deac7f97ca815868cd41bf5e?s=96&d=mm&r=g","width":96,"height":96,"caption":"El Digital de Asturias"}},{"@type":"WebPage","@id":"https:\/\/www.eldigitaldeasturias.com\/noticias\/campo-afea-a-psoe-iu-y-upyd-su-falta-de-preocupacion-ante-los-problemas-ganaderos\/#webpage","url":"https:\/\/www.eldigitaldeasturias.com\/noticias\/campo-afea-a-psoe-iu-y-upyd-su-falta-de-preocupacion-ante-los-problemas-ganaderos\/","name":"Campo afea a PSOE, IU y UPyD su \u00abfalta de preocupaci\u00f3n\u00bb ante los problemas ganaderos - El Digital de Asturias","description":"Oviedo, 1 dic (EFE).- El diputado y portavoz de Agroganader\u00eda de Foro en la Junta General, Juan Ram\u00f3n Campo, lamenta la \"ausencia absoluta de representantes de PSOE, IU e UPyD\" en la concentraci\u00f3n de ganaderos celebrada esta semana en Oviedo, que \"deja claro su falta de preocupaci\u00f3n\" ante la problem\u00e1tica denunciada. Campo asegura que las","inLanguage":"es-ES","isPartOf":{"@id":"https:\/\/www.eldigitaldeasturias.com\/noticias\/#website"},"breadcrumb":{"@id":"https:\/\/www.eldigitaldeasturias.com\/noticias\/campo-afea-a-psoe-iu-y-upyd-su-falta-de-preocupacion-ante-los-problemas-ganaderos\/#breadcrumblist"},"author":{"@id":"https:\/\/www.eldigitaldeasturias.com\/noticias\/author\/admin\/#author"},"creator":{"@id":"https:\/\/www.eldigitaldeasturias.com\/noticias\/author\/admin\/#author"},"image":{"@type":"ImageObject","url":"https:\/\/www.eldigitaldeasturias.com\/noticias\/wp-content\/uploads\/2026\/06\/Contenidos.jpg","@id":"https:\/\/www.eldigitaldeasturias.com\/noticias\/campo-afea-a-psoe-iu-y-upyd-su-falta-de-preocupacion-ante-los-problemas-ganaderos\/#mainImage","width":1265,"height":697,"caption":"Contenidos"},"primaryImageOfPage":{"@id":"https:\/\/www.eldigitaldeasturias.com\/noticias\/campo-afea-a-psoe-iu-y-upyd-su-falta-de-preocupacion-ante-los-problemas-ganaderos\/#mainImage"},"datePublished":"2013-12-01T19:48:04+01:00","dateModified":"2013-12-01T19:48:04+01:00"},{"@type":"WebSite","@id":"https:\/\/www.eldigitaldeasturias.com\/noticias\/#website","url":"https:\/\/www.eldigitaldeasturias.com\/noticias\/","name":"El Digital de Asturias - Diario de actualidad y noticias","alternateName":"El Digital de Asturias - Diario de actualidad y noticias","description":"Hemeroteca","inLanguage":"es-ES","publisher":{"@id":"https:\/\/www.eldigitaldeasturias.com\/noticias\/#organization"}}]},"og:locale":"es_ES","og:site_name":"El Digital de Asturias","og:type":"article","og:title":"Campo afea a PSOE, IU y UPyD su \u00abfalta de preocupaci\u00f3n\u00bb ante los problemas ganaderos - El Digital de Asturias","og:description":"Oviedo, 1 dic (EFE).- El diputado y portavoz de Agroganader\u00eda de Foro en la Junta General, Juan Ram\u00f3n Campo, lamenta la &quot;ausencia absoluta de representantes de PSOE, IU e UPyD&quot; en la concentraci\u00f3n de ganaderos celebrada esta semana en Oviedo, que &quot;deja claro su falta de preocupaci\u00f3n&quot; ante la problem\u00e1tica denunciada. Campo asegura que las","og:url":"https:\/\/www.eldigitaldeasturias.com\/noticias\/campo-afea-a-psoe-iu-y-upyd-su-falta-de-preocupacion-ante-los-problemas-ganaderos\/","og:image":"https:\/\/www.eldigitaldeasturias.com\/noticias\/wp-content\/uploads\/2026\/06\/Contenidos.jpg","og:image:secure_url":"https:\/\/www.eldigitaldeasturias.com\/noticias\/wp-content\/uploads\/2026\/06\/Contenidos.jpg","og:image:width":1265,"og:image:height":697,"article:tag":["actualidad asturias"],"article:published_time":"2013-12-01T20:48:04+00:00","article:modified_time":"2013-12-01T20:48:04+00:00","article:publisher":"https:\/\/facebook.com\/eldigitaldeasturias","twitter:card":"summary_large_image","twitter:title":"Campo afea a PSOE, IU y UPyD su \u00abfalta de preocupaci\u00f3n\u00bb ante los problemas ganaderos - El Digital de Asturias","twitter:description":"Oviedo, 1 dic (EFE).- El diputado y portavoz de Agroganader\u00eda de Foro en la Junta General, Juan Ram\u00f3n Campo, lamenta la &quot;ausencia absoluta de representantes de PSOE, IU e UPyD&quot; en la concentraci\u00f3n de ganaderos celebrada esta semana en Oviedo, que &quot;deja claro su falta de preocupaci\u00f3n&quot; ante la problem\u00e1tica denunciada. Campo asegura que las","twitter:image":"https:\/\/www.eldigitaldeasturias.com\/noticias\/wp-content\/uploads\/2026\/06\/Contenidos.jpg","twitter:label1":"Escrito por","twitter:data1":"El Digital de Asturias","twitter:label2":"Tiempo de lectura estimado","twitter:data2":"3 minutos"},"aioseo_meta_data":{"post_id":"456473","title":null,"description":null,"keywords":null,"keyphrases":null,"primary_term":null,"canonical_url":null,"og_title":null,"og_description":null,"og_object_type":"default","og_image_type":"default","og_image_url":null,"og_image_width":null,"og_image_height":null,"og_image_custom_url":null,"og_image_custom_fields":null,"og_video":null,"og_custom_url":null,"og_article_section":null,"og_article_tags":null,"twitter_use_og":true,"twitter_card":"default","twitter_image_type":"default","twitter_image_url":null,"twitter_image_custom_url":null,"twitter_image_custom_fields":null,"twitter_title":null,"twitter_description":null,"schema":{"blockGraphs":[],"customGraphs":[],"default":{"data":{"Article":[],"Course":[],"Dataset":[],"FAQPage":[],"Movie":[],"Person":[],"Product":[],"ProductReview":[],"Car":[],"Recipe":[],"Service":[],"SoftwareApplication":[],"WebPage":[]},"graphName":"","isEnabled":true},"graphs":[],"defaultGraph":"","defaultPostTypeGraph":""},"schema_type":null,"schema_type_options":null,"pillar_content":false,"robots_default":true,"robots_noindex":false,"robots_noarchive":false,"robots_nosnippet":false,"robots_nofollow":false,"robots_noimageindex":false,"robots_noodp":false,"robots_notranslate":false,"robots_max_snippet":null,"robots_max_videopreview":null,"robots_max_imagepreview":"none","priority":null,"frequency":null,"local_seo":null,"seo_analyzer_scan_date":"2026-05-29 22:06:55","breadcrumb_settings":null,"limit_modified_date":false,"open_ai":null,"ai":null,"created":"2020-11-14 22:45:59","updated":"2026-05-29 22:06:55","focus_keyword":null,"additional_keywords":null,"truseo_locale":null},"aioseo_breadcrumb":"<div class=\"aioseo-breadcrumbs\"><span class=\"aioseo-breadcrumb\">\n\t<a href=\"https:\/\/www.eldigitaldeasturias.com\/noticias\" title=\"Home\">Home<\/a>\n<\/span><span class=\"aioseo-breadcrumb-separator\">\u2013<\/span><span class=\"aioseo-breadcrumb\">\n\t<a href=\"https:\/\/www.eldigitaldeasturias.com\/noticias\/category\/actualidad-asturias\/\" title=\"Actualidad Asturias\">Actualidad Asturias<\/a>\n<\/span><span class=\"aioseo-breadcrumb-separator\">\u2013<\/span><span class=\"aioseo-breadcrumb\">\n\t<a href=\"https:\/\/www.eldigitaldeasturias.com\/noticias\/campo-afea-a-psoe-iu-y-upyd-su-falta-de-preocupacion-ante-los-problemas-ganaderos\/\" title=\"Campo afea a PSOE, IU y UPyD su \u00abfalta de preocupaci\u00f3n\u00bb ante los problemas ganaderos\">Campo afea a PSOE, IU y UPyD su \u00abfalta de preocupaci\u00f3n\u00bb ante los problemas ganaderos<\/a>\n<\/span><\/div>","aioseo_breadcrumb_json":[{"label":"Home","link":"https:\/\/www.eldigitaldeasturias.com\/noticias"},{"label":"Actualidad Asturias","link":"https:\/\/www.eldigitaldeasturias.com\/noticias\/category\/actualidad-asturias\/"},{"label":"Campo afea a PSOE, IU y UPyD su \u00abfalta de preocupaci\u00f3n\u00bb ante los problemas ganaderos","link":"https:\/\/www.eldigitaldeasturias.com\/noticias\/campo-afea-a-psoe-iu-y-upyd-su-falta-de-preocupacion-ante-los-problemas-ganaderos\/"}],"_links":{"self":[{"href":"https:\/\/www.eldigitaldeasturias.com\/noticias\/wp-json\/wp\/v2\/posts\/456473","targetHints":{"allow":["GET"]}}],"collection":[{"href":"https:\/\/www.eldigitaldeasturias.com\/noticias\/wp-json\/wp\/v2\/posts"}],"about":[{"href":"https:\/\/www.eldigitaldeasturias.com\/noticias\/wp-json\/wp\/v2\/types\/post"}],"author":[{"embeddable":true,"href":"https:\/\/www.eldigitaldeasturias.com\/noticias\/wp-json\/wp\/v2\/users\/1"}],"replies":[{"embeddable":true,"href":"https:\/\/www.eldigitaldeasturias.com\/noticias\/wp-json\/wp\/v2\/comments?post=456473"}],"version-history":[{"count":0,"href":"https:\/\/www.eldigitaldeasturias.com\/noticias\/wp-json\/wp\/v2\/posts\/456473\/revisions"}],"wp:featuredmedia":[{"embeddable":true,"href":"https:\/\/www.eldigitaldeasturias.com\/noticias\/wp-json\/wp\/v2\/media\/1132184"}],"wp:attachment":[{"href":"https:\/\/www.eldigitaldeasturias.com\/noticias\/wp-json\/wp\/v2\/media?parent=456473"}],"wp:term":[{"taxonomy":"category","embeddable":true,"href":"https:\/\/www.eldigitaldeasturias.com\/noticias\/wp-json\/wp\/v2\/categories?post=456473"},{"taxonomy":"post_tag","embeddable":true,"href":"https:\/\/www.eldigitaldeasturias.com\/noticias\/wp-json\/wp\/v2\/tags?post=456473"}],"curies":[{"name":"wp","href":"https:\/\/api.w.org\/{rel}","templated":true}]}}