{"id":456467,"date":"2013-12-01T19:44:47","date_gmt":"2013-12-01T20:44:47","guid":{"rendered":"http:\/\/www.eldigitaldeasturias.com\/noticias\/?p=456467"},"modified":"2013-12-01T19:44:47","modified_gmt":"2013-12-01T20:44:47","slug":"jaime-de-borbon-parma-espera-su-primer-hijo-en-febrero","status":"publish","type":"post","link":"https:\/\/www.eldigitaldeasturias.com\/noticias\/jaime-de-borbon-parma-espera-su-primer-hijo-en-febrero\/","title":{"rendered":"Jaime de Borb\u00f3n Parma espera su primer hijo en febrero"},"content":{"rendered":"<p><img loading=\"lazy\" decoding=\"async\" class=\"alignleft size-medium wp-image-456468\" alt=\"5764492w\" src=\"https:\/\/www.eldigitaldeasturias.com\/noticias\/wp-content\/uploads\/2013\/12\/5764492w-360x252.jpg\" width=\"360\" height=\"252\" \/>Bruselas, 1 dic (EFE).- El pr\u00edncipe Jaime Bernardo de Borb\u00f3n Parma y su mujer, la h\u00fangara Vikt\u00f3ria Cserveny\u00e1k, esperan su primer hijo para el pr\u00f3ximo mes de febrero, seg\u00fan inform\u00f3 hoy la televisi\u00f3n p\u00fablica holandesa NOS.<\/p>\n<p>Jaime, hijo del hist\u00f3rico dirigente carlista Carlos Hugo de Borb\u00f3n Parma y de la princesa Irene de los Pa\u00edses Bajos, comunic\u00f3 la noticia anoche tras los festejos del bicentenario del reinado de los Orange en Holanda.<\/p>\n<p>El pr\u00edncipe, de 41 a\u00f1os, contrajo matrimonio con Cserveny\u00e1k, de 31, el pasado octubre en Apeldoorn (centro de Holanda), en una ceremonia a la que asisti\u00f3 la familia real neerlandesa pr\u00e1cticamente al completo.<\/p>\n<p>Jaime es uno de los cuatro descendientes del matrimonio entre Carlos Hugo de Borb\u00f3n Parma y la princesa Irene, hermana menor de la princesa Beatriz de Holanda, que rein\u00f3 hasta ceder el trono este a\u00f1o a su hijo Guillermo-Alejandro.<\/p>\n<p>El pr\u00edncipe trabaja en el Ministerio holand\u00e9s de Asuntos Exteriores, mientras que su esposa -a la que conoci\u00f3 hace algo m\u00e1s de un a\u00f1o- es abogada en el banco Rabobank.<\/p>\n","protected":false},"excerpt":{"rendered":"<p>Bruselas, 1 dic (EFE).- El pr\u00edncipe Jaime Bernardo de Borb\u00f3n Parma y su mujer, la h\u00fangara Vikt\u00f3ria Cserveny\u00e1k, esperan su primer hijo para el pr\u00f3ximo mes de febrero, seg\u00fan inform\u00f3 hoy la televisi\u00f3n p\u00fablica holandesa NOS. Jaime, hijo del hist\u00f3rico dirigente carlista Carlos Hugo de Borb\u00f3n Parma y de la princesa Irene de los Pa\u00edses [&hellip;]<\/p>\n","protected":false},"author":1,"featured_media":456468,"comment_status":"closed","ping_status":"open","sticky":false,"template":"","format":"standard","meta":{"footnotes":""},"categories":[28],"tags":[],"class_list":["post-456467","post","type-post","status-publish","format-standard","has-post-thumbnail","hentry","category-sociedad"],"aioseo_notices":[],"aioseo_head":"\n\t\t<!-- All in One SEO Pro 5.0.1 - aioseo.com -->\n\t<meta name=\"description\" content=\"Bruselas, 1 dic (EFE).- El pr\u00edncipe Jaime Bernardo de Borb\u00f3n Parma y su mujer, la h\u00fangara Vikt\u00f3ria Cserveny\u00e1k, esperan su primer hijo para el pr\u00f3ximo mes de febrero, seg\u00fan inform\u00f3 hoy la televisi\u00f3n p\u00fablica holandesa NOS. Jaime, hijo del hist\u00f3rico dirigente carlista Carlos Hugo de Borb\u00f3n Parma y de la princesa Irene de los Pa\u00edses\" \/>\n\t<meta name=\"robots\" content=\"max-image-preview:large\" \/>\n\t<meta name=\"author\" content=\"El Digital de Asturias\"\/>\n\t<meta name=\"google-site-verification\" content=\"UA-38556648-1\" \/>\n\t<meta name=\"msvalidate.01\" content=\"7dfe9f3f1b24437ab69f4f2559babe99\" \/>\n\t<meta name=\"keywords\" content=\"sociedad\" \/>\n\t<link rel=\"canonical\" href=\"https:\/\/www.eldigitaldeasturias.com\/noticias\/jaime-de-borbon-parma-espera-su-primer-hijo-en-febrero\/\" \/>\n\t<meta name=\"generator\" content=\"All in One SEO Pro (AIOSEO) 5.0.1\" \/>\n\t\t<meta property=\"og:locale\" content=\"es_ES\" \/>\n\t\t<meta property=\"og:site_name\" content=\"El Digital de Asturias\" \/>\n\t\t<meta property=\"og:type\" content=\"article\" \/>\n\t\t<meta property=\"og:title\" content=\"Jaime de Borb\u00f3n Parma espera su primer hijo en febrero - El Digital de Asturias\" \/>\n\t\t<meta property=\"og:description\" content=\"Bruselas, 1 dic (EFE).- El pr\u00edncipe Jaime Bernardo de Borb\u00f3n Parma y su mujer, la h\u00fangara Vikt\u00f3ria Cserveny\u00e1k, esperan su primer hijo para el pr\u00f3ximo mes de febrero, seg\u00fan inform\u00f3 hoy la televisi\u00f3n p\u00fablica holandesa NOS. Jaime, hijo del hist\u00f3rico dirigente carlista Carlos Hugo de Borb\u00f3n Parma y de la princesa Irene de los Pa\u00edses\" \/>\n\t\t<meta property=\"og:url\" content=\"https:\/\/www.eldigitaldeasturias.com\/noticias\/jaime-de-borbon-parma-espera-su-primer-hijo-en-febrero\/\" \/>\n\t\t<meta property=\"article:tag\" content=\"sociedad\" \/>\n\t\t<meta property=\"article:published_time\" content=\"2013-12-01T20:44:47+00:00\" \/>\n\t\t<meta property=\"article:modified_time\" content=\"2013-12-01T20:44:47+00:00\" \/>\n\t\t<meta property=\"article:publisher\" content=\"https:\/\/facebook.com\/eldigitaldeasturias\" \/>\n\t\t<meta name=\"twitter:card\" content=\"summary_large_image\" \/>\n\t\t<meta name=\"twitter:title\" content=\"Jaime de Borb\u00f3n Parma espera su primer hijo en febrero - El Digital de Asturias\" \/>\n\t\t<meta name=\"twitter:description\" content=\"Bruselas, 1 dic (EFE).- El pr\u00edncipe Jaime Bernardo de Borb\u00f3n Parma y su mujer, la h\u00fangara Vikt\u00f3ria Cserveny\u00e1k, esperan su primer hijo para el pr\u00f3ximo mes de febrero, seg\u00fan inform\u00f3 hoy la televisi\u00f3n p\u00fablica holandesa NOS. Jaime, hijo del hist\u00f3rico dirigente carlista Carlos Hugo de Borb\u00f3n Parma y de la princesa Irene de los Pa\u00edses\" \/>\n\t\t<meta name=\"twitter:label1\" content=\"Escrito por\" \/>\n\t\t<meta name=\"twitter:data1\" content=\"El Digital de Asturias\" \/>\n\t\t<meta name=\"twitter:label2\" content=\"Tiempo de lectura estimado\" \/>\n\t\t<meta name=\"twitter:data2\" content=\"1 minuto\" \/>\n\t\t<script type=\"application\/ld+json\" class=\"aioseo-schema\">\n\t\t\t{\"@context\":\"https:\\\/\\\/schema.org\",\"@graph\":[{\"@type\":\"BlogPosting\",\"@id\":\"https:\\\/\\\/www.eldigitaldeasturias.com\\\/noticias\\\/jaime-de-borbon-parma-espera-su-primer-hijo-en-febrero\\\/#blogposting\",\"name\":\"Jaime de Borb\\u00f3n Parma espera su primer hijo en febrero - El Digital de Asturias\",\"headline\":\"Jaime de Borb\\u00f3n Parma espera su primer hijo en febrero\",\"author\":{\"@id\":\"https:\\\/\\\/www.eldigitaldeasturias.com\\\/noticias\\\/author\\\/admin\\\/#author\"},\"publisher\":{\"@id\":\"https:\\\/\\\/www.eldigitaldeasturias.com\\\/noticias\\\/#organization\"},\"image\":{\"@type\":\"ImageObject\",\"url\":456468},\"datePublished\":\"2013-12-01T19:44:47+01:00\",\"dateModified\":\"2013-12-01T19:44:47+01:00\",\"inLanguage\":\"es-ES\",\"mainEntityOfPage\":{\"@id\":\"https:\\\/\\\/www.eldigitaldeasturias.com\\\/noticias\\\/jaime-de-borbon-parma-espera-su-primer-hijo-en-febrero\\\/#webpage\"},\"isPartOf\":{\"@id\":\"https:\\\/\\\/www.eldigitaldeasturias.com\\\/noticias\\\/jaime-de-borbon-parma-espera-su-primer-hijo-en-febrero\\\/#webpage\"},\"articleSection\":\"Sociedad\"},{\"@type\":\"BreadcrumbList\",\"@id\":\"https:\\\/\\\/www.eldigitaldeasturias.com\\\/noticias\\\/jaime-de-borbon-parma-espera-su-primer-hijo-en-febrero\\\/#breadcrumblist\",\"itemListElement\":[{\"@type\":\"ListItem\",\"@id\":\"https:\\\/\\\/www.eldigitaldeasturias.com\\\/noticias#listItem\",\"position\":1,\"name\":\"Home\",\"item\":\"https:\\\/\\\/www.eldigitaldeasturias.com\\\/noticias\",\"nextItem\":{\"@type\":\"ListItem\",\"@id\":\"https:\\\/\\\/www.eldigitaldeasturias.com\\\/noticias\\\/category\\\/sociedad\\\/#listItem\",\"name\":\"Sociedad\"}},{\"@type\":\"ListItem\",\"@id\":\"https:\\\/\\\/www.eldigitaldeasturias.com\\\/noticias\\\/category\\\/sociedad\\\/#listItem\",\"position\":2,\"name\":\"Sociedad\",\"item\":\"https:\\\/\\\/www.eldigitaldeasturias.com\\\/noticias\\\/category\\\/sociedad\\\/\",\"nextItem\":{\"@type\":\"ListItem\",\"@id\":\"https:\\\/\\\/www.eldigitaldeasturias.com\\\/noticias\\\/jaime-de-borbon-parma-espera-su-primer-hijo-en-febrero\\\/#listItem\",\"name\":\"Jaime de Borb\\u00f3n Parma espera su primer hijo en febrero\"},\"previousItem\":{\"@type\":\"ListItem\",\"@id\":\"https:\\\/\\\/www.eldigitaldeasturias.com\\\/noticias#listItem\",\"name\":\"Home\"}},{\"@type\":\"ListItem\",\"@id\":\"https:\\\/\\\/www.eldigitaldeasturias.com\\\/noticias\\\/jaime-de-borbon-parma-espera-su-primer-hijo-en-febrero\\\/#listItem\",\"position\":3,\"name\":\"Jaime de Borb\\u00f3n Parma espera su primer hijo en febrero\",\"previousItem\":{\"@type\":\"ListItem\",\"@id\":\"https:\\\/\\\/www.eldigitaldeasturias.com\\\/noticias\\\/category\\\/sociedad\\\/#listItem\",\"name\":\"Sociedad\"}}]},{\"@type\":\"Organization\",\"@id\":\"https:\\\/\\\/www.eldigitaldeasturias.com\\\/noticias\\\/#organization\",\"name\":\"El Digital de Asturias\",\"description\":\"Hemeroteca\",\"url\":\"https:\\\/\\\/www.eldigitaldeasturias.com\\\/noticias\\\/\",\"email\":\"info@eldigitaldeasturias.com\",\"telephone\":\"+34652131393\",\"logo\":{\"@type\":\"ImageObject\",\"url\":\"https:\\\/\\\/www.eldigitaldeasturias.com\\\/noticias\\\/wp-content\\\/uploads\\\/2020\\\/12\\\/EDA.jpg\",\"@id\":\"https:\\\/\\\/www.eldigitaldeasturias.com\\\/noticias\\\/jaime-de-borbon-parma-espera-su-primer-hijo-en-febrero\\\/#organizationLogo\"},\"image\":{\"@id\":\"https:\\\/\\\/www.eldigitaldeasturias.com\\\/noticias\\\/jaime-de-borbon-parma-espera-su-primer-hijo-en-febrero\\\/#organizationLogo\"},\"sameAs\":[\"https:\\\/\\\/facebook.com\\\/eldigitaldeasturias\",\"https:\\\/\\\/www.youtube.com\\\/channel\\\/UCZP-2wLEB9Rv6erhFmqVnvg\"],\"address\":{\"@id\":\"https:\\\/\\\/www.eldigitaldeasturias.com\\\/noticias\\\/#postaladdress\",\"@type\":\"PostalAddress\",\"streetAddress\":\"san antonio 4\",\"postalCode\":\"33430\",\"addressLocality\":\"Cand\\u00e1s\",\"addressRegion\":\"Asturias\",\"addressCountry\":\"ES\"}},{\"@type\":\"Person\",\"@id\":\"https:\\\/\\\/www.eldigitaldeasturias.com\\\/noticias\\\/author\\\/admin\\\/#author\",\"url\":\"https:\\\/\\\/www.eldigitaldeasturias.com\\\/noticias\\\/author\\\/admin\\\/\",\"name\":\"El Digital de Asturias\",\"image\":{\"@type\":\"ImageObject\",\"@id\":\"https:\\\/\\\/www.eldigitaldeasturias.com\\\/noticias\\\/jaime-de-borbon-parma-espera-su-primer-hijo-en-febrero\\\/#authorImage\",\"url\":\"https:\\\/\\\/secure.gravatar.com\\\/avatar\\\/df2aeffc32bcd13f8d26072ef8a91b623d677766deac7f97ca815868cd41bf5e?s=96&d=mm&r=g\",\"width\":96,\"height\":96,\"caption\":\"El Digital de Asturias\"}},{\"@type\":\"WebPage\",\"@id\":\"https:\\\/\\\/www.eldigitaldeasturias.com\\\/noticias\\\/jaime-de-borbon-parma-espera-su-primer-hijo-en-febrero\\\/#webpage\",\"url\":\"https:\\\/\\\/www.eldigitaldeasturias.com\\\/noticias\\\/jaime-de-borbon-parma-espera-su-primer-hijo-en-febrero\\\/\",\"name\":\"Jaime de Borb\\u00f3n Parma espera su primer hijo en febrero - El Digital de Asturias\",\"description\":\"Bruselas, 1 dic (EFE).- El pr\\u00edncipe Jaime Bernardo de Borb\\u00f3n Parma y su mujer, la h\\u00fangara Vikt\\u00f3ria Cserveny\\u00e1k, esperan su primer hijo para el pr\\u00f3ximo mes de febrero, seg\\u00fan inform\\u00f3 hoy la televisi\\u00f3n p\\u00fablica holandesa NOS. Jaime, hijo del hist\\u00f3rico dirigente carlista Carlos Hugo de Borb\\u00f3n Parma y de la princesa Irene de los Pa\\u00edses\",\"inLanguage\":\"es-ES\",\"isPartOf\":{\"@id\":\"https:\\\/\\\/www.eldigitaldeasturias.com\\\/noticias\\\/#website\"},\"breadcrumb\":{\"@id\":\"https:\\\/\\\/www.eldigitaldeasturias.com\\\/noticias\\\/jaime-de-borbon-parma-espera-su-primer-hijo-en-febrero\\\/#breadcrumblist\"},\"author\":{\"@id\":\"https:\\\/\\\/www.eldigitaldeasturias.com\\\/noticias\\\/author\\\/admin\\\/#author\"},\"creator\":{\"@id\":\"https:\\\/\\\/www.eldigitaldeasturias.com\\\/noticias\\\/author\\\/admin\\\/#author\"},\"image\":{\"@type\":\"ImageObject\",\"url\":456468,\"@id\":\"https:\\\/\\\/www.eldigitaldeasturias.com\\\/noticias\\\/jaime-de-borbon-parma-espera-su-primer-hijo-en-febrero\\\/#mainImage\"},\"primaryImageOfPage\":{\"@id\":\"https:\\\/\\\/www.eldigitaldeasturias.com\\\/noticias\\\/jaime-de-borbon-parma-espera-su-primer-hijo-en-febrero\\\/#mainImage\"},\"datePublished\":\"2013-12-01T19:44:47+01:00\",\"dateModified\":\"2013-12-01T19:44:47+01:00\"},{\"@type\":\"WebSite\",\"@id\":\"https:\\\/\\\/www.eldigitaldeasturias.com\\\/noticias\\\/#website\",\"url\":\"https:\\\/\\\/www.eldigitaldeasturias.com\\\/noticias\\\/\",\"name\":\"El Digital de Asturias - Diario de actualidad y noticias\",\"alternateName\":\"El Digital de Asturias - Diario de actualidad y noticias\",\"description\":\"Hemeroteca\",\"inLanguage\":\"es-ES\",\"publisher\":{\"@id\":\"https:\\\/\\\/www.eldigitaldeasturias.com\\\/noticias\\\/#organization\"}}]}\n\t\t<\/script>\n\t\t<!-- All in One SEO Pro -->\r\n\t\t<title>Jaime de Borb\u00f3n Parma espera su primer hijo en febrero - El Digital de Asturias<\/title>\n\n","aioseo_head_json":{"title":"Jaime de Borb\u00f3n Parma espera su primer hijo en febrero - El Digital de Asturias","description":"Bruselas, 1 dic (EFE).- El pr\u00edncipe Jaime Bernardo de Borb\u00f3n Parma y su mujer, la h\u00fangara Vikt\u00f3ria Cserveny\u00e1k, esperan su primer hijo para el pr\u00f3ximo mes de febrero, seg\u00fan inform\u00f3 hoy la televisi\u00f3n p\u00fablica holandesa NOS. Jaime, hijo del hist\u00f3rico dirigente carlista Carlos Hugo de Borb\u00f3n Parma y de la princesa Irene de los Pa\u00edses","canonical_url":"https:\/\/www.eldigitaldeasturias.com\/noticias\/jaime-de-borbon-parma-espera-su-primer-hijo-en-febrero\/","robots":"max-image-preview:large","keywords":"sociedad","webmasterTools":{"google-site-verification":"UA-38556648-1","msvalidate.01":"7dfe9f3f1b24437ab69f4f2559babe99","miscellaneous":""},"schema":{"@context":"https:\/\/schema.org","@graph":[{"@type":"BlogPosting","@id":"https:\/\/www.eldigitaldeasturias.com\/noticias\/jaime-de-borbon-parma-espera-su-primer-hijo-en-febrero\/#blogposting","name":"Jaime de Borb\u00f3n Parma espera su primer hijo en febrero - El Digital de Asturias","headline":"Jaime de Borb\u00f3n Parma espera su primer hijo en febrero","author":{"@id":"https:\/\/www.eldigitaldeasturias.com\/noticias\/author\/admin\/#author"},"publisher":{"@id":"https:\/\/www.eldigitaldeasturias.com\/noticias\/#organization"},"image":{"@type":"ImageObject","url":456468},"datePublished":"2013-12-01T19:44:47+01:00","dateModified":"2013-12-01T19:44:47+01:00","inLanguage":"es-ES","mainEntityOfPage":{"@id":"https:\/\/www.eldigitaldeasturias.com\/noticias\/jaime-de-borbon-parma-espera-su-primer-hijo-en-febrero\/#webpage"},"isPartOf":{"@id":"https:\/\/www.eldigitaldeasturias.com\/noticias\/jaime-de-borbon-parma-espera-su-primer-hijo-en-febrero\/#webpage"},"articleSection":"Sociedad"},{"@type":"BreadcrumbList","@id":"https:\/\/www.eldigitaldeasturias.com\/noticias\/jaime-de-borbon-parma-espera-su-primer-hijo-en-febrero\/#breadcrumblist","itemListElement":[{"@type":"ListItem","@id":"https:\/\/www.eldigitaldeasturias.com\/noticias#listItem","position":1,"name":"Home","item":"https:\/\/www.eldigitaldeasturias.com\/noticias","nextItem":{"@type":"ListItem","@id":"https:\/\/www.eldigitaldeasturias.com\/noticias\/category\/sociedad\/#listItem","name":"Sociedad"}},{"@type":"ListItem","@id":"https:\/\/www.eldigitaldeasturias.com\/noticias\/category\/sociedad\/#listItem","position":2,"name":"Sociedad","item":"https:\/\/www.eldigitaldeasturias.com\/noticias\/category\/sociedad\/","nextItem":{"@type":"ListItem","@id":"https:\/\/www.eldigitaldeasturias.com\/noticias\/jaime-de-borbon-parma-espera-su-primer-hijo-en-febrero\/#listItem","name":"Jaime de Borb\u00f3n Parma espera su primer hijo en febrero"},"previousItem":{"@type":"ListItem","@id":"https:\/\/www.eldigitaldeasturias.com\/noticias#listItem","name":"Home"}},{"@type":"ListItem","@id":"https:\/\/www.eldigitaldeasturias.com\/noticias\/jaime-de-borbon-parma-espera-su-primer-hijo-en-febrero\/#listItem","position":3,"name":"Jaime de Borb\u00f3n Parma espera su primer hijo en febrero","previousItem":{"@type":"ListItem","@id":"https:\/\/www.eldigitaldeasturias.com\/noticias\/category\/sociedad\/#listItem","name":"Sociedad"}}]},{"@type":"Organization","@id":"https:\/\/www.eldigitaldeasturias.com\/noticias\/#organization","name":"El Digital de Asturias","description":"Hemeroteca","url":"https:\/\/www.eldigitaldeasturias.com\/noticias\/","email":"info@eldigitaldeasturias.com","telephone":"+34652131393","logo":{"@type":"ImageObject","url":"https:\/\/www.eldigitaldeasturias.com\/noticias\/wp-content\/uploads\/2020\/12\/EDA.jpg","@id":"https:\/\/www.eldigitaldeasturias.com\/noticias\/jaime-de-borbon-parma-espera-su-primer-hijo-en-febrero\/#organizationLogo"},"image":{"@id":"https:\/\/www.eldigitaldeasturias.com\/noticias\/jaime-de-borbon-parma-espera-su-primer-hijo-en-febrero\/#organizationLogo"},"sameAs":["https:\/\/facebook.com\/eldigitaldeasturias","https:\/\/www.youtube.com\/channel\/UCZP-2wLEB9Rv6erhFmqVnvg"],"address":{"@id":"https:\/\/www.eldigitaldeasturias.com\/noticias\/#postaladdress","@type":"PostalAddress","streetAddress":"san antonio 4","postalCode":"33430","addressLocality":"Cand\u00e1s","addressRegion":"Asturias","addressCountry":"ES"}},{"@type":"Person","@id":"https:\/\/www.eldigitaldeasturias.com\/noticias\/author\/admin\/#author","url":"https:\/\/www.eldigitaldeasturias.com\/noticias\/author\/admin\/","name":"El Digital de Asturias","image":{"@type":"ImageObject","@id":"https:\/\/www.eldigitaldeasturias.com\/noticias\/jaime-de-borbon-parma-espera-su-primer-hijo-en-febrero\/#authorImage","url":"https:\/\/secure.gravatar.com\/avatar\/df2aeffc32bcd13f8d26072ef8a91b623d677766deac7f97ca815868cd41bf5e?s=96&d=mm&r=g","width":96,"height":96,"caption":"El Digital de Asturias"}},{"@type":"WebPage","@id":"https:\/\/www.eldigitaldeasturias.com\/noticias\/jaime-de-borbon-parma-espera-su-primer-hijo-en-febrero\/#webpage","url":"https:\/\/www.eldigitaldeasturias.com\/noticias\/jaime-de-borbon-parma-espera-su-primer-hijo-en-febrero\/","name":"Jaime de Borb\u00f3n Parma espera su primer hijo en febrero - El Digital de Asturias","description":"Bruselas, 1 dic (EFE).- El pr\u00edncipe Jaime Bernardo de Borb\u00f3n Parma y su mujer, la h\u00fangara Vikt\u00f3ria Cserveny\u00e1k, esperan su primer hijo para el pr\u00f3ximo mes de febrero, seg\u00fan inform\u00f3 hoy la televisi\u00f3n p\u00fablica holandesa NOS. Jaime, hijo del hist\u00f3rico dirigente carlista Carlos Hugo de Borb\u00f3n Parma y de la princesa Irene de los Pa\u00edses","inLanguage":"es-ES","isPartOf":{"@id":"https:\/\/www.eldigitaldeasturias.com\/noticias\/#website"},"breadcrumb":{"@id":"https:\/\/www.eldigitaldeasturias.com\/noticias\/jaime-de-borbon-parma-espera-su-primer-hijo-en-febrero\/#breadcrumblist"},"author":{"@id":"https:\/\/www.eldigitaldeasturias.com\/noticias\/author\/admin\/#author"},"creator":{"@id":"https:\/\/www.eldigitaldeasturias.com\/noticias\/author\/admin\/#author"},"image":{"@type":"ImageObject","url":456468,"@id":"https:\/\/www.eldigitaldeasturias.com\/noticias\/jaime-de-borbon-parma-espera-su-primer-hijo-en-febrero\/#mainImage"},"primaryImageOfPage":{"@id":"https:\/\/www.eldigitaldeasturias.com\/noticias\/jaime-de-borbon-parma-espera-su-primer-hijo-en-febrero\/#mainImage"},"datePublished":"2013-12-01T19:44:47+01:00","dateModified":"2013-12-01T19:44:47+01:00"},{"@type":"WebSite","@id":"https:\/\/www.eldigitaldeasturias.com\/noticias\/#website","url":"https:\/\/www.eldigitaldeasturias.com\/noticias\/","name":"El Digital de Asturias - Diario de actualidad y noticias","alternateName":"El Digital de Asturias - Diario de actualidad y noticias","description":"Hemeroteca","inLanguage":"es-ES","publisher":{"@id":"https:\/\/www.eldigitaldeasturias.com\/noticias\/#organization"}}]},"og:locale":"es_ES","og:site_name":"El Digital de Asturias","og:type":"article","og:title":"Jaime de Borb\u00f3n Parma espera su primer hijo en febrero - El Digital de Asturias","og:description":"Bruselas, 1 dic (EFE).- El pr\u00edncipe Jaime Bernardo de Borb\u00f3n Parma y su mujer, la h\u00fangara Vikt\u00f3ria Cserveny\u00e1k, esperan su primer hijo para el pr\u00f3ximo mes de febrero, seg\u00fan inform\u00f3 hoy la televisi\u00f3n p\u00fablica holandesa NOS. Jaime, hijo del hist\u00f3rico dirigente carlista Carlos Hugo de Borb\u00f3n Parma y de la princesa Irene de los Pa\u00edses","og:url":"https:\/\/www.eldigitaldeasturias.com\/noticias\/jaime-de-borbon-parma-espera-su-primer-hijo-en-febrero\/","article:tag":["sociedad"],"article:published_time":"2013-12-01T20:44:47+00:00","article:modified_time":"2013-12-01T20:44:47+00:00","article:publisher":"https:\/\/facebook.com\/eldigitaldeasturias","twitter:card":"summary_large_image","twitter:title":"Jaime de Borb\u00f3n Parma espera su primer hijo en febrero - El Digital de Asturias","twitter:description":"Bruselas, 1 dic (EFE).- El pr\u00edncipe Jaime Bernardo de Borb\u00f3n Parma y su mujer, la h\u00fangara Vikt\u00f3ria Cserveny\u00e1k, esperan su primer hijo para el pr\u00f3ximo mes de febrero, seg\u00fan inform\u00f3 hoy la televisi\u00f3n p\u00fablica holandesa NOS. Jaime, hijo del hist\u00f3rico dirigente carlista Carlos Hugo de Borb\u00f3n Parma y de la princesa Irene de los Pa\u00edses","twitter:label1":"Escrito por","twitter:data1":"El Digital de Asturias","twitter:label2":"Tiempo de lectura estimado","twitter:data2":"1 minuto"},"aioseo_meta_data":{"post_id":"456467","title":null,"description":null,"keywords":null,"keyphrases":null,"primary_term":null,"canonical_url":null,"og_title":null,"og_description":null,"og_object_type":"default","og_image_type":"default","og_image_url":null,"og_image_width":null,"og_image_height":null,"og_image_custom_url":null,"og_image_custom_fields":null,"og_video":null,"og_custom_url":null,"og_article_section":null,"og_article_tags":null,"twitter_use_og":true,"twitter_card":"default","twitter_image_type":"default","twitter_image_url":null,"twitter_image_custom_url":null,"twitter_image_custom_fields":null,"twitter_title":null,"twitter_description":null,"schema":{"blockGraphs":[],"customGraphs":[],"default":{"data":{"Article":[],"Course":[],"Dataset":[],"FAQPage":[],"Movie":[],"Person":[],"Product":[],"ProductReview":[],"Car":[],"Recipe":[],"Service":[],"SoftwareApplication":[],"WebPage":[]},"graphName":"","isEnabled":true},"graphs":[],"defaultGraph":"","defaultPostTypeGraph":""},"schema_type":null,"schema_type_options":null,"pillar_content":false,"robots_default":true,"robots_noindex":false,"robots_noarchive":false,"robots_nosnippet":false,"robots_nofollow":false,"robots_noimageindex":false,"robots_noodp":false,"robots_notranslate":false,"robots_max_snippet":null,"robots_max_videopreview":null,"robots_max_imagepreview":"none","priority":null,"frequency":null,"local_seo":null,"seo_analyzer_scan_date":"2026-05-29 22:06:53","breadcrumb_settings":null,"limit_modified_date":false,"open_ai":null,"ai":null,"created":"2020-11-14 22:45:59","updated":"2026-05-29 22:06:53","focus_keyword":null,"additional_keywords":null,"truseo_locale":null},"aioseo_breadcrumb":"<div class=\"aioseo-breadcrumbs\"><span class=\"aioseo-breadcrumb\">\n\t<a href=\"https:\/\/www.eldigitaldeasturias.com\/noticias\" title=\"Home\">Home<\/a>\n<\/span><span class=\"aioseo-breadcrumb-separator\">\u2013<\/span><span class=\"aioseo-breadcrumb\">\n\t<a href=\"https:\/\/www.eldigitaldeasturias.com\/noticias\/category\/sociedad\/\" title=\"Sociedad\">Sociedad<\/a>\n<\/span><span class=\"aioseo-breadcrumb-separator\">\u2013<\/span><span class=\"aioseo-breadcrumb\">\n\t<a href=\"https:\/\/www.eldigitaldeasturias.com\/noticias\/jaime-de-borbon-parma-espera-su-primer-hijo-en-febrero\/\" title=\"Jaime de Borb\u00f3n Parma espera su primer hijo en febrero\">Jaime de Borb\u00f3n Parma espera su primer hijo en febrero<\/a>\n<\/span><\/div>","aioseo_breadcrumb_json":[{"label":"Home","link":"https:\/\/www.eldigitaldeasturias.com\/noticias"},{"label":"Sociedad","link":"https:\/\/www.eldigitaldeasturias.com\/noticias\/category\/sociedad\/"},{"label":"Jaime de Borb\u00f3n Parma espera su primer hijo en febrero","link":"https:\/\/www.eldigitaldeasturias.com\/noticias\/jaime-de-borbon-parma-espera-su-primer-hijo-en-febrero\/"}],"_links":{"self":[{"href":"https:\/\/www.eldigitaldeasturias.com\/noticias\/wp-json\/wp\/v2\/posts\/456467","targetHints":{"allow":["GET"]}}],"collection":[{"href":"https:\/\/www.eldigitaldeasturias.com\/noticias\/wp-json\/wp\/v2\/posts"}],"about":[{"href":"https:\/\/www.eldigitaldeasturias.com\/noticias\/wp-json\/wp\/v2\/types\/post"}],"author":[{"embeddable":true,"href":"https:\/\/www.eldigitaldeasturias.com\/noticias\/wp-json\/wp\/v2\/users\/1"}],"replies":[{"embeddable":true,"href":"https:\/\/www.eldigitaldeasturias.com\/noticias\/wp-json\/wp\/v2\/comments?post=456467"}],"version-history":[{"count":0,"href":"https:\/\/www.eldigitaldeasturias.com\/noticias\/wp-json\/wp\/v2\/posts\/456467\/revisions"}],"wp:attachment":[{"href":"https:\/\/www.eldigitaldeasturias.com\/noticias\/wp-json\/wp\/v2\/media?parent=456467"}],"wp:term":[{"taxonomy":"category","embeddable":true,"href":"https:\/\/www.eldigitaldeasturias.com\/noticias\/wp-json\/wp\/v2\/categories?post=456467"},{"taxonomy":"post_tag","embeddable":true,"href":"https:\/\/www.eldigitaldeasturias.com\/noticias\/wp-json\/wp\/v2\/tags?post=456467"}],"curies":[{"name":"wp","href":"https:\/\/api.w.org\/{rel}","templated":true}]}}