{"id":456381,"date":"2013-11-30T21:04:50","date_gmt":"2013-11-30T22:04:50","guid":{"rendered":"http:\/\/www.eldigitaldeasturias.com\/noticias\/?p=456381"},"modified":"2013-11-30T21:04:50","modified_gmt":"2013-11-30T22:04:50","slug":"ocho-muertos-y-14-heridos-graves-al-caer-un-helicoptero-sobre-un-pub-escoces","status":"publish","type":"post","link":"https:\/\/www.eldigitaldeasturias.com\/noticias\/ocho-muertos-y-14-heridos-graves-al-caer-un-helicoptero-sobre-un-pub-escoces\/","title":{"rendered":"Ocho muertos y 14 heridos graves al caer un helic\u00f3ptero sobre un pub escoc\u00e9s"},"content":{"rendered":"<p><img loading=\"lazy\" decoding=\"async\" class=\"alignleft size-medium wp-image-456382\" alt=\"5763183w\" src=\"https:\/\/www.eldigitaldeasturias.com\/noticias\/wp-content\/uploads\/2013\/11\/5763183w-360x290.jpg\" width=\"360\" height=\"290\" \/>Londres, 30 nov (EFE).- Ocho personas han muerto y catorce est\u00e1n heridas de gravedad tras caer un helic\u00f3ptero de la Polic\u00eda sobre un c\u00e9ntrico pub de Glasgow, en lo que el ministro principal escoc\u00e9s, Alex Salmond, calific\u00f3 hoy de \u00abd\u00eda negro para Escocia\u00bb.<\/p>\n<p>El inspector jefe de la Polic\u00eda escocesa, Stephen House, indic\u00f3 que a\u00fan se prolongar\u00e1n unos d\u00edas las labores de rescate en el pub The Clutha, en la ribera del r\u00edo Clyde, donde a las 22.25 GMT del viernes se estrell\u00f3 el aparato policial con tres tripulantes a bordo.<\/p>\n<p>Tres de los muertos son los dos agentes y el piloto civil que viajaban en el aparato, un Eurocopter EC135 T2, mientras que los otros cinco eran personas que se encontraban en el local, donde se calcula que hab\u00eda unos 120 clientes escuchando m\u00fasica en directo en v\u00edsperas del fin de semana.<\/p>\n<p>La directora del Servicio nacional de Salud de la zona, Jennifer Armstrong, confirm\u00f3 que, de los 32 ciudadanos hospitalizados en las \u00faltimas horas, 18 han sido dados de alta y 14 \u00abson tratados por heridas graves\u00bb.<\/p>\n<p>Las lesiones m\u00e1s frecuentes son contusiones en varias partes del cuerpo, cortes o miembros rotos, precis\u00f3.<\/p>\n<p>House anunci\u00f3 hoy la puesta en marcha de una investigaci\u00f3n por parte de la fiscal\u00eda y la rama de accidentes a\u00e9reos de la Polic\u00eda para determinar lo sucedido, mientras los testigos aseguran que el aparato se desplom\u00f3 \u00abcomo una piedra\u00bb sobre el tejado del edificio, de una planta.<\/p>\n<p>Un delegaci\u00f3n de Eurocopter est\u00e1 de camino a Escocia para ayudar en la investigaci\u00f3n de los hechos, mientras que la empresa arrendadora, Bond Air Services, se ha ofrecido tambi\u00e9n a colaborar.<\/p>\n<p>El peri\u00f3dico \u00abThe Guardian\u00bb publica hoy que los Eurocopter EC135 fueron retirados temporalmente de servicio el a\u00f1o pasado en el Reino Unido por dudas sobre su seguridad, tras detectarse un defecto en el rotor.<\/p>\n<p>El ministro principal de Escocia, el independentista Alex Salmond, dijo que el accidente marca \u00abun d\u00eda negro para Escocia\u00bb, que hoy deb\u00eda celebrar con festejos populares el d\u00eda de su patr\u00f3n San Andr\u00e9s.<\/p>\n<p>A ra\u00edz del accidente, el Ayuntamiento ha suspendido los actos previstos y la catedral de Saint Andrew ofreci\u00f3 un servicio religioso en favor de las v\u00edctimas, al que asistieron unas 250 personas.<\/p>\n<p>Los jugadores de los Rangers y el Falkirk guardaron un minuto de silencio antes de iniciar su partido de la Copa de Escocia de F\u00fatbol y las banderas ondear\u00e1n a media asta durante el fin de semana en todo el territorio escoc\u00e9s.<\/p>\n<p>Las muestras de solidaridad y condolencias se han repetido a lo largo de la jornada, encabezadas por las de la reina Isabel II de Inglaterra, que en un mensaje personal asegur\u00f3 que sus \u00abpensamientos y plegarias est\u00e1n con los que han sido afligidos o han resultado heridos\u00bb.<\/p>\n<p>El primer ministro brit\u00e1nico, David Cameron, expres\u00f3 su m\u00e1s profundo pesar a las familias de las v\u00edctimas y agradeci\u00f3 la labor de los servicios de emergencia y la ayuda de los ciudadanos, mientras que el l\u00edder de la oposici\u00f3n laborista, Ed Miliband, calific\u00f3 el suceso de \u00abhorror inimaginable\u00bb.<\/p>\n<p>El helic\u00f3ptero accidentado sigue incrustado en el techo de The Clutha, mientras los bomberos intentan asegurar la estructura del edificio para completar el rescate, entre temores de que todav\u00eda haya personas atrapadas.<\/p>\n<p>Esta labor, descrita por el inspector House como \u00abcomplicada y peligrosa\u00bb, se prolongar\u00e1 varios d\u00edas, en los que podr\u00eda ascender el n\u00famero de v\u00edctimas.<\/p>\n<p>Muchos transe\u00fantes y clientes del pub colaboraron anoche en las primeras tareas de rescate al hacer una cadena humana para sacar a los heridos, si bien no pudieron acceder a la parte del local en la que cay\u00f3 el helic\u00f3ptero y que ha quedado m\u00e1s destruida.<\/p>\n<p>William Byrne, de 45 a\u00f1os y que estaba en The Clutha cuando se estrell\u00f3 el aparato, explic\u00f3 que \u00abse oy\u00f3 un fuerte ruido y entonces se produjo mucho polvo y se apagaron las luces\u00bb.<\/p>\n<p>\u00abNo sab\u00edamos qu\u00e9 hab\u00eda pasado. En nuestra parte del pub dos personas hab\u00edan quedado atrapadas y yo y otros les ayudamos a salir\u00bb, relat\u00f3.<\/p>\n<p>El registro y evacuaci\u00f3n del edificio, que sigue acordonado, continuar\u00e1 durante las pr\u00f3ximas horas, al tiempo que se espera que las autoridades vayan ofreciendo respuestas sobre c\u00f3mo ocurri\u00f3 el accidente.<\/p>\n","protected":false},"excerpt":{"rendered":"<p>Londres, 30 nov (EFE).- Ocho personas han muerto y catorce est\u00e1n heridas de gravedad tras caer un helic\u00f3ptero de la Polic\u00eda sobre un c\u00e9ntrico pub de Glasgow, en lo que el ministro principal escoc\u00e9s, Alex Salmond, calific\u00f3 hoy de \u00abd\u00eda negro para Escocia\u00bb. El inspector jefe de la Polic\u00eda escocesa, Stephen House, indic\u00f3 que a\u00fan [&hellip;]<\/p>\n","protected":false},"author":1,"featured_media":456382,"comment_status":"closed","ping_status":"open","sticky":false,"template":"","format":"standard","meta":{"footnotes":""},"categories":[5],"tags":[],"class_list":["post-456381","post","type-post","status-publish","format-standard","has-post-thumbnail","hentry","category-sucesos"],"aioseo_notices":[],"aioseo_head":"\n\t\t<!-- All in One SEO Pro 5.0.1 - aioseo.com -->\n\t<meta name=\"description\" content=\"Londres, 30 nov (EFE).- Ocho personas han muerto y catorce est\u00e1n heridas de gravedad tras caer un helic\u00f3ptero de la Polic\u00eda sobre un c\u00e9ntrico pub de Glasgow, en lo que el ministro principal escoc\u00e9s, Alex Salmond, calific\u00f3 hoy de &quot;d\u00eda negro para Escocia&quot;. El inspector jefe de la Polic\u00eda escocesa, Stephen House, indic\u00f3 que a\u00fan\" \/>\n\t<meta name=\"robots\" content=\"max-image-preview:large\" \/>\n\t<meta name=\"author\" content=\"El Digital de Asturias\"\/>\n\t<meta name=\"google-site-verification\" content=\"UA-38556648-1\" \/>\n\t<meta name=\"msvalidate.01\" content=\"7dfe9f3f1b24437ab69f4f2559babe99\" \/>\n\t<meta name=\"keywords\" content=\"sucesos\" \/>\n\t<link rel=\"canonical\" href=\"https:\/\/www.eldigitaldeasturias.com\/noticias\/ocho-muertos-y-14-heridos-graves-al-caer-un-helicoptero-sobre-un-pub-escoces\/\" \/>\n\t<meta name=\"generator\" content=\"All in One SEO Pro (AIOSEO) 5.0.1\" \/>\n\t\t<meta property=\"og:locale\" content=\"es_ES\" \/>\n\t\t<meta property=\"og:site_name\" content=\"El Digital de Asturias\" \/>\n\t\t<meta property=\"og:type\" content=\"article\" \/>\n\t\t<meta property=\"og:title\" content=\"Ocho muertos y 14 heridos graves al caer un helic\u00f3ptero sobre un pub escoc\u00e9s - El Digital de Asturias\" \/>\n\t\t<meta property=\"og:description\" content=\"Londres, 30 nov (EFE).- Ocho personas han muerto y catorce est\u00e1n heridas de gravedad tras caer un helic\u00f3ptero de la Polic\u00eda sobre un c\u00e9ntrico pub de Glasgow, en lo que el ministro principal escoc\u00e9s, Alex Salmond, calific\u00f3 hoy de &quot;d\u00eda negro para Escocia&quot;. El inspector jefe de la Polic\u00eda escocesa, Stephen House, indic\u00f3 que a\u00fan\" \/>\n\t\t<meta property=\"og:url\" content=\"https:\/\/www.eldigitaldeasturias.com\/noticias\/ocho-muertos-y-14-heridos-graves-al-caer-un-helicoptero-sobre-un-pub-escoces\/\" \/>\n\t\t<meta property=\"article:tag\" content=\"sucesos\" \/>\n\t\t<meta property=\"article:published_time\" content=\"2013-11-30T22:04:50+00:00\" \/>\n\t\t<meta property=\"article:modified_time\" content=\"2013-11-30T22:04:50+00:00\" \/>\n\t\t<meta property=\"article:publisher\" content=\"https:\/\/facebook.com\/eldigitaldeasturias\" \/>\n\t\t<meta name=\"twitter:card\" content=\"summary_large_image\" \/>\n\t\t<meta name=\"twitter:title\" content=\"Ocho muertos y 14 heridos graves al caer un helic\u00f3ptero sobre un pub escoc\u00e9s - El Digital de Asturias\" \/>\n\t\t<meta name=\"twitter:description\" content=\"Londres, 30 nov (EFE).- Ocho personas han muerto y catorce est\u00e1n heridas de gravedad tras caer un helic\u00f3ptero de la Polic\u00eda sobre un c\u00e9ntrico pub de Glasgow, en lo que el ministro principal escoc\u00e9s, Alex Salmond, calific\u00f3 hoy de &quot;d\u00eda negro para Escocia&quot;. El inspector jefe de la Polic\u00eda escocesa, Stephen House, indic\u00f3 que a\u00fan\" \/>\n\t\t<meta name=\"twitter:label1\" content=\"Escrito por\" \/>\n\t\t<meta name=\"twitter:data1\" content=\"El Digital de Asturias\" \/>\n\t\t<meta name=\"twitter:label2\" content=\"Tiempo de lectura estimado\" \/>\n\t\t<meta name=\"twitter:data2\" content=\"4 minutos\" \/>\n\t\t<script type=\"application\/ld+json\" class=\"aioseo-schema\">\n\t\t\t{\"@context\":\"https:\\\/\\\/schema.org\",\"@graph\":[{\"@type\":\"BlogPosting\",\"@id\":\"https:\\\/\\\/www.eldigitaldeasturias.com\\\/noticias\\\/ocho-muertos-y-14-heridos-graves-al-caer-un-helicoptero-sobre-un-pub-escoces\\\/#blogposting\",\"name\":\"Ocho muertos y 14 heridos graves al caer un helic\\u00f3ptero sobre un pub escoc\\u00e9s - El Digital de Asturias\",\"headline\":\"Ocho muertos y 14 heridos graves al caer un helic\\u00f3ptero sobre un pub escoc\\u00e9s\",\"author\":{\"@id\":\"https:\\\/\\\/www.eldigitaldeasturias.com\\\/noticias\\\/author\\\/admin\\\/#author\"},\"publisher\":{\"@id\":\"https:\\\/\\\/www.eldigitaldeasturias.com\\\/noticias\\\/#organization\"},\"image\":{\"@type\":\"ImageObject\",\"url\":456382},\"datePublished\":\"2013-11-30T21:04:50+01:00\",\"dateModified\":\"2013-11-30T21:04:50+01:00\",\"inLanguage\":\"es-ES\",\"mainEntityOfPage\":{\"@id\":\"https:\\\/\\\/www.eldigitaldeasturias.com\\\/noticias\\\/ocho-muertos-y-14-heridos-graves-al-caer-un-helicoptero-sobre-un-pub-escoces\\\/#webpage\"},\"isPartOf\":{\"@id\":\"https:\\\/\\\/www.eldigitaldeasturias.com\\\/noticias\\\/ocho-muertos-y-14-heridos-graves-al-caer-un-helicoptero-sobre-un-pub-escoces\\\/#webpage\"},\"articleSection\":\"Sucesos\"},{\"@type\":\"BreadcrumbList\",\"@id\":\"https:\\\/\\\/www.eldigitaldeasturias.com\\\/noticias\\\/ocho-muertos-y-14-heridos-graves-al-caer-un-helicoptero-sobre-un-pub-escoces\\\/#breadcrumblist\",\"itemListElement\":[{\"@type\":\"ListItem\",\"@id\":\"https:\\\/\\\/www.eldigitaldeasturias.com\\\/noticias#listItem\",\"position\":1,\"name\":\"Home\",\"item\":\"https:\\\/\\\/www.eldigitaldeasturias.com\\\/noticias\",\"nextItem\":{\"@type\":\"ListItem\",\"@id\":\"https:\\\/\\\/www.eldigitaldeasturias.com\\\/noticias\\\/category\\\/sucesos\\\/#listItem\",\"name\":\"Sucesos\"}},{\"@type\":\"ListItem\",\"@id\":\"https:\\\/\\\/www.eldigitaldeasturias.com\\\/noticias\\\/category\\\/sucesos\\\/#listItem\",\"position\":2,\"name\":\"Sucesos\",\"item\":\"https:\\\/\\\/www.eldigitaldeasturias.com\\\/noticias\\\/category\\\/sucesos\\\/\",\"nextItem\":{\"@type\":\"ListItem\",\"@id\":\"https:\\\/\\\/www.eldigitaldeasturias.com\\\/noticias\\\/ocho-muertos-y-14-heridos-graves-al-caer-un-helicoptero-sobre-un-pub-escoces\\\/#listItem\",\"name\":\"Ocho muertos y 14 heridos graves al caer un helic\\u00f3ptero sobre un pub escoc\\u00e9s\"},\"previousItem\":{\"@type\":\"ListItem\",\"@id\":\"https:\\\/\\\/www.eldigitaldeasturias.com\\\/noticias#listItem\",\"name\":\"Home\"}},{\"@type\":\"ListItem\",\"@id\":\"https:\\\/\\\/www.eldigitaldeasturias.com\\\/noticias\\\/ocho-muertos-y-14-heridos-graves-al-caer-un-helicoptero-sobre-un-pub-escoces\\\/#listItem\",\"position\":3,\"name\":\"Ocho muertos y 14 heridos graves al caer un helic\\u00f3ptero sobre un pub escoc\\u00e9s\",\"previousItem\":{\"@type\":\"ListItem\",\"@id\":\"https:\\\/\\\/www.eldigitaldeasturias.com\\\/noticias\\\/category\\\/sucesos\\\/#listItem\",\"name\":\"Sucesos\"}}]},{\"@type\":\"Organization\",\"@id\":\"https:\\\/\\\/www.eldigitaldeasturias.com\\\/noticias\\\/#organization\",\"name\":\"El Digital de Asturias\",\"description\":\"Hemeroteca\",\"url\":\"https:\\\/\\\/www.eldigitaldeasturias.com\\\/noticias\\\/\",\"email\":\"info@eldigitaldeasturias.com\",\"telephone\":\"+34652131393\",\"logo\":{\"@type\":\"ImageObject\",\"url\":\"https:\\\/\\\/www.eldigitaldeasturias.com\\\/noticias\\\/wp-content\\\/uploads\\\/2020\\\/12\\\/EDA.jpg\",\"@id\":\"https:\\\/\\\/www.eldigitaldeasturias.com\\\/noticias\\\/ocho-muertos-y-14-heridos-graves-al-caer-un-helicoptero-sobre-un-pub-escoces\\\/#organizationLogo\"},\"image\":{\"@id\":\"https:\\\/\\\/www.eldigitaldeasturias.com\\\/noticias\\\/ocho-muertos-y-14-heridos-graves-al-caer-un-helicoptero-sobre-un-pub-escoces\\\/#organizationLogo\"},\"sameAs\":[\"https:\\\/\\\/facebook.com\\\/eldigitaldeasturias\",\"https:\\\/\\\/www.youtube.com\\\/channel\\\/UCZP-2wLEB9Rv6erhFmqVnvg\"],\"address\":{\"@id\":\"https:\\\/\\\/www.eldigitaldeasturias.com\\\/noticias\\\/#postaladdress\",\"@type\":\"PostalAddress\",\"streetAddress\":\"san antonio 4\",\"postalCode\":\"33430\",\"addressLocality\":\"Cand\\u00e1s\",\"addressRegion\":\"Asturias\",\"addressCountry\":\"ES\"}},{\"@type\":\"Person\",\"@id\":\"https:\\\/\\\/www.eldigitaldeasturias.com\\\/noticias\\\/author\\\/admin\\\/#author\",\"url\":\"https:\\\/\\\/www.eldigitaldeasturias.com\\\/noticias\\\/author\\\/admin\\\/\",\"name\":\"El Digital de Asturias\",\"image\":{\"@type\":\"ImageObject\",\"@id\":\"https:\\\/\\\/www.eldigitaldeasturias.com\\\/noticias\\\/ocho-muertos-y-14-heridos-graves-al-caer-un-helicoptero-sobre-un-pub-escoces\\\/#authorImage\",\"url\":\"https:\\\/\\\/secure.gravatar.com\\\/avatar\\\/df2aeffc32bcd13f8d26072ef8a91b623d677766deac7f97ca815868cd41bf5e?s=96&d=mm&r=g\",\"width\":96,\"height\":96,\"caption\":\"El Digital de Asturias\"}},{\"@type\":\"WebPage\",\"@id\":\"https:\\\/\\\/www.eldigitaldeasturias.com\\\/noticias\\\/ocho-muertos-y-14-heridos-graves-al-caer-un-helicoptero-sobre-un-pub-escoces\\\/#webpage\",\"url\":\"https:\\\/\\\/www.eldigitaldeasturias.com\\\/noticias\\\/ocho-muertos-y-14-heridos-graves-al-caer-un-helicoptero-sobre-un-pub-escoces\\\/\",\"name\":\"Ocho muertos y 14 heridos graves al caer un helic\\u00f3ptero sobre un pub escoc\\u00e9s - El Digital de Asturias\",\"description\":\"Londres, 30 nov (EFE).- Ocho personas han muerto y catorce est\\u00e1n heridas de gravedad tras caer un helic\\u00f3ptero de la Polic\\u00eda sobre un c\\u00e9ntrico pub de Glasgow, en lo que el ministro principal escoc\\u00e9s, Alex Salmond, calific\\u00f3 hoy de \\\"d\\u00eda negro para Escocia\\\". El inspector jefe de la Polic\\u00eda escocesa, Stephen House, indic\\u00f3 que a\\u00fan\",\"inLanguage\":\"es-ES\",\"isPartOf\":{\"@id\":\"https:\\\/\\\/www.eldigitaldeasturias.com\\\/noticias\\\/#website\"},\"breadcrumb\":{\"@id\":\"https:\\\/\\\/www.eldigitaldeasturias.com\\\/noticias\\\/ocho-muertos-y-14-heridos-graves-al-caer-un-helicoptero-sobre-un-pub-escoces\\\/#breadcrumblist\"},\"author\":{\"@id\":\"https:\\\/\\\/www.eldigitaldeasturias.com\\\/noticias\\\/author\\\/admin\\\/#author\"},\"creator\":{\"@id\":\"https:\\\/\\\/www.eldigitaldeasturias.com\\\/noticias\\\/author\\\/admin\\\/#author\"},\"image\":{\"@type\":\"ImageObject\",\"url\":456382,\"@id\":\"https:\\\/\\\/www.eldigitaldeasturias.com\\\/noticias\\\/ocho-muertos-y-14-heridos-graves-al-caer-un-helicoptero-sobre-un-pub-escoces\\\/#mainImage\"},\"primaryImageOfPage\":{\"@id\":\"https:\\\/\\\/www.eldigitaldeasturias.com\\\/noticias\\\/ocho-muertos-y-14-heridos-graves-al-caer-un-helicoptero-sobre-un-pub-escoces\\\/#mainImage\"},\"datePublished\":\"2013-11-30T21:04:50+01:00\",\"dateModified\":\"2013-11-30T21:04:50+01:00\"},{\"@type\":\"WebSite\",\"@id\":\"https:\\\/\\\/www.eldigitaldeasturias.com\\\/noticias\\\/#website\",\"url\":\"https:\\\/\\\/www.eldigitaldeasturias.com\\\/noticias\\\/\",\"name\":\"El Digital de Asturias - Diario de actualidad y noticias\",\"alternateName\":\"El Digital de Asturias - Diario de actualidad y noticias\",\"description\":\"Hemeroteca\",\"inLanguage\":\"es-ES\",\"publisher\":{\"@id\":\"https:\\\/\\\/www.eldigitaldeasturias.com\\\/noticias\\\/#organization\"}}]}\n\t\t<\/script>\n\t\t<!-- All in One SEO Pro -->\r\n\t\t<title>Ocho muertos y 14 heridos graves al caer un helic\u00f3ptero sobre un pub escoc\u00e9s - El Digital de Asturias<\/title>\n\n","aioseo_head_json":{"title":"Ocho muertos y 14 heridos graves al caer un helic\u00f3ptero sobre un pub escoc\u00e9s - El Digital de Asturias","description":"Londres, 30 nov (EFE).- Ocho personas han muerto y catorce est\u00e1n heridas de gravedad tras caer un helic\u00f3ptero de la Polic\u00eda sobre un c\u00e9ntrico pub de Glasgow, en lo que el ministro principal escoc\u00e9s, Alex Salmond, calific\u00f3 hoy de \"d\u00eda negro para Escocia\". El inspector jefe de la Polic\u00eda escocesa, Stephen House, indic\u00f3 que a\u00fan","canonical_url":"https:\/\/www.eldigitaldeasturias.com\/noticias\/ocho-muertos-y-14-heridos-graves-al-caer-un-helicoptero-sobre-un-pub-escoces\/","robots":"max-image-preview:large","keywords":"sucesos","webmasterTools":{"google-site-verification":"UA-38556648-1","msvalidate.01":"7dfe9f3f1b24437ab69f4f2559babe99","miscellaneous":""},"schema":{"@context":"https:\/\/schema.org","@graph":[{"@type":"BlogPosting","@id":"https:\/\/www.eldigitaldeasturias.com\/noticias\/ocho-muertos-y-14-heridos-graves-al-caer-un-helicoptero-sobre-un-pub-escoces\/#blogposting","name":"Ocho muertos y 14 heridos graves al caer un helic\u00f3ptero sobre un pub escoc\u00e9s - El Digital de Asturias","headline":"Ocho muertos y 14 heridos graves al caer un helic\u00f3ptero sobre un pub escoc\u00e9s","author":{"@id":"https:\/\/www.eldigitaldeasturias.com\/noticias\/author\/admin\/#author"},"publisher":{"@id":"https:\/\/www.eldigitaldeasturias.com\/noticias\/#organization"},"image":{"@type":"ImageObject","url":456382},"datePublished":"2013-11-30T21:04:50+01:00","dateModified":"2013-11-30T21:04:50+01:00","inLanguage":"es-ES","mainEntityOfPage":{"@id":"https:\/\/www.eldigitaldeasturias.com\/noticias\/ocho-muertos-y-14-heridos-graves-al-caer-un-helicoptero-sobre-un-pub-escoces\/#webpage"},"isPartOf":{"@id":"https:\/\/www.eldigitaldeasturias.com\/noticias\/ocho-muertos-y-14-heridos-graves-al-caer-un-helicoptero-sobre-un-pub-escoces\/#webpage"},"articleSection":"Sucesos"},{"@type":"BreadcrumbList","@id":"https:\/\/www.eldigitaldeasturias.com\/noticias\/ocho-muertos-y-14-heridos-graves-al-caer-un-helicoptero-sobre-un-pub-escoces\/#breadcrumblist","itemListElement":[{"@type":"ListItem","@id":"https:\/\/www.eldigitaldeasturias.com\/noticias#listItem","position":1,"name":"Home","item":"https:\/\/www.eldigitaldeasturias.com\/noticias","nextItem":{"@type":"ListItem","@id":"https:\/\/www.eldigitaldeasturias.com\/noticias\/category\/sucesos\/#listItem","name":"Sucesos"}},{"@type":"ListItem","@id":"https:\/\/www.eldigitaldeasturias.com\/noticias\/category\/sucesos\/#listItem","position":2,"name":"Sucesos","item":"https:\/\/www.eldigitaldeasturias.com\/noticias\/category\/sucesos\/","nextItem":{"@type":"ListItem","@id":"https:\/\/www.eldigitaldeasturias.com\/noticias\/ocho-muertos-y-14-heridos-graves-al-caer-un-helicoptero-sobre-un-pub-escoces\/#listItem","name":"Ocho muertos y 14 heridos graves al caer un helic\u00f3ptero sobre un pub escoc\u00e9s"},"previousItem":{"@type":"ListItem","@id":"https:\/\/www.eldigitaldeasturias.com\/noticias#listItem","name":"Home"}},{"@type":"ListItem","@id":"https:\/\/www.eldigitaldeasturias.com\/noticias\/ocho-muertos-y-14-heridos-graves-al-caer-un-helicoptero-sobre-un-pub-escoces\/#listItem","position":3,"name":"Ocho muertos y 14 heridos graves al caer un helic\u00f3ptero sobre un pub escoc\u00e9s","previousItem":{"@type":"ListItem","@id":"https:\/\/www.eldigitaldeasturias.com\/noticias\/category\/sucesos\/#listItem","name":"Sucesos"}}]},{"@type":"Organization","@id":"https:\/\/www.eldigitaldeasturias.com\/noticias\/#organization","name":"El Digital de Asturias","description":"Hemeroteca","url":"https:\/\/www.eldigitaldeasturias.com\/noticias\/","email":"info@eldigitaldeasturias.com","telephone":"+34652131393","logo":{"@type":"ImageObject","url":"https:\/\/www.eldigitaldeasturias.com\/noticias\/wp-content\/uploads\/2020\/12\/EDA.jpg","@id":"https:\/\/www.eldigitaldeasturias.com\/noticias\/ocho-muertos-y-14-heridos-graves-al-caer-un-helicoptero-sobre-un-pub-escoces\/#organizationLogo"},"image":{"@id":"https:\/\/www.eldigitaldeasturias.com\/noticias\/ocho-muertos-y-14-heridos-graves-al-caer-un-helicoptero-sobre-un-pub-escoces\/#organizationLogo"},"sameAs":["https:\/\/facebook.com\/eldigitaldeasturias","https:\/\/www.youtube.com\/channel\/UCZP-2wLEB9Rv6erhFmqVnvg"],"address":{"@id":"https:\/\/www.eldigitaldeasturias.com\/noticias\/#postaladdress","@type":"PostalAddress","streetAddress":"san antonio 4","postalCode":"33430","addressLocality":"Cand\u00e1s","addressRegion":"Asturias","addressCountry":"ES"}},{"@type":"Person","@id":"https:\/\/www.eldigitaldeasturias.com\/noticias\/author\/admin\/#author","url":"https:\/\/www.eldigitaldeasturias.com\/noticias\/author\/admin\/","name":"El Digital de Asturias","image":{"@type":"ImageObject","@id":"https:\/\/www.eldigitaldeasturias.com\/noticias\/ocho-muertos-y-14-heridos-graves-al-caer-un-helicoptero-sobre-un-pub-escoces\/#authorImage","url":"https:\/\/secure.gravatar.com\/avatar\/df2aeffc32bcd13f8d26072ef8a91b623d677766deac7f97ca815868cd41bf5e?s=96&d=mm&r=g","width":96,"height":96,"caption":"El Digital de Asturias"}},{"@type":"WebPage","@id":"https:\/\/www.eldigitaldeasturias.com\/noticias\/ocho-muertos-y-14-heridos-graves-al-caer-un-helicoptero-sobre-un-pub-escoces\/#webpage","url":"https:\/\/www.eldigitaldeasturias.com\/noticias\/ocho-muertos-y-14-heridos-graves-al-caer-un-helicoptero-sobre-un-pub-escoces\/","name":"Ocho muertos y 14 heridos graves al caer un helic\u00f3ptero sobre un pub escoc\u00e9s - El Digital de Asturias","description":"Londres, 30 nov (EFE).- Ocho personas han muerto y catorce est\u00e1n heridas de gravedad tras caer un helic\u00f3ptero de la Polic\u00eda sobre un c\u00e9ntrico pub de Glasgow, en lo que el ministro principal escoc\u00e9s, Alex Salmond, calific\u00f3 hoy de \"d\u00eda negro para Escocia\". El inspector jefe de la Polic\u00eda escocesa, Stephen House, indic\u00f3 que a\u00fan","inLanguage":"es-ES","isPartOf":{"@id":"https:\/\/www.eldigitaldeasturias.com\/noticias\/#website"},"breadcrumb":{"@id":"https:\/\/www.eldigitaldeasturias.com\/noticias\/ocho-muertos-y-14-heridos-graves-al-caer-un-helicoptero-sobre-un-pub-escoces\/#breadcrumblist"},"author":{"@id":"https:\/\/www.eldigitaldeasturias.com\/noticias\/author\/admin\/#author"},"creator":{"@id":"https:\/\/www.eldigitaldeasturias.com\/noticias\/author\/admin\/#author"},"image":{"@type":"ImageObject","url":456382,"@id":"https:\/\/www.eldigitaldeasturias.com\/noticias\/ocho-muertos-y-14-heridos-graves-al-caer-un-helicoptero-sobre-un-pub-escoces\/#mainImage"},"primaryImageOfPage":{"@id":"https:\/\/www.eldigitaldeasturias.com\/noticias\/ocho-muertos-y-14-heridos-graves-al-caer-un-helicoptero-sobre-un-pub-escoces\/#mainImage"},"datePublished":"2013-11-30T21:04:50+01:00","dateModified":"2013-11-30T21:04:50+01:00"},{"@type":"WebSite","@id":"https:\/\/www.eldigitaldeasturias.com\/noticias\/#website","url":"https:\/\/www.eldigitaldeasturias.com\/noticias\/","name":"El Digital de Asturias - Diario de actualidad y noticias","alternateName":"El Digital de Asturias - Diario de actualidad y noticias","description":"Hemeroteca","inLanguage":"es-ES","publisher":{"@id":"https:\/\/www.eldigitaldeasturias.com\/noticias\/#organization"}}]},"og:locale":"es_ES","og:site_name":"El Digital de Asturias","og:type":"article","og:title":"Ocho muertos y 14 heridos graves al caer un helic\u00f3ptero sobre un pub escoc\u00e9s - El Digital de Asturias","og:description":"Londres, 30 nov (EFE).- Ocho personas han muerto y catorce est\u00e1n heridas de gravedad tras caer un helic\u00f3ptero de la Polic\u00eda sobre un c\u00e9ntrico pub de Glasgow, en lo que el ministro principal escoc\u00e9s, Alex Salmond, calific\u00f3 hoy de &quot;d\u00eda negro para Escocia&quot;. El inspector jefe de la Polic\u00eda escocesa, Stephen House, indic\u00f3 que a\u00fan","og:url":"https:\/\/www.eldigitaldeasturias.com\/noticias\/ocho-muertos-y-14-heridos-graves-al-caer-un-helicoptero-sobre-un-pub-escoces\/","article:tag":["sucesos"],"article:published_time":"2013-11-30T22:04:50+00:00","article:modified_time":"2013-11-30T22:04:50+00:00","article:publisher":"https:\/\/facebook.com\/eldigitaldeasturias","twitter:card":"summary_large_image","twitter:title":"Ocho muertos y 14 heridos graves al caer un helic\u00f3ptero sobre un pub escoc\u00e9s - El Digital de Asturias","twitter:description":"Londres, 30 nov (EFE).- Ocho personas han muerto y catorce est\u00e1n heridas de gravedad tras caer un helic\u00f3ptero de la Polic\u00eda sobre un c\u00e9ntrico pub de Glasgow, en lo que el ministro principal escoc\u00e9s, Alex Salmond, calific\u00f3 hoy de &quot;d\u00eda negro para Escocia&quot;. El inspector jefe de la Polic\u00eda escocesa, Stephen House, indic\u00f3 que a\u00fan","twitter:label1":"Escrito por","twitter:data1":"El Digital de Asturias","twitter:label2":"Tiempo de lectura estimado","twitter:data2":"4 minutos"},"aioseo_meta_data":{"post_id":"456381","title":null,"description":null,"keywords":null,"keyphrases":null,"primary_term":null,"canonical_url":null,"og_title":null,"og_description":null,"og_object_type":"default","og_image_type":"default","og_image_url":null,"og_image_width":null,"og_image_height":null,"og_image_custom_url":null,"og_image_custom_fields":null,"og_video":null,"og_custom_url":null,"og_article_section":null,"og_article_tags":null,"twitter_use_og":true,"twitter_card":"default","twitter_image_type":"default","twitter_image_url":null,"twitter_image_custom_url":null,"twitter_image_custom_fields":null,"twitter_title":null,"twitter_description":null,"schema":{"blockGraphs":[],"customGraphs":[],"default":{"data":{"Article":[],"Course":[],"Dataset":[],"FAQPage":[],"Movie":[],"Person":[],"Product":[],"ProductReview":[],"Car":[],"Recipe":[],"Service":[],"SoftwareApplication":[],"WebPage":[]},"graphName":"","isEnabled":true},"graphs":[],"defaultGraph":"","defaultPostTypeGraph":""},"schema_type":null,"schema_type_options":null,"pillar_content":false,"robots_default":true,"robots_noindex":false,"robots_noarchive":false,"robots_nosnippet":false,"robots_nofollow":false,"robots_noimageindex":false,"robots_noodp":false,"robots_notranslate":false,"robots_max_snippet":null,"robots_max_videopreview":null,"robots_max_imagepreview":"none","priority":null,"frequency":null,"local_seo":null,"seo_analyzer_scan_date":"2026-05-29 21:45:03","breadcrumb_settings":null,"limit_modified_date":false,"open_ai":null,"ai":null,"created":"2020-11-14 22:45:58","updated":"2026-05-29 21:45:03","focus_keyword":null,"additional_keywords":null,"truseo_locale":null},"aioseo_breadcrumb":"<div class=\"aioseo-breadcrumbs\"><span class=\"aioseo-breadcrumb\">\n\t<a href=\"https:\/\/www.eldigitaldeasturias.com\/noticias\" title=\"Home\">Home<\/a>\n<\/span><span class=\"aioseo-breadcrumb-separator\">\u2013<\/span><span class=\"aioseo-breadcrumb\">\n\t<a href=\"https:\/\/www.eldigitaldeasturias.com\/noticias\/category\/sucesos\/\" title=\"Sucesos\">Sucesos<\/a>\n<\/span><span class=\"aioseo-breadcrumb-separator\">\u2013<\/span><span class=\"aioseo-breadcrumb\">\n\t<a href=\"https:\/\/www.eldigitaldeasturias.com\/noticias\/ocho-muertos-y-14-heridos-graves-al-caer-un-helicoptero-sobre-un-pub-escoces\/\" title=\"Ocho muertos y 14 heridos graves al caer un helic\u00f3ptero sobre un pub escoc\u00e9s\">Ocho muertos y 14 heridos graves al caer un helic\u00f3ptero sobre un pub escoc\u00e9s<\/a>\n<\/span><\/div>","aioseo_breadcrumb_json":[{"label":"Home","link":"https:\/\/www.eldigitaldeasturias.com\/noticias"},{"label":"Sucesos","link":"https:\/\/www.eldigitaldeasturias.com\/noticias\/category\/sucesos\/"},{"label":"Ocho muertos y 14 heridos graves al caer un helic\u00f3ptero sobre un pub escoc\u00e9s","link":"https:\/\/www.eldigitaldeasturias.com\/noticias\/ocho-muertos-y-14-heridos-graves-al-caer-un-helicoptero-sobre-un-pub-escoces\/"}],"_links":{"self":[{"href":"https:\/\/www.eldigitaldeasturias.com\/noticias\/wp-json\/wp\/v2\/posts\/456381","targetHints":{"allow":["GET"]}}],"collection":[{"href":"https:\/\/www.eldigitaldeasturias.com\/noticias\/wp-json\/wp\/v2\/posts"}],"about":[{"href":"https:\/\/www.eldigitaldeasturias.com\/noticias\/wp-json\/wp\/v2\/types\/post"}],"author":[{"embeddable":true,"href":"https:\/\/www.eldigitaldeasturias.com\/noticias\/wp-json\/wp\/v2\/users\/1"}],"replies":[{"embeddable":true,"href":"https:\/\/www.eldigitaldeasturias.com\/noticias\/wp-json\/wp\/v2\/comments?post=456381"}],"version-history":[{"count":0,"href":"https:\/\/www.eldigitaldeasturias.com\/noticias\/wp-json\/wp\/v2\/posts\/456381\/revisions"}],"wp:attachment":[{"href":"https:\/\/www.eldigitaldeasturias.com\/noticias\/wp-json\/wp\/v2\/media?parent=456381"}],"wp:term":[{"taxonomy":"category","embeddable":true,"href":"https:\/\/www.eldigitaldeasturias.com\/noticias\/wp-json\/wp\/v2\/categories?post=456381"},{"taxonomy":"post_tag","embeddable":true,"href":"https:\/\/www.eldigitaldeasturias.com\/noticias\/wp-json\/wp\/v2\/tags?post=456381"}],"curies":[{"name":"wp","href":"https:\/\/api.w.org\/{rel}","templated":true}]}}